{"id":18827,"date":"2024-01-22T18:10:27","date_gmt":"2024-01-22T17:10:27","guid":{"rendered":"https:\/\/www.raum-blick.de\/magazin\/?p=18827"},"modified":"2024-04-15T20:36:02","modified_gmt":"2024-04-15T18:36:02","slug":"leuchten-einmaleins","status":"publish","type":"post","link":"https:\/\/raum-blick.de\/magazin\/leuchten-einmaleins\/","title":{"rendered":"Leuchten \u2013 zum Sehen, Hinsehen und Ansehen"},"content":{"rendered":"\n<h2 class=\"wp-block-heading\"><span class=\"ez-toc-section\" id=\"%C2%AB_Die_raum-blick_Highlights_schaffen_heimelige_Ueberwinterungs-Athmosphaere_%C2%BB\"><\/span>\u00ab Die raum-blick Highlights schaffen heimelige \u00dcberwinterungs-Athmosph\u00e4re \u00bb<span class=\"ez-toc-section-end\"><\/span><\/h2>\n\n\n\n<p><strong>Die Tage werden dunkler, das Tageslicht weniger. H\u00f6chste Zeit also, ihr Zuhause aufzuhellen. Mit den richtigen, geschickt platzierten Leuchten geht das ganz einfach. Denn Licht ist etwas ganz Essenzielles f\u00fcr einen Raum. Deshalb reicht auch nicht nur eine Lichtquelle, es m\u00fcssen schon mehrere verschiedene sein, die im Zusammenspiel W\u00e4rme schaffen und Farben und Materialien ins rechte Licht setzen. Entdecken Sie jetzt das 3&#215;1 der Beleuchtung und unsere liebsten <a href=\"https:\/\/www.raum-blick.de\/leuchten\/\">Leuchten<\/a>. <\/strong><\/p>\n\n\n\n<h2 class=\"wp-block-heading\"><span class=\"ez-toc-section\" id=\"Licht_ist_nicht_gleich_Licht_%E2%80%93_leuchtet_ein\"><\/span>Licht ist nicht gleich Licht \u2013 leuchtet ein!<span class=\"ez-toc-section-end\"><\/span><\/h2>\n\n\n\n<p>Manchmal wissen wir sofort: Die Leuchte ist es und manchmal h\u00e4ngen die Kabel mit der nackten Gl\u00fchbirne ewig aus der Wand. Licht ist tats\u00e4chlich etwas Diffiziles, Individuelles und es braucht die richtige Dosis, damit wir uns wohlf\u00fchlen. Dabei ist es im Grunde genommen ganz einfach, denn es gibt nur drei Licht-Arten. Wenn Sie die kennen und wissen, worauf es ankommt, klappt das mit der Beleuchtung ganz von selbst. Also freuen Sie sich auf erhellende Momente. <\/p><div id=\"ez-toc-container\" class=\"ez-toc-v2_0_82_2 counter-hierarchy ez-toc-counter ez-toc-grey ez-toc-container-direction\">\n<div class=\"ez-toc-title-container\">\n<p class=\"ez-toc-title\" style=\"cursor:inherit\">Was hier auf Sie wartet<\/p>\n<span class=\"ez-toc-title-toggle\"><a href=\"#\" class=\"ez-toc-pull-right ez-toc-btn ez-toc-btn-xs ez-toc-btn-default ez-toc-toggle\" aria-label=\"Toggle Table of Content\"><span class=\"ez-toc-js-icon-con\"><span class=\"\"><span class=\"eztoc-hide\" style=\"display:none;\">Toggle<\/span><span class=\"ez-toc-icon-toggle-span\"><svg style=\"fill: #999;color:#999\" xmlns=\"http:\/\/www.w3.org\/2000\/svg\" class=\"list-377408\" width=\"20px\" height=\"20px\" viewBox=\"0 0 24 24\" fill=\"none\"><path d=\"M6 6H4v2h2V6zm14 0H8v2h12V6zM4 11h2v2H4v-2zm16 0H8v2h12v-2zM4 16h2v2H4v-2zm16 0H8v2h12v-2z\" fill=\"currentColor\"><\/path><\/svg><svg style=\"fill: #999;color:#999\" class=\"arrow-unsorted-368013\" xmlns=\"http:\/\/www.w3.org\/2000\/svg\" width=\"10px\" height=\"10px\" viewBox=\"0 0 24 24\" version=\"1.2\" baseProfile=\"tiny\"><path d=\"M18.2 9.3l-6.2-6.3-6.2 6.3c-.2.2-.3.4-.3.7s.1.5.3.7c.2.2.4.3.7.3h11c.3 0 .5-.1.7-.3.2-.2.3-.5.3-.7s-.1-.5-.3-.7zM5.8 14.7l6.2 6.3 6.2-6.3c.2-.2.3-.5.3-.7s-.1-.5-.3-.7c-.2-.2-.4-.3-.7-.3h-11c-.3 0-.5.1-.7.3-.2.2-.3.5-.3.7s.1.5.3.7z\"\/><\/svg><\/span><\/span><\/span><\/a><\/span><\/div>\n<nav><ul class='ez-toc-list ez-toc-list-level-1 ' ><li class='ez-toc-page-1 ez-toc-heading-level-2'><a class=\"ez-toc-link ez-toc-heading-1\" href=\"https:\/\/raum-blick.de\/magazin\/leuchten-einmaleins\/#%C2%AB_Die_raum-blick_Highlights_schaffen_heimelige_Ueberwinterungs-Athmosphaere_%C2%BB\" >\u00ab Die raum-blick Highlights schaffen heimelige \u00dcberwinterungs-Athmosph\u00e4re \u00bb<\/a><\/li><li class='ez-toc-page-1 ez-toc-heading-level-2'><a class=\"ez-toc-link ez-toc-heading-2\" href=\"https:\/\/raum-blick.de\/magazin\/leuchten-einmaleins\/#Licht_ist_nicht_gleich_Licht_%E2%80%93_leuchtet_ein\" >Licht ist nicht gleich Licht \u2013 leuchtet ein!<\/a><ul class='ez-toc-list-level-3' ><li class='ez-toc-heading-level-3'><a class=\"ez-toc-link ez-toc-heading-3\" href=\"https:\/\/raum-blick.de\/magazin\/leuchten-einmaleins\/#Leuchten_zum_Sehen\" >Leuchten zum Sehen<\/a><\/li><li class='ez-toc-page-1 ez-toc-heading-level-3'><a class=\"ez-toc-link ez-toc-heading-4\" href=\"https:\/\/raum-blick.de\/magazin\/leuchten-einmaleins\/#Leuchten_zum_Hinsehen\" >Leuchten zum Hinsehen<\/a><\/li><li class='ez-toc-page-1 ez-toc-heading-level-3'><a class=\"ez-toc-link ez-toc-heading-5\" href=\"https:\/\/raum-blick.de\/magazin\/leuchten-einmaleins\/#Leuchten_zum_Ansehen\" >Leuchten zum Ansehen<\/a><\/li><\/ul><\/li><\/ul><\/nav><\/div>\n\n\n\n\n<h3 class=\"wp-block-heading\"><span class=\"ez-toc-section\" id=\"Leuchten_zum_Sehen\"><\/span>Leuchten zum Sehen<span class=\"ez-toc-section-end\"><\/span><\/h3>\n\n\n\n<p>Sie sorgen f\u00fcr eine gleichm\u00e4\u00dfige Grundbeleuchtung. Nur leider ist die meist wenig einladend. Und eine Deckenleuchte alleine kann nat\u00fcrlich auch nicht all unsere Bed\u00fcrfnisse erf\u00fcllen. Schlie\u00dflich ver\u00e4ndern die sich im Lauf des Tages und auch innerhalb eines Raumes. &#8222;Multifunktional&#8220; kann die Grundbeleuchtung aber nat\u00fcrlich trotzdem sein: Mit einem praktischen Dimmer bietet sie helles Licht zum Lesen, ged\u00e4mpftes f\u00fcr ein Dinner zu zweit oder h\u00e4lt sich dezent im Hintergrund, damit Sie entspannen k\u00f6nnen. Apropos Entspannung: Die funktioniert bei 2700 bis 3300 Kelvin und einem gedimmten warmwei\u00dfen Licht am besten. Eine Kerze hat \u00fcbrigens gerade mal die halbe Kelvin-Zahl. <\/p>\n\n\n\n<h4 class=\"wp-block-heading\">Licht an f\u00fcr die Grundbeleuchtung<\/h4>\n\n\n\n<p>Mit diesen Leuchten schaffen Sie viel Helligkeit und lassen Ihre R\u00e4ume stylish erstrahlen. Bei der Auswahl sollten Sie unbedingt das Verh\u00e4ltnis zur Raumgr\u00f6\u00dfe und die Raumh\u00f6he ber\u00fccksichtigen, damit sie sich perfekt in ihr Umfeld einf\u00fcgen. In erster Linie muss die Leuchte aber eines: Ihnen gefallen! Egal, ob sie dicht an der Decke h\u00e4ngt oder als tiefer h\u00e4ngende Pendelleuchte im Esszimmer den Tisch in Szene setzt. <\/p>\n\n\n\n<figure class=\"wp-block-gallery has-nested-images columns-default is-cropped wp-block-gallery-2 is-layout-flex wp-block-gallery-is-layout-flex\">\n<figure class=\"wp-block-image size-large is-style-rounded\"><img loading=\"lazy\" decoding=\"async\" width=\"400\" height=\"400\" data-id=\"18835\" src=\"https:\/\/www.raum-blick.de\/magazin\/wp-content\/uploads\/2023\/11\/flos-smithfield-ceiling-deckenleuchte-kueche_82695ygLlb93EORiU2_200x200@2x.jpg\" alt=\"Smithfield C: Deckenleuchten von Flos\" class=\"wp-image-18835\" title=\"\" srcset=\"https:\/\/raum-blick.de\/magazin\/wp-content\/uploads\/2023\/11\/flos-smithfield-ceiling-deckenleuchte-kueche_82695ygLlb93EORiU2_200x200@2x.jpg 400w, https:\/\/raum-blick.de\/magazin\/wp-content\/uploads\/2023\/11\/flos-smithfield-ceiling-deckenleuchte-kueche_82695ygLlb93EORiU2_200x200@2x-300x300.jpg 300w, https:\/\/raum-blick.de\/magazin\/wp-content\/uploads\/2023\/11\/flos-smithfield-ceiling-deckenleuchte-kueche_82695ygLlb93EORiU2_200x200@2x-150x150.jpg 150w\" sizes=\"(max-width: 400px) 100vw, 400px\" \/><figcaption class=\"wp-element-caption\"><a href=\"https:\/\/www.raum-blick.de\/flos\/\">Flos Smithfield C<\/a> \u2013&nbsp;spendet angenehm diffuses Licht <\/figcaption><\/figure>\n\n\n\n<figure class=\"wp-block-image size-large is-style-default\"><img loading=\"lazy\" decoding=\"async\" width=\"400\" height=\"400\" data-id=\"18839\" src=\"https:\/\/www.raum-blick.de\/magazin\/wp-content\/uploads\/2023\/11\/absolut-lighting-Basica3-schwarz_32273_200x200@2x.jpg\" alt=\"ABSOLUT BASICA: Deckenstrahler von Absolut Lighting\" class=\"wp-image-18839\" title=\"\" srcset=\"https:\/\/raum-blick.de\/magazin\/wp-content\/uploads\/2023\/11\/absolut-lighting-Basica3-schwarz_32273_200x200@2x.jpg 400w, https:\/\/raum-blick.de\/magazin\/wp-content\/uploads\/2023\/11\/absolut-lighting-Basica3-schwarz_32273_200x200@2x-300x300.jpg 300w, https:\/\/raum-blick.de\/magazin\/wp-content\/uploads\/2023\/11\/absolut-lighting-Basica3-schwarz_32273_200x200@2x-150x150.jpg 150w\" sizes=\"(max-width: 400px) 100vw, 400px\" \/><figcaption class=\"wp-element-caption\"><mark style=\"background-color:#ff6900\" class=\"has-inline-color has-white-color\">Absolut Lighting ABSOLUT BASICA \u2013 LED-Leuchte mit schwenkbaren Spots<\/mark><\/figcaption><\/figure>\n\n\n\n<figure class=\"wp-block-image size-large is-style-rounded\"><img loading=\"lazy\" decoding=\"async\" width=\"400\" height=\"400\" data-id=\"18838\" src=\"https:\/\/www.raum-blick.de\/magazin\/wp-content\/uploads\/2023\/11\/dcw-ceiling-leuchte-302_68300_200x200@2x.jpg\" alt=\"Gras No 302: schwenkbare Deckenleuchten von DCW\" class=\"wp-image-18838\" title=\"\" srcset=\"https:\/\/raum-blick.de\/magazin\/wp-content\/uploads\/2023\/11\/dcw-ceiling-leuchte-302_68300_200x200@2x.jpg 400w, https:\/\/raum-blick.de\/magazin\/wp-content\/uploads\/2023\/11\/dcw-ceiling-leuchte-302_68300_200x200@2x-300x300.jpg 300w, https:\/\/raum-blick.de\/magazin\/wp-content\/uploads\/2023\/11\/dcw-ceiling-leuchte-302_68300_200x200@2x-150x150.jpg 150w\" sizes=\"(max-width: 400px) 100vw, 400px\" \/><figcaption class=\"wp-element-caption\"><a href=\"https:\/\/www.raum-blick.de\/dcw\/\">DCW Gras No 302<\/a> \u2013 filigran, schwenkbar und ein Hauch 70er<\/figcaption><\/figure>\n\n\n\n<figure class=\"wp-block-image size-large\"><img loading=\"lazy\" decoding=\"async\" width=\"400\" height=\"400\" data-id=\"18836\" src=\"https:\/\/www.raum-blick.de\/magazin\/wp-content\/uploads\/2023\/11\/foscarini-bahia-leuchte-weiss_63632sijfkYzFxhwnI_200x200@2x.jpg\" alt=\"Wand- und Deckenleuchte Bahia von Flos\" class=\"wp-image-18836\" title=\"\" srcset=\"https:\/\/raum-blick.de\/magazin\/wp-content\/uploads\/2023\/11\/foscarini-bahia-leuchte-weiss_63632sijfkYzFxhwnI_200x200@2x.jpg 400w, https:\/\/raum-blick.de\/magazin\/wp-content\/uploads\/2023\/11\/foscarini-bahia-leuchte-weiss_63632sijfkYzFxhwnI_200x200@2x-300x300.jpg 300w, https:\/\/raum-blick.de\/magazin\/wp-content\/uploads\/2023\/11\/foscarini-bahia-leuchte-weiss_63632sijfkYzFxhwnI_200x200@2x-150x150.jpg 150w\" sizes=\"(max-width: 400px) 100vw, 400px\" \/><figcaption class=\"wp-element-caption\"><mark style=\"background-color:#ff6900\" class=\"has-inline-color has-white-color\"><a href=\"https:\/\/www.raum-blick.de\/foscarini\/\">Foscarini Bahia<\/a> \u2013 faszinierendes Licht- und Schattenspiel<\/mark><\/figcaption><\/figure>\n\n\n\n<figure class=\"wp-block-image size-large is-style-rounded\"><img loading=\"lazy\" decoding=\"async\" width=\"400\" height=\"400\" data-id=\"18840\" src=\"https:\/\/www.raum-blick.de\/magazin\/wp-content\/uploads\/2023\/11\/flos-GLO-BALL-C-LIFE_183355UeiDQLql82yF_200x200@2x.jpg\" alt=\"Deckenleuchten Glo-Ball von Flos\" class=\"wp-image-18840\" title=\"\" srcset=\"https:\/\/raum-blick.de\/magazin\/wp-content\/uploads\/2023\/11\/flos-GLO-BALL-C-LIFE_183355UeiDQLql82yF_200x200@2x.jpg 400w, https:\/\/raum-blick.de\/magazin\/wp-content\/uploads\/2023\/11\/flos-GLO-BALL-C-LIFE_183355UeiDQLql82yF_200x200@2x-300x300.jpg 300w, https:\/\/raum-blick.de\/magazin\/wp-content\/uploads\/2023\/11\/flos-GLO-BALL-C-LIFE_183355UeiDQLql82yF_200x200@2x-150x150.jpg 150w\" sizes=\"(max-width: 400px) 100vw, 400px\" \/><figcaption class=\"wp-element-caption\">Flos Glo-Ball C1\/C2 \u2013 mundgeblasenes Opalglas f\u00fcr einen zauberhaften Look<\/figcaption><\/figure>\n\n\n\n<figure class=\"wp-block-image size-large\"><img loading=\"lazy\" decoding=\"async\" width=\"400\" height=\"400\" data-id=\"18842\" src=\"https:\/\/www.raum-blick.de\/magazin\/wp-content\/uploads\/2023\/11\/umage-asteria-up-2329-pearl-white-flur_200x200@2x.jpg\" alt=\"UMAGE Leuchten Asteria Up f\u00fcr eine stilvolle Deckenbeleuchtung\" class=\"wp-image-18842\" title=\"\" srcset=\"https:\/\/raum-blick.de\/magazin\/wp-content\/uploads\/2023\/11\/umage-asteria-up-2329-pearl-white-flur_200x200@2x.jpg 400w, https:\/\/raum-blick.de\/magazin\/wp-content\/uploads\/2023\/11\/umage-asteria-up-2329-pearl-white-flur_200x200@2x-300x300.jpg 300w, https:\/\/raum-blick.de\/magazin\/wp-content\/uploads\/2023\/11\/umage-asteria-up-2329-pearl-white-flur_200x200@2x-150x150.jpg 150w\" sizes=\"(max-width: 400px) 100vw, 400px\" \/><figcaption class=\"wp-element-caption\"><mark style=\"background-color:#ff6900\" class=\"has-inline-color has-white-color\"><a href=\"https:\/\/www.raum-blick.de\/umage-deckenleuchte\/\">UMAGE Asteria Up<\/a> \u2013\u00a0gro\u00df, rund, stilvoll und mit LED f\u00fcr sanftes Raumlicht<\/mark><\/figcaption><\/figure>\n\n\n\n<figure class=\"wp-block-image size-large is-style-rounded\"><img loading=\"lazy\" decoding=\"async\" width=\"400\" height=\"400\" data-id=\"18841\" src=\"https:\/\/www.raum-blick.de\/magazin\/wp-content\/uploads\/2023\/11\/3-Bloom-H-angeleuchte-ambienteHhRgELE7l3qNb_200x200@2x.jpg\" alt=\"Bloom von Kartell: Leuchten aus Kunststoff\" class=\"wp-image-18841\" title=\"\" srcset=\"https:\/\/raum-blick.de\/magazin\/wp-content\/uploads\/2023\/11\/3-Bloom-H-angeleuchte-ambienteHhRgELE7l3qNb_200x200@2x.jpg 400w, https:\/\/raum-blick.de\/magazin\/wp-content\/uploads\/2023\/11\/3-Bloom-H-angeleuchte-ambienteHhRgELE7l3qNb_200x200@2x-300x300.jpg 300w, https:\/\/raum-blick.de\/magazin\/wp-content\/uploads\/2023\/11\/3-Bloom-H-angeleuchte-ambienteHhRgELE7l3qNb_200x200@2x-150x150.jpg 150w\" sizes=\"(max-width: 400px) 100vw, 400px\" \/><figcaption class=\"wp-element-caption\"><a href=\"https:\/\/www.raum-blick.de\/kartell-lampen\/\">Kartell Bloom<\/a> \u2013&nbsp;glitzerndes Lichtspektakel aus Polykarbonat<\/figcaption><\/figure>\n\n\n\n<figure class=\"wp-block-image size-large\"><img loading=\"lazy\" decoding=\"async\" width=\"400\" height=\"400\" data-id=\"18837\" src=\"https:\/\/www.raum-blick.de\/magazin\/wp-content\/uploads\/2023\/11\/Decor-Walther-Conect-26-N-chrom-0219100afbY1wGdRVcgL_200x200@2x.jpg\" alt=\"Decor Walther CONECT: LED-Leuchten  in Silber\" class=\"wp-image-18837\" title=\"\" srcset=\"https:\/\/raum-blick.de\/magazin\/wp-content\/uploads\/2023\/11\/Decor-Walther-Conect-26-N-chrom-0219100afbY1wGdRVcgL_200x200@2x.jpg 400w, https:\/\/raum-blick.de\/magazin\/wp-content\/uploads\/2023\/11\/Decor-Walther-Conect-26-N-chrom-0219100afbY1wGdRVcgL_200x200@2x-300x300.jpg 300w, https:\/\/raum-blick.de\/magazin\/wp-content\/uploads\/2023\/11\/Decor-Walther-Conect-26-N-chrom-0219100afbY1wGdRVcgL_200x200@2x-150x150.jpg 150w\" sizes=\"(max-width: 400px) 100vw, 400px\" \/><figcaption class=\"wp-element-caption\"><mark style=\"background-color:#ff6900\" class=\"has-inline-color has-white-color\">Decor Walther CONECT LED \u2013 schlicht, edel und perfekt f\u00fcr Bad und Flur<\/mark><\/figcaption><\/figure>\n\n\n\n<figure class=\"wp-block-image size-large is-style-rounded\"><img loading=\"lazy\" decoding=\"async\" width=\"400\" height=\"400\" data-id=\"18843\" src=\"https:\/\/www.raum-blick.de\/magazin\/wp-content\/uploads\/2023\/11\/muuto-top-pendant-leuchte-ambiente-rot-esszimmer_84692_200x200@2x.jpg\" alt=\"muuto Top LED - Pendel-Leuchten f\u00fcr Esszimmer und K\u00fcche\" class=\"wp-image-18843\" title=\"\" srcset=\"https:\/\/raum-blick.de\/magazin\/wp-content\/uploads\/2023\/11\/muuto-top-pendant-leuchte-ambiente-rot-esszimmer_84692_200x200@2x.jpg 400w, https:\/\/raum-blick.de\/magazin\/wp-content\/uploads\/2023\/11\/muuto-top-pendant-leuchte-ambiente-rot-esszimmer_84692_200x200@2x-300x300.jpg 300w, https:\/\/raum-blick.de\/magazin\/wp-content\/uploads\/2023\/11\/muuto-top-pendant-leuchte-ambiente-rot-esszimmer_84692_200x200@2x-150x150.jpg 150w\" sizes=\"(max-width: 400px) 100vw, 400px\" \/><figcaption class=\"wp-element-caption\"><a href=\"https:\/\/www.raum-blick.de\/muuto-leuchten\/\">muuto Top LED<\/a> \u2013&nbsp;charmanter Industriechic in drei Gr\u00f6\u00dfen<\/figcaption><\/figure>\n<\/figure>\n\n\n\n<div style=\"height:20px\" aria-hidden=\"true\" class=\"wp-block-spacer\"><\/div>\n\n\n\n<h3 class=\"wp-block-heading\"><span class=\"ez-toc-section\" id=\"Leuchten_zum_Hinsehen\"><\/span>Leuchten zum Hinsehen <span class=\"ez-toc-section-end\"><\/span><\/h3>\n\n\n\n<p>Sie fokussieren bestimmte Bereiche wie Vitrinen, die Leseecken oder auch die Architektur des Raums. Die punktuelle Beleuchtung kann das Ambiente mit Licht- und Schattenspielen spannend machen, setzt Akzente und schafft ein wohnliches Raumgef\u00fchl. Ob einfacher Strahler oder eine dekorative Variante, das bleibt ganz Ihnen \u00fcberlassen. Nur zu dominant sollten die Leuchten nicht sein, sonst l\u00e4sst sich im Raum weder etwas hervorheben, noch kaschieren oder beleben. Hier gilt es also in jeglicher Beziehung eine wohl dosierte Auswahl zu treffen. <\/p>\n\n\n\n<h4 class=\"wp-block-heading\">Hot Spots, die es auf den Punkt bringen<\/h4>\n\n\n\n<p>F\u00fcr den perfekten Lichtmix sind diese Leuchten unverzichtbar. Denn sie sorgen f\u00fcr Abwechslung und Gem\u00fctlichkeit, setzen Highlights und lassen Farben leuchten. Wobei hier nat\u00fcrlich auch die Lichtfarbe und das Leuchtmittel eine Rolle spielen. Wie bei allem macht es die Mischung. Deshalb d\u00fcrfen Sie von diesen flexiblen Licht-L\u00f6sungen  auch gerne mehr als eine pro Raum einsetzen. <\/p>\n\n\n\n<div class=\"wp-block-columns is-layout-flex wp-container-core-columns-is-layout-9d6595d7 wp-block-columns-is-layout-flex\">\n<div class=\"wp-block-column is-layout-flow wp-block-column-is-layout-flow\">\n<figure class=\"wp-block-image size-full\"><img loading=\"lazy\" decoding=\"async\" width=\"400\" height=\"400\" src=\"https:\/\/www.raum-blick.de\/magazin\/wp-content\/uploads\/2023\/11\/foscarini-twiggy-stehleuchte-weiss-wohnzimmer_63475_200x200@2x.jpg\" alt=\"Steh-Leuchte Foscarini Twiggy\" class=\"wp-image-18856\" title=\"\" srcset=\"https:\/\/raum-blick.de\/magazin\/wp-content\/uploads\/2023\/11\/foscarini-twiggy-stehleuchte-weiss-wohnzimmer_63475_200x200@2x.jpg 400w, https:\/\/raum-blick.de\/magazin\/wp-content\/uploads\/2023\/11\/foscarini-twiggy-stehleuchte-weiss-wohnzimmer_63475_200x200@2x-300x300.jpg 300w, https:\/\/raum-blick.de\/magazin\/wp-content\/uploads\/2023\/11\/foscarini-twiggy-stehleuchte-weiss-wohnzimmer_63475_200x200@2x-150x150.jpg 150w\" sizes=\"(max-width: 400px) 100vw, 400px\" \/><figcaption class=\"wp-element-caption\">Foscarini Twiggy \u2013 dimmbare Stilikone f\u00fcr angenehmes indirektes Raumlicht<\/figcaption><\/figure>\n<\/div>\n\n\n\n<div class=\"wp-block-column is-layout-flow wp-block-column-is-layout-flow\">\n<figure class=\"wp-block-image size-full\"><img loading=\"lazy\" decoding=\"async\" width=\"400\" height=\"400\" src=\"https:\/\/www.raum-blick.de\/magazin\/wp-content\/uploads\/2023\/11\/gubi-Grasshoppa-olive-brown-stehleuchte-wohnzimmer-standleuchte_68078_200x200@2x.jpg\" alt=\"Gubi Grasshopper - perfekte Lese-Leuchten\" class=\"wp-image-18857\" title=\"\" srcset=\"https:\/\/raum-blick.de\/magazin\/wp-content\/uploads\/2023\/11\/gubi-Grasshoppa-olive-brown-stehleuchte-wohnzimmer-standleuchte_68078_200x200@2x.jpg 400w, https:\/\/raum-blick.de\/magazin\/wp-content\/uploads\/2023\/11\/gubi-Grasshoppa-olive-brown-stehleuchte-wohnzimmer-standleuchte_68078_200x200@2x-300x300.jpg 300w, https:\/\/raum-blick.de\/magazin\/wp-content\/uploads\/2023\/11\/gubi-Grasshoppa-olive-brown-stehleuchte-wohnzimmer-standleuchte_68078_200x200@2x-150x150.jpg 150w\" sizes=\"(max-width: 400px) 100vw, 400px\" \/><figcaption class=\"wp-element-caption\"><a href=\"https:\/\/www.raum-blick.de\/gubi\/\">Gubi Grasshopper<\/a> \u2013 1947 entworfen und nach wie vor ein Klassiker als Leselampe<\/figcaption><\/figure>\n<\/div>\n\n\n\n<div class=\"wp-block-column is-layout-flow wp-block-column-is-layout-flow\">\n<figure class=\"wp-block-image size-full\"><a href=\"https:\/\/www.raum-blick.de\/dcw\/\"><img loading=\"lazy\" decoding=\"async\" width=\"400\" height=\"400\" src=\"https:\/\/www.raum-blick.de\/magazin\/wp-content\/uploads\/2023\/11\/dcw-mantis-stehleuchte_68396CbTn3iA5pH5gF_200x200@2x.jpg\" alt=\"DCW Mantis \u2013 Leuchten so filigran wie Skulpturen\" class=\"wp-image-18858\" title=\"\" srcset=\"https:\/\/raum-blick.de\/magazin\/wp-content\/uploads\/2023\/11\/dcw-mantis-stehleuchte_68396CbTn3iA5pH5gF_200x200@2x.jpg 400w, https:\/\/raum-blick.de\/magazin\/wp-content\/uploads\/2023\/11\/dcw-mantis-stehleuchte_68396CbTn3iA5pH5gF_200x200@2x-300x300.jpg 300w, https:\/\/raum-blick.de\/magazin\/wp-content\/uploads\/2023\/11\/dcw-mantis-stehleuchte_68396CbTn3iA5pH5gF_200x200@2x-150x150.jpg 150w\" sizes=\"(max-width: 400px) 100vw, 400px\" \/><\/a><figcaption class=\"wp-element-caption\">DCW Mantis BS1 \u2013&nbsp;h\u00f6henverstellbar und mit schwenkbarem Arm <\/figcaption><\/figure>\n<\/div>\n<\/div>\n\n\n\n<div class=\"wp-block-columns is-layout-flex wp-container-core-columns-is-layout-9d6595d7 wp-block-columns-is-layout-flex\">\n<div class=\"wp-block-column is-layout-flow wp-block-column-is-layout-flow\">\n<figure class=\"wp-block-image size-full\"><img loading=\"lazy\" decoding=\"async\" width=\"400\" height=\"400\" src=\"https:\/\/www.raum-blick.de\/magazin\/wp-content\/uploads\/2023\/11\/big-lebow-weiss-fatbboy-bogenlampe_75313YfJ2SltCOkdFo_200x200@2x.jpg\" alt=\"Fatboy Big Lebow \u2013 einfach riesig\" class=\"wp-image-18859\" title=\"\" srcset=\"https:\/\/raum-blick.de\/magazin\/wp-content\/uploads\/2023\/11\/big-lebow-weiss-fatbboy-bogenlampe_75313YfJ2SltCOkdFo_200x200@2x.jpg 400w, https:\/\/raum-blick.de\/magazin\/wp-content\/uploads\/2023\/11\/big-lebow-weiss-fatbboy-bogenlampe_75313YfJ2SltCOkdFo_200x200@2x-300x300.jpg 300w, https:\/\/raum-blick.de\/magazin\/wp-content\/uploads\/2023\/11\/big-lebow-weiss-fatbboy-bogenlampe_75313YfJ2SltCOkdFo_200x200@2x-150x150.jpg 150w\" sizes=\"(max-width: 400px) 100vw, 400px\" \/><figcaption class=\"wp-element-caption\"><a href=\"https:\/\/www.raum-blick.de\/fatboy-lampe\/\">Fatboy Big Lebow<\/a> \u2013 2,34 Meter hoch, dimmbar und mit verstellbaren Spots, ein echtes Highlight!<\/figcaption><\/figure>\n<\/div>\n\n\n\n<div class=\"wp-block-column is-layout-flow wp-block-column-is-layout-flow\">\n<figure class=\"wp-block-image size-full\"><img loading=\"lazy\" decoding=\"async\" width=\"400\" height=\"400\" src=\"https:\/\/www.raum-blick.de\/magazin\/wp-content\/uploads\/2023\/11\/leklint-carronade-stehleuchte-low-schwarz-360SB-9_200x200@2x.jpg\" alt=\"Le Clint Carronade \u2013 funktionelle, formsch\u00f6ne Leuchten\" class=\"wp-image-18861\" title=\"\" srcset=\"https:\/\/raum-blick.de\/magazin\/wp-content\/uploads\/2023\/11\/leklint-carronade-stehleuchte-low-schwarz-360SB-9_200x200@2x.jpg 400w, https:\/\/raum-blick.de\/magazin\/wp-content\/uploads\/2023\/11\/leklint-carronade-stehleuchte-low-schwarz-360SB-9_200x200@2x-300x300.jpg 300w, https:\/\/raum-blick.de\/magazin\/wp-content\/uploads\/2023\/11\/leklint-carronade-stehleuchte-low-schwarz-360SB-9_200x200@2x-150x150.jpg 150w\" sizes=\"(max-width: 400px) 100vw, 400px\" \/><figcaption class=\"wp-element-caption\">Le Clint Carronade \u2013&nbsp;formsch\u00f6n und funktionell, aus lackiertem Stahl, Messing und massivem amerikanischem Nussbaum<\/figcaption><\/figure>\n<\/div>\n<\/div>\n\n\n\n<div class=\"wp-block-columns is-layout-flex wp-container-core-columns-is-layout-9d6595d7 wp-block-columns-is-layout-flex\">\n<div class=\"wp-block-column is-layout-flow wp-block-column-is-layout-flow\">\n<figure class=\"wp-block-image size-full\"><img loading=\"lazy\" decoding=\"async\" width=\"400\" height=\"400\" src=\"https:\/\/www.raum-blick.de\/magazin\/wp-content\/uploads\/2023\/11\/nyta-tilt-s-floor-grau-sofa_64574_200x200@2x.jpg\" alt=\"Nyta Tilt S - schlichte Leuchten mit dem gewissen Etwas\" class=\"wp-image-18862\" title=\"\" srcset=\"https:\/\/raum-blick.de\/magazin\/wp-content\/uploads\/2023\/11\/nyta-tilt-s-floor-grau-sofa_64574_200x200@2x.jpg 400w, https:\/\/raum-blick.de\/magazin\/wp-content\/uploads\/2023\/11\/nyta-tilt-s-floor-grau-sofa_64574_200x200@2x-300x300.jpg 300w, https:\/\/raum-blick.de\/magazin\/wp-content\/uploads\/2023\/11\/nyta-tilt-s-floor-grau-sofa_64574_200x200@2x-150x150.jpg 150w\" sizes=\"(max-width: 400px) 100vw, 400px\" \/><figcaption class=\"wp-element-caption\">Nyta Tilt S \u2013 modernes Design und schwenkbarer Leuchtenschirm <\/figcaption><\/figure>\n<\/div>\n\n\n\n<div class=\"wp-block-column is-layout-flow wp-block-column-is-layout-flow\">\n<figure class=\"wp-block-image size-full\"><img loading=\"lazy\" decoding=\"async\" width=\"400\" height=\"400\" src=\"https:\/\/www.raum-blick.de\/magazin\/wp-content\/uploads\/2023\/11\/secto-design-secto-weiss-stehleuchte_72106_200x200@2x.jpg\" alt=\"Secto Design \u2013 bei diesen Steh-Leuchten spielt Holz die Hauptrolle\" class=\"wp-image-18863\" title=\"\" srcset=\"https:\/\/raum-blick.de\/magazin\/wp-content\/uploads\/2023\/11\/secto-design-secto-weiss-stehleuchte_72106_200x200@2x.jpg 400w, https:\/\/raum-blick.de\/magazin\/wp-content\/uploads\/2023\/11\/secto-design-secto-weiss-stehleuchte_72106_200x200@2x-300x300.jpg 300w, https:\/\/raum-blick.de\/magazin\/wp-content\/uploads\/2023\/11\/secto-design-secto-weiss-stehleuchte_72106_200x200@2x-150x150.jpg 150w\" sizes=\"(max-width: 400px) 100vw, 400px\" \/><figcaption class=\"wp-element-caption\"><a href=\"https:\/\/www.raum-blick.de\/secto-design\/\">Secto Design Stehleuchte Secto<\/a> \u2013&nbsp;formgepresste Birke setzt hier Akzente<\/figcaption><\/figure>\n<\/div>\n\n\n\n<div class=\"wp-block-column is-layout-flow wp-block-column-is-layout-flow\">\n<figure class=\"wp-block-image size-full\"><img loading=\"lazy\" decoding=\"async\" width=\"400\" height=\"400\" src=\"https:\/\/www.raum-blick.de\/magazin\/wp-content\/uploads\/2023\/11\/arum-floor-lamp-schwarz-sofa-ferm-living_60326_200x200@2x.jpg\" alt=\"ferm LIVIN Arum \u2013 Leuchten mit solidem Marmorfu\u00df \" class=\"wp-image-18864\" title=\"\" srcset=\"https:\/\/raum-blick.de\/magazin\/wp-content\/uploads\/2023\/11\/arum-floor-lamp-schwarz-sofa-ferm-living_60326_200x200@2x.jpg 400w, https:\/\/raum-blick.de\/magazin\/wp-content\/uploads\/2023\/11\/arum-floor-lamp-schwarz-sofa-ferm-living_60326_200x200@2x-300x300.jpg 300w, https:\/\/raum-blick.de\/magazin\/wp-content\/uploads\/2023\/11\/arum-floor-lamp-schwarz-sofa-ferm-living_60326_200x200@2x-150x150.jpg 150w\" sizes=\"(max-width: 400px) 100vw, 400px\" \/><figcaption class=\"wp-element-caption\"><a href=\"https:\/\/www.raum-blick.de\/ferm-living-leuchten\/\">ferm LIVING Arum<\/a> \u2013 filigranes skandinavisches Design mit Marmorfu\u00df<\/figcaption><\/figure>\n<\/div>\n<\/div>\n\n\n\n<h3 class=\"wp-block-heading\"><span class=\"ez-toc-section\" id=\"Leuchten_zum_Ansehen\"><\/span>Leuchten zum Ansehen<span class=\"ez-toc-section-end\"><\/span><\/h3>\n\n\n\n<p>Sie bringen Stimmung in den Raum, zeigen sich gerne auch mal extravagant und ziehen schnell alle Blicke auf sich. Denn Tischleuchten sind sozusagen die Kirsche auf der Sahne und bei Licht betrachtet quasi ein Muss. Warum? Weil sie mit ihrem direkten, fokussierten Licht dem Raum mehr Tiefe geben, dabei super flexibel und perfekt als Lese- oder Schreibtischlampe sind. Deshalb bitte gerne zwei bis drei davon pro Raum.<\/p>\n\n\n\n<h4 class=\"wp-block-heading\">Die helle Freude, diese Licht-Inseln<\/h4>\n\n\n\n<p>Strahlkraft ist keine Frage der Gr\u00f6\u00dfe. Denn sobald sie diese Leuchten anknipsen, ist ihre Wirkung einfach magisch. Die kleinen Stimmungsmacher setzen Familienfotos auf der Konsole ins rechte Licht, machen das schmucke Sideboard gleich noch mal so sch\u00f6n und wirken dabei selbst oft wie edle Schmuckst\u00fccke. Gut, dass sie sich ganz fix in einen anderen Raum mitnehmen lassen und sich unseren Bed\u00fcrfnissen anpassen. So wird aus einer Arbeits- im Handumdrehen eine Schm\u00f6ker-Leuchte oder auch einfach nur ein wundersch\u00f6nes Deko-Element. <\/p>\n\n\n\n<div class=\"wp-block-columns is-layout-flex wp-container-core-columns-is-layout-9d6595d7 wp-block-columns-is-layout-flex\">\n<div class=\"wp-block-column is-layout-flow wp-block-column-is-layout-flow\">\n<figure class=\"wp-block-image size-full\"><img loading=\"lazy\" decoding=\"async\" width=\"400\" height=\"400\" src=\"https:\/\/www.raum-blick.de\/magazin\/wp-content\/uploads\/2023\/11\/eos-tripod-light-brown-weiss_75726_200x200@2x.jpg\" alt=\"Umage EOS Tripod - &quot;federleichte&quot; Leuchten mit besonderem Charme\" class=\"wp-image-18874\" title=\"\" srcset=\"https:\/\/raum-blick.de\/magazin\/wp-content\/uploads\/2023\/11\/eos-tripod-light-brown-weiss_75726_200x200@2x.jpg 400w, https:\/\/raum-blick.de\/magazin\/wp-content\/uploads\/2023\/11\/eos-tripod-light-brown-weiss_75726_200x200@2x-300x300.jpg 300w, https:\/\/raum-blick.de\/magazin\/wp-content\/uploads\/2023\/11\/eos-tripod-light-brown-weiss_75726_200x200@2x-150x150.jpg 150w\" sizes=\"(max-width: 400px) 100vw, 400px\" \/><figcaption class=\"wp-element-caption\">UMAGS EOS Tripod \u2013 echte Vogelfedern spenden ein besonders warmes Licht<\/figcaption><\/figure>\n<\/div>\n\n\n\n<div class=\"wp-block-column is-layout-flow wp-block-column-is-layout-flow\">\n<figure class=\"wp-block-image size-full is-style-rounded\"><img loading=\"lazy\" decoding=\"async\" width=\"400\" height=\"400\" src=\"https:\/\/www.raum-blick.de\/magazin\/wp-content\/uploads\/2023\/11\/piffany-mini-wattson_82622_200x200@2x.jpg\" alt=\"Ganz sch\u00f6n clever: Mr. Wattson von Piffany Copenhagen  \" class=\"wp-image-18875\" title=\"\" srcset=\"https:\/\/raum-blick.de\/magazin\/wp-content\/uploads\/2023\/11\/piffany-mini-wattson_82622_200x200@2x.jpg 400w, https:\/\/raum-blick.de\/magazin\/wp-content\/uploads\/2023\/11\/piffany-mini-wattson_82622_200x200@2x-300x300.jpg 300w, https:\/\/raum-blick.de\/magazin\/wp-content\/uploads\/2023\/11\/piffany-mini-wattson_82622_200x200@2x-150x150.jpg 150w\" sizes=\"(max-width: 400px) 100vw, 400px\" \/><figcaption class=\"wp-element-caption\"><a href=\"https:\/\/www.raum-blick.de\/piffany-copenhagen\/\">Piffany Copenhagen Mr. Wattson<\/a> \u2013 ausgesprochen gelenkig und charmant <\/figcaption><\/figure>\n<\/div>\n\n\n\n<div class=\"wp-block-column is-layout-flow wp-block-column-is-layout-flow\">\n<figure class=\"wp-block-image size-full\"><img loading=\"lazy\" decoding=\"async\" width=\"400\" height=\"400\" src=\"https:\/\/www.raum-blick.de\/magazin\/wp-content\/uploads\/2023\/11\/hoptimist-lampe-gross-weiss-tischQTGIXDO9Upg9D_200x200@2x.jpg\" alt=\"Hoptimist - jetzt auch als Leuchte in 2 Gr\u00f6\u00dfen und 3 Farben\" class=\"wp-image-18877\" title=\"\" srcset=\"https:\/\/raum-blick.de\/magazin\/wp-content\/uploads\/2023\/11\/hoptimist-lampe-gross-weiss-tischQTGIXDO9Upg9D_200x200@2x.jpg 400w, https:\/\/raum-blick.de\/magazin\/wp-content\/uploads\/2023\/11\/hoptimist-lampe-gross-weiss-tischQTGIXDO9Upg9D_200x200@2x-300x300.jpg 300w, https:\/\/raum-blick.de\/magazin\/wp-content\/uploads\/2023\/11\/hoptimist-lampe-gross-weiss-tischQTGIXDO9Upg9D_200x200@2x-150x150.jpg 150w\" sizes=\"(max-width: 400px) 100vw, 400px\" \/><figcaption class=\"wp-element-caption\">Hoptimist Lampe \u2013 gute Laune in Wei\u00df, Chrom oder Latte<\/figcaption><\/figure>\n<\/div>\n<\/div>\n\n\n\n<div class=\"wp-block-columns is-layout-flex wp-container-core-columns-is-layout-9d6595d7 wp-block-columns-is-layout-flex\">\n<div class=\"wp-block-column is-layout-flow wp-block-column-is-layout-flow\">\n<figure class=\"wp-block-image size-full\"><img loading=\"lazy\" decoding=\"async\" width=\"400\" height=\"400\" src=\"https:\/\/www.raum-blick.de\/magazin\/wp-content\/uploads\/2023\/11\/guaxs-yong-1-tischlampe_73785qZtUHPJWCzzsk_200x200@2x.jpg\" alt=\"GUAXS Yong \u2013 Leuchten aus geschliffenem Glas\" class=\"wp-image-18878\" title=\"\" srcset=\"https:\/\/raum-blick.de\/magazin\/wp-content\/uploads\/2023\/11\/guaxs-yong-1-tischlampe_73785qZtUHPJWCzzsk_200x200@2x.jpg 400w, https:\/\/raum-blick.de\/magazin\/wp-content\/uploads\/2023\/11\/guaxs-yong-1-tischlampe_73785qZtUHPJWCzzsk_200x200@2x-300x300.jpg 300w, https:\/\/raum-blick.de\/magazin\/wp-content\/uploads\/2023\/11\/guaxs-yong-1-tischlampe_73785qZtUHPJWCzzsk_200x200@2x-150x150.jpg 150w\" sizes=\"(max-width: 400px) 100vw, 400px\" \/><figcaption class=\"wp-element-caption\">GUAXS Yong  Tischleuchte \u2013 mundgeblasen, von Hand geschliffen und dimmbar <\/figcaption><\/figure>\n<\/div>\n\n\n\n<div class=\"wp-block-column is-layout-flow wp-block-column-is-layout-flow\">\n<figure class=\"wp-block-image size-full\"><img loading=\"lazy\" decoding=\"async\" width=\"400\" height=\"400\" src=\"https:\/\/www.raum-blick.de\/magazin\/wp-content\/uploads\/2023\/11\/petite-friture-quasar-tischleuchte-olivgruen-beleuchtet_80613eKQqHUtbFWmHO_200x200@2x.jpg\" alt=\"Quasar von Petite Friture ist inspiriert von der Bambuspflanze\" class=\"wp-image-18879\" title=\"\" srcset=\"https:\/\/raum-blick.de\/magazin\/wp-content\/uploads\/2023\/11\/petite-friture-quasar-tischleuchte-olivgruen-beleuchtet_80613eKQqHUtbFWmHO_200x200@2x.jpg 400w, https:\/\/raum-blick.de\/magazin\/wp-content\/uploads\/2023\/11\/petite-friture-quasar-tischleuchte-olivgruen-beleuchtet_80613eKQqHUtbFWmHO_200x200@2x-300x300.jpg 300w, https:\/\/raum-blick.de\/magazin\/wp-content\/uploads\/2023\/11\/petite-friture-quasar-tischleuchte-olivgruen-beleuchtet_80613eKQqHUtbFWmHO_200x200@2x-150x150.jpg 150w\" sizes=\"(max-width: 400px) 100vw, 400px\" \/><figcaption class=\"wp-element-caption\"><a href=\"https:\/\/www.raum-blick.de\/petite-friture\/\">Petite Friture Quasar<\/a> \u2013 tragbare LED Akku-Leuchte zum Aufstellen oder -h\u00e4ngen f\u00fcr drinnen und drau\u00dfen, 3-stufig dimmbar<\/figcaption><\/figure>\n<\/div>\n<\/div>\n\n\n\n<div class=\"wp-block-columns is-layout-flex wp-container-core-columns-is-layout-9d6595d7 wp-block-columns-is-layout-flex\">\n<div class=\"wp-block-column is-layout-flow wp-block-column-is-layout-flow\">\n<figure class=\"wp-block-image size-full\"><img loading=\"lazy\" decoding=\"async\" width=\"400\" height=\"400\" src=\"https:\/\/www.raum-blick.de\/magazin\/wp-content\/uploads\/2023\/11\/kartell-planet-appoggio-leuchte-ambiente-kommode_77137_200x200@2x.jpg\" alt=\"Kartell Planet Appoggio \u2013 extravagante Leuchten aus Kunststoff \" class=\"wp-image-18880\" title=\"\" srcset=\"https:\/\/raum-blick.de\/magazin\/wp-content\/uploads\/2023\/11\/kartell-planet-appoggio-leuchte-ambiente-kommode_77137_200x200@2x.jpg 400w, https:\/\/raum-blick.de\/magazin\/wp-content\/uploads\/2023\/11\/kartell-planet-appoggio-leuchte-ambiente-kommode_77137_200x200@2x-300x300.jpg 300w, https:\/\/raum-blick.de\/magazin\/wp-content\/uploads\/2023\/11\/kartell-planet-appoggio-leuchte-ambiente-kommode_77137_200x200@2x-150x150.jpg 150w\" sizes=\"(max-width: 400px) 100vw, 400px\" \/><figcaption class=\"wp-element-caption\">Kartell Planet Appoggio \u2013 Red Dot Design Award 2017 f\u00fcr diese Glitzer-Kugel<\/figcaption><\/figure>\n<\/div>\n\n\n\n<div class=\"wp-block-column is-layout-flow wp-block-column-is-layout-flow\">\n<figure class=\"wp-block-image size-full is-style-rounded\"><img loading=\"lazy\" decoding=\"async\" width=\"400\" height=\"400\" src=\"https:\/\/www.raum-blick.de\/magazin\/wp-content\/uploads\/2023\/11\/mater-dome-tischlampe_74799_200x200@2x.jpg\" alt=\"Mater Dome \u2013 minimalistisch Tischleuchten aus Aluminium, Stahl und Messing\" class=\"wp-image-18882\" title=\"\" srcset=\"https:\/\/raum-blick.de\/magazin\/wp-content\/uploads\/2023\/11\/mater-dome-tischlampe_74799_200x200@2x.jpg 400w, https:\/\/raum-blick.de\/magazin\/wp-content\/uploads\/2023\/11\/mater-dome-tischlampe_74799_200x200@2x-300x300.jpg 300w, https:\/\/raum-blick.de\/magazin\/wp-content\/uploads\/2023\/11\/mater-dome-tischlampe_74799_200x200@2x-150x150.jpg 150w\" sizes=\"(max-width: 400px) 100vw, 400px\" \/><figcaption class=\"wp-element-caption\">Mater Dome \u2013 preisgekr\u00f6nt, zeitlos und ikonisch, in 2 Gr\u00f6\u00dfen erh\u00e4ltlich<\/figcaption><\/figure>\n<\/div>\n\n\n\n<div class=\"wp-block-column is-layout-flow wp-block-column-is-layout-flow\">\n<figure class=\"wp-block-image size-full\"><img loading=\"lazy\" decoding=\"async\" width=\"400\" height=\"400\" src=\"https:\/\/www.raum-blick.de\/magazin\/wp-content\/uploads\/2023\/11\/fatboy-mini-cappie-set-blue-shades-outdoor_94662_200x200@2x.jpg\" alt=\"Fatboy Edison Mini \u2013 nur 15 cm hoch, aber ein echtes Highlight\" class=\"wp-image-18881\" title=\"\" srcset=\"https:\/\/raum-blick.de\/magazin\/wp-content\/uploads\/2023\/11\/fatboy-mini-cappie-set-blue-shades-outdoor_94662_200x200@2x.jpg 400w, https:\/\/raum-blick.de\/magazin\/wp-content\/uploads\/2023\/11\/fatboy-mini-cappie-set-blue-shades-outdoor_94662_200x200@2x-300x300.jpg 300w, https:\/\/raum-blick.de\/magazin\/wp-content\/uploads\/2023\/11\/fatboy-mini-cappie-set-blue-shades-outdoor_94662_200x200@2x-150x150.jpg 150w\" sizes=\"(max-width: 400px) 100vw, 400px\" \/><figcaption class=\"wp-element-caption\">Fatboy Edison Mini \u2013 im 3er-Set mit Lampenschirmen zum \u00dcberst\u00fclpen<\/figcaption><\/figure>\n<\/div>\n<\/div>\n\n\n\n<p>Bringen Sie jetzt Ihre R\u00e4ume mit unseren Highlights zum Strahlen, mit einer ausgewogenen Mischung aus Raum-, Akzent- und Stimmungslicht. Denn Licht muss wirken und lebt von Kontrasten. In unserem Shop finden Sie noch mehr sch\u00f6ne Leuchten mit dem gewissen Etwas, die Licht ins Dunkel bringen und Wohlf\u00fchl-Atmosph\u00e4re schaffen. Klicken Sie rein und lassen Sie sich &#8222;erleuchten&#8220;!<\/p>\n","protected":false},"excerpt":{"rendered":"<p>\u00ab Die raum-blick Highlights schaffen heimelige \u00dcberwinterungs-Athmosph\u00e4re \u00bb Die Tage werden dunkler, das Tageslicht weniger. H\u00f6chste Zeit also, ihr Zuhause aufzuhellen. Mit den richtigen, geschickt platzierten Leuchten geht das ganz einfach. Denn Licht ist etwas ganz Essenzielles f\u00fcr einen Raum. Deshalb reicht auch nicht nur eine Lichtquelle, es m\u00fcssen schon mehrere verschiedene sein, die im [&hellip;]<\/p>\n","protected":false},"author":4,"featured_media":18841,"comment_status":"closed","ping_status":"open","sticky":false,"template":"","format":"standard","meta":{"_et_pb_use_builder":"","_et_pb_old_content":"","_et_gb_content_width":"","inline_featured_image":false,"footnotes":""},"categories":[1],"tags":[104,1444,102,2037,107,2021,40,206,45,1314,81,746,43,239,105,1465,1185,100,910,46,935],"class_list":["post-18827","post","type-post","status-publish","format-standard","has-post-thumbnail","hentry","category-drinnen","tag-absolut-lighting","tag-dcw","tag-deckenleuchte","tag-deckenleuchten","tag-decor-walther","tag-design-deckenleuchten","tag-fatboy","tag-ferm-living","tag-flos","tag-foscarini","tag-gubi","tag-kartell","tag-leuchten","tag-muuto","tag-nyta","tag-secto","tag-stehleuchte","tag-stehleuchten","tag-tischleuchte","tag-tischleuchten","tag-umage"],"_links":{"self":[{"href":"https:\/\/raum-blick.de\/magazin\/wp-json\/wp\/v2\/posts\/18827","targetHints":{"allow":["GET"]}}],"collection":[{"href":"https:\/\/raum-blick.de\/magazin\/wp-json\/wp\/v2\/posts"}],"about":[{"href":"https:\/\/raum-blick.de\/magazin\/wp-json\/wp\/v2\/types\/post"}],"author":[{"embeddable":true,"href":"https:\/\/raum-blick.de\/magazin\/wp-json\/wp\/v2\/users\/4"}],"replies":[{"embeddable":true,"href":"https:\/\/raum-blick.de\/magazin\/wp-json\/wp\/v2\/comments?post=18827"}],"version-history":[{"count":39,"href":"https:\/\/raum-blick.de\/magazin\/wp-json\/wp\/v2\/posts\/18827\/revisions"}],"predecessor-version":[{"id":19639,"href":"https:\/\/raum-blick.de\/magazin\/wp-json\/wp\/v2\/posts\/18827\/revisions\/19639"}],"wp:featuredmedia":[{"embeddable":true,"href":"https:\/\/raum-blick.de\/magazin\/wp-json\/wp\/v2\/media\/18841"}],"wp:attachment":[{"href":"https:\/\/raum-blick.de\/magazin\/wp-json\/wp\/v2\/media?parent=18827"}],"wp:term":[{"taxonomy":"category","embeddable":true,"href":"https:\/\/raum-blick.de\/magazin\/wp-json\/wp\/v2\/categories?post=18827"},{"taxonomy":"post_tag","embeddable":true,"href":"https:\/\/raum-blick.de\/magazin\/wp-json\/wp\/v2\/tags?post=18827"}],"curies":[{"name":"wp","href":"https:\/\/api.w.org\/{rel}","templated":true}]}}