{"id":18775,"date":"2023-10-29T22:49:01","date_gmt":"2023-10-29T21:49:01","guid":{"rendered":"https:\/\/www.raum-blick.de\/magazin\/?p=18775"},"modified":"2024-03-25T17:42:13","modified_gmt":"2024-03-25T16:42:13","slug":"eames-house-bird-kultdesign","status":"publish","type":"post","link":"https:\/\/raum-blick.de\/magazin\/eames-house-bird-kultdesign\/","title":{"rendered":"Eames House Bird \u2013 Design-\u00dcberflieger mit Kultstatus"},"content":{"rendered":"\n<h2 class=\"wp-block-heading\"><span class=\"ez-toc-section\" id=\"%C2%AB_Ein_Vogel_im_Dauer-Hoehenflug_%C2%BB\"><\/span>\u00ab Ein Vogel im Dauer-H\u00f6henflug \u00bb<span class=\"ez-toc-section-end\"><\/span><\/h2>\n\n\n\n<p><strong>Abgesehen von Snoopys kleinem gelben Freund Woodstock, d\u00fcrfte der Eames House Bird wohl einer der ber\u00fchmtesten V\u00f6gel weltweit sein. Ein Kultobjekt, das seit Jahrzehnten f\u00fcr innovatives und \u00e4sthetisches Design steht und nach wie vor eine zeitlose Relevanz besitzt. Diese <a href=\"https:\/\/www.raum-blick.de\/dekoration\/\">dekorative Skulptur<\/a>, die Vitra seit den 50er Jahren in Lizenz produziert, hat schon Generationen von Design-Liebhabern mit ihrer Schlichtheit begeistert und in Sachen Beliebtheit tats\u00e4chlich den Vogel abgeschossen. Denn die ist auch nach mehr als sieben Jahrzehnten ungebrochen.<\/strong><\/p>\n\n\n\n<h2 class=\"wp-block-heading\"><span class=\"ez-toc-section\" id=\"Eames_House_Bird_Diesen_Vogel_hat_jeder_gern\"><\/span>Eames House Bird: Diesen Vogel hat jeder gern<span class=\"ez-toc-section-end\"><\/span><\/h2>\n\n\n\n<p>Er ist 27,6 cm hoch, 27,8 tief und 8,5 breit, besteht aus massivem, schwarz lackiertem Erlenholz. Dazu zwei grazile Beine aus feinem Eisendraht und funkelnde Glasaugen, die ihn schon fast ein wenig lebendig erscheinen lassen. Damit ist der Eames House Bird ein wunderbares Beispiel f\u00fcr die Reduktion auf das Wesentliche. Denn sie hebt die Sch\u00f6nheit des Designs hervor und schafft mit einer klaren Formensprache zeitlose Eleganz. <\/p><div id=\"ez-toc-container\" class=\"ez-toc-v2_0_82_2 counter-hierarchy ez-toc-counter ez-toc-grey ez-toc-container-direction\">\n<div class=\"ez-toc-title-container\">\n<p class=\"ez-toc-title\" style=\"cursor:inherit\">Was hier auf Sie wartet<\/p>\n<span class=\"ez-toc-title-toggle\"><a href=\"#\" class=\"ez-toc-pull-right ez-toc-btn ez-toc-btn-xs ez-toc-btn-default ez-toc-toggle\" aria-label=\"Toggle Table of Content\"><span class=\"ez-toc-js-icon-con\"><span class=\"\"><span class=\"eztoc-hide\" style=\"display:none;\">Toggle<\/span><span class=\"ez-toc-icon-toggle-span\"><svg style=\"fill: #999;color:#999\" xmlns=\"http:\/\/www.w3.org\/2000\/svg\" class=\"list-377408\" width=\"20px\" height=\"20px\" viewBox=\"0 0 24 24\" fill=\"none\"><path d=\"M6 6H4v2h2V6zm14 0H8v2h12V6zM4 11h2v2H4v-2zm16 0H8v2h12v-2zM4 16h2v2H4v-2zm16 0H8v2h12v-2z\" fill=\"currentColor\"><\/path><\/svg><svg style=\"fill: #999;color:#999\" class=\"arrow-unsorted-368013\" xmlns=\"http:\/\/www.w3.org\/2000\/svg\" width=\"10px\" height=\"10px\" viewBox=\"0 0 24 24\" version=\"1.2\" baseProfile=\"tiny\"><path d=\"M18.2 9.3l-6.2-6.3-6.2 6.3c-.2.2-.3.4-.3.7s.1.5.3.7c.2.2.4.3.7.3h11c.3 0 .5-.1.7-.3.2-.2.3-.5.3-.7s-.1-.5-.3-.7zM5.8 14.7l6.2 6.3 6.2-6.3c.2-.2.3-.5.3-.7s-.1-.5-.3-.7c-.2-.2-.4-.3-.7-.3h-11c-.3 0-.5.1-.7.3-.2.2-.3.5-.3.7s.1.5.3.7z\"\/><\/svg><\/span><\/span><\/span><\/a><\/span><\/div>\n<nav><ul class='ez-toc-list ez-toc-list-level-1 ' ><li class='ez-toc-page-1 ez-toc-heading-level-2'><a class=\"ez-toc-link ez-toc-heading-1\" href=\"https:\/\/raum-blick.de\/magazin\/eames-house-bird-kultdesign\/#%C2%AB_Ein_Vogel_im_Dauer-Hoehenflug_%C2%BB\" >\u00ab Ein Vogel im Dauer-H\u00f6henflug \u00bb<\/a><\/li><li class='ez-toc-page-1 ez-toc-heading-level-2'><a class=\"ez-toc-link ez-toc-heading-2\" href=\"https:\/\/raum-blick.de\/magazin\/eames-house-bird-kultdesign\/#Eames_House_Bird_Diesen_Vogel_hat_jeder_gern\" >Eames House Bird: Diesen Vogel hat jeder gern<\/a><ul class='ez-toc-list-level-3' ><li class='ez-toc-heading-level-3'><a class=\"ez-toc-link ez-toc-heading-3\" href=\"https:\/\/raum-blick.de\/magazin\/eames-house-bird-kultdesign\/#Warum_denn_ausgerechnet_dieses_Tier\" >Warum denn ausgerechnet dieses Tier?<\/a><\/li><li class='ez-toc-page-1 ez-toc-heading-level-3'><a class=\"ez-toc-link ez-toc-heading-4\" href=\"https:\/\/raum-blick.de\/magazin\/eames-house-bird-kultdesign\/#Kreativitaet_im_Doppelpack_das_Ehepaar_Eames\" >Kreativit\u00e4t im Doppelpack: das Ehepaar Eames<\/a><\/li><li class='ez-toc-page-1 ez-toc-heading-level-3'><a class=\"ez-toc-link ez-toc-heading-5\" href=\"https:\/\/raum-blick.de\/magazin\/eames-house-bird-kultdesign\/#Eames_und_Vitra\" >Eames und Vitra<\/a><\/li><\/ul><\/li><li class='ez-toc-page-1 ez-toc-heading-level-2'><a class=\"ez-toc-link ez-toc-heading-6\" href=\"https:\/\/raum-blick.de\/magazin\/eames-house-bird-kultdesign\/#Eamessche_Tier-Welten\" >Eames&#8217;sche (Tier-)Welten<\/a><\/li><\/ul><\/nav><\/div>\n\n\n\n\n<p>Die Inspiration f\u00fcr den Design-Klassiker kam von einem Reise-Mitbringsel, einem schwarzen Holzvogel, den das Ehepaar Eames in den Appalachen entdeckte. Der war zun\u00e4chst ein eher zur\u00fcckhaltender, wenn auch pr\u00e4senter &#8222;Hausgast&#8220; in ihrem Wohnzimmer. Das \u00e4nderte sich als er zusammen mit einer Gruppe Eames DRK  St\u00fchle in den 50er Jahren auf einem Plakat erschien. Von da an war er Werbe-Stammgast und Vorbild f\u00fcr den zwischenzeitlich weltbekannten Eames House Bird, den <a href=\"http:\/\/raum-blick.de\/vitra\/\">Vitra<\/a> bis heute produziert. <\/p>\n\n\n\n<div class=\"wp-block-media-text alignwide is-stacked-on-mobile\"><figure class=\"wp-block-media-text__media\"><img loading=\"lazy\" decoding=\"async\" width=\"400\" height=\"400\" src=\"https:\/\/www.raum-blick.de\/magazin\/wp-content\/uploads\/2023\/10\/vitra-eames-house-bird-schwarz-25KlFnl2KdjKji_200x200@2x.jpg\" alt=\"Eames House Bird - ein Meisterwerk des Minimalismus\" class=\"wp-image-18786 size-full\" title=\"\" srcset=\"https:\/\/raum-blick.de\/magazin\/wp-content\/uploads\/2023\/10\/vitra-eames-house-bird-schwarz-25KlFnl2KdjKji_200x200@2x.jpg 400w, https:\/\/raum-blick.de\/magazin\/wp-content\/uploads\/2023\/10\/vitra-eames-house-bird-schwarz-25KlFnl2KdjKji_200x200@2x-300x300.jpg 300w, https:\/\/raum-blick.de\/magazin\/wp-content\/uploads\/2023\/10\/vitra-eames-house-bird-schwarz-25KlFnl2KdjKji_200x200@2x-150x150.jpg 150w\" sizes=\"(max-width: 400px) 100vw, 400px\" \/><\/figure><div class=\"wp-block-media-text__content\">\n<p><em><a href=\"https:\/\/www.raum-blick.de\/vitra-eames-house-bird\">Eames House Bird<\/a> \u2013 viel Liebe zum Detail, ein einzigartiges Gesp\u00fcr f\u00fcr \u00c4sthetik und eine majest\u00e4tische Eleganz, mit der diese Skulptur jedem Raum das gewisse Etwas verleiht. F\u00fcr uns definitiv ein Must-have in jedem Designer-Haushalt!<\/em><\/p>\n<\/div><\/div>\n\n\n\n<div style=\"height:15px\" aria-hidden=\"true\" class=\"wp-block-spacer\"><\/div>\n\n\n\n<h3 class=\"wp-block-heading\"><span class=\"ez-toc-section\" id=\"Warum_denn_ausgerechnet_dieses_Tier\"><\/span>Warum denn ausgerechnet dieses Tier?<span class=\"ez-toc-section-end\"><\/span><\/h3>\n\n\n\n<p>Die Wahl eines Vogels als Design-Objekt war f\u00fcr Charles und Ray Eames von gro\u00dfer Bedeutung. Sie waren fasziniert von der Natur und der Tierwelt und sahen darin eine Quelle der Inspiration. Der Eames House Bird verk\u00f6rpert die Anmut und Freiheit eines Vogels und symbolisiert gleichzeitig die Verbindung zwischen Mensch und Natur.<\/p>\n\n\n\n<p>Im Laufe der Jahre hat der Eames House Bird eine Vielzahl von Interpretationen und Bedeutungen erhalten. F\u00fcr die einen symbolisiert er Freiheit und Unabh\u00e4ngigkeit, w\u00e4hrend andere ihn als Ausdruck von Sch\u00f6nheit und \u00c4sthetik betrachten. Und auch die skandinavische Design-Tradition, die sich durch minimalistische Formen und nat\u00fcrliche Materialien auszeichnet, spielt hierbei eine Rolle.<\/p>\n\n\n\n<p>Einmal &#8222;geschl\u00fcpft&#8220; entwickelte sich der Eames&#8217;sche Vogel in der Design-Welt schnell zum \u00dcberflieger. Museen und Ausstellungen trugen dazu bei, das Design einem breiten Publikum zug\u00e4nglich zu machen. Und auch prominente Besitzer des Eames House Bird wie beispielsweise namhafte Designer oder Architekten zeigten ihre Begeisterung f\u00fcr das Objekt, was den &#8222;Haben-wollen-Faktor&#8220; nat\u00fcrlich in ungeahnte H\u00f6hen trieb und damit eine Herausforderung f\u00fcr die Produktion war. <\/p>\n\n\n\n<div class=\"wp-block-media-text alignwide has-media-on-the-right is-stacked-on-mobile\"><div class=\"wp-block-media-text__content\">\n<p><em>Schwarz oder Braun? Am liebsten beides. Denn ob Erle oder Nussbaum, der Eames House Bird ist einfach zeitlos sch\u00f6n und f\u00fchlt sich auf dem Fu\u00dfboden genauso wohl wie im Regal. Sein Holz stammt \u00fcbrigens aus Westeuropa und Polen. <\/em><\/p>\n<\/div><figure class=\"wp-block-media-text__media\"><img loading=\"lazy\" decoding=\"async\" width=\"400\" height=\"400\" src=\"https:\/\/www.raum-blick.de\/magazin\/wp-content\/uploads\/2023\/10\/Eames_House_Bird_schwarz_walnuss_200x200@2x.jpg\" alt=\"\u00dcberall ein Hingucker \u2013 der Eames House Bird\" class=\"wp-image-18787 size-full\" title=\"\" srcset=\"https:\/\/raum-blick.de\/magazin\/wp-content\/uploads\/2023\/10\/Eames_House_Bird_schwarz_walnuss_200x200@2x.jpg 400w, https:\/\/raum-blick.de\/magazin\/wp-content\/uploads\/2023\/10\/Eames_House_Bird_schwarz_walnuss_200x200@2x-300x300.jpg 300w, https:\/\/raum-blick.de\/magazin\/wp-content\/uploads\/2023\/10\/Eames_House_Bird_schwarz_walnuss_200x200@2x-150x150.jpg 150w\" sizes=\"(max-width: 400px) 100vw, 400px\" \/><\/figure><\/div>\n\n\n\n<div style=\"height:15px\" aria-hidden=\"true\" class=\"wp-block-spacer\"><\/div>\n\n\n\n<h3 class=\"wp-block-heading\"><span class=\"ez-toc-section\" id=\"Kreativitaet_im_Doppelpack_das_Ehepaar_Eames\"><\/span>Kreativit\u00e4t im Doppelpack: das Ehepaar Eames<span class=\"ez-toc-section-end\"><\/span><\/h3>\n\n\n\n<p>Charles und Ray Eames haben mit ihrer Kreativit\u00e4t und ihrem vision\u00e4ren Denken die Design-Welt nachhaltig gepr\u00e4gt. Sie waren Pioniere des modernen Designs und setzten mit ihren Arbeiten neue Ma\u00dfst\u00e4be. Ihr multidisziplin\u00e4rer Ansatz, der Architektur, M\u00f6beldesign, Grafikdesign und Filmproduktion umfasste, war wegweisend f\u00fcr die Entwicklung des Designs im 20. Jahrhundert.<\/p>\n\n\n\n<p>Das Ehepaar Eames arbeitete eng zusammen und erg\u00e4nzte sich in seinen F\u00e4higkeiten perfekt. Charles Eames war ein begabter Architekt und Designer, w\u00e4hrend Ray Eames ihre k\u00fcnstlerische Sensibilit\u00e4t und ihr Gesp\u00fcr f\u00fcr \u00c4sthetik einbrachte. Gemeinsam schufen sie eine Vielzahl von wegweisenden Designs, darunter auch den ikonischen Eames House Bird.<\/p>\n\n\n\n<p>Beide hatten eine Vorliebe f\u00fcr Experimente und Innovationen. Sie nutzten neue Materialien wie Fiberglas und Kunststoffe, um revolution\u00e4re M\u00f6bel zu entwerfen, die sowohl funktional als auch \u00e4sthetisch ansprechend waren. Ihre Entw\u00fcrfe waren gepr\u00e4gt von klaren Linien, organischen Formen und einer harmonischen Verbindung von Komfort und Stil.<\/p>\n\n\n\n<h3 class=\"wp-block-heading\"><span class=\"ez-toc-section\" id=\"Eames_und_Vitra\"><\/span>Eames und Vitra<span class=\"ez-toc-section-end\"><\/span><\/h3>\n\n\n\n<p>Die Verbindung zwischen den Eames und dem Schweizer Unternehmen Vitra ist eng und begann bereits in den 50er Jahren. Die Partnerschaft f\u00fchrte zur Produktion einiger der bekanntesten Eames-Entw\u00fcrfe, darunter der Lounge Chair, der Plastic Chair und nat\u00fcrlich auch der Eames House Bird. <\/p>\n\n\n\n<p>Vitra erkannte schnell das innovative Potenzial, das in den Entw\u00fcrfen von Charles und Ray steckte, und wollte es einem breiteren Publikum zug\u00e4nglich machen. Das Unternehmen stand daher in st\u00e4ndigem Austausch mit den Eames, um sicherzustellen, dass ihre Design-Objekte originalgetreu reproduziert wurden und die hohe Qualit\u00e4t erhalten blieb.<\/p>\n\n\n\n<p>Als Creative Director bei Vitra setzt Eames Demetrios, der Enkelsohn von Charles und Ray Eames, das Erbe seiner Gro\u00dfeltern fort und bewahrt ihre Design-Philosophie.<\/p>\n\n\n\n<h2 class=\"wp-block-heading\"><span class=\"ez-toc-section\" id=\"Eamessche_Tier-Welten\"><\/span>Eames&#8217;sche (Tier-)Welten<span class=\"ez-toc-section-end\"><\/span><\/h2>\n\n\n\n<p>Nicht nur der House Bird ist eine Ikone, es gibt n\u00e4mlich noch einen kultigen tierischen Mitbewohner im Eames-Universum, der sogar ein paar J\u00e4hrchen \u00e4lter ist, aber nach einer limitierten Version 2007 erst 2017 in Serie ging: der <a href=\"https:\/\/www.raum-blick.de\/vitra-eames-elephant\">Eames Elephant<\/a>. Er war urspr\u00fcnglich aus Sperrholz gefertigt, erwies sich aber aufgrund der engen, gegenl\u00e4ufigen Rundungen zun\u00e4chst als zu anspruchsvoll f\u00fcr die Serienproduktion. Der zweiteilige Prototyp von 1945 machte erst Station bei Lucia Eames, der Tochter von Charles, stand 1946 leihweise im MoMa in New York und hat heute seinen Platz im Eames Familien-Archiv. Aktuell gibt es neben der dekorativen Holz- auch eine robuste Kunststoff-Version in zwei Gr\u00f6\u00dfen, die nicht nur Kinder lieben.<\/p>\n\n\n\n<div class=\"wp-block-columns is-layout-flex wp-container-core-columns-is-layout-9d6595d7 wp-block-columns-is-layout-flex\">\n<div class=\"wp-block-column is-layout-flow wp-block-column-is-layout-flow\">\n<figure class=\"wp-block-image size-full\"><img loading=\"lazy\" decoding=\"async\" width=\"400\" height=\"400\" src=\"https:\/\/www.raum-blick.de\/magazin\/wp-content\/uploads\/2023\/10\/vitra-eames-elephant-3r1Qr3BGd3JsJa_200x200@2x.jpg\" alt=\"Eames Elephant - sch\u00f6ne Erg\u00e4nzung zum Eames House Bird\" class=\"wp-image-18783\" title=\"\" srcset=\"https:\/\/raum-blick.de\/magazin\/wp-content\/uploads\/2023\/10\/vitra-eames-elephant-3r1Qr3BGd3JsJa_200x200@2x.jpg 400w, https:\/\/raum-blick.de\/magazin\/wp-content\/uploads\/2023\/10\/vitra-eames-elephant-3r1Qr3BGd3JsJa_200x200@2x-300x300.jpg 300w, https:\/\/raum-blick.de\/magazin\/wp-content\/uploads\/2023\/10\/vitra-eames-elephant-3r1Qr3BGd3JsJa_200x200@2x-150x150.jpg 150w\" sizes=\"(max-width: 400px) 100vw, 400px\" \/><figcaption class=\"wp-element-caption\">F\u00fcr jedes Drau\u00dfen-Abenteuer zu haben<\/figcaption><\/figure>\n<\/div>\n\n\n\n<div class=\"wp-block-column is-layout-flow wp-block-column-is-layout-flow\">\n<figure class=\"wp-block-image size-full\"><img loading=\"lazy\" decoding=\"async\" width=\"400\" height=\"400\" src=\"https:\/\/www.raum-blick.de\/magazin\/wp-content\/uploads\/2023\/10\/Eames-Elephant-small-group-ambienterm3hAQ4Qs3IYS_200x200@2x.jpg\" alt=\"Klein, markant und farbenfroh - Eames Elephant\" class=\"wp-image-18781\" title=\"\" srcset=\"https:\/\/raum-blick.de\/magazin\/wp-content\/uploads\/2023\/10\/Eames-Elephant-small-group-ambienterm3hAQ4Qs3IYS_200x200@2x.jpg 400w, https:\/\/raum-blick.de\/magazin\/wp-content\/uploads\/2023\/10\/Eames-Elephant-small-group-ambienterm3hAQ4Qs3IYS_200x200@2x-300x300.jpg 300w, https:\/\/raum-blick.de\/magazin\/wp-content\/uploads\/2023\/10\/Eames-Elephant-small-group-ambienterm3hAQ4Qs3IYS_200x200@2x-150x150.jpg 150w\" sizes=\"(max-width: 400px) 100vw, 400px\" \/><figcaption class=\"wp-element-caption\">In der Small-Version die perfekte Deko<\/figcaption><\/figure>\n<\/div>\n\n\n\n<div class=\"wp-block-column is-layout-flow wp-block-column-is-layout-flow\">\n<figure class=\"wp-block-image size-full\"><img loading=\"lazy\" decoding=\"async\" width=\"400\" height=\"400\" src=\"https:\/\/www.raum-blick.de\/magazin\/wp-content\/uploads\/2023\/10\/vitra-eames-elephant-5uvo6ytSSaH2xg_200x200@2x.jpg\" alt=\"Der Eames Elephant mischt nicht nur Kinderzimmer auf\" class=\"wp-image-18782\" title=\"\" srcset=\"https:\/\/raum-blick.de\/magazin\/wp-content\/uploads\/2023\/10\/vitra-eames-elephant-5uvo6ytSSaH2xg_200x200@2x.jpg 400w, https:\/\/raum-blick.de\/magazin\/wp-content\/uploads\/2023\/10\/vitra-eames-elephant-5uvo6ytSSaH2xg_200x200@2x-300x300.jpg 300w, https:\/\/raum-blick.de\/magazin\/wp-content\/uploads\/2023\/10\/vitra-eames-elephant-5uvo6ytSSaH2xg_200x200@2x-150x150.jpg 150w\" sizes=\"(max-width: 400px) 100vw, 400px\" \/><figcaption class=\"wp-element-caption\">Charmante Dickh\u00e4uter f\u00fcrs Kinderzimmer<\/figcaption><\/figure>\n<\/div>\n<\/div>\n\n\n\n<p>Und noch eine andere wegweisende Kreation des Design-Duos m\u00f6chten wir Ihnen hier ans Herz legen: die <a href=\"https:\/\/www.raum-blick.de\/decken\/\">Eames Wool Blanket<\/a>. Eine kuschelweiche, leichte Wolldecke, die Form und Funktion im wahrsten Sinne des Wortes auf den Punkt bringt. Ihr grafisches Muster aus Punkten und Linien, das 1947 im Rahmen einer Ausstellung im MoMa entstand, l\u00e4sst die Vorder- und R\u00fcckseite in kontr\u00e4rer Farbgebung erscheinen. 100 % Merinowolle sorgt f\u00fcr angenehmen Haptik und einen optimalen W\u00e4rmeausgleich und die schlichten Farben machen die Wool Blanket zu einem stilvollen Accessoire.<\/p>\n\n\n\n<div class=\"wp-block-columns is-layout-flex wp-container-core-columns-is-layout-9d6595d7 wp-block-columns-is-layout-flex\">\n<div class=\"wp-block-column is-layout-flow wp-block-column-is-layout-flow\">\n<figure class=\"wp-block-image size-full\"><img loading=\"lazy\" decoding=\"async\" width=\"400\" height=\"400\" src=\"https:\/\/www.raum-blick.de\/magazin\/wp-content\/uploads\/2023\/10\/vitra-eames-wool-blanket-schwarz-4_200x200@2x.jpg\" alt=\"Eames Wool Blanket aus feiner Merinowolle\" class=\"wp-image-18778\" title=\"\" srcset=\"https:\/\/raum-blick.de\/magazin\/wp-content\/uploads\/2023\/10\/vitra-eames-wool-blanket-schwarz-4_200x200@2x.jpg 400w, https:\/\/raum-blick.de\/magazin\/wp-content\/uploads\/2023\/10\/vitra-eames-wool-blanket-schwarz-4_200x200@2x-300x300.jpg 300w, https:\/\/raum-blick.de\/magazin\/wp-content\/uploads\/2023\/10\/vitra-eames-wool-blanket-schwarz-4_200x200@2x-150x150.jpg 150w\" sizes=\"(max-width: 400px) 100vw, 400px\" \/><figcaption class=\"wp-element-caption\">Eine feine, leichte und wunderbar kuschelige Wolldecke <\/figcaption><\/figure>\n<\/div>\n\n\n\n<div class=\"wp-block-column is-layout-flow wp-block-column-is-layout-flow\">\n<figure class=\"wp-block-image size-full\"><img loading=\"lazy\" decoding=\"async\" width=\"400\" height=\"400\" src=\"https:\/\/www.raum-blick.de\/magazin\/wp-content\/uploads\/2023\/10\/vitra-eames-wool-blanket-schwarz-5_200x200@2x.jpg\" alt=\"Jede Eames Wool Blanket hat das typische &quot;Dot Pattern&quot;\" class=\"wp-image-18779\" title=\"\" srcset=\"https:\/\/raum-blick.de\/magazin\/wp-content\/uploads\/2023\/10\/vitra-eames-wool-blanket-schwarz-5_200x200@2x.jpg 400w, https:\/\/raum-blick.de\/magazin\/wp-content\/uploads\/2023\/10\/vitra-eames-wool-blanket-schwarz-5_200x200@2x-300x300.jpg 300w, https:\/\/raum-blick.de\/magazin\/wp-content\/uploads\/2023\/10\/vitra-eames-wool-blanket-schwarz-5_200x200@2x-150x150.jpg 150w\" sizes=\"(max-width: 400px) 100vw, 400px\" \/><figcaption class=\"wp-element-caption\">&#8222;Dot Pattern&#8220; und Fransen \u2013 typisch f\u00fcr die Eames Wool Blanket<\/figcaption><\/figure>\n<\/div>\n\n\n\n<div class=\"wp-block-column is-layout-flow wp-block-column-is-layout-flow\">\n<figure class=\"wp-block-image size-full\"><img loading=\"lazy\" decoding=\"async\" width=\"400\" height=\"400\" src=\"https:\/\/www.raum-blick.de\/magazin\/wp-content\/uploads\/2023\/10\/vitra-eames-wool-blanket-bordeaux-stuhl_97111_200x200@2x.jpg\" alt=\"Vorder- und R\u00fcckseite der Eames Wool Blanket sind farblich kontr\u00e4r\" class=\"wp-image-18780\" title=\"\" srcset=\"https:\/\/raum-blick.de\/magazin\/wp-content\/uploads\/2023\/10\/vitra-eames-wool-blanket-bordeaux-stuhl_97111_200x200@2x.jpg 400w, https:\/\/raum-blick.de\/magazin\/wp-content\/uploads\/2023\/10\/vitra-eames-wool-blanket-bordeaux-stuhl_97111_200x200@2x-300x300.jpg 300w, https:\/\/raum-blick.de\/magazin\/wp-content\/uploads\/2023\/10\/vitra-eames-wool-blanket-bordeaux-stuhl_97111_200x200@2x-150x150.jpg 150w\" sizes=\"(max-width: 400px) 100vw, 400px\" \/><figcaption class=\"wp-element-caption\">Wie raffiniert: vorne andersfarbig als hinten<\/figcaption><\/figure>\n<\/div>\n<\/div>\n\n\n\n<p>In unserem Shop finden Sie nat\u00fcrlich noch mehr formsch\u00f6ne Vitra Design-Objekte und alles, was Ihr Zuhause jetzt herbstgem\u00fctlich macht. Reinklicken, sich verlieben und bestellen \u2013 in der Reihenfolge w\u00e4re es uns am liebsten.<\/p>\n","protected":false},"excerpt":{"rendered":"<p>\u00ab Ein Vogel im Dauer-H\u00f6henflug \u00bb Abgesehen von Snoopys kleinem gelben Freund Woodstock, d\u00fcrfte der Eames House Bird wohl einer der ber\u00fchmtesten V\u00f6gel weltweit sein. Ein Kultobjekt, das seit Jahrzehnten f\u00fcr innovatives und \u00e4sthetisches Design steht und nach wie vor eine zeitlose Relevanz besitzt. Diese dekorative Skulptur, die Vitra seit den 50er Jahren in Lizenz [&hellip;]<\/p>\n","protected":false},"author":4,"featured_media":18789,"comment_status":"closed","ping_status":"open","sticky":false,"template":"","format":"standard","meta":{"_et_pb_use_builder":"","_et_pb_old_content":"","_et_gb_content_width":"","inline_featured_image":false,"footnotes":""},"categories":[7,1,8],"tags":[1890,1868,626,520,27],"class_list":["post-18775","post","type-post","status-publish","format-standard","has-post-thumbnail","hentry","category-accessoires-lifestyle","category-drinnen","category-features","tag-designikonen","tag-designobjekte","tag-eames-elephant","tag-vitra","tag-wohnaccessoires"],"_links":{"self":[{"href":"https:\/\/raum-blick.de\/magazin\/wp-json\/wp\/v2\/posts\/18775","targetHints":{"allow":["GET"]}}],"collection":[{"href":"https:\/\/raum-blick.de\/magazin\/wp-json\/wp\/v2\/posts"}],"about":[{"href":"https:\/\/raum-blick.de\/magazin\/wp-json\/wp\/v2\/types\/post"}],"author":[{"embeddable":true,"href":"https:\/\/raum-blick.de\/magazin\/wp-json\/wp\/v2\/users\/4"}],"replies":[{"embeddable":true,"href":"https:\/\/raum-blick.de\/magazin\/wp-json\/wp\/v2\/comments?post=18775"}],"version-history":[{"count":34,"href":"https:\/\/raum-blick.de\/magazin\/wp-json\/wp\/v2\/posts\/18775\/revisions"}],"predecessor-version":[{"id":18822,"href":"https:\/\/raum-blick.de\/magazin\/wp-json\/wp\/v2\/posts\/18775\/revisions\/18822"}],"wp:featuredmedia":[{"embeddable":true,"href":"https:\/\/raum-blick.de\/magazin\/wp-json\/wp\/v2\/media\/18789"}],"wp:attachment":[{"href":"https:\/\/raum-blick.de\/magazin\/wp-json\/wp\/v2\/media?parent=18775"}],"wp:term":[{"taxonomy":"category","embeddable":true,"href":"https:\/\/raum-blick.de\/magazin\/wp-json\/wp\/v2\/categories?post=18775"},{"taxonomy":"post_tag","embeddable":true,"href":"https:\/\/raum-blick.de\/magazin\/wp-json\/wp\/v2\/tags?post=18775"}],"curies":[{"name":"wp","href":"https:\/\/api.w.org\/{rel}","templated":true}]}}