{"id":18589,"date":"2023-10-17T01:23:37","date_gmt":"2023-10-16T23:23:37","guid":{"rendered":"https:\/\/www.raum-blick.de\/magazin\/?p=18589"},"modified":"2024-03-25T17:38:43","modified_gmt":"2024-03-25T16:38:43","slug":"kleine-raeume-einrichten","status":"publish","type":"post","link":"https:\/\/raum-blick.de\/magazin\/kleine-raeume-einrichten\/","title":{"rendered":"Kleine R\u00e4ume ganz gro\u00df \u2013 so wird&#8217;s offen und gem\u00fctlich!"},"content":{"rendered":"\n<h2 class=\"wp-block-heading\"><span class=\"ez-toc-section\" id=\"%C2%AB_Maximale_Wohnlichkeit_bei_minimalem_Platz_%C2%BB\"><\/span>\u00ab Maximale Wohnlichkeit bei minimalem Platz \u00bb<span class=\"ez-toc-section-end\"><\/span><\/h2>\n\n\n\n<p><strong>Kleine R\u00e4ume einzurichten, hat schon so manchen verzweifeln lassen. Denn nur einen begrenzten Raum zur Verf\u00fcgung zu haben, ist erst einmal eine Herausforderung. Dabei kann es so inspirierend sein, daraus etwas Gro\u00dfartiges zu machen und jeden Zentimeter gut zu verwenden. \u00dcberschaubare Dimensionen haben Charme, Tiny Houses boomen und Minimalismus ist der neue Luxus. Wir zeigen Ihnen, mit welchen <a href=\"https:\/\/www.raum-blick.de\/moebel\/\">M\u00f6beln<\/a>, <a href=\"https:\/\/www.raum-blick.de\/dekoration\/\">Accessoires<\/a> und Ideen, Sie in kleinen R\u00e4umen Platz schaffen k\u00f6nnen. <\/strong><\/p>\n\n\n\n<h2 class=\"wp-block-heading\"><span class=\"ez-toc-section\" id=\"Wohntraeume_auf_kleinstem_Raum\"><\/span>Wohntr\u00e4ume auf kleinstem Raum<span class=\"ez-toc-section-end\"><\/span><\/h2>\n\n\n\n<p>Von wegen Mini-Zimmer! Selbst das kleine Studio unterm Dach oder die Ein-Zimmer-Wohnung haben reichlich Potenzial. Wie Sie aus wenigen Quadratmetern optisch das Beste herausholen, was Sie dabei beachten sollten und wie Sie mit Fingerspitzengef\u00fchl, den gewissen Extras, einer guten Struktur und den richtigen T\u00f6nen Ihren ganz individuellen Kleine-R\u00e4ume-Gl\u00fccksmix finden, das verraten wir Ihnen hier. <\/p><div id=\"ez-toc-container\" class=\"ez-toc-v2_0_82_2 counter-hierarchy ez-toc-counter ez-toc-grey ez-toc-container-direction\">\n<div class=\"ez-toc-title-container\">\n<p class=\"ez-toc-title\" style=\"cursor:inherit\">Was hier auf Sie wartet<\/p>\n<span class=\"ez-toc-title-toggle\"><a href=\"#\" class=\"ez-toc-pull-right ez-toc-btn ez-toc-btn-xs ez-toc-btn-default ez-toc-toggle\" aria-label=\"Toggle Table of Content\"><span class=\"ez-toc-js-icon-con\"><span class=\"\"><span class=\"eztoc-hide\" style=\"display:none;\">Toggle<\/span><span class=\"ez-toc-icon-toggle-span\"><svg style=\"fill: #999;color:#999\" xmlns=\"http:\/\/www.w3.org\/2000\/svg\" class=\"list-377408\" width=\"20px\" height=\"20px\" viewBox=\"0 0 24 24\" fill=\"none\"><path d=\"M6 6H4v2h2V6zm14 0H8v2h12V6zM4 11h2v2H4v-2zm16 0H8v2h12v-2zM4 16h2v2H4v-2zm16 0H8v2h12v-2z\" fill=\"currentColor\"><\/path><\/svg><svg style=\"fill: #999;color:#999\" class=\"arrow-unsorted-368013\" xmlns=\"http:\/\/www.w3.org\/2000\/svg\" width=\"10px\" height=\"10px\" viewBox=\"0 0 24 24\" version=\"1.2\" baseProfile=\"tiny\"><path d=\"M18.2 9.3l-6.2-6.3-6.2 6.3c-.2.2-.3.4-.3.7s.1.5.3.7c.2.2.4.3.7.3h11c.3 0 .5-.1.7-.3.2-.2.3-.5.3-.7s-.1-.5-.3-.7zM5.8 14.7l6.2 6.3 6.2-6.3c.2-.2.3-.5.3-.7s-.1-.5-.3-.7c-.2-.2-.4-.3-.7-.3h-11c-.3 0-.5.1-.7.3-.2.2-.3.5-.3.7s.1.5.3.7z\"\/><\/svg><\/span><\/span><\/span><\/a><\/span><\/div>\n<nav><ul class='ez-toc-list ez-toc-list-level-1 ' ><li class='ez-toc-page-1 ez-toc-heading-level-2'><a class=\"ez-toc-link ez-toc-heading-1\" href=\"https:\/\/raum-blick.de\/magazin\/kleine-raeume-einrichten\/#%C2%AB_Maximale_Wohnlichkeit_bei_minimalem_Platz_%C2%BB\" >\u00ab Maximale Wohnlichkeit bei minimalem Platz \u00bb<\/a><\/li><li class='ez-toc-page-1 ez-toc-heading-level-2'><a class=\"ez-toc-link ez-toc-heading-2\" href=\"https:\/\/raum-blick.de\/magazin\/kleine-raeume-einrichten\/#Wohntraeume_auf_kleinstem_Raum\" >Wohntr\u00e4ume auf kleinstem Raum<\/a><ul class='ez-toc-list-level-3' ><li class='ez-toc-heading-level-3'><a class=\"ez-toc-link ez-toc-heading-3\" href=\"https:\/\/raum-blick.de\/magazin\/kleine-raeume-einrichten\/#1_Der_richtige_Farbton\" >1. Der richtige Farbton<\/a><\/li><li class='ez-toc-page-1 ez-toc-heading-level-3'><a class=\"ez-toc-link ez-toc-heading-4\" href=\"https:\/\/raum-blick.de\/magazin\/kleine-raeume-einrichten\/#2_Smarte_Einbauten\" >2. Smarte Einbauten<\/a><\/li><li class='ez-toc-page-1 ez-toc-heading-level-3'><a class=\"ez-toc-link ez-toc-heading-5\" href=\"https:\/\/raum-blick.de\/magazin\/kleine-raeume-einrichten\/#3_Multifunktionale_Moebel\" >3. Multifunktionale M\u00f6bel<\/a><\/li><li class='ez-toc-page-1 ez-toc-heading-level-3'><a class=\"ez-toc-link ez-toc-heading-6\" href=\"https:\/\/raum-blick.de\/magazin\/kleine-raeume-einrichten\/#4_Minimalistische_Deko\" >4. Minimalistische Deko<\/a><\/li><li class='ez-toc-page-1 ez-toc-heading-level-3'><a class=\"ez-toc-link ez-toc-heading-7\" href=\"https:\/\/raum-blick.de\/magazin\/kleine-raeume-einrichten\/#5_Mehr_Groesse_und_Tiefe_erzeugen\" >5. Mehr Gr\u00f6\u00dfe und Tiefe erzeugen<\/a><\/li><\/ul><\/li><li class='ez-toc-page-1 ez-toc-heading-level-2'><a class=\"ez-toc-link ez-toc-heading-8\" href=\"https:\/\/raum-blick.de\/magazin\/kleine-raeume-einrichten\/#Tipps_fuer_kleine_Flure_mit_grossem_Hallo\" >Tipps f\u00fcr kleine Flure mit gro\u00dfem Hallo<\/a><\/li><li class='ez-toc-page-1 ez-toc-heading-level-2'><a class=\"ez-toc-link ez-toc-heading-9\" href=\"https:\/\/raum-blick.de\/magazin\/kleine-raeume-einrichten\/#Tipps_fuer_durchdachte_kleine_Kuechen\" >Tipps f\u00fcr durchdachte kleine K\u00fcchen<\/a><\/li><li class='ez-toc-page-1 ez-toc-heading-level-2'><a class=\"ez-toc-link ez-toc-heading-10\" href=\"https:\/\/raum-blick.de\/magazin\/kleine-raeume-einrichten\/#Tipps_fuer_kleine_Schlafzimmer-Oasen\" >Tipps f\u00fcr kleine Schlafzimmer-Oasen<\/a><\/li><li class='ez-toc-page-1 ez-toc-heading-level-2'><a class=\"ez-toc-link ez-toc-heading-11\" href=\"https:\/\/raum-blick.de\/magazin\/kleine-raeume-einrichten\/#Tipps_fuer_kleine_Traum-Baeder\" >Tipps f\u00fcr kleine (Traum-)B\u00e4der<\/a><\/li><li class='ez-toc-page-1 ez-toc-heading-level-2'><a class=\"ez-toc-link ez-toc-heading-12\" href=\"https:\/\/raum-blick.de\/magazin\/kleine-raeume-einrichten\/#Tipps_fuer_den_Alles-in-einem-Raum\" >Tipps f\u00fcr den Alles-in-einem-Raum<\/a><\/li><\/ul><\/nav><\/div>\n\n\n\n\n<p>Ob Flur, K\u00fcche, Schlafzimmer, Bad oder Multi-Raum, grunds\u00e4tzlich sollten Sie beim Einrichten von kleinen R\u00e4umen diese <strong>f\u00fcnf Punkte beachten:<\/strong> <\/p>\n\n\n\n<h3 class=\"wp-block-heading\"><span class=\"ez-toc-section\" id=\"1_Der_richtige_Farbton\"><\/span><strong>1. Der richtige Farbton<\/strong><span class=\"ez-toc-section-end\"><\/span><\/h3>\n\n\n\n<p>Um kleine R\u00e4ume gr\u00f6\u00dfer wirken zu lassen, braucht es neutrale Farbt\u00f6ne wie Wei\u00df, Beige oder Pastellfarben. Sie reflektieren das Licht und schaffen optische Weite. Haben Decken, W\u00e4nde, Vorh\u00e4nge und Einbauten einen Farbton, strahlt der Raum Ruhe und Geborgenheit aus und wirkt angenehm frei. Aber auch dunkle T\u00f6ne funktionieren in kleinen R\u00e4umen ganz wunderbar, da sie die Konturen des Raums verschwinden lassen und der dadurch nahezu uferlos wirkt. Sie m\u00f6gen es lieber kontrastreich? Kein Problem. Schwarz und Wei\u00df beispielsweise verleihen einem Raum Charakter, erzeugen optische Tiefe und lassen einzelne, farbige Accessoires so richtig leuchten. Hat ihr Interieur viel Holz, sollten Sie Farben auf alle F\u00e4lle Farbe nur dezent und als punktuellen &#8222;Stimmungsmacher&#8220; einsetzen. <\/p>\n\n\n\n<h3 class=\"wp-block-heading\"><span class=\"ez-toc-section\" id=\"2_Smarte_Einbauten\"><\/span><strong>2. Smarte Einbauten<\/strong><span class=\"ez-toc-section-end\"><\/span><\/h3>\n\n\n\n<p>Ordnung ist in kleinen R\u00e4umen das A und O. Und Stauraum Gold wert. Der l\u00e4sst sich mit vom Schreiner ma\u00dfgefertigten Einbauten bis an die Decke gewinnen. Auch Nischen und Dachschr\u00e4gen lassen sich so sinnvoll nutzen. Beispielsweise f\u00fcr Regale oder als Arbeitsecke. \u00dcberhaupt sind die W\u00e4nde perfekt, wenn Sie keinen Platz am Boden haben. Einbauten, <a href=\"https:\/\/www.raum-blick.de\/string-furniture\/\">H\u00e4ngem\u00f6bel<\/a>, schwenkbare <a href=\"https:\/\/www.raum-blick.de\/wandleuchten\/\">Wandleuchten<\/a> \u2013 all das ist hier bestens aufgehoben und noch mehr Deko braucht der Raum dann auch nicht mehr. <\/p>\n\n\n\n<h3 class=\"wp-block-heading\"><span class=\"ez-toc-section\" id=\"3_Multifunktionale_Moebel\"><\/span><strong>3. Multifunktionale M\u00f6bel<\/strong><span class=\"ez-toc-section-end\"><\/span><\/h3>\n\n\n\n<p>Kleine R\u00e4ume sollten flexibel nutzbar sein. <a href=\"https:\/\/www.raum-blick.de\/jan-kurtz-tische\/\">Klapptische<\/a> und -st\u00fchle, <a href=\"https:\/\/www.raum-blick.de\/ferm-living-moebel\/\">Schlafsofas<\/a> und Schrankbetten sind daher eine gute Wahl und schaffen bei Bedarf zus\u00e4tzlich Platz. Generell sollten die M\u00f6bel bei wenig Platz sowieso auch eher kleiner ausfallen und nicht den ganzen Raum ausf\u00fcllen. Reduziert einrichten ist bei wenig Quadratmetern extrem wichtig. Und Sie k\u00f6nnen nat\u00fcrlich genauso multifunktionale R\u00e4ume schaffen: beispielsweise eine Mini-K\u00fcchenzeile in einen offenen Wohn-\/Essbereich einbauen. So haben Sie 2-in-1. Ganz sch\u00f6n clever!<\/p>\n\n\n\n<h3 class=\"wp-block-heading\"><span class=\"ez-toc-section\" id=\"4_Minimalistische_Deko\"><\/span><strong>4. Minimalistische Deko<\/strong><span class=\"ez-toc-section-end\"><\/span><\/h3>\n\n\n\n<p>Auch wenn wir bei schmuckem Beiwerk gerne mal schwach werden: Weniger ist mehr! Das gilt vor allem und ganz besonders in kleinen R\u00e4umen. Durch die Reduktion von \u00fcberfl\u00fcssigen Dekorationselementen und M\u00f6belst\u00fccken entsteht eine klare und aufger\u00e4umte Atmosph\u00e4re. Schlichte Linienf\u00fchrung und dezente Farben schaffen Ruhe und lassen den Raum gr\u00f6\u00dfer wirken. <\/p>\n\n\n\n<h3 class=\"wp-block-heading\"><span class=\"ez-toc-section\" id=\"5_Mehr_Groesse_und_Tiefe_erzeugen\"><\/span><strong>5. Mehr Gr\u00f6\u00dfe und Tiefe erzeugen<\/strong><span class=\"ez-toc-section-end\"><\/span><\/h3>\n\n\n\n<p>Spiegel sind ein bew\u00e4hrtes Mittel, um kleine R\u00e4ume optisch zu vergr\u00f6\u00dfern. Geschickt platziert reflektieren sie das Licht und machen den Raum heller und weiter. Denselben Effekt haben gezielte Lichtquellen wie Stehlampen oder eine indirekte Beleuchtung. Und mit einigen optischen Tricks l\u00e4sst sich auch die Illusion von mehr Raumtiefe erzeugen: Vertikale Streifen an W\u00e4nden oder Vorh\u00e4ngen strecken den Raum optisch nach oben. Ebenso k\u00f6nnen gro\u00dfe Wandbilder oder Fototapeten mit Tiefenwirkung den Blick lenken und den Raum gr\u00f6\u00dfer wirken lassen. Mit dauerhaft ge\u00f6ffneten T\u00fcren funktioniert das im \u00dcbrigen auch. Da wird aus zwei kleinen R\u00e4umen ganz schnell ein gro\u00dfer. <\/p>\n\n\n\n<div style=\"height:20px\" aria-hidden=\"true\" class=\"wp-block-spacer\"><\/div>\n\n\n\n<figure class=\"wp-block-gallery has-nested-images columns-default is-cropped wp-block-gallery-2 is-layout-flex wp-block-gallery-is-layout-flex\">\n<figure class=\"wp-block-image size-large is-style-rounded\"><img loading=\"lazy\" decoding=\"async\" width=\"400\" height=\"400\" data-id=\"18633\" src=\"https:\/\/www.raum-blick.de\/magazin\/wp-content\/uploads\/2023\/10\/eiche-whtie-sand-umage-lounge-around-sofa-3-sitzer_86254_200x200@2x.jpg\" alt=\"Helle Farben f\u00fcr kleine R\u00e4ume, das UMAGE-Sofa ist hier der perfekt Begleiter\" class=\"wp-image-18633\" title=\"\" srcset=\"https:\/\/raum-blick.de\/magazin\/wp-content\/uploads\/2023\/10\/eiche-whtie-sand-umage-lounge-around-sofa-3-sitzer_86254_200x200@2x.jpg 400w, https:\/\/raum-blick.de\/magazin\/wp-content\/uploads\/2023\/10\/eiche-whtie-sand-umage-lounge-around-sofa-3-sitzer_86254_200x200@2x-300x300.jpg 300w, https:\/\/raum-blick.de\/magazin\/wp-content\/uploads\/2023\/10\/eiche-whtie-sand-umage-lounge-around-sofa-3-sitzer_86254_200x200@2x-150x150.jpg 150w\" sizes=\"(max-width: 400px) 100vw, 400px\" \/><figcaption class=\"wp-element-caption\">Helle Farben schaffen Gr\u00f6\u00dfe \u2013 <br><a href=\"https:\/\/www.raum-blick.de\/umage-moebel\/\">UMAGE Lounge Around Sofa<\/a><\/figcaption><\/figure>\n\n\n\n<figure class=\"wp-block-image size-large\"><img loading=\"lazy\" decoding=\"async\" width=\"400\" height=\"400\" data-id=\"18634\" src=\"https:\/\/www.raum-blick.de\/magazin\/wp-content\/uploads\/2023\/10\/byLassen-Frame-4_32546KgzStOuIXO9Lm_200x200@2x.jpg\" alt=\"H\u00e4ngem\u00f6bel von Audo mit jeder Menge Stauraum - perfekt f\u00fcr kleine R\u00e4ume\" class=\"wp-image-18634\" title=\"\" srcset=\"https:\/\/raum-blick.de\/magazin\/wp-content\/uploads\/2023\/10\/byLassen-Frame-4_32546KgzStOuIXO9Lm_200x200@2x.jpg 400w, https:\/\/raum-blick.de\/magazin\/wp-content\/uploads\/2023\/10\/byLassen-Frame-4_32546KgzStOuIXO9Lm_200x200@2x-300x300.jpg 300w, https:\/\/raum-blick.de\/magazin\/wp-content\/uploads\/2023\/10\/byLassen-Frame-4_32546KgzStOuIXO9Lm_200x200@2x-150x150.jpg 150w\" sizes=\"(max-width: 400px) 100vw, 400px\" \/><figcaption class=\"wp-element-caption\"><mark style=\"background-color:#000000\" class=\"has-inline-color has-white-color\">H\u00e4ngem\u00f6bel f\u00fcr mehr Platz \u2013 <br><a href=\"https:\/\/www.raum-blick.de\/audo-frame\/\">Audo Frame 42<\/a><\/mark><\/figcaption><\/figure>\n\n\n\n<figure class=\"wp-block-image size-large is-style-rounded\"><img loading=\"lazy\" decoding=\"async\" width=\"400\" height=\"400\" data-id=\"18635\" src=\"https:\/\/www.raum-blick.de\/magazin\/wp-content\/uploads\/2023\/10\/String-klapptisch-2-weiss_200x200@2x.jpg\" alt=\"Platzsparend und formsch\u00f6n: der Klapptisch von String\" class=\"wp-image-18635\" title=\"\" srcset=\"https:\/\/raum-blick.de\/magazin\/wp-content\/uploads\/2023\/10\/String-klapptisch-2-weiss_200x200@2x.jpg 400w, https:\/\/raum-blick.de\/magazin\/wp-content\/uploads\/2023\/10\/String-klapptisch-2-weiss_200x200@2x-300x300.jpg 300w, https:\/\/raum-blick.de\/magazin\/wp-content\/uploads\/2023\/10\/String-klapptisch-2-weiss_200x200@2x-150x150.jpg 150w\" sizes=\"(max-width: 400px) 100vw, 400px\" \/><figcaption class=\"wp-element-caption\">Praktischer, multifunktionaler Klapptisch \u2013 <a href=\"https:\/\/www.raum-blick.de\/string-furniture\/\">String Furniture<\/a><\/figcaption><\/figure>\n\n\n\n<figure class=\"wp-block-image size-large is-style-default\"><img loading=\"lazy\" decoding=\"async\" width=\"400\" height=\"400\" data-id=\"18636\" src=\"https:\/\/www.raum-blick.de\/magazin\/wp-content\/uploads\/2023\/10\/petit-potence-schwarz-vitra_57028_200x200@2x.jpg\" alt=\"Schwenkbare Wandleuchte von Vitra, in kleinen R\u00e4umen ganz gro\u00df \" class=\"wp-image-18636\" title=\"\" srcset=\"https:\/\/raum-blick.de\/magazin\/wp-content\/uploads\/2023\/10\/petit-potence-schwarz-vitra_57028_200x200@2x.jpg 400w, https:\/\/raum-blick.de\/magazin\/wp-content\/uploads\/2023\/10\/petit-potence-schwarz-vitra_57028_200x200@2x-300x300.jpg 300w, https:\/\/raum-blick.de\/magazin\/wp-content\/uploads\/2023\/10\/petit-potence-schwarz-vitra_57028_200x200@2x-150x150.jpg 150w\" sizes=\"(max-width: 400px) 100vw, 400px\" \/><figcaption class=\"wp-element-caption\"><mark style=\"background-color:#000000\" class=\"has-inline-color has-white-color\">Kompakt und dimmbar \u2013 <br><a href=\"https:\/\/www.raum-blick.de\/vitra\/\">Vitra Petit Potence<\/a><\/mark><\/figcaption><\/figure>\n\n\n\n<figure class=\"wp-block-image size-large is-style-rounded\"><img loading=\"lazy\" decoding=\"async\" width=\"400\" height=\"400\" data-id=\"18637\" src=\"https:\/\/www.raum-blick.de\/magazin\/wp-content\/uploads\/2023\/10\/menu-norm-floor-schwarz-7800589-2q3oZtTbWa0udO_200x200@2x.jpg\" alt=\"Optische Vergr\u00f6\u00dferung f\u00fcr kleine R\u00e4ume, mit Spiegeln wie diesem von Audo ganz easy\" class=\"wp-image-18637\" title=\"\" srcset=\"https:\/\/raum-blick.de\/magazin\/wp-content\/uploads\/2023\/10\/menu-norm-floor-schwarz-7800589-2q3oZtTbWa0udO_200x200@2x.jpg 400w, https:\/\/raum-blick.de\/magazin\/wp-content\/uploads\/2023\/10\/menu-norm-floor-schwarz-7800589-2q3oZtTbWa0udO_200x200@2x-300x300.jpg 300w, https:\/\/raum-blick.de\/magazin\/wp-content\/uploads\/2023\/10\/menu-norm-floor-schwarz-7800589-2q3oZtTbWa0udO_200x200@2x-150x150.jpg 150w\" sizes=\"(max-width: 400px) 100vw, 400px\" \/><figcaption class=\"wp-element-caption\">Anlehnen oder aufh\u00e4ngen \u2013 <br><a href=\"https:\/\/www.raum-blick.de\/spiegel\/\">Audo Norm Floor Spiegel<\/a><\/figcaption><\/figure>\n\n\n\n<figure class=\"wp-block-image size-large\"><img loading=\"lazy\" decoding=\"async\" width=\"400\" height=\"400\" data-id=\"18638\" src=\"https:\/\/www.raum-blick.de\/magazin\/wp-content\/uploads\/2023\/10\/Kay-boyesen-affe-mini-teak-limba-39249-37hcjmtnxReVSg_200x200@2x.jpg\" alt=\"Der Affe von Kay Bojesen ist Kult und macht als Deko-Objekt nicht nur in kleinen R\u00e4umen eine gute Figur\" class=\"wp-image-18638\" title=\"\" srcset=\"https:\/\/raum-blick.de\/magazin\/wp-content\/uploads\/2023\/10\/Kay-boyesen-affe-mini-teak-limba-39249-37hcjmtnxReVSg_200x200@2x.jpg 400w, https:\/\/raum-blick.de\/magazin\/wp-content\/uploads\/2023\/10\/Kay-boyesen-affe-mini-teak-limba-39249-37hcjmtnxReVSg_200x200@2x-300x300.jpg 300w, https:\/\/raum-blick.de\/magazin\/wp-content\/uploads\/2023\/10\/Kay-boyesen-affe-mini-teak-limba-39249-37hcjmtnxReVSg_200x200@2x-150x150.jpg 150w\" sizes=\"(max-width: 400px) 100vw, 400px\" \/><figcaption class=\"wp-element-caption\"><mark style=\"background-color:#000000\" class=\"has-inline-color has-white-color\">D\u00e4nischer Design-Klassiker \u2013 <br>der Holz-Affe von <a href=\"https:\/\/www.raum-blick.de\/kay-bojesen\/\">Kay Bojesen<\/a><\/mark><\/figcaption><\/figure>\n<\/figure>\n\n\n\n<div style=\"height:30px\" aria-hidden=\"true\" class=\"wp-block-spacer\"><\/div>\n\n\n\n<h2 class=\"wp-block-heading\"><span class=\"ez-toc-section\" id=\"Tipps_fuer_kleine_Flure_mit_grossem_Hallo\"><\/span>Tipps f\u00fcr kleine Flure mit gro\u00dfem Hallo<span class=\"ez-toc-section-end\"><\/span><\/h2>\n\n\n\n<p>Dieser oft kleine Raum ist mehr als nur eine Durchgangsstation. Er ist das Erste, was wir und unsere G\u00e4ste sehen, wenn sich die T\u00fcr \u00f6ffnet. Umso wichtiger, ihm mehr Aufmerksamkeit zu widmen und aus ihm ein wohnliches Entree zu machen. <\/p>\n\n\n\n<p>Setzen Sie auf <strong>lange, schmale M\u00f6bel.<\/strong> Sie ziehen den Raum optisch in die L\u00e4nge. Und eine Bank dient hier nicht nur als Sitzgelegenheit, unter der auch mal Schuhe verschwinden k\u00f6nnen, sondern ist gleichzeitig Ablagefl\u00e4che. Ein Sideboard mit geringer Tiefe bietet zus\u00e4tzlichen Stauraum, ein Wandbord Platz f\u00fcr kleine, dekorative Objekte und f\u00fcr M\u00e4ntel &amp; Co. gibt es praktische und gut aussehende Haken. Dazu filigrane Wandleuchten, dimmbare Spotlights oder auch mehrere kleine Lichtquellen wie Tisch- und Stehleuchten. Das schafft Atmosph\u00e4re. Und ein am Flurende platzierter Spiegel, l\u00e4sst selbst die kleinste Diele endlos erscheinen. Er darf nat\u00fcrlich gerne etwas au\u00dfergew\u00f6hnlicher sein, schlie\u00dflich geht es hier um den ersten Eindruck. <\/p>\n\n\n\n<p>Ein <strong>Gef\u00fchl von Grenzenlosigkeit<\/strong> l\u00e4sst sich aber auch mit Farbe erzielen. Vor allem dunklere T\u00f6ne sind hier ideal \u2013 an W\u00e4nden, Decke und T\u00fcren. Wenn die M\u00f6bel dann noch analog dazu gew\u00e4hlt werden, wird&#8217;s sch\u00f6n harmonisch. F\u00fcr mehr Rauml\u00e4nge sorgen \u00fcbrigens auch l\u00e4ngliche Fliesen, ein linear verlegtes Parkett oder in einer Linie aufgeh\u00e4ngte Bilder. Als optische Flur-Aufheller sind gekalktes Holz oder wei\u00dfe Keramik perfekt. Und nicht zu vergessen: ein zarter Raumduft, der jedem sofort ein wohlig-heimeliges Willkommens-Gef\u00fchl vermittelt. <\/p>\n\n\n\n<div style=\"height:20px\" aria-hidden=\"true\" class=\"wp-block-spacer\"><\/div>\n\n\n\n<figure class=\"wp-block-image size-full is-resized is-style-rounded\"><img loading=\"lazy\" decoding=\"async\" src=\"https:\/\/www.raum-blick.de\/magazin\/wp-content\/uploads\/2023\/10\/form-and-refine-truhenbank_77484_200x200@2x.jpg\" alt=\"Eine Truhenbank wie diese hier von Form &amp; Regine schafft Stauraum und verl\u00e4ngert kleine Flure optisch\" class=\"wp-image-18642\" width=\"840\" height=\"840\" title=\"\" srcset=\"https:\/\/raum-blick.de\/magazin\/wp-content\/uploads\/2023\/10\/form-and-refine-truhenbank_77484_200x200@2x.jpg 400w, https:\/\/raum-blick.de\/magazin\/wp-content\/uploads\/2023\/10\/form-and-refine-truhenbank_77484_200x200@2x-300x300.jpg 300w, https:\/\/raum-blick.de\/magazin\/wp-content\/uploads\/2023\/10\/form-and-refine-truhenbank_77484_200x200@2x-150x150.jpg 150w\" sizes=\"(max-width: 840px) 100vw, 840px\" \/><figcaption class=\"wp-element-caption\">Sitzgelegenheit, Ablage und jede Menge Stauraum \u2013 <a href=\"https:\/\/www.raum-blick.de\/garderobenbaenke-hocker\/\">Truhenbank 111 von Form &amp; Refine <\/a>aus warmem Eichenholz <\/figcaption><\/figure>\n\n\n\n<div style=\"height:15px\" aria-hidden=\"true\" class=\"wp-block-spacer\"><\/div>\n\n\n\n<h2 class=\"wp-block-heading\"><span class=\"ez-toc-section\" id=\"Tipps_fuer_durchdachte_kleine_Kuechen\"><\/span>Tipps f\u00fcr durchdachte kleine K\u00fcchen<span class=\"ez-toc-section-end\"><\/span><\/h2>\n\n\n\n<p>Die K\u00fcche ist das neue Wohnzimmer. Und die Zeiten, in denen sie lediglich der Ort zum Kochen war, sind l\u00e4ngst vorbei. Aber auch um hier nur gem\u00fctlich mit Freunden zu sitzen, braucht es Platz. Oder besser gesagt viel Stauraum. Dazu klare Linien, feine Materialien und durchdachte L\u00f6sungen. <\/p>\n\n\n\n<p><strong>Geschlossenheit hei\u00dft das Zauberwort<\/strong> f\u00fcr Ruhe, \u00dcbersichtlichkeit und Gro\u00dfz\u00fcgigkeit. Die erzielen Sie mit deckenhohen Schr\u00e4nken. Ohne Griffe und am besten b\u00fcndig in die Wand eingelassen. Das gilt auch f\u00fcr K\u00fchl- und Vorratsschrank. Verwenden Sie m\u00f6glichst wenig Farben, seien Sie sparsam mit unterschiedlichen Haptiken und halten Sie die Ger\u00e4te m\u00f6glichst in einem Look, dann entsteht ein eleganter Gesamteindruck. Schwere Oberschr\u00e4nke sind f\u00fcr kleine K\u00fcchen genauso tabu wie ausladende Dunstabzugshauben. F\u00fcr beides gibt es bessere L\u00f6sungen: schmale Regale, lange Wandbretter, ein im Herd integrierter Abzug. Und auch was die Beleuchtung angeht: Halten Sie es clean und ruhig und setzen Sie lieber auf Wand- statt auf H\u00e4ngeleuchten. <\/p>\n\n\n\n<p>Ganz wichtig f\u00fcr kleine K\u00fcchen: <strong>praktische Helfer<\/strong> wie Klapptische, -st\u00fchle, Hocker oder Servierwagen, die Sie je nach Bedarf ganz schnell verschwinden oder hervorholen k\u00f6nnen. Dekorative Mini-Regale, die dem stapelbaren Geschirr und den Gl\u00e4sern ein zu Hause bieten oder auf denen Sie nat\u00fcrlich auch Ihre Lieblingsst\u00fccke pr\u00e4sentieren k\u00f6nnen. Und den Hauch Wohnlichkeit bringen kleine T\u00f6pfe mit Kr\u00e4utern und Pflanzen. <\/p>\n\n\n\n<div class=\"wp-block-columns is-layout-flex wp-container-core-columns-is-layout-9d6595d7 wp-block-columns-is-layout-flex\">\n<div class=\"wp-block-column is-layout-flow wp-block-column-is-layout-flow\">\n<figure class=\"wp-block-image size-full\"><img loading=\"lazy\" decoding=\"async\" width=\"400\" height=\"400\" src=\"https:\/\/www.raum-blick.de\/magazin\/wp-content\/uploads\/2023\/10\/muuto-flow-trolley-fiber-side-chair_79950_200x200@2x-1.jpg\" alt=\"Praktischer Helfer in kleinen K\u00fcchen, der Servierwagen von muuto\" class=\"wp-image-18668\" title=\"\" srcset=\"https:\/\/raum-blick.de\/magazin\/wp-content\/uploads\/2023\/10\/muuto-flow-trolley-fiber-side-chair_79950_200x200@2x-1.jpg 400w, https:\/\/raum-blick.de\/magazin\/wp-content\/uploads\/2023\/10\/muuto-flow-trolley-fiber-side-chair_79950_200x200@2x-1-300x300.jpg 300w, https:\/\/raum-blick.de\/magazin\/wp-content\/uploads\/2023\/10\/muuto-flow-trolley-fiber-side-chair_79950_200x200@2x-1-150x150.jpg 150w\" sizes=\"(max-width: 400px) 100vw, 400px\" \/><figcaption class=\"wp-element-caption\">Ganz sch\u00f6n praktisch: <a href=\"https:\/\/www.raum-blick.de\/servierwaegen\/\">Der Flow Trolley von muuto<\/a> braucht wenig Raum und rollt \u00fcberall dorthin, wo er gebraucht wird.<\/figcaption><\/figure>\n<\/div>\n\n\n\n<div class=\"wp-block-column is-layout-flow wp-block-column-is-layout-flow\">\n<figure class=\"wp-block-image size-full is-resized\"><img loading=\"lazy\" decoding=\"async\" src=\"https:\/\/www.raum-blick.de\/magazin\/wp-content\/uploads\/2023\/10\/string-kueche-regal-grau_68759_200x200@2x-2.jpg\" alt=\"Vorkonfiguriertes String K\u00fcchenregal f\u00fcr cleveres Aufbewahren in kleinen K\u00fcchen\" class=\"wp-image-18669\" width=\"401\" height=\"401\" title=\"\" srcset=\"https:\/\/raum-blick.de\/magazin\/wp-content\/uploads\/2023\/10\/string-kueche-regal-grau_68759_200x200@2x-2.jpg 400w, https:\/\/raum-blick.de\/magazin\/wp-content\/uploads\/2023\/10\/string-kueche-regal-grau_68759_200x200@2x-2-300x300.jpg 300w, https:\/\/raum-blick.de\/magazin\/wp-content\/uploads\/2023\/10\/string-kueche-regal-grau_68759_200x200@2x-2-150x150.jpg 150w\" sizes=\"(max-width: 401px) 100vw, 401px\" \/><figcaption class=\"wp-element-caption\">Auf kleinstem Raum alles, was Sie t\u00e4glich brauchen \u2013 die <a href=\"https:\/\/www.raum-blick.de\/aufbewahrung\/\">String Furniture K\u00fcchenregale<\/a> sind einfach durchdacht.<\/figcaption><\/figure>\n<\/div>\n<\/div>\n\n\n\n<h2 class=\"wp-block-heading\"><span class=\"ez-toc-section\" id=\"Tipps_fuer_kleine_Schlafzimmer-Oasen\"><\/span>Tipps f\u00fcr kleine Schlafzimmer-Oasen<span class=\"ez-toc-section-end\"><\/span><\/h2>\n\n\n\n<p>Im Schnitt verschlafen wir rund 23 Jahre unseres Lebens. Umso harmonischer, ruhiger und entspannender sollte also der Raum sein, in dem wir uns von den Anstrengungen des Tages erholen und neue Energie tanken. <\/p>\n\n\n\n<p><strong>Stauraum und Flexibilit\u00e4t<\/strong> sind in einem kleinen Schlafzimmer ganz wichtig, damit es zum Ruhepol werden kann. Und nat\u00fcrlich das Bett. W\u00e4hlen Sie es mittelgro\u00df, damit es nicht zu wuchtig wirkt. Gerne auch mit einem Bettkasten oder alternativ mit einer Bank mit Stauraum davor, die das Bett optisch verl\u00e4ngert und eine perfekte Kleiderablage ist. Insgesamt sollten die Schlafzimmer-M\u00f6bel und Accessoires eher filigran sein. Also zierliche Beine oder durchl\u00e4ssige T\u00fcren haben. <\/p>\n\n\n\n<p>Was den <strong>Kleiderschrank angeht, bevorzugen sie Schiebet\u00fcren.<\/strong> Das spart Platz. Und wenn die dann noch verspiegelt oder hochgl\u00e4nzend sind, wirkt der Raum gleich gr\u00f6\u00dfer und leichter. Dazu Ordnungsh\u00fcter wie Organizer f\u00fcrs Schrankinnere, kleine K\u00f6rbe f\u00fcr W\u00e4sche oder Dekokissen, Holzboxen f\u00fcr den Schmuck, helle, freundliche Wandfarben, indirekte Lichtleisten und geschickt arrangierte Tisch- oder Stehleuchten und schon ist Ihre kleine, behagliche Wohlf\u00fchl-Oase perfekt.  <\/p>\n\n\n\n<div class=\"wp-block-columns is-layout-flex wp-container-core-columns-is-layout-9d6595d7 wp-block-columns-is-layout-flex\">\n<div class=\"wp-block-column is-layout-flow wp-block-column-is-layout-flow\">\n<figure class=\"wp-block-image size-full\"><img loading=\"lazy\" decoding=\"async\" width=\"400\" height=\"400\" src=\"https:\/\/www.raum-blick.de\/magazin\/wp-content\/uploads\/2023\/10\/mustard-made-the-baskets-aufbewahrungskoerbe-sage-schrank_96450rNZLksMh89bh6_200x200@2x.jpg\" alt=\"Aufbewahrungsk\u00f6rbe von Mustard Made sorgen f\u00fcr Ordnung und das in zig verschiedenen Farben\" class=\"wp-image-18671\" title=\"\" srcset=\"https:\/\/raum-blick.de\/magazin\/wp-content\/uploads\/2023\/10\/mustard-made-the-baskets-aufbewahrungskoerbe-sage-schrank_96450rNZLksMh89bh6_200x200@2x.jpg 400w, https:\/\/raum-blick.de\/magazin\/wp-content\/uploads\/2023\/10\/mustard-made-the-baskets-aufbewahrungskoerbe-sage-schrank_96450rNZLksMh89bh6_200x200@2x-300x300.jpg 300w, https:\/\/raum-blick.de\/magazin\/wp-content\/uploads\/2023\/10\/mustard-made-the-baskets-aufbewahrungskoerbe-sage-schrank_96450rNZLksMh89bh6_200x200@2x-150x150.jpg 150w\" sizes=\"(max-width: 400px) 100vw, 400px\" \/><figcaption class=\"wp-element-caption\">Farbintensive Ordnungsh\u00fcter aus pulverbeschichtetem Stahl, <br>die in jeden Schrank passen \u2013 <a href=\"https:\/\/www.raum-blick.de\/mustard-made\/\">The Baskets von Mustard Made<\/a><\/figcaption><\/figure>\n<\/div>\n\n\n\n<div class=\"wp-block-column is-layout-flow wp-block-column-is-layout-flow\">\n<figure class=\"wp-block-image size-full\"><img loading=\"lazy\" decoding=\"async\" width=\"400\" height=\"400\" src=\"https:\/\/www.raum-blick.de\/magazin\/wp-content\/uploads\/2023\/10\/Mifuko-1418-1318-kiondo-koerbe_96061_200x200@2x.jpg\" alt=\"Mifuko K\u00f6rbe lassen sich vielseitig einsetzen, stammen aus fairem Handel und sind perfekt f\u00fcr kleine R\u00e4ume\" class=\"wp-image-18672\" title=\"\" srcset=\"https:\/\/raum-blick.de\/magazin\/wp-content\/uploads\/2023\/10\/Mifuko-1418-1318-kiondo-koerbe_96061_200x200@2x.jpg 400w, https:\/\/raum-blick.de\/magazin\/wp-content\/uploads\/2023\/10\/Mifuko-1418-1318-kiondo-koerbe_96061_200x200@2x-300x300.jpg 300w, https:\/\/raum-blick.de\/magazin\/wp-content\/uploads\/2023\/10\/Mifuko-1418-1318-kiondo-koerbe_96061_200x200@2x-150x150.jpg 150w\" sizes=\"(max-width: 400px) 100vw, 400px\" \/><figcaption class=\"wp-element-caption\">Handgefertigt in Kenia, Ghana und Tansania, jedes St\u00fcck ein Unikat \u2013 <a href=\"https:\/\/www.raum-blick.de\/mifuko\/\">Mifuko Kiondo Basket<\/a><\/figcaption><\/figure>\n<\/div>\n<\/div>\n\n\n\n<h2 class=\"wp-block-heading\"><span class=\"ez-toc-section\" id=\"Tipps_fuer_kleine_Traum-Baeder\"><\/span>Tipps f\u00fcr kleine (Traum-)B\u00e4der<span class=\"ez-toc-section-end\"><\/span><\/h2>\n\n\n\n<p>Sechs Quadratmeter f\u00fcr ein Bad sind bei uns in Deutschland keine Seltenheit. Und oft m\u00fcssen wir uns morgens, wenn&#8217;s schnell gehen muss, diesen Raum, den wir mit am h\u00e4ufigsten aufsuchen, auch noch teilen. Aber keine Sorge, Sie m\u00fcssen trotz beengten Verh\u00e4ltnissen auf nichts verzichten. <\/p>\n\n\n\n<p>Oberste Prio hat in einem kleinen Bad die <strong>Ordnung.<\/strong> Also alles, was sich unter dem Waschbecken oder in raumhohen, aber nicht tiefen Schr\u00e4nken verstauen l\u00e4sst, schafft Platz und gibt dem Raum Struktur. Dazu geh\u00f6ren auch Nischen-Regale und praktische Ablagefl\u00e4chen. Sie sind perfekt, um Zahnb\u00fcrsten, kleine Handt\u00fccher oder auch Parf\u00fcm unterzubringen. Essenziell ist nat\u00fcrlich der Bad-Spiegel. Und der kann gar nicht gro\u00df genug sein. Praktischerweise gibt es jetzt sogar schon Modelle mit integrierten Leuchten und Regalen. <\/p>\n\n\n\n<p>Materialien wie Stein, Schiefer, Marmor, Holz, Kork, Bambus und Messing sind im Bad gern gesehen G\u00e4ste, die f\u00fcr <strong>wohlige Abwechslung<\/strong> sorgen. Genauso wie D\u00fcfte in Form von \u00d6len, Kerzen oder Lufterfrischern. Oder auch ein einfaches, aber bitte wasserdichtes Badradio. Und schon h\u00fcpfen wir ganz beschwingt unter die Dusche. B\u00e4der sind \u00fcbrigens f\u00fcr Powerfarben wie geschaffen. Oft sind sie fensterlos und wirken dann schnell trist. Also trauen sie sich ruhig ran an sattes Flamingorot, leuchtendes Dschungelgr\u00fcn,  intensives Kobaltblau oder auch an grafische Fliesen oder Flower Power-Tapeten. Sie werden staunen, wie gem\u00fctlich und elegant das zusammen mit einer indirekten Beleuchtung harmoniert. <\/p>\n\n\n\n<figure class=\"wp-block-gallery has-nested-images columns-default is-cropped wp-block-gallery-3 is-layout-flex wp-block-gallery-is-layout-flex\">\n<figure class=\"wp-block-image size-large\"><img loading=\"lazy\" decoding=\"async\" width=\"400\" height=\"400\" data-id=\"18658\" src=\"https:\/\/www.raum-blick.de\/magazin\/wp-content\/uploads\/2023\/10\/we-do-wood-foursquare-badregal_76418ekw8ITc9Y7BoS_200x200@2x.jpg\" alt=\"Das schmale Wandregal von We Do Wood aus warmem Eichenholz bringt Nat\u00fcrlichkeit in kleine B\u00e4der\" class=\"wp-image-18658\" title=\"\" srcset=\"https:\/\/raum-blick.de\/magazin\/wp-content\/uploads\/2023\/10\/we-do-wood-foursquare-badregal_76418ekw8ITc9Y7BoS_200x200@2x.jpg 400w, https:\/\/raum-blick.de\/magazin\/wp-content\/uploads\/2023\/10\/we-do-wood-foursquare-badregal_76418ekw8ITc9Y7BoS_200x200@2x-300x300.jpg 300w, https:\/\/raum-blick.de\/magazin\/wp-content\/uploads\/2023\/10\/we-do-wood-foursquare-badregal_76418ekw8ITc9Y7BoS_200x200@2x-150x150.jpg 150w\" sizes=\"(max-width: 400px) 100vw, 400px\" \/><figcaption class=\"wp-element-caption\"><mark style=\"background-color:#000000\" class=\"has-inline-color has-white-color\">Schlicht, minimalistisch, schmal \u2013 das <a href=\"https:\/\/www.raum-blick.de\/badmoebel\/\">Wandregal von <br>We Do Wood<\/a> ist wie geschaffen f\u00fcr kleine B\u00e4der<\/mark><\/figcaption><\/figure>\n\n\n\n<figure class=\"wp-block-image size-large\"><img loading=\"lazy\" decoding=\"async\" width=\"400\" height=\"400\" data-id=\"18659\" src=\"https:\/\/www.raum-blick.de\/magazin\/wp-content\/uploads\/2023\/10\/form-refine-lightweight-stool_77503W8ubomJoYv1jF_200x200@2x-1.jpg\" alt=\"Massive Eiche und schlichtes Design \u2013 M\u00f6bel von Form &amp; Refine sind minimalistisch und machen nicht nur in kleinen R\u00e4umen eine gute Figur\" class=\"wp-image-18659\" title=\"\" srcset=\"https:\/\/raum-blick.de\/magazin\/wp-content\/uploads\/2023\/10\/form-refine-lightweight-stool_77503W8ubomJoYv1jF_200x200@2x-1.jpg 400w, https:\/\/raum-blick.de\/magazin\/wp-content\/uploads\/2023\/10\/form-refine-lightweight-stool_77503W8ubomJoYv1jF_200x200@2x-1-300x300.jpg 300w, https:\/\/raum-blick.de\/magazin\/wp-content\/uploads\/2023\/10\/form-refine-lightweight-stool_77503W8ubomJoYv1jF_200x200@2x-1-150x150.jpg 150w\" sizes=\"(max-width: 400px) 100vw, 400px\" \/><figcaption class=\"wp-element-caption\"><mark style=\"background-color:#000000\" class=\"has-inline-color has-white-color\">Vielseitig einsetzbare M\u00f6belst\u00fccke \u2013 <br><a href=\"https:\/\/www.raum-blick.de\/form-refine\/\">Spiegel und Hocker von Form &amp; Refine<\/a><\/mark><\/figcaption><\/figure>\n<\/figure>\n\n\n\n<div style=\"height:15px\" aria-hidden=\"true\" class=\"wp-block-spacer\"><\/div>\n\n\n\n<h2 class=\"wp-block-heading\"><span class=\"ez-toc-section\" id=\"Tipps_fuer_den_Alles-in-einem-Raum\"><\/span>Tipps f\u00fcr den Alles-in-einem-Raum <span class=\"ez-toc-section-end\"><\/span><\/h2>\n\n\n\n<p>Manchmal konzentriert sich alles Leben an einem Ort: Wohnen, Arbeiten, Schlafen. Hier gilt es, optisch Zonen zu schaffen, Blickachsen zu kreieren und mit der Offenheit des Raums zu spielen, damit der Multi-Raum auch alle an ihn gestellten Anforderungen optimal erf\u00fcllen kann. <\/p>\n\n\n\n<p>Eine gro\u00dfe Rolle spielen hier <strong>Farben, flexible M\u00f6bel <\/strong>und, wie hier schon mehrfach erw\u00e4hnt, der <strong>Stauraum.<\/strong> Ein monochromer Look in verschiedenen Nuancen teilt den Raum auf, Teppiche schaffen Wohn-Inseln, Sofa-R\u00fccken werden zu Raumteilern, Regale lassen sich zuklappen, eine Massivholzplatte ersetzt den Schreibtisch und macht aus einer Nische eine Arbeitsecke.<\/p>\n\n\n\n<p>Praktisch sind in einem Ein-Zimmer-Raum auch niedrige Roll-Container, kleine Coffee-Tables mit F\u00e4chern oder aufladbare, kabellose Mini-Leuchten, die Sie \u00fcberall dort abstellen k\u00f6nnen, wo Sie sie gerade brauchen. Dazu transparente, luftige Vorh\u00e4nge, die viel Licht durchlassen und gleichzeitig die Privatsph\u00e4re sch\u00fctzen und schon ist das kleine Wohn-Gl\u00fcck perfekt. Dabei d\u00fcrfen Sie in diesem kleinsten aller R\u00e4ume ruhig mit Farben, Mustern und Texturen experimentieren, solange alles Ton in Ton bleibt. <\/p>\n\n\n\n<div class=\"wp-block-columns is-layout-flex wp-container-core-columns-is-layout-9d6595d7 wp-block-columns-is-layout-flex\">\n<div class=\"wp-block-column is-layout-flow wp-block-column-is-layout-flow\">\n<figure class=\"wp-block-image size-full\"><img loading=\"lazy\" decoding=\"async\" width=\"400\" height=\"400\" src=\"https:\/\/www.raum-blick.de\/magazin\/wp-content\/uploads\/2023\/10\/spring-copenhagen-eclipse-leuchte-nachttischleuchte_80848ZbjxuGR0C2jWG_200x200@2x.jpg\" alt=\"Die dimmbare Akkuleuchte von Spring Copenhagen wertet jeden noch so kleinen Raum mit stimmungsvollem Licht auf\" class=\"wp-image-18663\" title=\"\" srcset=\"https:\/\/raum-blick.de\/magazin\/wp-content\/uploads\/2023\/10\/spring-copenhagen-eclipse-leuchte-nachttischleuchte_80848ZbjxuGR0C2jWG_200x200@2x.jpg 400w, https:\/\/raum-blick.de\/magazin\/wp-content\/uploads\/2023\/10\/spring-copenhagen-eclipse-leuchte-nachttischleuchte_80848ZbjxuGR0C2jWG_200x200@2x-300x300.jpg 300w, https:\/\/raum-blick.de\/magazin\/wp-content\/uploads\/2023\/10\/spring-copenhagen-eclipse-leuchte-nachttischleuchte_80848ZbjxuGR0C2jWG_200x200@2x-150x150.jpg 150w\" sizes=\"(max-width: 400px) 100vw, 400px\" \/><figcaption class=\"wp-element-caption\">Bringt jeden Raum zum Strahlen \u2013 <br><a href=\"https:\/\/www.raum-blick.de\/akkuleuchten\/\">Eclipse von Spring Copenhagen<\/a><\/figcaption><\/figure>\n<\/div>\n\n\n\n<div class=\"wp-block-column is-layout-flow wp-block-column-is-layout-flow\">\n<figure class=\"wp-block-image size-full\"><img loading=\"lazy\" decoding=\"async\" width=\"400\" height=\"400\" src=\"https:\/\/www.raum-blick.de\/magazin\/wp-content\/uploads\/2023\/10\/mater-bowl-beistelltisch_79447_200x200@2x.jpg\" alt=\"Mangoholz und Stahl treffen auf indische Handwerkskunst und skandinavisches Design. Das Ergebnis: einfach wundersch\u00f6n und ideal f\u00fcr kleine R\u00e4ume\" class=\"wp-image-18666\" title=\"\" srcset=\"https:\/\/raum-blick.de\/magazin\/wp-content\/uploads\/2023\/10\/mater-bowl-beistelltisch_79447_200x200@2x.jpg 400w, https:\/\/raum-blick.de\/magazin\/wp-content\/uploads\/2023\/10\/mater-bowl-beistelltisch_79447_200x200@2x-300x300.jpg 300w, https:\/\/raum-blick.de\/magazin\/wp-content\/uploads\/2023\/10\/mater-bowl-beistelltisch_79447_200x200@2x-150x150.jpg 150w\" sizes=\"(max-width: 400px) 100vw, 400px\" \/><figcaption class=\"wp-element-caption\">Perfekte Ablagefl\u00e4che \u2013 der filigrane <br><a href=\"https:\/\/www.raum-blick.de\/beistelltische\/\">Bowl Beistelltisch von mater<\/a><\/figcaption><\/figure>\n<\/div>\n\n\n\n<div class=\"wp-block-column is-layout-flow wp-block-column-is-layout-flow\">\n<figure class=\"wp-block-image size-full\"><img loading=\"lazy\" decoding=\"async\" width=\"400\" height=\"400\" src=\"https:\/\/www.raum-blick.de\/magazin\/wp-content\/uploads\/2023\/10\/dorian-remember-stehleuchte-weiss_86094_200x200@2x.jpg\" alt=\"Dimmbare Akku-Stehleuchte mit Touchfunktion und USB-Port \u2013 Dorian von REMEMBER ist eine Lichtquelle wie man sie sich f\u00fcr kleine R\u00e4ume w\u00fcnscht\" class=\"wp-image-18667\" title=\"\" srcset=\"https:\/\/raum-blick.de\/magazin\/wp-content\/uploads\/2023\/10\/dorian-remember-stehleuchte-weiss_86094_200x200@2x.jpg 400w, https:\/\/raum-blick.de\/magazin\/wp-content\/uploads\/2023\/10\/dorian-remember-stehleuchte-weiss_86094_200x200@2x-300x300.jpg 300w, https:\/\/raum-blick.de\/magazin\/wp-content\/uploads\/2023\/10\/dorian-remember-stehleuchte-weiss_86094_200x200@2x-150x150.jpg 150w\" sizes=\"(max-width: 400px) 100vw, 400px\" \/><figcaption class=\"wp-element-caption\">Modern, energieeffizient und schlicht \u2013 Akku-Stehleuchte <a href=\"https:\/\/www.raum-blick.de\/stehleuchten\/\">Dorian von REMEMBER<\/a><\/figcaption><\/figure>\n<\/div>\n<\/div>\n\n\n\n<p>Wie sie sehen, haben kleine R\u00e4ume viel Potenzial und einen gro\u00dfen Vorteil: Sie verschlingen keine Unsummen. Das, was sie an Geld sparen, k\u00f6nnen Sie in hochwertige Luxusst\u00fccke oder den Schreiner investieren. Au\u00dferdem haben Sie dank kleiner R\u00e4ume mehr Freizeit, denn die sind bei weitem nicht so putzintensiv. Und sollten Sie einen Balkon vermissen, stellen Sie sich einfach ein graziles Outdoor-M\u00f6bel in die Wohnung und dekorieren Sie ein paar Pflanzen drumherum. Das wirkt Wunder. <\/p>\n\n\n\n<p>F\u00fcr noch mehr Inspiration klicken Sie einfach rein in unseren Shop. Hier gibt es abgesehen von Klein-Raum-M\u00f6beln und -Accessoires noch jede Menge mehr zu entdecken!<\/p>\n","protected":false},"excerpt":{"rendered":"<p>\u00ab Maximale Wohnlichkeit bei minimalem Platz \u00bb Kleine R\u00e4ume einzurichten, hat schon so manchen verzweifeln lassen. Denn nur einen begrenzten Raum zur Verf\u00fcgung zu haben, ist erst einmal eine Herausforderung. Dabei kann es so inspirierend sein, daraus etwas Gro\u00dfartiges zu machen und jeden Zentimeter gut zu verwenden. \u00dcberschaubare Dimensionen haben Charme, Tiny Houses boomen und [&hellip;]<\/p>\n","protected":false},"author":4,"featured_media":18632,"comment_status":"closed","ping_status":"open","sticky":false,"template":"","format":"standard","meta":{"_et_pb_use_builder":"","_et_pb_old_content":"","_et_gb_content_width":"","inline_featured_image":false,"footnotes":""},"categories":[1],"tags":[1735,1758,2109,1312,615,159,342,1714,206,158,1051,322,1063,1886,297,703,239,1301,1130,637,795,1038,1350,151,1600,15,1933,1829,935,520,208,25,295,1670],"class_list":["post-18589","post","type-post","status-publish","format-standard","has-post-thumbnail","hentry","category-drinnen","tag-akku-leuchte","tag-akkuleuchte","tag-audo","tag-aufbewahrungskorb","tag-beistelltisch","tag-beistelltische","tag-dekoration","tag-design-beistelltisch","tag-ferm-living","tag-hocker","tag-jan-kurtz","tag-kay-bojesen","tag-klapptisch","tag-leuchten-mit-akkus","tag-lifestyle","tag-mater","tag-muuto","tag-ordnungshelfer","tag-remember","tag-servierwagen","tag-sitzbank","tag-sitzhocker","tag-sofa","tag-spiegel","tag-spring-copenhagen","tag-string","tag-string-furniture-wandregal","tag-string-regal","tag-umage","tag-vitra","tag-wandleuchten","tag-wandregale","tag-wandspiegel","tag-wohntrends"],"_links":{"self":[{"href":"https:\/\/raum-blick.de\/magazin\/wp-json\/wp\/v2\/posts\/18589","targetHints":{"allow":["GET"]}}],"collection":[{"href":"https:\/\/raum-blick.de\/magazin\/wp-json\/wp\/v2\/posts"}],"about":[{"href":"https:\/\/raum-blick.de\/magazin\/wp-json\/wp\/v2\/types\/post"}],"author":[{"embeddable":true,"href":"https:\/\/raum-blick.de\/magazin\/wp-json\/wp\/v2\/users\/4"}],"replies":[{"embeddable":true,"href":"https:\/\/raum-blick.de\/magazin\/wp-json\/wp\/v2\/comments?post=18589"}],"version-history":[{"count":70,"href":"https:\/\/raum-blick.de\/magazin\/wp-json\/wp\/v2\/posts\/18589\/revisions"}],"predecessor-version":[{"id":18691,"href":"https:\/\/raum-blick.de\/magazin\/wp-json\/wp\/v2\/posts\/18589\/revisions\/18691"}],"wp:featuredmedia":[{"embeddable":true,"href":"https:\/\/raum-blick.de\/magazin\/wp-json\/wp\/v2\/media\/18632"}],"wp:attachment":[{"href":"https:\/\/raum-blick.de\/magazin\/wp-json\/wp\/v2\/media?parent=18589"}],"wp:term":[{"taxonomy":"category","embeddable":true,"href":"https:\/\/raum-blick.de\/magazin\/wp-json\/wp\/v2\/categories?post=18589"},{"taxonomy":"post_tag","embeddable":true,"href":"https:\/\/raum-blick.de\/magazin\/wp-json\/wp\/v2\/tags?post=18589"}],"curies":[{"name":"wp","href":"https:\/\/api.w.org\/{rel}","templated":true}]}}