{"id":18495,"date":"2023-10-09T22:08:41","date_gmt":"2023-10-09T20:08:41","guid":{"rendered":"https:\/\/www.raum-blick.de\/magazin\/?p=18495"},"modified":"2024-03-25T17:37:55","modified_gmt":"2024-03-25T16:37:55","slug":"trendfarben-von-erdig-bis-knallig","status":"publish","type":"post","link":"https:\/\/raum-blick.de\/magazin\/trendfarben-von-erdig-bis-knallig\/","title":{"rendered":"Die Trendfarben der Saison III \u2013 so sch\u00f6n ist unbunt!"},"content":{"rendered":"\n<h2 class=\"wp-block-heading\"><span class=\"ez-toc-section\" id=\"%C2%AB_Elegant-minimalistisches_Herbst-Update_%C2%BB\"><\/span>\u00ab Elegant-minimalistisches Herbst-Update  \u00bb<span class=\"ez-toc-section-end\"><\/span><\/h2>\n\n\n\n<p><strong>Im letzten Teil unserer dreiteiligen Trendfarben-Serie schlagen wir sanfte T\u00f6ne an und zeigen Ihnen, wie Sie mit neutralen, nat\u00fcrlichen Farben auf ganz dezente Art f\u00fcr Wohlf\u00fchl-Momente sorgen. Denn Creme, Beige, Greige oder Grau sind wunderbar stilvolle Allrounder. Sie holen das Beste aus Ihrem Zuhause heraus, haben jede Menge Potenzial und sind alles andere als langweilig. Perfekt f\u00fcr alle, die sich nach einem trubeligen Alltag nach unaufgeregter Ruhe sehnen. Und nat\u00fcrlich pr\u00e4sentieren wir Ihnen auch dieses Mal eine kleine Auswahl unserer <a href=\"https:\/\/www.raum-blick.de\/wohnen\/\">Shop-Lieblinge<\/a> in den angesagten Nichtfarben.  <\/strong><\/p>\n\n\n\n<h2 class=\"wp-block-heading\"><span class=\"ez-toc-section\" id=\"Schlicht_Zurueckhaltend_Zeitlos\"><\/span>Schlicht. Zur\u00fcckhaltend. Zeitlos.<span class=\"ez-toc-section-end\"><\/span><\/h2>\n\n\n\n<h3 class=\"wp-block-heading\"><span class=\"ez-toc-section\" id=\"1_Saison-Trend_Neutrals_%E2%80%93_die_geheimen_Stars\"><\/span>1. Saison-Trend Neutrals \u2013&nbsp;die geheimen Stars<span class=\"ez-toc-section-end\"><\/span><\/h3>\n\n\n\n<p>Sie schreien nicht nach Aufmerksamkeit, halten sich dezent im Hintergrund und sind gerade deshalb die ideale Basis, die alles m\u00f6glich macht. Dabei gibt es zig verschiedene Schattierungen, die von hell bis dunkel variieren und mal mehr, mal weniger intensiv sind. Egal f\u00fcr welche Nuance Sie sich entscheiden, neutrale T\u00f6ne machen es Ihnen ausgesprochen leicht, sie zu kombinieren. Und schon ziehen ein Touch Eleganz und eine wohlige Behaglichkeit bei Ihnen ein. H\u00f6chste Zeit also, sich mehr mit diesen Trendfarben zu besch\u00e4ftigen. <\/p><div id=\"ez-toc-container\" class=\"ez-toc-v2_0_82_2 counter-hierarchy ez-toc-counter ez-toc-grey ez-toc-container-direction\">\n<div class=\"ez-toc-title-container\">\n<p class=\"ez-toc-title\" style=\"cursor:inherit\">Was hier auf Sie wartet<\/p>\n<span class=\"ez-toc-title-toggle\"><a href=\"#\" class=\"ez-toc-pull-right ez-toc-btn ez-toc-btn-xs ez-toc-btn-default ez-toc-toggle\" aria-label=\"Toggle Table of Content\"><span class=\"ez-toc-js-icon-con\"><span class=\"\"><span class=\"eztoc-hide\" style=\"display:none;\">Toggle<\/span><span class=\"ez-toc-icon-toggle-span\"><svg style=\"fill: #999;color:#999\" xmlns=\"http:\/\/www.w3.org\/2000\/svg\" class=\"list-377408\" width=\"20px\" height=\"20px\" viewBox=\"0 0 24 24\" fill=\"none\"><path d=\"M6 6H4v2h2V6zm14 0H8v2h12V6zM4 11h2v2H4v-2zm16 0H8v2h12v-2zM4 16h2v2H4v-2zm16 0H8v2h12v-2z\" fill=\"currentColor\"><\/path><\/svg><svg style=\"fill: #999;color:#999\" class=\"arrow-unsorted-368013\" xmlns=\"http:\/\/www.w3.org\/2000\/svg\" width=\"10px\" height=\"10px\" viewBox=\"0 0 24 24\" version=\"1.2\" baseProfile=\"tiny\"><path d=\"M18.2 9.3l-6.2-6.3-6.2 6.3c-.2.2-.3.4-.3.7s.1.5.3.7c.2.2.4.3.7.3h11c.3 0 .5-.1.7-.3.2-.2.3-.5.3-.7s-.1-.5-.3-.7zM5.8 14.7l6.2 6.3 6.2-6.3c.2-.2.3-.5.3-.7s-.1-.5-.3-.7c-.2-.2-.4-.3-.7-.3h-11c-.3 0-.5.1-.7.3-.2.2-.3.5-.3.7s.1.5.3.7z\"\/><\/svg><\/span><\/span><\/span><\/a><\/span><\/div>\n<nav><ul class='ez-toc-list ez-toc-list-level-1 ' ><li class='ez-toc-page-1 ez-toc-heading-level-2'><a class=\"ez-toc-link ez-toc-heading-1\" href=\"https:\/\/raum-blick.de\/magazin\/trendfarben-von-erdig-bis-knallig\/#%C2%AB_Elegant-minimalistisches_Herbst-Update_%C2%BB\" >\u00ab Elegant-minimalistisches Herbst-Update  \u00bb<\/a><\/li><li class='ez-toc-page-1 ez-toc-heading-level-2'><a class=\"ez-toc-link ez-toc-heading-2\" href=\"https:\/\/raum-blick.de\/magazin\/trendfarben-von-erdig-bis-knallig\/#Schlicht_Zurueckhaltend_Zeitlos\" >Schlicht. Zur\u00fcckhaltend. Zeitlos.<\/a><ul class='ez-toc-list-level-3' ><li class='ez-toc-heading-level-3'><a class=\"ez-toc-link ez-toc-heading-3\" href=\"https:\/\/raum-blick.de\/magazin\/trendfarben-von-erdig-bis-knallig\/#1_Saison-Trend_Neutrals_%E2%80%93_die_geheimen_Stars\" >1. Saison-Trend Neutrals \u2013&nbsp;die geheimen Stars<\/a><\/li><li class='ez-toc-page-1 ez-toc-heading-level-3'><a class=\"ez-toc-link ez-toc-heading-4\" href=\"https:\/\/raum-blick.de\/magazin\/trendfarben-von-erdig-bis-knallig\/#Neutrale_Trendfarben_von_Creme_bis_Sand\" >Neutrale Trendfarben von Creme bis Sand<\/a><\/li><\/ul><\/li><li class='ez-toc-page-1 ez-toc-heading-level-2'><a class=\"ez-toc-link ez-toc-heading-5\" href=\"https:\/\/raum-blick.de\/magazin\/trendfarben-von-erdig-bis-knallig\/#Vielseitig_Facettenreich_Puristisch\" >Vielseitig. Facettenreich. Puristisch.<\/a><ul class='ez-toc-list-level-3' ><li class='ez-toc-heading-level-3'><a class=\"ez-toc-link ez-toc-heading-6\" href=\"https:\/\/raum-blick.de\/magazin\/trendfarben-von-erdig-bis-knallig\/#2_Saison-Trend_Grau_%E2%80%93_von_wegen_langweilig\" >2. Saison-Trend Grau \u2013 von wegen langweilig!<\/a><\/li><li class='ez-toc-page-1 ez-toc-heading-level-3'><a class=\"ez-toc-link ez-toc-heading-7\" href=\"https:\/\/raum-blick.de\/magazin\/trendfarben-von-erdig-bis-knallig\/#Trendfarben_von_Steingrau_bis_Anthrazit\" >Trendfarben von Steingrau bis Anthrazit<\/a><\/li><\/ul><\/li><\/ul><\/nav><\/div>\n\n\n\n\n<h3 class=\"wp-block-heading\"><span class=\"ez-toc-section\" id=\"Neutrale_Trendfarben_von_Creme_bis_Sand\"><\/span>Neutrale Trendfarben von Creme bis Sand<span class=\"ez-toc-section-end\"><\/span><\/h3>\n\n\n\n<p>Wo fangen wir an, wo h\u00f6ren wir auf? Die Grenzen zwischen den einzelnen T\u00f6nen sind flie\u00dfend und je nach Mischung und Licht erscheinen sie mal gelblicher, gr\u00e4ulicher oder auch br\u00e4unlicher. Das edle gr\u00fcnstichige Ecru bringt R\u00e4ume zum Strahlen und ist dabei einfach so cosy, das elegante Taupe, ein Mix aus k\u00fchlem Grau und warmem Braun, schafft eine beruhigend-ausgleichende Atmosph\u00e4re und das warme Sand wirkt so inspirierend wie eine D\u00fcnenlandschaft am Meer. All diese Nuancen erden uns und bringen Entspannung und Bodenhaftung in unsere vier W\u00e4nde. Sie harmonieren dabei so selbstverst\u00e4ndlich miteinander, dass wir die Ausgeglichenheit, die sie uns geben, kaum wahrnehmen. Doch die &#8222;Weichzeichner&#8220; k\u00f6nnen nicht nur Ton in Ton, zusammen mit k\u00fchlen Blaut\u00f6nen bringen sie die Meeresfrische und mit Rot und Braun f\u00fchlt es sich an wie ein heimeliger Herbst-Spaziergang. <\/p>\n\n\n\n<h4 class=\"wp-block-heading\">Herrlich abwechslungsreich \u2013 bei so viel Charme sind wir doch gerne neutral:<\/h4>\n\n\n\n<div class=\"wp-block-media-text alignwide is-stacked-on-mobile\"><figure class=\"wp-block-media-text__media\"><img loading=\"lazy\" decoding=\"async\" width=\"400\" height=\"400\" src=\"https:\/\/www.raum-blick.de\/magazin\/wp-content\/uploads\/2023\/10\/ferm-living-rico-pouf-ambniente_85031_200x200@2x.jpg\" alt=\"Trendfarben der Saison Creme ferm LIVING Rico Pouf\" class=\"wp-image-18513 size-full\" title=\"\" srcset=\"https:\/\/raum-blick.de\/magazin\/wp-content\/uploads\/2023\/10\/ferm-living-rico-pouf-ambniente_85031_200x200@2x.jpg 400w, https:\/\/raum-blick.de\/magazin\/wp-content\/uploads\/2023\/10\/ferm-living-rico-pouf-ambniente_85031_200x200@2x-300x300.jpg 300w, https:\/\/raum-blick.de\/magazin\/wp-content\/uploads\/2023\/10\/ferm-living-rico-pouf-ambniente_85031_200x200@2x-150x150.jpg 150w\" sizes=\"(max-width: 400px) 100vw, 400px\" \/><\/figure><div class=\"wp-block-media-text__content\">\n<p><em><a href=\"https:\/\/www.raum-blick.de\/ferm-living-moebel\/\">ferm LIVING Rico Pouf<\/a>&nbsp;\u2013 kultig-weicher Boucl\u00e9 in trendigem Off-White. Dieser multifunktionale Pouf sieht nicht nur einladend aus, sondern ist auch herrlich bequem. Und weil er erst gefertigt wird, wenn Sie ihn bestellen, k\u00f6nnen Sie aus diversen Farben und Stoffen ausw\u00e4hlen. <\/em><\/p>\n<\/div><\/div>\n\n\n\n<div class=\"wp-block-media-text alignwide has-media-on-the-right is-stacked-on-mobile\"><div class=\"wp-block-media-text__content\">\n<p><em><a href=\"https:\/\/www.raum-blick.de\/kartell-stuehle\/\">Kartell  P\/WOOD Stuhl<\/a> \u2013 elegant, r\u00fcckenfreundlich und einfach nur sch\u00f6n. Diese pflegeleichte Sitzgelegenheit von Designer Philippe Starck findet \u00fcberall ein Pl\u00e4tzchen und l\u00e4sst einen ganz schnell zur Ruhe kommen. In diversen Ausf\u00fchrungen, mit charmanter Holzmaserung.<\/em><\/p>\n<\/div><figure class=\"wp-block-media-text__media\"><img loading=\"lazy\" decoding=\"async\" width=\"400\" height=\"400\" src=\"https:\/\/www.raum-blick.de\/magazin\/wp-content\/uploads\/2023\/10\/kartell-p-wood-stuhl-freisteller1-1_90579_200x200@2x.jpg\" alt=\"Trendfarbe der Saison Sand Kartell P\/WOOD Stuhl\" class=\"wp-image-18515 size-full\" title=\"\" srcset=\"https:\/\/raum-blick.de\/magazin\/wp-content\/uploads\/2023\/10\/kartell-p-wood-stuhl-freisteller1-1_90579_200x200@2x.jpg 400w, https:\/\/raum-blick.de\/magazin\/wp-content\/uploads\/2023\/10\/kartell-p-wood-stuhl-freisteller1-1_90579_200x200@2x-300x300.jpg 300w, https:\/\/raum-blick.de\/magazin\/wp-content\/uploads\/2023\/10\/kartell-p-wood-stuhl-freisteller1-1_90579_200x200@2x-150x150.jpg 150w\" sizes=\"(max-width: 400px) 100vw, 400px\" \/><\/figure><\/div>\n\n\n\n<div class=\"wp-block-media-text alignwide is-stacked-on-mobile\"><figure class=\"wp-block-media-text__media\"><img loading=\"lazy\" decoding=\"async\" width=\"400\" height=\"400\" src=\"https:\/\/www.raum-blick.de\/magazin\/wp-content\/uploads\/2023\/10\/guaxs-cubistic-teelichthalter-vase-smokegrey_73738CNRGgB0LY9Sd9_200x200@2x.jpg\" alt=\"Trendfarben der Saison Ecru GUAXS Teelichter Cubistic\" class=\"wp-image-18517 size-full\" title=\"\" srcset=\"https:\/\/raum-blick.de\/magazin\/wp-content\/uploads\/2023\/10\/guaxs-cubistic-teelichthalter-vase-smokegrey_73738CNRGgB0LY9Sd9_200x200@2x.jpg 400w, https:\/\/raum-blick.de\/magazin\/wp-content\/uploads\/2023\/10\/guaxs-cubistic-teelichthalter-vase-smokegrey_73738CNRGgB0LY9Sd9_200x200@2x-300x300.jpg 300w, https:\/\/raum-blick.de\/magazin\/wp-content\/uploads\/2023\/10\/guaxs-cubistic-teelichthalter-vase-smokegrey_73738CNRGgB0LY9Sd9_200x200@2x-150x150.jpg 150w\" sizes=\"(max-width: 400px) 100vw, 400px\" \/><\/figure><div class=\"wp-block-media-text__content\">\n<p><em><a href=\"https:\/\/www.raum-blick.de\/guaxs-teelichthalter\/\">GUAXS Teelichthalter Cubistic<\/a> \u2013 mundgeblasen, von Hand geschliffen und aus nachhaltigen Materialien. Die Wohn-Accessoires des T\u00fcbinger Unternehmens GUAXS spr\u00fchen nur so vor \u00c4sthetik und sind allesamt Unikate.  <\/em><\/p>\n<\/div><\/div>\n\n\n\n<div class=\"wp-block-media-text alignwide has-media-on-the-right is-stacked-on-mobile\"><div class=\"wp-block-media-text__content\">\n<p><em><a href=\"https:\/\/www.raum-blick.de\/muuto\/\">muuto Kink Vase<\/a> \u2013 und gleich noch ein formsch\u00f6ner Blickfang, sogar mit  zwei \u00d6ffnungen. Hier treffen traditionelle Handwerkskunst und edles Porzellan auf skandinavischen Minimalismus. Was f\u00fcr eine skulpturales Ergebnis, nat\u00fcrlich auch f\u00fcr Blumen!<\/em><\/p>\n<\/div><figure class=\"wp-block-media-text__media\"><img loading=\"lazy\" decoding=\"async\" width=\"400\" height=\"400\" src=\"https:\/\/www.raum-blick.de\/magazin\/wp-content\/uploads\/2023\/10\/sand-kink-vase-muuto_56064_200x200@2x.jpg\" alt=\"Trendfarbe der Saison Elfenbein muuto Kink Vase\" class=\"wp-image-18522 size-full\" title=\"\" srcset=\"https:\/\/raum-blick.de\/magazin\/wp-content\/uploads\/2023\/10\/sand-kink-vase-muuto_56064_200x200@2x.jpg 400w, https:\/\/raum-blick.de\/magazin\/wp-content\/uploads\/2023\/10\/sand-kink-vase-muuto_56064_200x200@2x-300x300.jpg 300w, https:\/\/raum-blick.de\/magazin\/wp-content\/uploads\/2023\/10\/sand-kink-vase-muuto_56064_200x200@2x-150x150.jpg 150w\" sizes=\"(max-width: 400px) 100vw, 400px\" \/><\/figure><\/div>\n\n\n\n<div class=\"wp-block-media-text alignwide is-stacked-on-mobile\"><figure class=\"wp-block-media-text__media\"><img loading=\"lazy\" decoding=\"async\" width=\"400\" height=\"400\" src=\"https:\/\/www.raum-blick.de\/magazin\/wp-content\/uploads\/2023\/10\/kartell-al-wood-beistelltisch-amb4_90654_200x200@2x.jpg\" alt=\"Trendfarben der Saison Karamell Kartell Al Wood Beistelltisch\" class=\"wp-image-18524 size-full\" title=\"\" srcset=\"https:\/\/raum-blick.de\/magazin\/wp-content\/uploads\/2023\/10\/kartell-al-wood-beistelltisch-amb4_90654_200x200@2x.jpg 400w, https:\/\/raum-blick.de\/magazin\/wp-content\/uploads\/2023\/10\/kartell-al-wood-beistelltisch-amb4_90654_200x200@2x-300x300.jpg 300w, https:\/\/raum-blick.de\/magazin\/wp-content\/uploads\/2023\/10\/kartell-al-wood-beistelltisch-amb4_90654_200x200@2x-150x150.jpg 150w\" sizes=\"(max-width: 400px) 100vw, 400px\" \/><\/figure><div class=\"wp-block-media-text__content\">\n<p><em><a href=\"https:\/\/www.raum-blick.de\/kartell\/\">Kartell Al Wood Beistelltisch<\/a> \u2013 ein kleiner kombinationsfreudiger Helfer, der \u00fcberall eine gute Figur macht. Besonders praktisch: der gebogene Rand, damit was auf dem Tisch ist auch dort bleibt.<\/em> <\/p>\n<\/div><\/div>\n\n\n\n<h4 class=\"wp-block-heading\">Gut zu wissen: Einrichten mit neutralen T\u00f6nen <\/h4>\n\n\n\n<p>R\u00fcckzugsorte schaffen \u2013&nbsp;daf\u00fcr sind zarte Creme- und sandige Erdt\u00f6ne eine perfekte Wahl. Sie bringen Harmonie und Entspannung in die R\u00e4ume und lassen sie gr\u00f6\u00dfer, heller und gem\u00fctlicher wirken. Das liegt an ihrer Nat\u00fcrlichkeit. Wenn Sie also zwei, drei T\u00f6ne miteinander mixen, dazu auf Naturmaterialien wie Holz, Leinen, Rattan oder Leder setzen und mit Metall-Akzenten aus Gold, Messing oder Kupfer f\u00fcr einen glamour\u00f6sen Touch sorgen, ist das wohlige Wohngef\u00fchl maximal. Und egal, ob Boho-, Landhaus- oder Scandi-Chic, diese neutralen Trendfarben machen alles wunderbar clean. In Verbindung mit kr\u00e4ftigen Farben verstr\u00f6men sie eine belebende L\u00e4ssigkeit und zusammen mit zarten Pastellt\u00f6nen wird das Ambiente einfach locker-leicht. Sie haben also jegliche Gestaltungs-Freiheit und unendlich viele M\u00f6glichkeiten. Und das Ergebnis wird immer edel und zeitlos sein. <\/p>\n\n\n\n<h2 class=\"wp-block-heading\"><span class=\"ez-toc-section\" id=\"Vielseitig_Facettenreich_Puristisch\"><\/span>Vielseitig. Facettenreich. Puristisch.<span class=\"ez-toc-section-end\"><\/span><\/h2>\n\n\n\n<h3 class=\"wp-block-heading\"><span class=\"ez-toc-section\" id=\"2_Saison-Trend_Grau_%E2%80%93_von_wegen_langweilig\"><\/span>2. Saison-Trend Grau \u2013 von wegen langweilig!<span class=\"ez-toc-section-end\"><\/span><\/h3>\n\n\n\n<p>Unscheinbar, trist, tr\u00fcbe, trostlos, wir haben nicht gerade die positivsten Assoziationen, wenn wir auf die Farbe Grau treffen. Dabei hat dieser Zwischenton aus Schwarz und Wei\u00df so viel \u00dcberraschendes zu bieten. So boostert er beispielsweise knallige Farben und l\u00e4sst sie noch mehr leuchten, sorgt zusammen mit Rot, Blau oder Gelb f\u00fcr ein kontrastreiches Raumambiente oder kann zu intensive Farben abt\u00f6nen. Neutrales, k\u00fchles oder warmes Grau, silbriges Asch-, sattes Taubengrau oder zur\u00fcckhaltendes Anthrazit, die Nuancen sind so unterschiedlich und vielf\u00e4ltig wie die Kombinationsm\u00f6glichkeiten. Wir lieben dieses Multitalent und Sie bestimmt auch bald &#8211; sp\u00e4testens nach diesem Artikel. <\/p>\n\n\n\n<h3 class=\"wp-block-heading\"><span class=\"ez-toc-section\" id=\"Trendfarben_von_Steingrau_bis_Anthrazit\"><\/span>Trendfarben von Steingrau bis Anthrazit<span class=\"ez-toc-section-end\"><\/span><\/h3>\n\n\n\n<p>Hell oder dunkel? Hat beides was! Je nachdem, ob Sie es lieber cool und l\u00e4ssig oder klassisch-elegant m\u00f6gen. Mit Grau schaffen Sie Geborgenheit und setzen lebhafte Akzente. Das funktioniert nat\u00fcrlich auch in der Grau\/Grau-Kombi, bei der es auf eine ausgewogene Mischung ankommt: bei einer anthrazitfarbenen Wand brauchen Decke und Boden zum Ausgleich eine helle Grau-Nuance. Ansonsten tut sich die Nichtfarbe auch ausgesprochen gerne mit frischem Wei\u00df, warmem Senfgelb, nat\u00fcrlichem Beige, frischem Waldgr\u00fcn oder feminin-romantischem Rosa zusammen. Kaum eine andere Farbe ist so kombinationsfreudig. Anthrazit ist \u00fcbrigens nicht nur drinnen ein Eyecatcher, es wirkt auch im Outdoor-Bereich elegant und einladend. T\u00fcren, Fenster, Briefkasten oder gleich die ganze Fassade, Sie haben die Wahl!<\/p>\n\n\n\n<h4 class=\"wp-block-heading\">Grau ist alle Theorie? Schluss mit dem Schattendasein und rein in Ihr Zuhause:<\/h4>\n\n\n\n<div class=\"wp-block-media-text alignwide is-stacked-on-mobile\"><figure class=\"wp-block-media-text__media\"><img loading=\"lazy\" decoding=\"async\" width=\"400\" height=\"400\" src=\"https:\/\/www.raum-blick.de\/magazin\/wp-content\/uploads\/2023\/10\/ethnicraft-3-sitzer-sofa-ellipse-ambiente-wohnzimmer-ash_88175_200x200@2x.jpg\" alt=\"Trendfarben der Saison Hellgrau Ethnicraft Ellipse\" class=\"wp-image-18541 size-full\" title=\"\" srcset=\"https:\/\/raum-blick.de\/magazin\/wp-content\/uploads\/2023\/10\/ethnicraft-3-sitzer-sofa-ellipse-ambiente-wohnzimmer-ash_88175_200x200@2x.jpg 400w, https:\/\/raum-blick.de\/magazin\/wp-content\/uploads\/2023\/10\/ethnicraft-3-sitzer-sofa-ellipse-ambiente-wohnzimmer-ash_88175_200x200@2x-300x300.jpg 300w, https:\/\/raum-blick.de\/magazin\/wp-content\/uploads\/2023\/10\/ethnicraft-3-sitzer-sofa-ellipse-ambiente-wohnzimmer-ash_88175_200x200@2x-150x150.jpg 150w\" sizes=\"(max-width: 400px) 100vw, 400px\" \/><\/figure><div class=\"wp-block-media-text__content\">\n<p><em><a href=\"https:\/\/www.raum-blick.de\/ethnicraft\/\">Ethnicraft 3-Sitzer Ellipse<\/a> \u2013 elegant und modern. Diese von Jacques Deneef entworfene Sofa passt in ein urbanes Appartement genauso gut wie in ein Landhaus. Und das Aschgrau ist einfach zum Verlieben! <\/em><\/p>\n<\/div><\/div>\n\n\n\n<div class=\"wp-block-media-text alignwide has-media-on-the-right is-stacked-on-mobile\"><div class=\"wp-block-media-text__content\">\n<p><em><a href=\"https:\/\/www.raum-blick.de\/muuto-moebel\/\">muuto Folded Regal<\/a> \u2013 praktisch und minimalistisch hat Designer Johan van Hengel dieses Wandregal gestaltet. Mit zwei Haken und einem Einschub ist die stilvolle Garderobe auf (fast) alles vorbereitet. <\/em><\/p>\n<\/div><figure class=\"wp-block-media-text__media\"><img loading=\"lazy\" decoding=\"async\" width=\"400\" height=\"400\" src=\"https:\/\/www.raum-blick.de\/magazin\/wp-content\/uploads\/2023\/10\/muuto-folded-large-schwarz_2767859f9f739d010c_53329_200x200@2x.jpg\" alt=\"Trendfarbe der Saison Dunkelgrau muuto Folded Regal\" class=\"wp-image-18545 size-full\" title=\"\" srcset=\"https:\/\/raum-blick.de\/magazin\/wp-content\/uploads\/2023\/10\/muuto-folded-large-schwarz_2767859f9f739d010c_53329_200x200@2x.jpg 400w, https:\/\/raum-blick.de\/magazin\/wp-content\/uploads\/2023\/10\/muuto-folded-large-schwarz_2767859f9f739d010c_53329_200x200@2x-300x300.jpg 300w, https:\/\/raum-blick.de\/magazin\/wp-content\/uploads\/2023\/10\/muuto-folded-large-schwarz_2767859f9f739d010c_53329_200x200@2x-150x150.jpg 150w\" sizes=\"(max-width: 400px) 100vw, 400px\" \/><\/figure><\/div>\n\n\n\n<div class=\"wp-block-media-text alignwide is-stacked-on-mobile\"><figure class=\"wp-block-media-text__media\"><img loading=\"lazy\" decoding=\"async\" width=\"400\" height=\"400\" src=\"https:\/\/www.raum-blick.de\/magazin\/wp-content\/uploads\/2023\/10\/blomus-sono-treteimer-5l-magnet-bad_82285vAcLLt1cURzY0_200x200@2x.jpg\" alt=\"Trendfarben der Saison Grau blomus SONO Treteimer\" class=\"wp-image-18546 size-full\" title=\"\" srcset=\"https:\/\/raum-blick.de\/magazin\/wp-content\/uploads\/2023\/10\/blomus-sono-treteimer-5l-magnet-bad_82285vAcLLt1cURzY0_200x200@2x.jpg 400w, https:\/\/raum-blick.de\/magazin\/wp-content\/uploads\/2023\/10\/blomus-sono-treteimer-5l-magnet-bad_82285vAcLLt1cURzY0_200x200@2x-300x300.jpg 300w, https:\/\/raum-blick.de\/magazin\/wp-content\/uploads\/2023\/10\/blomus-sono-treteimer-5l-magnet-bad_82285vAcLLt1cURzY0_200x200@2x-150x150.jpg 150w\" sizes=\"(max-width: 400px) 100vw, 400px\" \/><\/figure><div class=\"wp-block-media-text__content\">\n<p><em><a href=\"https:\/\/www.raum-blick.de\/blomus-sono\/\">blomus SONO Treteimer<\/a> \u2013 so sch\u00f6n kann Abfall-verschwinden-lassen aussehen. Und erst diese softe Oberfl\u00e4che! Eine elegante graue Eminenz, die jedes Badezimmer veredelt. Mit Soft-Close-Funktion und Fu\u00dfpedal. Einfach stilvoll!<\/em><\/p>\n<\/div><\/div>\n\n\n\n<div class=\"wp-block-media-text alignwide has-media-on-the-right is-stacked-on-mobile\"><div class=\"wp-block-media-text__content\">\n<p><em><a href=\"https:\/\/www.raum-blick.de\/eva-solo\/\">Eva Solo Globe<\/a> \u2013 kugelrund, mit 2,5 oder <br>9 Liter Fassungsverm\u00f6gen und einem justierbaren Ausgie\u00dfer f\u00fcr Brause oder Strahl. Liegt gut in der Hand und l\u00e4sst sich ganz easy seitlich bef\u00fcllen. Bei dieser Gie\u00dfkanne gehen Kunststoff und Edelstahl eine formsch\u00f6ne Liaison ein und das in einem universellen Dunkelgrau. Passt immer!<\/em><\/p>\n<\/div><figure class=\"wp-block-media-text__media\"><img loading=\"lazy\" decoding=\"async\" width=\"400\" height=\"400\" src=\"https:\/\/www.raum-blick.de\/magazin\/wp-content\/uploads\/2023\/10\/eva-solo-globe-giesskanne-grau-568307_200x200@2x.jpg\" alt=\"Trendfarbe der Saison Anthrazit Eva Solo Globe Gie\u00dfkanne\" class=\"wp-image-18547 size-full\" title=\"\" srcset=\"https:\/\/raum-blick.de\/magazin\/wp-content\/uploads\/2023\/10\/eva-solo-globe-giesskanne-grau-568307_200x200@2x.jpg 400w, https:\/\/raum-blick.de\/magazin\/wp-content\/uploads\/2023\/10\/eva-solo-globe-giesskanne-grau-568307_200x200@2x-300x300.jpg 300w, https:\/\/raum-blick.de\/magazin\/wp-content\/uploads\/2023\/10\/eva-solo-globe-giesskanne-grau-568307_200x200@2x-150x150.jpg 150w\" sizes=\"(max-width: 400px) 100vw, 400px\" \/><\/figure><\/div>\n\n\n\n<div class=\"wp-block-media-text alignwide is-stacked-on-mobile\"><figure class=\"wp-block-media-text__media\"><img loading=\"lazy\" decoding=\"async\" width=\"400\" height=\"400\" src=\"https:\/\/www.raum-blick.de\/magazin\/wp-content\/uploads\/2023\/10\/tile-kissen-schwarz_57281_200x200@2x.jpg\" alt=\"Trendfarben der Saison Grau muuto Tile Kissen\" class=\"wp-image-18548 size-full\" title=\"\" srcset=\"https:\/\/raum-blick.de\/magazin\/wp-content\/uploads\/2023\/10\/tile-kissen-schwarz_57281_200x200@2x.jpg 400w, https:\/\/raum-blick.de\/magazin\/wp-content\/uploads\/2023\/10\/tile-kissen-schwarz_57281_200x200@2x-300x300.jpg 300w, https:\/\/raum-blick.de\/magazin\/wp-content\/uploads\/2023\/10\/tile-kissen-schwarz_57281_200x200@2x-150x150.jpg 150w\" sizes=\"(max-width: 400px) 100vw, 400px\" \/><\/figure><div class=\"wp-block-media-text__content\">\n<p><em><a href=\"https:\/\/www.raum-blick.de\/kissen\/\">muuto Tile Kissen<\/a> \u2013 geometrische Formen, hochwertige Materialien und eine weiche Federf\u00fcllung. Was braucht es mehr, um sich wohlf\u00fchlen! Tile ist mehr als ein Kissen, es ist ein Statement und verleiht jedem Sofa das gewisse Etwas!<\/em><\/p>\n<\/div><\/div>\n\n\n\n<div class=\"wp-block-media-text alignwide has-media-on-the-right is-stacked-on-mobile\"><div class=\"wp-block-media-text__content\">\n<p><em><a href=\"http:\/\/raum-blick.de\/fatboy-hocker\/\">Fatboy Point Stonewashed<\/a> \u2013 Hocker oder Beistelltisch? Beides! Der weiche, robuste Baumwoll-Bezug ist wasser- und schmutzabweisend. Trotzdem ist der Puff nur was f\u00fcr drinnen. Da passt er ja auch perfekt!<\/em><\/p>\n<\/div><figure class=\"wp-block-media-text__media\"><img loading=\"lazy\" decoding=\"async\" width=\"400\" height=\"400\" src=\"https:\/\/www.raum-blick.de\/magazin\/wp-content\/uploads\/2023\/10\/Fatboy-Point-Stonewashed-taupe_23754_200x200@2x.jpg\" alt=\"Trendfarbe der Saison Grau Fatboy Point Stonewashed\" class=\"wp-image-18551 size-full\" title=\"\" srcset=\"https:\/\/raum-blick.de\/magazin\/wp-content\/uploads\/2023\/10\/Fatboy-Point-Stonewashed-taupe_23754_200x200@2x.jpg 400w, https:\/\/raum-blick.de\/magazin\/wp-content\/uploads\/2023\/10\/Fatboy-Point-Stonewashed-taupe_23754_200x200@2x-300x300.jpg 300w, https:\/\/raum-blick.de\/magazin\/wp-content\/uploads\/2023\/10\/Fatboy-Point-Stonewashed-taupe_23754_200x200@2x-150x150.jpg 150w\" sizes=\"(max-width: 400px) 100vw, 400px\" \/><\/figure><\/div>\n\n\n\n<h4 class=\"wp-block-heading\">Gut zu wissen: Einrichten mit Grau<\/h4>\n\n\n\n<p>Hellgrau, Dunkelgrau, Blaugrau oder Anthrazit \u2013 diese Farbe kommt in unendlich vielen unterschiedlichen Nuancen daher. Und genau das macht sie so vielseitig. Von modern bis klassisch, von minimalistisch bis gem\u00fctlich geht mit Grau einfach alles. Denn es f\u00fcgt sich nahtlos in jeden Einrichtungsstil ein. Verschiedene Graut\u00f6ne in Verbindung mit Akzenten in neutralen Farben schaffen eine subtile Tiefe im Raum und verleihen ihm eine elegante Ausstrahlung. Kommen dann noch verschiedene Texturen und Materialien zum Einsatz, wird es richtig spannend und Licht- und Schattenspiele erzeugen eine dynamische Atmosph\u00e4re. Die wohl harmonischste Kombination entsteht mit den neutralen Trendfarben und erdigen T\u00f6nen: graue W\u00e4nde, beige M\u00f6bel und Accessoires in Braunnuancen ergeben eine ausgewogene Mischung aus k\u00fchlen und warmen Farbt\u00f6nen und geben jedem Raum eine angenehme Balance. Die finden Sie nach der Lekt\u00fcre unserer kompletten Serie jetzt sicher auch. Also, lassen Sie sich inspirieren und entwickeln Sie Ihren ganz pers\u00f6nlichen Farb-Style!<\/p>\n","protected":false},"excerpt":{"rendered":"<p>\u00ab Elegant-minimalistisches Herbst-Update \u00bb Im letzten Teil unserer dreiteiligen Trendfarben-Serie schlagen wir sanfte T\u00f6ne an und zeigen Ihnen, wie Sie mit neutralen, nat\u00fcrlichen Farben auf ganz dezente Art f\u00fcr Wohlf\u00fchl-Momente sorgen. Denn Creme, Beige, Greige oder Grau sind wunderbar stilvolle Allrounder. Sie holen das Beste aus Ihrem Zuhause heraus, haben jede Menge Potenzial und sind [&hellip;]<\/p>\n","protected":false},"author":4,"featured_media":18555,"comment_status":"closed","ping_status":"open","sticky":false,"template":"","format":"standard","meta":{"_et_pb_use_builder":"","_et_pb_old_content":"","_et_gb_content_width":"","inline_featured_image":false,"footnotes":""},"categories":[7,1],"tags":[1809,1797,18,40,206,1531,1542,746,297,1529,239,1960,1802],"class_list":["post-18495","post","type-post","status-publish","format-standard","has-post-thumbnail","hentry","category-accessoires-lifestyle","category-drinnen","tag-blomus","tag-ethnicraft","tag-eva-solo","tag-fatboy","tag-ferm-living","tag-guaxs","tag-herbst","tag-kartell","tag-lifestyle","tag-minimalistisch-einrichten","tag-muuto","tag-trendfarben","tag-zeitlos"],"_links":{"self":[{"href":"https:\/\/raum-blick.de\/magazin\/wp-json\/wp\/v2\/posts\/18495","targetHints":{"allow":["GET"]}}],"collection":[{"href":"https:\/\/raum-blick.de\/magazin\/wp-json\/wp\/v2\/posts"}],"about":[{"href":"https:\/\/raum-blick.de\/magazin\/wp-json\/wp\/v2\/types\/post"}],"author":[{"embeddable":true,"href":"https:\/\/raum-blick.de\/magazin\/wp-json\/wp\/v2\/users\/4"}],"replies":[{"embeddable":true,"href":"https:\/\/raum-blick.de\/magazin\/wp-json\/wp\/v2\/comments?post=18495"}],"version-history":[{"count":60,"href":"https:\/\/raum-blick.de\/magazin\/wp-json\/wp\/v2\/posts\/18495\/revisions"}],"predecessor-version":[{"id":18588,"href":"https:\/\/raum-blick.de\/magazin\/wp-json\/wp\/v2\/posts\/18495\/revisions\/18588"}],"wp:featuredmedia":[{"embeddable":true,"href":"https:\/\/raum-blick.de\/magazin\/wp-json\/wp\/v2\/media\/18555"}],"wp:attachment":[{"href":"https:\/\/raum-blick.de\/magazin\/wp-json\/wp\/v2\/media?parent=18495"}],"wp:term":[{"taxonomy":"category","embeddable":true,"href":"https:\/\/raum-blick.de\/magazin\/wp-json\/wp\/v2\/categories?post=18495"},{"taxonomy":"post_tag","embeddable":true,"href":"https:\/\/raum-blick.de\/magazin\/wp-json\/wp\/v2\/tags?post=18495"}],"curies":[{"name":"wp","href":"https:\/\/api.w.org\/{rel}","templated":true}]}}