{"id":18430,"date":"2023-10-09T20:41:36","date_gmt":"2023-10-09T18:41:36","guid":{"rendered":"https:\/\/www.raum-blick.de\/magazin\/?p=18430"},"modified":"2024-03-25T17:37:04","modified_gmt":"2024-03-25T16:37:04","slug":"trendfarben-blau-und-gelb","status":"publish","type":"post","link":"https:\/\/raum-blick.de\/magazin\/trendfarben-blau-und-gelb\/","title":{"rendered":"Die Trendfarben der Saison \u2013 im Fokus Blau und Gelb"},"content":{"rendered":"\n<h2 class=\"wp-block-heading\"><span class=\"ez-toc-section\" id=\"%C2%AB_Die_Gute-Laune-Kombi_fuer_herbstliche_Homestories_%C2%BB\"><\/span>\u00ab Die Gute-Laune-Kombi f\u00fcr herbstliche Homestories \u00bb<span class=\"ez-toc-section-end\"><\/span><\/h2>\n\n\n\n<p><strong>Sonne, Himmel, Meer \u2013 daran denken wir sofort, wenn wir einem strahlenden Gelb oder einem kosmisch inspiriertem Blau begegnen. Und vielleicht auch an den hemmungslosen Optimismus der 70er, in denen solche reinen, unverf\u00e4lschten Nuancen, den Ton angegeben haben. Das tun sie jetzt wieder und nicht nur, weil der Retro-Trend gerade boomt, sondern auch, weil dieses erfrischende Farb-Duo f\u00fcr uns gef\u00fchlt den Sommer verl\u00e4ngert. Diese beiden saisonalen (Urlaubs-)Trendfarben sind Grundfarben und gleichzeitig Komplement\u00e4re. Und genau das macht sie so besonders. Sie bringen Licht, W\u00e4rme und Harmonie in unser Zuhause und verspr\u00fchen je nach Farbvarianz Leichtigkeit oder Eleganz. Freuen Sie sich auf zwei stilvoll-gem\u00fctliche Herbstschmeichler, die sich gerne zusammentun, aber auch solo ausgesprochen \u00fcberzeugend sind. Dazu gibt es nat\u00fcrlich auch dieses Mal die sch\u00f6nsten St\u00fccke aus unserem <a href=\"https:\/\/www.raum-blick.de\/wohnen\/\">Shop<\/a> in den beiden Trendfarben der Saison. <\/strong><\/p>\n\n\n\n<h2 class=\"wp-block-heading\"><span class=\"ez-toc-section\" id=\"Entspannend_Elegant_Frisch\"><\/span>Entspannend. Elegant. Frisch.<span class=\"ez-toc-section-end\"><\/span><\/h2>\n\n\n\n<p><mark style=\"background-color:#0693e3\" class=\"has-inline-color has-white-color\">BLAU MACHEN \u2013 IMMER GERNE!<\/mark><\/p><div id=\"ez-toc-container\" class=\"ez-toc-v2_0_82_2 counter-hierarchy ez-toc-counter ez-toc-grey ez-toc-container-direction\">\n<div class=\"ez-toc-title-container\">\n<p class=\"ez-toc-title\" style=\"cursor:inherit\">Was hier auf Sie wartet<\/p>\n<span class=\"ez-toc-title-toggle\"><a href=\"#\" class=\"ez-toc-pull-right ez-toc-btn ez-toc-btn-xs ez-toc-btn-default ez-toc-toggle\" aria-label=\"Toggle Table of Content\"><span class=\"ez-toc-js-icon-con\"><span class=\"\"><span class=\"eztoc-hide\" style=\"display:none;\">Toggle<\/span><span class=\"ez-toc-icon-toggle-span\"><svg style=\"fill: #999;color:#999\" xmlns=\"http:\/\/www.w3.org\/2000\/svg\" class=\"list-377408\" width=\"20px\" height=\"20px\" viewBox=\"0 0 24 24\" fill=\"none\"><path d=\"M6 6H4v2h2V6zm14 0H8v2h12V6zM4 11h2v2H4v-2zm16 0H8v2h12v-2zM4 16h2v2H4v-2zm16 0H8v2h12v-2z\" fill=\"currentColor\"><\/path><\/svg><svg style=\"fill: #999;color:#999\" class=\"arrow-unsorted-368013\" xmlns=\"http:\/\/www.w3.org\/2000\/svg\" width=\"10px\" height=\"10px\" viewBox=\"0 0 24 24\" version=\"1.2\" baseProfile=\"tiny\"><path d=\"M18.2 9.3l-6.2-6.3-6.2 6.3c-.2.2-.3.4-.3.7s.1.5.3.7c.2.2.4.3.7.3h11c.3 0 .5-.1.7-.3.2-.2.3-.5.3-.7s-.1-.5-.3-.7zM5.8 14.7l6.2 6.3 6.2-6.3c.2-.2.3-.5.3-.7s-.1-.5-.3-.7c-.2-.2-.4-.3-.7-.3h-11c-.3 0-.5.1-.7.3-.2.2-.3.5-.3.7s.1.5.3.7z\"\/><\/svg><\/span><\/span><\/span><\/a><\/span><\/div>\n<nav><ul class='ez-toc-list ez-toc-list-level-1 ' ><li class='ez-toc-page-1 ez-toc-heading-level-2'><a class=\"ez-toc-link ez-toc-heading-1\" href=\"https:\/\/raum-blick.de\/magazin\/trendfarben-blau-und-gelb\/#%C2%AB_Die_Gute-Laune-Kombi_fuer_herbstliche_Homestories_%C2%BB\" >\u00ab Die Gute-Laune-Kombi f\u00fcr herbstliche Homestories \u00bb<\/a><\/li><li class='ez-toc-page-1 ez-toc-heading-level-2'><a class=\"ez-toc-link ez-toc-heading-2\" href=\"https:\/\/raum-blick.de\/magazin\/trendfarben-blau-und-gelb\/#Entspannend_Elegant_Frisch\" >Entspannend. Elegant. Frisch.<\/a><ul class='ez-toc-list-level-3' ><li class='ez-toc-heading-level-3'><a class=\"ez-toc-link ez-toc-heading-3\" href=\"https:\/\/raum-blick.de\/magazin\/trendfarben-blau-und-gelb\/#1_Saison-Trendfarbe_Blau_%E2%80%93_unendlich_vielseitig\" >1. Saison-Trendfarbe Blau \u2013 unendlich vielseitig!<\/a><\/li><\/ul><\/li><li class='ez-toc-page-1 ez-toc-heading-level-2'><a class=\"ez-toc-link ez-toc-heading-4\" href=\"https:\/\/raum-blick.de\/magazin\/trendfarben-blau-und-gelb\/#Froehlich_Waermend_Belebend\" >Fr\u00f6hlich. W\u00e4rmend. Belebend.<\/a><ul class='ez-toc-list-level-3' ><li class='ez-toc-heading-level-3'><a class=\"ez-toc-link ez-toc-heading-5\" href=\"https:\/\/raum-blick.de\/magazin\/trendfarben-blau-und-gelb\/#2_Saison-Trendfarbe_Gelb_%E2%80%93_Hallo_Sonnenschein\" >2. Saison-Trendfarbe Gelb \u2013 Hallo Sonnenschein!<\/a><\/li><\/ul><\/li><\/ul><\/nav><\/div>\n\n\n\n\n<h3 class=\"wp-block-heading\"><span class=\"ez-toc-section\" id=\"1_Saison-Trendfarbe_Blau_%E2%80%93_unendlich_vielseitig\"><\/span>1. Saison-Trendfarbe Blau \u2013 unendlich vielseitig!<span class=\"ez-toc-section-end\"><\/span><\/h3>\n\n\n\n<p>Die Lieblingsfarbe der Deutschen hat viele Facetten. Das Spektrum reicht von zartem Babyblau \u00fcber lebendiges Azur und verspieltes T\u00fcrkis bis zu dunklem Indigo. Aber egal, ob dezent oder kr\u00e4ftig, die Atmosph\u00e4re, die Blaut\u00f6ne erzeugen, ist immer erfrischend, einladend und entspannend. Letztlich h\u00e4ngt es nat\u00fcrlich von der Nuance und der Kombi mit anderen Farben ab, welche Stimmung der Raum am Ende ausstrahlt. Bei 180 verschieden Blaut\u00f6nen, die die Pantone-Palette zu bieten hat, ist da auf alle F\u00e4lle reichlich Spielraum. <\/p>\n\n\n\n<h4 class=\"wp-block-heading\">Trendfarben der Saison Dunkelblau und Petrol<\/h4>\n\n\n\n<p>Elegant sind sie, diese beiden Trendfarben der Saison 2023\/24, tiefgr\u00fcndig wie das Meer. Und eine perfekte Erg\u00e4nzung zu Holz und Beton. Wei\u00dfem Porzellan oder geb\u00fcrstetem Messing verschaffen diese Blaut\u00f6ne gl\u00e4nzende Auftritte. Zwei farbintensive Alternativen zu den Klassikern Schwarz, Grau und Braun, mit denen sie sich aber bestens verstehen. Abgesehen davon, dass sie auch zusammen ein ausgesprochen harmonisches Duo abgeben. Mit leuchtendem Gelb oder Orange schaffen sie ein lebhaftes Ambiente, mit Rot wird die Stimmung im Raum dagegen eher frech, modern und ein bisschen gewagt. Wow-Effekte sind mit ihnen so oder so garantiert, eine beruhigende Harmonie auch. Deshalb geh\u00f6ren diese zwei auch zu unseren Top W\u00e4rme- und Gem\u00fctlichkeitsspendern. <\/p>\n\n\n\n<h4 class=\"wp-block-heading\">Blaue Stunde mit blauen Wundern \u2013 entdecken Sie unsere f\u00fcnf liebsten &#8222;Blau-Macher&#8220;:<\/h4>\n\n\n\n<div class=\"wp-block-media-text alignwide is-stacked-on-mobile\"><figure class=\"wp-block-media-text__media\"><img loading=\"lazy\" decoding=\"async\" width=\"400\" height=\"400\" src=\"https:\/\/www.raum-blick.de\/magazin\/wp-content\/uploads\/2023\/10\/4-F-acher-blau3Mog3KuJUWxo6_200x200@2x.jpg\" alt=\"Trendfarbe der Saison Blau Kartell Container\" class=\"wp-image-18455 size-full\" title=\"\" srcset=\"https:\/\/raum-blick.de\/magazin\/wp-content\/uploads\/2023\/10\/4-F-acher-blau3Mog3KuJUWxo6_200x200@2x.jpg 400w, https:\/\/raum-blick.de\/magazin\/wp-content\/uploads\/2023\/10\/4-F-acher-blau3Mog3KuJUWxo6_200x200@2x-300x300.jpg 300w, https:\/\/raum-blick.de\/magazin\/wp-content\/uploads\/2023\/10\/4-F-acher-blau3Mog3KuJUWxo6_200x200@2x-150x150.jpg 150w\" sizes=\"(max-width: 400px) 100vw, 400px\" \/><\/figure><div class=\"wp-block-media-text__content\">\n<p><em><a href=\"https:\/\/www.raum-blick.de\/kartell\/\">Kartell Componibili<\/a> \u2013 den zeitlosen Klassiker gibt es in diversen Ausf\u00fchrungen und Farben. In dunklem Blau wirkt er aber besonders edel. F\u00fcr alles, was Sie stilvoll verstauen m\u00f6chten. Eine Bereicherung f\u00fcr jeden Raum. <\/em><\/p>\n<\/div><\/div>\n\n\n\n<div class=\"wp-block-media-text alignwide has-media-on-the-right is-stacked-on-mobile\"><div class=\"wp-block-media-text__content\">\n<p><em><a href=\"https:\/\/www.raum-blick.de\/ferm-living-plantbox\/\">ferm LIVING Plant Box<\/a> \u2013<\/em> <em>Blumenkasten, Aufbewahrungsbeh\u00e4lter, Abstelltisch oder Raum<\/em>teiler, dieses M\u00f6bel ist so flexibel wie Ihre Anspr\u00fcche und macht \u00fcberall eine gute Figur. Besonders in diesem strahlenden Blau.  <\/p>\n<\/div><figure class=\"wp-block-media-text__media\"><img loading=\"lazy\" decoding=\"async\" width=\"400\" height=\"400\" src=\"https:\/\/www.raum-blick.de\/magazin\/wp-content\/uploads\/2023\/10\/ferm-living-plant-box-brigt-blue-blau_78077_200x200@2x.jpg\" alt=\"Trendfarbe der Saison Blau ferm LIVING Plantbox\" class=\"wp-image-18456 size-full\" title=\"\" srcset=\"https:\/\/raum-blick.de\/magazin\/wp-content\/uploads\/2023\/10\/ferm-living-plant-box-brigt-blue-blau_78077_200x200@2x.jpg 400w, https:\/\/raum-blick.de\/magazin\/wp-content\/uploads\/2023\/10\/ferm-living-plant-box-brigt-blue-blau_78077_200x200@2x-300x300.jpg 300w, https:\/\/raum-blick.de\/magazin\/wp-content\/uploads\/2023\/10\/ferm-living-plant-box-brigt-blue-blau_78077_200x200@2x-150x150.jpg 150w\" sizes=\"(max-width: 400px) 100vw, 400px\" \/><\/figure><\/div>\n\n\n\n<div class=\"wp-block-media-text alignwide is-stacked-on-mobile\"><figure class=\"wp-block-media-text__media\"><img loading=\"lazy\" decoding=\"async\" width=\"400\" height=\"400\" src=\"https:\/\/www.raum-blick.de\/magazin\/wp-content\/uploads\/2023\/10\/jan-kurtz-mila-stuhl-blau_73959FPJIEgL629k6W_200x200@2x.jpg\" alt=\"Trendfarbe der Saison Blau Jan Kurtz Stuhl Mila\" class=\"wp-image-18458 size-full\" title=\"\" srcset=\"https:\/\/raum-blick.de\/magazin\/wp-content\/uploads\/2023\/10\/jan-kurtz-mila-stuhl-blau_73959FPJIEgL629k6W_200x200@2x.jpg 400w, https:\/\/raum-blick.de\/magazin\/wp-content\/uploads\/2023\/10\/jan-kurtz-mila-stuhl-blau_73959FPJIEgL629k6W_200x200@2x-300x300.jpg 300w, https:\/\/raum-blick.de\/magazin\/wp-content\/uploads\/2023\/10\/jan-kurtz-mila-stuhl-blau_73959FPJIEgL629k6W_200x200@2x-150x150.jpg 150w\" sizes=\"(max-width: 400px) 100vw, 400px\" \/><\/figure><div class=\"wp-block-media-text__content\">\n<p><em><a href=\"https:\/\/www.raum-blick.de\/jan-kurtz-stuehle\/\">Jan Kurtz Mila<\/a> \u2013 diesen Esszimmerstuhl werden Sie lieben. Nicht nur wegen der Farbe, sondern vor allem, weil er einfach herrlich bequem ist. Und dabei so sch\u00f6n zeitlos. <\/em><\/p>\n<\/div><\/div>\n\n\n\n<div class=\"wp-block-media-text alignwide has-media-on-the-right is-stacked-on-mobile\"><div class=\"wp-block-media-text__content\">\n<p><em><a href=\"https:\/\/www.raum-blick.de\/guaxs\/\">GUAXS Vasen<\/a> \u2013 mundgeblasene Unikate made in Germany. Eigenwillig, organisch und mit einem unvergleichlichen Charme kreieren die Design-Lieblinge einen unverwechselbaren Stil<\/em>. <em>Das dunkle Ocean Blue hat es uns jetzt besonders angetan<\/em>.<\/p>\n<\/div><figure class=\"wp-block-media-text__media\"><img loading=\"lazy\" decoding=\"async\" width=\"400\" height=\"400\" src=\"https:\/\/www.raum-blick.de\/magazin\/wp-content\/uploads\/2023\/10\/guaxs-cubistic-teelichthalter-ocean-blue_73736O2PiSwNe63TkM_200x200@2x.jpg\" alt=\"Trendfarbe der Saison Blau GUAXS Vasen\" class=\"wp-image-18462 size-full\" title=\"\" srcset=\"https:\/\/raum-blick.de\/magazin\/wp-content\/uploads\/2023\/10\/guaxs-cubistic-teelichthalter-ocean-blue_73736O2PiSwNe63TkM_200x200@2x.jpg 400w, https:\/\/raum-blick.de\/magazin\/wp-content\/uploads\/2023\/10\/guaxs-cubistic-teelichthalter-ocean-blue_73736O2PiSwNe63TkM_200x200@2x-300x300.jpg 300w, https:\/\/raum-blick.de\/magazin\/wp-content\/uploads\/2023\/10\/guaxs-cubistic-teelichthalter-ocean-blue_73736O2PiSwNe63TkM_200x200@2x-150x150.jpg 150w\" sizes=\"(max-width: 400px) 100vw, 400px\" \/><\/figure><\/div>\n\n\n\n<div class=\"wp-block-media-text alignwide is-stacked-on-mobile\"><figure class=\"wp-block-media-text__media\"><img loading=\"lazy\" decoding=\"async\" width=\"400\" height=\"400\" src=\"https:\/\/www.raum-blick.de\/magazin\/wp-content\/uploads\/2023\/10\/muuto-stacked-regal-buero_79933_200x200@2x.jpg\" alt=\"Trendfarbe der Saison Blau muuto Stacked Regelsystem 2.0\" class=\"wp-image-18464 size-full\" title=\"\" srcset=\"https:\/\/raum-blick.de\/magazin\/wp-content\/uploads\/2023\/10\/muuto-stacked-regal-buero_79933_200x200@2x.jpg 400w, https:\/\/raum-blick.de\/magazin\/wp-content\/uploads\/2023\/10\/muuto-stacked-regal-buero_79933_200x200@2x-300x300.jpg 300w, https:\/\/raum-blick.de\/magazin\/wp-content\/uploads\/2023\/10\/muuto-stacked-regal-buero_79933_200x200@2x-150x150.jpg 150w\" sizes=\"(max-width: 400px) 100vw, 400px\" \/><\/figure><div class=\"wp-block-media-text__content\">\n<p><em><a href=\"https:\/\/www.raum-blick.de\/muuto-moebel\/\">muuto Stacked Regalsystem 2.0<\/a> \u2013 an Vielfalt ist diese modulare Aufbewahrungsl\u00f6sung nicht zu \u00fcberbieten. Puristisches, skandinavisches Design, das Ihnen jegliche Freiheit l\u00e4sst. So geht Wohnen heute!<\/em><\/p>\n<\/div><\/div>\n\n\n\n<h4 class=\"wp-block-heading\">Gut zu wissen: Einrichten mit Blau<\/h4>\n\n\n\n<p>Ferne, Sehnsucht, Klarheit \u2013&nbsp;Blau ist so beruhigend und entspannend wie der Himmel und das Meer. Und gibt Ihren vier W\u00e4nden dabei immer einen leichten, frischen Touch. Kein Wunder ist die Farbkombi Blau-Wei\u00df in mediterranen L\u00e4ndern so beliebt. Wem das zu k\u00fchl ist, der kombiniert mit nat\u00fcrlichen Materialien wie Holz oder Rattan und warmen Farben. Blau mit Blau geht definitiv immer, weil die Nuancen so unendlich vielf\u00e4ltig sind. Zu pur, kann es aber auch schnell &#8222;ausk\u00fchlen&#8220;. Gut, dass zu Blau so viele andere Farben wunderbar passen. Mit zartem Gelb entsteht Leichtigkeit, mit Senf Eleganz und mit Sonnengelb wird&#8217;s lebhaft im Raum. Orange sorgt f\u00fcr einen Hauch Exzentrik, Braun macht es stilvoll und Gr\u00fcn gem\u00fctlich und anregend. Und das funktioniert in jedem Raum. Denn Blau gibt uns genau das, was wir brauchen: Entspannung im Wohnzimmer, Fr\u00f6hlichkeit in der K\u00fcche, Ruhe im Schlafzimmer, Erfrischung im Bad und Konzentration im Arbeitszimmer. H\u00f6chste Zeit also f\u00fcr &#8222;Blue Moments&#8220;, probieren Sie&#8217;s einfach aus!<\/p>\n\n\n\n<h2 class=\"wp-block-heading\"><span class=\"ez-toc-section\" id=\"Froehlich_Waermend_Belebend\"><\/span>Fr\u00f6hlich. W\u00e4rmend. Belebend.<span class=\"ez-toc-section-end\"><\/span><\/h2>\n\n\n\n<p><mark style=\"background-color:#fcb900\" class=\"has-inline-color has-white-color\">DAS GELBE VOM EI \u2013 AUF JEDEN FALL!<\/mark><\/p>\n\n\n\n<h3 class=\"wp-block-heading\"><span class=\"ez-toc-section\" id=\"2_Saison-Trendfarbe_Gelb_%E2%80%93_Hallo_Sonnenschein\"><\/span>2. Saison-Trendfarbe Gelb \u2013 Hallo Sonnenschein!<span class=\"ez-toc-section-end\"><\/span><\/h3>\n\n\n\n<p>Spritzig, heiter, hell und kr\u00e4ftig wie ein Sonnenstrahl, der in der Nase kitzelt. Das vitale Gelb, l\u00e4sst den Sommer und die Lebensfreude bei uns einziehen, auch wenn es drau\u00dfen Minusgrade hat. Perfekt f\u00fcr frische Akzente mit Eyecatcher-Qualit\u00e4ten, die Leichtigkeit in Ihr Zuhause bringen. Die Farbe ist ausgesprochen wandelbar, verstr\u00f6mt Harmonie und bringt jeden Raum zum Strahlen \u2013 egal ob zartes Vanille-, knalliges Zitronen- oder ruhiges Senfgelb. Lassen Sie sich anstecken von so viel Positivismus, Licht und W\u00e4rme! Wir lieben die Trendfarbe der Saison und Sie sicher auch bald. <\/p>\n\n\n\n<h4 class=\"wp-block-heading\">Trendfarben der Saison Senfgelb &amp; Co<\/h4>\n\n\n\n<p>Jetzt im Herbst geben die eher warmen, gedeckte Gelb-Nuancen den Ton an. Senfgelb steht dabei ganz oben auf der Trend-Liste. Gefolgt von Mustard und w\u00fcrzigem Kurkuma. Gemein ist ihnen allen, dass die  sowohl mit dunklen als auch mit hellen T\u00f6nen harmonieren und verl\u00e4ssliche Stimmungs-Booster sind. Senf ist edel und schafft eine wohlige Atmosph\u00e4re. Und es hat den angesagten Retro-Touch. Kombiniert mit Naturmaterialien und runden Formen, stellen sich ganz schnell die Vibes der 60er und 70er ein. Gleichzeitig wirkt Senfgelb unglaublich modern. Holen Sie sich jetzt W\u00e4rme, Behaglichkeit und einen Hauch Sp\u00e4tsommer ins Haus! <\/p>\n\n\n\n<h4 class=\"wp-block-heading\">Signalfarbe mit reichlich Strahlkraft \u2013&nbsp;hier sind unsere Gelb-Favoriten:<\/h4>\n\n\n\n<div class=\"wp-block-media-text alignwide is-stacked-on-mobile\"><figure class=\"wp-block-media-text__media\"><img loading=\"lazy\" decoding=\"async\" width=\"400\" height=\"400\" src=\"https:\/\/www.raum-blick.de\/magazin\/wp-content\/uploads\/2023\/10\/Fatboy-Original-Slim-maize-yellowpN7g3EvG29gNI_200x200@2x.jpg\" alt=\"Trendfarbe der Saison Gelb Fatboy Sitzsack\" class=\"wp-image-18479 size-full\" title=\"\" srcset=\"https:\/\/raum-blick.de\/magazin\/wp-content\/uploads\/2023\/10\/Fatboy-Original-Slim-maize-yellowpN7g3EvG29gNI_200x200@2x.jpg 400w, https:\/\/raum-blick.de\/magazin\/wp-content\/uploads\/2023\/10\/Fatboy-Original-Slim-maize-yellowpN7g3EvG29gNI_200x200@2x-300x300.jpg 300w, https:\/\/raum-blick.de\/magazin\/wp-content\/uploads\/2023\/10\/Fatboy-Original-Slim-maize-yellowpN7g3EvG29gNI_200x200@2x-150x150.jpg 150w\" sizes=\"(max-width: 400px) 100vw, 400px\" \/><\/figure><div class=\"wp-block-media-text__content\">\n<p><em><a href=\"https:\/\/www.raum-blick.de\/fatboy-sitzsack\/\">Fatboy Original Slim Velvet<\/a> \u2013 in sattem Gelb und aus edlem Samt. Da macht lesen, arbeiten, telefonieren oder schlafen gleich noch mehr Laune. <\/em><\/p>\n<\/div><\/div>\n\n\n\n<div class=\"wp-block-media-text alignwide has-media-on-the-right is-stacked-on-mobile\"><div class=\"wp-block-media-text__content\">\n<p><em><a href=\"https:\/\/www.raum-blick.de\/handed-by\/\">Handed By Halo Beistelltisch sit<\/a> \u2013&nbsp;sitzen, verstauen, ablegen. Mit diesem cleveren, handgefertigten M\u00f6bel sind Sie ganz flexibel.<\/em><\/p>\n<\/div><figure class=\"wp-block-media-text__media\"><img loading=\"lazy\" decoding=\"async\" width=\"400\" height=\"400\" src=\"https:\/\/www.raum-blick.de\/magazin\/wp-content\/uploads\/2023\/10\/handed-by-halo-beistelltisch-sit-ochre-schlafzimmer_94025_200x200@2x.jpg\" alt=\"Trendfarbe der Saison Gelb Handed By Halo Beistelltisch ist\" class=\"wp-image-18480 size-full\" title=\"\" srcset=\"https:\/\/raum-blick.de\/magazin\/wp-content\/uploads\/2023\/10\/handed-by-halo-beistelltisch-sit-ochre-schlafzimmer_94025_200x200@2x.jpg 400w, https:\/\/raum-blick.de\/magazin\/wp-content\/uploads\/2023\/10\/handed-by-halo-beistelltisch-sit-ochre-schlafzimmer_94025_200x200@2x-300x300.jpg 300w, https:\/\/raum-blick.de\/magazin\/wp-content\/uploads\/2023\/10\/handed-by-halo-beistelltisch-sit-ochre-schlafzimmer_94025_200x200@2x-150x150.jpg 150w\" sizes=\"(max-width: 400px) 100vw, 400px\" \/><\/figure><\/div>\n\n\n\n<div class=\"wp-block-media-text alignwide is-stacked-on-mobile\"><figure class=\"wp-block-media-text__media\"><img loading=\"lazy\" decoding=\"async\" width=\"400\" height=\"400\" src=\"https:\/\/www.raum-blick.de\/magazin\/wp-content\/uploads\/2023\/10\/foscarini-binic-tischleuchte-gelb_63288_200x200@2x.jpg\" alt=\"Trendfarbe der Saison Gelb Foscarini Binic\" class=\"wp-image-18482 size-full\" title=\"\" srcset=\"https:\/\/raum-blick.de\/magazin\/wp-content\/uploads\/2023\/10\/foscarini-binic-tischleuchte-gelb_63288_200x200@2x.jpg 400w, https:\/\/raum-blick.de\/magazin\/wp-content\/uploads\/2023\/10\/foscarini-binic-tischleuchte-gelb_63288_200x200@2x-300x300.jpg 300w, https:\/\/raum-blick.de\/magazin\/wp-content\/uploads\/2023\/10\/foscarini-binic-tischleuchte-gelb_63288_200x200@2x-150x150.jpg 150w\" sizes=\"(max-width: 400px) 100vw, 400px\" \/><\/figure><div class=\"wp-block-media-text__content\">\n<p><em><a href=\"https:\/\/www.raum-blick.de\/foscarini\/\">Foscarini Binic Tischleuchte<\/a> \u2013 gl\u00e4nzende Oberfl\u00e4che, satinierter Sockel. Dieser farbenfrohe Raum-Aufheller ist ausgesprochen kompakt und verdankt seinen Namen einem Leuchtturm in der Bretagne.  <\/em><\/p>\n<\/div><\/div>\n\n\n\n<div class=\"wp-block-media-text alignwide is-stacked-on-mobile\"><figure class=\"wp-block-media-text__media\"><img loading=\"lazy\" decoding=\"async\" width=\"400\" height=\"400\" src=\"https:\/\/www.raum-blick.de\/magazin\/wp-content\/uploads\/2023\/10\/max-bill-ulmer-hocker-zitronengelb-sofa_91408_200x200@2x.jpg\" alt=\"Trendfarbe der Saison Gelb wb form Ulmer Hocker\" class=\"wp-image-18485 size-full\" title=\"\" srcset=\"https:\/\/raum-blick.de\/magazin\/wp-content\/uploads\/2023\/10\/max-bill-ulmer-hocker-zitronengelb-sofa_91408_200x200@2x.jpg 400w, https:\/\/raum-blick.de\/magazin\/wp-content\/uploads\/2023\/10\/max-bill-ulmer-hocker-zitronengelb-sofa_91408_200x200@2x-300x300.jpg 300w, https:\/\/raum-blick.de\/magazin\/wp-content\/uploads\/2023\/10\/max-bill-ulmer-hocker-zitronengelb-sofa_91408_200x200@2x-150x150.jpg 150w\" sizes=\"(max-width: 400px) 100vw, 400px\" \/><\/figure><div class=\"wp-block-media-text__content\">\n<p><em><a href=\"https:\/\/www.raum-blick.de\/wb-form\/\">wb form Ulmer Hocker<\/a> \u2013 der Designklassiker von Max Bill kann auch anders, wie man sieht. Einfach auf die breite  Seite stellen und schon wird aus dem Hocker ein kleiner feiner Beistelltisch. <\/em><\/p>\n<\/div><\/div>\n\n\n\n<div class=\"wp-block-media-text alignwide is-stacked-on-mobile\"><figure class=\"wp-block-media-text__media\"><img loading=\"lazy\" decoding=\"async\" width=\"400\" height=\"400\" src=\"https:\/\/www.raum-blick.de\/magazin\/wp-content\/uploads\/2023\/10\/muuto-Restore-yellow_266389iOJyuzjwuXSS_200x200@2x.jpg\" alt=\"Trendfarbe der Saison Gelb muuto Restore Korb\" class=\"wp-image-18487 size-full\" title=\"\" srcset=\"https:\/\/raum-blick.de\/magazin\/wp-content\/uploads\/2023\/10\/muuto-Restore-yellow_266389iOJyuzjwuXSS_200x200@2x.jpg 400w, https:\/\/raum-blick.de\/magazin\/wp-content\/uploads\/2023\/10\/muuto-Restore-yellow_266389iOJyuzjwuXSS_200x200@2x-300x300.jpg 300w, https:\/\/raum-blick.de\/magazin\/wp-content\/uploads\/2023\/10\/muuto-Restore-yellow_266389iOJyuzjwuXSS_200x200@2x-150x150.jpg 150w\" sizes=\"(max-width: 400px) 100vw, 400px\" \/><\/figure><div class=\"wp-block-media-text__content\">\n<p><em><a href=\"https:\/\/www.raum-blick.de\/muuto\/\">muuto Restore Korb<\/a> \u2013 umweltfreundlich und praktisch. Ein Muss f\u00fcr Ordnungsliebhaber mit einem Herz f\u00fcr die Nachhaltigkeit. Denn unter dem handschmeichelnden Filz verbirgt sich ein Korpus aus recycelten PET-Flaschen.  <\/em><\/p>\n<\/div><\/div>\n\n\n\n<h4 class=\"wp-block-heading\">Gut zu wissen: Einrichten mit Gelb<\/h4>\n\n\n\n<p>Egal in welcher Nuance, Gelb ist ein anregender, aktivierender Allrounder, der R\u00e4ume optisch aufhellt. Von klar und modern bis zu zur\u00fcckhaltend-gem\u00fctlich geht mit dieser Farbe alles. Klassischerweise tut sie sich besonders gerne mit Braun zusammen und verspr\u00fcht in dieser Kombi jede Menge W\u00e4rme. Mit Wei\u00df und Cremet\u00f6nen wird alles noch heller und strahlender, mit Rosa romantisch, mit dem Komplement\u00e4r Blau zieht das pure Urlaubs-Feeling ein. Wer es stilvoll mag, w\u00e4hlt Schwarz oder Grau als Partner und wenn Sie ganz mutig sind, setzen Sie auf extravagantes Lila, das ja auch Blauanteile enth\u00e4lt, wodurch eine kraftvolle Warm\/Kalt-Mischung entsteht. <\/p>\n\n\n\n<p>Warm und edel geht es auch im letzten Teil unserer &#8222;Trendfarben der Saison&#8220; weiter. Dann spielen Erdt\u00f6ne, Neutrals und Grau die Hauptrolle. Und die haben einen ganz besonderen Charme, Sie werden sehen. Also unbedingt bald wieder reinklicken!<\/p>\n\n\n\n<p><\/p>\n","protected":false},"excerpt":{"rendered":"<p>\u00ab Die Gute-Laune-Kombi f\u00fcr herbstliche Homestories \u00bb Sonne, Himmel, Meer \u2013 daran denken wir sofort, wenn wir einem strahlenden Gelb oder einem kosmisch inspiriertem Blau begegnen. Und vielleicht auch an den hemmungslosen Optimismus der 70er, in denen solche reinen, unverf\u00e4lschten Nuancen, den Ton angegeben haben. Das tun sie jetzt wieder und nicht nur, weil der [&hellip;]<\/p>\n","protected":false},"author":4,"featured_media":18449,"comment_status":"closed","ping_status":"open","sticky":false,"template":"","format":"standard","meta":{"_et_pb_use_builder":"","_et_pb_old_content":"","_et_gb_content_width":"","inline_featured_image":false,"footnotes":""},"categories":[7,1],"tags":[770,206,1531,1532,1051,746,297,239,1932,767,1960],"class_list":["post-18430","post","type-post","status-publish","format-standard","has-post-thumbnail","hentry","category-accessoires-lifestyle","category-drinnen","tag-componibili","tag-ferm-living","tag-guaxs","tag-guaxs-vasen","tag-jan-kurtz","tag-kartell","tag-lifestyle","tag-muuto","tag-muuto-das-stacked-system","tag-plant-box","tag-trendfarben"],"_links":{"self":[{"href":"https:\/\/raum-blick.de\/magazin\/wp-json\/wp\/v2\/posts\/18430","targetHints":{"allow":["GET"]}}],"collection":[{"href":"https:\/\/raum-blick.de\/magazin\/wp-json\/wp\/v2\/posts"}],"about":[{"href":"https:\/\/raum-blick.de\/magazin\/wp-json\/wp\/v2\/types\/post"}],"author":[{"embeddable":true,"href":"https:\/\/raum-blick.de\/magazin\/wp-json\/wp\/v2\/users\/4"}],"replies":[{"embeddable":true,"href":"https:\/\/raum-blick.de\/magazin\/wp-json\/wp\/v2\/comments?post=18430"}],"version-history":[{"count":55,"href":"https:\/\/raum-blick.de\/magazin\/wp-json\/wp\/v2\/posts\/18430\/revisions"}],"predecessor-version":[{"id":19638,"href":"https:\/\/raum-blick.de\/magazin\/wp-json\/wp\/v2\/posts\/18430\/revisions\/19638"}],"wp:featuredmedia":[{"embeddable":true,"href":"https:\/\/raum-blick.de\/magazin\/wp-json\/wp\/v2\/media\/18449"}],"wp:attachment":[{"href":"https:\/\/raum-blick.de\/magazin\/wp-json\/wp\/v2\/media?parent=18430"}],"wp:term":[{"taxonomy":"category","embeddable":true,"href":"https:\/\/raum-blick.de\/magazin\/wp-json\/wp\/v2\/categories?post=18430"},{"taxonomy":"post_tag","embeddable":true,"href":"https:\/\/raum-blick.de\/magazin\/wp-json\/wp\/v2\/tags?post=18430"}],"curies":[{"name":"wp","href":"https:\/\/api.w.org\/{rel}","templated":true}]}}