{"id":18353,"date":"2023-09-26T00:27:51","date_gmt":"2023-09-25T22:27:51","guid":{"rendered":"https:\/\/www.raum-blick.de\/magazin\/?p=18353"},"modified":"2024-03-25T17:36:37","modified_gmt":"2024-03-25T16:36:37","slug":"trendfarben-rot-und-gruen","status":"publish","type":"post","link":"https:\/\/raum-blick.de\/magazin\/trendfarben-rot-und-gruen\/","title":{"rendered":"Die Trendfarben der Saison I \u2013 jetzt wird&#8217;s gem\u00fctlich!"},"content":{"rendered":"\n<h2 class=\"wp-block-heading\"><span class=\"ez-toc-section\" id=\"%C2%AB_Style-Update_fuer_ein_kuscheliges_Herbst-Zuhause_%C2%BB\"><\/span>\u00ab Style-Update f\u00fcr ein kuscheliges Herbst-Zuhause \u00bb<span class=\"ez-toc-section-end\"><\/span><\/h2>\n\n\n\n<p><strong>Wenn es drau\u00dfen k\u00fchler wird und die Tage k\u00fcrzer werden, sind wir im Entspannungs-Modus. Dann haben wir so richtig Lust auf herbstliches Cocooning. Denn seit wir auch von daheim aus arbeiten, verbringen wir noch mehr Zeit in unseren vier W\u00e4nden, in denen wir es jetzt einfach gem\u00fctlich haben wollen. Also hei\u00dft es &#8222;Atmosph\u00e4re schaffen&#8220; und womit ginge das schneller und einfacher als mit Farben, die so vielseitig sind wie der Herbst?  Von erdigen Naturt\u00f6nen bis zu kr\u00e4ftigen Akzentfarben ist alles dabei, was Ihr Zuhause so richtig harmonisch, gem\u00fctlich und elegant macht. Wir pr\u00e4sentieren Ihnen unsere sechs liebsten &#8222;Tonangeber&#8220; in drei Teilen und dazu die sch\u00f6nsten St\u00fccke aus unserem <a href=\"https:\/\/www.raum-blick.de\/wohnen\/\">Shop<\/a> in den Trendfarben der Saison, die garantiert f\u00fcr &#8222;Herbstklopfen&#8220; sorgen. Den Anfang machen Rot und Gr\u00fcn. <\/strong><\/p>\n\n\n\n<h2 class=\"wp-block-heading\"><span class=\"ez-toc-section\" id=\"Leuchtend_Leidenschaftlich_Optimistisch\"><\/span>Leuchtend. Leidenschaftlich. Optimistisch.<span class=\"ez-toc-section-end\"><\/span><\/h2>\n\n\n\n<p><mark style=\"background-color:#cf2e2e\" class=\"has-inline-color has-white-color\">ROT SEHEN \u2013 UNBEDINGT!<\/mark><\/p><div id=\"ez-toc-container\" class=\"ez-toc-v2_0_82_2 counter-hierarchy ez-toc-counter ez-toc-grey ez-toc-container-direction\">\n<div class=\"ez-toc-title-container\">\n<p class=\"ez-toc-title\" style=\"cursor:inherit\">Was hier auf Sie wartet<\/p>\n<span class=\"ez-toc-title-toggle\"><a href=\"#\" class=\"ez-toc-pull-right ez-toc-btn ez-toc-btn-xs ez-toc-btn-default ez-toc-toggle\" aria-label=\"Toggle Table of Content\"><span class=\"ez-toc-js-icon-con\"><span class=\"\"><span class=\"eztoc-hide\" style=\"display:none;\">Toggle<\/span><span class=\"ez-toc-icon-toggle-span\"><svg style=\"fill: #999;color:#999\" xmlns=\"http:\/\/www.w3.org\/2000\/svg\" class=\"list-377408\" width=\"20px\" height=\"20px\" viewBox=\"0 0 24 24\" fill=\"none\"><path d=\"M6 6H4v2h2V6zm14 0H8v2h12V6zM4 11h2v2H4v-2zm16 0H8v2h12v-2zM4 16h2v2H4v-2zm16 0H8v2h12v-2z\" fill=\"currentColor\"><\/path><\/svg><svg style=\"fill: #999;color:#999\" class=\"arrow-unsorted-368013\" xmlns=\"http:\/\/www.w3.org\/2000\/svg\" width=\"10px\" height=\"10px\" viewBox=\"0 0 24 24\" version=\"1.2\" baseProfile=\"tiny\"><path d=\"M18.2 9.3l-6.2-6.3-6.2 6.3c-.2.2-.3.4-.3.7s.1.5.3.7c.2.2.4.3.7.3h11c.3 0 .5-.1.7-.3.2-.2.3-.5.3-.7s-.1-.5-.3-.7zM5.8 14.7l6.2 6.3 6.2-6.3c.2-.2.3-.5.3-.7s-.1-.5-.3-.7c-.2-.2-.4-.3-.7-.3h-11c-.3 0-.5.1-.7.3-.2.2-.3.5-.3.7s.1.5.3.7z\"\/><\/svg><\/span><\/span><\/span><\/a><\/span><\/div>\n<nav><ul class='ez-toc-list ez-toc-list-level-1 ' ><li class='ez-toc-page-1 ez-toc-heading-level-2'><a class=\"ez-toc-link ez-toc-heading-1\" href=\"https:\/\/raum-blick.de\/magazin\/trendfarben-rot-und-gruen\/#%C2%AB_Style-Update_fuer_ein_kuscheliges_Herbst-Zuhause_%C2%BB\" >\u00ab Style-Update f\u00fcr ein kuscheliges Herbst-Zuhause \u00bb<\/a><\/li><li class='ez-toc-page-1 ez-toc-heading-level-2'><a class=\"ez-toc-link ez-toc-heading-2\" href=\"https:\/\/raum-blick.de\/magazin\/trendfarben-rot-und-gruen\/#Leuchtend_Leidenschaftlich_Optimistisch\" >Leuchtend. Leidenschaftlich. Optimistisch.<\/a><ul class='ez-toc-list-level-3' ><li class='ez-toc-heading-level-3'><a class=\"ez-toc-link ez-toc-heading-3\" href=\"https:\/\/raum-blick.de\/magazin\/trendfarben-rot-und-gruen\/#1_Saison-Trendfarbe_Rot_%E2%80%93_Lebensfreude_pur\" >1. Saison-Trendfarbe Rot \u2013 Lebensfreude pur!<\/a><\/li><\/ul><\/li><li class='ez-toc-page-1 ez-toc-heading-level-2'><a class=\"ez-toc-link ez-toc-heading-4\" href=\"https:\/\/raum-blick.de\/magazin\/trendfarben-rot-und-gruen\/#Zeitlos_Beruhigend_Natuerlich\" >Zeitlos. Beruhigend. Nat\u00fcrlich.<\/a><ul class='ez-toc-list-level-3' ><li class='ez-toc-heading-level-3'><a class=\"ez-toc-link ez-toc-heading-5\" href=\"https:\/\/raum-blick.de\/magazin\/trendfarben-rot-und-gruen\/#2_Saison-Trendfarbe_Gruen_%E2%80%93_herrlich_entspannend\" >2. Saison-Trendfarbe Gr\u00fcn \u2013&nbsp;herrlich entspannend<\/a><\/li><\/ul><\/li><\/ul><\/nav><\/div>\n\n\n\n\n<h3 class=\"wp-block-heading\"><span class=\"ez-toc-section\" id=\"1_Saison-Trendfarbe_Rot_%E2%80%93_Lebensfreude_pur\"><\/span> 1. Saison-Trendfarbe Rot \u2013 Lebensfreude pur!<span class=\"ez-toc-section-end\"><\/span><\/h3>\n\n\n\n<p>Wenn wir verliebt sind, malen wir rote Herzen und nichts ist sinnlicher als ein Strau\u00df roter Rosen. Die Farbe Rot steht seit jeher f\u00fcr Energie und Leidenschaft \u2013 positiv wie negativ \u2013 und doch trauen wir uns einrichtungstechnisch nicht so richtig heran an dieses nuancenreiche Energieb\u00fcndel, das von knallig bis erdig ein immenses Farbspektrum zu bieten hat. Ein Rot-Klassiker, der \u00fcbrigens tats\u00e4chlich allj\u00e4hrlich auf der Herbstfarben-Trendliste steht, ist das zeitlose, elegante Bordeaux, das an Ahorn und wilden Wein erinnert.<\/p>\n\n\n\n<h4 class=\"wp-block-heading\">Terrakotta und Rostrot<\/h4>\n\n\n\n<p>Diese beiden T\u00f6ne rangieren bei den Trendfarben der Saison 2023\/24 ganz weit oben. Das warme, erdige, kombinationsfreudige Terrakotta verleiht jedem Raum eine nat\u00fcrliche, gem\u00fctliche Note und ist vielseitig einsetzbar \u2013 ob als Wandfarbe, Teppich oder Deko-Element. Zusammen mit dem angesagten Olivgr\u00fcn beispielsweise sorgt es f\u00fcr einen harmonischen Look, mit Senfgelb f\u00fcr einen kr\u00e4ftigen Kontrast, der an die 70er erinnert, die gerade auch wieder mega im Trend liegen. Rostrot kommt eine Spur leidenschaftlicher, aber genauso warm daher und datet gerne neutrale Farben wie Beige oder Grau. Das Ergebnis: ein erfrischendes Raum-Update, das eine ansteckende Ruhe ausstrahlt. <\/p>\n\n\n\n<h5 class=\"wp-block-heading\">Good Vibes T\u00f6ne mit Signalwirkung \u2013&nbsp;&#8222;Rotgewaltiges&#8220; von <a href=\"https:\/\/www.raum-blick.de\/kartell-componibili\/\">Kartel<\/a><a href=\"https:\/\/www.raum-blick.de\/kartell-componibili\/?p=1\">l<\/a>, <a href=\"https:\/\/www.raum-blick.de\/wb-form\/\">wb form<\/a>, <a href=\"https:\/\/www.raum-blick.de\/muuto\/\">muuto<\/a>, <a href=\"https:\/\/www.raum-blick.de\/vitra\/\">Vitra<\/a>, <a href=\"https:\/\/www.raum-blick.de\/umage\/\">UMAGE<\/a> und <a href=\"https:\/\/www.raum-blick.de\/ferm-living\/\">ferm LIVING<\/a>:<\/h5>\n\n\n\n<figure class=\"wp-block-gallery has-nested-images columns-default is-cropped wp-block-gallery-2 is-layout-flex wp-block-gallery-is-layout-flex\">\n<figure class=\"wp-block-image size-large\"><img loading=\"lazy\" decoding=\"async\" width=\"400\" height=\"400\" data-id=\"18367\" src=\"https:\/\/www.raum-blick.de\/magazin\/wp-content\/uploads\/2023\/09\/1Smile-normal_40786_200x200@2x.jpg\" alt=\"Trendfarbe der Saison Rot Kartell Container\" class=\"wp-image-18367\" title=\"\" srcset=\"https:\/\/raum-blick.de\/magazin\/wp-content\/uploads\/2023\/09\/1Smile-normal_40786_200x200@2x.jpg 400w, https:\/\/raum-blick.de\/magazin\/wp-content\/uploads\/2023\/09\/1Smile-normal_40786_200x200@2x-300x300.jpg 300w, https:\/\/raum-blick.de\/magazin\/wp-content\/uploads\/2023\/09\/1Smile-normal_40786_200x200@2x-150x150.jpg 150w\" sizes=\"(max-width: 400px) 100vw, 400px\" \/><figcaption class=\"wp-element-caption\">Kartell Componibili Smile<\/figcaption><\/figure>\n\n\n\n<figure class=\"wp-block-image size-large\"><img loading=\"lazy\" decoding=\"async\" width=\"400\" height=\"400\" data-id=\"18368\" src=\"https:\/\/www.raum-blick.de\/magazin\/wp-content\/uploads\/2023\/09\/max-bill-ulmer-hocker-leuchtorange_91412_200x200@2x.jpg\" alt=\"Trendfarbe der Saison Orange wb form Hocker\" class=\"wp-image-18368\" title=\"\" srcset=\"https:\/\/raum-blick.de\/magazin\/wp-content\/uploads\/2023\/09\/max-bill-ulmer-hocker-leuchtorange_91412_200x200@2x.jpg 400w, https:\/\/raum-blick.de\/magazin\/wp-content\/uploads\/2023\/09\/max-bill-ulmer-hocker-leuchtorange_91412_200x200@2x-300x300.jpg 300w, https:\/\/raum-blick.de\/magazin\/wp-content\/uploads\/2023\/09\/max-bill-ulmer-hocker-leuchtorange_91412_200x200@2x-150x150.jpg 150w\" sizes=\"(max-width: 400px) 100vw, 400px\" \/><figcaption class=\"wp-element-caption\">wb form \u2013 Ulmer Hocker<\/figcaption><\/figure>\n\n\n\n<figure class=\"wp-block-image size-large\"><img loading=\"lazy\" decoding=\"async\" width=\"400\" height=\"400\" data-id=\"18362\" src=\"https:\/\/www.raum-blick.de\/magazin\/wp-content\/uploads\/2023\/09\/muuto-unfold-orange_26995kgQlmsWYfPfI2_533489brOSj3djhadn_200x200@2x.jpg\" alt=\"Saison-Trendfarbe Rot muuto Leuchte\" class=\"wp-image-18362\" title=\"\" srcset=\"https:\/\/raum-blick.de\/magazin\/wp-content\/uploads\/2023\/09\/muuto-unfold-orange_26995kgQlmsWYfPfI2_533489brOSj3djhadn_200x200@2x.jpg 400w, https:\/\/raum-blick.de\/magazin\/wp-content\/uploads\/2023\/09\/muuto-unfold-orange_26995kgQlmsWYfPfI2_533489brOSj3djhadn_200x200@2x-300x300.jpg 300w, https:\/\/raum-blick.de\/magazin\/wp-content\/uploads\/2023\/09\/muuto-unfold-orange_26995kgQlmsWYfPfI2_533489brOSj3djhadn_200x200@2x-150x150.jpg 150w\" sizes=\"(max-width: 400px) 100vw, 400px\" \/><figcaption class=\"wp-element-caption\">muuto Unfold Pendelleuchte<\/figcaption><\/figure>\n\n\n\n<figure class=\"wp-block-image size-large\"><img loading=\"lazy\" decoding=\"async\" width=\"400\" height=\"400\" data-id=\"18361\" src=\"https:\/\/www.raum-blick.de\/magazin\/wp-content\/uploads\/2023\/09\/vitra-ball-clock-rot_90451_200x200@2x.jpg\" alt=\"Saison-Trendfarbe Rot Vitra Uhr\" class=\"wp-image-18361\" title=\"\" srcset=\"https:\/\/raum-blick.de\/magazin\/wp-content\/uploads\/2023\/09\/vitra-ball-clock-rot_90451_200x200@2x.jpg 400w, https:\/\/raum-blick.de\/magazin\/wp-content\/uploads\/2023\/09\/vitra-ball-clock-rot_90451_200x200@2x-300x300.jpg 300w, https:\/\/raum-blick.de\/magazin\/wp-content\/uploads\/2023\/09\/vitra-ball-clock-rot_90451_200x200@2x-150x150.jpg 150w\" sizes=\"(max-width: 400px) 100vw, 400px\" \/><figcaption class=\"wp-element-caption\">Vitra Ball Clock<\/figcaption><\/figure>\n\n\n\n<figure class=\"wp-block-image size-large\"><img loading=\"lazy\" decoding=\"async\" width=\"400\" height=\"400\" data-id=\"18364\" src=\"https:\/\/www.raum-blick.de\/magazin\/wp-content\/uploads\/2023\/09\/muuto-Control-red_31153vZRK6N38qlP5G_200x200@2x.jpg\" alt=\"Saison-Trendfarbe Rot muuto Leuchte\" class=\"wp-image-18364\" title=\"\" srcset=\"https:\/\/raum-blick.de\/magazin\/wp-content\/uploads\/2023\/09\/muuto-Control-red_31153vZRK6N38qlP5G_200x200@2x.jpg 400w, https:\/\/raum-blick.de\/magazin\/wp-content\/uploads\/2023\/09\/muuto-Control-red_31153vZRK6N38qlP5G_200x200@2x-300x300.jpg 300w, https:\/\/raum-blick.de\/magazin\/wp-content\/uploads\/2023\/09\/muuto-Control-red_31153vZRK6N38qlP5G_200x200@2x-150x150.jpg 150w\" sizes=\"(max-width: 400px) 100vw, 400px\" \/><figcaption class=\"wp-element-caption\">muuto Control LED Tischleuchte<\/figcaption><\/figure>\n\n\n\n<figure class=\"wp-block-image size-large\"><img loading=\"lazy\" decoding=\"async\" width=\"400\" height=\"400\" data-id=\"18366\" src=\"https:\/\/www.raum-blick.de\/magazin\/wp-content\/uploads\/2023\/09\/kartell-colonna-beistelltisch-rot_75611xhnuz2JTbDEtJ_200x200@2x.jpg\" alt=\"Trendfarbeder Saison Rot Kartell Beistelltisch\" class=\"wp-image-18366\" title=\"\" srcset=\"https:\/\/raum-blick.de\/magazin\/wp-content\/uploads\/2023\/09\/kartell-colonna-beistelltisch-rot_75611xhnuz2JTbDEtJ_200x200@2x.jpg 400w, https:\/\/raum-blick.de\/magazin\/wp-content\/uploads\/2023\/09\/kartell-colonna-beistelltisch-rot_75611xhnuz2JTbDEtJ_200x200@2x-300x300.jpg 300w, https:\/\/raum-blick.de\/magazin\/wp-content\/uploads\/2023\/09\/kartell-colonna-beistelltisch-rot_75611xhnuz2JTbDEtJ_200x200@2x-150x150.jpg 150w\" sizes=\"(max-width: 400px) 100vw, 400px\" \/><figcaption class=\"wp-element-caption\">Kartell Colonna Beistelltisch<\/figcaption><\/figure>\n\n\n\n<figure class=\"wp-block-image size-large\"><img loading=\"lazy\" decoding=\"async\" width=\"400\" height=\"400\" data-id=\"18365\" src=\"https:\/\/www.raum-blick.de\/magazin\/wp-content\/uploads\/2023\/09\/umage-silvia-tripod-stand-kupfer-schwarz_25764_200x200@2x.jpg\" alt=\"Trendfarbe Rot UMAGE Stehleuchte\" class=\"wp-image-18365\" title=\"\" srcset=\"https:\/\/raum-blick.de\/magazin\/wp-content\/uploads\/2023\/09\/umage-silvia-tripod-stand-kupfer-schwarz_25764_200x200@2x.jpg 400w, https:\/\/raum-blick.de\/magazin\/wp-content\/uploads\/2023\/09\/umage-silvia-tripod-stand-kupfer-schwarz_25764_200x200@2x-300x300.jpg 300w, https:\/\/raum-blick.de\/magazin\/wp-content\/uploads\/2023\/09\/umage-silvia-tripod-stand-kupfer-schwarz_25764_200x200@2x-150x150.jpg 150w\" sizes=\"(max-width: 400px) 100vw, 400px\" \/><figcaption class=\"wp-element-caption\">UMAGE Silvia Stehleuchte<\/figcaption><\/figure>\n\n\n\n<figure class=\"wp-block-image size-large\"><img loading=\"lazy\" decoding=\"async\" width=\"400\" height=\"400\" data-id=\"18369\" src=\"https:\/\/www.raum-blick.de\/magazin\/wp-content\/uploads\/2023\/09\/ferm-living-eve-storage-rollwagen-mahagoni-rot_90849_200x200@2x.jpg\" alt=\"Trendfarbe der Saison Bordeaux ferm LIVING Rollwagen\" class=\"wp-image-18369\" title=\"\" srcset=\"https:\/\/raum-blick.de\/magazin\/wp-content\/uploads\/2023\/09\/ferm-living-eve-storage-rollwagen-mahagoni-rot_90849_200x200@2x.jpg 400w, https:\/\/raum-blick.de\/magazin\/wp-content\/uploads\/2023\/09\/ferm-living-eve-storage-rollwagen-mahagoni-rot_90849_200x200@2x-300x300.jpg 300w, https:\/\/raum-blick.de\/magazin\/wp-content\/uploads\/2023\/09\/ferm-living-eve-storage-rollwagen-mahagoni-rot_90849_200x200@2x-150x150.jpg 150w\" sizes=\"(max-width: 400px) 100vw, 400px\" \/><figcaption class=\"wp-element-caption\">ferm LIVING Eve Storage Rollwagen<\/figcaption><\/figure>\n\n\n\n<figure class=\"wp-block-image size-large\"><img loading=\"lazy\" decoding=\"async\" width=\"548\" height=\"548\" data-id=\"18370\" src=\"https:\/\/www.raum-blick.de\/magazin\/wp-content\/uploads\/2023\/09\/vitra-wooden-doll-little-devil_274x274@2x.jpg\" alt=\"Trendfarbe Rot Vitra Wooden Doll Little Devil\" class=\"wp-image-18370\" title=\"\" srcset=\"https:\/\/raum-blick.de\/magazin\/wp-content\/uploads\/2023\/09\/vitra-wooden-doll-little-devil_274x274@2x.jpg 548w, https:\/\/raum-blick.de\/magazin\/wp-content\/uploads\/2023\/09\/vitra-wooden-doll-little-devil_274x274@2x-300x300.jpg 300w, https:\/\/raum-blick.de\/magazin\/wp-content\/uploads\/2023\/09\/vitra-wooden-doll-little-devil_274x274@2x-150x150.jpg 150w\" sizes=\"(max-width: 548px) 100vw, 548px\" \/><figcaption class=\"wp-element-caption\">Vitra Wooden Doll Little Devil<\/figcaption><\/figure>\n<\/figure>\n\n\n\n<h4 class=\"wp-block-heading\">Gut zu wissen: Einrichten mit Rot<\/h4>\n\n\n\n<p>Diese Farbe hat per se immer eine Wirkung, weil sie einfach sofort ins Auge sticht und sehr dominant sein kann. Deshalb ist es wichtig, wo Sie Rot platzieren und sich auch genau zu \u00fcberlegen, welche Atmosph\u00e4re Sie erzeugen wollen. Sonnenlicht beispielsweise l\u00e4sst das von Haus aus aktive Rot noch mehr strahlen. Ein rotes Sofa gegen\u00fcber dem Fenster erscheint also sehr knallig. Und in kleinen R\u00e4umen sollten Sie Rott\u00f6ne nur sehr dezent einsetzen, da zu viel davon schnell einengt. Vasen, Geschirr, Teppiche, Kissen in der Trendfarbe \u2013 all das reicht schon, um eine heimelige Atmosph\u00e4re zu schaffen, \u00fcberfrachtet den Raum aber nicht. Auch im Schlafzimmer sollten Sie die Farbe gezielt einsetzen, bevorzugt in dunklen Nuancen, denn die d\u00e4mpfen die Rot-Energie.<\/p>\n\n\n\n<h2 class=\"wp-block-heading\"><span class=\"ez-toc-section\" id=\"Zeitlos_Beruhigend_Natuerlich\"><\/span>Zeitlos. Beruhigend. Nat\u00fcrlich.<span class=\"ez-toc-section-end\"><\/span><\/h2>\n\n\n\n<p><mark style=\"background-color:#00d084\" class=\"has-inline-color has-white-color\">GR\u00dcNE WELLE, ABER JA!<\/mark><\/p>\n\n\n\n<h3 class=\"wp-block-heading\"><span class=\"ez-toc-section\" id=\"2_Saison-Trendfarbe_Gruen_%E2%80%93_herrlich_entspannend\"><\/span>2. Saison-Trendfarbe Gr\u00fcn \u2013&nbsp;herrlich entspannend<span class=\"ez-toc-section-end\"><\/span><\/h3>\n\n\n\n<p>Blau und Gelb gibt Gr\u00fcn. Eine Mischung, aus der je nach Verh\u00e4ltnis beispielsweise sowohl ein dunkles Oliv oder aber auch ein knalliges Grasgr\u00fcn entstehen kann. Ob lebendig-frisch oder beruhigend-konzentriert \u2013 mit dieser Trendfarbe geht einfach alles. Von minimalistisch bis extravagant. Denn Gr\u00fcn ein wunderbar unaufgeregter Begleiter f\u00fcr alle Naturt\u00f6ne und -materialien und ein perfekter Colour Blocker, der mit Komplement\u00e4ren wie Rosa oder Orange Akzente setzt. Dabei ist diese Mischfarbe in jeder Nuance so entspannend wie ein Waldspaziergang ist. \u00dcbrigens: Die aktuelle RAL-Palette z\u00e4hlt derzeit 36 Gr\u00fcnt\u00f6ne, in der Natur sind es jedoch deutlich mehr. <\/p>\n\n\n\n<h4 class=\"wp-block-heading\">Khaki und Salbei<\/h4>\n\n\n\n<p>Der eine Ton erdverbunden, elegant und beruhigend, der andere zart, unaufdringlich und mit gr\u00e4ulichem Unterton. Diese zwei Gr\u00fcnt\u00f6ne sind einfach unfassbar vielseitig. Kein Wunder also, dass sie in dieser Saison zu den Trendfarben geh\u00f6ren. Ob mit dem neutralen Gegenspieler Wei\u00df, der f\u00fcr noch mehr Frische sorgt, einem warmen Beige f\u00fcr noch mehr Harmonie, kombiniert mit Terrakotta f\u00fcr mediterranes Flair oder mit Rosa f\u00fcr einen verspielten femininen Touch, diese beiden &#8222;Gr\u00fcnlinge&#8220; bringen Zen-Feeling in Ihren Alltag.<\/p>\n\n\n\n<h5 class=\"wp-block-heading\">Gr\u00fcnes Licht f\u00fcr Interieur-Lieblinge mit Wow-Faktor von <a href=\"https:\/\/www.raum-blick.de\/ferm-living\/\">ferm LIVING<\/a>, <a href=\"https:\/\/www.raum-blick.de\/fatboy-lampe\/\">Fatboy<\/a>, <a href=\"https:\/\/www.raum-blick.de\/muuto-moebel\/\">muuto<\/a>, <a href=\"https:\/\/www.raum-blick.de\/kartell\/\">Kartell<\/a>, <a href=\"https:\/\/www.raum-blick.de\/marc-o-polo\/\">Marc O&#8217;Polo<\/a> und <a href=\"https:\/\/www.raum-blick.de\/string-furniture\/\">String<\/a>:<\/h5>\n\n\n\n<figure class=\"wp-block-gallery has-nested-images columns-default is-cropped wp-block-gallery-3 is-layout-flex wp-block-gallery-is-layout-flex\">\n<figure class=\"wp-block-image size-large\"><img loading=\"lazy\" decoding=\"async\" width=\"400\" height=\"400\" data-id=\"18390\" src=\"https:\/\/www.raum-blick.de\/magazin\/wp-content\/uploads\/2023\/09\/ferm-living-grib-tray-olive-tablett-aufbewahrung_60437_200x200@2x.jpg\" alt=\"Trendfarbe Gr\u00fcn ferm LIVING Grib Tablett\" class=\"wp-image-18390\" title=\"\" srcset=\"https:\/\/raum-blick.de\/magazin\/wp-content\/uploads\/2023\/09\/ferm-living-grib-tray-olive-tablett-aufbewahrung_60437_200x200@2x.jpg 400w, https:\/\/raum-blick.de\/magazin\/wp-content\/uploads\/2023\/09\/ferm-living-grib-tray-olive-tablett-aufbewahrung_60437_200x200@2x-300x300.jpg 300w, https:\/\/raum-blick.de\/magazin\/wp-content\/uploads\/2023\/09\/ferm-living-grib-tray-olive-tablett-aufbewahrung_60437_200x200@2x-150x150.jpg 150w\" sizes=\"(max-width: 400px) 100vw, 400px\" \/><figcaption class=\"wp-element-caption\">ferm LIVING Grib Tablett<\/figcaption><\/figure>\n\n\n\n<figure class=\"wp-block-image size-large\"><img loading=\"lazy\" decoding=\"async\" width=\"400\" height=\"400\" data-id=\"18380\" src=\"https:\/\/www.raum-blick.de\/magazin\/wp-content\/uploads\/2023\/09\/fatboy-cooper-cappie-aaplam_51849hRdeFMbAtQV74_200x200@2x.jpg\" alt=\"Trendfarbe Gr\u00fcn Fatboy Edison Pete\" class=\"wp-image-18380\" title=\"\" srcset=\"https:\/\/raum-blick.de\/magazin\/wp-content\/uploads\/2023\/09\/fatboy-cooper-cappie-aaplam_51849hRdeFMbAtQV74_200x200@2x.jpg 400w, https:\/\/raum-blick.de\/magazin\/wp-content\/uploads\/2023\/09\/fatboy-cooper-cappie-aaplam_51849hRdeFMbAtQV74_200x200@2x-300x300.jpg 300w, https:\/\/raum-blick.de\/magazin\/wp-content\/uploads\/2023\/09\/fatboy-cooper-cappie-aaplam_51849hRdeFMbAtQV74_200x200@2x-150x150.jpg 150w\" sizes=\"(max-width: 400px) 100vw, 400px\" \/><figcaption class=\"wp-element-caption\">Fatboy Edison Petit<\/figcaption><\/figure>\n\n\n\n<figure class=\"wp-block-image size-large\"><img loading=\"lazy\" decoding=\"async\" width=\"400\" height=\"400\" data-id=\"18383\" src=\"https:\/\/www.raum-blick.de\/magazin\/wp-content\/uploads\/2023\/09\/dusty-green-muuto-fiber-chair-tube-base_53815_200x200@2x.jpg\" alt=\"Trendfarbe der Saison Gr\u00fcn muuto Fiber Chair Tube Base\" class=\"wp-image-18383\" title=\"\" srcset=\"https:\/\/raum-blick.de\/magazin\/wp-content\/uploads\/2023\/09\/dusty-green-muuto-fiber-chair-tube-base_53815_200x200@2x.jpg 400w, https:\/\/raum-blick.de\/magazin\/wp-content\/uploads\/2023\/09\/dusty-green-muuto-fiber-chair-tube-base_53815_200x200@2x-300x300.jpg 300w, https:\/\/raum-blick.de\/magazin\/wp-content\/uploads\/2023\/09\/dusty-green-muuto-fiber-chair-tube-base_53815_200x200@2x-150x150.jpg 150w\" sizes=\"(max-width: 400px) 100vw, 400px\" \/><figcaption class=\"wp-element-caption\">muuto Fiber Chair Tube Base<\/figcaption><\/figure>\n\n\n\n<figure class=\"wp-block-image size-large\"><img loading=\"lazy\" decoding=\"async\" width=\"400\" height=\"400\" data-id=\"18382\" src=\"https:\/\/www.raum-blick.de\/magazin\/wp-content\/uploads\/2023\/09\/1-ge-H-angeleuchte-gr-un0agaFJA2FARBS_200x200@2x.jpg\" alt=\"Saison-Trendfarbe Gr\u00fcn Kartell G\u00e8 H\u00e4ngeleuchte\" class=\"wp-image-18382\" title=\"\" srcset=\"https:\/\/raum-blick.de\/magazin\/wp-content\/uploads\/2023\/09\/1-ge-H-angeleuchte-gr-un0agaFJA2FARBS_200x200@2x.jpg 400w, https:\/\/raum-blick.de\/magazin\/wp-content\/uploads\/2023\/09\/1-ge-H-angeleuchte-gr-un0agaFJA2FARBS_200x200@2x-300x300.jpg 300w, https:\/\/raum-blick.de\/magazin\/wp-content\/uploads\/2023\/09\/1-ge-H-angeleuchte-gr-un0agaFJA2FARBS_200x200@2x-150x150.jpg 150w\" sizes=\"(max-width: 400px) 100vw, 400px\" \/><figcaption class=\"wp-element-caption\">Kartell G\u00e8 H\u00e4ngeleuchte<\/figcaption><\/figure>\n\n\n\n<figure class=\"wp-block-image size-large\"><img loading=\"lazy\" decoding=\"async\" width=\"400\" height=\"400\" data-id=\"18384\" src=\"https:\/\/www.raum-blick.de\/magazin\/wp-content\/uploads\/2023\/09\/masters-seida-gruen_94709_200x200@2x.jpg\" alt=\"Trendfarbe Gr\u00fcn Kartell Masters Sedia\" class=\"wp-image-18384\" title=\"\" srcset=\"https:\/\/raum-blick.de\/magazin\/wp-content\/uploads\/2023\/09\/masters-seida-gruen_94709_200x200@2x.jpg 400w, https:\/\/raum-blick.de\/magazin\/wp-content\/uploads\/2023\/09\/masters-seida-gruen_94709_200x200@2x-300x300.jpg 300w, https:\/\/raum-blick.de\/magazin\/wp-content\/uploads\/2023\/09\/masters-seida-gruen_94709_200x200@2x-150x150.jpg 150w\" sizes=\"(max-width: 400px) 100vw, 400px\" \/><figcaption class=\"wp-element-caption\">Kartell Masters Sedia<\/figcaption><\/figure>\n\n\n\n<figure class=\"wp-block-image size-large\"><img loading=\"lazy\" decoding=\"async\" width=\"400\" height=\"400\" data-id=\"18388\" src=\"https:\/\/www.raum-blick.de\/magazin\/wp-content\/uploads\/2023\/09\/muuto-around-coffee-table-small-dunkelgruen_65265_200x200@2x.jpg\" alt=\"Saison-Trendfarbe Gr\u00fcn muuto Around Beistelltisch\" class=\"wp-image-18388\" title=\"\" srcset=\"https:\/\/raum-blick.de\/magazin\/wp-content\/uploads\/2023\/09\/muuto-around-coffee-table-small-dunkelgruen_65265_200x200@2x.jpg 400w, https:\/\/raum-blick.de\/magazin\/wp-content\/uploads\/2023\/09\/muuto-around-coffee-table-small-dunkelgruen_65265_200x200@2x-300x300.jpg 300w, https:\/\/raum-blick.de\/magazin\/wp-content\/uploads\/2023\/09\/muuto-around-coffee-table-small-dunkelgruen_65265_200x200@2x-150x150.jpg 150w\" sizes=\"(max-width: 400px) 100vw, 400px\" \/><figcaption class=\"wp-element-caption\">muuto Around Beistelltisch<\/figcaption><\/figure>\n\n\n\n<figure class=\"wp-block-image size-large\"><img loading=\"lazy\" decoding=\"async\" width=\"400\" height=\"400\" data-id=\"18391\" src=\"https:\/\/www.raum-blick.de\/magazin\/wp-content\/uploads\/2023\/09\/ferm-living-level-side-table_66779gNBR5QvGX9Zuf_200x200@2x.jpg\" alt=\"Trendfarbe Gr\u00fcn ferm LIVING Level Beistelltisch\" class=\"wp-image-18391\" title=\"\" srcset=\"https:\/\/raum-blick.de\/magazin\/wp-content\/uploads\/2023\/09\/ferm-living-level-side-table_66779gNBR5QvGX9Zuf_200x200@2x.jpg 400w, https:\/\/raum-blick.de\/magazin\/wp-content\/uploads\/2023\/09\/ferm-living-level-side-table_66779gNBR5QvGX9Zuf_200x200@2x-300x300.jpg 300w, https:\/\/raum-blick.de\/magazin\/wp-content\/uploads\/2023\/09\/ferm-living-level-side-table_66779gNBR5QvGX9Zuf_200x200@2x-150x150.jpg 150w\" sizes=\"(max-width: 400px) 100vw, 400px\" \/><figcaption class=\"wp-element-caption\">ferm LIVING Level Beistelltisch<\/figcaption><\/figure>\n\n\n\n<figure class=\"wp-block-image size-large\"><img loading=\"lazy\" decoding=\"async\" width=\"400\" height=\"400\" data-id=\"18396\" src=\"https:\/\/www.raum-blick.de\/magazin\/wp-content\/uploads\/2023\/09\/marco-polo-the-curve-treteimer_76499_200x200@2x.jpg\" alt=\"Trendfarbe Gr\u00fcn Marc O&#039;Polo The Curve Treteimer\" class=\"wp-image-18396\" title=\"\" srcset=\"https:\/\/raum-blick.de\/magazin\/wp-content\/uploads\/2023\/09\/marco-polo-the-curve-treteimer_76499_200x200@2x.jpg 400w, https:\/\/raum-blick.de\/magazin\/wp-content\/uploads\/2023\/09\/marco-polo-the-curve-treteimer_76499_200x200@2x-300x300.jpg 300w, https:\/\/raum-blick.de\/magazin\/wp-content\/uploads\/2023\/09\/marco-polo-the-curve-treteimer_76499_200x200@2x-150x150.jpg 150w\" sizes=\"(max-width: 400px) 100vw, 400px\" \/><figcaption class=\"wp-element-caption\">Marc O&#8217;Polo The Curve Treteimer<\/figcaption><\/figure>\n\n\n\n<figure class=\"wp-block-image size-large\"><img loading=\"lazy\" decoding=\"async\" width=\"400\" height=\"400\" data-id=\"18392\" src=\"https:\/\/www.raum-blick.de\/magazin\/wp-content\/uploads\/2023\/09\/pocket-sage-string_66796_200x200@2x.jpg\" alt=\"Trendfarbe der Saison Gr\u00fcn String Pocket Regelsystem\" class=\"wp-image-18392\" title=\"\" srcset=\"https:\/\/raum-blick.de\/magazin\/wp-content\/uploads\/2023\/09\/pocket-sage-string_66796_200x200@2x.jpg 400w, https:\/\/raum-blick.de\/magazin\/wp-content\/uploads\/2023\/09\/pocket-sage-string_66796_200x200@2x-300x300.jpg 300w, https:\/\/raum-blick.de\/magazin\/wp-content\/uploads\/2023\/09\/pocket-sage-string_66796_200x200@2x-150x150.jpg 150w\" sizes=\"(max-width: 400px) 100vw, 400px\" \/><figcaption class=\"wp-element-caption\">String Pocket Regelsystem<\/figcaption><\/figure>\n<\/figure>\n\n\n\n<h4 class=\"wp-block-heading\">Gut zu wissen: Einrichten mit Gr\u00fcn<\/h4>\n\n\n\n<p>Gr\u00fcn-Nuancen sind von Natur aus elegant. Und wirken dabei \u00fcberhaupt nicht k\u00fchl. So ist auch ein dezentes Mintgr\u00fcn ein perfekter &#8222;Ruhe- und Konzentrationsstifter&#8220; \u2013&nbsp;im Arbeits- wie im Schlafzimmer \u2013&nbsp;und entfaltet seine Wirkung am besten in R\u00e4umen mit viel Tageslicht. Dunkle Gr\u00fcnt\u00f6ne dagegen verspr\u00fchen zusammen mit hellem Creme die Aura von Opulenz und mit Altrosa wird&#8217;s ganz von selbst romantisch. Und dann ist da noch das frische, vitale, knallige Gr\u00fcn, das f\u00fcr die K\u00fcche und Wow-Effekte wie gemacht ist.  <\/p>\n\n\n\n<p>Als Komplement\u00e4rfarben passen Gr\u00fcn und Rot im \u00dcbrigen auch wunderbar zusammen und bringen noch mehr Energie und Frische in Ihre R\u00e4ume. Nur zu dunkel sollten die Nuancen nicht sein, sonst wirkt es schnell bieder. Und auch im n\u00e4chsten Teil der &#8222;Trendfarben der Saison&#8220; geht es mit einer Gute-Laune-Kombi weiter. Dann stehen Gelb und Blau im Fokus. Also klicken Sie unbedingt wieder rein, es lohnt sich! <\/p>\n","protected":false},"excerpt":{"rendered":"<p>\u00ab Style-Update f\u00fcr ein kuscheliges Herbst-Zuhause \u00bb Wenn es drau\u00dfen k\u00fchler wird und die Tage k\u00fcrzer werden, sind wir im Entspannungs-Modus. Dann haben wir so richtig Lust auf herbstliches Cocooning. Denn seit wir auch von daheim aus arbeiten, verbringen wir noch mehr Zeit in unseren vier W\u00e4nden, in denen wir es jetzt einfach gem\u00fctlich haben [&hellip;]<\/p>\n","protected":false},"author":4,"featured_media":18393,"comment_status":"closed","ping_status":"open","sticky":false,"template":"","format":"standard","meta":{"_et_pb_use_builder":"","_et_pb_old_content":"","_et_gb_content_width":"","inline_featured_image":false,"footnotes":""},"categories":[7,1],"tags":[770,206,746,1834,297,239,1960,935,520],"class_list":["post-18353","post","type-post","status-publish","format-standard","has-post-thumbnail","hentry","category-accessoires-lifestyle","category-drinnen","tag-componibili","tag-ferm-living","tag-kartell","tag-kartell-g-haengeleuchte","tag-lifestyle","tag-muuto","tag-trendfarben","tag-umage","tag-vitra"],"_links":{"self":[{"href":"https:\/\/raum-blick.de\/magazin\/wp-json\/wp\/v2\/posts\/18353","targetHints":{"allow":["GET"]}}],"collection":[{"href":"https:\/\/raum-blick.de\/magazin\/wp-json\/wp\/v2\/posts"}],"about":[{"href":"https:\/\/raum-blick.de\/magazin\/wp-json\/wp\/v2\/types\/post"}],"author":[{"embeddable":true,"href":"https:\/\/raum-blick.de\/magazin\/wp-json\/wp\/v2\/users\/4"}],"replies":[{"embeddable":true,"href":"https:\/\/raum-blick.de\/magazin\/wp-json\/wp\/v2\/comments?post=18353"}],"version-history":[{"count":49,"href":"https:\/\/raum-blick.de\/magazin\/wp-json\/wp\/v2\/posts\/18353\/revisions"}],"predecessor-version":[{"id":19636,"href":"https:\/\/raum-blick.de\/magazin\/wp-json\/wp\/v2\/posts\/18353\/revisions\/19636"}],"wp:featuredmedia":[{"embeddable":true,"href":"https:\/\/raum-blick.de\/magazin\/wp-json\/wp\/v2\/media\/18393"}],"wp:attachment":[{"href":"https:\/\/raum-blick.de\/magazin\/wp-json\/wp\/v2\/media?parent=18353"}],"wp:term":[{"taxonomy":"category","embeddable":true,"href":"https:\/\/raum-blick.de\/magazin\/wp-json\/wp\/v2\/categories?post=18353"},{"taxonomy":"post_tag","embeddable":true,"href":"https:\/\/raum-blick.de\/magazin\/wp-json\/wp\/v2\/tags?post=18353"}],"curies":[{"name":"wp","href":"https:\/\/api.w.org\/{rel}","templated":true}]}}