{"id":18265,"date":"2023-09-14T00:07:37","date_gmt":"2023-09-13T22:07:37","guid":{"rendered":"https:\/\/www.raum-blick.de\/magazin\/?p=18265"},"modified":"2024-03-25T17:34:30","modified_gmt":"2024-03-25T16:34:30","slug":"ideen-fuer-den-flur","status":"publish","type":"post","link":"https:\/\/raum-blick.de\/magazin\/ideen-fuer-den-flur\/","title":{"rendered":"Hereinspaziert! 5 Fresh-up Ideen f\u00fcr den Flur"},"content":{"rendered":"\n<h2 class=\"wp-block-heading\"><span class=\"ez-toc-section\" id=\"%C2%AB_Mit_diesen_Highlights_fuehlt_sich_jeder_gleich_willkommen_%C2%BB\"><\/span> \u00ab Mit diesen Highlights f\u00fchlt sich jeder gleich willkommen \u00bb<span class=\"ez-toc-section-end\"><\/span><\/h2>\n\n\n\n<p><strong>Nach Hause kommen, G\u00e4ste empfangen, Vorfreude auf das, was da noch folgt \u2013 je einladender das Entree, desto wohler f\u00fchlen wir uns. Zeit also, diesem Willkommensbereich ein Update zu verpassen \u2013 mit stylishen <a href=\"https:\/\/www.raum-blick.de\/wandgarderoben\/\">Garderoben<\/a>, formsch\u00f6nen Aufbewahrungsl\u00f6sungen wie beispielsweise den praktischen <a href=\"https:\/\/www.raum-blick.de\/container\/\">Componibili-Containern<\/a> von Kartell oder charmanten Accessoires wie den mundgeblasenen <a href=\"https:\/\/www.raum-blick.de\/guaxs\/\">Unikat-Vasen<\/a> von Guaxs. Freuen Sie sich auf unsere f\u00fcnf liebsten, eing\u00e4nglichen &#8222;Begr\u00fc\u00dfungsformeln&#8220; und neue Flur-Ideen.<\/strong><\/p>\n\n\n\n<h2 class=\"wp-block-heading\"><span class=\"ez-toc-section\" id=\"1_Hallo_Farbe\"><\/span>1. Hallo Farbe!<span class=\"ez-toc-section-end\"><\/span><\/h2>\n\n\n\n<p>Manchmal reicht schon ein neuer Anstrich, um Atmosph\u00e4re zu schaffen. Aber auch farbige L\u00e4ufer, Konsolentische, Sideboards oder Leuchten verleihen dem Eingangsbereich gleich einen frischen Touch und sorgen daf\u00fcr, dass wir uns noch mehr auf das Nachhause-Kommen freuen. Dabei gilt: Mit Wei\u00df oder Pastellt\u00f6nen wirkt Ihr Flur gr\u00f6\u00dfer und freundlicher, dunkle Farben wie Grau oder Blau lassen ihn elegant und modern wirken. Dazu ein gem\u00fctlicher Sessel wie der <a href=\"https:\/\/www.raum-blick.de\/cuero-pampa-mariposa-butterfly-chair\">Butterfly Chair <\/a>von Cuero und praktische K\u00f6rbe mit einem Hauch Boho und schon ist es da, das Flur-Feeling. Denn Flair ist keine Frage des Platzes. <\/p><div id=\"ez-toc-container\" class=\"ez-toc-v2_0_82_2 counter-hierarchy ez-toc-counter ez-toc-grey ez-toc-container-direction\">\n<div class=\"ez-toc-title-container\">\n<p class=\"ez-toc-title\" style=\"cursor:inherit\">Was hier auf Sie wartet<\/p>\n<span class=\"ez-toc-title-toggle\"><a href=\"#\" class=\"ez-toc-pull-right ez-toc-btn ez-toc-btn-xs ez-toc-btn-default ez-toc-toggle\" aria-label=\"Toggle Table of Content\"><span class=\"ez-toc-js-icon-con\"><span class=\"\"><span class=\"eztoc-hide\" style=\"display:none;\">Toggle<\/span><span class=\"ez-toc-icon-toggle-span\"><svg style=\"fill: #999;color:#999\" xmlns=\"http:\/\/www.w3.org\/2000\/svg\" class=\"list-377408\" width=\"20px\" height=\"20px\" viewBox=\"0 0 24 24\" fill=\"none\"><path d=\"M6 6H4v2h2V6zm14 0H8v2h12V6zM4 11h2v2H4v-2zm16 0H8v2h12v-2zM4 16h2v2H4v-2zm16 0H8v2h12v-2z\" fill=\"currentColor\"><\/path><\/svg><svg style=\"fill: #999;color:#999\" class=\"arrow-unsorted-368013\" xmlns=\"http:\/\/www.w3.org\/2000\/svg\" width=\"10px\" height=\"10px\" viewBox=\"0 0 24 24\" version=\"1.2\" baseProfile=\"tiny\"><path d=\"M18.2 9.3l-6.2-6.3-6.2 6.3c-.2.2-.3.4-.3.7s.1.5.3.7c.2.2.4.3.7.3h11c.3 0 .5-.1.7-.3.2-.2.3-.5.3-.7s-.1-.5-.3-.7zM5.8 14.7l6.2 6.3 6.2-6.3c.2-.2.3-.5.3-.7s-.1-.5-.3-.7c-.2-.2-.4-.3-.7-.3h-11c-.3 0-.5.1-.7.3-.2.2-.3.5-.3.7s.1.5.3.7z\"\/><\/svg><\/span><\/span><\/span><\/a><\/span><\/div>\n<nav><ul class='ez-toc-list ez-toc-list-level-1 ' ><li class='ez-toc-page-1 ez-toc-heading-level-2'><a class=\"ez-toc-link ez-toc-heading-1\" href=\"https:\/\/raum-blick.de\/magazin\/ideen-fuer-den-flur\/#%C2%AB_Mit_diesen_Highlights_fuehlt_sich_jeder_gleich_willkommen_%C2%BB\" >\u00ab Mit diesen Highlights f\u00fchlt sich jeder gleich willkommen \u00bb<\/a><\/li><li class='ez-toc-page-1 ez-toc-heading-level-2'><a class=\"ez-toc-link ez-toc-heading-2\" href=\"https:\/\/raum-blick.de\/magazin\/ideen-fuer-den-flur\/#1_Hallo_Farbe\" >1. Hallo Farbe!<\/a><ul class='ez-toc-list-level-3' ><li class='ez-toc-heading-level-3'><a class=\"ez-toc-link ez-toc-heading-3\" href=\"https:\/\/raum-blick.de\/magazin\/ideen-fuer-den-flur\/#Schlicht_schoen_und_praktisch_Dina_von_Jan_Kurtz\" >Schlicht, sch\u00f6n und praktisch: Dina von Jan Kurtz<\/a><\/li><\/ul><\/li><li class='ez-toc-page-1 ez-toc-heading-level-2'><a class=\"ez-toc-link ez-toc-heading-4\" href=\"https:\/\/raum-blick.de\/magazin\/ideen-fuer-den-flur\/#2_Ablegen_bitte\" >2. Ablegen, bitte!<\/a><ul class='ez-toc-list-level-3' ><li class='ez-toc-heading-level-3'><a class=\"ez-toc-link ez-toc-heading-5\" href=\"https:\/\/raum-blick.de\/magazin\/ideen-fuer-den-flur\/#Die_Alternative_The_Dots_Wandhaken_von_muuto\" >Die Alternative: The Dots Wandhaken von muuto<\/a><\/li><\/ul><\/li><li class='ez-toc-page-1 ez-toc-heading-level-2'><a class=\"ez-toc-link ez-toc-heading-6\" href=\"https:\/\/raum-blick.de\/magazin\/ideen-fuer-den-flur\/#3_Ganz_schoen_aufgeraeumt\" >3.  Ganz sch\u00f6n aufger\u00e4umt!<\/a><ul class='ez-toc-list-level-3' ><li class='ez-toc-heading-level-3'><a class=\"ez-toc-link ez-toc-heading-7\" href=\"https:\/\/raum-blick.de\/magazin\/ideen-fuer-den-flur\/#Ordnung_mit_System_%E2%80%93_mit_String_ganz_einfach\" >Ordnung mit System \u2013 mit String ganz einfach<\/a><\/li><\/ul><\/li><li class='ez-toc-page-1 ez-toc-heading-level-2'><a class=\"ez-toc-link ez-toc-heading-8\" href=\"https:\/\/raum-blick.de\/magazin\/ideen-fuer-den-flur\/#4_Platz_da\" >4. Platz da!<\/a><ul class='ez-toc-list-level-3' ><li class='ez-toc-heading-level-3'><a class=\"ez-toc-link ez-toc-heading-9\" href=\"https:\/\/raum-blick.de\/magazin\/ideen-fuer-den-flur\/#Jan_Kurtz_Tivoli_%E2%80%93_kleine_Bank_mit_viel_Potenzial\" >Jan Kurtz Tivoli \u2013 kleine Bank mit viel Potenzial<\/a><\/li><li class='ez-toc-page-1 ez-toc-heading-level-3'><a class=\"ez-toc-link ez-toc-heading-10\" href=\"https:\/\/raum-blick.de\/magazin\/ideen-fuer-den-flur\/#Akzente_setzen_%E2%80%93_mit_Ethnicraft_Notre_Monde_U-Wandregalen\" >Akzente setzen \u2013 mit Ethnicraft Notre Monde U-Wandregalen<\/a><\/li><\/ul><\/li><li class='ez-toc-page-1 ez-toc-heading-level-2'><a class=\"ez-toc-link ez-toc-heading-11\" href=\"https:\/\/raum-blick.de\/magazin\/ideen-fuer-den-flur\/#5_Was_fuer_ein_Anblick\" >5. Was f\u00fcr ein Anblick!<\/a><ul class='ez-toc-list-level-3' ><li class='ez-toc-heading-level-3'><a class=\"ez-toc-link ez-toc-heading-12\" href=\"https:\/\/raum-blick.de\/magazin\/ideen-fuer-den-flur\/#ferm_LIVING_Pond_%E2%80%93_funktionell_und_dekorativ_zugleich\" >ferm LIVING Pond \u2013 funktionell und dekorativ zugleich<\/a><\/li><li class='ez-toc-page-1 ez-toc-heading-level-3'><a class=\"ez-toc-link ez-toc-heading-13\" href=\"https:\/\/raum-blick.de\/magazin\/ideen-fuer-den-flur\/#UMAGE_One_More_Look_%E2%80%93_das_gewisse_Extra\" >UMAGE One More Look \u2013&nbsp;das gewisse Extra<\/a><\/li><\/ul><\/li><\/ul><\/nav><\/div>\n\n\n\n\n<h3 class=\"wp-block-heading\"><span class=\"ez-toc-section\" id=\"Schlicht_schoen_und_praktisch_Dina_von_Jan_Kurtz\"><\/span>Schlicht, sch\u00f6n und praktisch: Dina von Jan Kurtz<span class=\"ez-toc-section-end\"><\/span><\/h3>\n\n\n\n<p>Ob gro\u00df oder klein, dieser filigrane Jan Kurtz Klassiker passt in jeden Flur und zu jedem Einrichtungsstil. Denn <a href=\"https:\/\/www.raum-blick.de\/jan-kurtz-konsolentisch-dina\">Dina<\/a> ist wunderbar geradlinig und neben Wei\u00df auch noch in Schwarz oder Eiche Natur erh\u00e4ltlich. Der gerade einmal 37 cm tiefe Konsolentisch hat nicht nur Platz f\u00fcr Schl\u00fcssel und Portemonnaie, auch getrocknete Herbstblumen, Coffee-Table-Books, grafische Drucke, stilvolle Lampen oder Deko aus Steingut sind hier willkommene G\u00e4ste. Ein perfektes &#8222;Ausstellungsst\u00fcck&#8220; mit reichlich Stauraum also, das sofort alle Blicke auf sich ziehen wird. <\/p>\n\n\n\n<div class=\"wp-block-media-text alignwide is-stacked-on-mobile\"><figure class=\"wp-block-media-text__media\"><img loading=\"lazy\" decoding=\"async\" width=\"1024\" height=\"1024\" src=\"https:\/\/www.raum-blick.de\/magazin\/wp-content\/uploads\/2023\/09\/jan-kurtz-konsolentisch-dina_73031n0gVElTuoj2GR-2-1024x1024.jpg\" alt=\"Flur-Idee 1:  Konsolentisch Dina von Jan Kurtz\" class=\"wp-image-18274 size-full\" title=\"\" srcset=\"https:\/\/raum-blick.de\/magazin\/wp-content\/uploads\/2023\/09\/jan-kurtz-konsolentisch-dina_73031n0gVElTuoj2GR-2-1024x1024.jpg 1024w, https:\/\/raum-blick.de\/magazin\/wp-content\/uploads\/2023\/09\/jan-kurtz-konsolentisch-dina_73031n0gVElTuoj2GR-2-300x300.jpg 300w, https:\/\/raum-blick.de\/magazin\/wp-content\/uploads\/2023\/09\/jan-kurtz-konsolentisch-dina_73031n0gVElTuoj2GR-2-150x150.jpg 150w, https:\/\/raum-blick.de\/magazin\/wp-content\/uploads\/2023\/09\/jan-kurtz-konsolentisch-dina_73031n0gVElTuoj2GR-2-768x768.jpg 768w, https:\/\/raum-blick.de\/magazin\/wp-content\/uploads\/2023\/09\/jan-kurtz-konsolentisch-dina_73031n0gVElTuoj2GR-2.jpg 1500w\" sizes=\"(max-width: 1024px) 100vw, 1024px\" \/><\/figure><div class=\"wp-block-media-text__content\">\n<p><em>Jan Kurtz Dina \u2013 filigran, vielseitig, platzsparend. Ein Konsolentisch, der nicht nur im Flur eine gute Figur macht und zudem wunderbar mit jeder Wandfarbe harmoniert.&nbsp;<\/em><\/p>\n<\/div><\/div>\n\n\n\n<h2 class=\"wp-block-heading\"><span class=\"ez-toc-section\" id=\"2_Ablegen_bitte\"><\/span>2. Ablegen, bitte! <span class=\"ez-toc-section-end\"><\/span><\/h2>\n\n\n\n<p>Eine Garderobe muss nicht gro\u00df sein, nur perfekt angeordnet. Hauptsache sie bietet gen\u00fcgend Platz f\u00fcr m\u00f6glichst viele Jacken, M\u00e4ntel, H\u00fcte und Shopper. So wie beispielsweise die kunterbunte Wandl\u00f6sung <a href=\"https:\/\/www.raum-blick.de\/vitra-hang-it-all-garderobe\">Hang it all <\/a>von Vitra. Der Designklassiker mit den verschiedenfarbigen Holzkugeln macht einfach gleich gute Laune und l\u00e4sst sich dank des regelm\u00e4\u00dfigen Abstands der Kugeln beliebig oft nebeneinander montieren. <\/p>\n\n\n\n<div class=\"wp-block-media-text alignwide is-stacked-on-mobile\"><figure class=\"wp-block-media-text__media\"><img loading=\"lazy\" decoding=\"async\" width=\"400\" height=\"400\" src=\"https:\/\/www.raum-blick.de\/magazin\/wp-content\/uploads\/2023\/09\/vitra-hang-it-all-mehrfarbigQmK4ZFVuhHMBk_200x200@2x.jpg\" alt=\"Flur-Idee 2: die Garderobe Hang it all von Vitra\" class=\"wp-image-18280 size-full\" title=\"\" srcset=\"https:\/\/raum-blick.de\/magazin\/wp-content\/uploads\/2023\/09\/vitra-hang-it-all-mehrfarbigQmK4ZFVuhHMBk_200x200@2x.jpg 400w, https:\/\/raum-blick.de\/magazin\/wp-content\/uploads\/2023\/09\/vitra-hang-it-all-mehrfarbigQmK4ZFVuhHMBk_200x200@2x-300x300.jpg 300w, https:\/\/raum-blick.de\/magazin\/wp-content\/uploads\/2023\/09\/vitra-hang-it-all-mehrfarbigQmK4ZFVuhHMBk_200x200@2x-150x150.jpg 150w\" sizes=\"(max-width: 400px) 100vw, 400px\" \/><\/figure><div class=\"wp-block-media-text__content\">\n<p><em>Vitra Hang it all \u2013 sieht gut aus und ist durchdacht. Die 1953 von Charles und Ray Eames entworfene Gute-Laune-Garderobe findet \u00fcberall ein Pl\u00e4tzchen und ist nicht nur im Eingangsbereich ausgesprochen praktisch.<\/em><\/p>\n<\/div><\/div>\n\n\n\n<h3 class=\"wp-block-heading\"><span class=\"ez-toc-section\" id=\"Die_Alternative_The_Dots_Wandhaken_von_muuto\"><\/span>Die Alternative: The Dots Wandhaken von muuto<span class=\"ez-toc-section-end\"><\/span><\/h3>\n\n\n\n<p>Sie sind perfekt f\u00fcr kleine Flure. Warum? Weil sie sich genau dort anbringen lassen, wo Sie sie brauchen, Sie sie jederzeit erg\u00e4nzen k\u00f6nnen und die Komposition verschiedner Haken ergibt ein ganz individuelles &#8222;Wandbild&#8220;, fast wie eine Skulptur. Unsere Aufh\u00e4ng-Helden sind <a href=\"https:\/\/www.raum-blick.de\/muuto-the-dots-5er-set-wandhaken\">The Dots<\/a> von muuto. Die dekorativen Kleiderhaken aus Holz gibt es in verschiedenen Gr\u00f6\u00dfen und diversen Ausf\u00fchrungen. Mehr als eine Million der beliebten runden &#8222;Punkte&#8220;, die an einen T\u00fcrknauf oder Schubladengriffe erinnern, hat das norwegische Label bereits produziert. Und die Erfolgsgeschichte dauert an. Kein Wunder, denn der Kreativit\u00e4t sind mit den Dots keine Grenzen gesetzt. Und Sie m\u00fcssen sich auch keine Sorgen machen, dass irgendetwas herunterrutschen k\u00f6nnte. Der Kopf der Holzobjekte ist breit genug und die beliebte muuto-Ikonie hat sich ja schon millionenfach bew\u00e4hrt. Also: Kommen Sie auf den Punkt!<\/p>\n\n\n\n<div class=\"wp-block-media-text alignwide is-stacked-on-mobile\"><figure class=\"wp-block-media-text__media\"><img loading=\"lazy\" decoding=\"async\" width=\"600\" height=\"600\" src=\"https:\/\/www.raum-blick.de\/magazin\/wp-content\/uploads\/2017\/10\/Wandhaken-in-5er-Set-von-Muuto-The-Dots.jpg\" alt=\"Flur-Idee 2: die The Dots Wandhaken von muuto\" class=\"wp-image-4056 size-full\" title=\"\" srcset=\"https:\/\/raum-blick.de\/magazin\/wp-content\/uploads\/2017\/10\/Wandhaken-in-5er-Set-von-Muuto-The-Dots.jpg 600w, https:\/\/raum-blick.de\/magazin\/wp-content\/uploads\/2017\/10\/Wandhaken-in-5er-Set-von-Muuto-The-Dots-150x150.jpg 150w, https:\/\/raum-blick.de\/magazin\/wp-content\/uploads\/2017\/10\/Wandhaken-in-5er-Set-von-Muuto-The-Dots-300x300.jpg 300w\" sizes=\"(max-width: 600px) 100vw, 600px\" \/><\/figure><div class=\"wp-block-media-text__content\">\n<p><em>muuto The Dots \u2013 gro\u00df, klein oder mittel, die kreisrunden Kleiderhaken machen jede Wand zu einem Eyecatcher. Sie sind einzeln oder im 5er-Set erh\u00e4ltlich. <\/em><\/p>\n<\/div><\/div>\n\n\n\n<h2 class=\"wp-block-heading\"><span class=\"ez-toc-section\" id=\"3_Ganz_schoen_aufgeraeumt\"><\/span>3.  Ganz sch\u00f6n aufger\u00e4umt!<span class=\"ez-toc-section-end\"><\/span><\/h2>\n\n\n\n<p>Gerade im Flur m\u00f6chten wir&#8217;s besonders ordentlich. Denn er ist quasi die Visitenkarte unseres Zuhauses. Und deshalb gilt: Der erste Eindruck z\u00e4hlt. Also nichts wie weg mit dem Daily Essentials-Begr\u00fc\u00dfungskomitee aus Schuhen, M\u00fctzen und Schals. Investieren Sie in ein stylisches Sideboard wie beispielsweise das <a href=\"https:\/\/www.raum-blick.de\/muuto-moebel\/\">Enfold<\/a> von muuto. Es kommt luftig-leicht daher, mit einem nat\u00fcrlich-industriellen Mix aus warmem Eichenholz und pulverbeschichtetem Stahl. Hinter den geriffelten, praktischen Schiebet\u00fcren finden Schuhe, Fahrradhelme, Schl\u00fcssel etc. ihren Platz und verschwinden stilvoll aus Ihrem Blickfeld \u2013 und dem Ihrer G\u00e4ste. Und wenn Sie neben dem Board einen <a href=\"https:\/\/www.raum-blick.de\/fatboy-point-pouf-velvet\">Pouf<\/a> platzieren, schaffen Sie nicht nur einen Ruhepol, sondern auch eine praktische Sitzgelegenheit. Schlie\u00dflich braust hier im Flur das Leben und manchmal muss man da einfach kurz mal innehalten. <\/p>\n\n\n\n<div class=\"wp-block-media-text alignwide is-stacked-on-mobile\"><figure class=\"wp-block-media-text__media\"><img loading=\"lazy\" decoding=\"async\" width=\"400\" height=\"400\" src=\"https:\/\/www.raum-blick.de\/magazin\/wp-content\/uploads\/2023\/09\/dusty-green-enfold-sideboard_93696_200x200@2x.jpg\" alt=\"Flur-Idee 3: das muuto Enfold Sideboard\" class=\"wp-image-18288 size-full\" title=\"\" srcset=\"https:\/\/raum-blick.de\/magazin\/wp-content\/uploads\/2023\/09\/dusty-green-enfold-sideboard_93696_200x200@2x.jpg 400w, https:\/\/raum-blick.de\/magazin\/wp-content\/uploads\/2023\/09\/dusty-green-enfold-sideboard_93696_200x200@2x-300x300.jpg 300w, https:\/\/raum-blick.de\/magazin\/wp-content\/uploads\/2023\/09\/dusty-green-enfold-sideboard_93696_200x200@2x-150x150.jpg 150w\" sizes=\"(max-width: 400px) 100vw, 400px\" \/><\/figure><div class=\"wp-block-media-text__content\">\n<p><em>muuto Enfold \u2013 geradliniges, skandinavisches Design mischt sich bei diesem Sideboard mit industriellen Elementen. Als hohe oder niedrige Variante verf\u00fcgbar.<\/em><\/p>\n<\/div><\/div>\n\n\n\n<h3 class=\"wp-block-heading\"><span class=\"ez-toc-section\" id=\"Ordnung_mit_System_%E2%80%93_mit_String_ganz_einfach\"><\/span>Ordnung mit System \u2013 mit String ganz einfach <span class=\"ez-toc-section-end\"><\/span><\/h3>\n\n\n\n<p>Das <a href=\"https:\/\/www.raum-blick.de\/string-garderobe\/\">modulare Regalsystem<\/a> von String, hat sich schon l\u00e4ngst einen Platz in unserem Herzen erobert. Weil es von ganz klein bis ganz gro\u00df einfach alles kann und dabei immer fantastisch aussieht. Nat\u00fcrlich auch im Flur. Bodenleitern, Wandleitern, gelochte Regalb\u00f6den, Stangen, Haken, schr\u00e4ge Schuhablagen, auf die locker f\u00fcnf paar Schuhe passen, Aufbewahrungseins\u00e4tze und Schr\u00e4nke sorgen f\u00fcr Ordnung und lassen jede Menge Raum f\u00fcr Ihre Kreativit\u00e4t. Denn das clevere System k\u00f6nnen Sie jederzeit ver\u00e4ndern oder erweitern. Gestalten Sie jetzt Ihr individuelles String Garderobensystem und pr\u00e4sentieren Sie Ihren Sinn f\u00fcr \u00c4sthetik gleich an der Haust\u00fcr!<\/p>\n\n\n\n<div class=\"wp-block-media-text alignwide is-stacked-on-mobile\"><figure class=\"wp-block-media-text__media\"><img loading=\"lazy\" decoding=\"async\" width=\"400\" height=\"400\" src=\"https:\/\/www.raum-blick.de\/magazin\/wp-content\/uploads\/2023\/09\/string-regal-flur-garderobe_68053_200x200@2x.jpg\" alt=\"Flur-Idee 3: Regalsystem von String\" class=\"wp-image-18291 size-full\" title=\"\" srcset=\"https:\/\/raum-blick.de\/magazin\/wp-content\/uploads\/2023\/09\/string-regal-flur-garderobe_68053_200x200@2x.jpg 400w, https:\/\/raum-blick.de\/magazin\/wp-content\/uploads\/2023\/09\/string-regal-flur-garderobe_68053_200x200@2x-300x300.jpg 300w, https:\/\/raum-blick.de\/magazin\/wp-content\/uploads\/2023\/09\/string-regal-flur-garderobe_68053_200x200@2x-150x150.jpg 150w\" sizes=\"(max-width: 400px) 100vw, 400px\" \/><\/figure><div class=\"wp-block-media-text__content\">\n<p><em>String Regalsystem \u2013 modular, individuell, vielseitig und so stylish. Denn der erste Eindruck z\u00e4hlt. Schon seit 1949 bietet String Ordnungsliebhabern clevere L\u00f6sungen. <\/em><\/p>\n<\/div><\/div>\n\n\n\n<h2 class=\"wp-block-heading\"><span class=\"ez-toc-section\" id=\"4_Platz_da\"><\/span>4. Platz da!<span class=\"ez-toc-section-end\"><\/span><\/h2>\n\n\n\n<p>Sitzgelegenheiten schaffen ist immer eine gute Idee. Nicht nur weil B\u00e4nke, St\u00fchle und Sessel schon von Haus aus zum Sitzen einladen, sondern auch weil sie ausgebrochen praktisch zum Schuhe-Anziehen oder Taschen-Abstellen sind. Abgesehen davon, dass sich mit ihnen selbst kleinste Nischen sinnvoll f\u00fcllen lassen. Ob schlichter Design-Klassiker aus Holz oder opulent gepolstert, Solit\u00e4re haben im Flur ihren gro\u00dfen Auftritt und sorgen f\u00fcr eine wohlige Willkommensatmosph\u00e4re. Das gilt auch f\u00fcr schmale Wandregale, in denen nicht nur all das Platz findet, was wir tagt\u00e4glich griffbereit haben m\u00fcssen, wenn wir das Haus verlassen, sondern auch die Dinge stehen, die uns beim Nachhause-Kommen herzlich empfangen.<\/p>\n\n\n\n<h3 class=\"wp-block-heading\"><span class=\"ez-toc-section\" id=\"Jan_Kurtz_Tivoli_%E2%80%93_kleine_Bank_mit_viel_Potenzial\"><\/span>Jan Kurtz Tivoli \u2013 kleine Bank mit viel Potenzial<span class=\"ez-toc-section-end\"><\/span><\/h3>\n\n\n\n<p>Edel, hochwertig und unaufdringlich kommt diese Teak-Holzbank mit ihren Lamellen daher. Und wirkt dabei so luftig-leicht, dass sie einfach perfekt f\u00fcr den Eingangsbereich ist. Abgesehen davon bietet <a href=\"https:\/\/www.raum-blick.de\/jan-kurtz-tivoli-bank\">Tivoli <\/a>eine gro\u00dfz\u00fcgige Ablagefl\u00e4che und l\u00e4sst sich im Sommer gerne auch mal in den Garten entf\u00fchren. Ein multifunktionales M\u00f6bel von Jan Kurtz, das in drei verschiedenen Gr\u00f6\u00dfen erh\u00e4ltlich ist und einen festen Platz in Ihrem &#8222;Empfangskomitee&#8220; haben sollte. <\/p>\n\n\n\n<div class=\"wp-block-media-text alignwide is-stacked-on-mobile\"><figure class=\"wp-block-media-text__media\"><img loading=\"lazy\" decoding=\"async\" width=\"400\" height=\"400\" src=\"https:\/\/www.raum-blick.de\/magazin\/wp-content\/uploads\/2023\/09\/jan-kurtz-bank-tivoli-teak-120_51070_200x200@2x.jpg\" alt=\"Flur-Idee 4: Bank Tivoli von Jan Kurtz\" class=\"wp-image-18295 size-full\" title=\"\" srcset=\"https:\/\/raum-blick.de\/magazin\/wp-content\/uploads\/2023\/09\/jan-kurtz-bank-tivoli-teak-120_51070_200x200@2x.jpg 400w, https:\/\/raum-blick.de\/magazin\/wp-content\/uploads\/2023\/09\/jan-kurtz-bank-tivoli-teak-120_51070_200x200@2x-300x300.jpg 300w, https:\/\/raum-blick.de\/magazin\/wp-content\/uploads\/2023\/09\/jan-kurtz-bank-tivoli-teak-120_51070_200x200@2x-150x150.jpg 150w\" sizes=\"(max-width: 400px) 100vw, 400px\" \/><\/figure><div class=\"wp-block-media-text__content\">\n<p><em>Jan Kurtz Tivoli \u2013&nbsp;hier gleicht keine Bank der anderen, denn jede ist von Hand gefertigt. Aber alle sind sie mit ihren Teakholz-Lamellen einfach zum Verlieben.<\/em><\/p>\n<\/div><\/div>\n\n\n\n<h3 class=\"wp-block-heading\"><span class=\"ez-toc-section\" id=\"Akzente_setzen_%E2%80%93_mit_Ethnicraft_Notre_Monde_U-Wandregalen\"><\/span>Akzente setzen \u2013 mit Ethnicraft Notre Monde U-Wandregalen<span class=\"ez-toc-section-end\"><\/span><\/h3>\n\n\n\n<p>Minimalistisches Design, klare Formensprache. <a href=\"https:\/\/www.raum-blick.de\/ethnicraft-notre-monde-u-shelf-regal\">Ethnicraft U-Shelf<\/a> kombiniert massives Eichenholz mit d\u00fcnnem Metall und wirkt dadurch ausgesprochen elegant. Eine aufgrund der unsichtbaren Befestigungen schwebend anmutende Aufbewahrungsl\u00f6sung, die nicht nur optisch \u00fcberzeugt, sondern auch Ihre liebsten Designst\u00fccke, B\u00fccher oder Pflanzen ins rechte Licht r\u00fcckt. Platz f\u00fcr all Ihre Daily Essentials ist nat\u00fcrlich ebenfalls gen\u00fcgend vorhanden. Und sowieso ist nichts f\u00fcr die Ewigkeit gestaltet, denn schlie\u00dflich lieben wir ja die Abwechslung. Also arrangieren Sie gerne von Zeit zu Zeit um und geben Sie Ihrem Entree immer wieder eine neue Facette und dem U-Shelf neue Inhalte. <\/p>\n\n\n\n<div class=\"wp-block-media-text alignwide is-stacked-on-mobile\"><figure class=\"wp-block-media-text__media\"><img loading=\"lazy\" decoding=\"async\" width=\"400\" height=\"400\" src=\"https:\/\/www.raum-blick.de\/magazin\/wp-content\/uploads\/2023\/09\/ethnicraft-notre-monde-weiss-u-wandregal_69236vvfBGeWB73bfs_200x200@2x.jpg\" alt=\"Flur-Idee 4: U-Shelf Regal von Ethnicraft\" class=\"wp-image-18299 size-full\" title=\"\" srcset=\"https:\/\/raum-blick.de\/magazin\/wp-content\/uploads\/2023\/09\/ethnicraft-notre-monde-weiss-u-wandregal_69236vvfBGeWB73bfs_200x200@2x.jpg 400w, https:\/\/raum-blick.de\/magazin\/wp-content\/uploads\/2023\/09\/ethnicraft-notre-monde-weiss-u-wandregal_69236vvfBGeWB73bfs_200x200@2x-300x300.jpg 300w, https:\/\/raum-blick.de\/magazin\/wp-content\/uploads\/2023\/09\/ethnicraft-notre-monde-weiss-u-wandregal_69236vvfBGeWB73bfs_200x200@2x-150x150.jpg 150w\" sizes=\"(max-width: 400px) 100vw, 400px\" \/><\/figure><div class=\"wp-block-media-text__content\">\n<p><em>Ethnicraft Notre Monde U-Shelf  \u2013 skandinavisches Flair f\u00fcr Ihren Flur. Massive Eiche umrahmt von Metall in Wei\u00df oder Schwarz. Dieses in zwei Gr\u00f6\u00dfen erh\u00e4ltliche Regal sorgt sofort f\u00fcr ein warmes Willkommen und \u00fcberzeugt mit seiner unaufdringlichen Vielseitigkeit. <\/em><\/p>\n<\/div><\/div>\n\n\n\n<h2 class=\"wp-block-heading\"><span class=\"ez-toc-section\" id=\"5_Was_fuer_ein_Anblick\"><\/span>5. Was f\u00fcr ein Anblick!<span class=\"ez-toc-section-end\"><\/span><\/h2>\n\n\n\n<p>Ein <a href=\"https:\/\/www.raum-blick.de\/garderobenspiegel\/\">Spiegel<\/a> darf in keinem Eingangsbereich fehlen. Er schafft Licht, Raum und optische Weite und sagt uns, ob wir in unserem Outfit auch wirklich gut aussehen. Ob clean, opulent oder auffallendes Centerpiece, das h\u00e4ngt ganz von Ihnen ab. Sie k\u00f6nnen den Rahmen farblich ans Mobiliar angepasst w\u00e4hlen, was den Look harmonisch-aufger\u00e4umt macht, mit einem gold gerahmten Spiegel einen Kontrast zu einem minimalistischen Hintergrund schaffen oder einen spektakul\u00e4ren Solit\u00e4r bewusst als solchen inszenieren. Egal f\u00fcr welche Variante Sie sich entscheiden, Spiegel haben einfach eine magische Wirkung. Vorausgesetzt, sie befinden sich nicht direkt gegen\u00fcber der T\u00fcr. Denn dann reflektieren sie die hereinstr\u00f6mende Energie wieder hinaus. Und die soll ja doch bittesch\u00f6n nach drinnen strahlen.  <\/p>\n\n\n\n<h3 class=\"wp-block-heading\"><span class=\"ez-toc-section\" id=\"ferm_LIVING_Pond_%E2%80%93_funktionell_und_dekorativ_zugleich\"><\/span>ferm LIVING Pond \u2013 funktionell und dekorativ zugleich<span class=\"ez-toc-section-end\"><\/span><\/h3>\n\n\n\n<p>Organische Formen f\u00fcr einen klassischen Spiegel mit Metallrahmen, inspiriert von frei flie\u00dfenden Wasserbewegungen. Ob aufgeh\u00e4ngt oder nur an eine Kommode angelehnt, die <a href=\"https:\/\/www.raum-blick.de\/ferm-living-pond-spiegel\">Pond-Serie<\/a> von ferm LIVING ist ein Entree-Hingucker, der viel Flair und Charme verspr\u00fcht, und sich immer wieder neu arrangieren l\u00e4sst. So wie Sie es am liebsten m\u00f6gen. <\/p>\n\n\n\n<div class=\"wp-block-media-text alignwide is-stacked-on-mobile\"><figure class=\"wp-block-media-text__media\"><img loading=\"lazy\" decoding=\"async\" width=\"400\" height=\"400\" src=\"https:\/\/www.raum-blick.de\/magazin\/wp-content\/uploads\/2023\/09\/ferm-living-pond-spiegel-klein-chrom-ambiente_88423_200x200@2x.jpg\" alt=\"Flur-Idee 5: Pond-Spiegel von ferm LIVING\" class=\"wp-image-18306 size-full\" title=\"\" srcset=\"https:\/\/raum-blick.de\/magazin\/wp-content\/uploads\/2023\/09\/ferm-living-pond-spiegel-klein-chrom-ambiente_88423_200x200@2x.jpg 400w, https:\/\/raum-blick.de\/magazin\/wp-content\/uploads\/2023\/09\/ferm-living-pond-spiegel-klein-chrom-ambiente_88423_200x200@2x-300x300.jpg 300w, https:\/\/raum-blick.de\/magazin\/wp-content\/uploads\/2023\/09\/ferm-living-pond-spiegel-klein-chrom-ambiente_88423_200x200@2x-150x150.jpg 150w\" sizes=\"(max-width: 400px) 100vw, 400px\" \/><\/figure><div class=\"wp-block-media-text__content\">\n<p><em>ferm LIVING Pond \u2013 ein Spiegel, der garantiert die Blicke auf sich zieht. In zwei Formen, drei Ausf\u00fchrungen und mit jeder Menge Flur-Gestaltungs-Potenzial.<\/em><\/p>\n<\/div><\/div>\n\n\n\n<h3 class=\"wp-block-heading\"><span class=\"ez-toc-section\" id=\"UMAGE_One_More_Look_%E2%80%93_das_gewisse_Extra\"><\/span>UMAGE One More Look \u2013&nbsp;das gewisse Extra<span class=\"ez-toc-section-end\"><\/span><\/h3>\n\n\n\n<p>Rahmenlos und mit durchdachten Kleinigkeiten im Anhang pr\u00e4sentieren sich die minimalistischen UMAGE <a href=\"https:\/\/www.raum-blick.de\/umage-one-more-look-spiegel\">Ganzk\u00f6rper-Spiegel<\/a>. Ein durchlaufendes Regalbrett und zwei h\u00f6lzerne Schubladen sind perfekt, um all das, was wir f\u00fcr den letzten Blick brauchen, gleich zur Hand zu haben, ohne dass es permanent im Blickfeld steht. Sogar einen praktischen Handspiegel bringt One More Look gleich mit. Schlie\u00dflich soll die Frisur ja sitzen, wenn wir aus dem Haus gehen. Diese skandinavisch anmutende Serie zeigt uns eindr\u00fccklich, dass Eleganz, Vielseitigkeit und Funktionalit\u00e4t harmonisch nebeneinander bestehen k\u00f6nnen. Und genau deshalb sind die Spiegel auch in unterschiedlichsten R\u00e4umen einsetzbar, nicht nur im Flur.<\/p>\n\n\n\n<div class=\"wp-block-media-text alignwide is-stacked-on-mobile\"><figure class=\"wp-block-media-text__media\"><img loading=\"lazy\" decoding=\"async\" width=\"400\" height=\"400\" src=\"https:\/\/www.raum-blick.de\/magazin\/wp-content\/uploads\/2023\/09\/umage-spiegel-one-more-look_72568_200x200@2x-1.jpg\" alt=\"Flur-Idee 5: One More Look-Spiegel von UMAGE\" class=\"wp-image-18308 size-full\" title=\"\" srcset=\"https:\/\/raum-blick.de\/magazin\/wp-content\/uploads\/2023\/09\/umage-spiegel-one-more-look_72568_200x200@2x-1.jpg 400w, https:\/\/raum-blick.de\/magazin\/wp-content\/uploads\/2023\/09\/umage-spiegel-one-more-look_72568_200x200@2x-1-300x300.jpg 300w, https:\/\/raum-blick.de\/magazin\/wp-content\/uploads\/2023\/09\/umage-spiegel-one-more-look_72568_200x200@2x-1-150x150.jpg 150w\" sizes=\"(max-width: 400px) 100vw, 400px\" \/><\/figure><div class=\"wp-block-media-text__content\">\n<p><em>UMAGE One More Look \u2013 ein luftiger Spiegel mit diversen Zusatzfunktionen und in unterschiedlichsten Farbvarianten. Das au\u00dfergew\u00f6hnliche Erscheinungsbild macht One More Look zu einem Flur-Liebling, der garantiert \u00fcberall ein Pl\u00e4tzchen findet. <\/em><\/p>\n<\/div><\/div>\n\n\n\n<p>Lassen Sie sich von unseren Flur-Ideen inspirieren und machen Sie aus Ihrem Entree den Wohlf\u00fchlort, den Sie schon immer gerne haben wollten. Nat\u00fcrlich haben wir Ihnen hier jetzt nur eine kleine Auswahl pr\u00e4sentiert, aber in unserem Online-Shop finden Sie noch viel, viel mehr Sch\u00f6nes, Praktisches, N\u00fctzliches und Unwiderstehliches f\u00fcr jeden Raum und jeden Geschmack. Klicken Sie rein!<\/p>\n","protected":false},"excerpt":{"rendered":"<p>\u00ab Mit diesen Highlights f\u00fchlt sich jeder gleich willkommen \u00bb Nach Hause kommen, G\u00e4ste empfangen, Vorfreude auf das, was da noch folgt \u2013 je einladender das Entree, desto wohler f\u00fchlen wir uns. Zeit also, diesem Willkommensbereich ein Update zu verpassen \u2013 mit stylishen Garderoben, formsch\u00f6nen Aufbewahrungsl\u00f6sungen wie beispielsweise den praktischen Componibili-Containern von Kartell oder charmanten [&hellip;]<\/p>\n","protected":false},"author":4,"featured_media":13560,"comment_status":"closed","ping_status":"open","sticky":false,"template":"","format":"standard","meta":{"_et_pb_use_builder":"","_et_pb_old_content":"","_et_gb_content_width":"","inline_featured_image":false,"footnotes":""},"categories":[1],"tags":[420,157,206,331,56,1051,1919,757,239,168,150,1679,151,15,1829,935,520,408],"class_list":["post-18265","post","type-post","status-publish","format-standard","has-post-thumbnail","hentry","category-drinnen","tag-ablagen","tag-baenke","tag-ferm-living","tag-garderobe","tag-indoor","tag-jan-kurtz","tag-jan-kurtz-design","tag-konsolentisch","tag-muuto","tag-regale","tag-schuhregale","tag-sideboard","tag-spiegel","tag-string","tag-string-regal","tag-umage","tag-vitra","tag-wandhaken"],"_links":{"self":[{"href":"https:\/\/raum-blick.de\/magazin\/wp-json\/wp\/v2\/posts\/18265","targetHints":{"allow":["GET"]}}],"collection":[{"href":"https:\/\/raum-blick.de\/magazin\/wp-json\/wp\/v2\/posts"}],"about":[{"href":"https:\/\/raum-blick.de\/magazin\/wp-json\/wp\/v2\/types\/post"}],"author":[{"embeddable":true,"href":"https:\/\/raum-blick.de\/magazin\/wp-json\/wp\/v2\/users\/4"}],"replies":[{"embeddable":true,"href":"https:\/\/raum-blick.de\/magazin\/wp-json\/wp\/v2\/comments?post=18265"}],"version-history":[{"count":40,"href":"https:\/\/raum-blick.de\/magazin\/wp-json\/wp\/v2\/posts\/18265\/revisions"}],"predecessor-version":[{"id":18584,"href":"https:\/\/raum-blick.de\/magazin\/wp-json\/wp\/v2\/posts\/18265\/revisions\/18584"}],"wp:featuredmedia":[{"embeddable":true,"href":"https:\/\/raum-blick.de\/magazin\/wp-json\/wp\/v2\/media\/13560"}],"wp:attachment":[{"href":"https:\/\/raum-blick.de\/magazin\/wp-json\/wp\/v2\/media?parent=18265"}],"wp:term":[{"taxonomy":"category","embeddable":true,"href":"https:\/\/raum-blick.de\/magazin\/wp-json\/wp\/v2\/categories?post=18265"},{"taxonomy":"post_tag","embeddable":true,"href":"https:\/\/raum-blick.de\/magazin\/wp-json\/wp\/v2\/tags?post=18265"}],"curies":[{"name":"wp","href":"https:\/\/api.w.org\/{rel}","templated":true}]}}