{"id":18248,"date":"2023-08-21T23:22:26","date_gmt":"2023-08-21T21:22:26","guid":{"rendered":"https:\/\/www.raum-blick.de\/magazin\/?p=18248"},"modified":"2024-03-25T17:32:48","modified_gmt":"2024-03-25T16:32:48","slug":"outdoor-gartenglueck","status":"publish","type":"post","link":"https:\/\/raum-blick.de\/magazin\/outdoor-gartenglueck\/","title":{"rendered":"Ab nach drau\u00dfen! Unsere Top-Outdoor-Lieblinge"},"content":{"rendered":"\n<h2 class=\"wp-block-heading\"><span class=\"ez-toc-section\" id=\"%C2%AB_Alles_was_Garten_und_Balkon_jetzt_noch_schoener_macht_%C2%BB\"><\/span><strong>\u00ab Alles, was Garten und Balkon jetzt noch sch\u00f6ner macht \u00bb<\/strong><span class=\"ez-toc-section-end\"><\/span><\/h2>\n\n\n\n<p><strong>Der Sommer ist da und der Garten unser zweites Wohnzimmer. Bei uns finden Sie alles, was Sie f\u00fcrs heimelige Drau\u00dfen-Wohn-Gl\u00fcck brauchen. Luftig-leicht, in hellen Naturt\u00f6nen, mit klaren Linien, Retro-Vibes und maritimem Flair. Von stylishen Loungem\u00f6beln \u00fcber praktische Gartenhelfer bis zu kuscheligen Textilien. Und nat\u00fcrlich aus den besten Design-H\u00e4usern, die in Sachen Open-Air-Feeling jahrzehntelange Erfahrung haben und zu den beliebtesten am Markt z\u00e4hlen. Freuen Sie sich auf unsere Top-Outdoor-Lieblinge, die ihr Zuhause zu einem echten Drau\u00dfen-Wohlf\u00fchlort machen.<\/strong><\/p>\n\n\n\n<h2 class=\"wp-block-heading\"><span class=\"ez-toc-section\" id=\"Nehmen_Sie_Platz_%E2%80%93_Gartenmoebel_zum_Verlieben\"><\/span><strong>Nehmen Sie Platz \u2013 Gartenm\u00f6bel zum Verlieben<\/strong><span class=\"ez-toc-section-end\"><\/span><\/h2>\n\n\n\n<p>Bequeme Lounger, l\u00e4ssige Sitzgruppe oder chilliger Sitzsack, Holz, Rattan, Bambus oder Aluminium \u2013&nbsp;drau\u00dfen soll es vor allem pflegeleicht und langlebig sein. Und: entspannend. Schlie\u00dflich ist das der Ort, an dem wir nach einem stressigen Arbeitstag einfach abh\u00e4ngen und genie\u00dfen wollen. Allein, zu zweit oder mit Freunden.&nbsp;<\/p><div id=\"ez-toc-container\" class=\"ez-toc-v2_0_82_2 counter-hierarchy ez-toc-counter ez-toc-grey ez-toc-container-direction\">\n<div class=\"ez-toc-title-container\">\n<p class=\"ez-toc-title\" style=\"cursor:inherit\">Was hier auf Sie wartet<\/p>\n<span class=\"ez-toc-title-toggle\"><a href=\"#\" class=\"ez-toc-pull-right ez-toc-btn ez-toc-btn-xs ez-toc-btn-default ez-toc-toggle\" aria-label=\"Toggle Table of Content\"><span class=\"ez-toc-js-icon-con\"><span class=\"\"><span class=\"eztoc-hide\" style=\"display:none;\">Toggle<\/span><span class=\"ez-toc-icon-toggle-span\"><svg style=\"fill: #999;color:#999\" xmlns=\"http:\/\/www.w3.org\/2000\/svg\" class=\"list-377408\" width=\"20px\" height=\"20px\" viewBox=\"0 0 24 24\" fill=\"none\"><path d=\"M6 6H4v2h2V6zm14 0H8v2h12V6zM4 11h2v2H4v-2zm16 0H8v2h12v-2zM4 16h2v2H4v-2zm16 0H8v2h12v-2z\" fill=\"currentColor\"><\/path><\/svg><svg style=\"fill: #999;color:#999\" class=\"arrow-unsorted-368013\" xmlns=\"http:\/\/www.w3.org\/2000\/svg\" width=\"10px\" height=\"10px\" viewBox=\"0 0 24 24\" version=\"1.2\" baseProfile=\"tiny\"><path d=\"M18.2 9.3l-6.2-6.3-6.2 6.3c-.2.2-.3.4-.3.7s.1.5.3.7c.2.2.4.3.7.3h11c.3 0 .5-.1.7-.3.2-.2.3-.5.3-.7s-.1-.5-.3-.7zM5.8 14.7l6.2 6.3 6.2-6.3c.2-.2.3-.5.3-.7s-.1-.5-.3-.7c-.2-.2-.4-.3-.7-.3h-11c-.3 0-.5.1-.7.3-.2.2-.3.5-.3.7s.1.5.3.7z\"\/><\/svg><\/span><\/span><\/span><\/a><\/span><\/div>\n<nav><ul class='ez-toc-list ez-toc-list-level-1 ' ><li class='ez-toc-page-1 ez-toc-heading-level-2'><a class=\"ez-toc-link ez-toc-heading-1\" href=\"https:\/\/raum-blick.de\/magazin\/outdoor-gartenglueck\/#%C2%AB_Alles_was_Garten_und_Balkon_jetzt_noch_schoener_macht_%C2%BB\" >\u00ab Alles, was Garten und Balkon jetzt noch sch\u00f6ner macht \u00bb<\/a><\/li><li class='ez-toc-page-1 ez-toc-heading-level-2'><a class=\"ez-toc-link ez-toc-heading-2\" href=\"https:\/\/raum-blick.de\/magazin\/outdoor-gartenglueck\/#Nehmen_Sie_Platz_%E2%80%93_Gartenmoebel_zum_Verlieben\" >Nehmen Sie Platz \u2013 Gartenm\u00f6bel zum Verlieben<\/a><ul class='ez-toc-list-level-3' ><li class='ez-toc-heading-level-3'><a class=\"ez-toc-link ez-toc-heading-3\" href=\"https:\/\/raum-blick.de\/magazin\/outdoor-gartenglueck\/#Fuer_jeden_Anspruch_die_passende_Outdoor-Loesung\" >F\u00fcr jeden Anspruch die passende Outdoor-L\u00f6sung<\/a><\/li><li class='ez-toc-page-1 ez-toc-heading-level-3'><a class=\"ez-toc-link ez-toc-heading-4\" href=\"https:\/\/raum-blick.de\/magazin\/outdoor-gartenglueck\/#Nichts_wie_raus_%E2%80%93_hier_liegen_Sie_richtig\" >Nichts wie raus \u2013 hier liegen Sie richtig<\/a><\/li><li class='ez-toc-page-1 ez-toc-heading-level-3'><a class=\"ez-toc-link ez-toc-heading-5\" href=\"https:\/\/raum-blick.de\/magazin\/outdoor-gartenglueck\/#Einfach_entspannen_Sie_haben_die_Wahl\" >Einfach entspannen, Sie haben die Wahl<\/a><\/li><\/ul><\/li><li class='ez-toc-page-1 ez-toc-heading-level-2'><a class=\"ez-toc-link ez-toc-heading-6\" href=\"https:\/\/raum-blick.de\/magazin\/outdoor-gartenglueck\/#Spot_an_%E2%80%93_fuer_die_schoensten_Draussen-Akku-Leuchten\" >Spot an \u2013 f\u00fcr die sch\u00f6nsten Drau\u00dfen-Akku-Leuchten<\/a><\/li><li class='ez-toc-page-1 ez-toc-heading-level-2'><a class=\"ez-toc-link ez-toc-heading-7\" href=\"https:\/\/raum-blick.de\/magazin\/outdoor-gartenglueck\/#Kleine_feine_Extras_%E2%80%93_die_machen_Ihr_Gartenglueck_perfekt\" >Kleine, feine Extras \u2013 die machen Ihr Gartengl\u00fcck perfekt<\/a><ul class='ez-toc-list-level-3' ><li class='ez-toc-heading-level-3'><a class=\"ez-toc-link ez-toc-heading-8\" href=\"https:\/\/raum-blick.de\/magazin\/outdoor-gartenglueck\/#Schoen_serviert\" >Sch\u00f6n serviert<\/a><\/li><li class='ez-toc-page-1 ez-toc-heading-level-3'><a class=\"ez-toc-link ez-toc-heading-9\" href=\"https:\/\/raum-blick.de\/magazin\/outdoor-gartenglueck\/#Perfekter_Sonnenschutz\" >Perfekter Sonnenschutz<\/a><\/li><\/ul><\/li><\/ul><\/nav><\/div>\n\n\n\n\n<h3 class=\"wp-block-heading\"><span class=\"ez-toc-section\" id=\"Fuer_jeden_Anspruch_die_passende_Outdoor-Loesung\"><\/span>F\u00fcr jeden Anspruch die passende Outdoor-L\u00f6sung<span class=\"ez-toc-section-end\"><\/span><\/h3>\n\n\n\n<p>Immer eine gute Wahl sind die leichten, filigranen, robusten Metall-St\u00fchle, -Tische, -B\u00e4nke und -Liegen des franz\u00f6sischen Labels <a href=\"http:\/\/raum-blick.de\/fermob\/\">Fermob<\/a>, die es in unz\u00e4hligen Farben gibt \u2013 von Pastell bis knallig. Sie verspr\u00fchen pure Lebensfreude, sind unverwechselbar und komplett in Frankreich gefertigt. Einer unserer absoluten Favoriten: die Serie Luxembourg. Seit 2004 \u00fcberzeugt die zeitlose, wetterfeste Kollektion aus Aluminium mit klaren Linien und komfortablen Sitzfl\u00e4chen aus gew\u00f6lbten Latten.&nbsp;<\/p>\n\n\n\n<figure class=\"wp-block-image aligncenter size-full is-resized\"><img loading=\"lazy\" decoding=\"async\" src=\"https:\/\/www.raum-blick.de\/magazin\/wp-content\/uploads\/2020\/06\/fermob-luxembourg-tisch-80-x-80-cm.jpg\" alt=\"fermob-luxembourg\" class=\"wp-image-10603\" width=\"700\" height=\"700\" title=\"\"><figcaption class=\"wp-element-caption\">Fermob Luxembourg \u2013 Gartenm\u00f6bel aus leichtem Aluminium und in 24 Farben. <br>Franz\u00f6sisches Savoir-Vivre in seiner sch\u00f6nsten Form.<\/figcaption><\/figure>\n\n\n\n<p>Wer nicht so viel Platz hat, f\u00fcr den ist der Klassiker Fermob Bistro die richtige Wahl. Die Tische und St\u00fchle dieser Kollektion lassen sich zusammenklappen und praktisch verstauen. Dank dem UV-best\u00e4ndigen Pulverlack kann Bistro aber nat\u00fcrlich auch drau\u00dfen \u201e\u00fcberwintern\u201c. Von New York bis Tokyo findet sich der farbenfrohe Klappstuhl in Parks, auf kleinen Balkonen oder Terrassen. Und vielleicht ja auch bald bei Ihnen, wenn Sie noch keinen haben.<\/p>\n\n\n\n<figure class=\"wp-block-image aligncenter size-full\"><img loading=\"lazy\" decoding=\"async\" width=\"700\" height=\"700\" src=\"https:\/\/www.raum-blick.de\/magazin\/wp-content\/uploads\/2022\/05\/fermob-bistro-tisch-klappbar.jpg\" alt=\"fermob-bistro-tisch-klappbar\" class=\"wp-image-15970\" title=\"\" srcset=\"https:\/\/raum-blick.de\/magazin\/wp-content\/uploads\/2022\/05\/fermob-bistro-tisch-klappbar.jpg 700w, https:\/\/raum-blick.de\/magazin\/wp-content\/uploads\/2022\/05\/fermob-bistro-tisch-klappbar-300x300.jpg 300w, https:\/\/raum-blick.de\/magazin\/wp-content\/uploads\/2022\/05\/fermob-bistro-tisch-klappbar-150x150.jpg 150w\" sizes=\"(max-width: 700px) 100vw, 700px\" \/><figcaption class=\"wp-element-caption\">Fermob Bistro \u2013 seit \u00fcber 120 Jahren auf dem Markt und genauso lange von Fermob gefertigt. <br>1889 avancierte er zusammen mit dem Eiffelturm zum Star und ist bis heute rund um den Globus beliebt.&nbsp;<br><\/figcaption><\/figure>\n\n\n\n<h3 class=\"wp-block-heading\"><span class=\"ez-toc-section\" id=\"Nichts_wie_raus_%E2%80%93_hier_liegen_Sie_richtig\"><\/span>Nichts wie raus \u2013 hier liegen Sie richtig <span class=\"ez-toc-section-end\"><\/span><\/h3>\n\n\n\n<p>F\u00fcrs schwerelose Chill-Out-Feeling sorgt die stapelbare Sonnenliege Alize von Fermob, deren R\u00fcckenlehne und Fu\u00dfteil sich so verstellen lassen, dass Sie immer die perfekte K\u00f6rperlage haben. Und dank der hautsympathischen Liegefl\u00e4che und dem luftdurchl\u00e4ssigen Gewebe auch ohne l\u00e4stige Druckstellen oder Schwei\u00df auf dem R\u00fccken. Besonders praktisch: die F\u00fc\u00dfe am Kopfteil haben kleine Rollen, sodass Sie die federleichte Alu-Liege ganz bequem mit einer Hand an Ihr liebstes Sonnenpl\u00e4tzchen schieben k\u00f6nnen.<\/p>\n\n\n\n<figure class=\"wp-block-image aligncenter size-full is-resized\"><img loading=\"lazy\" decoding=\"async\" src=\"https:\/\/www.raum-blick.de\/magazin\/wp-content\/uploads\/2023\/08\/alize-sonnenliege-kaktus-fermob_64612.jpg\" alt=\"fermob-alize-sonnenliege\" class=\"wp-image-18249\" width=\"700\" height=\"700\" title=\"\" srcset=\"https:\/\/raum-blick.de\/magazin\/wp-content\/uploads\/2023\/08\/alize-sonnenliege-kaktus-fermob_64612.jpg 1000w, https:\/\/raum-blick.de\/magazin\/wp-content\/uploads\/2023\/08\/alize-sonnenliege-kaktus-fermob_64612-300x300.jpg 300w, https:\/\/raum-blick.de\/magazin\/wp-content\/uploads\/2023\/08\/alize-sonnenliege-kaktus-fermob_64612-150x150.jpg 150w, https:\/\/raum-blick.de\/magazin\/wp-content\/uploads\/2023\/08\/alize-sonnenliege-kaktus-fermob_64612-768x768.jpg 768w\" sizes=\"(max-width: 700px) 100vw, 700px\" \/><figcaption class=\"wp-element-caption\">Fermob Alize \u2013 schlicht, leicht, bequem und: stapelbar. <br>Diese Sonnenliege aus Aluminium punktet mit durchdachten Details und luftdurchl\u00e4ssiger Liegefl\u00e4che.<\/figcaption><\/figure>\n\n\n\n<p>Nicht minder gut entspannt es sich drau\u00dfen in Maxx, der Sonnenliege von <a href=\"https:\/\/www.raum-blick.de\/jan-kurtz\/\">Jan Kurtz<\/a>. Auch sie ist verstellbar, der wetterfeste Kunststoffbezug in diversen Farben und Mustern erh\u00e4ltlich und zusammen mit dem Gestell aus zertifiziertem Teak-Holz ist Maxx definitiv ein optischer Fixpunkt, den Sie mit einem separat bestellbaren Fu\u00dfteil auch noch erweitern k\u00f6nnen.&nbsp;<\/p>\n\n\n\n<figure class=\"wp-block-image aligncenter size-full is-resized\"><img loading=\"lazy\" decoding=\"async\" src=\"https:\/\/www.raum-blick.de\/magazin\/wp-content\/uploads\/2020\/09\/jan-kurtz-maxx-liegestuhl-klappbar.jpg\" alt=\"jan-kurtz-maxx-liegestuhl\" class=\"wp-image-11213\" width=\"700\" height=\"700\" title=\"\" srcset=\"https:\/\/raum-blick.de\/magazin\/wp-content\/uploads\/2020\/09\/jan-kurtz-maxx-liegestuhl-klappbar.jpg 600w, https:\/\/raum-blick.de\/magazin\/wp-content\/uploads\/2020\/09\/jan-kurtz-maxx-liegestuhl-klappbar-300x300.jpg 300w, https:\/\/raum-blick.de\/magazin\/wp-content\/uploads\/2020\/09\/jan-kurtz-maxx-liegestuhl-klappbar-150x150.jpg 150w\" sizes=\"(max-width: 700px) 100vw, 700px\" \/><figcaption class=\"wp-element-caption\">Jan Kurtz Maxx \u2013 tsch\u00fcss Alltagsstress, hallo Lounge-Feeling, <br>mit einer Mischung aus Teak-Holz und robustem Kunststoffgewebe.&nbsp;<\/figcaption><\/figure>\n\n\n\n<p>Schlicht und vor allem nachhaltig pr\u00e4sentiert sich auch der Desert Lounge Stuhl von <a href=\"https:\/\/www.raum-blick.de\/ferm-living\/\">ferm LIVING<\/a>, Die luftig-leichte Sitzfl\u00e4che, die an ein Frottee-Handtuch erinnert, ist aus recycelten PET-Flaschen gewebt. Sie k\u00f6nnen sie bequem herausnehmen und waschen. Zusammen mit dem pulverbeschichteten Stahlrahmen verstr\u00f6mt Desert in jedem Garten einen Hauch franz\u00f6sischer Riviera. Fehlen nur noch die Promenade und die Bars.&nbsp;<\/p>\n\n\n\n<figure class=\"wp-block-image aligncenter size-full is-resized\"><img loading=\"lazy\" decoding=\"async\" src=\"https:\/\/www.raum-blick.de\/magazin\/wp-content\/uploads\/2022\/06\/ferm-living-desert-stuhl.jpg\" alt=\"ferm-living-desert-stuhl\" class=\"wp-image-16200\" width=\"700\" height=\"700\" title=\"\" srcset=\"https:\/\/raum-blick.de\/magazin\/wp-content\/uploads\/2022\/06\/ferm-living-desert-stuhl.jpg 800w, https:\/\/raum-blick.de\/magazin\/wp-content\/uploads\/2022\/06\/ferm-living-desert-stuhl-300x300.jpg 300w, https:\/\/raum-blick.de\/magazin\/wp-content\/uploads\/2022\/06\/ferm-living-desert-stuhl-150x150.jpg 150w, https:\/\/raum-blick.de\/magazin\/wp-content\/uploads\/2022\/06\/ferm-living-desert-stuhl-768x768.jpg 768w\" sizes=\"(max-width: 700px) 100vw, 700px\" \/><figcaption class=\"wp-element-caption\">ferm LIVING Desert \u2013 entspannen mit gutem Gewissen. <br>Das textile Gewebe dieses Lounge Chairs ist&nbsp;aus 55 recycelten PET-Flaschen gefertigt.&nbsp;<\/figcaption><\/figure>\n\n\n\n<h3 class=\"wp-block-heading\"><span class=\"ez-toc-section\" id=\"Einfach_entspannen_Sie_haben_die_Wahl\"><\/span>Einfach entspannen, Sie haben die Wahl<span class=\"ez-toc-section-end\"><\/span><\/h3>\n\n\n\n<p>Quirlige Bars und eine lange Promenade w\u00fcnscht man sich auch, wenn man in den gem\u00fctlichen Sitzs\u00e4cken von <a href=\"https:\/\/www.raum-blick.de\/fatboy\/\">Fatboy<\/a> versinkt und sich der totalen Entspannung hingibt. Denn daf\u00fcr sind die farbenfrohen Kraftpakete, die Wetter, Wasser und Schmutz trotzen, einfach perfekt. Ob klassisch, mit seitlichen Gurten in der Buggle-up-Version oder kombiniert mit dem Rock\u2019n Roll Schaukelgestell, Fatboy Outdoor-Sitzts\u00e4cke sind einfach herrlich entspannend. Sie werden gar nicht mehr aufstehen wollen. Das ist in den Fatboy H\u00e4ngematten genauso. Die bieten sogar gleich Platz f\u00fcr mehrere Personen, kommen dank einem zusammenklappbaren Gestell ganz ohne B\u00e4ume und Seile aus und lassen sich nach dem Sommer in einer praktischen Tasche verstauen. Und mit der aufblasbaren Lamzac-Kollektion hat Fatboy ein transportables Luftsofa entwickelt, das sich in Sekundenschnelle nur durch horizontales Hin- und Herbewegen bef\u00fcllen l\u00e4sst.&nbsp;<\/p>\n\n\n\n<figure class=\"wp-block-image aligncenter size-full\"><img loading=\"lazy\" decoding=\"async\" width=\"700\" height=\"700\" src=\"https:\/\/www.raum-blick.de\/magazin\/wp-content\/uploads\/2022\/05\/fatboy-lamzac.jpg\" alt=\"\" class=\"wp-image-15365\" title=\"\" srcset=\"https:\/\/raum-blick.de\/magazin\/wp-content\/uploads\/2022\/05\/fatboy-lamzac.jpg 700w, https:\/\/raum-blick.de\/magazin\/wp-content\/uploads\/2022\/05\/fatboy-lamzac-300x300.jpg 300w, https:\/\/raum-blick.de\/magazin\/wp-content\/uploads\/2022\/05\/fatboy-lamzac-150x150.jpg 150w\" sizes=\"(max-width: 700px) 100vw, 700px\" \/><figcaption class=\"wp-element-caption\">Fatboy Lamzac \u2013 wo auch immer Sie sind, mit diesem mobilen Luftsofa k\u00f6nnen Sie es sich <br>\u00fcberall bequem machen und das in Sekundenschnelle. Wir lieben die Freiheit!<\/figcaption><\/figure>\n\n\n\n<h2 class=\"wp-block-heading\"><span class=\"ez-toc-section\" id=\"Spot_an_%E2%80%93_fuer_die_schoensten_Draussen-Akku-Leuchten\"><\/span><strong>Spot an \u2013 f\u00fcr die sch\u00f6nsten Drau\u00dfen-Akku-Leuchten<\/strong><span class=\"ez-toc-section-end\"><\/span><\/h2>\n\n\n\n<p>Gl\u00fchw\u00fcrmchen sind rar geworden. Aber daf\u00fcr gibt es zwischenzeitlich eine Vielzahl wundersch\u00f6ner, kleiner, leichter <a href=\"https:\/\/www.raum-blick.de\/fatboy-lampe\/\">Akku-Outdoor-Leuchten<\/a>, die uns mit ihrem Licht \u00fcberallhin begleiten. An regnerischen Sommertagen gerne auch nach drinnen. Zum H\u00e4ngen, f\u00fcr den Tisch oder auch als Bodenleuchte.&nbsp;<\/p>\n\n\n\n<p>Drei davon m\u00f6chten wir hier besonders ins Rampenlicht r\u00fccken:<\/p>\n\n\n\n<p><strong>1. Fermob Balad H25<\/strong><\/p>\n\n\n\n<p>Eine der ersten \u201enomadischen\u201c LED-Leuchten. Ihr farbiger Aluminiumgriff erinnert an einen Kopfh\u00f6rer und bringt die drahtlose Lampe wohin Sie wollen. Wie ein Cham\u00e4leon passt sich die Balad von Fermob mit ihren vier verschiedenen Lichtszenarien ihrer Umgebung an. Von kaltwei\u00df bis Kerzenschimmer, 14 Stunden lang. Und mit dem optionalen Einsteckfu\u00df l\u00e4sst sie sich auch ganz schnell in eine Outdoor-Stehleuchte verwandeln.&nbsp;<\/p>\n\n\n\n<figure class=\"wp-block-image aligncenter size-full is-resized\"><img loading=\"lazy\" decoding=\"async\" src=\"https:\/\/www.raum-blick.de\/magazin\/wp-content\/uploads\/2020\/06\/fermob-balad-leuchtengestell-senkrechter-fuss-gerade.jpg\" alt=\"fermob-balad-h25-lampe\" class=\"wp-image-10599\" width=\"700\" height=\"700\" title=\"\" srcset=\"https:\/\/raum-blick.de\/magazin\/wp-content\/uploads\/2020\/06\/fermob-balad-leuchtengestell-senkrechter-fuss-gerade.jpg 600w, https:\/\/raum-blick.de\/magazin\/wp-content\/uploads\/2020\/06\/fermob-balad-leuchtengestell-senkrechter-fuss-gerade-300x300.jpg 300w, https:\/\/raum-blick.de\/magazin\/wp-content\/uploads\/2020\/06\/fermob-balad-leuchtengestell-senkrechter-fuss-gerade-150x150.jpg 150w\" sizes=\"(max-width: 700px) 100vw, 700px\" \/><figcaption class=\"wp-element-caption\">Fermob Balad H25 \u2013 mobil, leicht, praktisch, dekorativ und zerlegbar. Diese trendige LED-Lampe ist immer f\u00fcr eine \u00dcberraschung gut und \u00fcberzeugt mit au\u00dfergew\u00f6hnlicher Funktionalit\u00e4t.<\/figcaption><\/figure>\n\n\n\n<p><strong>2. Fatboy Bolleke<\/strong><\/p>\n\n\n\n<p>Ein USB-Anschluss, drei Einstellungen und eine Gummischlaufe, die wie ein \u00fcberdimensioniertes Haargummi aussieht \u2013&nbsp;dieses kugelrunde, wasserdichte Leuchten-Vergn\u00fcgen von Fatboy erhellt jeden Sommerabend und f\u00fchlt sich an einem Baum genauso wohl wie an einer Schnur oder dem Sonnenschirm. Bolleke gibt es in vielen bunten Farben und, wenn Sie m\u00f6gen, auch gleich im Duo-Pack.<\/p>\n\n\n\n<figure class=\"wp-block-image aligncenter size-full\"><img loading=\"lazy\" decoding=\"async\" width=\"700\" height=\"700\" src=\"https:\/\/www.raum-blick.de\/magazin\/wp-content\/uploads\/2022\/05\/fatboy-bolleke.jpg\" alt=\"\" class=\"wp-image-15352\" title=\"\" srcset=\"https:\/\/raum-blick.de\/magazin\/wp-content\/uploads\/2022\/05\/fatboy-bolleke.jpg 700w, https:\/\/raum-blick.de\/magazin\/wp-content\/uploads\/2022\/05\/fatboy-bolleke-300x300.jpg 300w, https:\/\/raum-blick.de\/magazin\/wp-content\/uploads\/2022\/05\/fatboy-bolleke-150x150.jpg 150w\" sizes=\"(max-width: 700px) 100vw, 700px\" \/><figcaption class=\"wp-element-caption\">Fatboy Bolleke \u2013 diese aufladbare Kugel sorgt drau\u00dfen und drinnen f\u00fcr Stimmung. <br>Ohne Steckdose, Verl\u00e4ngerungskabel und 24 Stunden lang.&nbsp;<\/figcaption><\/figure>\n\n\n\n<p><strong>3. blomus MITURO<\/strong><\/p>\n\n\n\n<p>Mit ihrem filigranen Aluminium-Korpus und der dunkelget\u00f6nten Glasr\u00f6hre, kreiert diese Outdoor-Leuchte von blomus ein atmosph\u00e4risches Rundumlicht. Ein faszinierender, portabler Stimmungsmacher, dessen Helligkeit sich \u00fcber einen Ber\u00fchrungsknopf auf der Oberseite bequem einstellen l\u00e4sst. Aufladen k\u00f6nnen Sie die blomus MITURO nat\u00fcrlich auch ganz einfach: mit einem funktionalen USB-Magnetanschluss.<\/p>\n\n\n\n<figure class=\"wp-block-image aligncenter size-full is-resized\"><img loading=\"lazy\" decoding=\"async\" src=\"https:\/\/www.raum-blick.de\/magazin\/wp-content\/uploads\/2023\/08\/mituro-laterne-blomus_90331.jpg\" alt=\"blomus-mituro-laterne\" class=\"wp-image-18253\" width=\"700\" height=\"700\" title=\"\" srcset=\"https:\/\/raum-blick.de\/magazin\/wp-content\/uploads\/2023\/08\/mituro-laterne-blomus_90331.jpg 1000w, https:\/\/raum-blick.de\/magazin\/wp-content\/uploads\/2023\/08\/mituro-laterne-blomus_90331-300x300.jpg 300w, https:\/\/raum-blick.de\/magazin\/wp-content\/uploads\/2023\/08\/mituro-laterne-blomus_90331-150x150.jpg 150w, https:\/\/raum-blick.de\/magazin\/wp-content\/uploads\/2023\/08\/mituro-laterne-blomus_90331-768x768.jpg 768w\" sizes=\"(max-width: 700px) 100vw, 700px\" \/><figcaption class=\"wp-element-caption\">blomus MITURO \u2013&nbsp;diese LED-Laterne zeigt Ihnen den Weg. Und ist dabei so unaufdringlich stylish, dass es eine wahre Freude ist, zu sehen, was es bedeutet, wenn sich \u00c4sthetik und Funktionalit\u00e4t vereinen. Danke Peter Lienhart f\u00fcr dieses wundervolle Designst\u00fcck created in Stuttgart!&nbsp; &nbsp;<br><\/figcaption><\/figure>\n\n\n\n<h2 class=\"wp-block-heading\"><span class=\"ez-toc-section\" id=\"Kleine_feine_Extras_%E2%80%93_die_machen_Ihr_Gartenglueck_perfekt\"><\/span><strong>Kleine, feine Extras \u2013 die machen Ihr Gartengl\u00fcck perfekt<\/strong><span class=\"ez-toc-section-end\"><\/span><\/h2>\n\n\n\n<p>Was w\u00e4re das gro\u00dfe Ganze ohne die vielen schmucken Kleinigkeiten, die es erst so richtig in Szene setzen und f\u00fcr diese ganz besonderen Wow-Momente sorgen?! Dazu geh\u00f6ren neben stimmungsvollen <a href=\"https:\/\/www.raum-blick.de\/outdoor-leuchten\/\">Outdoor-Leuchten<\/a> auch praktische Serviertabletts wie zum Beispiel die formsch\u00f6nen Notre Monde-Modelle von <a href=\"https:\/\/www.raum-blick.de\/ethnicraft\/\">Ethnicraft <\/a>aus einem Glas-Holz-Mix, bunte Trinkgl\u00e4ser oder Retro-Geschirr. Denn das Auge isst mit und Sommersnacks und Erfrischungsgetr\u00e4nke schmecken so gleich noch viel besser.&nbsp;<\/p>\n\n\n\n<h3 class=\"wp-block-heading\"><span class=\"ez-toc-section\" id=\"Schoen_serviert\"><\/span>Sch\u00f6n serviert<span class=\"ez-toc-section-end\"><\/span><\/h3>\n\n\n\n<figure class=\"wp-block-image aligncenter size-large is-resized\"><img loading=\"lazy\" decoding=\"async\" src=\"https:\/\/www.raum-blick.de\/magazin\/wp-content\/uploads\/2023\/08\/ethnicraft-organict-tray-glass-rund-l_861311c6nWZgl17cKS-1024x1024.jpg\" alt=\"ethnicraft-notre-monde-tablett\" class=\"wp-image-18255\" width=\"700\" height=\"700\" title=\"\" srcset=\"https:\/\/raum-blick.de\/magazin\/wp-content\/uploads\/2023\/08\/ethnicraft-organict-tray-glass-rund-l_861311c6nWZgl17cKS-1024x1024.jpg 1024w, https:\/\/raum-blick.de\/magazin\/wp-content\/uploads\/2023\/08\/ethnicraft-organict-tray-glass-rund-l_861311c6nWZgl17cKS-300x300.jpg 300w, https:\/\/raum-blick.de\/magazin\/wp-content\/uploads\/2023\/08\/ethnicraft-organict-tray-glass-rund-l_861311c6nWZgl17cKS-150x150.jpg 150w, https:\/\/raum-blick.de\/magazin\/wp-content\/uploads\/2023\/08\/ethnicraft-organict-tray-glass-rund-l_861311c6nWZgl17cKS-768x768.jpg 768w, https:\/\/raum-blick.de\/magazin\/wp-content\/uploads\/2023\/08\/ethnicraft-organict-tray-glass-rund-l_861311c6nWZgl17cKS.jpg 1200w\" sizes=\"(max-width: 700px) 100vw, 700px\" \/><figcaption class=\"wp-element-caption\">Ethnicraft Notre Monde \u2013 nicht irgendein Tablett, sondern eines, das gut durchdacht ist, damit Sie lange Ihre Freude daran haben. Mit einem Rand aus hochwertigem Holz und unterschiedlichsten B\u00f6den, die immer an die Natur erinnern. Hier ist jedes St\u00fcck ein kleines Kunstwerk.<\/figcaption><\/figure>\n\n\n\n<h3 class=\"wp-block-heading\"><span class=\"ez-toc-section\" id=\"Perfekter_Sonnenschutz\"><\/span>Perfekter Sonnenschutz<span class=\"ez-toc-section-end\"><\/span><\/h3>\n\n\n\n<p>Ein St\u00fcck fehlt uns jetzt noch in unserer Gartensammlung. Eines, das sich auf Terrasse und Balkon gleicherma\u00dfen heimisch f\u00fchlt und das uns mit seinem Schatten die n\u00f6tige K\u00fchle in der aufgeheizten Luft schenkt. Sie wissen sicher schon, von wem hier die Rede ist. Nat\u00fcrlich: der <a href=\"https:\/\/www.raum-blick.de\/jan-kurtz-hawaii-sonnenschirm\">Sonnenschirm<\/a>. Und der pr\u00e4sentiert sich in mindestens so vielen Varianten wie die die Rosen in unseren G\u00e4rten. Doch es gibt tats\u00e4chlich einen, der immer auf unserer Top Ten-Liste rangiert: den Fransenschirm. Warum? Weil er wunderbar italienisches Sixties-Flair verbreitet und uns bei seinem Anblick sofort ein nostalgisches Strand-Feeling \u00fcberkommt. Was gut ist, bleibt eben. F\u00fcr immer.&nbsp;<\/p>\n\n\n\n<figure class=\"wp-block-image size-full\"><img loading=\"lazy\" decoding=\"async\" width=\"800\" height=\"800\" src=\"https:\/\/www.raum-blick.de\/magazin\/wp-content\/uploads\/2022\/07\/jan-kurtz-hawaii-sonnenschirm.jpg\" alt=\"jan-kurtz-hawaii-sonnenschirm\" class=\"wp-image-13937\" title=\"\" srcset=\"https:\/\/raum-blick.de\/magazin\/wp-content\/uploads\/2022\/07\/jan-kurtz-hawaii-sonnenschirm.jpg 800w, https:\/\/raum-blick.de\/magazin\/wp-content\/uploads\/2022\/07\/jan-kurtz-hawaii-sonnenschirm-300x300.jpg 300w, https:\/\/raum-blick.de\/magazin\/wp-content\/uploads\/2022\/07\/jan-kurtz-hawaii-sonnenschirm-150x150.jpg 150w, https:\/\/raum-blick.de\/magazin\/wp-content\/uploads\/2022\/07\/jan-kurtz-hawaii-sonnenschirm-768x768.jpg 768w\" sizes=\"(max-width: 800px) 100vw, 800px\" \/><figcaption class=\"wp-element-caption\">Jan Kurtz Fransenschirm \u2013 fr\u00f6hliche Fransen in bunten Farben. Und sofort sind wir in Urlaubsstimmung und <br>denken an Cocktails am Strand und traumhaft sch\u00f6ne Inseln.<br><\/figcaption><\/figure>\n\n\n\n<p>Klicken Sie rein und entdecken Sie hier bei uns jetzt Ihr liebstes Sommer-Sonne-Outdoor-St\u00fcck! Es d\u00fcrfen nat\u00fcrlich auch gerne zwei, oder drei sein \u2026<\/p>\n","protected":false},"excerpt":{"rendered":"<p>\u00ab Alles, was Garten und Balkon jetzt noch sch\u00f6ner macht \u00bb Der Sommer ist da und der Garten unser zweites Wohnzimmer. Bei uns finden Sie alles, was Sie f\u00fcrs heimelige Drau\u00dfen-Wohn-Gl\u00fcck brauchen. Luftig-leicht, in hellen Naturt\u00f6nen, mit klaren Linien, Retro-Vibes und maritimem Flair. Von stylishen Loungem\u00f6beln \u00fcber praktische Gartenhelfer bis zu kuscheligen Textilien. Und nat\u00fcrlich [&hellip;]<\/p>\n","protected":false},"author":4,"featured_media":15325,"comment_status":"closed","ping_status":"open","sticky":false,"template":"","format":"standard","meta":{"_et_pb_use_builder":"","_et_pb_old_content":"","_et_gb_content_width":"","inline_featured_image":false,"footnotes":""},"categories":[6],"tags":[1735,2028,1154,2129,40,206,621,33,597,1451,1051,1880,43,1886,1072,57,762,1192,867,97,1074,94],"class_list":["post-18248","post","type-post","status-publish","format-standard","has-post-thumbnail","hentry","category-draussen","tag-akku-leuchte","tag-akkulaternen","tag-aussenbeleuchtung","tag-beleuchtung-terrasse","tag-fatboy","tag-ferm-living","tag-fermob","tag-garten","tag-gartenbeleuchtung","tag-gartensitzsack","tag-jan-kurtz","tag-led-leuchten","tag-leuchten","tag-leuchten-mit-akkus","tag-liegen","tag-outdoor","tag-sitzsack","tag-sonnenliegen","tag-sonnenschirm","tag-sonnenschutz","tag-strandstuhl","tag-terrasse"],"_links":{"self":[{"href":"https:\/\/raum-blick.de\/magazin\/wp-json\/wp\/v2\/posts\/18248","targetHints":{"allow":["GET"]}}],"collection":[{"href":"https:\/\/raum-blick.de\/magazin\/wp-json\/wp\/v2\/posts"}],"about":[{"href":"https:\/\/raum-blick.de\/magazin\/wp-json\/wp\/v2\/types\/post"}],"author":[{"embeddable":true,"href":"https:\/\/raum-blick.de\/magazin\/wp-json\/wp\/v2\/users\/4"}],"replies":[{"embeddable":true,"href":"https:\/\/raum-blick.de\/magazin\/wp-json\/wp\/v2\/comments?post=18248"}],"version-history":[{"count":9,"href":"https:\/\/raum-blick.de\/magazin\/wp-json\/wp\/v2\/posts\/18248\/revisions"}],"predecessor-version":[{"id":18263,"href":"https:\/\/raum-blick.de\/magazin\/wp-json\/wp\/v2\/posts\/18248\/revisions\/18263"}],"wp:featuredmedia":[{"embeddable":true,"href":"https:\/\/raum-blick.de\/magazin\/wp-json\/wp\/v2\/media\/15325"}],"wp:attachment":[{"href":"https:\/\/raum-blick.de\/magazin\/wp-json\/wp\/v2\/media?parent=18248"}],"wp:term":[{"taxonomy":"category","embeddable":true,"href":"https:\/\/raum-blick.de\/magazin\/wp-json\/wp\/v2\/categories?post=18248"},{"taxonomy":"post_tag","embeddable":true,"href":"https:\/\/raum-blick.de\/magazin\/wp-json\/wp\/v2\/tags?post=18248"}],"curies":[{"name":"wp","href":"https:\/\/api.w.org\/{rel}","templated":true}]}}