{"id":18173,"date":"2023-07-05T13:48:22","date_gmt":"2023-07-05T11:48:22","guid":{"rendered":"https:\/\/www.raum-blick.de\/magazin\/?p=18173"},"modified":"2023-07-06T10:38:56","modified_gmt":"2023-07-06T08:38:56","slug":"gartenparty-das-highlight-im-sommer","status":"publish","type":"post","link":"https:\/\/raum-blick.de\/magazin\/gartenparty-das-highlight-im-sommer\/","title":{"rendered":"Gartenparty \u2013 das Highlight im Sommer"},"content":{"rendered":"\r\n<h2><span class=\"ez-toc-section\" id=\"%C2%AB_%E2%80%A6wer_feiert_da_nicht_gerne_mit_%C2%BB\"><\/span><strong>\u00ab &#8230;..<\/strong>wer feiert da nicht gerne mit? <strong>\u00bb<\/strong><span class=\"ez-toc-section-end\"><\/span><\/h2>\r\n\r\n\r\n\r\n<p>Schritt f\u00fcr Schritt k\u00e4mpft sich der Sommer zu uns durch und h\u00e4lt die meisten Menschen kaum mehr drinnen. Sobald die Sonne durch die Wolken spitzt, sind sie zum Arbeiten, zum Lesen und zum Essen drau\u00dfen an einem windgesch\u00fctzten Pl\u00e4tzchen. Die warmen Sonnenstrahlen machen einfach alles sch\u00f6ner und leichter. Und was liegt n\u00e4her, als diese ganze positive Stimmung mit einer kleinen Gartenparty zu feiern?\u00a0<\/p>\r\n\r\n\r\n\r\n<h2 class=\"wp-block-heading\"><span class=\"ez-toc-section\" id=\"Die_Gartenparty_%E2%80%93_tafeln_wie_die_Profis\"><\/span><strong>Die Gartenparty \u2013 tafeln wie die Profis<\/strong>\u00a0<span class=\"ez-toc-section-end\"><\/span><\/h2>\r\n\r\n\r\n\r\n<p>Eines ist sicher: Die G\u00e4ste werden staunen, wenn sie auf die Terrasse oder den Balkon mit einer perfekt gedeckten Tafel gef\u00fchrt werden.<\/p><div id=\"ez-toc-container\" class=\"ez-toc-v2_0_82_2 counter-hierarchy ez-toc-counter ez-toc-grey ez-toc-container-direction\">\n<div class=\"ez-toc-title-container\">\n<p class=\"ez-toc-title\" style=\"cursor:inherit\">Was hier auf Sie wartet<\/p>\n<span class=\"ez-toc-title-toggle\"><a href=\"#\" class=\"ez-toc-pull-right ez-toc-btn ez-toc-btn-xs ez-toc-btn-default ez-toc-toggle\" aria-label=\"Toggle Table of Content\"><span class=\"ez-toc-js-icon-con\"><span class=\"\"><span class=\"eztoc-hide\" style=\"display:none;\">Toggle<\/span><span class=\"ez-toc-icon-toggle-span\"><svg style=\"fill: #999;color:#999\" xmlns=\"http:\/\/www.w3.org\/2000\/svg\" class=\"list-377408\" width=\"20px\" height=\"20px\" viewBox=\"0 0 24 24\" fill=\"none\"><path d=\"M6 6H4v2h2V6zm14 0H8v2h12V6zM4 11h2v2H4v-2zm16 0H8v2h12v-2zM4 16h2v2H4v-2zm16 0H8v2h12v-2z\" fill=\"currentColor\"><\/path><\/svg><svg style=\"fill: #999;color:#999\" class=\"arrow-unsorted-368013\" xmlns=\"http:\/\/www.w3.org\/2000\/svg\" width=\"10px\" height=\"10px\" viewBox=\"0 0 24 24\" version=\"1.2\" baseProfile=\"tiny\"><path d=\"M18.2 9.3l-6.2-6.3-6.2 6.3c-.2.2-.3.4-.3.7s.1.5.3.7c.2.2.4.3.7.3h11c.3 0 .5-.1.7-.3.2-.2.3-.5.3-.7s-.1-.5-.3-.7zM5.8 14.7l6.2 6.3 6.2-6.3c.2-.2.3-.5.3-.7s-.1-.5-.3-.7c-.2-.2-.4-.3-.7-.3h-11c-.3 0-.5.1-.7.3-.2.2-.3.5-.3.7s.1.5.3.7z\"\/><\/svg><\/span><\/span><\/span><\/a><\/span><\/div>\n<nav><ul class='ez-toc-list ez-toc-list-level-1 ' ><li class='ez-toc-page-1 ez-toc-heading-level-2'><a class=\"ez-toc-link ez-toc-heading-1\" href=\"https:\/\/raum-blick.de\/magazin\/gartenparty-das-highlight-im-sommer\/#%C2%AB_%E2%80%A6wer_feiert_da_nicht_gerne_mit_%C2%BB\" >\u00ab &#8230;..wer feiert da nicht gerne mit? \u00bb<\/a><\/li><li class='ez-toc-page-1 ez-toc-heading-level-2'><a class=\"ez-toc-link ez-toc-heading-2\" href=\"https:\/\/raum-blick.de\/magazin\/gartenparty-das-highlight-im-sommer\/#Die_Gartenparty_%E2%80%93_tafeln_wie_die_Profis\" >Die Gartenparty \u2013 tafeln wie die Profis\u00a0<\/a><\/li><li class='ez-toc-page-1 ez-toc-heading-level-2'><a class=\"ez-toc-link ez-toc-heading-3\" href=\"https:\/\/raum-blick.de\/magazin\/gartenparty-das-highlight-im-sommer\/#Der_perfekt_gedeckte_Tisch_fuer_die_Gartenparty_%E2%80%93_das_Besteck\" >Der perfekt gedeckte Tisch f\u00fcr die Gartenparty \u2013 das Besteck<\/a><\/li><li class='ez-toc-page-1 ez-toc-heading-level-2'><a class=\"ez-toc-link ez-toc-heading-4\" href=\"https:\/\/raum-blick.de\/magazin\/gartenparty-das-highlight-im-sommer\/#Die_Glaeser_fuer_das_Fest\" >Die Gl\u00e4ser f\u00fcr das Fest<\/a><\/li><li class='ez-toc-page-1 ez-toc-heading-level-2'><a class=\"ez-toc-link ez-toc-heading-5\" href=\"https:\/\/raum-blick.de\/magazin\/gartenparty-das-highlight-im-sommer\/#Die_Beleuchtung_fuer_das_Gartenfest\" >Die Beleuchtung f\u00fcr das Gartenfest<\/a><\/li><\/ul><\/nav><\/div>\n\r\n\r\n\r\n\r\n<figure class=\"wp-block-image size-full\"><img loading=\"lazy\" decoding=\"async\" width=\"781\" height=\"521\" class=\"wp-image-18174\" src=\"https:\/\/www.raum-blick.de\/magazin\/wp-content\/uploads\/2023\/07\/Bilder-fuer-Magazintexte-16.png\" alt=\"\" title=\"\" srcset=\"https:\/\/raum-blick.de\/magazin\/wp-content\/uploads\/2023\/07\/Bilder-fuer-Magazintexte-16.png 781w, https:\/\/raum-blick.de\/magazin\/wp-content\/uploads\/2023\/07\/Bilder-fuer-Magazintexte-16-300x200.png 300w, https:\/\/raum-blick.de\/magazin\/wp-content\/uploads\/2023\/07\/Bilder-fuer-Magazintexte-16-768x512.png 768w\" sizes=\"(max-width: 781px) 100vw, 781px\" \/>\r\n<figcaption class=\"wp-element-caption\">Gartenparty \u2013 So eine wundersch\u00f6ne Tafel verzaubert die G\u00e4ste!<\/figcaption>\r\n<\/figure>\r\n\r\n\r\n\r\n<p>Hier spielen nat\u00fcrlich die ausgew\u00e4hlten Farben und Designs eine gro\u00dfe Rolle, doch auch das Decken des Tisches will gelernt sein. Lesen Sie hier in aller K\u00fcrze die wichtigsten Punkte, die man dabei beachten sollte:<\/p>\r\n\r\n\r\n\r\n<p>Zun\u00e4chst ganz klar: <strong>Das Men\u00fc und die Speisenfolge bestimmen die Anordnung des Bestecks und des Gedecks.<\/strong> Bei der Grillparty ist es da schon einfacher, denn meist werden pro Person nur ein Besteck und ein Teller ben\u00f6tigt. Wer sich ein fulminantes Sommer-Menu ausgedacht hat, bekommt automatisch die Chance auf einen aufw\u00e4ndig gedeckten Tisch. Dabei sind die Teller der zentrale Punkt an jedem Platz.<\/p>\r\n\r\n\r\n\r\n<p>Denn das ganze Gedeck passt sich der Anordnung der Teller an.<\/p>\r\n\r\n\r\n\r\n<p>Beginnend mit dem Platzteller finden Men\u00fc-, Vorspeisen- und Suppenteller aufeinander ihren Platz. Einzig der Brotteller findet seinen Platz links neben dem Besteck.\u00a0<\/p>\r\n\r\n\r\n\r\n<h2 class=\"wp-block-heading\"><span class=\"ez-toc-section\" id=\"Der_perfekt_gedeckte_Tisch_fuer_die_Gartenparty_%E2%80%93_das_Besteck\"><\/span>Der perfekt gedeckte Tisch f\u00fcr die Gartenparty \u2013 das Besteck<span class=\"ez-toc-section-end\"><\/span><\/h2>\r\n\r\n\r\n\r\n<p>Wer ein Highlight f\u00fcr die Gartenparty-Tafel in punkto <a href=\"https:\/\/www.raum-blick.de\/besteck\/\">Besteck<\/a> setzen m\u00f6chte, der kann, wie auf dem Bild ersichtlich, Gabeln, Messer und L\u00f6ffel in eine Art Etui stecken. <strong>Selbstgebastelte Besteck-T\u00e4schchen<\/strong> sind besonders h\u00fcbsch und faszinieren durch eine besonders pers\u00f6nliche Note.<\/p>\r\n\r\n\r\n\r\n<figure class=\"wp-block-image size-full\"><img loading=\"lazy\" decoding=\"async\" width=\"781\" height=\"521\" class=\"wp-image-18177\" src=\"https:\/\/www.raum-blick.de\/magazin\/wp-content\/uploads\/2023\/07\/Bilder-fuer-Magazintexte-17-1.png\" alt=\"\" title=\"\" srcset=\"https:\/\/raum-blick.de\/magazin\/wp-content\/uploads\/2023\/07\/Bilder-fuer-Magazintexte-17-1.png 781w, https:\/\/raum-blick.de\/magazin\/wp-content\/uploads\/2023\/07\/Bilder-fuer-Magazintexte-17-1-300x200.png 300w, https:\/\/raum-blick.de\/magazin\/wp-content\/uploads\/2023\/07\/Bilder-fuer-Magazintexte-17-1-768x512.png 768w\" sizes=\"(max-width: 781px) 100vw, 781px\" \/>\r\n<figcaption class=\"wp-element-caption\">Das Besteck f\u00fcr die perfekte Gartenparty \u2013 h\u00fcbsch verpackt!<\/figcaption>\r\n<\/figure>\r\n\r\n\r\n\r\n<p><strong>Die klassische Variante der Besteck-Formation ist folgende:<\/strong> Die Gabeln liegen links, die Messer und L\u00f6ffel rechts vom Teller. Messer und L\u00f6ffel werden nebeneinander parallel auf einer H\u00f6he gelegt. Das Dessertbesteck liegt quer oberhalb des Tellers. Dabei liegt die Gabel mit dem Griff nach links direkt \u00fcber dem Teller, der L\u00f6ffel mit dem Griff nach rechts \u00fcber der Gabel. Wird K\u00e4se als Dessert gereicht, liegt direkt \u00fcber dem Teller das Dessertmesser mit dem Griff nach rechts dar\u00fcber die Gabel mit dem Griff nach links.<\/p>\r\n\r\n\r\n\r\n<h2 class=\"wp-block-heading\"><span class=\"ez-toc-section\" id=\"Die_Glaeser_fuer_das_Fest\"><\/span>Die Gl\u00e4ser f\u00fcr das Fest<span class=\"ez-toc-section-end\"><\/span><\/h2>\r\n\r\n\r\n\r\n<p>Die Gl\u00e4ser finden ihren Platz oberhalb des Men\u00fcmessers, also auf der rechten Seite. Dabei lassen sich die Gl\u00e4ser beginnend von unten, mit einem Wasserglas, dann einem Wei\u00dfweinglas und anschlie\u00dfend einem Rotweinglas aufstellen.\u00a0<\/p>\r\n\r\n\r\n\r\n<figure class=\"wp-block-image size-full\"><img loading=\"lazy\" decoding=\"async\" width=\"781\" height=\"521\" class=\"wp-image-18178\" src=\"https:\/\/www.raum-blick.de\/magazin\/wp-content\/uploads\/2023\/07\/Bilder-fuer-Magazintexte-18.png\" alt=\"\" title=\"\" srcset=\"https:\/\/raum-blick.de\/magazin\/wp-content\/uploads\/2023\/07\/Bilder-fuer-Magazintexte-18.png 781w, https:\/\/raum-blick.de\/magazin\/wp-content\/uploads\/2023\/07\/Bilder-fuer-Magazintexte-18-300x200.png 300w, https:\/\/raum-blick.de\/magazin\/wp-content\/uploads\/2023\/07\/Bilder-fuer-Magazintexte-18-768x512.png 768w\" sizes=\"(max-width: 781px) 100vw, 781px\" \/>\r\n<figcaption class=\"wp-element-caption\"><strong>Gl\u00e4ser mit Liebe zum Detail<\/strong>\u00a0aufstellen<\/figcaption>\r\n<\/figure>\r\n\r\n\r\n\r\n<p>Was dann auf welchem vorgegebenen Platz steht oder liegt, haben wir in der Hand. Und von verschiedenen edlen Weingl\u00e4sern mit zugeh\u00f6riger Karaffe \u00fcber h\u00fcbschen Tischsets bis hin zu hochwertigem Besteck k\u00f6nnen Sie <strong>hier im RAUM-BLICK-Shop<\/strong> aus dem Vollen sch\u00f6pfen.<\/p>\r\n\r\n\r\n\r\n<h2 class=\"wp-block-heading\"><span class=\"ez-toc-section\" id=\"Die_Beleuchtung_fuer_das_Gartenfest\"><\/span>Die Beleuchtung f\u00fcr das Gartenfest<span class=\"ez-toc-section-end\"><\/span><\/h2>\r\n\r\n\r\n\r\n<p>F\u00fcr die passende Beleuchtung am Tisch gegen Abend k\u00f6nnen Sie dazu schon von Beginn an ganz stilvoll Teelichthalter auf dem Tisch platzieren. Um nicht von der tiefstehenden Abendsonne geblendet zu werden, macht sich neben der Tafel ganz hervorragend ein passender <a href=\"https:\/\/www.raum-blick.de\/sonnenschutz\/\">Sonnenschirm<\/a>, neben dem dann f\u00fcr die sp\u00e4teren Stunden auch schon <a href=\"https:\/\/www.raum-blick.de\/windlichter-laternen\/\">edle Laternen<\/a> aufgestellt werden k\u00f6nnen. Und f\u00fcr alle, die abends gerne am Feuer sitzen, runden <a href=\"https:\/\/www.raum-blick.de\/grill-feuerstelle\/?p=2\">Feuerschalen<\/a> die Gartenparty perfekt ab.\u00a0<\/p>\r\n\r\n\r\n\r\n<figure class=\"wp-block-image size-full\"><img loading=\"lazy\" decoding=\"async\" width=\"781\" height=\"521\" class=\"wp-image-18179\" src=\"https:\/\/www.raum-blick.de\/magazin\/wp-content\/uploads\/2023\/07\/Bilder-fuer-Magazintexte-19.png\" alt=\"\" title=\"\" srcset=\"https:\/\/raum-blick.de\/magazin\/wp-content\/uploads\/2023\/07\/Bilder-fuer-Magazintexte-19.png 781w, https:\/\/raum-blick.de\/magazin\/wp-content\/uploads\/2023\/07\/Bilder-fuer-Magazintexte-19-300x200.png 300w, https:\/\/raum-blick.de\/magazin\/wp-content\/uploads\/2023\/07\/Bilder-fuer-Magazintexte-19-768x512.png 768w\" sizes=\"(max-width: 781px) 100vw, 781px\" \/>\r\n<figcaption class=\"wp-element-caption\">Die Laternen von Cane-Line machen \u00fcberall eine gute Figur!<\/figcaption>\r\n<\/figure>\r\n\r\n\r\n\r\n<p>Mit diesen Tipps sind Sie sicherlich f\u00fcr die kommenden Gartenpartys ger\u00fcstet. Wir w\u00fcnschen allen einen sch\u00f6nen Sommer mit viel guter Laune und Zeit im Freien.\u00a0<\/p>\r\n","protected":false},"excerpt":{"rendered":"<p>\u00ab &#8230;..wer feiert da nicht gerne mit? \u00bb Schritt f\u00fcr Schritt k\u00e4mpft sich der Sommer zu uns durch und h\u00e4lt die meisten Menschen kaum mehr drinnen. Sobald die Sonne durch die Wolken spitzt, sind sie zum Arbeiten, zum Lesen und zum Essen drau\u00dfen an einem windgesch\u00fctzten Pl\u00e4tzchen. Die warmen Sonnenstrahlen machen einfach alles sch\u00f6ner und [&hellip;]<\/p>\n","protected":false},"author":5,"featured_media":18183,"comment_status":"closed","ping_status":"open","sticky":false,"template":"","format":"standard","meta":{"_et_pb_use_builder":"","_et_pb_old_content":"","_et_gb_content_width":"","inline_featured_image":false,"footnotes":""},"categories":[6],"tags":[2123,2122,33,906,618,619,1538,215],"class_list":["post-18173","post","type-post","status-publish","format-standard","has-post-thumbnail","hentry","category-draussen","tag-feier","tag-feiern","tag-garten","tag-gartenfeier","tag-gartenparty","tag-party","tag-tisch-decken","tag-tischdeko"],"_links":{"self":[{"href":"https:\/\/raum-blick.de\/magazin\/wp-json\/wp\/v2\/posts\/18173","targetHints":{"allow":["GET"]}}],"collection":[{"href":"https:\/\/raum-blick.de\/magazin\/wp-json\/wp\/v2\/posts"}],"about":[{"href":"https:\/\/raum-blick.de\/magazin\/wp-json\/wp\/v2\/types\/post"}],"author":[{"embeddable":true,"href":"https:\/\/raum-blick.de\/magazin\/wp-json\/wp\/v2\/users\/5"}],"replies":[{"embeddable":true,"href":"https:\/\/raum-blick.de\/magazin\/wp-json\/wp\/v2\/comments?post=18173"}],"version-history":[{"count":4,"href":"https:\/\/raum-blick.de\/magazin\/wp-json\/wp\/v2\/posts\/18173\/revisions"}],"predecessor-version":[{"id":18184,"href":"https:\/\/raum-blick.de\/magazin\/wp-json\/wp\/v2\/posts\/18173\/revisions\/18184"}],"wp:featuredmedia":[{"embeddable":true,"href":"https:\/\/raum-blick.de\/magazin\/wp-json\/wp\/v2\/media\/18183"}],"wp:attachment":[{"href":"https:\/\/raum-blick.de\/magazin\/wp-json\/wp\/v2\/media?parent=18173"}],"wp:term":[{"taxonomy":"category","embeddable":true,"href":"https:\/\/raum-blick.de\/magazin\/wp-json\/wp\/v2\/categories?post=18173"},{"taxonomy":"post_tag","embeddable":true,"href":"https:\/\/raum-blick.de\/magazin\/wp-json\/wp\/v2\/tags?post=18173"}],"curies":[{"name":"wp","href":"https:\/\/api.w.org\/{rel}","templated":true}]}}