{"id":18164,"date":"2023-07-05T10:28:25","date_gmt":"2023-07-05T08:28:25","guid":{"rendered":"https:\/\/www.raum-blick.de\/magazin\/?p=18164"},"modified":"2023-07-06T09:04:38","modified_gmt":"2023-07-06T07:04:38","slug":"jan-kurtz-die-marke-im-fokus","status":"publish","type":"post","link":"https:\/\/raum-blick.de\/magazin\/jan-kurtz-die-marke-im-fokus\/","title":{"rendered":"Jan Kurtz\u00a0\u2013 die Marke im Fokus"},"content":{"rendered":"\r\n<h2><span class=\"ez-toc-section\" id=\"%C2%AB_Jan_Kurtz_ist_vielen_Menschen_bereits_ein_Begriff_%C2%BB\"><\/span><strong>\u00ab <\/strong>Jan Kurtz ist vielen Menschen bereits ein Begriff <strong>\u00bb<\/strong><span class=\"ez-toc-section-end\"><\/span><\/h2>\r\n<p><span data-contrast=\"auto\">Jan Kurtz. Viele Menschen kennen bereits diesen Hersteller edler M\u00f6bel und Wohnaccessoires. Unz\u00e4hlige St\u00fccke sind in unserem Online-Shop zu finden. <strong>Vom kleinen Regal \u00fcber den Sonnenschirm bis hin zum Hundetrog ist wirklich alles dabei.<\/strong> Sch\u00f6n ist: Die Marke Jan Kurtz und wir sind fast Nachbarn. Nur knapp zehn Kilometer trennen unseren Firmensitz vom zentralen Sitz der Marke. Das muss ja einfach gut harmonieren, oder? <\/span><\/p>\r\n<p><span data-contrast=\"auto\">F\u00fcr unsere Magazin-Leser haben wir f\u00fcr heute mal ein wenig aus unseren Toren hinaus durch die Tore des deutschen Herstellers hineingeschaut. Der Hersteller gibt bekannt: \u201eDesign und Materialien stehen im Focus. Sie dr\u00fccken Charakter und Individualit\u00e4t aus. <strong>Das Design kann man als intelligent und zeitlos bezeichnen.<\/strong> Die ausgesuchten und nat\u00fcrlichen Rohstoffe werden \u00fcberwiegend in Europa produziert und verarbeitet. So entstehen M\u00f6bel f\u00fcr life-style orientierte Menschen und echte Trendsetter, die das Besondere lieben.\u201c Na, dann schauen doch wir mal, was sich dahinter so verbirgt.<\/span><span data-ccp-props=\"{&quot;201341983&quot;:0,&quot;335559739&quot;:160,&quot;335559740&quot;:259}\">\u00a0<\/span><\/p><div id=\"ez-toc-container\" class=\"ez-toc-v2_0_82_2 counter-hierarchy ez-toc-counter ez-toc-grey ez-toc-container-direction\">\n<div class=\"ez-toc-title-container\">\n<p class=\"ez-toc-title\" style=\"cursor:inherit\">Was hier auf Sie wartet<\/p>\n<span class=\"ez-toc-title-toggle\"><a href=\"#\" class=\"ez-toc-pull-right ez-toc-btn ez-toc-btn-xs ez-toc-btn-default ez-toc-toggle\" aria-label=\"Toggle Table of Content\"><span class=\"ez-toc-js-icon-con\"><span class=\"\"><span class=\"eztoc-hide\" style=\"display:none;\">Toggle<\/span><span class=\"ez-toc-icon-toggle-span\"><svg style=\"fill: #999;color:#999\" xmlns=\"http:\/\/www.w3.org\/2000\/svg\" class=\"list-377408\" width=\"20px\" height=\"20px\" viewBox=\"0 0 24 24\" fill=\"none\"><path d=\"M6 6H4v2h2V6zm14 0H8v2h12V6zM4 11h2v2H4v-2zm16 0H8v2h12v-2zM4 16h2v2H4v-2zm16 0H8v2h12v-2z\" fill=\"currentColor\"><\/path><\/svg><svg style=\"fill: #999;color:#999\" class=\"arrow-unsorted-368013\" xmlns=\"http:\/\/www.w3.org\/2000\/svg\" width=\"10px\" height=\"10px\" viewBox=\"0 0 24 24\" version=\"1.2\" baseProfile=\"tiny\"><path d=\"M18.2 9.3l-6.2-6.3-6.2 6.3c-.2.2-.3.4-.3.7s.1.5.3.7c.2.2.4.3.7.3h11c.3 0 .5-.1.7-.3.2-.2.3-.5.3-.7s-.1-.5-.3-.7zM5.8 14.7l6.2 6.3 6.2-6.3c.2-.2.3-.5.3-.7s-.1-.5-.3-.7c-.2-.2-.4-.3-.7-.3h-11c-.3 0-.5.1-.7.3-.2.2-.3.5-.3.7s.1.5.3.7z\"\/><\/svg><\/span><\/span><\/span><\/a><\/span><\/div>\n<nav><ul class='ez-toc-list ez-toc-list-level-1 ' ><li class='ez-toc-page-1 ez-toc-heading-level-2'><a class=\"ez-toc-link ez-toc-heading-1\" href=\"https:\/\/raum-blick.de\/magazin\/jan-kurtz-die-marke-im-fokus\/#%C2%AB_Jan_Kurtz_ist_vielen_Menschen_bereits_ein_Begriff_%C2%BB\" >\u00ab Jan Kurtz ist vielen Menschen bereits ein Begriff \u00bb<\/a><\/li><li class='ez-toc-page-1 ez-toc-heading-level-2'><a class=\"ez-toc-link ez-toc-heading-2\" href=\"https:\/\/raum-blick.de\/magazin\/jan-kurtz-die-marke-im-fokus\/#Hochwertige_Materialien_und_spezielle_Formensprache\" >Hochwertige Materialien und spezielle Formensprache<\/a><\/li><li class='ez-toc-page-1 ez-toc-heading-level-2'><a class=\"ez-toc-link ez-toc-heading-3\" href=\"https:\/\/raum-blick.de\/magazin\/jan-kurtz-die-marke-im-fokus\/#Jan_Kurtz_und_die_Umwelt\" >Jan Kurtz und die Umwelt<\/a><\/li><li class='ez-toc-page-1 ez-toc-heading-level-2'><a class=\"ez-toc-link ez-toc-heading-4\" href=\"https:\/\/raum-blick.de\/magazin\/jan-kurtz-die-marke-im-fokus\/#Jan_Kurtz_ist_in_verschiedenen_Bereichen_stark\" >Jan Kurtz ist in verschiedenen Bereichen stark<\/a><\/li><li class='ez-toc-page-1 ez-toc-heading-level-2'><a class=\"ez-toc-link ez-toc-heading-5\" href=\"https:\/\/raum-blick.de\/magazin\/jan-kurtz-die-marke-im-fokus\/#Die_Evergreens_und_Newcomer_auf_einen_Blick\" >Die Evergreens und Newcomer auf einen Blick\u00a0<\/a><\/li><li class='ez-toc-page-1 ez-toc-heading-level-2'><a class=\"ez-toc-link ez-toc-heading-6\" href=\"https:\/\/raum-blick.de\/magazin\/jan-kurtz-die-marke-im-fokus\/#Und_noch_mehr_von_Jan_Kurtz\" >Und noch mehr von Jan Kurtz<\/a><\/li><\/ul><\/nav><\/div>\n\r\n\r\n\r\n\r\n<h2 class=\"wp-block-heading\"><span class=\"ez-toc-section\" id=\"Hochwertige_Materialien_und_spezielle_Formensprache\"><\/span>Hochwertige Materialien und spezielle Formensprache<span class=\"ez-toc-section-end\"><\/span><\/h2>\r\n\r\n\r\n\r\n<p>Diese beiden Aspekte stehen bei der Entstehung der Designs stets an erster Stelle. Das erkennt man schon bei per se eher unspektakul\u00e4ren Einrichtungsgegenst\u00e4nden wie beispielsweise einem <strong>simplen Handtuchst\u00e4nder<\/strong>. Selbst dieser wird bei Jan Kurtz zum Highlight f\u00fcr das Badezimmer. So stehen die M\u00f6bel und Accessoires zwar vordergr\u00fcndig schon daf\u00fcr, den Alltag reibungsloser zu gestalten. Doch im Grunde ist jedes St\u00fcck auch eine wunderbare Versch\u00f6nerung des eigenen Zuhauses \u2013 und das schon seit fast 20 Jahren.<\/p>\r\n\r\n\r\n\r\n<figure class=\"wp-block-image size-full\"><img loading=\"lazy\" decoding=\"async\" width=\"781\" height=\"521\" class=\"wp-image-18165\" src=\"https:\/\/www.raum-blick.de\/magazin\/wp-content\/uploads\/2023\/07\/Bilder-fuer-Magazintexte-13.png\" alt=\"\" title=\"\" srcset=\"https:\/\/raum-blick.de\/magazin\/wp-content\/uploads\/2023\/07\/Bilder-fuer-Magazintexte-13.png 781w, https:\/\/raum-blick.de\/magazin\/wp-content\/uploads\/2023\/07\/Bilder-fuer-Magazintexte-13-300x200.png 300w, https:\/\/raum-blick.de\/magazin\/wp-content\/uploads\/2023\/07\/Bilder-fuer-Magazintexte-13-768x512.png 768w\" sizes=\"(max-width: 781px) 100vw, 781px\" \/>\r\n<figcaption class=\"wp-element-caption\">Die hochwertige Tivoli Bank von Jan Kurtz ist ein echter Eyecatcher.<\/figcaption>\r\n<\/figure>\r\n\r\n\r\n\r\n<h2 class=\"wp-block-heading\"><span class=\"ez-toc-section\" id=\"Jan_Kurtz_und_die_Umwelt\"><\/span>Jan Kurtz und die Umwelt<span class=\"ez-toc-section-end\"><\/span><\/h2>\r\n\r\n\r\n\r\n<p>Dabei steht auch hier die Umwelt ganz oben. \u201e<strong>Die Sensibilit\u00e4t f\u00fcr die Umwelt beginnt bei Design und Materialauswahl.<\/strong>\u201c Auch dieser Satz ist im Onlineshop der Firma zu finden. Denn sie ber\u00fccksichtigt den Rohstoffverbrauch sowie den Erhalt der Ressourcen. \u201eDurch die Verwendung \u00f6kologischer und umweltfreundlicher nachhaltiger Materialien entsteht eine echte Nachhaltigkeit durch Wiederverwendung und Wiederverwertung unserer Produkte.<\/p>\r\n\r\n\r\n\r\n<figure class=\"wp-block-image size-full\"><img loading=\"lazy\" decoding=\"async\" width=\"781\" height=\"521\" class=\"wp-image-18166\" src=\"https:\/\/www.raum-blick.de\/magazin\/wp-content\/uploads\/2023\/07\/Bilder-fuer-Magazintexte-14.png\" alt=\"\" title=\"\" srcset=\"https:\/\/raum-blick.de\/magazin\/wp-content\/uploads\/2023\/07\/Bilder-fuer-Magazintexte-14.png 781w, https:\/\/raum-blick.de\/magazin\/wp-content\/uploads\/2023\/07\/Bilder-fuer-Magazintexte-14-300x200.png 300w, https:\/\/raum-blick.de\/magazin\/wp-content\/uploads\/2023\/07\/Bilder-fuer-Magazintexte-14-768x512.png 768w\" sizes=\"(max-width: 781px) 100vw, 781px\" \/>\r\n<figcaption class=\"wp-element-caption\">Die Produkte von Jan Kurtz &#8211; umweltnah<\/figcaption>\r\n<\/figure>\r\n\r\n\r\n\r\n<p>Jan Kurtz ist nach dem <strong>anerkannten FSC-Standard und PEFC-Standard zertifiziert<\/strong> verbindliche und nachhaltige Waldwirtschaft.\u201c Auch im Projekt \u201etrees4trees\u201c engagiert sich die Marke. Dabei geht es darum, lokale Gemeinschaften \u00fcber Aufforstungspartneraktionen und damit zusammenh\u00e4ngende Bildungsprogramme zu f\u00f6rdern. Ja, und so entstehen dann wahre Klassiker, die wir dann zu unserer gro\u00dfen Freude auch in unserem Onlineshop anbieten k\u00f6nnen.\u00a0<\/p>\r\n\r\n\r\n\r\n<h2 class=\"wp-block-heading\"><span class=\"ez-toc-section\" id=\"Jan_Kurtz_ist_in_verschiedenen_Bereichen_stark\"><\/span>Jan Kurtz ist in verschiedenen Bereichen stark<span class=\"ez-toc-section-end\"><\/span><\/h2>\r\n\r\n\r\n\r\n<p>Ob eine sch\u00f6ne Bank f\u00fcr <a href=\"https:\/\/www.raum-blick.de\/outdoor\/?p=1&amp;o=2&amp;n=12&amp;s=179\">Outdoor<\/a>, tolle <a href=\"https:\/\/www.raum-blick.de\/stuehle-hocker\/?p=1&amp;o=2&amp;n=12&amp;s=179\">St\u00fchle<\/a> f\u00fcr den Innenbereich oder Accessoires wie die bekannten Handtuchleitern von Jan Kurtz \u2013 der Hersteller ist f\u00fcr seine Vielseitigkeit bekannt. Die Produkte <strong>verbreiten \u00fcberall eine gute Stimmung und sorgen f\u00fcr ein elegantes Erscheinungsbild<\/strong> rundum die Terrasse oder in den unterschiedlichsten Wohnr\u00e4umen. Wenn man den positiven Aspekt des Umweltschutzes in die Kauf\u00fcberlegung noch mit einbezieht, hat man ein richtig gutes Gef\u00fchl, die Produkte von Jan Kurtz zu shoppen. Denn hier steht nicht nur die Optik an erster Stelle, sondern auch die Nachhaltigkeit.<\/p>\r\n\r\n\r\n\r\n<h2 class=\"wp-block-heading\"><span class=\"ez-toc-section\" id=\"Die_Evergreens_und_Newcomer_auf_einen_Blick\"><\/span>Die Evergreens und Newcomer auf einen Blick\u00a0<span class=\"ez-toc-section-end\"><\/span><\/h2>\r\n\r\n\r\n\r\n<p>Ja, zugegeben, in unserem Onlineshop gibt es mittlerweile so viele tolle Designs, nicht jeder wird sofort wissen, was aus dem Hause Jan Kurtz kommt. Daher auf einen Blick ein paar Highlights:<\/p>\r\n\r\n\r\n\r\n<p>Beginnen wir mit etwas, das jeder gebrauchen kann, ob im Badezimmer, in der <a href=\"https:\/\/www.raum-blick.de\/garderoben\/?p=1&amp;o=2&amp;n=12&amp;s=179\">Garderobe<\/a> oder im Schlafzimmer: <strong>die Loop Handtuchleiter<\/strong>. Und das ist einfach die perfekte Alternative zum Klamottenstuhl, dem Badewannenrand oder einfach dem Fu\u00dfboden. Bleiben wir doch noch kurz bei den Bekleidungstextilien, denn nirgendwo sind diese nach dem Waschen stilsicherer aufgeh\u00e4ngt als auf dem W\u00e4schest\u00e4nder Vivo.\u00a0<\/p>\r\n\r\n\r\n\r\n<h2 class=\"wp-block-heading\"><span class=\"ez-toc-section\" id=\"Und_noch_mehr_von_Jan_Kurtz\"><\/span>Und noch mehr von Jan Kurtz<span class=\"ez-toc-section-end\"><\/span><\/h2>\r\n\r\n\r\n\r\n<p>Doch nicht nur f\u00fcr die Hausarbeit, auch f\u00fcr das Vergn\u00fcgen hat die edle Marke so Einiges im Programm: Passend zum Fr\u00fchling\/Sommer beispielsweise den Hawaii-Sonnenschirm, die Gideon Faltmatratze, die noch immer seinesgleichen sucht, oder die Korfu Sonnenliege. \u00a0<\/p>\r\n<p><strong>Und all diese Highlights sind wirklich nur die Spitze des sprichw\u00f6rtlichen Eisbergs.\u00a0<\/strong><\/p>\r\n\r\n\r\n\r\n<p>Bestimmt sind noch so viele Fragen offen \u2013 aber die beantworten sich sicher sp\u00e4testens mit einem Besuch in unserem Onlineshop. Unter <a href=\"https:\/\/www.raum-blick.de\/jan-kurtz\/\" target=\"_blank\" rel=\"noreferrer noopener\">https:\/\/www.raum-blick.de\/jan-kurtz\/<\/a> finden sich s\u00e4mtliche Produkte mit noch viel mehr Informationen. Viel Vergn\u00fcgen beim St\u00f6bern!<\/p>\r\n","protected":false},"excerpt":{"rendered":"<p>\u00ab Jan Kurtz ist vielen Menschen bereits ein Begriff \u00bb Jan Kurtz. Viele Menschen kennen bereits diesen Hersteller edler M\u00f6bel und Wohnaccessoires. Unz\u00e4hlige St\u00fccke sind in unserem Online-Shop zu finden. Vom kleinen Regal \u00fcber den Sonnenschirm bis hin zum Hundetrog ist wirklich alles dabei. Sch\u00f6n ist: Die Marke Jan Kurtz und wir sind fast Nachbarn. [&hellip;]<\/p>\n","protected":false},"author":5,"featured_media":18169,"comment_status":"closed","ping_status":"open","sticky":false,"template":"","format":"standard","meta":{"_et_pb_use_builder":"","_et_pb_old_content":"","_et_gb_content_width":"","inline_featured_image":false,"footnotes":""},"categories":[6,1],"tags":[157,2110,33,2125,1051,2124,726,58,64,2112],"class_list":["post-18164","post","type-post","status-publish","format-standard","has-post-thumbnail","hentry","category-draussen","category-drinnen","tag-baenke","tag-designermoebel","tag-garten","tag-gartendesign","tag-jan-kurtz","tag-markenmoebel","tag-moebel","tag-sitzmoebel","tag-stuehle","tag-wohndesign"],"_links":{"self":[{"href":"https:\/\/raum-blick.de\/magazin\/wp-json\/wp\/v2\/posts\/18164","targetHints":{"allow":["GET"]}}],"collection":[{"href":"https:\/\/raum-blick.de\/magazin\/wp-json\/wp\/v2\/posts"}],"about":[{"href":"https:\/\/raum-blick.de\/magazin\/wp-json\/wp\/v2\/types\/post"}],"author":[{"embeddable":true,"href":"https:\/\/raum-blick.de\/magazin\/wp-json\/wp\/v2\/users\/5"}],"replies":[{"embeddable":true,"href":"https:\/\/raum-blick.de\/magazin\/wp-json\/wp\/v2\/comments?post=18164"}],"version-history":[{"count":5,"href":"https:\/\/raum-blick.de\/magazin\/wp-json\/wp\/v2\/posts\/18164\/revisions"}],"predecessor-version":[{"id":18187,"href":"https:\/\/raum-blick.de\/magazin\/wp-json\/wp\/v2\/posts\/18164\/revisions\/18187"}],"wp:featuredmedia":[{"embeddable":true,"href":"https:\/\/raum-blick.de\/magazin\/wp-json\/wp\/v2\/media\/18169"}],"wp:attachment":[{"href":"https:\/\/raum-blick.de\/magazin\/wp-json\/wp\/v2\/media?parent=18164"}],"wp:term":[{"taxonomy":"category","embeddable":true,"href":"https:\/\/raum-blick.de\/magazin\/wp-json\/wp\/v2\/categories?post=18164"},{"taxonomy":"post_tag","embeddable":true,"href":"https:\/\/raum-blick.de\/magazin\/wp-json\/wp\/v2\/tags?post=18164"}],"curies":[{"name":"wp","href":"https:\/\/api.w.org\/{rel}","templated":true}]}}