{"id":18098,"date":"2023-06-05T12:00:03","date_gmt":"2023-06-05T10:00:03","guid":{"rendered":"https:\/\/www.raum-blick.de\/magazin\/?p=18098"},"modified":"2023-06-14T11:46:45","modified_gmt":"2023-06-14T09:46:45","slug":"audo-copenhagen-by-lassen-menu","status":"publish","type":"post","link":"https:\/\/raum-blick.de\/magazin\/audo-copenhagen-by-lassen-menu\/","title":{"rendered":"Audo Copenhagen \u2013 by Lassen &#8211; menu"},"content":{"rendered":"\r\n<h2><span class=\"ez-toc-section\" id=\"%C2%AB_Im_Juni_2023_Zusammenschluss_von_menu_und_by_Lassen_zu_Audo_%C2%BB\"><\/span><strong>\u00ab Im Juni 2023: Zusammenschluss von menu und by Lassen zu Audo<\/strong>\u00a0<strong>\u00bb<\/strong><span class=\"ez-toc-section-end\"><\/span><\/h2>\r\n<p><a href=\"https:\/\/www.raum-blick.de\/audo\/\">Audo Copenhagen<\/a> ist aus der Vereinigung von menu und by Lassen entstanden und spiegelt sowohl ein Jahrhundert d\u00e4nischer Designtradition als auch eine moderne, globale Perspektive wider, die sich st\u00e4ndig erweitert und weiterentwickelt.\u00a0<\/p>\r\n\r\n\r\n\r\n<p>Die M\u00f6bel, Leuchten und Einrichtungsaccessoires von Audo Copenhagen sind von zweckm\u00e4\u00dfigen Details, hochwertigen Materialien und menschlichen Bed\u00fcrfnissen gepr\u00e4gt und gehen Hand in Hand mit dem Bestreben, starke, dauerhafte Verbindungen und Partnerschaften zu schaffen.<\/p><div id=\"ez-toc-container\" class=\"ez-toc-v2_0_82_2 counter-hierarchy ez-toc-counter ez-toc-grey ez-toc-container-direction\">\n<div class=\"ez-toc-title-container\">\n<p class=\"ez-toc-title\" style=\"cursor:inherit\">Was hier auf Sie wartet<\/p>\n<span class=\"ez-toc-title-toggle\"><a href=\"#\" class=\"ez-toc-pull-right ez-toc-btn ez-toc-btn-xs ez-toc-btn-default ez-toc-toggle\" aria-label=\"Toggle Table of Content\"><span class=\"ez-toc-js-icon-con\"><span class=\"\"><span class=\"eztoc-hide\" style=\"display:none;\">Toggle<\/span><span class=\"ez-toc-icon-toggle-span\"><svg style=\"fill: #999;color:#999\" xmlns=\"http:\/\/www.w3.org\/2000\/svg\" class=\"list-377408\" width=\"20px\" height=\"20px\" viewBox=\"0 0 24 24\" fill=\"none\"><path d=\"M6 6H4v2h2V6zm14 0H8v2h12V6zM4 11h2v2H4v-2zm16 0H8v2h12v-2zM4 16h2v2H4v-2zm16 0H8v2h12v-2z\" fill=\"currentColor\"><\/path><\/svg><svg style=\"fill: #999;color:#999\" class=\"arrow-unsorted-368013\" xmlns=\"http:\/\/www.w3.org\/2000\/svg\" width=\"10px\" height=\"10px\" viewBox=\"0 0 24 24\" version=\"1.2\" baseProfile=\"tiny\"><path d=\"M18.2 9.3l-6.2-6.3-6.2 6.3c-.2.2-.3.4-.3.7s.1.5.3.7c.2.2.4.3.7.3h11c.3 0 .5-.1.7-.3.2-.2.3-.5.3-.7s-.1-.5-.3-.7zM5.8 14.7l6.2 6.3 6.2-6.3c.2-.2.3-.5.3-.7s-.1-.5-.3-.7c-.2-.2-.4-.3-.7-.3h-11c-.3 0-.5.1-.7.3-.2.2-.3.5-.3.7s.1.5.3.7z\"\/><\/svg><\/span><\/span><\/span><\/a><\/span><\/div>\n<nav><ul class='ez-toc-list ez-toc-list-level-1 ' ><li class='ez-toc-page-1 ez-toc-heading-level-2'><a class=\"ez-toc-link ez-toc-heading-1\" href=\"https:\/\/raum-blick.de\/magazin\/audo-copenhagen-by-lassen-menu\/#%C2%AB_Im_Juni_2023_Zusammenschluss_von_menu_und_by_Lassen_zu_Audo_%C2%BB\" >\u00ab Im Juni 2023: Zusammenschluss von menu und by Lassen zu Audo\u00a0\u00bb<\/a><\/li><li class='ez-toc-page-1 ez-toc-heading-level-2'><a class=\"ez-toc-link ez-toc-heading-2\" href=\"https:\/\/raum-blick.de\/magazin\/audo-copenhagen-by-lassen-menu\/#Audo_%E2%80%93_ein_Blickfang\" >Audo \u2013 ein Blickfang<\/a><\/li><li class='ez-toc-page-1 ez-toc-heading-level-2'><a class=\"ez-toc-link ez-toc-heading-3\" href=\"https:\/\/raum-blick.de\/magazin\/audo-copenhagen-by-lassen-menu\/#Audo_setzt_mit_der_Frame_Serie_starke_Akzente\" >Audo setzt mit der Frame Serie starke Akzente<\/a><\/li><li class='ez-toc-page-1 ez-toc-heading-level-2'><a class=\"ez-toc-link ez-toc-heading-4\" href=\"https:\/\/raum-blick.de\/magazin\/audo-copenhagen-by-lassen-menu\/#Audo_Kubus_%E2%80%93_immer_wieder_ein_Highlight\" >Audo Kubus \u2013 immer wieder ein Highlight<\/a><\/li><li class='ez-toc-page-1 ez-toc-heading-level-2'><a class=\"ez-toc-link ez-toc-heading-5\" href=\"https:\/\/raum-blick.de\/magazin\/audo-copenhagen-by-lassen-menu\/#Audo_bringt_Lebensfreude_in_Ihre_vier_Waende\" >Audo bringt Lebensfreude in Ihre vier W\u00e4nde<\/a><\/li><li class='ez-toc-page-1 ez-toc-heading-level-2'><a class=\"ez-toc-link ez-toc-heading-6\" href=\"https:\/\/raum-blick.de\/magazin\/audo-copenhagen-by-lassen-menu\/#Das_Wohnambiente_lebendig_gestalten\" >Das Wohnambiente lebendig gestalten<\/a><\/li><li class='ez-toc-page-1 ez-toc-heading-level-2'><a class=\"ez-toc-link ez-toc-heading-7\" href=\"https:\/\/raum-blick.de\/magazin\/audo-copenhagen-by-lassen-menu\/#Die_wunderschoenen_Kreationen_von_Audo_lassen_keine_Wuensche_offen\" >Die wundersch\u00f6nen Kreationen von Audo lassen keine W\u00fcnsche offen<\/a><\/li><li class='ez-toc-page-1 ez-toc-heading-level-2'><a class=\"ez-toc-link ez-toc-heading-8\" href=\"https:\/\/raum-blick.de\/magazin\/audo-copenhagen-by-lassen-menu\/#Auch_im_Garten_immer_wieder_Audo\" >Auch im Garten immer wieder Audo<\/a><\/li><li class='ez-toc-page-1 ez-toc-heading-level-2'><a class=\"ez-toc-link ez-toc-heading-9\" href=\"https:\/\/raum-blick.de\/magazin\/audo-copenhagen-by-lassen-menu\/#Nachhaltigkeit_bei_Audo\" >Nachhaltigkeit bei Audo<\/a><\/li><\/ul><\/nav><\/div>\n\r\n\r\n\r\n\r\n<p>Die Entw\u00fcrfe von Audo Copenhagen verbinden <strong>Tradition und zeitgen\u00f6ssisches Design<\/strong>. Audo hat d\u00e4nische Wurzeln und globale Ambitionen. Die Produkte bereichern Menschen auf der ganzen Welt und gelten als Katalysatoren f\u00fcr Kreativit\u00e4t und gemeinschaftliche Innovation.<\/p>\r\n<h2><span class=\"ez-toc-section\" id=\"Audo_%E2%80%93_ein_Blickfang\"><\/span>Audo \u2013 ein Blickfang<span class=\"ez-toc-section-end\"><\/span><\/h2>\r\n<p>\r\n\r\n<\/p>\r\n<p>Audo verzaubert immer wieder mit skandinavischen Details und Gem\u00fctlichkeit. Ein wundersch\u00f6nes, skandinavisches Design mit futuristischen und romantisch angehauchten Elementen \u2013 die d\u00e4nische Marke Audo stellt neben <strong>gro\u00dfer Qualit\u00e4t die ungew\u00f6hnliche \u00c4sthetik<\/strong> ihrer eleganten\u00a0<a href=\"https:\/\/www.raum-blick.de\/audo-moebel\/\"><strong>M\u00f6belst\u00fccke<\/strong><\/a> in den Vordergrund. Durch herrliche kontrastreiche Farben schaffen beispielsweise\u00a0<a href=\"https:\/\/www.raum-blick.de\/audo-kerzenhalter\/\"><strong>Kerzenhalter<\/strong><\/a> dieser stylischen Marke eine einladende und behagliche Atmosph\u00e4re in Ihrem Haus oder Ihrer Wohnung. Setzen Sie mit den Accessoires der Kubus Linie ansprechende Akzente in Ihrer Einrichtung oder statten Sie Ihre Wohnung mit einem praktischen Beistelltisch oder Servierwagen aus. Diese und weitere Stilelemente entdecken Sie in unserem Onlineshop. Erg\u00e4nzend dazu erhalten Sie bei uns auch stilvolles Tischgedeck wie die faszinierenden Gl\u00e4ser, Bestecke, Tischdeko oder verschiedene Dekantier Karaffen.<\/p>\r\n<div id=\"attachment_18100\" style=\"width: 791px\" class=\"wp-caption alignnone\"><img loading=\"lazy\" decoding=\"async\" aria-describedby=\"caption-attachment-18100\" class=\"wp-image-18100\" src=\"https:\/\/www.raum-blick.de\/magazin\/wp-content\/uploads\/2023\/06\/Bilder-fuer-Magazintexte.png\" alt=\"AUDO Weinkelch\" width=\"781\" height=\"521\" title=\"\" srcset=\"https:\/\/raum-blick.de\/magazin\/wp-content\/uploads\/2023\/06\/Bilder-fuer-Magazintexte.png 781w, https:\/\/raum-blick.de\/magazin\/wp-content\/uploads\/2023\/06\/Bilder-fuer-Magazintexte-300x200.png 300w, https:\/\/raum-blick.de\/magazin\/wp-content\/uploads\/2023\/06\/Bilder-fuer-Magazintexte-768x512.png 768w\" sizes=\"(max-width: 781px) 100vw, 781px\" \/><p id=\"caption-attachment-18100\" class=\"wp-caption-text\">Diese Weindekantierkaraffe bringt so manchen Weinkenner zum Staunen!<\/p><\/div>\r\n<h2><span class=\"ez-toc-section\" id=\"Audo_setzt_mit_der_Frame_Serie_starke_Akzente\"><\/span><strong>Audo setzt mit der Frame Serie starke Akzente<\/strong><span class=\"ez-toc-section-end\"><\/span><\/h2>\r\n\r\n\r\n\r\n<p>Lassen Sie sich verzaubern von verschiedenen, wundersch\u00f6nen Produkten und Artikeln, die Sie \u00fcberall wunderbar einsetzen k\u00f6nnen. Ob im Wohn- oder Essbereich, im Schlafzimmer oder im Wintergarten \u2013 f\u00fcr jeden Wohnbereich finden Sie die passenden Deko-Begleiter.<\/p>\r\n\r\n\r\n\r\n<figure class=\"wp-block-image size-full\"><img loading=\"lazy\" decoding=\"async\" class=\"alignnone wp-image-18099\" src=\"https:\/\/www.raum-blick.de\/magazin\/wp-content\/uploads\/2023\/06\/Bilder-fuer-Magazintexte-1.png\" alt=\"AUDO Frame\" width=\"781\" height=\"521\" title=\"\" srcset=\"https:\/\/raum-blick.de\/magazin\/wp-content\/uploads\/2023\/06\/Bilder-fuer-Magazintexte-1.png 781w, https:\/\/raum-blick.de\/magazin\/wp-content\/uploads\/2023\/06\/Bilder-fuer-Magazintexte-1-300x200.png 300w, https:\/\/raum-blick.de\/magazin\/wp-content\/uploads\/2023\/06\/Bilder-fuer-Magazintexte-1-768x512.png 768w\" sizes=\"(max-width: 781px) 100vw, 781px\" \/>\r\n<figcaption class=\"wp-element-caption\">Die Frame Serie wirkt besonders stilvoll<\/figcaption>\r\n<\/figure>\r\n\r\n\r\n\r\n<p>Besonders bekannt ist beispielsweise die <a href=\"https:\/\/www.raum-blick.de\/audo-frame\/\">Frame Serie<\/a>. Mit ihrem <strong>markanten Rahmen<\/strong> schafft sie ein ganz besonderes Flair bei jeglichen Produkten. Ob Frame Schuhschrank, Frame Spiegel oder Frame Regalsystem, Audo versteht es, diese Alltagsbegleiter richtig in Szene zu setzen. Verschiedene Konfigurationsm\u00f6glichkeiten, beispielsweise beim Regalsystem, lassen viel Spielraum f\u00fcr ein innovatives Gestalten.<\/p>\r\n\r\n\r\n\r\n<h2 class=\"wp-block-heading\"><span class=\"ez-toc-section\" id=\"Audo_Kubus_%E2%80%93_immer_wieder_ein_Highlight\"><\/span>Audo Kubus \u2013 immer wieder ein Highlight<span class=\"ez-toc-section-end\"><\/span><\/h2>\r\n\r\n\r\n\r\n<p>Freunde der <strong>stimmungsvollen Beleuchtung<\/strong> kommen mit der <a href=\"https:\/\/www.raum-blick.de\/audo-kubus\/\">Kubus Kollektion<\/a> voll auf ihre Kosten. Das w\u00fcrfelartige Design wird in verschiedenen Modellen f\u00fcr Kerzen- und Teelichthalter eingesetzt. Aber auch Vasen, Wandhalterungen und Bowls geh\u00f6ren zu der Kubus Serie, die durch ihre schlichte Eleganz besticht.<\/p>\r\n\r\n\r\n\r\n\r\n\r\n\r\n\r\n\r\n\r\n<p>Exklusive Designs, die nicht nur eine gem\u00fctliche Atmosph\u00e4re verbreiten, sondern auch den <strong>aktuellen Trends<\/strong> gerecht werden, z\u00e4hlen zu den Steckenpferden des Sortiments von Audo. Hochwertige Designs greifen die typischen, klaren Elemente skandinavischen Designs auf und schaffen ein stimmiges Gesamtbild in Ihrem Hause. Gleichzeitig steht die Funktionalit\u00e4t immer im Fokus. Kreieren Sie Ihren <strong>individuellen Einrichtungsstil<\/strong> und profitieren Sie von den au\u00dfergew\u00f6hnlichen Produkten mit d\u00e4nischem Flair.<\/p>\r\n\r\n\r\n\r\n<h2 class=\"wp-block-heading\"><span class=\"ez-toc-section\" id=\"Audo_bringt_Lebensfreude_in_Ihre_vier_Waende\"><\/span>Audo bringt Lebensfreude in Ihre vier W\u00e4nde<span class=\"ez-toc-section-end\"><\/span><\/h2>\r\n\r\n\r\n\r\n<p>Vom Regal \u00fcber formsch\u00f6ne Vasen bis zum rechteckigen Wandhaken: In diesem Sortiment finden Sie verschiedene M\u00f6belst\u00fccke und Accessoires f\u00fcr <strong>gehobenen, skandinavischen Lifestyle<\/strong>. Dabei wirken die M\u00f6bel unaufdringlich und f\u00fcgen sich in das ausstattungstechnische Gesamtbild harmonisch ein. Die nordische <strong>Ruhe und Gem\u00fctlichkeit<\/strong> wird durch attraktive Farben und kreative Formen erreicht. Diese sind dabei zeitlos und modern zugleich und harmonieren dabei bis ins kleinste Detail miteinander.<\/p>\r\n\r\n\r\n\r\n<figure class=\"wp-block-image size-full\"><img loading=\"lazy\" decoding=\"async\" class=\"alignnone wp-image-18101\" src=\"https:\/\/www.raum-blick.de\/magazin\/wp-content\/uploads\/2023\/06\/preview-19.jpg\" alt=\"AUDO Essplatz\" width=\"764\" height=\"586\" title=\"\" srcset=\"https:\/\/raum-blick.de\/magazin\/wp-content\/uploads\/2023\/06\/preview-19.jpg 600w, https:\/\/raum-blick.de\/magazin\/wp-content\/uploads\/2023\/06\/preview-19-300x230.jpg 300w\" sizes=\"(max-width: 764px) 100vw, 764px\" \/>\r\n<figcaption class=\"wp-element-caption\">Lebensfreude immer und \u00fcberall \u2013 auch in der K\u00fcche!<\/figcaption>\r\n<\/figure>\r\n\r\n\r\n\r\n<h2 class=\"wp-block-heading\"><span class=\"ez-toc-section\" id=\"Das_Wohnambiente_lebendig_gestalten\"><\/span>Das Wohnambiente lebendig gestalten<span class=\"ez-toc-section-end\"><\/span><\/h2>\r\n\r\n\r\n\r\n<p>Viele entscheiden sich f\u00fcr eine einheitliche Kompletteinrichtung im skandinavischen Stil. Allerdings k\u00f6nnen Sie auch mit einem einzigen Objekt von Audo Ihren Einrichtungsstil unterstreichen und <strong>gezielte Akzente<\/strong> setzen. Diese werden beispielsweise mit Matchboxen oder Dekorationsobjekten aus der bekannten Kubus Kollektion erreicht, die oben bereits erw\u00e4hnt wurde. Weitere Hauptakteure des Herstellers sind auch praktische <a href=\"https:\/\/www.raum-blick.de\/audo-kueche\/\"><strong>K\u00fcchenutensilien<\/strong><\/a>, die in keinem Haushalt fehlen sollten. Selbstverst\u00e4ndlich finden Sie bei uns viele weitere sch\u00f6ne St\u00fccke aus dem hohen Norden. In jeder Wohnung gut zur Geltung kommen etwa die <a href=\"https:\/\/www.raum-blick.de\/audo-vase\/\"><strong>Audo Vasen<\/strong><\/a>.<\/p>\r\n\r\n\r\n\r\n<h2 class=\"wp-block-heading\"><span class=\"ez-toc-section\" id=\"Die_wunderschoenen_Kreationen_von_Audo_lassen_keine_Wuensche_offen\"><\/span>Die wundersch\u00f6nen Kreationen von Audo lassen keine W\u00fcnsche offen<span class=\"ez-toc-section-end\"><\/span><\/h2>\r\n\r\n\r\n\r\n<p>Die Marke steht f\u00fcr Qualit\u00e4t, Funktionalit\u00e4t und ein skandinavisches Design, das jeden Einrichtungsstil mit sch\u00f6nen Details aufwertet. Lassen Sie sich von <a href=\"https:\/\/www.raum-blick.de\/audo-leuchte\/\"><strong>Audo Leuchten<\/strong><\/a>\u00a0und weiteren exklusiven St\u00fccken begeistern und entdecken Sie, wie <strong>Funktionalit\u00e4t und Design ideal in Einklang<\/strong> gebracht werden. Unterstreichen Sie Ihren individuellen Geschmack mit stilvollen Einrichtungselementen des Labels, das Ihren R\u00e4umen einen Hauch von D\u00e4nemark verleiht und dabei trotzdem immer Ihren pers\u00f6nlichen Vorlieben gerecht wird.<\/p>\r\n\r\n\r\n\r\n<figure class=\"wp-block-image size-full\"><img loading=\"lazy\" decoding=\"async\" class=\"wp-image-18102\" src=\"https:\/\/www.raum-blick.de\/magazin\/wp-content\/uploads\/2023\/06\/preview-25.jpg\" alt=\"\" width=\"788\" height=\"591\" title=\"\" srcset=\"https:\/\/raum-blick.de\/magazin\/wp-content\/uploads\/2023\/06\/preview-25.jpg 600w, https:\/\/raum-blick.de\/magazin\/wp-content\/uploads\/2023\/06\/preview-25-300x225.jpg 300w\" sizes=\"(max-width: 788px) 100vw, 788px\" \/>\r\n<figcaption class=\"wp-element-caption\">Dieses Feeling \u2013 man kann es nicht beschreiben!<\/figcaption>\r\n<\/figure>\r\n\r\n\r\n\r\n<h2 class=\"wp-block-heading\"><span class=\"ez-toc-section\" id=\"Auch_im_Garten_immer_wieder_Audo\"><\/span>Auch im Garten immer wieder Audo<span class=\"ez-toc-section-end\"><\/span><\/h2>\r\n\r\n\r\n\r\n<p>Gartenscheren, Pflanzenschneider\u2026auch im Garten sind Sie immer gut versorgt, denn mit AUDO Garten- und Pflanzenscheren gelingt die Gartenpflege kinderleicht. \u00dcberaus hochwertige Materialen sorgen f\u00fcr eine <strong>glatte Schnittkante<\/strong> bei \u00c4sten. Das Abschneiden ungew\u00fcnschter Pflanzenteile funktioniert so schnell und einfach\u2026<\/p>\r\n<h2><span class=\"ez-toc-section\" id=\"Nachhaltigkeit_bei_Audo\"><\/span>Nachhaltigkeit bei Audo<span class=\"ez-toc-section-end\"><\/span><\/h2>\r\n<p>\r\n\r\n<\/p>\r\n<p>Der Leitsatz von Audo &#8222;Wir gestalten f\u00fcr ein sch\u00f6nes Leben&#8220; vermittelt viel <strong>Herzblut und Interesse, Sch\u00f6nes zu schaffen<\/strong>. Das Unternehmen steht f\u00fcr hochwertiges Design, die Marke punktet mit einem unvergleichlichen Portfolio. Audo entwirft f\u00fcr den Planeten, den Menschen und die Kultur. Ihre Pr\u00e4sentationen unterstreichen die Wichtigkeit von Nachhaltigkeit und Umweltschutz. Die Produkte werden so hergestellt, dass sie dem Anspruch von jahrzehntelanger Haltbarkeit gen\u00fcgen. Somit sind Audo Produkte Gegenst\u00e4nde, die der Wegwerf-Gesellschaft widersprechen.<\/p>\r\n","protected":false},"excerpt":{"rendered":"<p>\u00ab Im Juni 2023: Zusammenschluss von menu und by Lassen zu Audo\u00a0\u00bb Audo Copenhagen ist aus der Vereinigung von menu und by Lassen entstanden und spiegelt sowohl ein Jahrhundert d\u00e4nischer Designtradition als auch eine moderne, globale Perspektive wider, die sich st\u00e4ndig erweitert und weiterentwickelt.\u00a0 Die M\u00f6bel, Leuchten und Einrichtungsaccessoires von Audo Copenhagen sind von zweckm\u00e4\u00dfigen [&hellip;]<\/p>\n","protected":false},"author":5,"featured_media":18102,"comment_status":"closed","ping_status":"open","sticky":false,"template":"","format":"standard","meta":{"_et_pb_use_builder":"","_et_pb_old_content":"","_et_gb_content_width":"","inline_featured_image":false,"footnotes":""},"categories":[6,1],"tags":[2109,287,2111,2110,93,726,2112,1811],"class_list":["post-18098","post","type-post","status-publish","format-standard","has-post-thumbnail","hentry","category-draussen","category-drinnen","tag-audo","tag-by-lassen","tag-daenisches-design","tag-designermoebel","tag-menu","tag-moebel","tag-wohndesign","tag-wohndesign-ideen"],"_links":{"self":[{"href":"https:\/\/raum-blick.de\/magazin\/wp-json\/wp\/v2\/posts\/18098","targetHints":{"allow":["GET"]}}],"collection":[{"href":"https:\/\/raum-blick.de\/magazin\/wp-json\/wp\/v2\/posts"}],"about":[{"href":"https:\/\/raum-blick.de\/magazin\/wp-json\/wp\/v2\/types\/post"}],"author":[{"embeddable":true,"href":"https:\/\/raum-blick.de\/magazin\/wp-json\/wp\/v2\/users\/5"}],"replies":[{"embeddable":true,"href":"https:\/\/raum-blick.de\/magazin\/wp-json\/wp\/v2\/comments?post=18098"}],"version-history":[{"count":11,"href":"https:\/\/raum-blick.de\/magazin\/wp-json\/wp\/v2\/posts\/18098\/revisions"}],"predecessor-version":[{"id":18132,"href":"https:\/\/raum-blick.de\/magazin\/wp-json\/wp\/v2\/posts\/18098\/revisions\/18132"}],"wp:featuredmedia":[{"embeddable":true,"href":"https:\/\/raum-blick.de\/magazin\/wp-json\/wp\/v2\/media\/18102"}],"wp:attachment":[{"href":"https:\/\/raum-blick.de\/magazin\/wp-json\/wp\/v2\/media?parent=18098"}],"wp:term":[{"taxonomy":"category","embeddable":true,"href":"https:\/\/raum-blick.de\/magazin\/wp-json\/wp\/v2\/categories?post=18098"},{"taxonomy":"post_tag","embeddable":true,"href":"https:\/\/raum-blick.de\/magazin\/wp-json\/wp\/v2\/tags?post=18098"}],"curies":[{"name":"wp","href":"https:\/\/api.w.org\/{rel}","templated":true}]}}