{"id":18060,"date":"2023-05-03T13:28:07","date_gmt":"2023-05-03T11:28:07","guid":{"rendered":"https:\/\/www.raum-blick.de\/magazin\/?p=18060"},"modified":"2024-08-30T12:04:44","modified_gmt":"2024-08-30T10:04:44","slug":"outdoorkueche-selber-bauen","status":"publish","type":"post","link":"https:\/\/raum-blick.de\/magazin\/outdoorkueche-selber-bauen\/","title":{"rendered":"Outdoork\u00fcche selber bauen"},"content":{"rendered":"\r\n<h2><span class=\"ez-toc-section\" id=\"%C2%AB_Wie_Sie_Ihre_Gartenkueche_realisieren_koennen_%E2%80%93_Praktische_Ideen_und_Tipps_fuer_Ihren_Kochtraum_%C2%BB\"><\/span><strong>\u00ab Wie Sie Ihre Gartenk\u00fcche realisieren k\u00f6nnen &#8211; Praktische Ideen und Tipps f\u00fcr Ihren Kochtraum<\/strong>\u00a0<strong>\u00bb<\/strong><span class=\"ez-toc-section-end\"><\/span><\/h2>\r\n<p><strong>Eine Outdoork\u00fcche selber zu bauen, ist der Traum vieler Gartenbesitzer. Sie k\u00f6nnen sich diesen verwirklichen!<\/strong><\/p>\r\n\r\n\r\n\r\n<p>Bevor Sie mit der Planung einer Outdoork\u00fcche starten, stellen sich grundlegende Fragen. Lesen Sie hier, was Sie auf jeden Fall beachten sollten.<\/p><div id=\"ez-toc-container\" class=\"ez-toc-v2_0_82_2 counter-hierarchy ez-toc-counter ez-toc-grey ez-toc-container-direction\">\n<div class=\"ez-toc-title-container\">\n<p class=\"ez-toc-title\" style=\"cursor:inherit\">Was hier auf Sie wartet<\/p>\n<span class=\"ez-toc-title-toggle\"><a href=\"#\" class=\"ez-toc-pull-right ez-toc-btn ez-toc-btn-xs ez-toc-btn-default ez-toc-toggle\" aria-label=\"Toggle Table of Content\"><span class=\"ez-toc-js-icon-con\"><span class=\"\"><span class=\"eztoc-hide\" style=\"display:none;\">Toggle<\/span><span class=\"ez-toc-icon-toggle-span\"><svg style=\"fill: #999;color:#999\" xmlns=\"http:\/\/www.w3.org\/2000\/svg\" class=\"list-377408\" width=\"20px\" height=\"20px\" viewBox=\"0 0 24 24\" fill=\"none\"><path d=\"M6 6H4v2h2V6zm14 0H8v2h12V6zM4 11h2v2H4v-2zm16 0H8v2h12v-2zM4 16h2v2H4v-2zm16 0H8v2h12v-2z\" fill=\"currentColor\"><\/path><\/svg><svg style=\"fill: #999;color:#999\" class=\"arrow-unsorted-368013\" xmlns=\"http:\/\/www.w3.org\/2000\/svg\" width=\"10px\" height=\"10px\" viewBox=\"0 0 24 24\" version=\"1.2\" baseProfile=\"tiny\"><path d=\"M18.2 9.3l-6.2-6.3-6.2 6.3c-.2.2-.3.4-.3.7s.1.5.3.7c.2.2.4.3.7.3h11c.3 0 .5-.1.7-.3.2-.2.3-.5.3-.7s-.1-.5-.3-.7zM5.8 14.7l6.2 6.3 6.2-6.3c.2-.2.3-.5.3-.7s-.1-.5-.3-.7c-.2-.2-.4-.3-.7-.3h-11c-.3 0-.5.1-.7.3-.2.2-.3.5-.3.7s.1.5.3.7z\"\/><\/svg><\/span><\/span><\/span><\/a><\/span><\/div>\n<nav><ul class='ez-toc-list ez-toc-list-level-1 ' ><li class='ez-toc-page-1 ez-toc-heading-level-2'><a class=\"ez-toc-link ez-toc-heading-1\" href=\"https:\/\/raum-blick.de\/magazin\/outdoorkueche-selber-bauen\/#%C2%AB_Wie_Sie_Ihre_Gartenkueche_realisieren_koennen_%E2%80%93_Praktische_Ideen_und_Tipps_fuer_Ihren_Kochtraum_%C2%BB\" >\u00ab Wie Sie Ihre Gartenk\u00fcche realisieren k\u00f6nnen &#8211; Praktische Ideen und Tipps f\u00fcr Ihren Kochtraum\u00a0\u00bb<\/a><\/li><li class='ez-toc-page-1 ez-toc-heading-level-2'><a class=\"ez-toc-link ez-toc-heading-2\" href=\"https:\/\/raum-blick.de\/magazin\/outdoorkueche-selber-bauen\/#Outdoor_Kueche_selber_bauen_%E2%80%93_Genehmigung_ja_oder_nein\" >Outdoor K\u00fcche selber bauen \u2013 Genehmigung ja oder nein?<\/a><\/li><li class='ez-toc-page-1 ez-toc-heading-level-2'><a class=\"ez-toc-link ez-toc-heading-3\" href=\"https:\/\/raum-blick.de\/magazin\/outdoorkueche-selber-bauen\/#Wie_viel_kostet_eine_Aussenkueche\" >Wie viel kostet eine Au\u00dfenk\u00fcche?<\/a><\/li><li class='ez-toc-page-1 ez-toc-heading-level-2'><a class=\"ez-toc-link ez-toc-heading-4\" href=\"https:\/\/raum-blick.de\/magazin\/outdoorkueche-selber-bauen\/#Die_Ausstattung_der_Gartenkueche\" >Die Ausstattung der Gartenk\u00fcche<\/a><\/li><li class='ez-toc-page-1 ez-toc-heading-level-2'><a class=\"ez-toc-link ez-toc-heading-5\" href=\"https:\/\/raum-blick.de\/magazin\/outdoorkueche-selber-bauen\/#Kochutensilien_fuer_die_Gartenkueche\" >Kochutensilien f\u00fcr die Gartenk\u00fcche<\/a><\/li><li class='ez-toc-page-1 ez-toc-heading-level-2'><a class=\"ez-toc-link ez-toc-heading-6\" href=\"https:\/\/raum-blick.de\/magazin\/outdoorkueche-selber-bauen\/#Aussenkueche_selbst_bauen_oder_kaufen\" >Au\u00dfenk\u00fcche selbst bauen oder kaufen?<\/a><\/li><li class='ez-toc-page-1 ez-toc-heading-level-2'><a class=\"ez-toc-link ez-toc-heading-7\" href=\"https:\/\/raum-blick.de\/magazin\/outdoorkueche-selber-bauen\/#Wie_eine_Outdoor_Kueche_bauen\" >Wie eine Outdoor K\u00fcche bauen?<\/a><\/li><\/ul><\/nav><\/div>\n\r\n\r\n\r\n\r\n<figure class=\"wp-block-image size-full\"><img loading=\"lazy\" decoding=\"async\" width=\"781\" height=\"521\" class=\"wp-image-18061\" src=\"https:\/\/www.raum-blick.de\/magazin\/wp-content\/uploads\/2023\/04\/Bilder-fuer-Magazintexte-1.png\" alt=\"\" title=\"\" srcset=\"https:\/\/raum-blick.de\/magazin\/wp-content\/uploads\/2023\/04\/Bilder-fuer-Magazintexte-1.png 781w, https:\/\/raum-blick.de\/magazin\/wp-content\/uploads\/2023\/04\/Bilder-fuer-Magazintexte-1-300x200.png 300w, https:\/\/raum-blick.de\/magazin\/wp-content\/uploads\/2023\/04\/Bilder-fuer-Magazintexte-1-768x512.png 768w\" sizes=\"(max-width: 781px) 100vw, 781px\" \/>\r\n<figcaption class=\"wp-element-caption\">Entscheiden Sie sich f\u00fcr robuste Materialien!<\/figcaption>\r\n<\/figure>\r\n\r\n\r\n\r\n<h2 class=\"wp-block-heading\"><span class=\"ez-toc-section\" id=\"Outdoor_Kueche_selber_bauen_%E2%80%93_Genehmigung_ja_oder_nein\"><\/span>Outdoor K\u00fcche selber bauen \u2013 Genehmigung ja oder nein?<span class=\"ez-toc-section-end\"><\/span><\/h2>\r\n\r\n\r\n\r\n<p>Die Outdoork\u00fcche selber zu bauen stellt Sie vor einige Herausforderungen. Wichtig ist zu kl\u00e4ren, ob Sie <strong>eine Genehmigung<\/strong> daf\u00fcr ben\u00f6tigen. Diese Frage l\u00e4sst sich nicht pauschal beantworten. Informieren Sie sich bei Ihrer Stadtverwaltung \u00fcber die \u00f6rtliche Bauordnung. Falls Sie ein gr\u00f6\u00dferes Vorhaben &#8211; beispielsweise auch mit \u00dcberdachung &#8211; umsetzen m\u00f6chten, kann eine Baugenehmigung vonn\u00f6ten sein.<\/p>\r\n\r\n\r\n\r\n<p>Au\u00dferdem ist es wichtig, sich nach den<strong> Feuerst\u00e4ttenbestimmungen<\/strong> zu richten. Auch diese k\u00f6nnen Sie bei der Stadtverwaltung erfragen.<\/p>\r\n\r\n\r\n\r\n<h2 class=\"wp-block-heading\"><span class=\"ez-toc-section\" id=\"Wie_viel_kostet_eine_Aussenkueche\"><\/span>Wie viel kostet eine Au\u00dfenk\u00fcche?<span class=\"ez-toc-section-end\"><\/span><\/h2>\r\n\r\n\r\n\r\n<p>Je nachdem, wie gro\u00df und wie aufw\u00e4ndig gestaltet die Outdoor K\u00fcche werden soll, k\u00f6nnen schnell einmal Kosten von 8.000 bis 10.000 Euro zusammenkommen. Falls die Ausstattung der K\u00fcche nicht aus High-End-Ger\u00e4ten besteht, sollte dies eine Summe sein, an der man sich orientieren kann. Bei sehr hochwertigen K\u00fcchenausstattungen und Gr\u00e4ten, k\u00f6nnen die Kosten aber auch mehr als doppelt so viel betragen. Setzen Sie sich bei der Planung auf jeden Fall <strong>ein angemessenes Budget<\/strong>, das Sie w\u00e4hren der Umsetzung Ihres Kochtraums nicht aus den Augen verlieren sollten. Bedenken Sie, dass alleine schon hochwertige Grills mehrere Tausend Euro kosten k\u00f6nnen.<\/p>\r\n\r\n\r\n\r\n<figure class=\"wp-block-image size-full\"><img loading=\"lazy\" decoding=\"async\" width=\"781\" height=\"521\" class=\"wp-image-18062\" src=\"https:\/\/www.raum-blick.de\/magazin\/wp-content\/uploads\/2023\/04\/Bilder-fuer-Magazintexte-2.png\" alt=\"\" title=\"\" srcset=\"https:\/\/raum-blick.de\/magazin\/wp-content\/uploads\/2023\/04\/Bilder-fuer-Magazintexte-2.png 781w, https:\/\/raum-blick.de\/magazin\/wp-content\/uploads\/2023\/04\/Bilder-fuer-Magazintexte-2-300x200.png 300w, https:\/\/raum-blick.de\/magazin\/wp-content\/uploads\/2023\/04\/Bilder-fuer-Magazintexte-2-768x512.png 768w\" sizes=\"(max-width: 781px) 100vw, 781px\" \/>\r\n<figcaption class=\"wp-element-caption\">Der Gasgrill geh\u00f6rt zu einer Au\u00dfenk\u00fcche einfach dazu!<\/figcaption>\r\n<\/figure>\r\n\r\n\r\n\r\n<h2 class=\"wp-block-heading\"><span class=\"ez-toc-section\" id=\"Die_Ausstattung_der_Gartenkueche\"><\/span>Die Ausstattung der Gartenk\u00fcche<span class=\"ez-toc-section-end\"><\/span><\/h2>\r\n\r\n\r\n\r\n<p>Wenn Sie eine Outdoork\u00fcche selber bauen, ben\u00f6tigen Sie auch einiges an Zubeh\u00f6r, damit die Au\u00dfenk\u00fcche richtig genutzt werden kann.<\/p>\r\n<p>Das sollte in keiner Outdoork\u00fcche fehlen:<\/p>\r\n\r\n\r\n\r\n<p>Ein <strong>Backofen<\/strong> geh\u00f6rt zur Grundausstattung. Mit ihm bereiten Sie leckere Aufl\u00e4ufe zu oder backen Brot. Je nachdem, was Sie am liebsten kochen, kann die Ausstattung variieren. Haben Sie vor, Ihre Liebsten \u00f6fter einmal mit Pizza zu \u00fcberraschen, kann es Sinn machen, sich einen <strong>Pizzaofen<\/strong> einzubauen.<\/p>\r\n\r\n\r\n\r\n<p>Ein \u201eMust have\u201c ist nat\u00fcrlich ein <strong>Gasgrill<\/strong> und auch ein <strong>Kochfeld<\/strong> mit mehreren Gaskochstellen. Alternativ k\u00f6nnen Sie auch ein Induktionsfeld einbauen. Wof\u00fcr man sich entscheidet, bleibt Geschmackssache.<\/p>\r\n\r\n\r\n\r\n<p>Praktisch ist vor allem im Garten, wenn es nicht nur ein Sp\u00fclbecken, sondern sogar zwei <strong>Sp\u00fclbereiche<\/strong> gibt. Zum Waschen und Putzen von Gem\u00fcse kann man somit den einen nutzen, w\u00e4hrend an der anderen Sp\u00fcle Frischwasser zum Kochen geholt, oder dieses Becken auch f\u00fcr die H\u00e4ndehygiene genutzt wird. Bei zwei \u201eWasserstellen\u201c wird auch das gemeinsame Kochen wesentlich erleichtert. Man kommt sich somit viel seltener in die Quere.<\/p>\r\n\r\n\r\n\r\n<p>Denken Sie auch auf jeden Fall an <strong>gro\u00dfe Arbeitsfl\u00e4chen<\/strong>. Nichts ist nerviger, wenn in der K\u00fcche zu wenig Platz zum Ausbreiten des Teigs, Vorbereiten der Speisen oder Abstellen von Geschirr vorhanden ist. Meist ist bei Outdooressen auch ein hoher Geschirrverbrauch zu erwarten. Um den G\u00e4sten auch gen\u00fcgend Stellfl\u00e4che zum Abstellen des verbrauchten Geschirrs zu bieten, sollten solche Bereiche in der Outdoor K\u00fcche ausreichend vorhanden sein.<\/p>\r\n\r\n\r\n\r\n<p>Alternativ k\u00f6nnen hierf\u00fcr auch <a href=\"https:\/\/www.raum-blick.de\/servierwaegen\/?p=1&amp;o=2&amp;n=12&amp;s=145\"><strong>Servierw\u00e4gen<\/strong><\/a> und Outdoor <a href=\"https:\/\/www.raum-blick.de\/beistelltische\/?p=1&amp;o=2&amp;n=12&amp;s=245\">Beistelltische<\/a> angeboten werden.<\/p>\r\n\r\n\r\n\r\n<figure class=\"wp-block-image size-full\"><img loading=\"lazy\" decoding=\"async\" width=\"781\" height=\"521\" class=\"wp-image-18063\" src=\"https:\/\/www.raum-blick.de\/magazin\/wp-content\/uploads\/2023\/04\/Bilder-fuer-Magazintexte-3-1.png\" alt=\"\" title=\"\" srcset=\"https:\/\/raum-blick.de\/magazin\/wp-content\/uploads\/2023\/04\/Bilder-fuer-Magazintexte-3-1.png 781w, https:\/\/raum-blick.de\/magazin\/wp-content\/uploads\/2023\/04\/Bilder-fuer-Magazintexte-3-1-300x200.png 300w, https:\/\/raum-blick.de\/magazin\/wp-content\/uploads\/2023\/04\/Bilder-fuer-Magazintexte-3-1-768x512.png 768w\" sizes=\"(max-width: 781px) 100vw, 781px\" \/>\r\n<figcaption class=\"wp-element-caption\">Beistelltische sind eine wunderbar praktische Ablagefl\u00e4che!<\/figcaption>\r\n<\/figure>\r\n\r\n\r\n\r\n<p>F\u00fcr Kochutensilien, Gew\u00fcrze und Co. sollten Sie sich <strong>gen\u00fcgend Stauraum<\/strong> einplanen. Es ist \u00e4rgerlich, wenn wegen jeder kleinen Zutat extra das Haus betreten werden muss. Eine gewisse Grundausstattung sollte auf jeden Fall vorhanden sein.<\/p>\r\n\r\n\r\n\r\n<h2 class=\"wp-block-heading\"><span class=\"ez-toc-section\" id=\"Kochutensilien_fuer_die_Gartenkueche\"><\/span>Kochutensilien f\u00fcr die Gartenk\u00fcche<span class=\"ez-toc-section-end\"><\/span><\/h2>\r\n\r\n\r\n\r\n<p>Das Zubeh\u00f6r einer Au\u00dfenk\u00fcche sollte dem der K\u00fcche im Haus \u00e4hneln. Der Hersteller <a href=\"https:\/\/www.raum-blick.de\/smeg\/\">SMEG<\/a> hat beispielsweise viele praktische Ger\u00e4te.<\/p>\r\n\r\n\r\n\r\n<p>Hierzu geh\u00f6ren:<\/p>\r\n\r\n\r\n\r\n<ul class=\"wp-block-list\">\r\n<li>Mehrere Kochl\u00f6ffel<\/li>\r\n\r\n\r\n\r\n<li>Messer<\/li>\r\n\r\n\r\n\r\n<li>Schneidebretter<\/li>\r\n\r\n\r\n\r\n<li>Grillzange<\/li>\r\n\r\n\r\n\r\n<li>Reibe<\/li>\r\n\r\n\r\n\r\n<li>T\u00f6pfe und Pfannen<\/li>\r\n\r\n\r\n\r\n\r\n\r\n<li>Ofenhandschuhe<\/li>\r\n\r\n\r\n\r\n<li>Aluschalen<\/li>\r\n\r\n\r\n\r\n<li><a href=\"https:\/\/www.raum-blick.de\/ferm-living-ripple-champagnerschalen-2er-set\">Gl\u00e4ser<\/a><\/li>\r\n\r\n\r\n\r\n<li>M\u00fclleimer<\/li>\r\n\r\n\r\n\r\n<li>Geschirrt\u00fccher<\/li>\r\n\r\n\r\n\r\n<li>Lappen<\/li>\r\n\r\n\r\n\r\n<li>Kochsch\u00fcrze<\/li>\r\n\r\n\r\n\r\n<li>Weink\u00fchler<\/li>\r\n\r\n\r\n\r\n<li>Zeitmesser<\/li>\r\n<\/ul>\r\n\r\n\r\n\r\n<figure class=\"wp-block-image size-full\"><img loading=\"lazy\" decoding=\"async\" width=\"781\" height=\"521\" class=\"wp-image-18064\" src=\"https:\/\/www.raum-blick.de\/magazin\/wp-content\/uploads\/2023\/04\/Bilder-fuer-Magazintexte-5-1.png\" alt=\"\" title=\"\" srcset=\"https:\/\/raum-blick.de\/magazin\/wp-content\/uploads\/2023\/04\/Bilder-fuer-Magazintexte-5-1.png 781w, https:\/\/raum-blick.de\/magazin\/wp-content\/uploads\/2023\/04\/Bilder-fuer-Magazintexte-5-1-300x200.png 300w, https:\/\/raum-blick.de\/magazin\/wp-content\/uploads\/2023\/04\/Bilder-fuer-Magazintexte-5-1-768x512.png 768w\" sizes=\"(max-width: 781px) 100vw, 781px\" \/>\r\n<figcaption class=\"wp-element-caption\">Pfannen f\u00fcr die Gartenk\u00fcche<\/figcaption>\r\n<\/figure>\r\n\r\n\r\n\r\n<h2 class=\"wp-block-heading\"><span class=\"ez-toc-section\" id=\"Aussenkueche_selbst_bauen_oder_kaufen\"><\/span>Au\u00dfenk\u00fcche selbst bauen oder kaufen?<span class=\"ez-toc-section-end\"><\/span><\/h2>\r\n\r\n\r\n\r\n<p>Egal f\u00fcr welche Variante Sie sich entscheiden, es gibt immer Vor- und Nachteile.<\/p>\r\n\r\n\r\n\r\n<p><strong>Vorteile<\/strong> einer gebrauchten K\u00fcche sind sicherlich meistens der <strong>Preis<\/strong>, au\u00dferdem bedarf es weniger Planung, da in der Regel alle Ger\u00e4te schon vorhanden sind. Somit brauchen Sie nicht mehrere Kaufentscheidungen zu treffen, wie beim Eigenbau.<\/p>\r\n\r\n\r\n\r\n<p>Der <strong>Nachteil<\/strong> ist die fehlende Individualit\u00e4t und ein <strong>gewisses Risiko<\/strong>. Sie nehmen die K\u00fcche so, wie angeboten. Je nach Alter der K\u00fcche k\u00f6nnen die Ger\u00e4te auch schon veraltet sein. Falls Elektroger\u00e4te versagen, ist somit wahrscheinlich kein Garantieanspruch mehr vorhanden. <strong>Optische Abstriche<\/strong> sollte man auch einkalkulieren, schlie\u00dflich ist eine Gartenk\u00fcche in der Regel mehrfach gebraucht worden und hat sicherlich den einen oder anderen Makel.<\/p>\r\n\r\n\r\n\r\n<p>Der gr\u00f6\u00dfte <strong>Vorteil<\/strong> eines selbst gebauten Outdoor Kochtraums ist, dass sie ihn ganz nach <strong>Ihren W\u00fcnschen und Belieben bauen und gestalten<\/strong> k\u00f6nnen. Allerdings ist dies h\u00e4ufig mit <strong>hohen Kosten<\/strong> verbunden.<\/p>\r\n<p><img loading=\"lazy\" decoding=\"async\" width=\"781\" height=\"521\" class=\"wp-image-18065\" src=\"https:\/\/www.raum-blick.de\/magazin\/wp-content\/uploads\/2023\/04\/Bilder-fuer-Magazintexte-4-1.png\" alt=\"\" title=\"\" srcset=\"https:\/\/raum-blick.de\/magazin\/wp-content\/uploads\/2023\/04\/Bilder-fuer-Magazintexte-4-1.png 781w, https:\/\/raum-blick.de\/magazin\/wp-content\/uploads\/2023\/04\/Bilder-fuer-Magazintexte-4-1-300x200.png 300w, https:\/\/raum-blick.de\/magazin\/wp-content\/uploads\/2023\/04\/Bilder-fuer-Magazintexte-4-1-768x512.png 768w\" sizes=\"(max-width: 781px) 100vw, 781px\" \/><\/p>\r\n<figure class=\"wp-block-image size-full\">\r\n<figcaption class=\"wp-element-caption\">So eine Au\u00dfenk\u00fcche l\u00e4dt richtig zum Kochen ein!<\/figcaption>\r\n<\/figure>\r\n\r\n\r\n\r\n<h2 class=\"wp-block-heading\"><span class=\"ez-toc-section\" id=\"Wie_eine_Outdoor_Kueche_bauen\"><\/span>Wie eine Outdoor K\u00fcche bauen?<span class=\"ez-toc-section-end\"><\/span><\/h2>\r\n\r\n\r\n\r\n<p>Bevor Sie starten, die Outdoork\u00fcche selber zu bauen, sollten Sie sich <strong>einen Plan<\/strong> ausarbeiten. Messen Sie den Bereich genau aus, in welchem die K\u00fcche stehen soll. Legen Sie auch Ihr Budget fest.<\/p>\r\n\r\n\r\n\r\n<p>Nun ist die <strong>Auswahl der Materialien<\/strong> zu bedenken. K\u00fcchen ohne \u00dcberdachung sind starken Witterungseinfl\u00fcssen ausgesetzt und sollten aus einem wetterfesten Material wie Beton, Edelstahl, Granit oder Marmor bestehen. Entscheiden Sie sich f\u00fcr Stein, so k\u00f6nnen Sie die Arbeitsplatten vom Steinmetz zuschneiden lassen. Dies ist meist g\u00fcnstiger, als die Platte in K\u00fcchenstudios zu kaufen.<\/p>\r\n\r\n\r\n\r\n<p>Holz eignet sich nur bedingt f\u00fcr eine Au\u00dfenk\u00fcche. Wenn Sie Holz als Hauptmaterial w\u00e4hlen, sollte die Gartenk\u00fcche \u00fcberdacht sein. Robuste Holzarten sind Douglasie oder L\u00e4rche.<\/p>\r\n\r\n\r\n\r\n<p>Preisg\u00fcnstig als Material ist Fichte. Dieses Holz bedarf allerdings einer regelm\u00e4\u00dfigen Pflege durch diverse Lasuren.<\/p>\r\n\r\n\r\n\r\n<p>Denken Sie daran, dass die Outdoork\u00fcche <strong>Strom<\/strong> ben\u00f6tigt. Diesen sollten Sie unbedingt von einem Fachmann verlegen lassen. Entscheiden Sie sich lieber f\u00fcr etwas mehr Steckdosen als zu wenig, sie werden grunds\u00e4tzlich in jeder K\u00fcche h\u00e4ufig zum Einsatz kommen.<\/p>\r\n<div class='et-box et-success'>\n\t\t\t\t\t<div class='et-box-content'>TIPP: Kombiniert mit sch\u00f6nen <a href=\"https:\/\/www.raum-blick.de\/fatboy-paletti\/\">Sitzelementen<\/a> und passenden <a href=\"https:\/\/www.raum-blick.de\/fatboy-lampe\/\">Leuchten<\/a> wird Ihre Outdoork\u00fcche mit Sicherheit ein gro\u00dfer Erfolg! F\u00fcr lustige Partyabende eignen sich \u00fcbrigens auch <a href=\"https:\/\/www.raum-blick.de\/remember-eckolo-spiel\">kurzweilige Spiele<\/a>. Besuchen Sie doch einmal unsere <a href=\"https:\/\/www.raum-blick.de\/gutschein\/\">Gutscheinseite<\/a>, und entdecken Sie viele Bestellvorteile.<\/div><\/div>\r\n<p>\r\n\r\n<\/p>\r\n<p>Wir w\u00fcnschen viel Freude beim Realisieren Ihres Projekts!<\/p>\r\n<p>&nbsp;<\/p>\r\n\r\n\r\n\r\n<p>&nbsp;<\/p>\r\n","protected":false},"excerpt":{"rendered":"<p>\u00ab Wie Sie Ihre Gartenk\u00fcche realisieren k\u00f6nnen &#8211; Praktische Ideen und Tipps f\u00fcr Ihren Kochtraum\u00a0\u00bb Eine Outdoork\u00fcche selber zu bauen, ist der Traum vieler Gartenbesitzer. Sie k\u00f6nnen sich diesen verwirklichen! Bevor Sie mit der Planung einer Outdoork\u00fcche starten, stellen sich grundlegende Fragen. Lesen Sie hier, was Sie auf jeden Fall beachten sollten. Outdoor K\u00fcche selber [&hellip;]<\/p>\n","protected":false},"author":5,"featured_media":18068,"comment_status":"closed","ping_status":"open","sticky":false,"template":"","format":"standard","meta":{"_et_pb_use_builder":"","_et_pb_old_content":"","_et_gb_content_width":"","inline_featured_image":false,"footnotes":""},"categories":[6],"tags":[1782,2108,2107,33,1783,530,57,2106,94,1068],"class_list":["post-18060","post","type-post","status-publish","format-standard","has-post-thumbnail","hentry","category-draussen","tag-aussenkueche","tag-bauen","tag-eigenbau","tag-garten","tag-gartenkueche","tag-kueche","tag-outdoor","tag-outdoorkueche","tag-terrasse","tag-terrassengestaltung"],"_links":{"self":[{"href":"https:\/\/raum-blick.de\/magazin\/wp-json\/wp\/v2\/posts\/18060","targetHints":{"allow":["GET"]}}],"collection":[{"href":"https:\/\/raum-blick.de\/magazin\/wp-json\/wp\/v2\/posts"}],"about":[{"href":"https:\/\/raum-blick.de\/magazin\/wp-json\/wp\/v2\/types\/post"}],"author":[{"embeddable":true,"href":"https:\/\/raum-blick.de\/magazin\/wp-json\/wp\/v2\/users\/5"}],"replies":[{"embeddable":true,"href":"https:\/\/raum-blick.de\/magazin\/wp-json\/wp\/v2\/comments?post=18060"}],"version-history":[{"count":9,"href":"https:\/\/raum-blick.de\/magazin\/wp-json\/wp\/v2\/posts\/18060\/revisions"}],"predecessor-version":[{"id":20811,"href":"https:\/\/raum-blick.de\/magazin\/wp-json\/wp\/v2\/posts\/18060\/revisions\/20811"}],"wp:featuredmedia":[{"embeddable":true,"href":"https:\/\/raum-blick.de\/magazin\/wp-json\/wp\/v2\/media\/18068"}],"wp:attachment":[{"href":"https:\/\/raum-blick.de\/magazin\/wp-json\/wp\/v2\/media?parent=18060"}],"wp:term":[{"taxonomy":"category","embeddable":true,"href":"https:\/\/raum-blick.de\/magazin\/wp-json\/wp\/v2\/categories?post=18060"},{"taxonomy":"post_tag","embeddable":true,"href":"https:\/\/raum-blick.de\/magazin\/wp-json\/wp\/v2\/tags?post=18060"}],"curies":[{"name":"wp","href":"https:\/\/api.w.org\/{rel}","templated":true}]}}