{"id":17951,"date":"2023-03-27T10:41:48","date_gmt":"2023-03-27T08:41:48","guid":{"rendered":"https:\/\/www.raum-blick.de\/magazin\/?p=17951"},"modified":"2023-03-27T10:41:48","modified_gmt":"2023-03-27T08:41:48","slug":"daybed-und-lounge-entspannung-pur-im-eigenen-garten","status":"publish","type":"post","link":"https:\/\/raum-blick.de\/magazin\/daybed-und-lounge-entspannung-pur-im-eigenen-garten\/","title":{"rendered":"Daybed und Lounge &#8211; Entspannung pur im eigenen Garten"},"content":{"rendered":"\r\n<h2><span class=\"ez-toc-section\" id=\"%C2%AB_Wellnessoasen_auf_Balkon_und_Terrasse_%C2%BB\"><\/span><strong>\u00ab Wellnessoasen auf Balkon und Terrasse \u00bb<\/strong><span class=\"ez-toc-section-end\"><\/span><\/h2>\r\n<h2>\r\n\r\n<\/h2>\r\n<p><strong>Outdoorm\u00f6bel wie Daybeds und Lounges gibt es viele, aber wie gestaltet man eigentlich seine Terrasse oder seinen Balkon zu einem echten Relaxbereich um? Erfahren Sie, wie Entspannung im eigenen Garten mit ein wenig Know-how und den passenden Outdoor M\u00f6beln ganz einfach realisiert werden kann!<\/strong><\/p>\r\n<h2>\r\n\r\n<\/h2>\r\n<p><strong><span style=\"font-weight: normal;\">Oftmals sind Terrassen oder Balkone etwas vernachl\u00e4ssigte Bereiche. Viele Menschen legen mehr Wert auf den Innenbereich des Hauses oder der Wohnung.<\/span><\/strong><b><\/b><\/p><div id=\"ez-toc-container\" class=\"ez-toc-v2_0_82_2 counter-hierarchy ez-toc-counter ez-toc-grey ez-toc-container-direction\">\n<div class=\"ez-toc-title-container\">\n<p class=\"ez-toc-title\" style=\"cursor:inherit\">Was hier auf Sie wartet<\/p>\n<span class=\"ez-toc-title-toggle\"><a href=\"#\" class=\"ez-toc-pull-right ez-toc-btn ez-toc-btn-xs ez-toc-btn-default ez-toc-toggle\" aria-label=\"Toggle Table of Content\"><span class=\"ez-toc-js-icon-con\"><span class=\"\"><span class=\"eztoc-hide\" style=\"display:none;\">Toggle<\/span><span class=\"ez-toc-icon-toggle-span\"><svg style=\"fill: #999;color:#999\" xmlns=\"http:\/\/www.w3.org\/2000\/svg\" class=\"list-377408\" width=\"20px\" height=\"20px\" viewBox=\"0 0 24 24\" fill=\"none\"><path d=\"M6 6H4v2h2V6zm14 0H8v2h12V6zM4 11h2v2H4v-2zm16 0H8v2h12v-2zM4 16h2v2H4v-2zm16 0H8v2h12v-2z\" fill=\"currentColor\"><\/path><\/svg><svg style=\"fill: #999;color:#999\" class=\"arrow-unsorted-368013\" xmlns=\"http:\/\/www.w3.org\/2000\/svg\" width=\"10px\" height=\"10px\" viewBox=\"0 0 24 24\" version=\"1.2\" baseProfile=\"tiny\"><path d=\"M18.2 9.3l-6.2-6.3-6.2 6.3c-.2.2-.3.4-.3.7s.1.5.3.7c.2.2.4.3.7.3h11c.3 0 .5-.1.7-.3.2-.2.3-.5.3-.7s-.1-.5-.3-.7zM5.8 14.7l6.2 6.3 6.2-6.3c.2-.2.3-.5.3-.7s-.1-.5-.3-.7c-.2-.2-.4-.3-.7-.3h-11c-.3 0-.5.1-.7.3-.2.2-.3.5-.3.7s.1.5.3.7z\"\/><\/svg><\/span><\/span><\/span><\/a><\/span><\/div>\n<nav><ul class='ez-toc-list ez-toc-list-level-1 ' ><li class='ez-toc-page-1 ez-toc-heading-level-2'><a class=\"ez-toc-link ez-toc-heading-1\" href=\"https:\/\/raum-blick.de\/magazin\/daybed-und-lounge-entspannung-pur-im-eigenen-garten\/#%C2%AB_Wellnessoasen_auf_Balkon_und_Terrasse_%C2%BB\" >\u00ab Wellnessoasen auf Balkon und Terrasse \u00bb<\/a><\/li><li class='ez-toc-page-1 ez-toc-heading-level-2'><a class=\"ez-toc-link ez-toc-heading-2\" href=\"https:\/\/raum-blick.de\/magazin\/daybed-und-lounge-entspannung-pur-im-eigenen-garten\/#So_koennte_Ihr_Wellnessbereich_aussehen_Daybed_und_Lounge_Moebel_als_Eyecatcher\" >So k\u00f6nnte Ihr Wellnessbereich aussehen!\r\n\r\n\r\n\r\n\r\nDaybed und Lounge M\u00f6bel als Eyecatcher<\/a><\/li><li class='ez-toc-page-1 ez-toc-heading-level-2'><a class=\"ez-toc-link ez-toc-heading-3\" href=\"https:\/\/raum-blick.de\/magazin\/daybed-und-lounge-entspannung-pur-im-eigenen-garten\/#Die_richtigen_Daybeds_und_Lounges_waehlen\" >Die richtigen Daybeds und Lounges w\u00e4hlen<\/a><\/li><li class='ez-toc-page-1 ez-toc-heading-level-2'><a class=\"ez-toc-link ez-toc-heading-4\" href=\"https:\/\/raum-blick.de\/magazin\/daybed-und-lounge-entspannung-pur-im-eigenen-garten\/#Grosszuegige_Outdoor-Moebel_benoetigen_Platz\" >Gro\u00dfz\u00fcgige Outdoor-M\u00f6bel ben\u00f6tigen Platz<\/a><\/li><li class='ez-toc-page-1 ez-toc-heading-level-2'><a class=\"ez-toc-link ez-toc-heading-5\" href=\"https:\/\/raum-blick.de\/magazin\/daybed-und-lounge-entspannung-pur-im-eigenen-garten\/#Kleine_Accessoires_fuer_mehr_Wohlfuehleffekt\" >Kleine Accessoires f\u00fcr mehr Wohlf\u00fchleffekt<\/a><\/li><li class='ez-toc-page-1 ez-toc-heading-level-2'><a class=\"ez-toc-link ez-toc-heading-6\" href=\"https:\/\/raum-blick.de\/magazin\/daybed-und-lounge-entspannung-pur-im-eigenen-garten\/#Entspannung_im_Garten_%E2%80%93_weitere_Moeglichkeiten\" >Entspannung im Garten &#8211; weitere M\u00f6glichkeiten\u00a0<\/a><\/li><\/ul><\/nav><\/div>\n\r\n<h2>\r\n\r\n<\/h2>\r\n<p>Dabei gilt es, sich viele sch\u00f6ne Gelegenheiten zu schaffen, in welchen man sich richtig wohlf\u00fchlen, und die Seele baumeln lassen kann. Vor allem wenn es langsam w\u00e4rmer wird, macht es Sinn, sich seine Wellnessoase auch drau\u00dfen zu realisieren. Und das geht einfacher, als man denkt!<\/p>\r\n<h2><span class=\"ez-toc-section\" id=\"So_koennte_Ihr_Wellnessbereich_aussehen_Daybed_und_Lounge_Moebel_als_Eyecatcher\"><\/span>\r\n\r\n\r\n\r\n\r\n\r\n\r\n<figure class=\"wp-block-image size-large is-resized\"><img loading=\"lazy\" decoding=\"async\" class=\"alignnone wp-image-17977 \" src=\"https:\/\/www.raum-blick.de\/magazin\/wp-content\/uploads\/2023\/03\/Unbenannt-2-300x193.png\" alt=\"\" width=\"619\" height=\"398\" title=\"\" srcset=\"https:\/\/raum-blick.de\/magazin\/wp-content\/uploads\/2023\/03\/Unbenannt-2-300x193.png 300w, https:\/\/raum-blick.de\/magazin\/wp-content\/uploads\/2023\/03\/Unbenannt-2-1024x657.png 1024w, https:\/\/raum-blick.de\/magazin\/wp-content\/uploads\/2023\/03\/Unbenannt-2-768x493.png 768w, https:\/\/raum-blick.de\/magazin\/wp-content\/uploads\/2023\/03\/Unbenannt-2.png 1500w\" sizes=\"(max-width: 619px) 100vw, 619px\" \/>\r\n<figcaption class=\"wp-element-caption\">So k\u00f6nnte Ihr Wellnessbereich aussehen!<\/figcaption>\r\n<\/figure>\r\n\r\n\r\n\r\n<h2 class=\"wp-block-heading\"><strong>Daybed und Lounge M\u00f6bel als Eyecatcher<\/strong><span class=\"ez-toc-section-end\"><\/span><\/h2>\r\n\r\n\r\n\r\n<p>Als Eyecatcher und Relaxm\u00f6bel der Extraklasse gelten <a href=\"https:\/\/www.raum-blick.de\/cane-line-ocean-daybed-large\">Daybeds<\/a> und exklusive Lounge M\u00f6bel. Sie bringen <strong>Urlaubsfeeling<\/strong> in den Terrassenbereich und lassen sich verschiedentlich in Kombination mit passenden Beistelltischen oder Regalen gestalten.<\/p>\r\n\r\n\r\n\r\n<p><strong>Welche weiteren Outdoorm\u00f6bel gibt es?<\/strong><\/p>\r\n\r\n\r\n\r\n<p>Zus\u00e4tzlich zum \u201eTagesbett\u201c oder auch eingedeutscht \u201eDaybett\u201c gibt es verschiedene weitere Sitz- und Liegem\u00f6bel, die man in Relaxbereiche sehr gut integrieren kann. Hierzu geh\u00f6ren:<\/p>\r\n\r\n\r\n\r\n<ul class=\"wp-block-list\">\r\n<li>Klassische Outdoor Sofas<\/li>\r\n\r\n\r\n\r\n<li>Liegen<\/li>\r\n\r\n\r\n\r\n<li>Outdoor-Wohnlandschaft<\/li>\r\n\r\n\r\n\r\n<li>H\u00e4ngesessel<\/li>\r\n\r\n\r\n\r\n\r\n\r\n<li><a href=\"https:\/\/www.raum-blick.de\/vitra-elephant-stool\">Hocker und St\u00fchle<\/a><\/li>\r\n<\/ul>\r\n\r\n\r\n\r\n<h2 class=\"wp-block-heading\"><span class=\"ez-toc-section\" id=\"Die_richtigen_Daybeds_und_Lounges_waehlen\"><\/span><strong>Die richtigen Daybeds und Lounges w\u00e4hlen<\/strong><span class=\"ez-toc-section-end\"><\/span><\/h2>\r\n\r\n\r\n\r\n<p>Da die Auswahl recht gro\u00df ist, f\u00e4llt es manchmal schwer, sich f\u00fcr die richtigen M\u00f6bel zu entscheiden. Relevante Kriterien sind:<\/p>\r\n\r\n\r\n\r\n<ul class=\"wp-block-list\">\r\n<li>Wie viel Platz steht mir zur Verf\u00fcgung?<\/li>\r\n\r\n\r\n\r\n<li>Welches Material ist langlebig?<\/li>\r\n\r\n\r\n\r\n<li>Welche Pflege ben\u00f6tigen die M\u00f6bel?<\/li>\r\n\r\n\r\n\r\n<li>Ist das M\u00f6bel wetterfest?<\/li>\r\n\r\n\r\n\r\n<li>Ist der Sitzbereich \u00fcberdacht oder liegt er direkt unter freiem Himmel? Eine \u00dcberdachung liefert einen gewissen Schutz.<\/li>\r\n<\/ul>\r\n<div class='et-box et-info'>\n\t\t\t\t\t<div class='et-box-content'>Je nachdem, wie die Fragen beantwortet werden, kann <strong>M\u00f6belpflege oder auch das Abdecken im Winter<\/strong> n\u00f6tig sein. Holz ist zwar der Klassiker bei vielen M\u00f6beln, allerdings auch pflegeintensiv. Am langlebigsten und relativ pflegeleicht sind Outdoor-M\u00f6bel aus Metall oder Rattan.<\/div><\/div>\r\n\r\n\r\n\r\n\r\n\r\n<h2 class=\"wp-block-heading\"><span class=\"ez-toc-section\" id=\"Grosszuegige_Outdoor-Moebel_benoetigen_Platz\"><\/span><strong>Gro\u00dfz\u00fcgige Outdoor-M\u00f6bel ben\u00f6tigen Platz<\/strong><span class=\"ez-toc-section-end\"><\/span><\/h2>\r\n\r\n\r\n\r\n<figure class=\"wp-block-image size-large is-resized\"><img loading=\"lazy\" decoding=\"async\" class=\"alignnone wp-image-17979 \" src=\"https:\/\/www.raum-blick.de\/magazin\/wp-content\/uploads\/2023\/03\/Unbenannt-3-300x193.png\" alt=\"\" width=\"620\" height=\"399\" title=\"\" srcset=\"https:\/\/raum-blick.de\/magazin\/wp-content\/uploads\/2023\/03\/Unbenannt-3-300x193.png 300w, https:\/\/raum-blick.de\/magazin\/wp-content\/uploads\/2023\/03\/Unbenannt-3-1024x657.png 1024w, https:\/\/raum-blick.de\/magazin\/wp-content\/uploads\/2023\/03\/Unbenannt-3-768x493.png 768w, https:\/\/raum-blick.de\/magazin\/wp-content\/uploads\/2023\/03\/Unbenannt-3.png 1500w\" sizes=\"(max-width: 620px) 100vw, 620px\" \/>\r\n<figcaption class=\"wp-element-caption\">Offene Bereiche schaffen mehr Flair.<\/figcaption>\r\n<\/figure>\r\n\r\n\r\n\r\n<p>Bevor Sie sich f\u00fcr ein Daybed oder <a href=\"https:\/\/www.raum-blick.de\/lounge-sitzelemente\/\">Lounge M\u00f6bel<\/a> entscheiden, sollten Sie unbedingt den Bereich ausmessen, in welchem sie aufgestellt werden sollen. Daybeds und Lounges f\u00fcr die Entspannung im eigenen Garten sind h\u00e4ufig relativ gro\u00df im Vergleich zu anderen Sitzm\u00f6beln. Bedenken Sie, dass gro\u00dfz\u00fcgige M\u00f6bel auch nur gut wirken, wenn <strong>gen\u00fcgend Raum<\/strong> vorhanden ist. Es macht wenig Sinn, auf eine kleine Terrasse sehr gro\u00dfe M\u00f6bel aufzustellen.\u00a0Bedenken Sie auch, dass Sie zu der Sitz- oder Liegegelegenheit einen <strong>Tisch zur Komplettierung<\/strong> des Ganzen stellen sollten. Dieser ben\u00f6tigt wiederum weiteren Platz.<\/p>\r\n\r\n\r\n\r\n\r\n\r\n\r\n\r\n<figure class=\"wp-block-image size-large is-resized\"><img loading=\"lazy\" decoding=\"async\" class=\"wp-image-17948\" src=\"https:\/\/www.raum-blick.de\/magazin\/wp-content\/uploads\/2023\/03\/ethnicraft-10251-2-sitzer-lifestyle-abenddaemerung_85639_1280x1280-1024x1024.jpg\" alt=\"Ethnicraft 2 Sitzer Outdoor Sofa - wunderpaar passend als Lounge\" width=\"620\" height=\"620\" title=\"\">\r\n<figcaption class=\"wp-element-caption\">Der Blick in die Weite wirkt entspannend.<\/figcaption>\r\n<\/figure>\r\n\r\n\r\n\r\n<p>Steht Ihnen viel mehr Raum zur Verf\u00fcgung als die Lounge ben\u00f6tigt, so k\u00f6nnen Sie auch <strong>unterschiedliche Stellvarianten<\/strong> ausprobieren. Wichtig ist die Frage, wohin Sie schauen, wenn Sie sitzen bzw. liegen. Gibt es verschiedene Optionen, so wirkt eine Ausrichtung in einen offenen Bereich z. B. in Richtung Garten besonders entspannend. Ung\u00fcnstiger hingegen ist die Ausrichtung gegen eine Hauswand. Ist nur diese M\u00f6glichkeit vorhanden, so bietet es sich an, diese Wand ansprechend z.B. <strong>mit viel Gr\u00fcn zu gestalten<\/strong>, damit trotz des Schauens auf die Hauswand ein angenehmer Ausblick erreicht wird. Sch\u00f6n wirken dazu auch gekonnt platzierte <a href=\"https:\/\/www.raum-blick.de\/sitzsaecke\/\">Sitzs\u00e4cke<\/a>. Gerade Kinder und Teenager m\u00f6gen diese Chillm\u00f6glichkeit.<\/p>\r\n\r\n\r\n\r\n<p>F\u00fcr <strong>wenig Platz<\/strong> auf der Terrasse \u2013 oder auch wenn Sie lediglich einen Balkon zur Verf\u00fcgung haben, gibt es auch hier wunderbare M\u00f6glichkeiten, sich einen gem\u00fctlichen R\u00fcckzugsort zu schaffen. Haben Sie schon einmal an eine <a href=\"https:\/\/www.raum-blick.de\/fatboy-haengematte\/\">H\u00e4ngematte<\/a> gedacht? Der Klassiker schlechthin zum Entspannen und die Seele baumeln lassen. <strong>H\u00e4ngematten<\/strong> finden in der Regel auch auf engem Raum Platz und sind eine grandiose Alternative zu opulenten Lounge M\u00f6beln.<\/p>\r\n\r\n\r\n\r\n<h2 class=\"wp-block-heading\"><span class=\"ez-toc-section\" id=\"Kleine_Accessoires_fuer_mehr_Wohlfuehleffekt\"><\/span><strong>Kleine Accessoires f\u00fcr mehr Wohlf\u00fchleffekt<\/strong><span class=\"ez-toc-section-end\"><\/span><\/h2>\r\n\r\n\r\n\r\n<figure class=\"wp-block-image size-large is-resized\"><img loading=\"lazy\" decoding=\"async\" class=\"wp-image-17955\" src=\"https:\/\/www.raum-blick.de\/magazin\/wp-content\/uploads\/2023\/03\/Outdoor-Accessoires-1024x317.png\" alt=\"Outdoor Accessoires\" width=\"619\" height=\"192\" title=\"\"><\/figure>\r\n\r\n\r\n\r\n<p>Um ein perfektes Rundum-Wohlf\u00fchlambiente zu erzielen, sind zus\u00e4tzliche <a href=\"https:\/\/www.raum-blick.de\/outdoor-accessoires\/\">Accessoires<\/a> n\u00f6tig. Regale zur Unterbringung von Kleinigkeiten wie <strong>Geschirr oder Grillutensilien, Schalen oder Windlichter<\/strong> oder anderer Dekogegenst\u00e4nde machen das Freiluft-Wohnzimmer zu einem wirklichen Ort der Erholung. Praktisch ist, gut organisiert zu sein, denn die Utensilien, die man h\u00e4ufig beim Chillen ben\u00f6tigt, sollten in Reichweite sein.<\/p>\r\n\r\n\r\n\r\n<ul class=\"wp-block-list\">\r\n<li>Kerzen<\/li>\r\n\r\n\r\n\r\n<li>Gl\u00e4ser \/ Geschirr<\/li>\r\n\r\n\r\n\r\n<li>Feuerzeug<\/li>\r\n\r\n\r\n\r\n<li>Untersetzer<\/li>\r\n\r\n\r\n\r\n<li><a href=\"https:\/\/www.raum-blick.de\/remember-strickbaumwollkissen\">Kissen<\/a> und Decken<\/li>\r\n<\/ul>\r\n\r\n\r\n\r\n<h2 class=\"wp-block-heading\"><span class=\"ez-toc-section\" id=\"Entspannung_im_Garten_%E2%80%93_weitere_Moeglichkeiten\"><\/span><strong>Entspannung im Garten &#8211; weitere M\u00f6glichkeiten\u00a0<\/strong><span class=\"ez-toc-section-end\"><\/span><\/h2>\r\n\r\n\r\n\r\n<p>Erg\u00e4nzen Sie Ihre Wohlf\u00fchloase mit h\u00fcbscher Deko. Erst eine <strong>richtig platzierte, liebevolle Dekoration<\/strong> macht einen Bereich so richtig lebendig und gem\u00fctlich. Ob Pflanzen, Brunnen oder Laternen, der Spielraum f\u00fcr Kreativit\u00e4t ist gro\u00df. W\u00e4hlen Sie Deko, die dezent wirkt, und kombinieren Sie Farben, die sich bereits in Ihrem Terassenambiente wiederfinden. Vermeiden Sie eine zu grelle Farbkombination. So erreichen Sie, dass Daybeds und Lounges f\u00fcr die Entspannung im eigenen Garten gem\u00fctlichen Charme verspr\u00fchen.<\/p>\r\n<div class='et-box et-success'>\n\t\t\t\t\t<div class='et-box-content'>Eine <strong>dezente Beleuchtung<\/strong> vollendet eine echte Wohlf\u00fchloase. Neben Kerzen sind auch <a href=\"https:\/\/www.raum-blick.de\/aussenleuchten\/\">Outdoorleuchten<\/a> eine gute Wahl. G\u00fcnstig positioniert zaubern diese eine <strong>harmonische Atmosph\u00e4re<\/strong>. Vielleicht m\u00f6gen Sie auch eine kleine Grill- oder Feuerstelle? Hier empfiehlt sich beispielweise ein stylischer Feuerkorb.<\/div><\/div>\r\n\r\n\r\n\r\n<p>&nbsp;<\/p>\r\n\r\n\r\n\r\n<figure class=\"wp-block-image size-large is-resized\"><img loading=\"lazy\" decoding=\"async\" class=\"alignnone wp-image-17986 \" src=\"https:\/\/www.raum-blick.de\/magazin\/wp-content\/uploads\/2023\/03\/hoefats-cube-11_1280x1280-300x300.jpg\" alt=\"\" width=\"618\" height=\"618\" title=\"\" srcset=\"https:\/\/raum-blick.de\/magazin\/wp-content\/uploads\/2023\/03\/hoefats-cube-11_1280x1280-300x300.jpg 300w, https:\/\/raum-blick.de\/magazin\/wp-content\/uploads\/2023\/03\/hoefats-cube-11_1280x1280-1024x1024.jpg 1024w, https:\/\/raum-blick.de\/magazin\/wp-content\/uploads\/2023\/03\/hoefats-cube-11_1280x1280-150x150.jpg 150w, https:\/\/raum-blick.de\/magazin\/wp-content\/uploads\/2023\/03\/hoefats-cube-11_1280x1280-768x768.jpg 768w, https:\/\/raum-blick.de\/magazin\/wp-content\/uploads\/2023\/03\/hoefats-cube-11_1280x1280.jpg 1280w\" sizes=\"(max-width: 618px) 100vw, 618px\" \/><\/figure>\r\n\r\n\r\n\r\n<p>&nbsp;<\/p>\r\n","protected":false},"excerpt":{"rendered":"<p>\u00ab Wellnessoasen auf Balkon und Terrasse \u00bb Outdoorm\u00f6bel wie Daybeds und Lounges gibt es viele, aber wie gestaltet man eigentlich seine Terrasse oder seinen Balkon zu einem echten Relaxbereich um? Erfahren Sie, wie Entspannung im eigenen Garten mit ein wenig Know-how und den passenden Outdoor M\u00f6beln ganz einfach realisiert werden kann! Oftmals sind Terrassen oder [&hellip;]<\/p>\n","protected":false},"author":5,"featured_media":17974,"comment_status":"closed","ping_status":"open","sticky":false,"template":"","format":"standard","meta":{"_et_pb_use_builder":"","_et_pb_old_content":"","_et_gb_content_width":"","inline_featured_image":false,"footnotes":""},"categories":[6],"tags":[2092,517,132,615,2030,2088,334,1430,1193,33,345,83,738,806,54,726,658,2093,168,2090,58,68,1350,64,94,1079,2089,2091],"class_list":["post-17951","post","type-post","status-publish","format-standard","has-post-thumbnail","hentry","category-draussen","tag-3-sitzer","tag-accessoires","tag-balkon","tag-beistelltisch","tag-couch","tag-daybed","tag-design","tag-designstuehle","tag-entspannung","tag-garten","tag-gartenmoebel","tag-haengematten","tag-kerzen","tag-laterne","tag-lounge","tag-moebel","tag-outdoormoebel","tag-outdoortisch","tag-regale","tag-relax","tag-sitzmoebel","tag-sitzsaecke","tag-sofa","tag-stuehle","tag-terrasse","tag-tisch","tag-wellness","tag-wohlfuehlen"],"_links":{"self":[{"href":"https:\/\/raum-blick.de\/magazin\/wp-json\/wp\/v2\/posts\/17951","targetHints":{"allow":["GET"]}}],"collection":[{"href":"https:\/\/raum-blick.de\/magazin\/wp-json\/wp\/v2\/posts"}],"about":[{"href":"https:\/\/raum-blick.de\/magazin\/wp-json\/wp\/v2\/types\/post"}],"author":[{"embeddable":true,"href":"https:\/\/raum-blick.de\/magazin\/wp-json\/wp\/v2\/users\/5"}],"replies":[{"embeddable":true,"href":"https:\/\/raum-blick.de\/magazin\/wp-json\/wp\/v2\/comments?post=17951"}],"version-history":[{"count":34,"href":"https:\/\/raum-blick.de\/magazin\/wp-json\/wp\/v2\/posts\/17951\/revisions"}],"predecessor-version":[{"id":18014,"href":"https:\/\/raum-blick.de\/magazin\/wp-json\/wp\/v2\/posts\/17951\/revisions\/18014"}],"wp:featuredmedia":[{"embeddable":true,"href":"https:\/\/raum-blick.de\/magazin\/wp-json\/wp\/v2\/media\/17974"}],"wp:attachment":[{"href":"https:\/\/raum-blick.de\/magazin\/wp-json\/wp\/v2\/media?parent=17951"}],"wp:term":[{"taxonomy":"category","embeddable":true,"href":"https:\/\/raum-blick.de\/magazin\/wp-json\/wp\/v2\/categories?post=17951"},{"taxonomy":"post_tag","embeddable":true,"href":"https:\/\/raum-blick.de\/magazin\/wp-json\/wp\/v2\/tags?post=17951"}],"curies":[{"name":"wp","href":"https:\/\/api.w.org\/{rel}","templated":true}]}}