{"id":17872,"date":"2023-01-30T14:30:29","date_gmt":"2023-01-30T13:30:29","guid":{"rendered":"https:\/\/www.raum-blick.de\/magazin\/?p=17872"},"modified":"2023-01-30T14:26:25","modified_gmt":"2023-01-30T13:26:25","slug":"ergonomie-am-arbeitsplatz","status":"publish","type":"post","link":"https:\/\/raum-blick.de\/magazin\/ergonomie-am-arbeitsplatz\/","title":{"rendered":"Ergonomie am Arbeitsplatz"},"content":{"rendered":"<h2><span class=\"ez-toc-section\" id=\"%C2%AB_Mehr_Leistung_durch_passende_Einrichtung_%C2%BB\"><\/span>\u00ab Mehr Leistung durch passende Einrichtung \u00bb<span class=\"ez-toc-section-end\"><\/span><\/h2>\n<p style=\"text-align: justify;\"><strong>Warum bedeutet Ergonomie am Arbeitsplatz so viel? Im B\u00fcro verbringt man viele Stunden im Sitzen damit, konzentriert eine Aufgabe am Bildschirm zu l\u00f6sen. Das beansprucht Geist und K\u00f6rper, die sich nach Abwechslung, Ruhepausen und Bewegung sehnen. W\u00e4hlt man die richtigen <\/strong><a href=\"https:\/\/www.raum-blick.de\/bueromoebel\/\"><strong>B\u00fcrom\u00f6bel<\/strong><\/a><strong>, mindert sich die Belastung und steigert sich das Leistungsverm\u00f6gen. Ergonomie steht an oberster Stelle, wenn Sie das Home Office einrichten. Wir zeigen Ihnen, wie es geht!<\/strong><\/p>\n<h2><span class=\"ez-toc-section\" id=\"Puristische_Bueromoebel_fuer_sporadische_Aufgaben\"><\/span>Puristische B\u00fcrom\u00f6bel f\u00fcr sporadische Aufgaben<span class=\"ez-toc-section-end\"><\/span><\/h2>\n<p style=\"text-align: justify;\">Jedes Unternehmen muss f\u00fcr die Ergonomie am Arbeitsplatz Richtlinien einhalten. Sie gelten auch, wenn Betriebe f\u00fcr Angestellte offiziell Telearbeitspl\u00e4tze in deren Wohnungen einrichten. In diesem Fall stellt der Arbeitgeber zertifizierte M\u00f6bel und Ger\u00e4te zur Verf\u00fcgung, die f\u00fcr die Arbeit ben\u00f6tigt und vorgeschrieben sind. Das Blatt wendet sich, wenn es schlichtweg gestattet ist, einen Teil der Aufgaben daheim zu erledigen. Dann muss man selbst f\u00fcr die Ergonomie am Arbeitsplatz sorgen. Die beruflichen Gewohnheiten entscheiden dar\u00fcber, wie penibel man die B\u00fcrom\u00f6bel ausw\u00e4hlen sollte.<\/p><div id=\"ez-toc-container\" class=\"ez-toc-v2_0_82_2 counter-hierarchy ez-toc-counter ez-toc-grey ez-toc-container-direction\">\n<div class=\"ez-toc-title-container\">\n<p class=\"ez-toc-title\" style=\"cursor:inherit\">Was hier auf Sie wartet<\/p>\n<span class=\"ez-toc-title-toggle\"><a href=\"#\" class=\"ez-toc-pull-right ez-toc-btn ez-toc-btn-xs ez-toc-btn-default ez-toc-toggle\" aria-label=\"Toggle Table of Content\"><span class=\"ez-toc-js-icon-con\"><span class=\"\"><span class=\"eztoc-hide\" style=\"display:none;\">Toggle<\/span><span class=\"ez-toc-icon-toggle-span\"><svg style=\"fill: #999;color:#999\" xmlns=\"http:\/\/www.w3.org\/2000\/svg\" class=\"list-377408\" width=\"20px\" height=\"20px\" viewBox=\"0 0 24 24\" fill=\"none\"><path d=\"M6 6H4v2h2V6zm14 0H8v2h12V6zM4 11h2v2H4v-2zm16 0H8v2h12v-2zM4 16h2v2H4v-2zm16 0H8v2h12v-2z\" fill=\"currentColor\"><\/path><\/svg><svg style=\"fill: #999;color:#999\" class=\"arrow-unsorted-368013\" xmlns=\"http:\/\/www.w3.org\/2000\/svg\" width=\"10px\" height=\"10px\" viewBox=\"0 0 24 24\" version=\"1.2\" baseProfile=\"tiny\"><path d=\"M18.2 9.3l-6.2-6.3-6.2 6.3c-.2.2-.3.4-.3.7s.1.5.3.7c.2.2.4.3.7.3h11c.3 0 .5-.1.7-.3.2-.2.3-.5.3-.7s-.1-.5-.3-.7zM5.8 14.7l6.2 6.3 6.2-6.3c.2-.2.3-.5.3-.7s-.1-.5-.3-.7c-.2-.2-.4-.3-.7-.3h-11c-.3 0-.5.1-.7.3-.2.2-.3.5-.3.7s.1.5.3.7z\"\/><\/svg><\/span><\/span><\/span><\/a><\/span><\/div>\n<nav><ul class='ez-toc-list ez-toc-list-level-1 ' ><li class='ez-toc-page-1 ez-toc-heading-level-2'><a class=\"ez-toc-link ez-toc-heading-1\" href=\"https:\/\/raum-blick.de\/magazin\/ergonomie-am-arbeitsplatz\/#%C2%AB_Mehr_Leistung_durch_passende_Einrichtung_%C2%BB\" >\u00ab Mehr Leistung durch passende Einrichtung \u00bb<\/a><\/li><li class='ez-toc-page-1 ez-toc-heading-level-2'><a class=\"ez-toc-link ez-toc-heading-2\" href=\"https:\/\/raum-blick.de\/magazin\/ergonomie-am-arbeitsplatz\/#Puristische_Bueromoebel_fuer_sporadische_Aufgaben\" >Puristische B\u00fcrom\u00f6bel f\u00fcr sporadische Aufgaben<\/a><\/li><li class='ez-toc-page-1 ez-toc-heading-level-2'><a class=\"ez-toc-link ez-toc-heading-3\" href=\"https:\/\/raum-blick.de\/magazin\/ergonomie-am-arbeitsplatz\/#Bequeme_Bueromoebel_fuer_den_platzsparenden_Schaffensbereich\" >Bequeme B\u00fcrom\u00f6bel f\u00fcr den platzsparenden Schaffensbereich<\/a><\/li><li class='ez-toc-page-1 ez-toc-heading-level-2'><a class=\"ez-toc-link ez-toc-heading-4\" href=\"https:\/\/raum-blick.de\/magazin\/ergonomie-am-arbeitsplatz\/#Geschaffen_fuer_die_Ergonomie_%E2%80%93_individuell_anpassbare_Moebel\" >Geschaffen f\u00fcr die Ergonomie &#8211; individuell anpassbare M\u00f6bel<\/a><\/li><li class='ez-toc-page-1 ez-toc-heading-level-2'><a class=\"ez-toc-link ez-toc-heading-5\" href=\"https:\/\/raum-blick.de\/magazin\/ergonomie-am-arbeitsplatz\/#Morgens_Ihr_ergonomischer_Arbeitsplatz_abends_Ihr_gemuetlicher_Treffpunkt\" >Morgens Ihr ergonomischer Arbeitsplatz, abends Ihr gem\u00fctlicher Treffpunkt<\/a><\/li><li class='ez-toc-page-1 ez-toc-heading-level-2'><a class=\"ez-toc-link ez-toc-heading-6\" href=\"https:\/\/raum-blick.de\/magazin\/ergonomie-am-arbeitsplatz\/#Ergonomischer_Arbeitsplatz_%E2%80%93_mehr_als_bequeme_Bueromoebel\" >Ergonomischer Arbeitsplatz \u2013 mehr als bequeme B\u00fcrom\u00f6bel<\/a><\/li><\/ul><\/nav><\/div>\n\n<p style=\"text-align: justify;\">Die meiste Zeit verbringen Sie im B\u00fcro des Firmengeb\u00e4udes, wo alles f\u00fcr ergonomisches Arbeiten optimiert ist. Gelegentlich kommt es vor, dass Sie nach Feierabend einige E-Mails checken oder spontane Geistesblitze notieren. F\u00fcr diese kurzen Intermezzi sind rundum ergonomische M\u00f6bel weniger wichtig. Bequem und ruhig sollte der Arbeitsplatz trotzdem sein. F\u00fcr den kleinen Allrounder <a href=\"https:\/\/www.raum-blick.de\/string-furniture-regal-konfiguration-w8-arbeitszimmer\">W8 von String<\/a> findet sich im Schlafzimmer gewiss ein Pl\u00e4tzchen. Er \u00fcberzeugt mit einer ausladenden Schreibtischplatte, auf dem man den Laptop komfortabel platzieren kann. Das integrierte Regal bietet Ablagefl\u00e4chen, um Utensilien wie den Terminplaner bereitzuhalten.<\/p>\n<p><a href=\"https:\/\/www.raum-blick.de\/string-furniture-regal-konfiguration-w8-arbeitszimmer\"><img loading=\"lazy\" decoding=\"async\" class=\"aligncenter wp-image-17878 size-full\" title=\"String \u2013 kleines Regal mit Schreibtisch Konfiguration W8 | Design: Nisse Strinning\" src=\"https:\/\/www.raum-blick.de\/magazin\/wp-content\/uploads\/2025\/01\/string-furniture-regal-konfiguration-w8-arbeitszimmer.jpg\" alt=\"String \u2013 kleines Regal mit Schreibtisch Konfiguration W8 | Design: Nisse Strinning\" width=\"620\" height=\"558\" srcset=\"https:\/\/raum-blick.de\/magazin\/wp-content\/uploads\/2025\/01\/string-furniture-regal-konfiguration-w8-arbeitszimmer.jpg 620w, https:\/\/raum-blick.de\/magazin\/wp-content\/uploads\/2025\/01\/string-furniture-regal-konfiguration-w8-arbeitszimmer-300x270.jpg 300w\" sizes=\"(max-width: 620px) 100vw, 620px\" \/><\/a><\/p>\n<p style=\"text-align: justify;\">Der Pluspunkt: Durch sein puristisches Design beschwert der improvisierte Arbeitsplatz das Flair nicht. Gleiches gilt f\u00fcr den grazilen <a href=\"https:\/\/www.raum-blick.de\/kartell-masters-sedia-stuhl\">Masters Sedia Stuhl von Kartell<\/a>, der f\u00fcr die kurze Work-Session wegen der gerundeten R\u00fcckenlehne bequem genug ist. Sie haben es schon erkannt: Das Ensemble bew\u00e4hrt sich im Alltag nicht nur als Mini-Home Office, sondern auch als Schminktisch oder Basteltisch.<\/p>\n<p><a href=\"https:\/\/www.raum-blick.de\/kartell-masters-sedia-stuhl\"><img loading=\"lazy\" decoding=\"async\" class=\"aligncenter wp-image-17880 size-full\" title=\"Kartell Masters Sedia Stuhl | Design: Philippe Starck, 2010\" src=\"https:\/\/www.raum-blick.de\/magazin\/wp-content\/uploads\/2025\/01\/kartell-masters-sedia-stuhl-weiss.jpg\" alt=\"Kartell Masters Sedia Stuhl | Design: Philippe Starck, 2010\" width=\"620\" height=\"486\" srcset=\"https:\/\/raum-blick.de\/magazin\/wp-content\/uploads\/2025\/01\/kartell-masters-sedia-stuhl-weiss.jpg 620w, https:\/\/raum-blick.de\/magazin\/wp-content\/uploads\/2025\/01\/kartell-masters-sedia-stuhl-weiss-300x235.jpg 300w\" sizes=\"(max-width: 620px) 100vw, 620px\" \/><\/a><\/p>\n<h2><span class=\"ez-toc-section\" id=\"Bequeme_Bueromoebel_fuer_den_platzsparenden_Schaffensbereich\"><\/span>Bequeme B\u00fcrom\u00f6bel f\u00fcr den platzsparenden Schaffensbereich<span class=\"ez-toc-section-end\"><\/span><\/h2>\n<p style=\"text-align: justify;\">Wer an ausgew\u00e4hlten Tagen komplett zu Hause seinem Beruf nachgeht, sollte auf ergonomisches Arbeiten achten. Schlie\u00dflich m\u00f6chte man mit den Ergebnissen genauso \u00fcberzeugen wie im B\u00fcro der Firma. Eine aufger\u00e4umte Atmosph\u00e4re f\u00f6rdert die Konzentration. Fast alles befindet sich heutzutage digital auf dem Notebook. Ladekabel, Schmierpapier, Notizbuch: Einige Utensilien sind trotzdem mit von der Partie. Der <a href=\"https:\/\/www.raum-blick.de\/jan-kurtz-schreibtisch-nara\">Nara Schreibtisch von Jan Kurtz<\/a> kommt mit seiner Schublade dem Sinn f\u00fcr Ordnung entgegen. Er ist kompakt, gen\u00fcgt aber in Sachen Arbeitsplatzergonomie f\u00fcr die meisten T\u00e4tigkeiten.<\/p>\n<p><a href=\"https:\/\/www.raum-blick.de\/jan-kurtz-schreibtisch-nara\"><img loading=\"lazy\" decoding=\"async\" class=\"aligncenter wp-image-17883 size-full\" title=\"Jan Kurtz \u2013 Schreibtisch Nara, aus Massiveiche\" src=\"https:\/\/www.raum-blick.de\/magazin\/wp-content\/uploads\/2025\/01\/jan-kurtz-schreibtisch-nara-holz.jpg\" alt=\"Jan Kurtz \u2013 Schreibtisch Nara, aus Massiveiche - Ergonomie am Arbeitsplatz\" width=\"620\" height=\"530\" srcset=\"https:\/\/raum-blick.de\/magazin\/wp-content\/uploads\/2025\/01\/jan-kurtz-schreibtisch-nara-holz.jpg 620w, https:\/\/raum-blick.de\/magazin\/wp-content\/uploads\/2025\/01\/jan-kurtz-schreibtisch-nara-holz-300x256.jpg 300w\" sizes=\"(max-width: 620px) 100vw, 620px\" \/><\/a><\/p>\n<p style=\"text-align: justify;\">Beim Nachdenken vergisst man schnell die Zeit und t\u00fcftelt stundenlang an einem Problem. Bedeutender als alle anderen M\u00f6bel sind deshalb ergonomische St\u00fchle. Sie sind die Spezialit\u00e4t der <a href=\"https:\/\/www.raum-blick.de\/aeris\/\">Marke Aeris<\/a>, die mit dem Muvman \u00fcberrascht. Er kombiniert das Sitzen mit dem Stehen und verf\u00fchrt zur aufrechten Haltung. Das raffinierte Konzept des enorm flexiblen Stuhls ist Ergonomie pur: Es entlastet die Bandscheiben und provoziert unentwegt sinnvolle Bewegungen, obwohl man sitzt. So bleiben Sie in Form und der Geist wach.<\/p>\n<p><a href=\"https:\/\/www.raum-blick.de\/aeris-muvman-grau\"><img loading=\"lazy\" decoding=\"async\" class=\"aligncenter wp-image-17885 size-full\" title=\"Aeris \u2013 Muvman S\u00e4ulenfarbe: grau Design: Henner Jahns | Aeris - Muvman grau\" src=\"https:\/\/www.raum-blick.de\/magazin\/wp-content\/uploads\/2025\/01\/muvman-aeris.jpg\" alt=\"Aeris \u2013 Muvman S\u00e4ulenfarbe: grau Design: Henner Jahns | Aeris - Muvman grau - Ergonomie am Arbeitsplatz\" width=\"620\" height=\"620\" srcset=\"https:\/\/raum-blick.de\/magazin\/wp-content\/uploads\/2025\/01\/muvman-aeris.jpg 620w, https:\/\/raum-blick.de\/magazin\/wp-content\/uploads\/2025\/01\/muvman-aeris-300x300.jpg 300w, https:\/\/raum-blick.de\/magazin\/wp-content\/uploads\/2025\/01\/muvman-aeris-150x150.jpg 150w\" sizes=\"(max-width: 620px) 100vw, 620px\" \/><\/a><\/p>\n<h2><span class=\"ez-toc-section\" id=\"Geschaffen_fuer_die_Ergonomie_%E2%80%93_individuell_anpassbare_Moebel\"><\/span>Geschaffen f\u00fcr die Ergonomie &#8211; individuell anpassbare M\u00f6bel<span class=\"ez-toc-section-end\"><\/span><\/h2>\n<p style=\"text-align: justify;\">Ziept es hier und da schon im R\u00fccken? Dann ist es bei der Arbeitsplatzgestaltung wichtig, dass alle B\u00fcrom\u00f6bel pr\u00e4zise aufeinander abgestimmt sind. Ein ergonomischer Schreibtisch sollte laut Experten bei einer K\u00f6rpergr\u00f6\u00dfe von 170 cm h\u00f6chstens 72 cm hoch sein. Wer 1,90 m gro\u00df ist, empfindet eine Tischh\u00f6he von fast 80 cm als angenehm.<\/p>\n<div id=\"attachment_17889\" style=\"width: 630px\" class=\"wp-caption aligncenter\"><img loading=\"lazy\" decoding=\"async\" aria-describedby=\"caption-attachment-17889\" class=\"wp-image-17889 size-full\" title=\"Eine ergonomische Sitzposition ist wichtig f\u00fcr die R\u00fcckengesundheit\" src=\"https:\/\/www.raum-blick.de\/magazin\/wp-content\/uploads\/2025\/01\/Junge-Frau-Buero-Ergonomie.jpg\" alt=\"Frau sitzt aufrecht auf ergomischem Hocker - Ergonomie am Arbeitsplatz\" width=\"620\" height=\"414\" srcset=\"https:\/\/raum-blick.de\/magazin\/wp-content\/uploads\/2025\/01\/Junge-Frau-Buero-Ergonomie.jpg 620w, https:\/\/raum-blick.de\/magazin\/wp-content\/uploads\/2025\/01\/Junge-Frau-Buero-Ergonomie-300x200.jpg 300w\" sizes=\"(max-width: 620px) 100vw, 620px\" \/><p id=\"caption-attachment-17889\" class=\"wp-caption-text\">\u00a9 Kevin Sloniecki &#8211; stock.adobe.com<\/p><\/div>\n<p style=\"text-align: justify;\"><a href=\"https:\/\/www.raum-blick.de\/string-furniture\/\">String<\/a> stellt M\u00f6bel mit einer Schreibtischplatte vor, die sich flexibel justieren l\u00e4sst. Sogar die Nutzung als Stehtisch ist m\u00f6glich, wenn die Ergonomie am Arbeitsplatz daf\u00fcr spricht. Ein gutes Beispiel w\u00e4ren kreative Aufgaben, denen man sich zwischendurch widmet. F\u00fcr den h\u00f6henverstellbaren Tisch ist der rollbare Schubladenschrank des skandinavischen Herstellers die treffende Erg\u00e4nzung. Ihn kann man dort platzieren, wo es gerade f\u00fcr den Griffradius bequem ist.<\/p>\n<p><a href=\"https:\/\/www.raum-blick.de\/string-furniture-tischrahmen\"><img loading=\"lazy\" decoding=\"async\" class=\"aligncenter wp-image-17892 size-full\" title=\"String - Tischbeine ohne Tischplatte | h\u00f6henverstellbar\" src=\"https:\/\/www.raum-blick.de\/magazin\/wp-content\/uploads\/2025\/01\/string-furniture-tischrahmen.jpg\" alt=\"String - Tischbeine ohne Tischplatte | h\u00f6henverstellbar\" width=\"620\" height=\"315\" srcset=\"https:\/\/raum-blick.de\/magazin\/wp-content\/uploads\/2025\/01\/string-furniture-tischrahmen.jpg 620w, https:\/\/raum-blick.de\/magazin\/wp-content\/uploads\/2025\/01\/string-furniture-tischrahmen-300x152.jpg 300w\" sizes=\"(max-width: 620px) 100vw, 620px\" \/><\/a><\/p>\n<p style=\"text-align: justify;\">Bewegtes Sitzen kann R\u00fcckenproblemen entgegenwirken. Der <a href=\"https:\/\/www.raum-blick.de\/aeris-swopper-mit-rollen-schwarz\">Aeris Swopper<\/a> ist f\u00fcr eine Arbeitsplatzgestaltung ideal, die den K\u00f6rper effektiv entlastet. Der Hocker beugt mit seiner dreidimensionalen Beweglichkeit Verspannungen vor und trainiert die Muskulatur. Bei aller Liebe zur Ergonomie am Arbeitsplatz m\u00f6chten Sie sich nicht mit einem Sitzhocker begn\u00fcgen? Kein Problem: Nat\u00fcrlich bietet Aeris auch <a href=\"https:\/\/www.raum-blick.de\/buerostuehle\/\">B\u00fcrost\u00fchle<\/a> mit R\u00fcckenlehne an, die auf dem bewegungsf\u00f6rdernden Designkonzept beruhen.<\/p>\n<p><a href=\"https:\/\/www.raum-blick.de\/aeris-swopper-mit-rollen-schwarz\"><img loading=\"lazy\" decoding=\"async\" class=\"aligncenter wp-image-17894 size-full\" title=\"Aeris \u2013 Swopper mit Rollen, Gestellfarbe: schwarz | Design: Henner Jahns\" src=\"https:\/\/www.raum-blick.de\/magazin\/wp-content\/uploads\/2025\/01\/aeris-swopper-rollen-schwarz.jpg\" alt=\"Aeris \u2013 Swopper mit Rollen, Gestellfarbe: schwarz | Design: Henner Jahns\" width=\"620\" height=\"508\" srcset=\"https:\/\/raum-blick.de\/magazin\/wp-content\/uploads\/2025\/01\/aeris-swopper-rollen-schwarz.jpg 620w, https:\/\/raum-blick.de\/magazin\/wp-content\/uploads\/2025\/01\/aeris-swopper-rollen-schwarz-300x246.jpg 300w\" sizes=\"(max-width: 620px) 100vw, 620px\" \/><\/a><\/p>\n<h2><span class=\"ez-toc-section\" id=\"Morgens_Ihr_ergonomischer_Arbeitsplatz_abends_Ihr_gemuetlicher_Treffpunkt\"><\/span>Morgens Ihr ergonomischer Arbeitsplatz, abends Ihr gem\u00fctlicher Treffpunkt<span class=\"ez-toc-section-end\"><\/span><\/h2>\n<p style=\"text-align: justify;\">Computer, Dokumente, Skizzen: Wenn man sich beim Arbeiten gerne ausbreitet, sollte ein ergonomischer Schreibtisch reichlich Platz bieten. Der Haken: Wer gro\u00dfz\u00fcgige B\u00fcrom\u00f6bel ins Spiel bringen m\u00f6chte, ben\u00f6tigt einen separaten Raum. Er ist selten in der Privatwohnung verf\u00fcgbar. Die sinnvollste Alternative: Man bezieht in die Arbeitsplatzgestaltung das komplette Wohnzimmer ein, um es passend zur Tageszeit anders zu nutzen. Die Schl\u00fcsselrolle \u00fcbernehmen dabei multifunktionale M\u00f6bel.<\/p>\n<p><a href=\"https:\/\/www.raum-blick.de\/jan-kurtz-work-tisch\"><img loading=\"lazy\" decoding=\"async\" class=\"aligncenter wp-image-17896 size-full\" title=\"Jan Kurtz \u2013 Work Tisch gro\u00dfer Tisch aus Eichenholz\" src=\"https:\/\/www.raum-blick.de\/magazin\/wp-content\/uploads\/2025\/01\/jan-kurtz-work-tisch-weiss-eiche.jpg\" alt=\"Jan Kurtz \u2013 Work Tisch gro\u00dfer Tisch aus Eichenholz\" width=\"620\" height=\"488\" srcset=\"https:\/\/raum-blick.de\/magazin\/wp-content\/uploads\/2025\/01\/jan-kurtz-work-tisch-weiss-eiche.jpg 620w, https:\/\/raum-blick.de\/magazin\/wp-content\/uploads\/2025\/01\/jan-kurtz-work-tisch-weiss-eiche-300x236.jpg 300w\" sizes=\"(max-width: 620px) 100vw, 620px\" \/><\/a><\/p>\n<p style=\"text-align: justify;\">Sobald das Fr\u00fchst\u00fcck verputzt ist, wird der <a href=\"https:\/\/www.raum-blick.de\/jan-kurtz-work-tisch\">Work Tisch von Jan Kurtz<\/a> freiger\u00e4umt. Er begeistert mit einer gro\u00dfz\u00fcgigen Arbeitsfl\u00e4che f\u00fcrs kreative Schaffen und viel Beinfreiheit beim Sitzen. Rundherum warten die <a href=\"https:\/\/www.raum-blick.de\/aeris-numo\">Aeris Numo St\u00fchle<\/a> auf ihren Einsatz. Mit den bequemen Sitzschalen folgen sie allen K\u00f6rperbewegungen. Sie entsprechen dadurch den Kriterien f\u00fcr B\u00fcrom\u00f6bel und die ergonomische Arbeitsplatzgestaltung.<\/p>\n<p><a href=\"https:\/\/www.raum-blick.de\/aeris-numo\"><img loading=\"lazy\" decoding=\"async\" class=\"aligncenter wp-image-17898 size-full\" title=\"Aeris \u2013 Numo Stuhl Gestell: Holzbeine | Design: Andreas Ostwald\" src=\"https:\/\/www.raum-blick.de\/magazin\/wp-content\/uploads\/2025\/01\/aeris-numo-stuhl-schreibtisch.jpg\" alt=\"Aeris \u2013 Numo Stuhl Gestell: Holzbeine | Design: Andreas Ostwald\" width=\"620\" height=\"620\" srcset=\"https:\/\/raum-blick.de\/magazin\/wp-content\/uploads\/2025\/01\/aeris-numo-stuhl-schreibtisch.jpg 620w, https:\/\/raum-blick.de\/magazin\/wp-content\/uploads\/2025\/01\/aeris-numo-stuhl-schreibtisch-300x300.jpg 300w, https:\/\/raum-blick.de\/magazin\/wp-content\/uploads\/2025\/01\/aeris-numo-stuhl-schreibtisch-150x150.jpg 150w\" sizes=\"(max-width: 620px) 100vw, 620px\" \/><\/a><\/p>\n<p style=\"text-align: justify;\">W\u00e4hrend des Tages gesellt sich der <a href=\"https:\/\/www.raum-blick.de\/kartell-componibili-4933\">Componibili 4933 von Kartell<\/a> hinzu. In dem Rollcontainer finden sich alle ben\u00f6tigten Arbeitsmaterialien. Er r\u00e4umt wieder das Feld, sobald der Feierabend eingel\u00e4utet wird. Schon wirkt das Ensemble nicht mehr wie ein B\u00fcro, sondern \u00fcberzeugt als gem\u00fctliche Dinnertafel. Daf\u00fcr sorgt neben dem schicken M\u00f6beldesign das helle Holz, das die Tischplatte und Stuhlbeine charakterisiert.<\/p>\n<p><a href=\"https:\/\/www.raum-blick.de\/kartell-componibili-4933\"><img loading=\"lazy\" decoding=\"async\" class=\"aligncenter wp-image-17900 size-full\" title=\"Kartell Componibili 4933 Zwei F\u00e4cher | Design: Anna Castelli Ferrieri, 1969 Kartell - Componibili 4933\" src=\"https:\/\/www.raum-blick.de\/magazin\/wp-content\/uploads\/2025\/01\/kartell-componibili-4933.jpg\" alt=\"Kartell Componibili 4933 Zwei F\u00e4cher | Design: Anna Castelli Ferrieri, 1969 Kartell - Componibili 4933\" width=\"620\" height=\"598\" srcset=\"https:\/\/raum-blick.de\/magazin\/wp-content\/uploads\/2025\/01\/kartell-componibili-4933.jpg 620w, https:\/\/raum-blick.de\/magazin\/wp-content\/uploads\/2025\/01\/kartell-componibili-4933-300x289.jpg 300w\" sizes=\"(max-width: 620px) 100vw, 620px\" \/><\/a><\/p>\n<h2><span class=\"ez-toc-section\" id=\"Ergonomischer_Arbeitsplatz_%E2%80%93_mehr_als_bequeme_Bueromoebel\"><\/span>Ergonomischer Arbeitsplatz \u2013 mehr als bequeme B\u00fcrom\u00f6bel<span class=\"ez-toc-section-end\"><\/span><\/h2>\n<p style=\"text-align: justify;\">Die moderne Arbeitsplatzgestaltung im B\u00fcro des Firmengeb\u00e4udes animiert zum bewegten Workflow. Sie entspricht den aktuellen Erkenntnissen zur Ergonomie, kurbelt den Erfolg an und sollte auch das Home Office pr\u00e4gen: Nach Geistesblitzen ringt man im Garten, die Brosch\u00fcren werden auf dem Sofa durchgebl\u00e4ttert und die Schaffenskrise wird f\u00fcr eine Trainingseinheit genutzt, zum Beispiel mit dem <a href=\"https:\/\/www.raum-blick.de\/vluv\/\">VLUV Gymnastik- und Sitzball<\/a>.<\/p>\n<p><a href=\"https:\/\/www.raum-blick.de\/vluv-sitzball-stov-stoff\"><img loading=\"lazy\" decoding=\"async\" class=\"aligncenter wp-image-17902 size-full\" title=\"VLUV - Sitzball STOV Stilvoll und ergonomisches Sitzm\u00f6bel aus robustem, dichten Polyesterstoff\" src=\"https:\/\/www.raum-blick.de\/magazin\/wp-content\/uploads\/2025\/01\/vluv-sitzball-stov-stoff.jpg\" alt=\"VLUV - Sitzball STOV Stilvoll und ergonomisches Sitzm\u00f6bel aus robustem, dichten Polyesterstoff - Ergonomie am Arbeitsplatz\" width=\"620\" height=\"620\" srcset=\"https:\/\/raum-blick.de\/magazin\/wp-content\/uploads\/2025\/01\/vluv-sitzball-stov-stoff.jpg 620w, https:\/\/raum-blick.de\/magazin\/wp-content\/uploads\/2025\/01\/vluv-sitzball-stov-stoff-300x300.jpg 300w, https:\/\/raum-blick.de\/magazin\/wp-content\/uploads\/2025\/01\/vluv-sitzball-stov-stoff-150x150.jpg 150w\" sizes=\"(max-width: 620px) 100vw, 620px\" \/><\/a><\/p>\n<p style=\"text-align: justify;\">Die Lichtverh\u00e4ltnisse sind f\u00fcr die Ergonomie am Arbeitsplatz genauso wichtig wie hochwertige B\u00fcrom\u00f6bel. <a href=\"https:\/\/www.raum-blick.de\/buerolampen\/\">Optimale Beleuchtung f\u00fcrs B\u00fcro<\/a> entdeckt man bei <a href=\"https:\/\/www.raum-blick.de\/flos\/\">Flos<\/a>: Die gelenkige Arbeitsleuchte <a href=\"https:\/\/www.raum-blick.de\/flos-kelvin-edge-base-tischlampe\">Kelvin Edge Base<\/a> ist lichtstark und blendfrei konzipiert.<\/p>\n<p><a href=\"https:\/\/www.raum-blick.de\/flos-kelvin-edge-base-tischlampe\"><img loading=\"lazy\" decoding=\"async\" class=\"aligncenter wp-image-17904 size-full\" title=\"Flos \u2013 Kelvin Edge Base Schreibtischlampe stilvoll &amp; edel | Design: Antonio Citterio, 2015\" src=\"https:\/\/www.raum-blick.de\/magazin\/wp-content\/uploads\/2025\/01\/kelvin-edge-base-schwarz-flos.jpg\" alt=\"Flos \u2013 Kelvin Edge Base Schreibtischlampe stilvoll &amp; edel | Design: Antonio Citterio, 2015\" width=\"620\" height=\"596\" srcset=\"https:\/\/raum-blick.de\/magazin\/wp-content\/uploads\/2025\/01\/kelvin-edge-base-schwarz-flos.jpg 620w, https:\/\/raum-blick.de\/magazin\/wp-content\/uploads\/2025\/01\/kelvin-edge-base-schwarz-flos-300x288.jpg 300w\" sizes=\"(max-width: 620px) 100vw, 620px\" \/><\/a><\/p>\n<p style=\"text-align: justify;\">Sie \u00fcberzeugt auf dem Schreibtisch, w\u00e4hrend die <a href=\"https:\/\/www.raum-blick.de\/flos-almendra-arch-s2-pendelleuchte\">futuristische Pendelleuchte Almendra S2<\/a> zum multifunktional genutzten Esstisch passt. Beide Designleuchten spenden dank Dimmer, Farbwechsler und justierbarer Elemente nicht nur konzentrationsf\u00f6rderndes Licht. Brillant meistern sie auch die gem\u00fctliche Beleuchtung, um alle W\u00fcnsche beim Arbeiten und Relaxen zu erf\u00fcllen.<\/p>\n<p><a href=\"https:\/\/www.raum-blick.de\/flos-almendra-arch-s2-pendelleuchte\"><img loading=\"lazy\" decoding=\"async\" class=\"aligncenter wp-image-17906 size-full\" title=\"Flos \u2013 Almendra Arch S2 Leuchte Pendelleuchte in futuristischem Design | Design: Patricia Urquiola, 2022\" src=\"https:\/\/www.raum-blick.de\/magazin\/wp-content\/uploads\/2025\/01\/almendra-s2-flos-pendelleuchte.jpg\" alt=\"Flos \u2013 Almendra Arch S2 Leuchte Pendelleuchte in futuristischem Design | Design: Patricia Urquiola, 2022\" width=\"620\" height=\"620\" srcset=\"https:\/\/raum-blick.de\/magazin\/wp-content\/uploads\/2025\/01\/almendra-s2-flos-pendelleuchte.jpg 620w, https:\/\/raum-blick.de\/magazin\/wp-content\/uploads\/2025\/01\/almendra-s2-flos-pendelleuchte-300x300.jpg 300w, https:\/\/raum-blick.de\/magazin\/wp-content\/uploads\/2025\/01\/almendra-s2-flos-pendelleuchte-150x150.jpg 150w\" sizes=\"(max-width: 620px) 100vw, 620px\" \/><\/a><\/p>\n","protected":false},"excerpt":{"rendered":"<p>\u00ab Mehr Leistung durch passende Einrichtung \u00bb Warum bedeutet Ergonomie am Arbeitsplatz so viel? Im B\u00fcro verbringt man viele Stunden im Sitzen damit, konzentriert eine Aufgabe am Bildschirm zu l\u00f6sen. Das beansprucht Geist und K\u00f6rper, die sich nach Abwechslung, Ruhepausen und Bewegung sehnen. W\u00e4hlt man die richtigen B\u00fcrom\u00f6bel, mindert sich die Belastung und steigert sich [&hellip;]<\/p>\n","protected":false},"author":4,"featured_media":17891,"comment_status":"closed","ping_status":"open","sticky":false,"template":"","format":"standard","meta":{"_et_pb_use_builder":"","_et_pb_old_content":"","_et_gb_content_width":"","inline_featured_image":false,"footnotes":""},"categories":[1],"tags":[2078,2074,2076,2077,2087,2075,633,1428],"class_list":["post-17872","post","type-post","status-publish","format-standard","has-post-thumbnail","hentry","category-drinnen","tag-bequeme-bueromoebel","tag-ergonomie-am-arbeitsplatz","tag-ergonomisch-sitzen","tag-hoehenverstellbarer-tisch","tag-rueckenentlastung","tag-rueckenschmerzen","tag-sitzball","tag-swopper"],"_links":{"self":[{"href":"https:\/\/raum-blick.de\/magazin\/wp-json\/wp\/v2\/posts\/17872","targetHints":{"allow":["GET"]}}],"collection":[{"href":"https:\/\/raum-blick.de\/magazin\/wp-json\/wp\/v2\/posts"}],"about":[{"href":"https:\/\/raum-blick.de\/magazin\/wp-json\/wp\/v2\/types\/post"}],"author":[{"embeddable":true,"href":"https:\/\/raum-blick.de\/magazin\/wp-json\/wp\/v2\/users\/4"}],"replies":[{"embeddable":true,"href":"https:\/\/raum-blick.de\/magazin\/wp-json\/wp\/v2\/comments?post=17872"}],"version-history":[{"count":20,"href":"https:\/\/raum-blick.de\/magazin\/wp-json\/wp\/v2\/posts\/17872\/revisions"}],"predecessor-version":[{"id":17910,"href":"https:\/\/raum-blick.de\/magazin\/wp-json\/wp\/v2\/posts\/17872\/revisions\/17910"}],"wp:featuredmedia":[{"embeddable":true,"href":"https:\/\/raum-blick.de\/magazin\/wp-json\/wp\/v2\/media\/17891"}],"wp:attachment":[{"href":"https:\/\/raum-blick.de\/magazin\/wp-json\/wp\/v2\/media?parent=17872"}],"wp:term":[{"taxonomy":"category","embeddable":true,"href":"https:\/\/raum-blick.de\/magazin\/wp-json\/wp\/v2\/categories?post=17872"},{"taxonomy":"post_tag","embeddable":true,"href":"https:\/\/raum-blick.de\/magazin\/wp-json\/wp\/v2\/tags?post=17872"}],"curies":[{"name":"wp","href":"https:\/\/api.w.org\/{rel}","templated":true}]}}