{"id":17841,"date":"2023-01-26T10:00:40","date_gmt":"2023-01-26T09:00:40","guid":{"rendered":"https:\/\/www.raum-blick.de\/magazin\/?p=17841"},"modified":"2024-09-02T14:16:37","modified_gmt":"2024-09-02T12:16:37","slug":"wohntrends-2023","status":"publish","type":"post","link":"https:\/\/raum-blick.de\/magazin\/wohntrends-2023\/","title":{"rendered":"Wohntrends 2023 \u2013 neueste Trends f\u00fcr ein sch\u00f6nes Zuhause"},"content":{"rendered":"<p style=\"text-align: justify;\"><strong>Stilmix mit gewagten Mustern, maritim-leichte Landhausidylle oder eine gr\u00fcne Offensive: Die Wohntrends 2023 servieren f\u00fcr jeden Geschmack tolle Anregungen. Wir zeigen Ihnen, wie Sie die frischen Ideen beim Einrichten und Dekorieren stilbewusst aufgreifen.<\/strong><\/p>\n<h2><span class=\"ez-toc-section\" id=\"Must-have_fuers_Digitalzeitalter_Homeoffice_2023\"><\/span>Must-have f\u00fcrs Digitalzeitalter: Homeoffice 2023<span class=\"ez-toc-section-end\"><\/span><\/h2>\n<p style=\"text-align: justify;\">Steigende Mietpreise sprechen f\u00fcr kleinere Wohnungen. Gleichzeitig m\u00f6chte man das Angebot des Arbeitgebers nicht ablehnen, die Aufgaben bequem daheim zu erledigen. Die knifflige Kombination befl\u00fcgelt 2023 den Wohntrend, die Einrichtung mit einem Homeoffice aufzuwerten \u2013 und zwar platzsparend. Geschaffen ist daf\u00fcr ein Designklassiker aus dem Jahr 1949. Damals entwarf Nisse Strinning ein erweiterbares B\u00fccherregal, auf dem heute eine modulare Kollektion beruht. In der <a href=\"https:\/\/www.raum-blick.de\/string-furniture-regal-konfiguration-w1-arbeitszimmer\">Konfiguration W1<\/a> vereint String das Regal f\u00fcr B\u00fcroutensilien auf kleinstem Raum mit dem Schreibtisch.<\/p><div id=\"ez-toc-container\" class=\"ez-toc-v2_0_82_2 counter-hierarchy ez-toc-counter ez-toc-grey ez-toc-container-direction\">\n<div class=\"ez-toc-title-container\">\n<p class=\"ez-toc-title\" style=\"cursor:inherit\">Was hier auf Sie wartet<\/p>\n<span class=\"ez-toc-title-toggle\"><a href=\"#\" class=\"ez-toc-pull-right ez-toc-btn ez-toc-btn-xs ez-toc-btn-default ez-toc-toggle\" aria-label=\"Toggle Table of Content\"><span class=\"ez-toc-js-icon-con\"><span class=\"\"><span class=\"eztoc-hide\" style=\"display:none;\">Toggle<\/span><span class=\"ez-toc-icon-toggle-span\"><svg style=\"fill: #999;color:#999\" xmlns=\"http:\/\/www.w3.org\/2000\/svg\" class=\"list-377408\" width=\"20px\" height=\"20px\" viewBox=\"0 0 24 24\" fill=\"none\"><path d=\"M6 6H4v2h2V6zm14 0H8v2h12V6zM4 11h2v2H4v-2zm16 0H8v2h12v-2zM4 16h2v2H4v-2zm16 0H8v2h12v-2z\" fill=\"currentColor\"><\/path><\/svg><svg style=\"fill: #999;color:#999\" class=\"arrow-unsorted-368013\" xmlns=\"http:\/\/www.w3.org\/2000\/svg\" width=\"10px\" height=\"10px\" viewBox=\"0 0 24 24\" version=\"1.2\" baseProfile=\"tiny\"><path d=\"M18.2 9.3l-6.2-6.3-6.2 6.3c-.2.2-.3.4-.3.7s.1.5.3.7c.2.2.4.3.7.3h11c.3 0 .5-.1.7-.3.2-.2.3-.5.3-.7s-.1-.5-.3-.7zM5.8 14.7l6.2 6.3 6.2-6.3c.2-.2.3-.5.3-.7s-.1-.5-.3-.7c-.2-.2-.4-.3-.7-.3h-11c-.3 0-.5.1-.7.3-.2.2-.3.5-.3.7s.1.5.3.7z\"\/><\/svg><\/span><\/span><\/span><\/a><\/span><\/div>\n<nav><ul class='ez-toc-list ez-toc-list-level-1 ' ><li class='ez-toc-page-1 ez-toc-heading-level-2'><a class=\"ez-toc-link ez-toc-heading-1\" href=\"https:\/\/raum-blick.de\/magazin\/wohntrends-2023\/#Must-have_fuers_Digitalzeitalter_Homeoffice_2023\" >Must-have f\u00fcrs Digitalzeitalter: Homeoffice 2023<\/a><\/li><li class='ez-toc-page-1 ez-toc-heading-level-2'><a class=\"ez-toc-link ez-toc-heading-2\" href=\"https:\/\/raum-blick.de\/magazin\/wohntrends-2023\/#Greenterior_%E2%80%93_Gruener_wirds_nicht\" >Greenterior \u2013 Gr\u00fcner wird&#8217;s nicht!<\/a><\/li><li class='ez-toc-page-1 ez-toc-heading-level-2'><a class=\"ez-toc-link ez-toc-heading-3\" href=\"https:\/\/raum-blick.de\/magazin\/wohntrends-2023\/#Eklektizismus_grenzenlos_kreativer_Stilmix\" >Eklektizismus: grenzenlos kreativer Stilmix<\/a><\/li><li class='ez-toc-page-1 ez-toc-heading-level-2'><a class=\"ez-toc-link ez-toc-heading-4\" href=\"https:\/\/raum-blick.de\/magazin\/wohntrends-2023\/#Angesagt_in_der_Wohnwelt_Japandi_und_Marmor\" >Angesagt in der Wohnwelt: Japandi und Marmor<\/a><\/li><li class='ez-toc-page-1 ez-toc-heading-level-2'><a class=\"ez-toc-link ez-toc-heading-5\" href=\"https:\/\/raum-blick.de\/magazin\/wohntrends-2023\/#Komfort-Accessoires_und_Coastal-Granny-Style_fuers_Bad\" >Komfort-Accessoires und Coastal-Granny-Style f\u00fcrs Bad<\/a><\/li><li class='ez-toc-page-1 ez-toc-heading-level-2'><a class=\"ez-toc-link ez-toc-heading-6\" href=\"https:\/\/raum-blick.de\/magazin\/wohntrends-2023\/#Befreiender_Minimalismus_der_die_Sinne_verwoehnt\" >Befreiender Minimalismus, der die Sinne verw\u00f6hnt<\/a><\/li><\/ul><\/nav><\/div>\n\n<p><a href=\"https:\/\/www.raum-blick.de\/string-furniture-regal-konfiguration-w1-arbeitszimmer\"><img loading=\"lazy\" decoding=\"async\" class=\"aligncenter wp-image-17847 size-full\" title=\"String \u2013 Regal mit Schreibtisch Konfiguration W1 | Design: Nisse Strinning\" src=\"https:\/\/www.raum-blick.de\/magazin\/wp-content\/uploads\/2025\/01\/string-arbeitsplatz-buero.jpg\" alt=\"String \u2013 Regal mit Schreibtisch Konfiguration W1 | Design: Nisse Strinning - Wohntrends 2023\" width=\"620\" height=\"765\" srcset=\"https:\/\/raum-blick.de\/magazin\/wp-content\/uploads\/2025\/01\/string-arbeitsplatz-buero.jpg 620w, https:\/\/raum-blick.de\/magazin\/wp-content\/uploads\/2025\/01\/string-arbeitsplatz-buero-243x300.jpg 243w\" sizes=\"(max-width: 620px) 100vw, 620px\" \/><\/a><\/p>\n<p style=\"text-align: justify;\">Durch den puristischen Stil wirkt die Designikone wie ein Trend-M\u00f6bel aus dem Jahr 2023, passt zu jedem Wohnstil und beschwert das Flair nicht. Gleiches gilt f\u00fcr den <a href=\"https:\/\/www.raum-blick.de\/aeris-swopper-weiss\">Aeris Swopper<\/a>. Der wei\u00dfe Hocker mit gr\u00fcnem Bezug wirkt unscheinbar, hat es aber in sich. Konsequent entwirft Aeris B\u00fcrost\u00fchle, mit denen Sie beim Sitzen in Bewegung bleiben. Das f\u00f6rdert die Konzentration, st\u00e4rkt die Muskulatur und beugt Verspannungen vor. Die leiterartigen Seitenteile des B\u00fcroregals laden dazu ein, einen weiteren Trend bei der Einrichtung aufzugreifen: Gr\u00fcnpflanzen so weit wie das Auge reicht. Platzieren Sie beidseitig Blumenk\u00fcbel und erlauben der gefleckten Efeutute, die Homeoffice-Flanken zu erobern.<\/p>\n<p><a href=\"https:\/\/www.raum-blick.de\/aeris-swopper-weiss\"><img loading=\"lazy\" decoding=\"async\" class=\"aligncenter wp-image-17849 size-full\" title=\"Aeris \u2013 Swopper Gestellfarbe: wei\u00df | Design: Henner Jahns\" src=\"https:\/\/www.raum-blick.de\/magazin\/wp-content\/uploads\/2025\/01\/Aeris-Swopper-weiss-rot.jpg\" alt=\"Aeris \u2013 Swopper Gestellfarbe: wei\u00df | Design: Henner Jahns - Wohntrends 2023\" width=\"620\" height=\"532\" srcset=\"https:\/\/raum-blick.de\/magazin\/wp-content\/uploads\/2025\/01\/Aeris-Swopper-weiss-rot.jpg 620w, https:\/\/raum-blick.de\/magazin\/wp-content\/uploads\/2025\/01\/Aeris-Swopper-weiss-rot-300x257.jpg 300w\" sizes=\"(max-width: 620px) 100vw, 620px\" \/><\/a><\/p>\n<h2><span class=\"ez-toc-section\" id=\"Greenterior_%E2%80%93_Gruener_wirds_nicht\"><\/span>Greenterior \u2013 Gr\u00fcner wird&#8217;s nicht!<span class=\"ez-toc-section-end\"><\/span><\/h2>\n<p style=\"text-align: justify;\">Die Floskel &#8222;Wohnen im Gr\u00fcnen&#8220; d\u00fcrfen Sie ab sofort w\u00f6rtlich nehmen. Je \u00fcppiger die Begr\u00fcnung ist, umso mehr entspricht Ihr Zuhause den Wohntrends 2023. Stilbewusst tendiert man bei den Zimmerpflanzen f\u00fcr die K\u00fcche, das Wohnzimmer und B\u00fcro zu Gattungen mit imposanten Bl\u00e4ttern, die hoch hinaus wachsen. Geigenfeige mit dichtem Wuchs, Dattelpalme mit eindrucksvollem Stamm oder Monstera mit extravaganten Bl\u00e4ttern: Sie entscheiden, welche gr\u00fcnen Giganten am besten zur Einrichtung passen. Wichtig ist, dass die schnell wachsenden Gr\u00fcnpflanzen reichlich Platz f\u00fcrs Entfalten haben. Dazu passen von <a href=\"https:\/\/www.raum-blick.de\/jan-kurtz-blumenkuebel-minigarden\">Jan Kurtz die gro\u00dfen Varianten der Minigarden Blumenk\u00fcbel<\/a>.<\/p>\n<p><a href=\"https:\/\/www.raum-blick.de\/jan-kurtz-blumenkuebel-minigarden\"><img loading=\"lazy\" decoding=\"async\" class=\"aligncenter wp-image-17851\" title=\"Jan Kurtz \u2013 Blumenk\u00fcbel Minigarden das Hochbeet in handlicher Gr\u00f6\u00dfe | Design: Kai Linke\" src=\"https:\/\/www.raum-blick.de\/magazin\/wp-content\/uploads\/2025\/01\/jan-kurtz-blumenkuebel-mini-garden-gestell.jpg\" alt=\"Jan Kurtz \u2013 Blumenk\u00fcbel Minigarden das Hochbeet in handlicher Gr\u00f6\u00dfe | Design: Kai Linke - Wohntrends 2023\" width=\"431\" height=\"350\" srcset=\"https:\/\/raum-blick.de\/magazin\/wp-content\/uploads\/2025\/01\/jan-kurtz-blumenkuebel-mini-garden-gestell.jpg 620w, https:\/\/raum-blick.de\/magazin\/wp-content\/uploads\/2025\/01\/jan-kurtz-blumenkuebel-mini-garden-gestell-300x244.jpg 300w\" sizes=\"(max-width: 431px) 100vw, 431px\" \/><\/a><\/p>\n<p style=\"text-align: justify;\">M\u00f6gen Sie es bunter? Bl\u00fchender Raumteiler mit Retro-Pflanzen sind 2023 angesagt, die den puristischen M\u00f6bel-Trends einen peppigen Kontrast g\u00f6nnen. Das ideale Fundament f\u00fcr die Einrichtungsidee ist die erh\u00f6hte <a href=\"https:\/\/www.raum-blick.de\/ferm-living-plant-box\">Plant Box von ferm LIVING<\/a>. Sie bringt das Potpourri aus feuerroter Flamingoblume, silbrig-elegantem Blaufarn und exotisch-farbenfroher Bromelie bestens zur Geltung.<\/p>\n<p><a href=\"https:\/\/www.raum-blick.de\/ferm-living-plant-box\"><img loading=\"lazy\" decoding=\"async\" class=\"aligncenter wp-image-17853 size-full\" title=\"ferm LIVING - Plant Box Pflanzenbeh\u00e4lter \/ Raumtrenner | Design: ferm LIVING\" src=\"https:\/\/www.raum-blick.de\/magazin\/wp-content\/uploads\/2025\/01\/ferm-plant-box.jpg\" alt=\"ferm LIVING - Plant Box Pflanzenbeh\u00e4lter \/ Raumtrenner | Design: ferm LIVING\" width=\"620\" height=\"547\" srcset=\"https:\/\/raum-blick.de\/magazin\/wp-content\/uploads\/2025\/01\/ferm-plant-box.jpg 620w, https:\/\/raum-blick.de\/magazin\/wp-content\/uploads\/2025\/01\/ferm-plant-box-300x265.jpg 300w\" sizes=\"(max-width: 620px) 100vw, 620px\" \/><\/a><\/p>\n<h2><span class=\"ez-toc-section\" id=\"Eklektizismus_grenzenlos_kreativer_Stilmix\"><\/span>Eklektizismus: grenzenlos kreativer Stilmix<span class=\"ez-toc-section-end\"><\/span><\/h2>\n<p style=\"text-align: justify;\">Alt, neu, kunterbunt, schlicht, kitschig und kunstvoll: Wer hinter allen Attributen ein H\u00e4kchen setzen kann, hat den mutigsten Einrichtungstrend f\u00fcr 2023 auf den Punkt getroffen. Doch Vorsicht: Ein Hauch zu viel des Guten kann daf\u00fcr sorgen, dass die Einrichtung der abwertenden Bedeutung von &#8222;Eklektizismus&#8220; alle Ehre macht. Bildungsb\u00fcrger bezeichneten einst Kunstwerke als eklektisch, bei denen die wild durcheinander gew\u00fcrfelten Stilelemente unoriginell wirkten. Tr\u00e4umen Sie schon lang von einem Refugium f\u00fcr inspirierende Lesestunden? Super, die Leseecke ist das optimale Versuchsprojekt f\u00fcr aktuelle Wohntrends mit exzentrischem Touch: Eigenwillig ist die Formgebung vom <a href=\"https:\/\/www.raum-blick.de\/cuero-pampa-mariposa-butterfly-chair\">Cuero Mariposa Butterfly<\/a>, der mit seinem Ledersitz gleichzeitig elegant und insgesamt puristisch wirkt. Er verweist mit seinem Design auf M\u00f6bel, die in S\u00fcdamerika legend\u00e4r sind. Assoziationen mit japanischem Stil sind bei der ferm LIVING Arum Wandleuchte genauso legitim wie Gedanken an die Bauhaus-\u00c4ra. Ihr Look ist ein Statement f\u00fcr sich, w\u00e4hrend das pulverbeschichtete Metall sie mit dem Schmetterlingssessel verlinkt.<\/p>\n<p><a href=\"https:\/\/www.raum-blick.de\/cuero-pampa-mariposa-butterfly-chair\"><img loading=\"lazy\" decoding=\"async\" class=\"aligncenter wp-image-17855 size-full\" title=\"Cuero \u2013 Butterfly Sessel Pampa Mariposa, Design-Klassiker | Design: Antonio Bonet \/ Juan Kurchan\" src=\"https:\/\/www.raum-blick.de\/magazin\/wp-content\/uploads\/2025\/01\/pampa-mariposa-butterfly-chair-cuero.jpg\" alt=\"Cuero \u2013 Butterfly Sessel Pampa Mariposa, Design-Klassiker | Design: Antonio Bonet \/ Juan Kurchan\" width=\"620\" height=\"496\" srcset=\"https:\/\/raum-blick.de\/magazin\/wp-content\/uploads\/2025\/01\/pampa-mariposa-butterfly-chair-cuero.jpg 620w, https:\/\/raum-blick.de\/magazin\/wp-content\/uploads\/2025\/01\/pampa-mariposa-butterfly-chair-cuero-300x240.jpg 300w\" sizes=\"(max-width: 620px) 100vw, 620px\" \/><\/a><\/p>\n<p style=\"text-align: justify;\">Bohemian-Design in Reinkultur charakterisiert das originelle <a href=\"https:\/\/www.raum-blick.de\/pad-picco-kissenhuelle\">Kissen PICCO von pad<\/a>. Es thront auf dem Lesesessel, w\u00e4hrend Sie der Fermob Beistelltisch in Ihrer schreienden Lieblingsfarbe davor anlacht. Machen Sie hier einen Punkt. Das Ensemble ist eklektisch genug f\u00fcr die Wohntrends \u00e0 la 2023.<\/p>\n<p><a href=\"https:\/\/www.raum-blick.de\/pad-picco-kissenhuelle\"><img loading=\"lazy\" decoding=\"async\" class=\"aligncenter wp-image-17857\" title=\"pad \u2013 PICCO Kissenh\u00fclle kunstvoll registriertes Design \" src=\"https:\/\/www.raum-blick.de\/magazin\/wp-content\/uploads\/2025\/01\/pad-picco-kissenhuelle-taupe.jpg\" alt=\"pad \u2013 PICCO Kissenh\u00fclle kunstvoll registriertes Design \" width=\"490\" height=\"470\" srcset=\"https:\/\/raum-blick.de\/magazin\/wp-content\/uploads\/2025\/01\/pad-picco-kissenhuelle-taupe.jpg 620w, https:\/\/raum-blick.de\/magazin\/wp-content\/uploads\/2025\/01\/pad-picco-kissenhuelle-taupe-300x288.jpg 300w\" sizes=\"(max-width: 490px) 100vw, 490px\" \/><\/a><\/p>\n<h2><span class=\"ez-toc-section\" id=\"Angesagt_in_der_Wohnwelt_Japandi_und_Marmor\"><\/span>Angesagt in der Wohnwelt: Japandi und Marmor<span class=\"ez-toc-section-end\"><\/span><\/h2>\n<p style=\"text-align: justify;\">Grandios ist die Idee, fern\u00f6stliches und skandinavisches Wohndesign zu vereinen. Die etablierten Stilrichtungen haben viele Gemeinsamkeiten, wirken im Duett aber ungemein spannender. Schon letztes Jahr inspirierte der Wohntrend, der 2023 anh\u00e4lt und Japandi hei\u00dft. Im Rennen bleibt au\u00dferdem die Vorliebe f\u00fcr Marmor, der M\u00f6bel ebenso adelt wie Accessoires. Lust auf eine inspirierend-luftige Verj\u00fcngungskur in der Wohnstube? Los gehts! Typische Stilelemente des japanischen Futons zitiert UMAGE beim <a href=\"https:\/\/www.raum-blick.de\/umage-lounge-around-horizons-loungesofa-3-sitzer\">Loungesofa Around<\/a>. Nordisch wirkt hingegen die Kombination aus Bez\u00fcgen im nat\u00fcrlichen Beige und hellem Massivholz.<\/p>\n<p><a href=\"https:\/\/www.raum-blick.de\/umage-lounge-around-horizons-loungesofa-3-sitzer\"><img loading=\"lazy\" decoding=\"async\" class=\"aligncenter wp-image-17859 size-full\" title=\"UMAGE \u2013 Lounge Around 3-Sitzer Sofa mit recycelten Horizons-Textil | Design: S\u00f8ren Ravn Christensen\" src=\"https:\/\/www.raum-blick.de\/magazin\/wp-content\/uploads\/2025\/01\/3-sitzer-lounge-around-eiche-shadow.jpg\" alt=\"UMAGE \u2013 Lounge Around 3-Sitzer Sofa mit recycelten Horizons-Textil | Design: S\u00f8ren Ravn Christensen\" width=\"620\" height=\"501\" srcset=\"https:\/\/raum-blick.de\/magazin\/wp-content\/uploads\/2025\/01\/3-sitzer-lounge-around-eiche-shadow.jpg 620w, https:\/\/raum-blick.de\/magazin\/wp-content\/uploads\/2025\/01\/3-sitzer-lounge-around-eiche-shadow-300x242.jpg 300w\" sizes=\"(max-width: 620px) 100vw, 620px\" \/><\/a><\/p>\n<p style=\"text-align: justify;\">Zum Einrichtungsstil in Japan und Skandinavien passen die formal reduzierten <a href=\"https:\/\/www.raum-blick.de\/ethnicraft-stone-beistelltisch\">Stone Beistelltische<\/a> und Konsolen. Bei ihrem Design lie\u00df Ethnicraft aktuelle M\u00f6bel-Trends einflie\u00dfen: Das verdeutlichen die ausdrucksvollen Emperador-Marmorplatten.<\/p>\n<p><a href=\"https:\/\/www.raum-blick.de\/ethnicraft-stone-beistelltisch\"><img loading=\"lazy\" decoding=\"async\" class=\"aligncenter wp-image-17861 size-full\" title=\"Ethnicraft \u2013 Stone Beistelltisch Marmor mit Ablagefach | Design: Djordje Cukanovic\" src=\"https:\/\/www.raum-blick.de\/magazin\/wp-content\/uploads\/2025\/01\/ethnicraft-stone-marmor-beistelltisch-hell-lifestyle-85433.jpg\" alt=\"Ethnicraft \u2013 Stone Beistelltisch Marmor mit Ablagefach | Design: Djordje Cukanovic\" width=\"620\" height=\"455\" srcset=\"https:\/\/raum-blick.de\/magazin\/wp-content\/uploads\/2025\/01\/ethnicraft-stone-marmor-beistelltisch-hell-lifestyle-85433.jpg 620w, https:\/\/raum-blick.de\/magazin\/wp-content\/uploads\/2025\/01\/ethnicraft-stone-marmor-beistelltisch-hell-lifestyle-85433-300x220.jpg 300w\" sizes=\"(max-width: 620px) 100vw, 620px\" \/><\/a><\/p>\n<p style=\"text-align: justify;\">Der stilsicheren Auffrischung im Wohnzimmer setzt die <a href=\"https:\/\/www.raum-blick.de\/kartell-tea-tischleuchte\">Designerleuchte Tea von Kartell<\/a> die Krone auf: Ihr inspirierend organischer Look wirkt fern\u00f6stlich und skandinavisch. Trendbewusst ist angesichts des Klimawandels ihre Fertigung aus recycelten Materialien.<\/p>\n<p><a href=\"https:\/\/www.raum-blick.de\/kartell-tea-tischleuchte\"><img loading=\"lazy\" decoding=\"async\" class=\"aligncenter wp-image-17863 size-full\" title=\"Kartell \u2013 Tea Tischleuchte aus recyceltem Material | Design: Ferruccio Laviani\" src=\"https:\/\/www.raum-blick.de\/magazin\/wp-content\/uploads\/2025\/01\/kartell-tea-leuchte-anthrazit-ambiente-87522.jpg\" alt=\"Kartell \u2013 Tea Tischleuchte aus recyceltem Material | Design: Ferruccio Laviani\" width=\"620\" height=\"620\" srcset=\"https:\/\/raum-blick.de\/magazin\/wp-content\/uploads\/2025\/01\/kartell-tea-leuchte-anthrazit-ambiente-87522.jpg 620w, https:\/\/raum-blick.de\/magazin\/wp-content\/uploads\/2025\/01\/kartell-tea-leuchte-anthrazit-ambiente-87522-300x300.jpg 300w, https:\/\/raum-blick.de\/magazin\/wp-content\/uploads\/2025\/01\/kartell-tea-leuchte-anthrazit-ambiente-87522-150x150.jpg 150w\" sizes=\"(max-width: 620px) 100vw, 620px\" \/><\/a><\/p>\n<h2><span class=\"ez-toc-section\" id=\"Komfort-Accessoires_und_Coastal-Granny-Style_fuers_Bad\"><\/span>Komfort-Accessoires und Coastal-Granny-Style f\u00fcrs Bad<span class=\"ez-toc-section-end\"><\/span><\/h2>\n<p style=\"text-align: justify;\">Nat\u00fcrlich sorgen die aktuellen Wohntrends nicht nur im Wohnzimmer f\u00fcr frischen Wind. Sie beeinflussen auch das Einrichten anderer R\u00e4ume und den Lifestyle. Menschen tendieren dazu, die kleinen Lichtblicke des Alltags mehr zu w\u00fcrdigen. Gro\u00df ist zum Beispiel das Interesse, das Wohlbefinden im Badezimmer zu steigern. Daf\u00fcr hat <a href=\"https:\/\/www.raum-blick.de\/decor-walther\/\">Decor Walther<\/a> die treffenden Accessoires in petto.Der elegant gl\u00e4nzende <a href=\"https:\/\/www.raum-blick.de\/decor-walther-dw-80-badhocker\">DW 80 Badhocker<\/a> l\u00e4dt dazu ein, sich beim Duschen bequem hinzusetzen. Beim relaxten Vollbad dient er als Beistelltisch f\u00fcrs Buch und Sektglas.<\/p>\n<div id=\"attachment_17864\" style=\"width: 630px\" class=\"wp-caption aligncenter\"><a href=\"https:\/\/www.raum-blick.de\/decor-walther-dw-80-badhocker\"><img loading=\"lazy\" decoding=\"async\" aria-describedby=\"caption-attachment-17864\" class=\"wp-image-17864 size-full\" title=\"Decor Walther Badhocker DW 80 aus Acryl\" src=\"https:\/\/www.raum-blick.de\/magazin\/wp-content\/uploads\/2025\/01\/decor-walther-dw-80-badhocker.jpg\" alt=\"\" width=\"620\" height=\"620\" srcset=\"https:\/\/raum-blick.de\/magazin\/wp-content\/uploads\/2025\/01\/decor-walther-dw-80-badhocker.jpg 620w, https:\/\/raum-blick.de\/magazin\/wp-content\/uploads\/2025\/01\/decor-walther-dw-80-badhocker-300x300.jpg 300w, https:\/\/raum-blick.de\/magazin\/wp-content\/uploads\/2025\/01\/decor-walther-dw-80-badhocker-150x150.jpg 150w\" sizes=\"(max-width: 620px) 100vw, 620px\" \/><\/a><p id=\"caption-attachment-17864\" class=\"wp-caption-text\">Decor Walther Badhocker DW 80 aus Acryl<\/p><\/div>\n<p style=\"text-align: justify;\">Nie mehr missen m\u00f6chte man den beleuchteten Just Look Spiegel mit Sensor und Vergr\u00f6\u00dferungseffekt, sobald er eingezogen ist. Unkompliziert maritim pr\u00e4sentiert sich derzeit moderner Landhausstil, der prima zur Spa-Welt passt. Dezent gestreifte Handt\u00fccher, Gl\u00e4ser mit selbst gesammelten Treibh\u00f6lzern und Muscheln, eine mehrflammige Designkerze mit frischem Ozeanduft: Schon entspricht die private Wellnessoase den Wohntrends im Jahr 2023.<\/p>\n<p><img loading=\"lazy\" decoding=\"async\" class=\"aligncenter wp-image-17867\" title=\"https:\/\/www.raum-blick.de\/decor-walther-just-look-wd-wandkosmetikspiegel\" src=\"https:\/\/www.raum-blick.de\/magazin\/wp-content\/uploads\/2025\/01\/decor-walther-just-look-wandkosmetikspiegel-65533.jpg\" alt=\"https:\/\/www.raum-blick.de\/decor-walther-just-look-wd-wandkosmetikspiegel\" width=\"620\" height=\"620\" srcset=\"https:\/\/raum-blick.de\/magazin\/wp-content\/uploads\/2025\/01\/decor-walther-just-look-wandkosmetikspiegel-65533.jpg 620w, https:\/\/raum-blick.de\/magazin\/wp-content\/uploads\/2025\/01\/decor-walther-just-look-wandkosmetikspiegel-65533-300x300.jpg 300w, https:\/\/raum-blick.de\/magazin\/wp-content\/uploads\/2025\/01\/decor-walther-just-look-wandkosmetikspiegel-65533-150x150.jpg 150w\" sizes=\"(max-width: 620px) 100vw, 620px\" \/><\/p>\n<h2><span class=\"ez-toc-section\" id=\"Befreiender_Minimalismus_der_die_Sinne_verwoehnt\"><\/span>Befreiender Minimalismus, der die Sinne verw\u00f6hnt<span class=\"ez-toc-section-end\"><\/span><\/h2>\n<p style=\"text-align: justify;\">Zu Hause wird kr\u00e4ftig ausgemistet, um modern zu wohnen. Ausgew\u00e4hlte Design-M\u00f6bel mit stilistischer Klarheit und vereinzelte Lieblingsaccessoires bleiben. Bei dem anhaltenden Trend geht es weniger um Sparsamkeit, sondern um die achtsame Lebensart und befreiend luftige Atmosph\u00e4re. Was f\u00fcr die M\u00f6bel und den Wohnstil gilt, spiegelt sich auch in der Freizeit wider. Die Devise lautet: Warum kompliziert, wenn einfache Genussmomente sch\u00f6ner sind? Am lauschigen Sommerabend wandern der Lamsac und die <a href=\"https:\/\/www.raum-blick.de\/fatboy-bolleke\">Bolleke Leuchte von Fatboy<\/a> samt Cocktailzutaten in den Rucksack. Mitten im Park wird das Luftsofa entfaltet und die Akkulampe am Baum befestigt.<\/p>\n<p><a href=\"https:\/\/www.raum-blick.de\/fatboy-bolleke\"><img loading=\"lazy\" decoding=\"async\" class=\"aligncenter wp-image-17869 size-full\" title=\"Fatboy - Bolleke portable H\u00e4ngeleuchte | Design: Nathalie Schellekens\" src=\"https:\/\/www.raum-blick.de\/magazin\/wp-content\/uploads\/2025\/01\/Fatboy-Bolleke.jpg\" alt=\"Fatboy - Bolleke portable H\u00e4ngeleuchte | Design: Nathalie Schellekens\" width=\"620\" height=\"511\" srcset=\"https:\/\/raum-blick.de\/magazin\/wp-content\/uploads\/2025\/01\/Fatboy-Bolleke.jpg 620w, https:\/\/raum-blick.de\/magazin\/wp-content\/uploads\/2025\/01\/Fatboy-Bolleke-300x247.jpg 300w\" sizes=\"(max-width: 620px) 100vw, 620px\" \/><\/a><\/p>\n<p style=\"text-align: justify;\">Direkt ins Glas perlt beim Auspressen der Limettensaft. Zucker, Gin, Sprudelwasser und ein \u00fcppiger Basilikumzweig gesellen sich hinzu. Wenig Alkohol, aber reichlich Aroma: Der Modern Drinking Highball passt genauso zum Zeitgeist wie die spontane Idee, in H\u00f6rweite des Jazz-Konzerts eine private Outdoorlounge zu er\u00f6ffnen.<\/p>\n","protected":false},"excerpt":{"rendered":"<p>Stilmix mit gewagten Mustern, maritim-leichte Landhausidylle oder eine gr\u00fcne Offensive: Die Wohntrends 2023 servieren f\u00fcr jeden Geschmack tolle Anregungen. Wir zeigen Ihnen, wie Sie die frischen Ideen beim Einrichten und Dekorieren stilbewusst aufgreifen. Must-have f\u00fcrs Digitalzeitalter: Homeoffice 2023 Steigende Mietpreise sprechen f\u00fcr kleinere Wohnungen. Gleichzeitig m\u00f6chte man das Angebot des Arbeitgebers nicht ablehnen, die Aufgaben [&hellip;]<\/p>\n","protected":false},"author":4,"featured_media":17845,"comment_status":"closed","ping_status":"open","sticky":false,"template":"","format":"standard","meta":{"_et_pb_use_builder":"","_et_pb_old_content":"","_et_gb_content_width":"","inline_featured_image":false,"footnotes":""},"categories":[1],"tags":[2073,2067,449,2070,2069,954,1669,2072,1025,1905,2066,2071,2068,2065],"class_list":["post-17841","post","type-post","status-publish","format-standard","has-post-thumbnail","hentry","category-drinnen","tag-coastal-grandma","tag-designs-2023","tag-einrichtungsideen","tag-eklektizismus","tag-greenterior","tag-homeoffice","tag-japandi","tag-marmor","tag-minimalismus","tag-modern-living","tag-moderne-einrichtung","tag-stilmix","tag-trend-moebel","tag-wohntrends-2023"],"_links":{"self":[{"href":"https:\/\/raum-blick.de\/magazin\/wp-json\/wp\/v2\/posts\/17841","targetHints":{"allow":["GET"]}}],"collection":[{"href":"https:\/\/raum-blick.de\/magazin\/wp-json\/wp\/v2\/posts"}],"about":[{"href":"https:\/\/raum-blick.de\/magazin\/wp-json\/wp\/v2\/types\/post"}],"author":[{"embeddable":true,"href":"https:\/\/raum-blick.de\/magazin\/wp-json\/wp\/v2\/users\/4"}],"replies":[{"embeddable":true,"href":"https:\/\/raum-blick.de\/magazin\/wp-json\/wp\/v2\/comments?post=17841"}],"version-history":[{"count":14,"href":"https:\/\/raum-blick.de\/magazin\/wp-json\/wp\/v2\/posts\/17841\/revisions"}],"predecessor-version":[{"id":20910,"href":"https:\/\/raum-blick.de\/magazin\/wp-json\/wp\/v2\/posts\/17841\/revisions\/20910"}],"wp:featuredmedia":[{"embeddable":true,"href":"https:\/\/raum-blick.de\/magazin\/wp-json\/wp\/v2\/media\/17845"}],"wp:attachment":[{"href":"https:\/\/raum-blick.de\/magazin\/wp-json\/wp\/v2\/media?parent=17841"}],"wp:term":[{"taxonomy":"category","embeddable":true,"href":"https:\/\/raum-blick.de\/magazin\/wp-json\/wp\/v2\/categories?post=17841"},{"taxonomy":"post_tag","embeddable":true,"href":"https:\/\/raum-blick.de\/magazin\/wp-json\/wp\/v2\/tags?post=17841"}],"curies":[{"name":"wp","href":"https:\/\/api.w.org\/{rel}","templated":true}]}}