{"id":17818,"date":"2023-01-23T10:30:51","date_gmt":"2023-01-23T09:30:51","guid":{"rendered":"https:\/\/www.raum-blick.de\/magazin\/?p=17818"},"modified":"2023-01-23T10:38:45","modified_gmt":"2023-01-23T09:38:45","slug":"feuerschale-fuer-den-garten","status":"publish","type":"post","link":"https:\/\/raum-blick.de\/magazin\/feuerschale-fuer-den-garten\/","title":{"rendered":"Welche Feuerschale ist die Beste f\u00fcr den Garten? Alles zu Material und Form"},"content":{"rendered":"<p style=\"text-align: justify;\"><strong>Wenn ein aufregendes Flammenspiel die Sinne bet\u00f6rt, vervielfacht sich der Entspannungswert des gem\u00fctlichen Feierabends. Ihn kann man auch an k\u00fchlen Tagen drau\u00dfen genie\u00dfen, wenn es eine W\u00e4rmequelle gibt. Fest steht der Entschluss: Bei Ihrer Gartengestaltung ist die <\/strong><a href=\"https:\/\/www.raum-blick.de\/grill-feuerstelle\/\"><strong>Feuerstelle<\/strong><\/a><strong> ein Must-have. Unklar ist: Welche Feuerschale passt zu Ihren Vorstellungen und Gewohnheiten? Lehnen Sie sich zur\u00fcck. Wir helfen der Entscheidung mit Tipps auf die Spr\u00fcnge.<\/strong><\/p>\n<h2><span class=\"ez-toc-section\" id=\"Entgegenkommend_%E2%80%93_normiertes_Accessoire_fuer_die_Gartenfeuerstelle\"><\/span>Entgegenkommend &#8211; normiertes Accessoire f\u00fcr die Gartenfeuerstelle<span class=\"ez-toc-section-end\"><\/span><\/h2>\n<p style=\"text-align: justify;\">Vergn\u00fcgt trudeln die Familien ein und steuern intuitiv die Feuerstelle im Garten an. Erst toben die Kids auf der Wiese, w\u00e4hrend die Erwachsenen mit einem Gl\u00e4schen Sommerbowle in der Hand plaudern. Der Grillgeruch lenkt wenig sp\u00e4ter die Aufmerksamkeit der Kleinen und Gro\u00dfen auf das Feuer. Mit Blick auf die lebendig flackernden Flammen schmecken die Rostbratw\u00fcrstchen doppelt gut. Das urige Event an der Gartenfeuerstelle war ein voller Erfolg und wird im Winter wiederholt \u2013 dieses Mal mit Punsch und Stockbrot.<\/p><div id=\"ez-toc-container\" class=\"ez-toc-v2_0_82_2 counter-hierarchy ez-toc-counter ez-toc-grey ez-toc-container-direction\">\n<div class=\"ez-toc-title-container\">\n<p class=\"ez-toc-title\" style=\"cursor:inherit\">Was hier auf Sie wartet<\/p>\n<span class=\"ez-toc-title-toggle\"><a href=\"#\" class=\"ez-toc-pull-right ez-toc-btn ez-toc-btn-xs ez-toc-btn-default ez-toc-toggle\" aria-label=\"Toggle Table of Content\"><span class=\"ez-toc-js-icon-con\"><span class=\"\"><span class=\"eztoc-hide\" style=\"display:none;\">Toggle<\/span><span class=\"ez-toc-icon-toggle-span\"><svg style=\"fill: #999;color:#999\" xmlns=\"http:\/\/www.w3.org\/2000\/svg\" class=\"list-377408\" width=\"20px\" height=\"20px\" viewBox=\"0 0 24 24\" fill=\"none\"><path d=\"M6 6H4v2h2V6zm14 0H8v2h12V6zM4 11h2v2H4v-2zm16 0H8v2h12v-2zM4 16h2v2H4v-2zm16 0H8v2h12v-2z\" fill=\"currentColor\"><\/path><\/svg><svg style=\"fill: #999;color:#999\" class=\"arrow-unsorted-368013\" xmlns=\"http:\/\/www.w3.org\/2000\/svg\" width=\"10px\" height=\"10px\" viewBox=\"0 0 24 24\" version=\"1.2\" baseProfile=\"tiny\"><path d=\"M18.2 9.3l-6.2-6.3-6.2 6.3c-.2.2-.3.4-.3.7s.1.5.3.7c.2.2.4.3.7.3h11c.3 0 .5-.1.7-.3.2-.2.3-.5.3-.7s-.1-.5-.3-.7zM5.8 14.7l6.2 6.3 6.2-6.3c.2-.2.3-.5.3-.7s-.1-.5-.3-.7c-.2-.2-.4-.3-.7-.3h-11c-.3 0-.5.1-.7.3-.2.2-.3.5-.3.7s.1.5.3.7z\"\/><\/svg><\/span><\/span><\/span><\/a><\/span><\/div>\n<nav><ul class='ez-toc-list ez-toc-list-level-1 ' ><li class='ez-toc-page-1 ez-toc-heading-level-2'><a class=\"ez-toc-link ez-toc-heading-1\" href=\"https:\/\/raum-blick.de\/magazin\/feuerschale-fuer-den-garten\/#Entgegenkommend_%E2%80%93_normiertes_Accessoire_fuer_die_Gartenfeuerstelle\" >Entgegenkommend &#8211; normiertes Accessoire f\u00fcr die Gartenfeuerstelle<\/a><\/li><li class='ez-toc-page-1 ez-toc-heading-level-2'><a class=\"ez-toc-link ez-toc-heading-2\" href=\"https:\/\/raum-blick.de\/magazin\/feuerschale-fuer-den-garten\/#Schonend_fuer_den_Boden_ausrichtbar_und_schick_%E2%80%93_Feuerschalen_fuer_Terrassen\" >Schonend f\u00fcr den Boden, ausrichtbar und schick \u2013 Feuerschalen f\u00fcr Terrassen<\/a><\/li><li class='ez-toc-page-1 ez-toc-heading-level-2'><a class=\"ez-toc-link ez-toc-heading-3\" href=\"https:\/\/raum-blick.de\/magazin\/feuerschale-fuer-den-garten\/#Allrounder_fuer_den_abwechslungsreichen_Outdoor-Lifestyle\" >Allrounder f\u00fcr den abwechslungsreichen Outdoor-Lifestyle<\/a><\/li><li class='ez-toc-page-1 ez-toc-heading-level-2'><a class=\"ez-toc-link ez-toc-heading-4\" href=\"https:\/\/raum-blick.de\/magazin\/feuerschale-fuer-den-garten\/#Multitalentierte_Feuerkoerbe_aus_Bayern\" >Multitalentierte Feuerk\u00f6rbe aus Bayern<\/a><\/li><\/ul><\/nav><\/div>\n\n<div id=\"attachment_17834\" style=\"width: 630px\" class=\"wp-caption aligncenter\"><img loading=\"lazy\" decoding=\"async\" aria-describedby=\"caption-attachment-17834\" class=\"wp-image-17834 size-full\" title=\"Eine Feuerstelle strahlt W\u00e4rme und Gem\u00fctlichkeit aus\" src=\"https:\/\/www.raum-blick.de\/magazin\/wp-content\/uploads\/2025\/01\/Stockbrot-Feuerstelle.jpg\" alt=\"Stockbrot-Feuerstelle\" width=\"620\" height=\"413\" srcset=\"https:\/\/raum-blick.de\/magazin\/wp-content\/uploads\/2025\/01\/Stockbrot-Feuerstelle.jpg 620w, https:\/\/raum-blick.de\/magazin\/wp-content\/uploads\/2025\/01\/Stockbrot-Feuerstelle-300x200.jpg 300w\" sizes=\"(max-width: 620px) 100vw, 620px\" \/><p id=\"caption-attachment-17834\" class=\"wp-caption-text\">\u00a9 Irina Schmidt &#8211; stock.adobe.com<\/p><\/div>\n<p style=\"text-align: justify;\">F\u00fchlen Sie sich angesprochen? Reservieren Sie bei der Gartengestaltung sofort einen Stammplatz f\u00fcr die Feuerstelle. Sie sollte sich fern von B\u00fcschen und der Grundst\u00fccksgrenze zum Nachbarn befinden. Wichtig ist au\u00dferdem, dass der Untergrund solide ist und nicht entflammt werden kann. Durchmesser, Material, Aufbau und so weiter: Es gibt in Deutschland zahlreiche Vorschriften f\u00fcr die regelkonforme Feuerstelle. Renommierte Hersteller haben das B\u00fcrokratische auf dem Schirm, wenn sie eine Feuerschale f\u00fcr den Garten entwerfen. So greifen sie Outdoorfans unter die Arme, die sich den b\u00fcrokratischen Part sparen m\u00f6chten. Daf\u00fcr ist <a href=\"https:\/\/www.raum-blick.de\/muellernkontor\/\">M\u00fcllernkontor<\/a> ein gelungenes Beispiel.<\/p>\n<p><a href=\"https:\/\/www.raum-blick.de\/muellernkontor-solix-feuerschale\"><img loading=\"lazy\" decoding=\"async\" class=\"aligncenter wp-image-17824 size-full\" title=\"M\u00fcllernkontor - Solix Feuerschale\" src=\"https:\/\/www.raum-blick.de\/magazin\/wp-content\/uploads\/2025\/01\/muellernkontor-solix-feuerschale-1.jpg\" alt=\"Solix Feuerschale\" width=\"620\" height=\"317\" srcset=\"https:\/\/raum-blick.de\/magazin\/wp-content\/uploads\/2025\/01\/muellernkontor-solix-feuerschale-1.jpg 620w, https:\/\/raum-blick.de\/magazin\/wp-content\/uploads\/2025\/01\/muellernkontor-solix-feuerschale-1-300x153.jpg 300w\" sizes=\"(max-width: 620px) 100vw, 620px\" \/><\/a><\/p>\n<p style=\"text-align: justify;\">Die L\u00fcneburger Marke f\u00fchrte die <a href=\"https:\/\/www.raum-blick.de\/muellernkontor-solix-feuerschale\">Feuerschalen Solix<\/a> flach aus, damit sich die G\u00e4ste rundherum versammeln k\u00f6nnen. Dekorativ sind die kleinen F\u00fc\u00dfe und die gelaserten Schlitze, die einen praktischen Mehrwert haben. Der Abstand zum Boden mindert die Brandgefahr, w\u00e4hrend die geschlitzte Stahlschale durch Luftzufuhr das Anfeuern erleichtert. Das Stahlblech der Feuerstelle ist bewusst dick ausgef\u00fchrt. Das feuerfeste Material entspricht genauso den g\u00e4ngigen Normen wie der Durchmesser, der einen Meter nicht \u00fcberschreitet. Danke f\u00fcrs Mitdenken! So kann man die Feuerschale f\u00fcr den Garten einfach auspacken und sofort die Lagerfeuerromantik genie\u00dfen!<\/p>\n<p><a href=\"https:\/\/www.raum-blick.de\/muellernkontor-solix-feuerschale\"><img loading=\"lazy\" decoding=\"async\" class=\"aligncenter wp-image-17823 size-full\" title=\"M\u00fcllernkontor Solix Feuerschale | aus dickem Stahl gefertigtl \" src=\"https:\/\/www.raum-blick.de\/magazin\/wp-content\/uploads\/2025\/01\/muellernkontor-solix-feuerschale.jpg\" alt=\"M\u00fcllernkontor Solix Feuerschale | aus dickem Stahl gefertigtl \" width=\"620\" height=\"544\" srcset=\"https:\/\/raum-blick.de\/magazin\/wp-content\/uploads\/2025\/01\/muellernkontor-solix-feuerschale.jpg 620w, https:\/\/raum-blick.de\/magazin\/wp-content\/uploads\/2025\/01\/muellernkontor-solix-feuerschale-300x263.jpg 300w\" sizes=\"(max-width: 620px) 100vw, 620px\" \/><\/a><\/p>\n<h2><span class=\"ez-toc-section\" id=\"Schonend_fuer_den_Boden_ausrichtbar_und_schick_%E2%80%93_Feuerschalen_fuer_Terrassen\"><\/span>Schonend f\u00fcr den Boden, ausrichtbar und schick \u2013 Feuerschalen f\u00fcr Terrassen<span class=\"ez-toc-section-end\"><\/span><\/h2>\n<p style=\"text-align: justify;\">Welche Feuerschale ist die Beste? Die Antwort darauf h\u00e4ngt stark vom geplanten Standort ab. F\u00fcr den gem\u00fctlichen Treffpunkt wurde ein Bereich der Au\u00dfenanlage reserviert. Dort wurde kein Rasen ges\u00e4t, sondern der Untergrund mit Split befestigt. Bei den Voraussetzungen kann man eine Feuerschale f\u00fcr den Garten w\u00e4hlen, die allseits offen und bodennah ist. Das Blatt wendet sich, wenn Sie sich gem\u00fctliches Lagerfeuerflair auf der Terrasse w\u00fcnschen. Mit reichlich Gesp\u00fcr f\u00fcr Geschmack wurde der Belag ausgew\u00e4hlt. Es w\u00e4re schade, wenn ihn Hitze und Ru\u00df besch\u00e4digen. Die atmosph\u00e4rische Wirkung der Flammen ist ein willkommenes i-T\u00fcpfelchen. Im Vordergrund steht der w\u00e4rmende Aspekt, damit man die Terrasse auch im Fr\u00fchling und Herbst abends nutzen kann.<\/p>\n<p><a href=\"https:\/\/www.raum-blick.de\/eva-solo-fireglobe-feuerschale\"><img loading=\"lazy\" decoding=\"async\" class=\"aligncenter wp-image-17836\" title=\"Eva Solo \u2013 Feuerschale auf Aluminium-Beinen | Design: Claus Jensen und Henrik Holb\u00e6k\" src=\"https:\/\/www.raum-blick.de\/magazin\/wp-content\/uploads\/2025\/01\/eva-solo-fireglobe-2.jpg\" alt=\"Eva Solo \u2013 Feuerschale FireGlobe auf Aluminium-Beinen Design: Claus Jensen und Henrik Holb\u00e6k\" width=\"535\" height=\"535\" srcset=\"https:\/\/raum-blick.de\/magazin\/wp-content\/uploads\/2025\/01\/eva-solo-fireglobe-2.jpg 620w, https:\/\/raum-blick.de\/magazin\/wp-content\/uploads\/2025\/01\/eva-solo-fireglobe-2-300x300.jpg 300w, https:\/\/raum-blick.de\/magazin\/wp-content\/uploads\/2025\/01\/eva-solo-fireglobe-2-150x150.jpg 150w\" sizes=\"(max-width: 535px) 100vw, 535px\" \/><\/a><\/p>\n<p style=\"text-align: justify;\"><a href=\"https:\/\/www.raum-blick.de\/eva-solo\/\">Eva Solo<\/a> positionierte die emaillierte Edelstahlschale schr\u00e4g auf drei soliden Aluminiumf\u00fc\u00dfen. Die <a href=\"https:\/\/www.raum-blick.de\/eva-solo-fireglobe-feuerschale\">FireGlobe<\/a> ist dadurch weit genug vom Bodenbelag entfernt, um ihn zu sch\u00fctzen. Versiert entschied sich die skandinavische Marke bei der Form f\u00fcr eine Halbkugel und der Beschichtung f\u00fcr Schwarz. Das Feuer wird vor Windst\u00f6\u00dfen gesch\u00fctzt und seine w\u00e4rmende Kraft gezielt auf die Sitzgruppe gelenkt. Die dunkle Gestaltung der Feuerschale f\u00fcr den Garten und die Terrasse kontrastiert das Flammenspiel in gelben, orangen und roten T\u00f6nen. Es bereitet dadurch noch mehr Freude, wenn Sie nach Sonnenuntergang in der Outdoorlounge entspannen.<\/p>\n<p><a href=\"https:\/\/www.raum-blick.de\/eva-solo-fireglobe-feuerschale\"><img loading=\"lazy\" decoding=\"async\" class=\"aligncenter wp-image-17826 size-full\" title=\"Eva Solo \u2013 Feuerschale FireGlobe auf Aluminium-Beinen | Design: Claus Jensen und Henrik Holb\u00e6k\" src=\"https:\/\/www.raum-blick.de\/magazin\/wp-content\/uploads\/2025\/01\/eva-solo-fireglobe.jpg\" alt=\"Eva Solo \u2013 Feuerschale FireGlobe auf Aluminium-Beinen | Design: Claus Jensen und Henrik Holb\u00e6k\" width=\"620\" height=\"437\" srcset=\"https:\/\/raum-blick.de\/magazin\/wp-content\/uploads\/2025\/01\/eva-solo-fireglobe.jpg 620w, https:\/\/raum-blick.de\/magazin\/wp-content\/uploads\/2025\/01\/eva-solo-fireglobe-300x211.jpg 300w\" sizes=\"(max-width: 620px) 100vw, 620px\" \/><\/a><\/p>\n<h2><span class=\"ez-toc-section\" id=\"Allrounder_fuer_den_abwechslungsreichen_Outdoor-Lifestyle\"><\/span>Allrounder f\u00fcr den abwechslungsreichen Outdoor-Lifestyle<span class=\"ez-toc-section-end\"><\/span><\/h2>\n<p style=\"text-align: justify;\">An lauschigen Sommerabenden relaxen Sie im Sessel auf der Terrasse. Partys veranstalten Sie lieber auf der Wiese. Dort inszenieren Sie den Gl\u00fchweinabend gern als Stehparty. Beim Sommerfest begeistert die Freunde ein Barbecue mehr als ein Lagerfeuer. Das sind viele W\u00fcnsche, die <a href=\"https:\/\/www.raum-blick.de\/hoefats\/\">h\u00f6fats<\/a> mit der <a href=\"https:\/\/www.raum-blick.de\/hoefats-bowl-feuerschale\">Bowl Feuerschale<\/a> f\u00fcr den Garten allesamt erf\u00fcllt.<\/p>\n<p style=\"text-align: justify;\">Die Schl\u00fcsselrolle \u00fcbernimmt eine Stahlhalbkugel, die man nach Belieben auf einem niedrigen Drahtfu\u00df oder hohen Dreibeingestell positionieren kann. Reichlich Freiheit gew\u00e4hrt die raffiniert designte Feuerschale auch bei der Ausrichtung. Das schr\u00e4ge Drapieren erm\u00f6glicht die ideale Abstimmung auf Windeinfl\u00fcsse. Wird die Halbkugel gerade platziert und das Zubeh\u00f6r erg\u00e4nzt, steht ein gro\u00dfz\u00fcgiger Grill f\u00fcr die Sommerparty im Garten.<\/p>\n<p><a href=\"https:\/\/www.raum-blick.de\/eva-solo-fireglobe-feuerschale\"><img loading=\"lazy\" decoding=\"async\" class=\"aligncenter wp-image-17828 size-full\" title=\"h\u00f6fats Bowl Feuerschale mit Dreibein \/ Drahtfu\u00df\" src=\"https:\/\/www.raum-blick.de\/magazin\/wp-content\/uploads\/2025\/01\/hoefats-bowl.jpg\" alt=\"h\u00f6fats Bowl Feuerschale mit Dreibein \/ Drahtfu\u00df\" width=\"620\" height=\"481\" srcset=\"https:\/\/raum-blick.de\/magazin\/wp-content\/uploads\/2025\/01\/hoefats-bowl.jpg 620w, https:\/\/raum-blick.de\/magazin\/wp-content\/uploads\/2025\/01\/hoefats-bowl-300x233.jpg 300w\" sizes=\"(max-width: 620px) 100vw, 620px\" \/><\/a><\/p>\n<h2><span class=\"ez-toc-section\" id=\"Multitalentierte_Feuerkoerbe_aus_Bayern\"><\/span>Multitalentierte Feuerk\u00f6rbe aus Bayern<span class=\"ez-toc-section-end\"><\/span><\/h2>\n<p style=\"text-align: justify;\">Sobald sich die Sonne zeigt, geht es auf Tour. Gez\u00e4hlt sind die Abende, die zu Hause verbracht werden. Eine Feuerstelle f\u00fcr den Garten erscheint deshalb zu viel des Guten. Ganz darauf verzichten m\u00f6chte man trotzdem nicht. Gelegentlich gibt es Momente, in denen man ungest\u00f6rt auf der eigenen Terrasse entspannen m\u00f6chte. Die L\u00f6sung daf\u00fcr serviert ebenfalls h\u00f6fats.<\/p>\n<p style=\"text-align: justify;\">Der <a href=\"https:\/\/www.raum-blick.de\/hoefats-cube-feuerkorb\">Feuerkorb CUBE<\/a> ist ein Gl\u00fccksgriff, wenn man nur gelegentlich ein Lagerfeuer entfacht. Durch das clevere Konzept mit integrierter Brennschale wird nicht nur das Anfeuern zum Kinderspiel, sondern auch das L\u00f6schen: Dreht man den Feuerkorb um, werden die Flammen verl\u00e4sslich erstickt. Sehnt sich der Gaumen nach einem Grillw\u00fcrstchen? Kein Problem, die Aufgabe \u00fcbernimmt der CUBE genauso gern wie die Rolle des Beistelltischs oder Sitzhockers. Bei so vielen Talenten gibt es nur eine Antwort: Ja, die Anschaffung lohnt sich!<\/p>\n<p><a href=\"https:\/\/www.raum-blick.de\/hoefats-cube-feuerkorb\"><img loading=\"lazy\" decoding=\"async\" class=\"aligncenter wp-image-17830 size-full\" title=\"h\u00f6fats CUBE Feuerstelle Feuerkorb &amp; Hocker \" src=\"https:\/\/www.raum-blick.de\/magazin\/wp-content\/uploads\/2025\/01\/hoefats-cube-5.jpg\" alt=\"h\u00f6fats CUBE Feuerstelle Feuerkorb &amp; Hocker \" width=\"620\" height=\"515\" srcset=\"https:\/\/raum-blick.de\/magazin\/wp-content\/uploads\/2025\/01\/hoefats-cube-5.jpg 620w, https:\/\/raum-blick.de\/magazin\/wp-content\/uploads\/2025\/01\/hoefats-cube-5-300x249.jpg 300w\" sizes=\"(max-width: 620px) 100vw, 620px\" \/><\/a><\/p>\n","protected":false},"excerpt":{"rendered":"<p>Wenn ein aufregendes Flammenspiel die Sinne bet\u00f6rt, vervielfacht sich der Entspannungswert des gem\u00fctlichen Feierabends. Ihn kann man auch an k\u00fchlen Tagen drau\u00dfen genie\u00dfen, wenn es eine W\u00e4rmequelle gibt. Fest steht der Entschluss: Bei Ihrer Gartengestaltung ist die Feuerstelle ein Must-have. Unklar ist: Welche Feuerschale passt zu Ihren Vorstellungen und Gewohnheiten? Lehnen Sie sich zur\u00fcck. Wir [&hellip;]<\/p>\n","protected":false},"author":4,"featured_media":17821,"comment_status":"closed","ping_status":"open","sticky":false,"template":"","format":"standard","meta":{"_et_pb_use_builder":"","_et_pb_old_content":"","_et_gb_content_width":"","inline_featured_image":false,"footnotes":""},"categories":[7],"tags":[1949,573,1092,2060,2064,714,2062,1741,2061,2063],"class_list":["post-17818","post","type-post","status-publish","format-standard","has-post-thumbnail","hentry","category-accessoires-lifestyle","tag-barbecue","tag-feuerkorb","tag-feuerschale","tag-feuerschale-fuer-den-garten","tag-feuerschalen-fuer-terrassen","tag-feuerstelle","tag-feuerstelle-im-garten","tag-fireglobe","tag-gartenfeuerstelle","tag-lagerfeuerromantik"],"_links":{"self":[{"href":"https:\/\/raum-blick.de\/magazin\/wp-json\/wp\/v2\/posts\/17818","targetHints":{"allow":["GET"]}}],"collection":[{"href":"https:\/\/raum-blick.de\/magazin\/wp-json\/wp\/v2\/posts"}],"about":[{"href":"https:\/\/raum-blick.de\/magazin\/wp-json\/wp\/v2\/types\/post"}],"author":[{"embeddable":true,"href":"https:\/\/raum-blick.de\/magazin\/wp-json\/wp\/v2\/users\/4"}],"replies":[{"embeddable":true,"href":"https:\/\/raum-blick.de\/magazin\/wp-json\/wp\/v2\/comments?post=17818"}],"version-history":[{"count":11,"href":"https:\/\/raum-blick.de\/magazin\/wp-json\/wp\/v2\/posts\/17818\/revisions"}],"predecessor-version":[{"id":17839,"href":"https:\/\/raum-blick.de\/magazin\/wp-json\/wp\/v2\/posts\/17818\/revisions\/17839"}],"wp:featuredmedia":[{"embeddable":true,"href":"https:\/\/raum-blick.de\/magazin\/wp-json\/wp\/v2\/media\/17821"}],"wp:attachment":[{"href":"https:\/\/raum-blick.de\/magazin\/wp-json\/wp\/v2\/media?parent=17818"}],"wp:term":[{"taxonomy":"category","embeddable":true,"href":"https:\/\/raum-blick.de\/magazin\/wp-json\/wp\/v2\/categories?post=17818"},{"taxonomy":"post_tag","embeddable":true,"href":"https:\/\/raum-blick.de\/magazin\/wp-json\/wp\/v2\/tags?post=17818"}],"curies":[{"name":"wp","href":"https:\/\/api.w.org\/{rel}","templated":true}]}}