{"id":17759,"date":"2023-01-13T10:00:23","date_gmt":"2023-01-13T09:00:23","guid":{"rendered":"https:\/\/www.raum-blick.de\/magazin\/?p=17759"},"modified":"2024-08-30T12:27:12","modified_gmt":"2024-08-30T10:27:12","slug":"zimmer-mit-schraege-einrichten","status":"publish","type":"post","link":"https:\/\/raum-blick.de\/magazin\/zimmer-mit-schraege-einrichten\/","title":{"rendered":"Grundregeln \u2013 wie Sie ein Zimmer mit Schr\u00e4ge einrichten"},"content":{"rendered":"<p style=\"text-align: justify;\"><strong>Fenster sind genauso rar wie gerade W\u00e4nde, an denen man M\u00f6bel platzieren kann. In vielen Bereichen ist die Wohnung so niedrig, dass man sich beim Bewegen schnell den Kopf st\u00f6\u00dft. Beherzigen Sie einige Tipps, wenn Sie das Zimmer mit Schr\u00e4ge einrichten. Dann erf\u00fcllt das Zuhause trotz der kniffligen Rahmenbedingungen mit Dachschr\u00e4ge alle W\u00fcnsche und wirkt einladend.<\/strong><\/p>\n<h2><span class=\"ez-toc-section\" id=\"Knifflige_Profi-Grundregel_Schraegen_nutzen_und_Waende_frei_lassen\"><\/span>Knifflige Profi-Grundregel: Schr\u00e4gen nutzen und W\u00e4nde frei lassen<span class=\"ez-toc-section-end\"><\/span><\/h2>\n<p style=\"text-align: justify;\"><a href=\"https:\/\/www.raum-blick.de\/kommoden-sideboards\/\">Kommoden<\/a>, Highboards oder Garderobenschr\u00e4nke: M\u00f6belklassiker helfen nicht weiter, wenn man ein Zimmer mit Schr\u00e4ge einrichten muss. Gegen sie sprechen nicht nur die wenigen Stellfl\u00e4chen, sondern auch die wichtigsten Regeln bei der Einrichtungsmission. Die M\u00f6blierung der Schr\u00e4gen ist wichtig, damit alle Quadratmeter wahrgenommen werden. Es w\u00e4re auch schwierig, die allt\u00e4glichen Bed\u00fcrfnisse komplett zu beantworten, wenn man die niedrigen Bereiche au\u00dfen vorl\u00e4sst. Zudem empfehlen Interieur-Experten, die geraden W\u00e4nde nicht mit Schr\u00e4nken zuzustellen. Die Profitipps erschweren die Gestaltung zus\u00e4tzlich. Sie sind jedoch der Schl\u00fcssel zum luftigen Flair, wenn Sie eine Wohnung mit Schr\u00e4ge einrichten.<\/p><div id=\"ez-toc-container\" class=\"ez-toc-v2_0_82_2 counter-hierarchy ez-toc-counter ez-toc-grey ez-toc-container-direction\">\n<div class=\"ez-toc-title-container\">\n<p class=\"ez-toc-title\" style=\"cursor:inherit\">Was hier auf Sie wartet<\/p>\n<span class=\"ez-toc-title-toggle\"><a href=\"#\" class=\"ez-toc-pull-right ez-toc-btn ez-toc-btn-xs ez-toc-btn-default ez-toc-toggle\" aria-label=\"Toggle Table of Content\"><span class=\"ez-toc-js-icon-con\"><span class=\"\"><span class=\"eztoc-hide\" style=\"display:none;\">Toggle<\/span><span class=\"ez-toc-icon-toggle-span\"><svg style=\"fill: #999;color:#999\" xmlns=\"http:\/\/www.w3.org\/2000\/svg\" class=\"list-377408\" width=\"20px\" height=\"20px\" viewBox=\"0 0 24 24\" fill=\"none\"><path d=\"M6 6H4v2h2V6zm14 0H8v2h12V6zM4 11h2v2H4v-2zm16 0H8v2h12v-2zM4 16h2v2H4v-2zm16 0H8v2h12v-2z\" fill=\"currentColor\"><\/path><\/svg><svg style=\"fill: #999;color:#999\" class=\"arrow-unsorted-368013\" xmlns=\"http:\/\/www.w3.org\/2000\/svg\" width=\"10px\" height=\"10px\" viewBox=\"0 0 24 24\" version=\"1.2\" baseProfile=\"tiny\"><path d=\"M18.2 9.3l-6.2-6.3-6.2 6.3c-.2.2-.3.4-.3.7s.1.5.3.7c.2.2.4.3.7.3h11c.3 0 .5-.1.7-.3.2-.2.3-.5.3-.7s-.1-.5-.3-.7zM5.8 14.7l6.2 6.3 6.2-6.3c.2-.2.3-.5.3-.7s-.1-.5-.3-.7c-.2-.2-.4-.3-.7-.3h-11c-.3 0-.5.1-.7.3-.2.2-.3.5-.3.7s.1.5.3.7z\"\/><\/svg><\/span><\/span><\/span><\/a><\/span><\/div>\n<nav><ul class='ez-toc-list ez-toc-list-level-1 ' ><li class='ez-toc-page-1 ez-toc-heading-level-2'><a class=\"ez-toc-link ez-toc-heading-1\" href=\"https:\/\/raum-blick.de\/magazin\/zimmer-mit-schraege-einrichten\/#Knifflige_Profi-Grundregel_Schraegen_nutzen_und_Waende_frei_lassen\" >Knifflige Profi-Grundregel: Schr\u00e4gen nutzen und W\u00e4nde frei lassen<\/a><\/li><li class='ez-toc-page-1 ez-toc-heading-level-2'><a class=\"ez-toc-link ez-toc-heading-2\" href=\"https:\/\/raum-blick.de\/magazin\/zimmer-mit-schraege-einrichten\/#DIY-Regale_mit_reichlich_Freiflaechen\" >DIY-Regale mit reichlich Freifl\u00e4chen<\/a><\/li><li class='ez-toc-page-1 ez-toc-heading-level-2'><a class=\"ez-toc-link ez-toc-heading-3\" href=\"https:\/\/raum-blick.de\/magazin\/zimmer-mit-schraege-einrichten\/#Geniale_Idee_aus_dem_Norden_Boxen_statt_Schraenke\" >Geniale Idee aus dem Norden: Boxen statt Schr\u00e4nke<\/a><\/li><li class='ez-toc-page-1 ez-toc-heading-level-2'><a class=\"ez-toc-link ez-toc-heading-4\" href=\"https:\/\/raum-blick.de\/magazin\/zimmer-mit-schraege-einrichten\/#Niedrige_Sitzmoebel_fuer_relaxte_Stunden\" >Niedrige Sitzm\u00f6bel f\u00fcr relaxte Stunden<\/a><\/li><li class='ez-toc-page-1 ez-toc-heading-level-2'><a class=\"ez-toc-link ez-toc-heading-5\" href=\"https:\/\/raum-blick.de\/magazin\/zimmer-mit-schraege-einrichten\/#Multitalente_statt_Spezialisten\" >Multitalente statt Spezialisten<\/a><\/li><li class='ez-toc-page-1 ez-toc-heading-level-2'><a class=\"ez-toc-link ez-toc-heading-6\" href=\"https:\/\/raum-blick.de\/magazin\/zimmer-mit-schraege-einrichten\/#Sperrzone_beim_Einrichten_%E2%80%93_Raummitte_mit_Bewegungsfreiheit\" >Sperrzone beim Einrichten \u2013 Raummitte mit Bewegungsfreiheit<\/a><\/li><\/ul><\/nav><\/div>\n\n<p><a href=\"https:\/\/www.raum-blick.de\/ethnicraft-whitebird-anrichte\"><img loading=\"lazy\" decoding=\"async\" class=\"aligncenter wp-image-17763 size-full\" title=\"Ethnicraft \u2013 Whitebird Sideboard mit T\u00fcren und Schubladen | Design: Alain van Havre\" src=\"https:\/\/www.raum-blick.de\/magazin\/wp-content\/uploads\/2025\/01\/ethnicraft-whitebird-anrichte.jpg\" alt=\"Ethnicraft \u2013 Whitebird Sideboard mit T\u00fcren und Schubladen | Design: Alain van Havre\" width=\"620\" height=\"410\" srcset=\"https:\/\/raum-blick.de\/magazin\/wp-content\/uploads\/2025\/01\/ethnicraft-whitebird-anrichte.jpg 620w, https:\/\/raum-blick.de\/magazin\/wp-content\/uploads\/2025\/01\/ethnicraft-whitebird-anrichte-300x198.jpg 300w, https:\/\/raum-blick.de\/magazin\/wp-content\/uploads\/2025\/01\/ethnicraft-whitebird-anrichte-310x205.jpg 310w\" sizes=\"(max-width: 620px) 100vw, 620px\" \/><\/a><\/p>\n<h2><span class=\"ez-toc-section\" id=\"DIY-Regale_mit_reichlich_Freiflaechen\"><\/span>DIY-Regale mit reichlich Freifl\u00e4chen<span class=\"ez-toc-section-end\"><\/span><\/h2>\n<p style=\"text-align: justify;\">Wenn Standardkollektionen nicht passen, ist Kreativit\u00e4t gefragt. Sie kurbelt seit 1949 das <a href=\"https:\/\/www.raum-blick.de\/string-furniture\/\">Regalsystem String<\/a> an. Es bietet beeindruckend viele Komponenten f\u00fcr die ma\u00dfgeschneiderte Raumgestaltung. Grundlegendes wie Regalb\u00f6den und Seitenteile entdeckt man im Sortiment ebenso wie raffinierte Extras. Daf\u00fcr sind die Tellerablagen und Flaschenhalter von String gelungene Beispiele, \u00fcber die man sich in der K\u00fcche freut.<\/p>\n<p style=\"text-align: justify;\">So l\u00e4sst sich im Handumdrehen ein flexibles Regal entwerfen, wenn man ein Zimmer mit schr\u00e4ger Wand einrichten m\u00f6chte. Die Montage erfolgt logischerweise an einer geraden Wand. Damit sie nicht komplett verdeckt wird, ist ein aufgelockertes Regaldesign genauso wichtig wie die durchdachte Nutzung: Statt jeden Zentimeter Stauraum auszusch\u00f6pfen, l\u00e4sst man viele Regalfl\u00e4chen bewusst frei.<\/p>\n<p><img loading=\"lazy\" decoding=\"async\" class=\"aligncenter size-full wp-image-17766\" src=\"https:\/\/www.raum-blick.de\/magazin\/wp-content\/uploads\/2025\/01\/string-furniture-outdoor-regalsystem.jpg\" alt=\"\" width=\"620\" height=\"472\" title=\"\" srcset=\"https:\/\/raum-blick.de\/magazin\/wp-content\/uploads\/2025\/01\/string-furniture-outdoor-regalsystem.jpg 620w, https:\/\/raum-blick.de\/magazin\/wp-content\/uploads\/2025\/01\/string-furniture-outdoor-regalsystem-300x228.jpg 300w\" sizes=\"(max-width: 620px) 100vw, 620px\" \/><\/p>\n<h2><span class=\"ez-toc-section\" id=\"Geniale_Idee_aus_dem_Norden_Boxen_statt_Schraenke\"><\/span>Geniale Idee aus dem Norden: Boxen statt Schr\u00e4nke<span class=\"ez-toc-section-end\"><\/span><\/h2>\n<p style=\"text-align: justify;\">Wer mitdenkt, hat den Haken schon bemerkt: Selbst ein flexibles Regal w\u00fcnscht sich eine gerade Wand f\u00fcr die Montage. Die M\u00f6glichkeit ist wegen der Architektur schnell ersch\u00f6pft, wenn man einen Raum mit Schr\u00e4ge einrichten muss. Gl\u00fccklicherweise haben skandinavische Marken grandiose Ideen f\u00fcrs Wohnen. Dazu z\u00e4hlt die <a href=\"https:\/\/www.raum-blick.de\/by-lassen-frame-49-regalsystem\">by Lassen Frame Kollektion<\/a>, die einer unersch\u00f6pflichen Inspirationsquelle gleicht.<\/p>\n<p style=\"text-align: justify;\">Im Jahr 1943 entwarf Mogen Lassen eine minimalistische Aufbewahrungsbox, die das skandinavische Designunternehmen facettenreich interpretiert. Dabei h\u00e4lt man stets am kubistischen Stil des Vorbilds fest, der ausdrucksvoll und dezent wirkt. Er ist ideal, wenn Sie ein Zimmer mit Schr\u00e4ge einrichten m\u00f6chten. Zum Portfolio geh\u00f6rt ein Regalsystem mit offenen und geschlossenen Elementen, deren H\u00f6he zwischen 35 und 70 Zentimetern variiert. Lediglich 10 bis 20 cm sind die Aufbewahrungsboxen hoch, die Kleinkram schick organisieren.<\/p>\n<p><a href=\"https:\/\/www.raum-blick.de\/by-lassen-frame-49-regalsystem\"><img loading=\"lazy\" decoding=\"async\" class=\"aligncenter wp-image-17768 size-full\" title=\"by Lassen - Frame 49 Regalsystem \" src=\"https:\/\/www.raum-blick.de\/magazin\/wp-content\/uploads\/2025\/01\/by-lassen-frame-49-regalsystem.jpg\" alt=\"by Lassen - Frame 49 Regalsystem \" width=\"620\" height=\"488\" srcset=\"https:\/\/raum-blick.de\/magazin\/wp-content\/uploads\/2025\/01\/by-lassen-frame-49-regalsystem.jpg 620w, https:\/\/raum-blick.de\/magazin\/wp-content\/uploads\/2025\/01\/by-lassen-frame-49-regalsystem-300x236.jpg 300w\" sizes=\"(max-width: 620px) 100vw, 620px\" \/><\/a><\/p>\n<p style=\"text-align: justify;\">Suchen Sie passend zum Grundriss by Lassen Frame K\u00e4sten, Standregalen und Boxen in diversen Gr\u00f6\u00dfen aus. Werden die Aufbewahrungsl\u00f6sungen locker verteilt und teilweise gestapelt, sind sie besser als M\u00f6bel f\u00fcr die Schr\u00e4ge. Denn mit ihnen l\u00e4sst sich der niedrigste Winkel nutzen, ohne dass der Raum \u00fcberladen wirkt.<\/p>\n<h2><span class=\"ez-toc-section\" id=\"Niedrige_Sitzmoebel_fuer_relaxte_Stunden\"><\/span>Niedrige Sitzm\u00f6bel f\u00fcr relaxte Stunden<span class=\"ez-toc-section-end\"><\/span><\/h2>\n<p style=\"text-align: justify;\">In der Dachgeschosswohnung ist die Distanz zwischen Lebensbereich und Decke vielerorts \u00fcberschaubar. Die Atmosph\u00e4re erscheint dadurch schnell erdr\u00fcckend, wenn man klassische Sofas integriert. Das Blatt wendet sich, wenn die Couch betont niedrig ausgef\u00fchrt ist. Mit der Eigenschaft \u00fcberzeugen die <a href=\"https:\/\/www.raum-blick.de\/fatboy-paletti\/\">Loungem\u00f6bel Fatboy Paletti<\/a>, die so vielseitig sind wie die Regalkollektion by Lassen Frame. Sie wecken Assoziationen mit DIY-Kreationen aus Paletten. Das gilt f\u00fcrs l\u00e4ssige Design und Produktkonzept: Das Loungesofa darf man mit den durchdachten Komponenten selbst entwerfen. Die Freiheit ist Gold wert, wenn Sie ein Zimmer mit Schr\u00e4ge einrichten.<\/p>\n<p><a href=\"https:\/\/www.raum-blick.de\/fatboy-paletti-stripe-ocean-blue\"><img loading=\"lazy\" decoding=\"async\" class=\"aligncenter wp-image-17770 size-full\" title=\"Fatboy \u2013 Paletti stripe ocean blue Lounge-Sofa aus Sitzecke, Sitz und Hocker\" src=\"https:\/\/www.raum-blick.de\/magazin\/wp-content\/uploads\/2025\/01\/fatboy-paletti-stripe-ocean-blue.jpg\" alt=\"Fatboy \u2013 Paletti stripe ocean blue Lounge-Sofa aus Sitzecke, Sitz und Hocker - Zimmer mit Schr\u00e4ge einrichten\" width=\"620\" height=\"370\" srcset=\"https:\/\/raum-blick.de\/magazin\/wp-content\/uploads\/2025\/01\/fatboy-paletti-stripe-ocean-blue.jpg 620w, https:\/\/raum-blick.de\/magazin\/wp-content\/uploads\/2025\/01\/fatboy-paletti-stripe-ocean-blue-300x179.jpg 300w\" sizes=\"(max-width: 620px) 100vw, 620px\" \/><\/a><\/p>\n<p style=\"text-align: justify;\">Die modulare Serie Fatboy Paletti freute sich schon kurz nach dem Deb\u00fct \u00fcber viele Fans. Die niederl\u00e4ndische Marke legte deshalb nach. Einer Kuschelwiese gleicht das <a href=\"https:\/\/www.raum-blick.de\/fatboy-sumo-modulares-sofa-mouse-grey\">Fatboy Sumo Sofa<\/a>. Mutig verzichtet es auf gewohnte Details wie F\u00fc\u00dfe. \u00dcbrig bleibt bei der niedrigen Couchkollektion das Wesentliche: die himmlisch bequeme Polsterung. Fest legt Fatboy auch beim Sumo nur die Grundidee. Wie sich die gem\u00fctlichen M\u00f6bel f\u00fcr die Schr\u00e4ge in Ihrem Zuhause pr\u00e4sentieren, bestimmen Sie.<\/p>\n<p><a href=\"https:\/\/www.raum-blick.de\/fatboy-sumo-modulares-sofa-mouse-grey\"><img loading=\"lazy\" decoding=\"async\" class=\"aligncenter wp-image-17771 size-full\" title=\"Fatboy \u2013 Sumo modulares Sofa in mouse grey Das Fatboy Sofa zum Zusammenstellen\" src=\"https:\/\/www.raum-blick.de\/magazin\/wp-content\/uploads\/2025\/01\/fatboy-sumo-modulares-sofa-mouse-grey.jpg\" alt=\"Fatboy \u2013 Sumo modulares Sofa in mouse grey Das Fatboy Sofa zum Zusammenstellen\" width=\"620\" height=\"554\" srcset=\"https:\/\/raum-blick.de\/magazin\/wp-content\/uploads\/2025\/01\/fatboy-sumo-modulares-sofa-mouse-grey.jpg 620w, https:\/\/raum-blick.de\/magazin\/wp-content\/uploads\/2025\/01\/fatboy-sumo-modulares-sofa-mouse-grey-300x268.jpg 300w\" sizes=\"(max-width: 620px) 100vw, 620px\" \/><\/a><\/p>\n<h2><span class=\"ez-toc-section\" id=\"Multitalente_statt_Spezialisten\"><\/span>Multitalente statt Spezialisten<span class=\"ez-toc-section-end\"><\/span><\/h2>\n<p style=\"text-align: justify;\">Schnell ist der Platz ersch\u00f6pft, wenn Sie eine Wohnung mit Schr\u00e4ge einrichten. Grunds\u00e4tzlich gilt f\u00fcr die Raumgestaltung bei der Architektur: Weniger ist mehr! Der Tipp l\u00e4sst sich leicht befolgen, wenn man multifunktionale Designideen ins Spiel bringt. Der <a href=\"https:\/\/www.raum-blick.de\/fatboy-sitzsack\/\">Fatboy Sitzsack<\/a> passt mit seinem l\u00e4ssigen Look fabelhaft zum Kinderzimmer. Dort l\u00e4dt er zum Relaxen ein und befl\u00fcgelt Spielideen. Komplett ausgebreitet, \u00fcberzeugt der Allesk\u00f6nner sogar als G\u00e4stebett bei der Pyjamaparty. So erf\u00fcllt der Fatboy Sitzsack drei Einrichtungsw\u00fcnsche in einem Schlag.<\/p>\n<p><img loading=\"lazy\" decoding=\"async\" class=\"aligncenter size-full wp-image-17773\" src=\"https:\/\/www.raum-blick.de\/magazin\/wp-content\/uploads\/2025\/01\/fatboy-Original-Stonewashed.jpg\" alt=\"\" width=\"620\" height=\"561\" title=\"\" srcset=\"https:\/\/raum-blick.de\/magazin\/wp-content\/uploads\/2025\/01\/fatboy-Original-Stonewashed.jpg 620w, https:\/\/raum-blick.de\/magazin\/wp-content\/uploads\/2025\/01\/fatboy-Original-Stonewashed-300x271.jpg 300w\" sizes=\"(max-width: 620px) 100vw, 620px\" \/><\/p>\n<p style=\"text-align: justify;\">Offen l\u00e4sst Jan Kurtz bei dem <a href=\"https:\/\/www.raum-blick.de\/jan-kurtz-paris-hocker\">Paris Hocker<\/a>, wof\u00fcr er beim Wohnen verwendet wird. Beistelltisch, Sitzplatz oder Ablage: Er meistert alle Aufgaben bravour\u00f6s und ist dekorativ, weil er nostalgische Schemel aus b\u00e4uerlichen Szenarien charmant interpretiert. Das gilt besonders f\u00fcr die Variante im strahlenden T\u00fcrkis. Wenn Sie eine Wohnung mit Schr\u00e4ge einrichten, bew\u00e4hrt sich das Multitalent von Jan Kurtz. Der Paris Hocker ist im Flur als Ablage und Sitzgelegenheit ebenso willkommen wie im Bad. Er taucht deshalb in beiden R\u00e4umen auf, w\u00e4hrend weitere Exemplare gestapelt auf ihren Einsatz warten. Sind bei der Party viele Sitzpl\u00e4tze gefragt? Gern begeben sich die verteilten Allrounder auf Wanderschaft, um sich f\u00fcrs Fest vor\u00fcbergehend im Wohnzimmer zu versammeln.<\/p>\n<p><a href=\"https:\/\/www.raum-blick.de\/jan-kurtz-paris-hocker\"><img loading=\"lazy\" decoding=\"async\" class=\"aligncenter wp-image-17774 size-full\" title=\"Jan Kurtz - Paris Hocker \" src=\"https:\/\/www.raum-blick.de\/magazin\/wp-content\/uploads\/2025\/01\/jan-kurtz-paris-hocker.jpg\" alt=\"Jan Kurtz - Paris Hocker \" width=\"620\" height=\"476\" srcset=\"https:\/\/raum-blick.de\/magazin\/wp-content\/uploads\/2025\/01\/jan-kurtz-paris-hocker.jpg 620w, https:\/\/raum-blick.de\/magazin\/wp-content\/uploads\/2025\/01\/jan-kurtz-paris-hocker-300x230.jpg 300w\" sizes=\"(max-width: 620px) 100vw, 620px\" \/><\/a><\/p>\n<h2><span class=\"ez-toc-section\" id=\"Sperrzone_beim_Einrichten_%E2%80%93_Raummitte_mit_Bewegungsfreiheit\"><\/span>Sperrzone beim Einrichten \u2013 Raummitte mit Bewegungsfreiheit<span class=\"ez-toc-section-end\"><\/span><\/h2>\n<p style=\"text-align: justify;\">Eine normale H\u00f6he hat die Dachwohnung meist nur in der Mitte. Sie erm\u00f6glicht freie Bewegungen und l\u00e4sst das Ambiente gro\u00dfz\u00fcgig erscheinen. Die Voraussetzung daf\u00fcr ist, dass kein M\u00f6belst\u00fcck den Bereich belagert. Vor der Sofalandschaft gen\u00fcgt im Alltag ein federleichter Beistelltisch vollkommen. Perfekt zur Grundausstattung mit den by Lassen Frame M\u00f6belboxen passt der Twin Beistelltisch aus dem Portfolio der Designmarke.<\/p>\n<p><img loading=\"lazy\" decoding=\"async\" class=\"aligncenter wp-image-17777 size-full\" title=\"by Lassen - Twin Beistelltische\" src=\"https:\/\/www.raum-blick.de\/magazin\/wp-content\/uploads\/2025\/01\/by-lassen-twin-beistelltisch-schwarz.jpg\" alt=\"by Lassen - Twin Beistelltische - Zimmer mit Schr\u00e4ge einrichten\" width=\"620\" height=\"452\" srcset=\"https:\/\/raum-blick.de\/magazin\/wp-content\/uploads\/2025\/01\/by-lassen-twin-beistelltisch-schwarz.jpg 620w, https:\/\/raum-blick.de\/magazin\/wp-content\/uploads\/2025\/01\/by-lassen-twin-beistelltisch-schwarz-300x219.jpg 300w\" sizes=\"(max-width: 620px) 100vw, 620px\" \/><\/p>\n<p style=\"text-align: justify;\">Wird f\u00fcr den Videoabend mehr Abstellfl\u00e4che ben\u00f6tigt, holt man aus der Schr\u00e4ge den rollbaren <a href=\"https:\/\/www.raum-blick.de\/mueller-small-living-modular-nachttisch\">M\u00fcller Small Living Modular<\/a> heraus. Er wurde als Nachttisch entworfen, \u00fcberzeugt aber auch als Couchtisch und bietet zus\u00e4tzlichen Stauraum.<\/p>\n<p><a href=\"https:\/\/www.raum-blick.de\/mueller-small-living-modular-nachttisch\"><img loading=\"lazy\" decoding=\"async\" class=\"aligncenter wp-image-17780 size-full\" title=\"M\u00fcller Small Living \u2013 Modular Nachttisch | Design: Rolf Heide\" src=\"https:\/\/www.raum-blick.de\/magazin\/wp-content\/uploads\/2025\/01\/mueller-small-living-modular-nachttisch.jpg\" alt=\"M\u00fcller Small Living \u2013 Modular Nachttisch | Design: Rolf Heide\" width=\"620\" height=\"409\" srcset=\"https:\/\/raum-blick.de\/magazin\/wp-content\/uploads\/2025\/01\/mueller-small-living-modular-nachttisch.jpg 620w, https:\/\/raum-blick.de\/magazin\/wp-content\/uploads\/2025\/01\/mueller-small-living-modular-nachttisch-300x198.jpg 300w, https:\/\/raum-blick.de\/magazin\/wp-content\/uploads\/2025\/01\/mueller-small-living-modular-nachttisch-310x205.jpg 310w\" sizes=\"(max-width: 620px) 100vw, 620px\" \/><\/a><\/p>\n<p style=\"text-align: justify;\">Genauso wie der M\u00fcller Small Living Modular Nachttisch wartet der <a href=\"https:\/\/www.raum-blick.de\/normann-copenhagen-block-beistelltisch\">Normann Copenhagen Block Beistelltisch<\/a> in einem Dachwinkel auf Jobs. Er ist ebenfalls mit Rollen ausgestattet und bereichert die Einrichtung in der K\u00fcche. Wird es eng auf dem Esstisch, gesellt er sich in die Runde. Danach verschwindet er wieder aus dem Blickfeld. Durch das zweist\u00f6ckige Designkonzept bietet das Multitalent reichlich Abstellfl\u00e4che, die vielerorts gefragt ist. Wohnlounge, Schlafzimmer, Balkon: Der Normann Copenhagen Block Beistelltisch ist in der Dachgeschosswohnung viel unterwegs.<\/p>\n<p><a href=\"https:\/\/www.raum-blick.de\/normann-copenhagen-block-beistelltisch\"><img loading=\"lazy\" decoding=\"async\" class=\"aligncenter wp-image-17782 size-full\" title=\"Normann Copenhagen \u2013 Block Beistelltisch | Design: Simon Legald \" src=\"https:\/\/www.raum-blick.de\/magazin\/wp-content\/uploads\/2025\/01\/Ambiente-Flur-norman-copenhagen-block-table.jpg\" alt=\"Normann Copenhagen \u2013 Block Beistelltisch | Design: Simon Legald - Zimmer mit Schr\u00e4ge einrichten\" width=\"620\" height=\"583\" srcset=\"https:\/\/raum-blick.de\/magazin\/wp-content\/uploads\/2025\/01\/Ambiente-Flur-norman-copenhagen-block-table.jpg 620w, https:\/\/raum-blick.de\/magazin\/wp-content\/uploads\/2025\/01\/Ambiente-Flur-norman-copenhagen-block-table-300x282.jpg 300w\" sizes=\"(max-width: 620px) 100vw, 620px\" \/><\/a><\/p>\n","protected":false},"excerpt":{"rendered":"<p>Fenster sind genauso rar wie gerade W\u00e4nde, an denen man M\u00f6bel platzieren kann. In vielen Bereichen ist die Wohnung so niedrig, dass man sich beim Bewegen schnell den Kopf st\u00f6\u00dft. Beherzigen Sie einige Tipps, wenn Sie das Zimmer mit Schr\u00e4ge einrichten. Dann erf\u00fcllt das Zuhause trotz der kniffligen Rahmenbedingungen mit Dachschr\u00e4ge alle W\u00fcnsche und wirkt [&hellip;]<\/p>\n","protected":false},"author":4,"featured_media":17761,"comment_status":"closed","ping_status":"open","sticky":false,"template":"","format":"standard","meta":{"_et_pb_use_builder":"","_et_pb_old_content":"","_et_gb_content_width":"","inline_featured_image":false,"footnotes":""},"categories":[1],"tags":[463,2048,923,1856,2049,2050,2051,2047],"class_list":["post-17759","post","type-post","status-publish","format-standard","has-post-thumbnail","hentry","category-drinnen","tag-dachschraege","tag-dachwohnung","tag-inneneinrichtung","tag-interior-design","tag-loft","tag-modulare-moebel","tag-niedrige-moebel","tag-zimmer-mit-dachschraege-einrichten"],"_links":{"self":[{"href":"https:\/\/raum-blick.de\/magazin\/wp-json\/wp\/v2\/posts\/17759","targetHints":{"allow":["GET"]}}],"collection":[{"href":"https:\/\/raum-blick.de\/magazin\/wp-json\/wp\/v2\/posts"}],"about":[{"href":"https:\/\/raum-blick.de\/magazin\/wp-json\/wp\/v2\/types\/post"}],"author":[{"embeddable":true,"href":"https:\/\/raum-blick.de\/magazin\/wp-json\/wp\/v2\/users\/4"}],"replies":[{"embeddable":true,"href":"https:\/\/raum-blick.de\/magazin\/wp-json\/wp\/v2\/comments?post=17759"}],"version-history":[{"count":16,"href":"https:\/\/raum-blick.de\/magazin\/wp-json\/wp\/v2\/posts\/17759\/revisions"}],"predecessor-version":[{"id":20825,"href":"https:\/\/raum-blick.de\/magazin\/wp-json\/wp\/v2\/posts\/17759\/revisions\/20825"}],"wp:featuredmedia":[{"embeddable":true,"href":"https:\/\/raum-blick.de\/magazin\/wp-json\/wp\/v2\/media\/17761"}],"wp:attachment":[{"href":"https:\/\/raum-blick.de\/magazin\/wp-json\/wp\/v2\/media?parent=17759"}],"wp:term":[{"taxonomy":"category","embeddable":true,"href":"https:\/\/raum-blick.de\/magazin\/wp-json\/wp\/v2\/categories?post=17759"},{"taxonomy":"post_tag","embeddable":true,"href":"https:\/\/raum-blick.de\/magazin\/wp-json\/wp\/v2\/tags?post=17759"}],"curies":[{"name":"wp","href":"https:\/\/api.w.org\/{rel}","templated":true}]}}