{"id":17732,"date":"2023-01-10T15:45:14","date_gmt":"2023-01-10T14:45:14","guid":{"rendered":"https:\/\/www.raum-blick.de\/magazin\/?p=17732"},"modified":"2024-08-27T13:58:27","modified_gmt":"2024-08-27T11:58:27","slug":"wandspiegel-im-wohnzimmer","status":"publish","type":"post","link":"https:\/\/raum-blick.de\/magazin\/wandspiegel-im-wohnzimmer\/","title":{"rendered":"Wandspiegel im Wohnzimmer"},"content":{"rendered":"<h2><span class=\"ez-toc-section\" id=\"%C2%AB_Wohnraum_optisch_vergroessern_%C2%BB\"><\/span>\u00ab Wohnraum optisch vergr\u00f6\u00dfern \u00bb<span class=\"ez-toc-section-end\"><\/span><\/h2>\n<p style=\"text-align: justify;\"><strong>Fr\u00fcher verzichtete man im Salon selten auf einen Wandspiegel, der oft pomp\u00f6s umrahmt war. Heute taucht er meist nur im Flur oder Bad auf. Das ist schade, weil das Accessoire die Wand dekoriert, R\u00e4umen mehr Tiefe verleiht und individuelle Einrichtungsideen befl\u00fcgelt. Was man mit einem Wandspiegel im Wohnzimmer machen kann? Hier ein paar Inspirationen f\u00fcr die Wohngestaltung mit Design-Spiegeln.<\/strong><\/p>\n<h2><span class=\"ez-toc-section\" id=\"Abrakadabra_%E2%80%93_schon_kommt_das_kleine_Wohnzimmer_gross_raus\"><\/span>Abrakadabra \u2013 schon kommt das kleine Wohnzimmer gro\u00df raus!<span class=\"ez-toc-section-end\"><\/span><\/h2>\n<p style=\"text-align: justify;\">Sein Zuhause charmant einzurichten ist auch auf kleinem Raum m\u00f6glich. Das gesamte Geschick f\u00fcr die Einrichtung wird in die Waagschale geworfen. So gelingt es, alle M\u00f6bel unterzubringen mit der ern\u00fcchternden Quintessenz: Die Atmosph\u00e4re wirkt beengt. Der Eindruck verfliegt, wenn ein gro\u00dfer Wandspiegel ins Wohnzimmer einzieht. Sobald er h\u00e4ngt, wird durch die Reflexionen der gegen\u00fcberliegende Bereich doppelt wahrgenommen. Jetzt erscheint der Raum deutlich gr\u00f6\u00dfer, als er eigentlich ist.<\/p><div id=\"ez-toc-container\" class=\"ez-toc-v2_0_82_2 counter-hierarchy ez-toc-counter ez-toc-grey ez-toc-container-direction\">\n<div class=\"ez-toc-title-container\">\n<p class=\"ez-toc-title\" style=\"cursor:inherit\">Was hier auf Sie wartet<\/p>\n<span class=\"ez-toc-title-toggle\"><a href=\"#\" class=\"ez-toc-pull-right ez-toc-btn ez-toc-btn-xs ez-toc-btn-default ez-toc-toggle\" aria-label=\"Toggle Table of Content\"><span class=\"ez-toc-js-icon-con\"><span class=\"\"><span class=\"eztoc-hide\" style=\"display:none;\">Toggle<\/span><span class=\"ez-toc-icon-toggle-span\"><svg style=\"fill: #999;color:#999\" xmlns=\"http:\/\/www.w3.org\/2000\/svg\" class=\"list-377408\" width=\"20px\" height=\"20px\" viewBox=\"0 0 24 24\" fill=\"none\"><path d=\"M6 6H4v2h2V6zm14 0H8v2h12V6zM4 11h2v2H4v-2zm16 0H8v2h12v-2zM4 16h2v2H4v-2zm16 0H8v2h12v-2z\" fill=\"currentColor\"><\/path><\/svg><svg style=\"fill: #999;color:#999\" class=\"arrow-unsorted-368013\" xmlns=\"http:\/\/www.w3.org\/2000\/svg\" width=\"10px\" height=\"10px\" viewBox=\"0 0 24 24\" version=\"1.2\" baseProfile=\"tiny\"><path d=\"M18.2 9.3l-6.2-6.3-6.2 6.3c-.2.2-.3.4-.3.7s.1.5.3.7c.2.2.4.3.7.3h11c.3 0 .5-.1.7-.3.2-.2.3-.5.3-.7s-.1-.5-.3-.7zM5.8 14.7l6.2 6.3 6.2-6.3c.2-.2.3-.5.3-.7s-.1-.5-.3-.7c-.2-.2-.4-.3-.7-.3h-11c-.3 0-.5.1-.7.3-.2.2-.3.5-.3.7s.1.5.3.7z\"\/><\/svg><\/span><\/span><\/span><\/a><\/span><\/div>\n<nav><ul class='ez-toc-list ez-toc-list-level-1 ' ><li class='ez-toc-page-1 ez-toc-heading-level-2'><a class=\"ez-toc-link ez-toc-heading-1\" href=\"https:\/\/raum-blick.de\/magazin\/wandspiegel-im-wohnzimmer\/#%C2%AB_Wohnraum_optisch_vergroessern_%C2%BB\" >\u00ab Wohnraum optisch vergr\u00f6\u00dfern \u00bb<\/a><\/li><li class='ez-toc-page-1 ez-toc-heading-level-2'><a class=\"ez-toc-link ez-toc-heading-2\" href=\"https:\/\/raum-blick.de\/magazin\/wandspiegel-im-wohnzimmer\/#Abrakadabra_%E2%80%93_schon_kommt_das_kleine_Wohnzimmer_gross_raus\" >Abrakadabra \u2013 schon kommt das kleine Wohnzimmer gro\u00df raus!<\/a><\/li><li class='ez-toc-page-1 ez-toc-heading-level-2'><a class=\"ez-toc-link ez-toc-heading-3\" href=\"https:\/\/raum-blick.de\/magazin\/wandspiegel-im-wohnzimmer\/#Lieblingsstuecke_%E2%80%93_doppelt_schoen_dank_Spiegelungen\" >Lieblingsst\u00fccke \u2013 doppelt sch\u00f6n dank Spiegelungen<\/a><\/li><li class='ez-toc-page-1 ez-toc-heading-level-2'><a class=\"ez-toc-link ez-toc-heading-4\" href=\"https:\/\/raum-blick.de\/magazin\/wandspiegel-im-wohnzimmer\/#Wandspiegel_im_Wohnzimmer_fuer_die_abwechslungsreiche_Wohndeko\" >Wandspiegel im Wohnzimmer f\u00fcr die abwechslungsreiche Wohndeko<\/a><\/li><li class='ez-toc-page-1 ez-toc-heading-level-2'><a class=\"ez-toc-link ez-toc-heading-5\" href=\"https:\/\/raum-blick.de\/magazin\/wandspiegel-im-wohnzimmer\/#Dynamische_Wanddekoration_mit_Spiegeln_Pflanzen_und_Ablagen\" >Dynamische Wanddekoration mit Spiegeln, Pflanzen und Ablagen<\/a><\/li><li class='ez-toc-page-1 ez-toc-heading-level-2'><a class=\"ez-toc-link ez-toc-heading-6\" href=\"https:\/\/raum-blick.de\/magazin\/wandspiegel-im-wohnzimmer\/#Design-Spiegel_perfekt_ins_Einrichtungskonzept_integriert\" >Design-Spiegel perfekt ins Einrichtungskonzept integriert<\/a><\/li><\/ul><\/nav><\/div>\n\n<p style=\"text-align: justify;\">F\u00fcr die Einrichtungsidee \u00e0 la Copperfield hat menu den Norm Wandspiegel f\u00fcrs Wohnzimmer entworfen. In der ovalen Version ist er 130 cm lang und erfasst quer montiert eine stattliche Fl\u00e4che. Zur Aufgabe bei der Raumgestaltung passt der dezente Aluminiumrahmen, den menu f\u00fcr den Norm Wandspiegel gew\u00e4hlt hat. Dadurch genie\u00dft der reflektierende Effekt die volle Aufmerksamkeit.<\/p>\n<p><a href=\"https:\/\/www.raum-blick.de\/menu-norm-wandspiegel\"><img loading=\"lazy\" decoding=\"async\" class=\"aligncenter wp-image-17736 size-full\" title=\"menu Norm Wandspiegel \" src=\"https:\/\/www.raum-blick.de\/magazin\/wp-content\/uploads\/2025\/01\/menu-Norm-Wall-Mirror-Oval-White-8010639-2.jpg\" alt=\"menu Norm Wandspiegel - Wandspiegel im Wohnzimmer\" width=\"620\" height=\"620\" srcset=\"https:\/\/raum-blick.de\/magazin\/wp-content\/uploads\/2025\/01\/menu-Norm-Wall-Mirror-Oval-White-8010639-2.jpg 620w, https:\/\/raum-blick.de\/magazin\/wp-content\/uploads\/2025\/01\/menu-Norm-Wall-Mirror-Oval-White-8010639-2-300x300.jpg 300w, https:\/\/raum-blick.de\/magazin\/wp-content\/uploads\/2025\/01\/menu-Norm-Wall-Mirror-Oval-White-8010639-2-150x150.jpg 150w\" sizes=\"(max-width: 620px) 100vw, 620px\" \/><\/a><\/p>\n<p style=\"text-align: justify;\">Auf ein \u00e4hnliches Design setzt <a href=\"https:\/\/www.raum-blick.de\/jan-kurtz\/\">Jan Kurtz<\/a> beim Mio Spiegel. Die Einfassung aus Edelstahl gleicht einem Hauch von Nichts bei dem rechteckigen Wohnaccessoire mit abgerundeten Kanten. Achten Sie beim Platzieren darauf, dass eine fensterlose Raumseite und attraktive Details wie Blumenarrangements erfasst werden. Dann entfaltet der Jan Kurtz Mio Spiegel die ersehnten Zauberkr\u00e4fte.<\/p>\n<p><a href=\"https:\/\/www.raum-blick.de\/jan-kurtz-mio-spiegel\"><img loading=\"lazy\" decoding=\"async\" class=\"aligncenter wp-image-17738 size-full\" title=\"Jan Kurtz \u2013 Mio Spiegel gro\u00dfer Wandspiegel\" src=\"https:\/\/www.raum-blick.de\/magazin\/wp-content\/uploads\/2025\/01\/mio-spiegel-schwarz-60x40-jan-kurtz_83604.jpg\" alt=\"Jan Kurtz \u2013 Mio Spiegel gro\u00dfer Wandspiegel - Wandspiegel im Wohnzimmer\" width=\"620\" height=\"620\" srcset=\"https:\/\/raum-blick.de\/magazin\/wp-content\/uploads\/2025\/01\/mio-spiegel-schwarz-60x40-jan-kurtz_83604.jpg 620w, https:\/\/raum-blick.de\/magazin\/wp-content\/uploads\/2025\/01\/mio-spiegel-schwarz-60x40-jan-kurtz_83604-300x300.jpg 300w, https:\/\/raum-blick.de\/magazin\/wp-content\/uploads\/2025\/01\/mio-spiegel-schwarz-60x40-jan-kurtz_83604-150x150.jpg 150w\" sizes=\"(max-width: 620px) 100vw, 620px\" \/><\/a><\/p>\n<h2><span class=\"ez-toc-section\" id=\"Lieblingsstuecke_%E2%80%93_doppelt_schoen_dank_Spiegelungen\"><\/span>Lieblingsst\u00fccke \u2013 doppelt sch\u00f6n dank Spiegelungen<span class=\"ez-toc-section-end\"><\/span><\/h2>\n<p style=\"text-align: justify;\">Die Raumgr\u00f6\u00dfe stimmt, aber der Grundriss ist suboptimal. Er provoziert einen toten Winkel, in dem man nichts drapieren kann. Dadurch entzieht sich der Bereich der Wahrnehmung und das Wohnzimmer wirkt kleiner.<\/p>\n<p style=\"text-align: justify;\">Entgegenkommend sorgt <a href=\"https:\/\/www.raum-blick.de\/form-refine\/\">Form &amp; Refine<\/a> mit dem Rim Wandspiegel im Wohnzimmer daf\u00fcr, dass sich das Einrichtungsproblem in Luft aufl\u00f6st. Der Design-Spiegel ist dezent mit massivem Eichenholz eingefasst, das zur Gem\u00fctlichkeit beitr\u00e4gt. Unter der Spiegelfl\u00e4che bietet sich ein Board an, um Deko zu platzieren. Ihre Wirkung verdoppelt sich, weil der Form &amp; Refine Rim Wandspiegel sie reflektiert. So schl\u00e4gt man zwei Fliegen mit einer Klappe: Die &#8222;Problemzone&#8220; im Wohnzimmer gewinnt an Ausstrahlung und die Lieblingsaccessoires kommen super zur Geltung.<\/p>\n<p><a href=\"https:\/\/www.raum-blick.de\/form-refine-rim-wandspiegel\"><img loading=\"lazy\" decoding=\"async\" class=\"aligncenter wp-image-17741 size-full\" title=\"Form &amp; Refine \u2013 Rim eleganter Wandspiegel aus Eichenholz | Design: Herman Studio\" src=\"https:\/\/www.raum-blick.de\/magazin\/wp-content\/uploads\/2025\/01\/form-refine-rim-wandspiegel.jpg\" alt=\"Form &amp; Refine \u2013 Rim Wandspiegel eleganter Spiegel aus Eichenholz | Design: Herman Studio\" width=\"620\" height=\"537\" srcset=\"https:\/\/raum-blick.de\/magazin\/wp-content\/uploads\/2025\/01\/form-refine-rim-wandspiegel.jpg 620w, https:\/\/raum-blick.de\/magazin\/wp-content\/uploads\/2025\/01\/form-refine-rim-wandspiegel-300x260.jpg 300w\" sizes=\"(max-width: 620px) 100vw, 620px\" \/><\/a><\/p>\n<p style=\"text-align: justify;\">Genauso gut eignet sich f\u00fcr die Gestaltungsidee der <a href=\"https:\/\/www.raum-blick.de\/remember\/\">REMEMBER<\/a> Wandspiegel. Er wartet ebenfalls mit einer Ablage auf, die man nach Lust und Laune dekorieren kann. Ansprechend ist nicht nur die ovale Form des Wohnaccessoires, sondern auch die Farbpalette. REMEMBER bietet den Wandspiegel f\u00fcr Wohnzimmer mit Design-Elementen in Rosa, Mint oder Blau an. Er ist ideal, wenn sich die puristisch akzentuierte Einrichtung nach einem Farbtupfer sehnt.<\/p>\n<p><a href=\"https:\/\/www.raum-blick.de\/remember-wandspiegel\"><img loading=\"lazy\" decoding=\"async\" class=\"aligncenter wp-image-17743 size-full\" title=\"REMEMBER \u2013 Garderobenspiegel mit Ablage \" src=\"https:\/\/www.raum-blick.de\/magazin\/wp-content\/uploads\/2025\/01\/remember-wandspiegel-mint-mit-garderobe.jpg\" alt=\"REMEMBER \u2013 Garderobenspiegel mit Ablage - Wandspiegel im Wohnzimmer\" width=\"620\" height=\"620\" srcset=\"https:\/\/raum-blick.de\/magazin\/wp-content\/uploads\/2025\/01\/remember-wandspiegel-mint-mit-garderobe.jpg 620w, https:\/\/raum-blick.de\/magazin\/wp-content\/uploads\/2025\/01\/remember-wandspiegel-mint-mit-garderobe-300x300.jpg 300w, https:\/\/raum-blick.de\/magazin\/wp-content\/uploads\/2025\/01\/remember-wandspiegel-mint-mit-garderobe-150x150.jpg 150w\" sizes=\"(max-width: 620px) 100vw, 620px\" \/><\/a><\/p>\n<h2><span class=\"ez-toc-section\" id=\"Wandspiegel_im_Wohnzimmer_fuer_die_abwechslungsreiche_Wohndeko\"><\/span>Wandspiegel im Wohnzimmer f\u00fcr die abwechslungsreiche Wohndeko<span class=\"ez-toc-section-end\"><\/span><\/h2>\n<p style=\"text-align: justify;\">Darf der reflektierende Effekt stattlich ausfallen? Dann l\u00e4dt die <a href=\"https:\/\/www.raum-blick.de\/raum-blick\/\">Spiegel-Magnetwand MAX<\/a> dazu ein, sich kreativ auszutoben. Das multifunktionale Accessoire kommt rahmenlos und in d\u00fcnner Ausf\u00fchrung daher. Der Spiegel verschmilzt optisch mit der Wand, weil er sich nur 7 Millimeter vom Untergrund abhebt. Dadurch spricht nichts dagegen, mehrere Exemplare bei der Raumgestaltung ins Spiel zu bringen. Der Idee kommt das Sortiment entgegen, das Design-Varianten in kleinen, mittleren und gro\u00dfen Formaten pr\u00e4sentiert. Es bietet au\u00dferdem passende Glasmagnetboards in Rot, Gr\u00fcn, Wei\u00df und Schwarz an, die einen leicht reflektierenden Charakter haben.<\/p>\n<p><a href=\"https:\/\/www.raum-blick.de\/spiegel-magnetwand-max-100x60-cm\"><img loading=\"lazy\" decoding=\"async\" class=\"aligncenter wp-image-17745 size-full\" title=\"Spiegel Magnetwand 100x60 cm | Design: J\u00f6rg B\u00f6hler\" src=\"https:\/\/www.raum-blick.de\/magazin\/wp-content\/uploads\/2025\/01\/spiegel-magnetwand-max.jpg\" alt=\"Spiegel Magnetwand 100x60 cm | Design: J\u00f6rg B\u00f6hler\" width=\"620\" height=\"546\" srcset=\"https:\/\/raum-blick.de\/magazin\/wp-content\/uploads\/2025\/01\/spiegel-magnetwand-max.jpg 620w, https:\/\/raum-blick.de\/magazin\/wp-content\/uploads\/2025\/01\/spiegel-magnetwand-max-300x264.jpg 300w\" sizes=\"(max-width: 620px) 100vw, 620px\" \/><\/a><\/p>\n<p style=\"text-align: justify;\">Modern wirkt das Flair, wenn man die Wandspiegel im Wohnzimmer mit den Glastafeln in diversen Gr\u00f6\u00dfen kombiniert. Der auflockernde Aspekt verst\u00e4rkt sich, wenn man den Magnetspiegel MAX und seine farbigen Pendants kreativ beschriftet und best\u00fcckt. Zu Ostern werden sie von den Kids mit Hasen, Schmetterlingen und Blumen verziert. Im Sommer entdecken Besucher darauf nostalgische Ansichtskarten, die das Fernweh sch\u00fcren. Beim Dinner stellt ein Board den G\u00e4sten das Men\u00fc vor. So bescheren die Spiegel f\u00fcr das Wohnzimmer reichlich Abwechslung bei der Deko.<\/p>\n<p><a href=\"https:\/\/www.raum-blick.de\/spiegel-magnetwand-max-60x40-cm\"><img loading=\"lazy\" decoding=\"async\" class=\"aligncenter wp-image-17747 size-full\" title=\"Spiegel Magnetwand 60x40 cm | Design: J\u00f6rg B\u00f6hler\" src=\"https:\/\/www.raum-blick.de\/magazin\/wp-content\/uploads\/2025\/01\/raum-blick-magnetspiegel-60x40-1.jpg\" alt=\"Spiegel Magnetwand 60x40 cm | Design: J\u00f6rg B\u00f6hler\" width=\"620\" height=\"620\" srcset=\"https:\/\/raum-blick.de\/magazin\/wp-content\/uploads\/2025\/01\/raum-blick-magnetspiegel-60x40-1.jpg 620w, https:\/\/raum-blick.de\/magazin\/wp-content\/uploads\/2025\/01\/raum-blick-magnetspiegel-60x40-1-300x300.jpg 300w, https:\/\/raum-blick.de\/magazin\/wp-content\/uploads\/2025\/01\/raum-blick-magnetspiegel-60x40-1-150x150.jpg 150w\" sizes=\"(max-width: 620px) 100vw, 620px\" \/><\/a><\/p>\n<h2><span class=\"ez-toc-section\" id=\"Dynamische_Wanddekoration_mit_Spiegeln_Pflanzen_und_Ablagen\"><\/span>Dynamische Wanddekoration mit Spiegeln, Pflanzen und Ablagen<span class=\"ez-toc-section-end\"><\/span><\/h2>\n<p style=\"text-align: justify;\">Die Kreativit\u00e4t kurbelt nicht nur die Spiegel-Magnetwand MAX an, sondern auch Verti Copenhagen mit dem VertiMirror. Er komplettiert eine Kollektion f\u00fcr die Wandgestaltung aus Skandinavien. Rikke &amp; Jens Raecke entwarfen zuerst die kachelartigen Blument\u00f6pfe <a href=\"https:\/\/www.raum-blick.de\/vertiplants\/\">VertiPlants<\/a>. Sie sind daf\u00fcr geschaffen, vertikale G\u00e4rten ins Wohnzimmer zu zaubern. Schnell erkannte man, dass man die Wandt\u00f6pfe auch als Ordnungshelfer nutzen kann. Die d\u00e4nische Marke griff den Gedanken auf und erg\u00e4nzte Deckel, die den Pflanztopf in eine Wandablage verwandeln. Mittig eine Spiegelleiste, darunter ein Wandboard, rechts und links Platz f\u00fcr Naturdeko: Sobald man von Verti Copenhagen den VertiMirror entdeckt hat, kommen unz\u00e4hlige Ideen f\u00fcr Arrangements in den Sinn. Es ist gleich, welcher individuelle Entwurf das Rennen macht. Der Wandspiegel ist in jedem Fall einzigartig und ein raffinierter Blickfang.<\/p>\n<p><img loading=\"lazy\" decoding=\"async\" class=\"aligncenter wp-image-17749 size-full\" title=\"Verti \u2013 Copenhagen VertiMirror Wandspiegel | Design: Rikke &amp; Jens Raecke\" src=\"https:\/\/www.raum-blick.de\/magazin\/wp-content\/uploads\/2025\/01\/Baugruppe-2-Verti-Copenhagen-kombination-weiss.jpg\" alt=\"Verti \u2013 Copenhagen VertiMirror Wandspiegel | Design: Rikke &amp; Jens Raecke\" width=\"620\" height=\"620\" srcset=\"https:\/\/raum-blick.de\/magazin\/wp-content\/uploads\/2025\/01\/Baugruppe-2-Verti-Copenhagen-kombination-weiss.jpg 620w, https:\/\/raum-blick.de\/magazin\/wp-content\/uploads\/2025\/01\/Baugruppe-2-Verti-Copenhagen-kombination-weiss-300x300.jpg 300w, https:\/\/raum-blick.de\/magazin\/wp-content\/uploads\/2025\/01\/Baugruppe-2-Verti-Copenhagen-kombination-weiss-150x150.jpg 150w\" sizes=\"(max-width: 620px) 100vw, 620px\" \/><\/p>\n<h2><span class=\"ez-toc-section\" id=\"Design-Spiegel_perfekt_ins_Einrichtungskonzept_integriert\"><\/span>Design-Spiegel perfekt ins Einrichtungskonzept integriert<span class=\"ez-toc-section-end\"><\/span><\/h2>\n<p style=\"text-align: justify;\">Trendbewusst w\u00e4hlte <a href=\"https:\/\/www.raum-blick.de\/ferm-living\/\">ferm LIVING<\/a> f\u00fcr den Poise Wandspiegel ein puristisches Design. Die gerundete Formgebung sorgt f\u00fcr den wohnlichen Gesamteindruck, w\u00e4hrend der schwarze Rahmen aus pulverbeschichtetem Metall einen industriellen Touch hat. Wer den Blick schweifen l\u00e4sst, bemerkt das Gesp\u00fcr f\u00fcrs Einrichten. Die Wandleuchte Arum neben dem Lesesessel und die locker drapierten Cluster Beistelltische vor dem Fenster bekennen sich zum selben Material und Stil. Dadurch integriert sich der ferm LIVING Poise Wandspiegel ins Wohnzimmer auf harmonische Weise ein..<\/p>\n<p><a href=\"https:\/\/www.raum-blick.de\/ferm-living-poise-wandspiegel\"><img loading=\"lazy\" decoding=\"async\" class=\"aligncenter wp-image-17751 size-full\" title=\"ferm Living Poise Wandspiegel\" src=\"https:\/\/www.raum-blick.de\/magazin\/wp-content\/uploads\/2025\/01\/ferm-living-poise-wandspiegel.jpg\" alt=\"ferm Living Poise Wandspiegel\" width=\"620\" height=\"620\" srcset=\"https:\/\/raum-blick.de\/magazin\/wp-content\/uploads\/2025\/01\/ferm-living-poise-wandspiegel.jpg 620w, https:\/\/raum-blick.de\/magazin\/wp-content\/uploads\/2025\/01\/ferm-living-poise-wandspiegel-300x300.jpg 300w, https:\/\/raum-blick.de\/magazin\/wp-content\/uploads\/2025\/01\/ferm-living-poise-wandspiegel-150x150.jpg 150w\" sizes=\"(max-width: 620px) 100vw, 620px\" \/><\/a><\/p>\n<p style=\"text-align: justify;\">Einen markentypischen Look w\u00e4hlt <a href=\"https:\/\/www.raum-blick.de\/kartell\/\">Kartell<\/a> f\u00fcr den <a href=\"https:\/\/www.raum-blick.de\/kartell-only-me-wandspiegel\">Only Me<\/a> Wandspiegel. Er stammt aus der Feder von Philippe Starck und hat trotz der geradlinigen \u00c4sthetik einen extravaganten Twist. Das ist der Einfassung aus Kunststoff zu verdanken, die mit der exklusiven Aura von Kristallglas verbl\u00fcfft. Das unkonventionelle Material verwendet Kartell nicht nur beim Only Me Spiegel, sondern auch f\u00fcr M\u00f6bel. Apart interpretiert der Stuhl Louis Ghost barocken Stil. Bei der Kommode <a href=\"https:\/\/www.raum-blick.de\/kartell-ghost-buster-kommode\">Ghost Buster<\/a> fragt man sich, ob sie reell oder eine Illusion ist. Die Transparenz ist der Clou bei den Design-M\u00f6beln und dem Spiegel f\u00fcr das Wohnzimmer. Sie signieren eindrucksvoll die Einrichtung, entziehen sich aber gleichzeitig fast der Wahrnehmung. Die Kombination ist grandios, wenn der Raum klein ist und durch die geschickte Gestaltung gr\u00f6\u00dfer wirken soll.<\/p>\n<p><a href=\"https:\/\/www.raum-blick.de\/kartell-ghost-buster-kommode\"><img loading=\"lazy\" decoding=\"async\" class=\"aligncenter wp-image-17753\" title=\"Kartell Ghost Buster Kommode Design: Philippe Starck &amp; Eugeni Quitllet 2010\" src=\"https:\/\/www.raum-blick.de\/magazin\/wp-content\/uploads\/2025\/01\/kartell-ghost-buster-kommode.jpg\" alt=\"Kartell Ghost Buster Kommode Design: Philippe Starck &amp; Eugeni Quitllet 2010\" width=\"450\" height=\"520\" srcset=\"https:\/\/raum-blick.de\/magazin\/wp-content\/uploads\/2025\/01\/kartell-ghost-buster-kommode.jpg 500w, https:\/\/raum-blick.de\/magazin\/wp-content\/uploads\/2025\/01\/kartell-ghost-buster-kommode-260x300.jpg 260w\" sizes=\"(max-width: 450px) 100vw, 450px\" \/><\/a><\/p>\n","protected":false},"excerpt":{"rendered":"<p>\u00ab Wohnraum optisch vergr\u00f6\u00dfern \u00bb Fr\u00fcher verzichtete man im Salon selten auf einen Wandspiegel, der oft pomp\u00f6s umrahmt war. Heute taucht er meist nur im Flur oder Bad auf. Das ist schade, weil das Accessoire die Wand dekoriert, R\u00e4umen mehr Tiefe verleiht und individuelle Einrichtungsideen befl\u00fcgelt. Was man mit einem Wandspiegel im Wohnzimmer machen kann? [&hellip;]<\/p>\n","protected":false},"author":4,"featured_media":17734,"comment_status":"closed","ping_status":"open","sticky":false,"template":"","format":"standard","meta":{"_et_pb_use_builder":"","_et_pb_old_content":"","_et_gb_content_width":"","inline_featured_image":false,"footnotes":""},"categories":[7],"tags":[2043,449,2042,2045,2041,295,2040,1269,2044],"class_list":["post-17732","post","type-post","status-publish","format-standard","has-post-thumbnail","hentry","category-accessoires-lifestyle","tag-design-spiegel","tag-einrichtungsideen","tag-elegante-spiegel","tag-mmodernes-design","tag-modernes-wohnzimmer","tag-wandspiegel","tag-wandspiegel-im-wohnzimmer","tag-wohndeko","tag-wohnideen-mit-spiegeln"],"_links":{"self":[{"href":"https:\/\/raum-blick.de\/magazin\/wp-json\/wp\/v2\/posts\/17732","targetHints":{"allow":["GET"]}}],"collection":[{"href":"https:\/\/raum-blick.de\/magazin\/wp-json\/wp\/v2\/posts"}],"about":[{"href":"https:\/\/raum-blick.de\/magazin\/wp-json\/wp\/v2\/types\/post"}],"author":[{"embeddable":true,"href":"https:\/\/raum-blick.de\/magazin\/wp-json\/wp\/v2\/users\/4"}],"replies":[{"embeddable":true,"href":"https:\/\/raum-blick.de\/magazin\/wp-json\/wp\/v2\/comments?post=17732"}],"version-history":[{"count":18,"href":"https:\/\/raum-blick.de\/magazin\/wp-json\/wp\/v2\/posts\/17732\/revisions"}],"predecessor-version":[{"id":20696,"href":"https:\/\/raum-blick.de\/magazin\/wp-json\/wp\/v2\/posts\/17732\/revisions\/20696"}],"wp:featuredmedia":[{"embeddable":true,"href":"https:\/\/raum-blick.de\/magazin\/wp-json\/wp\/v2\/media\/17734"}],"wp:attachment":[{"href":"https:\/\/raum-blick.de\/magazin\/wp-json\/wp\/v2\/media?parent=17732"}],"wp:term":[{"taxonomy":"category","embeddable":true,"href":"https:\/\/raum-blick.de\/magazin\/wp-json\/wp\/v2\/categories?post=17732"},{"taxonomy":"post_tag","embeddable":true,"href":"https:\/\/raum-blick.de\/magazin\/wp-json\/wp\/v2\/tags?post=17732"}],"curies":[{"name":"wp","href":"https:\/\/api.w.org\/{rel}","templated":true}]}}