{"id":17637,"date":"2022-12-28T09:10:06","date_gmt":"2022-12-28T08:10:06","guid":{"rendered":"https:\/\/www.raum-blick.de\/magazin\/?p=17637"},"modified":"2024-08-30T12:18:00","modified_gmt":"2024-08-30T10:18:00","slug":"gartendeko-im-winter","status":"publish","type":"post","link":"https:\/\/raum-blick.de\/magazin\/gartendeko-im-winter\/","title":{"rendered":"Gartendeko im Winter"},"content":{"rendered":"<h2><span class=\"ez-toc-section\" id=\"%C2%AB_Licht_und_Deko_in_der_kalten_Jahreszeit_%C2%BB\"><\/span>\u00ab Licht und Deko in der kalten Jahreszeit \u00bb<span class=\"ez-toc-section-end\"><\/span><\/h2>\n<p style=\"text-align: justify;\"><strong>Bunte Blumen beleben die Au\u00dfenanlage im Sommer, w\u00e4hrend die Sonne ihre Kraft bis in die Abendstunden entfaltet. Karg wirken die Beete an den kalten Tagen, die man in der Dunkelheit kaum bemerkt. Allerdings gibt es dennoch einige M\u00f6glichkeiten, die Gartenanlage selbst bei Schnee und grauen Tagen deutlich aufzuh\u00fcbschen. Design-Briefkasten, Feuerstellen oder Outdoor-Stimmungslichter: Sorgen Sie mit Gartendeko im Winter daf\u00fcr, dass der Garten das ganze Jahr \u00fcber ein Hingucker ist.<\/strong><\/p>\n<h2><span class=\"ez-toc-section\" id=\"Herzlich_willkommen_zu_Hause_Bezaubernder_Empfang_mit_Gartendeko\"><\/span>Herzlich willkommen zu Hause! Bezaubernder Empfang mit Gartendeko<span class=\"ez-toc-section-end\"><\/span><\/h2>\n<p style=\"text-align: justify;\">Kaum l\u00e4sst sich Ihr Grundst\u00fcck aus der Ferne erahnen, h\u00fcpft das Herz h\u00f6her. Un\u00fcbersehbar schick ist der Design-Briefkasten Standing Ovation aus der Serie <a href=\"https:\/\/www.raum-blick.de\/radius-design\/\">Radius Letterman<\/a>, den Sie direkt am Grundst\u00fccksrand platziert haben. Das kr\u00e4ftige Orange ist beim tr\u00fcben Winterwetter ein Lichtblick, der auch die Nachbarn begeistert. Die Freude \u00fcber das moderne Outdoor-Accessoire steigert sich beim \u00d6ffnen. Im Paketfach erwarten Sie bereits Ihre neuesten Bestellungen. So er\u00fcbrigt sich durch den praktisch durchdachten Radius Letterman der Gang zur Postfiliale.<\/p><div id=\"ez-toc-container\" class=\"ez-toc-v2_0_82_2 counter-hierarchy ez-toc-counter ez-toc-grey ez-toc-container-direction\">\n<div class=\"ez-toc-title-container\">\n<p class=\"ez-toc-title\" style=\"cursor:inherit\">Was hier auf Sie wartet<\/p>\n<span class=\"ez-toc-title-toggle\"><a href=\"#\" class=\"ez-toc-pull-right ez-toc-btn ez-toc-btn-xs ez-toc-btn-default ez-toc-toggle\" aria-label=\"Toggle Table of Content\"><span class=\"ez-toc-js-icon-con\"><span class=\"\"><span class=\"eztoc-hide\" style=\"display:none;\">Toggle<\/span><span class=\"ez-toc-icon-toggle-span\"><svg style=\"fill: #999;color:#999\" xmlns=\"http:\/\/www.w3.org\/2000\/svg\" class=\"list-377408\" width=\"20px\" height=\"20px\" viewBox=\"0 0 24 24\" fill=\"none\"><path d=\"M6 6H4v2h2V6zm14 0H8v2h12V6zM4 11h2v2H4v-2zm16 0H8v2h12v-2zM4 16h2v2H4v-2zm16 0H8v2h12v-2z\" fill=\"currentColor\"><\/path><\/svg><svg style=\"fill: #999;color:#999\" class=\"arrow-unsorted-368013\" xmlns=\"http:\/\/www.w3.org\/2000\/svg\" width=\"10px\" height=\"10px\" viewBox=\"0 0 24 24\" version=\"1.2\" baseProfile=\"tiny\"><path d=\"M18.2 9.3l-6.2-6.3-6.2 6.3c-.2.2-.3.4-.3.7s.1.5.3.7c.2.2.4.3.7.3h11c.3 0 .5-.1.7-.3.2-.2.3-.5.3-.7s-.1-.5-.3-.7zM5.8 14.7l6.2 6.3 6.2-6.3c.2-.2.3-.5.3-.7s-.1-.5-.3-.7c-.2-.2-.4-.3-.7-.3h-11c-.3 0-.5.1-.7.3-.2.2-.3.5-.3.7s.1.5.3.7z\"\/><\/svg><\/span><\/span><\/span><\/a><\/span><\/div>\n<nav><ul class='ez-toc-list ez-toc-list-level-1 ' ><li class='ez-toc-page-1 ez-toc-heading-level-2'><a class=\"ez-toc-link ez-toc-heading-1\" href=\"https:\/\/raum-blick.de\/magazin\/gartendeko-im-winter\/#%C2%AB_Licht_und_Deko_in_der_kalten_Jahreszeit_%C2%BB\" >\u00ab Licht und Deko in der kalten Jahreszeit \u00bb<\/a><\/li><li class='ez-toc-page-1 ez-toc-heading-level-2'><a class=\"ez-toc-link ez-toc-heading-2\" href=\"https:\/\/raum-blick.de\/magazin\/gartendeko-im-winter\/#Herzlich_willkommen_zu_Hause_Bezaubernder_Empfang_mit_Gartendeko\" >Herzlich willkommen zu Hause! Bezaubernder Empfang mit Gartendeko<\/a><\/li><li class='ez-toc-page-1 ez-toc-heading-level-2'><a class=\"ez-toc-link ez-toc-heading-3\" href=\"https:\/\/raum-blick.de\/magazin\/gartendeko-im-winter\/#Winterdeko_die_zum_Verweilen_einlaedt\" >Winterdeko, die zum Verweilen einl\u00e4dt<\/a><\/li><li class='ez-toc-page-1 ez-toc-heading-level-2'><a class=\"ez-toc-link ez-toc-heading-4\" href=\"https:\/\/raum-blick.de\/magazin\/gartendeko-im-winter\/#Feuerstellen_%E2%80%93_Stimmungsaufheller_fuer_gemuetliche_Winterabende\" >Feuerstellen \u2013 Stimmungsaufheller f\u00fcr gem\u00fctliche Winterabende<\/a><\/li><li class='ez-toc-page-1 ez-toc-heading-level-2'><a class=\"ez-toc-link ez-toc-heading-5\" href=\"https:\/\/raum-blick.de\/magazin\/gartendeko-im-winter\/#Gartendeko_inspirierend_fuer_den_Lifestyle_%E2%80%93_Deko_im_Wintergarten_und_auf_der_Terrasse_geniessen\" >Gartendeko inspirierend f\u00fcr den Lifestyle \u2013 Deko im Wintergarten und auf der Terrasse genie\u00dfen<\/a><\/li><\/ul><\/nav><\/div>\n\n<p><a href=\"https:\/\/www.raum-blick.de\/radius-design-letterman-standing-ovation-1-paketkasten\"><img loading=\"lazy\" decoding=\"async\" class=\"aligncenter wp-image-17640 size-full\" title=\"Letterman Standing Ovation Briefkasten &amp; Paketkasten | Design: Michael R\u00f6sing und Ralph Kraeuter\" src=\"https:\/\/www.raum-blick.de\/magazin\/wp-content\/uploads\/2024\/12\/radius-letterman-ovation-orange.jpg\" alt=\"Paketkasten Letterman Standing Ovation 1 Briefkasten &amp; Paketkasten | Design: Michael R\u00f6sing und Ralph Kraeuter\" width=\"620\" height=\"620\" srcset=\"https:\/\/raum-blick.de\/magazin\/wp-content\/uploads\/2024\/12\/radius-letterman-ovation-orange.jpg 620w, https:\/\/raum-blick.de\/magazin\/wp-content\/uploads\/2024\/12\/radius-letterman-ovation-orange-300x300.jpg 300w, https:\/\/raum-blick.de\/magazin\/wp-content\/uploads\/2024\/12\/radius-letterman-ovation-orange-150x150.jpg 150w\" sizes=\"(max-width: 620px) 100vw, 620px\" \/><\/a><\/p>\n<p style=\"text-align: justify;\">Die gute Laune rei\u00dft nicht ab, sondern wird im Vorgarten weiter angekurbelt. Geschickt platzierte Au\u00dfenlaternen sorgen f\u00fcrs Grundlicht. Sie erhalten Unterst\u00fctzung von der schlicht eleganten <a href=\"https:\/\/www.raum-blick.de\/flos\/\">Flos Leuchte<\/a> IC C\/W1 an der Hauswand. Angenehm ist deshalb der Weg erhellt, den die skulpturalen XXD Opera Pflanzgef\u00e4\u00dfe s\u00e4umen. Sie sind mit immergr\u00fcnen Gattungen best\u00fcckt oder lassen sich bei Bedarf mithilfe eines Sicherheitsbrenneinsatzes zu wundersch\u00f6nen Fackeln umfunktionieren.<\/p>\n<p><img loading=\"lazy\" decoding=\"async\" class=\"aligncenter wp-image-17642 size-full\" title=\"XXD - Opera Pflanzgef\u00e4\u00df Skulptur \/ Fackel | Design: Max Kistner 2011\" src=\"https:\/\/www.raum-blick.de\/magazin\/wp-content\/uploads\/2024\/12\/xxd-opera-pflanztrog-fackel-skulptur.jpg\" alt=\"XXD - Opera Pflanzgef\u00e4\u00df Skulptur \/ Fackel | Design: Max Kistner 2011 - Gartendeko im Winter\" width=\"620\" height=\"562\" srcset=\"https:\/\/raum-blick.de\/magazin\/wp-content\/uploads\/2024\/12\/xxd-opera-pflanztrog-fackel-skulptur.jpg 620w, https:\/\/raum-blick.de\/magazin\/wp-content\/uploads\/2024\/12\/xxd-opera-pflanztrog-fackel-skulptur-300x272.jpg 300w\" sizes=\"(max-width: 620px) 100vw, 620px\" \/><\/p>\n<h2><span class=\"ez-toc-section\" id=\"Winterdeko_die_zum_Verweilen_einlaedt\"><\/span>Winterdeko, die zum Verweilen einl\u00e4dt<span class=\"ez-toc-section-end\"><\/span><\/h2>\n<p style=\"text-align: justify;\">G\u00e4ste haben sich angek\u00fcndigt. Beim Aufschlie\u00dfen der T\u00fcr wird deshalb sofort die wei\u00dfe Blockkerze angez\u00fcndet. Sie flackert bestens gesch\u00fctzt im <a href=\"https:\/\/www.raum-blick.de\/by-lassen\/\">by Lassen<\/a> Light IN Windlicht, das auf der Treppe drapiert ist.<\/p>\n<p><a href=\"https:\/\/www.raum-blick.de\/by-lassen-light-in-windlicht\"><img loading=\"lazy\" decoding=\"async\" class=\"aligncenter wp-image-17668 size-full\" title=\"by Lassen - Kubus Kerzenst\u00e4nder - der Untersetzer aus Metall rahmt den Kerzenst\u00e4nder\" src=\"https:\/\/www.raum-blick.de\/magazin\/wp-content\/uploads\/2024\/12\/by-lassen-light-in-outdoor-8.jpg\" alt=\"by Lassen - Kubus Kerzenst\u00e4nder - der Untersetzer aus Metall rahmt den Kerzenst\u00e4nder - Gartendeko im Winter\" width=\"620\" height=\"534\" srcset=\"https:\/\/raum-blick.de\/magazin\/wp-content\/uploads\/2024\/12\/by-lassen-light-in-outdoor-8.jpg 620w, https:\/\/raum-blick.de\/magazin\/wp-content\/uploads\/2024\/12\/by-lassen-light-in-outdoor-8-300x258.jpg 300w\" sizes=\"(max-width: 620px) 100vw, 620px\" \/><\/a><\/p>\n<p style=\"text-align: justify;\">Zu den schwarzen Pflanzk\u00fcbeln auf den Nachbarstufen passt es genauso gut wie zur <a href=\"https:\/\/www.raum-blick.de\/ferm-living-plant-box\">ferm LIVING Plant Box<\/a>. Sie hebt sich direkt neben dem Hauseingang hervor und ist f\u00fcr die Gartendeko im Winter mit schneewei\u00dfem Erikakraut best\u00fcckt.<\/p>\n<p><a href=\"https:\/\/www.raum-blick.de\/ferm-living-plant-box\"><img loading=\"lazy\" decoding=\"async\" class=\"aligncenter wp-image-17670 size-full\" title=\"ferm LIVING - Plant Box Pflanzenbeh\u00e4lter \/ Raumtrenner\" src=\"https:\/\/www.raum-blick.de\/magazin\/wp-content\/uploads\/2024\/12\/ferm-living-plant-box-brigt-blue-blau.jpg\" alt=\"ferm LIVING - Plant Box Pflanzenbeh\u00e4lter \/ Raumtrenner\" width=\"620\" height=\"620\" srcset=\"https:\/\/raum-blick.de\/magazin\/wp-content\/uploads\/2024\/12\/ferm-living-plant-box-brigt-blue-blau.jpg 620w, https:\/\/raum-blick.de\/magazin\/wp-content\/uploads\/2024\/12\/ferm-living-plant-box-brigt-blue-blau-300x300.jpg 300w, https:\/\/raum-blick.de\/magazin\/wp-content\/uploads\/2024\/12\/ferm-living-plant-box-brigt-blue-blau-150x150.jpg 150w\" sizes=\"(max-width: 620px) 100vw, 620px\" \/><\/a><\/p>\n<p style=\"text-align: justify;\">Kaum sind Gl\u00fchwein und Snacks vorbereitet, n\u00e4hern sich schon die Freunde. Sie f\u00fchlen sich bei jedem Schritt herzlich begr\u00fc\u00dft. Zuerst schmeicheln die beleuchteten XXD Opera Pflanzgef\u00e4\u00dfe aus Edelstahl dem Auge. Gleich darauf bemerken sie, wie stilbewusst die Gartendeko im Winter ist: Die Kerze im by Lassen Light IN Windlicht passt perfekt zur Bl\u00fctenfarbe der Saisonblumen.<\/p>\n<p style=\"text-align: justify;\">Der angenehme Eindruck der Gartendeko setzt sich im Hausflur fort, der mit einem D\u00e9j\u00e0-vu \u00fcberrascht: Hier taucht die <a href=\"https:\/\/www.raum-blick.de\/ferm-living\/\">ferm LIVING<\/a> Plant Box als runde Version auf und dient als Beistelltisch. Daneben entdeckt man eine Verwandte der Flos IC C\/W1 Outdoor-Leuchte. Allerdings haftet die wei\u00dfe Glaskugel bei der Stehlampe nicht an einer Wandhalterung, sondern balanciert elegant auf einem St\u00e4nder aus Messing. Die Ouvert\u00fcre sch\u00fcrt Erwartungen: Wer so viel Geschick bei der Deko und Einrichtung beweist, z\u00e4hlt zu den leidenschaftlichen Gastgebern.<\/p>\n<p><img loading=\"lazy\" decoding=\"async\" class=\"aligncenter wp-image-17653 size-full\" title=\"Plant Box, rund | Design: ferm LIVING\" src=\"https:\/\/www.raum-blick.de\/magazin\/wp-content\/uploads\/2024\/12\/ferm-living-plant-box-rund.jpg\" alt=\"Plant Box, rund | Design: ferm LIVING\" width=\"620\" height=\"620\" srcset=\"https:\/\/raum-blick.de\/magazin\/wp-content\/uploads\/2024\/12\/ferm-living-plant-box-rund.jpg 620w, https:\/\/raum-blick.de\/magazin\/wp-content\/uploads\/2024\/12\/ferm-living-plant-box-rund-300x300.jpg 300w, https:\/\/raum-blick.de\/magazin\/wp-content\/uploads\/2024\/12\/ferm-living-plant-box-rund-150x150.jpg 150w\" sizes=\"(max-width: 620px) 100vw, 620px\" \/><\/p>\n<h2><span class=\"ez-toc-section\" id=\"Feuerstellen_%E2%80%93_Stimmungsaufheller_fuer_gemuetliche_Winterabende\"><\/span>Feuerstellen \u2013 Stimmungsaufheller f\u00fcr gem\u00fctliche Winterabende<span class=\"ez-toc-section-end\"><\/span><\/h2>\n<p style=\"text-align: justify;\">Die stilvolle Gartendeko im Winter setzt die richtigen Signale. Der Weg f\u00fchrt drinnen vorbei am Wohnzimmer gleich wieder nach drau\u00dfen. Dort ist <a href=\"https:\/\/www.raum-blick.de\/eva-solo-heatup-terrassenwaermer\">HeatUp Terrassenw\u00e4rmer<\/a> von <a href=\"https:\/\/www.raum-blick.de\/eva-solo\/\">Eva Solo<\/a> bereits in Aktion. Er relativiert effektiv die K\u00e4lte, w\u00e4hrend die frische Winterluft angenehm die Nase umgarnt. Wer m\u00f6chte, kuschelt sich gem\u00fctlich ein. Daf\u00fcr bieten sich flauschige Wolldecken auf den Armlehnen der Gartensessel an, denen man kaum widerstehen kann. Beim Nippen am ersten T\u00e4sschen wecken die Flos In Vitro Unplugged Laternen auf dem Tisch das Interesse. Sie bereichern das Ambiente so stimmungsvoll wie Kerzenschein, obwohl sie mit LED und Akku ausgestattet sind.<\/p>\n<p><a href=\"https:\/\/www.raum-blick.de\/eva-solo-heatup-terrassenwaermer\"><img loading=\"lazy\" decoding=\"async\" class=\"aligncenter wp-image-17658 size-full\" title=\"Eva Solo HeatUp Terrassenw\u00e4rmer elektrischer Heizstrahler | Design: Tools\u00ae\" src=\"https:\/\/www.raum-blick.de\/magazin\/wp-content\/uploads\/2024\/12\/eva-solo-heatup-terrassenwaermer-2.jpg\" alt=\"Eva Solo HeatUp Terrassenw\u00e4rmer elektrischer Heizstrahler | Design: Tools\u00ae\" width=\"620\" height=\"554\" srcset=\"https:\/\/raum-blick.de\/magazin\/wp-content\/uploads\/2024\/12\/eva-solo-heatup-terrassenwaermer-2.jpg 620w, https:\/\/raum-blick.de\/magazin\/wp-content\/uploads\/2024\/12\/eva-solo-heatup-terrassenwaermer-2-300x268.jpg 300w\" sizes=\"(max-width: 620px) 100vw, 620px\" \/><\/a><\/p>\n<p style=\"text-align: justify;\">Beim Blick in die Ferne sorgt das Highlight der Gartendeko im Winter f\u00fcr leuchtende Augen: die Eva Solo Fire Box Feuerstelle. Dort flackern die Flammen schon aufregend und haben eine magische Anziehungskraft. Flink verlagert sich die heitere Runde zum Gartenkamin. Niemand ger\u00e4t dabei ins Stolpern, weil die <a href=\"https:\/\/www.raum-blick.de\/fatboy\/\">Fatboy<\/a> Pr\u00eat a Racket dekorativ den Wegrand markieren. Gen\u00fcsslich g\u00f6nnen sich die Freunde dort das n\u00e4chste Hei\u00dfgetr\u00e4nk und verputzen die gegrillten Bratw\u00fcrstchen. Der Abend ist ein voller Erfolg. Denn nichts passt besser zur Gl\u00fchweinparty als sternenklares Winterwetter und ein Au\u00dfenbereich mit uriger Gartendeko im Winter.<\/p>\n<div id=\"attachment_17660\" style=\"width: 630px\" class=\"wp-caption aligncenter\"><a href=\"https:\/\/www.raum-blick.de\/fatboy-pret-a-racket-outdoor-lampe\"><img loading=\"lazy\" decoding=\"async\" aria-describedby=\"caption-attachment-17660\" class=\"wp-image-17660 size-full\" title=\"Fatboy \u2013 Pr\u00eat a Racket 3er Set Stehleuchten Solar | Design: Fatboy\" src=\"https:\/\/www.raum-blick.de\/magazin\/wp-content\/uploads\/2024\/12\/fatboy-pret-a-racket.jpg\" alt=\"Fatboy \u2013 Pr\u00eat a Racket 3er Set Stehleuchten Solar | Design: Fatboy - Gartendeko im Winter\" width=\"620\" height=\"454\" srcset=\"https:\/\/raum-blick.de\/magazin\/wp-content\/uploads\/2024\/12\/fatboy-pret-a-racket.jpg 620w, https:\/\/raum-blick.de\/magazin\/wp-content\/uploads\/2024\/12\/fatboy-pret-a-racket-300x220.jpg 300w\" sizes=\"(max-width: 620px) 100vw, 620px\" \/><\/a><p id=\"caption-attachment-17660\" class=\"wp-caption-text\">Design: Fatboy<\/p><\/div>\n<h2><span class=\"ez-toc-section\" id=\"Gartendeko_inspirierend_fuer_den_Lifestyle_%E2%80%93_Deko_im_Wintergarten_und_auf_der_Terrasse_geniessen\"><\/span>Gartendeko inspirierend f\u00fcr den Lifestyle \u2013 Deko im Wintergarten und auf der Terrasse genie\u00dfen<span class=\"ez-toc-section-end\"><\/span><\/h2>\n<p style=\"text-align: justify;\">Der Feierabend wird auf der Couch er\u00f6ffnet. Nichts Spannendes serviert das Zappen durch die Fernsehprogramme. Beim Blick aus dem Fenster vermitteln aber die Gartenleuchten, dass man auch im Winter die Outdoor-Lounge nutzen kann. Flink wird das TV ausgeschaltet und die Kuscheldecke unter den Arm geklemmt. Etwas knapp ist die Zeit, um die <a href=\"https:\/\/www.raum-blick.de\/eva-solo-firebox-gartenkamin\">Eva Solo FireBox<\/a> Feuerstelle ins Spiel zu bringen. Gl\u00fccklicherweise hat die skandinavische Marke eine Alternative zum Gartenkamin entworfen. Es vergehen nur wenige Minuten. Schon hat der Eva Solo HeatUp Terrassenw\u00e4rmer die Winterk\u00e4lte verscheucht.<\/p>\n<p><a href=\"https:\/\/www.raum-blick.de\/eva-solo-firebox-gartenkamin\"><img loading=\"lazy\" decoding=\"async\" class=\"aligncenter wp-image-17664 size-full\" title=\"Eva Solo \u2013 Fire Box Feuerstelle Garten f\u00fcr gem\u00fctliche Outdoor Abende \" src=\"https:\/\/www.raum-blick.de\/magazin\/wp-content\/uploads\/2024\/12\/firebox-kamin-garten-eva-solo.jpg\" alt=\"Eva Solo \u2013 Fire Box Feuerstelle Garten f\u00fcr gem\u00fctliche Outdoor Abende \" width=\"620\" height=\"620\" srcset=\"https:\/\/raum-blick.de\/magazin\/wp-content\/uploads\/2024\/12\/firebox-kamin-garten-eva-solo.jpg 620w, https:\/\/raum-blick.de\/magazin\/wp-content\/uploads\/2024\/12\/firebox-kamin-garten-eva-solo-300x300.jpg 300w, https:\/\/raum-blick.de\/magazin\/wp-content\/uploads\/2024\/12\/firebox-kamin-garten-eva-solo-150x150.jpg 150w\" sizes=\"(max-width: 620px) 100vw, 620px\" \/><\/a><\/p>\n<p style=\"text-align: justify;\">Mit von der Partie sind die Stimmungslichter vom Gl\u00fchweinfest. Bezaubernd durchbrechen die Fatboy Pr\u00eat a Racket Fackeln die Dunkelheit im Garten. F\u00fcr den romantischen Twist in der Sitzgruppe sorgen die Flos In Vitro Unplugged Akkulaternen. Gen\u00fcsslich wird am vollmundigen Rotwein genippt, vom cremigen Camembert genascht und im Buch geschm\u00f6kert. Der Seitenblick auf die Uhr verr\u00e4t, dass die Zeit im Flug vergangen ist. Kaum ist das Bett erreicht, setzt der Tiefschlaf ein. Beim Aufwachen am n\u00e4chsten Morgen wird klar: Wow! Die Extraportion Frischluft hat Wunder bewirkt! Super, dass die Gartendeko im Winter die Lust aufs Freie sch\u00fcrt.<\/p>\n<p><a href=\"https:\/\/www.raum-blick.de\/flos-in-vitro-unplugged-led-leuchte\"><img loading=\"lazy\" decoding=\"async\" class=\"aligncenter wp-image-17666 size-full\" title=\"Flos \u2013 In Vitro Unplugged LED Au\u00dfenleuchte | Design: Philippe Starck, 2020\" src=\"https:\/\/www.raum-blick.de\/magazin\/wp-content\/uploads\/2024\/12\/flos-in-vitro-unplugged-led-leuchte.jpg\" alt=\"Flos \u2013 In Vitro Unplugged LED Au\u00dfenleuchte | Design: Philippe Starck, 2020\" width=\"620\" height=\"517\" srcset=\"https:\/\/raum-blick.de\/magazin\/wp-content\/uploads\/2024\/12\/flos-in-vitro-unplugged-led-leuchte.jpg 620w, https:\/\/raum-blick.de\/magazin\/wp-content\/uploads\/2024\/12\/flos-in-vitro-unplugged-led-leuchte-300x250.jpg 300w\" sizes=\"(max-width: 620px) 100vw, 620px\" \/><\/a><\/p>\n","protected":false},"excerpt":{"rendered":"<p>\u00ab Licht und Deko in der kalten Jahreszeit \u00bb Bunte Blumen beleben die Au\u00dfenanlage im Sommer, w\u00e4hrend die Sonne ihre Kraft bis in die Abendstunden entfaltet. Karg wirken die Beete an den kalten Tagen, die man in der Dunkelheit kaum bemerkt. Allerdings gibt es dennoch einige M\u00f6glichkeiten, die Gartenanlage selbst bei Schnee und grauen Tagen [&hellip;]<\/p>\n","protected":false},"author":4,"featured_media":17663,"comment_status":"closed","ping_status":"open","sticky":false,"template":"","format":"standard","meta":{"_et_pb_use_builder":"","_et_pb_old_content":"","_et_gb_content_width":"","inline_featured_image":false,"footnotes":""},"categories":[6],"tags":[2028,2027,344,2024,2025,223,2026,100,868,148],"class_list":["post-17637","post","type-post","status-publish","format-standard","has-post-thumbnail","hentry","category-draussen","tag-akkulaternen","tag-deko-im-wintergarten","tag-feuerstellen","tag-gartendeko-im-winter","tag-gartenlichter","tag-laternen","tag-licht-und-deko","tag-stehleuchten","tag-terrassenwaermer","tag-windlichter"],"_links":{"self":[{"href":"https:\/\/raum-blick.de\/magazin\/wp-json\/wp\/v2\/posts\/17637","targetHints":{"allow":["GET"]}}],"collection":[{"href":"https:\/\/raum-blick.de\/magazin\/wp-json\/wp\/v2\/posts"}],"about":[{"href":"https:\/\/raum-blick.de\/magazin\/wp-json\/wp\/v2\/types\/post"}],"author":[{"embeddable":true,"href":"https:\/\/raum-blick.de\/magazin\/wp-json\/wp\/v2\/users\/4"}],"replies":[{"embeddable":true,"href":"https:\/\/raum-blick.de\/magazin\/wp-json\/wp\/v2\/comments?post=17637"}],"version-history":[{"count":20,"href":"https:\/\/raum-blick.de\/magazin\/wp-json\/wp\/v2\/posts\/17637\/revisions"}],"predecessor-version":[{"id":20820,"href":"https:\/\/raum-blick.de\/magazin\/wp-json\/wp\/v2\/posts\/17637\/revisions\/20820"}],"wp:featuredmedia":[{"embeddable":true,"href":"https:\/\/raum-blick.de\/magazin\/wp-json\/wp\/v2\/media\/17663"}],"wp:attachment":[{"href":"https:\/\/raum-blick.de\/magazin\/wp-json\/wp\/v2\/media?parent=17637"}],"wp:term":[{"taxonomy":"category","embeddable":true,"href":"https:\/\/raum-blick.de\/magazin\/wp-json\/wp\/v2\/categories?post=17637"},{"taxonomy":"post_tag","embeddable":true,"href":"https:\/\/raum-blick.de\/magazin\/wp-json\/wp\/v2\/tags?post=17637"}],"curies":[{"name":"wp","href":"https:\/\/api.w.org\/{rel}","templated":true}]}}