{"id":17589,"date":"2022-12-12T00:00:34","date_gmt":"2022-12-11T23:00:34","guid":{"rendered":"https:\/\/www.raum-blick.de\/magazin\/?p=17589"},"modified":"2025-01-07T11:55:04","modified_gmt":"2025-01-07T10:55:04","slug":"lampen-fuer-hohe-decken","status":"publish","type":"post","link":"https:\/\/raum-blick.de\/magazin\/lampen-fuer-hohe-decken\/","title":{"rendered":"Lampen f\u00fcr hohe Decken"},"content":{"rendered":"<h2><span class=\"ez-toc-section\" id=\"%C2%AB_Pendelleuchten_fuer_sehr_hohe_Raeume_%C2%BB\"><\/span>\u00ab Pendelleuchten f\u00fcr sehr hohe R\u00e4ume \u00bb<span class=\"ez-toc-section-end\"><\/span><\/h2>\n<p style=\"text-align: justify;\"><strong>Wohnungen mit imposanter Raumh\u00f6he haben ein luftiges und exklusives Flair. Die Beleuchtung scheint auf den ersten Blick wegen der gro\u00dfen Distanz zwischen dem Stromanschluss und Lebensbereich etwas problematisch. Bei n\u00e4herem Betrachten entpuppen sich die architektonischen Besonderheiten als Chance f\u00fcr au\u00dfergew\u00f6hnliche Einrichtungsideen. Sie harmonieren mit eindrucksvollen <\/strong><a href=\"https:\/\/www.raum-blick.de\/pendelleuchten\/\"><strong>Lampen, die sich nur f\u00fcr hohe Decken eignen<\/strong><\/a><strong>.<\/strong><\/p>\n<h2><span class=\"ez-toc-section\" id=\"Platz_satt_fuer_spektakulaere_Designerleuchten\"><\/span>Platz satt f\u00fcr spektakul\u00e4re Designerleuchten<span class=\"ez-toc-section-end\"><\/span><\/h2>\n<p style=\"text-align: justify;\">Sobald man den Salon betritt, zieht der Kronleuchter die Blicke magisch an. Majest\u00e4tisch illuminiert er mit seinem Lichtermeer das Szenario. Seine glamour\u00f6se Aura unterstreicht fantastisch die gro\u00dfz\u00fcgige Architektur. Kaum zu \u00fcberbieten ist die Wirkkraft des L\u00fcsters. Meist bleibt der Traum unerf\u00fcllt, wenn man daf\u00fcr schw\u00e4rmt. Denn die Lampen sind nur f\u00fcr hohe Decken geschaffen. L\u00e4sst das Loft die Installation zu, ist die Freude bei Designfans gro\u00df. Endlich reicht der Platz f\u00fcr opulente Ikonen der Beleuchtungsgeschichte.<\/p><div id=\"ez-toc-container\" class=\"ez-toc-v2_0_82_2 counter-hierarchy ez-toc-counter ez-toc-grey ez-toc-container-direction\">\n<div class=\"ez-toc-title-container\">\n<p class=\"ez-toc-title\" style=\"cursor:inherit\">Was hier auf Sie wartet<\/p>\n<span class=\"ez-toc-title-toggle\"><a href=\"#\" class=\"ez-toc-pull-right ez-toc-btn ez-toc-btn-xs ez-toc-btn-default ez-toc-toggle\" aria-label=\"Toggle Table of Content\"><span class=\"ez-toc-js-icon-con\"><span class=\"\"><span class=\"eztoc-hide\" style=\"display:none;\">Toggle<\/span><span class=\"ez-toc-icon-toggle-span\"><svg style=\"fill: #999;color:#999\" xmlns=\"http:\/\/www.w3.org\/2000\/svg\" class=\"list-377408\" width=\"20px\" height=\"20px\" viewBox=\"0 0 24 24\" fill=\"none\"><path d=\"M6 6H4v2h2V6zm14 0H8v2h12V6zM4 11h2v2H4v-2zm16 0H8v2h12v-2zM4 16h2v2H4v-2zm16 0H8v2h12v-2z\" fill=\"currentColor\"><\/path><\/svg><svg style=\"fill: #999;color:#999\" class=\"arrow-unsorted-368013\" xmlns=\"http:\/\/www.w3.org\/2000\/svg\" width=\"10px\" height=\"10px\" viewBox=\"0 0 24 24\" version=\"1.2\" baseProfile=\"tiny\"><path d=\"M18.2 9.3l-6.2-6.3-6.2 6.3c-.2.2-.3.4-.3.7s.1.5.3.7c.2.2.4.3.7.3h11c.3 0 .5-.1.7-.3.2-.2.3-.5.3-.7s-.1-.5-.3-.7zM5.8 14.7l6.2 6.3 6.2-6.3c.2-.2.3-.5.3-.7s-.1-.5-.3-.7c-.2-.2-.4-.3-.7-.3h-11c-.3 0-.5.1-.7.3-.2.2-.3.5-.3.7s.1.5.3.7z\"\/><\/svg><\/span><\/span><\/span><\/a><\/span><\/div>\n<nav><ul class='ez-toc-list ez-toc-list-level-1 ' ><li class='ez-toc-page-1 ez-toc-heading-level-2'><a class=\"ez-toc-link ez-toc-heading-1\" href=\"https:\/\/raum-blick.de\/magazin\/lampen-fuer-hohe-decken\/#%C2%AB_Pendelleuchten_fuer_sehr_hohe_Raeume_%C2%BB\" >\u00ab Pendelleuchten f\u00fcr sehr hohe R\u00e4ume \u00bb<\/a><\/li><li class='ez-toc-page-1 ez-toc-heading-level-2'><a class=\"ez-toc-link ez-toc-heading-2\" href=\"https:\/\/raum-blick.de\/magazin\/lampen-fuer-hohe-decken\/#Platz_satt_fuer_spektakulaere_Designerleuchten\" >Platz satt f\u00fcr spektakul\u00e4re Designerleuchten<\/a><\/li><li class='ez-toc-page-1 ez-toc-heading-level-2'><a class=\"ez-toc-link ez-toc-heading-3\" href=\"https:\/\/raum-blick.de\/magazin\/lampen-fuer-hohe-decken\/#Pendelmodelle_fuer_die_Allgemeinbeleuchtung_nutzen\" >Pendelmodelle f\u00fcr die Allgemeinbeleuchtung nutzen<\/a><\/li><li class='ez-toc-page-1 ez-toc-heading-level-2'><a class=\"ez-toc-link ez-toc-heading-4\" href=\"https:\/\/raum-blick.de\/magazin\/lampen-fuer-hohe-decken\/#Pfiffige_Multitalente_fuer_Raeume_mit_hohen_Decken\" >Pfiffige Multitalente f\u00fcr R\u00e4ume mit hohen Decken<\/a><\/li><li class='ez-toc-page-1 ez-toc-heading-level-2'><a class=\"ez-toc-link ez-toc-heading-5\" href=\"https:\/\/raum-blick.de\/magazin\/lampen-fuer-hohe-decken\/#Designerleuchten_mit_moderner_Grandezza\" >Designerleuchten mit moderner Grandezza<\/a><\/li><\/ul><\/nav><\/div>\n\n<p style=\"text-align: justify;\">Im Jahr 1958 entwarf Gino Sarfatti f\u00fcr Flos die 2097. Unscheinbar ist der Name, spektakul\u00e4r die Lichtwirkung der Designerlampe, die sich als moderne Interpretation des Kronleuchters versteht. Sie \u00fcberrascht mit einem industriellen Look, der sich durch die sichtbaren Kabel und den Einsatz von K\u00fchlschrankbirnen ergibt. Mit den 30 Lichtern und stattlichen Dimensionen sind die Pendelleuchten der italienischen Marke f\u00fcr sehr hohe Decken optimal.<\/p>\n<p><a href=\"https:\/\/www.raum-blick.de\/flos-2097-pendelleuchte\"><img loading=\"lazy\" decoding=\"async\" class=\"aligncenter wp-image-17596 size-full\" title=\"Flos 2097 Pendelleuchte | Design: Gino Sarfatti, 1958\" src=\"https:\/\/www.raum-blick.de\/magazin\/wp-content\/uploads\/2024\/12\/flos-2097-pendelleuchte.jpg\" alt=\"Flos 2097 Pendelleuchte | Design: Gino Sarfatti, 1958 - Lampen f\u00fcr hohe Decken\" width=\"620\" height=\"620\" srcset=\"https:\/\/raum-blick.de\/magazin\/wp-content\/uploads\/2024\/12\/flos-2097-pendelleuchte.jpg 620w, https:\/\/raum-blick.de\/magazin\/wp-content\/uploads\/2024\/12\/flos-2097-pendelleuchte-300x300.jpg 300w, https:\/\/raum-blick.de\/magazin\/wp-content\/uploads\/2024\/12\/flos-2097-pendelleuchte-150x150.jpg 150w\" sizes=\"(max-width: 620px) 100vw, 620px\" \/><\/a><\/p>\n<p style=\"text-align: justify;\">Mit ihrer eleganten Leichtigkeit erfreut die <a href=\"https:\/\/www.raum-blick.de\/eos-leuchte\/\">Eos Kollektion von UMAGE<\/a>. Der Eindruck ist einem unkonventionellen Material zu verdanken: Die skandinavische Designmarke f\u00fcgt unz\u00e4hlige G\u00e4nsefedern von Hand f\u00fcr die kugelrunden Lampenschirme zusammen. Ihre zarte \u00c4sthetik kontrastiert die XXL-Version effektvoll mit dem Durchmesser, der einen Meter \u00fcbertrifft. Die gro\u00dfe Federlampe \u00fcberzeugt durchaus beim Solo-Auftritt. Himmlisch wirkt das Lichtkonzept, wenn man mehrere Eos Pendelleuchten f\u00fcr sehr hohe R\u00e4ume im Ensemble verwendet. Sie wirken wie luftige Sch\u00e4fchenwolken, die frei im Raum schweben.<\/p>\n<p><a href=\"https:\/\/www.raum-blick.de\/umage-eos\"><img loading=\"lazy\" decoding=\"async\" class=\"aligncenter wp-image-17597 size-full\" title=\"UMAGE EOS aus G\u00e4nsefedern inkl. Kabelset und LED Leuchtmittel\" src=\"https:\/\/www.raum-blick.de\/magazin\/wp-content\/uploads\/2024\/12\/umage-eos-2.jpg\" alt=\"UMAGE EOS aus G\u00e4nsefedern inkl. Kabelset und LED Leuchtmittel - Lampen f\u00fcr hohe Decken\" width=\"620\" height=\"620\" srcset=\"https:\/\/raum-blick.de\/magazin\/wp-content\/uploads\/2024\/12\/umage-eos-2.jpg 620w, https:\/\/raum-blick.de\/magazin\/wp-content\/uploads\/2024\/12\/umage-eos-2-300x300.jpg 300w, https:\/\/raum-blick.de\/magazin\/wp-content\/uploads\/2024\/12\/umage-eos-2-150x150.jpg 150w\" sizes=\"(max-width: 620px) 100vw, 620px\" \/><\/a><\/p>\n<h2><span class=\"ez-toc-section\" id=\"Pendelmodelle_fuer_die_Allgemeinbeleuchtung_nutzen\"><\/span>Pendelmodelle f\u00fcr die Allgemeinbeleuchtung nutzen<span class=\"ez-toc-section-end\"><\/span><\/h2>\n<p style=\"text-align: justify;\">Bei beachtlichen Raumh\u00f6hen geraten selbst gro\u00dfe Deckenleuchten an ihre Grenzen. Denn ihr Montageort ist weit vom Bereich entfernt, in dem sich das Leben abspielt. Zur Diskussion stehen nur Deckenlampen mit starker Lichtleistung. Sie sind jedoch f\u00fcr Gesch\u00e4ftsr\u00e4ume gedacht und erzeugen nicht die Gem\u00fctlichkeit, die man sich in der Wohnwelt w\u00fcnscht. Cleverer ist es, <a href=\"https:\/\/www.raum-blick.de\/pendelleuchten\/\">Pendelleuchten<\/a> f\u00fcr sehr hohe R\u00e4ume als Deckenlampen einzusetzen. Dabei w\u00e4hlt man die Kabell\u00e4nge so, dass die Lichtspender in den Wohnraum hineinreichen, aber die Bewegungsfreiheit nicht einschr\u00e4nken.<\/p>\n<p style=\"text-align: justify;\">F\u00fcr die Gestaltungsidee eignen sich die <a href=\"https:\/\/www.raum-blick.de\/kartell-small-fl\/y-pendelleuchte\">FL\/Y H\u00e4ngeleuchten<\/a> exzellent, die Ferruccio Laviani f\u00fcr Kartell entwarf. Der semitransparente Lampenschirm lenkt die Helligkeit vorwiegend nach unten, l\u00e4sst aber etwas Lichtstreuung zu. Dadurch ergibt sich eine angenehme Grundbeleuchtung. Die H\u00e4ngelampen erinnern an Seifenblasen, die im Sonnenlicht reflektieren. Dekorativ und vertr\u00e4umt wirkt die Lichtgestaltung, wenn man mehrere Exemplare in bunten Farben als Cluster installiert.<\/p>\n<p><a href=\"https:\/\/www.raum-blick.de\/kartell-small-fl\/y-pendelleuchte\"><img loading=\"lazy\" decoding=\"async\" class=\"aligncenter wp-image-17599\" title=\"Kartell Small FL\/Y Pendelleuchte | Design: Ferruccio Laviani, 2002\" src=\"https:\/\/www.raum-blick.de\/magazin\/wp-content\/uploads\/2024\/12\/Kartell-Small-FL-Y-transparent.jpg\" alt=\"Kartell Small FL\/Y Pendelleuchte | Design: Ferruccio Laviani, 2002\" width=\"491\" height=\"695\" srcset=\"https:\/\/raum-blick.de\/magazin\/wp-content\/uploads\/2024\/12\/Kartell-Small-FL-Y-transparent.jpg 620w, https:\/\/raum-blick.de\/magazin\/wp-content\/uploads\/2024\/12\/Kartell-Small-FL-Y-transparent-212x300.jpg 212w\" sizes=\"(max-width: 491px) 100vw, 491px\" \/><\/a><\/p>\n<p style=\"text-align: justify;\">Ideal sind Lampen f\u00fcr hohe Decken, die nach unten und oben abstrahlen. Sie bescheren die ben\u00f6tigte Helligkeit und bringen die architektonische Gro\u00dfz\u00fcgigkeit zur Geltung. Gef\u00e4llige Assoziationen mit dem Universum weckt die Kollektion <a href=\"https:\/\/www.raum-blick.de\/umage-cassini-pendelleuchte\">Cassini von UMAGE<\/a>. Jakob Rudbeck dachte beim Design an die Ringe des Planeten Saturns. Stylisch wirkt das Lichtkonzept, wenn man die Pendelleuchten f\u00fcr sehr hohe R\u00e4ume mehrfach anwendet.<\/p>\n<p style=\"text-align: justify;\">Die mittelgro\u00dfen Varianten schweben weit \u00fcber den K\u00f6pfen und spenden mit ihren lichtstarken LED-Diffusoren das gleichm\u00e4\u00dfig gestreute Grundlicht. Tief ins Wohnzimmer reichen die kleinen Modelle der Designserie hinein, um Licht neben dem Lesesessel und \u00fcber der Dinnertafel zu spenden. Der dynamischen Installationsidee steht nichts im Weg, weil die d\u00e4nische Marke mit dem 2,7 Meter langen Kabel viel kreative Freiheit gew\u00e4hrt.<\/p>\n<p><a href=\"https:\/\/www.raum-blick.de\/umage-cassini-pendelleuchte\"><img loading=\"lazy\" decoding=\"async\" class=\"aligncenter wp-image-17601 size-full\" title=\"UMAGE \u2013 Cassini die Lampe in astronomischem Design | Design: Jacob Rudbeck\" src=\"https:\/\/www.raum-blick.de\/magazin\/wp-content\/uploads\/2024\/12\/umage-cassini-leuchte-schwarz.jpg\" alt=\"UMAGE \u2013 Cassini die Lampe in astronomischem Design | Design: Jacob Rudbeck\" width=\"620\" height=\"620\" srcset=\"https:\/\/raum-blick.de\/magazin\/wp-content\/uploads\/2024\/12\/umage-cassini-leuchte-schwarz.jpg 620w, https:\/\/raum-blick.de\/magazin\/wp-content\/uploads\/2024\/12\/umage-cassini-leuchte-schwarz-300x300.jpg 300w, https:\/\/raum-blick.de\/magazin\/wp-content\/uploads\/2024\/12\/umage-cassini-leuchte-schwarz-150x150.jpg 150w\" sizes=\"(max-width: 620px) 100vw, 620px\" \/><\/a><\/p>\n<h2><span class=\"ez-toc-section\" id=\"Pfiffige_Multitalente_fuer_Raeume_mit_hohen_Decken\"><\/span>Pfiffige Multitalente f\u00fcr R\u00e4ume mit hohen Decken<span class=\"ez-toc-section-end\"><\/span><\/h2>\n<p style=\"text-align: justify;\">Der Deckenanschluss im Altbau wird f\u00fcr die Montage eines modernen L\u00fcsters genutzt. Er ist von einer schmuckvollen Stuckrosette umgeben. Er w\u00fcrde seine dekorative Wirkung verlieren, wenn man Stromanschl\u00fcsse ohne Verzierungen an der Zimmerdecke erg\u00e4nzt. Werden trotzdem mehrere Lichtquellen ben\u00f6tigt, sind Alternativen zu Pendelleuchten f\u00fcr sehr hohe R\u00e4ume gefragt.<\/p>\n<p style=\"text-align: justify;\">Jasper Morrison bereicherte das <a href=\"https:\/\/www.raum-blick.de\/flos\/\">Sortiment von Flos<\/a> 2015 mit der preisgekr\u00f6nten <a href=\"https:\/\/www.raum-blick.de\/flos-superloon-stehleuchte\">Stehleuchte Superloon<\/a>. An den Mond erinnert nicht nur das formal reduzierte Design, sondern auch die Strahlkraft des Lichtwunders aus Italien: Schwenkt man den scheibenf\u00f6rmigen Diffusor nach unten, \u00fcbernimmt er zum Beispiel die Aufgabe der Leselampe. Richtet man den Schirm nach oben aus, meistert er effizient die Raumbeleuchtung. Das ist dem LED-Modul zu verdanken, das eine enorme Helligkeit spendet. Sie l\u00e4sst sich mit dem Dimmer variieren, wodurch sich das Multitalent auch f\u00fcrs gem\u00fctliche Stimmungslicht eignet.<\/p>\n<p><a href=\"https:\/\/www.raum-blick.de\/flos-superloon-stehleuchte\"><img loading=\"lazy\" decoding=\"async\" class=\"aligncenter wp-image-17603 size-full\" title=\"Flos Superloon Stehleuchte | Design: Jasper Morrison, 2015\" src=\"https:\/\/www.raum-blick.de\/magazin\/wp-content\/uploads\/2024\/12\/flos-superloon-stehleuchte.jpg\" alt=\"Flos Superloon Stehleuchte | Design: Jasper Morrison, 2015\" width=\"620\" height=\"620\" srcset=\"https:\/\/raum-blick.de\/magazin\/wp-content\/uploads\/2024\/12\/flos-superloon-stehleuchte.jpg 620w, https:\/\/raum-blick.de\/magazin\/wp-content\/uploads\/2024\/12\/flos-superloon-stehleuchte-300x300.jpg 300w, https:\/\/raum-blick.de\/magazin\/wp-content\/uploads\/2024\/12\/flos-superloon-stehleuchte-150x150.jpg 150w\" sizes=\"(max-width: 620px) 100vw, 620px\" \/><\/a><\/p>\n<p style=\"text-align: justify;\">Wer nach erg\u00e4nzenden Lampen f\u00fcr hohe Decken sucht, trifft mit einer Bogenleuchte ins Schwarze. Eine besonders schicke Vertreterin des Genres entwarf Marc Sadler f\u00fcr <a href=\"https:\/\/www.raum-blick.de\/foscarini\/\">Foscarini<\/a>. Die <a href=\"https:\/\/www.raum-blick.de\/foscarini-twiggy-stehlampe\">Twiggy Stehlampe<\/a> imponiert mit einer Ausladung von 1,70 m und einer H\u00f6he, die zwei Meter deutlich \u00fcberfl\u00fcgelt. In der Sofalandschaft avanciert der italienische Designklassiker nicht nur zum Blickfang, sondern erf\u00fcllt auch s\u00e4mtliche Beleuchtungsw\u00fcnsche: Dank integriertem Casambi-Steuerungsmodul kann man mit dem Smartphone die Lichtwirkung ausw\u00e4hlen, die perfekt zur Stimmung passt.<\/p>\n<p><a href=\"https:\/\/www.raum-blick.de\/foscarini-twiggy-stehlampe\"><img loading=\"lazy\" decoding=\"async\" class=\"aligncenter wp-image-17605 size-full\" title=\"Foscarini \u2013 Twiggy Bodenleuchte eine Ikone von Foscarini | Design: Marc Sadler, 2006\" src=\"https:\/\/www.raum-blick.de\/magazin\/wp-content\/uploads\/2024\/12\/foscarini-twiggy-stehlampe.jpg\" alt=\"Foscarini \u2013 Twiggy Bodenleuchte eine Ikone von Foscarini | Design: Marc Sadler, 2006\" width=\"620\" height=\"620\" srcset=\"https:\/\/raum-blick.de\/magazin\/wp-content\/uploads\/2024\/12\/foscarini-twiggy-stehlampe.jpg 620w, https:\/\/raum-blick.de\/magazin\/wp-content\/uploads\/2024\/12\/foscarini-twiggy-stehlampe-300x300.jpg 300w, https:\/\/raum-blick.de\/magazin\/wp-content\/uploads\/2024\/12\/foscarini-twiggy-stehlampe-150x150.jpg 150w\" sizes=\"(max-width: 620px) 100vw, 620px\" \/><\/a><\/p>\n<h2><span class=\"ez-toc-section\" id=\"Designerleuchten_mit_moderner_Grandezza\"><\/span>Designerleuchten mit moderner Grandezza<span class=\"ez-toc-section-end\"><\/span><\/h2>\n<p style=\"text-align: justify;\">Altbauwohnungen schmeicheln den Sinnen mit ihrem historischen Flair und meist mit einer Innenarchitektur, die exklusiv anmutet. Es wirkt stilvoll, wenn dem Aspekt nicht nur die Pendelleuchten f\u00fcr sehr hohe R\u00e4ume gerecht werden, sondern alle Lichtquellen. Wie Diamanten funkeln die Wandleuchten Caboche im Flur, die Patricia Urquiola und Eliana Gerotto f\u00fcr Foscarini entwarfen. F\u00fcrstlich f\u00fchlen sich die G\u00e4ste begr\u00fc\u00dft, wenn sich die passenden Pendellampen der italienischen Erfolgskollektion hinzugesellen.<\/p>\n<p><a href=\"https:\/\/www.raum-blick.de\/foscarini\/\"><img loading=\"lazy\" decoding=\"async\" class=\"aligncenter wp-image-17608 size-full\" title=\"Foscarini \u2013 Caboche Wandleuchte Design-Ikone | Design: Patricia Urquiola con Eliana Gerotto, 2006\" src=\"https:\/\/www.raum-blick.de\/magazin\/wp-content\/uploads\/2024\/12\/caboche-leuchte-wand-transparent-foscarini.jpg\" alt=\"Foscarini \u2013 Caboche Wandleuchte Design-Ikone | Design: Patricia Urquiola con Eliana Gerotto, 2006\" width=\"620\" height=\"620\" srcset=\"https:\/\/raum-blick.de\/magazin\/wp-content\/uploads\/2024\/12\/caboche-leuchte-wand-transparent-foscarini.jpg 620w, https:\/\/raum-blick.de\/magazin\/wp-content\/uploads\/2024\/12\/caboche-leuchte-wand-transparent-foscarini-300x300.jpg 300w, https:\/\/raum-blick.de\/magazin\/wp-content\/uploads\/2024\/12\/caboche-leuchte-wand-transparent-foscarini-150x150.jpg 150w\" sizes=\"(max-width: 620px) 100vw, 620px\" \/><\/a><\/p>\n<p style=\"text-align: justify;\">Raffiniert interpretierte Kartell mit der <a href=\"https:\/\/www.raum-blick.de\/kartell-kabuki\">Stehlampe Kabuki<\/a> den opulenten Stil des Barocks. Die detailreiche Oberfl\u00e4chengestaltung schmeichelt dem Auge und hat einen Mehrwert f\u00fcrs Ambiente: Sie erzeugt atemberaubende Licht- und Schatteneffekte, sobald man die Leuchte einschaltet. Die Wandlampe und Stehleuchte aus Italien haben etwas gemeinsam: Ihr luxuri\u00f6ser Auftritt passt zum modernen Wohnen, weil die Designmarken Kunststoff als unkonventionelles Material ins Spiel bringen.<\/p>\n<p><a href=\"https:\/\/www.raum-blick.de\/kartell-kabuki\"><img loading=\"lazy\" decoding=\"async\" class=\"aligncenter wp-image-17610 size-full\" title=\"Kartell Kabuki Stehleuchte | Design: Ferruccio Laviani, 2016\" src=\"https:\/\/www.raum-blick.de\/magazin\/wp-content\/uploads\/2024\/12\/kartell-prince-aha-hocker-kabuki-leuchte.jpg\" alt=\"Kartell Kabuki Stehleuchte | Design: Ferruccio Laviani, 2016\" width=\"620\" height=\"620\" srcset=\"https:\/\/raum-blick.de\/magazin\/wp-content\/uploads\/2024\/12\/kartell-prince-aha-hocker-kabuki-leuchte.jpg 620w, https:\/\/raum-blick.de\/magazin\/wp-content\/uploads\/2024\/12\/kartell-prince-aha-hocker-kabuki-leuchte-300x300.jpg 300w, https:\/\/raum-blick.de\/magazin\/wp-content\/uploads\/2024\/12\/kartell-prince-aha-hocker-kabuki-leuchte-150x150.jpg 150w\" sizes=\"(max-width: 620px) 100vw, 620px\" \/><\/a><\/p>\n<p style=\"text-align: justify;\">Wer inszenierende Lampen f\u00fcr hohe Decken sucht, wird bei <a href=\"https:\/\/www.raum-blick.de\/absolut-lighting\/\">Absolut Lighting<\/a> f\u00fcndig. Die Shining Effektleuchten erzeugen ein Lichtspiel, das manch dekorative Stuckverzierung in den Schatten stellt. Sie wurden deshalb 2007 beim europ\u00e4ischen Innovationswettbewerb NACHLUX ausgezeichnet. M\u00e4rchenhaft, orientalisch oder floral: Sie k\u00f6nnen frei entscheiden, mit welchen Motiven die Leuchten von Absolut Lighting Ihre Decken schm\u00fccken.<\/p>\n<p><img loading=\"lazy\" decoding=\"async\" class=\"aligncenter wp-image-17612 size-full\" title=\"ABSOLUT LIGHTING Shining Leuchte Wand- und Deckenleuchte | Design: Peter Buning\" src=\"https:\/\/www.raum-blick.de\/magazin\/wp-content\/uploads\/2024\/12\/absolut-lighting-shining-mailand.jpg\" alt=\"ABSOLUT LIGHTING Shining Leuchte Wand- und Deckenleuchte | Design: Peter Buning\" width=\"620\" height=\"490\" srcset=\"https:\/\/raum-blick.de\/magazin\/wp-content\/uploads\/2024\/12\/absolut-lighting-shining-mailand.jpg 620w, https:\/\/raum-blick.de\/magazin\/wp-content\/uploads\/2024\/12\/absolut-lighting-shining-mailand-300x237.jpg 300w\" sizes=\"(max-width: 620px) 100vw, 620px\" \/><\/p>\n","protected":false},"excerpt":{"rendered":"<p>\u00ab Pendelleuchten f\u00fcr sehr hohe R\u00e4ume \u00bb Wohnungen mit imposanter Raumh\u00f6he haben ein luftiges und exklusives Flair. Die Beleuchtung scheint auf den ersten Blick wegen der gro\u00dfen Distanz zwischen dem Stromanschluss und Lebensbereich etwas problematisch. Bei n\u00e4herem Betrachten entpuppen sich die architektonischen Besonderheiten als Chance f\u00fcr au\u00dfergew\u00f6hnliche Einrichtungsideen. Sie harmonieren mit eindrucksvollen Lampen, die sich [&hellip;]<\/p>\n","protected":false},"author":4,"featured_media":17614,"comment_status":"closed","ping_status":"open","sticky":false,"template":"","format":"standard","meta":{"_et_pb_use_builder":"","_et_pb_old_content":"","_et_gb_content_width":"","inline_featured_image":false,"footnotes":""},"categories":[1],"tags":[102,2021,2020,920,923,2019,935],"class_list":["post-17589","post","type-post","status-publish","format-standard","has-post-thumbnail","hentry","category-drinnen","tag-deckenleuchte","tag-design-deckenleuchten","tag-designerleuchten","tag-haengeleuchte","tag-inneneinrichtung","tag-lampen-fuer-hohe-decken","tag-umage"],"_links":{"self":[{"href":"https:\/\/raum-blick.de\/magazin\/wp-json\/wp\/v2\/posts\/17589","targetHints":{"allow":["GET"]}}],"collection":[{"href":"https:\/\/raum-blick.de\/magazin\/wp-json\/wp\/v2\/posts"}],"about":[{"href":"https:\/\/raum-blick.de\/magazin\/wp-json\/wp\/v2\/types\/post"}],"author":[{"embeddable":true,"href":"https:\/\/raum-blick.de\/magazin\/wp-json\/wp\/v2\/users\/4"}],"replies":[{"embeddable":true,"href":"https:\/\/raum-blick.de\/magazin\/wp-json\/wp\/v2\/comments?post=17589"}],"version-history":[{"count":15,"href":"https:\/\/raum-blick.de\/magazin\/wp-json\/wp\/v2\/posts\/17589\/revisions"}],"predecessor-version":[{"id":21309,"href":"https:\/\/raum-blick.de\/magazin\/wp-json\/wp\/v2\/posts\/17589\/revisions\/21309"}],"wp:featuredmedia":[{"embeddable":true,"href":"https:\/\/raum-blick.de\/magazin\/wp-json\/wp\/v2\/media\/17614"}],"wp:attachment":[{"href":"https:\/\/raum-blick.de\/magazin\/wp-json\/wp\/v2\/media?parent=17589"}],"wp:term":[{"taxonomy":"category","embeddable":true,"href":"https:\/\/raum-blick.de\/magazin\/wp-json\/wp\/v2\/categories?post=17589"},{"taxonomy":"post_tag","embeddable":true,"href":"https:\/\/raum-blick.de\/magazin\/wp-json\/wp\/v2\/tags?post=17589"}],"curies":[{"name":"wp","href":"https:\/\/api.w.org\/{rel}","templated":true}]}}