{"id":17539,"date":"2022-12-05T12:45:21","date_gmt":"2022-12-05T11:45:21","guid":{"rendered":"https:\/\/www.raum-blick.de\/magazin\/?p=17539"},"modified":"2022-12-05T12:49:07","modified_gmt":"2022-12-05T11:49:07","slug":"kreative-ideen-fuer-kahle-waende","status":"publish","type":"post","link":"https:\/\/raum-blick.de\/magazin\/kreative-ideen-fuer-kahle-waende\/","title":{"rendered":"Schick und praktisch: kreative Ideen f\u00fcr kahle W\u00e4nde"},"content":{"rendered":"<p style=\"text-align: justify;\"><strong>Reiz\u00fcberflutend ist das Ambiente, wenn M\u00f6bel und Dekorationen nahtlos ineinander \u00fcbergehen. Wer das Gegenteil ausprobiert hat, wei\u00df aber: Kahle W\u00e4nde sind auch keine L\u00f6sung. Sie lassen R\u00e4ume k\u00fchl und unpers\u00f6nlich erscheinen. Pfiffig sind Einrichtungsideen, die funktionale Bed\u00fcrfnisse dekorativ beantworten. Mit ihnen wirkt die Wohnung gem\u00fctlich, aber niemals \u00fcberladen.<\/strong><\/p>\n<h2><span class=\"ez-toc-section\" id=\"Wandgalerie_fuer_wechselnde_Eindruecke\"><\/span>Wandgalerie f\u00fcr wechselnde Eindr\u00fccke<span class=\"ez-toc-section-end\"><\/span><\/h2>\n<p style=\"text-align: justify;\">Lange Flure verbinden die R\u00e4ume des Hauses miteinander. Zwischen den Zimmert\u00fcren gibt es reichlich Fl\u00e4chen, die f\u00fcr praktische Objekte wie M\u00f6bel, Garderobenhaken oder Spiegel nicht ben\u00f6tigt werden. Kreative Ideen f\u00fcr kahle W\u00e4nde serviert das <a href=\"https:\/\/www.raum-blick.de\/jan-kurtz\/\">Sortiment von Jan Kurtz<\/a>.<\/p><div id=\"ez-toc-container\" class=\"ez-toc-v2_0_82_2 counter-hierarchy ez-toc-counter ez-toc-grey ez-toc-container-direction\">\n<div class=\"ez-toc-title-container\">\n<p class=\"ez-toc-title\" style=\"cursor:inherit\">Was hier auf Sie wartet<\/p>\n<span class=\"ez-toc-title-toggle\"><a href=\"#\" class=\"ez-toc-pull-right ez-toc-btn ez-toc-btn-xs ez-toc-btn-default ez-toc-toggle\" aria-label=\"Toggle Table of Content\"><span class=\"ez-toc-js-icon-con\"><span class=\"\"><span class=\"eztoc-hide\" style=\"display:none;\">Toggle<\/span><span class=\"ez-toc-icon-toggle-span\"><svg style=\"fill: #999;color:#999\" xmlns=\"http:\/\/www.w3.org\/2000\/svg\" class=\"list-377408\" width=\"20px\" height=\"20px\" viewBox=\"0 0 24 24\" fill=\"none\"><path d=\"M6 6H4v2h2V6zm14 0H8v2h12V6zM4 11h2v2H4v-2zm16 0H8v2h12v-2zM4 16h2v2H4v-2zm16 0H8v2h12v-2z\" fill=\"currentColor\"><\/path><\/svg><svg style=\"fill: #999;color:#999\" class=\"arrow-unsorted-368013\" xmlns=\"http:\/\/www.w3.org\/2000\/svg\" width=\"10px\" height=\"10px\" viewBox=\"0 0 24 24\" version=\"1.2\" baseProfile=\"tiny\"><path d=\"M18.2 9.3l-6.2-6.3-6.2 6.3c-.2.2-.3.4-.3.7s.1.5.3.7c.2.2.4.3.7.3h11c.3 0 .5-.1.7-.3.2-.2.3-.5.3-.7s-.1-.5-.3-.7zM5.8 14.7l6.2 6.3 6.2-6.3c.2-.2.3-.5.3-.7s-.1-.5-.3-.7c-.2-.2-.4-.3-.7-.3h-11c-.3 0-.5.1-.7.3-.2.2-.3.5-.3.7s.1.5.3.7z\"\/><\/svg><\/span><\/span><\/span><\/a><\/span><\/div>\n<nav><ul class='ez-toc-list ez-toc-list-level-1 ' ><li class='ez-toc-page-1 ez-toc-heading-level-2'><a class=\"ez-toc-link ez-toc-heading-1\" href=\"https:\/\/raum-blick.de\/magazin\/kreative-ideen-fuer-kahle-waende\/#Wandgalerie_fuer_wechselnde_Eindruecke\" >Wandgalerie f\u00fcr wechselnde Eindr\u00fccke<\/a><\/li><li class='ez-toc-page-1 ez-toc-heading-level-2'><a class=\"ez-toc-link ez-toc-heading-2\" href=\"https:\/\/raum-blick.de\/magazin\/kreative-ideen-fuer-kahle-waende\/#Farbtupfer_und_Stauraum_Wandregale_in_froehlichen_Toenen\" >Farbtupfer und Stauraum: Wandregale in fr\u00f6hlichen T\u00f6nen<\/a><\/li><li class='ez-toc-page-1 ez-toc-heading-level-2'><a class=\"ez-toc-link ez-toc-heading-3\" href=\"https:\/\/raum-blick.de\/magazin\/kreative-ideen-fuer-kahle-waende\/#Dekorative_Problemloeser_fuer_die_Flurgestaltung\" >Dekorative Probleml\u00f6ser f\u00fcr die Flurgestaltung<\/a><\/li><li class='ez-toc-page-1 ez-toc-heading-level-2'><a class=\"ez-toc-link ez-toc-heading-4\" href=\"https:\/\/raum-blick.de\/magazin\/kreative-ideen-fuer-kahle-waende\/#Wanddeko_als_Inspirationsquelle_fuer_den_Wohnkomfort\" >Wanddeko als Inspirationsquelle f\u00fcr den Wohnkomfort<\/a><\/li><li class='ez-toc-page-1 ez-toc-heading-level-2'><a class=\"ez-toc-link ez-toc-heading-5\" href=\"https:\/\/raum-blick.de\/magazin\/kreative-ideen-fuer-kahle-waende\/#Attraktiver_als_gedacht_doppelter_Auftritt_von_Wohnaccessoires\" >Attraktiver als gedacht: doppelter Auftritt von Wohnaccessoires<\/a><\/li><li class='ez-toc-page-1 ez-toc-heading-level-2'><a class=\"ez-toc-link ez-toc-heading-6\" href=\"https:\/\/raum-blick.de\/magazin\/kreative-ideen-fuer-kahle-waende\/#Mehr_Lebensqualitaet_durch_Wanddekoration\" >Mehr Lebensqualit\u00e4t durch Wanddekoration<\/a><\/li><li class='ez-toc-page-1 ez-toc-heading-level-2'><a class=\"ez-toc-link ez-toc-heading-7\" href=\"https:\/\/raum-blick.de\/magazin\/kreative-ideen-fuer-kahle-waende\/#Zwischenablagen_mit_dekorativem_Mehrwert\" >Zwischenablagen mit dekorativem Mehrwert<\/a><\/li><li class='ez-toc-page-1 ez-toc-heading-level-2'><a class=\"ez-toc-link ez-toc-heading-8\" href=\"https:\/\/raum-blick.de\/magazin\/kreative-ideen-fuer-kahle-waende\/#Platz_fuer_schicke_Lichtspender\" >Platz f\u00fcr schicke Lichtspender<\/a><\/li><\/ul><\/nav><\/div>\n\n<p><a href=\"https:\/\/www.raum-blick.de\/jan-kurtz-wandregal-jill\"><img loading=\"lazy\" decoding=\"async\" class=\"aligncenter wp-image-17569 size-full\" title=\"Jan Kurtz \u2013 Wandregal Jill zur stilvollen Dekoration\" src=\"https:\/\/www.raum-blick.de\/magazin\/wp-content\/uploads\/2024\/12\/jan-kurtz-wandregal-jill.jpg\" alt=\"Jan Kurtz \u2013 Wandregal Jill zur stilvollen Dekoration\" width=\"620\" height=\"493\" srcset=\"https:\/\/raum-blick.de\/magazin\/wp-content\/uploads\/2024\/12\/jan-kurtz-wandregal-jill.jpg 620w, https:\/\/raum-blick.de\/magazin\/wp-content\/uploads\/2024\/12\/jan-kurtz-wandregal-jill-300x239.jpg 300w\" sizes=\"(max-width: 620px) 100vw, 620px\" \/><\/a><\/p>\n<p style=\"text-align: justify;\">Das <a href=\"https:\/\/www.raum-blick.de\/jan-kurtz-wandregal-ell\">Regal Ell aus massivem Eichenholz<\/a> beschr\u00e4nkt sich auf das Wesentliche und reicht kaum in den Raum hinein. So schr\u00e4nkt es die Bewegungsfreiheit in den Durchgangsbereichen nicht ein, macht den Streifzug durch die Wohnung aber zum Erlebnis. Im Handumdrehen entsteht eine Galerie, wenn man einige Exemplare kombiniert. Fotos von den Sommerurlauben, Lieblingsb\u00fccher der Familie, Selbstgebasteltes von den Kindern oder gesammelte Weihnachtskarten: Stetig widmet sich die private Ausstellung einem neuen Thema. Gespannt sind die G\u00e4ste, was sie beim n\u00e4chsten Besuch erwartet.<\/p>\n<p><a href=\"https:\/\/www.raum-blick.de\/jan-kurtz-wandregal-jill\"><img loading=\"lazy\" decoding=\"async\" class=\"aligncenter wp-image-17570 size-full\" title=\"Jan Kurtz Ell Wandregal\" src=\"https:\/\/www.raum-blick.de\/magazin\/wp-content\/uploads\/2024\/12\/jan-kurtz-wandregal-ell.jpg\" alt=\"Jan Kurtz Ell Wandregal\" width=\"620\" height=\"529\" srcset=\"https:\/\/raum-blick.de\/magazin\/wp-content\/uploads\/2024\/12\/jan-kurtz-wandregal-ell.jpg 620w, https:\/\/raum-blick.de\/magazin\/wp-content\/uploads\/2024\/12\/jan-kurtz-wandregal-ell-300x256.jpg 300w\" sizes=\"(max-width: 620px) 100vw, 620px\" \/><\/a><\/p>\n<h2><span class=\"ez-toc-section\" id=\"Farbtupfer_und_Stauraum_Wandregale_in_froehlichen_Toenen\"><\/span>Farbtupfer und Stauraum: Wandregale in fr\u00f6hlichen T\u00f6nen<span class=\"ez-toc-section-end\"><\/span><\/h2>\n<p style=\"text-align: justify;\">Die Nutzung von W\u00e4nden f\u00fcr Regale geh\u00f6rt zu den klassischen Ideen beim Einrichten. Nisse Strinning entwarf schon 1949 seine <a href=\"https:\/\/www.raum-blick.de\/string-furniture-pocket-regal\">Designikone Pocket<\/a> und gewann damit einen Wettbewerb, weil sie platzsparend und erweiterbar ist. String h\u00e4lt bis heute an dem M\u00f6belsystem mit seitlichen Metallstreben und Regalbrettern fest, das f\u00fcrs individuelle Konfigurieren geschaffen ist.<\/p>\n<p style=\"text-align: justify;\">Das Novum: Die skandinavische Marke bietet den Klassiker in starken Farben wie Neon-Orange an. Sie befl\u00fcgeln kreative Ideen f\u00fcr kahle W\u00e4nde im Kinderzimmer. Ein luftig arrangiertes Exemplar im zarten Rosa belebt schick das Reich der Prinzessin. Ganz nebenbei schafft es Platz f\u00fcr die st\u00e4ndig wachsende B\u00fcchersammlung der kleinen Leseratte.<\/p>\n<p><a href=\"https:\/\/www.raum-blick.de\/string-furniture-pocket-regal\"><img loading=\"lazy\" decoding=\"async\" class=\"aligncenter wp-image-17573 size-full\" title=\"String Pocket Wandregal | Design: Nisse Strinning\" src=\"https:\/\/www.raum-blick.de\/magazin\/wp-content\/uploads\/2024\/12\/string-pocket-livingroom-blush-landscape.jpg\" alt=\"String Pocket Wandregal | Design: Nisse Strinning\" width=\"620\" height=\"506\" srcset=\"https:\/\/raum-blick.de\/magazin\/wp-content\/uploads\/2024\/12\/string-pocket-livingroom-blush-landscape.jpg 620w, https:\/\/raum-blick.de\/magazin\/wp-content\/uploads\/2024\/12\/string-pocket-livingroom-blush-landscape-300x245.jpg 300w\" sizes=\"(max-width: 620px) 100vw, 620px\" \/><\/a><\/p>\n<h2><span class=\"ez-toc-section\" id=\"Dekorative_Problemloeser_fuer_die_Flurgestaltung\"><\/span>Dekorative Probleml\u00f6ser f\u00fcr die Flurgestaltung<span class=\"ez-toc-section-end\"><\/span><\/h2>\n<p style=\"text-align: justify;\">Kaum sind die Besucher angekommen, erntet die Einrichtungsfee des Hauses den ersten Applaus. An beliebte Steckspiele erinnern die <a href=\"https:\/\/www.raum-blick.de\/we-do-wood-scoreboard-garderobe-vertikal\">Scoreboards von We do Wood<\/a> mit den farbigen Pins an der Wand. Die Assoziationen lassen das Highlight im Flur genauso lebendig erscheinen wie die dynamische Anordnung der drei Garderobenbretter. Jedes dekorative Detail ergibt gleichzeitig einen Sinn:<\/p>\n<p style=\"text-align: justify;\">Die Einrichtungsl\u00f6sung passt exakt zum geringen Platzangebot des Hausflurs. Die Farben signalisieren, wem die Garderobenhaken geh\u00f6ren. Sind sie voll, muss das Familienmitglied aktiv werden und einige Sachen wieder in den Kleiderschrank einsortieren. Erwachsene k\u00f6nnen ihre Jacken genauso bequem auf Augenh\u00f6he platzieren wie die Schulkids und Kleinkinder der Familie. Herzlichen Gl\u00fcckwunsch: So sehen kreative Ideen f\u00fcr kahle W\u00e4nde aus!<\/p>\n<p><a href=\"https:\/\/www.raum-blick.de\/we-do-wood-scoreboard-garderobe-vertikal\"><img loading=\"lazy\" decoding=\"async\" class=\"aligncenter wp-image-17575 size-full\" title=\"We Do Wood \u2013 Scoreboard Garderobe, vertikal | Design: Sebastian Jorgensen\" src=\"https:\/\/www.raum-blick.de\/magazin\/wp-content\/uploads\/2024\/12\/we-do-wood-scoreboard-garderobe-vertikal-2.jpg\" alt=\"We Do Wood \u2013 Scoreboard Garderobe, vertikal | Design: Sebastian Jorgensen\" width=\"620\" height=\"620\" srcset=\"https:\/\/raum-blick.de\/magazin\/wp-content\/uploads\/2024\/12\/we-do-wood-scoreboard-garderobe-vertikal-2.jpg 620w, https:\/\/raum-blick.de\/magazin\/wp-content\/uploads\/2024\/12\/we-do-wood-scoreboard-garderobe-vertikal-2-300x300.jpg 300w, https:\/\/raum-blick.de\/magazin\/wp-content\/uploads\/2024\/12\/we-do-wood-scoreboard-garderobe-vertikal-2-150x150.jpg 150w\" sizes=\"(max-width: 620px) 100vw, 620px\" \/><\/a><\/p>\n<h2><span class=\"ez-toc-section\" id=\"Wanddeko_als_Inspirationsquelle_fuer_den_Wohnkomfort\"><\/span>Wanddeko als Inspirationsquelle f\u00fcr den Wohnkomfort<span class=\"ez-toc-section-end\"><\/span><\/h2>\n<p style=\"text-align: justify;\">Kahle W\u00e4nde bewegen zur Suche nach einem stilvollen Wohnaccessoire. Dabei ger\u00e4t der <a href=\"https:\/\/www.raum-blick.de\/ethnicraft-sphere-wandspiegel\">Spiegel Sphere von Ethnicraft<\/a> ins Visier und erobert spontan das Herz. Es ist kaum zu glauben, dass der Rahmen aus einfachen Naturelementen wie Erde, Mineralien, Farbpigmenten und Wasser besteht. M\u00f6glich wird das Wunder durch eine alte Handwerkskunst, die den Wandspiegel der Designmarke zum Unikat macht.<\/p>\n<p style=\"text-align: justify;\">Seine Entdeckung beschert die n\u00e4chsten Geistesblitze. Eine Konsole und ein Hocker aus exotischem Massivholz gesellen sich hinzu. Schon ist die Schminkecke neben dem Badezimmer er\u00f6ffnet. Das Beispiel beweist: Wer kreative Ideen f\u00fcr kahle W\u00e4nde sucht, entdeckt die funktionalen L\u00fccken bei der Einrichtung und f\u00fchlt sich dazu inspiriert, sie schick zu schlie\u00dfen.<\/p>\n<p><img loading=\"lazy\" decoding=\"async\" class=\"aligncenter size-full wp-image-17560\" src=\"https:\/\/www.raum-blick.de\/magazin\/wp-content\/uploads\/2024\/12\/ethnicraft-sphere-wandspiegel-2.jpg\" alt=\"\" width=\"620\" height=\"620\" title=\"\" srcset=\"https:\/\/raum-blick.de\/magazin\/wp-content\/uploads\/2024\/12\/ethnicraft-sphere-wandspiegel-2.jpg 620w, https:\/\/raum-blick.de\/magazin\/wp-content\/uploads\/2024\/12\/ethnicraft-sphere-wandspiegel-2-300x300.jpg 300w, https:\/\/raum-blick.de\/magazin\/wp-content\/uploads\/2024\/12\/ethnicraft-sphere-wandspiegel-2-150x150.jpg 150w\" sizes=\"(max-width: 620px) 100vw, 620px\" \/><\/p>\n<h2><span class=\"ez-toc-section\" id=\"Attraktiver_als_gedacht_doppelter_Auftritt_von_Wohnaccessoires\"><\/span>Attraktiver als gedacht: doppelter Auftritt von Wohnaccessoires<span class=\"ez-toc-section-end\"><\/span><\/h2>\n<p style=\"text-align: justify;\">Ein Produkt gen\u00fcgt ferm LIVING, um kreative Ideen f\u00fcr kahle W\u00e4nde und die gem\u00fctliche Bodengestaltung zu befl\u00fcgeln. Kunstvoll ist der <a href=\"https:\/\/www.raum-blick.de\/ferm-living-abstract-teppich\">Teppich Abstract mit Fransen<\/a> gestaltet, der aus neuseel\u00e4ndischer Wolle gefertigt wird. \u00dcber die schmeichelhafte Textur des Naturmaterials freuen sich die F\u00fc\u00dfe, wenn man auf der Bank vor dem Kamin entspannt.<\/p>\n<p style=\"text-align: justify;\">Wer dabei den Blick schweifen l\u00e4sst, hat ein D\u00e9j\u00e0-vu-Erlebnis. \u00dcber dem Daybed neben dem Fenster meistert ein zweites Exemplar des handgekn\u00fcpften Wollteppichs meisterhaft die Aufgabe, kahle W\u00e4nde zu beleben. Dort kommt das skulpturale Motiv noch besser zur Geltung als auf dem Boden. Das wiederkehrende Stilelement verlinkt geschickt die Wohnbereiche miteinander und beschert einen harmonischen Gesamteindruck.<\/p>\n<p><img loading=\"lazy\" decoding=\"async\" class=\"aligncenter size-full wp-image-17555\" src=\"https:\/\/www.raum-blick.de\/magazin\/wp-content\/uploads\/2024\/12\/ferm-living-abstract-teppich-3.jpg\" alt=\"\" width=\"620\" height=\"483\" title=\"\" srcset=\"https:\/\/raum-blick.de\/magazin\/wp-content\/uploads\/2024\/12\/ferm-living-abstract-teppich-3.jpg 620w, https:\/\/raum-blick.de\/magazin\/wp-content\/uploads\/2024\/12\/ferm-living-abstract-teppich-3-300x234.jpg 300w\" sizes=\"(max-width: 620px) 100vw, 620px\" \/><\/p>\n<h2><span class=\"ez-toc-section\" id=\"Mehr_Lebensqualitaet_durch_Wanddekoration\"><\/span>Mehr Lebensqualit\u00e4t durch Wanddekoration<span class=\"ez-toc-section-end\"><\/span><\/h2>\n<p style=\"text-align: justify;\">Das M\u00fcsli ist noch nicht verputzt, schon besch\u00e4ftigten News \u00fcber Krisen und Arbeitsauftr\u00e4ge des Chefs die Sinne. Die Ursache daf\u00fcr ist schnell gefunden: Am Fr\u00fchst\u00fcckstisch wird st\u00e4ndig aufs Smartphone geschaut, um den Bus nicht zu verpassen. Unwillk\u00fcrlich springen dabei die Signale der Newsticker und Messenger ins Auge.<\/p>\n<p style=\"text-align: justify;\">Einst z\u00e4hlten Accessoires zur Grundausstattung der K\u00fcche, um die Zeit im Auge zu behalten. Wenn man sich mehr Ruhe f\u00fcr den morgendlichen Start w\u00fcnscht, wird es Zeit f\u00fcrs Comeback der Deko-Tradition. Aus satiniertem Aluminium fertigt Junghans die <a href=\"https:\/\/www.raum-blick.de\/junghans-max-bill-funk-wanduhr-strich\">Max Bill Wanduhr<\/a>. Sie wertet kahle W\u00e4nde dezent auf und geht dank Funk-Uhrwerk garantiert keine Minute nach. So erledigen sich die Blicke aufs Handy mitsamt den digitalen St\u00f6rfaktoren beim entspannten Fr\u00fchst\u00fcck.<\/p>\n<p><a href=\"https:\/\/www.raum-blick.de\/junghans-max-bill-funk-wanduhr-strich\"><img loading=\"lazy\" decoding=\"async\" class=\"aligncenter wp-image-17557\" title=\"Max Bill Wanduhr &quot;Strich&quot; - Junghans Funkuhr\" src=\"https:\/\/www.raum-blick.de\/magazin\/wp-content\/uploads\/2024\/12\/junghans-max-bill-funk-wanduhr-strich.jpg\" alt=\"Max Bill Wanduhr &quot;Strich&quot; - Junghans Funkuhr\" width=\"518\" height=\"519\" srcset=\"https:\/\/raum-blick.de\/magazin\/wp-content\/uploads\/2024\/12\/junghans-max-bill-funk-wanduhr-strich.jpg 600w, https:\/\/raum-blick.de\/magazin\/wp-content\/uploads\/2024\/12\/junghans-max-bill-funk-wanduhr-strich-300x300.jpg 300w, https:\/\/raum-blick.de\/magazin\/wp-content\/uploads\/2024\/12\/junghans-max-bill-funk-wanduhr-strich-150x150.jpg 150w\" sizes=\"(max-width: 518px) 100vw, 518px\" \/><\/a><\/p>\n<h2><span class=\"ez-toc-section\" id=\"Zwischenablagen_mit_dekorativem_Mehrwert\"><\/span>Zwischenablagen mit dekorativem Mehrwert<span class=\"ez-toc-section-end\"><\/span><\/h2>\n<p style=\"text-align: justify;\">Gering ist die Lust, Accessoires beim Ausziehen ordentlich einzusortieren. Schl\u00fcssel, Ladekabel, Portemonnaie: An den verschiedensten Orten der Wohnung m\u00f6chte man kurzzeitig etwas ablegen. Praktische L\u00f6sungen daf\u00fcr lassen sich galant damit verbinden, die W\u00e4nde individuell zu gestalten.<\/p>\n<p style=\"text-align: justify;\">Ronari &amp; Erwan Bouroullec dachten an Felsvorspr\u00fcnge, als sie 2012 f\u00fcr <a href=\"https:\/\/www.raum-blick.de\/vitra-corniche\">Vitra die Corniche Kollektion<\/a> entwarfen. Die organisch geformten Wandablagen schmeicheln auch dann dem Auge, wenn darauf nichts drapiert ist. Es spricht nichts dagegen, dass sie leer bleiben und spontan verschiedenste Dinge in Empfang nehmen.<\/p>\n<p><a href=\"https:\/\/www.raum-blick.de\/vitra-corniche\"><img loading=\"lazy\" decoding=\"async\" class=\"aligncenter wp-image-17563 size-full\" title=\"Vitra Corniche Regal | Design: Ronan &amp; Erwan Bouroullec, 2012\" src=\"https:\/\/www.raum-blick.de\/magazin\/wp-content\/uploads\/2024\/12\/vitra-corniche-rot.jpg\" alt=\"Vitra Corniche Regal | Design: Ronan &amp; Erwan Bouroullec, 2012 - Ideen f\u00fcr kahle W\u00e4nde\" width=\"620\" height=\"492\" srcset=\"https:\/\/raum-blick.de\/magazin\/wp-content\/uploads\/2024\/12\/vitra-corniche-rot.jpg 620w, https:\/\/raum-blick.de\/magazin\/wp-content\/uploads\/2024\/12\/vitra-corniche-rot-300x238.jpg 300w\" sizes=\"(max-width: 620px) 100vw, 620px\" \/><\/a><\/p>\n<p style=\"text-align: justify;\">Als Set in diversen Gr\u00f6\u00dfen und Farben bietet <a href=\"https:\/\/www.raum-blick.de\/remember-wandhaken-4er-set\">REMEMBER Wandhaken<\/a> an. Werden sie locker verteilt montiert, wirken sie neben der T\u00fcr des Schlafzimmers wie eine Wanddekoration. Am Abend offenbaren sie ihre praktischen Facetten und bieten sich als Zwischenablage f\u00fcr Schals und Ketten an.<\/p>\n<p><a href=\"https:\/\/www.raum-blick.de\/remember-wandhaken-4er-set\"><img loading=\"lazy\" decoding=\"async\" class=\"aligncenter wp-image-17565 size-full\" title=\"REMEMBER \u2013 Wandhaken 4er Set\" src=\"https:\/\/www.raum-blick.de\/magazin\/wp-content\/uploads\/2024\/12\/remember-wandhaken-4er-set.jpg\" alt=\"REMEMBER \u2013 Wandhaken 4er Set - Ideen f\u00fcr kahle W\u00e4nde\" width=\"620\" height=\"548\" srcset=\"https:\/\/raum-blick.de\/magazin\/wp-content\/uploads\/2024\/12\/remember-wandhaken-4er-set.jpg 620w, https:\/\/raum-blick.de\/magazin\/wp-content\/uploads\/2024\/12\/remember-wandhaken-4er-set-300x265.jpg 300w\" sizes=\"(max-width: 620px) 100vw, 620px\" \/><\/a><\/p>\n<h2><span class=\"ez-toc-section\" id=\"Platz_fuer_schicke_Lichtspender\"><\/span>Platz f\u00fcr schicke Lichtspender<span class=\"ez-toc-section-end\"><\/span><\/h2>\n<p style=\"text-align: justify;\">Kreative Ideen f\u00fcr kahle W\u00e4nde sind nicht nur drinnen, sondern auch auf der Terrasse gefragt. Bilder, Spiegel, Regale: Die Klassiker f\u00fcr die Wandgestaltung ergeben dort meist keinen Sinn. Das Gegenteil gilt f\u00fcr Leuchten. Sobald es dunkel wird, freut man sich \u00fcber ihre Pr\u00e4senz und stimmungsvolle Lichtwirkung.<\/p>\n<p style=\"text-align: justify;\">Tristan Lohner lie\u00df sich von Pariser Stra\u00dfenlaternen inspirieren, als er f\u00fcr <a href=\"https:\/\/www.raum-blick.de\/fermob-mooon-wandleuchte\">Fermob die Mooon!<\/a> Kollektion designte. Die Kugelleuchten f\u00fcr die Wandmontage begeistern mit einem nostalgischen Touch und tollen Farben wie Acapulcoblau oder Ockerrot. So avancieren sie zu Lichtblicken, die W\u00e4nde stilvoll aufwerten und f\u00fcrs gem\u00fctliche Flair sorgen.<\/p>\n<p><a href=\"https:\/\/www.raum-blick.de\/fermob-mooon-wandleuchte\"><img loading=\"lazy\" decoding=\"async\" class=\"aligncenter wp-image-17567 size-full\" title=\"Fermob \u2013 Mooon! Wandleuchte, verkabelte LED-Wandleuchte | Design: Tristan Lohner\" src=\"https:\/\/www.raum-blick.de\/magazin\/wp-content\/uploads\/2024\/12\/fermob-mooon-wandleuchte-lampe.jpg\" alt=\"Fermob \u2013 Mooon! Wandleuchte, verkabelte LED-Wandleuchte | Design: Tristan Lohner - Ideen f\u00fcr kahle W\u00e4nde\" width=\"620\" height=\"541\" srcset=\"https:\/\/raum-blick.de\/magazin\/wp-content\/uploads\/2024\/12\/fermob-mooon-wandleuchte-lampe.jpg 620w, https:\/\/raum-blick.de\/magazin\/wp-content\/uploads\/2024\/12\/fermob-mooon-wandleuchte-lampe-300x262.jpg 300w\" sizes=\"(max-width: 620px) 100vw, 620px\" \/><\/a><\/p>\n","protected":false},"excerpt":{"rendered":"<p>Reiz\u00fcberflutend ist das Ambiente, wenn M\u00f6bel und Dekorationen nahtlos ineinander \u00fcbergehen. Wer das Gegenteil ausprobiert hat, wei\u00df aber: Kahle W\u00e4nde sind auch keine L\u00f6sung. Sie lassen R\u00e4ume k\u00fchl und unpers\u00f6nlich erscheinen. Pfiffig sind Einrichtungsideen, die funktionale Bed\u00fcrfnisse dekorativ beantworten. Mit ihnen wirkt die Wohnung gem\u00fctlich, aber niemals \u00fcberladen. Wandgalerie f\u00fcr wechselnde Eindr\u00fccke Lange Flure verbinden [&hellip;]<\/p>\n","protected":false},"author":4,"featured_media":17544,"comment_status":"closed","ping_status":"open","sticky":false,"template":"","format":"standard","meta":{"_et_pb_use_builder":"","_et_pb_old_content":"","_et_gb_content_width":"","inline_featured_image":false,"footnotes":""},"categories":[1],"tags":[449,2009,923,1856,2008,280,43,151,2010,2011,408,25,1204],"class_list":["post-17539","post","type-post","status-publish","format-standard","has-post-thumbnail","hentry","category-drinnen","tag-einrichtungsideen","tag-ideen-fuer-kahle-waende","tag-inneneinrichtung","tag-interior-design","tag-kahle-waende","tag-lampen","tag-leuchten","tag-spiegel","tag-wand-deko","tag-wandablagen","tag-wandhaken","tag-wandregale","tag-wandteppich"],"_links":{"self":[{"href":"https:\/\/raum-blick.de\/magazin\/wp-json\/wp\/v2\/posts\/17539","targetHints":{"allow":["GET"]}}],"collection":[{"href":"https:\/\/raum-blick.de\/magazin\/wp-json\/wp\/v2\/posts"}],"about":[{"href":"https:\/\/raum-blick.de\/magazin\/wp-json\/wp\/v2\/types\/post"}],"author":[{"embeddable":true,"href":"https:\/\/raum-blick.de\/magazin\/wp-json\/wp\/v2\/users\/4"}],"replies":[{"embeddable":true,"href":"https:\/\/raum-blick.de\/magazin\/wp-json\/wp\/v2\/comments?post=17539"}],"version-history":[{"count":21,"href":"https:\/\/raum-blick.de\/magazin\/wp-json\/wp\/v2\/posts\/17539\/revisions"}],"predecessor-version":[{"id":17578,"href":"https:\/\/raum-blick.de\/magazin\/wp-json\/wp\/v2\/posts\/17539\/revisions\/17578"}],"wp:featuredmedia":[{"embeddable":true,"href":"https:\/\/raum-blick.de\/magazin\/wp-json\/wp\/v2\/media\/17544"}],"wp:attachment":[{"href":"https:\/\/raum-blick.de\/magazin\/wp-json\/wp\/v2\/media?parent=17539"}],"wp:term":[{"taxonomy":"category","embeddable":true,"href":"https:\/\/raum-blick.de\/magazin\/wp-json\/wp\/v2\/categories?post=17539"},{"taxonomy":"post_tag","embeddable":true,"href":"https:\/\/raum-blick.de\/magazin\/wp-json\/wp\/v2\/tags?post=17539"}],"curies":[{"name":"wp","href":"https:\/\/api.w.org\/{rel}","templated":true}]}}