{"id":17418,"date":"2022-11-18T10:00:42","date_gmt":"2022-11-18T09:00:42","guid":{"rendered":"https:\/\/www.raum-blick.de\/magazin\/?p=17418"},"modified":"2024-09-02T14:35:20","modified_gmt":"2024-09-02T12:35:20","slug":"adventsdeko-modern-2022","status":"publish","type":"post","link":"https:\/\/raum-blick.de\/magazin\/adventsdeko-modern-2022\/","title":{"rendered":"Adventsdeko modern 2022"},"content":{"rendered":"<h2><span class=\"ez-toc-section\" id=\"%C2%AB_Neue_Trends_in_Sachen_geschmackvolle_Weihnachten_%C2%BB\"><\/span>\u00ab Neue Trends in Sachen geschmackvolle Weihnachten \u00bb<span class=\"ez-toc-section-end\"><\/span><\/h2>\n<p style=\"text-align: justify;\"><strong>\u00a0<\/strong><strong>Gl\u00fchwein, Christstollen, Weihnachtsgans: Insgeheim freut man sich auf die besinnliche Jahreszeit, weil vertraute Traditionen das Herz erw\u00e4rmen. Es spricht trotzdem nichts gegen frischen Wind bei der Adventsdeko. Lassen Sie sich von l\u00e4ssigen, glamour\u00f6sen und aparten Wohntrends inspirieren!<\/strong><\/p>\n<h2><span class=\"ez-toc-section\" id=\"Skandinavische_Lichtblicke_aus_Keramik\"><\/span>Skandinavische Lichtblicke aus Keramik<span class=\"ez-toc-section-end\"><\/span><\/h2>\n<p style=\"text-align: justify;\">Wer durch idyllische Regionen wandert, begegnet hier und dort einer Stavkirke. Bis heute ist es faszinierend, wie detailverliebt die Kirchen aus Holz gebaut wurden. Ein cleverer Gedanke steckt hinter der eigenwilligen Architektur der Stabbur Speicherh\u00e4user. Mit den Stelzen verhinderten norwegische Landwirte, dass sich Nager an den Vorr\u00e4ten bedienten. Schreitet man durch das Eingangstor vom Tivoli, wird es am\u00fcsant. Der Kopenhagener Vergn\u00fcgungspark begeistert 2022 wieder mit vielen Attraktionen wie dem Theater Glassalen, das Poul Henningsen entwarf und ebenso als Lichthaus erh\u00e4ltlich ist.<\/p><div id=\"ez-toc-container\" class=\"ez-toc-v2_0_82_2 counter-hierarchy ez-toc-counter ez-toc-grey ez-toc-container-direction\">\n<div class=\"ez-toc-title-container\">\n<p class=\"ez-toc-title\" style=\"cursor:inherit\">Was hier auf Sie wartet<\/p>\n<span class=\"ez-toc-title-toggle\"><a href=\"#\" class=\"ez-toc-pull-right ez-toc-btn ez-toc-btn-xs ez-toc-btn-default ez-toc-toggle\" aria-label=\"Toggle Table of Content\"><span class=\"ez-toc-js-icon-con\"><span class=\"\"><span class=\"eztoc-hide\" style=\"display:none;\">Toggle<\/span><span class=\"ez-toc-icon-toggle-span\"><svg style=\"fill: #999;color:#999\" xmlns=\"http:\/\/www.w3.org\/2000\/svg\" class=\"list-377408\" width=\"20px\" height=\"20px\" viewBox=\"0 0 24 24\" fill=\"none\"><path d=\"M6 6H4v2h2V6zm14 0H8v2h12V6zM4 11h2v2H4v-2zm16 0H8v2h12v-2zM4 16h2v2H4v-2zm16 0H8v2h12v-2z\" fill=\"currentColor\"><\/path><\/svg><svg style=\"fill: #999;color:#999\" class=\"arrow-unsorted-368013\" xmlns=\"http:\/\/www.w3.org\/2000\/svg\" width=\"10px\" height=\"10px\" viewBox=\"0 0 24 24\" version=\"1.2\" baseProfile=\"tiny\"><path d=\"M18.2 9.3l-6.2-6.3-6.2 6.3c-.2.2-.3.4-.3.7s.1.5.3.7c.2.2.4.3.7.3h11c.3 0 .5-.1.7-.3.2-.2.3-.5.3-.7s-.1-.5-.3-.7zM5.8 14.7l6.2 6.3 6.2-6.3c.2-.2.3-.5.3-.7s-.1-.5-.3-.7c-.2-.2-.4-.3-.7-.3h-11c-.3 0-.5.1-.7.3-.2.2-.3.5-.3.7s.1.5.3.7z\"\/><\/svg><\/span><\/span><\/span><\/a><\/span><\/div>\n<nav><ul class='ez-toc-list ez-toc-list-level-1 ' ><li class='ez-toc-page-1 ez-toc-heading-level-2'><a class=\"ez-toc-link ez-toc-heading-1\" href=\"https:\/\/raum-blick.de\/magazin\/adventsdeko-modern-2022\/#%C2%AB_Neue_Trends_in_Sachen_geschmackvolle_Weihnachten_%C2%BB\" >\u00ab Neue Trends in Sachen geschmackvolle Weihnachten \u00bb<\/a><\/li><li class='ez-toc-page-1 ez-toc-heading-level-2'><a class=\"ez-toc-link ez-toc-heading-2\" href=\"https:\/\/raum-blick.de\/magazin\/adventsdeko-modern-2022\/#Skandinavische_Lichtblicke_aus_Keramik\" >Skandinavische Lichtblicke aus Keramik<\/a><\/li><li class='ez-toc-page-1 ez-toc-heading-level-2'><a class=\"ez-toc-link ez-toc-heading-3\" href=\"https:\/\/raum-blick.de\/magazin\/adventsdeko-modern-2022\/#Hommage_fuer_besinnliches_Flair_%E2%80%93_glamouroese_Adventsdekoration\" >Hommage f\u00fcr besinnliches Flair \u2013 glamour\u00f6se Adventsdekoration<\/a><\/li><li class='ez-toc-page-1 ez-toc-heading-level-2'><a class=\"ez-toc-link ez-toc-heading-4\" href=\"https:\/\/raum-blick.de\/magazin\/adventsdeko-modern-2022\/#Weihnachtsbraeuche_sympathisch_unkompliziert_zelebrieren\" >Weihnachtsbr\u00e4uche sympathisch unkompliziert zelebrieren<\/a><\/li><li class='ez-toc-page-1 ez-toc-heading-level-2'><a class=\"ez-toc-link ez-toc-heading-5\" href=\"https:\/\/raum-blick.de\/magazin\/adventsdeko-modern-2022\/#Hinsetzen_entspannen_und_einfach_nur_geniessen\" >Hinsetzen, entspannen und einfach nur genie\u00dfen!<\/a><\/li><li class='ez-toc-page-1 ez-toc-heading-level-2'><a class=\"ez-toc-link ez-toc-heading-6\" href=\"https:\/\/raum-blick.de\/magazin\/adventsdeko-modern-2022\/#Verspielte_Ikonen_die_ans_Herz_wachsen\" >Verspielte Ikonen, die ans Herz wachsen<\/a><\/li><li class='ez-toc-page-1 ez-toc-heading-level-2'><a class=\"ez-toc-link ez-toc-heading-7\" href=\"https:\/\/raum-blick.de\/magazin\/adventsdeko-modern-2022\/#Verwandlungskuenstler_fuer_die_4-Jahreszeiten-Deko\" >Verwandlungsk\u00fcnstler f\u00fcr die 4-Jahreszeiten-Deko<\/a><\/li><\/ul><\/nav><\/div>\n\n<p style=\"text-align: justify;\">Die <a href=\"https:\/\/www.raum-blick.de\/kaehler-urbania-lichthaus\">Urbania Lichth\u00e4user von K\u00e4hler Design<\/a> sind mehr als stimmungsvolle Wohnaccessoires. Sie gleichen einer Sightseeingtour durch Skandinavien. Das spricht daf\u00fcr, die Windlichter als Fensterdeko zu arrangieren. Denn typisch nordisch ist der Gedanke, dass der Lichterschein den Passanten genauso viel Freude bereitet wie Ihnen. Entdeckt man im Umfeld einige Tannenzweige und Schneeflocken aus Filz, werden die Keramikarbeiten zur Adventsdeko und signalisieren: Bald ist Weihnachten!<\/p>\n<p><a href=\"https:\/\/www.raum-blick.de\/kaehler-urbania-lichthaus\"><img loading=\"lazy\" decoding=\"async\" class=\"aligncenter wp-image-17421 size-full\" title=\"K\u00e4hler Urbania Lichthaus | Design: Mette Bache &amp; Barbara Bendix Becker \" src=\"https:\/\/www.raum-blick.de\/magazin\/wp-content\/uploads\/2023\/11\/kaehler-urbania-lichthaus.jpg\" alt=\"K\u00e4hler Urbania Lichthaus | Design: Mette Bache &amp; Barbara Bendix Becker Adventsdeko modern 2022\" width=\"620\" height=\"620\" srcset=\"https:\/\/raum-blick.de\/magazin\/wp-content\/uploads\/2023\/11\/kaehler-urbania-lichthaus.jpg 620w, https:\/\/raum-blick.de\/magazin\/wp-content\/uploads\/2023\/11\/kaehler-urbania-lichthaus-300x300.jpg 300w, https:\/\/raum-blick.de\/magazin\/wp-content\/uploads\/2023\/11\/kaehler-urbania-lichthaus-150x150.jpg 150w\" sizes=\"(max-width: 620px) 100vw, 620px\" \/><\/a><\/p>\n<h2><span class=\"ez-toc-section\" id=\"Hommage_fuer_besinnliches_Flair_%E2%80%93_glamouroese_Adventsdekoration\"><\/span>Hommage f\u00fcr besinnliches Flair \u2013 glamour\u00f6se Adventsdekoration<span class=\"ez-toc-section-end\"><\/span><\/h2>\n<p style=\"text-align: justify;\">Die besinnliche Jahreszeit ist etwas Besonderes. Dazu passen Edelmetalle wunderbar, die Ole Kortzau bewusst f\u00fcr den <a href=\"https:\/\/www.raum-blick.de\/rosendahl-kugelherz-christbaumanhaenger\">Kugelherz-Christbaumschmuck von Rosendahl<\/a> ins Spiel bringt. Denn die zart gearbeiteten Ornamente verstehen sich als Liebesbeweis f\u00fcr die hyggelige Advents- und Weihnachtszeit. Mit dem polierten Besteck strahlt der asymmetrisch geschwungene Kerzenst\u00e4nder Cobra von Georg Jensen um die Wette.<\/p>\n<p style=\"text-align: justify;\">Unkonventionelle Naturakzente z\u00e4hlen zu den Weihnachtstrends 2022. Arrangieren Sie die filigranen Anh\u00e4nger mit dem Goldschimmer an getrockneten Eukalyptuszweigen auf der Anrichte. Platzieren Sie daneben den vergoldeten Kerzenhalter, der mit vier marmorierten Kerzen im Eukalyptusgr\u00fcn best\u00fcckt ist. Schon wirkt die klassische Adventsdeko modern. Durch den edlen Touch eignet sie sich auch als weihnachtliche Tischdeko f\u00fcrs Familiendinner.<\/p>\n<p><a href=\"https:\/\/www.raum-blick.de\/rosendahl-kugelherz-christbaumanhaenger\"><img loading=\"lazy\" decoding=\"async\" class=\"aligncenter wp-image-17424 size-full\" title=\"Rosendahl \u2013 Kugelherz Christbaumanh\u00e4nger | Design: Ole Kortzau\" src=\"https:\/\/www.raum-blick.de\/magazin\/wp-content\/uploads\/2023\/11\/rosendahl-kugelherz-christbaumanhaenger.jpg\" alt=\"Rosendahl \u2013 Kugelherz Christbaumanh\u00e4nger | Design: Ole Kortzau Adventsdeko modern 2022\" width=\"620\" height=\"499\" srcset=\"https:\/\/raum-blick.de\/magazin\/wp-content\/uploads\/2023\/11\/rosendahl-kugelherz-christbaumanhaenger.jpg 620w, https:\/\/raum-blick.de\/magazin\/wp-content\/uploads\/2023\/11\/rosendahl-kugelherz-christbaumanhaenger-300x241.jpg 300w\" sizes=\"(max-width: 620px) 100vw, 620px\" \/><\/a><\/p>\n<h2><span class=\"ez-toc-section\" id=\"Weihnachtsbraeuche_sympathisch_unkompliziert_zelebrieren\"><\/span>Weihnachtsbr\u00e4uche sympathisch unkompliziert zelebrieren<span class=\"ez-toc-section-end\"><\/span><\/h2>\n<p style=\"text-align: justify;\">T\u00e4glich \u00f6ffnen die Kids ein T\u00fcrchen und sind gespannt, welche \u00dcberraschung sich die Eltern ausgedacht haben. Jeden Sonntag wird eine Kerze vom Adventskranz entz\u00fcndet, bis endlich der Heilige Abend auf dem Programm steht. Die Traditionen sind wundervoll und bewahrenswert. Es macht aber Spa\u00df, sie modern zu interpretieren.<\/p>\n<p style=\"text-align: justify;\">Erdt\u00f6ne und l\u00e4ssige Arrangement stehen bei der Adventsdeko 2022 hoch im Kurs. Den Aspekt greift <a href=\"https:\/\/www.raum-blick.de\/ferm-living\/\">ferm LIVING<\/a> beim <a href=\"https:\/\/www.raum-blick.de\/ferm-living-christmas-countdown\">Christmas Countdown Adventskalender<\/a> auf. Locker aufgereiht warten die Baumwollbeutel an der Holzstange darauf, ge\u00f6ffnet zu werden. Mit den zweifarbigen Adventskalenderkerzen l\u00e4dt die skandinavische Marke dazu ein, sich an 24 Abenden einen besinnlichen Moment zu g\u00f6nnen.<\/p>\n<p><a href=\"https:\/\/www.raum-blick.de\/ferm-living-christmas-countdown\"><img loading=\"lazy\" decoding=\"async\" class=\"aligncenter wp-image-17425 size-full\" title=\"ferm LIVING \u2013 Christmas Countdown Adventskalender | Design: ferm LIVING\" src=\"https:\/\/www.raum-blick.de\/magazin\/wp-content\/uploads\/2023\/11\/ferm-living-christmas-countdown.jpg\" alt=\"ferm LIVING \u2013 Christmas Countdown Adventskalender | Design: ferm LIVING Adventsdeko modern 2022\" width=\"620\" height=\"620\" srcset=\"https:\/\/raum-blick.de\/magazin\/wp-content\/uploads\/2023\/11\/ferm-living-christmas-countdown.jpg 620w, https:\/\/raum-blick.de\/magazin\/wp-content\/uploads\/2023\/11\/ferm-living-christmas-countdown-300x300.jpg 300w, https:\/\/raum-blick.de\/magazin\/wp-content\/uploads\/2023\/11\/ferm-living-christmas-countdown-150x150.jpg 150w\" sizes=\"(max-width: 620px) 100vw, 620px\" \/><\/a><\/p>\n<p style=\"text-align: justify;\">Jahrelang wuchs die Tanne f\u00fcr ihr kurzes Intermezzo im Wohnzimmer heran. Danach endet sie als Biom\u00fcll. Der Gedanke gef\u00e4llt nicht jeder Familie. Gefragt sind Mini-Tannenb\u00e4ume, die allj\u00e4hrlich f\u00fcr die Weihnachts- und Adventsdeko hervorgezaubert werden. 38 Teelichter vereinen sich auf dem Christbaum SOHO von PHILIPPI zum Lichtermeer. Bestens passt zur modernen Interpretation der Festtradition das Material: Die Designmarke fertigt die schicke Alternative zum Weihnachtsbaum aus pulverbeschichtetem Stahl.<\/p>\n<p><img loading=\"lazy\" decoding=\"async\" class=\"aligncenter wp-image-17426 size-full\" title=\"PHILIPPI \u2013 SOHO Weihnachtsbaum | Design: Flip\" src=\"https:\/\/www.raum-blick.de\/magazin\/wp-content\/uploads\/2023\/11\/philippi-soho-weihnachtsbaum1.jpg\" alt=\"PHILIPPI \u2013 SOHO Weihnachtsbaum | Design: Flip \" width=\"620\" height=\"529\" srcset=\"https:\/\/raum-blick.de\/magazin\/wp-content\/uploads\/2023\/11\/philippi-soho-weihnachtsbaum1.jpg 620w, https:\/\/raum-blick.de\/magazin\/wp-content\/uploads\/2023\/11\/philippi-soho-weihnachtsbaum1-300x256.jpg 300w\" sizes=\"(max-width: 620px) 100vw, 620px\" \/><\/p>\n<h2><span class=\"ez-toc-section\" id=\"Hinsetzen_entspannen_und_einfach_nur_geniessen\"><\/span>Hinsetzen, entspannen und einfach nur genie\u00dfen!<span class=\"ez-toc-section-end\"><\/span><\/h2>\n<p style=\"text-align: justify;\">Wohltuend ist nach dem Winterspaziergang der Kaffee mit einer Prise Kardamom. W\u00e4hrend er die Sinne verw\u00f6hnt, vermittelt die Tasse liebevoll: Hallo Zuckerschnute! Genauso wie die Dose und das Milchk\u00e4nnchen mit Goldpunkten geh\u00f6rt sie zur Kollektion Wintergenuss. Das Festgeschirr von <a href=\"https:\/\/www.raum-blick.de\/raeder-design\/\">R\u00e4der Design<\/a> ist geschaffen f\u00fcr eine Adventsdeko, die modern und entz\u00fcckend unaufgeregt ist.<\/p>\n<p style=\"text-align: justify;\">Auf der schlicht wei\u00dfen Porzellandose weckt die Aufschrift &#8222;Sternenb\u00e4ckerei&#8220; sofort das Interesse. Sie h\u00e4lt ihr Versprechen. Darin befinden sich tats\u00e4chlich selbst gebackene Zimtsterne. Vertr\u00e4umt knabbern Sie am w\u00fcrzigen Keks und bewundern die unz\u00e4hligen Sterne der Lichterketten am K\u00fcchenfenster. Herrlich, dass die Adventsdeko 2022 dazu verf\u00fchrt, sich selbst zu verw\u00f6hnen!<\/p>\n<p><a href=\"https:\/\/www.raum-blick.de\/raeder-design-wintergenuss-keksdose\"><img loading=\"lazy\" decoding=\"async\" class=\"aligncenter wp-image-17428 size-full\" title=\"R\u00c4DER \u2013 winterliche Porzellandose mit Deckel | Design: R\u00c4DER\" src=\"https:\/\/www.raum-blick.de\/magazin\/wp-content\/uploads\/2023\/11\/raeder-design-wintergenuss-keksdose1.jpg\" alt=\"R\u00c4DER \u2013 winterliche Porzellandose mit Deckel | Design: R\u00c4DER Adventsdeko modern 2022\" width=\"620\" height=\"539\" srcset=\"https:\/\/raum-blick.de\/magazin\/wp-content\/uploads\/2023\/11\/raeder-design-wintergenuss-keksdose1.jpg 620w, https:\/\/raum-blick.de\/magazin\/wp-content\/uploads\/2023\/11\/raeder-design-wintergenuss-keksdose1-300x261.jpg 300w\" sizes=\"(max-width: 620px) 100vw, 620px\" \/><\/a><\/p>\n<h2><span class=\"ez-toc-section\" id=\"Verspielte_Ikonen_die_ans_Herz_wachsen\"><\/span>Verspielte Ikonen, die ans Herz wachsen<span class=\"ez-toc-section-end\"><\/span><\/h2>\n<p style=\"text-align: justify;\">Bei Wind und Wetter sch\u00fctzt die Leibgarde der d\u00e4nischen K\u00f6nigsfamilie in ihren schwarz-rot-blauen Uniformen das Stadtschloss Amalienborg. Nur ein Wachposten tanzt aus der Reihe f\u00fcr eine Designidee von <a href=\"https:\/\/www.raum-blick.de\/spring-copenhagen\/\">Spring Copenhagen<\/a>: Der Gardehusaren Nussknacker bietet seine Dienste neben der Keramikschale auf dem Sofatisch an. Unwiderstehlich wirkt dadurch das nat\u00fcrliche Naschwerk. Denn mit dem ausgekl\u00fcgelten Mechanismus der bunten Adventsdeko knackt man die N\u00fcsse ohne jeglichen Kraftaufwand.<\/p>\n<p style=\"text-align: justify;\">Auf dem Flurschrank thront rund ums Jahr die verschmitzt l\u00e4chelnde <a href=\"https:\/\/www.raum-blick.de\/kay-bojesen\/\">Figur von Kay Bojesen<\/a>. Wenn der Affe eine Weihnachtsm\u00fctze tr\u00e4gt, freuen sich die Kids umso mehr \u00fcber seine Begr\u00fc\u00dfung. Die Kopfbedeckung verr\u00e4t zweifelsfrei, dass sich das Christkind schon auf den Weg gemacht hat. Haben Sie noch kein Exemplar der legend\u00e4ren Holzfigur mit den gelenkigen Armen und Beinen? Reservieren Sie f\u00fcr die Designikone bei der Adventsdeko 2022 einen Stammplatz, den sie \u00fcber Jahrzehnte hinweg beh\u00e4lt. Denn bleibende Eyecatcher sind das Geheimnis des nordischen Hygge-Gef\u00fchls, das die Seele unvergleichlich w\u00e4rmt.<\/p>\n<p><a href=\"https:\/\/www.raum-blick.de\/kay-bojesen-affe-mit-weihnachtsmuetze\"><img loading=\"lazy\" decoding=\"async\" class=\"aligncenter wp-image-17430 size-full\" title=\"Kay Bojesen \u2013 Affe mit Zipfelm\u00fctze | Design: Kay Bojesen\" src=\"https:\/\/www.raum-blick.de\/magazin\/wp-content\/uploads\/2023\/11\/kay-bojesen-affe-mit-weihnachtsmuetze.jpg\" alt=\"Kay Bojesen \u2013 Affe mit Zipfelm\u00fctze | Design: Kay Bojesen Adventsdeko modern 2022\" width=\"620\" height=\"595\" srcset=\"https:\/\/raum-blick.de\/magazin\/wp-content\/uploads\/2023\/11\/kay-bojesen-affe-mit-weihnachtsmuetze.jpg 620w, https:\/\/raum-blick.de\/magazin\/wp-content\/uploads\/2023\/11\/kay-bojesen-affe-mit-weihnachtsmuetze-300x288.jpg 300w\" sizes=\"(max-width: 620px) 100vw, 620px\" \/><\/a><\/p>\n<h2><span class=\"ez-toc-section\" id=\"Verwandlungskuenstler_fuer_die_4-Jahreszeiten-Deko\"><\/span>Verwandlungsk\u00fcnstler f\u00fcr die 4-Jahreszeiten-Deko<span class=\"ez-toc-section-end\"><\/span><\/h2>\n<p style=\"text-align: justify;\">An der Haust\u00fcr \u00fcbernehmen die mundgeblasenen <a href=\"https:\/\/www.raum-blick.de\/holmegaard\/\">Laternen von Holmegaard<\/a> die Begr\u00fc\u00dfung, deren Kerzen mit witzigen Rentieren verziert sind. Das Wohnzimmer beleben die <a href=\"https:\/\/www.raum-blick.de\/fatboy-edison-the-petit\">Fatboy Edison The Petit<\/a>. Mit ihren X-Mas Cooper Cappies haben sich die Akkuleuchten spontan in Mini-Tannenb\u00e4ume verwandelt.<\/p>\n<p style=\"text-align: justify;\">Auf dem Esszimmertisch interpretiert der <a href=\"https:\/\/www.raum-blick.de\/stoff-nagel\/\">STOFF Nagel Kerzenhalter<\/a> die 2022 Adventsdeko modern. Zur Wintersaison passen die Tannenzapfen in der seitlichen Schale und der schmalen Vase. An jedem Sonntag gesellt sich eine gr\u00fcne Kerze hinzu. So entsteht sukzessive bis Weihnachten ein schickes Pendant zum Adventskranz. Stilvoll inszeniert auf dem K\u00fcchentisch die <a href=\"https:\/\/www.raum-blick.de\/by-lassen-kubus-bowl-centerpiece\">by Lassen Kubus Centerpiece<\/a> die Adventskalenderkerze im satten Lilaton.<\/p>\n<p style=\"text-align: justify;\">Im Sommer ist die Adventsdeko von 2022 l\u00e4ngst verschwunden. Wer genau hinsieht, entdeckt aber dieselben Wohnaccessoires: Die puristischen Akkulampen sorgen f\u00fcrs gem\u00fctliche Flair auf der Terrasse. Sie freuen sich \u00fcber die Unterst\u00fctzung der wei\u00dfen Blockkerzen in den Glaslaternen, die am Wegesrand stehen. Auf dem Gartentisch kredenzt die Edelstahlschale appetitlich das Obst. Daneben wagen die V\u00e4schen des skulpturalen Kerzenst\u00e4nders einen Solo-Auftritt. Bezaubernd wirken darin die frisch gepfl\u00fcckten Gartenblumen.<\/p>\n","protected":false},"excerpt":{"rendered":"<p>\u00ab Neue Trends in Sachen geschmackvolle Weihnachten \u00bb \u00a0Gl\u00fchwein, Christstollen, Weihnachtsgans: Insgeheim freut man sich auf die besinnliche Jahreszeit, weil vertraute Traditionen das Herz erw\u00e4rmen. Es spricht trotzdem nichts gegen frischen Wind bei der Adventsdeko. Lassen Sie sich von l\u00e4ssigen, glamour\u00f6sen und aparten Wohntrends inspirieren! Skandinavische Lichtblicke aus Keramik Wer durch idyllische Regionen wandert, begegnet [&hellip;]<\/p>\n","protected":false},"author":4,"featured_media":17431,"comment_status":"closed","ping_status":"open","sticky":false,"template":"","format":"standard","meta":{"_et_pb_use_builder":"","_et_pb_old_content":"","_et_gb_content_width":"","inline_featured_image":false,"footnotes":""},"categories":[1],"tags":[1976,1971,1975,1974,40,1978,206,1515,322,1972,1979,1732,985,996,1600,1977,1973],"class_list":["post-17418","post","type-post","status-publish","format-standard","has-post-thumbnail","hentry","category-drinnen","tag-adventsdeko","tag-adventsdeko-2022","tag-christbaum-soho","tag-christmas-countdown-adventskalender","tag-fatboy","tag-fatboy-edison-the-petit","tag-ferm-living","tag-kaehler-design","tag-kay-bojesen","tag-kugelherz-christbaumschmuck","tag-lassen-kubus-centerpiece","tag-philippi","tag-raeder-design","tag-rosendahl","tag-spring-copenhagen","tag-stoff-nagel-kerzenhalter","tag-urbania-lichthaeuser"],"_links":{"self":[{"href":"https:\/\/raum-blick.de\/magazin\/wp-json\/wp\/v2\/posts\/17418","targetHints":{"allow":["GET"]}}],"collection":[{"href":"https:\/\/raum-blick.de\/magazin\/wp-json\/wp\/v2\/posts"}],"about":[{"href":"https:\/\/raum-blick.de\/magazin\/wp-json\/wp\/v2\/types\/post"}],"author":[{"embeddable":true,"href":"https:\/\/raum-blick.de\/magazin\/wp-json\/wp\/v2\/users\/4"}],"replies":[{"embeddable":true,"href":"https:\/\/raum-blick.de\/magazin\/wp-json\/wp\/v2\/comments?post=17418"}],"version-history":[{"count":9,"href":"https:\/\/raum-blick.de\/magazin\/wp-json\/wp\/v2\/posts\/17418\/revisions"}],"predecessor-version":[{"id":20923,"href":"https:\/\/raum-blick.de\/magazin\/wp-json\/wp\/v2\/posts\/17418\/revisions\/20923"}],"wp:featuredmedia":[{"embeddable":true,"href":"https:\/\/raum-blick.de\/magazin\/wp-json\/wp\/v2\/media\/17431"}],"wp:attachment":[{"href":"https:\/\/raum-blick.de\/magazin\/wp-json\/wp\/v2\/media?parent=17418"}],"wp:term":[{"taxonomy":"category","embeddable":true,"href":"https:\/\/raum-blick.de\/magazin\/wp-json\/wp\/v2\/categories?post=17418"},{"taxonomy":"post_tag","embeddable":true,"href":"https:\/\/raum-blick.de\/magazin\/wp-json\/wp\/v2\/tags?post=17418"}],"curies":[{"name":"wp","href":"https:\/\/api.w.org\/{rel}","templated":true}]}}