{"id":17405,"date":"2022-11-09T06:00:31","date_gmt":"2022-11-09T05:00:31","guid":{"rendered":"https:\/\/www.raum-blick.de\/magazin\/?p=17405"},"modified":"2024-09-04T15:58:38","modified_gmt":"2024-09-04T13:58:38","slug":"herbstzeit-ist-badezeit","status":"publish","type":"post","link":"https:\/\/raum-blick.de\/magazin\/herbstzeit-ist-badezeit\/","title":{"rendered":"Herbstzeit ist Badezeit"},"content":{"rendered":"<h2><span class=\"ez-toc-section\" id=\"%C2%AB_Badewanne_und_Badewannenablage_dekorieren_%C2%BB\"><\/span>\u00ab Badewanne und Badewannenablage dekorieren \u00bb<span class=\"ez-toc-section-end\"><\/span><\/h2>\n<p style=\"text-align: justify;\"><strong>P\u00fcnktlich zum Feierabend startet ein Platzregen, dem der Schirm nicht gewachsen ist. Obwohl die Kleidung binnen von Sekunden kaltnass am K\u00f6rper klebt, ist die Stimmung bestens. Denn die unfreiwillige Regendusche steigert nur den Genuss des Vollbads, das gleich auf dem Programm steht. Schlie\u00dfen Sie sich der Meinung an? Dann wird es Zeit, f\u00fcr die Herbstsaison Ihre Badewanne zu dekorieren.<\/strong><\/p>\n<h2 style=\"text-align: justify;\"><span class=\"ez-toc-section\" id=\"Praktisches_Lifting_fuer_die_Wanne\"><\/span>Praktisches Lifting f\u00fcr die Wanne<span class=\"ez-toc-section-end\"><\/span><\/h2>\n<p style=\"text-align: justify;\">Wer m\u00f6chte beim Wellnessbad mit Seife, Schwamm und Shampooflasche jonglieren? Niemand! Deshalb starten Sie mit einer <a href=\"https:\/\/www.raum-blick.de\/wannenablagen\/\">schicken Badewannenablage<\/a> das Dekorieren. Daf\u00fcr hat <a href=\"https:\/\/www.raum-blick.de\/decor-walther-dw-25-wannenbruecke\">Decor Walther die DW 25 Wannenbr\u00fccke<\/a> entworfen. Das Accessoire aus Chrom ist ideal, um Kosmetikartikel griffbereit zu drapieren. Wer die Stellfl\u00e4che auch f\u00fcr ein Champagnerglas nutzen m\u00f6chte, entdeckt bei <a href=\"https:\/\/www.raum-blick.de\/decor-walther-wood-wannenablage\">Decor Walther die WOOD Wannenablage<\/a>. Sie eignet sich f\u00fcrs schr\u00e4ge Arrangieren auf dem Rand und hat eine durchg\u00e4ngige Holzfl\u00e4che, die das Flair gem\u00fctlich akzentuiert. Bei der Raumausstattung ist die Abstellfl\u00e4che an der Wanne nur ein Aspekt. Vorausschauend bietet <a href=\"https:\/\/www.raum-blick.de\/stone-wannenablage-wan-decor-walther\">Walther Decor f\u00fcr die Stone Wannenablage WAN<\/a> passende <a href=\"https:\/\/www.raum-blick.de\/bad-accessoires\/\">Design Badaccessoires wie Spender und Tabletts<\/a> an. Gleiches gilt f\u00fcr andere Markenkollektionen, damit sich ein harmonisches Ambiente ergibt.<\/p><div id=\"ez-toc-container\" class=\"ez-toc-v2_0_82_2 counter-hierarchy ez-toc-counter ez-toc-grey ez-toc-container-direction\">\n<div class=\"ez-toc-title-container\">\n<p class=\"ez-toc-title\" style=\"cursor:inherit\">Was hier auf Sie wartet<\/p>\n<span class=\"ez-toc-title-toggle\"><a href=\"#\" class=\"ez-toc-pull-right ez-toc-btn ez-toc-btn-xs ez-toc-btn-default ez-toc-toggle\" aria-label=\"Toggle Table of Content\"><span class=\"ez-toc-js-icon-con\"><span class=\"\"><span class=\"eztoc-hide\" style=\"display:none;\">Toggle<\/span><span class=\"ez-toc-icon-toggle-span\"><svg style=\"fill: #999;color:#999\" xmlns=\"http:\/\/www.w3.org\/2000\/svg\" class=\"list-377408\" width=\"20px\" height=\"20px\" viewBox=\"0 0 24 24\" fill=\"none\"><path d=\"M6 6H4v2h2V6zm14 0H8v2h12V6zM4 11h2v2H4v-2zm16 0H8v2h12v-2zM4 16h2v2H4v-2zm16 0H8v2h12v-2z\" fill=\"currentColor\"><\/path><\/svg><svg style=\"fill: #999;color:#999\" class=\"arrow-unsorted-368013\" xmlns=\"http:\/\/www.w3.org\/2000\/svg\" width=\"10px\" height=\"10px\" viewBox=\"0 0 24 24\" version=\"1.2\" baseProfile=\"tiny\"><path d=\"M18.2 9.3l-6.2-6.3-6.2 6.3c-.2.2-.3.4-.3.7s.1.5.3.7c.2.2.4.3.7.3h11c.3 0 .5-.1.7-.3.2-.2.3-.5.3-.7s-.1-.5-.3-.7zM5.8 14.7l6.2 6.3 6.2-6.3c.2-.2.3-.5.3-.7s-.1-.5-.3-.7c-.2-.2-.4-.3-.7-.3h-11c-.3 0-.5.1-.7.3-.2.2-.3.5-.3.7s.1.5.3.7z\"\/><\/svg><\/span><\/span><\/span><\/a><\/span><\/div>\n<nav><ul class='ez-toc-list ez-toc-list-level-1 ' ><li class='ez-toc-page-1 ez-toc-heading-level-2'><a class=\"ez-toc-link ez-toc-heading-1\" href=\"https:\/\/raum-blick.de\/magazin\/herbstzeit-ist-badezeit\/#%C2%AB_Badewanne_und_Badewannenablage_dekorieren_%C2%BB\" >\u00ab Badewanne und Badewannenablage dekorieren \u00bb<\/a><\/li><li class='ez-toc-page-1 ez-toc-heading-level-2'><a class=\"ez-toc-link ez-toc-heading-2\" href=\"https:\/\/raum-blick.de\/magazin\/herbstzeit-ist-badezeit\/#Praktisches_Lifting_fuer_die_Wanne\" >Praktisches Lifting f\u00fcr die Wanne<\/a><\/li><li class='ez-toc-page-1 ez-toc-heading-level-2'><a class=\"ez-toc-link ez-toc-heading-3\" href=\"https:\/\/raum-blick.de\/magazin\/herbstzeit-ist-badezeit\/#Himmlische_Entspannung_dank_cleverer_Organisation\" >Himmlische Entspannung dank cleverer Organisation<\/a><\/li><li class='ez-toc-page-1 ez-toc-heading-level-2'><a class=\"ez-toc-link ez-toc-heading-4\" href=\"https:\/\/raum-blick.de\/magazin\/herbstzeit-ist-badezeit\/#Wohlfuehlflair_vom_Auftakt_bis_zum_Finale\" >Wohlf\u00fchlflair vom Auftakt bis zum Finale<\/a><\/li><li class='ez-toc-page-1 ez-toc-heading-level-2'><a class=\"ez-toc-link ez-toc-heading-5\" href=\"https:\/\/raum-blick.de\/magazin\/herbstzeit-ist-badezeit\/#Farbenfrohes_Multitalent_aus_Frankreich\" >Farbenfrohes Multitalent aus Frankreich<\/a><\/li><li class='ez-toc-page-1 ez-toc-heading-level-2'><a class=\"ez-toc-link ez-toc-heading-6\" href=\"https:\/\/raum-blick.de\/magazin\/herbstzeit-ist-badezeit\/#Flauschige_Stimmungsaufheller_fuers_Bad\" >Flauschige Stimmungsaufheller f\u00fcrs Bad<\/a><\/li><li class='ez-toc-page-1 ez-toc-heading-level-2'><a class=\"ez-toc-link ez-toc-heading-7\" href=\"https:\/\/raum-blick.de\/magazin\/herbstzeit-ist-badezeit\/#Raffinierte_Gadgets_fuer_den_Ohrenschmaus\" >Raffinierte Gadgets f\u00fcr den Ohrenschmaus<\/a><\/li><li class='ez-toc-page-1 ez-toc-heading-level-2'><a class=\"ez-toc-link ez-toc-heading-8\" href=\"https:\/\/raum-blick.de\/magazin\/herbstzeit-ist-badezeit\/#Vertraeumte_und_exklusive_Ideen_fuer_die_pannenfreie_Kerzendeko\" >Vertr\u00e4umte und exklusive Ideen f\u00fcr die pannenfreie Kerzendeko<\/a><\/li><li class='ez-toc-page-1 ez-toc-heading-level-2'><a class=\"ez-toc-link ez-toc-heading-9\" href=\"https:\/\/raum-blick.de\/magazin\/herbstzeit-ist-badezeit\/#Flexible_Begleiter_fuer_spontane_Genussmenschen\" >Flexible Begleiter f\u00fcr spontane Genussmenschen<\/a><\/li><\/ul><\/nav><\/div>\n\n<p><a href=\"https:\/\/www.raum-blick.de\/decor-walther-wood-wannenablage\"><img loading=\"lazy\" decoding=\"async\" class=\"aligncenter wp-image-17406 size-full\" title=\" Decor Walther Wannenablage | Serie WOOD\" src=\"https:\/\/www.raum-blick.de\/magazin\/wp-content\/uploads\/2022\/11\/decor-walther-badwannenablage.jpg\" alt=\" Decor Walther Wannenablage | Serie WOOD\" width=\"620\" height=\"440\" srcset=\"https:\/\/raum-blick.de\/magazin\/wp-content\/uploads\/2022\/11\/decor-walther-badwannenablage.jpg 620w, https:\/\/raum-blick.de\/magazin\/wp-content\/uploads\/2022\/11\/decor-walther-badwannenablage-300x213.jpg 300w\" sizes=\"(max-width: 620px) 100vw, 620px\" \/><\/a><\/p>\n<h2><span class=\"ez-toc-section\" id=\"Himmlische_Entspannung_dank_cleverer_Organisation\"><\/span>Himmlische Entspannung dank cleverer Organisation<span class=\"ez-toc-section-end\"><\/span><\/h2>\n<p style=\"text-align: justify;\">Je weniger auf der Badewannenablage steht, umso gr\u00f6\u00dfer ist das Wellnessvergn\u00fcgen. Dezent wertet <a href=\"https:\/\/www.raum-blick.de\/blomus\/\">blomus<\/a> das Bad mit den <a href=\"https:\/\/www.raum-blick.de\/blomus-sono-seifenspender\">Seifenspendern sono<\/a> auf, deren softe Keramikfl\u00e4chen den H\u00e4nden schmeicheln. Mit den passenden Halterungen l\u00e4sst sich die Idee verwirklichen, Shampoo &amp; Co an der Wand zu befestigen. Die pfiffige Strategie \u00fcbertragen Sie m\u00fchelos mit den <a href=\"https:\/\/www.raum-blick.de\/radius-design-puro-handtuchhaken\">formsch\u00f6nen Puro Aluminiumhaken<\/a> auf den Badeschwamm und Peelinghandschuh. <a href=\"https:\/\/www.raum-blick.de\/radius-design\/\">Radius Design<\/a> hat das Zubeh\u00f6r so konzipiert, dass sich Bohrungen er\u00fcbrigen. Die Wandanbringung der kosmetischen Basics bew\u00e4hrt sich doppelt: Sie freuen sich \u00fcber geordnete Verh\u00e4ltnisse und mehr Platz, um die Badewanne zu dekorieren.<\/p>\n<p><a href=\"https:\/\/www.raum-blick.de\/blomus-sono-seifenspender\"><img loading=\"lazy\" decoding=\"async\" class=\"aligncenter wp-image-17407 size-full\" title=\" blomus \u2013 SONO Seifenspender | Design: Nina Th\u00f6ming\" src=\"https:\/\/www.raum-blick.de\/magazin\/wp-content\/uploads\/2022\/11\/blomus-sono-seifenspender-weiss-set.jpg\" alt=\" blomus \u2013 SONO Seifenspender | Design: Nina Th\u00f6ming\" width=\"620\" height=\"403\" srcset=\"https:\/\/raum-blick.de\/magazin\/wp-content\/uploads\/2022\/11\/blomus-sono-seifenspender-weiss-set.jpg 620w, https:\/\/raum-blick.de\/magazin\/wp-content\/uploads\/2022\/11\/blomus-sono-seifenspender-weiss-set-300x195.jpg 300w\" sizes=\"(max-width: 620px) 100vw, 620px\" \/><\/a><\/p>\n<h2><span class=\"ez-toc-section\" id=\"Wohlfuehlflair_vom_Auftakt_bis_zum_Finale\"><\/span>Wohlf\u00fchlflair vom Auftakt bis zum Finale<span class=\"ez-toc-section-end\"><\/span><\/h2>\n<p style=\"text-align: justify;\">Dank der Badewannenablage mit reichlich Stellfl\u00e4che gibt es keinen Anlass, um sich aufzurichten oder vorzubeugen. Von der ersten bis zur letzten Sekunde umschmeichelt das w\u00e4rmende Wasser den K\u00f6rper. Unsch\u00f6n ist der Gedanke, beim Aufstehen die Haut mit der k\u00fchleren Umgebungsluft zu konfrontieren. Jetzt fehlt ein Butler, der mit dem ausgebreiteten Handtuch neben der Badewanne steht. Der Traum wird zum Greifen nahe, wenn Sie sich den frei stehenden Finio Edelstahlst\u00e4nder von Zack g\u00f6nnen. Er verringert die Distanz zum Badetuch und h\u00e4lt auch gern den Bademantel f\u00fcr Sie bereit.<\/p>\n<p><img loading=\"lazy\" decoding=\"async\" class=\"aligncenter wp-image-17410 size-full\" title=\"Zack \u2013 FINIO Handtuchst\u00e4nder\" src=\"https:\/\/www.raum-blick.de\/magazin\/wp-content\/uploads\/2023\/11\/zack-fino-handtuchstaender.jpg\" alt=\"Zack \u2013 FINIO Handtuchst\u00e4nder Badezeit\" width=\"620\" height=\"591\" srcset=\"https:\/\/raum-blick.de\/magazin\/wp-content\/uploads\/2023\/11\/zack-fino-handtuchstaender.jpg 620w, https:\/\/raum-blick.de\/magazin\/wp-content\/uploads\/2023\/11\/zack-fino-handtuchstaender-300x286.jpg 300w\" sizes=\"(max-width: 620px) 100vw, 620px\" \/><\/p>\n<h2><span class=\"ez-toc-section\" id=\"Farbenfrohes_Multitalent_aus_Frankreich\"><\/span>Farbenfrohes Multitalent aus Frankreich<span class=\"ez-toc-section-end\"><\/span><\/h2>\n<p style=\"text-align: justify;\">Gartenm\u00f6bel mit unwiderstehlich sch\u00f6nen Farben sind die Spezialit\u00e4t von <a href=\"https:\/\/www.raum-blick.de\/fermob\/\">Fermob<\/a>, die drinnen genauso \u00fcberzeugen wie drau\u00dfen. Stellen Sie sich vor, wie Sie der niedrige <a href=\"https:\/\/www.raum-blick.de\/fermob-luxembourg-kleiner-tisch\/fussablage\">Beistelltisch Luxembourg<\/a> im Winter als Badewannenablage anlacht und im Sommer den Cocktail neben der Sonnenliege kredenzt? Klingt wunderbar? Dann wird es Zeit, den praktischen Farbtupfer willkommen zu hei\u00dfen. Honiggelb, Mohnrot oder Acapulcoblau? Sie entscheiden, was Ihrem Badezimmer und Garten gut steht.<\/p>\n<p><a href=\"https:\/\/www.raum-blick.de\/fermob-luxembourg-kleiner-tisch\/fussablage\"><img loading=\"lazy\" decoding=\"async\" class=\"aligncenter wp-image-17411 size-full\" title=\" Fermob \u2013 Luxembourg niedriger Tisch | Design: Fr\u00e9d\u00e9ric Sofia\" src=\"https:\/\/www.raum-blick.de\/magazin\/wp-content\/uploads\/2023\/11\/fermob-luxembourg-kleiner-tisch.jpg\" alt=\" Fermob \u2013 Luxembourg niedriger Tisch | Design: Fr\u00e9d\u00e9ric Sofia Badezeit\" width=\"620\" height=\"577\" srcset=\"https:\/\/raum-blick.de\/magazin\/wp-content\/uploads\/2023\/11\/fermob-luxembourg-kleiner-tisch.jpg 620w, https:\/\/raum-blick.de\/magazin\/wp-content\/uploads\/2023\/11\/fermob-luxembourg-kleiner-tisch-300x279.jpg 300w\" sizes=\"(max-width: 620px) 100vw, 620px\" \/><\/a><\/p>\n<h2 style=\"text-align: justify;\"><span class=\"ez-toc-section\" id=\"Flauschige_Stimmungsaufheller_fuers_Bad\"><\/span>Flauschige Stimmungsaufheller f\u00fcrs Bad<span class=\"ez-toc-section-end\"><\/span><\/h2>\n<p style=\"text-align: justify;\">Deko in gedeckten Farben steht in der Herbstzeit hoch im Kurs, zielt aber genau genommen an den Bed\u00fcrfnissen vorbei. Die Seele sehnt sich nach fr\u00f6hlichen Eindr\u00fccken, wenn es drau\u00dfen nebelig und tr\u00fcb ist. Kuschelig weich empf\u00e4ngt die Baumwollmatte von REMEMBER die F\u00fc\u00dfe vor der Badewanne. Ihr Look ist genauso lebensbejahend wie das gestreifte Badetuch der Marke. Der erfreuliche Mehrwert: Durch die bunten Textilien er\u00fcbrigt es sich, mit kleinen Accessoires die Badewannenablage zu dekorieren. Das erleichtert Ihnen das Leben, wenn im Badezimmer die Grundreinigung ansteht.<\/p>\n<p><img loading=\"lazy\" decoding=\"async\" class=\"aligncenter wp-image-17412 size-full\" title=\" REMEMBER - Badematte | Design: REMEMBER\" src=\"https:\/\/www.raum-blick.de\/magazin\/wp-content\/uploads\/2023\/11\/badteppich-rosanna-detail-remember.jpg\" alt=\" REMEMBER - Badematte | Design: REMEMBER Badezeit\" width=\"620\" height=\"620\" srcset=\"https:\/\/raum-blick.de\/magazin\/wp-content\/uploads\/2023\/11\/badteppich-rosanna-detail-remember.jpg 620w, https:\/\/raum-blick.de\/magazin\/wp-content\/uploads\/2023\/11\/badteppich-rosanna-detail-remember-300x300.jpg 300w, https:\/\/raum-blick.de\/magazin\/wp-content\/uploads\/2023\/11\/badteppich-rosanna-detail-remember-150x150.jpg 150w\" sizes=\"(max-width: 620px) 100vw, 620px\" \/><\/p>\n<h2><span class=\"ez-toc-section\" id=\"Raffinierte_Gadgets_fuer_den_Ohrenschmaus\"><\/span>Raffinierte Gadgets f\u00fcr den Ohrenschmaus<span class=\"ez-toc-section-end\"><\/span><\/h2>\n<p style=\"text-align: justify;\">Den Augen widmen Sie sich, wenn Sie die Badewannenablage dekorieren. Beim ganzheitlichen Relaxen m\u00f6chten jedoch alle Sinne verw\u00f6hnt werden. Wellness f\u00fcr die Ohren steuert <a href=\"https:\/\/www.raum-blick.de\/relaxound\/\">Relaxound<\/a> bei. Werden die Soundboxen der Marke geschickt platziert, gen\u00fcgt eine Handbewegung. Schon hat man f\u00fcr zwei Minuten das Gef\u00fchl, die Badewanne st\u00fcnde am rauschenden Ozean oder verwunschenen Waldsee. Beschwingende Rhythmen sind eher Ihr Ding als Naturger\u00e4usche? Dann avanciert das <a href=\"https:\/\/www.raum-blick.de\/kooduu-atmos-leuchte\">Kooduu Multitalent Atmos<\/a> schnell zum favorisierten Wellnessaccessoire. Es serviert Ihnen auf der Badewannenablage die Lieblingsmusik, das Stimmungslicht und den perfekt gek\u00fchlten Champagner.<\/p>\n<p><a href=\"https:\/\/www.raum-blick.de\/kooduu-atmos-leuchte\"><img loading=\"lazy\" decoding=\"async\" class=\"aligncenter wp-image-17413 size-full\" title=\" Kooduu \u2013 Atmos Leuchte | Weink\u00fchler, Leuchte und Lautsprecher in einem | Design: Jacob Jensen Design\" src=\"https:\/\/www.raum-blick.de\/magazin\/wp-content\/uploads\/2023\/11\/kooduu-atmos-freisteller-rueckseite-beleuchtet.jpg\" alt=\" Kooduu \u2013 Atmos Leuchte | Weink\u00fchler, Leuchte und Lautsprecher in einem | Design: Jacob Jensen Design Badezeit\" width=\"620\" height=\"529\" srcset=\"https:\/\/raum-blick.de\/magazin\/wp-content\/uploads\/2023\/11\/kooduu-atmos-freisteller-rueckseite-beleuchtet.jpg 620w, https:\/\/raum-blick.de\/magazin\/wp-content\/uploads\/2023\/11\/kooduu-atmos-freisteller-rueckseite-beleuchtet-300x256.jpg 300w\" sizes=\"(max-width: 620px) 100vw, 620px\" \/><\/a><\/p>\n<h2><span class=\"ez-toc-section\" id=\"Vertraeumte_und_exklusive_Ideen_fuer_die_pannenfreie_Kerzendeko\"><\/span>Vertr\u00e4umte und exklusive Ideen f\u00fcr die pannenfreie Kerzendeko<span class=\"ez-toc-section-end\"><\/span><\/h2>\n<p style=\"text-align: justify;\">Eine falsche Bewegung reicht, damit die Flamme nach einem kurzen Zwischenstopp auf der Haut im Wasser erlischt. Die Vorstellung h\u00e4lt viele Menschen davon ab, Kerzen direkt auf der Badewanne zu dekorieren. Wer auf den stimmungsvollen Lichtschein trotzdem nicht verzichten m\u00f6chte, entdeckt bei <a href=\"https:\/\/www.raum-blick.de\/raeder-design\/\">R\u00e4der Design<\/a> eine bezaubernde Alternative. Die gro\u00dfe Porzellanlaterne mit Steinoptik kommt bestens zur Geltung, wenn man sie auf dem Boden platziert. Assoziationen mit einem Sternenhimmel weckt das gepunktete Dekor, sobald er vom Kerzenlicht erfasst wird. Lieben Sie Wellnessb\u00e4der genauso wie eine Prise Luxus? Der Kerzenst\u00e4nder Bernadotte von Georg Jensen ist f\u00fcr den Fu\u00dfboden gedacht und begeistert mit seinem edlen Art-d\u00e9co-Stil. Er ist zudem geschaffen f\u00fcr gro\u00dfe Blockkerzen, die einige Wellnesstreatments stimmungsvoll signieren.<\/p>\n<p><a href=\"https:\/\/www.raum-blick.de\/fatboy-edison-the-petit\"><img loading=\"lazy\" decoding=\"async\" class=\"aligncenter wp-image-17414 size-full\" title=\" Fatboy - Edison the Petit | Design: Fatboy\" src=\"https:\/\/www.raum-blick.de\/magazin\/wp-content\/uploads\/2023\/11\/fatboy-edison-the-petit.jpg\" alt=\" Fatboy - Edison the Petit | Design: Fatboy Badezeit\" width=\"620\" height=\"592\" srcset=\"https:\/\/raum-blick.de\/magazin\/wp-content\/uploads\/2023\/11\/fatboy-edison-the-petit.jpg 620w, https:\/\/raum-blick.de\/magazin\/wp-content\/uploads\/2023\/11\/fatboy-edison-the-petit-300x286.jpg 300w\" sizes=\"(max-width: 620px) 100vw, 620px\" \/><\/a><\/p>\n<h2><span class=\"ez-toc-section\" id=\"Flexible_Begleiter_fuer_spontane_Genussmenschen\"><\/span>Flexible Begleiter f\u00fcr spontane Genussmenschen<span class=\"ez-toc-section-end\"><\/span><\/h2>\n<p style=\"text-align: justify;\">Wird es Zeit f\u00fcr ein Gest\u00e4ndnis? Sie schw\u00e4rmen gar nicht f\u00fcr Vollb\u00e4der, sondern freuen sich nach einer flinken Dusche auf das bequeme Sofa. Nur an frostigen Wintertagen schnappen Sie sich Gl\u00e4ser, Sektflasche und Buch f\u00fcr ein l\u00e4ngeres Intermezzo im hei\u00dfen Wasser. Dann gibt es keinen Grund, mit Kerzenlichtern und dergleichen die Badewanne zu dekorieren. Deutlich besser passen zu den Gewohnheiten moderne Accessoires, die sich vielseitig bew\u00e4hren. Bewusst hat <a href=\"https:\/\/www.raum-blick.de\/fatboy-edison-the-petit\">Fatboy die Edison the Petit<\/a> kabellos konzipiert. So folgen die Akkuleuchten Ihnen dorthin, wo Sie entspannen m\u00f6chten. Der spritzwassergesch\u00fctzte Bluetooth-Lautsprecher aGo von Kreafunk ist daf\u00fcr gewappnet, beim morgendlichen Duschen die aktuellen Nachrichten und aufmunternde Radiomusik ert\u00f6nen zu lassen. Der Speaker im Hosentaschenformat \u00fcberzeugt aber genauso bei Ausfl\u00fcgen in den Garten oder Park. Wer das aufladbare Duo in petto hat, ist f\u00fcrs gelegentliche Rendezvous mit der Badeente musikalisch und atmosph\u00e4risch bestens ger\u00fcstet.<\/p>\n","protected":false},"excerpt":{"rendered":"<p>\u00ab Badewanne und Badewannenablage dekorieren \u00bb P\u00fcnktlich zum Feierabend startet ein Platzregen, dem der Schirm nicht gewachsen ist. Obwohl die Kleidung binnen von Sekunden kaltnass am K\u00f6rper klebt, ist die Stimmung bestens. Denn die unfreiwillige Regendusche steigert nur den Genuss des Vollbads, das gleich auf dem Programm steht. Schlie\u00dfen Sie sich der Meinung an? Dann [&hellip;]<\/p>\n","protected":false},"author":4,"featured_media":17416,"comment_status":"closed","ping_status":"open","sticky":false,"template":"","format":"standard","meta":{"_et_pb_use_builder":"","_et_pb_old_content":"","_et_gb_content_width":"","inline_featured_image":false,"footnotes":""},"categories":[1],"tags":[1970,1963,1966,1809,621,1967,341,1964,702,1965,985,38,1393,1130,1968,1969,837,44],"class_list":["post-17405","post","type-post","status-publish","format-standard","has-post-thumbnail","hentry","category-drinnen","tag-badewanne-dekorieren","tag-badewannenablage-dekorieren","tag-beistelltisch-luxembourg","tag-blomus","tag-fermob","tag-finio-handtuchstaender","tag-georg-jensen","tag-kerzenstaender-bernadotte","tag-kooduu","tag-multitalent-atmos","tag-raeder-design","tag-radius-design","tag-relaxound","tag-remember","tag-sono-seifenspender","tag-walther-decor","tag-wood","tag-zack"],"_links":{"self":[{"href":"https:\/\/raum-blick.de\/magazin\/wp-json\/wp\/v2\/posts\/17405","targetHints":{"allow":["GET"]}}],"collection":[{"href":"https:\/\/raum-blick.de\/magazin\/wp-json\/wp\/v2\/posts"}],"about":[{"href":"https:\/\/raum-blick.de\/magazin\/wp-json\/wp\/v2\/types\/post"}],"author":[{"embeddable":true,"href":"https:\/\/raum-blick.de\/magazin\/wp-json\/wp\/v2\/users\/4"}],"replies":[{"embeddable":true,"href":"https:\/\/raum-blick.de\/magazin\/wp-json\/wp\/v2\/comments?post=17405"}],"version-history":[{"count":7,"href":"https:\/\/raum-blick.de\/magazin\/wp-json\/wp\/v2\/posts\/17405\/revisions"}],"predecessor-version":[{"id":20938,"href":"https:\/\/raum-blick.de\/magazin\/wp-json\/wp\/v2\/posts\/17405\/revisions\/20938"}],"wp:featuredmedia":[{"embeddable":true,"href":"https:\/\/raum-blick.de\/magazin\/wp-json\/wp\/v2\/media\/17416"}],"wp:attachment":[{"href":"https:\/\/raum-blick.de\/magazin\/wp-json\/wp\/v2\/media?parent=17405"}],"wp:term":[{"taxonomy":"category","embeddable":true,"href":"https:\/\/raum-blick.de\/magazin\/wp-json\/wp\/v2\/categories?post=17405"},{"taxonomy":"post_tag","embeddable":true,"href":"https:\/\/raum-blick.de\/magazin\/wp-json\/wp\/v2\/tags?post=17405"}],"curies":[{"name":"wp","href":"https:\/\/api.w.org\/{rel}","templated":true}]}}