{"id":17365,"date":"2022-11-16T12:45:32","date_gmt":"2022-11-16T11:45:32","guid":{"rendered":"https:\/\/www.raum-blick.de\/magazin\/?p=17365"},"modified":"2024-09-16T11:34:47","modified_gmt":"2024-09-16T09:34:47","slug":"very-peri-pantone-trendfarbe-zieht-in-den-herbst","status":"publish","type":"post","link":"https:\/\/raum-blick.de\/magazin\/very-peri-pantone-trendfarbe-zieht-in-den-herbst\/","title":{"rendered":"Very Peri: Pantone Trendfarbe zieht in den Herbst"},"content":{"rendered":"<p style=\"text-align: justify;\"><strong>Seit einigen Monaten bereichert Veri Peri die Fashion- und Wohntrends. Wenn Sie die Farbe des Jahres 2022 noch nicht f\u00fcr sich entdeckt haben, ist der anbrechende Herbst daf\u00fcr der ideale Zeitpunkt. Die Nuance passt mit ihrer erfrischenden Dynamik wunderbar zum modernen Lifestyle und hat das Potenzial, langfristig im Rennen zu bleiben.<\/strong><\/p>\n<h2><span class=\"ez-toc-section\" id=\"Trendiges_Outfit_fuer_fortschrittliche_Brieftaschen\"><\/span>Trendiges Outfit f\u00fcr fortschrittliche Brieftaschen<span class=\"ez-toc-section-end\"><\/span><\/h2>\n<p style=\"text-align: justify;\">Die Gegenwart ist von aufregenden Ver\u00e4nderungen gepr\u00e4gt, weil die digitale und reale Welt zunehmend verschmelzen. Alles spricht daf\u00fcr, dass der Wandel anh\u00e4lt und ungeahnte M\u00f6glichkeiten f\u00fcr den Lifestyle beschert. Very Peri versteht sich als Symbol des modernen Zeitgeists. Der Farbton verk\u00f6rpert mit seiner Verwandtschaft zu Blau best\u00e4ndige Aspekte. Gleichzeitig enth\u00e4lt er r\u00f6tliche Nuancen, die den dynamischen Touch bewirken.<\/p><div id=\"ez-toc-container\" class=\"ez-toc-v2_0_82_2 counter-hierarchy ez-toc-counter ez-toc-grey ez-toc-container-direction\">\n<div class=\"ez-toc-title-container\">\n<p class=\"ez-toc-title\" style=\"cursor:inherit\">Was hier auf Sie wartet<\/p>\n<span class=\"ez-toc-title-toggle\"><a href=\"#\" class=\"ez-toc-pull-right ez-toc-btn ez-toc-btn-xs ez-toc-btn-default ez-toc-toggle\" aria-label=\"Toggle Table of Content\"><span class=\"ez-toc-js-icon-con\"><span class=\"\"><span class=\"eztoc-hide\" style=\"display:none;\">Toggle<\/span><span class=\"ez-toc-icon-toggle-span\"><svg style=\"fill: #999;color:#999\" xmlns=\"http:\/\/www.w3.org\/2000\/svg\" class=\"list-377408\" width=\"20px\" height=\"20px\" viewBox=\"0 0 24 24\" fill=\"none\"><path d=\"M6 6H4v2h2V6zm14 0H8v2h12V6zM4 11h2v2H4v-2zm16 0H8v2h12v-2zM4 16h2v2H4v-2zm16 0H8v2h12v-2z\" fill=\"currentColor\"><\/path><\/svg><svg style=\"fill: #999;color:#999\" class=\"arrow-unsorted-368013\" xmlns=\"http:\/\/www.w3.org\/2000\/svg\" width=\"10px\" height=\"10px\" viewBox=\"0 0 24 24\" version=\"1.2\" baseProfile=\"tiny\"><path d=\"M18.2 9.3l-6.2-6.3-6.2 6.3c-.2.2-.3.4-.3.7s.1.5.3.7c.2.2.4.3.7.3h11c.3 0 .5-.1.7-.3.2-.2.3-.5.3-.7s-.1-.5-.3-.7zM5.8 14.7l6.2 6.3 6.2-6.3c.2-.2.3-.5.3-.7s-.1-.5-.3-.7c-.2-.2-.4-.3-.7-.3h-11c-.3 0-.5.1-.7.3-.2.2-.3.5-.3.7s.1.5.3.7z\"\/><\/svg><\/span><\/span><\/span><\/a><\/span><\/div>\n<nav><ul class='ez-toc-list ez-toc-list-level-1 ' ><li class='ez-toc-page-1 ez-toc-heading-level-2'><a class=\"ez-toc-link ez-toc-heading-1\" href=\"https:\/\/raum-blick.de\/magazin\/very-peri-pantone-trendfarbe-zieht-in-den-herbst\/#Trendiges_Outfit_fuer_fortschrittliche_Brieftaschen\" >Trendiges Outfit f\u00fcr fortschrittliche Brieftaschen<\/a><\/li><li class='ez-toc-page-1 ez-toc-heading-level-2'><a class=\"ez-toc-link ez-toc-heading-2\" href=\"https:\/\/raum-blick.de\/magazin\/very-peri-pantone-trendfarbe-zieht-in-den-herbst\/#Agile_Farbe_fuer_grenzenlos_praktisches_Lichtdesign_aus_Italien\" >Agile Farbe f\u00fcr grenzenlos praktisches Lichtdesign aus Italien<\/a><\/li><li class='ez-toc-page-1 ez-toc-heading-level-2'><a class=\"ez-toc-link ez-toc-heading-3\" href=\"https:\/\/raum-blick.de\/magazin\/very-peri-pantone-trendfarbe-zieht-in-den-herbst\/#Wegbereiter_der_Lebensfreude_%E2%80%93_farbenfrohe_Wohndeko\" >Wegbereiter der Lebensfreude \u2013 farbenfrohe Wohndeko<\/a><\/li><li class='ez-toc-page-1 ez-toc-heading-level-2'><a class=\"ez-toc-link ez-toc-heading-4\" href=\"https:\/\/raum-blick.de\/magazin\/very-peri-pantone-trendfarbe-zieht-in-den-herbst\/#Erstaunlich_vielseitig_kombinierbare_Trendfarbe\" >Erstaunlich vielseitig kombinierbare Trendfarbe<\/a><\/li><li class='ez-toc-page-1 ez-toc-heading-level-2'><a class=\"ez-toc-link ez-toc-heading-5\" href=\"https:\/\/raum-blick.de\/magazin\/very-peri-pantone-trendfarbe-zieht-in-den-herbst\/#Wohlfuehldeko_%E2%80%93_so_erfrischend_anders_wie_Very_Peri\" >Wohlf\u00fchldeko &#8211; so erfrischend anders wie Very Peri<\/a><\/li><li class='ez-toc-page-1 ez-toc-heading-level-2'><a class=\"ez-toc-link ez-toc-heading-6\" href=\"https:\/\/raum-blick.de\/magazin\/very-peri-pantone-trendfarbe-zieht-in-den-herbst\/#Neue_Lieblingsfarbe_mit_Zukunftspotenzial\" >Neue Lieblingsfarbe mit Zukunftspotenzial<\/a><\/li><\/ul><\/nav><\/div>\n\n<p style=\"text-align: justify;\">Fabelhaft passt Very Peri zum <a href=\"https:\/\/www.raum-blick.de\/secrid\/\">Secrid Mini Wallet<\/a>, weil es den ver\u00e4nderten Umgang mit Zahlungsmitteln ber\u00fccksichtigt. Das Format des Accessoires orientiert sich an Kreditkarten, mit denen man dank digitaler Technik blitzschnell Rechnungen begleicht. Supermarkt, Tankstelle oder Fahrkartenautomat: Bei den verschiedensten Gelegenheiten wird inzwischen gern auf das Banknoten-Wechselgeld-Prozedere verzichtet. Hier und dort ist trotzdem ein Geldschein gefragt. Die moderne Brieftasche bietet deshalb gen\u00fcgend Platz f\u00fcr einige Exemplare.<\/p>\n<p><a href=\"https:\/\/www.raum-blick.de\/secrid-twinwallet-crisple\"><img loading=\"lazy\" decoding=\"async\" class=\"aligncenter wp-image-17369 size-full\" title=\"Secrid \u2013 Twinwallet Crisple Brieftasche | der kleine, praktische Geldbeutel\" src=\"https:\/\/www.raum-blick.de\/magazin\/wp-content\/uploads\/2024\/11\/secrid-twinwallet-crisple.jpg\" alt=\"Secrid \u2013 Twinwallet Crisple Brieftasche | der kleine, praktische Geldbeutel - Very Peri Pantone Farbe\" width=\"620\" height=\"427\" srcset=\"https:\/\/raum-blick.de\/magazin\/wp-content\/uploads\/2024\/11\/secrid-twinwallet-crisple.jpg 620w, https:\/\/raum-blick.de\/magazin\/wp-content\/uploads\/2024\/11\/secrid-twinwallet-crisple-300x207.jpg 300w, https:\/\/raum-blick.de\/magazin\/wp-content\/uploads\/2024\/11\/secrid-twinwallet-crisple-110x75.jpg 110w\" sizes=\"(max-width: 620px) 100vw, 620px\" \/><\/a><\/p>\n<p style=\"text-align: justify;\">Ausgesprochen gut steht dem Lederaccessoire die Trendfarbe 2022, deren futuristische Ankl\u00e4nge die Lifestylemarke geschickt mit dem metallischen Schimmer betont. So inspirierend wie der schicke Auftritt ist die Geschichte von Secrid: Ausgerechnet von der Finanzkrise im Jahr 2008 lie\u00dfen sich Marianne und Ren\u00e9 dazu ermutigen, eine Marke f\u00fcr Geldb\u00f6rsen zu gr\u00fcnden.<\/p>\n<h2><span class=\"ez-toc-section\" id=\"Agile_Farbe_fuer_grenzenlos_praktisches_Lichtdesign_aus_Italien\"><\/span>Agile Farbe f\u00fcr grenzenlos praktisches Lichtdesign aus Italien<span class=\"ez-toc-section-end\"><\/span><\/h2>\n<p style=\"text-align: justify;\">Das trendbewusste Lila thematisiert die Dynamik des Lebens im Digitalzeitalter. Menschen reagieren flexibel auf neue Herausforderungen im Alltag und Beruf. Verst\u00e4ndlich ist das wachsende Interesse f\u00fcr Wohnaccessoires, die Ver\u00e4nderungen genauso offen begegnen. Den Trend erkannte Konstantin Grcic schon zur Jahrtausendwende, als er f\u00fcr <a href=\"https:\/\/www.raum-blick.de\/flos-may-day-leuchte\">Flos die MayDay<\/a> entwarf.<\/p>\n<p><a href=\"https:\/\/www.raum-blick.de\/flos-may-day-leuchte\"><img loading=\"lazy\" decoding=\"async\" class=\"aligncenter wp-image-17373 size-full\" title=\"Flos \u2013 May Day Pendel- \/ Allzweckleuchte | Design: Konstantin Grcic, 2000\" src=\"https:\/\/www.raum-blick.de\/magazin\/wp-content\/uploads\/2024\/11\/flos-mayday-leuchte.jpg\" alt=\"Flos \u2013 May Day Pendel- \/ Allzweckleuchte | Design: Konstantin Grcic, 2000\" width=\"620\" height=\"515\" srcset=\"https:\/\/raum-blick.de\/magazin\/wp-content\/uploads\/2024\/11\/flos-mayday-leuchte.jpg 620w, https:\/\/raum-blick.de\/magazin\/wp-content\/uploads\/2024\/11\/flos-mayday-leuchte-300x249.jpg 300w\" sizes=\"(max-width: 620px) 100vw, 620px\" \/><\/a><\/p>\n<p style=\"text-align: justify;\">Die Designerleuchte ist bereit, verschiedenste Aufgaben zu \u00fcbernehmen. Ihr kegelf\u00f6rmiger Diffusor sorgt f\u00fcr eine gleichm\u00e4\u00dfige und blendfreie Lichtverteilung. Er dient gleichzeitig als St\u00e4nder, wenn f\u00fcrs behagliche Flair neben der Couch eine unkonventionelle Bodenleuchte gefragt ist. Problemlos stellt die preisgekr\u00f6nte Lichtspenderin mit ihrem langen Kabel den Kontakt zur Steckdose her, falls Sie eine Pendellampe oder Arbeitsleuchte ben\u00f6tigen.<\/p>\n<p style=\"text-align: justify;\">Als Aufh\u00e4ngung bietet sich dabei der Haken an, den die italienische Marke bei einer j\u00fcngeren Designversion mit Very Peri aufpeppt. Flos beweist nicht nur ein Gesp\u00fcr f\u00fcr die Farbe des Jahres, sondern ber\u00fccksichtigt auch ver\u00e4nderte Konsumw\u00fcnsche: Die Leuchtenmarke verwendet bei den neuen Chargen der beliebten Multifunktionslampe nachhaltiges Polypropylen, das aus Industrieabf\u00e4llen gewonnen wurde.<\/p>\n<p><a href=\"https:\/\/www.raum-blick.de\/flos-may-day-leuchte\"><img loading=\"lazy\" decoding=\"async\" class=\"aligncenter wp-image-17371\" title=\"Flos - May Day Leuchte lila, Pendel- \/ Allzweckleuchte | Design: Konstantin Grcic\" src=\"https:\/\/www.raum-blick.de\/magazin\/wp-content\/uploads\/2024\/11\/flos-mayday-leuchte-lila.jpg\" alt=\"Flos \u2013 May Day Pendel- \/ Allzweckleuchte | Design: Konstantin Grcic\" width=\"258\" height=\"612\" srcset=\"https:\/\/raum-blick.de\/magazin\/wp-content\/uploads\/2024\/11\/flos-mayday-leuchte-lila.jpg 377w, https:\/\/raum-blick.de\/magazin\/wp-content\/uploads\/2024\/11\/flos-mayday-leuchte-lila-127x300.jpg 127w\" sizes=\"(max-width: 258px) 100vw, 258px\" \/><\/a><\/p>\n<h2><span class=\"ez-toc-section\" id=\"Wegbereiter_der_Lebensfreude_%E2%80%93_farbenfrohe_Wohndeko\"><\/span>Wegbereiter der Lebensfreude \u2013 farbenfrohe Wohndeko<span class=\"ez-toc-section-end\"><\/span><\/h2>\n<p style=\"text-align: justify;\">F\u00fcr minimalistische Accessoires, die sich unbemerkt in die Wohnwelt einf\u00fcgen, hat <a href=\"https:\/\/www.raum-blick.de\/jonathan-adler\/\">Jonathan Adler<\/a> kein Verst\u00e4ndnis. Er bereiste als Student der Kunstgeschichte s\u00fcdamerikanische L\u00e4nder, die seine Leidenschaft f\u00fcr bunte Designs anstachelten. Das spiegelt sich in seinen Happy-Chic Kollektionen wider, die frech und fr\u00f6hlich das Interesse wecken. Ausdrucksstarke Farbstatements sind f\u00fcr den Kultdesigner kein Einrichtungstrend, sondern eine anhaltende Quelle des Gl\u00fccks.<\/p>\n<p><a href=\"https:\/\/www.raum-blick.de\/jonathan-adler-le-wink-untersetzer\"><img loading=\"lazy\" decoding=\"async\" class=\"aligncenter wp-image-17378 size-full\" title=\"Jonathan Adler \u2013 Le Wink Untersetzer | 4-teiliges Set\" src=\"https:\/\/www.raum-blick.de\/magazin\/wp-content\/uploads\/2024\/11\/jonathan-adler-le-wink-untersetzer-augen.jpg\" alt=\"Jonathan Adler \u2013 Le Wink Untersetzer | 4-teiliges Set\" width=\"620\" height=\"452\" srcset=\"https:\/\/raum-blick.de\/magazin\/wp-content\/uploads\/2024\/11\/jonathan-adler-le-wink-untersetzer-augen.jpg 620w, https:\/\/raum-blick.de\/magazin\/wp-content\/uploads\/2024\/11\/jonathan-adler-le-wink-untersetzer-augen-300x219.jpg 300w\" sizes=\"(max-width: 620px) 100vw, 620px\" \/><\/a><\/p>\n<p style=\"text-align: justify;\">Eng verwandt mit Very Peri ist das leuchtende Purple, mit dem Jonathan Adler die <a href=\"https:\/\/www.raum-blick.de\/jonathan-adler-canister-aufbewahrungsdose\">Canister Aufbewahrungsdose<\/a> ins Rampenlicht r\u00fcckt. Sie ist ein Gl\u00fccksgriff, wenn man die 2022er Farbtrends stilbewusst aufgreifen m\u00f6chte. Platzieren Sie die gestreifte Porzellandose zum Beispiel auf dem Sofatisch. Binnen von Sekunden verf\u00fchrt sie dort die G\u00e4ste zum Naschen. Das verraten die Weingummis in ihren H\u00e4nden und die lachenden Gesichter, wenn Sie aus der K\u00fcche mit den Erfrischungsgetr\u00e4nken zur\u00fcckkehren.<\/p>\n<p><a href=\"https:\/\/www.raum-blick.de\/jonathan-adler-canister-aufbewahrungsdose\"><img loading=\"lazy\" decoding=\"async\" class=\"aligncenter wp-image-17376 size-full\" title=\"Jonathan Adler \u2013 Canister Aufbewahrungsdose\" src=\"https:\/\/www.raum-blick.de\/magazin\/wp-content\/uploads\/2024\/11\/jonathan-adler-canister-aufbewahrung.jpg\" alt=\"Jonathan Adler \u2013 Canister Aufbewahrungsdose\" width=\"620\" height=\"474\" srcset=\"https:\/\/raum-blick.de\/magazin\/wp-content\/uploads\/2024\/11\/jonathan-adler-canister-aufbewahrung.jpg 620w, https:\/\/raum-blick.de\/magazin\/wp-content\/uploads\/2024\/11\/jonathan-adler-canister-aufbewahrung-300x229.jpg 300w\" sizes=\"(max-width: 620px) 100vw, 620px\" \/><\/a><\/p>\n<h2><span class=\"ez-toc-section\" id=\"Erstaunlich_vielseitig_kombinierbare_Trendfarbe\"><\/span>Erstaunlich vielseitig kombinierbare Trendfarbe<span class=\"ez-toc-section-end\"><\/span><\/h2>\n<p style=\"text-align: justify;\">Begegnet man der neuen Nuance von Lila, wirkt sie auf den ersten Blick etwas eigenwillig. Vorprogrammiert ist die Vermutung, sie sei schwierig zu kombinieren. Das Gegenteil ist der Fall. Anders Norgaard lie\u00df sich von Vintage-Kerzenhaltern inspirieren, als er f\u00fcr <a href=\"https:\/\/www.raum-blick.de\/applicata-blossom-kerzenhalter\">applicata die Blossom Kollektion<\/a> entwarf. Sie l\u00e4dt mit ihrer gro\u00dfen Farbpalette und unterschiedlich hohen Designvarianten dazu ein, individuelle Ensembles zusammenzustellen.<\/p>\n<p style=\"text-align: justify;\">Im Portfolio entdeckt man inzwischen auch einen Lavendelton, der Very Peri entspricht. In Kombination mit pudrigem Grau und strahlendem Wei\u00df offenbart er seinen eleganten Touch. Wunderbar modern kontrastiert er den klassischen Charme von naturbelassenem Holz. Verspielte Aspekte entfaltet die Farbe des Jahres 2022, wenn sie auf zartes Rosa oder sattes Rot trifft. Kurzgefasst: Es ist kaum ein Wohnstil vorstellbar, zu der Very Peri nicht passt.<\/p>\n<p><a href=\"https:\/\/www.raum-blick.de\/applicata-blossom-kerzenhalter\"><img loading=\"lazy\" decoding=\"async\" class=\"aligncenter wp-image-17380 size-full\" title=\"applicata \u2013 Blossom Kerzenhalter\" src=\"https:\/\/www.raum-blick.de\/magazin\/wp-content\/uploads\/2024\/11\/applicata-kerzenhalter-pastell.jpg\" alt=\"applicata \u2013 Blossom Kerzenhalter\" width=\"620\" height=\"457\" srcset=\"https:\/\/raum-blick.de\/magazin\/wp-content\/uploads\/2024\/11\/applicata-kerzenhalter-pastell.jpg 620w, https:\/\/raum-blick.de\/magazin\/wp-content\/uploads\/2024\/11\/applicata-kerzenhalter-pastell-300x221.jpg 300w\" sizes=\"(max-width: 620px) 100vw, 620px\" \/><\/a><\/p>\n<h2><span class=\"ez-toc-section\" id=\"Wohlfuehldeko_%E2%80%93_so_erfrischend_anders_wie_Very_Peri\"><\/span>Wohlf\u00fchldeko &#8211; so erfrischend anders wie Very Peri<span class=\"ez-toc-section-end\"><\/span><\/h2>\n<p style=\"text-align: justify;\">Das neuartige Violett mit dem Farbcode 17-3938 regt dazu an, seine Fantasie spielen zu lassen und beim Dekorieren mutig vom Gewohnten abzuweichen. Heimtextilien, die sich erfreulich anders pr\u00e4sentieren, sind die Spezialit\u00e4t von <a href=\"https:\/\/www.raum-blick.de\/pad\/\">pad<\/a>. Die <a href=\"https:\/\/www.raum-blick.de\/pad-vacui-kissenhuelle\">VACUI Kissenh\u00fclle<\/a> ist daf\u00fcr ein Paradebeispiel. Wer dem zotteligen Schaf in die Augen schaut, verliebt sich sofort. Das gilt besonders, wenn es mit seinem knallroten Wollschal zur kalten Jahreszeit im Wohnzimmer auftaucht. Dort sorgt es f\u00fcr eine willkommene Abwechslung zu den \u00fcblichen Dekors und Farben bei der Herbst- und Winterdeko.<\/p>\n<p><a href=\"https:\/\/www.raum-blick.de\/pad-vacui-kissenhuelle\"><img loading=\"lazy\" decoding=\"async\" class=\"aligncenter wp-image-17382\" title=\"pad \u2013 VACUI | Design: pad home design\" src=\"https:\/\/www.raum-blick.de\/magazin\/wp-content\/uploads\/2024\/11\/pad-vacui-kissenhuelle.jpg\" alt=\"pad \u2013 VACUI | Design: pad home design\" width=\"490\" height=\"482\" srcset=\"https:\/\/raum-blick.de\/magazin\/wp-content\/uploads\/2024\/11\/pad-vacui-kissenhuelle.jpg 600w, https:\/\/raum-blick.de\/magazin\/wp-content\/uploads\/2024\/11\/pad-vacui-kissenhuelle-300x295.jpg 300w\" sizes=\"(max-width: 490px) 100vw, 490px\" \/><\/a><\/p>\n<p style=\"text-align: justify;\">Wagen Sie es: Drapieren Sie auf dem Sofa einige Exemplare des Kuschelkissens, dessen Motiv so tierisch lebensbejahend ist wie die Hintergrundfarbe in Purple, die stark an Very Peri erinnert. Passend zum flauschigen Winterdress des Schafs erg\u00e4nzen Sie auf der Sofalehne ein Kunstfell, zum Beispiel das <a href=\"https:\/\/www.raum-blick.de\/essenza\/\">Shelly Plaid von ESSENZA<\/a>. Wenn Sie die Wohnstube mit dieser aufheiternden Gem\u00fctlichkeit empf\u00e4ngt, gibt es sogar an den stressigsten Tagen nur eine Option: Sie f\u00fchlen sich rundum gl\u00fccklich!<\/p>\n<p><img loading=\"lazy\" decoding=\"async\" class=\"aligncenter wp-image-17385 size-full\" title=\"ESSENZA \u2013 Shelley Plaid weiche Tagesdecke\" src=\"https:\/\/www.raum-blick.de\/magazin\/wp-content\/uploads\/2024\/11\/essenza-shelley-plaid-vanilla-tagesdecke.jpg\" alt=\"ESSENZA \u2013 Shelley Plaid weiche Tagesdecke\" width=\"620\" height=\"524\" srcset=\"https:\/\/raum-blick.de\/magazin\/wp-content\/uploads\/2024\/11\/essenza-shelley-plaid-vanilla-tagesdecke.jpg 620w, https:\/\/raum-blick.de\/magazin\/wp-content\/uploads\/2024\/11\/essenza-shelley-plaid-vanilla-tagesdecke-300x254.jpg 300w\" sizes=\"(max-width: 620px) 100vw, 620px\" \/><\/p>\n<h2><span class=\"ez-toc-section\" id=\"Neue_Lieblingsfarbe_mit_Zukunftspotenzial\"><\/span>Neue Lieblingsfarbe mit Zukunftspotenzial<span class=\"ez-toc-section-end\"><\/span><\/h2>\n<p style=\"text-align: justify;\">Die Farbe des Jahres sch\u00fcttelt Pantone nicht aus dem \u00c4rmel. Kunst, Medien, Reiseziele, sozio\u00f6konomische Tendenzen, innovative Technologien: Experten widmen sich tiefgreifenden Analysen, bevor sie den Sieger der Farbwelt k\u00fcren. Eine Verj\u00fcngungskur \u00e0 la Very Peri g\u00f6nnte <a href=\"https:\/\/www.raum-blick.de\/kartell\/\">Kartell den Componibili Rollcontainern<\/a> und traf damit ins Schwarze. Die 1969 von Anna Castelli entworfenen Multitalente wirken in der Version erstaunlich frisch und modern. Heute angesagt, morgen pass\u00e9: Die Bef\u00fcrchtung ist unbegr\u00fcndet, wenn in der Farbe sogar Designm\u00f6bel geschmackvoll erscheinen, die das New Yorker MoMA in seine stetige Sammlung aufnahm.<\/p>\n<p><a href=\"https:\/\/www.raum-blick.de\/kartell-componibili-4967\/5967\"><img loading=\"lazy\" decoding=\"async\" class=\"aligncenter wp-image-17387 size-full\" title=\"Kartell Componibili Drei F\u00e4cher | Design: Anna Castelli Ferrieri, 1969\" src=\"https:\/\/www.raum-blick.de\/magazin\/wp-content\/uploads\/2024\/11\/kartell-componibili-violett.jpg\" alt=\"Kartell Componibili Drei F\u00e4cher | Design: Anna Castelli Ferrieri, 1969\" width=\"620\" height=\"517\" srcset=\"https:\/\/raum-blick.de\/magazin\/wp-content\/uploads\/2024\/11\/kartell-componibili-violett.jpg 620w, https:\/\/raum-blick.de\/magazin\/wp-content\/uploads\/2024\/11\/kartell-componibili-violett-300x250.jpg 300w\" sizes=\"(max-width: 620px) 100vw, 620px\" \/><\/a><\/p>\n","protected":false},"excerpt":{"rendered":"<p>Seit einigen Monaten bereichert Veri Peri die Fashion- und Wohntrends. Wenn Sie die Farbe des Jahres 2022 noch nicht f\u00fcr sich entdeckt haben, ist der anbrechende Herbst daf\u00fcr der ideale Zeitpunkt. Die Nuance passt mit ihrer erfrischenden Dynamik wunderbar zum modernen Lifestyle und hat das Potenzial, langfristig im Rennen zu bleiben. Trendiges Outfit f\u00fcr fortschrittliche [&hellip;]<\/p>\n","protected":false},"author":4,"featured_media":17367,"comment_status":"closed","ping_status":"open","sticky":false,"template":"","format":"standard","meta":{"_et_pb_use_builder":"","_et_pb_old_content":"","_et_gb_content_width":"","inline_featured_image":false,"footnotes":""},"categories":[7],"tags":[1955,1956,1988,1961,1958,1959,1989,1960,1954,1957,1670],"class_list":["post-17365","post","type-post","status-publish","format-standard","has-post-thumbnail","hentry","category-accessoires-lifestyle","tag-fliederfarben","tag-lila","tag-modefarbe","tag-modetrends","tag-pantone","tag-pantone-trendfarbe","tag-trendfarbe-2022","tag-trendfarben","tag-very-peri","tag-violett","tag-wohntrends"],"_links":{"self":[{"href":"https:\/\/raum-blick.de\/magazin\/wp-json\/wp\/v2\/posts\/17365","targetHints":{"allow":["GET"]}}],"collection":[{"href":"https:\/\/raum-blick.de\/magazin\/wp-json\/wp\/v2\/posts"}],"about":[{"href":"https:\/\/raum-blick.de\/magazin\/wp-json\/wp\/v2\/types\/post"}],"author":[{"embeddable":true,"href":"https:\/\/raum-blick.de\/magazin\/wp-json\/wp\/v2\/users\/4"}],"replies":[{"embeddable":true,"href":"https:\/\/raum-blick.de\/magazin\/wp-json\/wp\/v2\/comments?post=17365"}],"version-history":[{"count":17,"href":"https:\/\/raum-blick.de\/magazin\/wp-json\/wp\/v2\/posts\/17365\/revisions"}],"predecessor-version":[{"id":21000,"href":"https:\/\/raum-blick.de\/magazin\/wp-json\/wp\/v2\/posts\/17365\/revisions\/21000"}],"wp:featuredmedia":[{"embeddable":true,"href":"https:\/\/raum-blick.de\/magazin\/wp-json\/wp\/v2\/media\/17367"}],"wp:attachment":[{"href":"https:\/\/raum-blick.de\/magazin\/wp-json\/wp\/v2\/media?parent=17365"}],"wp:term":[{"taxonomy":"category","embeddable":true,"href":"https:\/\/raum-blick.de\/magazin\/wp-json\/wp\/v2\/categories?post=17365"},{"taxonomy":"post_tag","embeddable":true,"href":"https:\/\/raum-blick.de\/magazin\/wp-json\/wp\/v2\/tags?post=17365"}],"curies":[{"name":"wp","href":"https:\/\/api.w.org\/{rel}","templated":true}]}}