{"id":17222,"date":"2022-10-12T15:00:11","date_gmt":"2022-10-12T13:00:11","guid":{"rendered":"https:\/\/www.raum-blick.de\/magazin\/?p=17222"},"modified":"2024-08-27T12:24:11","modified_gmt":"2024-08-27T10:24:11","slug":"design-made-in-germany","status":"publish","type":"post","link":"https:\/\/raum-blick.de\/magazin\/design-made-in-germany\/","title":{"rendered":"Design &#8222;Made in Germany&#8220;"},"content":{"rendered":"<h2><span class=\"ez-toc-section\" id=\"%C2%AB_Einrichten_und_dekorieren_mit_deutschen_Designmarken_%C2%BB\"><\/span>\u00ab Einrichten und dekorieren mit deutschen Designmarken \u00bb<span class=\"ez-toc-section-end\"><\/span><\/h2>\n<p style=\"text-align: justify;\"><strong>Warum sollte man in die Ferne schweifen, wenn Wundersch\u00f6nes zum Greifen nahe ist? Zwischen Flensburg und Passau entwerfen stilbewusste Unternehmen M\u00f6bel und Accessoires mit au\u00dfergew\u00f6hnlichem Design. &#8222;Made in Germany&#8220; Produkte sind rund um den Globus beliebt. Lust auf eine kleine Sightseeingtour? Sie werden \u00fcberrascht sein, wie vielf\u00e4ltig deutsches Design ist!<\/strong><\/p>\n<h2><span class=\"ez-toc-section\" id=\"Bayerische_Flurgarderobe_mit_Ass_im_Aermel\"><\/span>Bayerische Flurgarderobe mit Ass im \u00c4rmel<span class=\"ez-toc-section-end\"><\/span><\/h2>\n<p style=\"text-align: justify;\">Das Motto von <a href=\"https:\/\/www.raum-blick.de\/side-by-side\/\">side by side<\/a> ist: &#8222;Design mit sozialem Charakter&#8220;. Die Caritas Wendelstein Werkst\u00e4tten initiierten 2002 das Projekt, bei dem behinderte Menschen mit ihrem handwerklichen Geschick die Entw\u00fcrfe von Designern umsetzen. Markentypisch sind M\u00f6bel und Accessoires, die sympathisch simpel Einrichtungsprobleme l\u00f6sen oder das Leben erleichtern. Gefertigt werden sie meist aus heimischen H\u00f6lzern, damit die Markenphilosophie auch der Umwelt zugutekommt.<\/p><div id=\"ez-toc-container\" class=\"ez-toc-v2_0_82_2 counter-hierarchy ez-toc-counter ez-toc-grey ez-toc-container-direction\">\n<div class=\"ez-toc-title-container\">\n<p class=\"ez-toc-title\" style=\"cursor:inherit\">Was hier auf Sie wartet<\/p>\n<span class=\"ez-toc-title-toggle\"><a href=\"#\" class=\"ez-toc-pull-right ez-toc-btn ez-toc-btn-xs ez-toc-btn-default ez-toc-toggle\" aria-label=\"Toggle Table of Content\"><span class=\"ez-toc-js-icon-con\"><span class=\"\"><span class=\"eztoc-hide\" style=\"display:none;\">Toggle<\/span><span class=\"ez-toc-icon-toggle-span\"><svg style=\"fill: #999;color:#999\" xmlns=\"http:\/\/www.w3.org\/2000\/svg\" class=\"list-377408\" width=\"20px\" height=\"20px\" viewBox=\"0 0 24 24\" fill=\"none\"><path d=\"M6 6H4v2h2V6zm14 0H8v2h12V6zM4 11h2v2H4v-2zm16 0H8v2h12v-2zM4 16h2v2H4v-2zm16 0H8v2h12v-2z\" fill=\"currentColor\"><\/path><\/svg><svg style=\"fill: #999;color:#999\" class=\"arrow-unsorted-368013\" xmlns=\"http:\/\/www.w3.org\/2000\/svg\" width=\"10px\" height=\"10px\" viewBox=\"0 0 24 24\" version=\"1.2\" baseProfile=\"tiny\"><path d=\"M18.2 9.3l-6.2-6.3-6.2 6.3c-.2.2-.3.4-.3.7s.1.5.3.7c.2.2.4.3.7.3h11c.3 0 .5-.1.7-.3.2-.2.3-.5.3-.7s-.1-.5-.3-.7zM5.8 14.7l6.2 6.3 6.2-6.3c.2-.2.3-.5.3-.7s-.1-.5-.3-.7c-.2-.2-.4-.3-.7-.3h-11c-.3 0-.5.1-.7.3-.2.2-.3.5-.3.7s.1.5.3.7z\"\/><\/svg><\/span><\/span><\/span><\/a><\/span><\/div>\n<nav><ul class='ez-toc-list ez-toc-list-level-1 ' ><li class='ez-toc-page-1 ez-toc-heading-level-2'><a class=\"ez-toc-link ez-toc-heading-1\" href=\"https:\/\/raum-blick.de\/magazin\/design-made-in-germany\/#%C2%AB_Einrichten_und_dekorieren_mit_deutschen_Designmarken_%C2%BB\" >\u00ab Einrichten und dekorieren mit deutschen Designmarken \u00bb<\/a><\/li><li class='ez-toc-page-1 ez-toc-heading-level-2'><a class=\"ez-toc-link ez-toc-heading-2\" href=\"https:\/\/raum-blick.de\/magazin\/design-made-in-germany\/#Bayerische_Flurgarderobe_mit_Ass_im_Aermel\" >Bayerische Flurgarderobe mit Ass im \u00c4rmel<\/a><\/li><li class='ez-toc-page-1 ez-toc-heading-level-2'><a class=\"ez-toc-link ez-toc-heading-3\" href=\"https:\/\/raum-blick.de\/magazin\/design-made-in-germany\/#Rheinische_Homeoffice-Moebel_die_in_jede_Wohnung_passen\" >Rheinische Homeoffice-M\u00f6bel, die in jede Wohnung passen<\/a><\/li><li class='ez-toc-page-1 ez-toc-heading-level-2'><a class=\"ez-toc-link ez-toc-heading-4\" href=\"https:\/\/raum-blick.de\/magazin\/design-made-in-germany\/#Radikal_puristische_Multitalente_aus_dem_Stuttgarter_Raum\" >Radikal puristische Multitalente aus dem Stuttgarter Raum<\/a><\/li><li class='ez-toc-page-1 ez-toc-heading-level-2'><a class=\"ez-toc-link ez-toc-heading-5\" href=\"https:\/\/raum-blick.de\/magazin\/design-made-in-germany\/#Must-have_fuer_stilvolle_Individualisten_Glaskunst_aus_Tuebingen\" >Must-have f\u00fcr stilvolle Individualisten: Glaskunst aus T\u00fcbingen<\/a><\/li><li class='ez-toc-page-1 ez-toc-heading-level-2'><a class=\"ez-toc-link ez-toc-heading-6\" href=\"https:\/\/raum-blick.de\/magazin\/design-made-in-germany\/#Hessische_Schoenheitskur_fuers_Badezimmer\" >Hessische Sch\u00f6nheitskur f\u00fcrs Badezimmer<\/a><\/li><li class='ez-toc-page-1 ez-toc-heading-level-2'><a class=\"ez-toc-link ez-toc-heading-7\" href=\"https:\/\/raum-blick.de\/magazin\/design-made-in-germany\/#Lifestyle-Accessoires_fuer_Stilbewusste_aus_Oststeinbek\" >Lifestyle-Accessoires f\u00fcr Stilbewusste aus Oststeinbek<\/a><\/li><li class='ez-toc-page-1 ez-toc-heading-level-2'><a class=\"ez-toc-link ez-toc-heading-8\" href=\"https:\/\/raum-blick.de\/magazin\/design-made-in-germany\/#Liebenswerte_Stimmungsaufheller_aus_dem_Ruhrgebiet\" >Liebenswerte Stimmungsaufheller aus dem Ruhrgebiet<\/a><\/li><\/ul><\/nav><\/div>\n\n<p><a href=\"https:\/\/www.raum-blick.de\/side-by-side-brotkasten-moin\"><img loading=\"lazy\" decoding=\"async\" class=\"aligncenter wp-image-17225 size-full\" title=\"side by side \u2013 MOIN! Brotkasten Lebensmittelaufbewahrung | Design: Andreas Ulbricht\" src=\"https:\/\/www.raum-blick.de\/magazin\/wp-content\/uploads\/2024\/09\/side-by-side\u2013MOIN-Brotkasten.jpg\" alt=\"side by side \u2013 MOIN! Brotkasten Lebensmittelaufbewahrung | Design: Andreas Ulbricht\" width=\"620\" height=\"392\" srcset=\"https:\/\/raum-blick.de\/magazin\/wp-content\/uploads\/2024\/09\/side-by-side\u2013MOIN-Brotkasten.jpg 620w, https:\/\/raum-blick.de\/magazin\/wp-content\/uploads\/2024\/09\/side-by-side\u2013MOIN-Brotkasten-300x190.jpg 300w\" sizes=\"(max-width: 620px) 100vw, 620px\" \/><\/a><\/p>\n<p style=\"text-align: justify;\">Preisgekr\u00f6nt ist das <a href=\"https:\/\/www.raum-blick.de\/side-by-side-schuhregal-gaston\/lady-long\">Schuhregal Lady long<\/a> von Christian Hoisl &amp; Anneke Bieger. Auspacken, an die Wand lehnen, fertig: Schon sind 12 Paar Damenschuhe untergebracht. Gesellt sich die passende Wandgarderobe Gaston hinzu, ist die Flureinrichtung komplett. Bef\u00fcrchten Sie, dass das &#8222;Design Made in Germany&#8220;-Duo nicht reicht, wenn G\u00e4ste kommen? Hier kommt Ihr Joker: Die Garderobe Tim Tom wurde f\u00fcr den fliegenden Wechsel geschaffen. Das M\u00f6bel-Gadget \u00fcberzeugt im Schlafzimmer als Stummer Diener, der das Businessoutfit bereith\u00e4lt. K\u00fcndigt sich Besuch an, unterst\u00fctzt das Multitalent vor\u00fcbergehend die Holzgarderobe im Flur.<\/p>\n<p><img loading=\"lazy\" decoding=\"async\" class=\"aligncenter wp-image-17229 size-full\" title=\"Garderobe TimTom von side-by-side | Design: Benedikt Achatz\" src=\"https:\/\/www.raum-blick.de\/magazin\/wp-content\/uploads\/2024\/09\/side-by-side-Garderobe-TimTom.jpg\" alt=\"Garderobe TimTom von side-by-side | Design: Benedikt Achatz\" width=\"600\" height=\"600\" srcset=\"https:\/\/raum-blick.de\/magazin\/wp-content\/uploads\/2024\/09\/side-by-side-Garderobe-TimTom.jpg 600w, https:\/\/raum-blick.de\/magazin\/wp-content\/uploads\/2024\/09\/side-by-side-Garderobe-TimTom-300x300.jpg 300w, https:\/\/raum-blick.de\/magazin\/wp-content\/uploads\/2024\/09\/side-by-side-Garderobe-TimTom-150x150.jpg 150w\" sizes=\"(max-width: 600px) 100vw, 600px\" \/><\/p>\n<h2><span class=\"ez-toc-section\" id=\"Rheinische_Homeoffice-Moebel_die_in_jede_Wohnung_passen\"><\/span>Rheinische Homeoffice-M\u00f6bel, die in jede Wohnung passen<span class=\"ez-toc-section-end\"><\/span><\/h2>\n<p style=\"text-align: justify;\">Verlockend ist das Angebot des Unternehmens, im Homeoffice zu arbeiten. Der Haken: zu Hause gibt es keinen Platz f\u00fcr ein Heimb\u00fcro. Wer zu dem Fazit kommt, hat ein preisgekr\u00f6ntes Design &#8222;Made in Germany&#8220; \u00fcbersehen. Ralph Kraeuter entwarf f\u00fcr <a href=\"https:\/\/www.raum-blick.de\/radius-design\/\">Radius Design<\/a> einen Sekret\u00e4r, bemerkenswert platzssparend alles Wesentliche vereint. Das Raumwunder hei\u00dft <a href=\"https:\/\/www.raum-blick.de\/radius-design-miss-moneypenny-sekretaer\">Miss Moneypenny<\/a> und begeistert mit einem grazilen Minimalismus, der Metall und Holz elegant kontrastiert.<\/p>\n<p><a href=\"https:\/\/www.raum-blick.de\/radius-design-miss-moneypenny-sekretaer\"><img loading=\"lazy\" decoding=\"async\" class=\"aligncenter wp-image-17231\" title=\"Radius Design \u2013 Miss Moneypenny\" src=\"https:\/\/www.raum-blick.de\/magazin\/wp-content\/uploads\/2024\/09\/radius-design-miss-moneypenny-sekretaer.jpg\" alt=\"Radius Design \u2013 Miss Moneypenny\" width=\"620\" height=\"521\" srcset=\"https:\/\/raum-blick.de\/magazin\/wp-content\/uploads\/2024\/09\/radius-design-miss-moneypenny-sekretaer.jpg 600w, https:\/\/raum-blick.de\/magazin\/wp-content\/uploads\/2024\/09\/radius-design-miss-moneypenny-sekretaer-300x252.jpg 300w\" sizes=\"(max-width: 620px) 100vw, 620px\" \/><\/a><\/p>\n<p style=\"text-align: justify;\">Clever war die Idee, eine partielle Abdeckung zu erg\u00e4nzen. Sie sorgt in Kombination mit einem Kabelkanal f\u00fcr ordentliche Ansichten und addiert eine Abstellfl\u00e4che. Wer den Laptop abends aus den Augen verlieren m\u00f6chte, erg\u00e4nzt die Halterung. Darf es mehr Ablagefl\u00e4che sein? Dann ist der &#8222;Made in Germany&#8220; Beistelltisch x-centric die perfekte Erg\u00e4nzung. Tags\u00fcber reicht ein Dreh, um seine Fl\u00e4che zu verdoppeln. Sp\u00e4ter macht er sich wieder schlank. Michael R\u00f6sing gr\u00fcndete Radius Design, um f\u00fcr erkannte Bed\u00fcrfnisse pfiffige M\u00f6bel anzubieten. International sch\u00e4tzt man den Produktentwickler f\u00fcr ein Design &#8222;Made in Germany&#8220;, das Erwartungen \u00fcbertrifft.<\/p>\n<p><a href=\"https:\/\/www.raum-blick.de\/radius-design-x-centric-beistelltisch\"><img loading=\"lazy\" decoding=\"async\" class=\"aligncenter wp-image-17233 size-full\" title=\"X-CENTRIC Beistelltisch von radius design | Design: Murken Hansen\" src=\"https:\/\/www.raum-blick.de\/magazin\/wp-content\/uploads\/2024\/09\/radius-design-x-centric-beistelltisch.jpg\" alt=\"X-CENTRIC Beistelltisch von radius design | Design: Murken Hansen\" width=\"620\" height=\"523\" srcset=\"https:\/\/raum-blick.de\/magazin\/wp-content\/uploads\/2024\/09\/radius-design-x-centric-beistelltisch.jpg 620w, https:\/\/raum-blick.de\/magazin\/wp-content\/uploads\/2024\/09\/radius-design-x-centric-beistelltisch-300x253.jpg 300w\" sizes=\"(max-width: 620px) 100vw, 620px\" \/><\/a><\/p>\n<h2><span class=\"ez-toc-section\" id=\"Radikal_puristische_Multitalente_aus_dem_Stuttgarter_Raum\"><\/span>Radikal puristische Multitalente aus dem Stuttgarter Raum<span class=\"ez-toc-section-end\"><\/span><\/h2>\n<p style=\"text-align: justify;\">Deutsche Designmarken haben den jugendlichen Jan Kurtz vermutlich nicht interessiert. Nach dem Fachabitur fiel es ihm schwer, einen Beruf zu w\u00e4hlen. Sein unternehmerisches Talent bewog ihn dazu, in den 1990ern eine M\u00f6belfirma zu \u00fcbernehmen. Er beschloss, sein eigenes Design &#8222;Made in Germany&#8220; zu entwickeln, und traf damit ins Schwarze. Das Erfolgsrezept von <a href=\"https:\/\/www.raum-blick.de\/jan-kurtz\/\">Jan Kurtz Design<\/a> ist ein auff\u00e4llig unauff\u00e4lliger Stil und der Mut, radikal minimalistische Entw\u00fcrfe umzusetzen.<\/p>\n<p><a href=\"https:\/\/www.raum-blick.de\/jan-kurtz-lux-stapelsessel\"><img loading=\"lazy\" decoding=\"async\" class=\"aligncenter wp-image-17237 size-full\" title=\"Jan Kurtz LUX Alu Stapelsessel Outdoorm\u00f6bel\" src=\"https:\/\/www.raum-blick.de\/magazin\/wp-content\/uploads\/2024\/09\/jan-kurtz-lux-alu-mit-tisch.jpg\" alt=\"Jan Kurtz LUX Alu Stapelsessel Outdoorm\u00f6bel\" width=\"620\" height=\"522\" srcset=\"https:\/\/raum-blick.de\/magazin\/wp-content\/uploads\/2024\/09\/jan-kurtz-lux-alu-mit-tisch.jpg 620w, https:\/\/raum-blick.de\/magazin\/wp-content\/uploads\/2024\/09\/jan-kurtz-lux-alu-mit-tisch-300x253.jpg 300w\" sizes=\"(max-width: 620px) 100vw, 620px\" \/><\/a><\/p>\n<p style=\"text-align: justify;\">Ein Paradebeispiel daf\u00fcr ist der <a href=\"https:\/\/www.raum-blick.de\/jan-kurtz-roll-it-hocker\">Block Roll-it<\/a>. Er pr\u00e4sentiert sich kess als kantiger Block aus massiver Eiche. Lernt man ihn kennen, ist Begeisterung vorprogrammiert. Solo wandert er auf seinen Rollen leichtf\u00fc\u00dfig durch die Wohnung, um als Hocker, Ablage oder Beistelltisch zu dienen. Im Ensemble \u00fcbernimmt der W\u00fcrfel gern die Aufgaben des Sideboards, der Sitzbank oder des Sofatischs. Ganz nebenbei g\u00f6nnt der Holzblock &#8222;Made in Germany&#8220; der modernen Wohnwelt unkonventionelle Naturakzente.<\/p>\n<p><a href=\"https:\/\/www.raum-blick.de\/jan-kurtz-roll-it-hocker\"><img loading=\"lazy\" decoding=\"async\" class=\"aligncenter wp-image-17235 size-full\" title=\"Jan Kurtz \u2013 Roll-It Hocker, Hocker und Beistelltisch in Einem\" src=\"https:\/\/www.raum-blick.de\/magazin\/wp-content\/uploads\/2024\/09\/jan-kurtz-roll-it-hocker.jpg\" alt=\"Jan Kurtz \u2013 Roll-It Hocker, Hocker und Beistelltisch in Einem\" width=\"620\" height=\"532\" srcset=\"https:\/\/raum-blick.de\/magazin\/wp-content\/uploads\/2024\/09\/jan-kurtz-roll-it-hocker.jpg 620w, https:\/\/raum-blick.de\/magazin\/wp-content\/uploads\/2024\/09\/jan-kurtz-roll-it-hocker-300x257.jpg 300w\" sizes=\"(max-width: 620px) 100vw, 620px\" \/><\/a><\/p>\n<h2><span class=\"ez-toc-section\" id=\"Must-have_fuer_stilvolle_Individualisten_Glaskunst_aus_Tuebingen\"><\/span>Must-have f\u00fcr stilvolle Individualisten: Glaskunst aus T\u00fcbingen<span class=\"ez-toc-section-end\"><\/span><\/h2>\n<p style=\"text-align: justify;\">Designkenner aus verschiedensten L\u00e4ndern erkennen sie sofort und stellen mit leuchtenden Augen fest: Das ist <a href=\"https:\/\/www.raum-blick.de\/guaxs\/\">deutsches Design von GUAXS<\/a>. Annette und Anselm Schaugg genie\u00dfen genauso wie ihre Marke international einen exzellenten Ruf. Ein Blick auf die Blumenvase Mathura mit ihren facettenreich schimmernden Braunt\u00f6nen verr\u00e4t den Grund: Ihre organische Formsprache ist entz\u00fcckend eigenwillig. Man hat den Eindruck, dass sich der Werkstoff selbst entfalten und eine zuf\u00e4llige Form annehmen durfte.<\/p>\n<p><a href=\"https:\/\/www.raum-blick.de\/guaxs-mathura-butter\/brown-vase\"><img loading=\"lazy\" decoding=\"async\" class=\"aligncenter wp-image-17239 size-full\" title=\"GUAXS \u2013 Mathura Vase butter\/brown | individuelle Einzelst\u00fccke\" src=\"https:\/\/www.raum-blick.de\/magazin\/wp-content\/uploads\/2024\/09\/vase-mathura-butter-brown-guaxs.jpg\" alt=\"GUAXS \u2013 Mathura Vase butter\/brown | individuelle Einzelst\u00fccke\" width=\"620\" height=\"534\" srcset=\"https:\/\/raum-blick.de\/magazin\/wp-content\/uploads\/2024\/09\/vase-mathura-butter-brown-guaxs.jpg 620w, https:\/\/raum-blick.de\/magazin\/wp-content\/uploads\/2024\/09\/vase-mathura-butter-brown-guaxs-300x258.jpg 300w\" sizes=\"(max-width: 620px) 100vw, 620px\" \/><\/a><\/p>\n<p style=\"text-align: justify;\">Stattdessen sind alle Unregelm\u00e4\u00dfigkeiten pr\u00e4zise platziert und das Ergebnis versierter Handwerkskunst &#8222;Made in Germany&#8220;. Jede Glasvase des schw\u00e4bischen Designduos ist ein mundgeblasenes Unikat, das aufwendig veredelt wird. Schick macht sich ein dynamisches Trio aus der GUAXS Serie Mathura auf der Anrichte. Tauchen Blumenstr\u00e4u\u00dfe eher selten im Haushalt auf? Dann sind die Vasen ein Gl\u00fccksgriff. Sie sind Glaskunstwerke, die f\u00fcr sich sprechen. Trudelt doch mal ein bl\u00fchender Gru\u00df ins Haus, freut er sich \u00fcber die einzigartige Inszenierung.<\/p>\n<p><a href=\"https:\/\/www.raum-blick.de\/guaxs-vase-mathura\"><img loading=\"lazy\" decoding=\"async\" class=\"aligncenter wp-image-17241 size-full\" title=\"GUAXS \u2013 Vase Mathura | jedes St\u00fcck ein Unikat\" src=\"https:\/\/www.raum-blick.de\/magazin\/wp-content\/uploads\/2024\/09\/guaxs-vase-mathura.jpg\" alt=\"GUAXS \u2013 Vase Mathura | jedes St\u00fcck ein Unikat\" width=\"620\" height=\"501\" srcset=\"https:\/\/raum-blick.de\/magazin\/wp-content\/uploads\/2024\/09\/guaxs-vase-mathura.jpg 620w, https:\/\/raum-blick.de\/magazin\/wp-content\/uploads\/2024\/09\/guaxs-vase-mathura-300x242.jpg 300w\" sizes=\"(max-width: 620px) 100vw, 620px\" \/><\/a><\/p>\n<h2><span class=\"ez-toc-section\" id=\"Hessische_Schoenheitskur_fuers_Badezimmer\"><\/span>Hessische Sch\u00f6nheitskur f\u00fcrs Badezimmer<span class=\"ez-toc-section-end\"><\/span><\/h2>\n<p style=\"text-align: justify;\">B\u00e4der in modernen Wohnh\u00e4usern werden so konzipiert, dass sie mit keinem Geschmack kollidieren. Wer dort einzieht, kann mit der Ausstattung leben \u2013 mehr aber auch nicht. Die Einrichtung wirkt eine Spur zu n\u00fcchtern, um sich wohlzuf\u00fchlen. Die Gestaltung von B\u00e4dern ist seit 1973 die Spezialit\u00e4t von <a href=\"https:\/\/www.raum-blick.de\/decor-walther\/\">Decor Walther<\/a>. Im Markenportfolio findet sich die Antwort auf die unverbindliche Monotonie. Die Kollektion Basket ist aus Rattan mit wundervoll warmer Aura gefertigt.<\/p>\n<p><a href=\"https:\/\/www.raum-blick.de\/decor-walther-utb-basket-utensilienbehaelter\"><img loading=\"lazy\" decoding=\"async\" class=\"aligncenter wp-image-17244 size-full\" title=\"Decor Walther Serie BASKET Utensilienbox UTB\" src=\"https:\/\/www.raum-blick.de\/magazin\/wp-content\/uploads\/2024\/09\/decor-walther-utb-basket-utensilienbehaelter.jpg\" alt=\"Decor Walther Serie BASKET Utensilienbox UTB\" width=\"620\" height=\"502\" srcset=\"https:\/\/raum-blick.de\/magazin\/wp-content\/uploads\/2024\/09\/decor-walther-utb-basket-utensilienbehaelter.jpg 620w, https:\/\/raum-blick.de\/magazin\/wp-content\/uploads\/2024\/09\/decor-walther-utb-basket-utensilienbehaelter-300x243.jpg 300w\" sizes=\"(max-width: 620px) 100vw, 620px\" \/><\/a><\/p>\n<p style=\"text-align: justify;\">Papierkorb, W\u00e4schebeh\u00e4lter, Ersatzrollenhalter und Utensilienbox f\u00fcrs Make-up: Das Quartett reicht vollkommen, damit sich die vermisste Behaglichkeit entfaltet. Das naturnahe Design &#8222;Made in Germany&#8220; ist bezaubernd, das Bad aber schon ausgestattet? Die Rattanaccessoires aus Frankfurt bleiben trotzdem im Rennen. Schl\u00fcssel im Flur, Stifte auf dem Schreibtisch oder abgelegter Schmuck im Schlafzimmer: In jedem Raum wartet Kleinkram darauf, ordentlich geb\u00fcndelt zu werden. Willkommen sind die Rattan-L\u00f6sungen von Decor Walther, die zum gem\u00fctlichen Ambiente beitragen.<\/p>\n<p><a href=\"https:\/\/www.raum-blick.de\/decor-walther-wb-basket-waeschebehaelter\"><img loading=\"lazy\" decoding=\"async\" class=\"aligncenter wp-image-17249 size-full\" title=\"Decor Walther Serie BASKET W\u00e4schebeh\u00e4lter aus Rattan\" src=\"https:\/\/www.raum-blick.de\/magazin\/wp-content\/uploads\/2024\/09\/decor-walther-wb-basket-waeschebehaelter.jpg\" alt=\"Decor Walther Serie BASKET W\u00e4schebeh\u00e4lter WB aus Rattan\" width=\"620\" height=\"620\" srcset=\"https:\/\/raum-blick.de\/magazin\/wp-content\/uploads\/2024\/09\/decor-walther-wb-basket-waeschebehaelter.jpg 620w, https:\/\/raum-blick.de\/magazin\/wp-content\/uploads\/2024\/09\/decor-walther-wb-basket-waeschebehaelter-300x300.jpg 300w, https:\/\/raum-blick.de\/magazin\/wp-content\/uploads\/2024\/09\/decor-walther-wb-basket-waeschebehaelter-150x150.jpg 150w\" sizes=\"(max-width: 620px) 100vw, 620px\" \/><\/a><\/p>\n<h2><span class=\"ez-toc-section\" id=\"Lifestyle-Accessoires_fuer_Stilbewusste_aus_Oststeinbek\"><\/span>Lifestyle-Accessoires f\u00fcr Stilbewusste aus Oststeinbek<span class=\"ez-toc-section-end\"><\/span><\/h2>\n<p style=\"text-align: justify;\">Produktverpackungen heischen um Aufmerksamkeit, damit sie sich aus der Masse hervorheben und im Einkaufswagen landen. Zu Hause kann man darauf verzichten, dass sie sich ins Rampenlicht dr\u00e4ngen. Elegantes <a href=\"https:\/\/www.raum-blick.de\/zack\/\">Edelstahl-Design &#8222;Made in Germany&#8220; pr\u00e4sentiert ZACK<\/a>. Badartikel geh\u00f6ren genauso zum Sortiment wie Lifestyle-Accessoires, die den ungeliebten Verpackungen die Show stehlen. Zucker, S\u00fc\u00dfstoff, Bodylotion oder Kosmetikt\u00fccher: Verschiedensten Allt\u00e4glichkeiten g\u00f6nnt Zack ein schickes Outfit.<\/p>\n<p><a href=\"https:\/\/www.raum-blick.de\/zack-carvo-handtuchhaken\"><img loading=\"lazy\" decoding=\"async\" class=\"aligncenter wp-image-17247 size-full\" title=\"Zack CARVO Handtuchhaken\" src=\"https:\/\/www.raum-blick.de\/magazin\/wp-content\/uploads\/2024\/09\/zack-carvo-handtuchhaken.jpg\" alt=\"Zack CARVO Handtuchhaken\" width=\"620\" height=\"516\" srcset=\"https:\/\/raum-blick.de\/magazin\/wp-content\/uploads\/2024\/09\/zack-carvo-handtuchhaken.jpg 620w, https:\/\/raum-blick.de\/magazin\/wp-content\/uploads\/2024\/09\/zack-carvo-handtuchhaken-300x250.jpg 300w\" sizes=\"(max-width: 620px) 100vw, 620px\" \/><\/a><\/p>\n<h2><span class=\"ez-toc-section\" id=\"Liebenswerte_Stimmungsaufheller_aus_dem_Ruhrgebiet\"><\/span>Liebenswerte Stimmungsaufheller aus dem Ruhrgebiet<span class=\"ez-toc-section-end\"><\/span><\/h2>\n<p style=\"text-align: justify;\">Als Hartmut R\u00e4der sein Design-Unternehmen gr\u00fcndete, hatte er ein ungew\u00f6hnliches Ziel vor Augen: Er wollte mit Accessoires f\u00fcr mehr Poesie, Inspiration und Lebensfreude im Alltag sorgen. Seiner Produktphilosophie ist es zu verdanken, dass die Bochumer Marke am laufenden Band begehrenswerte Lieblingsst\u00fccke launcht. Wer f\u00fcr Freunde herzliche Aufmerksamkeiten &#8222;Made in Germany&#8220; sucht, kann sich kaum entscheiden. Die Wohnaccessoires sind nicht nur dekorativ, sondern auch innovativ.<\/p>\n<p><a href=\"https:\/\/www.raum-blick.de\/raeder-design-raumpoesie-vase\"><img loading=\"lazy\" decoding=\"async\" class=\"aligncenter wp-image-17250 size-full\" title=\"R\u00e4der Design \u2013 Raumpoesie Vase, Serie: Zuhause | Design: Rieck\" src=\"https:\/\/www.raum-blick.de\/magazin\/wp-content\/uploads\/2024\/09\/Raeder-Design\u2013Raumpoesie-Vase.jpg\" alt=\"R\u00e4der Design \u2013 Raumpoesie Vase Serie: Zuhause | Design: Rieck\" width=\"620\" height=\"620\" srcset=\"https:\/\/raum-blick.de\/magazin\/wp-content\/uploads\/2024\/09\/Raeder-Design\u2013Raumpoesie-Vase.jpg 620w, https:\/\/raum-blick.de\/magazin\/wp-content\/uploads\/2024\/09\/Raeder-Design\u2013Raumpoesie-Vase-300x300.jpg 300w, https:\/\/raum-blick.de\/magazin\/wp-content\/uploads\/2024\/09\/Raeder-Design\u2013Raumpoesie-Vase-150x150.jpg 150w\" sizes=\"(max-width: 620px) 100vw, 620px\" \/><\/a><\/p>\n<p style=\"text-align: justify;\">Die deutsche Designmarke staubt deshalb regelm\u00e4\u00dfig bei Awards begehrte Preise ab. Preisgekr\u00f6nt ist der Getr\u00e4nkek\u00fchler mit Botschaft aus der Serie &#8222;Poesie et Table&#8220;. Sein Industrial-Look aus Beton ist stylish. Das por\u00f6se Material w\u00e4hlte <a href=\"https:\/\/www.raum-blick.de\/raeder-design\/\">R\u00e4der Design<\/a> aber aus einem anderen Grund: Es bindet Fl\u00fcssigkeit beim Wasserbad, die sp\u00e4ter als Verdunstungsk\u00e4lte das Getr\u00e4nk k\u00fchlt.<\/p>\n<p><img loading=\"lazy\" decoding=\"async\" class=\"aligncenter wp-image-17253 size-full\" title=\"R\u00e4der M\u00fcslischale, Serie: Poesie et Table Breakfast\" src=\"https:\/\/www.raum-blick.de\/magazin\/wp-content\/uploads\/2024\/09\/raeder-design-breakfast-mueslischale-6-1.jpg\" alt=\"R\u00e4der M\u00fcslischale Serie: Poesie et Table Breakfast\" width=\"620\" height=\"620\" srcset=\"https:\/\/raum-blick.de\/magazin\/wp-content\/uploads\/2024\/09\/raeder-design-breakfast-mueslischale-6-1.jpg 620w, https:\/\/raum-blick.de\/magazin\/wp-content\/uploads\/2024\/09\/raeder-design-breakfast-mueslischale-6-1-300x300.jpg 300w, https:\/\/raum-blick.de\/magazin\/wp-content\/uploads\/2024\/09\/raeder-design-breakfast-mueslischale-6-1-150x150.jpg 150w\" sizes=\"(max-width: 620px) 100vw, 620px\" \/><\/p>\n<p>&nbsp;<\/p>\n","protected":false},"excerpt":{"rendered":"<p>\u00ab Einrichten und dekorieren mit deutschen Designmarken \u00bb Warum sollte man in die Ferne schweifen, wenn Wundersch\u00f6nes zum Greifen nahe ist? Zwischen Flensburg und Passau entwerfen stilbewusste Unternehmen M\u00f6bel und Accessoires mit au\u00dfergew\u00f6hnlichem Design. &#8222;Made in Germany&#8220; Produkte sind rund um den Globus beliebt. Lust auf eine kleine Sightseeingtour? Sie werden \u00fcberrascht sein, wie vielf\u00e4ltig [&hellip;]<\/p>\n","protected":false},"author":4,"featured_media":17224,"comment_status":"closed","ping_status":"open","sticky":false,"template":"","format":"standard","meta":{"_et_pb_use_builder":"","_et_pb_old_content":"","_et_gb_content_width":"","inline_featured_image":false,"footnotes":""},"categories":[8],"tags":[107,1916,1918,1531,1919,1917,1869,38,133],"class_list":["post-17222","post","type-post","status-publish","format-standard","has-post-thumbnail","hentry","category-features","tag-decor-walther","tag-design-made-in-germany","tag-deutsches-design","tag-guaxs","tag-jan-kurtz-design","tag-made-in-germany","tag-modernes-design","tag-radius-design","tag-side-by-side"],"_links":{"self":[{"href":"https:\/\/raum-blick.de\/magazin\/wp-json\/wp\/v2\/posts\/17222","targetHints":{"allow":["GET"]}}],"collection":[{"href":"https:\/\/raum-blick.de\/magazin\/wp-json\/wp\/v2\/posts"}],"about":[{"href":"https:\/\/raum-blick.de\/magazin\/wp-json\/wp\/v2\/types\/post"}],"author":[{"embeddable":true,"href":"https:\/\/raum-blick.de\/magazin\/wp-json\/wp\/v2\/users\/4"}],"replies":[{"embeddable":true,"href":"https:\/\/raum-blick.de\/magazin\/wp-json\/wp\/v2\/comments?post=17222"}],"version-history":[{"count":18,"href":"https:\/\/raum-blick.de\/magazin\/wp-json\/wp\/v2\/posts\/17222\/revisions"}],"predecessor-version":[{"id":20683,"href":"https:\/\/raum-blick.de\/magazin\/wp-json\/wp\/v2\/posts\/17222\/revisions\/20683"}],"wp:featuredmedia":[{"embeddable":true,"href":"https:\/\/raum-blick.de\/magazin\/wp-json\/wp\/v2\/media\/17224"}],"wp:attachment":[{"href":"https:\/\/raum-blick.de\/magazin\/wp-json\/wp\/v2\/media?parent=17222"}],"wp:term":[{"taxonomy":"category","embeddable":true,"href":"https:\/\/raum-blick.de\/magazin\/wp-json\/wp\/v2\/categories?post=17222"},{"taxonomy":"post_tag","embeddable":true,"href":"https:\/\/raum-blick.de\/magazin\/wp-json\/wp\/v2\/tags?post=17222"}],"curies":[{"name":"wp","href":"https:\/\/api.w.org\/{rel}","templated":true}]}}