{"id":17121,"date":"2022-09-20T11:40:24","date_gmt":"2022-09-20T09:40:24","guid":{"rendered":"https:\/\/www.raum-blick.de\/magazin\/?p=17121"},"modified":"2024-08-27T14:00:26","modified_gmt":"2024-08-27T12:00:26","slug":"schoene-teezeit-mit-stil","status":"publish","type":"post","link":"https:\/\/raum-blick.de\/magazin\/schoene-teezeit-mit-stil\/","title":{"rendered":"Sch\u00f6ne Teezeit mit Stil"},"content":{"rendered":"<p style=\"text-align: justify;\"><strong>Zum Fr\u00fchst\u00fcck, bei der Arbeit und am Abend: Teefans genie\u00dfen ihr Lieblingsgetr\u00e4nk zu jeder Tageszeit. Ist der Funke f\u00fcr Tee bislang noch nicht auf Sie \u00fcbergesprungen? Dann lag es vielleicht an der herzlosen Darbietung mit einem aromafreien Beutel, der im hei\u00dfen Wasser schwimmt. Gewiss sind Sie bald Feuer und Flamme, wenn Sie eine meditative, friesische oder japanische Teezeit g\u00f6nnen.<\/strong><\/p>\n<h2><span class=\"ez-toc-section\" id=\"Transparentes_Glasdesign_fuer_puren_Teegenuss\"><\/span>Transparentes Glasdesign f\u00fcr puren Teegenuss<span class=\"ez-toc-section-end\"><\/span><\/h2>\n<p style=\"text-align: justify;\">Tee ist kein Hei\u00dfgetr\u00e4nk, sondern ein Lebenselixier, das passend zum Moment den Geist vitalisiert oder bes\u00e4nftigt. Wer jetzt zustimmend nickt, m\u00f6chte jede Sekunde der Teezeit genussvoll auskosten. Daf\u00fcr ist eine Kanne aus Glas ideal. Ihre pure \u00c4sthetik \u00fcberl\u00e4sst dem Getr\u00e4nk die B\u00fchne. Wunderbar kann man durch das transparente Gef\u00e4\u00df beobachten, wie sich die Farben und Aromen entfalten. Hauchzart wirkt der Gr\u00fcnton des spritzig-leichten Bambustees mit Zitronengras. Goldgelb schimmert die anregende Kr\u00e4utermischung mit Karotte und Orange. Das tiefe Rot des winterlichen Fr\u00fcchtetees ist so herzerw\u00e4rmend wie sein w\u00fcrziger Duft.<\/p><div id=\"ez-toc-container\" class=\"ez-toc-v2_0_82_2 counter-hierarchy ez-toc-counter ez-toc-grey ez-toc-container-direction\">\n<div class=\"ez-toc-title-container\">\n<p class=\"ez-toc-title\" style=\"cursor:inherit\">Was hier auf Sie wartet<\/p>\n<span class=\"ez-toc-title-toggle\"><a href=\"#\" class=\"ez-toc-pull-right ez-toc-btn ez-toc-btn-xs ez-toc-btn-default ez-toc-toggle\" aria-label=\"Toggle Table of Content\"><span class=\"ez-toc-js-icon-con\"><span class=\"\"><span class=\"eztoc-hide\" style=\"display:none;\">Toggle<\/span><span class=\"ez-toc-icon-toggle-span\"><svg style=\"fill: #999;color:#999\" xmlns=\"http:\/\/www.w3.org\/2000\/svg\" class=\"list-377408\" width=\"20px\" height=\"20px\" viewBox=\"0 0 24 24\" fill=\"none\"><path d=\"M6 6H4v2h2V6zm14 0H8v2h12V6zM4 11h2v2H4v-2zm16 0H8v2h12v-2zM4 16h2v2H4v-2zm16 0H8v2h12v-2z\" fill=\"currentColor\"><\/path><\/svg><svg style=\"fill: #999;color:#999\" class=\"arrow-unsorted-368013\" xmlns=\"http:\/\/www.w3.org\/2000\/svg\" width=\"10px\" height=\"10px\" viewBox=\"0 0 24 24\" version=\"1.2\" baseProfile=\"tiny\"><path d=\"M18.2 9.3l-6.2-6.3-6.2 6.3c-.2.2-.3.4-.3.7s.1.5.3.7c.2.2.4.3.7.3h11c.3 0 .5-.1.7-.3.2-.2.3-.5.3-.7s-.1-.5-.3-.7zM5.8 14.7l6.2 6.3 6.2-6.3c.2-.2.3-.5.3-.7s-.1-.5-.3-.7c-.2-.2-.4-.3-.7-.3h-11c-.3 0-.5.1-.7.3-.2.2-.3.5-.3.7s.1.5.3.7z\"\/><\/svg><\/span><\/span><\/span><\/a><\/span><\/div>\n<nav><ul class='ez-toc-list ez-toc-list-level-1 ' ><li class='ez-toc-page-1 ez-toc-heading-level-2'><a class=\"ez-toc-link ez-toc-heading-1\" href=\"https:\/\/raum-blick.de\/magazin\/schoene-teezeit-mit-stil\/#Transparentes_Glasdesign_fuer_puren_Teegenuss\" >Transparentes Glasdesign f\u00fcr puren Teegenuss<\/a><\/li><li class='ez-toc-page-1 ez-toc-heading-level-2'><a class=\"ez-toc-link ez-toc-heading-2\" href=\"https:\/\/raum-blick.de\/magazin\/schoene-teezeit-mit-stil\/#Stilvolle_Teestunde_wie_im_idyllischen_Friesland\" >Stilvolle Teestunde wie im idyllischen Friesland<\/a><\/li><li class='ez-toc-page-1 ez-toc-heading-level-2'><a class=\"ez-toc-link ez-toc-heading-3\" href=\"https:\/\/raum-blick.de\/magazin\/schoene-teezeit-mit-stil\/#Lieblingsstuecke_fuers_Familienfruehstueck_mit_Tee_und_Kaffee\" >Lieblingsst\u00fccke f\u00fcrs Familienfr\u00fchst\u00fcck mit Tee und Kaffee<\/a><\/li><li class='ez-toc-page-1 ez-toc-heading-level-2'><a class=\"ez-toc-link ez-toc-heading-4\" href=\"https:\/\/raum-blick.de\/magazin\/schoene-teezeit-mit-stil\/#Herzlich_willkommen_zur_Japandi-Teezeit\" >Herzlich willkommen zur Japandi-Teezeit<\/a><\/li><li class='ez-toc-page-1 ez-toc-heading-level-2'><a class=\"ez-toc-link ez-toc-heading-5\" href=\"https:\/\/raum-blick.de\/magazin\/schoene-teezeit-mit-stil\/#Must-haves_fuer_Teefans\" >Must-haves f\u00fcr Teefans<\/a><\/li><\/ul><\/nav><\/div>\n\n<div id=\"attachment_17128\" style=\"width: 630px\" class=\"wp-caption aligncenter\"><img loading=\"lazy\" decoding=\"async\" aria-describedby=\"caption-attachment-17128\" class=\"wp-image-17128 size-full\" title=\"In vielen Kulturen ist die Tee-Zeremonie weit mehr als blo\u00dfe Fl\u00fcssigkeitsaufnahme\" src=\"https:\/\/www.raum-blick.de\/magazin\/wp-content\/uploads\/2024\/09\/Asiatische-Teezeremonie.jpg\" alt=\"Asiatische Tee-Kultur - Sch\u00f6ne Teezeit mit Stil\" width=\"620\" height=\"401\" srcset=\"https:\/\/raum-blick.de\/magazin\/wp-content\/uploads\/2024\/09\/Asiatische-Teezeremonie.jpg 620w, https:\/\/raum-blick.de\/magazin\/wp-content\/uploads\/2024\/09\/Asiatische-Teezeremonie-300x194.jpg 300w\" sizes=\"(max-width: 620px) 100vw, 620px\" \/><p id=\"caption-attachment-17128\" class=\"wp-caption-text\">\u00a9 kalinichenkod &#8211; stock.adobe.com<\/p><\/div>\n<p style=\"text-align: justify;\">So harmonisierend wie eine Verschnaufpause gestaltete menu die <a href=\"https:\/\/www.raum-blick.de\/menu-kettle-teekanne\">Kettle Teekanne<\/a> mit ihrer bauchigen Form und den sanften Rundungen. Ausgezeichnet steht Glaskannen eine Prise Extravaganz. Der Meinung schloss sich Tassilo Grolman an, als er f\u00fcr <a href=\"https:\/\/www.raum-blick.de\/mono\/\">mono<\/a> den <a href=\"https:\/\/www.raum-blick.de\/mono-ellipse-teekanne-1-3-l\">ellipse Teezubereiter<\/a> mit kesser Asymmetrie entwarf. Zuvorkommend erg\u00e4nzte der deutsche Produktdesigner passende Teebecher und ein St\u00f6vchen aus Borosilikatglas. So gelingt es leicht, den puren Gl\u00fccksmoment rundum stimmig zu zelebrieren.<\/p>\n<p><a href=\"https:\/\/www.raum-blick.de\/menu-kettle-teekanne\"><img loading=\"lazy\" decoding=\"async\" class=\"aligncenter wp-image-17142 size-full\" title=\"menu Kettle Teekanne mit Tee-Ei | Design: Norm\" src=\"https:\/\/www.raum-blick.de\/magazin\/wp-content\/uploads\/2024\/09\/menu-kettle-teekanne.jpg\" alt=\"menu Kettle Teekanne mit Tee-Ei | Design: Norm\" width=\"620\" height=\"494\" srcset=\"https:\/\/raum-blick.de\/magazin\/wp-content\/uploads\/2024\/09\/menu-kettle-teekanne.jpg 620w, https:\/\/raum-blick.de\/magazin\/wp-content\/uploads\/2024\/09\/menu-kettle-teekanne-300x239.jpg 300w\" sizes=\"(max-width: 620px) 100vw, 620px\" \/><\/a><\/p>\n<h2><span class=\"ez-toc-section\" id=\"Stilvolle_Teestunde_wie_im_idyllischen_Friesland\"><\/span>Stilvolle Teestunde wie im idyllischen Friesland<span class=\"ez-toc-section-end\"><\/span><\/h2>\n<p style=\"text-align: justify;\">Kraftvoll begegnen die dunklen Assam-Sorten den Geschmacksknospen. Ihre herbe Art mildert der Tropfen Sahne genauso wie die feine S\u00fc\u00dfe der Kluntjes. Ein kleiner Schluck gen\u00fcgt, um sich in ein maritimes Szenario mit kreischenden M\u00f6wen, gestreiften Strandk\u00f6rben und salziger Meeresbrise versetzt zu f\u00fchlen. Schnell war die Begeisterung entfacht, als Handelsschiffe im 17. Jahrhundert die ersten S\u00e4cke Tee nach Norddeutschland brachten. Zum immateriellen Kulturerbe z\u00e4hlt heute die ostfriesische Teezeit, deren Mix aus Idylle und Eleganz die Seele balsamiert.<\/p>\n<div id=\"attachment_17127\" style=\"width: 630px\" class=\"wp-caption aligncenter\"><img loading=\"lazy\" decoding=\"async\" aria-describedby=\"caption-attachment-17127\" class=\"wp-image-17127 size-full\" title=\"Ostfriesland ist eine Region mit identit\u00e4tsstiftender Teekultur\" src=\"https:\/\/www.raum-blick.de\/magazin\/wp-content\/uploads\/2024\/09\/Teetafel-ostfriesentee.jpg\" alt=\"Ostfriesische Teetafel - Sch\u00f6ne Teezeit mit Stil\" width=\"620\" height=\"413\" srcset=\"https:\/\/raum-blick.de\/magazin\/wp-content\/uploads\/2024\/09\/Teetafel-ostfriesentee.jpg 620w, https:\/\/raum-blick.de\/magazin\/wp-content\/uploads\/2024\/09\/Teetafel-ostfriesentee-300x200.jpg 300w\" sizes=\"(max-width: 620px) 100vw, 620px\" \/><p id=\"caption-attachment-17127\" class=\"wp-caption-text\">\u00a9 silke &#8211; stock.adobe.com<\/p><\/div>\n<p style=\"text-align: justify;\">Obwohl die <a href=\"https:\/\/www.raum-blick.de\/kaehler-hammershoi-teekanne-1-2-l\">K\u00e4hler Hammershoi Teekanne<\/a> d\u00e4nische Wurzeln hat, passt sie hervorragend zur friesischen Teetied. Das markant gerillte Keramikdesign hat eine lange Tradition, wirkt aber zeitlos schick. Entz\u00fcckt sind die G\u00e4ste von der geschmackvollen Teetafel, wenn sie zur gem\u00fctlichen Runde am Sonntagnachmittag eintreffen. Die Teetasse, Kandisschale, Mini-Vase, Kerzenst\u00e4nder und Etagere mit den Heidesand-Keksen: Zum stilvollen Genusserlebnis avanciert die norddeutsche Teezeit, weil jedes Detail zur Keramikkanne von K\u00e4hler passt.<\/p>\n<p><a href=\"https:\/\/www.raum-blick.de\/kaehler-hammershoi-teekanne-1-2-l\"><img loading=\"lazy\" decoding=\"async\" class=\"aligncenter wp-image-17131 size-full\" title=\"K\u00e4hler Hammershoi Teekanne 1,2 l | Design: Hans-Christian Bauer\" src=\"https:\/\/www.raum-blick.de\/magazin\/wp-content\/uploads\/2024\/09\/kaehler-hammershoi-teekanne-indigo.jpg\" alt=\"K\u00e4hler Hammershoi Teekanne 1,2 l| Design: Hans-Christian Bauer - Sch\u00f6ne Teezeit mit Stil\" width=\"620\" height=\"511\" srcset=\"https:\/\/raum-blick.de\/magazin\/wp-content\/uploads\/2024\/09\/kaehler-hammershoi-teekanne-indigo.jpg 620w, https:\/\/raum-blick.de\/magazin\/wp-content\/uploads\/2024\/09\/kaehler-hammershoi-teekanne-indigo-300x247.jpg 300w\" sizes=\"(max-width: 620px) 100vw, 620px\" \/><\/a><\/p>\n<h2><span class=\"ez-toc-section\" id=\"Lieblingsstuecke_fuers_Familienfruehstueck_mit_Tee_und_Kaffee\"><\/span>Lieblingsst\u00fccke f\u00fcrs Familienfr\u00fchst\u00fcck mit Tee und Kaffee<span class=\"ez-toc-section-end\"><\/span><\/h2>\n<p style=\"text-align: justify;\">Wer denkt, dass sich hyggeliges Flair erst abends einstellt, hat den Scandi-Lifestyle noch nicht f\u00fcr sich entdeckt. Friedlich still ist es am fr\u00fchen Morgen im Haus. Frei von Hektik wird das Wasser erhitzt, um den Kaffeezubereiter und die Teekanne zu best\u00fccken. Es ist fabelhaft, dass Eva Solo die Nordic Kitchen Kollektion mit beiden Stempelkannen bereicherte. Meist sitzen Kaffeefans und Liebhaber der Teezeit gemeinsam am Fr\u00fchst\u00fcckstisch. Darauf sorgen die Kaffeekanne und der <a href=\"https:\/\/www.raum-blick.de\/eva-solo-stempelkanne-tee-nordic-kitchen\">Nordic Kitchen Teezubereiter<\/a> mit ihrem kontrastreichen Design aus Edelstahl und Eiche f\u00fcr schicke Akzente.<\/p>\n<p><a href=\"https:\/\/www.raum-blick.de\/eva-solo-stempelkanne-tee-nordic-kitchen\"><img loading=\"lazy\" decoding=\"async\" class=\"aligncenter wp-image-17133 size-full\" title=\"Eva Solo \u2013 Stempelkanne Tee Nordic Kitchen | Design: Tools\u00ae\" src=\"https:\/\/www.raum-blick.de\/magazin\/wp-content\/uploads\/2024\/09\/eva-solo-stempelkanne-tee-nordic-kitchen.jpg\" alt=\"Eva Solo \u2013 Stempelkanne Tee Nordic Kitchen | Design: Tools\u00ae\" width=\"620\" height=\"521\" srcset=\"https:\/\/raum-blick.de\/magazin\/wp-content\/uploads\/2024\/09\/eva-solo-stempelkanne-tee-nordic-kitchen.jpg 620w, https:\/\/raum-blick.de\/magazin\/wp-content\/uploads\/2024\/09\/eva-solo-stempelkanne-tee-nordic-kitchen-300x252.jpg 300w\" sizes=\"(max-width: 620px) 100vw, 620px\" \/><\/a><\/p>\n<p style=\"text-align: justify;\">Trendigen Minimalismus interpretieren die Teebecher aus schwarzem Steinzeug entz\u00fcckend urig, die auch als Kaffeetasse \u00fcberzeugen. Die Butterdose, der Brotkorb und die Schale mit den Fr\u00fchst\u00fcckseiern bekennen sich ebenfalls zu dem rustikalen Material mit gem\u00fctlicher Aura. Wenige Minuten sp\u00e4ter versammelt sich die Familie am Tisch, der pure Geborgenheit ausstrahlt. Wer mit diesem Hygge-Gef\u00fchl in den Tag startet, begegnet jeder Herausforderung mit erfolgversprechender L\u00e4ssigkeit.<\/p>\n<h2><span class=\"ez-toc-section\" id=\"Herzlich_willkommen_zur_Japandi-Teezeit\"><\/span>Herzlich willkommen zur Japandi-Teezeit<span class=\"ez-toc-section-end\"><\/span><\/h2>\n<p style=\"text-align: justify;\">Das Wohlbefinden vervielfacht sich, wenn man japanisch akzentuierte und skandinavisch inspirierte Elemente vereint. Das gilt f\u00fcr die Einrichtung genauso wie die Lebensart und die Teezeit. F\u00fcr den Crossover-Genussmoment entdeckt man im Portfolio von menu den <a href=\"https:\/\/www.raum-blick.de\/menu-yana-kaffee\/teezubereiter\">Yana Teezubereiter<\/a>. Das Studio Norm Architects dachte bei dem harmonisch gerundeten Minimalismus an Japans Designkultur. Die reduzierte Formgebung und Fertigung aus Steingut verweisen aber genauso auf die Designtradition in Skandinavien. Gesellen sich die tiefroten <a href=\"https:\/\/www.raum-blick.de\/menu-new-norm-tasse-2er-set\">New Norm Teetassen<\/a> und Becher aus dem Markensortiment hinzu, ist das Set f\u00fcr die Japandi-Teezeit komplett.<\/p>\n<p><a href=\"https:\/\/www.raum-blick.de\/menu-yana-kaffee\/teezubereiter\"><img loading=\"lazy\" decoding=\"async\" class=\"aligncenter wp-image-17137 size-full\" title=\"menu \u2013 Yana Kaffee Zubereiter \/ Tee Zubereiter Tee und Kaffee zubereiten in japanischem Stil | Design: Norm Architects\" src=\"https:\/\/www.raum-blick.de\/magazin\/wp-content\/uploads\/2024\/09\/menu-yana-kaffee-teezubereiter.jpg\" alt=\"menu \u2013 Yana Kaffee Zubereiter \/ Tee Zubereiter Tee und Kaffee zubereiten in japanischem Stil | Design: Norm Architects\" width=\"620\" height=\"620\" srcset=\"https:\/\/raum-blick.de\/magazin\/wp-content\/uploads\/2024\/09\/menu-yana-kaffee-teezubereiter.jpg 620w, https:\/\/raum-blick.de\/magazin\/wp-content\/uploads\/2024\/09\/menu-yana-kaffee-teezubereiter-300x300.jpg 300w, https:\/\/raum-blick.de\/magazin\/wp-content\/uploads\/2024\/09\/menu-yana-kaffee-teezubereiter-150x150.jpg 150w\" sizes=\"(max-width: 620px) 100vw, 620px\" \/><\/a><\/p>\n<p style=\"text-align: justify;\">Respektvoll empf\u00e4ngt man im Land der aufgehenden Sonne die G\u00e4ste im Teehaus, um ihnen eine M\u00f6glichkeit zur inneren Einkehr zu bieten. Gereicht wird in der betont einfachen Umgebung nicht nur Matcha-Tee, sondern auch ein Potpourri mit vegetarisch-leichten Kaiseki-Speisen. Nichts spricht dagegen, sich nach einem anstrengenden Arbeitstag selbst zu einer japanisch inspirierten Teezeit einzuladen. Der Gr\u00fcntee verscheucht den Stress genauso sanft wie die Mattigkeit. Seinen w\u00e4rmenden Aspekt verst\u00e4rkt danach die w\u00fcrzige Misosuppe. Den Hunger stillen die gebratenen Auberginenscheiben mit Sojasauce, Sesam und Reis. Die kleinen Keramikbecher sind optimal, um abschlie\u00dfend den leicht erw\u00e4rmten Sake mit kr\u00e4ftiger Note zu genie\u00dfen. Keine Lust auf Reiswein? Dann kommt der Espressokocher zum Einsatz, um die Becher mit einem Energiekick zu f\u00fcllen.<\/p>\n<p><a href=\"https:\/\/www.raum-blick.de\/menu-new-norm-tasse-2er-set\"><img loading=\"lazy\" decoding=\"async\" class=\"aligncenter wp-image-17139 size-full\" title=\"menu \u2013 New Norm Keramiktasse 2er Set | Design: Norm Architects\" src=\"https:\/\/www.raum-blick.de\/magazin\/wp-content\/uploads\/2024\/09\/menu-\u2013-New-Norm-Keramiktasse.jpg\" alt=\"menu \u2013 New Norm Keramiktasse 2er Set | Design: Norm Architects\" width=\"620\" height=\"382\" srcset=\"https:\/\/raum-blick.de\/magazin\/wp-content\/uploads\/2024\/09\/menu-\u2013-New-Norm-Keramiktasse.jpg 620w, https:\/\/raum-blick.de\/magazin\/wp-content\/uploads\/2024\/09\/menu-\u2013-New-Norm-Keramiktasse-300x185.jpg 300w\" sizes=\"(max-width: 620px) 100vw, 620px\" \/><\/a><\/p>\n<h2><span class=\"ez-toc-section\" id=\"Must-haves_fuer_Teefans\"><\/span>Must-haves f\u00fcr Teefans<span class=\"ez-toc-section-end\"><\/span><\/h2>\n<p style=\"text-align: justify;\">Schwarztee, Gr\u00fcntee oder Fr\u00fcchtetee: Feinschmecker wissen, dass jede Sorte bei einer speziellen Temperatur aufgegossen werden m\u00f6chte. Das ber\u00fccksichtigt <a href=\"https:\/\/www.raum-blick.de\/smeg-wasserkocher-temperaturwahl\">SMEG mit einem Wasserkocher<\/a>, den man als professionellen Teekocher bezeichnen kann. Er beeindruckt mit einer 7-stufigen Temperaturwahl von 50 bis 100 Grad. Mit dem Retrodesign macht das Ger\u00e4t der italienischen Marke au\u00dferdem eine gute Figur in der K\u00fcche und auf dem Tisch.<\/p>\n<p><a href=\"https:\/\/www.raum-blick.de\/smeg-wasserkocher-temperaturwahl\"><img loading=\"lazy\" decoding=\"async\" class=\"aligncenter wp-image-17135 size-full\" title=\"7 Temperaturstufen mit LED-Statusanzeige | Design: SMEG\" src=\"https:\/\/www.raum-blick.de\/magazin\/wp-content\/uploads\/2024\/09\/SMEG-Wasserkocher.jpg\" alt=\"7 Temperaturstufen mit LED-Statusanzeige | Design: SMEG\" width=\"620\" height=\"525\" srcset=\"https:\/\/raum-blick.de\/magazin\/wp-content\/uploads\/2024\/09\/SMEG-Wasserkocher.jpg 620w, https:\/\/raum-blick.de\/magazin\/wp-content\/uploads\/2024\/09\/SMEG-Wasserkocher-300x254.jpg 300w\" sizes=\"(max-width: 620px) 100vw, 620px\" \/><\/a><\/p>\n<p style=\"text-align: justify;\">Bevor der Homeoffice-Tag beginnt, wird reichlich Rooibos-Tee zubereitet. Er tr\u00e4gt dazu bei, dass man bestens versorgt und unverkrampft die Aufgaben meistern kann. Damit die Trinktemperatur stundenlang \u00fcberzeugt, steuert Eva Solo die <a href=\"https:\/\/www.raum-blick.de\/eva-solo-thimble-isolierkanne\">Thimble Isolierkanne<\/a> bei. Apart kontrastiert die bauchige Formgebung die auffallend kompakte T\u00fclle. So inspiriert die nordische Isolierkanne neben dem Schreibtisch dazu, mutige Ideen in die Arbeit einflie\u00dfen zu lassen. Wer aufs Umf\u00fcllen verzichten m\u00f6chte, freut sich \u00fcber das <a href=\"https:\/\/www.raum-blick.de\/adhoc-tuto-stoevchen\">AdHoc TUTO St\u00f6vchen<\/a> auf dem Beistelltisch. Auf dem formsch\u00f6nen Accessoire aus Akazienholz und Edelstahl bleibt der Lieblingstee warm.<\/p>\n<p><a href=\"https:\/\/www.raum-blick.de\/adhoc-tuto-stoevchen\"><img loading=\"lazy\" decoding=\"async\" class=\"aligncenter wp-image-17145 size-full\" title=\"AdHoc TUTO St\u00f6vchen auch geeignet zum Warmhalten von Speisen in T\u00f6pfen oder Schalen | Design: AdHoc Design Team\" src=\"https:\/\/www.raum-blick.de\/magazin\/wp-content\/uploads\/2024\/09\/adhoc-tuto-stoevchen.jpg\" alt=\"AdHoc TUTO St\u00f6vchen auch geeignet zum Warmhalten von Speisen in T\u00f6pfen oder Schalen | Design: AdHoc Design Team\" width=\"600\" height=\"600\" srcset=\"https:\/\/raum-blick.de\/magazin\/wp-content\/uploads\/2024\/09\/adhoc-tuto-stoevchen.jpg 600w, https:\/\/raum-blick.de\/magazin\/wp-content\/uploads\/2024\/09\/adhoc-tuto-stoevchen-300x300.jpg 300w, https:\/\/raum-blick.de\/magazin\/wp-content\/uploads\/2024\/09\/adhoc-tuto-stoevchen-150x150.jpg 150w\" sizes=\"(max-width: 600px) 100vw, 600px\" \/><\/a><\/p>\n","protected":false},"excerpt":{"rendered":"<p>Zum Fr\u00fchst\u00fcck, bei der Arbeit und am Abend: Teefans genie\u00dfen ihr Lieblingsgetr\u00e4nk zu jeder Tageszeit. Ist der Funke f\u00fcr Tee bislang noch nicht auf Sie \u00fcbergesprungen? Dann lag es vielleicht an der herzlosen Darbietung mit einem aromafreien Beutel, der im hei\u00dfen Wasser schwimmt. Gewiss sind Sie bald Feuer und Flamme, wenn Sie eine meditative, friesische [&hellip;]<\/p>\n","protected":false},"author":4,"featured_media":17125,"comment_status":"closed","ping_status":"open","sticky":false,"template":"","format":"standard","meta":{"_et_pb_use_builder":"","_et_pb_old_content":"","_et_gb_content_width":"","inline_featured_image":false,"footnotes":""},"categories":[7],"tags":[1896,1899,1895,1893,368,1900,1274,1894,1897,1898,165,124],"class_list":["post-17121","post","type-post","status-publish","format-standard","has-post-thumbnail","hentry","category-accessoires-lifestyle","tag-asdiatische-teekultur","tag-japandi-teezeit","tag-ostfriesentee","tag-schoene-teezeit-mit-stil","tag-stoevchen","tag-teefans","tag-teekanne","tag-teekultur","tag-teeservice","tag-teetasse","tag-teezubereiter","tag-wasserkocher"],"_links":{"self":[{"href":"https:\/\/raum-blick.de\/magazin\/wp-json\/wp\/v2\/posts\/17121","targetHints":{"allow":["GET"]}}],"collection":[{"href":"https:\/\/raum-blick.de\/magazin\/wp-json\/wp\/v2\/posts"}],"about":[{"href":"https:\/\/raum-blick.de\/magazin\/wp-json\/wp\/v2\/types\/post"}],"author":[{"embeddable":true,"href":"https:\/\/raum-blick.de\/magazin\/wp-json\/wp\/v2\/users\/4"}],"replies":[{"embeddable":true,"href":"https:\/\/raum-blick.de\/magazin\/wp-json\/wp\/v2\/comments?post=17121"}],"version-history":[{"count":17,"href":"https:\/\/raum-blick.de\/magazin\/wp-json\/wp\/v2\/posts\/17121\/revisions"}],"predecessor-version":[{"id":20697,"href":"https:\/\/raum-blick.de\/magazin\/wp-json\/wp\/v2\/posts\/17121\/revisions\/20697"}],"wp:featuredmedia":[{"embeddable":true,"href":"https:\/\/raum-blick.de\/magazin\/wp-json\/wp\/v2\/media\/17125"}],"wp:attachment":[{"href":"https:\/\/raum-blick.de\/magazin\/wp-json\/wp\/v2\/media?parent=17121"}],"wp:term":[{"taxonomy":"category","embeddable":true,"href":"https:\/\/raum-blick.de\/magazin\/wp-json\/wp\/v2\/categories?post=17121"},{"taxonomy":"post_tag","embeddable":true,"href":"https:\/\/raum-blick.de\/magazin\/wp-json\/wp\/v2\/tags?post=17121"}],"curies":[{"name":"wp","href":"https:\/\/api.w.org\/{rel}","templated":true}]}}