{"id":17084,"date":"2022-09-08T14:30:00","date_gmt":"2022-09-08T12:30:00","guid":{"rendered":"https:\/\/www.raum-blick.de\/magazin\/?p=17084"},"modified":"2024-09-02T14:33:00","modified_gmt":"2024-09-02T12:33:00","slug":"minivasen-set-fuer-bluehende-kleinode","status":"publish","type":"post","link":"https:\/\/raum-blick.de\/magazin\/minivasen-set-fuer-bluehende-kleinode\/","title":{"rendered":"Dekorativer Trend: Minivasen-Set f\u00fcr bl\u00fchende Kleinode"},"content":{"rendered":"<p style=\"text-align: justify;\"><strong>Die kleinen Lichtblicke des Lebens bereiten meist die gr\u00f6\u00dfte Freude. Verst\u00e4ndlich ist deshalb die wachsende Beliebtheit von Minivasen. Selbst wenn man sie nicht best\u00fcckt, ist ihr graziles Design entz\u00fcckend. Wer sie beim Dekorieren ins Spiel bringt, wird belohnt: <\/strong><a href=\"https:\/\/www.raum-blick.de\/vasen\/\"><strong>Kleine Design-Vasen<\/strong><\/a><strong> bringen die Sch\u00f6nheit einer Blume oft besser zur Geltung als ihre Pendants in der gewohnten Gr\u00f6\u00dfe.<\/strong><\/p>\n<h2><span class=\"ez-toc-section\" id=\"Die_Schoenheit_des_Vergaenglichen_Naturdeko_im_Japandi-Style\"><\/span>Die Sch\u00f6nheit des Verg\u00e4nglichen: Naturdeko im Japandi-Style<span class=\"ez-toc-section-end\"><\/span><\/h2>\n<p style=\"text-align: justify;\">Mit ihren erdigen Farbt\u00f6nen erinnern die Minivasen an rustikales Steinzeug aus Japan. Typisch skandinavisch wirkt die unkomplizierte Formgebung mit organischem Touch. Die Wohnaccessoires eignen sich prima, wenn man den Einrichtungstrend Japandi aufgreifen m\u00f6chte. Gekonnt nutzt <a href=\"https:\/\/www.raum-blick.de\/ferm-living\/\">ferm LIVING<\/a> bei den Komo Minivasen die Glasur f\u00fcr ein Finish, um charismatische Gebrauchsspuren zu imitieren. Sie offenbaren, dass wahrhaftig Sch\u00f6nes nicht perfekt sein muss.<\/p><div id=\"ez-toc-container\" class=\"ez-toc-v2_0_82_2 counter-hierarchy ez-toc-counter ez-toc-grey ez-toc-container-direction\">\n<div class=\"ez-toc-title-container\">\n<p class=\"ez-toc-title\" style=\"cursor:inherit\">Was hier auf Sie wartet<\/p>\n<span class=\"ez-toc-title-toggle\"><a href=\"#\" class=\"ez-toc-pull-right ez-toc-btn ez-toc-btn-xs ez-toc-btn-default ez-toc-toggle\" aria-label=\"Toggle Table of Content\"><span class=\"ez-toc-js-icon-con\"><span class=\"\"><span class=\"eztoc-hide\" style=\"display:none;\">Toggle<\/span><span class=\"ez-toc-icon-toggle-span\"><svg style=\"fill: #999;color:#999\" xmlns=\"http:\/\/www.w3.org\/2000\/svg\" class=\"list-377408\" width=\"20px\" height=\"20px\" viewBox=\"0 0 24 24\" fill=\"none\"><path d=\"M6 6H4v2h2V6zm14 0H8v2h12V6zM4 11h2v2H4v-2zm16 0H8v2h12v-2zM4 16h2v2H4v-2zm16 0H8v2h12v-2z\" fill=\"currentColor\"><\/path><\/svg><svg style=\"fill: #999;color:#999\" class=\"arrow-unsorted-368013\" xmlns=\"http:\/\/www.w3.org\/2000\/svg\" width=\"10px\" height=\"10px\" viewBox=\"0 0 24 24\" version=\"1.2\" baseProfile=\"tiny\"><path d=\"M18.2 9.3l-6.2-6.3-6.2 6.3c-.2.2-.3.4-.3.7s.1.5.3.7c.2.2.4.3.7.3h11c.3 0 .5-.1.7-.3.2-.2.3-.5.3-.7s-.1-.5-.3-.7zM5.8 14.7l6.2 6.3 6.2-6.3c.2-.2.3-.5.3-.7s-.1-.5-.3-.7c-.2-.2-.4-.3-.7-.3h-11c-.3 0-.5.1-.7.3-.2.2-.3.5-.3.7s.1.5.3.7z\"\/><\/svg><\/span><\/span><\/span><\/a><\/span><\/div>\n<nav><ul class='ez-toc-list ez-toc-list-level-1 ' ><li class='ez-toc-page-1 ez-toc-heading-level-2'><a class=\"ez-toc-link ez-toc-heading-1\" href=\"https:\/\/raum-blick.de\/magazin\/minivasen-set-fuer-bluehende-kleinode\/#Die_Schoenheit_des_Vergaenglichen_Naturdeko_im_Japandi-Style\" >Die Sch\u00f6nheit des Verg\u00e4nglichen: Naturdeko im Japandi-Style<\/a><\/li><li class='ez-toc-page-1 ez-toc-heading-level-2'><a class=\"ez-toc-link ez-toc-heading-2\" href=\"https:\/\/raum-blick.de\/magazin\/minivasen-set-fuer-bluehende-kleinode\/#Einfach_zauberhaft_Keramikensemble_aus_Skandinavien\" >Einfach zauberhaft: Keramikensemble aus Skandinavien<\/a><\/li><li class='ez-toc-page-1 ez-toc-heading-level-2'><a class=\"ez-toc-link ez-toc-heading-3\" href=\"https:\/\/raum-blick.de\/magazin\/minivasen-set-fuer-bluehende-kleinode\/#Minimalismus_als_florale_Attraktion\" >Minimalismus als florale Attraktion<\/a><\/li><li class='ez-toc-page-1 ez-toc-heading-level-2'><a class=\"ez-toc-link ez-toc-heading-4\" href=\"https:\/\/raum-blick.de\/magazin\/minivasen-set-fuer-bluehende-kleinode\/#Designikonen_mit_fruehlingshaftem_Blumendekor\" >Designikonen mit fr\u00fchlingshaftem Blumendekor<\/a><\/li><li class='ez-toc-page-1 ez-toc-heading-level-2'><a class=\"ez-toc-link ez-toc-heading-5\" href=\"https:\/\/raum-blick.de\/magazin\/minivasen-set-fuer-bluehende-kleinode\/#Entzueckende_Haeuserparade_fuer_frische_Fundstuecke\" >Entz\u00fcckende H\u00e4userparade f\u00fcr frische Fundst\u00fccke<\/a><\/li><li class='ez-toc-page-1 ez-toc-heading-level-2'><a class=\"ez-toc-link ez-toc-heading-6\" href=\"https:\/\/raum-blick.de\/magazin\/minivasen-set-fuer-bluehende-kleinode\/#Farbtupfer_fuers_erfrischende_Flair\" >Farbtupfer f\u00fcrs erfrischende Flair<\/a><\/li><li class='ez-toc-page-1 ez-toc-heading-level-2'><a class=\"ez-toc-link ez-toc-heading-7\" href=\"https:\/\/raum-blick.de\/magazin\/minivasen-set-fuer-bluehende-kleinode\/#Zauberhafte_i-Tuepfelchen_fuers_wohnliche_Blumenmeer\" >Zauberhafte i-T\u00fcpfelchen f\u00fcrs wohnliche Blumenmeer<\/a><\/li><\/ul><\/nav><\/div>\n\n<p style=\"text-align: justify;\">Die Erkenntnis verst\u00e4rkt die unkonventionelle Idee, mit den Minivasen verwelkte Bl\u00fcten zu inszenieren. Meist ist das keramische Trio auf dem Sideboard vereint. Manchmal geht ein Exemplar auf Wanderschaft, um andernorts eine Mission zu erf\u00fcllen. So k\u00f6nnte eine der Minivasen im Bad die bl\u00fchende Botschaft vermitteln: Guten Morgen! Ich liebe dich!<\/p>\n<p><img loading=\"lazy\" decoding=\"async\" class=\"aligncenter wp-image-17091 size-full\" title=\"ferm LIVING \u2013 Komo Minivasen, dekorative Wohnaccessoires im 3er Set | Design: ferm LIVING\" src=\"https:\/\/www.raum-blick.de\/magazin\/wp-content\/uploads\/2024\/09\/ferm-living-komo-vasen-set-steingut.jpg\" alt=\"ferm LIVING \u2013 Komo Minivasen dekorative Wohnaccessoires im 3er Set | Design: ferm LIVING\" width=\"900\" height=\"772\" srcset=\"https:\/\/raum-blick.de\/magazin\/wp-content\/uploads\/2024\/09\/ferm-living-komo-vasen-set-steingut.jpg 900w, https:\/\/raum-blick.de\/magazin\/wp-content\/uploads\/2024\/09\/ferm-living-komo-vasen-set-steingut-300x257.jpg 300w, https:\/\/raum-blick.de\/magazin\/wp-content\/uploads\/2024\/09\/ferm-living-komo-vasen-set-steingut-768x659.jpg 768w\" sizes=\"(max-width: 900px) 100vw, 900px\" \/><\/p>\n<h2><span class=\"ez-toc-section\" id=\"Einfach_zauberhaft_Keramikensemble_aus_Skandinavien\"><\/span>Einfach zauberhaft: Keramikensemble aus Skandinavien<span class=\"ez-toc-section-end\"><\/span><\/h2>\n<p style=\"text-align: justify;\">K\u00e4hler hat die Omaggio Vase in mini, medium und gro\u00dfen Ausf\u00fchrungen im Programm. F\u00fcr das breite Sortiment spricht die Beliebtheit der Keramikserie. Eine kurze Begegnung mit ihr gen\u00fcgt, um das Renommee zu verstehen. Harmonisch wirkt die bauchige Formgebung, w\u00e4hrend das Streifenmuster sympathisch erscheint. Bewusst wird es von Hand aufgetragen, damit es nicht zu perfekt wirkt. Dennoch haben die Keramikvasen einen edlen Touch. Das gilt insbesondere f\u00fcr die dezente Variante in Wei\u00df und Perlmutt.<\/p>\n<p style=\"text-align: justify;\">Auf der Fensterbank springt sofort das Keramikensemble ins Auge. Wunderbar bringt die gro\u00dfe Blumenvase den bunten Strau\u00df zur Geltung. Im direkten Umfeld entdeckt man von <a href=\"https:\/\/www.raum-blick.de\/kaehler-design\/\">K\u00e4hler Design<\/a> das Mini-Vasen-Set Omaggio, das sich unbest\u00fcckt pr\u00e4sentiert. Die leeren Miniaturen g\u00f6nnen dem Arrangement etwas Dynamik und sorgen daf\u00fcr, dass die skandinavische Handwerkskunst gew\u00fcrdigt wird.<\/p>\n<p><img loading=\"lazy\" decoding=\"async\" class=\"aligncenter wp-image-17093 size-full\" title=\"K\u00e4hler Omaggio Vase, Mini (Set) | Design: Stilleben\" src=\"https:\/\/www.raum-blick.de\/magazin\/wp-content\/uploads\/2024\/09\/Kaehler-Vase-Omaggio.jpg\" alt=\"K\u00e4hler Omaggio Vase, Mini (Set) | Design: Stilleben\" width=\"800\" height=\"562\" srcset=\"https:\/\/raum-blick.de\/magazin\/wp-content\/uploads\/2024\/09\/Kaehler-Vase-Omaggio.jpg 800w, https:\/\/raum-blick.de\/magazin\/wp-content\/uploads\/2024\/09\/Kaehler-Vase-Omaggio-300x211.jpg 300w, https:\/\/raum-blick.de\/magazin\/wp-content\/uploads\/2024\/09\/Kaehler-Vase-Omaggio-768x540.jpg 768w\" sizes=\"(max-width: 800px) 100vw, 800px\" \/><\/p>\n<h2><span class=\"ez-toc-section\" id=\"Minimalismus_als_florale_Attraktion\"><\/span>Minimalismus als florale Attraktion<span class=\"ez-toc-section-end\"><\/span><\/h2>\n<p style=\"text-align: justify;\">Den urspr\u00fcnglichen Charakter von Steinzeug betonen die R\u00e4der Mini-Pastellvasen in Graut\u00f6nen. Die kompakte Ausf\u00fchrung sorgt daf\u00fcr, dass die Wohnaccessoires minimalistisch wirken. Es bietet sich an, den \u00e4sthetischen Aspekt vom Vasenset beim Dekorieren aufzugreifen.<\/p>\n<p style=\"text-align: justify;\">Dem Purismus mit gedeckter Farbgebung schlie\u00dfen sich die Zweige in den Gef\u00e4\u00dfen an. Sie bekennen sich zu ihrem winterlichen Antlitz, ohne jegliche Bl\u00fcten und Bl\u00e4tter. Erstaunlich ist die Wirkung der Dekorationsidee: Die R\u00e4der Minivasen avancieren gerade deshalb zum Blickfang, weil sie zur\u00fcckhaltend designt und minimalistisch best\u00fcckt sind.<\/p>\n<p><img loading=\"lazy\" decoding=\"async\" class=\"aligncenter wp-image-17095 size-full\" title=\"R\u00e4der Mini Pastellvasen (4er Set) Serie: Zuhause | Design: Rieck\" src=\"https:\/\/www.raum-blick.de\/magazin\/wp-content\/uploads\/2024\/09\/raeder-design-mini-pastell-vasen.jpg\" alt=\"R\u00e4der Mini Pastellvasen (4er Set) Serie: Zuhause | Design: Rieck\" width=\"800\" height=\"675\" srcset=\"https:\/\/raum-blick.de\/magazin\/wp-content\/uploads\/2024\/09\/raeder-design-mini-pastell-vasen.jpg 800w, https:\/\/raum-blick.de\/magazin\/wp-content\/uploads\/2024\/09\/raeder-design-mini-pastell-vasen-300x253.jpg 300w, https:\/\/raum-blick.de\/magazin\/wp-content\/uploads\/2024\/09\/raeder-design-mini-pastell-vasen-768x648.jpg 768w\" sizes=\"(max-width: 800px) 100vw, 800px\" \/><\/p>\n<h2><span class=\"ez-toc-section\" id=\"Designikonen_mit_fruehlingshaftem_Blumendekor\"><\/span>Designikonen mit fr\u00fchlingshaftem Blumendekor<span class=\"ez-toc-section-end\"><\/span><\/h2>\n<p style=\"text-align: justify;\">Die skandinavische Porzellanserie mit den markanten Rillen ist legend\u00e4r. Sie verdeutlichte bereits Anfang des 20. Jahrhunderts das Gesp\u00fcr f\u00fcr unverg\u00e4nglich sch\u00f6ne Accessoires. Floral interpretiert K\u00e4hler das Design Hammershoi mit dem Spring Vasenset, das der Tischdeko eine frische Brise g\u00f6nnt.<\/p>\n<p style=\"text-align: justify;\">Wer beim Dekorieren mutig ist, arrangiert kleine Vasen kombiniert mit liegenden Bl\u00fctenzweigen. Die Idee hat zwei Vorteile: Es wirkt unkonventionell, wenn die Gef\u00e4\u00dfe den Tisch schm\u00fccken, aber nicht genutzt werden. Der h\u00fcbsche Dekor auf den Minivasen gewinnt an Ausdruckskraft, weil sich darin keine ablenkenden Blumen befinden.<\/p>\n<p><img loading=\"lazy\" decoding=\"async\" class=\"aligncenter wp-image-17098 size-full\" title=\"K\u00e4hler Design \u2013 Hammershoi Spring Vase, Mini 3er-Set | Design: Hans-Christian Bauer &amp; Rikke Jacobsen\" src=\"https:\/\/www.raum-blick.de\/magazin\/wp-content\/uploads\/2024\/09\/kaehler-hammershoi-spring-vase-set-fruehling.jpg\" alt=\"K\u00e4hler Design \u2013 Hammershoi Spring Vase, Mini 3er-Set, zauberhafte Miniaturvasen | Design: Hans-Christian Bauer &amp; Rikke Jacobsen\" width=\"620\" height=\"516\" srcset=\"https:\/\/raum-blick.de\/magazin\/wp-content\/uploads\/2024\/09\/kaehler-hammershoi-spring-vase-set-fruehling.jpg 620w, https:\/\/raum-blick.de\/magazin\/wp-content\/uploads\/2024\/09\/kaehler-hammershoi-spring-vase-set-fruehling-300x250.jpg 300w\" sizes=\"(max-width: 620px) 100vw, 620px\" \/><\/p>\n<h2><span class=\"ez-toc-section\" id=\"Entzueckende_Haeuserparade_fuer_frische_Fundstuecke\"><\/span>Entz\u00fcckende H\u00e4userparade f\u00fcr frische Fundst\u00fccke<span class=\"ez-toc-section-end\"><\/span><\/h2>\n<p style=\"text-align: justify;\">Drau\u00dfen gibt es viel zu entdecken. Trotzdem kann nichts die wohltuenden Facetten der eigenen vier W\u00e4nde \u00fcberbieten. Passend zu der Erkenntnis entwarf R\u00e4der eine Minivase. Das H\u00e4user-Set im reinen Wei\u00df skizziert nur abstrakt Geb\u00e4ude mit klassischer Architektur und sch\u00fctzendem Dach. Der puristische Stil ist willkommen, denn er l\u00e4sst Raum f\u00fcr Fantasie und die individuellen Vorstellungen von einem perfekten Zuhause.<\/p>\n<p style=\"text-align: justify;\">Dezent beleben die R\u00e4der Vasenh\u00e4user im Mini-Format das Sideboard im Flur. Erblickt man sie, kommt sofort der beruhigende Gedanke auf: Endlich, ich bin daheim. In den H\u00e4nden h\u00e4lt man Souvenirs vom Spaziergang durch den Park. Die L\u00f6wenzahnbl\u00fcte war genauso unwiderstehlich wie das G\u00e4nsebl\u00fcmchen und der Zweig mit den Holunderbl\u00fcten. Gern nehmen die Minivasen die kleinen Naturwunder entgegen, um die Stadtwohnung zu beleben.<\/p>\n<p><img loading=\"lazy\" decoding=\"async\" class=\"aligncenter wp-image-17100 size-full\" title=\"R\u00e4der Minivase H\u00e4user, Set aus 4, Serie: Zuhause | Design: Ruh\" src=\"https:\/\/www.raum-blick.de\/magazin\/wp-content\/uploads\/2024\/09\/zuhause-gartenhaeuschen-raeder-design.jpg\" alt=\"R\u00e4der Minivasen H\u00e4user, Set aus 4, Serie: Zuhause | Design: Ruh\" width=\"620\" height=\"485\" srcset=\"https:\/\/raum-blick.de\/magazin\/wp-content\/uploads\/2024\/09\/zuhause-gartenhaeuschen-raeder-design.jpg 620w, https:\/\/raum-blick.de\/magazin\/wp-content\/uploads\/2024\/09\/zuhause-gartenhaeuschen-raeder-design-300x235.jpg 300w\" sizes=\"(max-width: 620px) 100vw, 620px\" \/><\/p>\n<h2><span class=\"ez-toc-section\" id=\"Farbtupfer_fuers_erfrischende_Flair\"><\/span>Farbtupfer f\u00fcrs erfrischende Flair<span class=\"ez-toc-section-end\"><\/span><\/h2>\n<p style=\"text-align: justify;\">Passend zur Markenphilosophie r\u00fcckt <a href=\"https:\/\/www.raum-blick.de\/remember\/\">REMEMBER<\/a> bei dem <a href=\"https:\/\/www.raum-blick.de\/remember-mini-vasen-5er-set\">Mini-Vasen-5er-Set<\/a> die Farbenfreude ins Rampenlicht. Geometrisch klar ist die Formensprache der Minivasen, damit sie weder den peppigen Glasuren noch den Blumen die Show stiehlt. Die variierende Gr\u00f6\u00dfe beschert die ersehnte Dynamik, wenn man das Set auf der Anrichte drapiert. Es bleibt dem Geschmack \u00fcberlassen, ob man die Minivasen dabei ordentlich aneinanderreiht oder locker verteilt.<\/p>\n<p style=\"text-align: justify;\">Farbenfroh sind bereits die Porzellanaccessoires. Ein bl\u00fchender Blickfang reicht vollkommen. Ansonsten wirkt das Ganze schnell zu bunt. Kleine Vasen dieser Art eignen sich bestens f\u00fcr punktuelle Ton-in-Ton-Gestaltungsideen: An der Porzellanfarbe orientieren sich die Bl\u00fcten in Rosa. Alle anderen Gef\u00e4\u00dfe bleiben frei, damit das Mini-Vasen-Set nicht \u00fcberladen erscheint.<\/p>\n<p><a href=\"https:\/\/www.raum-blick.de\/remember-mini-vasen-5er-set\"><img loading=\"lazy\" decoding=\"async\" class=\"aligncenter wp-image-17102 size-full\" title=\"REMEMBER \u2013 kleine Vasen, 5er Set | Design: REMEMBER\" src=\"https:\/\/www.raum-blick.de\/magazin\/wp-content\/uploads\/2024\/09\/remember-mini-blumenvasen-set.jpg\" alt=\"REMEMBER \u2013 Minivasen, 5er Set | Design: REMEMBER - \" width=\"620\" height=\"543\" srcset=\"https:\/\/raum-blick.de\/magazin\/wp-content\/uploads\/2024\/09\/remember-mini-blumenvasen-set.jpg 620w, https:\/\/raum-blick.de\/magazin\/wp-content\/uploads\/2024\/09\/remember-mini-blumenvasen-set-300x263.jpg 300w\" sizes=\"(max-width: 620px) 100vw, 620px\" \/><\/a><\/p>\n<h2><span class=\"ez-toc-section\" id=\"Zauberhafte_i-Tuepfelchen_fuers_wohnliche_Blumenmeer\"><\/span>Zauberhafte i-T\u00fcpfelchen f\u00fcrs wohnliche Blumenmeer<span class=\"ez-toc-section-end\"><\/span><\/h2>\n<p style=\"text-align: justify;\">Es gibt nichts Sch\u00f6neres auf der Welt als Pflanzen. Das steht fest. Die schlicht schicke Bodenvase inszeniert prachtvolle Exoten. Auf der Fensterbank heben sich klassische Rosen hervor. Die K\u00f6nigin der Blumen weckt angenehmen Kindheitserinnerungen, weil sie ein beliebter Dauergast in Gro\u00dfmutters Wohnzimmer war. Passend zum damaligen Geschmack unterstrich ihre Eleganz eingestreutes Schleierkraut. Das luftig leichte Nelkengew\u00e4chs mit zarten Bl\u00fcten hat sich aber mehr als eine Nebenrolle verdient. Das beweist der Solo-Auftritt neben dem Rosenstrau\u00df, der zum heutigen Zeitgeist passt.<\/p>\n<p style=\"text-align: justify;\">Gern w\u00fcrde man jede Stellfl\u00e4che im Raum f\u00fcr die frische Naturdeko nutzen. Dagegen spricht die origin\u00e4re Funktion der M\u00f6bel. Der bl\u00fchende Lichtblick verliert seinen Reiz, wenn man auf dem Beistelltisch nichts mehr abstellen kann. F\u00fcr diesen Zwiespalt serviert R\u00e4der mit dem Perlenvasen-Set die L\u00f6sung. Das gr\u00f6\u00dfte Exemplar des Trios begn\u00fcgt sich mit einem Durchmesser von f\u00fcnf Zentimetern. Die kleineren Mitglieder des Ensembles erwarten noch weniger Stellfl\u00e4che.<\/p>\n<p><img loading=\"lazy\" decoding=\"async\" class=\"aligncenter wp-image-17106 size-full\" title=\"R\u00e4der Design \u2013 Perlenvasen, Mini 3er Set, Vasen mit Perlglasur | Design: Ruh\" src=\"https:\/\/www.raum-blick.de\/magazin\/wp-content\/uploads\/2024\/09\/raeder-perlenvase-mini-glasvase.jpg\" alt=\"R\u00e4der Design \u2013 Perlenvasen, Mini 3er Set Vasen mit Perlglasur | Design: Ruh\" width=\"620\" height=\"465\" srcset=\"https:\/\/raum-blick.de\/magazin\/wp-content\/uploads\/2024\/09\/raeder-perlenvase-mini-glasvase.jpg 620w, https:\/\/raum-blick.de\/magazin\/wp-content\/uploads\/2024\/09\/raeder-perlenvase-mini-glasvase-300x225.jpg 300w\" sizes=\"(max-width: 620px) 100vw, 620px\" \/><\/p>\n<p style=\"text-align: justify;\">Die Minivasen werden dadurch zu dekorativen Perlen, f\u00fcr die sich immer ein Pl\u00e4tzchen findet. Den Aspekt unterstreicht die deutsche Designmarke gekonnt mit der feinen Effektglasur. Heute eine kleine Rosenbl\u00fcte, morgen ein Fundst\u00fcck aus dem Garten und \u00fcbermorgen mal gar nichts. Es ist gleich, wie man die Minivasen verwendet. Sie sind immer bezaubernd.<\/p>\n","protected":false},"excerpt":{"rendered":"<p>Die kleinen Lichtblicke des Lebens bereiten meist die gr\u00f6\u00dfte Freude. Verst\u00e4ndlich ist deshalb die wachsende Beliebtheit von Minivasen. Selbst wenn man sie nicht best\u00fcckt, ist ihr graziles Design entz\u00fcckend. Wer sie beim Dekorieren ins Spiel bringt, wird belohnt: Kleine Design-Vasen bringen die Sch\u00f6nheit einer Blume oft besser zur Geltung als ihre Pendants in der gewohnten [&hellip;]<\/p>\n","protected":false},"author":4,"featured_media":17105,"comment_status":"closed","ping_status":"open","sticky":false,"template":"","format":"standard","meta":{"_et_pb_use_builder":"","_et_pb_old_content":"","_et_gb_content_width":"","inline_featured_image":false,"footnotes":""},"categories":[7],"tags":[1891,1890,206,1668,1515,1888,1889,1579,985,1892],"class_list":["post-17084","post","type-post","status-publish","format-standard","has-post-thumbnail","hentry","category-accessoires-lifestyle","tag-blumendekor","tag-designikonen","tag-ferm-living","tag-japandi-style","tag-kaehler-design","tag-minivasen","tag-minivasen-set","tag-naturdeko","tag-raeder-design","tag-rmember"],"_links":{"self":[{"href":"https:\/\/raum-blick.de\/magazin\/wp-json\/wp\/v2\/posts\/17084","targetHints":{"allow":["GET"]}}],"collection":[{"href":"https:\/\/raum-blick.de\/magazin\/wp-json\/wp\/v2\/posts"}],"about":[{"href":"https:\/\/raum-blick.de\/magazin\/wp-json\/wp\/v2\/types\/post"}],"author":[{"embeddable":true,"href":"https:\/\/raum-blick.de\/magazin\/wp-json\/wp\/v2\/users\/4"}],"replies":[{"embeddable":true,"href":"https:\/\/raum-blick.de\/magazin\/wp-json\/wp\/v2\/comments?post=17084"}],"version-history":[{"count":21,"href":"https:\/\/raum-blick.de\/magazin\/wp-json\/wp\/v2\/posts\/17084\/revisions"}],"predecessor-version":[{"id":20921,"href":"https:\/\/raum-blick.de\/magazin\/wp-json\/wp\/v2\/posts\/17084\/revisions\/20921"}],"wp:featuredmedia":[{"embeddable":true,"href":"https:\/\/raum-blick.de\/magazin\/wp-json\/wp\/v2\/media\/17105"}],"wp:attachment":[{"href":"https:\/\/raum-blick.de\/magazin\/wp-json\/wp\/v2\/media?parent=17084"}],"wp:term":[{"taxonomy":"category","embeddable":true,"href":"https:\/\/raum-blick.de\/magazin\/wp-json\/wp\/v2\/categories?post=17084"},{"taxonomy":"post_tag","embeddable":true,"href":"https:\/\/raum-blick.de\/magazin\/wp-json\/wp\/v2\/tags?post=17084"}],"curies":[{"name":"wp","href":"https:\/\/api.w.org\/{rel}","templated":true}]}}