{"id":17052,"date":"2022-09-02T08:30:31","date_gmt":"2022-09-02T06:30:31","guid":{"rendered":"https:\/\/www.raum-blick.de\/magazin\/?p=17052"},"modified":"2025-01-07T11:48:35","modified_gmt":"2025-01-07T10:48:35","slug":"mobile-led-leuchten-fuer-den-gartentisch","status":"publish","type":"post","link":"https:\/\/raum-blick.de\/magazin\/mobile-led-leuchten-fuer-den-gartentisch\/","title":{"rendered":"Mobile LED-Leuchten f\u00fcr den Gartentisch oder zum Aufh\u00e4ngen"},"content":{"rendered":"<p style=\"text-align: justify;\"><strong>Zugreifen, positionieren und anschalten, schon ist f\u00fcrs behagliche Licht gesorgt. Eine mobile LED-Leuchte erleichtert es, die ruhigen Momente zu genie\u00dfen. Das gilt f\u00fcr den Garten genauso wie die Wohnwelt. Lehnen Sie sie sich entspannt zur\u00fcck. Wir stellen Ihnen <\/strong><a href=\"https:\/\/www.raum-blick.de\/akkuleuchten\/\"><strong>bemerkenswerte Akkulampen<\/strong><\/a><strong> f\u00fcr den spontanen Lifestyle vor.<\/strong><\/p>\n<h2><span class=\"ez-toc-section\" id=\"Klassische_Wohnleuchten_puristisch_und_mobil_interpretiert\"><\/span>Klassische Wohnleuchten puristisch und mobil interpretiert<span class=\"ez-toc-section-end\"><\/span><\/h2>\n<p style=\"text-align: justify;\">Der Lampenfu\u00df erhebt sich vom Tisch und tr\u00e4gt den Stoffschirm, der wie ein Trichter, Kelch oder Zylinder geformt ist. Er kaschiert die Gl\u00fchbirne und begrenzt die seitliche Lichtstreuung. Dadurch wird der ausgew\u00e4hlte Bereich erhellt und das Ambiente gem\u00fctlich akzentuiert. Der skizzierte Designklassiker freute sich schon in Uromas Stube \u00fcber einen Stammplatz. Im modernen Zuhause ist er ebenfalls herzlich willkommen. Das gilt besonders, wenn sich die Ikone als mobile LED-Leuchte pr\u00e4sentiert. Den Wunsch erf\u00fcllt <a href=\"https:\/\/www.raum-blick.de\/remember\/\">REMEMBER<\/a> mit der <a href=\"https:\/\/www.raum-blick.de\/remember-oscar-led-tischleuchte\">Oscar LED-Kollektion<\/a>. So ansprechend, wie die reduzierte Formgebung ist der mehrfarbige Look. Die Krefelder Marke konzipierte die Tischlampe so, dass sie f\u00fcr au\u00dfen und innen geeignet ist.<\/p><div id=\"ez-toc-container\" class=\"ez-toc-v2_0_82_2 counter-hierarchy ez-toc-counter ez-toc-grey ez-toc-container-direction\">\n<div class=\"ez-toc-title-container\">\n<p class=\"ez-toc-title\" style=\"cursor:inherit\">Was hier auf Sie wartet<\/p>\n<span class=\"ez-toc-title-toggle\"><a href=\"#\" class=\"ez-toc-pull-right ez-toc-btn ez-toc-btn-xs ez-toc-btn-default ez-toc-toggle\" aria-label=\"Toggle Table of Content\"><span class=\"ez-toc-js-icon-con\"><span class=\"\"><span class=\"eztoc-hide\" style=\"display:none;\">Toggle<\/span><span class=\"ez-toc-icon-toggle-span\"><svg style=\"fill: #999;color:#999\" xmlns=\"http:\/\/www.w3.org\/2000\/svg\" class=\"list-377408\" width=\"20px\" height=\"20px\" viewBox=\"0 0 24 24\" fill=\"none\"><path d=\"M6 6H4v2h2V6zm14 0H8v2h12V6zM4 11h2v2H4v-2zm16 0H8v2h12v-2zM4 16h2v2H4v-2zm16 0H8v2h12v-2z\" fill=\"currentColor\"><\/path><\/svg><svg style=\"fill: #999;color:#999\" class=\"arrow-unsorted-368013\" xmlns=\"http:\/\/www.w3.org\/2000\/svg\" width=\"10px\" height=\"10px\" viewBox=\"0 0 24 24\" version=\"1.2\" baseProfile=\"tiny\"><path d=\"M18.2 9.3l-6.2-6.3-6.2 6.3c-.2.2-.3.4-.3.7s.1.5.3.7c.2.2.4.3.7.3h11c.3 0 .5-.1.7-.3.2-.2.3-.5.3-.7s-.1-.5-.3-.7zM5.8 14.7l6.2 6.3 6.2-6.3c.2-.2.3-.5.3-.7s-.1-.5-.3-.7c-.2-.2-.4-.3-.7-.3h-11c-.3 0-.5.1-.7.3-.2.2-.3.5-.3.7s.1.5.3.7z\"\/><\/svg><\/span><\/span><\/span><\/a><\/span><\/div>\n<nav><ul class='ez-toc-list ez-toc-list-level-1 ' ><li class='ez-toc-page-1 ez-toc-heading-level-2'><a class=\"ez-toc-link ez-toc-heading-1\" href=\"https:\/\/raum-blick.de\/magazin\/mobile-led-leuchten-fuer-den-gartentisch\/#Klassische_Wohnleuchten_puristisch_und_mobil_interpretiert\" >Klassische Wohnleuchten puristisch und mobil interpretiert<\/a><\/li><li class='ez-toc-page-1 ez-toc-heading-level-2'><a class=\"ez-toc-link ez-toc-heading-2\" href=\"https:\/\/raum-blick.de\/magazin\/mobile-led-leuchten-fuer-den-gartentisch\/#Unkomplizierte_Stimmungsaufheller_fuer_Sommerfeste\" >Unkomplizierte Stimmungsaufheller f\u00fcr Sommerfeste<\/a><\/li><li class='ez-toc-page-1 ez-toc-heading-level-2'><a class=\"ez-toc-link ez-toc-heading-3\" href=\"https:\/\/raum-blick.de\/magazin\/mobile-led-leuchten-fuer-den-gartentisch\/#Akku-Dekolichter_statt_Kerzen\" >Akku-Dekolichter statt Kerzen<\/a><\/li><li class='ez-toc-page-1 ez-toc-heading-level-2'><a class=\"ez-toc-link ez-toc-heading-4\" href=\"https:\/\/raum-blick.de\/magazin\/mobile-led-leuchten-fuer-den-gartentisch\/#Schicke_Lichtspender_die_sich_spontan_verwandeln\" >Schicke Lichtspender, die sich spontan verwandeln<\/a><\/li><li class='ez-toc-page-1 ez-toc-heading-level-2'><a class=\"ez-toc-link ez-toc-heading-5\" href=\"https:\/\/raum-blick.de\/magazin\/mobile-led-leuchten-fuer-den-gartentisch\/#Mobile_Lichter_fuer_drinnen_und_draussen\" >Mobile Lichter f\u00fcr drinnen und drau\u00dfen<\/a><\/li><li class='ez-toc-page-1 ez-toc-heading-level-2'><a class=\"ez-toc-link ez-toc-heading-6\" href=\"https:\/\/raum-blick.de\/magazin\/mobile-led-leuchten-fuer-den-gartentisch\/#Lichtspender_mit_musikalischem_Talent\" >Lichtspender mit musikalischem Talent<\/a><\/li><li class='ez-toc-page-1 ez-toc-heading-level-2'><a class=\"ez-toc-link ez-toc-heading-7\" href=\"https:\/\/raum-blick.de\/magazin\/mobile-led-leuchten-fuer-den-gartentisch\/#Tipps_fuer_mobile_Leuchten_%E2%80%93_worauf_sollte_man_achten\" >Tipps f\u00fcr mobile Leuchten \u2013 worauf sollte man achten?<\/a><\/li><\/ul><\/nav><\/div>\n\n<p><a href=\"https:\/\/www.raum-blick.de\/remember-oscar-led-tischleuchte\"><img loading=\"lazy\" decoding=\"async\" class=\"aligncenter wp-image-17057 size-full\" title=\"REMEMBER \u2013 Akku Tischleuchte Oscar | Design: REMEMBER\" src=\"https:\/\/www.raum-blick.de\/magazin\/wp-content\/uploads\/2024\/08\/tischleuchte-ocsar-remember-75171.jpg\" alt=\"REMEMBER \u2013 Akku Tischleuchte Oscar | Design: REMEMBER\" width=\"1000\" height=\"1000\" srcset=\"https:\/\/raum-blick.de\/magazin\/wp-content\/uploads\/2024\/08\/tischleuchte-ocsar-remember-75171.jpg 1000w, https:\/\/raum-blick.de\/magazin\/wp-content\/uploads\/2024\/08\/tischleuchte-ocsar-remember-75171-300x300.jpg 300w, https:\/\/raum-blick.de\/magazin\/wp-content\/uploads\/2024\/08\/tischleuchte-ocsar-remember-75171-150x150.jpg 150w, https:\/\/raum-blick.de\/magazin\/wp-content\/uploads\/2024\/08\/tischleuchte-ocsar-remember-75171-768x768.jpg 768w\" sizes=\"(max-width: 1000px) 100vw, 1000px\" \/><\/a><\/p>\n<p style=\"text-align: justify;\">Darauf achtete auch <a href=\"https:\/\/www.raum-blick.de\/blomus\/\">blomus<\/a> bei der <a href=\"https:\/\/www.raum-blick.de\/blomus-ani-tischleuchte\">ANI Tischleuchte<\/a>, die dank der Schutzart IP44 f\u00fcr Outdoor-Eins\u00e4tze gewappnet ist. Egal, wo sie auftaucht, freut man sich \u00fcber ihre wohldosierte Extravaganz. Auffallend grazil ist der Alu-Leuchtenfu\u00df gestaltet. An ein sch\u00fctzendes Dach erinnert der Schirm, der auf dem gerundeten Leuchtk\u00f6rper ruht. Die Oscar von REMEMBER und die ANI Lampe von blomus haben etwas gemeinsam: Ihre Parallelen zu Klassikern des Lichtdesigns sorgen f\u00fcr einen wohnlichen Charakter. Ihr Auftritt auf der Terrasse erscheint unkonventionell. Vertraut wirkt ihre Gegenwart im Wohnzimmer, wo sie mit ihrem dimmbaren Licht zur Gem\u00fctlichkeit beitragen. Lust auf Abwechslung? Gern: Den Schirm der blomus Lampe kann man umdrehen, um die \u00c4sthetik und Lichtwirkung zu ver\u00e4ndern.<\/p>\n<p><a href=\"https:\/\/www.raum-blick.de\/blomus-ani-tischleuchte\"><img loading=\"lazy\" decoding=\"async\" class=\"aligncenter wp-image-17060 size-full\" title=\"blomus \u2013 ANI Tischleuchte, mobile LED-Leuchte | Design: kaschkasch\" src=\"https:\/\/www.raum-blick.de\/magazin\/wp-content\/uploads\/2024\/08\/blomus-ani-tischleuchte-satellite-ambiente-outdoor.jpg\" alt=\"blomus \u2013 ANI Tischleuchte mobile LED-Leuchte | Design: kaschkasch - mobile LED-Leuchte\" width=\"900\" height=\"596\" srcset=\"https:\/\/raum-blick.de\/magazin\/wp-content\/uploads\/2024\/08\/blomus-ani-tischleuchte-satellite-ambiente-outdoor.jpg 900w, https:\/\/raum-blick.de\/magazin\/wp-content\/uploads\/2024\/08\/blomus-ani-tischleuchte-satellite-ambiente-outdoor-300x199.jpg 300w, https:\/\/raum-blick.de\/magazin\/wp-content\/uploads\/2024\/08\/blomus-ani-tischleuchte-satellite-ambiente-outdoor-768x509.jpg 768w, https:\/\/raum-blick.de\/magazin\/wp-content\/uploads\/2024\/08\/blomus-ani-tischleuchte-satellite-ambiente-outdoor-310x205.jpg 310w\" sizes=\"(max-width: 900px) 100vw, 900px\" \/><\/a><\/p>\n<h2><span class=\"ez-toc-section\" id=\"Unkomplizierte_Stimmungsaufheller_fuer_Sommerfeste\"><\/span>Unkomplizierte Stimmungsaufheller f\u00fcr Sommerfeste<span class=\"ez-toc-section-end\"><\/span><\/h2>\n<p style=\"text-align: justify;\">Eins, zwei, drei \u2013 schon steht das schicke Lichtkonzept f\u00fcr die Gartenparty. Die l\u00e4ssige Erfahrung beim privaten Eventmanagement erm\u00f6glicht <a href=\"https:\/\/www.raum-blick.de\/fatboy\/\">Fatboy<\/a> mit der <a href=\"https:\/\/www.raum-blick.de\/fatboy-bolleke\">Bolleke Outdoorkollektion<\/a>. Wie leuchtende Perlen schweben die Kugellampen \u00fcber dem Gartentisch oder schm\u00fccken B\u00e4ume. Flink l\u00e4sst sich die mobile LED-Leuchte an verschiedensten Orten anbringen. Daf\u00fcr ist die Silikonschlaufe gedacht, die mit starken Farben das Design aufpeppt.<\/p>\n<p><a href=\"https:\/\/www.raum-blick.de\/fatboy-bolleke\"><img loading=\"lazy\" decoding=\"async\" class=\"aligncenter wp-image-17061 size-full\" title=\"Fatboy - Bolleke, portable H\u00e4ngeleuchte | Design: Nathalie Schellekens\" src=\"https:\/\/www.raum-blick.de\/magazin\/wp-content\/uploads\/2024\/08\/outdoor-leuchte-fatboy-bolleke.jpg\" alt=\"Fatboy - Bolleke portable H\u00e4ngeleuchte | Design: Nathalie Schellekens - mobile LED-Leuchte\" width=\"900\" height=\"663\" srcset=\"https:\/\/raum-blick.de\/magazin\/wp-content\/uploads\/2024\/08\/outdoor-leuchte-fatboy-bolleke.jpg 900w, https:\/\/raum-blick.de\/magazin\/wp-content\/uploads\/2024\/08\/outdoor-leuchte-fatboy-bolleke-300x221.jpg 300w, https:\/\/raum-blick.de\/magazin\/wp-content\/uploads\/2024\/08\/outdoor-leuchte-fatboy-bolleke-768x566.jpg 768w\" sizes=\"(max-width: 900px) 100vw, 900px\" \/><\/a><\/p>\n<p style=\"text-align: justify;\">\u00c4hnlich pfiffig konzipierte Fatboy die <a href=\"https:\/\/www.raum-blick.de\/fatboy-thierry-le-swinger-leuchte\">Thierry le Swinger<\/a>, die beim Dekorieren noch mehr Freiheiten gew\u00e4hrt. Mit der Silikonschnur l\u00e4sst sich die zylinderf\u00f6rmige Akkulampe an \u00c4sten oder Haken fixieren. Kommt der Erdspie\u00df zum Zug, hat man mobile Leuchten, die sich wie Fackeln in Blumenbeeten drapieren lassen.<\/p>\n<p><a href=\"https:\/\/www.raum-blick.de\/fatboy-thierry-le-swinger-leuchte\"><img loading=\"lazy\" decoding=\"async\" class=\"aligncenter wp-image-17064 size-full\" title=\"Fatboy \u2013 Thierry le swinger Leuchte | Design: Fatboy\" src=\"https:\/\/www.raum-blick.de\/magazin\/wp-content\/uploads\/2024\/08\/thierry-le-Swinger-aufhaengen-baum-fatboy.jpg\" alt=\"Fatboy \u2013 Thierry le swinger Leuchte | Design: Fatboy\" width=\"900\" height=\"900\" srcset=\"https:\/\/raum-blick.de\/magazin\/wp-content\/uploads\/2024\/08\/thierry-le-Swinger-aufhaengen-baum-fatboy.jpg 900w, https:\/\/raum-blick.de\/magazin\/wp-content\/uploads\/2024\/08\/thierry-le-Swinger-aufhaengen-baum-fatboy-300x300.jpg 300w, https:\/\/raum-blick.de\/magazin\/wp-content\/uploads\/2024\/08\/thierry-le-Swinger-aufhaengen-baum-fatboy-150x150.jpg 150w, https:\/\/raum-blick.de\/magazin\/wp-content\/uploads\/2024\/08\/thierry-le-Swinger-aufhaengen-baum-fatboy-768x768.jpg 768w\" sizes=\"(max-width: 900px) 100vw, 900px\" \/><\/a><\/p>\n<h2><span class=\"ez-toc-section\" id=\"Akku-Dekolichter_statt_Kerzen\"><\/span>Akku-Dekolichter statt Kerzen<span class=\"ez-toc-section-end\"><\/span><\/h2>\n<p style=\"text-align: justify;\">Wer Kerzen locker auf der Terrasse verteilt, f\u00fchlt sich zum regelm\u00e4\u00dfigen Kontrollblick verpflichtet. Kippen sie zum Beispiel um, ist flink ein Feuer entfacht. Oft sabotiert das Wetter die Kerzendeko: Der Wind bl\u00e4st die Flamme schneller aus, als man sie angez\u00fcndet hat. Mobile LED-Leuchten f\u00fcr den Garten bereiten derartigen Erfahrungen ein Ende.<\/p>\n<p style=\"text-align: justify;\">Mehrfach mit Designpreisen bedacht wurde von REMEMBER die <a href=\"https:\/\/www.raum-blick.de\/remember-uri-leuchte\">URI Mobile Leuchte<\/a>. Die Piccolos verstehen sich als ihre kleinen Geschwister. Sie sind mindestens genauso attraktiv wie ihr preisgekr\u00f6ntes Vorbild. Abstrakt skizzierte die Lifestyle-Marke damit Handlaternen. Puristisch ist die Formgebung, farbenfroh der Henkel und behaglich das Lichtbild. Nach Belieben kann man die Minis des 3er-Sets arrangieren, zum Beispiel als Tischbeleuchtung oder h\u00e4ngende Stimmungslichter.<\/p>\n<p><a href=\"https:\/\/www.raum-blick.de\/remember-uri-leuchte\"><img loading=\"lazy\" decoding=\"async\" class=\"aligncenter wp-image-17067 size-full\" title=\"REMEMBER - URI Leuchte LED-Leuchte | Design: REMEMBER\" src=\"https:\/\/www.raum-blick.de\/magazin\/wp-content\/uploads\/2024\/08\/leuchten-uri-remember.jpg\" alt=\"REMEMBER - URI Leuchte LED-Leuchte | Design: REMEMBER\" width=\"1000\" height=\"915\" srcset=\"https:\/\/raum-blick.de\/magazin\/wp-content\/uploads\/2024\/08\/leuchten-uri-remember.jpg 1000w, https:\/\/raum-blick.de\/magazin\/wp-content\/uploads\/2024\/08\/leuchten-uri-remember-300x275.jpg 300w, https:\/\/raum-blick.de\/magazin\/wp-content\/uploads\/2024\/08\/leuchten-uri-remember-768x703.jpg 768w\" sizes=\"(max-width: 1000px) 100vw, 1000px\" \/><\/a><\/p>\n<p style=\"text-align: justify;\">Wer es eleganter mag, g\u00f6nnt sich die Last Order von <a href=\"https:\/\/www.raum-blick.de\/flos\/\">Flos<\/a>. Beim Entwurf dachte Michael Anastassiades an S\u00e4ulen der antiken Architektur. Obwohl die Interpretation des renommierten Designers minimalistisch ausf\u00e4llt, entfaltet sie eine gehobene Eleganz. Die LED-Tischleuchte macht outdoor und indoor eine gute Figur auf der Dinnertafel. Attraktiv ist der sanfte Schein des Lichts, das sich auf dem Tisch ringf\u00f6rmig abzeichnet.<\/p>\n<p><img loading=\"lazy\" decoding=\"async\" class=\"aligncenter wp-image-17069 size-full\" title=\"Flos \u2013 Last Order Tischlampe LED Akkuleuchte | Design: Michael Anastassiades, 2020\" src=\"https:\/\/www.raum-blick.de\/magazin\/wp-content\/uploads\/2024\/08\/flos-ast-order-outdoor_61971.jpg\" alt=\"Flos \u2013 Last Order Tischlampe LED Akkuleuchte | Design: Michael Anastassiades, 2020\" width=\"800\" height=\"737\" srcset=\"https:\/\/raum-blick.de\/magazin\/wp-content\/uploads\/2024\/08\/flos-ast-order-outdoor_61971.jpg 800w, https:\/\/raum-blick.de\/magazin\/wp-content\/uploads\/2024\/08\/flos-ast-order-outdoor_61971-300x276.jpg 300w, https:\/\/raum-blick.de\/magazin\/wp-content\/uploads\/2024\/08\/flos-ast-order-outdoor_61971-768x708.jpg 768w\" sizes=\"(max-width: 800px) 100vw, 800px\" \/><\/p>\n<h2><span class=\"ez-toc-section\" id=\"Schicke_Lichtspender_die_sich_spontan_verwandeln\"><\/span>Schicke Lichtspender, die sich spontan verwandeln<span class=\"ez-toc-section-end\"><\/span><\/h2>\n<p style=\"text-align: justify;\">Im wahrsten Sinne des Wortes entwarf Tristan Lohner mobile Leuchten f\u00fcr den Garten. Am Metallst\u00e4nder wartet die <a href=\"https:\/\/www.raum-blick.de\/fermob-balad-h25-lampe\">Fermob Balad H25<\/a> auf ihren Einsatz. Meist bleibt sie am Standplatz und bereichert als <a href=\"https:\/\/www.raum-blick.de\/stehleuchten\/\">Stehlampe<\/a> das Terrassenambiente. W\u00fcnscht man sich mehr Licht beim Essen im Freien, \u00fcbernimmt sie spontan die Aufgaben der Tischleuchte. Sie hat auch nichts dagegen, als Handlaterne den abendlichen Spaziergang durch die Anlage zu begleiten.<\/p>\n<p><a href=\"https:\/\/www.raum-blick.de\/fermob-balad-h25-lampe\"><img loading=\"lazy\" decoding=\"async\" class=\"aligncenter wp-image-17071 size-full\" title=\"Fermob Lampe Balad LED-Outdoor Lampe | Design: Tristan Lohner\" src=\"https:\/\/www.raum-blick.de\/magazin\/wp-content\/uploads\/2024\/08\/fermob-lampe-balad.jpg\" alt=\"Fermob Lampe Balad LED-Outdoor Lampe | Design: Tristan Lohner\" width=\"900\" height=\"900\" srcset=\"https:\/\/raum-blick.de\/magazin\/wp-content\/uploads\/2024\/08\/fermob-lampe-balad.jpg 900w, https:\/\/raum-blick.de\/magazin\/wp-content\/uploads\/2024\/08\/fermob-lampe-balad-300x300.jpg 300w, https:\/\/raum-blick.de\/magazin\/wp-content\/uploads\/2024\/08\/fermob-lampe-balad-150x150.jpg 150w, https:\/\/raum-blick.de\/magazin\/wp-content\/uploads\/2024\/08\/fermob-lampe-balad-768x768.jpg 768w\" sizes=\"(max-width: 900px) 100vw, 900px\" \/><\/a><\/p>\n<p style=\"text-align: justify;\">Genauso geistreich designte Fermob die <a href=\"https:\/\/www.raum-blick.de\/fermob-aplo-led-lampe\">Aplo LED-Lampe<\/a>. Entz\u00fcckend ist das schlicht schicke Design, das sich an einer Gl\u00fchbirne orientiert. Nutzt man den farbigen Sockel als St\u00e4nder, hat man eine Tischlampe f\u00fcr den Garten. Wird die Halterung ins Spiel gebracht, ergibt sich eine Wandleuchte. In Kombination mit dem Gurt kann man die mobile LED-Leuchte aufh\u00e4ngen und als Pendellampe verwenden.<\/p>\n<p><a href=\"https:\/\/www.raum-blick.de\/fermob-aplo-led-lampe\"><img loading=\"lazy\" decoding=\"async\" class=\"aligncenter wp-image-17074 size-full\" title=\"Fermob \u2013 Aplo LED Leuchte, variabel einsetzbar | Design: Tristan Lohner\" src=\"https:\/\/www.raum-blick.de\/magazin\/wp-content\/uploads\/2024\/08\/fermob-aplo-leuchte.jpg\" alt=\"Fermob \u2013 Aplo LED Leuchte, variabel einsetzbar | Design: Tristan Lohner\" width=\"1080\" height=\"979\" srcset=\"https:\/\/raum-blick.de\/magazin\/wp-content\/uploads\/2024\/08\/fermob-aplo-leuchte.jpg 1080w, https:\/\/raum-blick.de\/magazin\/wp-content\/uploads\/2024\/08\/fermob-aplo-leuchte-300x272.jpg 300w, https:\/\/raum-blick.de\/magazin\/wp-content\/uploads\/2024\/08\/fermob-aplo-leuchte-1024x928.jpg 1024w, https:\/\/raum-blick.de\/magazin\/wp-content\/uploads\/2024\/08\/fermob-aplo-leuchte-768x696.jpg 768w\" sizes=\"(max-width: 1080px) 100vw, 1080px\" \/><\/a><\/p>\n<h2><span class=\"ez-toc-section\" id=\"Mobile_Lichter_fuer_drinnen_und_draussen\"><\/span>Mobile Lichter f\u00fcr drinnen und drau\u00dfen<span class=\"ez-toc-section-end\"><\/span><\/h2>\n<p style=\"text-align: justify;\">Weihnachtsdeko im Schlafzimmer, Stimmungslicht f\u00fcr den Wohnzimmertisch oder Kerzen-Ersatz beim Grillfest: Wird es gem\u00fctlich, ist die <a href=\"https:\/\/www.raum-blick.de\/menu-carrie-leuchte\">menu Carrie Leuchte<\/a> dabei. Der kugelf\u00f6rmige Glasschirm schmeichelt dem Auge genauso wie der Henkel aus pulverbeschichtetem Stahl. Er dient als Tragegriff und ebnet der vielseitigen Nutzung den Weg. Abh\u00e4ngig von seiner Position ergibt sich eine Tischlampe, H\u00e4ngeleuchte oder Wandlampe.<\/p>\n<p><a href=\"https:\/\/www.raum-blick.de\/menu-carrie-leuchte\"><img loading=\"lazy\" decoding=\"async\" class=\"aligncenter wp-image-17076 size-full\" title=\"menu \u2013 Carrie LED Leuchte Akku-Leuchte, tragbar | Design: Norm Architects\" src=\"https:\/\/www.raum-blick.de\/magazin\/wp-content\/uploads\/2024\/08\/menu-carrie-leuchte.jpg\" alt=\"menu \u2013 Carrie LED Leuchte Akku-Leuchte, tragbar | Design: Norm Architects\" width=\"900\" height=\"900\" srcset=\"https:\/\/raum-blick.de\/magazin\/wp-content\/uploads\/2024\/08\/menu-carrie-leuchte.jpg 900w, https:\/\/raum-blick.de\/magazin\/wp-content\/uploads\/2024\/08\/menu-carrie-leuchte-300x300.jpg 300w, https:\/\/raum-blick.de\/magazin\/wp-content\/uploads\/2024\/08\/menu-carrie-leuchte-150x150.jpg 150w, https:\/\/raum-blick.de\/magazin\/wp-content\/uploads\/2024\/08\/menu-carrie-leuchte-768x768.jpg 768w\" sizes=\"(max-width: 900px) 100vw, 900px\" \/><\/a><\/p>\n<p style=\"text-align: justify;\">Ralph Kr\u00e4uter entwarf f\u00fcr <a href=\"https:\/\/www.raum-blick.de\/absolut-lighting\/\">Absolut Lighting<\/a> das <a href=\"https:\/\/www.raum-blick.de\/absolut-lighting-liberty-light\">Liberty Light<\/a>. Minimalistisch erscheint die geometrische Klarheit. Einen edlen Touch erh\u00e4lt die mobile LED-Leuchte durch das Finish im Goldton. Es ist gleich, wo man die Funktionsleuchte platziert. \u00dcberall bezeugt sie mit ihrer dezenten Eleganz das stilistische Gesp\u00fcr.<\/p>\n<p><a href=\"https:\/\/www.raum-blick.de\/absolut-lighting-liberty-light\"><img loading=\"lazy\" decoding=\"async\" class=\"aligncenter wp-image-17078 size-full\" title=\"Absolut Lighting Liberty Light, Akku LED-Tischleuchte | Design: radius design\" src=\"https:\/\/www.raum-blick.de\/magazin\/wp-content\/uploads\/2024\/08\/absolut-lighting-liberty-light.jpg\" alt=\"Absolut Lighting Liberty Light, Akku LED-Tischleuchte | Design: radius design\" width=\"900\" height=\"900\" srcset=\"https:\/\/raum-blick.de\/magazin\/wp-content\/uploads\/2024\/08\/absolut-lighting-liberty-light.jpg 900w, https:\/\/raum-blick.de\/magazin\/wp-content\/uploads\/2024\/08\/absolut-lighting-liberty-light-300x300.jpg 300w, https:\/\/raum-blick.de\/magazin\/wp-content\/uploads\/2024\/08\/absolut-lighting-liberty-light-150x150.jpg 150w, https:\/\/raum-blick.de\/magazin\/wp-content\/uploads\/2024\/08\/absolut-lighting-liberty-light-768x768.jpg 768w\" sizes=\"(max-width: 900px) 100vw, 900px\" \/><\/a><\/p>\n<h2><span class=\"ez-toc-section\" id=\"Lichtspender_mit_musikalischem_Talent\"><\/span>Lichtspender mit musikalischem Talent<span class=\"ez-toc-section-end\"><\/span><\/h2>\n<p style=\"text-align: justify;\">Jede mobile LED-Leuchte hat einen Akku an Bord. Es bietet sich an, ihn f\u00fcr weitere Bed\u00fcrfnisse zu nutzten. Den Gedanken greift <a href=\"https:\/\/www.raum-blick.de\/kooduu\/\">Kooduu<\/a> mit der Lite-up auf. Ansprechend ist ihr Scandi-Style mit organischer Formensprache und charmanten Holzdetails. Doppelt bereichert sie die Atmosph\u00e4re, wenn man sie zum geselligen Abend einl\u00e4dt. Das Multitalent spendet gem\u00fctliches Licht und l\u00e4sst gestreamte Musik ert\u00f6nen, weil ein Bluetooth-Lautsprecher integriert ist. Drei Funktionen w\u00e4ren noch besser? Bittesch\u00f6n: Die Synergy-Serie der Marke vereint die mobile LED-Leuchte mit dem Speaker und Weink\u00fchler.<\/p>\n<p><img loading=\"lazy\" decoding=\"async\" class=\"aligncenter wp-image-17080 size-full\" title=\"Kooduu \u2013 Lite-up LED Akkulampe, kabellos &amp; dimmbar | Design: Kooduu\" src=\"https:\/\/www.raum-blick.de\/magazin\/wp-content\/uploads\/2024\/08\/kooduu-lite-up-akkuleuchte-lampe.jpg\" alt=\"Kooduu \u2013 Lite-up LED Akkulampe, kabellos &amp; dimmbar | Design: Kooduu\" width=\"900\" height=\"777\" srcset=\"https:\/\/raum-blick.de\/magazin\/wp-content\/uploads\/2024\/08\/kooduu-lite-up-akkuleuchte-lampe.jpg 900w, https:\/\/raum-blick.de\/magazin\/wp-content\/uploads\/2024\/08\/kooduu-lite-up-akkuleuchte-lampe-300x259.jpg 300w, https:\/\/raum-blick.de\/magazin\/wp-content\/uploads\/2024\/08\/kooduu-lite-up-akkuleuchte-lampe-768x663.jpg 768w\" sizes=\"(max-width: 900px) 100vw, 900px\" \/><\/p>\n<h2><span class=\"ez-toc-section\" id=\"Tipps_fuer_mobile_Leuchten_%E2%80%93_worauf_sollte_man_achten\"><\/span>Tipps f\u00fcr mobile Leuchten \u2013 worauf sollte man achten?<span class=\"ez-toc-section-end\"><\/span><\/h2>\n<p style=\"text-align: justify;\">Wer eine mobile LED-Leuchte verwendet, mag es flexibel. Das ber\u00fccksichtigen nahezu alle Designmarken mit einer Dimmfunktion. Manchmal erm\u00f6glicht das technische Konzept sogar den Wechsel zwischen warmwei\u00dfem und kaltwei\u00dfem Licht. Eine Lichtleistung von 150 Lumen ist das Minimum, wenn man die Tischlampe au\u00dfen als Leselicht nutzen m\u00f6chte.<\/p>\n<p style=\"text-align: justify;\">Das Schl\u00fcsselelement f\u00fcr die mobile Nutzung ist der Akku. Seine Qualit\u00e4t beeinflusst die Leuchtdauer und Ladezeit. Beachtenswert ist auch die Schutzart: F\u00fcr Innenr\u00e4ume sind Leuchten mit IP20 gedacht. Bei trockenem Sommerwetter spricht aber nichts gegen ein Intermezzo auf dem Balkontisch. IP44 bietet Schutz gegen Spr\u00fchwasser im Bad oder auf der Terrasse. Wartet die Lampe mit IP55 auf, r\u00fctteln auch derbe Regenschauer nicht an ihrer Funktionalit\u00e4t.<\/p>\n","protected":false},"excerpt":{"rendered":"<p>Zugreifen, positionieren und anschalten, schon ist f\u00fcrs behagliche Licht gesorgt. Eine mobile LED-Leuchte erleichtert es, die ruhigen Momente zu genie\u00dfen. Das gilt f\u00fcr den Garten genauso wie die Wohnwelt. Lehnen Sie sie sich entspannt zur\u00fcck. Wir stellen Ihnen bemerkenswerte Akkulampen f\u00fcr den spontanen Lifestyle vor. Klassische Wohnleuchten puristisch und mobil interpretiert Der Lampenfu\u00df erhebt sich [&hellip;]<\/p>\n","protected":false},"author":4,"featured_media":17056,"comment_status":"closed","ping_status":"open","sticky":false,"template":"","format":"standard","meta":{"_et_pb_use_builder":"","_et_pb_old_content":"","_et_gb_content_width":"","inline_featured_image":false,"footnotes":""},"categories":[7],"tags":[597,1887,1885,1884,1880,1882,1886,1881,1883],"class_list":["post-17052","post","type-post","status-publish","format-standard","has-post-thumbnail","hentry","category-accessoires-lifestyle","tag-gartenbeleuchtung","tag-klassische-wohnleuchten","tag-lampen-mit-akkus","tag-led-lampen","tag-led-leuchten","tag-led-leuchten-fuer-den-gartentisch","tag-leuchten-mit-akkus","tag-mobile-led-leuchten","tag-mobile-leuchten"],"_links":{"self":[{"href":"https:\/\/raum-blick.de\/magazin\/wp-json\/wp\/v2\/posts\/17052","targetHints":{"allow":["GET"]}}],"collection":[{"href":"https:\/\/raum-blick.de\/magazin\/wp-json\/wp\/v2\/posts"}],"about":[{"href":"https:\/\/raum-blick.de\/magazin\/wp-json\/wp\/v2\/types\/post"}],"author":[{"embeddable":true,"href":"https:\/\/raum-blick.de\/magazin\/wp-json\/wp\/v2\/users\/4"}],"replies":[{"embeddable":true,"href":"https:\/\/raum-blick.de\/magazin\/wp-json\/wp\/v2\/comments?post=17052"}],"version-history":[{"count":18,"href":"https:\/\/raum-blick.de\/magazin\/wp-json\/wp\/v2\/posts\/17052\/revisions"}],"predecessor-version":[{"id":21307,"href":"https:\/\/raum-blick.de\/magazin\/wp-json\/wp\/v2\/posts\/17052\/revisions\/21307"}],"wp:featuredmedia":[{"embeddable":true,"href":"https:\/\/raum-blick.de\/magazin\/wp-json\/wp\/v2\/media\/17056"}],"wp:attachment":[{"href":"https:\/\/raum-blick.de\/magazin\/wp-json\/wp\/v2\/media?parent=17052"}],"wp:term":[{"taxonomy":"category","embeddable":true,"href":"https:\/\/raum-blick.de\/magazin\/wp-json\/wp\/v2\/categories?post=17052"},{"taxonomy":"post_tag","embeddable":true,"href":"https:\/\/raum-blick.de\/magazin\/wp-json\/wp\/v2\/tags?post=17052"}],"curies":[{"name":"wp","href":"https:\/\/api.w.org\/{rel}","templated":true}]}}