{"id":1700,"date":"2016-11-25T13:09:36","date_gmt":"2016-11-25T12:09:36","guid":{"rendered":"https:\/\/www.raum-blick.de\/magazin\/?p=1700"},"modified":"2022-05-24T19:15:24","modified_gmt":"2022-05-24T17:15:24","slug":"stilvolles-tischgedeck","status":"publish","type":"post","link":"https:\/\/raum-blick.de\/magazin\/stilvolles-tischgedeck\/","title":{"rendered":"Stilvolles Tischgedeck"},"content":{"rendered":"<h2><span class=\"ez-toc-section\" id=\"_%C2%AB_So_wird_die_Tafel_festlich_%C2%BB\"><\/span>\u00a0\u00ab So wird die Tafel festlich \u00bb<span class=\"ez-toc-section-end\"><\/span><\/h2>\n<p style=\"text-align: justify;\"><strong>Zweifellos bereitet der legere Feierabend mit einem unkomplizierten Snack auf dem kuscheligen Sofa viel Freude. Aber auch die andere Devise der genussvollen Freizeitgestaltung hat ihren Reiz: Mit viel Zeit und leiser Musik im Hintergrund haben Sie Ihre Freunde zu Gast und verbringen bei gutem Essen und einem interessanten Wein einen sch\u00f6nen Abend. Im Idealfall gen\u00fcgt f\u00fcr Ihre G\u00e4ste bereits ein kurzer Blick auf die stilvoll arrangierte Tafel mit feinem Tischgedeck, um zu erahnen: Dieser Abend wird k\u00f6stlich. <\/strong><\/p>\n<h2><span class=\"ez-toc-section\" id=\"Edles_Tischgedeck_fuer_individuelle_Ideen_beim_Dinner\"><\/span>Edles Tischgedeck f\u00fcr individuelle Ideen beim Dinner<span class=\"ez-toc-section-end\"><\/span><\/h2>\n<p style=\"text-align: justify;\">Wer das Leben in jeder Hinsicht genie\u00dft, wei\u00df legere Momente ebenso zu sch\u00e4tzen wie eine gepflegte Atmosph\u00e4re. Das romantische Men\u00fc zu zweit, die Familienfeier zum Geburtstag oder der italienische Abend mit Freunden: Diese zwischenmenschlichen Ereignisse f\u00fchlen sich ganz anders an, wenn Sie den Tisch richtig decken. Umgehend liegt ein Hauch von Feierlichkeit in der Luft und den geselligen Stunden wird die Bedeutung beigemessen, die sie verdienen.<\/p><div id=\"ez-toc-container\" class=\"ez-toc-v2_0_82_2 counter-hierarchy ez-toc-counter ez-toc-grey ez-toc-container-direction\">\n<div class=\"ez-toc-title-container\">\n<p class=\"ez-toc-title\" style=\"cursor:inherit\">Was hier auf Sie wartet<\/p>\n<span class=\"ez-toc-title-toggle\"><a href=\"#\" class=\"ez-toc-pull-right ez-toc-btn ez-toc-btn-xs ez-toc-btn-default ez-toc-toggle\" aria-label=\"Toggle Table of Content\"><span class=\"ez-toc-js-icon-con\"><span class=\"\"><span class=\"eztoc-hide\" style=\"display:none;\">Toggle<\/span><span class=\"ez-toc-icon-toggle-span\"><svg style=\"fill: #999;color:#999\" xmlns=\"http:\/\/www.w3.org\/2000\/svg\" class=\"list-377408\" width=\"20px\" height=\"20px\" viewBox=\"0 0 24 24\" fill=\"none\"><path d=\"M6 6H4v2h2V6zm14 0H8v2h12V6zM4 11h2v2H4v-2zm16 0H8v2h12v-2zM4 16h2v2H4v-2zm16 0H8v2h12v-2z\" fill=\"currentColor\"><\/path><\/svg><svg style=\"fill: #999;color:#999\" class=\"arrow-unsorted-368013\" xmlns=\"http:\/\/www.w3.org\/2000\/svg\" width=\"10px\" height=\"10px\" viewBox=\"0 0 24 24\" version=\"1.2\" baseProfile=\"tiny\"><path d=\"M18.2 9.3l-6.2-6.3-6.2 6.3c-.2.2-.3.4-.3.7s.1.5.3.7c.2.2.4.3.7.3h11c.3 0 .5-.1.7-.3.2-.2.3-.5.3-.7s-.1-.5-.3-.7zM5.8 14.7l6.2 6.3 6.2-6.3c.2-.2.3-.5.3-.7s-.1-.5-.3-.7c-.2-.2-.4-.3-.7-.3h-11c-.3 0-.5.1-.7.3-.2.2-.3.5-.3.7s.1.5.3.7z\"\/><\/svg><\/span><\/span><\/span><\/a><\/span><\/div>\n<nav><ul class='ez-toc-list ez-toc-list-level-1 ' ><li class='ez-toc-page-1 ez-toc-heading-level-2'><a class=\"ez-toc-link ez-toc-heading-1\" href=\"https:\/\/raum-blick.de\/magazin\/stilvolles-tischgedeck\/#_%C2%AB_So_wird_die_Tafel_festlich_%C2%BB\" >\u00a0\u00ab So wird die Tafel festlich \u00bb<\/a><\/li><li class='ez-toc-page-1 ez-toc-heading-level-2'><a class=\"ez-toc-link ez-toc-heading-2\" href=\"https:\/\/raum-blick.de\/magazin\/stilvolles-tischgedeck\/#Edles_Tischgedeck_fuer_individuelle_Ideen_beim_Dinner\" >Edles Tischgedeck f\u00fcr individuelle Ideen beim Dinner<\/a><\/li><li class='ez-toc-page-1 ez-toc-heading-level-2'><a class=\"ez-toc-link ez-toc-heading-3\" href=\"https:\/\/raum-blick.de\/magazin\/stilvolles-tischgedeck\/#Das_Geschirr_%E2%80%93_festlich_weiss\" >Das Geschirr \u2013 festlich wei\u00df<\/a><\/li><li class='ez-toc-page-1 ez-toc-heading-level-2'><a class=\"ez-toc-link ez-toc-heading-4\" href=\"https:\/\/raum-blick.de\/magazin\/stilvolles-tischgedeck\/#Besteck_%E2%80%93_Designklassiker_mono-a\" >Besteck \u2013 Designklassiker mono-a<\/a><\/li><li class='ez-toc-page-1 ez-toc-heading-level-2'><a class=\"ez-toc-link ez-toc-heading-5\" href=\"https:\/\/raum-blick.de\/magazin\/stilvolles-tischgedeck\/#Vielseitige_Glaeser_fuers_zeitgemaesse_Tischgedeck\" >Vielseitige Gl\u00e4ser f\u00fcrs zeitgem\u00e4\u00dfe Tischgedeck<\/a><\/li><li class='ez-toc-page-1 ez-toc-heading-level-2'><a class=\"ez-toc-link ez-toc-heading-6\" href=\"https:\/\/raum-blick.de\/magazin\/stilvolles-tischgedeck\/#Wohldosierte_Tischdeko_von_Holmegaard_oder_Stelton_passend_zum_kulinarischen_Thema\" >Wohldosierte Tischdeko von Holmegaard oder Stelton passend zum kulinarischen Thema<\/a><\/li><\/ul><\/nav><\/div>\n\n<p style=\"text-align: justify;\"><img loading=\"lazy\" decoding=\"async\" class=\"aligncenter wp-image-1779 size-full\" title=\"Skagerak Time | Serviertablett\" src=\"https:\/\/www.raum-blick.de\/magazin\/wp-content\/uploads\/2016\/12\/Skagerak-Time-Serviertablett.jpg\" alt=\"skagerak-time-serviertablett\" width=\"600\" height=\"600\" srcset=\"https:\/\/raum-blick.de\/magazin\/wp-content\/uploads\/2016\/12\/Skagerak-Time-Serviertablett.jpg 600w, https:\/\/raum-blick.de\/magazin\/wp-content\/uploads\/2016\/12\/Skagerak-Time-Serviertablett-150x150.jpg 150w, https:\/\/raum-blick.de\/magazin\/wp-content\/uploads\/2016\/12\/Skagerak-Time-Serviertablett-300x300.jpg 300w\" sizes=\"(max-width: 600px) 100vw, 600px\" \/><\/p>\n<p style=\"text-align: justify;\">Dass ein liebevoll eingerichteter Wohnraum ebenso zum harmonischen Setting beitr\u00e4gt wie eine sanfte Beleuchtung und entspannte Gastgeber, muss nicht n\u00e4her erl\u00e4utert werden. Weniger relevant ist, dass wahrhaftige Meisterwerke aus der Hobbyk\u00fcche serviert werden. Ein flinkes Men\u00fc mit Antipasti aus dem Spezialit\u00e4tengesch\u00e4ft, getr\u00fcffelten Bandnudeln als Hauptgang und frischen Fr\u00fcchten zum Dessert \u00fcberzeugen sogar kritische Gourmets. Im Vordergrund steht die Herzlichkeit der Einladung, die sich am sorgf\u00e4ltig ausgew\u00e4hlten Tischgedeck ebenso ablesen l\u00e4sst wie an der geschmackvollen Tischdeko.<\/p>\n<h2><span class=\"ez-toc-section\" id=\"Das_Geschirr_%E2%80%93_festlich_weiss\"><\/span>Das Geschirr \u2013 festlich wei\u00df<span class=\"ez-toc-section-end\"><\/span><\/h2>\n<p style=\"text-align: justify;\">F\u00fcr die Festtafel zu Hause ist immer eine schlicht wei\u00dfe Kollektion renommierter Porzellanhersteller zu empfehlen. Diese kann aufgrund der St\u00e4rke den gehobenen Landhausstil, der filigranen Form den exquisiten Lifestyle oder der aparten Form den extravaganten Geschmack unterstreichen.<\/p>\n<p style=\"text-align: justify;\"><a href=\"https:\/\/www.raum-blick.de\/skagerak-nordic-holztablett\"><img loading=\"lazy\" decoding=\"async\" class=\"aligncenter wp-image-1777 size-full\" title=\"Skagerak Nordic Serving Tray | Holztablett\" src=\"https:\/\/www.raum-blick.de\/magazin\/wp-content\/uploads\/2016\/12\/Skagerak-Nordic-Serving-Tray-Holztablett.jpg\" alt=\"skagerak-nordic-serving-tray-holztablett\" width=\"600\" height=\"600\" srcset=\"https:\/\/raum-blick.de\/magazin\/wp-content\/uploads\/2016\/12\/Skagerak-Nordic-Serving-Tray-Holztablett.jpg 600w, https:\/\/raum-blick.de\/magazin\/wp-content\/uploads\/2016\/12\/Skagerak-Nordic-Serving-Tray-Holztablett-150x150.jpg 150w, https:\/\/raum-blick.de\/magazin\/wp-content\/uploads\/2016\/12\/Skagerak-Nordic-Serving-Tray-Holztablett-300x300.jpg 300w\" sizes=\"(max-width: 600px) 100vw, 600px\" \/><\/a><\/p>\n<p style=\"text-align: justify;\">In jedem Fall gew\u00e4hrt Ihnen die pure Eleganz \u00fcber Jahrzehnte viel Freiheit bei der Tischdeko. Au\u00dferdem ist das Geschirr traditionsreicher Marken langfristig erh\u00e4ltlich und kann bei Bedarf erg\u00e4nzt werden.<\/p>\n<h2><span class=\"ez-toc-section\" id=\"Besteck_%E2%80%93_Designklassiker_mono-a\"><\/span>Besteck <span class=\"st\">\u2013<\/span> Designklassiker mono-a<span class=\"ez-toc-section-end\"><\/span><\/h2>\n<p style=\"text-align: justify;\">Wer den Tisch richtig decken m\u00f6chte, ben\u00f6tigt selbstverst\u00e4ndlich mehr als ein hochwertiges Geschirr. Kaum jemand hat heutzutage noch die Zeit, vor dem Stelldichein der G\u00e4ste das Tafelsilber zu polieren. Deshalb hat sich Besteck aus Edelstahl durchgesetzt, dass sowohl elegant als auch pflegeleicht ist.<\/p>\n<p style=\"text-align: justify;\"><a href=\"https:\/\/www.raum-blick.de\/mono\/\"><img loading=\"lazy\" decoding=\"async\" class=\"aligncenter wp-image-1703 size-full\" title=\"mono-a Besteck\" src=\"https:\/\/www.raum-blick.de\/magazin\/wp-content\/uploads\/2016\/12\/mono-a-Besteck.jpg\" alt=\"mono-a-besteck\" width=\"600\" height=\"167\" srcset=\"https:\/\/raum-blick.de\/magazin\/wp-content\/uploads\/2016\/12\/mono-a-Besteck.jpg 600w, https:\/\/raum-blick.de\/magazin\/wp-content\/uploads\/2016\/12\/mono-a-Besteck-300x84.jpg 300w\" sizes=\"(max-width: 600px) 100vw, 600px\" \/><\/a><\/p>\n<p style=\"text-align: justify;\">Vom Bauhaus lie\u00df sich der Industriedesigner Peter Raacke inspirieren, als er 1958 die Kollektion mono-a f\u00fcr eine traditionsreiche Edelstahlmanufaktur in Mettmann entwarf. Als das puristisch akzentuierte Besteck der Marke mono erstmals pr\u00e4sentiert wurde, war das geradlinige und alltagstaugliche Design extraordin\u00e4r. Wenngleich funktionale Entw\u00fcrfe gegenw\u00e4rtig im Trend liegen, \u00fcberzeugt die Serie mono-a noch immer mit ihrem eigenst\u00e4ndigen Charakter. Ganz nebenbei hat es seinen Charme, beim Tischgedeck einen \u00e4sthetischen Klassiker ins Spiel zu bringen.<\/p>\n<p style=\"text-align: justify;\"><a href=\"https:\/\/www.raum-blick.de\/mono-a-besteck-mono\"><img loading=\"lazy\" decoding=\"async\" class=\"alignleft wp-image-1712 size-full\" title=\"mono-a Besteck | Material: Chromnickel-Edelstahl 18\/10\" src=\"https:\/\/www.raum-blick.de\/magazin\/wp-content\/uploads\/2016\/12\/mono-a-Besteck-Material-Chromnickel-Edelstahl-1810.jpg\" alt=\"mono-a-besteck-material-chromnickel-edelstahl-1810\" width=\"300\" height=\"410\" srcset=\"https:\/\/raum-blick.de\/magazin\/wp-content\/uploads\/2016\/12\/mono-a-Besteck-Material-Chromnickel-Edelstahl-1810.jpg 300w, https:\/\/raum-blick.de\/magazin\/wp-content\/uploads\/2016\/12\/mono-a-Besteck-Material-Chromnickel-Edelstahl-1810-220x300.jpg 220w\" sizes=\"(max-width: 300px) 100vw, 300px\" \/><\/a><a href=\"https:\/\/www.raum-blick.de\/mono\/\">Die Kollektion von mono<\/a> gilt als das meistverkaufte Designbesteck aus deutscher Produktion und z\u00e4hlt nach wie vor zu den beliebtesten Serien des rheinl\u00e4ndischen Unternehmens. Erstklassig ist nicht nur die ausgewogene \u00c4sthetik, die mit nahezu allen Anl\u00e4ssen und Stilrichtungen beim Tischgedeck harmoniert. Auch die hochwertige Verarbeitung spricht f\u00fcr die legend\u00e4re Linie von mono, die sich unter anderem in besonders geh\u00e4rteten Messerklingen widerspiegelt.<\/p>\n<p style=\"text-align: justify;\">Bei der Ausstattung mit Messern, Gabeln und L\u00f6ffeln sollte daran gedacht werden, dass beim Dinner mehrere Besteck-Garnituren f\u00fcr die einzelnen G\u00e4nge gefragt sind.<\/p>\n<p style=\"text-align: justify;\">Exoten wie Fischmesser oder Austerngabeln d\u00fcrfen gerne vom g\u00e4ngigen Besteck vertreten werden. Derartige Extravaganzen muten im privaten Rahmen etwas elit\u00e4r an und beschweren unn\u00f6tig die Schubladen.<\/p>\n<h2><span class=\"ez-toc-section\" id=\"Vielseitige_Glaeser_fuers_zeitgemaesse_Tischgedeck\"><\/span>Vielseitige Gl\u00e4ser f\u00fcrs zeitgem\u00e4\u00dfe Tischgedeck<span class=\"ez-toc-section-end\"><\/span><\/h2>\n<p style=\"text-align: justify;\">An Schr\u00e4nke, die mit selten genutzten Solisten gef\u00fcllt sind, dachte auch Alfred H\u00e4berli, als er die Kollektion Essence entwarf. Dem international beachteten Designer ging es darum, mit einem knapp kalkulierten Portfolio an Gl\u00e4sern das angemessene Servieren vieler Getr\u00e4nke zu erm\u00f6glichen. Eben diese Mission ist ihm mit der iittala-Serie gelungen, die Gl\u00e4ser f\u00fcr Rotwein, Wei\u00dfwein, Bier, Sekt und Sherry pr\u00e4sentiert. Erg\u00e4nzt wird das Quintett durch ein Wasserglas und eine Sektschale.<\/p>\n<p style=\"text-align: justify;\"><img loading=\"lazy\" decoding=\"async\" class=\"alignleft wp-image-1737 size-full\" title=\"iittale Essence Cocktailglas | 2er-Set | auch perfekt f\u00fcr Champagner\" src=\"https:\/\/www.raum-blick.de\/magazin\/wp-content\/uploads\/2016\/12\/iittala-Essence-Cocktailglas-2er-Set-auch-perfekt-f\u00fcr-Champagner.jpg\" alt=\"iittala-essence-cocktailglas-2er-set-auch-perfekt-fuer-champagner\" width=\"336\" height=\"300\" srcset=\"https:\/\/raum-blick.de\/magazin\/wp-content\/uploads\/2016\/12\/iittala-Essence-Cocktailglas-2er-Set-auch-perfekt-f\u00fcr-Champagner.jpg 336w, https:\/\/raum-blick.de\/magazin\/wp-content\/uploads\/2016\/12\/iittala-Essence-Cocktailglas-2er-Set-auch-perfekt-f\u00fcr-Champagner-300x268.jpg 300w\" sizes=\"(max-width: 336px) 100vw, 336px\" \/>Die formsch\u00f6nen Gl\u00e4ser eignen sich nicht nur f\u00fcr den Ausschank zahlreicher Spirituosen, sondern auch f\u00fcr das au\u00dfergew\u00f6hnliche Arrangieren von Vorspeisen oder Desserts.<\/p>\n<p style=\"text-align: justify;\">\u00c4hnlich wie das Besteck von mono begeistert die Kollektion mit ihrem ausbalancierten Charakter.<\/p>\n<p style=\"text-align: justify;\">Bewusst h\u00e4lt Alfred H\u00e4berli bei allen Glasvarianten am identischen Fu\u00df und Stiel fest.<\/p>\n<p style=\"text-align: justify;\">Auch die Proportionen der Kelche \u00e4hneln sich durchweg, w\u00e4hrend die H\u00f6he leicht variiert. So beg\u00fcnstigt die Linie von iittala nicht nur ein harmonisches Bild beim Tischgedeck. Durch den Verzicht auf wuchtige Silhouetten k\u00f6nnen Sie auch dann den Tisch richtig decken, wenn die verf\u00fcgbare Fl\u00e4che \u00fcberschaubar ist.<\/p>\n<p style=\"text-align: justify;\"><img loading=\"lazy\" decoding=\"async\" class=\"aligncenter wp-image-1745 size-full\" title=\"iittala Essence Wei\u00dfweinglas | 2er-Set | geschirrsp\u00fclfest\" src=\"https:\/\/www.raum-blick.de\/magazin\/wp-content\/uploads\/2016\/12\/iittala-Essence-Wei\u00dfweinglas.jpg\" alt=\"iittala-essence-weissweinglas\" width=\"600\" height=\"440\" srcset=\"https:\/\/raum-blick.de\/magazin\/wp-content\/uploads\/2016\/12\/iittala-Essence-Wei\u00dfweinglas.jpg 600w, https:\/\/raum-blick.de\/magazin\/wp-content\/uploads\/2016\/12\/iittala-Essence-Wei\u00dfweinglas-300x220.jpg 300w\" sizes=\"(max-width: 600px) 100vw, 600px\" \/><\/p>\n<p style=\"text-align: justify;\">Beim Entwurf der Gl\u00e4ser achtete iittala nicht nur auf Vielseitigkeit und \u00c4sthetik. Damit sich die Aromen der Getr\u00e4nke bestm\u00f6glich entfalten k\u00f6nnen, wurden Experten f\u00fcr Weine und Spirituosen in die Gestaltung miteinbezogen.<\/p>\n<p style=\"text-align: justify;\"><img loading=\"lazy\" decoding=\"async\" class=\"alignleft wp-image-1725 size-full\" title=\"iittala Aino Aalto Glas | 2er-Set | Volumen: 33 cl | H\u00f6he: 11 cm\" src=\"https:\/\/www.raum-blick.de\/magazin\/wp-content\/uploads\/2016\/12\/iittala-Aino-Aalto-Glas-2er-Set.jpg\" alt=\"iittala-aino-aalto-glas-2er-set\" width=\"196\" height=\"280\" \/>Neben der Essence-Kollektion lohnt sich ein Blick auf die Wassergl\u00e4ser, die Aino Aalto in den 1930er Jahren f\u00fcr iittala entwarf. Bis heute fasziniert das reduzierte Design der Glasgef\u00e4\u00dfe, die sich f\u00fcr den Ausschank von Erfrischungsgetr\u00e4nken beim Dinner ebenso eignen wie f\u00fcr die Weinschorle am Sommerabend oder das Tischgedeck beim Kindergeburtstag.<\/p>\n<p style=\"text-align: justify;\">Erstklassiges Geschirr der j\u00fcngeren Kollektionen, die Gl\u00e4ser von Aino Aalto oder Alfred H\u00e4berli und das Besteck von mono haben eine Gemeinsamkeit: Sie erfreuen nicht nur mit einem ansprechenden Design und erm\u00f6glichen ein stilvolles Tischgedeck.<\/p>\n<p style=\"text-align: justify;\">Alle erw\u00e4hnten Kollektionen sind f\u00fcr die Sp\u00fclmaschine geeignet. Dieses kleine Detail kommt sp\u00e4testens nach dem Abr\u00e4umen der Dinner-Tafel zur Geltung.<\/p>\n<h2><span class=\"ez-toc-section\" id=\"Wohldosierte_Tischdeko_von_Holmegaard_oder_Stelton_passend_zum_kulinarischen_Thema\"><\/span>Wohldosierte Tischdeko von Holmegaard oder Stelton passend zum kulinarischen Thema<span class=\"ez-toc-section-end\"><\/span><\/h2>\n<p style=\"text-align: justify;\">Sobald alle unverzichtbaren Elemente f\u00fcrs Tischgedeck platziert wurden, wirkt die private Tafel in der Regel schon gut gef\u00fcllt. Damit das Ambiente nicht \u00fcberladen oder beengt erscheint, m\u00fcssen wenige dekorative Akzente auf dem Tisch gen\u00fcgen. Unverzichtbar f\u00fcrs gehobene Flair ist der Kerzenschein, f\u00fcr den <a href=\"https:\/\/www.raum-blick.de\/holmegaard\/\">Holmegaard<\/a> und Stelton hochwertige Accessoires zu bieten haben.<\/p>\n<p style=\"text-align: justify;\"><img loading=\"lazy\" decoding=\"async\" class=\"aligncenter wp-image-1754 size-full\" title=\"Holmegaard Design with Light | Windlicht\" src=\"https:\/\/www.raum-blick.de\/magazin\/wp-content\/uploads\/2016\/12\/Holmegaard-Design-with-Light-Windlicht.jpg\" alt=\"holmegaard-design-with-light-windlicht\" width=\"600\" height=\"600\" srcset=\"https:\/\/raum-blick.de\/magazin\/wp-content\/uploads\/2016\/12\/Holmegaard-Design-with-Light-Windlicht.jpg 600w, https:\/\/raum-blick.de\/magazin\/wp-content\/uploads\/2016\/12\/Holmegaard-Design-with-Light-Windlicht-150x150.jpg 150w, https:\/\/raum-blick.de\/magazin\/wp-content\/uploads\/2016\/12\/Holmegaard-Design-with-Light-Windlicht-300x300.jpg 300w\" sizes=\"(max-width: 600px) 100vw, 600px\" \/><\/p>\n<p style=\"text-align: justify;\">Aus der Feder von Maria Berntsen stammt ein Windlicht, bei dem mundgeblasenes Glas mit einem soliden Stahlboden kombiniert wird. Abh\u00e4ngig vom Modell aus der Serie \u201eDesign with Light\u201c von Holmegaard wird durch die Konzeption nicht nur die Intensit\u00e4t des Teelichts oder der Tafelkerze intensiviert. Die Flamme wird zugleich vor Windzug gesch\u00fctzt, sodass sich die Tischdeko auch f\u00fcr das Dinner im Freien eignet.<\/p>\n<p style=\"text-align: justify;\"><img loading=\"lazy\" decoding=\"async\" class=\"aligncenter wp-image-1757 size-full\" title=\"Holmegaard Design with Light | Laterne\" src=\"https:\/\/www.raum-blick.de\/magazin\/wp-content\/uploads\/2016\/12\/Design-with-Light-Laterne.jpg\" alt=\"design-with-light-laterne\" width=\"600\" height=\"600\" srcset=\"https:\/\/raum-blick.de\/magazin\/wp-content\/uploads\/2016\/12\/Design-with-Light-Laterne.jpg 600w, https:\/\/raum-blick.de\/magazin\/wp-content\/uploads\/2016\/12\/Design-with-Light-Laterne-150x150.jpg 150w, https:\/\/raum-blick.de\/magazin\/wp-content\/uploads\/2016\/12\/Design-with-Light-Laterne-300x300.jpg 300w\" sizes=\"(max-width: 600px) 100vw, 600px\" \/><\/p>\n<p style=\"text-align: justify;\">Die schlanken Kerzenst\u00e4nder der Serie Reflection von Stelton verbinden filigrane Formsprache mit polierten Oberfl\u00e4chen in edlen Nuancen. So erhalten die Accessoires von Stelton nicht nur einen optisch hochwertigen Charakter. Es gen\u00fcgen zwei oder drei Exemplare mit variierender H\u00f6he, die als Gruppe drapiert werden, damit ein Meer von Lichtern den Tisch zu erfassen scheint.<\/p>\n<p style=\"text-align: justify;\"><img loading=\"lazy\" decoding=\"async\" class=\"aligncenter wp-image-1750 size-full\" title=\"stelton Reflection Kerzenst\u00e4nder | 17 \/ 23 cm\" src=\"https:\/\/www.raum-blick.de\/magazin\/wp-content\/uploads\/2016\/12\/stelton-Reflection-Kerzenst\u00e4nder.jpg\" alt=\"stelton-reflection-kerzenstaender\" width=\"600\" height=\"600\" srcset=\"https:\/\/raum-blick.de\/magazin\/wp-content\/uploads\/2016\/12\/stelton-Reflection-Kerzenst\u00e4nder.jpg 600w, https:\/\/raum-blick.de\/magazin\/wp-content\/uploads\/2016\/12\/stelton-Reflection-Kerzenst\u00e4nder-150x150.jpg 150w, https:\/\/raum-blick.de\/magazin\/wp-content\/uploads\/2016\/12\/stelton-Reflection-Kerzenst\u00e4nder-300x300.jpg 300w\" sizes=\"(max-width: 600px) 100vw, 600px\" \/><\/p>\n<p style=\"text-align: justify;\">Beschr\u00e4nken Sie sich zum Beispiel auf ein Trio der Kerzenst\u00e4nder von Stelton am rechten Rand der Tafel und eine Aalto-Vase von iittala auf der gegen\u00fcberliegenden Seite, die f\u00fcr extraordin\u00e4re Blumen-Arrangements geschaffen wurde. So kollidiert die dekorative Gestaltung nicht mit der Bewegungsfreiheit und der belebten Kommunikation der G\u00e4ste.<\/p>\n<p style=\"text-align: justify;\"><img loading=\"lazy\" decoding=\"async\" class=\"alignright wp-image-1771 size-full\" title=\"iittala Alvar Aalto Savoy | Vase\" src=\"https:\/\/www.raum-blick.de\/magazin\/wp-content\/uploads\/2016\/12\/iittala-Alvar-Aalto-Savoy-Vase-Original-Form.jpg\" alt=\"iittala-alvar-aalto-savoy-vase-original-form\" width=\"289\" height=\"295\" \/>F\u00fcr auflockernde Akzente mittig vom Tisch k\u00f6nnen Sie auf ein Band oder Streudeko zur\u00fcckgreifen. Im Trend liegen direkte Bez\u00fcge zum k\u00f6stlichen Programm, das die G\u00e4ste erwartet. Gew\u00fcrze wie Sternanis und Nelken umrahmen beispielsweise weihnachtliche Spezialit\u00e4ten sehr treffend. Mit diesen dezenten Details verleihen Sie dem Ambiente bei Tisch eine pers\u00f6nliche Note. Dem entgegen entscheidet die Tischw\u00e4sche \u00fcber den Grad der Festlichkeit. Feine Texturen im strahlenden Wei\u00df sind bei einzigartigen Ereignissen die erste Wahl, w\u00e4hrend es beim fr\u00fchlingshaften Brunch oder der Geburtstagsfeier farbenfroher zugehen darf.<\/p>\n<p style=\"text-align: justify;\"><a href=\"https:\/\/www.raum-blick.de\/skagerak-fionia-tablett\"><img loading=\"lazy\" decoding=\"async\" class=\"aligncenter wp-image-1773 size-full\" title=\"Skagerak Fionia | Tablett\" src=\"https:\/\/www.raum-blick.de\/magazin\/wp-content\/uploads\/2016\/12\/Skagerak-Fionia-Tablett.jpg\" alt=\"skagerak-fionia-tablett\" width=\"600\" height=\"600\" srcset=\"https:\/\/raum-blick.de\/magazin\/wp-content\/uploads\/2016\/12\/Skagerak-Fionia-Tablett.jpg 600w, https:\/\/raum-blick.de\/magazin\/wp-content\/uploads\/2016\/12\/Skagerak-Fionia-Tablett-150x150.jpg 150w, https:\/\/raum-blick.de\/magazin\/wp-content\/uploads\/2016\/12\/Skagerak-Fionia-Tablett-300x300.jpg 300w\" sizes=\"(max-width: 600px) 100vw, 600px\" \/><\/a><\/p>\n<p style=\"text-align: justify;\">Wenn Sie den Tisch richtig decken m\u00f6chten, aber dennoch ein erfrischendes und legeres Flair lieben, sollten Sie das Geschirr mit ausgefallenen Sets oder Bambusmatten hervorheben.<\/p>\n","protected":false},"excerpt":{"rendered":"<p>\u00a0\u00ab So wird die Tafel festlich \u00bb Zweifellos bereitet der legere Feierabend mit einem unkomplizierten Snack auf dem kuscheligen Sofa viel Freude. Aber auch die andere Devise der genussvollen Freizeitgestaltung hat ihren Reiz: Mit viel Zeit und leiser Musik im Hintergrund haben Sie Ihre Freunde zu Gast und verbringen bei gutem Essen und einem interessanten [&hellip;]<\/p>\n","protected":false},"author":4,"featured_media":1781,"comment_status":"closed","ping_status":"open","sticky":false,"template":"","format":"standard","meta":{"_et_pb_use_builder":"","_et_pb_old_content":"","_et_gb_content_width":"","inline_featured_image":false,"footnotes":""},"categories":[7],"tags":[145,14,217,220,222,119,147,221,216,23,179,122,223,218,219,214,19,41,224,215,213,146,178,148,27],"class_list":["post-1700","post","type-post","status-publish","format-standard","has-post-thumbnail","hentry","category-accessoires-lifestyle","tag-alvar-aalto","tag-ausstattung","tag-besteck","tag-cocktailglaeser","tag-design-with-light","tag-geschirr","tag-glaeser","tag-holmegaard","tag-holztabletts","tag-iittala","tag-iittala-essence","tag-kerzenstaender","tag-laternen","tag-mono","tag-mono-a","tag-serviertabletts","tag-skagerak","tag-stelton","tag-tabletts","tag-tischdeko","tag-tischgedeck","tag-vasen","tag-weissweinglaeser","tag-windlichter","tag-wohnaccessoires"],"_links":{"self":[{"href":"https:\/\/raum-blick.de\/magazin\/wp-json\/wp\/v2\/posts\/1700","targetHints":{"allow":["GET"]}}],"collection":[{"href":"https:\/\/raum-blick.de\/magazin\/wp-json\/wp\/v2\/posts"}],"about":[{"href":"https:\/\/raum-blick.de\/magazin\/wp-json\/wp\/v2\/types\/post"}],"author":[{"embeddable":true,"href":"https:\/\/raum-blick.de\/magazin\/wp-json\/wp\/v2\/users\/4"}],"replies":[{"embeddable":true,"href":"https:\/\/raum-blick.de\/magazin\/wp-json\/wp\/v2\/comments?post=1700"}],"version-history":[{"count":77,"href":"https:\/\/raum-blick.de\/magazin\/wp-json\/wp\/v2\/posts\/1700\/revisions"}],"predecessor-version":[{"id":16287,"href":"https:\/\/raum-blick.de\/magazin\/wp-json\/wp\/v2\/posts\/1700\/revisions\/16287"}],"wp:featuredmedia":[{"embeddable":true,"href":"https:\/\/raum-blick.de\/magazin\/wp-json\/wp\/v2\/media\/1781"}],"wp:attachment":[{"href":"https:\/\/raum-blick.de\/magazin\/wp-json\/wp\/v2\/media?parent=1700"}],"wp:term":[{"taxonomy":"category","embeddable":true,"href":"https:\/\/raum-blick.de\/magazin\/wp-json\/wp\/v2\/categories?post=1700"},{"taxonomy":"post_tag","embeddable":true,"href":"https:\/\/raum-blick.de\/magazin\/wp-json\/wp\/v2\/tags?post=1700"}],"curies":[{"name":"wp","href":"https:\/\/api.w.org\/{rel}","templated":true}]}}