{"id":16922,"date":"2022-08-04T09:44:17","date_gmt":"2022-08-04T07:44:17","guid":{"rendered":"https:\/\/www.raum-blick.de\/magazin\/?p=16922"},"modified":"2024-09-02T13:43:40","modified_gmt":"2024-09-02T11:43:40","slug":"outdoor-regal-wetterfest","status":"publish","type":"post","link":"https:\/\/raum-blick.de\/magazin\/outdoor-regal-wetterfest\/","title":{"rendered":"Outdoor Regal wetterfest"},"content":{"rendered":"<h2><span class=\"ez-toc-section\" id=\"%C2%AB_Designklassiker_String_fuer_die_Terrasse_%C2%BB\"><\/span>\u00ab Designklassiker String f\u00fcr die Terrasse \u00bb<span class=\"ez-toc-section-end\"><\/span><\/h2>\n<p style=\"text-align: justify;\"><strong>Egal ob Werkzeug, Grillzubeh\u00f6r oder Badesachen: Je aktiver man seine sonnigen Outdoor-Tage gestaltet, desto schneller herrscht Chaos auf der Terrasse oder im Garten. Doch viele <\/strong><a href=\"https:\/\/www.raum-blick.de\/regale\/\"><strong>Design-Regale<\/strong><\/a><strong>, die vermeintlich eine perfekte L\u00f6sung sind, rosten unter Witterungseinfl\u00fcssen und verlieren ihre schicke \u00c4sthetik schon in der n\u00e4chsten Saison. Mit dem Outdoor-Regal von string stellt Ihnen unser Magazin eine clevere Alternative vor, die wetterfest ist und individuelle Konfigurationen erlaubt.<\/strong><\/p>\n<h2><span class=\"ez-toc-section\" id=\"Erfolgsgeschichte_aus_Schweden\"><\/span>Erfolgsgeschichte aus Schweden<span class=\"ez-toc-section-end\"><\/span><\/h2>\n<p style=\"text-align: justify;\">Wer ein <a href=\"https:\/\/www.raum-blick.de\/string\/\">String-Regal<\/a> in seine Einrichtung integriert, wei\u00df sich in prominenter Gesellschaft: Auch das ber\u00fchmte UN-Hauptquartier in New York ist gro\u00dfz\u00fcgig mit den filigranen Wandregalen ausgestattet. Die n\u00f6tige Bekanntheit erlangte die Konstruktion schon zu Beginn ihrer Erfolgsgeschichte im Jahr 1949: Damals veranstaltet der schwedische Verlag Bonnier einen Designwettbewerb f\u00fcr ein neues B\u00fccherregal, das kosteng\u00fcnstig und leicht transportierbar sein soll. Als Sieger wird der junge Architekt Nisse Strinning geehrt, der zusammen mit seiner Frau Kajsa eine intelligente L\u00f6sung entwickelt: Nach dem Vorbild eines Abtropfgestells aus Drahtgitter gestaltet, f\u00fcr das Strinning bereits zuvor ausgezeichnet wurde, kreiert der kluge Kopf ein Regal aus leiter\u00e4hnlichen Vertikalstreben, die sich in alle Richtungen erweitern lassen und beliebig viele Regalb\u00f6den in jeder denkbaren H\u00f6he aufnehmen.<\/p><div id=\"ez-toc-container\" class=\"ez-toc-v2_0_82_2 counter-hierarchy ez-toc-counter ez-toc-grey ez-toc-container-direction\">\n<div class=\"ez-toc-title-container\">\n<p class=\"ez-toc-title\" style=\"cursor:inherit\">Was hier auf Sie wartet<\/p>\n<span class=\"ez-toc-title-toggle\"><a href=\"#\" class=\"ez-toc-pull-right ez-toc-btn ez-toc-btn-xs ez-toc-btn-default ez-toc-toggle\" aria-label=\"Toggle Table of Content\"><span class=\"ez-toc-js-icon-con\"><span class=\"\"><span class=\"eztoc-hide\" style=\"display:none;\">Toggle<\/span><span class=\"ez-toc-icon-toggle-span\"><svg style=\"fill: #999;color:#999\" xmlns=\"http:\/\/www.w3.org\/2000\/svg\" class=\"list-377408\" width=\"20px\" height=\"20px\" viewBox=\"0 0 24 24\" fill=\"none\"><path d=\"M6 6H4v2h2V6zm14 0H8v2h12V6zM4 11h2v2H4v-2zm16 0H8v2h12v-2zM4 16h2v2H4v-2zm16 0H8v2h12v-2z\" fill=\"currentColor\"><\/path><\/svg><svg style=\"fill: #999;color:#999\" class=\"arrow-unsorted-368013\" xmlns=\"http:\/\/www.w3.org\/2000\/svg\" width=\"10px\" height=\"10px\" viewBox=\"0 0 24 24\" version=\"1.2\" baseProfile=\"tiny\"><path d=\"M18.2 9.3l-6.2-6.3-6.2 6.3c-.2.2-.3.4-.3.7s.1.5.3.7c.2.2.4.3.7.3h11c.3 0 .5-.1.7-.3.2-.2.3-.5.3-.7s-.1-.5-.3-.7zM5.8 14.7l6.2 6.3 6.2-6.3c.2-.2.3-.5.3-.7s-.1-.5-.3-.7c-.2-.2-.4-.3-.7-.3h-11c-.3 0-.5.1-.7.3-.2.2-.3.5-.3.7s.1.5.3.7z\"\/><\/svg><\/span><\/span><\/span><\/a><\/span><\/div>\n<nav><ul class='ez-toc-list ez-toc-list-level-1 ' ><li class='ez-toc-page-1 ez-toc-heading-level-2'><a class=\"ez-toc-link ez-toc-heading-1\" href=\"https:\/\/raum-blick.de\/magazin\/outdoor-regal-wetterfest\/#%C2%AB_Designklassiker_String_fuer_die_Terrasse_%C2%BB\" >\u00ab Designklassiker String f\u00fcr die Terrasse \u00bb<\/a><\/li><li class='ez-toc-page-1 ez-toc-heading-level-2'><a class=\"ez-toc-link ez-toc-heading-2\" href=\"https:\/\/raum-blick.de\/magazin\/outdoor-regal-wetterfest\/#Erfolgsgeschichte_aus_Schweden\" >Erfolgsgeschichte aus Schweden<\/a><\/li><li class='ez-toc-page-1 ez-toc-heading-level-2'><a class=\"ez-toc-link ez-toc-heading-3\" href=\"https:\/\/raum-blick.de\/magazin\/outdoor-regal-wetterfest\/#Zeitlos_und_flexibel_String_passt_immer\" >Zeitlos und flexibel: String passt immer<\/a><\/li><li class='ez-toc-page-1 ez-toc-heading-level-2'><a class=\"ez-toc-link ez-toc-heading-4\" href=\"https:\/\/raum-blick.de\/magazin\/outdoor-regal-wetterfest\/#Was_das_Outdoor-Regal_besonders_macht\" >Was das Outdoor-Regal besonders macht<\/a><\/li><li class='ez-toc-page-1 ez-toc-heading-level-2'><a class=\"ez-toc-link ez-toc-heading-5\" href=\"https:\/\/raum-blick.de\/magazin\/outdoor-regal-wetterfest\/#Ordnung_an_der_Wand_Das_klassische_String_Regalsystem_fuer_draussen\" >Ordnung an der Wand: Das klassische String Regalsystem f\u00fcr drau\u00dfen<\/a><\/li><li class='ez-toc-page-1 ez-toc-heading-level-2'><a class=\"ez-toc-link ez-toc-heading-6\" href=\"https:\/\/raum-blick.de\/magazin\/outdoor-regal-wetterfest\/#Freistehend_und_flexibel_Outdoor-Regale_ohne_Grenzen\" >Freistehend und flexibel: Outdoor-Regale ohne Grenzen<\/a><\/li><\/ul><\/nav><\/div>\n\n<p style=\"text-align: justify;\">Der Entwurf ist Ende der 40er-Jahre eine Revolution und avanciert schnell zum internationalen Erfolg: Schlicht, leicht und an verschiedenste Raumverh\u00e4ltnisse anpassbar, geh\u00f6rt das String zu den absoluten Design-Beststellern der 50er- und 60er-Jahre. Strinning selbst entwickelt seine Idee konsequent weiter, indem er beispielsweise Plexiglas-Seitenteile statt Drahtgitter verwendet. Doch in den 1970er-Jahren ger\u00e4t sein Entwurf au\u00dfer Mode. Zu Beginn der 2000er-Jahre erlebt das Konzept ein \u00fcberraschendes Comeback \u2013 anf\u00e4nglich unter Retro-Enthusiasten, sp\u00e4ter aufgrund der enormen Funktionalit\u00e4t in einem breiteren Interessentenkreis.<\/p>\n<div id=\"attachment_16923\" style=\"width: 630px\" class=\"wp-caption aligncenter\"><img loading=\"lazy\" decoding=\"async\" aria-describedby=\"caption-attachment-16923\" class=\"wp-image-16923 size-full\" title=\"Das String-Regal wurde in den 50er- und 60er Jahren zum Design-Verkaufshit\" src=\"https:\/\/www.raum-blick.de\/magazin\/wp-content\/uploads\/2022\/08\/string-regal.jpg\" alt=\"String-Regal mit Dekoration\" width=\"620\" height=\"413\" srcset=\"https:\/\/raum-blick.de\/magazin\/wp-content\/uploads\/2022\/08\/string-regal.jpg 620w, https:\/\/raum-blick.de\/magazin\/wp-content\/uploads\/2022\/08\/string-regal-300x200.jpg 300w\" sizes=\"(max-width: 620px) 100vw, 620px\" \/><p id=\"caption-attachment-16923\" class=\"wp-caption-text\">\u00a9 thirdeye &#8211; stock.adobe.com<\/p><\/div>\n<h2><span class=\"ez-toc-section\" id=\"Zeitlos_und_flexibel_String_passt_immer\"><\/span>Zeitlos und flexibel: String passt immer<span class=\"ez-toc-section-end\"><\/span><\/h2>\n<p style=\"text-align: justify;\">Die l\u00e4ngste Zeit seiner Existenz war das Regal nicht f\u00fcr die Terrasse, sondern ausschlie\u00dflich f\u00fcr den Indoor-Bereich konzipiert. B\u00fccher, Schallplatten, Deko &#8211; die Gestaltungsm\u00f6glichkeiten kennen in K\u00fcche, Wohnzimmer und Arbeitsraum keine Grenzen. Maximale Freiheit lautet die Devise des schwedischen Design-Regals und trifft aus \u00e4sthetischer wie r\u00e4umlicher Perspektive gleicherma\u00dfen zu. Erstens macht das schlanke Design in jedem Einrichtungsstil eine gute Figur, weil das Drahtgestell optisch neutral ist und die Regalb\u00f6den in diversen Ausf\u00fchrungen erh\u00e4ltlich sind \u2013 von Birke- \u00fcber Walnuss- bis hin zum furnierten Teakholz, welches Strinning in seinem Originalentwurf nutzte. Zweitens ist die Architektur des Regals modular, wodurch es in horizontaler wie vertikaler Richtung beliebig ausgedehnt (oder geschm\u00e4lert) werden kann. Zu diesem Zwecke steht K\u00e4ufern eine Art &#8222;Baukasten&#8220; zur Verf\u00fcgung, aus dem sie ihre eigene Interpretation des String nach Gusto zusammenstellen k\u00f6nnen. Als Ausgangspunkt f\u00fcr die pers\u00f6nliche Gestaltungsfreiheit dienen zahlreiche vorkonfigurierte Varianten, die oftmals schon erstklassig auf den eigenen Raumbedarf abgestimmt sind.<\/p>\n<p><a href=\"https:\/\/www.raum-blick.de\/string-outdoor-regalsystem\"><img loading=\"lazy\" decoding=\"async\" class=\"aligncenter wp-image-16924 size-full\" title=\"Die modulare Zusammensetzung der Regale sorgt daf\u00fcr, dass die Regale horizontal oder vertikal aufgebaut werden k\u00f6nnen\" src=\"https:\/\/www.raum-blick.de\/magazin\/wp-content\/uploads\/2022\/08\/String-Outdoor-Regalsystem.jpg\" alt=\"String Outdoor Regalsystem\" width=\"620\" height=\"620\" srcset=\"https:\/\/raum-blick.de\/magazin\/wp-content\/uploads\/2022\/08\/String-Outdoor-Regalsystem.jpg 620w, https:\/\/raum-blick.de\/magazin\/wp-content\/uploads\/2022\/08\/String-Outdoor-Regalsystem-300x300.jpg 300w, https:\/\/raum-blick.de\/magazin\/wp-content\/uploads\/2022\/08\/String-Outdoor-Regalsystem-150x150.jpg 150w\" sizes=\"(max-width: 620px) 100vw, 620px\" \/><\/a><\/p>\n<h2><span class=\"ez-toc-section\" id=\"Was_das_Outdoor-Regal_besonders_macht\"><\/span>Was das Outdoor-Regal besonders macht<span class=\"ez-toc-section-end\"><\/span><\/h2>\n<p style=\"text-align: justify;\">Erst 2019, 70 Jahre nach seiner Erfindung, wird String zum Outdoor-Regal und f\u00e4hrt f\u00fcr diesen Schritt buchst\u00e4blich aus seiner eigenen Haut: Statt kunststoffummanteltem Draht kommen f\u00fcr die Outdoor-Version galvanisierte (verzinkte) Tr\u00e4gerelemente aus Metall zum Einsatz, die dem schlanken M\u00f6bel f\u00fcr die Veranda, den Garten oder den Balkon eine ideale Eignung bescheren. Nach Regen folgt kein Rost, sondern mit der Zeit eine optisch ansprechende Patina. Auch die generelle \u00c4sthetik des Outdoor-Regals ist intelligent gew\u00e4hlt: Von der R\u00fcckwand bis zum Regalboden erscheint das System in einer gr\u00e4ulichen Eleganz, die Zur\u00fcckhaltung beherrscht und sich optisch nicht in den Vordergrund dr\u00e4ngt. Schlie\u00dflich soll das Regal f\u00fcr den Balkon nicht der absolute Hingucker des Au\u00dfenbereichs sein, sondern ein praktischer und robuster Helfer zur bestm\u00f6glichen Platzausnutzung. In seinen funktionalen Vorz\u00fcgen steht das Outdoor-Regal den Innenraum-Editionen in nichts nach: Bodenleitern, Metallstangen und nat\u00fcrlich die Regalb\u00f6den lassen sich nach Lust und Laune zusammenstellen, um alle Utensilien in der richtigen H\u00f6he unterzubringen \u2013 vom flachen Kr\u00e4uterbeet bis zur sperrigen Gasflasche.<\/p>\n<p><a href=\"https:\/\/www.raum-blick.de\/string-regal-konfiguration-o1-outdoor\"><img loading=\"lazy\" decoding=\"async\" class=\"aligncenter wp-image-16925 size-full\" title=\"String \u2013 Outdoor-Regal Konfiguration O1\" src=\"https:\/\/www.raum-blick.de\/magazin\/wp-content\/uploads\/2022\/08\/String-Outdoor-Regal-Konfiguration01.jpg\" alt=\"String \u2013 Outdoor-Regal Konfiguration O1\" width=\"620\" height=\"620\" srcset=\"https:\/\/raum-blick.de\/magazin\/wp-content\/uploads\/2022\/08\/String-Outdoor-Regal-Konfiguration01.jpg 620w, https:\/\/raum-blick.de\/magazin\/wp-content\/uploads\/2022\/08\/String-Outdoor-Regal-Konfiguration01-300x300.jpg 300w, https:\/\/raum-blick.de\/magazin\/wp-content\/uploads\/2022\/08\/String-Outdoor-Regal-Konfiguration01-150x150.jpg 150w\" sizes=\"(max-width: 620px) 100vw, 620px\" \/><\/a><\/p>\n<h2><span class=\"ez-toc-section\" id=\"Ordnung_an_der_Wand_Das_klassische_String_Regalsystem_fuer_draussen\"><\/span>Ordnung an der Wand: Das klassische String Regalsystem f\u00fcr drau\u00dfen<span class=\"ez-toc-section-end\"><\/span><\/h2>\n<p style=\"text-align: justify;\">Die beliebteste Positionierung des M\u00f6bels erfolgt seit jeher an W\u00e4nden, was im Au\u00dfenbereich ebenso gut gelingt wie drinnen. Ob schwebend oder auf dem Boden abgest\u00fctzt, ob klein oder gro\u00df \u2013 die vorkonfigurierten Varianten bieten K\u00e4ufern einen guten Startpunkt f\u00fcr die Installation des perfekten String-Regals. Alle Varianten sind nummeriert und weichen bez\u00fcglich ihres Lieferumfangs stark voneinander ab: So besteht die platzsparende, nur 20 Zentimeter tiefe String Gartenregal Konfiguration O5 Outdoor aus zwei vertikalen Wandleitern und zwei Regalb\u00f6den, was ihr vor allem f\u00fcr kleine Balkons oder Werkst\u00e4tten eine erstklassige Eignung beschert. Die Montage erfolgt an der Wand. Im Gegensatz dazu st\u00fctzt sich die beliebte Ausf\u00fchrung <a href=\"https:\/\/www.raum-blick.de\/string-regal-konfiguration-o1-outdoor\">Outdoor Regal O1<\/a> auf dem Boden ab und umfasst sechs Regalb\u00f6den, von denen vier eine hohe und zwei eine niedrige Kante besitzen &#8211; ideal, um ein Herunterfallen oder Wegrollen der gelagerten Gegenst\u00e4nde zu verhindern. Trotz seines Industrial-Looks kann das Outdoor-Regalsystem in allen denkbaren Einrichtungsstilen genutzt werden \u2013 sogar im idyllischen Landhaus-Garten, wo wir neben allen praktischen Einsatzzwecken eine florale Dekoration empfehlen.<\/p>\n<p><img loading=\"lazy\" decoding=\"async\" class=\"aligncenter wp-image-16926 size-full\" title=\"String \u2013 Outdoor-Regal Konfiguration O5\" src=\"https:\/\/www.raum-blick.de\/magazin\/wp-content\/uploads\/2022\/08\/String-Outdoor-Regal-KonfigurationO5.jpg\" alt=\"String \u2013 Outdoor-Regal Konfiguration O5\" width=\"620\" height=\"620\" srcset=\"https:\/\/raum-blick.de\/magazin\/wp-content\/uploads\/2022\/08\/String-Outdoor-Regal-KonfigurationO5.jpg 620w, https:\/\/raum-blick.de\/magazin\/wp-content\/uploads\/2022\/08\/String-Outdoor-Regal-KonfigurationO5-300x300.jpg 300w, https:\/\/raum-blick.de\/magazin\/wp-content\/uploads\/2022\/08\/String-Outdoor-Regal-KonfigurationO5-150x150.jpg 150w\" sizes=\"(max-width: 620px) 100vw, 620px\" \/><\/p>\n<h2><span class=\"ez-toc-section\" id=\"Freistehend_und_flexibel_Outdoor-Regale_ohne_Grenzen\"><\/span>Freistehend und flexibel: Outdoor-Regale ohne Grenzen<span class=\"ez-toc-section-end\"><\/span><\/h2>\n<p style=\"text-align: justify;\">Egal, wo es positioniert wird \u2013 das String Outdoor Regalsystem in jeder Kombination ist wetterfest. Somit ist auch eine komplett frei stehende, nicht \u00fcberdachte Aufstellung problemlos realisierbar, was die <a href=\"https:\/\/www.raum-blick.de\/string-regal-konfiguration-o9-outdoor\">String Regal Konfiguration O9 Outdoor<\/a> demonstriert: Als Gartenregal an jedem beliebigen Ort der Outdoor-Idylle einsetzbar, h\u00e4lt sie eine praktische R\u00fcckwand zum Aufh\u00e4ngen von Grillzangen und Co. bereit, macht aber auch neben dem Pool eine gute Figur, indem sie Handt\u00fccher, Badesachen und nat\u00fcrlich erfrischende Drinks elegant verstaut. Die Kombination aus naturbelassener Gartenwelt und verzinktem Metall mag im ersten Moment nach einem Widerspruch klingen, doch die schlanke, filigrane Bauweise der Outdoor-Regale beschert ihnen einen dezenten Look, der von allen Seiten Durchsicht in die umliegende Natur gew\u00e4hrt. \u00dcbrigens: Nicht nur drau\u00dfen, sondern auch in Einrichtungen des Factory-Styles sieht das String Outdoor-Regalsystem harmonisch aus: Wo sachliche Simplizit\u00e4t auf robustes Metall trifft, k\u00f6nnte der Bezug zum industriellen Charme nicht authentischer sein. Und falls der eigene Geschmack mehr Buntheit im Regalsystem verlangt, raten wir zum Pocket System, das von neonfarbenem Metall bis traditionellem Eichenholz unz\u00e4hlige Gestaltungsm\u00f6glichkeiten er\u00f6ffnet.<\/p>\n<p><a href=\"https:\/\/www.raum-blick.de\/string-regal-konfiguration-o9-outdoor\"><img loading=\"lazy\" decoding=\"async\" class=\"aligncenter wp-image-16927 size-full\" title=\"String \u2013 Outdoor-Regal Konfiguration O9\" src=\"https:\/\/www.raum-blick.de\/magazin\/wp-content\/uploads\/2022\/08\/string-outdoor-galvanized-outdoor-freistehend.jpg\" alt=\"String \u2013 Outdoor-Regal Konfiguration O9\" width=\"620\" height=\"620\" srcset=\"https:\/\/raum-blick.de\/magazin\/wp-content\/uploads\/2022\/08\/string-outdoor-galvanized-outdoor-freistehend.jpg 620w, https:\/\/raum-blick.de\/magazin\/wp-content\/uploads\/2022\/08\/string-outdoor-galvanized-outdoor-freistehend-300x300.jpg 300w, https:\/\/raum-blick.de\/magazin\/wp-content\/uploads\/2022\/08\/string-outdoor-galvanized-outdoor-freistehend-150x150.jpg 150w\" sizes=\"(max-width: 620px) 100vw, 620px\" \/><\/a><\/p>\n","protected":false},"excerpt":{"rendered":"<p>\u00ab Designklassiker String f\u00fcr die Terrasse \u00bb Egal ob Werkzeug, Grillzubeh\u00f6r oder Badesachen: Je aktiver man seine sonnigen Outdoor-Tage gestaltet, desto schneller herrscht Chaos auf der Terrasse oder im Garten. Doch viele Design-Regale, die vermeintlich eine perfekte L\u00f6sung sind, rosten unter Witterungseinfl\u00fcssen und verlieren ihre schicke \u00c4sthetik schon in der n\u00e4chsten Saison. Mit dem Outdoor-Regal [&hellip;]<\/p>\n","protected":false},"author":4,"featured_media":16928,"comment_status":"closed","ping_status":"open","sticky":false,"template":"","format":"standard","meta":{"_et_pb_use_builder":"","_et_pb_old_content":"","_et_gb_content_width":"","inline_featured_image":false,"footnotes":""},"categories":[6],"tags":[1830,1827,1828,1829,1831],"class_list":["post-16922","post","type-post","status-publish","format-standard","has-post-thumbnail","hentry","category-draussen","tag-aussenregal","tag-outdoor-regal","tag-string-outdoor-regal","tag-string-regal","tag-zeitlose-regale"],"_links":{"self":[{"href":"https:\/\/raum-blick.de\/magazin\/wp-json\/wp\/v2\/posts\/16922","targetHints":{"allow":["GET"]}}],"collection":[{"href":"https:\/\/raum-blick.de\/magazin\/wp-json\/wp\/v2\/posts"}],"about":[{"href":"https:\/\/raum-blick.de\/magazin\/wp-json\/wp\/v2\/types\/post"}],"author":[{"embeddable":true,"href":"https:\/\/raum-blick.de\/magazin\/wp-json\/wp\/v2\/users\/4"}],"replies":[{"embeddable":true,"href":"https:\/\/raum-blick.de\/magazin\/wp-json\/wp\/v2\/comments?post=16922"}],"version-history":[{"count":3,"href":"https:\/\/raum-blick.de\/magazin\/wp-json\/wp\/v2\/posts\/16922\/revisions"}],"predecessor-version":[{"id":20895,"href":"https:\/\/raum-blick.de\/magazin\/wp-json\/wp\/v2\/posts\/16922\/revisions\/20895"}],"wp:featuredmedia":[{"embeddable":true,"href":"https:\/\/raum-blick.de\/magazin\/wp-json\/wp\/v2\/media\/16928"}],"wp:attachment":[{"href":"https:\/\/raum-blick.de\/magazin\/wp-json\/wp\/v2\/media?parent=16922"}],"wp:term":[{"taxonomy":"category","embeddable":true,"href":"https:\/\/raum-blick.de\/magazin\/wp-json\/wp\/v2\/categories?post=16922"},{"taxonomy":"post_tag","embeddable":true,"href":"https:\/\/raum-blick.de\/magazin\/wp-json\/wp\/v2\/tags?post=16922"}],"curies":[{"name":"wp","href":"https:\/\/api.w.org\/{rel}","templated":true}]}}