{"id":16895,"date":"2022-08-09T13:45:03","date_gmt":"2022-08-09T11:45:03","guid":{"rendered":"https:\/\/www.raum-blick.de\/magazin\/?p=16895"},"modified":"2024-09-04T15:51:10","modified_gmt":"2024-09-04T13:51:10","slug":"hochwertige-farbige-glasvasen","status":"publish","type":"post","link":"https:\/\/raum-blick.de\/magazin\/hochwertige-farbige-glasvasen\/","title":{"rendered":"Hochwertige farbige Glasvasen"},"content":{"rendered":"<h2><span class=\"ez-toc-section\" id=\"%C2%AB_Schicke_Wohnaccessoires_mit_Mehrwert_%C2%BB\"><\/span>\u00ab Schicke Wohnaccessoires mit Mehrwert \u00bb<span class=\"ez-toc-section-end\"><\/span><\/h2>\n<p style=\"text-align: justify;\"><strong>Vertr\u00e4gt Ihre Wohnung moderne Naturdeko und peppige Eyecatcher? Galant k\u00f6nnen Sie beide Einrichtungsideen verkn\u00fcpfen. Im Trend liegen <\/strong><a href=\"https:\/\/www.raum-blick.de\/vasen\/\"><strong>Design-Glasvasen<\/strong><\/a><strong>, die farbig gestaltet sind.<\/strong><\/p>\n<h2><span class=\"ez-toc-section\" id=\"Volltreffer_Natureindruecke_als_Inspirationsquelle_fuer_Vasen\"><\/span>Volltreffer: Natureindr\u00fccke als Inspirationsquelle f\u00fcr Vasen<span class=\"ez-toc-section-end\"><\/span><\/h2>\n<p style=\"text-align: justify;\">Es bleibt immer spannend, nat\u00fcrliche Gew\u00e4sser zu beobachten. Sie sind st\u00e4ndig in Bewegung und ver\u00e4ndern dabei ihr Angesicht. Davon lie\u00df sich Matias Moellenbach inspirieren, als er f\u00fcr <a href=\"https:\/\/www.raum-blick.de\/formgatan-flow-vase\">Formgatan die Flow Blumenvase<\/a> entwarf. Ihre organische Formensprache wirkt wie die Momentaufnahme einer Materie, die sich frei flie\u00dfend entfalten darf. Der Eindruck verst\u00e4rkt sich beim Kombinieren der Glasvasen, die farbig im warmen Mocha-Ton gestaltet sind. Das Ensemble avanciert deshalb auch ohne Blumen zum Deko-Highlight.<\/p><div id=\"ez-toc-container\" class=\"ez-toc-v2_0_82_2 counter-hierarchy ez-toc-counter ez-toc-grey ez-toc-container-direction\">\n<div class=\"ez-toc-title-container\">\n<p class=\"ez-toc-title\" style=\"cursor:inherit\">Was hier auf Sie wartet<\/p>\n<span class=\"ez-toc-title-toggle\"><a href=\"#\" class=\"ez-toc-pull-right ez-toc-btn ez-toc-btn-xs ez-toc-btn-default ez-toc-toggle\" aria-label=\"Toggle Table of Content\"><span class=\"ez-toc-js-icon-con\"><span class=\"\"><span class=\"eztoc-hide\" style=\"display:none;\">Toggle<\/span><span class=\"ez-toc-icon-toggle-span\"><svg style=\"fill: #999;color:#999\" xmlns=\"http:\/\/www.w3.org\/2000\/svg\" class=\"list-377408\" width=\"20px\" height=\"20px\" viewBox=\"0 0 24 24\" fill=\"none\"><path d=\"M6 6H4v2h2V6zm14 0H8v2h12V6zM4 11h2v2H4v-2zm16 0H8v2h12v-2zM4 16h2v2H4v-2zm16 0H8v2h12v-2z\" fill=\"currentColor\"><\/path><\/svg><svg style=\"fill: #999;color:#999\" class=\"arrow-unsorted-368013\" xmlns=\"http:\/\/www.w3.org\/2000\/svg\" width=\"10px\" height=\"10px\" viewBox=\"0 0 24 24\" version=\"1.2\" baseProfile=\"tiny\"><path d=\"M18.2 9.3l-6.2-6.3-6.2 6.3c-.2.2-.3.4-.3.7s.1.5.3.7c.2.2.4.3.7.3h11c.3 0 .5-.1.7-.3.2-.2.3-.5.3-.7s-.1-.5-.3-.7zM5.8 14.7l6.2 6.3 6.2-6.3c.2-.2.3-.5.3-.7s-.1-.5-.3-.7c-.2-.2-.4-.3-.7-.3h-11c-.3 0-.5.1-.7.3-.2.2-.3.5-.3.7s.1.5.3.7z\"\/><\/svg><\/span><\/span><\/span><\/a><\/span><\/div>\n<nav><ul class='ez-toc-list ez-toc-list-level-1 ' ><li class='ez-toc-page-1 ez-toc-heading-level-2'><a class=\"ez-toc-link ez-toc-heading-1\" href=\"https:\/\/raum-blick.de\/magazin\/hochwertige-farbige-glasvasen\/#%C2%AB_Schicke_Wohnaccessoires_mit_Mehrwert_%C2%BB\" >\u00ab Schicke Wohnaccessoires mit Mehrwert \u00bb<\/a><\/li><li class='ez-toc-page-1 ez-toc-heading-level-2'><a class=\"ez-toc-link ez-toc-heading-2\" href=\"https:\/\/raum-blick.de\/magazin\/hochwertige-farbige-glasvasen\/#Volltreffer_Natureindruecke_als_Inspirationsquelle_fuer_Vasen\" >Volltreffer: Natureindr\u00fccke als Inspirationsquelle f\u00fcr Vasen<\/a><\/li><li class='ez-toc-page-1 ez-toc-heading-level-2'><a class=\"ez-toc-link ez-toc-heading-3\" href=\"https:\/\/raum-blick.de\/magazin\/hochwertige-farbige-glasvasen\/#Schicke_Dekorationsideen_die_alle_Sinne_ansprechen\" >Schicke Dekorationsideen, die alle Sinne ansprechen<\/a><\/li><li class='ez-toc-page-1 ez-toc-heading-level-2'><a class=\"ez-toc-link ez-toc-heading-4\" href=\"https:\/\/raum-blick.de\/magazin\/hochwertige-farbige-glasvasen\/#Handwerkskunst_mit_einzigartiger_Raffinesse\" >Handwerkskunst mit einzigartiger Raffinesse<\/a><\/li><li class='ez-toc-page-1 ez-toc-heading-level-2'><a class=\"ez-toc-link ez-toc-heading-5\" href=\"https:\/\/raum-blick.de\/magazin\/hochwertige-farbige-glasvasen\/#Klare_Designideen_mit_einem_Hauch_von_Weiss\" >Klare Designideen mit einem Hauch von Wei\u00df<\/a><\/li><li class='ez-toc-page-1 ez-toc-heading-level-2'><a class=\"ez-toc-link ez-toc-heading-6\" href=\"https:\/\/raum-blick.de\/magazin\/hochwertige-farbige-glasvasen\/#Transparentes_Glasdesign_mit_einer_Prise_Extravaganz\" >Transparentes Glasdesign mit einer Prise Extravaganz<\/a><\/li><\/ul><\/nav><\/div>\n\n<p><a href=\"https:\/\/www.raum-blick.de\/formgatan-flow-vase\"><img loading=\"lazy\" decoding=\"async\" class=\"aligncenter wp-image-16903 size-full\" title=\"Formgatan \u2013 Flow Blumenvase\" src=\"https:\/\/www.raum-blick.de\/magazin\/wp-content\/uploads\/2024\/08\/formgatan-flow-clear_57726.jpg\" alt=\"Formgatan \u2013 Flow Blumenvase\" width=\"620\" height=\"620\" srcset=\"https:\/\/raum-blick.de\/magazin\/wp-content\/uploads\/2024\/08\/formgatan-flow-clear_57726.jpg 620w, https:\/\/raum-blick.de\/magazin\/wp-content\/uploads\/2024\/08\/formgatan-flow-clear_57726-300x300.jpg 300w, https:\/\/raum-blick.de\/magazin\/wp-content\/uploads\/2024\/08\/formgatan-flow-clear_57726-150x150.jpg 150w\" sizes=\"(max-width: 620px) 100vw, 620px\" \/><\/a><\/p>\n<p style=\"text-align: justify;\">Beruhigend wirkt der Blick auf den See, der sich spiegelglatt pr\u00e4sentiert. Intuitiv greift man einen kleinen Stein und wirft ihn hinein. Jetzt zeichnen sich bewegte Ringe an der Wasseroberfl\u00e4che ab. Bald darauf verschwinden sie wieder und Ruhe kehrt ein. Das skizzierte Naturerlebnis hatte Maria Berntsen vor Augen, als sie f\u00fcr Rosendahl die Infinity Vase gestaltete. Die Assoziationen verleihen dem Design einen poetischen Aspekt, der mit der erfrischend einfachen Wellenform vermittelt wird. Passend dazu sind die Glasvasen farbig im zarten Minzgr\u00fcn gehalten. Ihren naturnahen Look betonen zuf\u00e4llig im Garten oder am Wegesrand gepfl\u00fcckte Gr\u00e4ser und Bl\u00fcten.<\/p>\n<p><img loading=\"lazy\" decoding=\"async\" class=\"aligncenter wp-image-16906 size-full\" title=\"Rosendahl \u2013 Infinity Vase\" src=\"https:\/\/www.raum-blick.de\/magazin\/wp-content\/uploads\/2024\/08\/rosendahl-infinity-vase-glas_81664YKuwJwRYRx5LO.jpg\" alt=\"Rosendahl \u2013 Infinity Vase\" width=\"620\" height=\"612\" srcset=\"https:\/\/raum-blick.de\/magazin\/wp-content\/uploads\/2024\/08\/rosendahl-infinity-vase-glas_81664YKuwJwRYRx5LO.jpg 620w, https:\/\/raum-blick.de\/magazin\/wp-content\/uploads\/2024\/08\/rosendahl-infinity-vase-glas_81664YKuwJwRYRx5LO-300x296.jpg 300w\" sizes=\"(max-width: 620px) 100vw, 620px\" \/><\/p>\n<h2><span class=\"ez-toc-section\" id=\"Schicke_Dekorationsideen_die_alle_Sinne_ansprechen\"><\/span>Schicke Dekorationsideen, die alle Sinne ansprechen<span class=\"ez-toc-section-end\"><\/span><\/h2>\n<p style=\"text-align: justify;\">Das Glasdesign schmeichelt dem Auge genauso wie der abgeknipste Zweig vom Apfelbaum. Die Naturdeko verstr\u00f6mt einen angenehmen Duft, der die Nase umgarnt. Direkt daneben kredenzt eine Schale die frisch gepfl\u00fcckten Fr\u00fcchte, die den Gaumen mit ihrem authentischen Geschmack verw\u00f6hnen. F\u00fcr die ganzheitliche Deko-Idee ist die <a href=\"https:\/\/www.raum-blick.de\/menu-echasse-vase\">menu Echasse Vase<\/a> ein Gl\u00fccksgriff. Denn die Designerin Teresa Rand \u00fcbertrug den bemerkenswert ausgewogenen Entwurf auf eine Obstschale, um kreativen Ensembles den Weg zu ebnen. Ein graziles Messinggestell tr\u00e4gt die mundgeblasenen Schalen und Glasvasen, die farbig im dunklen Rauchton gestaltet sind. Ihr edler Look setzt in Szene, wie wertvoll die urspr\u00fcnglichen Gaben aus dem Obstgarten sind.<\/p>\n<p><a href=\"https:\/\/www.raum-blick.de\/menu-echasse-vase\"><img loading=\"lazy\" decoding=\"async\" class=\"aligncenter wp-image-16908 size-full\" title=\"menu Echasse Vase\" src=\"https:\/\/www.raum-blick.de\/magazin\/wp-content\/uploads\/2024\/08\/Menu-echasse-vase-xl-ambOLVnBnnluVA46.jpg\" alt=\"menu Echasse Vase\" width=\"620\" height=\"558\" srcset=\"https:\/\/raum-blick.de\/magazin\/wp-content\/uploads\/2024\/08\/Menu-echasse-vase-xl-ambOLVnBnnluVA46.jpg 620w, https:\/\/raum-blick.de\/magazin\/wp-content\/uploads\/2024\/08\/Menu-echasse-vase-xl-ambOLVnBnnluVA46-300x270.jpg 300w\" sizes=\"(max-width: 620px) 100vw, 620px\" \/><\/a><\/p>\n<p style=\"text-align: justify;\">F\u00fcr rundum sinnliche Gestaltungsideen eignet sich auch die <a href=\"https:\/\/www.raum-blick.de\/menu-aer-schale\">menu Aer Dekoschale<\/a> wunderbar, wenn man die passende Designvase erg\u00e4nzt. Bei den Glasarbeiten dachte Gabriel Tan an luftige Naturph\u00e4nomene wie Wolken oder Nebelschwaden. Die asymmetrisch geformten Accessoires wirken nicht nur einzigartig, sondern sind tats\u00e4chlich Unikate: Durch ein spezielles Herstellungsverfahren wertet eine Maserung die Glasoberfl\u00e4che auf, die bei jedem Exemplar anders erscheint.<\/p>\n<p><a href=\"https:\/\/www.raum-blick.de\/menu-aer-schale\"><img loading=\"lazy\" decoding=\"async\" class=\"aligncenter wp-image-16909 size-full\" title=\"menu \u2013 Aer Dekoschale\" src=\"https:\/\/www.raum-blick.de\/magazin\/wp-content\/uploads\/2024\/08\/aer-serie-menu_81801.jpg\" alt=\"menu \u2013 Aer Dekoschale\" width=\"620\" height=\"470\" srcset=\"https:\/\/raum-blick.de\/magazin\/wp-content\/uploads\/2024\/08\/aer-serie-menu_81801.jpg 620w, https:\/\/raum-blick.de\/magazin\/wp-content\/uploads\/2024\/08\/aer-serie-menu_81801-300x227.jpg 300w\" sizes=\"(max-width: 620px) 100vw, 620px\" \/><\/a><\/p>\n<h2><span class=\"ez-toc-section\" id=\"Handwerkskunst_mit_einzigartiger_Raffinesse\"><\/span>Handwerkskunst mit einzigartiger Raffinesse<span class=\"ez-toc-section-end\"><\/span><\/h2>\n<p style=\"text-align: justify;\">Hochwertige farbige Glasvasen mit k\u00fcnstlerischem Anspruch sind die Spezialit\u00e4t von <a href=\"https:\/\/www.raum-blick.de\/guaxs\/\">Guaxs Designs<\/a>. Bei Designfans rund um den Globus genie\u00dft die T\u00fcbinger Marke einen exzellenten Ruf. Sie bringt spezielle Handwerkstechniken ins Spiel, um ihre ausgefallenen Entw\u00fcrfe zu verwirklichen. Die Glasvasen werden farbig in zwei Nuancen geblasen, damit die Oberfl\u00e4che facettenreich und aufregend schimmert. Zus\u00e4tzlich veredelt Guaxs die Vasen mit einem Schliff, der glanzvoll, mattiert, fein oder schroff anmuten kann.<\/p>\n<p><a href=\"https:\/\/www.raum-blick.de\/guaxs-mathura-butter\/brown-vase\"><img loading=\"lazy\" decoding=\"async\" class=\"aligncenter wp-image-16911 size-full\" title=\"GUAXS \u2013 Mathura Vase butter\/brown\" src=\"https:\/\/www.raum-blick.de\/magazin\/wp-content\/uploads\/2024\/08\/GUAXS-\u2013-Mathura-Vase-butter-brown.jpg\" alt=\"GUAXS \u2013 Mathura Vase butter\/brown\" width=\"600\" height=\"495\" srcset=\"https:\/\/raum-blick.de\/magazin\/wp-content\/uploads\/2024\/08\/GUAXS-\u2013-Mathura-Vase-butter-brown.jpg 600w, https:\/\/raum-blick.de\/magazin\/wp-content\/uploads\/2024\/08\/GUAXS-\u2013-Mathura-Vase-butter-brown-300x248.jpg 300w\" sizes=\"(max-width: 600px) 100vw, 600px\" \/><\/a><\/p>\n<p style=\"text-align: justify;\">Die Quintessenz sind gl\u00e4serne Kunstwerke mit einer unvergleichlichen Ausdruckskraft. Es ist zweitrangig, ob man ihren praktischen Mehrwert nutzt oder nicht. Sie sind deshalb eine ansprechende Raumdekoration, wenn man sich nur selten Blumenstr\u00e4u\u00dfe g\u00f6nnt. Schwungvoll, weit ge\u00f6ffnet oder s\u00e4ulenartig: Feine Variationen bei der Ausf\u00fchrung gen\u00fcgen Guaxs, um jeder <a href=\"https:\/\/www.raum-blick.de\/guaxs-vase-koonam\">Koonam Designvase<\/a> einen einzigartigen Charakter zu verleihen. Schick macht sich eine gr\u00f6\u00dfere Gruppe der Glasvasen, die farbig im Ozeanblau gehalten ist. Hier und dort wird ein Zweig oder eine Bl\u00fcte eingef\u00fcgt, wenn es sich ergibt. Sie beleben diskret das Arrangement, bei dem die moderne Glaskunst die Hauptrolle spielt.<\/p>\n<p><a href=\"https:\/\/www.raum-blick.de\/guaxs-vase-koonam\"><img loading=\"lazy\" decoding=\"async\" class=\"aligncenter wp-image-16914 size-full\" title=\"GUAXS \u2013 Vase Koonam\" src=\"https:\/\/www.raum-blick.de\/magazin\/wp-content\/uploads\/2024\/08\/GUAXS-\u2013-Vase-Koonam-1.jpg\" alt=\"GUAXS \u2013 Vase Koonam\" width=\"620\" height=\"620\" srcset=\"https:\/\/raum-blick.de\/magazin\/wp-content\/uploads\/2024\/08\/GUAXS-\u2013-Vase-Koonam-1.jpg 620w, https:\/\/raum-blick.de\/magazin\/wp-content\/uploads\/2024\/08\/GUAXS-\u2013-Vase-Koonam-1-300x300.jpg 300w, https:\/\/raum-blick.de\/magazin\/wp-content\/uploads\/2024\/08\/GUAXS-\u2013-Vase-Koonam-1-150x150.jpg 150w\" sizes=\"(max-width: 620px) 100vw, 620px\" \/><\/a><\/p>\n<h2><span class=\"ez-toc-section\" id=\"Klare_Designideen_mit_einem_Hauch_von_Weiss\"><\/span>Klare Designideen mit einem Hauch von Wei\u00df<span class=\"ez-toc-section-end\"><\/span><\/h2>\n<p style=\"text-align: justify;\">Pr\u00e4sentieren sich Glasvasen farbig, m\u00fcssen sie nicht zwangsl\u00e4ufig kunterbunt sein. Das beweist Andreas Ostwald, der das Portfolio von <a href=\"https:\/\/www.raum-blick.de\/philippi\/\">Philippi<\/a> mit der <a href=\"https:\/\/www.raum-blick.de\/philippi-esmeralda-vase\">Esmeralda Glasvase<\/a> aufwertete. Auf den ersten Blick scheint ein satiniertes Gef\u00e4\u00df mit klassisch geschwungener Form wie von Zauberhand frei im Raum zu schweben. Magie ist nicht im Spiel, aber reichlich Talent beim kreativen Umgang mit Materialien. Ein kaum wahrnehmbarer Zylinder aus Klarglas umgibt und tr\u00e4gt die Glasvasen, die farbig im zarten Wei\u00df gehalten sind. Wer ihre faszinierende \u00c4sthetik ins Rampenlicht r\u00fccken m\u00f6chte, verzichtet auf Blumendeko oder bel\u00e4sst es bei etwas Schleierkraut.<\/p>\n<p><a href=\"https:\/\/www.raum-blick.de\/philippi-esmeralda-vase\"><img loading=\"lazy\" decoding=\"async\" class=\"aligncenter wp-image-16915 size-full\" title=\"Philippi \u2013 Esmeralda Glasvase\" src=\"https:\/\/www.raum-blick.de\/magazin\/wp-content\/uploads\/2024\/08\/philippi-esmeralda-vasen-kollektion_81145.jpg\" alt=\"Philippi \u2013 Esmeralda Glasvase\" width=\"620\" height=\"502\" srcset=\"https:\/\/raum-blick.de\/magazin\/wp-content\/uploads\/2024\/08\/philippi-esmeralda-vasen-kollektion_81145.jpg 620w, https:\/\/raum-blick.de\/magazin\/wp-content\/uploads\/2024\/08\/philippi-esmeralda-vasen-kollektion_81145-300x243.jpg 300w\" sizes=\"(max-width: 620px) 100vw, 620px\" \/><\/a><\/p>\n<p style=\"text-align: justify;\">Hochwertige Vasen entdeckt man jede Saison bei <a href=\"https:\/\/www.raum-blick.de\/raeder-design\/\">R\u00e4der Design<\/a>. Die <a href=\"https:\/\/www.raum-blick.de\/raeder-design-glasvase-shakespeare-summers-day\">LIVING Glasvase Shakespeare Summers Day<\/a> ist daf\u00fcr ein gelungenes Beispiel. Ungezwungen und l\u00e4ssig wirkt die Formensprache, die an Kannen oder Flaschen f\u00fcr Milch erinnert. Einen k\u00fcnstlerischen Akzent steuern die literarischen Zitate bei, mit denen die Lifestylemarke das transparente Glas dezent verziert. Calla, Anthurie, Hortensie oder Sonnenblume: Die schlicht elegante Bodenvase ist ideal f\u00fcr bl\u00fchende Naturwunder mit stattlicher Gr\u00f6\u00dfe.<\/p>\n<p><a href=\"https:\/\/www.raum-blick.de\/raeder-design-glasvase-shakespeare-summers-day\"><img loading=\"lazy\" decoding=\"async\" class=\"aligncenter wp-image-16917 size-full\" title=\"R\u00e4der Design \u2013 LIVING Glasvase Shakespeare Summers Day\" src=\"https:\/\/www.raum-blick.de\/magazin\/wp-content\/uploads\/2024\/08\/raeder-perlenvase-mini-glasvase_75432.jpg\" alt=\"R\u00e4der Design \u2013 LIVING Glasvase Shakespeare Summers Day\" width=\"620\" height=\"496\" srcset=\"https:\/\/raum-blick.de\/magazin\/wp-content\/uploads\/2024\/08\/raeder-perlenvase-mini-glasvase_75432.jpg 620w, https:\/\/raum-blick.de\/magazin\/wp-content\/uploads\/2024\/08\/raeder-perlenvase-mini-glasvase_75432-300x240.jpg 300w\" sizes=\"(max-width: 620px) 100vw, 620px\" \/><\/a><\/p>\n<h2><span class=\"ez-toc-section\" id=\"Transparentes_Glasdesign_mit_einer_Prise_Extravaganz\"><\/span>Transparentes Glasdesign mit einer Prise Extravaganz<span class=\"ez-toc-section-end\"><\/span><\/h2>\n<p style=\"text-align: justify;\">Keineswegs m\u00fcssen Glasvasen farbig sein, um sofort das Interesse zu wecken. Typisch sind Blumengef\u00e4\u00dfe, die unten bauchig und im oberen Bereich schmal ausgef\u00fchrt sind. Kehrt man das Ganze um, wirkt das Design sogleich raffinierter. F\u00fcr den cleveren Schachzug entscheidet sich <a href=\"https:\/\/www.raum-blick.de\/storefactory\/\">Storefactory<\/a> bei der <a href=\"https:\/\/www.raum-blick.de\/storefactory-nybo-vase\">Nybo Glasvase<\/a>. Jenseits der ausgefallenen Formensprache erscheint das transparente Accessoire erfreulich unkompliziert. Dazu passen einfache Deko-Ideen mit getrockneten Gr\u00e4sern exzellent.<\/p>\n<p><a href=\"https:\/\/www.raum-blick.de\/storefactory-nybo-vase\"><img loading=\"lazy\" decoding=\"async\" class=\"aligncenter wp-image-16918 size-full\" title=\"Storefactory \u2013 Nybo Glasvase\" src=\"https:\/\/www.raum-blick.de\/magazin\/wp-content\/uploads\/2024\/08\/nybo-vase-storefactory_77191.jpg\" alt=\"Storefactory \u2013 Nybo Glasvase\" width=\"620\" height=\"620\" srcset=\"https:\/\/raum-blick.de\/magazin\/wp-content\/uploads\/2024\/08\/nybo-vase-storefactory_77191.jpg 620w, https:\/\/raum-blick.de\/magazin\/wp-content\/uploads\/2024\/08\/nybo-vase-storefactory_77191-300x300.jpg 300w, https:\/\/raum-blick.de\/magazin\/wp-content\/uploads\/2024\/08\/nybo-vase-storefactory_77191-150x150.jpg 150w\" sizes=\"(max-width: 620px) 100vw, 620px\" \/><\/a><\/p>\n<p style=\"text-align: justify;\">Gl\u00e4serne Halbkugeln vereinen sich zur Wohndekoration mit luxuri\u00f6sem Touch. Entw\u00fcrfe dieser Art waren in den 1970er-Jahren gefragt und sind wieder angesagt. Wer eine geschmackvolle Interpretation des Retrodesigns sucht, entdeckt sie bei <a href=\"https:\/\/www.raum-blick.de\/skogsberg\/\">Skogsberg &amp; Smart<\/a>. Die Hurricane Mini Vase ist besonders entz\u00fcckend und geschaffen f\u00fcr individuelle Gestaltungsideen: Vertraut ist eine Wohndeko mit hohem Blumenstrau\u00df und niedrigen Teelichtern. Kehrt man das Ganze um, ergibt sich sofort ein unkonventioneller Twist. Best\u00fccken Sie die kleinen Exemplare mit frischen Bl\u00fcmchen aus dem Garten. Die gro\u00dfen Pendants der Kollektion verwenden Sie hingegen als <a href=\"https:\/\/www.raum-blick.de\/windlichter-lichthaeuser\/\">Design-Windlichter<\/a>. Von dem kreativen Umkehrschluss profitiert nicht zuletzt die Kerzendeko. Denn die vielfach gew\u00f6lbte Glasgestaltung intensiviert die stimmungsvolle Wirkung des Kerzenscheins.<\/p>\n<p><a href=\"https:\/\/www.raum-blick.de\/philippi-york-lichterwelt\"><img loading=\"lazy\" decoding=\"async\" class=\"aligncenter wp-image-16920 size-full\" title=\"Philippi \u2013 York Lichterwelt\" src=\"https:\/\/www.raum-blick.de\/magazin\/wp-content\/uploads\/2024\/08\/philippi-york-lichterwelt_81082.jpg\" alt=\"Philippi \u2013 York Lichterwelt\" width=\"620\" height=\"378\" srcset=\"https:\/\/raum-blick.de\/magazin\/wp-content\/uploads\/2024\/08\/philippi-york-lichterwelt_81082.jpg 620w, https:\/\/raum-blick.de\/magazin\/wp-content\/uploads\/2024\/08\/philippi-york-lichterwelt_81082-300x183.jpg 300w\" sizes=\"(max-width: 620px) 100vw, 620px\" \/><\/a><\/p>\n","protected":false},"excerpt":{"rendered":"<p>\u00ab Schicke Wohnaccessoires mit Mehrwert \u00bb Vertr\u00e4gt Ihre Wohnung moderne Naturdeko und peppige Eyecatcher? Galant k\u00f6nnen Sie beide Einrichtungsideen verkn\u00fcpfen. Im Trend liegen Design-Glasvasen, die farbig gestaltet sind. Volltreffer: Natureindr\u00fccke als Inspirationsquelle f\u00fcr Vasen Es bleibt immer spannend, nat\u00fcrliche Gew\u00e4sser zu beobachten. Sie sind st\u00e4ndig in Bewegung und ver\u00e4ndern dabei ihr Angesicht. Davon lie\u00df sich [&hellip;]<\/p>\n","protected":false},"author":4,"featured_media":16902,"comment_status":"closed","ping_status":"open","sticky":false,"template":"","format":"standard","meta":{"_et_pb_use_builder":"","_et_pb_old_content":"","_et_gb_content_width":"","inline_featured_image":false,"footnotes":""},"categories":[7],"tags":[903,1848,683,1822,709,1825,1826,1820,1847,1824,1821,27,1823],"class_list":["post-16895","post","type-post","status-publish","format-standard","has-post-thumbnail","hentry","category-accessoires-lifestyle","tag-blumenvasen","tag-deko-vasen","tag-dekorationsideen","tag-designervasen","tag-designideen","tag-designvase","tag-extravaganz","tag-farbige-glasvasen","tag-farbige-vasen","tag-formensprache","tag-hochwertige-vasen","tag-wohnaccessoires","tag-wohnatmosphaere"],"_links":{"self":[{"href":"https:\/\/raum-blick.de\/magazin\/wp-json\/wp\/v2\/posts\/16895","targetHints":{"allow":["GET"]}}],"collection":[{"href":"https:\/\/raum-blick.de\/magazin\/wp-json\/wp\/v2\/posts"}],"about":[{"href":"https:\/\/raum-blick.de\/magazin\/wp-json\/wp\/v2\/types\/post"}],"author":[{"embeddable":true,"href":"https:\/\/raum-blick.de\/magazin\/wp-json\/wp\/v2\/users\/4"}],"replies":[{"embeddable":true,"href":"https:\/\/raum-blick.de\/magazin\/wp-json\/wp\/v2\/comments?post=16895"}],"version-history":[{"count":13,"href":"https:\/\/raum-blick.de\/magazin\/wp-json\/wp\/v2\/posts\/16895\/revisions"}],"predecessor-version":[{"id":20933,"href":"https:\/\/raum-blick.de\/magazin\/wp-json\/wp\/v2\/posts\/16895\/revisions\/20933"}],"wp:featuredmedia":[{"embeddable":true,"href":"https:\/\/raum-blick.de\/magazin\/wp-json\/wp\/v2\/media\/16902"}],"wp:attachment":[{"href":"https:\/\/raum-blick.de\/magazin\/wp-json\/wp\/v2\/media?parent=16895"}],"wp:term":[{"taxonomy":"category","embeddable":true,"href":"https:\/\/raum-blick.de\/magazin\/wp-json\/wp\/v2\/categories?post=16895"},{"taxonomy":"post_tag","embeddable":true,"href":"https:\/\/raum-blick.de\/magazin\/wp-json\/wp\/v2\/tags?post=16895"}],"curies":[{"name":"wp","href":"https:\/\/api.w.org\/{rel}","templated":true}]}}