{"id":16832,"date":"2022-07-29T08:13:21","date_gmt":"2022-07-29T06:13:21","guid":{"rendered":"https:\/\/www.raum-blick.de\/magazin\/?p=16832"},"modified":"2024-09-04T15:53:41","modified_gmt":"2024-09-04T13:53:41","slug":"die-schicksten-wohndesign-ideen-2022","status":"publish","type":"post","link":"https:\/\/raum-blick.de\/magazin\/die-schicksten-wohndesign-ideen-2022\/","title":{"rendered":"Die schicksten Wohndesign-Ideen 2022"},"content":{"rendered":"<p style=\"text-align: justify;\"><strong>Renommierte Designmarken haben ein Gesp\u00fcr f\u00fcr aktuelle Trends, die zeitlos \u00fcberzeugen. Lassen Sie sich von Wohndesign-Ideen inspirieren, die Ihr Zuhause langfristig stilvoll aufwerten.<\/strong><\/p>\n<h2><span class=\"ez-toc-section\" id=\"Chillen_auf_hoechstem_Niveau\"><\/span>Chillen auf h\u00f6chstem Niveau<span class=\"ez-toc-section-end\"><\/span><\/h2>\n<p style=\"text-align: justify;\">Torbj\u00f8rn Anderssen und Espen Voll gr\u00fcndeten 2009 ihr gemeinsames Studio im norwegischen Oslo. Das Duo liebt M\u00f6bel und Accessoires, deren Funktion und \u00c4sthetik lebenslang Freude bereiten. Passend dazu stellten die Designer unl\u00e4ngst zwei Lieblingspl\u00e4tze f\u00fcrs gen\u00fcssliche Relaxen vor.<\/p><div id=\"ez-toc-container\" class=\"ez-toc-v2_0_82_2 counter-hierarchy ez-toc-counter ez-toc-grey ez-toc-container-direction\">\n<div class=\"ez-toc-title-container\">\n<p class=\"ez-toc-title\" style=\"cursor:inherit\">Was hier auf Sie wartet<\/p>\n<span class=\"ez-toc-title-toggle\"><a href=\"#\" class=\"ez-toc-pull-right ez-toc-btn ez-toc-btn-xs ez-toc-btn-default ez-toc-toggle\" aria-label=\"Toggle Table of Content\"><span class=\"ez-toc-js-icon-con\"><span class=\"\"><span class=\"eztoc-hide\" style=\"display:none;\">Toggle<\/span><span class=\"ez-toc-icon-toggle-span\"><svg style=\"fill: #999;color:#999\" xmlns=\"http:\/\/www.w3.org\/2000\/svg\" class=\"list-377408\" width=\"20px\" height=\"20px\" viewBox=\"0 0 24 24\" fill=\"none\"><path d=\"M6 6H4v2h2V6zm14 0H8v2h12V6zM4 11h2v2H4v-2zm16 0H8v2h12v-2zM4 16h2v2H4v-2zm16 0H8v2h12v-2z\" fill=\"currentColor\"><\/path><\/svg><svg style=\"fill: #999;color:#999\" class=\"arrow-unsorted-368013\" xmlns=\"http:\/\/www.w3.org\/2000\/svg\" width=\"10px\" height=\"10px\" viewBox=\"0 0 24 24\" version=\"1.2\" baseProfile=\"tiny\"><path d=\"M18.2 9.3l-6.2-6.3-6.2 6.3c-.2.2-.3.4-.3.7s.1.5.3.7c.2.2.4.3.7.3h11c.3 0 .5-.1.7-.3.2-.2.3-.5.3-.7s-.1-.5-.3-.7zM5.8 14.7l6.2 6.3 6.2-6.3c.2-.2.3-.5.3-.7s-.1-.5-.3-.7c-.2-.2-.4-.3-.7-.3h-11c-.3 0-.5.1-.7.3-.2.2-.3.5-.3.7s.1.5.3.7z\"\/><\/svg><\/span><\/span><\/span><\/a><\/span><\/div>\n<nav><ul class='ez-toc-list ez-toc-list-level-1 ' ><li class='ez-toc-page-1 ez-toc-heading-level-2'><a class=\"ez-toc-link ez-toc-heading-1\" href=\"https:\/\/raum-blick.de\/magazin\/die-schicksten-wohndesign-ideen-2022\/#Chillen_auf_hoechstem_Niveau\" >Chillen auf h\u00f6chstem Niveau<\/a><\/li><li class='ez-toc-page-1 ez-toc-heading-level-2'><a class=\"ez-toc-link ez-toc-heading-2\" href=\"https:\/\/raum-blick.de\/magazin\/die-schicksten-wohndesign-ideen-2022\/#Immer_gefragt_schicke_Problemloeser_fuers_aufgeraeumte_Flair\" >Immer gefragt: schicke Probleml\u00f6ser f\u00fcrs aufger\u00e4umte Flair<\/a><\/li><li class='ez-toc-page-1 ez-toc-heading-level-2'><a class=\"ez-toc-link ez-toc-heading-3\" href=\"https:\/\/raum-blick.de\/magazin\/die-schicksten-wohndesign-ideen-2022\/#Wohndesign-Ideen_zum_Sitzen_als_Solisten_und_im_Ensemble\" >Wohndesign-Ideen zum Sitzen: \u00a0als Solisten und im Ensemble<\/a><\/li><li class='ez-toc-page-1 ez-toc-heading-level-2'><a class=\"ez-toc-link ez-toc-heading-4\" href=\"https:\/\/raum-blick.de\/magazin\/die-schicksten-wohndesign-ideen-2022\/#Kunst_oder_Sofatisch_Beides_natuerlich\" >Kunst oder Sofatisch? Beides nat\u00fcrlich!<\/a><\/li><li class='ez-toc-page-1 ez-toc-heading-level-2'><a class=\"ez-toc-link ez-toc-heading-5\" href=\"https:\/\/raum-blick.de\/magazin\/die-schicksten-wohndesign-ideen-2022\/#Wovon_kann_man_nie_genug_haben_Beistelltische\" >Wovon kann man nie genug haben? Beistelltische!<\/a><\/li><li class='ez-toc-page-1 ez-toc-heading-level-2'><a class=\"ez-toc-link ez-toc-heading-6\" href=\"https:\/\/raum-blick.de\/magazin\/die-schicksten-wohndesign-ideen-2022\/#Lichtblicke_%E2%80%93_im_wahrsten_Sinne_des_Wortes\" >Lichtblicke &#8211; im wahrsten Sinne des Wortes<\/a><\/li><li class='ez-toc-page-1 ez-toc-heading-level-2'><a class=\"ez-toc-link ez-toc-heading-7\" href=\"https:\/\/raum-blick.de\/magazin\/die-schicksten-wohndesign-ideen-2022\/#Wohnliche_Deko-Ideen_2022_farbenfroher_Auftritt_von_Glas\" >Wohnliche Deko-Ideen 2022: farbenfroher Auftritt von Glas<\/a><\/li><\/ul><\/nav><\/div>\n\n<p style=\"text-align: justify;\">Die Skandinavier entwarfen f\u00fcr <a href=\"https:\/\/www.raum-blick.de\/muuto-outline-sofa-3-sitzer\">Muuto das Outline-Sofa<\/a>, das mit einem Lederbezug im Cognac-Ton besonders edel wirkt. Die klare Formgebung und die grazil gestalteten Aluminiumf\u00fc\u00dfe sorgen f\u00fcr eine optische Leichtigkeit, die \u00fcberrascht. Denn der 3-Sitzer ist stattlich lang und bietet viel Platz zum Faulenzen. Wer ein H\u00e4ndchen f\u00fcrs Einrichten hat, m\u00f6bliert den Wohnraum nur sp\u00e4rlich. Dar\u00fcber freut sich der Geist genauso wie das Designsofa im dezenten Vintage-Look.<\/p>\n<p><a href=\"https:\/\/www.raum-blick.de\/muuto-outline-sofa-3-sitzer\"><img loading=\"lazy\" decoding=\"async\" class=\"aligncenter wp-image-16836 size-full\" title=\"Muuto \u2013 Outline Sofa 3-Sitzer | Designsofa angelehnt an die 1960er Jahre | Design: Anderssen &amp; Voll\" src=\"https:\/\/www.raum-blick.de\/magazin\/wp-content\/uploads\/2023\/07\/muuto-outline-sofa-3-sitzer-cognac-refine-leather-ambiente-wohnzimmer_83448.jpg\" alt=\"Muuto \u2013 Outline Sofa 3-Sitzer | Designsofa angelehnt an die 1960er Jahre | Design: Anderssen &amp; Voll\" width=\"800\" height=\"677\" srcset=\"https:\/\/raum-blick.de\/magazin\/wp-content\/uploads\/2023\/07\/muuto-outline-sofa-3-sitzer-cognac-refine-leather-ambiente-wohnzimmer_83448.jpg 800w, https:\/\/raum-blick.de\/magazin\/wp-content\/uploads\/2023\/07\/muuto-outline-sofa-3-sitzer-cognac-refine-leather-ambiente-wohnzimmer_83448-300x254.jpg 300w, https:\/\/raum-blick.de\/magazin\/wp-content\/uploads\/2023\/07\/muuto-outline-sofa-3-sitzer-cognac-refine-leather-ambiente-wohnzimmer_83448-768x650.jpg 768w\" sizes=\"(max-width: 800px) 100vw, 800px\" \/><\/a><\/p>\n<p style=\"text-align: justify;\">Darf es etwas \u00fcppiger sein? Kommt sofort: Zeitgem\u00e4\u00df interpretierten Anderssen &amp; Voll Wohndesign-Ideen den skandinavischen Mid-Century-Stil f\u00fcr menu. Der <a href=\"https:\/\/www.raum-blick.de\/menu-brasilia-loungesessel\">Brasilia Lounge Chair<\/a> verdeutlicht, worauf es in der Design-\u00c4ra ankam: grenzenlose Bequemlichkeit. Von der R\u00fcckenpartie \u00fcber die Armlehnen bis zur Sitzfl\u00e4che ist der menu Sessel \u00fcppig gepolstert. Ger\u00e4t er ins Visier, gibt es kein Entkommen: Man muss eine Verschnaufpause einlegen.<\/p>\n<p><a href=\"https:\/\/www.raum-blick.de\/menu-brasilia-loungesessel\"><img loading=\"lazy\" decoding=\"async\" class=\"aligncenter wp-image-16838 size-full\" title=\"menu \u2013 Brasilia Lounge Chair | Fu\u00dfteil separat erh\u00e4ltlich | Design: Anderssen &amp; Voll\" src=\"https:\/\/www.raum-blick.de\/magazin\/wp-content\/uploads\/2023\/07\/brasil-chair-lifestyle-menu-space_798541XdO3PxuyKiy61.jpg\" alt=\"menu \u2013 Brasilia Lounge Chair | Fu\u00dfteil separat erh\u00e4ltlich | Design: Anderssen &amp; Voll\" width=\"800\" height=\"727\" srcset=\"https:\/\/raum-blick.de\/magazin\/wp-content\/uploads\/2023\/07\/brasil-chair-lifestyle-menu-space_798541XdO3PxuyKiy61.jpg 800w, https:\/\/raum-blick.de\/magazin\/wp-content\/uploads\/2023\/07\/brasil-chair-lifestyle-menu-space_798541XdO3PxuyKiy61-300x273.jpg 300w, https:\/\/raum-blick.de\/magazin\/wp-content\/uploads\/2023\/07\/brasil-chair-lifestyle-menu-space_798541XdO3PxuyKiy61-768x698.jpg 768w\" sizes=\"(max-width: 800px) 100vw, 800px\" \/><\/a><\/p>\n<h2><span class=\"ez-toc-section\" id=\"Immer_gefragt_schicke_Problemloeser_fuers_aufgeraeumte_Flair\"><\/span>Immer gefragt: schicke Probleml\u00f6ser f\u00fcrs aufger\u00e4umte Flair<span class=\"ez-toc-section-end\"><\/span><\/h2>\n<p style=\"text-align: justify;\">Die B\u00fccher w\u00fcnschen sich im B\u00fcro einen Stammplatz. Mehr Stauraum f\u00fcr Kosmetikartikel w\u00e4re im Bad prima. Der Flur vertr\u00e4gt einen dekorativen Blickfang, der gleichzeitig Ordnung schafft. Wohndesign-Ideen daf\u00fcr pr\u00e4sentiert <a href=\"https:\/\/www.raum-blick.de\/blomus\/\">blomus<\/a> mit dem <a href=\"https:\/\/www.raum-blick.de\/blomus-fera-sideboard\">FERA Sideboard<\/a>. Der pointierte Minimalismus wirkt trendbewusst und sorgt daf\u00fcr, dass sich das schmale Upgrade aus Stahl \u00fcberall dezent integriert.<\/p>\n<p><a href=\"https:\/\/www.raum-blick.de\/blomus-fera-sideboard\"><img loading=\"lazy\" decoding=\"async\" class=\"aligncenter wp-image-16839 size-full\" title=\"blomus \u2013 FERA Sideboard | Sideboard mit eckigen Streben | Design: blomus Design Team\" src=\"https:\/\/www.raum-blick.de\/magazin\/wp-content\/uploads\/2023\/07\/blomus-fera-sideboard-ambiente-weiss_82147QeCf9OJgeVBTo1.jpg\" alt=\"blomus \u2013 FERA Sideboard | Sideboard mit eckigen Streben | Design: blomus Design Team\" width=\"800\" height=\"800\" srcset=\"https:\/\/raum-blick.de\/magazin\/wp-content\/uploads\/2023\/07\/blomus-fera-sideboard-ambiente-weiss_82147QeCf9OJgeVBTo1.jpg 800w, https:\/\/raum-blick.de\/magazin\/wp-content\/uploads\/2023\/07\/blomus-fera-sideboard-ambiente-weiss_82147QeCf9OJgeVBTo1-300x300.jpg 300w, https:\/\/raum-blick.de\/magazin\/wp-content\/uploads\/2023\/07\/blomus-fera-sideboard-ambiente-weiss_82147QeCf9OJgeVBTo1-150x150.jpg 150w, https:\/\/raum-blick.de\/magazin\/wp-content\/uploads\/2023\/07\/blomus-fera-sideboard-ambiente-weiss_82147QeCf9OJgeVBTo1-768x768.jpg 768w\" sizes=\"(max-width: 800px) 100vw, 800px\" \/><\/a><\/p>\n<p style=\"text-align: justify;\">Einen Augenschmeichler stellt menu mit der Curiosity Vitrine vor. Ihr gelungenes Duett aus Eiche und Riffelglas wertet das Ambiente auf. So gelungen wie der \u00e4sthetische Auftritt sind die inneren Werte: Die stabilen Regaleins\u00e4tze sind f\u00fcr gewichtige Inhalte gewappnet. Minimalistische Offenheit oder geschlossenes Wohndesign? F\u00fcr jeden Geschmack bieten die aktuellen M\u00f6belkollektionen stilvolle Aufbewahrungsl\u00f6sungen.<\/p>\n<p><img loading=\"lazy\" decoding=\"async\" class=\"aligncenter wp-image-16840 size-full\" title=\"menu \u2013 Curiosity Vitrine | vielseitig einsetzbarer kleiner Schrank | Design: Mentze Ottenstein\" src=\"https:\/\/www.raum-blick.de\/magazin\/wp-content\/uploads\/2023\/07\/schrank-curiosity-geoeffnet-menu-design_82518IedmNJ69jesaE1.jpg\" alt=\"menu \u2013 Curiosity Vitrine | vielseitig einsetzbarer kleiner Schrank | Design: Mentze Ottenstein\" width=\"800\" height=\"800\" srcset=\"https:\/\/raum-blick.de\/magazin\/wp-content\/uploads\/2023\/07\/schrank-curiosity-geoeffnet-menu-design_82518IedmNJ69jesaE1.jpg 800w, https:\/\/raum-blick.de\/magazin\/wp-content\/uploads\/2023\/07\/schrank-curiosity-geoeffnet-menu-design_82518IedmNJ69jesaE1-300x300.jpg 300w, https:\/\/raum-blick.de\/magazin\/wp-content\/uploads\/2023\/07\/schrank-curiosity-geoeffnet-menu-design_82518IedmNJ69jesaE1-150x150.jpg 150w, https:\/\/raum-blick.de\/magazin\/wp-content\/uploads\/2023\/07\/schrank-curiosity-geoeffnet-menu-design_82518IedmNJ69jesaE1-768x768.jpg 768w\" sizes=\"(max-width: 800px) 100vw, 800px\" \/><\/p>\n<h2><span class=\"ez-toc-section\" id=\"Wohndesign-Ideen_zum_Sitzen_als_Solisten_und_im_Ensemble\"><\/span>Wohndesign-Ideen zum Sitzen: \u00a0als Solisten und im Ensemble<span class=\"ez-toc-section-end\"><\/span><\/h2>\n<p style=\"text-align: justify;\">Er beschr\u00e4nkt sich auf das Wesentliche, ist aber trotzdem himmlisch bequem und erfreulich dekorativ. Fulminant beweist <a href=\"https:\/\/www.raum-blick.de\/ferm-living\/\">ferm LIVING<\/a> mit dem <a href=\"https:\/\/www.raum-blick.de\/ferm-living-desert-stuhl\">Desert Stuhl<\/a>, das Ecodesign keinerlei Kompromisse einfordert. Im Gegenteil: Der Textilsitz aus recycelten Plastikflaschen passt sich flexibel der Sitzposition an und schm\u00fcckt die Umgebung wie ein handgewebter Wollteppich.<\/p>\n<p><a href=\"https:\/\/www.raum-blick.de\/ferm-living-desert-stuhl\"><img loading=\"lazy\" decoding=\"async\" class=\"aligncenter wp-image-16842 size-full\" title=\"ferm LIVING \u2013 Desert Stuhl | aus recycelten Kunststofflaschen | Design: ferm Living\" src=\"https:\/\/www.raum-blick.de\/magazin\/wp-content\/uploads\/2023\/07\/ferm-living-desert-cashmere-soil-buecher_59074.jpg\" alt=\"ferm LIVING \u2013 Desert Stuhl | aus recycelten Kunststofflaschen | Design: ferm Living\" width=\"800\" height=\"800\" srcset=\"https:\/\/raum-blick.de\/magazin\/wp-content\/uploads\/2023\/07\/ferm-living-desert-cashmere-soil-buecher_59074.jpg 800w, https:\/\/raum-blick.de\/magazin\/wp-content\/uploads\/2023\/07\/ferm-living-desert-cashmere-soil-buecher_59074-300x300.jpg 300w, https:\/\/raum-blick.de\/magazin\/wp-content\/uploads\/2023\/07\/ferm-living-desert-cashmere-soil-buecher_59074-150x150.jpg 150w, https:\/\/raum-blick.de\/magazin\/wp-content\/uploads\/2023\/07\/ferm-living-desert-cashmere-soil-buecher_59074-768x768.jpg 768w\" sizes=\"(max-width: 800px) 100vw, 800px\" \/><\/a><\/p>\n<p style=\"text-align: justify;\">F\u00fcr eine unkonventionelle Formensprache entscheidet sich <a href=\"https:\/\/www.raum-blick.de\/umage\/\">UMAGE<\/a> bei dem Time Flies Stuhl. Sie hat nicht nur \u00e4sthetische Vorz\u00fcge, sondern auch einen praktischen Mehrwert: In jeder Position ergibt sich ein komfortables Sitzgef\u00fchl. Der Designstuhl von UMAGE ist deshalb vor dem Homeoffice-Sekret\u00e4r genauso willkommen wie an der Dinnertafel.<\/p>\n<p><img loading=\"lazy\" decoding=\"async\" class=\"aligncenter wp-image-16843 size-full\" title=\"UMAGE \u2013 Time Flies Esszimmerstuhl | gepolstert | Design: Jonas S\u00f8ndergaard, 2019\" src=\"https:\/\/www.raum-blick.de\/magazin\/wp-content\/uploads\/2023\/07\/umage-time-flies-brass-silver-grey-stuhl_65802.jpg\" alt=\"UMAGE \u2013 Time Flies Esszimmerstuhl | gepolstert | Design: Jonas S\u00f8ndergaard, 2019\" width=\"800\" height=\"800\" srcset=\"https:\/\/raum-blick.de\/magazin\/wp-content\/uploads\/2023\/07\/umage-time-flies-brass-silver-grey-stuhl_65802.jpg 800w, https:\/\/raum-blick.de\/magazin\/wp-content\/uploads\/2023\/07\/umage-time-flies-brass-silver-grey-stuhl_65802-300x300.jpg 300w, https:\/\/raum-blick.de\/magazin\/wp-content\/uploads\/2023\/07\/umage-time-flies-brass-silver-grey-stuhl_65802-150x150.jpg 150w, https:\/\/raum-blick.de\/magazin\/wp-content\/uploads\/2023\/07\/umage-time-flies-brass-silver-grey-stuhl_65802-768x768.jpg 768w\" sizes=\"(max-width: 800px) 100vw, 800px\" \/><\/p>\n<p style=\"text-align: justify;\">Theresa Rand konzipierte f\u00fcr blomus die ELI Sitzbank so robust, dass sie \u00fcber Generationen hinweg im Rennen bleibt. Der skandinavische Look aus massiver Eiche harmoniert mit verschiedensten Einrichtungsstilen und Nutzungsideen. Sideboard in der K\u00fcche, Sitzgelegenheit im Flur oder Ablage im Kinderzimmer: Die Holzbank macht \u00fcberall eine gute Figur. Wohndesign-Ideen wie diese bleiben zeitlos und \u00fcberzeugen auch noch in 25 Jahren.<\/p>\n<p><a href=\"https:\/\/www.raum-blick.de\/blomus-eli-sitzbank\"><img loading=\"lazy\" decoding=\"async\" class=\"aligncenter wp-image-16854 size-full\" title=\"blomus \u2013 ELI Sitzbank | aus massiver Eiche gefertigt | Design: Theresa Rand\" src=\"https:\/\/www.raum-blick.de\/magazin\/wp-content\/uploads\/2023\/07\/blomus-eli-ambiente-sitzbank_82060RrvBRSaFpfjc2.jpg\" alt=\"blomus \u2013 ELI Sitzbank | aus massiver Eiche gefertigt | Design: Theresa Rand\" width=\"800\" height=\"800\" srcset=\"https:\/\/raum-blick.de\/magazin\/wp-content\/uploads\/2023\/07\/blomus-eli-ambiente-sitzbank_82060RrvBRSaFpfjc2.jpg 800w, https:\/\/raum-blick.de\/magazin\/wp-content\/uploads\/2023\/07\/blomus-eli-ambiente-sitzbank_82060RrvBRSaFpfjc2-300x300.jpg 300w, https:\/\/raum-blick.de\/magazin\/wp-content\/uploads\/2023\/07\/blomus-eli-ambiente-sitzbank_82060RrvBRSaFpfjc2-150x150.jpg 150w, https:\/\/raum-blick.de\/magazin\/wp-content\/uploads\/2023\/07\/blomus-eli-ambiente-sitzbank_82060RrvBRSaFpfjc2-768x768.jpg 768w\" sizes=\"(max-width: 800px) 100vw, 800px\" \/><\/a><\/p>\n<h2><span class=\"ez-toc-section\" id=\"Kunst_oder_Sofatisch_Beides_natuerlich\"><\/span>Kunst oder Sofatisch? Beides nat\u00fcrlich!<span class=\"ez-toc-section-end\"><\/span><\/h2>\n<p style=\"text-align: justify;\">Massivholz ist robust, langlebig und charismatisch. Kunstvoll bringt ferm LIVING beim <a href=\"https:\/\/www.raum-blick.de\/ferm-living-insert-couchtisch\">Insert Beistelltisch<\/a> das bew\u00e4hrte Naturmaterial zur Geltung. Kreativ wirkt das Spiel mit geometrischen Formen, die sich zum extravaganten Mittelpunkt f\u00fcr die Sofalandschaft vereinen.<\/p>\n<p style=\"text-align: justify;\">Au\u00dfergew\u00f6hnlich schick verarbeitet die Designmarke nicht nur Eschenholz, sondern auch toskanischen Travertin. Der Werkstoff wird seit Gedenken von Architekten und Bildhauern gesch\u00e4tzt. Auf den sandfarbenen Kalkstein greift fermLIVING beim Distinct Couchtisch zur\u00fcck. Raffiniert sorgt japanischer Minimalismus daf\u00fcr, dass das massive M\u00f6beldesign eine elegante Leichtigkeit erh\u00e4lt.<\/p>\n<p><a href=\"https:\/\/www.raum-blick.de\/ferm-living-insert-couchtisch\"><img loading=\"lazy\" decoding=\"async\" class=\"aligncenter wp-image-16844 size-full\" title=\"ferm LIVING \u2013 Insert Beistelltisch | Couchtisch aus Eschenholz | Design: ferm LIVING\" src=\"https:\/\/www.raum-blick.de\/magazin\/wp-content\/uploads\/2023\/07\/couchtisch-ferm-living-insert_83394.jpg\" alt=\"ferm LIVING \u2013 Insert Beistelltisch | Couchtisch aus Eschenholz | Design: ferm LIVING Ideen 2022\" width=\"800\" height=\"720\" srcset=\"https:\/\/raum-blick.de\/magazin\/wp-content\/uploads\/2023\/07\/couchtisch-ferm-living-insert_83394.jpg 800w, https:\/\/raum-blick.de\/magazin\/wp-content\/uploads\/2023\/07\/couchtisch-ferm-living-insert_83394-300x270.jpg 300w, https:\/\/raum-blick.de\/magazin\/wp-content\/uploads\/2023\/07\/couchtisch-ferm-living-insert_83394-768x691.jpg 768w\" sizes=\"(max-width: 800px) 100vw, 800px\" \/><\/a><\/p>\n<h2><span class=\"ez-toc-section\" id=\"Wovon_kann_man_nie_genug_haben_Beistelltische\"><\/span>Wovon kann man nie genug haben? Beistelltische!<span class=\"ez-toc-section-end\"><\/span><\/h2>\n<p style=\"text-align: justify;\">Wie bei einem abstrakten Kunstwerk fusionieren Kreise und Rechtecke zur Skulptur. Ihr praktischer Pluspunkt: Man kann darauf verschiedenste Dinge ablegen. Unklar bleibt auf den ersten Blick, woraus Muuto den Halves Beistelltisch fertigt. Spontan denkt man an massive Gesteine. Die Vermutung zielt an der Realit\u00e4t vorbei. Muuto bringt einen neuartigen Acryl-Stein-Mix ins Spiel, der enorm leicht ist. Vor\u00fcbergehende B\u00fchne f\u00fcr die Saisondeko im Flur, Ablage neben dem Esstisch beim Homeoffice-Tag, Fundament f\u00fcrs Fr\u00fchst\u00fcck am Bett: Das skulpturale Multitalent aus Skandinavien ist im Handumdrehen dort zur Stelle, wo es ben\u00f6tigt wird.<\/p>\n<p><img loading=\"lazy\" decoding=\"async\" class=\"aligncenter wp-image-16872 size-full\" title=\"Muuto \u2013 Halves Beistelltisch | kleiner Tisch aus Stein und Acryl | Design: MSDS Studio\" src=\"https:\/\/www.raum-blick.de\/magazin\/wp-content\/uploads\/2023\/07\/muuto-halves-tisch-vase_83263GhSkHjw8lTFtP1.jpg\" alt=\"Muuto \u2013 Halves Beistelltisch | kleiner Tisch aus Stein und Acryl | Design: MSDS Studio\" width=\"800\" height=\"800\" srcset=\"https:\/\/raum-blick.de\/magazin\/wp-content\/uploads\/2023\/07\/muuto-halves-tisch-vase_83263GhSkHjw8lTFtP1.jpg 800w, https:\/\/raum-blick.de\/magazin\/wp-content\/uploads\/2023\/07\/muuto-halves-tisch-vase_83263GhSkHjw8lTFtP1-300x300.jpg 300w, https:\/\/raum-blick.de\/magazin\/wp-content\/uploads\/2023\/07\/muuto-halves-tisch-vase_83263GhSkHjw8lTFtP1-150x150.jpg 150w, https:\/\/raum-blick.de\/magazin\/wp-content\/uploads\/2023\/07\/muuto-halves-tisch-vase_83263GhSkHjw8lTFtP1-768x768.jpg 768w\" sizes=\"(max-width: 800px) 100vw, 800px\" \/><\/p>\n<p style=\"text-align: justify;\">Einen dauerhaften Stammplatz w\u00fcnscht sich der Couchtisch aus der Travertine Serie von fermLIVING. Denn er ist tats\u00e4chlich aus massivem Kalkstein gefertigt. Naturverbunden erscheint die einzigartige Maserung, typisch skandinavisch die geradlinige Designsprache. Die pulverbeschichteten Metallf\u00fc\u00dfe verleihen dem Steintisch einen industriellen Touch, der in jedem Wohnraum zum Blickfang avanciert.<\/p>\n<p><a href=\"https:\/\/www.raum-blick.de\/ferm-living-travertine-couchtisch\"><img loading=\"lazy\" decoding=\"async\" class=\"aligncenter wp-image-16845 size-full\" title=\"ferm LIVING \u2013 Travertine Beistelltisch | Couchtisch in nat\u00fcrlichem Look | Design: ferm LIVING\" src=\"https:\/\/www.raum-blick.de\/magazin\/wp-content\/uploads\/2023\/07\/couchtisch-ferm-living-travertine_83327.jpg\" alt=\"ferm LIVING \u2013 Travertine Beistelltisch | Couchtisch in nat\u00fcrlichem Look | Design: ferm LIVING Ideen 2022\" width=\"800\" height=\"800\" srcset=\"https:\/\/raum-blick.de\/magazin\/wp-content\/uploads\/2023\/07\/couchtisch-ferm-living-travertine_83327.jpg 800w, https:\/\/raum-blick.de\/magazin\/wp-content\/uploads\/2023\/07\/couchtisch-ferm-living-travertine_83327-300x300.jpg 300w, https:\/\/raum-blick.de\/magazin\/wp-content\/uploads\/2023\/07\/couchtisch-ferm-living-travertine_83327-150x150.jpg 150w, https:\/\/raum-blick.de\/magazin\/wp-content\/uploads\/2023\/07\/couchtisch-ferm-living-travertine_83327-768x768.jpg 768w\" sizes=\"(max-width: 800px) 100vw, 800px\" \/><\/a><\/p>\n<h2><span class=\"ez-toc-section\" id=\"Lichtblicke_%E2%80%93_im_wahrsten_Sinne_des_Wortes\"><\/span>Lichtblicke &#8211; im wahrsten Sinne des Wortes<span class=\"ez-toc-section-end\"><\/span><\/h2>\n<p style=\"text-align: justify;\">Der Entwurf von ferm LIVING gleicht einem Patentrezept f\u00fcr die behagliche Beleuchtung: Mit sanftem Schwung erhebt sich der Metallfu\u00df vom Standort. Er tr\u00e4gt den trichterf\u00f6rmigen Lampenschirm, der das Licht nach unten lenkt. So erhellt die Filo Tischleuchte indirekt das Umfeld oder direkt die Lekt\u00fcre. Wohndesign-Ideen schaffen Lichtinseln und laden zum Relaxen ein.<\/p>\n<p style=\"text-align: justify;\">Mit ihrem minimalistischen Industrial-Look weckt die <a href=\"https:\/\/www.raum-blick.de\/flos-luminator-stehleuchte\">Luminator von Flos<\/a> das Interesse. Sie begrenzt sich auf ein stativartiges Gestell, auf dem das Leuchtmittel thront. Auf einen kaschierenden Schirm verzichtet das Design komplett, das hochmodern wirkt. \u00dcberrascht ist man deshalb beim Blick auf das Entstehungsjahr: Die ber\u00fchmten Lichtdesigner Achille und Pier Castiglioni entwarfen den Klassiker 1954. Die italienische Marke g\u00f6nnte der Ikone k\u00fcrzlich eine technische Verj\u00fcngungskur. Sie erg\u00e4nzte beispielsweise eine Dimmfunktion, damit die Lichtwirkung auch in gem\u00fctlichen Momenten \u00fcberzeugt.<\/p>\n<p><a href=\"https:\/\/www.raum-blick.de\/flos-luminator-stehleuchte\"><img loading=\"lazy\" decoding=\"async\" class=\"aligncenter wp-image-16848 size-full\" title=\"Flos \u2013 Luminator Stehleuchte | Designklassiker neu aufgelegt | Design: Achille &amp; Pier Castiglioni, 1954\" src=\"https:\/\/www.raum-blick.de\/magazin\/wp-content\/uploads\/2023\/07\/flos-luminator-stehleuchte_827106xSXj1vmq8EEG.jpg\" alt=\"Flos \u2013 Luminator Stehleuchte | Designklassiker neu aufgelegt | Design: Achille &amp; Pier Castiglioni, 1954 Ideen 2022\" width=\"800\" height=\"800\" srcset=\"https:\/\/raum-blick.de\/magazin\/wp-content\/uploads\/2023\/07\/flos-luminator-stehleuchte_827106xSXj1vmq8EEG.jpg 800w, https:\/\/raum-blick.de\/magazin\/wp-content\/uploads\/2023\/07\/flos-luminator-stehleuchte_827106xSXj1vmq8EEG-300x300.jpg 300w, https:\/\/raum-blick.de\/magazin\/wp-content\/uploads\/2023\/07\/flos-luminator-stehleuchte_827106xSXj1vmq8EEG-150x150.jpg 150w, https:\/\/raum-blick.de\/magazin\/wp-content\/uploads\/2023\/07\/flos-luminator-stehleuchte_827106xSXj1vmq8EEG-768x768.jpg 768w\" sizes=\"(max-width: 800px) 100vw, 800px\" \/><\/a><\/p>\n<h2><span class=\"ez-toc-section\" id=\"Wohnliche_Deko-Ideen_2022_farbenfroher_Auftritt_von_Glas\"><\/span>Wohnliche Deko-Ideen 2022: farbenfroher Auftritt von Glas<span class=\"ez-toc-section-end\"><\/span><\/h2>\n<p style=\"text-align: justify;\">Glaswaren liegen beim individuellen Finish genauso im Trend wie Wohndesign-Ideen in zarten Farben. Vereinen sich beide Eigenschaften, ist das Accessoire absolut angesagt. Geometrisch klar und organisch interpretiert Rosendahl mit der Infinity Vase in Mintgr\u00fcn die aktuelle Deko-Idee. Unverkennbar dachte Maria Berntsen beim Entwurf an die Kreise, die sich an der Oberfl\u00e4che abzeichnen, wenn man einen Stein ins Wasser wirft.<\/p>\n<p><img loading=\"lazy\" decoding=\"async\" class=\"aligncenter wp-image-16849 size-full\" title=\"Rosendahl \u2013 Infinity Vase | mundgeblasene Glasvase | Design: Maria Berntsen\" src=\"https:\/\/www.raum-blick.de\/magazin\/wp-content\/uploads\/2023\/07\/rosendahl-infinity-vase_81665iqi7Y0Sc1klVY.jpg\" alt=\"Rosendahl \u2013 Infinity Vase | mundgeblasene Glasvase | Design: Maria Berntsen Ideen 2022\" width=\"800\" height=\"800\" srcset=\"https:\/\/raum-blick.de\/magazin\/wp-content\/uploads\/2023\/07\/rosendahl-infinity-vase_81665iqi7Y0Sc1klVY.jpg 800w, https:\/\/raum-blick.de\/magazin\/wp-content\/uploads\/2023\/07\/rosendahl-infinity-vase_81665iqi7Y0Sc1klVY-300x300.jpg 300w, https:\/\/raum-blick.de\/magazin\/wp-content\/uploads\/2023\/07\/rosendahl-infinity-vase_81665iqi7Y0Sc1klVY-150x150.jpg 150w, https:\/\/raum-blick.de\/magazin\/wp-content\/uploads\/2023\/07\/rosendahl-infinity-vase_81665iqi7Y0Sc1klVY-768x768.jpg 768w\" sizes=\"(max-width: 800px) 100vw, 800px\" \/><\/p>\n<p style=\"text-align: justify;\">Schwebende Wolken und Nebelschwaden waren die Inspirationsquelle von Gabriel Tan. Die menu Aer Dekoschale aus Rauchglas erfreut deshalb mit ihrer weich flie\u00dfenden Asymmetrie. Die Glasaccessoires aus Skandinavien kn\u00fcpfen zwar an aktuellen Trends beim Wohndesign an. Ein Statement f\u00fcr sich ist aber die au\u00dfergew\u00f6hnliche Umsetzung, die auch nach vielen Jahren nichts von ihrer Faszinationskraft einb\u00fc\u00dft.<\/p>\n","protected":false},"excerpt":{"rendered":"<p>Renommierte Designmarken haben ein Gesp\u00fcr f\u00fcr aktuelle Trends, die zeitlos \u00fcberzeugen. Lassen Sie sich von Wohndesign-Ideen inspirieren, die Ihr Zuhause langfristig stilvoll aufwerten. Chillen auf h\u00f6chstem Niveau Torbj\u00f8rn Anderssen und Espen Voll gr\u00fcndeten 2009 ihr gemeinsames Studio im norwegischen Oslo. Das Duo liebt M\u00f6bel und Accessoires, deren Funktion und \u00c4sthetik lebenslang Freude bereiten. Passend dazu [&hellip;]<\/p>\n","protected":false},"author":4,"featured_media":16853,"comment_status":"closed","ping_status":"open","sticky":false,"template":"","format":"standard","meta":{"_et_pb_use_builder":"","_et_pb_old_content":"","_et_gb_content_width":"","inline_featured_image":false,"footnotes":""},"categories":[1],"tags":[1807,1809,1586,1813,1805,206,45,1078,93,1808,239,996,1812,1806,935,1811,1810],"class_list":["post-16832","post","type-post","status-publish","format-standard","has-post-thumbnail","hentry","category-drinnen","tag-anderssen-voll","tag-blomus","tag-couchtisch","tag-ecodesign","tag-espen-voll","tag-ferm-living","tag-flos","tag-loungemoebel","tag-menu","tag-mid-century-stil","tag-muuto","tag-rosendahl","tag-sofatisch","tag-torbjrn-anderssen","tag-umage","tag-wohndesign-ideen","tag-wohndesign-ideen-2022"],"_links":{"self":[{"href":"https:\/\/raum-blick.de\/magazin\/wp-json\/wp\/v2\/posts\/16832","targetHints":{"allow":["GET"]}}],"collection":[{"href":"https:\/\/raum-blick.de\/magazin\/wp-json\/wp\/v2\/posts"}],"about":[{"href":"https:\/\/raum-blick.de\/magazin\/wp-json\/wp\/v2\/types\/post"}],"author":[{"embeddable":true,"href":"https:\/\/raum-blick.de\/magazin\/wp-json\/wp\/v2\/users\/4"}],"replies":[{"embeddable":true,"href":"https:\/\/raum-blick.de\/magazin\/wp-json\/wp\/v2\/comments?post=16832"}],"version-history":[{"count":14,"href":"https:\/\/raum-blick.de\/magazin\/wp-json\/wp\/v2\/posts\/16832\/revisions"}],"predecessor-version":[{"id":20935,"href":"https:\/\/raum-blick.de\/magazin\/wp-json\/wp\/v2\/posts\/16832\/revisions\/20935"}],"wp:featuredmedia":[{"embeddable":true,"href":"https:\/\/raum-blick.de\/magazin\/wp-json\/wp\/v2\/media\/16853"}],"wp:attachment":[{"href":"https:\/\/raum-blick.de\/magazin\/wp-json\/wp\/v2\/media?parent=16832"}],"wp:term":[{"taxonomy":"category","embeddable":true,"href":"https:\/\/raum-blick.de\/magazin\/wp-json\/wp\/v2\/categories?post=16832"},{"taxonomy":"post_tag","embeddable":true,"href":"https:\/\/raum-blick.de\/magazin\/wp-json\/wp\/v2\/tags?post=16832"}],"curies":[{"name":"wp","href":"https:\/\/api.w.org\/{rel}","templated":true}]}}