{"id":16794,"date":"2022-06-29T14:51:40","date_gmt":"2022-06-29T12:51:40","guid":{"rendered":"https:\/\/www.raum-blick.de\/magazin\/?p=16794"},"modified":"2024-08-28T11:06:00","modified_gmt":"2024-08-28T09:06:00","slug":"lagom-einrichtung","status":"publish","type":"post","link":"https:\/\/raum-blick.de\/magazin\/lagom-einrichtung\/","title":{"rendered":"Lagom: Wie weniger die Einrichtung bereichert"},"content":{"rendered":"<p style=\"text-align: justify;\"><strong>Weder zu viel noch zu wenig, sondern genau richtig: Lagom begreift Ausgeglichenheit als Wegbereiter des Gl\u00fccks. Wenn Ihnen die nordische Lebensphilosophie gef\u00e4llt, sollten Sie sich schwedisch einrichten.<\/strong><\/p>\n<h2><span class=\"ez-toc-section\" id=\"Lieblingsstuecke_die_bleiben_und_Geschichten_erzaehlen\"><\/span>Lieblingsst\u00fccke, die bleiben und Geschichten erz\u00e4hlen<span class=\"ez-toc-section-end\"><\/span><\/h2>\n<p style=\"text-align: justify;\">Bei Oma stand die Holzbank im Flur. Jetzt dient sie im Schlafzimmer als Ablage. Bleibt der Blick daran haften, werden gl\u00fcckliche Kindheitserinnerungen wach. Die Geschichten zum M\u00f6bel kennt die ganze Familie, von denen eine oder einer das Lieblingsst\u00fcck eines Tages erben wird. Kinderstube, Badezimmer oder Garten? Es wird sich zeigen, wo die Bank dann k\u00fcnftig auftaucht und \u00fcberzeugend ihre Aufgaben meistert. Die skizzierte M\u00f6belgeschichte k\u00f6nnte sich um die <a href=\"https:\/\/www.raum-blick.de\/skagerak-cutter-bank\">Cutter Bank von Skagerak<\/a> ranken. Sie pr\u00e4gt ein skandinavischer Stil, der zeitlos fasziniert und die konkrete Nutzung nicht vorgibt.<\/p><div id=\"ez-toc-container\" class=\"ez-toc-v2_0_82_2 counter-hierarchy ez-toc-counter ez-toc-grey ez-toc-container-direction\">\n<div class=\"ez-toc-title-container\">\n<p class=\"ez-toc-title\" style=\"cursor:inherit\">Was hier auf Sie wartet<\/p>\n<span class=\"ez-toc-title-toggle\"><a href=\"#\" class=\"ez-toc-pull-right ez-toc-btn ez-toc-btn-xs ez-toc-btn-default ez-toc-toggle\" aria-label=\"Toggle Table of Content\"><span class=\"ez-toc-js-icon-con\"><span class=\"\"><span class=\"eztoc-hide\" style=\"display:none;\">Toggle<\/span><span class=\"ez-toc-icon-toggle-span\"><svg style=\"fill: #999;color:#999\" xmlns=\"http:\/\/www.w3.org\/2000\/svg\" class=\"list-377408\" width=\"20px\" height=\"20px\" viewBox=\"0 0 24 24\" fill=\"none\"><path d=\"M6 6H4v2h2V6zm14 0H8v2h12V6zM4 11h2v2H4v-2zm16 0H8v2h12v-2zM4 16h2v2H4v-2zm16 0H8v2h12v-2z\" fill=\"currentColor\"><\/path><\/svg><svg style=\"fill: #999;color:#999\" class=\"arrow-unsorted-368013\" xmlns=\"http:\/\/www.w3.org\/2000\/svg\" width=\"10px\" height=\"10px\" viewBox=\"0 0 24 24\" version=\"1.2\" baseProfile=\"tiny\"><path d=\"M18.2 9.3l-6.2-6.3-6.2 6.3c-.2.2-.3.4-.3.7s.1.5.3.7c.2.2.4.3.7.3h11c.3 0 .5-.1.7-.3.2-.2.3-.5.3-.7s-.1-.5-.3-.7zM5.8 14.7l6.2 6.3 6.2-6.3c.2-.2.3-.5.3-.7s-.1-.5-.3-.7c-.2-.2-.4-.3-.7-.3h-11c-.3 0-.5.1-.7.3-.2.2-.3.5-.3.7s.1.5.3.7z\"\/><\/svg><\/span><\/span><\/span><\/a><\/span><\/div>\n<nav><ul class='ez-toc-list ez-toc-list-level-1 ' ><li class='ez-toc-page-1 ez-toc-heading-level-2'><a class=\"ez-toc-link ez-toc-heading-1\" href=\"https:\/\/raum-blick.de\/magazin\/lagom-einrichtung\/#Lieblingsstuecke_die_bleiben_und_Geschichten_erzaehlen\" >Lieblingsst\u00fccke, die bleiben und Geschichten erz\u00e4hlen<\/a><\/li><li class='ez-toc-page-1 ez-toc-heading-level-2'><a class=\"ez-toc-link ez-toc-heading-2\" href=\"https:\/\/raum-blick.de\/magazin\/lagom-einrichtung\/#Formvollendete_Harmonie_vom_Tisch_ueber_die_Lampe_bis_zur_Deko\" >Formvollendete Harmonie vom Tisch \u00fcber die Lampe bis zur Deko<\/a><\/li><li class='ez-toc-page-1 ez-toc-heading-level-2'><a class=\"ez-toc-link ez-toc-heading-3\" href=\"https:\/\/raum-blick.de\/magazin\/lagom-einrichtung\/#Genuegsam_aber_nicht_minimalistisch\" >Gen\u00fcgsam, aber nicht minimalistisch<\/a><\/li><li class='ez-toc-page-1 ez-toc-heading-level-2'><a class=\"ez-toc-link ez-toc-heading-4\" href=\"https:\/\/raum-blick.de\/magazin\/lagom-einrichtung\/#Einfach_geloest_aber_unglaublich_bezaubernd\" >Einfach gel\u00f6st, aber unglaublich bezaubernd<\/a><\/li><li class='ez-toc-page-1 ez-toc-heading-level-2'><a class=\"ez-toc-link ez-toc-heading-5\" href=\"https:\/\/raum-blick.de\/magazin\/lagom-einrichtung\/#Genug_geschafft_goenn_dir_eine_Fika\" >Genug geschafft, g\u00f6nn dir eine Fika!<\/a><\/li><li class='ez-toc-page-1 ez-toc-heading-level-2'><a class=\"ez-toc-link ez-toc-heading-6\" href=\"https:\/\/raum-blick.de\/magazin\/lagom-einrichtung\/#Erfrischend_unkompliziert_Gartengestaltung_a_la_Lagom\" >Erfrischend unkompliziert: Gartengestaltung \u00e0 la Lagom<\/a><\/li><\/ul><\/nav><\/div>\n\n<p><a href=\"https:\/\/www.raum-blick.de\/skagerak-cutter-bank\"><img loading=\"lazy\" decoding=\"async\" class=\"aligncenter wp-image-16826 size-full\" title=\"Cutter Bank | Design: Niels Hvass\" src=\"https:\/\/www.raum-blick.de\/magazin\/wp-content\/uploads\/2022\/08\/skagerak-cutter-bank.jpg\" alt=\"skagerak-cutter-bank lagom-einrichtung\" width=\"800\" height=\"800\" srcset=\"https:\/\/raum-blick.de\/magazin\/wp-content\/uploads\/2022\/08\/skagerak-cutter-bank.jpg 800w, https:\/\/raum-blick.de\/magazin\/wp-content\/uploads\/2022\/08\/skagerak-cutter-bank-300x300.jpg 300w, https:\/\/raum-blick.de\/magazin\/wp-content\/uploads\/2022\/08\/skagerak-cutter-bank-150x150.jpg 150w, https:\/\/raum-blick.de\/magazin\/wp-content\/uploads\/2022\/08\/skagerak-cutter-bank-768x768.jpg 768w\" sizes=\"(max-width: 800px) 100vw, 800px\" \/><\/a><\/p>\n<p style=\"text-align: justify;\">Das Design passt dadurch perfekt zur schwedischen Lebensphilosophie: Wird die Cutter Bank \u00fcber Generationen hinweg verwendet, spart man Ressourcen und bewahrt Erinnerungen. Unvereinbar sind mit Lagom aber rein emotionale Einrichtungsideen. Es haben sich nur M\u00f6bel einen Platz verdient, die man wirklich ben\u00f6tigt. Begr\u00fc\u00dfenswert ist deshalb, dass der Allrounder von <a href=\"https:\/\/www.raum-blick.de\/skagerak\/\">Skagerak<\/a> sehr vielf\u00e4ltig beim Einrichten genutzt werden kann. Genauso gut wie schlicht schicke Massivholzm\u00f6bel passen zur Lagom-Lebensart unverg\u00e4ngliche Designklassiker: K\u00f6stliche Familienfeiern begleitet seit Gedenken das <a href=\"https:\/\/www.raum-blick.de\/georg-jensen\/\">Besteck von Georg Jensen<\/a>, das Arne Jacobsen 1957 entwarf.<\/p>\n<p><a href=\"https:\/\/www.raum-blick.de\/georg-jensen-arne-jacobsen-besteck\"><img loading=\"lazy\" decoding=\"async\" class=\"aligncenter wp-image-16824 size-full\" title=\"Georg Jensen Arne Jacobsen Besteck | 4 \/ 24 teilig | Design: Arne Jacobsen\" src=\"https:\/\/www.raum-blick.de\/magazin\/wp-content\/uploads\/2022\/08\/georg-jensen-arne-jacobsen-besteck-1.jpg\" alt=\"georg-jensen-arne-jacobsen-besteck\" width=\"800\" height=\"800\" srcset=\"https:\/\/raum-blick.de\/magazin\/wp-content\/uploads\/2022\/08\/georg-jensen-arne-jacobsen-besteck-1.jpg 800w, https:\/\/raum-blick.de\/magazin\/wp-content\/uploads\/2022\/08\/georg-jensen-arne-jacobsen-besteck-1-300x300.jpg 300w, https:\/\/raum-blick.de\/magazin\/wp-content\/uploads\/2022\/08\/georg-jensen-arne-jacobsen-besteck-1-150x150.jpg 150w, https:\/\/raum-blick.de\/magazin\/wp-content\/uploads\/2022\/08\/georg-jensen-arne-jacobsen-besteck-1-768x768.jpg 768w\" sizes=\"(max-width: 800px) 100vw, 800px\" \/><\/a><\/p>\n<p style=\"text-align: justify;\">Mit stilistischem Gesp\u00fcr suchte es der Gro\u00dfvater aus, der heute mit am Tisch sitzt. Es gibt aber einen Unterschied: Die Dinnertafel steht im Wohnzimmer der Enkel, die sich beim Einrichten zum Purismus bekennen. Perfekt harmoniert mit dem jungen Trend das legend\u00e4re Besteck von Georg Jensen. Denn Arne Jacobsen w\u00e4hlte daf\u00fcr ein funktionalistisches Design, das zukunftsweisend war.<\/p>\n<h2><span class=\"ez-toc-section\" id=\"Formvollendete_Harmonie_vom_Tisch_ueber_die_Lampe_bis_zur_Deko\"><\/span>Formvollendete Harmonie vom Tisch \u00fcber die Lampe bis zur Deko<span class=\"ez-toc-section-end\"><\/span><\/h2>\n<p style=\"text-align: justify;\">Die gesamte Einrichtung bekennt sich zu Abstufungen einer warmen Naturfarbe. Das Flair erscheint dadurch ruhig und gem\u00fctlich. Spontan kommt der Wunsch auf, an diesem Ort l\u00e4nger zu verweilen. Die offensichtlich bequemen Sessel verst\u00e4rken das Bed\u00fcrfnis. Im Duett mit der dekorativ platzierten Wasserkaraffe verk\u00fcnden sie die Botschaft: Herzlich willkommen in unserer Runde.<\/p>\n<p><a href=\"https:\/\/www.raum-blick.de\/gubi-semi-pendelleuchte\"><img loading=\"lazy\" decoding=\"async\" class=\"aligncenter wp-image-16819 size-full\" title=\"Gubi Semi Leuchte | Pendelleuchte | Design: Claus Bonderup \/ Torsten Thorup\" src=\"https:\/\/www.raum-blick.de\/magazin\/wp-content\/uploads\/2022\/08\/gubi-semi-pendelleuchte.jpg\" alt=\"gubi-semi-pendelleuchte\" width=\"800\" height=\"800\" srcset=\"https:\/\/raum-blick.de\/magazin\/wp-content\/uploads\/2022\/08\/gubi-semi-pendelleuchte.jpg 800w, https:\/\/raum-blick.de\/magazin\/wp-content\/uploads\/2022\/08\/gubi-semi-pendelleuchte-300x300.jpg 300w, https:\/\/raum-blick.de\/magazin\/wp-content\/uploads\/2022\/08\/gubi-semi-pendelleuchte-150x150.jpg 150w, https:\/\/raum-blick.de\/magazin\/wp-content\/uploads\/2022\/08\/gubi-semi-pendelleuchte-768x768.jpg 768w\" sizes=\"(max-width: 800px) 100vw, 800px\" \/><\/a><\/p>\n<p style=\"text-align: justify;\">Die <a href=\"https:\/\/www.raum-blick.de\/gubi-semi-pendelleuchte\">Gubi Semi Leuchte<\/a> setzt der einladenden Raumgestaltung die Krone auf. Claus Bonderup und Torsten Thorup gewannen damit 1968 wohlverdient einen Wettbewerb. Betrachtet man die Designikone von unten, erscheint sie kreisrund. Scharf konturiert wirkt die Profilansicht, die sich aus zwei Viertelkreisen zusammensetzt. Wenn man sich schwedisch einrichten m\u00f6chte, ist die Gubi Semi Pendelleuchte ein Gl\u00fccksgriff. Ihr Entwurf ist so ausbalanciert wie das Lagom Lebensgef\u00fchl. Rundungen pr\u00e4gen nicht nur das Lichtdesign, sondern auch den Tisch, die St\u00fchle und die Karaffe.<\/p>\n<h2><span class=\"ez-toc-section\" id=\"Genuegsam_aber_nicht_minimalistisch\"><\/span>Gen\u00fcgsam, aber nicht minimalistisch<span class=\"ez-toc-section-end\"><\/span><\/h2>\n<p style=\"text-align: justify;\">Lagom pl\u00e4diert f\u00fcr das richtige Ma\u00df beim Einrichten und in allen anderen Lebensbereichen. Ein Vergleich offenbart den Unterschied zum Minimalismus: <a href=\"https:\/\/www.raum-blick.de\/muuto-the-dots-5er-set-wandhaken\">The Dots von Muuto<\/a> entdeckt man direkt neben der Sp\u00fcle. Sie bleiben einer Farbe und Gr\u00f6\u00dfe treu. Die Wandhaken sind in akkuraten Abst\u00e4nden montiert und bilden eine Linie. Minimalistisch ber\u00fccksichtigt man damit beim Einrichten, dass ein Platz f\u00fcr die Trockent\u00fccher ben\u00f6tigt wird.<\/p>\n<p><a href=\"https:\/\/www.raum-blick.de\/muuto-the-dots-5er-set-wandhaken\"><img loading=\"lazy\" decoding=\"async\" class=\"aligncenter wp-image-16816 size-full\" title=\"Muuto The Dots | 5er Set | Design: Lars Torn\u00f8e\" src=\"https:\/\/www.raum-blick.de\/magazin\/wp-content\/uploads\/2022\/08\/muuto-the-dots-5er-set-wandhaken.jpg\" alt=\"muuto-the-dots-5er-set-wandhaken\" width=\"800\" height=\"800\" srcset=\"https:\/\/raum-blick.de\/magazin\/wp-content\/uploads\/2022\/08\/muuto-the-dots-5er-set-wandhaken.jpg 800w, https:\/\/raum-blick.de\/magazin\/wp-content\/uploads\/2022\/08\/muuto-the-dots-5er-set-wandhaken-300x300.jpg 300w, https:\/\/raum-blick.de\/magazin\/wp-content\/uploads\/2022\/08\/muuto-the-dots-5er-set-wandhaken-150x150.jpg 150w, https:\/\/raum-blick.de\/magazin\/wp-content\/uploads\/2022\/08\/muuto-the-dots-5er-set-wandhaken-768x768.jpg 768w\" sizes=\"(max-width: 800px) 100vw, 800px\" \/><\/a><\/p>\n<p style=\"text-align: justify;\">Skandinavischer Stil bleibt ebenfalls dezent, wirkt aber herzlicher. Wer die Wohnung betritt, wird von einer Wanddekoration begr\u00fc\u00dft. F\u00fcr sie wurden die Dots von Muuto kreativ in unterschiedlichen Gr\u00f6\u00dfen und Farbt\u00f6nen kombiniert. Das Arrangement erscheint bunt und leger, ohne schrill oder wild zu sein. Die Gestaltungsidee hat dekorative Facetten, dient aber vorrangig als Garderobe. G\u00e4ste erkennen sofort: Hier wird Lagom nicht imitiert, sondern tats\u00e4chlich gelebt.<\/p>\n<h2><span class=\"ez-toc-section\" id=\"Einfach_geloest_aber_unglaublich_bezaubernd\"><\/span>Einfach gel\u00f6st, aber unglaublich bezaubernd<span class=\"ez-toc-section-end\"><\/span><\/h2>\n<p style=\"text-align: justify;\">An eine Leiter erinnern die Seitenteile mit Sprossen, die Regalb\u00f6den auf der gew\u00fcnschten H\u00f6he entgegennehmen. Das <a href=\"https:\/\/www.raum-blick.de\/string-pocket-regal\">Wandregal Pocket von String<\/a> ist schwedischer Stil in Reinkultur, weil es punktgenau individuelle W\u00fcnsche erf\u00fcllt. \u00c4ndern sich die Bed\u00fcrfnisse, wird es umstrukturiert oder erweitert. Viel Zeit f\u00fcrs Schm\u00f6kern beschert der lange Winter im Norden. Direkt neben dem Sessel entdeckt man deshalb spannenden Lesestoff.<\/p>\n<p><a href=\"https:\/\/www.raum-blick.de\/string-pocket-regal\"><img loading=\"lazy\" decoding=\"async\" class=\"aligncenter wp-image-16813 size-full\" title=\"String Pocket | Wandregal | Design: Nisse Strinning\" src=\"https:\/\/www.raum-blick.de\/magazin\/wp-content\/uploads\/2022\/08\/string-pocket-regal-1.jpg\" alt=\"string-pocket-regal lagom-einrichtung\" width=\"800\" height=\"800\" srcset=\"https:\/\/raum-blick.de\/magazin\/wp-content\/uploads\/2022\/08\/string-pocket-regal-1.jpg 800w, https:\/\/raum-blick.de\/magazin\/wp-content\/uploads\/2022\/08\/string-pocket-regal-1-300x300.jpg 300w, https:\/\/raum-blick.de\/magazin\/wp-content\/uploads\/2022\/08\/string-pocket-regal-1-150x150.jpg 150w, https:\/\/raum-blick.de\/magazin\/wp-content\/uploads\/2022\/08\/string-pocket-regal-1-768x768.jpg 768w\" sizes=\"(max-width: 800px) 100vw, 800px\" \/><\/a><\/p>\n<p style=\"text-align: justify;\">Die Wand charakterisiert ein warmer Sandton, der das B\u00fccherregal in Blush zur Geltung bringt. Wirkungsvoll belebt das zarte Rosa die Atmosph\u00e4re, ohne Unruhe zu stiften. Obwohl das Regal nicht sonderlich gro\u00df ist, sind die F\u00e4cher nicht voll. Denn aufbewahrt werden nur Lieblingswerke und neue B\u00fccher. Ansonsten reicht man gelesene Exemplare an Freunde weiter. Der solidarische Gedanke ist typisch Lagom und erleichtert das Einrichten. Es sammeln sich keine Staubf\u00e4nger an, die dem luftigen Flair im Weg stehen.<\/p>\n<p><img loading=\"lazy\" decoding=\"async\" class=\"aligncenter wp-image-16810 size-full\" title=\"Design House Stockholm \u2013 Cord Lamp Leuchte | au\u00dfergew\u00f6hnliches Design | Design: Form Us With Love\" src=\"https:\/\/www.raum-blick.de\/magazin\/wp-content\/uploads\/2022\/08\/design-house-stockholm-cord-lamp.jpg\" alt=\"design-house-stockholm-cord-lamp\" width=\"800\" height=\"800\" srcset=\"https:\/\/raum-blick.de\/magazin\/wp-content\/uploads\/2022\/08\/design-house-stockholm-cord-lamp.jpg 800w, https:\/\/raum-blick.de\/magazin\/wp-content\/uploads\/2022\/08\/design-house-stockholm-cord-lamp-300x300.jpg 300w, https:\/\/raum-blick.de\/magazin\/wp-content\/uploads\/2022\/08\/design-house-stockholm-cord-lamp-150x150.jpg 150w, https:\/\/raum-blick.de\/magazin\/wp-content\/uploads\/2022\/08\/design-house-stockholm-cord-lamp-768x768.jpg 768w\" sizes=\"(max-width: 800px) 100vw, 800px\" \/><\/p>\n<p style=\"text-align: justify;\">Genauso unbeschwert integriert <a href=\"https:\/\/www.raum-blick.de\/design-house-stockholm\/\">Design House Stockholm<\/a> das Leselicht ins Setting. Mutig balanciert die Cord Lamp auf ihrem eigenen Kabel, damit man sich auf das Unverzichtbare beschr\u00e4nken kann. Purismus erh\u00e4lt durch diese Illusion eine magische Anziehungskraft. Sofort m\u00f6chte man sich der Cord Stehleuchte von Design House Stockholm n\u00e4hern, um ihren Zaubertrick zu verstehen. Hat sich der Aha-Effekt eingestellt, verlagert sich die Neugierde auf die B\u00fccher. Vorprogrammiert ist jetzt die Lust, geistreich zu relaxen.<\/p>\n<h2><span class=\"ez-toc-section\" id=\"Genug_geschafft_goenn_dir_eine_Fika\"><\/span>Genug geschafft, g\u00f6nn dir eine Fika!<span class=\"ez-toc-section-end\"><\/span><\/h2>\n<p style=\"text-align: justify;\">Zwei Berufst\u00e4tige gibt es im Haushalt. Das verr\u00e4t die Einrichtung, bei der das String Regal mit Schreibtisch im Arbeitszimmer doppelt auftaucht. Typisch schwedisch er\u00f6ffnet der <a href=\"https:\/\/www.raum-blick.de\/menu-turning-table-couchtisch\">menu Turning Table<\/a> auf der gegen\u00fcberliegenden Seite einen Treffpunkt f\u00fcr die Kaffeepause. Schlie\u00dflich kann man nur motiviert arbeiten, wenn die Work-Life-Balance stimmt.<\/p>\n<p><a href=\"https:\/\/www.raum-blick.de\/menu-turning-table-couchtisch\"><img loading=\"lazy\" decoding=\"async\" class=\"aligncenter wp-image-16802 size-full\" title=\"menu \u2013 Turning Table Couchtisch | mit elegantem Aufbewahrungsfach | Design: Theresa Arns\" src=\"https:\/\/www.raum-blick.de\/magazin\/wp-content\/uploads\/2022\/08\/menu-turning-table-couchtisch.jpg\" alt=\"menu-turning-table-couchtisch lagom-einrichtung\" width=\"800\" height=\"800\" srcset=\"https:\/\/raum-blick.de\/magazin\/wp-content\/uploads\/2022\/08\/menu-turning-table-couchtisch.jpg 800w, https:\/\/raum-blick.de\/magazin\/wp-content\/uploads\/2022\/08\/menu-turning-table-couchtisch-300x300.jpg 300w, https:\/\/raum-blick.de\/magazin\/wp-content\/uploads\/2022\/08\/menu-turning-table-couchtisch-150x150.jpg 150w, https:\/\/raum-blick.de\/magazin\/wp-content\/uploads\/2022\/08\/menu-turning-table-couchtisch-768x768.jpg 768w\" sizes=\"(max-width: 800px) 100vw, 800px\" \/><\/a><\/p>\n<p style=\"text-align: justify;\">Den ganzen Tag dekoriert eine Kerze den Couchtisch im B\u00fcro. Ihr Lichtschein erinnert daran, das soziale Miteinander nicht zu vergessen. Den kleinen Kaffeeklatsch vers\u00fc\u00dfen Kekse, die Kr\u00fcmel an den H\u00e4nden hinterlassen. Kein Problem: Unter der schwenkbaren Tischoberfl\u00e4che entdeckt man Servietten. F\u00fcr Lagom-Einrichtungsideen ist der menu Turning Table mit seinem inneren Mehrwert ein Paradebeispiel.<\/p>\n<h2><span class=\"ez-toc-section\" id=\"Erfrischend_unkompliziert_Gartengestaltung_a_la_Lagom\"><\/span>Erfrischend unkompliziert: Gartengestaltung \u00e0 la Lagom<span class=\"ez-toc-section-end\"><\/span><\/h2>\n<p style=\"text-align: justify;\">Wer barfu\u00df die Terrasse betritt, freut sich \u00fcber die Begegnung mit dem <a href=\"https:\/\/www.raum-blick.de\/pappelina\/\">Pappelina Outdoorteppich<\/a>. Obwohl er aus strapazierf\u00e4higen Garnen gewebt ist, f\u00fchlt er sich angenehm weich an. Beim gestreiften Design lie\u00df sich Lina Rickardsson von Naturt\u00f6nen inspirieren.<\/p>\n<p><a href=\"https:\/\/www.raum-blick.de\/pappelina-belle-teppich\"><img loading=\"lazy\" decoding=\"async\" class=\"aligncenter wp-image-16806 size-full\" title=\"Pappelina Belle | Teppich aus hochwertigem Kunststoff | Design: Lina Rickardsson\" src=\"https:\/\/www.raum-blick.de\/magazin\/wp-content\/uploads\/2022\/08\/pappelina-belle-teppich.jpg\" alt=\"pappelina-belle-teppich lagom-einrichtung\" width=\"800\" height=\"800\" srcset=\"https:\/\/raum-blick.de\/magazin\/wp-content\/uploads\/2022\/08\/pappelina-belle-teppich.jpg 800w, https:\/\/raum-blick.de\/magazin\/wp-content\/uploads\/2022\/08\/pappelina-belle-teppich-300x300.jpg 300w, https:\/\/raum-blick.de\/magazin\/wp-content\/uploads\/2022\/08\/pappelina-belle-teppich-150x150.jpg 150w, https:\/\/raum-blick.de\/magazin\/wp-content\/uploads\/2022\/08\/pappelina-belle-teppich-768x768.jpg 768w\" sizes=\"(max-width: 800px) 100vw, 800px\" \/><\/a><\/p>\n<p style=\"text-align: justify;\">An einen Kaktus dachte <a href=\"https:\/\/www.raum-blick.de\/fermob\/\">fermob<\/a> bei der <a href=\"https:\/\/www.raum-blick.de\/fermob-aplo-led-lampe\">Leuchte Aplo im Gr\u00fcnton<\/a>. Sie wartet umrahmt von Strohh\u00fcten an der Wand auf ihren Einsatz. Die Deko-Idee belebt das Flair genauso unkompliziert wie das Streifenmuster des Pappelina Outdoor-Teppichs. Spaziergang durch den Garten, Dinner unterm Apfelbaum oder Picknick am Baggersee: Die Aplo Akkuleuchte von fermob begleitet die verschiedensten Abenteuer im Freien. Manchmal wird sogar der Teppich eingerollt und ist mit von der Partie.<\/p>\n<p><a href=\"https:\/\/www.raum-blick.de\/fermob-aplo-led-lampe\"><img loading=\"lazy\" decoding=\"async\" class=\"aligncenter wp-image-16797 size-full\" title=\"Fermob \u2013 Aplo LED Leuchte | variabel einsetzbar | Design: Tristan Lohner\" src=\"https:\/\/www.raum-blick.de\/magazin\/wp-content\/uploads\/2022\/08\/fermob-aplo-led-lampe.jpg\" alt=\"fermob-aplo-led-lampe\" width=\"800\" height=\"800\" srcset=\"https:\/\/raum-blick.de\/magazin\/wp-content\/uploads\/2022\/08\/fermob-aplo-led-lampe.jpg 800w, https:\/\/raum-blick.de\/magazin\/wp-content\/uploads\/2022\/08\/fermob-aplo-led-lampe-300x300.jpg 300w, https:\/\/raum-blick.de\/magazin\/wp-content\/uploads\/2022\/08\/fermob-aplo-led-lampe-150x150.jpg 150w, https:\/\/raum-blick.de\/magazin\/wp-content\/uploads\/2022\/08\/fermob-aplo-led-lampe-768x768.jpg 768w\" sizes=\"(max-width: 800px) 100vw, 800px\" \/><\/a><\/p>\n<p style=\"text-align: justify;\">Beide Outdooraccessoires passen bestens zu Lagom: Sie beantworten beim Einrichten mehrere W\u00fcnsche und leisten sogar \u00fcber die eigenen vier W\u00e4nde hinaus ihre Dienste. So kann man sich einige Anschaffungen sparen, ohne auf etwas zu verzichten.<\/p>\n","protected":false},"excerpt":{"rendered":"<p>Weder zu viel noch zu wenig, sondern genau richtig: Lagom begreift Ausgeglichenheit als Wegbereiter des Gl\u00fccks. Wenn Ihnen die nordische Lebensphilosophie gef\u00e4llt, sollten Sie sich schwedisch einrichten. Lieblingsst\u00fccke, die bleiben und Geschichten erz\u00e4hlen Bei Oma stand die Holzbank im Flur. Jetzt dient sie im Schlafzimmer als Ablage. Bleibt der Blick daran haften, werden gl\u00fcckliche Kindheitserinnerungen [&hellip;]<\/p>\n","protected":false},"author":4,"featured_media":16828,"comment_status":"closed","ping_status":"open","sticky":false,"template":"","format":"standard","meta":{"_et_pb_use_builder":"","_et_pb_old_content":"","_et_gb_content_width":"","inline_featured_image":false,"footnotes":""},"categories":[1],"tags":[623,332,217,1586,1223,334,495,953,621,33,1109,341,81,605,616,1088,93,239,57,32,1236,19,24,1082,913],"class_list":["post-16794","post","type-post","status-publish","format-standard","has-post-thumbnail","hentry","category-drinnen","tag-arne-jacobsen","tag-bank","tag-besteck","tag-couchtisch","tag-deko","tag-design","tag-design-house-stockholm","tag-einrichtung","tag-fermob","tag-garten","tag-gartengestaltung","tag-georg-jensen","tag-gubi","tag-lagom","tag-lampe","tag-leuchte","tag-menu","tag-muuto","tag-outdoor","tag-pappelina","tag-pendelleuchte","tag-skagerak","tag-string-pocket","tag-teppich","tag-wandregal"],"_links":{"self":[{"href":"https:\/\/raum-blick.de\/magazin\/wp-json\/wp\/v2\/posts\/16794","targetHints":{"allow":["GET"]}}],"collection":[{"href":"https:\/\/raum-blick.de\/magazin\/wp-json\/wp\/v2\/posts"}],"about":[{"href":"https:\/\/raum-blick.de\/magazin\/wp-json\/wp\/v2\/types\/post"}],"author":[{"embeddable":true,"href":"https:\/\/raum-blick.de\/magazin\/wp-json\/wp\/v2\/users\/4"}],"replies":[{"embeddable":true,"href":"https:\/\/raum-blick.de\/magazin\/wp-json\/wp\/v2\/comments?post=16794"}],"version-history":[{"count":27,"href":"https:\/\/raum-blick.de\/magazin\/wp-json\/wp\/v2\/posts\/16794\/revisions"}],"predecessor-version":[{"id":20741,"href":"https:\/\/raum-blick.de\/magazin\/wp-json\/wp\/v2\/posts\/16794\/revisions\/20741"}],"wp:featuredmedia":[{"embeddable":true,"href":"https:\/\/raum-blick.de\/magazin\/wp-json\/wp\/v2\/media\/16828"}],"wp:attachment":[{"href":"https:\/\/raum-blick.de\/magazin\/wp-json\/wp\/v2\/media?parent=16794"}],"wp:term":[{"taxonomy":"category","embeddable":true,"href":"https:\/\/raum-blick.de\/magazin\/wp-json\/wp\/v2\/categories?post=16794"},{"taxonomy":"post_tag","embeddable":true,"href":"https:\/\/raum-blick.de\/magazin\/wp-json\/wp\/v2\/tags?post=16794"}],"curies":[{"name":"wp","href":"https:\/\/api.w.org\/{rel}","templated":true}]}}