{"id":16725,"date":"2022-06-28T11:24:44","date_gmt":"2022-06-28T09:24:44","guid":{"rendered":"https:\/\/www.raum-blick.de\/magazin\/?p=16725"},"modified":"2024-08-28T11:54:58","modified_gmt":"2024-08-28T09:54:58","slug":"designklassiker-mit-charakter","status":"publish","type":"post","link":"https:\/\/raum-blick.de\/magazin\/designklassiker-mit-charakter\/","title":{"rendered":"Junge Designklassiker mit Charakter"},"content":{"rendered":"<h2><span class=\"ez-toc-section\" id=\"%C2%AB_Neue_Looks_fuer_die_Einrichtung_%C2%BB\"><\/span>\u00ab Neue Looks f\u00fcr die Einrichtung \u00bb<span class=\"ez-toc-section-end\"><\/span><\/h2>\n<p style=\"text-align: justify;\"><strong>Der Markt f\u00fcr M\u00f6bel ist \u00fcberschwemmt mit einer unglaublichen Produktvielfalt in allen Kategorien. St\u00fchle, Lampen, Deko \u2013 oft wissen wir nicht, wo wir zuerst suchen sollen. Doch nur ein Bruchteil aller Einrichtungsgegenst\u00e4nde hat das Zeug zum Klassiker, zur Design-Ikone, die Generationen begeistert und sich mit besonderen Details von der Masse abhebt. Von kantiger Moderne bis zu flauschigem Komfort \u2013 wir zeigen Ihnen, was Designklassiker ausmacht und wie man sie zu stilvollen Konzepten kombiniert.<\/strong><\/p>\n<h2><span class=\"ez-toc-section\" id=\"Kantig_und_simpel_Zeitlose_Designklassiker_mit_klaren_Formen\"><\/span>Kantig und simpel: Zeitlose Designklassiker mit klaren Formen<span class=\"ez-toc-section-end\"><\/span><\/h2>\n<p style=\"text-align: justify;\">Unsere erste Kategorie der Designklassiker sind M\u00f6bel, die keine Kurven m\u00f6gen: Inspiriert von der Simplizit\u00e4t des Bauhauses, bringen sie gerade Linien und geometrische Sch\u00f6nheit in die Einrichtung. Was wir meinen, k\u00f6nnte kein M\u00f6belst\u00fcck besser demonstrieren als der legend\u00e4re Ulmer Hocker, der 1954 vom Schweizer Architekten und Designer Max Bill erschaffen wurde.<\/p><div id=\"ez-toc-container\" class=\"ez-toc-v2_0_82_2 counter-hierarchy ez-toc-counter ez-toc-grey ez-toc-container-direction\">\n<div class=\"ez-toc-title-container\">\n<p class=\"ez-toc-title\" style=\"cursor:inherit\">Was hier auf Sie wartet<\/p>\n<span class=\"ez-toc-title-toggle\"><a href=\"#\" class=\"ez-toc-pull-right ez-toc-btn ez-toc-btn-xs ez-toc-btn-default ez-toc-toggle\" aria-label=\"Toggle Table of Content\"><span class=\"ez-toc-js-icon-con\"><span class=\"\"><span class=\"eztoc-hide\" style=\"display:none;\">Toggle<\/span><span class=\"ez-toc-icon-toggle-span\"><svg style=\"fill: #999;color:#999\" xmlns=\"http:\/\/www.w3.org\/2000\/svg\" class=\"list-377408\" width=\"20px\" height=\"20px\" viewBox=\"0 0 24 24\" fill=\"none\"><path d=\"M6 6H4v2h2V6zm14 0H8v2h12V6zM4 11h2v2H4v-2zm16 0H8v2h12v-2zM4 16h2v2H4v-2zm16 0H8v2h12v-2z\" fill=\"currentColor\"><\/path><\/svg><svg style=\"fill: #999;color:#999\" class=\"arrow-unsorted-368013\" xmlns=\"http:\/\/www.w3.org\/2000\/svg\" width=\"10px\" height=\"10px\" viewBox=\"0 0 24 24\" version=\"1.2\" baseProfile=\"tiny\"><path d=\"M18.2 9.3l-6.2-6.3-6.2 6.3c-.2.2-.3.4-.3.7s.1.5.3.7c.2.2.4.3.7.3h11c.3 0 .5-.1.7-.3.2-.2.3-.5.3-.7s-.1-.5-.3-.7zM5.8 14.7l6.2 6.3 6.2-6.3c.2-.2.3-.5.3-.7s-.1-.5-.3-.7c-.2-.2-.4-.3-.7-.3h-11c-.3 0-.5.1-.7.3-.2.2-.3.5-.3.7s.1.5.3.7z\"\/><\/svg><\/span><\/span><\/span><\/a><\/span><\/div>\n<nav><ul class='ez-toc-list ez-toc-list-level-1 ' ><li class='ez-toc-page-1 ez-toc-heading-level-2'><a class=\"ez-toc-link ez-toc-heading-1\" href=\"https:\/\/raum-blick.de\/magazin\/designklassiker-mit-charakter\/#%C2%AB_Neue_Looks_fuer_die_Einrichtung_%C2%BB\" >\u00ab Neue Looks f\u00fcr die Einrichtung \u00bb<\/a><\/li><li class='ez-toc-page-1 ez-toc-heading-level-2'><a class=\"ez-toc-link ez-toc-heading-2\" href=\"https:\/\/raum-blick.de\/magazin\/designklassiker-mit-charakter\/#Kantig_und_simpel_Zeitlose_Designklassiker_mit_klaren_Formen\" >Kantig und simpel: Zeitlose Designklassiker mit klaren Formen<\/a><\/li><li class='ez-toc-page-1 ez-toc-heading-level-2'><a class=\"ez-toc-link ez-toc-heading-3\" href=\"https:\/\/raum-blick.de\/magazin\/designklassiker-mit-charakter\/#Dynamik_pur_Einrichten_mit_geschwungenen_Linien\" >Dynamik pur: Einrichten mit geschwungenen Linien<\/a><\/li><li class='ez-toc-page-1 ez-toc-heading-level-2'><a class=\"ez-toc-link ez-toc-heading-4\" href=\"https:\/\/raum-blick.de\/magazin\/designklassiker-mit-charakter\/#Wohlfuehlen_garantiert_Bequeme_Design-Moebel_zum_Entspannen\" >Wohlf\u00fchlen garantiert: Bequeme Design-M\u00f6bel zum Entspannen<\/a><\/li><li class='ez-toc-page-1 ez-toc-heading-level-2'><a class=\"ez-toc-link ez-toc-heading-5\" href=\"https:\/\/raum-blick.de\/magazin\/designklassiker-mit-charakter\/#Schraeg_lustig_oder_modern_Accessoires_runden_das_Ambiente_ab\" >Schr\u00e4g, lustig oder modern? Accessoires runden das Ambiente ab<\/a><\/li><\/ul><\/nav><\/div>\n\n<p><img loading=\"lazy\" decoding=\"async\" class=\"aligncenter wp-image-16742\" title=\"Ulmer Hocker | wb form | Design: Max Bill, 1954\" src=\"https:\/\/www.raum-blick.de\/magazin\/wp-content\/uploads\/2022\/07\/wb-form-ulmer-hocker-fichte-buche.jpg\" alt=\"wb-form-ulmer-hocker-fichte-buche\" width=\"563\" height=\"500\" srcset=\"https:\/\/raum-blick.de\/magazin\/wp-content\/uploads\/2022\/07\/wb-form-ulmer-hocker-fichte-buche.jpg 800w, https:\/\/raum-blick.de\/magazin\/wp-content\/uploads\/2022\/07\/wb-form-ulmer-hocker-fichte-buche-300x266.jpg 300w, https:\/\/raum-blick.de\/magazin\/wp-content\/uploads\/2022\/07\/wb-form-ulmer-hocker-fichte-buche-768x682.jpg 768w\" sizes=\"(max-width: 563px) 100vw, 563px\" \/><\/p>\n<p style=\"text-align: justify;\">Leicht und kompakt, kann der kantige Klassiker flexibel als Sitzm\u00f6bel, Beistelltisch oder Regalbaustein verwendet werden. Eine modernere Variante dieses Klassikers zeigt Kartell mit dem Max-Beam, der die Form des Ulmer Hockers \u00fcbernimmt und mit einer transparenten Optik vereint. Der ideale Hingucker f\u00fcrs Bad.<\/p>\n<p><img loading=\"lazy\" decoding=\"async\" class=\"aligncenter wp-image-16739 size-full\" title=\"Normann Copenhagen \u2013 Tablo Table | Beistelltisch | Design: Nicholai Wiig Hansen\" src=\"https:\/\/www.raum-blick.de\/magazin\/wp-content\/uploads\/2022\/07\/normann-copenhagen-tisch-tablo-table.jpg\" alt=\"normann-copenhagen-tisch-tablo-table\" width=\"800\" height=\"1067\" srcset=\"https:\/\/raum-blick.de\/magazin\/wp-content\/uploads\/2022\/07\/normann-copenhagen-tisch-tablo-table.jpg 800w, https:\/\/raum-blick.de\/magazin\/wp-content\/uploads\/2022\/07\/normann-copenhagen-tisch-tablo-table-225x300.jpg 225w, https:\/\/raum-blick.de\/magazin\/wp-content\/uploads\/2022\/07\/normann-copenhagen-tisch-tablo-table-768x1024.jpg 768w\" sizes=\"(max-width: 800px) 100vw, 800px\" \/><\/p>\n<p style=\"text-align: justify;\">Eine schicke Alternative ist der Normann Copenhagen Tablo Table: Der dreibeinige Beistelltisch ist zwar von runden Formen gepr\u00e4gt, steht dem Minimalismus des Ulmer Hockers aber in nichts nach. Wer sich beim Einrichten f\u00fcr minimalistisches Design entscheidet, sollte diese Fokussierung in verschiedenen Aspekten der Wohnung zum Ausdruck bringen.<\/p>\n<p><a href=\"https:\/\/www.raum-blick.de\/gubi-multi-lite-pendelleuchte\"><img loading=\"lazy\" decoding=\"async\" class=\"aligncenter wp-image-16735 size-full\" title=\"Gubi Multi-Lite | Pendelleuchte | Design: Louis Weisdorf\" src=\"https:\/\/www.raum-blick.de\/magazin\/wp-content\/uploads\/2022\/07\/gubi-multi-lite-pendelleuchte.jpg\" alt=\"gubi-multi-lite-pendelleuchte designklassiker-mit-charakter\" width=\"800\" height=\"800\" srcset=\"https:\/\/raum-blick.de\/magazin\/wp-content\/uploads\/2022\/07\/gubi-multi-lite-pendelleuchte.jpg 800w, https:\/\/raum-blick.de\/magazin\/wp-content\/uploads\/2022\/07\/gubi-multi-lite-pendelleuchte-300x300.jpg 300w, https:\/\/raum-blick.de\/magazin\/wp-content\/uploads\/2022\/07\/gubi-multi-lite-pendelleuchte-150x150.jpg 150w, https:\/\/raum-blick.de\/magazin\/wp-content\/uploads\/2022\/07\/gubi-multi-lite-pendelleuchte-768x768.jpg 768w\" sizes=\"(max-width: 800px) 100vw, 800px\" \/><\/a><\/p>\n<p style=\"text-align: justify;\">Zum Beispiel in der Beleuchtung: Die Gubi Grasshopper ist eine elegante Stehleuchte, die mit ihren drei Beinen perfekt zum Tablo Table passt und in mehreren Farben erh\u00e4ltlich ist. Auch die 1972 entworfene <a href=\"https:\/\/www.raum-blick.de\/gubi-multi-lite-pendelleuchte\">Pendelleuchte Gubi Multi-Lite<\/a> hat das skandinavische Designhaus ber\u00fchmt gemacht. Ebenfalls unter der Decke h\u00e4ngt die Normann Copenhagen Norm 69, deren spektakul\u00e4re Kanten f\u00fcr neugierige Blicke sorgen. Geht es ums Praktische, empfehlen wir einen Blick auf das ber\u00fchmte String Regal, das ein geniales Baukastensystem mit endlosen Erweiterungsm\u00f6glichkeiten in die Wohnung bringt. Ein Designklassiker ohne Konkurrenz.<\/p>\n<p><a href=\"https:\/\/www.raum-blick.de\/by-lassen-kubus-flowerpot\"><img loading=\"lazy\" decoding=\"async\" class=\"aligncenter wp-image-16737 size-full\" title=\"by Lassen - Kubus Flowerpot | aus lackiertem Metall | Design: S\u00f8ren Lassen &amp; Sarah Abbondio 2019\" src=\"https:\/\/www.raum-blick.de\/magazin\/wp-content\/uploads\/2022\/07\/by-lassen-kubus-flowerpot.jpg\" alt=\"by-lassen-kubus-flowerpot\" width=\"800\" height=\"800\" srcset=\"https:\/\/raum-blick.de\/magazin\/wp-content\/uploads\/2022\/07\/by-lassen-kubus-flowerpot.jpg 800w, https:\/\/raum-blick.de\/magazin\/wp-content\/uploads\/2022\/07\/by-lassen-kubus-flowerpot-300x300.jpg 300w, https:\/\/raum-blick.de\/magazin\/wp-content\/uploads\/2022\/07\/by-lassen-kubus-flowerpot-150x150.jpg 150w, https:\/\/raum-blick.de\/magazin\/wp-content\/uploads\/2022\/07\/by-lassen-kubus-flowerpot-768x768.jpg 768w\" sizes=\"(max-width: 800px) 100vw, 800px\" \/><\/a><\/p>\n<p style=\"text-align: justify;\">Unser Tipp: Die <a href=\"https:\/\/www.raum-blick.de\/by-lassen-kubus\/\">by Lassen Kubus Kollektion<\/a> ist die perfekte Abrundung f\u00fcr geometrisch-kantige Einrichtungsideen &#8211; vom Blumentopf bis zum Kerzenhalter ist alles m\u00f6glich.<\/p>\n<h2><span class=\"ez-toc-section\" id=\"Dynamik_pur_Einrichten_mit_geschwungenen_Linien\"><\/span>Dynamik pur: Einrichten mit geschwungenen Linien<span class=\"ez-toc-section-end\"><\/span><\/h2>\n<p style=\"text-align: justify;\">Sanfte Silhouetten, weiche Rundungen: Viele Designklassiker bestechen durch ihre flie\u00dfenden Formen, die in der Nachkriegszeit zu gro\u00dfer Ber\u00fchmtheit gelangt sind. Das Paradebeispiel f\u00fcr verf\u00fchrerische B\u00f6gen ist die prominente <a href=\"https:\/\/www.raum-blick.de\/flos-arco-bogenleuchte\">Flos Arco: 1962<\/a> von Achille und Pier Giacomo entworfen, wird die Bogenlampe zum Designklassiker der 70er-Jahre und sorgt mit monumentalen Daten f\u00fcr Aufsehen:<\/p>\n<p><a href=\"https:\/\/www.raum-blick.de\/flos-arco-bogenleuchte\"><img loading=\"lazy\" decoding=\"async\" class=\"aligncenter wp-image-16745 size-full\" title=\"Flos Arco | Bogenleuchte \/ Stehleuchte | Design: Achille and Pier Giacomo Castiglioni, 1962\" src=\"https:\/\/www.raum-blick.de\/magazin\/wp-content\/uploads\/2022\/07\/flos-arco-bogenleuchte.jpg\" alt=\"flos-arco-bogenleuchte\" width=\"755\" height=\"1000\" srcset=\"https:\/\/raum-blick.de\/magazin\/wp-content\/uploads\/2022\/07\/flos-arco-bogenleuchte.jpg 755w, https:\/\/raum-blick.de\/magazin\/wp-content\/uploads\/2022\/07\/flos-arco-bogenleuchte-227x300.jpg 227w\" sizes=\"(max-width: 755px) 100vw, 755px\" \/><\/a><\/p>\n<p style=\"text-align: justify;\">Nicht viele Leuchten erreichen durch Marmor-Elemente satte 63,8 Kilogramm und erstrecken sich am h\u00f6chsten Punkt 2,40 Meter \u00fcber den Boden. Kleine Wohnungen sollte man mit dem Kunstwerk also nicht einrichten.<\/p>\n<p><a href=\"https:\/\/www.raum-blick.de\/vitra-butterfly-stool\"><img loading=\"lazy\" decoding=\"async\" class=\"aligncenter wp-image-16752 size-full\" title=\"Vitra Butterfly Stool | Hocker \/ Beistelltisch | Design: Sori Yanagi, 1954\" src=\"https:\/\/www.raum-blick.de\/magazin\/wp-content\/uploads\/2022\/07\/vitra-butterfly-stool.jpg\" alt=\"vitra-butterfly-stool\" width=\"800\" height=\"800\" srcset=\"https:\/\/raum-blick.de\/magazin\/wp-content\/uploads\/2022\/07\/vitra-butterfly-stool.jpg 800w, https:\/\/raum-blick.de\/magazin\/wp-content\/uploads\/2022\/07\/vitra-butterfly-stool-300x300.jpg 300w, https:\/\/raum-blick.de\/magazin\/wp-content\/uploads\/2022\/07\/vitra-butterfly-stool-150x150.jpg 150w, https:\/\/raum-blick.de\/magazin\/wp-content\/uploads\/2022\/07\/vitra-butterfly-stool-768x768.jpg 768w\" sizes=\"(max-width: 800px) 100vw, 800px\" \/><\/a><\/p>\n<p style=\"text-align: justify;\">Besser ist es, den runden Charakter der Design-Leuchten in anderen M\u00f6belst\u00fccken fortzuf\u00fchren &#8211; wie beispielsweise dem Vitra Butterfly Hocker. 1954 entworfen, nutzt er das von Charles und Ray Eames entwickelte Verfahren der Sperrholz-Verformung zur Erschaffung eines Schmetterling-f\u00f6rmigen Hingucker-Designs. Und wenn es einmal rund zugeht, sollten auch die Stauf\u00e4cher ins Gesamtbild passen &#8211; wir raten zu einem Blick auf die schicke wie funktionale <a href=\"https:\/\/www.raum-blick.de\/kartell\/\">Kartell Componibili Kollektion<\/a>. Auch im Kinderzimmer darf sich der geschwungene Wow-Faktor fortsetzen:<\/p>\n<p><a href=\"https:\/\/www.raum-blick.de\/vitra-eames-elephant\"><img loading=\"lazy\" decoding=\"async\" class=\"aligncenter wp-image-16766 size-full\" title=\"Vitra Eames Elephant | Spielzeug-Elefant | Design: Charles &amp; Ray Eames, 1945\" src=\"https:\/\/www.raum-blick.de\/magazin\/wp-content\/uploads\/2022\/07\/vitra-eames-elephant.jpg\" alt=\"vitra-eames-elephant designklassiker-mit-charakter\" width=\"800\" height=\"650\" srcset=\"https:\/\/raum-blick.de\/magazin\/wp-content\/uploads\/2022\/07\/vitra-eames-elephant.jpg 800w, https:\/\/raum-blick.de\/magazin\/wp-content\/uploads\/2022\/07\/vitra-eames-elephant-300x244.jpg 300w, https:\/\/raum-blick.de\/magazin\/wp-content\/uploads\/2022\/07\/vitra-eames-elephant-768x624.jpg 768w\" sizes=\"(max-width: 800px) 100vw, 800px\" \/><\/a><\/p>\n<p style=\"text-align: justify;\">Der <a href=\"https:\/\/www.raum-blick.de\/vitra-panton-junior-stuhl\">Vitra Panton Junior Stuhl<\/a>, welcher auch in einer gr\u00f6\u00dferen Version f\u00fcr Erwachsene existiert, beeindruckt Gro\u00df und Klein mit seiner nat\u00fcrlichen, irgendwie total cleveren Form. Diese Mischung aus Verspieltheit und abstraktem Charakter setzt <a href=\"https:\/\/www.raum-blick.de\/vitra-eames-elephant\">Vitra im Eames Elephant<\/a> fort, der Kinderherzen mit riesigen Ohren h\u00f6her schlagen l\u00e4sst und gleichzeitig die perfekte Erg\u00e4nzung f\u00fcr moderne Design-M\u00f6bel ist.<\/p>\n<h2><span class=\"ez-toc-section\" id=\"Wohlfuehlen_garantiert_Bequeme_Design-Moebel_zum_Entspannen\"><\/span>Wohlf\u00fchlen garantiert: Bequeme Design-M\u00f6bel zum Entspannen<span class=\"ez-toc-section-end\"><\/span><\/h2>\n<p style=\"text-align: justify;\">Manche Designklassiker-M\u00f6bel sind derartig prominent, dass sie f\u00fcr viele Menschen zu einem Must-have in ihrer Einrichtung werden. Eine dieser Ikonen ist der bequeme <a href=\"https:\/\/www.raum-blick.de\/cuero\/\">Leder-Loungesessel Cuero Pampa Mariposa<\/a>, der kaum vergleichbare Entspannung an jedem Ort der Wohnung erm\u00f6glicht.<\/p>\n<p><a href=\"https:\/\/www.raum-blick.de\/cuero-pampa-mariposa-butterfly-chair\"><img loading=\"lazy\" decoding=\"async\" class=\"aligncenter wp-image-16756 size-full\" title=\"Cuero \u2013 Butterfly Sessel Pampa Mariposa | Design-Klassiker | Design: Antonio Bonet \/ Juan Kurchan\" src=\"https:\/\/www.raum-blick.de\/magazin\/wp-content\/uploads\/2022\/07\/cuero-pampa-mariposa-butterfly-chair-1.jpg\" alt=\"cuero-pampa-mariposa-butterfly-chair\" width=\"800\" height=\"800\" srcset=\"https:\/\/raum-blick.de\/magazin\/wp-content\/uploads\/2022\/07\/cuero-pampa-mariposa-butterfly-chair-1.jpg 800w, https:\/\/raum-blick.de\/magazin\/wp-content\/uploads\/2022\/07\/cuero-pampa-mariposa-butterfly-chair-1-300x300.jpg 300w, https:\/\/raum-blick.de\/magazin\/wp-content\/uploads\/2022\/07\/cuero-pampa-mariposa-butterfly-chair-1-150x150.jpg 150w, https:\/\/raum-blick.de\/magazin\/wp-content\/uploads\/2022\/07\/cuero-pampa-mariposa-butterfly-chair-1-768x768.jpg 768w\" sizes=\"(max-width: 800px) 100vw, 800px\" \/><\/a><\/p>\n<p style=\"text-align: justify;\">Gepaart mit anderen Einrichtungsideen aus Leder, wie beispielsweise einer Couch im Vintage-Stil, ist der Butterfly Chair ein Garant f\u00fcr neugierige Blicke &#8211; und ein fast schwereloses Gef\u00fchl beim Relaxen. Die nostalgischen Charakterz\u00fcge des Stuhls sollten beim Einrichten in weitere Accessoires \u00fcbernommen werden &#8211; wie etwa die Leuchten.<\/p>\n<p><a href=\"https:\/\/www.raum-blick.de\/fatboy-edison-the-petit\"><img loading=\"lazy\" decoding=\"async\" class=\"aligncenter wp-image-16764 size-full\" title=\"Fatboy \u2013 Edison The Petit | kleine Akku-Leuchte f\u00fcr \u00fcberall | Design: Fatboy\" src=\"https:\/\/www.raum-blick.de\/magazin\/wp-content\/uploads\/2022\/07\/fatboy-edison-the-petit.jpg\" alt=\"fatboy-edison-the-petit designklassiker-mit-charakter\" width=\"800\" height=\"800\" srcset=\"https:\/\/raum-blick.de\/magazin\/wp-content\/uploads\/2022\/07\/fatboy-edison-the-petit.jpg 800w, https:\/\/raum-blick.de\/magazin\/wp-content\/uploads\/2022\/07\/fatboy-edison-the-petit-300x300.jpg 300w, https:\/\/raum-blick.de\/magazin\/wp-content\/uploads\/2022\/07\/fatboy-edison-the-petit-150x150.jpg 150w, https:\/\/raum-blick.de\/magazin\/wp-content\/uploads\/2022\/07\/fatboy-edison-the-petit-768x768.jpg 768w\" sizes=\"(max-width: 800px) 100vw, 800px\" \/><\/a><\/p>\n<p style=\"text-align: justify;\">Ein echter Designklassiker ist die <a href=\"https:\/\/www.raum-blick.de\/fatboy-edison-the-petit\">Fatboy Edison The Petit<\/a>, die moderne LED-Technik und bis zu 24 Stunden kabelloses Licht mit der Form von Omas alter Tischlampe vereint. Wer es gr\u00f6\u00dfer mag, erh\u00e4lt die fr\u00f6hlichen Design-Leuchten alternativ in einer Giant Variante. Ebenso breitgef\u00e4chert wie die Welt der Beleuchtung ist das Universum der Sitzm\u00f6bel selbst.<\/p>\n<p><img loading=\"lazy\" decoding=\"async\" class=\"aligncenter wp-image-16762 size-full\" title=\"By Lassen The Tired Man Sessel + Hocker | Set aus zwei Design-Klassiker | Design: Flemming Lassen\/ S\u00f8ren Lassen\" src=\"https:\/\/www.raum-blick.de\/magazin\/wp-content\/uploads\/2022\/07\/by-lassen-tired-man-sessel-hocker.jpg\" alt=\"by-lassen-tired-man-sessel-hocker\" width=\"800\" height=\"800\" srcset=\"https:\/\/raum-blick.de\/magazin\/wp-content\/uploads\/2022\/07\/by-lassen-tired-man-sessel-hocker.jpg 800w, https:\/\/raum-blick.de\/magazin\/wp-content\/uploads\/2022\/07\/by-lassen-tired-man-sessel-hocker-300x300.jpg 300w, https:\/\/raum-blick.de\/magazin\/wp-content\/uploads\/2022\/07\/by-lassen-tired-man-sessel-hocker-150x150.jpg 150w, https:\/\/raum-blick.de\/magazin\/wp-content\/uploads\/2022\/07\/by-lassen-tired-man-sessel-hocker-768x768.jpg 768w\" sizes=\"(max-width: 800px) 100vw, 800px\" \/><\/p>\n<p style=\"text-align: justify;\">Wer es weicher und kuscheliger mag als im ledernen Butterfly Chair, ist mit der Schafwolle des ikonischen Sessels The Tired Man by Lassen bestens beraten. 1935 entworfen, wurde das Kultobjekt erst 2020 mit dem German Design Award ausgezeichnet und hat vom skandinavischen Designer S\u00f8ren Lassen den passenden Hocker spendiert bekommen.<\/p>\n<p><a href=\"https:\/\/www.raum-blick.de\/aeris-swopper-weiss\"><img loading=\"lazy\" decoding=\"async\" class=\"aligncenter wp-image-16772 size-full\" title=\"Aeris \u2013 Swopper | Gestellfarbe: wei\u00df | Design: Henner Jahns\" src=\"https:\/\/www.raum-blick.de\/magazin\/wp-content\/uploads\/2022\/07\/aeris-swopper-weiss.jpg\" alt=\"aeris-swopper-weiss\" width=\"800\" height=\"800\" srcset=\"https:\/\/raum-blick.de\/magazin\/wp-content\/uploads\/2022\/07\/aeris-swopper-weiss.jpg 800w, https:\/\/raum-blick.de\/magazin\/wp-content\/uploads\/2022\/07\/aeris-swopper-weiss-300x300.jpg 300w, https:\/\/raum-blick.de\/magazin\/wp-content\/uploads\/2022\/07\/aeris-swopper-weiss-150x150.jpg 150w, https:\/\/raum-blick.de\/magazin\/wp-content\/uploads\/2022\/07\/aeris-swopper-weiss-768x768.jpg 768w\" sizes=\"(max-width: 800px) 100vw, 800px\" \/><\/a><\/p>\n<p style=\"text-align: justify;\">Mehr Komfort geht nicht. Steht hingegen gesundes Sitzen w\u00e4hrend der Arbeit im Vordergrund, empfehlen wir den cleveren <a href=\"https:\/\/www.raum-blick.de\/aeris-swopper-weiss\">Designklassiker Aeris Swopper<\/a>: Stufenlos h\u00f6henverstellbar und in allen drei Dimensionen beweglich, f\u00f6rdert das M\u00f6bel gesunde Bewegungen ebenso wie eine aufrechte Sitzhaltung, weil die Sitzfl\u00e4che konvex ausgeformt ist.<\/p>\n<h2><span class=\"ez-toc-section\" id=\"Schraeg_lustig_oder_modern_Accessoires_runden_das_Ambiente_ab\"><\/span>Schr\u00e4g, lustig oder modern? Accessoires runden das Ambiente ab<span class=\"ez-toc-section-end\"><\/span><\/h2>\n<p style=\"text-align: justify;\">Egal, ob die Einrichtung von runden oder eckigen Linien dominiert wird: Eine Prise Humor beim Einrichten sorgt f\u00fcr gute Laune bei G\u00e4sten und Familie. Das f\u00e4ngt schon beim Betreten der Wohnung an, wo die 1953 von Charles und Ray Eames entworfene <a href=\"https:\/\/www.raum-blick.de\/vitra-hang-it-all-garderobe\">Vitra Hang it all Garderobe<\/a> f\u00fcr neugierige Blicke sorgt.<\/p>\n<p><a href=\"https:\/\/www.raum-blick.de\/vitra-hang-it-all-garderobe\"><img loading=\"lazy\" decoding=\"async\" class=\"aligncenter wp-image-16780 size-full\" title=\"Vitra Hang it all | Garderobe | Design: Charles &amp; Ray Eames\" src=\"https:\/\/www.raum-blick.de\/magazin\/wp-content\/uploads\/2022\/07\/vitra-hang-it-all-garderobe.jpg\" alt=\"vitra-hang-it-all-garderobe\" width=\"800\" height=\"800\" srcset=\"https:\/\/raum-blick.de\/magazin\/wp-content\/uploads\/2022\/07\/vitra-hang-it-all-garderobe.jpg 800w, https:\/\/raum-blick.de\/magazin\/wp-content\/uploads\/2022\/07\/vitra-hang-it-all-garderobe-300x300.jpg 300w, https:\/\/raum-blick.de\/magazin\/wp-content\/uploads\/2022\/07\/vitra-hang-it-all-garderobe-150x150.jpg 150w, https:\/\/raum-blick.de\/magazin\/wp-content\/uploads\/2022\/07\/vitra-hang-it-all-garderobe-768x768.jpg 768w\" sizes=\"(max-width: 800px) 100vw, 800px\" \/><\/a><\/p>\n<p style=\"text-align: justify;\">Dieselben Sch\u00f6pfer kreierten auch den Eames House Bird, eine in den USA schon fast kultige Vogelfigur aus dunklem Holz. Ebenfalls Deko-Designklassiker sind die Kay Bojesen Singv\u00f6gel, die ebenso wie der niedliche <a href=\"https:\/\/www.raum-blick.de\/kay-bojesen-affe\">Kay Bojesen Affe<\/a> f\u00fcr verspielte Akzente im Alltag sorgen.<\/p>\n<p><a href=\"https:\/\/www.raum-blick.de\/kay-bojesen-affe\"><img loading=\"lazy\" decoding=\"async\" class=\"aligncenter wp-image-16784 size-full\" title=\"Kay Bojesen Affe | Holz-Figur: gro\u00df \/ klein | Design: Kay Bojesen, 1951\" src=\"https:\/\/www.raum-blick.de\/magazin\/wp-content\/uploads\/2022\/07\/kay-bojesen-affe.jpg\" alt=\"kay-bojesen-affe designklassiker-mit-charakter\" width=\"800\" height=\"800\" srcset=\"https:\/\/raum-blick.de\/magazin\/wp-content\/uploads\/2022\/07\/kay-bojesen-affe.jpg 800w, https:\/\/raum-blick.de\/magazin\/wp-content\/uploads\/2022\/07\/kay-bojesen-affe-300x300.jpg 300w, https:\/\/raum-blick.de\/magazin\/wp-content\/uploads\/2022\/07\/kay-bojesen-affe-150x150.jpg 150w, https:\/\/raum-blick.de\/magazin\/wp-content\/uploads\/2022\/07\/kay-bojesen-affe-768x768.jpg 768w\" sizes=\"(max-width: 800px) 100vw, 800px\" \/><\/a><\/p>\n<p style=\"text-align: justify;\">Gleiches sollte \u00fcbrigens auch f\u00fcr die kuscheligen Elemente des Wohn- oder Schlafzimmers gelten: Mit dem Vitra Kissen Love zum Beispiel bringen man die Liebe zum Partner, den Kindern oder der eigenen Lebensfreude ausdrucksstark zur Geltung.<\/p>\n<p><img loading=\"lazy\" decoding=\"async\" class=\"aligncenter wp-image-16778 size-full\" title=\"Normann Copenhagen \u2013 Heima Kerzenst\u00e4nder | Design: Francis Cayouette\" src=\"https:\/\/www.raum-blick.de\/magazin\/wp-content\/uploads\/2022\/07\/normann-copenhagen-heima-kerzenstaender.jpg\" alt=\"normann-copenhagen-heima-kerzenstaender\" width=\"800\" height=\"800\" srcset=\"https:\/\/raum-blick.de\/magazin\/wp-content\/uploads\/2022\/07\/normann-copenhagen-heima-kerzenstaender.jpg 800w, https:\/\/raum-blick.de\/magazin\/wp-content\/uploads\/2022\/07\/normann-copenhagen-heima-kerzenstaender-300x300.jpg 300w, https:\/\/raum-blick.de\/magazin\/wp-content\/uploads\/2022\/07\/normann-copenhagen-heima-kerzenstaender-150x150.jpg 150w, https:\/\/raum-blick.de\/magazin\/wp-content\/uploads\/2022\/07\/normann-copenhagen-heima-kerzenstaender-768x768.jpg 768w\" sizes=\"(max-width: 800px) 100vw, 800px\" \/><\/p>\n<p style=\"text-align: justify;\">Wichtig ist, die Anzahl der knalligen, auff\u00e4lligen Accessoires im Rahmen zu halten \u2013 schlie\u00dflich soll die Wohnung nicht zu einer Ausstellungshalle f\u00fcr moderne Kunst mutieren. Der Einsatz zeitloser Deko-Accessoires wie dem Normann Copenhagen Heima Kerzenst\u00e4nder, der eleganten Lyngby Vase oder der K\u00e4hler Hammershoi Vase sorgt f\u00fcr schicke Balance in der heimischen Wohnwelt.<\/p>\n<p><img loading=\"lazy\" decoding=\"async\" class=\"aligncenter wp-image-16782 size-full\" title=\"K\u00e4hler Hammershoi Bodenvase | Design: Hans-Christian Bauer\" src=\"https:\/\/www.raum-blick.de\/magazin\/wp-content\/uploads\/2022\/07\/kaehler-hammershoi-bodenvase-h500.jpg\" alt=\"kaehler-hammershoi-bodenvase-h500 designklassiker-mit-charakter\" width=\"800\" height=\"800\" srcset=\"https:\/\/raum-blick.de\/magazin\/wp-content\/uploads\/2022\/07\/kaehler-hammershoi-bodenvase-h500.jpg 800w, https:\/\/raum-blick.de\/magazin\/wp-content\/uploads\/2022\/07\/kaehler-hammershoi-bodenvase-h500-300x300.jpg 300w, https:\/\/raum-blick.de\/magazin\/wp-content\/uploads\/2022\/07\/kaehler-hammershoi-bodenvase-h500-150x150.jpg 150w, https:\/\/raum-blick.de\/magazin\/wp-content\/uploads\/2022\/07\/kaehler-hammershoi-bodenvase-h500-768x768.jpg 768w\" sizes=\"(max-width: 800px) 100vw, 800px\" \/><\/p>\n<p style=\"text-align: justify;\">Selbst die Gew\u00fcrzm\u00fchlen k\u00f6nnen in das Konzept der Designklassiker integriert werden, wie der moderne Bottle Grinder von menu unter Beweis stellt.<\/p>\n","protected":false},"excerpt":{"rendered":"<p>\u00ab Neue Looks f\u00fcr die Einrichtung \u00bb Der Markt f\u00fcr M\u00f6bel ist \u00fcberschwemmt mit einer unglaublichen Produktvielfalt in allen Kategorien. St\u00fchle, Lampen, Deko \u2013 oft wissen wir nicht, wo wir zuerst suchen sollen. Doch nur ein Bruchteil aller Einrichtungsgegenst\u00e4nde hat das Zeug zum Klassiker, zur Design-Ikone, die Generationen begeistert und sich mit besonderen Details von [&hellip;]<\/p>\n","protected":false},"author":4,"featured_media":16786,"comment_status":"closed","ping_status":"open","sticky":false,"template":"","format":"standard","meta":{"_et_pb_use_builder":"","_et_pb_old_content":"","_et_gb_content_width":"","inline_featured_image":false,"footnotes":""},"categories":[1],"tags":[517,1427,615,1804,1803,287,1617,334,1799,66,1352,953,40,45,331,81,667,158,323,357,322,122,1800,43,1801,21,1236,327,628,1185,520,27,1802],"class_list":["post-16725","post","type-post","status-publish","format-standard","has-post-thumbnail","hentry","category-drinnen","tag-accessoires","tag-aeris","tag-beistelltisch","tag-bodenvase","tag-bogenleuchte","tag-by-lassen","tag-cuero","tag-design","tag-designklassiker","tag-designmoebel","tag-einrichten","tag-einrichtung","tag-fatboy","tag-flos","tag-garderobe","tag-gubi","tag-hammershi","tag-hocker","tag-holzfiguren","tag-kaehler","tag-kay-bojesen","tag-kerzenstaender","tag-klassisch","tag-leuchten","tag-looks","tag-normann-copenhagen","tag-pendelleuchte","tag-sessel","tag-spielzeug","tag-stehleuchte","tag-vitra","tag-wohnaccessoires","tag-zeitlos"],"_links":{"self":[{"href":"https:\/\/raum-blick.de\/magazin\/wp-json\/wp\/v2\/posts\/16725","targetHints":{"allow":["GET"]}}],"collection":[{"href":"https:\/\/raum-blick.de\/magazin\/wp-json\/wp\/v2\/posts"}],"about":[{"href":"https:\/\/raum-blick.de\/magazin\/wp-json\/wp\/v2\/types\/post"}],"author":[{"embeddable":true,"href":"https:\/\/raum-blick.de\/magazin\/wp-json\/wp\/v2\/users\/4"}],"replies":[{"embeddable":true,"href":"https:\/\/raum-blick.de\/magazin\/wp-json\/wp\/v2\/comments?post=16725"}],"version-history":[{"count":56,"href":"https:\/\/raum-blick.de\/magazin\/wp-json\/wp\/v2\/posts\/16725\/revisions"}],"predecessor-version":[{"id":20759,"href":"https:\/\/raum-blick.de\/magazin\/wp-json\/wp\/v2\/posts\/16725\/revisions\/20759"}],"wp:featuredmedia":[{"embeddable":true,"href":"https:\/\/raum-blick.de\/magazin\/wp-json\/wp\/v2\/media\/16786"}],"wp:attachment":[{"href":"https:\/\/raum-blick.de\/magazin\/wp-json\/wp\/v2\/media?parent=16725"}],"wp:term":[{"taxonomy":"category","embeddable":true,"href":"https:\/\/raum-blick.de\/magazin\/wp-json\/wp\/v2\/categories?post=16725"},{"taxonomy":"post_tag","embeddable":true,"href":"https:\/\/raum-blick.de\/magazin\/wp-json\/wp\/v2\/tags?post=16725"}],"curies":[{"name":"wp","href":"https:\/\/api.w.org\/{rel}","templated":true}]}}