{"id":16600,"date":"2022-06-24T11:00:26","date_gmt":"2022-06-24T09:00:26","guid":{"rendered":"https:\/\/www.raum-blick.de\/magazin\/?p=16600"},"modified":"2024-08-29T15:36:32","modified_gmt":"2024-08-29T13:36:32","slug":"dachgarten-gestalten","status":"publish","type":"post","link":"https:\/\/raum-blick.de\/magazin\/dachgarten-gestalten\/","title":{"rendered":"N\u00fctzlichen Dachgarten gestalten"},"content":{"rendered":"<h2><span class=\"ez-toc-section\" id=\"%C2%AB_Urban_Farming_ueber_den_Daechern_der_Stadt_%C2%BB\"><\/span>\u00ab Urban Farming \u00fcber den D\u00e4chern der Stadt \u00bb<span class=\"ez-toc-section-end\"><\/span><\/h2>\n<p style=\"text-align: justify;\"><strong>Jede Begr\u00fcnung bereitet etwas M\u00fche und ben\u00f6tigt Ressourcen wie Wasser. Urban Farming verbindet deshalb galant das Dekorative mit dem N\u00fctzlichen. Hier gibt es Ideen, wie Sie einen schicken und k\u00f6stlichen Dachgarten gestalten k\u00f6nnen.<\/strong><\/p>\n<h2><span class=\"ez-toc-section\" id=\"Pflanzen_als_Raumteiler_im_Freien\"><\/span>Pflanzen als Raumteiler im Freien<span class=\"ez-toc-section-end\"><\/span><\/h2>\n<p style=\"text-align: justify;\">In idyllischen Regionen widmet man sich der Mission, die Bev\u00f6lkerung zu ern\u00e4hren. St\u00e4dtische Gefilde sind der ideale Ort f\u00fcr Unternehmen, die Dienstleistungen erbringen. Vertikale Landwirtschaft durchbricht diese gewohnte Aufteilung. Sie macht es m\u00f6glich, in Ballungszentren professionell Nutzpflanzen anzubauen. Den Gedanken greifen Ideen f\u00fcr die Dachterrassengestaltung auf.<\/p><div id=\"ez-toc-container\" class=\"ez-toc-v2_0_82_2 counter-hierarchy ez-toc-counter ez-toc-grey ez-toc-container-direction\">\n<div class=\"ez-toc-title-container\">\n<p class=\"ez-toc-title\" style=\"cursor:inherit\">Was hier auf Sie wartet<\/p>\n<span class=\"ez-toc-title-toggle\"><a href=\"#\" class=\"ez-toc-pull-right ez-toc-btn ez-toc-btn-xs ez-toc-btn-default ez-toc-toggle\" aria-label=\"Toggle Table of Content\"><span class=\"ez-toc-js-icon-con\"><span class=\"\"><span class=\"eztoc-hide\" style=\"display:none;\">Toggle<\/span><span class=\"ez-toc-icon-toggle-span\"><svg style=\"fill: #999;color:#999\" xmlns=\"http:\/\/www.w3.org\/2000\/svg\" class=\"list-377408\" width=\"20px\" height=\"20px\" viewBox=\"0 0 24 24\" fill=\"none\"><path d=\"M6 6H4v2h2V6zm14 0H8v2h12V6zM4 11h2v2H4v-2zm16 0H8v2h12v-2zM4 16h2v2H4v-2zm16 0H8v2h12v-2z\" fill=\"currentColor\"><\/path><\/svg><svg style=\"fill: #999;color:#999\" class=\"arrow-unsorted-368013\" xmlns=\"http:\/\/www.w3.org\/2000\/svg\" width=\"10px\" height=\"10px\" viewBox=\"0 0 24 24\" version=\"1.2\" baseProfile=\"tiny\"><path d=\"M18.2 9.3l-6.2-6.3-6.2 6.3c-.2.2-.3.4-.3.7s.1.5.3.7c.2.2.4.3.7.3h11c.3 0 .5-.1.7-.3.2-.2.3-.5.3-.7s-.1-.5-.3-.7zM5.8 14.7l6.2 6.3 6.2-6.3c.2-.2.3-.5.3-.7s-.1-.5-.3-.7c-.2-.2-.4-.3-.7-.3h-11c-.3 0-.5.1-.7.3-.2.2-.3.5-.3.7s.1.5.3.7z\"\/><\/svg><\/span><\/span><\/span><\/a><\/span><\/div>\n<nav><ul class='ez-toc-list ez-toc-list-level-1 ' ><li class='ez-toc-page-1 ez-toc-heading-level-2'><a class=\"ez-toc-link ez-toc-heading-1\" href=\"https:\/\/raum-blick.de\/magazin\/dachgarten-gestalten\/#%C2%AB_Urban_Farming_ueber_den_Daechern_der_Stadt_%C2%BB\" >\u00ab Urban Farming \u00fcber den D\u00e4chern der Stadt \u00bb<\/a><\/li><li class='ez-toc-page-1 ez-toc-heading-level-2'><a class=\"ez-toc-link ez-toc-heading-2\" href=\"https:\/\/raum-blick.de\/magazin\/dachgarten-gestalten\/#Pflanzen_als_Raumteiler_im_Freien\" >Pflanzen als Raumteiler im Freien<\/a><\/li><li class='ez-toc-page-1 ez-toc-heading-level-2'><a class=\"ez-toc-link ez-toc-heading-3\" href=\"https:\/\/raum-blick.de\/magazin\/dachgarten-gestalten\/#Urbane_Gemuesebeete_%E2%80%93_Plant_Boxes_von_ferm_LIVING\" >Urbane Gem\u00fcsebeete \u2013 Plant Boxes von ferm LIVING<\/a><\/li><li class='ez-toc-page-1 ez-toc-heading-level-2'><a class=\"ez-toc-link ez-toc-heading-4\" href=\"https:\/\/raum-blick.de\/magazin\/dachgarten-gestalten\/#Workspace_fuer_den_urbanen_Gemuesegarten\" >Workspace f\u00fcr den urbanen Gem\u00fcsegarten<\/a><\/li><li class='ez-toc-page-1 ez-toc-heading-level-2'><a class=\"ez-toc-link ez-toc-heading-5\" href=\"https:\/\/raum-blick.de\/magazin\/dachgarten-gestalten\/#Lebendige_und_idyllische_Pflanzideen_fuer_den_Dachgarten\" >Lebendige und idyllische Pflanzideen f\u00fcr den Dachgarten<\/a><\/li><li class='ez-toc-page-1 ez-toc-heading-level-2'><a class=\"ez-toc-link ez-toc-heading-6\" href=\"https:\/\/raum-blick.de\/magazin\/dachgarten-gestalten\/#Genuesslich_entspannen_aber_bitte_im_Schatten\" >Gen\u00fcsslich entspannen, aber bitte im Schatten!<\/a><\/li><li class='ez-toc-page-1 ez-toc-heading-level-2'><a class=\"ez-toc-link ez-toc-heading-7\" href=\"https:\/\/raum-blick.de\/magazin\/dachgarten-gestalten\/#Urbaner_Bauerngarten_im_Vintage-Style\" >Urbaner Bauerngarten im Vintage-Style<\/a><\/li><\/ul><\/nav><\/div>\n\n<div class='et-box et-note'>\n\t\t\t\t\t<div class='et-box-content'>Beim Urban Farming geht es jedoch weniger darum, im gro\u00dfen Stil zur Ern\u00e4hrung beizutragen. Vielmehr erfreut man sich an einer Dachbegr\u00fcnung, die den Gaumen genauso verw\u00f6hnt wie die Augen.<\/div><\/div>\n<h2><span class=\"ez-toc-section\" id=\"Urbane_Gemuesebeete_%E2%80%93_Plant_Boxes_von_ferm_LIVING\"><\/span>Urbane Gem\u00fcsebeete \u2013 Plant Boxes von ferm LIVING<span class=\"ez-toc-section-end\"><\/span><\/h2>\n<p style=\"text-align: justify;\">Der Vorgarten empf\u00e4ngt die G\u00e4ste herzlich. Auf der Au\u00dfenterrasse entspannen Erwachsene. Kids spielen auf der gr\u00fcnen Wiese. Von den Gem\u00fcsebeeten profitiert die ganze Familie. Auf dem Land ergibt sich der stimmige Gesamteindruck fast von selbst. Pfiffige Ideen sind hingegen gefragt, wenn man einen Dachgarten gestalten m\u00f6chte. Imposant ist der Weitblick, der bis zu den Stadtgrenzen reicht.<\/p>\n<p><a href=\"https:\/\/www.raum-blick.de\/ferm-living-plant-box\"><img loading=\"lazy\" decoding=\"async\" class=\"aligncenter wp-image-16647 size-full\" title=\"ferm LIVING - Plant Box | Pflanzenbeh\u00e4lter \/ Raumtrenner | Design: ferm LIVING\" src=\"https:\/\/www.raum-blick.de\/magazin\/wp-content\/uploads\/2022\/09\/ferm-living-plant-box.jpg\" alt=\"ferm-living-plant-box\" width=\"800\" height=\"780\" srcset=\"https:\/\/raum-blick.de\/magazin\/wp-content\/uploads\/2022\/09\/ferm-living-plant-box.jpg 800w, https:\/\/raum-blick.de\/magazin\/wp-content\/uploads\/2022\/09\/ferm-living-plant-box-300x293.jpg 300w, https:\/\/raum-blick.de\/magazin\/wp-content\/uploads\/2022\/09\/ferm-living-plant-box-768x749.jpg 768w\" sizes=\"(max-width: 800px) 100vw, 800px\" \/><\/a><\/p>\n<p style=\"text-align: justify;\">Bel\u00e4sst man es bei der Nahaufnahme, pr\u00e4gt eine schmucklose versiegelte Fl\u00e4che das Flair. Sonnendeck, Outdoorlounge, Gem\u00fcsebeet und Schaffensbereich f\u00fcr den Hobbyg\u00e4rtner: Die Plant Boxes von <a href=\"https:\/\/www.raum-blick.de\/ferm-living\/\">ferm LIVING<\/a> sind optimal, um einen ansprechend strukturierten Dachgarten zu gestalten. Bei der Konzeption der hoch und lang ausgef\u00fchrten Pflanzenbeh\u00e4lter dachte die skandinavische Marke an den Einsatz als Raumtrenner. Sitzt man in der Lounge oder sonnt sich auf der Liege, geraten die K\u00e4sten ins Visier. Das spricht daf\u00fcr, die <a href=\"https:\/\/www.raum-blick.de\/ferm-living-plant-box\">ferm LIVING Plant Boxes<\/a> mit gemischten Ensembles zu beleben. Dabei gesellt sich beispielsweise die H\u00e4ngegeranie zum aromatischen Basilikum und der leckeren Zwergtomate.<\/p>\n<p><a href=\"https:\/\/www.raum-blick.de\/ferm-living-plant-box-two-tier\"><img loading=\"lazy\" decoding=\"async\" class=\"aligncenter wp-image-16645 size-full\" title=\"ferm LIVING \u2013 Plant Box Two-Tier | Konsoltentisch | Design: ferm LIVING\" src=\"https:\/\/www.raum-blick.de\/magazin\/wp-content\/uploads\/2022\/09\/ferm-living-plant-box-two-tier.jpg\" alt=\"ferm-living-plant-box-two-tier nuetzlichen-dachgarten-gestalten\" width=\"800\" height=\"800\" srcset=\"https:\/\/raum-blick.de\/magazin\/wp-content\/uploads\/2022\/09\/ferm-living-plant-box-two-tier.jpg 800w, https:\/\/raum-blick.de\/magazin\/wp-content\/uploads\/2022\/09\/ferm-living-plant-box-two-tier-300x300.jpg 300w, https:\/\/raum-blick.de\/magazin\/wp-content\/uploads\/2022\/09\/ferm-living-plant-box-two-tier-150x150.jpg 150w, https:\/\/raum-blick.de\/magazin\/wp-content\/uploads\/2022\/09\/ferm-living-plant-box-two-tier-768x768.jpg 768w\" sizes=\"(max-width: 800px) 100vw, 800px\" \/><\/a><\/p>\n<p style=\"text-align: justify;\">So wird man dem Urban Farming genauso gerecht wie der Sehnsucht nach bunten Blumen. Je nach Anforderung ist die <a href=\"https:\/\/www.raum-blick.de\/ferm-living-plant-box-small\">Plant Box small<\/a> oder rund oder large erh\u00e4ltlich, sowie als <a href=\"https:\/\/www.raum-blick.de\/ferm-living-plant-box-two-tier\">Plant Box Two-Tier<\/a> verf\u00fcgbar.<\/p>\n<h2><span class=\"ez-toc-section\" id=\"Workspace_fuer_den_urbanen_Gemuesegarten\"><\/span>Workspace f\u00fcr den urbanen Gem\u00fcsegarten<span class=\"ez-toc-section-end\"><\/span><\/h2>\n<p style=\"text-align: justify;\">Die n\u00fctzliche Dachgartengestaltung erwartet etwas Engagement, das sich aber auszahlt. Naht der Fr\u00fchling, werden die ersten Samen in Setzlinge verwandelt. Das gelingt Laien am besten in der Wohnung.<\/p>\n<p><img loading=\"lazy\" decoding=\"async\" class=\"aligncenter wp-image-16637 size-full\" title=\"Design House Stockholm \u2013 Grow Clear Gew\u00e4chshaus | in 3 verschiedenen Gr\u00f6\u00dfen | Design: Caroline Wetterling\" src=\"https:\/\/www.raum-blick.de\/magazin\/wp-content\/uploads\/2022\/09\/design-house-stockholm-grow-clear-gewaechshaus.jpg\" alt=\"design-house-stockholm-grow-clear-gewaechshaus\" width=\"800\" height=\"800\" srcset=\"https:\/\/raum-blick.de\/magazin\/wp-content\/uploads\/2022\/09\/design-house-stockholm-grow-clear-gewaechshaus.jpg 800w, https:\/\/raum-blick.de\/magazin\/wp-content\/uploads\/2022\/09\/design-house-stockholm-grow-clear-gewaechshaus-300x300.jpg 300w, https:\/\/raum-blick.de\/magazin\/wp-content\/uploads\/2022\/09\/design-house-stockholm-grow-clear-gewaechshaus-150x150.jpg 150w, https:\/\/raum-blick.de\/magazin\/wp-content\/uploads\/2022\/09\/design-house-stockholm-grow-clear-gewaechshaus-768x768.jpg 768w\" sizes=\"(max-width: 800px) 100vw, 800px\" \/><\/p>\n<p style=\"text-align: justify;\">F\u00fcr die Deb\u00fctphase sind die Grow Clears von Design House Stockholm ein Gl\u00fccksgriff. Caroline Wetterling entwarf die Gew\u00e4chsh\u00e4user f\u00fcr die skandinavische Traditionsmarke. Sie machen auf der Fensterbank nicht nur eine gute Figur, sondern gew\u00e4hren auch tiefere Einblick. Denn das Pflanz-Zubeh\u00f6r bekennt sich komplett zum Klarglas. Dadurch kann man beobachten, wenn das Pfl\u00e4nzchen im Grow Clear Mini Gew\u00e4chshaus erste Wurzeln schl\u00e4gt.<\/p>\n<p><img loading=\"lazy\" decoding=\"async\" class=\"aligncenter wp-image-16639 size-full\" title=\"String \u2013 Outdoor-Regal | Konfiguration O8 | Design: Nisse Strinning\" src=\"https:\/\/www.raum-blick.de\/magazin\/wp-content\/uploads\/2022\/09\/string-regal-konfiguration-o8-outdoor.jpg\" alt=\"string-regal-konfiguration-o8-outdoor\" width=\"800\" height=\"790\" srcset=\"https:\/\/raum-blick.de\/magazin\/wp-content\/uploads\/2022\/09\/string-regal-konfiguration-o8-outdoor.jpg 800w, https:\/\/raum-blick.de\/magazin\/wp-content\/uploads\/2022\/09\/string-regal-konfiguration-o8-outdoor-300x296.jpg 300w, https:\/\/raum-blick.de\/magazin\/wp-content\/uploads\/2022\/09\/string-regal-konfiguration-o8-outdoor-768x758.jpg 768w\" sizes=\"(max-width: 800px) 100vw, 800px\" \/><\/p>\n<p style=\"text-align: justify;\">Nach der Aufzucht w\u00fcnscht sich jeder Setzling einen Pflanztopf. Alternativ gedeiht er im Beet auf der Dachterrasse weiter. W\u00e4chst ein Exemplar z\u00fcgiger als gedacht, wird es f\u00fcr die freie Entfaltung umgetopft. Blumenerde, Sch\u00fcppchen, Bio-D\u00fcnger und Rankhilfen sind nur wenige Beispiele f\u00fcrs ben\u00f6tigte Equipment.<\/p>\n<p><a href=\"https:\/\/www.raum-blick.de\/string-regal-konfiguration-o11-outdoor\"><img loading=\"lazy\" decoding=\"async\" class=\"aligncenter wp-image-16635 size-full\" title=\"String \u2013 Outdoor-Regal | Konfiguration O11 | Design: Nisse Strinning\" src=\"https:\/\/www.raum-blick.de\/magazin\/wp-content\/uploads\/2022\/09\/string-regal-konfiguration-o11-outdoor.jpg\" alt=\"string-regal-konfiguration-o11-outdoor nuetzlichen-dachgarten-gestalten\" width=\"800\" height=\"800\" srcset=\"https:\/\/raum-blick.de\/magazin\/wp-content\/uploads\/2022\/09\/string-regal-konfiguration-o11-outdoor.jpg 800w, https:\/\/raum-blick.de\/magazin\/wp-content\/uploads\/2022\/09\/string-regal-konfiguration-o11-outdoor-300x300.jpg 300w, https:\/\/raum-blick.de\/magazin\/wp-content\/uploads\/2022\/09\/string-regal-konfiguration-o11-outdoor-150x150.jpg 150w, https:\/\/raum-blick.de\/magazin\/wp-content\/uploads\/2022\/09\/string-regal-konfiguration-o11-outdoor-768x768.jpg 768w\" sizes=\"(max-width: 800px) 100vw, 800px\" \/><\/a><\/p>\n<p style=\"text-align: justify;\">Auf diese praktischen Bed\u00fcrfnisse geht <a href=\"https:\/\/www.raum-blick.de\/string\/\">String<\/a> mit Outdoor-Regalen ein. Sie \u00fcberzeugen mit ihrem robusten Material und einer durchdachten Unterteilung.<\/p>\n<div class='et-box et-success'>\n\t\t\t\t\t<div class='et-box-content'>Im Handumdrehen integriert man mit dem System von String eine Arbeitsecke in die Dachgartengestaltung. Dank der Umsetzung als Regal beansprucht der funktionale Bereich wenig Platz. So bleibt mehr Raum f\u00fcr die n\u00fctzliche Bepflanzung und Relaxzonen.<\/div><\/div>\n<h2><span class=\"ez-toc-section\" id=\"Lebendige_und_idyllische_Pflanzideen_fuer_den_Dachgarten\"><\/span>Lebendige und idyllische Pflanzideen f\u00fcr den Dachgarten<span class=\"ez-toc-section-end\"><\/span><\/h2>\n<p style=\"text-align: justify;\">Zwergobstb\u00e4ume und Beerenstr\u00e4ucher laden neben der Sitzgruppe dazu ein, frische Fr\u00fcchte zu naschen. Wer den Spaziergang auf der Dachterrasse fortsetzt, gelangt vom Kr\u00e4utergarten \u00fcber die Gem\u00fcsezucht zu den Blumenbeeten. Sie umrahmen das Holzdeck, auf dem sich <a href=\"https:\/\/www.raum-blick.de\/liegen-liegestuehle\/\">Design-Liegest\u00fchle f\u00fcrs Sonnenbad<\/a> anbieten.<\/p>\n<p><a href=\"https:\/\/www.raum-blick.de\/jan-kurtz-maxx-liegestuhl-klappbar\"><img loading=\"lazy\" decoding=\"async\" class=\"aligncenter wp-image-16653 size-full\" title=\"Jan Kurtz Maxx Liegestuhl | FSC zertifiziertes Teak | Design: Jan Kurtz\" src=\"https:\/\/www.raum-blick.de\/magazin\/wp-content\/uploads\/2022\/09\/jan-kurtz-maxx-liegestuhl-klappbar.jpg\" alt=\"jan-kurtz-maxx-liegestuhl-klappbar\" width=\"800\" height=\"800\" srcset=\"https:\/\/raum-blick.de\/magazin\/wp-content\/uploads\/2022\/09\/jan-kurtz-maxx-liegestuhl-klappbar.jpg 800w, https:\/\/raum-blick.de\/magazin\/wp-content\/uploads\/2022\/09\/jan-kurtz-maxx-liegestuhl-klappbar-300x300.jpg 300w, https:\/\/raum-blick.de\/magazin\/wp-content\/uploads\/2022\/09\/jan-kurtz-maxx-liegestuhl-klappbar-150x150.jpg 150w, https:\/\/raum-blick.de\/magazin\/wp-content\/uploads\/2022\/09\/jan-kurtz-maxx-liegestuhl-klappbar-768x768.jpg 768w\" sizes=\"(max-width: 800px) 100vw, 800px\" \/><\/a><\/p>\n<p style=\"text-align: justify;\">Dachgartenpflanzen kann man passend zur Skizze thematisch strukturieren. Im Trend liegt eher eine Dachterrassengestaltung, bei der Nutzpflanzen und Blumen durchmischt werden. Welches Konzept f\u00fcrs Urban Farming \u00fcberzeugt, ist Geschmackssache. F\u00fcr beide Ans\u00e4tze ben\u00f6tigt man Pflanzgef\u00e4\u00dfe.<\/p>\n<p><a href=\"https:\/\/www.raum-blick.de\/bacsac-baclong-pflanztasche\"><img loading=\"lazy\" decoding=\"async\" class=\"aligncenter wp-image-16625 size-full\" title=\"Baclong Bacsac | Blumenkasten \/ Pflanztasche | Design: Bacsac\" src=\"https:\/\/www.raum-blick.de\/magazin\/wp-content\/uploads\/2022\/09\/bacsac-baclong-pflanztasche.jpg\" alt=\"bacsac-baclong-pflanztasche\" width=\"800\" height=\"400\" srcset=\"https:\/\/raum-blick.de\/magazin\/wp-content\/uploads\/2022\/09\/bacsac-baclong-pflanztasche.jpg 800w, https:\/\/raum-blick.de\/magazin\/wp-content\/uploads\/2022\/09\/bacsac-baclong-pflanztasche-300x150.jpg 300w, https:\/\/raum-blick.de\/magazin\/wp-content\/uploads\/2022\/09\/bacsac-baclong-pflanztasche-768x384.jpg 768w, https:\/\/raum-blick.de\/magazin\/wp-content\/uploads\/2022\/09\/bacsac-baclong-pflanztasche-660x330.jpg 660w\" sizes=\"(max-width: 800px) 100vw, 800px\" \/><\/a><\/p>\n<p style=\"text-align: justify;\">Im <a href=\"https:\/\/www.raum-blick.de\/bacsac\/\">Sortiment von Bacsac<\/a> entdeckt man die strukturierten Varianten Baclong. Sie ber\u00fccksichtigen, dass einige Gattungen sich nicht gerne das Erdreich mit anderen Gew\u00e4chsen teilen. Klassischen Blument\u00f6pfen gleichen die Pot-Kollektionen des franz\u00f6sischen Herstellers. Das Pflanz-Zubeh\u00f6r begeistert mit zwei Pluspunkten: Es l\u00e4sst sich platzsparend verstauen, wenn man zum Beispiel den Dachgarten f\u00fcr die Wintersaison vorbereitet. Bacsac bietet alle Produkte au\u00dferdem in zahlreichen Farben an. So kann man sich auf meist gr\u00fcne Gem\u00fcsepflanzen fokussieren und den Au\u00dfenbereich trotzdem lebhaft gestalten.<\/p>\n<p><a href=\"https:\/\/www.raum-blick.de\/jan-kurtz-palau-pflanzkorb\"><img loading=\"lazy\" decoding=\"async\" class=\"aligncenter wp-image-16621 size-full\" title=\"Jan Kurtz \u2013 Palau Pflanzkorb | Pflanzk\u00fcbel aus Rattan | Design: Jan Kurtz\" src=\"https:\/\/www.raum-blick.de\/magazin\/wp-content\/uploads\/2022\/09\/jan-kurtz-palau-pflanzkorb.jpg\" alt=\"jan-kurtz-palau-pflanzkorb\" width=\"800\" height=\"800\" srcset=\"https:\/\/raum-blick.de\/magazin\/wp-content\/uploads\/2022\/09\/jan-kurtz-palau-pflanzkorb.jpg 800w, https:\/\/raum-blick.de\/magazin\/wp-content\/uploads\/2022\/09\/jan-kurtz-palau-pflanzkorb-300x300.jpg 300w, https:\/\/raum-blick.de\/magazin\/wp-content\/uploads\/2022\/09\/jan-kurtz-palau-pflanzkorb-150x150.jpg 150w, https:\/\/raum-blick.de\/magazin\/wp-content\/uploads\/2022\/09\/jan-kurtz-palau-pflanzkorb-768x768.jpg 768w\" sizes=\"(max-width: 800px) 100vw, 800px\" \/><\/a><\/p>\n<p style=\"text-align: justify;\">Wer sich ein idyllisches Ambiente w\u00fcnscht, wird bei <a href=\"https:\/\/www.raum-blick.de\/jan-kurtz\/\">Jan Kurtz<\/a> f\u00fcndig. Nat\u00fcrlich sch\u00f6n setzen die <a href=\"https:\/\/www.raum-blick.de\/jan-kurtz-palau-pflanzkorb\">Palau Rattank\u00f6rbe die Bepflanzung<\/a> in Szene. Gleiches gilt f\u00fcr die Designlinie Minigarden. Sie bekennt sich zum Teakholz, das charmant gemasert und wetterfest ist.<\/p>\n<p><a href=\"https:\/\/www.raum-blick.de\/jan-kurtz-blumenkuebel-minigarden\"><img loading=\"lazy\" decoding=\"async\" class=\"aligncenter wp-image-16623 size-full\" title=\"Jan Kurtz \u2013 Blumenk\u00fcbel Minigarden | das Hochbeet in handlicher Gr\u00f6\u00dfe | Design: Kai Linke\" src=\"https:\/\/www.raum-blick.de\/magazin\/wp-content\/uploads\/2022\/09\/jan-kurtz-blumenkuebel-minigarden.jpg\" alt=\"jan-kurtz-blumenkuebel-minigarden nuetzlichen-dachgarten-gestalten\" width=\"800\" height=\"800\" srcset=\"https:\/\/raum-blick.de\/magazin\/wp-content\/uploads\/2022\/09\/jan-kurtz-blumenkuebel-minigarden.jpg 800w, https:\/\/raum-blick.de\/magazin\/wp-content\/uploads\/2022\/09\/jan-kurtz-blumenkuebel-minigarden-300x300.jpg 300w, https:\/\/raum-blick.de\/magazin\/wp-content\/uploads\/2022\/09\/jan-kurtz-blumenkuebel-minigarden-150x150.jpg 150w, https:\/\/raum-blick.de\/magazin\/wp-content\/uploads\/2022\/09\/jan-kurtz-blumenkuebel-minigarden-768x768.jpg 768w\" sizes=\"(max-width: 800px) 100vw, 800px\" \/><\/a><\/p>\n<p style=\"text-align: justify;\">Jan Kurtz bietet die Holzk\u00fcbel nicht nur in diversen Gr\u00f6\u00dfen, sondern auch mit Gestell an. Unkompliziert lassen sich damit auf dem Dachgarten Ideen realisieren, die dynamisch wirken.<\/p>\n<h2><span class=\"ez-toc-section\" id=\"Genuesslich_entspannen_aber_bitte_im_Schatten\"><\/span>Gen\u00fcsslich entspannen, aber bitte im Schatten!<span class=\"ez-toc-section-end\"><\/span><\/h2>\n<p style=\"text-align: justify;\">Urban Farming ist eine tolle Idee, um einen Dachgarten ungew\u00f6hnlich zu gestalten. Die Bepflanzung belebt die Au\u00dfenfl\u00e4che und sorgt f\u00fcr frische Genusserlebnisse. Dem G\u00e4rtnern widmet man sich gern, aber nicht die gesamte Freizeit. Manchmal m\u00f6chte man schlichtweg die Seele baumeln lassen. Nat\u00fcrliche Schattenspender bietet der Dachgarten f\u00fcrs Relaxen nicht. Sonnenschirme sind deshalb unverzichtbar.<\/p>\n<p><a href=\"https:\/\/www.raum-blick.de\/skagerak-atlantis-sonnenschirm\"><img loading=\"lazy\" decoding=\"async\" class=\"aligncenter wp-image-16616 size-full\" title=\"Skagerak \u2013 Atlantis Sonnenschirm | mit UV-Schutz 50+ | Design: Skagerak\" src=\"https:\/\/www.raum-blick.de\/magazin\/wp-content\/uploads\/2022\/09\/skagerak-atlantis-sonnenschirm.jpg\" alt=\"skagerak-atlantis-sonnenschirm\" width=\"800\" height=\"800\" srcset=\"https:\/\/raum-blick.de\/magazin\/wp-content\/uploads\/2022\/09\/skagerak-atlantis-sonnenschirm.jpg 800w, https:\/\/raum-blick.de\/magazin\/wp-content\/uploads\/2022\/09\/skagerak-atlantis-sonnenschirm-300x300.jpg 300w, https:\/\/raum-blick.de\/magazin\/wp-content\/uploads\/2022\/09\/skagerak-atlantis-sonnenschirm-150x150.jpg 150w, https:\/\/raum-blick.de\/magazin\/wp-content\/uploads\/2022\/09\/skagerak-atlantis-sonnenschirm-768x768.jpg 768w\" sizes=\"(max-width: 800px) 100vw, 800px\" \/><\/a><\/p>\n<p style=\"text-align: justify;\">Wer dezente Augenschmeichler liebt, ist bei <a href=\"https:\/\/www.raum-blick.de\/skagerak\/\">Skagerak<\/a> an der richtigen Adresse. Ansprechend kombiniert die d\u00e4nische Marke robustes Merantiholz mit naturwei\u00dfem Stoff. Peppiger designt <a href=\"https:\/\/www.raum-blick.de\/fatboy-sonnenschutz\/\">fatboy Sonnenschirme<\/a>. Mit ihrem Retro-Look und kr\u00e4ftigen Farben begeistert die Kollektion Sunshady. Sie kurbelt die gute Laune an, sobald man den Schattenspender aufspannt.<\/p>\n<p><a href=\"https:\/\/www.raum-blick.de\/fatboy-sunshady\"><img loading=\"lazy\" decoding=\"async\" class=\"aligncenter wp-image-16614 size-full\" title=\"Fatboy \u2013 Sunshady | der farbenfrohe Sonnenschirm | Design: Fatboy\" src=\"https:\/\/www.raum-blick.de\/magazin\/wp-content\/uploads\/2022\/09\/fatboy-sunshady.jpg\" alt=\"fatboy-sunshady nuetzlichen-dachgarten-gestalten\" width=\"800\" height=\"800\" srcset=\"https:\/\/raum-blick.de\/magazin\/wp-content\/uploads\/2022\/09\/fatboy-sunshady.jpg 800w, https:\/\/raum-blick.de\/magazin\/wp-content\/uploads\/2022\/09\/fatboy-sunshady-300x300.jpg 300w, https:\/\/raum-blick.de\/magazin\/wp-content\/uploads\/2022\/09\/fatboy-sunshady-150x150.jpg 150w, https:\/\/raum-blick.de\/magazin\/wp-content\/uploads\/2022\/09\/fatboy-sunshady-768x768.jpg 768w\" sizes=\"(max-width: 800px) 100vw, 800px\" \/><\/a><\/p>\n<p style=\"text-align: justify;\">Die Skagerak und fatboy Sonnenschirme haben etwas gemeinsam: Sie sorgen dank ihrer Ma\u00dfe f\u00fcr reichlich Schatten. Der Aspekt ist wichtig, wenn man einen Dachgarten gestalten m\u00f6chte, der im Hochsommer \u00fcberzeugt.<\/p>\n<h2><span class=\"ez-toc-section\" id=\"Urbaner_Bauerngarten_im_Vintage-Style\"><\/span>Urbaner Bauerngarten im Vintage-Style<span class=\"ez-toc-section-end\"><\/span><\/h2>\n<p style=\"text-align: justify;\">Morgens verstr\u00f6mt der Kr\u00e4utergarten einen intensiven Duft. Dazu passt die <a href=\"https:\/\/www.raum-blick.de\/vlaemynck\/\">Vlaemynck Loungegruppe Vanity<\/a> im mediterranen Stil der 1950er-Jahre wunderbar. Sie ist der Lieblingsort f\u00fcrs gen\u00fcssliche Fr\u00fchst\u00fcck. Ein Streifzug durch die City-Farm schlie\u00dft sich an. Hier wird die Erde gelockert und dort Unkraut gezupft. Stolz wird reifes Gem\u00fcse geerntet. F\u00fcrs G\u00e4rtnern hat man sich eine Verschnaufpause verdient.<\/p>\n<p><a href=\"https:\/\/www.raum-blick.de\/vlaemynck-vanity-stuhl\"><img loading=\"lazy\" decoding=\"async\" class=\"aligncenter wp-image-16605 size-full\" title=\"Vlaemnyck \u2013 Vanity Gartenstuhl | gepolstert | Design: Vlaemynck\" src=\"https:\/\/www.raum-blick.de\/magazin\/wp-content\/uploads\/2022\/09\/vlaemynck-vanity-stuhl.jpg\" alt=\"vlaemynck-vanity-stuhl\" width=\"800\" height=\"800\" srcset=\"https:\/\/raum-blick.de\/magazin\/wp-content\/uploads\/2022\/09\/vlaemynck-vanity-stuhl.jpg 800w, https:\/\/raum-blick.de\/magazin\/wp-content\/uploads\/2022\/09\/vlaemynck-vanity-stuhl-300x300.jpg 300w, https:\/\/raum-blick.de\/magazin\/wp-content\/uploads\/2022\/09\/vlaemynck-vanity-stuhl-150x150.jpg 150w, https:\/\/raum-blick.de\/magazin\/wp-content\/uploads\/2022\/09\/vlaemynck-vanity-stuhl-768x768.jpg 768w\" sizes=\"(max-width: 800px) 100vw, 800px\" \/><\/a><\/p>\n<p style=\"text-align: justify;\">Die <a href=\"https:\/\/www.raum-blick.de\/fiam-spaghetti-liegestuhl\">fiam Spaghetti Liegest\u00fchle<\/a> werden angesteuert, um sich ein Nickerchen zu g\u00f6nnen. Ihr Design erinnert an Trendm\u00f6bel der 1980er-Jahre. Assoziationen mit nostalgischen Bistros in Paris sind vorprogrammiert, wenn G\u00e4ste die <a href=\"https:\/\/www.raum-blick.de\/fermob\/\">fermob Outdoor-M\u00f6bel<\/a> sehen.<\/p>\n<p><a href=\"https:\/\/www.raum-blick.de\/fiam-spaghetti-liegestuhl\"><img loading=\"lazy\" decoding=\"async\" class=\"aligncenter wp-image-16610 size-full\" title=\"FIAM Armlehnensessel Spaghetti | Liegestuhl | Design: Francesco Favagrossa\" src=\"https:\/\/www.raum-blick.de\/magazin\/wp-content\/uploads\/2022\/09\/fiam-spaghetti-liegestuhl.jpg\" alt=\"fiam-spaghetti-liegestuhl\" width=\"800\" height=\"600\" srcset=\"https:\/\/raum-blick.de\/magazin\/wp-content\/uploads\/2022\/09\/fiam-spaghetti-liegestuhl.jpg 800w, https:\/\/raum-blick.de\/magazin\/wp-content\/uploads\/2022\/09\/fiam-spaghetti-liegestuhl-300x225.jpg 300w, https:\/\/raum-blick.de\/magazin\/wp-content\/uploads\/2022\/09\/fiam-spaghetti-liegestuhl-768x576.jpg 768w\" sizes=\"(max-width: 800px) 100vw, 800px\" \/><\/a><\/p>\n<p style=\"text-align: justify;\">Dort werden heute die Antipasti serviert, deren Zutaten man frisch geerntet hat. Dabei verw\u00f6hnt das Panorama mit seinen beleuchteten Wolkenkratzern die Sinne. Ansprechend kontrastieren die Kerzen in den Cane-line Laternen das urbane Lichtermeer.<\/p>\n<p><a href=\"https:\/\/www.raum-blick.de\/fermob-cocotte-beistelltisch\"><img loading=\"lazy\" decoding=\"async\" class=\"aligncenter wp-image-16627 size-full\" title=\"Fermob \u2013 Cocotte Beistelltisch | Outdoor geeignet | Design: fermob\" src=\"https:\/\/www.raum-blick.de\/magazin\/wp-content\/uploads\/2022\/09\/fermob-cocotte-beistelltisch.jpg\" alt=\"fermob-cocotte-beistelltisch nuetzlichen-dachgarten-gestalten\" width=\"800\" height=\"800\" srcset=\"https:\/\/raum-blick.de\/magazin\/wp-content\/uploads\/2022\/09\/fermob-cocotte-beistelltisch.jpg 800w, https:\/\/raum-blick.de\/magazin\/wp-content\/uploads\/2022\/09\/fermob-cocotte-beistelltisch-300x300.jpg 300w, https:\/\/raum-blick.de\/magazin\/wp-content\/uploads\/2022\/09\/fermob-cocotte-beistelltisch-150x150.jpg 150w, https:\/\/raum-blick.de\/magazin\/wp-content\/uploads\/2022\/09\/fermob-cocotte-beistelltisch-768x768.jpg 768w\" sizes=\"(max-width: 800px) 100vw, 800px\" \/><\/a><\/p>\n<p style=\"text-align: justify;\">Gleiches gilt f\u00fcr die Vlaemynck, fiam und fermob Outdoor-M\u00f6bel, die allesamt vergangene Epochen zitieren. Sie bilden in Kombination mit der n\u00fctzlichen Begr\u00fcnung einen tollen Gegenpol zur pulsierenden City, die dem Dachgarten zu F\u00fc\u00dfen liegt.<\/p>\n","protected":false},"excerpt":{"rendered":"<p>\u00ab Urban Farming \u00fcber den D\u00e4chern der Stadt \u00bb Jede Begr\u00fcnung bereitet etwas M\u00fche und ben\u00f6tigt Ressourcen wie Wasser. Urban Farming verbindet deshalb galant das Dekorative mit dem N\u00fctzlichen. Hier gibt es Ideen, wie Sie einen schicken und k\u00f6stlichen Dachgarten gestalten k\u00f6nnen. Pflanzen als Raumteiler im Freien In idyllischen Regionen widmet man sich der Mission, [&hellip;]<\/p>\n","protected":false},"author":4,"featured_media":16604,"comment_status":"closed","ping_status":"open","sticky":false,"template":"","format":"standard","meta":{"_et_pb_use_builder":"","_et_pb_old_content":"","_et_gb_content_width":"","inline_featured_image":false,"footnotes":""},"categories":[6],"tags":[1084,48,1795,615,1695,1408,1788,495,40,206,621,1066,33,1105,1790,1792,1407,1410,1051,757,1085,1409,57,503,505,1793,1794,804,1416,767,269,442,441,911,19,867,15,1791,1789,1687,973,1512],"class_list":["post-16600","post","type-post","status-publish","format-standard","has-post-thumbnail","hentry","category-draussen","tag-armlehnensessel","tag-bacsac","tag-bauerngarten","tag-beistelltisch","tag-blumenkasten","tag-blumenkuebel","tag-dachgarten","tag-design-house-stockholm","tag-fatboy","tag-ferm-living","tag-fermob","tag-fiam","tag-garten","tag-gartenstuhl","tag-gemuesebeete","tag-gemuesegarten","tag-gewaechshaus","tag-hochbeet","tag-jan-kurtz","tag-konsolentisch","tag-liegestuhl","tag-minigarden","tag-outdoor","tag-pflanzen","tag-pflanzenbehaelter","tag-pflanzideen","tag-pflanzkorb","tag-pflanzkuebel","tag-pflanztasche","tag-plant-box","tag-rattan","tag-raumteiler","tag-raumtrenner","tag-regal","tag-skagerak","tag-sonnenschirm","tag-string","tag-urban","tag-urban-farming","tag-urban-gardening","tag-vintage","tag-vlaemnyck"],"_links":{"self":[{"href":"https:\/\/raum-blick.de\/magazin\/wp-json\/wp\/v2\/posts\/16600","targetHints":{"allow":["GET"]}}],"collection":[{"href":"https:\/\/raum-blick.de\/magazin\/wp-json\/wp\/v2\/posts"}],"about":[{"href":"https:\/\/raum-blick.de\/magazin\/wp-json\/wp\/v2\/types\/post"}],"author":[{"embeddable":true,"href":"https:\/\/raum-blick.de\/magazin\/wp-json\/wp\/v2\/users\/4"}],"replies":[{"embeddable":true,"href":"https:\/\/raum-blick.de\/magazin\/wp-json\/wp\/v2\/comments?post=16600"}],"version-history":[{"count":42,"href":"https:\/\/raum-blick.de\/magazin\/wp-json\/wp\/v2\/posts\/16600\/revisions"}],"predecessor-version":[{"id":20779,"href":"https:\/\/raum-blick.de\/magazin\/wp-json\/wp\/v2\/posts\/16600\/revisions\/20779"}],"wp:featuredmedia":[{"embeddable":true,"href":"https:\/\/raum-blick.de\/magazin\/wp-json\/wp\/v2\/media\/16604"}],"wp:attachment":[{"href":"https:\/\/raum-blick.de\/magazin\/wp-json\/wp\/v2\/media?parent=16600"}],"wp:term":[{"taxonomy":"category","embeddable":true,"href":"https:\/\/raum-blick.de\/magazin\/wp-json\/wp\/v2\/categories?post=16600"},{"taxonomy":"post_tag","embeddable":true,"href":"https:\/\/raum-blick.de\/magazin\/wp-json\/wp\/v2\/tags?post=16600"}],"curies":[{"name":"wp","href":"https:\/\/api.w.org\/{rel}","templated":true}]}}