{"id":16551,"date":"2022-06-23T10:46:58","date_gmt":"2022-06-23T08:46:58","guid":{"rendered":"https:\/\/www.raum-blick.de\/magazin\/?p=16551"},"modified":"2024-08-28T11:00:53","modified_gmt":"2024-08-28T09:00:53","slug":"outdoor-kueche-im-garten","status":"publish","type":"post","link":"https:\/\/raum-blick.de\/magazin\/outdoor-kueche-im-garten\/","title":{"rendered":"Outdoor-K\u00fcche: Im Garten kochen, essen, leben"},"content":{"rendered":"<p style=\"text-align: justify;\"><strong>Sie ist der ultimative Bonus auf jeder Terrasse und macht das Kochen wie Grillen zu einem sommerlichen Highlight: Die Outdoor-K\u00fcche. Gut ausgestattet, er\u00f6ffnet sie endlosen kulinarischen Genuss unter freiem Himmel und bringt Sie beim Ausspielen Ihrer Kochk\u00fcnste direkt zu den erwartungsvollen G\u00e4sten. Wir zeigen, welche Elemente bei der Planung einer Gartenk\u00fcche entscheidend sind und geben Tipps f\u00fcr hochwertige Ausstattung in schickem Design.<\/strong><\/p>\n<h2><span class=\"ez-toc-section\" id=\"Fest_montiert_oder_flexibel_verschiebbar\"><\/span>Fest montiert oder flexibel verschiebbar?<span class=\"ez-toc-section-end\"><\/span><\/h2>\n<p style=\"text-align: justify;\">Wer im Garten kochen m\u00f6chte, muss sich zun\u00e4chst f\u00fcr die Art der Outdoor Grillk\u00fcche entscheiden. Ein fester Einbau ist die aufwendigste und f\u00fcr viele Menschen ultimative L\u00f6sung: Vom rustikalen Fachwerkstil mit Balken und Natursteinen bis zur mediterranen Au\u00dfenk\u00fcche in Sandfarbe erstreckt sich eine Vielfalt, die genauso unersch\u00f6pflich ist wie die eigene Phantasie.<\/p><div id=\"ez-toc-container\" class=\"ez-toc-v2_0_82_2 counter-hierarchy ez-toc-counter ez-toc-grey ez-toc-container-direction\">\n<div class=\"ez-toc-title-container\">\n<p class=\"ez-toc-title\" style=\"cursor:inherit\">Was hier auf Sie wartet<\/p>\n<span class=\"ez-toc-title-toggle\"><a href=\"#\" class=\"ez-toc-pull-right ez-toc-btn ez-toc-btn-xs ez-toc-btn-default ez-toc-toggle\" aria-label=\"Toggle Table of Content\"><span class=\"ez-toc-js-icon-con\"><span class=\"\"><span class=\"eztoc-hide\" style=\"display:none;\">Toggle<\/span><span class=\"ez-toc-icon-toggle-span\"><svg style=\"fill: #999;color:#999\" xmlns=\"http:\/\/www.w3.org\/2000\/svg\" class=\"list-377408\" width=\"20px\" height=\"20px\" viewBox=\"0 0 24 24\" fill=\"none\"><path d=\"M6 6H4v2h2V6zm14 0H8v2h12V6zM4 11h2v2H4v-2zm16 0H8v2h12v-2zM4 16h2v2H4v-2zm16 0H8v2h12v-2z\" fill=\"currentColor\"><\/path><\/svg><svg style=\"fill: #999;color:#999\" class=\"arrow-unsorted-368013\" xmlns=\"http:\/\/www.w3.org\/2000\/svg\" width=\"10px\" height=\"10px\" viewBox=\"0 0 24 24\" version=\"1.2\" baseProfile=\"tiny\"><path d=\"M18.2 9.3l-6.2-6.3-6.2 6.3c-.2.2-.3.4-.3.7s.1.5.3.7c.2.2.4.3.7.3h11c.3 0 .5-.1.7-.3.2-.2.3-.5.3-.7s-.1-.5-.3-.7zM5.8 14.7l6.2 6.3 6.2-6.3c.2-.2.3-.5.3-.7s-.1-.5-.3-.7c-.2-.2-.4-.3-.7-.3h-11c-.3 0-.5.1-.7.3-.2.2-.3.5-.3.7s.1.5.3.7z\"\/><\/svg><\/span><\/span><\/span><\/a><\/span><\/div>\n<nav><ul class='ez-toc-list ez-toc-list-level-1 ' ><li class='ez-toc-page-1 ez-toc-heading-level-2'><a class=\"ez-toc-link ez-toc-heading-1\" href=\"https:\/\/raum-blick.de\/magazin\/outdoor-kueche-im-garten\/#Fest_montiert_oder_flexibel_verschiebbar\" >Fest montiert oder flexibel verschiebbar?<\/a><\/li><li class='ez-toc-page-1 ez-toc-heading-level-2'><a class=\"ez-toc-link ez-toc-heading-2\" href=\"https:\/\/raum-blick.de\/magazin\/outdoor-kueche-im-garten\/#Aussenkueche_Feste_mit_beweglichen_Elementen_vereinen\" >Au\u00dfenk\u00fcche: Feste mit beweglichen Elementen vereinen<\/a><\/li><li class='ez-toc-page-1 ez-toc-heading-level-2'><a class=\"ez-toc-link ez-toc-heading-3\" href=\"https:\/\/raum-blick.de\/magazin\/outdoor-kueche-im-garten\/#Grill_Kamin_Feuerstelle_%E2%80%93_was_soll_in_die_Outdoor-Kueche\" >Grill, Kamin, Feuerstelle \u2013 was soll in die Outdoor-K\u00fcche?<\/a><\/li><li class='ez-toc-page-1 ez-toc-heading-level-2'><a class=\"ez-toc-link ez-toc-heading-4\" href=\"https:\/\/raum-blick.de\/magazin\/outdoor-kueche-im-garten\/#Gartenkueche_ausstatten_Unverzichtbare_Accessoires\" >Gartenk\u00fcche ausstatten: Unverzichtbare Accessoires<\/a><\/li><li class='ez-toc-page-1 ez-toc-heading-level-2'><a class=\"ez-toc-link ez-toc-heading-5\" href=\"https:\/\/raum-blick.de\/magazin\/outdoor-kueche-im-garten\/#Kueche_und_Wohnen_unter_freiem_Himmel\" >K\u00fcche und Wohnen unter freiem Himmel<\/a><\/li><\/ul><\/nav><\/div>\n\n<p><img loading=\"lazy\" decoding=\"async\" class=\"aligncenter wp-image-16562 size-full\" title=\"Jan Kurtz \u2013 Godbit Trolley | praktischer Outdoor K\u00fcchen-Trolley | Design: Larissa Siemon &amp; Lena Ohmstede\" src=\"https:\/\/www.raum-blick.de\/magazin\/wp-content\/uploads\/2022\/09\/jan-kurtz-godbit-trolley.jpg\" alt=\"jan-kurtz-godbit-trolley\" width=\"800\" height=\"800\" srcset=\"https:\/\/raum-blick.de\/magazin\/wp-content\/uploads\/2022\/09\/jan-kurtz-godbit-trolley.jpg 800w, https:\/\/raum-blick.de\/magazin\/wp-content\/uploads\/2022\/09\/jan-kurtz-godbit-trolley-300x300.jpg 300w, https:\/\/raum-blick.de\/magazin\/wp-content\/uploads\/2022\/09\/jan-kurtz-godbit-trolley-150x150.jpg 150w, https:\/\/raum-blick.de\/magazin\/wp-content\/uploads\/2022\/09\/jan-kurtz-godbit-trolley-768x768.jpg 768w\" sizes=\"(max-width: 800px) 100vw, 800px\" \/><\/p>\n<p style=\"text-align: justify;\">Viele Punkte m\u00fcssen geplant werden: Neben Untergrund, Ausstattung und Stromversorgung ist je nach individueller Vorstellung eine \u00dcberdachung, optionale Terrassenheizung und offizielle Genehmigung zu ber\u00fccksichtigen.<\/p>\n<div class='et-box et-info'>\n\t\t\t\t\t<div class='et-box-content'>Flexibler ist eine portable Outdoor-K\u00fcche, die man je nach Stimmung an verschiedene Orte des Gartens oder der Terrasse bewegen kann.<\/div><\/div>\n<p style=\"text-align: justify;\">Die Basis hierf\u00fcr bildet ein Rollwagen wie beispielsweise der Jan Kurtz Godbit Trolley, der neben Sp\u00fclbecken und Gaskochfeld f\u00fcnf Ablageb\u00f6den aus widerstandsf\u00e4higem Robinienholz umfasst. Essen, Gew\u00fcrze, Geschirr und Gasflasche &#8211; m\u00f6chte man im Garten kochen, bietet dieser Trolley den n\u00f6tigen Platz f\u00fcr die gesamte Ausstattung.<\/p>\n<p><a href=\"https:\/\/www.raum-blick.de\/cane-line-roll-barwagen-inkl.-teak-tischplatte\"><img loading=\"lazy\" decoding=\"async\" class=\"aligncenter wp-image-16557 size-full\" title=\"Cane-line Roll Barwagen inkl. Teak Tischplatte | Barwagen | Design: Duo Welling\/Ludvik\" src=\"https:\/\/www.raum-blick.de\/magazin\/wp-content\/uploads\/2022\/09\/cane-line-roll-barwagen-inkl-teak-tischplatte.jpg\" alt=\"cane-line-roll-barwagen-inkl-teak-tischplatte outdoor-kueche-im-garten\" width=\"800\" height=\"800\" srcset=\"https:\/\/raum-blick.de\/magazin\/wp-content\/uploads\/2022\/09\/cane-line-roll-barwagen-inkl-teak-tischplatte.jpg 800w, https:\/\/raum-blick.de\/magazin\/wp-content\/uploads\/2022\/09\/cane-line-roll-barwagen-inkl-teak-tischplatte-300x300.jpg 300w, https:\/\/raum-blick.de\/magazin\/wp-content\/uploads\/2022\/09\/cane-line-roll-barwagen-inkl-teak-tischplatte-150x150.jpg 150w, https:\/\/raum-blick.de\/magazin\/wp-content\/uploads\/2022\/09\/cane-line-roll-barwagen-inkl-teak-tischplatte-768x768.jpg 768w\" sizes=\"(max-width: 800px) 100vw, 800px\" \/><\/a><\/p>\n<p style=\"text-align: justify;\">Wer eine Grillstelle mit knisterndem Holz pr\u00e4feriert, erh\u00e4lt mit dem Radius Design Kaminholzwagen eine schlaue L\u00f6sung, die zus\u00e4tzlich als Sitzbank oder &#8211; horizontal aufstellt &#8211; Stehtisch einsetzbar ist. Geht es ums stilvolle Servieren auf der n\u00e4chsten Gartenfeier, sind Helfer wie der <a href=\"https:\/\/www.raum-blick.de\/cane-line-roll-barwagen-inkl.-teak-tischplatte\">Cane-line Roll Barwagen<\/a> perfekte Helfer.<\/p>\n<h2><span class=\"ez-toc-section\" id=\"Aussenkueche_Feste_mit_beweglichen_Elementen_vereinen\"><\/span>Au\u00dfenk\u00fcche: Feste mit beweglichen Elementen vereinen<span class=\"ez-toc-section-end\"><\/span><\/h2>\n<p style=\"text-align: justify;\">Wer einen vern\u00fcnftigen Mittelweg zwischen fester Gartenk\u00fcche und portablen Elementen sucht, sollte sich eine &#8222;Basis&#8220; einrichten, an dem die Kochstelle meistens genutzt wird. An dieser Stelle k\u00f6nnen zum Beispiel erweiterte Staum\u00f6glichkeiten wie die String Outdoorkonfigurationen realisiert werden &#8211; clevere Regale, die sich jederzeit erweitern oder verkleinern lassen. Will man an einem anderen Ort im Garten kochen, bewegt man einfach den Trolley an die passende Stelle und bel\u00e4sst die fest montierten Regale an ihrer Wand.<\/p>\n<p><a href=\"https:\/\/www.raum-blick.de\/skagerak-catania-sonnenschirm-oe-270-cm-parasol\"><img loading=\"lazy\" decoding=\"async\" class=\"aligncenter wp-image-16560 size-full\" title=\"Skagerak Catania | Sonnenschirm\" src=\"https:\/\/www.raum-blick.de\/magazin\/wp-content\/uploads\/2022\/09\/skagerak-catania-sonnenschirm-oe-270-cm-parasol.jpg\" alt=\"skagerak-catania-sonnenschirm-oe-270-cm-parasol\" width=\"800\" height=\"800\" srcset=\"https:\/\/raum-blick.de\/magazin\/wp-content\/uploads\/2022\/09\/skagerak-catania-sonnenschirm-oe-270-cm-parasol.jpg 800w, https:\/\/raum-blick.de\/magazin\/wp-content\/uploads\/2022\/09\/skagerak-catania-sonnenschirm-oe-270-cm-parasol-300x300.jpg 300w, https:\/\/raum-blick.de\/magazin\/wp-content\/uploads\/2022\/09\/skagerak-catania-sonnenschirm-oe-270-cm-parasol-150x150.jpg 150w, https:\/\/raum-blick.de\/magazin\/wp-content\/uploads\/2022\/09\/skagerak-catania-sonnenschirm-oe-270-cm-parasol-768x768.jpg 768w\" sizes=\"(max-width: 800px) 100vw, 800px\" \/><\/a><\/p>\n<p style=\"text-align: justify;\">Dasselbe gilt f\u00fcr die \u00dcberdachung: Selbstverst\u00e4ndlich kann eine Outdoor-K\u00fcche zum Schutz vor UV-Strahlung und dem kurzen Schauer zwischendurch mit einem festen Dach versehen werden, aber in vielen F\u00e4llen sieht ein eleganter Sonnenschirm einfach besser aus. Skagerak hat mit dem <a href=\"https:\/\/www.raum-blick.de\/skagerak-catania-sonnenschirm-oe-270-cm-parasol\">Sonnenschirm Catania<\/a> ein beliebtes Modell im Programm, das skandinavische Designsprache mit einem schicken Holzgestell vereint.<\/p>\n<div class='et-box et-success'>\n\t\t\t\t\t<div class='et-box-content'>Ideal, um einen beweglichen K\u00fcchen-Trolley an jedem Ort des Gartens spontan \u00fcberdachen zu k\u00f6nnen.<\/div><\/div>\n<h2><span class=\"ez-toc-section\" id=\"Grill_Kamin_Feuerstelle_%E2%80%93_was_soll_in_die_Outdoor-Kueche\"><\/span>Grill, Kamin, Feuerstelle \u2013 was soll in die Outdoor-K\u00fcche?<span class=\"ez-toc-section-end\"><\/span><\/h2>\n<p style=\"text-align: justify;\">Egal, wie sch\u00f6n der Herd, die Sp\u00fcle und die Ablagen der Au\u00dfenk\u00fcche auch sein m\u00f6gen &#8211; das Highlight am Sommerabend ist eindeutig der Grill. Puristen stellen keinen Elektroherd in die Outdoor-K\u00fcche, sondern nutzen (neben Gas) am liebsten Kohle oder Kaminholz f\u00fcr den ultimativen Grillgeschmack in traditioneller Atmosph\u00e4re. &#8222;Traditionell&#8220; bedeutet aber nicht, dass es keine Innovationen geben darf:<\/p>\n<p><a href=\"https:\/\/www.raum-blick.de\/hoefats-cube-feuerkorb\"><img loading=\"lazy\" decoding=\"async\" class=\"aligncenter wp-image-16565 size-full\" title=\"h\u00f6fats CUBE Feuerstelle | Feuerkorb &amp; Hocker\" src=\"https:\/\/www.raum-blick.de\/magazin\/wp-content\/uploads\/2022\/09\/hoefats-cube-feuerkorb.jpg\" alt=\"hoefats-cube-feuerkorb outdoor-kueche-im-garten\" width=\"800\" height=\"800\" srcset=\"https:\/\/raum-blick.de\/magazin\/wp-content\/uploads\/2022\/09\/hoefats-cube-feuerkorb.jpg 800w, https:\/\/raum-blick.de\/magazin\/wp-content\/uploads\/2022\/09\/hoefats-cube-feuerkorb-300x300.jpg 300w, https:\/\/raum-blick.de\/magazin\/wp-content\/uploads\/2022\/09\/hoefats-cube-feuerkorb-150x150.jpg 150w, https:\/\/raum-blick.de\/magazin\/wp-content\/uploads\/2022\/09\/hoefats-cube-feuerkorb-768x768.jpg 768w\" sizes=\"(max-width: 800px) 100vw, 800px\" \/><\/a><\/p>\n<p style=\"text-align: justify;\">Der <a href=\"https:\/\/www.raum-blick.de\/hoefats-cube-feuerkorb\">h\u00f6fats Feuerkorb CUBE<\/a> zum Beispiel l\u00e4sst sich gleicherma\u00dfen als Hocker oder Beistelltisch nutzen, bevor er mit dem passenden Grillrost zum Garanten f\u00fcr rauchigen Grillgeschmack wird. Eine zeitlose Alternative zum Feuerkorb ist die Feuerschale, die h\u00f6fats beim Modell Bowl mit einem dreibeinigen St\u00e4nder kombiniert. Geht es um maximale Abschirmung des Feuers gegen Wind, z\u00e4hlt auch die <a href=\"https:\/\/www.raum-blick.de\/eva-solo-fireglobe-feuerschale\">Eva Solo FireGlobe<\/a> zu den beliebtesten Modellen am Markt.<\/p>\n<p><a href=\"https:\/\/www.raum-blick.de\/eva-solo-fireglobe-feuerschale\"><img loading=\"lazy\" decoding=\"async\" class=\"aligncenter wp-image-16575 size-full\" title=\"Eva Solo \u2013 Feuerschale FireGlobe | auf Aluminium-Beinen | Design: Claus Jensen und Henrik Holb\u00e6k\" src=\"https:\/\/www.raum-blick.de\/magazin\/wp-content\/uploads\/2022\/09\/eva-solo-fireglobe-feuerschale.jpg\" alt=\"eva-solo-fireglobe-feuerschale\" width=\"800\" height=\"780\" srcset=\"https:\/\/raum-blick.de\/magazin\/wp-content\/uploads\/2022\/09\/eva-solo-fireglobe-feuerschale.jpg 800w, https:\/\/raum-blick.de\/magazin\/wp-content\/uploads\/2022\/09\/eva-solo-fireglobe-feuerschale-300x293.jpg 300w, https:\/\/raum-blick.de\/magazin\/wp-content\/uploads\/2022\/09\/eva-solo-fireglobe-feuerschale-768x749.jpg 768w\" sizes=\"(max-width: 800px) 100vw, 800px\" \/><\/a><\/p>\n<p style=\"text-align: justify;\">Stichwort Eva Solo: Wer mit \u00e4sthetischer Abwechslung im Garten kochen und grillen m\u00f6chte, findet im Programm der d\u00e4nischen Marke auch Kamine f\u00fcr die Outdoor-K\u00fcche. Modelle wie die st\u00e4hlerne FireBox k\u00f6nnen den ganzen Winter drau\u00dfen bleiben und zeigen sich mit integriertem Brennholzhalter von der praktischsten Seite. Einen v\u00f6llig neuen Twist ins sommerliche Grillerlebnis bringt ein Tischgrill, der die Zubereitung direkt neben dem Teller erm\u00f6glicht und richtig Spa\u00df in gesellige Runden bringt. Warum nur dasitzen, statt selber mal die Wurst zu wenden?<\/p>\n<p><img loading=\"lazy\" decoding=\"async\" class=\"aligncenter wp-image-16573 size-full\" title=\"eva solo Tischgrill | Zubereiten direkt auf dem Tisch | Design: Claus Jensen und Henrik Holb\u00e6k\" src=\"https:\/\/www.raum-blick.de\/magazin\/wp-content\/uploads\/2022\/09\/eva-solo-tischgrill.jpg\" alt=\"eva-solo-tischgrill outdoor-kueche-im-garten\" width=\"800\" height=\"800\" srcset=\"https:\/\/raum-blick.de\/magazin\/wp-content\/uploads\/2022\/09\/eva-solo-tischgrill.jpg 800w, https:\/\/raum-blick.de\/magazin\/wp-content\/uploads\/2022\/09\/eva-solo-tischgrill-300x300.jpg 300w, https:\/\/raum-blick.de\/magazin\/wp-content\/uploads\/2022\/09\/eva-solo-tischgrill-150x150.jpg 150w, https:\/\/raum-blick.de\/magazin\/wp-content\/uploads\/2022\/09\/eva-solo-tischgrill-768x768.jpg 768w\" sizes=\"(max-width: 800px) 100vw, 800px\" \/><\/p>\n<p style=\"text-align: justify;\">Der Eva Solo Tischgrill zeigt, wie das clevere Produkt auf hochwertige und optisch ansprechende Weise realisiert wird.<\/p>\n<h2><span class=\"ez-toc-section\" id=\"Gartenkueche_ausstatten_Unverzichtbare_Accessoires\"><\/span>Gartenk\u00fcche ausstatten: Unverzichtbare Accessoires<span class=\"ez-toc-section-end\"><\/span><\/h2>\n<p style=\"text-align: justify;\">Richtet man eine Outdoork\u00fcche mit Grill ein, sind die M\u00f6belst\u00fccke selbst nur die halbe Miete \u2013 vom <a href=\"https:\/\/www.raum-blick.de\/grill-feuerstelle\/\">Grillset mit Grillzange und Pfannenwender bis zu sch\u00fctzenden Handschuhen<\/a> existieren viele kleine Helfer, ohne die man nicht im Garten kochen m\u00f6chte. Wie die Accessoires aussehen, bestimmt der pers\u00f6nliche Geschmack:<\/p>\n<p><img loading=\"lazy\" decoding=\"async\" class=\"aligncenter wp-image-16580 size-full\" title=\"Eva Solo \u2013 Grillset | Pfannenheber &amp; Grillzange | Design: Claus Jensen und Henrik Holb\u00e6k\" src=\"https:\/\/www.raum-blick.de\/magazin\/wp-content\/uploads\/2022\/09\/eva-solo-grillset.jpg\" alt=\"eva-solo-grillset outdoor-kueche-im-garten\" width=\"800\" height=\"800\" srcset=\"https:\/\/raum-blick.de\/magazin\/wp-content\/uploads\/2022\/09\/eva-solo-grillset.jpg 800w, https:\/\/raum-blick.de\/magazin\/wp-content\/uploads\/2022\/09\/eva-solo-grillset-300x300.jpg 300w, https:\/\/raum-blick.de\/magazin\/wp-content\/uploads\/2022\/09\/eva-solo-grillset-150x150.jpg 150w, https:\/\/raum-blick.de\/magazin\/wp-content\/uploads\/2022\/09\/eva-solo-grillset-768x768.jpg 768w\" sizes=\"(max-width: 800px) 100vw, 800px\" \/><\/p>\n<p style=\"text-align: justify;\">Kaminbesteck zum Beispiel ist sowohl in modernen Ausf\u00fchrungen aus Edelstahl als auch in traditionellem Schmiedeeisen erh\u00e4ltlich. Wir empfehlen, die M\u00f6bel und Accessoires der Outdoor-K\u00fcche auf die \u00fcbrige Gestaltung der Terrasse anzupassen. Sind B\u00f6den, Tische und St\u00fchle etwa von hellem Teakholz gepr\u00e4gt, sorgen helle H\u00f6lzer in der K\u00fcche (z. B. Ablagen, Schubladen, Accessoires) f\u00fcr ein stimmiges Gesamtbild.<\/p>\n<p><a href=\"https:\/\/www.raum-blick.de\/eva-solo-schuerze-in-canvas-und-leder\"><img loading=\"lazy\" decoding=\"async\" class=\"aligncenter wp-image-16583 size-full\" title=\"Eva Solo \u2013 Sch\u00fcrze aus Canvas und Leder\" src=\"https:\/\/www.raum-blick.de\/magazin\/wp-content\/uploads\/2022\/09\/eva-solo-schuerze-in-canvas-und-leder.jpg\" alt=\"eva-solo-schuerze-in-canvas-und-leder\" width=\"800\" height=\"800\" srcset=\"https:\/\/raum-blick.de\/magazin\/wp-content\/uploads\/2022\/09\/eva-solo-schuerze-in-canvas-und-leder.jpg 800w, https:\/\/raum-blick.de\/magazin\/wp-content\/uploads\/2022\/09\/eva-solo-schuerze-in-canvas-und-leder-300x300.jpg 300w, https:\/\/raum-blick.de\/magazin\/wp-content\/uploads\/2022\/09\/eva-solo-schuerze-in-canvas-und-leder-150x150.jpg 150w, https:\/\/raum-blick.de\/magazin\/wp-content\/uploads\/2022\/09\/eva-solo-schuerze-in-canvas-und-leder-768x768.jpg 768w\" sizes=\"(max-width: 800px) 100vw, 800px\" \/><\/a><\/p>\n<p style=\"text-align: justify;\">Auflagebretter, Kaminholztr\u00e4ger, Grillsch\u00fcrzen und Funkenschutz &#8211; die Vielfalt der n\u00fctzlichen Produkte in der Au\u00dfenk\u00fcche ist gro\u00df und schafft tausende Anregungen zur Erschaffung einer individuellen Atmosph\u00e4re. Kreativit\u00e4t zahlt sich aus!<\/p>\n<h2><span class=\"ez-toc-section\" id=\"Kueche_und_Wohnen_unter_freiem_Himmel\"><\/span>K\u00fcche und Wohnen unter freiem Himmel<span class=\"ez-toc-section-end\"><\/span><\/h2>\n<p style=\"text-align: justify;\">Wann immer eine Outdoor-K\u00fcche installiert wird, egal ob fest oder portabel, sollte man ihr \u00e4sthetisches Zusammenwirken mit der vorhandenen Garteneinrichtung ber\u00fccksichtigen. Ist der Au\u00dfenbereich zum Beispiel von Steinw\u00e4nden, M\u00f6rtel und mediterranem Feeling gepr\u00e4gt, w\u00fcrde eine moderne Gartenk\u00fcche im skandinavischen Design fehl am Platz wirken.<\/p>\n<p><a href=\"https:\/\/www.raum-blick.de\/cane-line-ocean-stapelsessel\"><img loading=\"lazy\" decoding=\"async\" class=\"aligncenter wp-image-16590 size-full\" title=\"Cane-line \u2013 Ocean Stapelsessel | stapelbarer Outdoorstuhl | Design: Cane-line\" src=\"https:\/\/www.raum-blick.de\/magazin\/wp-content\/uploads\/2022\/09\/cane-line-ocean-stapelsessel.jpg\" alt=\"cane-line-ocean-stapelsessel outdoor-kueche-im-garten\" width=\"800\" height=\"800\" srcset=\"https:\/\/raum-blick.de\/magazin\/wp-content\/uploads\/2022\/09\/cane-line-ocean-stapelsessel.jpg 800w, https:\/\/raum-blick.de\/magazin\/wp-content\/uploads\/2022\/09\/cane-line-ocean-stapelsessel-300x300.jpg 300w, https:\/\/raum-blick.de\/magazin\/wp-content\/uploads\/2022\/09\/cane-line-ocean-stapelsessel-150x150.jpg 150w, https:\/\/raum-blick.de\/magazin\/wp-content\/uploads\/2022\/09\/cane-line-ocean-stapelsessel-768x768.jpg 768w\" sizes=\"(max-width: 800px) 100vw, 800px\" \/><\/a><\/p>\n<p style=\"text-align: justify;\">Wer hingegen genau die klaren Linien und minimalistischen Formen dieses Stils liebt, sollte einen Blick auf das <a href=\"https:\/\/www.raum-blick.de\/cane-line\/\">Sortiment von Cane-line<\/a> werfen: Die d\u00e4nische Marke hat eine Reihe von komfortablen St\u00fchlen, Sesseln und Sofas f\u00fcr den Au\u00dfenbereich im Programm, die zusammen mit einer modernen Outdoor-K\u00fcche ein stimmiges Gesamtbild ergeben. Man muss bedenken: Wer im Garten kochen will, m\u00f6chte das Zusammensein mit seinen G\u00e4sten genie\u00dfen und einzigartige Momente unter freiem Himmel erleben. Passen K\u00fcche und Essbereich harmonisch zusammen, wird das stimmige Lounge-Feeling auf die Spitze getrieben.<\/p>\n<p><a href=\"https:\/\/www.raum-blick.de\/skagerak-selandia-stuhl\"><img loading=\"lazy\" decoding=\"async\" class=\"aligncenter wp-image-16588 size-full\" title=\"Skagerak \u2013 Selandia Stuhl | aus Teakholz | Design: Anders &amp; Lars Hegelund\" src=\"https:\/\/www.raum-blick.de\/magazin\/wp-content\/uploads\/2022\/09\/skagerak-selandia-stuhl.jpg\" alt=\"skagerak-selandia-stuhl\" width=\"800\" height=\"800\" srcset=\"https:\/\/raum-blick.de\/magazin\/wp-content\/uploads\/2022\/09\/skagerak-selandia-stuhl.jpg 800w, https:\/\/raum-blick.de\/magazin\/wp-content\/uploads\/2022\/09\/skagerak-selandia-stuhl-300x300.jpg 300w, https:\/\/raum-blick.de\/magazin\/wp-content\/uploads\/2022\/09\/skagerak-selandia-stuhl-150x150.jpg 150w, https:\/\/raum-blick.de\/magazin\/wp-content\/uploads\/2022\/09\/skagerak-selandia-stuhl-768x768.jpg 768w\" sizes=\"(max-width: 800px) 100vw, 800px\" \/><\/a><\/p>\n<p style=\"text-align: justify;\">Sucht man <a href=\"https:\/\/www.raum-blick.de\/outdoor-moebel\/\">Design-Gartenm\u00f6bel<\/a>, die mit einer Vielzahl verschiedener K\u00fcchen und Einrichtungsstile vereinbar sind, z\u00e4hlt <a href=\"https:\/\/www.raum-blick.de\/skagerak\/\">Skagerak<\/a> zu den f\u00fchrenden Anbietern. Das d\u00e4nische Haus setzt bei St\u00fchlen, Tischen und Co. auf langlebiges Teakholz, das in romantischer Landhaus-Atmosph\u00e4re ebenso passend erscheint wie auf der Dachterrasse \u00fcber der Gro\u00dfstadt.<\/p>\n<div class='et-box et-note'>\n\t\t\t\t\t<div class='et-box-content'>Unser Ratschlag: Trifft eine bestimmte Designmarke den eigenen Geschmack besonders gut, sollte man pr\u00fcfen, ob dasselbe Haus ebenfalls Produkte f\u00fcr die Outdoor-K\u00fcche im Programm hat.<\/div><\/div>\n<p style=\"text-align: justify;\">Und nicht vergessen: F\u00fchrt der Weg durchs Wohnzimmer nach drau\u00dfen, d\u00fcrfen in Outdoor-K\u00fcche und Au\u00dfensitzbereich auch gerne Stilelemente des Innenbereichs \u00fcbernommen werden. Eva Solo ist eine starke Marke in beiden Bereichen und offeriert spannende M\u00f6glichkeiten zur Kombination.<\/p>\n","protected":false},"excerpt":{"rendered":"<p>Sie ist der ultimative Bonus auf jeder Terrasse und macht das Kochen wie Grillen zu einem sommerlichen Highlight: Die Outdoor-K\u00fcche. Gut ausgestattet, er\u00f6ffnet sie endlosen kulinarischen Genuss unter freiem Himmel und bringt Sie beim Ausspielen Ihrer Kochk\u00fcnste direkt zu den erwartungsvollen G\u00e4sten. Wir zeigen, welche Elemente bei der Planung einer Gartenk\u00fcche entscheidend sind und geben [&hellip;]<\/p>\n","protected":false},"author":4,"featured_media":16596,"comment_status":"closed","ping_status":"open","sticky":false,"template":"","format":"standard","meta":{"_et_pb_use_builder":"","_et_pb_old_content":"","_et_gb_content_width":"","inline_featured_image":false,"footnotes":""},"categories":[6],"tags":[517,1782,1128,790,18,573,1092,714,33,1783,574,1784,908,158,571,1051,134,530,57,1780,658,1385,1785,1786,1787,19,867,1086,62,1781,828],"class_list":["post-16551","post","type-post","status-publish","format-standard","has-post-thumbnail","hentry","category-draussen","tag-accessoires","tag-aussenkueche","tag-barwagen","tag-cane-line","tag-eva-solo","tag-feuerkorb","tag-feuerschale","tag-feuerstelle","tag-garten","tag-gartenkueche","tag-grill","tag-grillset","tag-grillzange","tag-hocker","tag-hoefats","tag-jan-kurtz","tag-kamin","tag-kueche","tag-outdoor","tag-outdoor-kueche","tag-outdoormoebel","tag-outdoorstuhl","tag-pfannenheber","tag-pfannenwender","tag-schuerze","tag-skagerak","tag-sonnenschirm","tag-stapelsessel","tag-tischgrill","tag-trolley","tag-wohnen"],"_links":{"self":[{"href":"https:\/\/raum-blick.de\/magazin\/wp-json\/wp\/v2\/posts\/16551","targetHints":{"allow":["GET"]}}],"collection":[{"href":"https:\/\/raum-blick.de\/magazin\/wp-json\/wp\/v2\/posts"}],"about":[{"href":"https:\/\/raum-blick.de\/magazin\/wp-json\/wp\/v2\/types\/post"}],"author":[{"embeddable":true,"href":"https:\/\/raum-blick.de\/magazin\/wp-json\/wp\/v2\/users\/4"}],"replies":[{"embeddable":true,"href":"https:\/\/raum-blick.de\/magazin\/wp-json\/wp\/v2\/comments?post=16551"}],"version-history":[{"count":39,"href":"https:\/\/raum-blick.de\/magazin\/wp-json\/wp\/v2\/posts\/16551\/revisions"}],"predecessor-version":[{"id":20738,"href":"https:\/\/raum-blick.de\/magazin\/wp-json\/wp\/v2\/posts\/16551\/revisions\/20738"}],"wp:featuredmedia":[{"embeddable":true,"href":"https:\/\/raum-blick.de\/magazin\/wp-json\/wp\/v2\/media\/16596"}],"wp:attachment":[{"href":"https:\/\/raum-blick.de\/magazin\/wp-json\/wp\/v2\/media?parent=16551"}],"wp:term":[{"taxonomy":"category","embeddable":true,"href":"https:\/\/raum-blick.de\/magazin\/wp-json\/wp\/v2\/categories?post=16551"},{"taxonomy":"post_tag","embeddable":true,"href":"https:\/\/raum-blick.de\/magazin\/wp-json\/wp\/v2\/tags?post=16551"}],"curies":[{"name":"wp","href":"https:\/\/api.w.org\/{rel}","templated":true}]}}