{"id":16490,"date":"2022-06-21T10:49:48","date_gmt":"2022-06-21T08:49:48","guid":{"rendered":"https:\/\/www.raum-blick.de\/magazin\/?p=16490"},"modified":"2024-08-27T12:15:16","modified_gmt":"2024-08-27T10:15:16","slug":"skandinavische-designer","status":"publish","type":"post","link":"https:\/\/raum-blick.de\/magazin\/skandinavische-designer\/","title":{"rendered":"Skandinavische Designer"},"content":{"rendered":"<h2><span class=\"ez-toc-section\" id=\"%C2%AB_Das_Who_is_Who_des_Scandi-Styles_%C2%BB\"><\/span>\u00ab Das Who is Who des Scandi-Styles \u00bb<span class=\"ez-toc-section-end\"><\/span><\/h2>\n<p style=\"text-align: justify;\"><strong>Was ist skandinavisches Design? Wer die Frage kurz und knapp beantworten m\u00f6chte, ger\u00e4t ins Schleudern. Das Blatt wendet sich beim neugierigen Zoom auf legend\u00e4re M\u00f6bel und Accessoires aus dem Norden. Danach erkennt man intuitiv: Klar, das ist Scandi-Style!<\/strong><\/p>\n<h2><span class=\"ez-toc-section\" id=\"Kajsa_und_Nisse_Strinning_%E2%80%93_praktisch_veranlagtes_Designduo_aus_Schweden\"><\/span>Kajsa und Nisse Strinning \u2013 praktisch veranlagtes Designduo aus Schweden<span class=\"ez-toc-section-end\"><\/span><\/h2>\n<p style=\"text-align: justify;\">\u00dcberraschende Erkenntnis: Der Geschirrkorb neben der Sp\u00fcle ist eine Verwandte des Regals im Wohnzimmer. Nisse Strinning liebte es, pfiffige L\u00f6sungen f\u00fcrs allt\u00e4gliche Leben zu entwickeln. W\u00e4hrend seines Architekturstudiums entwarf er einen K\u00fcchenhelfer, auf dem das gesp\u00fclte Geschirr abtropfen konnte. Vom Erstlingswerk lie\u00df er sich inspirieren, als er mit seiner Frau Kajsa 1949 an einem Wettbewerb teilnahm. Gefragt waren unkomplizierte Konzepte f\u00fcr die B\u00fccheraufbewahrung. Zwei Drahtleitern und Furnierbretter gen\u00fcgten, um den Preis zu ergattern.<\/p><div id=\"ez-toc-container\" class=\"ez-toc-v2_0_82_2 counter-hierarchy ez-toc-counter ez-toc-grey ez-toc-container-direction\">\n<div class=\"ez-toc-title-container\">\n<p class=\"ez-toc-title\" style=\"cursor:inherit\">Was hier auf Sie wartet<\/p>\n<span class=\"ez-toc-title-toggle\"><a href=\"#\" class=\"ez-toc-pull-right ez-toc-btn ez-toc-btn-xs ez-toc-btn-default ez-toc-toggle\" aria-label=\"Toggle Table of Content\"><span class=\"ez-toc-js-icon-con\"><span class=\"\"><span class=\"eztoc-hide\" style=\"display:none;\">Toggle<\/span><span class=\"ez-toc-icon-toggle-span\"><svg style=\"fill: #999;color:#999\" xmlns=\"http:\/\/www.w3.org\/2000\/svg\" class=\"list-377408\" width=\"20px\" height=\"20px\" viewBox=\"0 0 24 24\" fill=\"none\"><path d=\"M6 6H4v2h2V6zm14 0H8v2h12V6zM4 11h2v2H4v-2zm16 0H8v2h12v-2zM4 16h2v2H4v-2zm16 0H8v2h12v-2z\" fill=\"currentColor\"><\/path><\/svg><svg style=\"fill: #999;color:#999\" class=\"arrow-unsorted-368013\" xmlns=\"http:\/\/www.w3.org\/2000\/svg\" width=\"10px\" height=\"10px\" viewBox=\"0 0 24 24\" version=\"1.2\" baseProfile=\"tiny\"><path d=\"M18.2 9.3l-6.2-6.3-6.2 6.3c-.2.2-.3.4-.3.7s.1.5.3.7c.2.2.4.3.7.3h11c.3 0 .5-.1.7-.3.2-.2.3-.5.3-.7s-.1-.5-.3-.7zM5.8 14.7l6.2 6.3 6.2-6.3c.2-.2.3-.5.3-.7s-.1-.5-.3-.7c-.2-.2-.4-.3-.7-.3h-11c-.3 0-.5.1-.7.3-.2.2-.3.5-.3.7s.1.5.3.7z\"\/><\/svg><\/span><\/span><\/span><\/a><\/span><\/div>\n<nav><ul class='ez-toc-list ez-toc-list-level-1 ' ><li class='ez-toc-page-1 ez-toc-heading-level-2'><a class=\"ez-toc-link ez-toc-heading-1\" href=\"https:\/\/raum-blick.de\/magazin\/skandinavische-designer\/#%C2%AB_Das_Who_is_Who_des_Scandi-Styles_%C2%BB\" >\u00ab Das Who is Who des Scandi-Styles \u00bb<\/a><\/li><li class='ez-toc-page-1 ez-toc-heading-level-2'><a class=\"ez-toc-link ez-toc-heading-2\" href=\"https:\/\/raum-blick.de\/magazin\/skandinavische-designer\/#Kajsa_und_Nisse_Strinning_%E2%80%93_praktisch_veranlagtes_Designduo_aus_Schweden\" >Kajsa und Nisse Strinning \u2013 praktisch veranlagtes Designduo aus Schweden<\/a><\/li><li class='ez-toc-page-1 ez-toc-heading-level-2'><a class=\"ez-toc-link ez-toc-heading-3\" href=\"https:\/\/raum-blick.de\/magazin\/skandinavische-designer\/#Georg_Jensen_%E2%80%93_neue_und_legendaere_Bestseller\" >Georg Jensen \u2013 neue und legend\u00e4re Bestseller<\/a><\/li><li class='ez-toc-page-1 ez-toc-heading-level-2'><a class=\"ez-toc-link ez-toc-heading-4\" href=\"https:\/\/raum-blick.de\/magazin\/skandinavische-designer\/#Beruehmte_Kubisten_fuers_hyggelige_Flair\" >Ber\u00fchmte Kubisten f\u00fcrs hyggelige Flair<\/a><\/li><li class='ez-toc-page-1 ez-toc-heading-level-2'><a class=\"ez-toc-link ez-toc-heading-5\" href=\"https:\/\/raum-blick.de\/magazin\/skandinavische-designer\/#Jung_gebliebene_Legenden_und_traditionsbewusste_Newcomer\" >Jung gebliebene Legenden und traditionsbewusste Newcomer<\/a><\/li><li class='ez-toc-page-1 ez-toc-heading-level-2'><a class=\"ez-toc-link ez-toc-heading-6\" href=\"https:\/\/raum-blick.de\/magazin\/skandinavische-designer\/#Liebenswuerdige_Augenschmeichler_fuers_gemuetliche_Zuhause\" >Liebensw\u00fcrdige Augenschmeichler f\u00fcrs gem\u00fctliche Zuhause<\/a><\/li><li class='ez-toc-page-1 ez-toc-heading-level-2'><a class=\"ez-toc-link ez-toc-heading-7\" href=\"https:\/\/raum-blick.de\/magazin\/skandinavische-designer\/#Kaum_vorgestellt_und_schon_eine_Ikone_Designerleuchten_aus_Skandinavien\" >Kaum vorgestellt und schon eine Ikone: Designerleuchten aus Skandinavien<\/a><\/li><\/ul><\/nav><\/div>\n\n<p><a href=\"https:\/\/www.raum-blick.de\/string-pocket-regal\"><img loading=\"lazy\" decoding=\"async\" class=\"aligncenter wp-image-16545 size-full\" title=\"String Pocket | Wandregal | Design: Nisse Strinning\" src=\"https:\/\/www.raum-blick.de\/magazin\/wp-content\/uploads\/2022\/08\/string-pocket-regal.jpg\" alt=\"string-pocket-regal\" width=\"800\" height=\"800\" srcset=\"https:\/\/raum-blick.de\/magazin\/wp-content\/uploads\/2022\/08\/string-pocket-regal.jpg 800w, https:\/\/raum-blick.de\/magazin\/wp-content\/uploads\/2022\/08\/string-pocket-regal-300x300.jpg 300w, https:\/\/raum-blick.de\/magazin\/wp-content\/uploads\/2022\/08\/string-pocket-regal-150x150.jpg 150w, https:\/\/raum-blick.de\/magazin\/wp-content\/uploads\/2022\/08\/string-pocket-regal-768x768.jpg 768w\" sizes=\"(max-width: 800px) 100vw, 800px\" \/><\/a><\/p>\n<p style=\"text-align: justify;\">Das <a href=\"https:\/\/www.raum-blick.de\/string\/\">String Regal<\/a> ist nordisches Design in Reinkultur. Es wirkt entz\u00fcckend simpel, beruht aber auf einer akribisch durchdachten Idee. Dem Ehepaar Strinning verhalf sie damals zum Durchbruch. Heute inspiriert sie Menschen, die zuvor nicht an ihre kreative Ader glaubten. Denn mit dem String-System wird man selbst zum M\u00f6beldesigner.<\/p>\n<h2><span class=\"ez-toc-section\" id=\"Georg_Jensen_%E2%80%93_neue_und_legendaere_Bestseller\"><\/span>Georg Jensen \u2013 neue und legend\u00e4re Bestseller<span class=\"ez-toc-section-end\"><\/span><\/h2>\n<p style=\"text-align: justify;\">Skandinavische Designer werden f\u00fcr einen Stil gesch\u00e4tzt, der alltagstauglich und erschwinglich ist. Es scheint absurd, mit diesen Idealen einen Prinzen in Verbindung zu bringen. Das Gegenteil bewies Sigvard Bernadotte als Sohn des schwedischen K\u00f6nigs. Er besuchte die Stockholmer Kunstakademie und lie\u00df sich von Pionieren der Moderne inspirieren. Bei <a href=\"https:\/\/www.raum-blick.de\/georg-jensen\/\">Georg Jensen<\/a> machte er eindrucksvoll Karriere, weil seine stringente Designsprache international gut ankam. F\u00fcr seinen Stil ist das Besteck Bernadotte typisch, das er 1939 entwarf. Der dekorative Part beschr\u00e4nkt sich auf L\u00e4ngsrillen.<\/p>\n<p><img loading=\"lazy\" decoding=\"async\" class=\"aligncenter wp-image-16539 size-full\" title=\"Georg Jensen Bernadotte Besteck | 24-teilig | Design: Sigvard Bernadotte, 1939\" src=\"https:\/\/www.raum-blick.de\/magazin\/wp-content\/uploads\/2022\/08\/georg-jensen-bernadotte-besteck-24-teilig.jpg\" alt=\"georg-jensen-bernadotte-besteck-24-teilig\" width=\"800\" height=\"800\" srcset=\"https:\/\/raum-blick.de\/magazin\/wp-content\/uploads\/2022\/08\/georg-jensen-bernadotte-besteck-24-teilig.jpg 800w, https:\/\/raum-blick.de\/magazin\/wp-content\/uploads\/2022\/08\/georg-jensen-bernadotte-besteck-24-teilig-300x300.jpg 300w, https:\/\/raum-blick.de\/magazin\/wp-content\/uploads\/2022\/08\/georg-jensen-bernadotte-besteck-24-teilig-150x150.jpg 150w, https:\/\/raum-blick.de\/magazin\/wp-content\/uploads\/2022\/08\/georg-jensen-bernadotte-besteck-24-teilig-768x768.jpg 768w\" sizes=\"(max-width: 800px) 100vw, 800px\" \/><\/p>\n<p style=\"text-align: justify;\">Eine edle Nuance addiert der polierte Edelstahl, den man f\u00fcr die Fertigung ohnehin ben\u00f6tigt. Legerer Snack oder glamour\u00f6ses Dinner: Nach dem Essen wandern die funktionalistischen Designklassiker mit adliger Vita in die Sp\u00fclmaschine. Auf dem Fr\u00fchst\u00fcckstisch begegnen die gerillten Messer der Helix Thermoskanne.<\/p>\n<p><img loading=\"lazy\" decoding=\"async\" class=\"aligncenter wp-image-16542 size-full\" title=\"Georg Jensen Helix Thermoskanne | 1 Liter | Design: Bernadotte &amp; Kylberg\" src=\"https:\/\/www.raum-blick.de\/magazin\/wp-content\/uploads\/2022\/08\/georg-jensen-helix-thermoskanne.jpg\" alt=\"georg-jensen-helix-thermoskanne\" width=\"800\" height=\"800\" srcset=\"https:\/\/raum-blick.de\/magazin\/wp-content\/uploads\/2022\/08\/georg-jensen-helix-thermoskanne.jpg 800w, https:\/\/raum-blick.de\/magazin\/wp-content\/uploads\/2022\/08\/georg-jensen-helix-thermoskanne-300x300.jpg 300w, https:\/\/raum-blick.de\/magazin\/wp-content\/uploads\/2022\/08\/georg-jensen-helix-thermoskanne-150x150.jpg 150w, https:\/\/raum-blick.de\/magazin\/wp-content\/uploads\/2022\/08\/georg-jensen-helix-thermoskanne-768x768.jpg 768w\" sizes=\"(max-width: 800px) 100vw, 800px\" \/><\/p>\n<p style=\"text-align: justify;\">Spontan f\u00e4llt auf, wie gut die Haushaltswaren zueinander passen. Das ist wahrscheinlich kein Zufall. Die Edelstahlkanne entwarfen Bernadotte &amp; Kylberg vor wenigen Jahren. Der erste Name sch\u00fcrt eine Vermutung, die stimmt: Zum Designduo geh\u00f6rt der schwedische Prinz Carl Philip &#8211; ein Nachfahre von Sigvard Bernadotte.<\/p>\n<p><a href=\"https:\/\/www.raum-blick.de\/georg-jensen-arne-jacobsen-besteck\"><img loading=\"lazy\" decoding=\"async\" class=\"aligncenter wp-image-16532 size-full\" title=\"Georg Jensen Arne Jacobsen Besteck | 4 \/ 24 teilig | Design: Arne Jacobsen\" src=\"https:\/\/www.raum-blick.de\/magazin\/wp-content\/uploads\/2022\/08\/georg-jensen-arne-jacobsen-besteck.jpg\" alt=\"georg-jensen-arne-jacobsen-besteck-skandinavische-designer\" width=\"800\" height=\"800\" srcset=\"https:\/\/raum-blick.de\/magazin\/wp-content\/uploads\/2022\/08\/georg-jensen-arne-jacobsen-besteck.jpg 800w, https:\/\/raum-blick.de\/magazin\/wp-content\/uploads\/2022\/08\/georg-jensen-arne-jacobsen-besteck-300x300.jpg 300w, https:\/\/raum-blick.de\/magazin\/wp-content\/uploads\/2022\/08\/georg-jensen-arne-jacobsen-besteck-150x150.jpg 150w, https:\/\/raum-blick.de\/magazin\/wp-content\/uploads\/2022\/08\/georg-jensen-arne-jacobsen-besteck-768x768.jpg 768w\" sizes=\"(max-width: 800px) 100vw, 800px\" \/><\/a><\/p>\n<p style=\"text-align: justify;\">Zeitlos ist gut, aber etwas mehr Extravaganz besser? Dann erobert das Edelstahlbesteck von Arne Jacobsen Ihr Herz. Der weltweit bedeutende Designer w\u00e4hlte daf\u00fcr 1957 einen modernistischen Stil, der au\u00dferordentlich k\u00fchn wirkte. Bis heute verleiht das <a href=\"https:\/\/www.raum-blick.de\/georg-jensen-arne-jacobsen-besteck\">Besteck von Arne Jacobsen<\/a> der gedeckten Tafel einen futuristischen Touch.<\/p>\n<h2><span class=\"ez-toc-section\" id=\"Beruehmte_Kubisten_fuers_hyggelige_Flair\"><\/span>Ber\u00fchmte Kubisten f\u00fcrs hyggelige Flair<span class=\"ez-toc-section-end\"><\/span><\/h2>\n<p style=\"text-align: justify;\">Nach dem erfolgreichen Studienabschluss 1923 intensivierte Mogens Lassen sein Fachwissen bei Reisen und Begegnungen mit ber\u00fchmten Architekten. Sp\u00e4ter nutzte er die experimentellen Inspirationen f\u00fcr architektonische Werke und Design-M\u00f6bel.<\/p>\n<p><a href=\"https:\/\/www.raum-blick.de\/by-lassen-kubus-4\"><img loading=\"lazy\" decoding=\"async\" class=\"aligncenter wp-image-16530 size-full\" title=\"by Lassen - Kubus 4 | der ikonische Kubus 4 Kerzenhalter\" src=\"https:\/\/www.raum-blick.de\/magazin\/wp-content\/uploads\/2022\/08\/by-lassen-kubus-4.jpg\" alt=\"by-lassen-kubus-4\" width=\"800\" height=\"800\" srcset=\"https:\/\/raum-blick.de\/magazin\/wp-content\/uploads\/2022\/08\/by-lassen-kubus-4.jpg 800w, https:\/\/raum-blick.de\/magazin\/wp-content\/uploads\/2022\/08\/by-lassen-kubus-4-300x300.jpg 300w, https:\/\/raum-blick.de\/magazin\/wp-content\/uploads\/2022\/08\/by-lassen-kubus-4-150x150.jpg 150w, https:\/\/raum-blick.de\/magazin\/wp-content\/uploads\/2022\/08\/by-lassen-kubus-4-768x768.jpg 768w\" sizes=\"(max-width: 800px) 100vw, 800px\" \/><\/a><\/p>\n<p style=\"text-align: justify;\">Sein skandinavischer Stil war beinahe pedantisch: Zahlreiche Jahre, Zeichnungen und Berechnungen investierte der Designer in den minimalistischen <a href=\"https:\/\/www.raum-blick.de\/by-lassen-kubus-4\">Kerzenst\u00e4nder Kubus 4<\/a>. Er war f\u00fcr private Zwecke gedacht, avancierte jedoch nach dem Deb\u00fct 1962 zur gefeierten Designikone. Bei der Architektur favorisierte sein Bruder Flemming ebenfalls kubistische Entw\u00fcrfe. Er \u00fcberraschte aber mit unkonventionellen Rundungen, wenn er M\u00f6bel entwarf.<\/p>\n<p><a href=\"https:\/\/www.raum-blick.de\/by-lassen-ingeborg-sessel\"><img loading=\"lazy\" decoding=\"async\" class=\"aligncenter wp-image-16528 size-full\" title=\"by Lassen \u2013 Ingeborg Sessel | Designersessel aus Schafsfell | Design: Flemming Lassen, 1940\" src=\"https:\/\/www.raum-blick.de\/magazin\/wp-content\/uploads\/2022\/08\/by-lassen-ingeborg-sessel.jpg\" alt=\"by-lassen-ingeborg-sessel-skandinavische-designer\" width=\"800\" height=\"545\" srcset=\"https:\/\/raum-blick.de\/magazin\/wp-content\/uploads\/2022\/08\/by-lassen-ingeborg-sessel.jpg 800w, https:\/\/raum-blick.de\/magazin\/wp-content\/uploads\/2022\/08\/by-lassen-ingeborg-sessel-300x204.jpg 300w, https:\/\/raum-blick.de\/magazin\/wp-content\/uploads\/2022\/08\/by-lassen-ingeborg-sessel-768x523.jpg 768w, https:\/\/raum-blick.de\/magazin\/wp-content\/uploads\/2022\/08\/by-lassen-ingeborg-sessel-110x75.jpg 110w\" sizes=\"(max-width: 800px) 100vw, 800px\" \/><\/a><\/p>\n<p style=\"text-align: justify;\">Das verdeutlicht ein Blick auf den Ingeborg Sessel von der <a href=\"https:\/\/www.raum-blick.de\/by-lassen\/\">Marke by Lassen<\/a>. Sie tr\u00e4gt das kreative Erbe der skandinavischen Br\u00fcder in die Zukunft.<\/p>\n<h2><span class=\"ez-toc-section\" id=\"Jung_gebliebene_Legenden_und_traditionsbewusste_Newcomer\"><\/span>Jung gebliebene Legenden und traditionsbewusste Newcomer<span class=\"ez-toc-section-end\"><\/span><\/h2>\n<p style=\"text-align: justify;\">Links sieht man die Vitra Freischwinger aus Polypropylen, die wie futuristische Skulpturen wirken. Rechts stehen die formal reduzierten <a href=\"https:\/\/www.raum-blick.de\/muuto-cover-side-stuhl\">Muuto St\u00fchle aus Eiche<\/a>, die sich zur Handwerkskunst bekennen. Welche M\u00f6bel sind \u00e4lter? Designkenner wissen die Antwort, Laien tippen schnell daneben.<\/p>\n<p><a href=\"https:\/\/www.raum-blick.de\/muuto-cover-side-stuhl\"><img loading=\"lazy\" decoding=\"async\" class=\"aligncenter wp-image-16520 size-full\" title=\"Muuto \u2013 Cover Side Stuhl | zeitloser Stuhl | Design: Thomas Bentzen\" src=\"https:\/\/www.raum-blick.de\/magazin\/wp-content\/uploads\/2022\/08\/muuto-cover-side-stuhl.jpg\" alt=\"muuto-cover-side-stuhl\" width=\"800\" height=\"800\" srcset=\"https:\/\/raum-blick.de\/magazin\/wp-content\/uploads\/2022\/08\/muuto-cover-side-stuhl.jpg 800w, https:\/\/raum-blick.de\/magazin\/wp-content\/uploads\/2022\/08\/muuto-cover-side-stuhl-300x300.jpg 300w, https:\/\/raum-blick.de\/magazin\/wp-content\/uploads\/2022\/08\/muuto-cover-side-stuhl-150x150.jpg 150w, https:\/\/raum-blick.de\/magazin\/wp-content\/uploads\/2022\/08\/muuto-cover-side-stuhl-768x768.jpg 768w\" sizes=\"(max-width: 800px) 100vw, 800px\" \/><\/a><\/p>\n<p style=\"text-align: justify;\">Das Experimentieren mit innovativen Materialien und Pop-Art-Stilelementen bereitete Verner Panton Freude, nach dem der erste Designklassiker benannt ist. So vision\u00e4r wie der Einsatz von Kunststoff war sein Ziel, die M\u00f6bel in einem St\u00fcck zu fertigen. Die serielle Produktion entpuppte sich als Herausforderung, die Vitra 1967 meisterte. Taufrisch ist der Entwurf von Thomas Bentzen f\u00fcr die stapelbaren Holzst\u00fchle. Gerundete R\u00fcckenpartie, gefaltete Armlehnen, schr\u00e4ge Beine: Hinter jedem formsch\u00f6nen Detail steckt ein praktischer Gedanke.<\/p>\n<div class='et-box et-success'>\n\t\t\t\t\t<div class='et-box-content'>Gleiches gilt f\u00fcr das robuste Naturmaterial, das der M\u00f6beldesigner ausw\u00e4hlt. Die Quintessenz sind alltagstaugliche M\u00f6bel, die Generationen \u00fcberzeugen und \u00fcberleben.<\/div><\/div>\n<h2><span class=\"ez-toc-section\" id=\"Liebenswuerdige_Augenschmeichler_fuers_gemuetliche_Zuhause\"><\/span>Liebensw\u00fcrdige Augenschmeichler f\u00fcrs gem\u00fctliche Zuhause<span class=\"ez-toc-section-end\"><\/span><\/h2>\n<p style=\"text-align: justify;\">Skandinavische Designer lieben reduzierte \u00c4sthetik genauso wie funktionale Raffinesse. Weckt das die Sehnsucht nach einer Prise Verr\u00fccktheit? Kommt sofort, aus der Feder von <a href=\"https:\/\/www.raum-blick.de\/bjoern-wiinblad\/\">Bj\u00f8rn Wiinblad<\/a>: Er verfolgte mit seinen Keramikarbeiten das Ziel, Lebensfreude zu verbreiten.<\/p>\n<p><a href=\"https:\/\/www.raum-blick.de\/bjoern-wiinblad-eva-blumenvase\"><img loading=\"lazy\" decoding=\"async\" class=\"aligncenter wp-image-16507 size-full\" title=\"Bjoern Wiinblad \u2013 Eva | die extravagante Blumenvase mit Gesicht | Design: Bj\u00f8rn Wiinblad\" src=\"https:\/\/www.raum-blick.de\/magazin\/wp-content\/uploads\/2022\/08\/bjoern-wiinblad-eva-blumenvase.jpg\" alt=\"bjoern-wiinblad-eva-blumenvase-skandinavische-designer\" width=\"800\" height=\"800\" srcset=\"https:\/\/raum-blick.de\/magazin\/wp-content\/uploads\/2022\/08\/bjoern-wiinblad-eva-blumenvase.jpg 800w, https:\/\/raum-blick.de\/magazin\/wp-content\/uploads\/2022\/08\/bjoern-wiinblad-eva-blumenvase-300x300.jpg 300w, https:\/\/raum-blick.de\/magazin\/wp-content\/uploads\/2022\/08\/bjoern-wiinblad-eva-blumenvase-150x150.jpg 150w, https:\/\/raum-blick.de\/magazin\/wp-content\/uploads\/2022\/08\/bjoern-wiinblad-eva-blumenvase-768x768.jpg 768w\" sizes=\"(max-width: 800px) 100vw, 800px\" \/><\/a><\/p>\n<p style=\"text-align: justify;\">Bei der ersten Begegnung mit der Blumenvase Eva steht fest: Die Mission ist ihm gegl\u00fcckt. Blickt man in die Kulleraugen der skizzierten Frau, schl\u00e4gt das Herz Purzelb\u00e4ume. So liebenswert wie die Eva Blumenvase von Bj\u00f8rn Wiinblad sind die Figuren von <a href=\"https:\/\/www.raum-blick.de\/kay-bojesen\/\">Kay Bojesen<\/a>. Der skandinavische Designer entwarf das Holzspielzeug ab 1919 f\u00fcr seine Kinder. Den Werkstoff w\u00e4hlte er, weil er nicht zerbrechlich ist.<\/p>\n<p><a href=\"https:\/\/www.raum-blick.de\/kay-bojesen-singvoegel\"><img loading=\"lazy\" decoding=\"async\" class=\"aligncenter wp-image-16512 size-full\" title=\"Kay Bojesen Singv\u00f6gel | Ruth, Pop, Otto, Kay, Peter und Sunshine | Design: Kay Bojesen, 1950 \/ 2012\" src=\"https:\/\/www.raum-blick.de\/magazin\/wp-content\/uploads\/2022\/08\/kay-bojesen-singvoegel.jpg\" alt=\"kay-bojesen-singvoegel\" width=\"800\" height=\"800\" srcset=\"https:\/\/raum-blick.de\/magazin\/wp-content\/uploads\/2022\/08\/kay-bojesen-singvoegel.jpg 800w, https:\/\/raum-blick.de\/magazin\/wp-content\/uploads\/2022\/08\/kay-bojesen-singvoegel-300x300.jpg 300w, https:\/\/raum-blick.de\/magazin\/wp-content\/uploads\/2022\/08\/kay-bojesen-singvoegel-150x150.jpg 150w, https:\/\/raum-blick.de\/magazin\/wp-content\/uploads\/2022\/08\/kay-bojesen-singvoegel-768x768.jpg 768w\" sizes=\"(max-width: 800px) 100vw, 800px\" \/><\/a><\/p>\n<p style=\"text-align: justify;\">P\u00e4dagogisch motiviert ist der minimalistische Look: Er regt die Experimentierfreude an, statt sie durch viele Details auszubremsen. Die Herangehensweise macht d\u00e4nisches Design aus: Im Vordergrund steht eine Funktion, f\u00fcr die man eine sinnvolle Form findet.<\/p>\n<p><a href=\"https:\/\/www.raum-blick.de\/kay-bojesen-affe\"><img loading=\"lazy\" decoding=\"async\" class=\"aligncenter wp-image-16514 size-full\" title=\"Kay Bojesen Affe | Holz-Figur: gro\u00df \/ klein | Design: Kay Bojesen, 1951\" src=\"https:\/\/www.raum-blick.de\/magazin\/wp-content\/uploads\/2022\/08\/kay-bojesen-affe.jpg\" alt=\"kay-bojesen-affe-skandinavische-designer\" width=\"800\" height=\"800\" srcset=\"https:\/\/raum-blick.de\/magazin\/wp-content\/uploads\/2022\/08\/kay-bojesen-affe.jpg 800w, https:\/\/raum-blick.de\/magazin\/wp-content\/uploads\/2022\/08\/kay-bojesen-affe-300x300.jpg 300w, https:\/\/raum-blick.de\/magazin\/wp-content\/uploads\/2022\/08\/kay-bojesen-affe-150x150.jpg 150w, https:\/\/raum-blick.de\/magazin\/wp-content\/uploads\/2022\/08\/kay-bojesen-affe-768x768.jpg 768w\" sizes=\"(max-width: 800px) 100vw, 800px\" \/><\/a><\/p>\n<p style=\"text-align: justify;\">Beides ebnet nebenbei der \u00c4sthetik den Weg. Sie hat einen Mehrwert f\u00fcr Erwachsene: Es wirkt geschmackvoll, wenn man M\u00f6bel mit den Singv\u00f6geln dekoriert. Gleiches gilt f\u00fcr den <a href=\"https:\/\/www.raum-blick.de\/kay-bojesen-affe\">kultigen Affen von Kay Bojesen<\/a>, der insgeheim kompliziert ist: Wer h\u00e4tte gedacht, dass er aus 31 Einzelteilen besteht?<\/p>\n<h2><span class=\"ez-toc-section\" id=\"Kaum_vorgestellt_und_schon_eine_Ikone_Designerleuchten_aus_Skandinavien\"><\/span>Kaum vorgestellt und schon eine Ikone: Designerleuchten aus Skandinavien<span class=\"ez-toc-section-end\"><\/span><\/h2>\n<p style=\"text-align: justify;\">Das New Yorker MoMA und das Schwedische Nationalmuseum stellte bereits Arbeiten von Mattias St\u00e5hlbom aus. Er z\u00e4hlt zu den wegweisenden Designern der Gegenwart. Gemeinsam mit dem Studio TAF greift er gerne Gewohntes aus dem Alltag auf, um es ungew\u00f6hnlich zu interpretieren.<\/p>\n<p><a href=\"https:\/\/www.raum-blick.de\/muuto-e27-led-pendelleuchte\"><img loading=\"lazy\" decoding=\"async\" class=\"aligncenter wp-image-16497 size-full\" title=\"Muuto E27 LED | Pendelleuchte | Design: Mattias St\u00e5hlbom\" src=\"https:\/\/www.raum-blick.de\/magazin\/wp-content\/uploads\/2022\/08\/muuto-e27-led-pendelleuchte.jpg\" alt=\"muuto-e27-led-pendelleuchte\" width=\"800\" height=\"770\" srcset=\"https:\/\/raum-blick.de\/magazin\/wp-content\/uploads\/2022\/08\/muuto-e27-led-pendelleuchte.jpg 800w, https:\/\/raum-blick.de\/magazin\/wp-content\/uploads\/2022\/08\/muuto-e27-led-pendelleuchte-300x289.jpg 300w, https:\/\/raum-blick.de\/magazin\/wp-content\/uploads\/2022\/08\/muuto-e27-led-pendelleuchte-768x739.jpg 768w\" sizes=\"(max-width: 800px) 100vw, 800px\" \/><\/a><\/p>\n<p style=\"text-align: justify;\">Ein gelungenes Exempel daf\u00fcr ist die <a href=\"https:\/\/www.raum-blick.de\/muuto-e27-led-pendelleuchte\">Leuchtenkollektion E27<\/a>, die Muuto anbietet. Genau genommen gibt Mattias St\u00e5hlbom nur eine LED-Gl\u00fchbirne mit Fassung und farbigem Kabel an die Hand. Das Design-Finish ergibt sich, wenn Nutzer die leuchtenden Accessoires kreativ arrangieren und kombinieren.<\/p>\n<p><a href=\"https:\/\/www.raum-blick.de\/umage-eos\"><img loading=\"lazy\" decoding=\"async\" class=\"aligncenter wp-image-16499 size-full\" title=\"UMAGE EOS aus G\u00e4nsefedern inkl. Kabelset und LED Leuchtmittel | Design: UMAGE\" src=\"https:\/\/www.raum-blick.de\/magazin\/wp-content\/uploads\/2022\/08\/umage-eos.jpg\" alt=\"umage-eos-skandinavische-designer\" width=\"800\" height=\"800\" srcset=\"https:\/\/raum-blick.de\/magazin\/wp-content\/uploads\/2022\/08\/umage-eos.jpg 800w, https:\/\/raum-blick.de\/magazin\/wp-content\/uploads\/2022\/08\/umage-eos-300x300.jpg 300w, https:\/\/raum-blick.de\/magazin\/wp-content\/uploads\/2022\/08\/umage-eos-150x150.jpg 150w, https:\/\/raum-blick.de\/magazin\/wp-content\/uploads\/2022\/08\/umage-eos-768x768.jpg 768w\" sizes=\"(max-width: 800px) 100vw, 800px\" \/><\/a><\/p>\n<p style=\"text-align: justify;\">Typisch skandinavisch ist die dezente Formensprache der <a href=\"https:\/\/www.raum-blick.de\/umage-eos\">EOS<\/a>, die S\u00f8ren Ravn Christensen f\u00fcr <a href=\"https:\/\/www.raum-blick.de\/umage\/\">UMAGE<\/a> entwarf. Unkonventionell erscheint die Materialwahl bei der preisgekr\u00f6nten Designerlampe, die im wahrsten Sinne des Wortes federleicht ist.<\/p>\n<div class='et-box et-note'>\n\t\t\t\t\t<div class='et-box-content'>Sie setzt sich tats\u00e4chlich aus unz\u00e4hligen Vogelfedern zusammen. Das Naturmaterial verw\u00f6hnt das Auge und beschert eine weiche Lichtwirkung.<\/div><\/div>\n<p style=\"text-align: justify;\">Bei seinen Entw\u00fcrfen achtet S\u00f8ren Ravn Christensen stets auf ein Detail, das man nicht sieht: Die luftig-leichten Lampen lassen sich extrem platzsparend verpacken. So gelangen die Wohnaccessoires mit niedrigem CO<sub>2 <\/sub>Fu\u00dfabdruck vom Hersteller ins Zuhause der Designfans.<\/p>\n","protected":false},"excerpt":{"rendered":"<p>\u00ab Das Who is Who des Scandi-Styles \u00bb Was ist skandinavisches Design? Wer die Frage kurz und knapp beantworten m\u00f6chte, ger\u00e4t ins Schleudern. Das Blatt wendet sich beim neugierigen Zoom auf legend\u00e4re M\u00f6bel und Accessoires aus dem Norden. Danach erkennt man intuitiv: Klar, das ist Scandi-Style! Kajsa und Nisse Strinning \u2013 praktisch veranlagtes Designduo aus [&hellip;]<\/p>\n","protected":false},"author":4,"featured_media":16547,"comment_status":"closed","ping_status":"open","sticky":false,"template":"","format":"standard","meta":{"_et_pb_use_builder":"","_et_pb_old_content":"","_et_gb_content_width":"","inline_featured_image":false,"footnotes":""},"categories":[8],"tags":[217,998,287,334,1779,341,323,1353,322,288,43,239,1236,1595,327,1724,732,1596,24,1101,799,935,852,913],"class_list":["post-16490","post","type-post","status-publish","format-standard","has-post-thumbnail","hentry","category-features","tag-besteck","tag-bjrn-wiinblad","tag-by-lassen","tag-design","tag-designer","tag-georg-jensen","tag-holzfiguren","tag-hyggelig","tag-kay-bojesen","tag-kerzenhalter","tag-leuchten","tag-muuto","tag-pendelleuchte","tag-scandi-style","tag-sessel","tag-skandinavien","tag-skandinavisch","tag-skandinavisches-design","tag-string-pocket","tag-stuhl","tag-thermoskanne","tag-umage","tag-vase","tag-wandregal"],"_links":{"self":[{"href":"https:\/\/raum-blick.de\/magazin\/wp-json\/wp\/v2\/posts\/16490","targetHints":{"allow":["GET"]}}],"collection":[{"href":"https:\/\/raum-blick.de\/magazin\/wp-json\/wp\/v2\/posts"}],"about":[{"href":"https:\/\/raum-blick.de\/magazin\/wp-json\/wp\/v2\/types\/post"}],"author":[{"embeddable":true,"href":"https:\/\/raum-blick.de\/magazin\/wp-json\/wp\/v2\/users\/4"}],"replies":[{"embeddable":true,"href":"https:\/\/raum-blick.de\/magazin\/wp-json\/wp\/v2\/comments?post=16490"}],"version-history":[{"count":47,"href":"https:\/\/raum-blick.de\/magazin\/wp-json\/wp\/v2\/posts\/16490\/revisions"}],"predecessor-version":[{"id":20679,"href":"https:\/\/raum-blick.de\/magazin\/wp-json\/wp\/v2\/posts\/16490\/revisions\/20679"}],"wp:featuredmedia":[{"embeddable":true,"href":"https:\/\/raum-blick.de\/magazin\/wp-json\/wp\/v2\/media\/16547"}],"wp:attachment":[{"href":"https:\/\/raum-blick.de\/magazin\/wp-json\/wp\/v2\/media?parent=16490"}],"wp:term":[{"taxonomy":"category","embeddable":true,"href":"https:\/\/raum-blick.de\/magazin\/wp-json\/wp\/v2\/categories?post=16490"},{"taxonomy":"post_tag","embeddable":true,"href":"https:\/\/raum-blick.de\/magazin\/wp-json\/wp\/v2\/tags?post=16490"}],"curies":[{"name":"wp","href":"https:\/\/api.w.org\/{rel}","templated":true}]}}