{"id":16323,"date":"2022-06-02T10:40:07","date_gmt":"2022-06-02T08:40:07","guid":{"rendered":"https:\/\/www.raum-blick.de\/magazin\/?p=16323"},"modified":"2024-08-28T11:14:54","modified_gmt":"2024-08-28T09:14:54","slug":"individuelle-einrichtungsstile-entdecken","status":"publish","type":"post","link":"https:\/\/raum-blick.de\/magazin\/individuelle-einrichtungsstile-entdecken\/","title":{"rendered":"Individuelle Einrichtungsstile entdecken"},"content":{"rendered":"<h2><span class=\"ez-toc-section\" id=\"%C2%AB_Wohnideen_mit_rotem_Faden_und_persoenlicher_Note_%C2%BB\"><\/span>\u00ab Wohnideen mit rotem Faden und pers\u00f6nlicher Note \u00bb<span class=\"ez-toc-section-end\"><\/span><\/h2>\n<p style=\"text-align: justify;\"><strong>Wer sich auf elegante Art mediterran einrichten m\u00f6chte, bevorzugt italienisches Design. Mag man es skandinavisch, sind Kollektionen aus dem Norden ideal. Individuelle Wohnideen reichen weit \u00fcber diese logischen Schlussfolgerungen hinaus. Lassen Sie sich von Beispielen f\u00fcr bezaubernde Einrichtungsstile inspirieren, um Ihren h\u00f6chstpers\u00f6nlichen Wohnstil zu entwickeln.<\/strong><\/p>\n<h2><span class=\"ez-toc-section\" id=\"Entzueckend_nostalgisch_Terrassengestaltung_im_Vintage-Stil\"><\/span>Entz\u00fcckend nostalgisch: Terrassengestaltung im Vintage-Stil<span class=\"ez-toc-section-end\"><\/span><\/h2>\n<p style=\"text-align: justify;\">Vintage M\u00f6bel sind etwas altmodisch und trotzdem faszinierend sch\u00f6n. Im Idealfall wurden sie zwischen 1920 und 1970 gefertigt. F\u00fcr Wohnideen im Vintage-Stil d\u00fcrfen es alternativ Reproduktionen oder neue Kollektionen sein, die Designelemente aus vergangenen Jahrzehnten aufgreifen. Die Marke <a href=\"https:\/\/www.raum-blick.de\/fermob\/\">Fermob<\/a> stellt originalgetreue Metallm\u00f6bel her, die seit dem 19. Jahrhundert Au\u00dfenterrassen charakterisieren.<\/p><div id=\"ez-toc-container\" class=\"ez-toc-v2_0_82_2 counter-hierarchy ez-toc-counter ez-toc-grey ez-toc-container-direction\">\n<div class=\"ez-toc-title-container\">\n<p class=\"ez-toc-title\" style=\"cursor:inherit\">Was hier auf Sie wartet<\/p>\n<span class=\"ez-toc-title-toggle\"><a href=\"#\" class=\"ez-toc-pull-right ez-toc-btn ez-toc-btn-xs ez-toc-btn-default ez-toc-toggle\" aria-label=\"Toggle Table of Content\"><span class=\"ez-toc-js-icon-con\"><span class=\"\"><span class=\"eztoc-hide\" style=\"display:none;\">Toggle<\/span><span class=\"ez-toc-icon-toggle-span\"><svg style=\"fill: #999;color:#999\" xmlns=\"http:\/\/www.w3.org\/2000\/svg\" class=\"list-377408\" width=\"20px\" height=\"20px\" viewBox=\"0 0 24 24\" fill=\"none\"><path d=\"M6 6H4v2h2V6zm14 0H8v2h12V6zM4 11h2v2H4v-2zm16 0H8v2h12v-2zM4 16h2v2H4v-2zm16 0H8v2h12v-2z\" fill=\"currentColor\"><\/path><\/svg><svg style=\"fill: #999;color:#999\" class=\"arrow-unsorted-368013\" xmlns=\"http:\/\/www.w3.org\/2000\/svg\" width=\"10px\" height=\"10px\" viewBox=\"0 0 24 24\" version=\"1.2\" baseProfile=\"tiny\"><path d=\"M18.2 9.3l-6.2-6.3-6.2 6.3c-.2.2-.3.4-.3.7s.1.5.3.7c.2.2.4.3.7.3h11c.3 0 .5-.1.7-.3.2-.2.3-.5.3-.7s-.1-.5-.3-.7zM5.8 14.7l6.2 6.3 6.2-6.3c.2-.2.3-.5.3-.7s-.1-.5-.3-.7c-.2-.2-.4-.3-.7-.3h-11c-.3 0-.5.1-.7.3-.2.2-.3.5-.3.7s.1.5.3.7z\"\/><\/svg><\/span><\/span><\/span><\/a><\/span><\/div>\n<nav><ul class='ez-toc-list ez-toc-list-level-1 ' ><li class='ez-toc-page-1 ez-toc-heading-level-2'><a class=\"ez-toc-link ez-toc-heading-1\" href=\"https:\/\/raum-blick.de\/magazin\/individuelle-einrichtungsstile-entdecken\/#%C2%AB_Wohnideen_mit_rotem_Faden_und_persoenlicher_Note_%C2%BB\" >\u00ab Wohnideen mit rotem Faden und pers\u00f6nlicher Note \u00bb<\/a><\/li><li class='ez-toc-page-1 ez-toc-heading-level-2'><a class=\"ez-toc-link ez-toc-heading-2\" href=\"https:\/\/raum-blick.de\/magazin\/individuelle-einrichtungsstile-entdecken\/#Entzueckend_nostalgisch_Terrassengestaltung_im_Vintage-Stil\" >Entz\u00fcckend nostalgisch: Terrassengestaltung im Vintage-Stil<\/a><\/li><li class='ez-toc-page-1 ez-toc-heading-level-2'><a class=\"ez-toc-link ez-toc-heading-3\" href=\"https:\/\/raum-blick.de\/magazin\/individuelle-einrichtungsstile-entdecken\/#Mid-Century-Charme_fuer_die_Wohnkueche\" >Mid-Century-Charme f\u00fcr die Wohnk\u00fcche<\/a><\/li><li class='ez-toc-page-1 ez-toc-heading-level-2'><a class=\"ez-toc-link ez-toc-heading-4\" href=\"https:\/\/raum-blick.de\/magazin\/individuelle-einrichtungsstile-entdecken\/#Einrichtungsstil_mit_froehlichen_Retro-Akzenten\" >Einrichtungsstil mit fr\u00f6hlichen Retro-Akzenten<\/a><\/li><li class='ez-toc-page-1 ez-toc-heading-level-2'><a class=\"ez-toc-link ez-toc-heading-5\" href=\"https:\/\/raum-blick.de\/magazin\/individuelle-einrichtungsstile-entdecken\/#Industrial_Style_Kontrastreiches_Industriedesign_im_Buero\" >Industrial Style: Kontrastreiches Industriedesign im B\u00fcro<\/a><\/li><li class='ez-toc-page-1 ez-toc-heading-level-2'><a class=\"ez-toc-link ez-toc-heading-6\" href=\"https:\/\/raum-blick.de\/magazin\/individuelle-einrichtungsstile-entdecken\/#Moderner_Landhausstil_hyggelige_Natureindruecke\" >Moderner Landhausstil: hyggelige Natureindr\u00fccke<\/a><\/li><li class='ez-toc-page-1 ez-toc-heading-level-2'><a class=\"ez-toc-link ez-toc-heading-7\" href=\"https:\/\/raum-blick.de\/magazin\/individuelle-einrichtungsstile-entdecken\/#Lagom_Einrichtungsstil_%E2%80%93_pures_Wohnglueck_aus_Schweden\" >Lagom Einrichtungsstil \u2013 pures Wohngl\u00fcck aus Schweden<\/a><\/li><li class='ez-toc-page-1 ez-toc-heading-level-2'><a class=\"ez-toc-link ez-toc-heading-8\" href=\"https:\/\/raum-blick.de\/magazin\/individuelle-einrichtungsstile-entdecken\/#Japandi_%E2%80%93_befreiende_Fusion_japanischer_und_skandinavischer_Stilmittel\" >Japandi \u2013 befreiende Fusion japanischer und skandinavischer Stilmittel<\/a><\/li><\/ul><\/nav><\/div>\n\n<p><img loading=\"lazy\" decoding=\"async\" class=\"aligncenter wp-image-16405 size-full\" title=\"Fermob \u2013 Airloop Gartenstuhl | stapelbar | Design: Fr\u00e9d\u00e9ric Sofia\" src=\"https:\/\/www.raum-blick.de\/magazin\/wp-content\/uploads\/2022\/06\/fermob-airloop-sessel.jpg\" alt=\"fermob-airloop-sessel\" width=\"720\" height=\"720\" srcset=\"https:\/\/raum-blick.de\/magazin\/wp-content\/uploads\/2022\/06\/fermob-airloop-sessel.jpg 720w, https:\/\/raum-blick.de\/magazin\/wp-content\/uploads\/2022\/06\/fermob-airloop-sessel-300x300.jpg 300w, https:\/\/raum-blick.de\/magazin\/wp-content\/uploads\/2022\/06\/fermob-airloop-sessel-150x150.jpg 150w\" sizes=\"(max-width: 720px) 100vw, 720px\" \/><\/p>\n<p style=\"text-align: justify;\">Das gilt nicht nur f\u00fcr Pariser Bistros, sondern auch f\u00fcr Stra\u00dfencaf\u00e9s an der C\u00f4te d&#8217;Azur und in der Toscana. Wenn man sich mit einer Prise Tradition mediterran einrichten m\u00f6chte, sind die Designklassiker willkommen. Sie interpretierte Fr\u00e9d\u00e9ric Sofia trendbewusst bei der Fermob Gartenkollektion Airloop. Pr\u00e4gen die wunderbar luftig gestalteten Tische und St\u00fchle die Terrasse, entfaltet sich sofort s\u00fcdl\u00e4ndisches Vintage-Flair. Bei den Plant Boxes bekennt sich <a href=\"https:\/\/www.raum-blick.de\/ferm-living\/\">ferm LIVING<\/a> zum identischen Material.<\/p>\n<p><a href=\"https:\/\/www.raum-blick.de\/ferm-living-plant-box\"><img loading=\"lazy\" decoding=\"async\" class=\"aligncenter wp-image-16402 size-full\" title=\"ferm LIVING - Plant Box | Pflanzenbeh\u00e4lter \/ Raumtrenner | Design: ferm LIVING\" src=\"https:\/\/www.raum-blick.de\/magazin\/wp-content\/uploads\/2022\/06\/ferm-living-plant-box.jpg\" alt=\"ferm-living-plant-box Individuelle Einrichtungsstile entdecken\" width=\"800\" height=\"800\" srcset=\"https:\/\/raum-blick.de\/magazin\/wp-content\/uploads\/2022\/06\/ferm-living-plant-box.jpg 800w, https:\/\/raum-blick.de\/magazin\/wp-content\/uploads\/2022\/06\/ferm-living-plant-box-300x300.jpg 300w, https:\/\/raum-blick.de\/magazin\/wp-content\/uploads\/2022\/06\/ferm-living-plant-box-150x150.jpg 150w, https:\/\/raum-blick.de\/magazin\/wp-content\/uploads\/2022\/06\/ferm-living-plant-box-768x768.jpg 768w\" sizes=\"(max-width: 800px) 100vw, 800px\" \/><\/a><\/p>\n<p style=\"text-align: justify;\">Sie inszenieren das bunte Potpourri mit Geranien, Thymian und Zwergtomate, das an einen Bauerngarten erinnert. Die Pflanzidee passt genauso gut zum mediterran angehauchten Vintage-Einrichtungsstil wie die Pflanzbeh\u00e4lter von ferm LIVING aus D\u00e4nemark.<\/p>\n<h2><span class=\"ez-toc-section\" id=\"Mid-Century-Charme_fuer_die_Wohnkueche\"><\/span>Mid-Century-Charme f\u00fcr die Wohnk\u00fcche<span class=\"ez-toc-section-end\"><\/span><\/h2>\n<p style=\"text-align: justify;\">Lebensfrohe Offenheit f\u00fcr neue Materialien vereinte sich in der Nachkriegszeit mit dem Wunsch, das Zuhause wohnlich zu gestalten. Das bewog zur neuen \u00c4ra beim Produktdesign und Einrichtungsstil. \u00c4sthetisch reduzierte Entw\u00fcrfe mit funktionalem Touch und flie\u00dfenden Linien waren in den USA genauso en vogue wie in europ\u00e4ischen L\u00e4ndern. Vittorio Bertazzoni gr\u00fcndete 1948 die Marke SMEG, die italienisches Design im Mid-Century-Look bis heute pflegt.<\/p>\n<p><a href=\"https:\/\/www.raum-blick.de\/smeg-toaster-lang\"><img loading=\"lazy\" decoding=\"async\" class=\"aligncenter wp-image-16407 size-full\" title=\"SMEG Toaster lang | 2-Schlitz lang TSF02 | Design: Raffaella Mangiarotti + Matteo Bazzicalupa\" src=\"https:\/\/www.raum-blick.de\/magazin\/wp-content\/uploads\/2022\/06\/smeg-toaster-lang.jpg\" alt=\"smeg-toaster-lang Individuelle Einrichtungsstile entdecken\" width=\"800\" height=\"800\" srcset=\"https:\/\/raum-blick.de\/magazin\/wp-content\/uploads\/2022\/06\/smeg-toaster-lang.jpg 800w, https:\/\/raum-blick.de\/magazin\/wp-content\/uploads\/2022\/06\/smeg-toaster-lang-300x300.jpg 300w, https:\/\/raum-blick.de\/magazin\/wp-content\/uploads\/2022\/06\/smeg-toaster-lang-150x150.jpg 150w, https:\/\/raum-blick.de\/magazin\/wp-content\/uploads\/2022\/06\/smeg-toaster-lang-768x768.jpg 768w\" sizes=\"(max-width: 800px) 100vw, 800px\" \/><\/a><\/p>\n<p style=\"text-align: justify;\">K\u00fchlschrank, Toaster und Wasserkocher und andere <a href=\"https:\/\/www.raum-blick.de\/smeg\/\">SMEG K\u00fcchenger\u00e4te<\/a>: Signieren die formsch\u00f6nen Elektroger\u00e4te die K\u00fcche, wirkt der Wohnstil so optimistisch wie zur Wirtschaftswunderzeit. Auffallend zweckm\u00e4\u00dfig pr\u00e4sentiert sich die Wandleuchte Petit Potence von <a href=\"https:\/\/www.raum-blick.de\/vitra\/\">Vitra<\/a>, die Jean Prouv\u00e9 1947 im Mid-Century-Stil entwarf.<\/p>\n<p><a href=\"https:\/\/www.raum-blick.de\/vitra-petit-potence-wandleuchte\"><img loading=\"lazy\" decoding=\"async\" class=\"aligncenter wp-image-16395 size-full\" title=\"Vitra \u2013 Petit Potence Wandlampe | ca. 1 Meter lang | Design: Jean Prouv\u00e9, 1947\" src=\"https:\/\/www.raum-blick.de\/magazin\/wp-content\/uploads\/2022\/06\/vitra-petit-potence-wandleuchte.jpg\" alt=\"vitra-petit-potence-wandleuchte\" width=\"800\" height=\"800\" srcset=\"https:\/\/raum-blick.de\/magazin\/wp-content\/uploads\/2022\/06\/vitra-petit-potence-wandleuchte.jpg 800w, https:\/\/raum-blick.de\/magazin\/wp-content\/uploads\/2022\/06\/vitra-petit-potence-wandleuchte-300x300.jpg 300w, https:\/\/raum-blick.de\/magazin\/wp-content\/uploads\/2022\/06\/vitra-petit-potence-wandleuchte-150x150.jpg 150w, https:\/\/raum-blick.de\/magazin\/wp-content\/uploads\/2022\/06\/vitra-petit-potence-wandleuchte-768x768.jpg 768w\" sizes=\"(max-width: 800px) 100vw, 800px\" \/><\/a><\/p>\n<p style=\"text-align: justify;\">Wohnideen m\u00fcssen nicht komplett einer vergangenen Epoche treu bleiben. Einige Haushaltsger\u00e4te von SMEG und die ausladende Wandlampe von Vitra gen\u00fcgen, um die K\u00fccheneinrichtung charmant aufzupeppen.<\/p>\n<h2><span class=\"ez-toc-section\" id=\"Einrichtungsstil_mit_froehlichen_Retro-Akzenten\"><\/span>Einrichtungsstil mit fr\u00f6hlichen Retro-Akzenten<span class=\"ez-toc-section-end\"><\/span><\/h2>\n<p style=\"text-align: justify;\">Wer Retro h\u00f6rt, denkt an gewagte Muster, krasse Farben und l\u00e4ssiges M\u00f6beldesign. Der Einrichtungsstil mit Link zu den 1960ern und 1970ern strotzt vor Freude. Er passt deshalb bestens zur Atmosph\u00e4re, die man sich f\u00fcrs Kinderzimmer w\u00fcnscht. Fatboy verhalf dem Sitzsack zum Comeback.<\/p>\n<p><img loading=\"lazy\" decoding=\"async\" class=\"aligncenter wp-image-16391 size-full\" title=\"Fatboy \u2013 Slim Pop Sitzsack | 60-Jahre Bezug | Design: Fatboy &amp; Carole Baijings\" src=\"https:\/\/www.raum-blick.de\/magazin\/wp-content\/uploads\/2022\/06\/fatboy-slim-pop-sitzsack.jpg\" alt=\"fatboy-slim-pop-sitzsack\" width=\"800\" height=\"660\" srcset=\"https:\/\/raum-blick.de\/magazin\/wp-content\/uploads\/2022\/06\/fatboy-slim-pop-sitzsack.jpg 800w, https:\/\/raum-blick.de\/magazin\/wp-content\/uploads\/2022\/06\/fatboy-slim-pop-sitzsack-300x248.jpg 300w, https:\/\/raum-blick.de\/magazin\/wp-content\/uploads\/2022\/06\/fatboy-slim-pop-sitzsack-768x634.jpg 768w\" sizes=\"(max-width: 800px) 100vw, 800px\" \/><\/p>\n<p style=\"text-align: justify;\">Den Retro-Look der Kultm\u00f6bel verst\u00e4rkte Carole Baijings geschickt bei der zweifarbig designten Serie Slim Pop. Gute Laune kommt in der Kids-Lounge auf, sobald ein designstarker <a href=\"https:\/\/www.raum-blick.de\/fatboy\/\">Fatboy Sitzsack<\/a> einzieht.<\/p>\n<p><img loading=\"lazy\" decoding=\"async\" class=\"aligncenter wp-image-16397 size-full\" title=\"REMEMBER \u2013 Aufbewahrungskorb Set | 3-teilig | Design: REMEMBER\" src=\"https:\/\/www.raum-blick.de\/magazin\/wp-content\/uploads\/2022\/06\/remember-korb-set-3-teilig.jpg\" alt=\"remember-korb-set-3-teilig Individuelle Einrichtungsstile entdecken\" width=\"800\" height=\"800\" srcset=\"https:\/\/raum-blick.de\/magazin\/wp-content\/uploads\/2022\/06\/remember-korb-set-3-teilig.jpg 800w, https:\/\/raum-blick.de\/magazin\/wp-content\/uploads\/2022\/06\/remember-korb-set-3-teilig-300x300.jpg 300w, https:\/\/raum-blick.de\/magazin\/wp-content\/uploads\/2022\/06\/remember-korb-set-3-teilig-150x150.jpg 150w, https:\/\/raum-blick.de\/magazin\/wp-content\/uploads\/2022\/06\/remember-korb-set-3-teilig-768x768.jpg 768w\" sizes=\"(max-width: 800px) 100vw, 800px\" \/><\/p>\n<p style=\"text-align: justify;\">Sie erh\u00e4lt Support von den <a href=\"https:\/\/www.raum-blick.de\/remember\/\">REMEMBER<\/a> Aufbewahrungsk\u00f6rben. Ihr bunt gemustertes Design ist taufrisch, k\u00f6nnte aber genauso gut vor Jahrzehnten entstanden sein. Zum modern interpretierten Hippie-Flair passen die REMEMBER K\u00f6rbe fantastisch, die Spielsachen ordentlich organisieren.<\/p>\n<h2><span class=\"ez-toc-section\" id=\"Industrial_Style_Kontrastreiches_Industriedesign_im_Buero\"><\/span>Industrial Style: Kontrastreiches Industriedesign im B\u00fcro<span class=\"ez-toc-section-end\"><\/span><\/h2>\n<p style=\"text-align: justify;\">Kunstschaffende suchten vor einigen Jahrzehnten in Metropolen nach bezahlbaren Mietobjekten. Das Interesse weckten ausgediente Fabrikgeb\u00e4ude, die in Lofts verwandelt wurden. Es lag nahe, einen Bezug zwischen Interieur und Immobilie herzustellen. So etablierte sich der Industrial Look als Einrichtungsstil.<\/p>\n<p><a href=\"https:\/\/www.raum-blick.de\/string-pocket-regal\"><img loading=\"lazy\" decoding=\"async\" class=\"aligncenter wp-image-16387 size-full\" title=\"String Pocket | Wandregal | Design: Nisse Strinning\" src=\"https:\/\/www.raum-blick.de\/magazin\/wp-content\/uploads\/2022\/06\/string-pocket-regal.jpg\" alt=\"string-pocket-regal\" width=\"800\" height=\"800\" srcset=\"https:\/\/raum-blick.de\/magazin\/wp-content\/uploads\/2022\/06\/string-pocket-regal.jpg 800w, https:\/\/raum-blick.de\/magazin\/wp-content\/uploads\/2022\/06\/string-pocket-regal-300x300.jpg 300w, https:\/\/raum-blick.de\/magazin\/wp-content\/uploads\/2022\/06\/string-pocket-regal-150x150.jpg 150w, https:\/\/raum-blick.de\/magazin\/wp-content\/uploads\/2022\/06\/string-pocket-regal-768x768.jpg 768w\" sizes=\"(max-width: 800px) 100vw, 800px\" \/><\/a><\/p>\n<p style=\"text-align: justify;\">Daf\u00fcr eignen sich Designideen aus verschiedensten Epochen, die das Funktionale in den Vordergrund r\u00fccken. F\u00fcr den Ansatz entschied sich Nisse Strinning, als er 1949 das <a href=\"https:\/\/www.raum-blick.de\/string\/\">String Regal<\/a> entwarf. Inzwischen rankt sich um die Designlegende ein M\u00f6belsystem, das f\u00fcr die B\u00fcrogestaltung optimal ist. Die legend\u00e4ren Regale und Schr\u00e4nke wecken Assoziationen mit dem Bauhausstil.<\/p>\n<p><a href=\"https:\/\/www.raum-blick.de\/aeris-numo-stuhl\"><img loading=\"lazy\" decoding=\"async\" class=\"aligncenter wp-image-16385 size-full\" title=\"Aeris \u2013 Numo Stuhl | Gestell: Fu\u00dfkreuz | Design: Andreas Ostwald\" src=\"https:\/\/www.raum-blick.de\/magazin\/wp-content\/uploads\/2022\/06\/aeris-numo-stuhl.jpg\" alt=\"aeris-numo-stuhl\" width=\"800\" height=\"800\" srcset=\"https:\/\/raum-blick.de\/magazin\/wp-content\/uploads\/2022\/06\/aeris-numo-stuhl.jpg 800w, https:\/\/raum-blick.de\/magazin\/wp-content\/uploads\/2022\/06\/aeris-numo-stuhl-300x300.jpg 300w, https:\/\/raum-blick.de\/magazin\/wp-content\/uploads\/2022\/06\/aeris-numo-stuhl-150x150.jpg 150w, https:\/\/raum-blick.de\/magazin\/wp-content\/uploads\/2022\/06\/aeris-numo-stuhl-768x768.jpg 768w\" sizes=\"(max-width: 800px) 100vw, 800px\" \/><\/a><\/p>\n<p style=\"text-align: justify;\">Modern interpretiert Aeris B\u00fcrost\u00fchle in Form der Modelle Numo: Pragmatische Bauteile f\u00fcrs ergonomische Sitzkonzept werden nicht kaschiert, sondern betont. Die <a href=\"https:\/\/www.raum-blick.de\/aeris\/\">Aeris St\u00fchle<\/a> harmonieren gut mit den String Systemm\u00f6beln und einem Industrial Style, der Neues und Altes vereint.<\/p>\n<h2><span class=\"ez-toc-section\" id=\"Moderner_Landhausstil_hyggelige_Natureindruecke\"><\/span>Moderner Landhausstil: hyggelige Natureindr\u00fccke<span class=\"ez-toc-section-end\"><\/span><\/h2>\n<p style=\"text-align: justify;\">Wuchtige Schr\u00e4nke, dunkle Holzarten und unz\u00e4hlige Dekorationsartikel pr\u00e4gten einst Wohnideen im Landhaus-Stil. Er hat nicht ausgedient, wird aber puristischer akzentuiert. Reduzierte \u00c4sthetik und Rattan kombiniert <a href=\"https:\/\/www.raum-blick.de\/decor-walther\/\">Decor Walther<\/a> bei der Basket Serie. Verteilt man die Beh\u00e4lter f\u00fcr W\u00e4sche und Utensilien im Raum, tendiert die Badgestaltung schon zum Landhaus-Stil.<\/p>\n<p><a href=\"https:\/\/www.raum-blick.de\/decor-walther-wb-basket-waeschebehaelter\"><img loading=\"lazy\" decoding=\"async\" class=\"aligncenter wp-image-16379 size-full\" title=\"Decor Walther Serie BASKET | W\u00e4schebeh\u00e4lter WB aus Rattan\" src=\"https:\/\/www.raum-blick.de\/magazin\/wp-content\/uploads\/2022\/06\/decor-walther-wb-basket-waeschebehaelter.jpg\" alt=\"decor-walther-wb-basket-waeschebehaelter Individuelle Einrichtungsstile entdecken\" width=\"800\" height=\"800\" srcset=\"https:\/\/raum-blick.de\/magazin\/wp-content\/uploads\/2022\/06\/decor-walther-wb-basket-waeschebehaelter.jpg 800w, https:\/\/raum-blick.de\/magazin\/wp-content\/uploads\/2022\/06\/decor-walther-wb-basket-waeschebehaelter-300x300.jpg 300w, https:\/\/raum-blick.de\/magazin\/wp-content\/uploads\/2022\/06\/decor-walther-wb-basket-waeschebehaelter-150x150.jpg 150w, https:\/\/raum-blick.de\/magazin\/wp-content\/uploads\/2022\/06\/decor-walther-wb-basket-waeschebehaelter-768x768.jpg 768w\" sizes=\"(max-width: 800px) 100vw, 800px\" \/><\/a><\/p>\n<p style=\"text-align: justify;\">Den Eindruck intensivieren die Java Hocker von <a href=\"https:\/\/www.raum-blick.de\/jan-kurtz\/\">Jan Kurtz<\/a>, die wie selbstgeschnitzte Erbst\u00fccke wirken. Die Decor Walther K\u00f6rbe integrieren ein Naturmaterial, w\u00e4hrend die Jan Kurtz Schemel dem Einrichtungsstil einen traditionellen Aspekt g\u00f6nnen.<\/p>\n<p><a href=\"https:\/\/www.raum-blick.de\/jan-kurtz-java-hocker\"><img loading=\"lazy\" decoding=\"async\" class=\"aligncenter wp-image-16381 size-full\" title=\"Jan Kurtz \u2013 Java Hocker | jeder Schemel ein Unikat | Design: Jan Kurtz\" src=\"https:\/\/www.raum-blick.de\/magazin\/wp-content\/uploads\/2022\/06\/jan-kurtz-java-hocker.jpg\" alt=\"jan-kurtz-java-hocker\" width=\"800\" height=\"800\" srcset=\"https:\/\/raum-blick.de\/magazin\/wp-content\/uploads\/2022\/06\/jan-kurtz-java-hocker.jpg 800w, https:\/\/raum-blick.de\/magazin\/wp-content\/uploads\/2022\/06\/jan-kurtz-java-hocker-300x300.jpg 300w, https:\/\/raum-blick.de\/magazin\/wp-content\/uploads\/2022\/06\/jan-kurtz-java-hocker-150x150.jpg 150w, https:\/\/raum-blick.de\/magazin\/wp-content\/uploads\/2022\/06\/jan-kurtz-java-hocker-768x768.jpg 768w\" sizes=\"(max-width: 800px) 100vw, 800px\" \/><\/a><\/p>\n<p style=\"text-align: justify;\">Wenn man das Bad hyggelig und modern einrichten m\u00f6chte, reichen die Rattank\u00f6rbe und Holzhocker vollkommen.<\/p>\n<h2><span class=\"ez-toc-section\" id=\"Lagom_Einrichtungsstil_%E2%80%93_pures_Wohnglueck_aus_Schweden\"><\/span>Lagom Einrichtungsstil \u2013 pures Wohngl\u00fcck aus Schweden<span class=\"ez-toc-section-end\"><\/span><\/h2>\n<p style=\"text-align: justify;\">Lagom bezeichnet keine Wohnideen, sondern eine harmonisierende Lebensauffassung. Langlebige Naturwerkstoffe charakterisieren die M\u00f6belst\u00fccke, die punktgenau ausgew\u00e4hlt und platziert werden.<\/p>\n<p><a href=\"https:\/\/www.raum-blick.de\/cuero-iceland-mariposa-butterfly-chair\"><img loading=\"lazy\" decoding=\"async\" class=\"aligncenter wp-image-16373 size-full\" title=\"Cuero \u2013 Butterfly Sessel Iceland Mariposa | Design-Klassiker | Design: Antonio Bonet \/ Juan Kurchan\" src=\"https:\/\/www.raum-blick.de\/magazin\/wp-content\/uploads\/2022\/06\/cuero-iceland-mariposa-butterfly-chair.jpg\" alt=\"cuero-iceland-mariposa-butterfly-chair\" width=\"800\" height=\"690\" srcset=\"https:\/\/raum-blick.de\/magazin\/wp-content\/uploads\/2022\/06\/cuero-iceland-mariposa-butterfly-chair.jpg 800w, https:\/\/raum-blick.de\/magazin\/wp-content\/uploads\/2022\/06\/cuero-iceland-mariposa-butterfly-chair-300x259.jpg 300w, https:\/\/raum-blick.de\/magazin\/wp-content\/uploads\/2022\/06\/cuero-iceland-mariposa-butterfly-chair-768x662.jpg 768w\" sizes=\"(max-width: 800px) 100vw, 800px\" \/><\/a><\/p>\n<p style=\"text-align: justify;\">Frei von \u00dcberfl\u00fcssigem ist die rational durchdachte Grundausstattung. F\u00fcr die pers\u00f6nliche Note sorgen dekorative Lieblingsst\u00fccke, die \u00fcber Generationen hinweg Emotionen wecken. Typisch f\u00fcr den Einrichtungsstil w\u00e4re ein <a href=\"https:\/\/www.raum-blick.de\/cuero\/\">Cuero Butterfly Chair<\/a> mit Schafsfell, der vor dem Kamin zur Pause verf\u00fchrt. Der Loungesessel ist einzigartig sch\u00f6n und begeistert mit seiner gem\u00fctlichen Aura.<\/p>\n<p><a href=\"https:\/\/www.raum-blick.de\/guaxs-vase-cubistic\"><img loading=\"lazy\" decoding=\"async\" class=\"aligncenter wp-image-16371 size-full\" title=\"GUAXS \u2013 Vase Cubistic | jedes St\u00fcck ein Unikat | Design: GUAXS\" src=\"https:\/\/www.raum-blick.de\/magazin\/wp-content\/uploads\/2022\/06\/guaxs-vase-cubistic.jpg\" alt=\"guaxs-vase-cubistic\" width=\"800\" height=\"500\" srcset=\"https:\/\/raum-blick.de\/magazin\/wp-content\/uploads\/2022\/06\/guaxs-vase-cubistic.jpg 800w, https:\/\/raum-blick.de\/magazin\/wp-content\/uploads\/2022\/06\/guaxs-vase-cubistic-300x188.jpg 300w, https:\/\/raum-blick.de\/magazin\/wp-content\/uploads\/2022\/06\/guaxs-vase-cubistic-768x480.jpg 768w\" sizes=\"(max-width: 800px) 100vw, 800px\" \/><\/a><\/p>\n<p style=\"text-align: justify;\">Genauso schnell wie der Cuero Fellsessel w\u00e4chst die Guaxs Vase Cubistic ans Herz, weil sie ein apartes Meisterwerk der Glaskunst ist. Wer das Unikat von Guaxs \u00e0 la Lagom zur Geltung bringen m\u00f6chte, bel\u00e4sst es bei gepfl\u00fcckten Wildblumen.<\/p>\n<h2><span class=\"ez-toc-section\" id=\"Japandi_%E2%80%93_befreiende_Fusion_japanischer_und_skandinavischer_Stilmittel\"><\/span>Japandi \u2013 befreiende Fusion japanischer und skandinavischer Stilmittel<span class=\"ez-toc-section-end\"><\/span><\/h2>\n<p style=\"text-align: justify;\">Wer sich modern einrichten m\u00f6chte, stolpert schnell \u00fcber den Japandi Einrichtungsstil. Der angesagte Stil vereint faszinierende Aspekte der japanischen und nordischen Wohnkultur. Pr\u00e4gend ist der Mut zu gro\u00dfen Freifl\u00e4chen und betont einfachen Designideen. Stilecht w\u00e4re, wenn die Keramikarbeit Lidaby von Storefactory als Solistin den Sofatisch belebt. Am lauen Sommerabend wird lediglich ein Salbeizweig erg\u00e4nzt. Schon steht die Tischdeko f\u00fcrs mediterrane Dinner.<\/p>\n<p><a href=\"https:\/\/www.raum-blick.de\/storefactory-lidaby-kerzenhalter\"><img loading=\"lazy\" decoding=\"async\" class=\"aligncenter wp-image-16375 size-full\" title=\"Storefactory \u2013 Lidaby Kerzenhalter \/ Schale | aus matter Keramik | Design: Storefactory\" src=\"https:\/\/www.raum-blick.de\/magazin\/wp-content\/uploads\/2022\/06\/storefactory-lidaby-kerzenhalter.jpg\" alt=\"storefactory-lidaby-kerzenhalter\" width=\"800\" height=\"800\" srcset=\"https:\/\/raum-blick.de\/magazin\/wp-content\/uploads\/2022\/06\/storefactory-lidaby-kerzenhalter.jpg 800w, https:\/\/raum-blick.de\/magazin\/wp-content\/uploads\/2022\/06\/storefactory-lidaby-kerzenhalter-300x300.jpg 300w, https:\/\/raum-blick.de\/magazin\/wp-content\/uploads\/2022\/06\/storefactory-lidaby-kerzenhalter-150x150.jpg 150w, https:\/\/raum-blick.de\/magazin\/wp-content\/uploads\/2022\/06\/storefactory-lidaby-kerzenhalter-768x768.jpg 768w\" sizes=\"(max-width: 800px) 100vw, 800px\" \/><\/a><\/p>\n<p style=\"text-align: justify;\">So erfrischend simpel wie der Kerzenhalter von Storefactory ist die <a href=\"https:\/\/www.raum-blick.de\/muuto\/\">muuto<\/a> Pull Leuchte gestaltet. Das Duett aus hellem Eichenholz und Leinenschirm wirkt immer stilvoll, wenn man sich skandinavisch einrichten m\u00f6chte. Wer die Stehleuchte m\u00f6glichst frei im Wohnraum platziert, betont die Einfachheit des Einrichtungsstils.<\/p>\n<p><a href=\"https:\/\/www.raum-blick.de\/muuto-pull-stehleuchte\"><img loading=\"lazy\" decoding=\"async\" class=\"aligncenter wp-image-16364 size-full\" title=\"Muuto Pull Stehleuchte | Design: Whatswhat\" src=\"https:\/\/www.raum-blick.de\/magazin\/wp-content\/uploads\/2022\/06\/muuto-pull-stehleuchte.jpg\" alt=\"muuto-pull-stehleuchte Individuelle Einrichtungsstile entdecken\" width=\"800\" height=\"800\" srcset=\"https:\/\/raum-blick.de\/magazin\/wp-content\/uploads\/2022\/06\/muuto-pull-stehleuchte.jpg 800w, https:\/\/raum-blick.de\/magazin\/wp-content\/uploads\/2022\/06\/muuto-pull-stehleuchte-300x300.jpg 300w, https:\/\/raum-blick.de\/magazin\/wp-content\/uploads\/2022\/06\/muuto-pull-stehleuchte-150x150.jpg 150w, https:\/\/raum-blick.de\/magazin\/wp-content\/uploads\/2022\/06\/muuto-pull-stehleuchte-768x768.jpg 768w\" sizes=\"(max-width: 800px) 100vw, 800px\" \/><\/a><\/p>\n<p style=\"text-align: justify;\">Genau genommen baumelt der verkabelte Schirm schlichtweg an einem Holzstab. Die muuto Lampe verdeutlicht den Kerngedanken von Japandi: Wahrhaftig sch\u00f6n ist das Unvollkommene.<\/p>\n","protected":false},"excerpt":{"rendered":"<p>\u00ab Wohnideen mit rotem Faden und pers\u00f6nlicher Note \u00bb Wer sich auf elegante Art mediterran einrichten m\u00f6chte, bevorzugt italienisches Design. Mag man es skandinavisch, sind Kollektionen aus dem Norden ideal. Individuelle Wohnideen reichen weit \u00fcber diese logischen Schlussfolgerungen hinaus. Lassen Sie sich von Beispielen f\u00fcr bezaubernde Einrichtungsstile inspirieren, um Ihren h\u00f6chstpers\u00f6nlichen Wohnstil zu entwickeln. Entz\u00fcckend [&hellip;]<\/p>\n","protected":false},"author":4,"featured_media":16411,"comment_status":"closed","ping_status":"open","sticky":false,"template":"","format":"standard","meta":{"_et_pb_use_builder":"","_et_pb_old_content":"","_et_gb_content_width":"","inline_featured_image":false,"footnotes":""},"categories":[7],"tags":[1427,1312,419,1617,107,334,953,1771,1769,40,206,621,345,1105,1531,158,1353,788,1772,1051,1669,288,605,1773,239,767,1130,893,846,327,762,891,1185,1660,24,1101,94,1068,899,852,973,520,1377,913,414,828,1239,1770],"class_list":["post-16323","post","type-post","status-publish","format-standard","has-post-thumbnail","hentry","category-accessoires-lifestyle","tag-aeris","tag-aufbewahrungskorb","tag-buero","tag-cuero","tag-decor-walther","tag-design","tag-einrichtung","tag-einrichtungsstil","tag-einrichtungsstile","tag-fatboy","tag-ferm-living","tag-fermob","tag-gartenmoebel","tag-gartenstuhl","tag-guaxs","tag-hocker","tag-hyggelig","tag-industrial-style","tag-industriedesign","tag-jan-kurtz","tag-japandi","tag-kerzenhalter","tag-lagom","tag-landhausstil","tag-muuto","tag-plant-box","tag-remember","tag-retro","tag-schale","tag-sessel","tag-sitzsack","tag-smeg","tag-stehleuchte","tag-storefactory","tag-string-pocket","tag-stuhl","tag-terrasse","tag-terrassengestaltung","tag-toaster","tag-vase","tag-vintage","tag-vitra","tag-wandlampe","tag-wandregal","tag-waeschebehaelter","tag-wohnen","tag-wohnideen","tag-wohnkueche"],"_links":{"self":[{"href":"https:\/\/raum-blick.de\/magazin\/wp-json\/wp\/v2\/posts\/16323","targetHints":{"allow":["GET"]}}],"collection":[{"href":"https:\/\/raum-blick.de\/magazin\/wp-json\/wp\/v2\/posts"}],"about":[{"href":"https:\/\/raum-blick.de\/magazin\/wp-json\/wp\/v2\/types\/post"}],"author":[{"embeddable":true,"href":"https:\/\/raum-blick.de\/magazin\/wp-json\/wp\/v2\/users\/4"}],"replies":[{"embeddable":true,"href":"https:\/\/raum-blick.de\/magazin\/wp-json\/wp\/v2\/comments?post=16323"}],"version-history":[{"count":40,"href":"https:\/\/raum-blick.de\/magazin\/wp-json\/wp\/v2\/posts\/16323\/revisions"}],"predecessor-version":[{"id":20746,"href":"https:\/\/raum-blick.de\/magazin\/wp-json\/wp\/v2\/posts\/16323\/revisions\/20746"}],"wp:featuredmedia":[{"embeddable":true,"href":"https:\/\/raum-blick.de\/magazin\/wp-json\/wp\/v2\/media\/16411"}],"wp:attachment":[{"href":"https:\/\/raum-blick.de\/magazin\/wp-json\/wp\/v2\/media?parent=16323"}],"wp:term":[{"taxonomy":"category","embeddable":true,"href":"https:\/\/raum-blick.de\/magazin\/wp-json\/wp\/v2\/categories?post=16323"},{"taxonomy":"post_tag","embeddable":true,"href":"https:\/\/raum-blick.de\/magazin\/wp-json\/wp\/v2\/tags?post=16323"}],"curies":[{"name":"wp","href":"https:\/\/api.w.org\/{rel}","templated":true}]}}