{"id":16212,"date":"2022-05-19T12:48:31","date_gmt":"2022-05-19T10:48:31","guid":{"rendered":"https:\/\/www.raum-blick.de\/magazin\/?p=16212"},"modified":"2024-08-28T11:12:14","modified_gmt":"2024-08-28T09:12:14","slug":"design-gartenlampen","status":"publish","type":"post","link":"https:\/\/raum-blick.de\/magazin\/design-gartenlampen\/","title":{"rendered":"Design-Gartenlampen mit Strom, Akku oder Solarenergie"},"content":{"rendered":"<h2><span class=\"ez-toc-section\" id=\"%C2%AB_Schoene_Leuchten_fuer_jeden_Zweck_%C2%BB\"><\/span>\u00ab Sch\u00f6ne Leuchten f\u00fcr jeden Zweck \u00bb<span class=\"ez-toc-section-end\"><\/span><\/h2>\n<p style=\"text-align: justify;\"><strong>Rauschende Party, uriger Grillabend oder romantisches Dinner: <\/strong><a href=\"https:\/\/www.raum-blick.de\/aussenleuchten\/\"><strong>Moderne Gartenlampen<\/strong><\/a><strong> dekorieren den Au\u00dfenbereich und bringen Licht ins Dunkle. Daf\u00fcr ben\u00f6tigen sie immer seltener einen direkten Stromanschluss.<\/strong><\/p>\n<h2><span class=\"ez-toc-section\" id=\"Schicke_Solarleuchten_aus_Skandinavien\"><\/span>Schicke Solarleuchten aus Skandinavien<span class=\"ez-toc-section-end\"><\/span><\/h2>\n<p style=\"text-align: justify;\">Rund um die Uhr dekoriert die glockenf\u00f6rmige Tischlampe elegant die Terrasse. Sobald es dunkel wird, spendet sie wie von Zauberhand gem\u00fctliches Licht. Niemand hat die Leuchte ber\u00fchrt und es ist nicht erkennbar, woher sie ihre Energie bezieht. Magie ist nicht im Spiel, daf\u00fcr aber modernste Technik.<\/p><div id=\"ez-toc-container\" class=\"ez-toc-v2_0_82_2 counter-hierarchy ez-toc-counter ez-toc-grey ez-toc-container-direction\">\n<div class=\"ez-toc-title-container\">\n<p class=\"ez-toc-title\" style=\"cursor:inherit\">Was hier auf Sie wartet<\/p>\n<span class=\"ez-toc-title-toggle\"><a href=\"#\" class=\"ez-toc-pull-right ez-toc-btn ez-toc-btn-xs ez-toc-btn-default ez-toc-toggle\" aria-label=\"Toggle Table of Content\"><span class=\"ez-toc-js-icon-con\"><span class=\"\"><span class=\"eztoc-hide\" style=\"display:none;\">Toggle<\/span><span class=\"ez-toc-icon-toggle-span\"><svg style=\"fill: #999;color:#999\" xmlns=\"http:\/\/www.w3.org\/2000\/svg\" class=\"list-377408\" width=\"20px\" height=\"20px\" viewBox=\"0 0 24 24\" fill=\"none\"><path d=\"M6 6H4v2h2V6zm14 0H8v2h12V6zM4 11h2v2H4v-2zm16 0H8v2h12v-2zM4 16h2v2H4v-2zm16 0H8v2h12v-2z\" fill=\"currentColor\"><\/path><\/svg><svg style=\"fill: #999;color:#999\" class=\"arrow-unsorted-368013\" xmlns=\"http:\/\/www.w3.org\/2000\/svg\" width=\"10px\" height=\"10px\" viewBox=\"0 0 24 24\" version=\"1.2\" baseProfile=\"tiny\"><path d=\"M18.2 9.3l-6.2-6.3-6.2 6.3c-.2.2-.3.4-.3.7s.1.5.3.7c.2.2.4.3.7.3h11c.3 0 .5-.1.7-.3.2-.2.3-.5.3-.7s-.1-.5-.3-.7zM5.8 14.7l6.2 6.3 6.2-6.3c.2-.2.3-.5.3-.7s-.1-.5-.3-.7c-.2-.2-.4-.3-.7-.3h-11c-.3 0-.5.1-.7.3-.2.2-.3.5-.3.7s.1.5.3.7z\"\/><\/svg><\/span><\/span><\/span><\/a><\/span><\/div>\n<nav><ul class='ez-toc-list ez-toc-list-level-1 ' ><li class='ez-toc-page-1 ez-toc-heading-level-2'><a class=\"ez-toc-link ez-toc-heading-1\" href=\"https:\/\/raum-blick.de\/magazin\/design-gartenlampen\/#%C2%AB_Schoene_Leuchten_fuer_jeden_Zweck_%C2%BB\" >\u00ab Sch\u00f6ne Leuchten f\u00fcr jeden Zweck \u00bb<\/a><\/li><li class='ez-toc-page-1 ez-toc-heading-level-2'><a class=\"ez-toc-link ez-toc-heading-2\" href=\"https:\/\/raum-blick.de\/magazin\/design-gartenlampen\/#Schicke_Solarleuchten_aus_Skandinavien\" >Schicke Solarleuchten aus Skandinavien<\/a><\/li><li class='ez-toc-page-1 ez-toc-heading-level-2'><a class=\"ez-toc-link ez-toc-heading-3\" href=\"https:\/\/raum-blick.de\/magazin\/design-gartenlampen\/#Kabellose_Lichtblicke_fuer_drinnen_und_draussen\" >Kabellose Lichtblicke f\u00fcr drinnen und drau\u00dfen<\/a><\/li><li class='ez-toc-page-1 ez-toc-heading-level-2'><a class=\"ez-toc-link ez-toc-heading-4\" href=\"https:\/\/raum-blick.de\/magazin\/design-gartenlampen\/#Wohlfuehllicht_wie_in_Omas_guter_Stube\" >Wohlf\u00fchllicht wie in Omas guter Stube<\/a><\/li><li class='ez-toc-page-1 ez-toc-heading-level-2'><a class=\"ez-toc-link ez-toc-heading-5\" href=\"https:\/\/raum-blick.de\/magazin\/design-gartenlampen\/#Leuchtende_Augenschmeichler_fuer_die_Wohnwelt_und_Terrasse\" >Leuchtende Augenschmeichler f\u00fcr die Wohnwelt und Terrasse<\/a><\/li><li class='ez-toc-page-1 ez-toc-heading-level-2'><a class=\"ez-toc-link ez-toc-heading-6\" href=\"https:\/\/raum-blick.de\/magazin\/design-gartenlampen\/#Stimmungsaufheller_fuer_zu_Hause_und_unterwegs\" >Stimmungsaufheller f\u00fcr zu Hause und unterwegs<\/a><\/li><li class='ez-toc-page-1 ez-toc-heading-level-2'><a class=\"ez-toc-link ez-toc-heading-7\" href=\"https:\/\/raum-blick.de\/magazin\/design-gartenlampen\/#Mobile_Leuchten_mit_dem_gewissen_Extra\" >Mobile Leuchten mit dem gewissen Extra<\/a><\/li><\/ul><\/nav><\/div>\n\n<p><a href=\"https:\/\/www.raum-blick.de\/eva-solo-sunlight-bell-lampe\"><img loading=\"lazy\" decoding=\"async\" class=\"aligncenter wp-image-16239 size-full\" title=\"eva solo SunLight Bell Lampe klein | Solarleuchte mit Leuchtdauer bis zu 20 Stunden | Design: Claus Jensen und Henrik Holb\u00e6k\" src=\"https:\/\/www.raum-blick.de\/magazin\/wp-content\/uploads\/2022\/06\/eva-solo-sunlight-bell-lampe.jpg\" alt=\"eva-solo-sunlight-bell-lampe\" width=\"800\" height=\"800\" srcset=\"https:\/\/raum-blick.de\/magazin\/wp-content\/uploads\/2022\/06\/eva-solo-sunlight-bell-lampe.jpg 800w, https:\/\/raum-blick.de\/magazin\/wp-content\/uploads\/2022\/06\/eva-solo-sunlight-bell-lampe-300x300.jpg 300w, https:\/\/raum-blick.de\/magazin\/wp-content\/uploads\/2022\/06\/eva-solo-sunlight-bell-lampe-150x150.jpg 150w, https:\/\/raum-blick.de\/magazin\/wp-content\/uploads\/2022\/06\/eva-solo-sunlight-bell-lampe-768x768.jpg 768w\" sizes=\"(max-width: 800px) 100vw, 800px\" \/><\/a><\/p>\n<p style=\"text-align: justify;\">Claus Jensen und Henrik Holb\u00e6k haben f\u00fcr <a href=\"https:\/\/www.raum-blick.de\/eva-solo-sunlight-bell-lampe\">Eva Solo die SunLight Bell<\/a> so konzipiert, dass sie sich selbst aufl\u00e4dt. Die Sonnenstrahlen bahnen sich ihren Weg durch das Milchglas zum Solarpanel, das sich im Inneren versteckt. Abends sorgt die satinierte Glaskuppel daf\u00fcr, dass die eingebauten LEDs behaglich das Umfeld erhellen. Das Einschalten im passenden Moment \u00fcbernimmt die integrierte Zeitschaltuhr. Gartenlampen mit Strom ben\u00f6tigen elektrische Zuleitungen. Vorausschauend werden die Lichtquellen deshalb beim Neubau installiert.<\/p>\n<p><img loading=\"lazy\" decoding=\"async\" class=\"aligncenter wp-image-16216 size-full\" title=\"Eva Solo \u2013 SunLight Lampe mit Erdspie\u00df | mit Solarzellen | Design: Claus Jensen und Henrik Holb\u00e6k\" src=\"https:\/\/www.raum-blick.de\/magazin\/wp-content\/uploads\/2022\/06\/eva-solo-sunlight-lampe-mit-erdspiess.jpg\" alt=\"eva-solo-sunlight-lampe-mit-erdspiess\" width=\"800\" height=\"790\" srcset=\"https:\/\/raum-blick.de\/magazin\/wp-content\/uploads\/2022\/06\/eva-solo-sunlight-lampe-mit-erdspiess.jpg 800w, https:\/\/raum-blick.de\/magazin\/wp-content\/uploads\/2022\/06\/eva-solo-sunlight-lampe-mit-erdspiess-300x296.jpg 300w, https:\/\/raum-blick.de\/magazin\/wp-content\/uploads\/2022\/06\/eva-solo-sunlight-lampe-mit-erdspiess-768x758.jpg 768w\" sizes=\"(max-width: 800px) 100vw, 800px\" \/><\/p>\n<p style=\"text-align: justify;\">Wird das Beleuchtungskonzept sp\u00e4ter erweitert, ist der Aufwand meist hoch. Er erledigt sich, wenn von Eva Solo die SunLight Bell ins Visier ger\u00e4t. Um die tragbare Solarleuchte rankt sich eine tolle Kollektion. Pollerlampen mit Erdspie\u00df bieten sich f\u00fcr das Wegelicht an. Pendelleuchten illuminieren unkonventionell den gedeckten Gartentisch mitten im Gr\u00fcnen. \u00dcber die Stromversorgung muss man sich keine Gedanken machen. Die stilvollen Design-Gartenlampen sind allesamt mit Solarzellen ausgestattet.<\/p>\n<h2><span class=\"ez-toc-section\" id=\"Kabellose_Lichtblicke_fuer_drinnen_und_draussen\"><\/span>Kabellose Lichtblicke f\u00fcr drinnen und drau\u00dfen<span class=\"ez-toc-section-end\"><\/span><\/h2>\n<p style=\"text-align: justify;\">Kugelf\u00f6rmige Stehleuchten betonen den \u00dcbergang von der Terrasse zum Garten. Auf den Beistelltischen entdeckt man kleinere Pendants, die f\u00fcr stimmungsvolle Lichtakzente sorgen. Effektvoll illuminiert die ausladende Bogenleuchte Balad den gro\u00dfen Esstisch. Sie gleicht einer Einladung zum Verweilen und Schlemmen.<\/p>\n<p><a href=\"https:\/\/www.raum-blick.de\/fermob-mooon-stehleuchte\"><img loading=\"lazy\" decoding=\"async\" class=\"aligncenter wp-image-16259 size-full\" title=\"Fermob Mooon! Stehleuchte | Akku LED Stehleuchte | Design: Tristan Lohner\" src=\"https:\/\/www.raum-blick.de\/magazin\/wp-content\/uploads\/2022\/06\/fermob-mooon-stehleuchte.jpg\" alt=\"fermob-mooon-stehleuchte Design-Gartenlampen\" width=\"800\" height=\"800\" srcset=\"https:\/\/raum-blick.de\/magazin\/wp-content\/uploads\/2022\/06\/fermob-mooon-stehleuchte.jpg 800w, https:\/\/raum-blick.de\/magazin\/wp-content\/uploads\/2022\/06\/fermob-mooon-stehleuchte-300x300.jpg 300w, https:\/\/raum-blick.de\/magazin\/wp-content\/uploads\/2022\/06\/fermob-mooon-stehleuchte-150x150.jpg 150w, https:\/\/raum-blick.de\/magazin\/wp-content\/uploads\/2022\/06\/fermob-mooon-stehleuchte-768x768.jpg 768w\" sizes=\"(max-width: 800px) 100vw, 800px\" \/><\/a><\/p>\n<p style=\"text-align: justify;\">Die G\u00e4ste setzen sich und genie\u00dfen das gem\u00fctliche Flair genauso wie die leckeren Speisen. Blendend ist die anschlie\u00dfende Idee, einen kleinen Spaziergang durch die Anlage zu unternehmen. Daf\u00fcr schnappt sich der Gastgeber den Leuchtk\u00f6rper von der Bogenlampe und nimmt ihn einfach mit. Das ansprechende Lichtkonzept beruht auf Design-Gartenlampen, die Tristan Lohner entwarf. Bei den Kugelleuchten Mooon der <a href=\"https:\/\/www.raum-blick.de\/fermob\/\">Marke Fermob<\/a> lie\u00df er sich von Stra\u00dfenlaternen inspirieren, die im 19. Jahrhundert typisch waren. Den nostalgischen Touch peppt der farbenfrohe Leuchtenfu\u00df auf.<\/p>\n<p><a href=\"https:\/\/www.raum-blick.de\/fermob-balad-h25-lampe\"><img loading=\"lazy\" decoding=\"async\" class=\"aligncenter wp-image-16257 size-full\" title=\"Fermob Lampe Balad | LED-Outdoor Lampe | Design: Tristan Lohner\" src=\"https:\/\/www.raum-blick.de\/magazin\/wp-content\/uploads\/2022\/06\/fermob-balad-h25-lampe.jpg\" alt=\"fermob-balad-h25-lampe\" width=\"800\" height=\"800\" srcset=\"https:\/\/raum-blick.de\/magazin\/wp-content\/uploads\/2022\/06\/fermob-balad-h25-lampe.jpg 800w, https:\/\/raum-blick.de\/magazin\/wp-content\/uploads\/2022\/06\/fermob-balad-h25-lampe-300x300.jpg 300w, https:\/\/raum-blick.de\/magazin\/wp-content\/uploads\/2022\/06\/fermob-balad-h25-lampe-150x150.jpg 150w, https:\/\/raum-blick.de\/magazin\/wp-content\/uploads\/2022\/06\/fermob-balad-h25-lampe-768x768.jpg 768w\" sizes=\"(max-width: 800px) 100vw, 800px\" \/><\/a><\/p>\n<p style=\"text-align: justify;\">Die <a href=\"https:\/\/www.raum-blick.de\/fermob-balad-h25-lampe\">Laterne Fermob Balad<\/a> konzipierte der Designer multifunktional und erg\u00e4nzte formsch\u00f6ne St\u00e4nder.<\/p>\n<div class='et-box et-success'>\n\t\t\t\t\t<div class='et-box-content'>Alle Gartenlampen der franz\u00f6sischen Marke haben einen aufladbaren Akku an Bord, damit man den Standort nach Lust und Laune ver\u00e4ndern kann.<\/div><\/div>\n<h2><span class=\"ez-toc-section\" id=\"Wohlfuehllicht_wie_in_Omas_guter_Stube\"><\/span>Wohlf\u00fchllicht wie in Omas guter Stube<span class=\"ez-toc-section-end\"><\/span><\/h2>\n<p style=\"text-align: justify;\">Vertraute Ansichten bewegen dazu, die Seele baumeln zu lassen. Den Aspekt greift <a href=\"https:\/\/www.raum-blick.de\/sompex\/\">Sompex<\/a> bei der Troll Kollektion geschickt auf. Die Design-Gartenlampen erinnern an gediegene Stehlampen mit plissiertem Stoffschirm. Schick erscheint die Prise Nostalgie durch die grazile Ausf\u00fchrung und die konsequente Verwendung von Aluminium. Mit den Outdoorleuchten wirkt der Balkon so behaglich wie das Wohnzimmer.<\/p>\n<p><img loading=\"lazy\" decoding=\"async\" class=\"aligncenter wp-image-16247 size-full\" title=\"Sompex - Troll 2.0 LED Outdoor Stehleuchte | aus Aluminium | Design: Sompex\" src=\"https:\/\/www.raum-blick.de\/magazin\/wp-content\/uploads\/2022\/06\/sompex-troll-2-0-led-outdoor-stehleuchte.jpg\" alt=\"sompex-troll-2-0-led-outdoor-stehleuchte\" width=\"800\" height=\"800\" srcset=\"https:\/\/raum-blick.de\/magazin\/wp-content\/uploads\/2022\/06\/sompex-troll-2-0-led-outdoor-stehleuchte.jpg 800w, https:\/\/raum-blick.de\/magazin\/wp-content\/uploads\/2022\/06\/sompex-troll-2-0-led-outdoor-stehleuchte-300x300.jpg 300w, https:\/\/raum-blick.de\/magazin\/wp-content\/uploads\/2022\/06\/sompex-troll-2-0-led-outdoor-stehleuchte-150x150.jpg 150w, https:\/\/raum-blick.de\/magazin\/wp-content\/uploads\/2022\/06\/sompex-troll-2-0-led-outdoor-stehleuchte-768x768.jpg 768w\" sizes=\"(max-width: 800px) 100vw, 800px\" \/><\/p>\n<p style=\"text-align: justify;\">Als Hommage an den Erfinder der Gl\u00fchlampe versteht sich die <a href=\"https:\/\/www.raum-blick.de\/fatboy-edison-the-petit\">fatboy Edison Petit<\/a>. Sie skizziert puristisch die Silhouette von Designklassikern, die seit der Elektrifizierung auf Nachtkonsolen oder Beistelltischen auftauchen.<\/p>\n<p><a href=\"https:\/\/www.raum-blick.de\/fatboy-edison-the-petit\"><img loading=\"lazy\" decoding=\"async\" class=\"aligncenter wp-image-16249 size-full\" title=\"Fatboy \u2013 Edison The Petit | kleine Akku-Leuchte f\u00fcr \u00fcberall | Design: Fatboy\" src=\"https:\/\/www.raum-blick.de\/magazin\/wp-content\/uploads\/2022\/06\/fatboy-edison-the-petit.jpg\" alt=\"fatboy-edison-the-petit Design-Gartenlampen\" width=\"800\" height=\"800\" srcset=\"https:\/\/raum-blick.de\/magazin\/wp-content\/uploads\/2022\/06\/fatboy-edison-the-petit.jpg 800w, https:\/\/raum-blick.de\/magazin\/wp-content\/uploads\/2022\/06\/fatboy-edison-the-petit-300x300.jpg 300w, https:\/\/raum-blick.de\/magazin\/wp-content\/uploads\/2022\/06\/fatboy-edison-the-petit-150x150.jpg 150w, https:\/\/raum-blick.de\/magazin\/wp-content\/uploads\/2022\/06\/fatboy-edison-the-petit-768x768.jpg 768w\" sizes=\"(max-width: 800px) 100vw, 800px\" \/><\/a><\/p>\n<p style=\"text-align: justify;\">Die bezaubernde Leuchte avanciert schnell zum Lieblingsaccessoire, das gem\u00fctliche Momente drinnen und drau\u00dfen begleitet. Die Tischlampe aus den Niederlanden und die Gartenlampen von Sompex haben Gemeinsamkeiten: Mit dem integrierten Akku und der Dimmfunktion gew\u00e4hren sie viel Freiheit bei der Nutzung.<\/p>\n<h2><span class=\"ez-toc-section\" id=\"Leuchtende_Augenschmeichler_fuer_die_Wohnwelt_und_Terrasse\"><\/span>Leuchtende Augenschmeichler f\u00fcr die Wohnwelt und Terrasse<span class=\"ez-toc-section-end\"><\/span><\/h2>\n<p style=\"text-align: justify;\">Weihnachtsfeier, Osterbrunch oder Grillabend: Das Philippi Lucia LED-Windlicht sorgt immer und \u00fcberall f\u00fcrs stimmungsvolle Flair. Es weckt Assoziationen mit einer \u00d6llampe, wirkt aber deutlich eleganter.<\/p>\n<p><img loading=\"lazy\" decoding=\"async\" class=\"aligncenter wp-image-16243 size-full\" title=\"Philippi \u2013 Lucia LED Windlicht | Batteriebetriebene LED Leuchte | Design: Philippi\" src=\"https:\/\/www.raum-blick.de\/magazin\/wp-content\/uploads\/2022\/06\/philippi-lucia-laterne-mit-led.jpg\" alt=\"philippi-lucia-laterne-mit-led Design-Gartenlampen\" width=\"800\" height=\"800\" srcset=\"https:\/\/raum-blick.de\/magazin\/wp-content\/uploads\/2022\/06\/philippi-lucia-laterne-mit-led.jpg 800w, https:\/\/raum-blick.de\/magazin\/wp-content\/uploads\/2022\/06\/philippi-lucia-laterne-mit-led-300x300.jpg 300w, https:\/\/raum-blick.de\/magazin\/wp-content\/uploads\/2022\/06\/philippi-lucia-laterne-mit-led-150x150.jpg 150w, https:\/\/raum-blick.de\/magazin\/wp-content\/uploads\/2022\/06\/philippi-lucia-laterne-mit-led-768x768.jpg 768w\" sizes=\"(max-width: 800px) 100vw, 800px\" \/><\/p>\n<p style=\"text-align: justify;\">Formvollendet ist das Duett aus lackiertem Stahl und mundgeblasenem Glas. Die batteriebetriebenen Windlichter von Philippi sind erstaunlich robust. Ihrem Auftritt als Gartenlampen steht somit nichts im Weg.<\/p>\n<p><a href=\"https:\/\/www.raum-blick.de\/umage-orbit-leuchte\"><img loading=\"lazy\" decoding=\"async\" class=\"aligncenter wp-image-16251 size-full\" title=\"UMAGE \u2013 Orbit Leuchte | tragbare Akkuleuchte | Design: UMAGE\" src=\"https:\/\/www.raum-blick.de\/magazin\/wp-content\/uploads\/2022\/06\/umage-orbit-leuchte.jpg\" alt=\"umage-orbit-leuchte\" width=\"800\" height=\"800\" srcset=\"https:\/\/raum-blick.de\/magazin\/wp-content\/uploads\/2022\/06\/umage-orbit-leuchte.jpg 800w, https:\/\/raum-blick.de\/magazin\/wp-content\/uploads\/2022\/06\/umage-orbit-leuchte-300x300.jpg 300w, https:\/\/raum-blick.de\/magazin\/wp-content\/uploads\/2022\/06\/umage-orbit-leuchte-150x150.jpg 150w, https:\/\/raum-blick.de\/magazin\/wp-content\/uploads\/2022\/06\/umage-orbit-leuchte-768x768.jpg 768w\" sizes=\"(max-width: 800px) 100vw, 800px\" \/><\/a><\/p>\n<p style=\"text-align: justify;\">Noch einen Deut moderner interpretiert <a href=\"https:\/\/www.raum-blick.de\/umage-orbit-leuchte\">Umage mit der Orbit<\/a> Leuchte die Handlaterne. Bei der Formgebung dachte die Kopenhagener Marke an den Mond, der um die Erde rotiert. Das sph\u00e4rische Lampendesign rundet ein geschwungener Messinggriff im edlen Goldton ab. Der sanfte Lichtschein verw\u00f6hnt das Auge genauso wie die raffinierte \u00c4sthetik. Die dekorative Akkuleuchte von Umage ist stets willkommen, wenn es im Wohnzimmer oder Garten gem\u00fctlich wird.<\/p>\n<h2><span class=\"ez-toc-section\" id=\"Stimmungsaufheller_fuer_zu_Hause_und_unterwegs\"><\/span>Stimmungsaufheller f\u00fcr zu Hause und unterwegs<span class=\"ez-toc-section-end\"><\/span><\/h2>\n<p style=\"text-align: justify;\">Die leuchtenden Kugeln mitten in den B\u00e4umen beziehen die Natur ins Partygeschehen ein. Geschickt betont die Dekorationsidee das legere Flair im Freien und verleitet dazu, ein T\u00e4nzchen auf der Wiese zu wagen.<\/p>\n<div class='et-box et-note'>\n\t\t\t\t\t<div class='et-box-content'>Kleine Akkulaternen sorgen auf dem Gartentisch daf\u00fcr, dass man sich beim Plaudern in die Augen schauen kann.<\/div><\/div>\n<p style=\"text-align: justify;\">Ihre gr\u00f6\u00dferen Verwandten lenken die Aufmerksamkeit aufs Buffet, dem die G\u00e4ste nicht widerstehen k\u00f6nnen. Kombiniert man niederl\u00e4ndische und deutsche Design-Gartenlampen, ergibt sich die gelungene Partydeko von selbst.<\/p>\n<p><a href=\"https:\/\/www.raum-blick.de\/fatboy-bolleke\"><img loading=\"lazy\" decoding=\"async\" class=\"aligncenter wp-image-16232 size-full\" title=\"Fatboy - Bolleke | portable H\u00e4ngeleuchte | Design: Nathalie Schellekens\" src=\"https:\/\/www.raum-blick.de\/magazin\/wp-content\/uploads\/2022\/06\/fatboy-bolleke.jpg\" alt=\"fatboy-bolleke Design-Gartenlampen\" width=\"800\" height=\"800\" srcset=\"https:\/\/raum-blick.de\/magazin\/wp-content\/uploads\/2022\/06\/fatboy-bolleke.jpg 800w, https:\/\/raum-blick.de\/magazin\/wp-content\/uploads\/2022\/06\/fatboy-bolleke-300x300.jpg 300w, https:\/\/raum-blick.de\/magazin\/wp-content\/uploads\/2022\/06\/fatboy-bolleke-150x150.jpg 150w, https:\/\/raum-blick.de\/magazin\/wp-content\/uploads\/2022\/06\/fatboy-bolleke-768x768.jpg 768w\" sizes=\"(max-width: 800px) 100vw, 800px\" \/><\/a><\/p>\n<p style=\"text-align: justify;\">Hilfsbereit hat <a href=\"https:\/\/www.raum-blick.de\/fatboy-bolleke\">fatboy die Bolleke<\/a> mit einer langen Schlaufe ausgestattet. Damit l\u00e4sst sich die akkubetriebene Kugellampe nach Belieben drapieren. Sie \u00fcberzeugt als einzelne Lichtquelle, kommt aber im Ensemble noch besser zur Geltung.<\/p>\n<p><a href=\"https:\/\/www.raum-blick.de\/remember-uri-leuchte\"><img loading=\"lazy\" decoding=\"async\" class=\"aligncenter wp-image-16218 size-full\" title=\"REMEMBER - URI Leuchte | LED-Leuchte | Design: REMEMBER\" src=\"https:\/\/www.raum-blick.de\/magazin\/wp-content\/uploads\/2022\/06\/remember-uri-leuchte.jpg\" alt=\"remember-uri-leuchte\" width=\"800\" height=\"800\" srcset=\"https:\/\/raum-blick.de\/magazin\/wp-content\/uploads\/2022\/06\/remember-uri-leuchte.jpg 800w, https:\/\/raum-blick.de\/magazin\/wp-content\/uploads\/2022\/06\/remember-uri-leuchte-300x300.jpg 300w, https:\/\/raum-blick.de\/magazin\/wp-content\/uploads\/2022\/06\/remember-uri-leuchte-150x150.jpg 150w, https:\/\/raum-blick.de\/magazin\/wp-content\/uploads\/2022\/06\/remember-uri-leuchte-768x768.jpg 768w\" sizes=\"(max-width: 800px) 100vw, 800px\" \/><\/a><\/p>\n<p style=\"text-align: justify;\">Gleiches gilt f\u00fcr die preisgekr\u00f6nte <a href=\"https:\/\/www.raum-blick.de\/remember-uri-leuchte\">Remember Uri<\/a>, die funktionales Licht mit dekorativen Farbtupfern verkn\u00fcpft. Die deutsche Marke bietet neben der gro\u00dfen Version charmante Piccolo-Ausf\u00fchrungen im 3er-Set an. Falls das Fest im Park stattfindet, gehen die Design-Gartenlampen gern auf Wanderschaft. Sie bestehen aus robusten Materialien, sind leicht konzipiert und haben den Energievorrat dabei.<\/p>\n<h2><span class=\"ez-toc-section\" id=\"Mobile_Leuchten_mit_dem_gewissen_Extra\"><\/span>Mobile Leuchten mit dem gewissen Extra<span class=\"ez-toc-section-end\"><\/span><\/h2>\n<p style=\"text-align: justify;\">Ein Multitalent entwarf Radius Design mit der <a href=\"https:\/\/www.raum-blick.de\/radius-design-basica-mobiiil-akkuleuchte\">Basica Mobiiil Akkuleuchte<\/a>. Sie h\u00e4lt sich am Magnethalter bereit, um ihre Dienste zu leisten. Kompetent erg\u00e4nzt sie die Gartenlampen oder Wohnleuchten. Die Lampe ist au\u00dferdem kompakt genug, um in der Handtasche zu landen und einen Ausflug zu begleiten.<\/p>\n<p><a href=\"https:\/\/www.raum-blick.de\/radius-design-basica-mobiiil-akkuleuchte\"><img loading=\"lazy\" decoding=\"async\" class=\"aligncenter wp-image-16226 size-full\" title=\"Radius Design \u2013 Basica Mobiiil Akkuleuchte | Akkuleuchte und Powerbank in einem | Design: Radius Design Team\" src=\"https:\/\/www.raum-blick.de\/magazin\/wp-content\/uploads\/2022\/06\/radius-design-basica-mobiiil-akkuleuchte.jpg\" alt=\"radius-design-basica-mobiiil-akkuleuchte\" width=\"800\" height=\"800\" srcset=\"https:\/\/raum-blick.de\/magazin\/wp-content\/uploads\/2022\/06\/radius-design-basica-mobiiil-akkuleuchte.jpg 800w, https:\/\/raum-blick.de\/magazin\/wp-content\/uploads\/2022\/06\/radius-design-basica-mobiiil-akkuleuchte-300x300.jpg 300w, https:\/\/raum-blick.de\/magazin\/wp-content\/uploads\/2022\/06\/radius-design-basica-mobiiil-akkuleuchte-150x150.jpg 150w, https:\/\/raum-blick.de\/magazin\/wp-content\/uploads\/2022\/06\/radius-design-basica-mobiiil-akkuleuchte-768x768.jpg 768w\" sizes=\"(max-width: 800px) 100vw, 800px\" \/><\/a><\/p>\n<p style=\"text-align: justify;\"><a href=\"https:\/\/www.raum-blick.de\/radius-design\/\">Radius Design<\/a> bel\u00e4sst es nicht bei der mobilen Lichtquelle. Das raffinierte Accessoire eignet sich auch als Powerbank, um das Smartphone aufzuladen. Einfach h\u00fcbsch, umweltbewusst und fair: Mit der Kombination erfreut das <a href=\"https:\/\/www.raum-blick.de\/sonnenglas\/\">Sonnenglas<\/a>. Es konserviert mit dem integrierten Solarmodul tags\u00fcber die Sonnenenergie, um abends Licht zu spenden. Perfekt passt dazu die Idee, Einmachgl\u00e4ser in Design-Gartenlampen zu verwandeln.<\/p>\n<p><img loading=\"lazy\" decoding=\"async\" class=\"aligncenter wp-image-16222 size-full\" title=\"SONNENGLAS\u00ae Mini Solarleuchte | Au\u00dfen- und Innenbeleuchtung | Design: SONNENGLAS\u00ae\" src=\"https:\/\/www.raum-blick.de\/magazin\/wp-content\/uploads\/2022\/06\/sonnenglas-mini-solarleuchte.jpg\" alt=\"sonnenglas-mini-solarleuchte Design-Gartenlampen\" width=\"800\" height=\"800\" srcset=\"https:\/\/raum-blick.de\/magazin\/wp-content\/uploads\/2022\/06\/sonnenglas-mini-solarleuchte.jpg 800w, https:\/\/raum-blick.de\/magazin\/wp-content\/uploads\/2022\/06\/sonnenglas-mini-solarleuchte-300x300.jpg 300w, https:\/\/raum-blick.de\/magazin\/wp-content\/uploads\/2022\/06\/sonnenglas-mini-solarleuchte-150x150.jpg 150w, https:\/\/raum-blick.de\/magazin\/wp-content\/uploads\/2022\/06\/sonnenglas-mini-solarleuchte-768x768.jpg 768w\" sizes=\"(max-width: 800px) 100vw, 800px\" \/><\/p>\n<p style=\"text-align: justify;\">Deko-Fans d\u00fcrfen sich austoben und im Glas zum Beispiel getrocknete Bl\u00fcten drapieren. Hergestellt wird das Sonnenglas in S\u00fcdafrika. Dort schafft es faire Berufsperspektiven f\u00fcr Frauen und M\u00e4nner, die der Armut entfliehen m\u00f6chten.<\/p>\n","protected":false},"excerpt":{"rendered":"<p>\u00ab Sch\u00f6ne Leuchten f\u00fcr jeden Zweck \u00bb Rauschende Party, uriger Grillabend oder romantisches Dinner: Moderne Gartenlampen dekorieren den Au\u00dfenbereich und bringen Licht ins Dunkle. Daf\u00fcr ben\u00f6tigen sie immer seltener einen direkten Stromanschluss. Schicke Solarleuchten aus Skandinavien Rund um die Uhr dekoriert die glockenf\u00f6rmige Tischlampe elegant die Terrasse. Sobald es dunkel wird, spendet sie wie von [&hellip;]<\/p>\n","protected":false},"author":4,"featured_media":16228,"comment_status":"closed","ping_status":"open","sticky":false,"template":"","format":"standard","meta":{"_et_pb_use_builder":"","_et_pb_old_content":"","_et_gb_content_width":"","inline_featured_image":false,"footnotes":""},"categories":[6],"tags":[645,1735,1758,1154,98,334,1757,18,40,621,33,1753,920,1155,616,280,277,43,812,1760,57,1732,1759,1761,1130,1151,1755,938,1756,1345,1183,1150,1185,1754,939,94,676,935,848],"class_list":["post-16212","post","type-post","status-publish","format-standard","has-post-thumbnail","hentry","category-draussen","tag-akku","tag-akku-leuchte","tag-akkuleuchte","tag-aussenbeleuchtung","tag-beleuchtung","tag-design","tag-erdspiess","tag-eva-solo","tag-fatboy","tag-fermob","tag-garten","tag-gartenlampen","tag-haengeleuchte","tag-innenbeleuchtung","tag-lampe","tag-lampen","tag-led","tag-leuchten","tag-mini","tag-mobil","tag-outdoor","tag-philippi","tag-portabel","tag-powerbank","tag-remember","tag-solar","tag-solarenergie","tag-solarleuchte","tag-solarleuchten","tag-solarzellen","tag-sompex","tag-sonnenglas","tag-stehleuchte","tag-strom","tag-sunlight","tag-terrasse","tag-tragbar","tag-umage","tag-windlicht"],"_links":{"self":[{"href":"https:\/\/raum-blick.de\/magazin\/wp-json\/wp\/v2\/posts\/16212","targetHints":{"allow":["GET"]}}],"collection":[{"href":"https:\/\/raum-blick.de\/magazin\/wp-json\/wp\/v2\/posts"}],"about":[{"href":"https:\/\/raum-blick.de\/magazin\/wp-json\/wp\/v2\/types\/post"}],"author":[{"embeddable":true,"href":"https:\/\/raum-blick.de\/magazin\/wp-json\/wp\/v2\/users\/4"}],"replies":[{"embeddable":true,"href":"https:\/\/raum-blick.de\/magazin\/wp-json\/wp\/v2\/comments?post=16212"}],"version-history":[{"count":43,"href":"https:\/\/raum-blick.de\/magazin\/wp-json\/wp\/v2\/posts\/16212\/revisions"}],"predecessor-version":[{"id":20744,"href":"https:\/\/raum-blick.de\/magazin\/wp-json\/wp\/v2\/posts\/16212\/revisions\/20744"}],"wp:featuredmedia":[{"embeddable":true,"href":"https:\/\/raum-blick.de\/magazin\/wp-json\/wp\/v2\/media\/16228"}],"wp:attachment":[{"href":"https:\/\/raum-blick.de\/magazin\/wp-json\/wp\/v2\/media?parent=16212"}],"wp:term":[{"taxonomy":"category","embeddable":true,"href":"https:\/\/raum-blick.de\/magazin\/wp-json\/wp\/v2\/categories?post=16212"},{"taxonomy":"post_tag","embeddable":true,"href":"https:\/\/raum-blick.de\/magazin\/wp-json\/wp\/v2\/tags?post=16212"}],"curies":[{"name":"wp","href":"https:\/\/api.w.org\/{rel}","templated":true}]}}