{"id":16124,"date":"2022-05-17T11:00:08","date_gmt":"2022-05-17T09:00:08","guid":{"rendered":"https:\/\/www.raum-blick.de\/magazin\/?p=16124"},"modified":"2022-05-17T11:26:41","modified_gmt":"2022-05-17T09:26:41","slug":"kraeuterbeet-fuer-die-kueche","status":"publish","type":"post","link":"https:\/\/raum-blick.de\/magazin\/kraeuterbeet-fuer-die-kueche\/","title":{"rendered":"Das kleine Kr\u00e4uterbeet f\u00fcr die K\u00fcche"},"content":{"rendered":"<h2><span class=\"ez-toc-section\" id=\"%C2%AB_Kraeuter_fuer_drinnen_stilvoll_am_Herd_%C2%BB\"><\/span>\u00ab Kr\u00e4uter f\u00fcr drinnen stilvoll am Herd \u00bb<span class=\"ez-toc-section-end\"><\/span><\/h2>\n<p style=\"text-align: justify;\"><strong>Hochwertige Zutaten wanderten in den Topf. Alle Hinweise des Rezepts wurden beachtet. Das zubereitete Gericht schmeckt zwar gut, aber nicht \u00fcberragend. Wer diese Erfahrung kennt, sollte sich ein Kr\u00e4uterbeet f\u00fcr die K\u00fcche g\u00f6nnen. Denn dort w\u00e4chst das Geheimnis f\u00fcrs raffinierte Gaumenfeuerwerk heran.<\/strong><\/p>\n<h2><span class=\"ez-toc-section\" id=\"Geringer_Aufwand_grosser_Genuss_Kraeuterklassiker_fuer_die_Kueche\"><\/span>Geringer Aufwand, gro\u00dfer Genuss: Kr\u00e4uterklassiker f\u00fcr die K\u00fcche<span class=\"ez-toc-section-end\"><\/span><\/h2>\n<p style=\"text-align: justify;\">Herrlich aromatisch schmeckt der Salat. Wundervoll ist die Pasta-Sauce gew\u00fcrzt. Raffiniert kontrastiert ein Hauch von S\u00e4ure das Mousse au Chocolat. Applaudiert man der K\u00f6chin, reicht sie das Lob direkt an die frischen Zutaten weiter. Das weckt die Lust, Kr\u00e4uter in der K\u00fcche anzubauen. Wer an seinem gr\u00fcnen Daumen zweifelt, erh\u00e4lt Support aus Skandinavien. Hilfsbereit achtete Eva Solo bei dem <a href=\"https:\/\/www.raum-blick.de\/eva-solo-herb-organiser\">Herb Organiser<\/a> darauf, dass die Formgebung zur Wurzeltiefe der meisten Gattungen passt. Zum Kinderspiel wird die Pflege durch das Bew\u00e4sserungssystem.<\/p><div id=\"ez-toc-container\" class=\"ez-toc-v2_0_82_2 counter-hierarchy ez-toc-counter ez-toc-grey ez-toc-container-direction\">\n<div class=\"ez-toc-title-container\">\n<p class=\"ez-toc-title\" style=\"cursor:inherit\">Was hier auf Sie wartet<\/p>\n<span class=\"ez-toc-title-toggle\"><a href=\"#\" class=\"ez-toc-pull-right ez-toc-btn ez-toc-btn-xs ez-toc-btn-default ez-toc-toggle\" aria-label=\"Toggle Table of Content\"><span class=\"ez-toc-js-icon-con\"><span class=\"\"><span class=\"eztoc-hide\" style=\"display:none;\">Toggle<\/span><span class=\"ez-toc-icon-toggle-span\"><svg style=\"fill: #999;color:#999\" xmlns=\"http:\/\/www.w3.org\/2000\/svg\" class=\"list-377408\" width=\"20px\" height=\"20px\" viewBox=\"0 0 24 24\" fill=\"none\"><path d=\"M6 6H4v2h2V6zm14 0H8v2h12V6zM4 11h2v2H4v-2zm16 0H8v2h12v-2zM4 16h2v2H4v-2zm16 0H8v2h12v-2z\" fill=\"currentColor\"><\/path><\/svg><svg style=\"fill: #999;color:#999\" class=\"arrow-unsorted-368013\" xmlns=\"http:\/\/www.w3.org\/2000\/svg\" width=\"10px\" height=\"10px\" viewBox=\"0 0 24 24\" version=\"1.2\" baseProfile=\"tiny\"><path d=\"M18.2 9.3l-6.2-6.3-6.2 6.3c-.2.2-.3.4-.3.7s.1.5.3.7c.2.2.4.3.7.3h11c.3 0 .5-.1.7-.3.2-.2.3-.5.3-.7s-.1-.5-.3-.7zM5.8 14.7l6.2 6.3 6.2-6.3c.2-.2.3-.5.3-.7s-.1-.5-.3-.7c-.2-.2-.4-.3-.7-.3h-11c-.3 0-.5.1-.7.3-.2.2-.3.5-.3.7s.1.5.3.7z\"\/><\/svg><\/span><\/span><\/span><\/a><\/span><\/div>\n<nav><ul class='ez-toc-list ez-toc-list-level-1 ' ><li class='ez-toc-page-1 ez-toc-heading-level-2'><a class=\"ez-toc-link ez-toc-heading-1\" href=\"https:\/\/raum-blick.de\/magazin\/kraeuterbeet-fuer-die-kueche\/#%C2%AB_Kraeuter_fuer_drinnen_stilvoll_am_Herd_%C2%BB\" >\u00ab Kr\u00e4uter f\u00fcr drinnen stilvoll am Herd \u00bb<\/a><\/li><li class='ez-toc-page-1 ez-toc-heading-level-2'><a class=\"ez-toc-link ez-toc-heading-2\" href=\"https:\/\/raum-blick.de\/magazin\/kraeuterbeet-fuer-die-kueche\/#Geringer_Aufwand_grosser_Genuss_Kraeuterklassiker_fuer_die_Kueche\" >Geringer Aufwand, gro\u00dfer Genuss: Kr\u00e4uterklassiker f\u00fcr die K\u00fcche<\/a><\/li><li class='ez-toc-page-1 ez-toc-heading-level-2'><a class=\"ez-toc-link ez-toc-heading-3\" href=\"https:\/\/raum-blick.de\/magazin\/kraeuterbeet-fuer-die-kueche\/#Duftender_Garten_fuer_den_kulinarischen_Treffpunkt\" >Duftender Garten f\u00fcr den kulinarischen Treffpunkt<\/a><\/li><li class='ez-toc-page-1 ez-toc-heading-level-2'><a class=\"ez-toc-link ez-toc-heading-4\" href=\"https:\/\/raum-blick.de\/magazin\/kraeuterbeet-fuer-die-kueche\/#Kraeuter_in_der_Wohnung_%E2%80%93_Naturdeko_mit_koestlichem_Mehrwert\" >Kr\u00e4uter in der Wohnung \u2013 Naturdeko mit k\u00f6stlichem Mehrwert<\/a><\/li><li class='ez-toc-page-1 ez-toc-heading-level-2'><a class=\"ez-toc-link ez-toc-heading-5\" href=\"https:\/\/raum-blick.de\/magazin\/kraeuterbeet-fuer-die-kueche\/#Kraeuter_richtig_pflanzen_%E2%80%93_So_gehts\" >Kr\u00e4uter richtig pflanzen \u2013 So geht&#8217;s!<\/a><\/li><li class='ez-toc-page-1 ez-toc-heading-level-2'><a class=\"ez-toc-link ez-toc-heading-6\" href=\"https:\/\/raum-blick.de\/magazin\/kraeuterbeet-fuer-die-kueche\/#Kraeuter_hacken_oder_moersern\" >Kr\u00e4uter hacken oder m\u00f6rsern?<\/a><\/li><\/ul><\/nav><\/div>\n\n<p><a href=\"https:\/\/www.raum-blick.de\/eva-solo-herb-organiser\"><img loading=\"lazy\" decoding=\"async\" class=\"aligncenter wp-image-16166 size-full\" title=\"Eva Solo - Herb-Organiser | mit Selbstbew\u00e4sserungssystem | Design: Eva Solo\" src=\"https:\/\/www.raum-blick.de\/magazin\/wp-content\/uploads\/2022\/07\/eva-solo-herb-organiser.jpg\" alt=\"eva-solo-herb-organiser kraeuterbeet\" width=\"800\" height=\"700\" srcset=\"https:\/\/raum-blick.de\/magazin\/wp-content\/uploads\/2022\/07\/eva-solo-herb-organiser.jpg 800w, https:\/\/raum-blick.de\/magazin\/wp-content\/uploads\/2022\/07\/eva-solo-herb-organiser-300x263.jpg 300w, https:\/\/raum-blick.de\/magazin\/wp-content\/uploads\/2022\/07\/eva-solo-herb-organiser-768x672.jpg 768w\" sizes=\"(max-width: 800px) 100vw, 800px\" \/><\/a><\/p>\n<p style=\"text-align: justify;\">Die K\u00fcchenkr\u00e4uter bedienen sich am integrierten Reservoir selbst, das gelegentlich aufgef\u00fcllt wird. So bleiben Pannen wie unvorteilhafte Trockenperioden oder Staun\u00e4sse aus. Wer zum ersten Mal ein Kr\u00e4uterbeet f\u00fcr die K\u00fcche anlegt, g\u00f6nnt sich ein Trio der formsch\u00f6nen Keramikgef\u00e4\u00dfe mit Selbstbew\u00e4sserung. Ein Exemplar teilt sich Thymian als mediterranes Multitalent mit der Zitronenmelisse. Sie rundet Obstsalate genauso lecker ab wie Fischgerichte. In die zweite Kr\u00e4uterbox ziehen die kulinarischen Allrounder Petersilie und Basilikum ein.<\/p>\n<div class='et-box et-success'>\n\t\t\t\t\t<div class='et-box-content'>Erstaunlich schnell breitet sich die Nane-Minze aus, die solo eingepflanzt wird. \u00dcber das z\u00fcgige Wachstum freut man sich, sobald man mit ihr arbeitet. Cocktails, Tees oder Sommergerichte: Der subtile Frischekick setzt den verschiedensten Gaumenschmeichlern das Kr\u00f6nchen auf.<\/div><\/div>\n<h2><span class=\"ez-toc-section\" id=\"Duftender_Garten_fuer_den_kulinarischen_Treffpunkt\"><\/span>Duftender Garten f\u00fcr den kulinarischen Treffpunkt<span class=\"ez-toc-section-end\"><\/span><\/h2>\n<p style=\"text-align: justify;\">Sobald man sich am kleinen Kr\u00e4uterbeet f\u00fcr die K\u00fcche bedient, ist das Eis gebrochen. Die Gr\u00fcnpflanzen beleben das Flair mehr als andere Deko-Ideen. Sie verstr\u00f6men einen Duft, der geradewegs zum Kochen animiert. Dabei bereitet es reichlich Spa\u00df, mit den Aromen zu experimentieren. Vorprogrammiert ist der Wunsch, den Anbau zu expandieren. Die <a href=\"https:\/\/www.raum-blick.de\/ferm-living-plant-box\">ferm LIVING Plant Box<\/a> mit filigran gestaltetem Untergestell ist f\u00fcr den gro\u00dfen Kr\u00e4utergarten ein Gl\u00fccksgriff. Es macht sich schick, wenn sie links und rechts die Kochinsel flankiert. Bei der Zubereitung geraten die K\u00fcchenkr\u00e4uter direkt ins Visier und kurbeln die Kreativit\u00e4t an.<\/p>\n<p><a href=\"https:\/\/www.raum-blick.de\/ferm-living-plant-box\"><img loading=\"lazy\" decoding=\"async\" class=\"aligncenter wp-image-16171 size-full\" title=\"ferm LIVING - Plant Box | Pflanzenbeh\u00e4lter \/ Raumtrenner | Design: ferm LIVING\" src=\"https:\/\/www.raum-blick.de\/magazin\/wp-content\/uploads\/2022\/07\/ferm-living-plant-box.jpg\" alt=\"ferm-living-plant-box\" width=\"800\" height=\"650\" srcset=\"https:\/\/raum-blick.de\/magazin\/wp-content\/uploads\/2022\/07\/ferm-living-plant-box.jpg 800w, https:\/\/raum-blick.de\/magazin\/wp-content\/uploads\/2022\/07\/ferm-living-plant-box-300x244.jpg 300w, https:\/\/raum-blick.de\/magazin\/wp-content\/uploads\/2022\/07\/ferm-living-plant-box-768x624.jpg 768w\" sizes=\"(max-width: 800px) 100vw, 800px\" \/><\/a><\/p>\n<p style=\"text-align: justify;\">Wer sich noch mehr Platz w\u00fcnscht, erg\u00e4nzt von <a href=\"https:\/\/www.raum-blick.de\/ferm-living-plant-box-small\">ferm LIVING die Plant Box Small<\/a>. Ihr Format passt bestens zur Fensterbank. Kr\u00e4uterklassiker wie Dill oder Schnittlauch entdeckt man frisch geb\u00fcndelt im gut sortierten Supermarkt. Clever ist deshalb die Idee, im Kr\u00e4uterbeet f\u00fcr die K\u00fcche die pers\u00f6nlichen Geheimzutaten heranzuziehen.<\/p>\n<div class='et-box et-info'>\n\t\t\t\t\t<div class='et-box-content'>Mit einigen Bl\u00e4ttchen vom Zitronenthymian wird die Kr\u00e4uterbutter zum Geschmackserlebnis.<\/div><\/div>\n<p style=\"text-align: justify;\">Oregano aus Puerto Rico verleiht Kreationen mit Tomaten einen karibischen Touch. Gourmetcharakter erhalten die deftigen K\u00e4sesp\u00e4tzle, wenn man sie mit Zitronenbohnenkraut abschmeckt. Untersch\u00e4tzt wird der W\u00fcrzklassiker Kerbel, der dem Gefl\u00fcgelgericht oder der Vinaigrette einen franz\u00f6sischen Akzent g\u00f6nnt.<\/p>\n<p><a href=\"https:\/\/www.raum-blick.de\/ferm-living-plant-box-small\"><img loading=\"lazy\" decoding=\"async\" class=\"aligncenter wp-image-16159 size-full\" title=\"ferm LIVING Plant Box small | Pflanzenbeh\u00e4lter \/ Aufbewahrungsbox | Design: ferm Living\" src=\"https:\/\/www.raum-blick.de\/magazin\/wp-content\/uploads\/2022\/07\/ferm-living-plant-box-small.jpg\" alt=\"ferm-living-plant-box-small kraeuterbeet\" width=\"800\" height=\"800\" srcset=\"https:\/\/raum-blick.de\/magazin\/wp-content\/uploads\/2022\/07\/ferm-living-plant-box-small.jpg 800w, https:\/\/raum-blick.de\/magazin\/wp-content\/uploads\/2022\/07\/ferm-living-plant-box-small-300x300.jpg 300w, https:\/\/raum-blick.de\/magazin\/wp-content\/uploads\/2022\/07\/ferm-living-plant-box-small-150x150.jpg 150w, https:\/\/raum-blick.de\/magazin\/wp-content\/uploads\/2022\/07\/ferm-living-plant-box-small-768x768.jpg 768w\" sizes=\"(max-width: 800px) 100vw, 800px\" \/><\/a><\/p>\n<h2><span class=\"ez-toc-section\" id=\"Kraeuter_in_der_Wohnung_%E2%80%93_Naturdeko_mit_koestlichem_Mehrwert\"><\/span>Kr\u00e4uter in der Wohnung \u2013 Naturdeko mit k\u00f6stlichem Mehrwert<span class=\"ez-toc-section-end\"><\/span><\/h2>\n<p style=\"text-align: justify;\">Die Pflanzen sind dekorativ, sorgen f\u00fcr einen angenehmen Raumduft und verw\u00f6hnen den Gaumen. Der Mix \u00fcberzeugt nicht nur beim Kr\u00e4uterbeet f\u00fcr die K\u00fcche, sondern generell bei der wohnlichen Begr\u00fcnung.<\/p>\n<p><a href=\"https:\/\/www.raum-blick.de\/design-house-stockholm-botanic-stand\"><img loading=\"lazy\" decoding=\"async\" class=\"aligncenter wp-image-16146 size-full\" title=\"Design House Stockholm - Botanic Stand | Design: Atelier 2+\" src=\"https:\/\/www.raum-blick.de\/magazin\/wp-content\/uploads\/2022\/07\/design-house-stockholm-botanic-stand.jpg\" alt=\"design-house-stockholm-botanic-stand\" width=\"800\" height=\"720\" srcset=\"https:\/\/raum-blick.de\/magazin\/wp-content\/uploads\/2022\/07\/design-house-stockholm-botanic-stand.jpg 800w, https:\/\/raum-blick.de\/magazin\/wp-content\/uploads\/2022\/07\/design-house-stockholm-botanic-stand-300x270.jpg 300w, https:\/\/raum-blick.de\/magazin\/wp-content\/uploads\/2022\/07\/design-house-stockholm-botanic-stand-768x691.jpg 768w\" sizes=\"(max-width: 800px) 100vw, 800px\" \/><\/a><\/p>\n<p style=\"text-align: justify;\">Asiatischen und skandinavischen Minimalismus kombiniert <a href=\"https:\/\/www.raum-blick.de\/design-house-stockholm\/\">Design House Stockholm<\/a> bei der Kr\u00e4uterbox attraktiv. Sie macht auf dem Sideboard eine gute Figur. Der passende <a href=\"https:\/\/www.raum-blick.de\/design-house-stockholm-botanic-stand\">Botanic Stand Pflanzenkasten<\/a> der Marke lockert das Interieur als Raumteiler auf.<\/p>\n<div class='et-box et-note'>\n\t\t\t\t\t<div class='et-box-content'>Ananassalbei duftet wundervoll, rundet Tees exotisch ab und g\u00f6nnt der winterlichen Wohnwelt mit seinen Bl\u00fcten kr\u00e4ftige Farbtupfer.<\/div><\/div>\n<p style=\"text-align: justify;\">Genauso effektiv peppt der Bonsai-Chili-Strauch mit seinen knallroten Schoten das Ambiente auf. In der K\u00fcche sorgt er daf\u00fcr, dass deftige Eint\u00f6pfe die Seele von innen heraus w\u00e4rmen. Bemerkt man bei asiatischen Gerichten eine erfrischende Note, steckt oft das Zitronenblatt dahinter. Die wei\u00dfbunte Gr\u00fcnpflanze ist nicht nur schmackhaft, sondern sieht auch h\u00fcbsch aus.<\/p>\n<p><a href=\"https:\/\/www.raum-blick.de\/design-house-stockholm-kraeuterbox\"><img loading=\"lazy\" decoding=\"async\" class=\"aligncenter wp-image-16156 size-full\" title=\"Design House Stockholm - Kr\u00e4uterbox | Design: Atelier 2+\" src=\"https:\/\/www.raum-blick.de\/magazin\/wp-content\/uploads\/2022\/07\/design-house-stockholm-kraeuterbox.jpg\" alt=\"design-house-stockholm-kraeuterbox kraeuterbeet\" width=\"800\" height=\"800\" srcset=\"https:\/\/raum-blick.de\/magazin\/wp-content\/uploads\/2022\/07\/design-house-stockholm-kraeuterbox.jpg 800w, https:\/\/raum-blick.de\/magazin\/wp-content\/uploads\/2022\/07\/design-house-stockholm-kraeuterbox-300x300.jpg 300w, https:\/\/raum-blick.de\/magazin\/wp-content\/uploads\/2022\/07\/design-house-stockholm-kraeuterbox-150x150.jpg 150w, https:\/\/raum-blick.de\/magazin\/wp-content\/uploads\/2022\/07\/design-house-stockholm-kraeuterbox-768x768.jpg 768w\" sizes=\"(max-width: 800px) 100vw, 800px\" \/><\/a><\/p>\n<h2><span class=\"ez-toc-section\" id=\"Kraeuter_richtig_pflanzen_%E2%80%93_So_gehts\"><\/span>Kr\u00e4uter richtig pflanzen \u2013 So geht&#8217;s!<span class=\"ez-toc-section-end\"><\/span><\/h2>\n<p style=\"text-align: justify;\">Drau\u00dfen kann man viele Gattungen nur vom sp\u00e4ten Fr\u00fchling bis zum Fr\u00fchherbst anbauen, weil sie K\u00e4lte nicht vertragen. Der Aspekt ist vor allem bei mehrj\u00e4hrigen Gew\u00e4chsen problematisch und mit M\u00fche verbunden. Sie erwarten vor dem ersten Frost einen Umzug oder sterben ab. Dementgegen sind die meisten Kr\u00e4uter f\u00fcr drinnen geeignet und f\u00fchlen sich dort rund ums Jahr wohl. Die aromatischen Pflanzen sind erfreulich pflegeleicht.<\/p>\n<div class='et-box et-success'>\n\t\t\t\t\t<div class='et-box-content'>Am besten best\u00fcckt man die Kr\u00e4uterbox mit einer d\u00fcnnen Kiesschicht, schneidet Gartenvlies zurecht und legt es darauf.<\/div><\/div>\n<p style=\"text-align: justify;\">Diese Basis wirkt wie eine Drainage und verhindert Staun\u00e4sse. Anspruchslose Gew\u00e4chse wie Rosmarin bevorzugen sandige B\u00f6den. Reichhaltige Erde m\u00f6gen viele heimische Gartenkr\u00e4uter, zum Beispiel der Liebst\u00f6ckel. Sie freuen sich \u00fcber eine Extraportion Kompost. Bei Mischkulturen kombiniert man geschickt Kr\u00e4uter mit \u00e4hnlichen Vorlieben beim Gie\u00dfen und Untergrund. Einige Wochen liefert frische Pflanzerde alle N\u00e4hrstoffe. Danach w\u00fcnscht sich das Kr\u00e4uterbeet etwas Nachschub. Das gelingt einfach mit speziellen Bio-D\u00fcngest\u00e4bchen aus dem Gartencenter.<\/p>\n<p><a href=\"https:\/\/www.raum-blick.de\/ferm-living-grib-toolbox\"><img loading=\"lazy\" decoding=\"async\" class=\"aligncenter wp-image-16141 size-full\" title=\"ferm LIVING \u2013 Grib Toolbox | Aufbewahrungsm\u00f6glichkeit | Design: ferm LIVING\" src=\"https:\/\/www.raum-blick.de\/magazin\/wp-content\/uploads\/2022\/07\/ferm-living-grib-toolbox.jpg\" alt=\"ferm-living-grib-toolbox\" width=\"800\" height=\"800\" srcset=\"https:\/\/raum-blick.de\/magazin\/wp-content\/uploads\/2022\/07\/ferm-living-grib-toolbox.jpg 800w, https:\/\/raum-blick.de\/magazin\/wp-content\/uploads\/2022\/07\/ferm-living-grib-toolbox-300x300.jpg 300w, https:\/\/raum-blick.de\/magazin\/wp-content\/uploads\/2022\/07\/ferm-living-grib-toolbox-150x150.jpg 150w, https:\/\/raum-blick.de\/magazin\/wp-content\/uploads\/2022\/07\/ferm-living-grib-toolbox-768x768.jpg 768w\" sizes=\"(max-width: 800px) 100vw, 800px\" \/><\/a><\/p>\n<p style=\"text-align: justify;\">Erde verdichtet sich h\u00e4ufig durch das Gie\u00dfwasser, was sich negativ auf das Pflanzenwachstum auswirkt. Gelegentlich sollte man das Substrat deshalb mit einem kleinen Gartenwerkzeug auflockern. Ansprechend b\u00fcndelt die <a href=\"https:\/\/www.raum-blick.de\/ferm-living-grib-toolbox\">ferm LIVING Grib Toolbox<\/a> das ben\u00f6tigte Zubeh\u00f6r, die im Idealfall offensichtlich platziert wird. So ger\u00e4t die Pflanzenpflege nicht in Vergessenheit.<\/p>\n<h2><span class=\"ez-toc-section\" id=\"Kraeuter_hacken_oder_moersern\"><\/span>Kr\u00e4uter hacken oder m\u00f6rsern?<span class=\"ez-toc-section-end\"><\/span><\/h2>\n<p style=\"text-align: justify;\">Beim Kochen springt das Kr\u00e4uterbeet in der K\u00fcche ins Auge und stimuliert k\u00f6stliche Ideen. Spontan zupft man hier und dort einzelne Bl\u00e4ttchen ab. Gelegentlich ist der Vorgang okay, er sollte aber nicht zur Gewohnheit werden. Die meisten Pflanzen wachsen besser nach, wenn vorsichtig ein Trieb abgetrennt wird. Daf\u00fcr eignet sich das <a href=\"https:\/\/www.raum-blick.de\/eva-solo-kraeutermesser-green-tool\">Kr\u00e4utermesser Green Tool<\/a> oder die japanische <a href=\"https:\/\/www.raum-blick.de\/kai-dirk-kuechenschere\">K\u00fcchenschere Dirk von Kai<\/a>.<\/p>\n<p><a href=\"https:\/\/www.raum-blick.de\/eva-solo-kraeutermesser-green-tool\"><img loading=\"lazy\" decoding=\"async\" class=\"aligncenter wp-image-16133 size-full\" title=\"Eva Solo \u2013 K\u00fcchenmesser f\u00fcr Kr\u00e4uter | Green Tool Serie | Design: Tools\u00ae\" src=\"https:\/\/www.raum-blick.de\/magazin\/wp-content\/uploads\/2022\/07\/eva-solo-kraeutermesser-green-tool.jpg\" alt=\"eva-solo-kraeutermesser-green-tool\" width=\"800\" height=\"400\" srcset=\"https:\/\/raum-blick.de\/magazin\/wp-content\/uploads\/2022\/07\/eva-solo-kraeutermesser-green-tool.jpg 800w, https:\/\/raum-blick.de\/magazin\/wp-content\/uploads\/2022\/07\/eva-solo-kraeutermesser-green-tool-300x150.jpg 300w, https:\/\/raum-blick.de\/magazin\/wp-content\/uploads\/2022\/07\/eva-solo-kraeutermesser-green-tool-768x384.jpg 768w, https:\/\/raum-blick.de\/magazin\/wp-content\/uploads\/2022\/07\/eva-solo-kraeutermesser-green-tool-660x330.jpg 660w\" sizes=\"(max-width: 800px) 100vw, 800px\" \/><\/a><\/p>\n<p style=\"text-align: justify;\">Salatkr\u00e4uter wie Petersilie oder Dill werden fein gehackt und kurz vor dem Servieren hinzugef\u00fcgt. Mit einem Wiegemesser gelingt das Zerkleinern besonders leicht. F\u00fcr getrocknete Gew\u00fcrzkr\u00e4uter empfiehlt sich ein Zwischenstopp im M\u00f6rser. Die Reibung hilft den \u00e4therischen \u00d6len dabei, ihre aromatische Kraft zu entfalten. Frisch zubereitete Kr\u00e4uterpasten sind derart k\u00f6stlich, dass sie Gourmets im Alleingang \u00fcberzeugen.<\/p>\n<p><a href=\"https:\/\/www.raum-blick.de\/kai-dirk-kuechenschere\"><img loading=\"lazy\" decoding=\"async\" class=\"aligncenter wp-image-16136 size-full\" title=\"Kai Dirk K\u00fcchenschere | K\u00fcchenhelfer der Conran Serie | Design: kai europe\" src=\"https:\/\/www.raum-blick.de\/magazin\/wp-content\/uploads\/2022\/07\/kai-dirk-kuechenschere.jpg\" alt=\"kai-dirk-kuechenschere\" width=\"800\" height=\"450\" srcset=\"https:\/\/raum-blick.de\/magazin\/wp-content\/uploads\/2022\/07\/kai-dirk-kuechenschere.jpg 800w, https:\/\/raum-blick.de\/magazin\/wp-content\/uploads\/2022\/07\/kai-dirk-kuechenschere-300x169.jpg 300w, https:\/\/raum-blick.de\/magazin\/wp-content\/uploads\/2022\/07\/kai-dirk-kuechenschere-768x432.jpg 768w\" sizes=\"(max-width: 800px) 100vw, 800px\" \/><\/a><\/p>\n<p style=\"text-align: justify;\">Das Pesto ist daf\u00fcr ein Paradebeispiel, das behutsam im <a href=\"https:\/\/www.raum-blick.de\/adhoc-rocca-wiegemoerser\">AdHoc Wiegem\u00f6rser<\/a> entsteht. Beim Stampfen vereinen sich sukzessive Basilikum, Pinienkerne, Parmesan, Knoblauch und Oliven\u00f6l zur italienischen Spezialit\u00e4t, die Nudeln umschmeichelt. Die Zusammensetzung ist nicht in Stein gemei\u00dfelt.<\/p>\n<p><a href=\"https:\/\/www.raum-blick.de\/adhoc-rocca-wiegemoerser\"><img loading=\"lazy\" decoding=\"async\" class=\"aligncenter wp-image-16127 size-full\" title=\"AdHoc \u2013 ROCCA Wiegem\u00f6rser | handlicher Wiegest\u00f6\u00dfel | Design: Robert Franzheld\" src=\"https:\/\/www.raum-blick.de\/magazin\/wp-content\/uploads\/2022\/07\/adhoc-rocca-wiegemoerser.jpg\" alt=\"adhoc-rocca-wiegemoerser-kraeuterbeet\" width=\"800\" height=\"420\" srcset=\"https:\/\/raum-blick.de\/magazin\/wp-content\/uploads\/2022\/07\/adhoc-rocca-wiegemoerser.jpg 800w, https:\/\/raum-blick.de\/magazin\/wp-content\/uploads\/2022\/07\/adhoc-rocca-wiegemoerser-300x158.jpg 300w, https:\/\/raum-blick.de\/magazin\/wp-content\/uploads\/2022\/07\/adhoc-rocca-wiegemoerser-768x403.jpg 768w\" sizes=\"(max-width: 800px) 100vw, 800px\" \/><\/a><\/p>\n<p style=\"text-align: justify;\">Kreativ kann man die Kr\u00e4uterarten, N\u00fcsse und Hartk\u00e4sesorten variieren. Der Gaumen freut sich zum Beispiel im Hochsommer, wenn sich die Minze aus dem Kr\u00e4uterbeet auf eine Symbiose mit Mandeln und Zitronensaft einl\u00e4sst.<\/p>\n","protected":false},"excerpt":{"rendered":"<p>\u00ab Kr\u00e4uter f\u00fcr drinnen stilvoll am Herd \u00bb Hochwertige Zutaten wanderten in den Topf. Alle Hinweise des Rezepts wurden beachtet. Das zubereitete Gericht schmeckt zwar gut, aber nicht \u00fcberragend. Wer diese Erfahrung kennt, sollte sich ein Kr\u00e4uterbeet f\u00fcr die K\u00fcche g\u00f6nnen. Denn dort w\u00e4chst das Geheimnis f\u00fcrs raffinierte Gaumenfeuerwerk heran. Geringer Aufwand, gro\u00dfer Genuss: Kr\u00e4uterklassiker [&hellip;]<\/p>\n","protected":false},"author":4,"featured_media":16170,"comment_status":"closed","ping_status":"open","sticky":false,"template":"","format":"standard","meta":{"_et_pb_use_builder":"","_et_pb_old_content":"","_et_gb_content_width":"","inline_featured_image":false,"footnotes":""},"categories":[8],"tags":[1645,1360,1312,1747,495,18,206,33,1411,1750,1405,1746,1406,530,11,968,1749,505,767,1640,1748,1751,1752],"class_list":["post-16124","post","type-post","status-publish","format-standard","has-post-thumbnail","hentry","category-features","tag-adhoc","tag-aufbewahrung","tag-aufbewahrungskorb","tag-botanic-stand","tag-design-house-stockholm","tag-eva-solo","tag-ferm-living","tag-garten","tag-herb-organiser","tag-kai-europe","tag-kraeuter","tag-kraeuterbeet","tag-kraeuterbox","tag-kueche","tag-kuechenhelfer","tag-kuechenmesser","tag-kuechenschere","tag-pflanzenbehaelter","tag-plant-box","tag-selbstbewaesserungssystem","tag-toolbox","tag-wiegemoerser","tag-wiegestoessel"],"_links":{"self":[{"href":"https:\/\/raum-blick.de\/magazin\/wp-json\/wp\/v2\/posts\/16124","targetHints":{"allow":["GET"]}}],"collection":[{"href":"https:\/\/raum-blick.de\/magazin\/wp-json\/wp\/v2\/posts"}],"about":[{"href":"https:\/\/raum-blick.de\/magazin\/wp-json\/wp\/v2\/types\/post"}],"author":[{"embeddable":true,"href":"https:\/\/raum-blick.de\/magazin\/wp-json\/wp\/v2\/users\/4"}],"replies":[{"embeddable":true,"href":"https:\/\/raum-blick.de\/magazin\/wp-json\/wp\/v2\/comments?post=16124"}],"version-history":[{"count":40,"href":"https:\/\/raum-blick.de\/magazin\/wp-json\/wp\/v2\/posts\/16124\/revisions"}],"predecessor-version":[{"id":16174,"href":"https:\/\/raum-blick.de\/magazin\/wp-json\/wp\/v2\/posts\/16124\/revisions\/16174"}],"wp:featuredmedia":[{"embeddable":true,"href":"https:\/\/raum-blick.de\/magazin\/wp-json\/wp\/v2\/media\/16170"}],"wp:attachment":[{"href":"https:\/\/raum-blick.de\/magazin\/wp-json\/wp\/v2\/media?parent=16124"}],"wp:term":[{"taxonomy":"category","embeddable":true,"href":"https:\/\/raum-blick.de\/magazin\/wp-json\/wp\/v2\/categories?post=16124"},{"taxonomy":"post_tag","embeddable":true,"href":"https:\/\/raum-blick.de\/magazin\/wp-json\/wp\/v2\/tags?post=16124"}],"curies":[{"name":"wp","href":"https:\/\/api.w.org\/{rel}","templated":true}]}}