{"id":16067,"date":"2022-05-13T14:28:24","date_gmt":"2022-05-13T12:28:24","guid":{"rendered":"https:\/\/www.raum-blick.de\/magazin\/?p=16067"},"modified":"2022-05-13T18:34:08","modified_gmt":"2022-05-13T16:34:08","slug":"feuer-im-garten","status":"publish","type":"post","link":"https:\/\/raum-blick.de\/magazin\/feuer-im-garten\/","title":{"rendered":"Feuer im Garten"},"content":{"rendered":"<h2><span class=\"ez-toc-section\" id=\"%C2%AB_Gartenkamine_schenken_Licht_Waerme_und_Grillmoeglichkeiten_%C2%BB\"><\/span>\u00ab Gartenkamine schenken Licht, W\u00e4rme und Grillm\u00f6glichkeiten \u00bb<span class=\"ez-toc-section-end\"><\/span><\/h2>\n<p style=\"text-align: justify;\"><strong>Geselliges Grillfest im Fr\u00fchling, romantisches Sommerdinner oder gem\u00fctliche Gl\u00fchweinparty im Winter: Das Feuer im Garten setzt rund ums Jahr den Genussmomenten die Krone auf. Im Handumdrehen l\u00e4sst sich die stimmungsvolle Idee mit einem <\/strong><a href=\"https:\/\/www.raum-blick.de\/grill-feuerstelle\/\"><strong>modernen Grillkamin, praktischen Feuerkorb oder eleganten Tischfeuer<\/strong><\/a><strong> verwirklichen.<\/strong><\/p>\n<h2><span class=\"ez-toc-section\" id=\"Doppelt_charmant_Feuerschalen_aus_Cortenstahl\"><\/span>Doppelt charmant: Feuerschalen aus Cortenstahl<span class=\"ez-toc-section-end\"><\/span><\/h2>\n<p style=\"text-align: justify;\">Das Farbspiel reicht vom hellen Gelb bis zum satten Rot. Unentwegt ver\u00e4ndern sich die Flammen, von denen eine angenehme W\u00e4rme ausgeht. Seit Gedenken f\u00fchlen sich Menschen vom Lagerfeuer magisch angezogen, das urig und romantisch zugleich ist. Roher Stahl wird sukzessive von einer rostigen Patina erfasst, die dem Werkstoff nicht schadet. Im Gegenteil: Sie forciert seinen robusten Charakter und verleiht ihm ein Charisma, dem man sich nicht entziehen kann.<\/p><div id=\"ez-toc-container\" class=\"ez-toc-v2_0_82_2 counter-hierarchy ez-toc-counter ez-toc-grey ez-toc-container-direction\">\n<div class=\"ez-toc-title-container\">\n<p class=\"ez-toc-title\" style=\"cursor:inherit\">Was hier auf Sie wartet<\/p>\n<span class=\"ez-toc-title-toggle\"><a href=\"#\" class=\"ez-toc-pull-right ez-toc-btn ez-toc-btn-xs ez-toc-btn-default ez-toc-toggle\" aria-label=\"Toggle Table of Content\"><span class=\"ez-toc-js-icon-con\"><span class=\"\"><span class=\"eztoc-hide\" style=\"display:none;\">Toggle<\/span><span class=\"ez-toc-icon-toggle-span\"><svg style=\"fill: #999;color:#999\" xmlns=\"http:\/\/www.w3.org\/2000\/svg\" class=\"list-377408\" width=\"20px\" height=\"20px\" viewBox=\"0 0 24 24\" fill=\"none\"><path d=\"M6 6H4v2h2V6zm14 0H8v2h12V6zM4 11h2v2H4v-2zm16 0H8v2h12v-2zM4 16h2v2H4v-2zm16 0H8v2h12v-2z\" fill=\"currentColor\"><\/path><\/svg><svg style=\"fill: #999;color:#999\" class=\"arrow-unsorted-368013\" xmlns=\"http:\/\/www.w3.org\/2000\/svg\" width=\"10px\" height=\"10px\" viewBox=\"0 0 24 24\" version=\"1.2\" baseProfile=\"tiny\"><path d=\"M18.2 9.3l-6.2-6.3-6.2 6.3c-.2.2-.3.4-.3.7s.1.5.3.7c.2.2.4.3.7.3h11c.3 0 .5-.1.7-.3.2-.2.3-.5.3-.7s-.1-.5-.3-.7zM5.8 14.7l6.2 6.3 6.2-6.3c.2-.2.3-.5.3-.7s-.1-.5-.3-.7c-.2-.2-.4-.3-.7-.3h-11c-.3 0-.5.1-.7.3-.2.2-.3.5-.3.7s.1.5.3.7z\"\/><\/svg><\/span><\/span><\/span><\/a><\/span><\/div>\n<nav><ul class='ez-toc-list ez-toc-list-level-1 ' ><li class='ez-toc-page-1 ez-toc-heading-level-2'><a class=\"ez-toc-link ez-toc-heading-1\" href=\"https:\/\/raum-blick.de\/magazin\/feuer-im-garten\/#%C2%AB_Gartenkamine_schenken_Licht_Waerme_und_Grillmoeglichkeiten_%C2%BB\" >\u00ab Gartenkamine schenken Licht, W\u00e4rme und Grillm\u00f6glichkeiten \u00bb<\/a><\/li><li class='ez-toc-page-1 ez-toc-heading-level-2'><a class=\"ez-toc-link ez-toc-heading-2\" href=\"https:\/\/raum-blick.de\/magazin\/feuer-im-garten\/#Doppelt_charmant_Feuerschalen_aus_Cortenstahl\" >Doppelt charmant: Feuerschalen aus Cortenstahl<\/a><\/li><li class='ez-toc-page-1 ez-toc-heading-level-2'><a class=\"ez-toc-link ez-toc-heading-3\" href=\"https:\/\/raum-blick.de\/magazin\/feuer-im-garten\/#Stylische_Basis_fuers_urige_Flammenspiel\" >Stylische Basis f\u00fcrs urige Flammenspiel<\/a><\/li><li class='ez-toc-page-1 ez-toc-heading-level-2'><a class=\"ez-toc-link ez-toc-heading-4\" href=\"https:\/\/raum-blick.de\/magazin\/feuer-im-garten\/#Moderne_Gartenkamine_schick_designt_und_praktisch_durchdacht\" >Moderne Gartenkamine: schick designt und praktisch durchdacht<\/a><\/li><li class='ez-toc-page-1 ez-toc-heading-level-2'><a class=\"ez-toc-link ez-toc-heading-5\" href=\"https:\/\/raum-blick.de\/magazin\/feuer-im-garten\/#Multitalentierte_Assistenten_fuer_die_Sommerparty\" >Multitalentierte Assistenten f\u00fcr die Sommerparty<\/a><\/li><li class='ez-toc-page-1 ez-toc-heading-level-2'><a class=\"ez-toc-link ez-toc-heading-6\" href=\"https:\/\/raum-blick.de\/magazin\/feuer-im-garten\/#Kaminromantik_im_Tischformat\" >Kaminromantik im Tischformat<\/a><\/li><\/ul><\/nav><\/div>\n\n<p><a href=\"https:\/\/www.raum-blick.de\/eva-solo-firecube-gartenkamin\"><img loading=\"lazy\" decoding=\"async\" class=\"aligncenter wp-image-16074\" title=\"Eva Solo \u2013 FireCube Gartenkamin | Gartengrill aus Cortonstahl | Design: Tools Design\" src=\"https:\/\/www.raum-blick.de\/magazin\/wp-content\/uploads\/2022\/06\/Eva-Solo-FireCube-Gartenkamin.jpg\" alt=\"Eva Solo FireCube Gartenkamin\" width=\"646\" height=\"600\" srcset=\"https:\/\/raum-blick.de\/magazin\/wp-content\/uploads\/2022\/06\/Eva-Solo-FireCube-Gartenkamin.jpg 700w, https:\/\/raum-blick.de\/magazin\/wp-content\/uploads\/2022\/06\/Eva-Solo-FireCube-Gartenkamin-300x279.jpg 300w\" sizes=\"(max-width: 646px) 100vw, 646px\" \/><\/a><\/p>\n<p style=\"text-align: justify;\">Das Material passt bestens zu Accessoires, die f\u00fcr das Feuer im Garten gedacht sind. Der Meinung schlie\u00dft sich <a href=\"https:\/\/www.raum-blick.de\/eva-solo-firecube-gartenkamin\">Eva Solo beim FireCube Gartenkamin<\/a> an. Die rustikalen Facetten einer Feuerstelle werden durch die kubische Formgebung kontrastiert und die Rostpatina wiederum verst\u00e4rkt.<\/p>\n<p><a href=\"https:\/\/www.raum-blick.de\/muellernkontor-solix-feuerschale\"><img loading=\"lazy\" decoding=\"async\" class=\"aligncenter wp-image-16082 size-full\" title=\"Solix Feuerschale | aus dickem Stahl gefertigt\" src=\"https:\/\/www.raum-blick.de\/magazin\/wp-content\/uploads\/2022\/06\/Solix-Feuerschale.jpg\" alt=\"Solix Feuerschale\" width=\"700\" height=\"700\" srcset=\"https:\/\/raum-blick.de\/magazin\/wp-content\/uploads\/2022\/06\/Solix-Feuerschale.jpg 700w, https:\/\/raum-blick.de\/magazin\/wp-content\/uploads\/2022\/06\/Solix-Feuerschale-300x300.jpg 300w, https:\/\/raum-blick.de\/magazin\/wp-content\/uploads\/2022\/06\/Solix-Feuerschale-150x150.jpg 150w\" sizes=\"(max-width: 700px) 100vw, 700px\" \/><\/a><\/p>\n<p style=\"text-align: justify;\">F\u00fcr ein klassisches Design entscheidet sich M\u00fcllernkontor bei der <a href=\"https:\/\/www.raum-blick.de\/muellernkontor-solix-feuerschale\">Solix Feuerschale<\/a>, die mit der Zeit eine rostrote Oberfl\u00e4che erh\u00e4lt. Es ist zweitrangig, ob der Kamin oder die Schale die Gartengestaltung bereichert. Der Effekt bleibt gleich: Erblicken G\u00e4ste das Outdooraccessoire, sehnen sie sich den Sonnenuntergang herbei.<\/p>\n<h2><span class=\"ez-toc-section\" id=\"Stylische_Basis_fuers_urige_Flammenspiel\"><\/span>Stylische Basis f\u00fcrs urige Flammenspiel<span class=\"ez-toc-section-end\"><\/span><\/h2>\n<p style=\"text-align: justify;\">Lagerfeuerromantik widerspricht dem eleganten Flair nicht. Beides l\u00e4sst sich sogar prima vereinen. Das beweist <a href=\"https:\/\/www.raum-blick.de\/eva-solo-fireglobe-feuerschale\">Eva Solo mit der FireGlobe<\/a>, die sich als Halbkugel pr\u00e4sentiert. Fabelhaft passt zur modernen \u00c4sthetik die schwarze Emaillierung, die silbergraue Aluminiumf\u00fc\u00dfe schick kontrastieren.<\/p>\n<p><a href=\"https:\/\/www.raum-blick.de\/eva-solo-fireglobe-feuerschale\"><img loading=\"lazy\" decoding=\"async\" class=\"aligncenter wp-image-16079 size-full\" title=\"Eva Solo \u2013 Feuerschale FireGlobe | auf Aluminium-Beinen | Design: Claus Jensen und Henrik Holb\u00e6k\" src=\"https:\/\/www.raum-blick.de\/magazin\/wp-content\/uploads\/2022\/06\/eva-solo-fireglobe-feuerschale.jpg\" alt=\"eva-solo-fireglobe-feuerschale feuer-im-garten\" width=\"700\" height=\"700\" srcset=\"https:\/\/raum-blick.de\/magazin\/wp-content\/uploads\/2022\/06\/eva-solo-fireglobe-feuerschale.jpg 700w, https:\/\/raum-blick.de\/magazin\/wp-content\/uploads\/2022\/06\/eva-solo-fireglobe-feuerschale-300x300.jpg 300w, https:\/\/raum-blick.de\/magazin\/wp-content\/uploads\/2022\/06\/eva-solo-fireglobe-feuerschale-150x150.jpg 150w\" sizes=\"(max-width: 700px) 100vw, 700px\" \/><\/a><\/p>\n<p style=\"text-align: justify;\">Das Design ist nicht nur formsch\u00f6n, sondern auch praktisch: Bevor der gem\u00fctliche Sommerabend startet, wird flink die Windrichtung gepr\u00fcft. Passend dazu richtet man die Feuerschale aus. So verringert sich die Gefahr, dass es nach dem Anz\u00fcnden zum Funkenflug kommt. Gleichzeitig wird die W\u00e4rme dorthin gelenkt, wo man sitzt. Ambitionierte Designer suchen stets nach der optimalen Funktionalit\u00e4t. Es ist deshalb nicht verwunderlich, dass <a href=\"https:\/\/www.raum-blick.de\/hoefats-bowl-feuerschale\">h\u00f6fats bei der Bowl Feuerschale<\/a> eine \u00e4hnliche Idee umsetzt. Die bayerische Marke g\u00f6nnt den Outdoorfans reichlich Freiheit bei der Nutzung.<\/p>\n<p><a href=\"https:\/\/www.raum-blick.de\/hoefats-bowl-feuerschale\"><img loading=\"lazy\" decoding=\"async\" class=\"aligncenter wp-image-16087 size-full\" title=\"h\u00f6fats Bowl Feuerschale | mit Dreibein \/ Drahtfu\u00df\" src=\"https:\/\/www.raum-blick.de\/magazin\/wp-content\/uploads\/2022\/06\/hoefats-bowl-feuerschale.jpg\" alt=\"hoefats-bowl-feuerschale\" width=\"700\" height=\"700\" srcset=\"https:\/\/raum-blick.de\/magazin\/wp-content\/uploads\/2022\/06\/hoefats-bowl-feuerschale.jpg 700w, https:\/\/raum-blick.de\/magazin\/wp-content\/uploads\/2022\/06\/hoefats-bowl-feuerschale-300x300.jpg 300w, https:\/\/raum-blick.de\/magazin\/wp-content\/uploads\/2022\/06\/hoefats-bowl-feuerschale-150x150.jpg 150w\" sizes=\"(max-width: 700px) 100vw, 700px\" \/><\/a><\/p>\n<p style=\"text-align: justify;\">Sie k\u00f6nnen zwischen einem niedrigen und hohen Gestell w\u00e4hlen. Darauf l\u00e4sst sich die Halbkugel gerade oder schr\u00e4g platzieren. Heute ben\u00f6tigt man die Feuerstelle im Garten, morgen soll sie auf der Terrasse stehen? Kein Problem: Das Designkonzept mit klappbarem St\u00e4nder erleichtert den Standortwechsel.<\/p>\n<h2><span class=\"ez-toc-section\" id=\"Moderne_Gartenkamine_schick_designt_und_praktisch_durchdacht\"><\/span>Moderne Gartenkamine: schick designt und praktisch durchdacht<span class=\"ez-toc-section-end\"><\/span><\/h2>\n<p style=\"text-align: justify;\">Der Architekt ist ein Genie\u00dfer. Das verr\u00e4t die Gartengestaltung. Er dachte an einen Grillkamin und platzierte ihn im sch\u00f6nsten Winkel der Au\u00dfenanlage. Wenn man gerade mehrfach den Kopf sch\u00fcttelt, ist der Traum vom Feuer im Garten nicht geplatzt.<\/p>\n<p><a href=\"https:\/\/www.raum-blick.de\/eva-solo-firebox-gartenkamin\"><img loading=\"lazy\" decoding=\"async\" class=\"aligncenter wp-image-16093 size-full\" title=\"Eva Solo \u2013 Fire Box Feuerstelle Garten | f\u00fcr gem\u00fctliche Outdoor Abende | Design: Eva Solo\" src=\"https:\/\/www.raum-blick.de\/magazin\/wp-content\/uploads\/2022\/06\/eva-solo-firebox-gartenkamin.jpg\" alt=\"eva-solo-firebox-gartenkamin feuer-im-garten\" width=\"700\" height=\"700\" srcset=\"https:\/\/raum-blick.de\/magazin\/wp-content\/uploads\/2022\/06\/eva-solo-firebox-gartenkamin.jpg 700w, https:\/\/raum-blick.de\/magazin\/wp-content\/uploads\/2022\/06\/eva-solo-firebox-gartenkamin-300x300.jpg 300w, https:\/\/raum-blick.de\/magazin\/wp-content\/uploads\/2022\/06\/eva-solo-firebox-gartenkamin-150x150.jpg 150w\" sizes=\"(max-width: 700px) 100vw, 700px\" \/><\/a><\/p>\n<p style=\"text-align: justify;\">Eine durchdachte Designidee gen\u00fcgt, um ihn zu realisieren. Der gemauerte Klassiker erblasst neben der <a href=\"https:\/\/www.raum-blick.de\/eva-solo-firebox-gartenkamin\">Eva Solo Fire Box<\/a>. Ihre klare Formensprache ist genauso ansprechend wie die rostrote Oberfl\u00e4che. Rauchabzug, Feuerplatz und Brennholzablage: Die skandinavische Marke dachte an alles beim Entwurf.<\/p>\n<p><a href=\"https:\/\/www.raum-blick.de\/eva-solo-firecylinder-gartenkamin\"><img loading=\"lazy\" decoding=\"async\" class=\"aligncenter wp-image-16095 size-full\" title=\"Eva Solo \u2013 FireCylinder Gartenkamin | Gartenofen im Used Look | Design: Tools Design\" src=\"https:\/\/www.raum-blick.de\/magazin\/wp-content\/uploads\/2022\/06\/eva-solo-firecylinder-gartenkamin.jpg\" alt=\"eva-solo-firecylinder-gartenkamin feuer-im-garten\" width=\"700\" height=\"700\" srcset=\"https:\/\/raum-blick.de\/magazin\/wp-content\/uploads\/2022\/06\/eva-solo-firecylinder-gartenkamin.jpg 700w, https:\/\/raum-blick.de\/magazin\/wp-content\/uploads\/2022\/06\/eva-solo-firecylinder-gartenkamin-300x300.jpg 300w, https:\/\/raum-blick.de\/magazin\/wp-content\/uploads\/2022\/06\/eva-solo-firecylinder-gartenkamin-150x150.jpg 150w\" sizes=\"(max-width: 700px) 100vw, 700px\" \/><\/a><\/p>\n<p style=\"text-align: justify;\">Pfiffig konzipierte Eva Solo auch den <a href=\"https:\/\/www.raum-blick.de\/eva-solo-firecylinder-gartenkamin\">FireCylinder<\/a>. Der Gartenkamin im Industrial Style schafft einen Sicherheitsabstand zwischen Boden und Brennschale. Mit seiner Zylinderform sorgt er daf\u00fcr, dass die Flammen in dem Bereich bleiben, wo sie erw\u00fcnscht sind. Sobald der Au\u00dfenkamin bereitsteht, reihen sich die Ideen f\u00fcr Genussmomente. Das gilt nicht nur f\u00fcr die Sommerabende, sondern auch den Winter. Doppelt lecker ist der Gl\u00fchwein, wenn man ihn am knisternden Feuer im Garten genie\u00dft.<\/p>\n<h2><span class=\"ez-toc-section\" id=\"Multitalentierte_Assistenten_fuer_die_Sommerparty\"><\/span>Multitalentierte Assistenten f\u00fcr die Sommerparty<span class=\"ez-toc-section-end\"><\/span><\/h2>\n<p style=\"text-align: justify;\">Passend zur Abendd\u00e4mmerung stellen sich die G\u00e4ste ein. Chillige Hintergrundmusik verw\u00f6hnt die Ohren. Der Cocktail bezirzt den Gaumen, w\u00e4hrend das Feuer im Garten den Augen schmeichelt.<\/p>\n<div class='et-box et-note'>\n\t\t\t\t\t<div class='et-box-content'>Ein Volltreffer ist der Empfang, dem sich das k\u00f6stliche Barbecue anschlie\u00dft. Danach sind die Freunde zwar satt, aber l\u00e4ngst nicht in Aufbruchstimmung.<\/div><\/div>\n<p style=\"text-align: justify;\">Zu sch\u00f6n ist die Atmosph\u00e4re an der Feuerstelle, um nach Hause zu gehen. Das Partyprogramm ist nicht nur verlockend, sondern auch blitzschnell organisiert. Ein moderner Terrassenkamin oder Feuerkorb \u00fcbernimmt quasi das Eventmanagement. Bei der Konzeption werden g\u00e4ngige Vorschriften ber\u00fccksichtigt, damit man die Feuerstelle im Garten nicht anmelden muss.<\/p>\n<p><a href=\"https:\/\/www.raum-blick.de\/hoefats-cube-feuerkorb\"><img loading=\"lazy\" decoding=\"async\" class=\"aligncenter wp-image-16110 size-full\" title=\"h\u00f6fats CUBE Feuerstelle | Feuerkorb &amp; Hocker\" src=\"https:\/\/www.raum-blick.de\/magazin\/wp-content\/uploads\/2022\/06\/hoefats-cube-feuerkorb.jpg\" alt=\"hoefats-cube-feuerkorb feuer-im-garten\" width=\"700\" height=\"700\" srcset=\"https:\/\/raum-blick.de\/magazin\/wp-content\/uploads\/2022\/06\/hoefats-cube-feuerkorb.jpg 700w, https:\/\/raum-blick.de\/magazin\/wp-content\/uploads\/2022\/06\/hoefats-cube-feuerkorb-300x300.jpg 300w, https:\/\/raum-blick.de\/magazin\/wp-content\/uploads\/2022\/06\/hoefats-cube-feuerkorb-150x150.jpg 150w\" sizes=\"(max-width: 700px) 100vw, 700px\" \/><\/a><\/p>\n<p style=\"text-align: justify;\">F\u00fcr den Auftakt der Party werden einige Holzscheite entz\u00fcndet. Sie verwandeln sich automatisch in die ideale Glut f\u00fcrs BBQ. Vorausschauend denken Designmarken an Zubeh\u00f6r, mit dem die Feuerschale zum Grill wird. So gen\u00fcgt ein Accessoire f\u00fcr das stilechte Gartenfest. Wer denkt, dass damit die multifunktionalen Ideen ersch\u00f6pft sind, irrt sich. Das verdeutlicht der <a href=\"https:\/\/www.raum-blick.de\/hoefats-cube-feuerkorb\">h\u00f6fats Cube<\/a>. Der Feuerkorb assistiert in Kombination mit dem Grillrost oder der Plancha-Grillplatte beim Catering. Haben sich die G\u00e4ste verabschiedet, dreht man den Korb einfach um. In dem Moment l\u00f6scht ein cleverer Mechanismus automatisch das Feuer. Strahlender Sonnenschein ist f\u00fcr das Multitalent kein Grund, um eine Pause einzulegen. Stattdessen bietet sich der Cube als Hocker oder Beistelltisch an.<\/p>\n<h2><span class=\"ez-toc-section\" id=\"Kaminromantik_im_Tischformat\"><\/span>Kaminromantik im Tischformat<span class=\"ez-toc-section-end\"><\/span><\/h2>\n<p style=\"text-align: justify;\">Der elektrische Tischgrill reicht, damit die Nachbarn die Nase r\u00fcmpfen. Ihr un\u00fcberh\u00f6rbares N\u00f6rgeln relativiert den Spa\u00df, bevor er angefangen hat. Man kann sich lebhaft vorstellen, wie sie auf ein Feuer im Garten reagieren w\u00fcrden. Der Gedanke daran gen\u00fcgt, um den Traum zu verwerfen.<\/p>\n<p><a href=\"https:\/\/www.raum-blick.de\/philippi-burn-tischkamin\"><img loading=\"lazy\" decoding=\"async\" class=\"aligncenter wp-image-16106 size-full\" title=\"Philippi \u2013 Burn Tischkamin | frei von Rauch oder Ger\u00fcche | Design: Flip\" src=\"https:\/\/www.raum-blick.de\/magazin\/wp-content\/uploads\/2022\/06\/philippi-burn-tischkamin.jpg\" alt=\"philippi-burn-tischkamin\" width=\"700\" height=\"700\" srcset=\"https:\/\/raum-blick.de\/magazin\/wp-content\/uploads\/2022\/06\/philippi-burn-tischkamin.jpg 700w, https:\/\/raum-blick.de\/magazin\/wp-content\/uploads\/2022\/06\/philippi-burn-tischkamin-300x300.jpg 300w, https:\/\/raum-blick.de\/magazin\/wp-content\/uploads\/2022\/06\/philippi-burn-tischkamin-150x150.jpg 150w\" sizes=\"(max-width: 700px) 100vw, 700px\" \/><\/a><\/p>\n<p style=\"text-align: justify;\">Zum Gl\u00fcck serviert <a href=\"https:\/\/www.raum-blick.de\/philippi\/\">Philippi<\/a> mit dem <a href=\"https:\/\/www.raum-blick.de\/philippi-burn-tischkamin\">Burn Tischkamin<\/a> eine Alternative, die frei von Rauch und Ger\u00fcchen ist. Gen\u00fcsslich wird am spritzigen Terrassenwein genippt, der hervorragend zu den italienischen Antipasti passt. Dabei beobachtet man fasziniert, wie sich die Flammen ihren Weg durch die schwarzen Natursteine bahnen.<\/p>\n<p><a href=\"https:\/\/www.raum-blick.de\/philippi-windhuk-gartenlicht\"><img loading=\"lazy\" decoding=\"async\" class=\"aligncenter wp-image-16104 size-full\" title=\"Philippi \u2013 Windhuk Gartenlicht | 2er Set | Design: Flip\" src=\"https:\/\/www.raum-blick.de\/magazin\/wp-content\/uploads\/2022\/06\/philippi-windhuk-gartenlicht.jpg\" alt=\"philippi-windhuk-gartenlicht\" width=\"600\" height=\"665\" srcset=\"https:\/\/raum-blick.de\/magazin\/wp-content\/uploads\/2022\/06\/philippi-windhuk-gartenlicht.jpg 600w, https:\/\/raum-blick.de\/magazin\/wp-content\/uploads\/2022\/06\/philippi-windhuk-gartenlicht-271x300.jpg 271w\" sizes=\"(max-width: 600px) 100vw, 600px\" \/><\/a><\/p>\n<p style=\"text-align: justify;\">Wer vertr\u00e4umt den Blick schweifen l\u00e4sst, entdeckt noch mehr romantische Akzente. Schick interpretierte Philippi mit dem <a href=\"https:\/\/www.raum-blick.de\/philippi-windhuk-gartenlicht\">Windhuk Gartenlicht<\/a> die Fackel. Sechs Exemplare der formsch\u00f6nen Kerzendeko s\u00e4umen den Terrassenrand, um die Sinne am lauen Sommerabend verw\u00f6hnen.<\/p>\n<p><a href=\"https:\/\/www.raum-blick.de\/philippi-fireplace-tischkamin\"><img loading=\"lazy\" decoding=\"async\" class=\"aligncenter wp-image-16097 size-full\" title=\"Philippi \u2013 Fireplace Tischkamin | In-und Outdoor geeignet | Design: Steve McGugan\" src=\"https:\/\/www.raum-blick.de\/magazin\/wp-content\/uploads\/2022\/06\/philippi-fireplace-tischkamin.jpg\" alt=\"philippi-fireplace-tischkamin\" width=\"700\" height=\"700\" srcset=\"https:\/\/raum-blick.de\/magazin\/wp-content\/uploads\/2022\/06\/philippi-fireplace-tischkamin.jpg 700w, https:\/\/raum-blick.de\/magazin\/wp-content\/uploads\/2022\/06\/philippi-fireplace-tischkamin-300x300.jpg 300w, https:\/\/raum-blick.de\/magazin\/wp-content\/uploads\/2022\/06\/philippi-fireplace-tischkamin-150x150.jpg 150w\" sizes=\"(max-width: 700px) 100vw, 700px\" \/><\/a><\/p>\n<p style=\"text-align: justify;\">Bricht die kalte Jahreszeit an, setzt sich das Savoir-vivre fort. Das sanft flackernde Deko-Feuer der deutschen Marke wird auf dem Sideboard platziert und freut sich \u00fcber Support auf dem Sofatisch. Dort wartet der <a href=\"https:\/\/www.raum-blick.de\/philippi-fireplace-tischkamin\">Philippi Fireplace Tischkamin<\/a> auf seinen Einsatz. Sobald man die beiden Accessoires mit Lampen\u00f6l bef\u00fcllt und entz\u00fcndet, erfasst eine zauberhafte Winterromantik das Wohnzimmer. Sie verwandelt das schmuddeligste Regenwetter in ein wohltuendes Genusserlebnis.<\/p>\n","protected":false},"excerpt":{"rendered":"<p>\u00ab Gartenkamine schenken Licht, W\u00e4rme und Grillm\u00f6glichkeiten \u00bb Geselliges Grillfest im Fr\u00fchling, romantisches Sommerdinner oder gem\u00fctliche Gl\u00fchweinparty im Winter: Das Feuer im Garten setzt rund ums Jahr den Genussmomenten die Krone auf. Im Handumdrehen l\u00e4sst sich die stimmungsvolle Idee mit einem modernen Grillkamin, praktischen Feuerkorb oder eleganten Tischfeuer verwirklichen. Doppelt charmant: Feuerschalen aus Cortenstahl Das [&hellip;]<\/p>\n","protected":false},"author":4,"featured_media":16071,"comment_status":"closed","ping_status":"open","sticky":false,"template":"","format":"standard","meta":{"_et_pb_use_builder":"","_et_pb_old_content":"","_et_gb_content_width":"","inline_featured_image":false,"footnotes":""},"categories":[6],"tags":[18,1736,573,1092,714,1739,1742,1741,33,1740,1737,1745,1743,574,158,571,1340,57,619,1732,544,1744,1738],"class_list":["post-16067","post","type-post","status-publish","format-standard","has-post-thumbnail","hentry","category-draussen","tag-eva-solo","tag-feuer","tag-feuerkorb","tag-feuerschale","tag-feuerstelle","tag-firecube","tag-firecylinder","tag-fireglobe","tag-garten","tag-gartengrill","tag-gartenkamin","tag-gartenlicht","tag-gartenofen","tag-grill","tag-hocker","tag-hoefats","tag-licht","tag-outdoor","tag-party","tag-philippi","tag-sommer","tag-tischkamin","tag-waerme"],"_links":{"self":[{"href":"https:\/\/raum-blick.de\/magazin\/wp-json\/wp\/v2\/posts\/16067","targetHints":{"allow":["GET"]}}],"collection":[{"href":"https:\/\/raum-blick.de\/magazin\/wp-json\/wp\/v2\/posts"}],"about":[{"href":"https:\/\/raum-blick.de\/magazin\/wp-json\/wp\/v2\/types\/post"}],"author":[{"embeddable":true,"href":"https:\/\/raum-blick.de\/magazin\/wp-json\/wp\/v2\/users\/4"}],"replies":[{"embeddable":true,"href":"https:\/\/raum-blick.de\/magazin\/wp-json\/wp\/v2\/comments?post=16067"}],"version-history":[{"count":37,"href":"https:\/\/raum-blick.de\/magazin\/wp-json\/wp\/v2\/posts\/16067\/revisions"}],"predecessor-version":[{"id":16069,"href":"https:\/\/raum-blick.de\/magazin\/wp-json\/wp\/v2\/posts\/16067\/revisions\/16069"}],"wp:featuredmedia":[{"embeddable":true,"href":"https:\/\/raum-blick.de\/magazin\/wp-json\/wp\/v2\/media\/16071"}],"wp:attachment":[{"href":"https:\/\/raum-blick.de\/magazin\/wp-json\/wp\/v2\/media?parent=16067"}],"wp:term":[{"taxonomy":"category","embeddable":true,"href":"https:\/\/raum-blick.de\/magazin\/wp-json\/wp\/v2\/categories?post=16067"},{"taxonomy":"post_tag","embeddable":true,"href":"https:\/\/raum-blick.de\/magazin\/wp-json\/wp\/v2\/tags?post=16067"}],"curies":[{"name":"wp","href":"https:\/\/api.w.org\/{rel}","templated":true}]}}