{"id":15939,"date":"2022-04-25T10:24:37","date_gmt":"2022-04-25T08:24:37","guid":{"rendered":"https:\/\/www.raum-blick.de\/magazin\/?p=15939"},"modified":"2024-08-28T10:27:59","modified_gmt":"2024-08-28T08:27:59","slug":"veranda-gestalten","status":"publish","type":"post","link":"https:\/\/raum-blick.de\/magazin\/veranda-gestalten\/","title":{"rendered":"Veranda gestalten"},"content":{"rendered":"<h2><span class=\"ez-toc-section\" id=\"%C2%AB_Spannende_Einrichtungsideen_fuer_den_Platz_zum_Entspannen_%C2%BB\"><\/span>\u00ab Spannende Einrichtungsideen f\u00fcr den Platz zum Entspannen \u00bb<span class=\"ez-toc-section-end\"><\/span><\/h2>\n<p style=\"text-align: justify;\"><strong>Gen\u00fcssliches Sonnenbad, gem\u00fctlicher Grillabend oder rauschende Cocktailparty: Die Vorstellungen vom gelungenen Sommer variieren. Gleich bleibt der Wunsch, sich dabei rundum wohlzuf\u00fchlen. Designmarken entwerfen raffinierte Gartenm\u00f6bel, damit jeder seine individuelle Traum-Veranda gestalten kann. Wie Sie zu Ihrer Entspannungsoase gelangen, erfahren Sie hier.<\/strong><\/p>\n<h2><span class=\"ez-toc-section\" id=\"Sofalandschaft_fuer_den_chilligen_Sommer\"><\/span>Sofalandschaft f\u00fcr den chilligen Sommer<span class=\"ez-toc-section-end\"><\/span><\/h2>\n<p style=\"text-align: justify;\">Morgens gem\u00fctlich einen Kaffee schl\u00fcrfen. Mit hochgelegten Beinen schm\u00f6kert man mittags im Reiseroman. Abends schauen die Nachbarn auf ein k\u00fchles Bier in der Au\u00dfenlounge vorbei. Wer sich noch nicht zum l\u00e4ssigen Lifestyle bekennt, wird von <a href=\"https:\/\/www.raum-blick.de\/fatboy\/\">Fatboy<\/a> Paletti dazu verf\u00fchrt. Die Module des clever durchdachten Systems lassen sich nach Lust und Laune kombinieren. Kleine Kuschelecke oder gro\u00dfe Verandalounge: Das optimale Konzept ergibt sich fast von selbst.<\/p><div id=\"ez-toc-container\" class=\"ez-toc-v2_0_82_2 counter-hierarchy ez-toc-counter ez-toc-grey ez-toc-container-direction\">\n<div class=\"ez-toc-title-container\">\n<p class=\"ez-toc-title\" style=\"cursor:inherit\">Was hier auf Sie wartet<\/p>\n<span class=\"ez-toc-title-toggle\"><a href=\"#\" class=\"ez-toc-pull-right ez-toc-btn ez-toc-btn-xs ez-toc-btn-default ez-toc-toggle\" aria-label=\"Toggle Table of Content\"><span class=\"ez-toc-js-icon-con\"><span class=\"\"><span class=\"eztoc-hide\" style=\"display:none;\">Toggle<\/span><span class=\"ez-toc-icon-toggle-span\"><svg style=\"fill: #999;color:#999\" xmlns=\"http:\/\/www.w3.org\/2000\/svg\" class=\"list-377408\" width=\"20px\" height=\"20px\" viewBox=\"0 0 24 24\" fill=\"none\"><path d=\"M6 6H4v2h2V6zm14 0H8v2h12V6zM4 11h2v2H4v-2zm16 0H8v2h12v-2zM4 16h2v2H4v-2zm16 0H8v2h12v-2z\" fill=\"currentColor\"><\/path><\/svg><svg style=\"fill: #999;color:#999\" class=\"arrow-unsorted-368013\" xmlns=\"http:\/\/www.w3.org\/2000\/svg\" width=\"10px\" height=\"10px\" viewBox=\"0 0 24 24\" version=\"1.2\" baseProfile=\"tiny\"><path d=\"M18.2 9.3l-6.2-6.3-6.2 6.3c-.2.2-.3.4-.3.7s.1.5.3.7c.2.2.4.3.7.3h11c.3 0 .5-.1.7-.3.2-.2.3-.5.3-.7s-.1-.5-.3-.7zM5.8 14.7l6.2 6.3 6.2-6.3c.2-.2.3-.5.3-.7s-.1-.5-.3-.7c-.2-.2-.4-.3-.7-.3h-11c-.3 0-.5.1-.7.3-.2.2-.3.5-.3.7s.1.5.3.7z\"\/><\/svg><\/span><\/span><\/span><\/a><\/span><\/div>\n<nav><ul class='ez-toc-list ez-toc-list-level-1 ' ><li class='ez-toc-page-1 ez-toc-heading-level-2'><a class=\"ez-toc-link ez-toc-heading-1\" href=\"https:\/\/raum-blick.de\/magazin\/veranda-gestalten\/#%C2%AB_Spannende_Einrichtungsideen_fuer_den_Platz_zum_Entspannen_%C2%BB\" >\u00ab Spannende Einrichtungsideen f\u00fcr den Platz zum Entspannen \u00bb<\/a><\/li><li class='ez-toc-page-1 ez-toc-heading-level-2'><a class=\"ez-toc-link ez-toc-heading-2\" href=\"https:\/\/raum-blick.de\/magazin\/veranda-gestalten\/#Sofalandschaft_fuer_den_chilligen_Sommer\" >Sofalandschaft f\u00fcr den chilligen Sommer<\/a><\/li><li class='ez-toc-page-1 ez-toc-heading-level-2'><a class=\"ez-toc-link ez-toc-heading-3\" href=\"https:\/\/raum-blick.de\/magazin\/veranda-gestalten\/#Savoir-vivre_wie_im_Luxusurlaub\" >Savoir-vivre wie im Luxusurlaub<\/a><\/li><li class='ez-toc-page-1 ez-toc-heading-level-2'><a class=\"ez-toc-link ez-toc-heading-4\" href=\"https:\/\/raum-blick.de\/magazin\/veranda-gestalten\/#Herzlich_willkommen_in_unserem_Sommerparadies\" >Herzlich willkommen in unserem Sommerparadies!<\/a><\/li><li class='ez-toc-page-1 ez-toc-heading-level-2'><a class=\"ez-toc-link ez-toc-heading-5\" href=\"https:\/\/raum-blick.de\/magazin\/veranda-gestalten\/#Traumduo_fuer_die_Sommerlounge_Massivholz_und_Naturidylle\" >Traumduo f\u00fcr die Sommerlounge: Massivholz und Naturidylle<\/a><\/li><li class='ez-toc-page-1 ez-toc-heading-level-2'><a class=\"ez-toc-link ez-toc-heading-6\" href=\"https:\/\/raum-blick.de\/magazin\/veranda-gestalten\/#Ikonen_fuer_die_City-Veranda\" >Ikonen f\u00fcr die City-Veranda<\/a><\/li><li class='ez-toc-page-1 ez-toc-heading-level-2'><a class=\"ez-toc-link ez-toc-heading-7\" href=\"https:\/\/raum-blick.de\/magazin\/veranda-gestalten\/#Heute_hier_morgen_dort_Veranda-Moebel_fuer_Freigeister\" >Heute hier, morgen dort: Veranda-M\u00f6bel f\u00fcr Freigeister<\/a><\/li><li class='ez-toc-page-1 ez-toc-heading-level-2'><a class=\"ez-toc-link ez-toc-heading-8\" href=\"https:\/\/raum-blick.de\/magazin\/veranda-gestalten\/#Coole_und_heisse_Designideen_fuer_die_Verandalounge\" >Coole und hei\u00dfe Designideen f\u00fcr die Verandalounge<\/a><\/li><\/ul><\/nav><\/div>\n\n<p><a href=\"https:\/\/www.raum-blick.de\/fatboy-paletti-mist\"><img loading=\"lazy\" decoding=\"async\" class=\"aligncenter wp-image-15997 size-full\" title=\"Fatboy \u2013 Paletti mist | Lounge-Sofa aus Sitzecke, Sitz und Hocker | Design: Fatboy\" src=\"https:\/\/www.raum-blick.de\/magazin\/wp-content\/uploads\/2022\/05\/fatboy-paletti-mist.jpg\" alt=\"fatboy-paletti-mist veranda-gestalten\" width=\"700\" height=\"700\" srcset=\"https:\/\/raum-blick.de\/magazin\/wp-content\/uploads\/2022\/05\/fatboy-paletti-mist.jpg 700w, https:\/\/raum-blick.de\/magazin\/wp-content\/uploads\/2022\/05\/fatboy-paletti-mist-300x300.jpg 300w, https:\/\/raum-blick.de\/magazin\/wp-content\/uploads\/2022\/05\/fatboy-paletti-mist-150x150.jpg 150w\" sizes=\"(max-width: 700px) 100vw, 700px\" \/><\/a><\/p>\n<p style=\"text-align: justify;\">Das ist den Parallelen zu DIY-Paletten-M\u00f6beln zu verdanken, die ganz nebenbei das relaxte Flair unterstreichen. Die Botschaft von Fatboy Paletti kommt an: Wer so schnell eine Veranda gestalten kann, darf beruhigt zum Chillout-Profi werden.<\/p>\n<h2><span class=\"ez-toc-section\" id=\"Savoir-vivre_wie_im_Luxusurlaub\"><\/span>Savoir-vivre wie im Luxusurlaub<span class=\"ez-toc-section-end\"><\/span><\/h2>\n<p style=\"text-align: justify;\">Johannes Foersom und Peter Hiort-Lorenzen gelang eine Punktlandung, als sie die <a href=\"https:\/\/www.raum-blick.de\/cane-line\/\">Cane-line<\/a> Lounge-M\u00f6bel Peacock entwarfen: Fabelhaft passt zur organischen Formgebung das luftige Flechtwerk.<\/p>\n<p><a href=\"https:\/\/www.raum-blick.de\/cane-line-peacock-sessel\"><img loading=\"lazy\" decoding=\"async\" class=\"aligncenter wp-image-15992 size-full\" title=\"Cane-line \u2013 Peacock Sessel | witterungsbest\u00e4ndiger Outdoorstuhl | Design: Johannes Foersom &amp; Peter Hiort-Lorenzen\" src=\"https:\/\/www.raum-blick.de\/magazin\/wp-content\/uploads\/2022\/05\/cane-line-peacock-sessel.jpg\" alt=\"cane-line-peacock-sessel veranda-gestalten\" width=\"700\" height=\"700\" srcset=\"https:\/\/raum-blick.de\/magazin\/wp-content\/uploads\/2022\/05\/cane-line-peacock-sessel.jpg 700w, https:\/\/raum-blick.de\/magazin\/wp-content\/uploads\/2022\/05\/cane-line-peacock-sessel-300x300.jpg 300w, https:\/\/raum-blick.de\/magazin\/wp-content\/uploads\/2022\/05\/cane-line-peacock-sessel-150x150.jpg 150w\" sizes=\"(max-width: 700px) 100vw, 700px\" \/><\/a><\/p>\n<p style=\"text-align: justify;\">Apart runden die schr\u00e4gen Stuhlbeine das Design ab. Ihr Teakholz verspr\u00fcht Gem\u00fctlichkeit und kontrastiert die schicken Graut\u00f6ne der Sitzschalen. Das i-T\u00fcpfelchen ist die niedrige Ausf\u00fchrung, die das ersehnte Loungegef\u00fchl aufkommen l\u00e4sst. Ein wundervoller Sommertag neigt sich dem Ende.<\/p>\n<p><a href=\"https:\/\/www.raum-blick.de\/cane-line-peacock-loungesessel\"><img loading=\"lazy\" decoding=\"async\" class=\"aligncenter wp-image-15994 size-full\" title=\"Cane-line \u2013 Peacock Loungesessel | der gem\u00fctliche Outdoorsessel | Design: Design: Johannes Foersom &amp; Peter Hiort-Lorenzen\" src=\"https:\/\/www.raum-blick.de\/magazin\/wp-content\/uploads\/2022\/05\/cane-line-peacock-loungesessel.jpg\" alt=\"cane-line-peacock-loungesessel\" width=\"700\" height=\"700\" srcset=\"https:\/\/raum-blick.de\/magazin\/wp-content\/uploads\/2022\/05\/cane-line-peacock-loungesessel.jpg 700w, https:\/\/raum-blick.de\/magazin\/wp-content\/uploads\/2022\/05\/cane-line-peacock-loungesessel-300x300.jpg 300w, https:\/\/raum-blick.de\/magazin\/wp-content\/uploads\/2022\/05\/cane-line-peacock-loungesessel-150x150.jpg 150w\" sizes=\"(max-width: 700px) 100vw, 700px\" \/><\/a><\/p>\n<p style=\"text-align: justify;\">P\u00fcnktlich zum Sonnenuntergang findet man sich auf der Veranda ein. Gen\u00fcsslich wird am Trendcocktail Old Cuban genippt \u2013 eine aufregende Fusion aus Champagner, Limette und Rum. Das Verw\u00f6hnprogramm kr\u00f6nt die Bequemlichkeit der Cane-line Lounge-M\u00f6bel. Wehm\u00fctig w\u00fcrde man sie im Winter vermissen.<\/p>\n<p><a href=\"https:\/\/www.raum-blick.de\/cane-line-peacock-2-sitzer-sofa\"><img loading=\"lazy\" decoding=\"async\" class=\"aligncenter wp-image-15990 size-full\" title=\"Cane-line \u2013 Peacock 2-Sitzer Sofa | das Sofa f\u00fcr die Gartenlounge | Design: Johannes Foersom &amp; Peter Hiort-Lorenzen\" src=\"https:\/\/www.raum-blick.de\/magazin\/wp-content\/uploads\/2022\/05\/cane-line-peacock-2-sitzer-sofa.jpg\" alt=\"cane-line-peacock-2-sitzer-sofa veranda-gestalten\" width=\"700\" height=\"700\" srcset=\"https:\/\/raum-blick.de\/magazin\/wp-content\/uploads\/2022\/05\/cane-line-peacock-2-sitzer-sofa.jpg 700w, https:\/\/raum-blick.de\/magazin\/wp-content\/uploads\/2022\/05\/cane-line-peacock-2-sitzer-sofa-300x300.jpg 300w, https:\/\/raum-blick.de\/magazin\/wp-content\/uploads\/2022\/05\/cane-line-peacock-2-sitzer-sofa-150x150.jpg 150w\" sizes=\"(max-width: 700px) 100vw, 700px\" \/><\/a><\/p>\n<p style=\"text-align: justify;\">Daf\u00fcr gibt es keinen Grund. Die robust konzipierten Gartenm\u00f6bel k\u00f6nnen das ganze Jahr die Veranda gestalten. Wer das k\u00fchle Wetter scheut, er\u00f6ffnet mit der Loungegruppe eine elegante Lobby im Flur.<\/p>\n<h2><span class=\"ez-toc-section\" id=\"Herzlich_willkommen_in_unserem_Sommerparadies\"><\/span>Herzlich willkommen in unserem Sommerparadies!<span class=\"ez-toc-section-end\"><\/span><\/h2>\n<p style=\"text-align: justify;\">Dinieren, plaudern und feiern: Was gibt es Sch\u00f6neres, als drau\u00dfen mit Freunden das Leben zu genie\u00dfen? Wer die Sommerabende gern gesellig verbringt, m\u00f6chte eine gastfreundliche Veranda gestalten.<\/p>\n<p><a href=\"https:\/\/www.raum-blick.de\/fatboy-toni-sessel\"><img loading=\"lazy\" decoding=\"async\" class=\"aligncenter wp-image-15981 size-full\" title=\"Fatboy \u2013 Toni Sessel | Design: Erik Stehmann\" src=\"https:\/\/www.raum-blick.de\/magazin\/wp-content\/uploads\/2022\/05\/fatboy-toni-sessel.jpg\" alt=\"fatboy-toni-sessel\" width=\"700\" height=\"700\" srcset=\"https:\/\/raum-blick.de\/magazin\/wp-content\/uploads\/2022\/05\/fatboy-toni-sessel.jpg 700w, https:\/\/raum-blick.de\/magazin\/wp-content\/uploads\/2022\/05\/fatboy-toni-sessel-300x300.jpg 300w, https:\/\/raum-blick.de\/magazin\/wp-content\/uploads\/2022\/05\/fatboy-toni-sessel-150x150.jpg 150w\" sizes=\"(max-width: 700px) 100vw, 700px\" \/><\/a><\/p>\n<p style=\"text-align: justify;\">Daf\u00fcr ist die Fatboy Toni Serie geschaffen, die alles bedenkt. Zur gro\u00dfen Grillparty passt der pulverbeschichtete Aluminiumtisch, der \u00fcber zwei Meter lang ist. Die bequemen Gartensessel mit Armlehnen verleiten dazu, die Nacht zum Tag zu machen. Fehlt im \u00fcberdachten Bereich der Platz, er\u00f6ffnet man mit der Fatboy Toni Serie ein Gartenlokal auf der gr\u00fcnen Wiese. F\u00fcr Schatten ist dabei ebenso gesorgt, wie Romantik.<\/p>\n<p><a href=\"https:\/\/www.raum-blick.de\/fatboy-stripesol-sonnenschirm\"><img loading=\"lazy\" decoding=\"async\" class=\"aligncenter wp-image-15983 size-full\" title=\"Fatboy \u2013 Stripesol Sonnenschirm | Design: Fatboy\" src=\"https:\/\/www.raum-blick.de\/magazin\/wp-content\/uploads\/2022\/05\/fatboy-toni-sessel-1.jpg\" alt=\"fatboy-stripesol-sonnenschirm\" width=\"700\" height=\"700\" srcset=\"https:\/\/raum-blick.de\/magazin\/wp-content\/uploads\/2022\/05\/fatboy-toni-sessel-1.jpg 700w, https:\/\/raum-blick.de\/magazin\/wp-content\/uploads\/2022\/05\/fatboy-toni-sessel-1-300x300.jpg 300w, https:\/\/raum-blick.de\/magazin\/wp-content\/uploads\/2022\/05\/fatboy-toni-sessel-1-150x150.jpg 150w\" sizes=\"(max-width: 700px) 100vw, 700px\" \/><\/a><\/p>\n<p style=\"text-align: justify;\">Die Sonnenschirme von Fatboy erfassen mit ihrem beachtlichen Durchmesser die gesamte Outdoortafel. Flink sind sie tags\u00fcber aufgespannt, weil der St\u00e4nder ins Tischdesign integriert ist. Klappt man die Sonnenschirme von Fatboy abends ein, \u00e4ndert sich der Job der Aussparung: Sie nimmt den Kerzenst\u00e4nder f\u00fcrs romantische Sommerdinner entgegen.<\/p>\n<h2><span class=\"ez-toc-section\" id=\"Traumduo_fuer_die_Sommerlounge_Massivholz_und_Naturidylle\"><\/span>Traumduo f\u00fcr die Sommerlounge: Massivholz und Naturidylle<span class=\"ez-toc-section-end\"><\/span><\/h2>\n<p style=\"text-align: justify;\">Manche denken an ein uriges Sommerhaus im hohen Norden, wenn sie die <a href=\"https:\/\/www.raum-blick.de\/skagerak\/\">Skagerak<\/a> Selandia Serie entdecken. Andere haben ein idyllisches Chalet in der Provence vor Augen. Beide Assoziationen treffen ins Schwarze, weil die Designer typisch franz\u00f6sische und skandinavische Stilelemente vereinten. Wohltuende Gem\u00fctlichkeit entfaltet sich, sobald die Sitzgruppe auf der Veranda steht. Das ist dem naturbelassenen Teak genauso zu verdanken wie dem dezent nostalgischen Designstil.<\/p>\n<p><a href=\"https:\/\/www.raum-blick.de\/skagerak-tisch-selandia\"><img loading=\"lazy\" decoding=\"async\" class=\"aligncenter wp-image-15977 size-full\" title=\"Skagerak \u2013 Selandia Tisch Teakholz | klappbar | Design: Anders &amp; Lars Hegelund\" src=\"https:\/\/www.raum-blick.de\/magazin\/wp-content\/uploads\/2022\/05\/skagerak-tisch-selandia.jpg\" alt=\"skagerak-tisch-selandia\" width=\"700\" height=\"700\" srcset=\"https:\/\/raum-blick.de\/magazin\/wp-content\/uploads\/2022\/05\/skagerak-tisch-selandia.jpg 700w, https:\/\/raum-blick.de\/magazin\/wp-content\/uploads\/2022\/05\/skagerak-tisch-selandia-300x300.jpg 300w, https:\/\/raum-blick.de\/magazin\/wp-content\/uploads\/2022\/05\/skagerak-tisch-selandia-150x150.jpg 150w\" sizes=\"(max-width: 700px) 100vw, 700px\" \/><\/a><\/p>\n<p style=\"text-align: justify;\">Wer lieber mitten im Gr\u00fcnen tafelt, erg\u00e4nzt die Skagerak Sonnenschirme. Sie sind aus robustem Merantiholz und einem Stoff im Naturton gefertigt. Die Schattenspender integrieren sich dadurch nicht nur harmonisch in den Garten. Das Design passt wunderbar zum gem\u00fctlichen Treffpunkt aus der Skagerak Selandia Kollektion.<\/p>\n<h2><span class=\"ez-toc-section\" id=\"Ikonen_fuer_die_City-Veranda\"><\/span>Ikonen f\u00fcr die City-Veranda<span class=\"ez-toc-section-end\"><\/span><\/h2>\n<p style=\"text-align: justify;\">Der Platz an der Sonne beschr\u00e4nkt sich auf einen \u00fcberdachten Freisitz, der nahtlos in den Innenhof \u00fcbergeht. Vor\u00fcbergehend darf man sich etwas Gemeinschaftsfl\u00e4che aneignen, aber nicht dauerhaft. Exakt darauf geht die <a href=\"https:\/\/www.raum-blick.de\/fermob\/\">Fermob<\/a> Bistro Serie ein, die 1889 entworfen wurde. Pariser Gastronomen konnten damit im Handumdrehen eine Veranda gestalten. Genauso flink verschwand abends das Stra\u00dfencaf\u00e9, was Steuern einsparte.<\/p>\n<p><a href=\"https:\/\/www.raum-blick.de\/fermob-bistro-tisch-klappbar\"><img loading=\"lazy\" decoding=\"async\" class=\"aligncenter wp-image-15970 size-full\" title=\"Fermob \u2013 Bistrotisch | Klapptisch | Design: Fermob\" src=\"https:\/\/www.raum-blick.de\/magazin\/wp-content\/uploads\/2022\/05\/fermob-bistro-tisch-klappbar.jpg\" alt=\"fermob-bistro-tisch-klappbar\" width=\"700\" height=\"700\" srcset=\"https:\/\/raum-blick.de\/magazin\/wp-content\/uploads\/2022\/05\/fermob-bistro-tisch-klappbar.jpg 700w, https:\/\/raum-blick.de\/magazin\/wp-content\/uploads\/2022\/05\/fermob-bistro-tisch-klappbar-300x300.jpg 300w, https:\/\/raum-blick.de\/magazin\/wp-content\/uploads\/2022\/05\/fermob-bistro-tisch-klappbar-150x150.jpg 150w\" sizes=\"(max-width: 700px) 100vw, 700px\" \/><\/a><\/p>\n<p style=\"text-align: justify;\">Franz\u00f6sisches Flair entfaltet sich, sobald man diese besonderen Au\u00dfenm\u00f6bel aufklappt. Honiggelb, Mohnrot oder Acapulcoblau: Sogar ohne Blumen bl\u00fcht die urbane Terrasse auf. Daf\u00fcr sorgt die Fermob Bistro Serie mit einer starken Farbpalette. Den Stil der Bistroklassiker aus Paris greift die Skagerak Vendia Designlinie auf.<\/p>\n<p><a href=\"https:\/\/www.raum-blick.de\/skagerak-vendia-tisch\"><img loading=\"lazy\" decoding=\"async\" class=\"aligncenter wp-image-15972 size-full\" title=\"Skagerak Vendia Tisch | Teak\" src=\"https:\/\/www.raum-blick.de\/magazin\/wp-content\/uploads\/2022\/05\/skagerak-vendia-tisch.jpg\" alt=\"skagerak-vendia-tisch\" width=\"700\" height=\"700\" srcset=\"https:\/\/raum-blick.de\/magazin\/wp-content\/uploads\/2022\/05\/skagerak-vendia-tisch.jpg 700w, https:\/\/raum-blick.de\/magazin\/wp-content\/uploads\/2022\/05\/skagerak-vendia-tisch-300x300.jpg 300w, https:\/\/raum-blick.de\/magazin\/wp-content\/uploads\/2022\/05\/skagerak-vendia-tisch-150x150.jpg 150w\" sizes=\"(max-width: 700px) 100vw, 700px\" \/><\/a><\/p>\n<p style=\"text-align: justify;\">Statt lackiertes Metall verwendet die skandinavische Marke jedoch charismatisches Hartholz. Zeigt sich das Wetter von der Schokoladenseite, werden die kompakten Veranda-M\u00f6bel aufgeklappt. Sofort offenbart das Naturmaterial der Skagerak Vendia Serie seine Vorz\u00fcge. Es weckt Assoziationen mit unber\u00fchrten Landschaften und G\u00e4rten.<\/p>\n<p><a href=\"https:\/\/www.raum-blick.de\/skagerak-messina-sonnenschirm-rund\"><img loading=\"lazy\" decoding=\"async\" class=\"aligncenter wp-image-15966 size-full\" title=\"Skagerak \u2013 Messina Sonnenschirm rund | mit UV-Schutz 50+ | Design: Skagerak\" src=\"https:\/\/www.raum-blick.de\/magazin\/wp-content\/uploads\/2022\/05\/skagerak-messina-sonnenschirm-rund.jpg\" alt=\"skagerak-messina-sonnenschirm-rund\" width=\"700\" height=\"700\" srcset=\"https:\/\/raum-blick.de\/magazin\/wp-content\/uploads\/2022\/05\/skagerak-messina-sonnenschirm-rund.jpg 700w, https:\/\/raum-blick.de\/magazin\/wp-content\/uploads\/2022\/05\/skagerak-messina-sonnenschirm-rund-300x300.jpg 300w, https:\/\/raum-blick.de\/magazin\/wp-content\/uploads\/2022\/05\/skagerak-messina-sonnenschirm-rund-150x150.jpg 150w\" sizes=\"(max-width: 700px) 100vw, 700px\" \/><\/a><\/p>\n<p style=\"text-align: justify;\">Jetzt fehlt nur noch etwas Schatten? Kein Problem: Die Skagerak Sonnenschirme \u00fcberdachen die Sitzgruppe so gro\u00dfz\u00fcgig wie eine Veranda.<\/p>\n<h2><span class=\"ez-toc-section\" id=\"Heute_hier_morgen_dort_Veranda-Moebel_fuer_Freigeister\"><\/span>Heute hier, morgen dort: Veranda-M\u00f6bel f\u00fcr Freigeister<span class=\"ez-toc-section-end\"><\/span><\/h2>\n<p style=\"text-align: justify;\">F\u00fcr&#8217;s entspannte Sonnenbad bieten sich die <a href=\"https:\/\/www.raum-blick.de\/jan-kurtz\/\">Jan Kurtz<\/a> MAXX Liegest\u00fchle an. Ihrer Einladung kann man kaum widerstehen, weil der gemusterte Stoffbezug so erquickend ist wie das Sommerwetter.<\/p>\n<p><a href=\"https:\/\/www.raum-blick.de\/jan-kurtz-maxx-liegestuhl-klappbar\"><img loading=\"lazy\" decoding=\"async\" class=\"aligncenter wp-image-15962 size-full\" title=\"Jan Kurtz Maxx Liegestuhl | FSC zertifiziertes Teak | Design: Jan Kurtz\" src=\"https:\/\/www.raum-blick.de\/magazin\/wp-content\/uploads\/2022\/05\/jan-kurtz-maxx-liegestuhl-klappbar.jpg\" alt=\"jan-kurtz-maxx-liegestuhl-klappbar veranda-gestalten\" width=\"700\" height=\"620\" srcset=\"https:\/\/raum-blick.de\/magazin\/wp-content\/uploads\/2022\/05\/jan-kurtz-maxx-liegestuhl-klappbar.jpg 700w, https:\/\/raum-blick.de\/magazin\/wp-content\/uploads\/2022\/05\/jan-kurtz-maxx-liegestuhl-klappbar-300x266.jpg 300w\" sizes=\"(max-width: 700px) 100vw, 700px\" \/><\/a><\/p>\n<p style=\"text-align: justify;\">In einem anderen Winkel der Verandalounge gestalten die <a href=\"https:\/\/www.raum-blick.de\/ferm-living\/\">ferm LIVING<\/a> Desert Dining St\u00fchle gemeinsam mit dem <a href=\"https:\/\/www.raum-blick.de\/fiam\/\">FIAM<\/a> Vega Klapptisch den Lieblingsplatz f\u00fcr die Kaffeepause. Ein schattiges Pl\u00e4tzchen ist angenehm, aber nicht immer die erste Wahl.<\/p>\n<p><img loading=\"lazy\" decoding=\"async\" class=\"aligncenter wp-image-15951 size-full\" title=\"ferm LIVING \u2013 Desert Dining Stuhl | der stilvolle Klappstuhl f\u00fcr den Innen- und Au\u00dfenbereich\" src=\"https:\/\/www.raum-blick.de\/magazin\/wp-content\/uploads\/2022\/05\/ferm-living-desert-dining-stuhl.jpg\" alt=\"ferm-living-desert-dining-stuhl\" width=\"700\" height=\"700\" srcset=\"https:\/\/raum-blick.de\/magazin\/wp-content\/uploads\/2022\/05\/ferm-living-desert-dining-stuhl.jpg 700w, https:\/\/raum-blick.de\/magazin\/wp-content\/uploads\/2022\/05\/ferm-living-desert-dining-stuhl-300x300.jpg 300w, https:\/\/raum-blick.de\/magazin\/wp-content\/uploads\/2022\/05\/ferm-living-desert-dining-stuhl-150x150.jpg 150w\" sizes=\"(max-width: 700px) 100vw, 700px\" \/><\/p>\n<p style=\"text-align: justify;\">Der Jan Kurtz MAXX Liegestuhl erf\u00fcllt schnell den Wunsch der Sonnenanbeter. Genauso flink \u00e4ndern die ferm LIVING Desert Dining St\u00fchle und der FIAM Vega Klapptisch ihren Standort. So steht dem spontanen Dinner unter Sternen nichts im Weg.<\/p>\n<h2><span class=\"ez-toc-section\" id=\"Coole_und_heisse_Designideen_fuer_die_Verandalounge\"><\/span>Coole und hei\u00dfe Designideen f\u00fcr die Verandalounge<span class=\"ez-toc-section-end\"><\/span><\/h2>\n<p style=\"text-align: justify;\">Wer eine Veranda gestalten m\u00f6chte, denkt sofort an einen Schaukelstuhl. Er gleicht einem Symbol f\u00fcrs gen\u00fcssliche Relaxen im Freien. Sitzs\u00e4cke verhalfen Fatboy zum erfolgreichen Deb\u00fct und inspirieren die Lifestylemarke bis heute: Rock&#8217;n Roll ist ein schlicht schickes Metallgestell, das zum entspannenden Hin- und Herwippen einl\u00e4dt. Platziert man darauf Sitzs\u00e4cke, ergeben sich Schaukelst\u00fchle. So gelingt es Fatboy, gediegene Klassiker in trendige Designm\u00f6bel zu verwandeln.<\/p>\n<p><a href=\"https:\/\/www.raum-blick.de\/fatboy-rock-n-roll\"><img loading=\"lazy\" decoding=\"async\" class=\"aligncenter wp-image-15946 size-full\" title=\"Fatboy \u2013 Rock'n Roll | aus einem Sitzsack wird ein Schaukelstuhl | Lieferung OHNE Sitzsack\" src=\"https:\/\/www.raum-blick.de\/magazin\/wp-content\/uploads\/2022\/05\/fatboy-rock-n-roll.jpg\" alt=\"fatboy-rock-n-roll veranda-gestalten\" width=\"700\" height=\"450\" srcset=\"https:\/\/raum-blick.de\/magazin\/wp-content\/uploads\/2022\/05\/fatboy-rock-n-roll.jpg 700w, https:\/\/raum-blick.de\/magazin\/wp-content\/uploads\/2022\/05\/fatboy-rock-n-roll-300x193.jpg 300w\" sizes=\"(max-width: 700px) 100vw, 700px\" \/><\/a><\/p>\n<p style=\"text-align: justify;\">Die Veranda begeistert mit ihrer wunderbaren Atmosph\u00e4re. Es w\u00e4re schade, sie nur im Hochsommer zu nutzen. Mit dem Eva Solo Terrassenw\u00e4rmer l\u00e4sst sich die Saison unkompliziert verl\u00e4ngern. Das Designstudio Tools achtete beim Entwurf auf jedes Detail: Der Heizstrahler ist so konzipiert, dass die W\u00e4rme nicht verfliegt. Stattdessen erreicht sie die Personen von Kopf bis Fu\u00df.<\/p>\n<p><a href=\"https:\/\/www.raum-blick.de\/eva-solo-heatup-terrassenwaermer\"><img loading=\"lazy\" decoding=\"async\" class=\"aligncenter wp-image-15948 size-full\" title=\"Eva Solo HeatUp Terrassenw\u00e4rmer | elektrischer Heizstrahler | Design: Tools\u00ae\" src=\"https:\/\/www.raum-blick.de\/magazin\/wp-content\/uploads\/2022\/05\/eva-solo-heatup-terrassenwaermer.jpg\" alt=\"eva-solo-heatup-terrassenwaermer\" width=\"700\" height=\"700\" srcset=\"https:\/\/raum-blick.de\/magazin\/wp-content\/uploads\/2022\/05\/eva-solo-heatup-terrassenwaermer.jpg 700w, https:\/\/raum-blick.de\/magazin\/wp-content\/uploads\/2022\/05\/eva-solo-heatup-terrassenwaermer-300x300.jpg 300w, https:\/\/raum-blick.de\/magazin\/wp-content\/uploads\/2022\/05\/eva-solo-heatup-terrassenwaermer-150x150.jpg 150w\" sizes=\"(max-width: 700px) 100vw, 700px\" \/><\/a><\/p>\n<p style=\"text-align: justify;\">Binnen von Sekunden entfaltet der Eva Solo Terrassenw\u00e4rmer seine Wirkung. So lohnt sich das Einschalten auch f\u00fcr die kurze Verschnaufpause an der frischen Luft.<\/p>\n","protected":false},"excerpt":{"rendered":"<p>\u00ab Spannende Einrichtungsideen f\u00fcr den Platz zum Entspannen \u00bb Gen\u00fcssliches Sonnenbad, gem\u00fctlicher Grillabend oder rauschende Cocktailparty: Die Vorstellungen vom gelungenen Sommer variieren. Gleich bleibt der Wunsch, sich dabei rundum wohlzuf\u00fchlen. Designmarken entwerfen raffinierte Gartenm\u00f6bel, damit jeder seine individuelle Traum-Veranda gestalten kann. Wie Sie zu Ihrer Entspannungsoase gelangen, erfahren Sie hier. Sofalandschaft f\u00fcr den chilligen Sommer [&hellip;]<\/p>\n","protected":false},"author":4,"featured_media":15944,"comment_status":"closed","ping_status":"open","sticky":false,"template":"","format":"standard","meta":{"_et_pb_use_builder":"","_et_pb_old_content":"","_et_gb_content_width":"","inline_featured_image":false,"footnotes":""},"categories":[6],"tags":[1365,790,334,953,449,18,40,206,621,33,1126,1093,158,1051,1364,1063,1085,54,1078,1456,57,658,763,327,1080,614,19,1350,544,1727,867,1101,416,868,1079,1726,1728],"class_list":["post-15939","post","type-post","status-publish","format-standard","has-post-thumbnail","hentry","category-draussen","tag-bistrotisch","tag-cane-line","tag-design","tag-einrichtung","tag-einrichtungsideen","tag-eva-solo","tag-fatboy","tag-ferm-living","tag-fermob","tag-garten","tag-gartenlounge","tag-heizstrahler","tag-hocker","tag-jan-kurtz","tag-klappstuhl","tag-klapptisch","tag-liegestuhl","tag-lounge","tag-loungemoebel","tag-loungesessel","tag-outdoor","tag-outdoormoebel","tag-schaukelstuhl","tag-sessel","tag-sitz","tag-sitzecke","tag-skagerak","tag-sofa","tag-sommer","tag-sommerlounge","tag-sonnenschirm","tag-stuhl","tag-teak","tag-terrassenwaermer","tag-tisch","tag-veranda","tag-veranda-moebel"],"_links":{"self":[{"href":"https:\/\/raum-blick.de\/magazin\/wp-json\/wp\/v2\/posts\/15939","targetHints":{"allow":["GET"]}}],"collection":[{"href":"https:\/\/raum-blick.de\/magazin\/wp-json\/wp\/v2\/posts"}],"about":[{"href":"https:\/\/raum-blick.de\/magazin\/wp-json\/wp\/v2\/types\/post"}],"author":[{"embeddable":true,"href":"https:\/\/raum-blick.de\/magazin\/wp-json\/wp\/v2\/users\/4"}],"replies":[{"embeddable":true,"href":"https:\/\/raum-blick.de\/magazin\/wp-json\/wp\/v2\/comments?post=15939"}],"version-history":[{"count":47,"href":"https:\/\/raum-blick.de\/magazin\/wp-json\/wp\/v2\/posts\/15939\/revisions"}],"predecessor-version":[{"id":20721,"href":"https:\/\/raum-blick.de\/magazin\/wp-json\/wp\/v2\/posts\/15939\/revisions\/20721"}],"wp:featuredmedia":[{"embeddable":true,"href":"https:\/\/raum-blick.de\/magazin\/wp-json\/wp\/v2\/media\/15944"}],"wp:attachment":[{"href":"https:\/\/raum-blick.de\/magazin\/wp-json\/wp\/v2\/media?parent=15939"}],"wp:term":[{"taxonomy":"category","embeddable":true,"href":"https:\/\/raum-blick.de\/magazin\/wp-json\/wp\/v2\/categories?post=15939"},{"taxonomy":"post_tag","embeddable":true,"href":"https:\/\/raum-blick.de\/magazin\/wp-json\/wp\/v2\/tags?post=15939"}],"curies":[{"name":"wp","href":"https:\/\/api.w.org\/{rel}","templated":true}]}}