{"id":15898,"date":"2022-04-22T16:16:06","date_gmt":"2022-04-22T14:16:06","guid":{"rendered":"https:\/\/www.raum-blick.de\/magazin\/?p=15898"},"modified":"2024-09-02T13:57:14","modified_gmt":"2024-09-02T11:57:14","slug":"scandi-deko-mit-mehrwert","status":"publish","type":"post","link":"https:\/\/raum-blick.de\/magazin\/scandi-deko-mit-mehrwert\/","title":{"rendered":"Scandi-Deko mit Mehrwert: Dekoobjekte &#038; praktische Alltagshelfer aus Skandinavien"},"content":{"rendered":"<p style=\"text-align: justify;\"><strong>Ordnungshelfer beleben das Flair, Wohnaccessoires \u00fcbernehmen das Catering und M\u00f6bel verf\u00fchren mit ihrem Look zum inspirierenden Gespr\u00e4ch. Bei der Scandi-Deko ist das Praktische einfach sch\u00f6n und das Sch\u00f6ne schlichtweg praktisch!<\/strong><\/p>\n<h2><span class=\"ez-toc-section\" id=\"Designmoebel_die_das_Dekorieren_uebernehmen\"><\/span>Designm\u00f6bel, die das Dekorieren \u00fcbernehmen<span class=\"ez-toc-section-end\"><\/span><\/h2>\n<p style=\"text-align: justify;\">Das raffinierte Einrichtungsobjekt bereichert die Wohnwelt funktional und belebt die Atmosph\u00e4re. Es animiert zu einer Nutzung, legt sich aber nicht fest. Derartige Punktlandungen des Designs sind typisch f\u00fcr die Scandi-Deko und eine Spezialit\u00e4t von <a href=\"https:\/\/www.raum-blick.de\/ferm-living\/\">ferm LIVING<\/a>: Origin\u00e4r ist die <a href=\"https:\/\/www.raum-blick.de\/ferm-living-plant-box\">Plant Box<\/a> daf\u00fcr gedacht, Pflanzen einen schicken Stammplatz anzubieten. So tr\u00e4gt sie indirekt zur Wohndekoration bei.<\/p><div id=\"ez-toc-container\" class=\"ez-toc-v2_0_82_2 counter-hierarchy ez-toc-counter ez-toc-grey ez-toc-container-direction\">\n<div class=\"ez-toc-title-container\">\n<p class=\"ez-toc-title\" style=\"cursor:inherit\">Was hier auf Sie wartet<\/p>\n<span class=\"ez-toc-title-toggle\"><a href=\"#\" class=\"ez-toc-pull-right ez-toc-btn ez-toc-btn-xs ez-toc-btn-default ez-toc-toggle\" aria-label=\"Toggle Table of Content\"><span class=\"ez-toc-js-icon-con\"><span class=\"\"><span class=\"eztoc-hide\" style=\"display:none;\">Toggle<\/span><span class=\"ez-toc-icon-toggle-span\"><svg style=\"fill: #999;color:#999\" xmlns=\"http:\/\/www.w3.org\/2000\/svg\" class=\"list-377408\" width=\"20px\" height=\"20px\" viewBox=\"0 0 24 24\" fill=\"none\"><path d=\"M6 6H4v2h2V6zm14 0H8v2h12V6zM4 11h2v2H4v-2zm16 0H8v2h12v-2zM4 16h2v2H4v-2zm16 0H8v2h12v-2z\" fill=\"currentColor\"><\/path><\/svg><svg style=\"fill: #999;color:#999\" class=\"arrow-unsorted-368013\" xmlns=\"http:\/\/www.w3.org\/2000\/svg\" width=\"10px\" height=\"10px\" viewBox=\"0 0 24 24\" version=\"1.2\" baseProfile=\"tiny\"><path d=\"M18.2 9.3l-6.2-6.3-6.2 6.3c-.2.2-.3.4-.3.7s.1.5.3.7c.2.2.4.3.7.3h11c.3 0 .5-.1.7-.3.2-.2.3-.5.3-.7s-.1-.5-.3-.7zM5.8 14.7l6.2 6.3 6.2-6.3c.2-.2.3-.5.3-.7s-.1-.5-.3-.7c-.2-.2-.4-.3-.7-.3h-11c-.3 0-.5.1-.7.3-.2.2-.3.5-.3.7s.1.5.3.7z\"\/><\/svg><\/span><\/span><\/span><\/a><\/span><\/div>\n<nav><ul class='ez-toc-list ez-toc-list-level-1 ' ><li class='ez-toc-page-1 ez-toc-heading-level-2'><a class=\"ez-toc-link ez-toc-heading-1\" href=\"https:\/\/raum-blick.de\/magazin\/scandi-deko-mit-mehrwert\/#Designmoebel_die_das_Dekorieren_uebernehmen\" >Designm\u00f6bel, die das Dekorieren \u00fcbernehmen<\/a><\/li><li class='ez-toc-page-1 ez-toc-heading-level-2'><a class=\"ez-toc-link ez-toc-heading-2\" href=\"https:\/\/raum-blick.de\/magazin\/scandi-deko-mit-mehrwert\/#Nicht_genug_zu_schaetzen_der_Zauber_von_Designikonen\" >Nicht genug zu sch\u00e4tzen: der Zauber von Designikonen<\/a><\/li><li class='ez-toc-page-1 ez-toc-heading-level-2'><a class=\"ez-toc-link ez-toc-heading-3\" href=\"https:\/\/raum-blick.de\/magazin\/scandi-deko-mit-mehrwert\/#Dekorative_Loesungen_fuers_organisierte_Leben\" >Dekorative L\u00f6sungen f\u00fcrs organisierte Leben<\/a><\/li><li class='ez-toc-page-1 ez-toc-heading-level-2'><a class=\"ez-toc-link ez-toc-heading-4\" href=\"https:\/\/raum-blick.de\/magazin\/scandi-deko-mit-mehrwert\/#Typisch_nordisch_und_einfach_genial_Vier-Jahreszeiten-Deko\" >Typisch nordisch und einfach genial: Vier-Jahreszeiten-Deko<\/a><\/li><li class='ez-toc-page-1 ez-toc-heading-level-2'><a class=\"ez-toc-link ez-toc-heading-5\" href=\"https:\/\/raum-blick.de\/magazin\/scandi-deko-mit-mehrwert\/#Ikonen_fuer_die_gute_Laune\" >Ikonen f\u00fcr die gute Laune<\/a><\/li><\/ul><\/nav><\/div>\n\n<p><a href=\"https:\/\/www.raum-blick.de\/ferm-living-plant-box\"><img loading=\"lazy\" decoding=\"async\" class=\"aligncenter wp-image-15903 size-full\" title=\"ferm LIVING - Plant Box | Pflanzenbeh\u00e4lter \/ Raumtrenner | Design: ferm LIVING\" src=\"https:\/\/www.raum-blick.de\/magazin\/wp-content\/uploads\/2022\/05\/ferm-living-plant-box.jpg\" alt=\"ferm-living-plant-box Scandi-Deko\" width=\"700\" height=\"700\" srcset=\"https:\/\/raum-blick.de\/magazin\/wp-content\/uploads\/2022\/05\/ferm-living-plant-box.jpg 700w, https:\/\/raum-blick.de\/magazin\/wp-content\/uploads\/2022\/05\/ferm-living-plant-box-300x300.jpg 300w, https:\/\/raum-blick.de\/magazin\/wp-content\/uploads\/2022\/05\/ferm-living-plant-box-150x150.jpg 150w\" sizes=\"(max-width: 700px) 100vw, 700px\" \/><\/a><\/p>\n<p style=\"text-align: justify;\">Direkt peppt sie das Flair auf, wenn die Oberfl\u00e4chen in ausdrucksvollen Farben wie Rosa lackiert sind. Erg\u00e4nzt man das Tablett aus elegant schimmerndem Messing, ergibt sich ein Mix aus Pflanzbeh\u00e4lter und Sideboard. Wird die Plant Box freistehend drapiert, dient die skandinavische Deko-Idee zudem als auflockernder Raumtrenner. Auf l\u00e4ssigen Purismus setzt <a href=\"https:\/\/www.raum-blick.de\/ferm-living-desert-stuhl\">ferm LIVING beim Loungestuhl Desert<\/a>. Sein Designkonzept beschr\u00e4nkt sich auf einen pulverbeschichteten Stahlrahmen, an dem eine gewebte Stoffbahn befestigt ist. Sie dient prim\u00e4r als Sitzfl\u00e4che, die erstaunlich bequem ist.<\/p>\n<p><a href=\"https:\/\/www.raum-blick.de\/ferm-living-desert-stuhl\"><img loading=\"lazy\" decoding=\"async\" class=\"aligncenter wp-image-15906 size-full\" title=\"ferm LIVING \u2013 Desert Stuhl | aus recycelten Kunststofflaschen | Design: ferm Living\" src=\"https:\/\/www.raum-blick.de\/magazin\/wp-content\/uploads\/2022\/05\/ferm-living-desert-stuhl.jpg\" alt=\"ferm-living-desert-stuhl\" width=\"700\" height=\"700\" srcset=\"https:\/\/raum-blick.de\/magazin\/wp-content\/uploads\/2022\/05\/ferm-living-desert-stuhl.jpg 700w, https:\/\/raum-blick.de\/magazin\/wp-content\/uploads\/2022\/05\/ferm-living-desert-stuhl-300x300.jpg 300w, https:\/\/raum-blick.de\/magazin\/wp-content\/uploads\/2022\/05\/ferm-living-desert-stuhl-150x150.jpg 150w\" sizes=\"(max-width: 700px) 100vw, 700px\" \/><\/a><\/p>\n<p style=\"text-align: justify;\">Ganz nebenbei g\u00f6nnt sie der Einrichtung den warmen Akzent, der ansonsten von Teppichen ausgeht. Die Kr\u00f6nung: Schauen G\u00e4ste vorbei, sorgt die Scandi-Deko f\u00fcr Gespr\u00e4chsstoff. Hinter dem charaktervollen Leinen-Look des Textilsitzes verbergen sich 55 recycelte PET-Flaschen. Sitzgelegenheit f\u00fcr den Flur, Lesesessel im Wohnzimmer oder Sonnenstuhl am Pool: Unabh\u00e4ngig von der konkreten Einrichtungsidee avanciert der Designstuhl zum Blickfang.<\/p>\n<h2><span class=\"ez-toc-section\" id=\"Nicht_genug_zu_schaetzen_der_Zauber_von_Designikonen\"><\/span>Nicht genug zu sch\u00e4tzen: der Zauber von Designikonen<span class=\"ez-toc-section-end\"><\/span><\/h2>\n<p style=\"text-align: justify;\">Mogens Lassen war eine Koryph\u00e4e des funktionalistischen Stils. Seine wegweisenden Entw\u00fcrfe sind bis heute eine Inspirationsquelle f\u00fcr Designer. Denn hinter der \u00e4sthetischen Simplizit\u00e4t verbirgt sich eine Meisterleistung der Pr\u00e4zision. Jahrelang t\u00fcftelte der Architekt an einem Kerzenhalter, der urspr\u00fcnglich nur f\u00fcr enge Freunde gedacht war. Die ikonische Scandi-Deko deb\u00fctierte 1962 und ist der Ausgangspunkt f\u00fcr die unverwechselbare <a href=\"https:\/\/www.raum-blick.de\/by-lassen\/\">by Lassen Kubus-Kollektion<\/a>. Signiert sie das Zuhause, steht fest: Hier hat jemand Gesp\u00fcr f\u00fcr die Perlen des Designs. Der Mix aus mathematischem Kalk\u00fcl und puristischer Grazie verhalf der d\u00e4nischen Ikone zum Erfolg.<\/p>\n<p><a href=\"https:\/\/www.raum-blick.de\/by-lassen-kubus-bowl\"><img loading=\"lazy\" decoding=\"async\" class=\"aligncenter wp-image-15912 size-full\" title=\"by Lassen - Kubus Bowl | die Schale aus lackiertem Edelstahl | echtes d\u00e4nisches Design\" src=\"https:\/\/www.raum-blick.de\/magazin\/wp-content\/uploads\/2022\/05\/by-lassen-kubus-bowl.jpg\" alt=\"by-lassen-kubus-bowl\" width=\"700\" height=\"300\" srcset=\"https:\/\/raum-blick.de\/magazin\/wp-content\/uploads\/2022\/05\/by-lassen-kubus-bowl.jpg 700w, https:\/\/raum-blick.de\/magazin\/wp-content\/uploads\/2022\/05\/by-lassen-kubus-bowl-300x129.jpg 300w\" sizes=\"(max-width: 700px) 100vw, 700px\" \/><\/a><\/p>\n<p style=\"text-align: justify;\">Daran h\u00e4lt die Kopenhagener Marke bei der <a href=\"https:\/\/www.raum-blick.de\/by-lassen-kubus-bowl\">Kubus Bowl<\/a> fest, die inzwischen zur ber\u00fchmten Designlinie geh\u00f6rt. Sie taucht in verschiedenen H\u00f6hen und Gr\u00f6\u00dfen in allen Wohnr\u00e4umen auf. Schmuckk\u00e4stchen, Obstkorb, Deko-Gef\u00e4\u00df, Schale f\u00fcr Knabbereien: Der formvollendete Alltagshelfer im Scandi-Style \u00fcbernimmt die verschiedensten Aufgaben. Steht eine Feier an, widmen sich die Edelstahlschalen spontan der identischen Mission: die appetitliche Inszenierung der Snacks.<\/p>\n<p><a href=\"https:\/\/www.raum-blick.de\/by-lassen-kubus-8\"><img loading=\"lazy\" decoding=\"async\" class=\"aligncenter wp-image-15910 size-full\" title=\"by Lassen - Kubus 8 | der ikonische Kubus Kerzenhalter\" src=\"https:\/\/www.raum-blick.de\/magazin\/wp-content\/uploads\/2022\/05\/by-lassen-kubus-8.jpg\" alt=\"by-lassen-kubus-8 Scandi-Deko\" width=\"700\" height=\"700\" srcset=\"https:\/\/raum-blick.de\/magazin\/wp-content\/uploads\/2022\/05\/by-lassen-kubus-8.jpg 700w, https:\/\/raum-blick.de\/magazin\/wp-content\/uploads\/2022\/05\/by-lassen-kubus-8-300x300.jpg 300w, https:\/\/raum-blick.de\/magazin\/wp-content\/uploads\/2022\/05\/by-lassen-kubus-8-150x150.jpg 150w\" sizes=\"(max-width: 700px) 100vw, 700px\" \/><\/a><\/p>\n<p style=\"text-align: justify;\">Der achtflammige Kerzenst\u00e4nder gesellt sich hinzu, der sonst das Sideboard schm\u00fcckt. Magisch f\u00fchlen sich die G\u00e4ste vom Buffet angezogen, weil die elegante Darbietung eine Augenweide ist.<\/p>\n<h2><span class=\"ez-toc-section\" id=\"Dekorative_Loesungen_fuers_organisierte_Leben\"><\/span>Dekorative L\u00f6sungen f\u00fcrs organisierte Leben<span class=\"ez-toc-section-end\"><\/span><\/h2>\n<p style=\"text-align: justify;\">Die by Lassen Kubus-Accessoires verweisen nicht allein auf den d\u00e4nischen Pionier des modernistischen Designs. Gleiches gilt f\u00fcr die <a href=\"https:\/\/www.raum-blick.de\/by-lassen-frame-box-20\">Aufbewahrungsl\u00f6sung Frame Box<\/a>, die sich un\u00fcbersehbar zur kubistischen Formensprache bekennt.<\/p>\n<p><a href=\"https:\/\/www.raum-blick.de\/by-lassen-frame-box-20\"><img loading=\"lazy\" decoding=\"async\" class=\"aligncenter wp-image-15918 size-full\" title=\"by Lassen \u2013 Frame Box 20 | minimalistische Aufbewahrungsbox | Design: Mogens Lassen\" src=\"https:\/\/www.raum-blick.de\/magazin\/wp-content\/uploads\/2022\/05\/by-lassen-frame-box-20.jpg\" alt=\"by-lassen-frame-box-20\" width=\"700\" height=\"450\" srcset=\"https:\/\/raum-blick.de\/magazin\/wp-content\/uploads\/2022\/05\/by-lassen-frame-box-20.jpg 700w, https:\/\/raum-blick.de\/magazin\/wp-content\/uploads\/2022\/05\/by-lassen-frame-box-20-300x193.jpg 300w\" sizes=\"(max-width: 700px) 100vw, 700px\" \/><\/a><\/p>\n<p style=\"text-align: justify;\">Der Clou des origin\u00e4ren K\u00e4stchens aus dem Jahr 1943: Eine Feder bewegt bei sanftem Druck den Griff nach unten. Dadurch sind die Schachteln stapelbar, um die sich eine facettenreiche Designkollektion rankt. Die Boxen auf dem Flurschrank organisieren verschiedenste Kleinigkeiten. Das Arrangement der kleinen Schatzkisten auf der Anrichte ist zudem eine tolle Deko. Daf\u00fcr sorgt das bunt gemischte Potpourri aus Formen, Farben und Gr\u00f6\u00dfen.<\/p>\n<p><a href=\"https:\/\/www.raum-blick.de\/by-lassen-frame-box-14\"><img loading=\"lazy\" decoding=\"async\" class=\"aligncenter wp-image-15931 size-full\" title=\"by Lassen \u2013 Frame Box 14 | minimalistische Aufbewahrungsbox | Design: Mogens Lassen\" src=\"https:\/\/www.raum-blick.de\/magazin\/wp-content\/uploads\/2022\/05\/by-lassen-frame-box-14.jpg\" alt=\"by-lassen-frame-box-14 Scandi-Deko\" width=\"700\" height=\"700\" srcset=\"https:\/\/raum-blick.de\/magazin\/wp-content\/uploads\/2022\/05\/by-lassen-frame-box-14.jpg 700w, https:\/\/raum-blick.de\/magazin\/wp-content\/uploads\/2022\/05\/by-lassen-frame-box-14-300x300.jpg 300w, https:\/\/raum-blick.de\/magazin\/wp-content\/uploads\/2022\/05\/by-lassen-frame-box-14-150x150.jpg 150w\" sizes=\"(max-width: 700px) 100vw, 700px\" \/><\/a><\/p>\n<p style=\"text-align: justify;\">Der kreativen Idee schlie\u00dft sich das individuell gestaltete Regal an, das auf dem Designklassiker aus D\u00e4nemark basiert. Dadurch avanciert der Stauraum im Flur zur dynamischen Wanddekoration. Ma\u00dfgeschneiderte Funktionalit\u00e4t wird zum schicken Hingucker: Das ist Scandi-Stil in Reinkultur!<\/p>\n<h2><span class=\"ez-toc-section\" id=\"Typisch_nordisch_und_einfach_genial_Vier-Jahreszeiten-Deko\"><\/span>Typisch nordisch und einfach genial: Vier-Jahreszeiten-Deko<span class=\"ez-toc-section-end\"><\/span><\/h2>\n<p style=\"text-align: justify;\">Die Atmosph\u00e4re ist so wohltuend ruhig, dass man kaum Worte daf\u00fcr findet. \u00c4sthetische Klarheit pr\u00e4gt die Einrichtung, die sich auf die wesentlichen M\u00f6bel beschr\u00e4nkt und Mut zu Freir\u00e4umen beweist. Dennoch liegt der individuelle Charme in der Luft, der hyggeliges Wohngef\u00fchl vermittelt. Daf\u00fcr sorgt Scandi-Deko, deren Zur\u00fcckhaltung das Liebensw\u00fcrdige ist. Matte Keramik in Naturt\u00f6nen pr\u00e4gt die <a href=\"https:\/\/www.raum-blick.de\/storefactory-stravalla-vase\">Storefactory Vase Stravalla<\/a> ebenso wie die <a href=\"https:\/\/www.raum-blick.de\/storefactory-lidatorp-jubilaeum-kerzenhalter\/schale\">Schalen Lidatorp<\/a> und der Kerzenst\u00e4nder Bolmen.<\/p>\n<p><a href=\"https:\/\/www.raum-blick.de\/storefactory-stravalla-vase\"><img loading=\"lazy\" decoding=\"async\" class=\"aligncenter wp-image-15927 size-full\" title=\"Storefactory \u2013 Str\u00e5valla Vase | im nordischen Stil | Design: Storefactory\" src=\"https:\/\/www.raum-blick.de\/magazin\/wp-content\/uploads\/2022\/05\/storefactory-stravalla-vase.jpg\" alt=\"storefactory-stravalla-vase Scandi-Deko\" width=\"700\" height=\"700\" srcset=\"https:\/\/raum-blick.de\/magazin\/wp-content\/uploads\/2022\/05\/storefactory-stravalla-vase.jpg 700w, https:\/\/raum-blick.de\/magazin\/wp-content\/uploads\/2022\/05\/storefactory-stravalla-vase-300x300.jpg 300w, https:\/\/raum-blick.de\/magazin\/wp-content\/uploads\/2022\/05\/storefactory-stravalla-vase-150x150.jpg 150w\" sizes=\"(max-width: 700px) 100vw, 700px\" \/><\/a><\/p>\n<p style=\"text-align: justify;\">Bewusst verst\u00e4rkt Storefactory mit dem Material die reduzierte Designsprache. Die Accessoires integrieren sich dadurch harmonisch in die Wohnlandschaft. Es gen\u00fcgt ein i-T\u00fcpfelchen, um die Dekoobjekte saisonal zu inszenieren.<\/p>\n<p><a href=\"https:\/\/www.raum-blick.de\/storefactory-lidatorp-jubilaeum-kerzenhalter\/schale\"><img loading=\"lazy\" decoding=\"async\" class=\"aligncenter wp-image-15925\" title=\"Storefactory \u2013 Lidatorp Jubil\u00e4um Kerzenhalter \/ Schale | Bestseller in limitierter Jubil\u00e4ums-Edition\" src=\"https:\/\/www.raum-blick.de\/magazin\/wp-content\/uploads\/2022\/05\/storefactory-lidatorp-jubilaeum-kerzenhalter-schale.jpg\" alt=\"storefactory-lidatorp-jubilaeum-kerzenhalter-schale\" width=\"600\" height=\"300\" srcset=\"https:\/\/raum-blick.de\/magazin\/wp-content\/uploads\/2022\/05\/storefactory-lidatorp-jubilaeum-kerzenhalter-schale.jpg 700w, https:\/\/raum-blick.de\/magazin\/wp-content\/uploads\/2022\/05\/storefactory-lidatorp-jubilaeum-kerzenhalter-schale-300x150.jpg 300w, https:\/\/raum-blick.de\/magazin\/wp-content\/uploads\/2022\/05\/storefactory-lidatorp-jubilaeum-kerzenhalter-schale-660x330.jpg 660w\" sizes=\"(max-width: 600px) 100vw, 600px\" \/><\/a><\/p>\n<p style=\"text-align: justify;\">Die skulpturale Form der Keramikvase Stravalla spricht f\u00fcr sich. Sie verw\u00f6hnt das Auge auch ohne Blumen. Gesellt sich ein B\u00fcndel luftiger Gr\u00e4ser hinzu, ist die Sommerdeko perfekt.<\/p>\n<p><img loading=\"lazy\" decoding=\"async\" class=\"aligncenter wp-image-15923 size-full\" title=\"Storefactory \u2013 Bolmen Kerzenhalter \/ Schale | f\u00fcr vier Stabkerzen | Design: Storefactory\" src=\"https:\/\/www.raum-blick.de\/magazin\/wp-content\/uploads\/2022\/05\/storefactory-bolmen-kerzenhalter.jpg\" alt=\"storefactory-bolmen-kerzenhalter Scandi-Deko\" width=\"700\" height=\"700\" srcset=\"https:\/\/raum-blick.de\/magazin\/wp-content\/uploads\/2022\/05\/storefactory-bolmen-kerzenhalter.jpg 700w, https:\/\/raum-blick.de\/magazin\/wp-content\/uploads\/2022\/05\/storefactory-bolmen-kerzenhalter-300x300.jpg 300w, https:\/\/raum-blick.de\/magazin\/wp-content\/uploads\/2022\/05\/storefactory-bolmen-kerzenhalter-150x150.jpg 150w\" sizes=\"(max-width: 700px) 100vw, 700px\" \/><\/p>\n<p style=\"text-align: justify;\">Rund ums Jahr begeistern die Wohnaccessoires Lidatorp und Bolmen mit ihrer Fusion aus Schale und Kerzenst\u00e4nder. Streut man Lavendelbl\u00fcten ein, steht die Tischdeko f\u00fcrs mediterrane Sommerdinner. Liegen Tannenzapfen neben den Kerzen, signalisiert die bezaubernd einfache Scandi-Deko von Storefactory: Weihnachten steht vor der T\u00fcr!<\/p>\n<h2><span class=\"ez-toc-section\" id=\"Ikonen_fuer_die_gute_Laune\"><\/span>Ikonen f\u00fcr die gute Laune<span class=\"ez-toc-section-end\"><\/span><\/h2>\n<p style=\"text-align: justify;\">Skandinavische Deko bleibt im Gesamtbild angenehm diskret. Ihren herzergreifenden Touch erh\u00e4lt sie durch eingestreute Lieblingsst\u00fccke, die stilistisch aus der Reihe tanzen. Vor Jahrzehnten wurde die <a href=\"https:\/\/www.raum-blick.de\/bjoern-wiinblad\/\">Bjoern Wiinblad Blumenvase<\/a> geschaffen, die einem Stimmungsaufheller gleicht. Der kreative D\u00e4ne war weltweit daf\u00fcr bekannt, mit seinen Werken pure Lebensfreude zu vermitteln. Das bewog sogar den Schah von Persien dazu, sich ein exklusives Geschirr entwerfen zu lassen.<\/p>\n<p><a href=\"https:\/\/www.raum-blick.de\/bjoern-wiinblad-eva-blumenvase\"><img loading=\"lazy\" decoding=\"async\" class=\"aligncenter wp-image-15934 size-full\" title=\"Bjoern Wiinblad \u2013 Eva Vase | die extravagante Blumenvase mit Gesicht | Design: Bj\u00f8rn Wiinblad\" src=\"https:\/\/www.raum-blick.de\/magazin\/wp-content\/uploads\/2022\/05\/bjoern-wiinblad-eva-blumenvase.jpg\" alt=\"bjoern-wiinblad-eva-blumenvase Scandi-Deko\" width=\"700\" height=\"660\" srcset=\"https:\/\/raum-blick.de\/magazin\/wp-content\/uploads\/2022\/05\/bjoern-wiinblad-eva-blumenvase.jpg 700w, https:\/\/raum-blick.de\/magazin\/wp-content\/uploads\/2022\/05\/bjoern-wiinblad-eva-blumenvase-300x283.jpg 300w\" sizes=\"(max-width: 700px) 100vw, 700px\" \/><\/a><\/p>\n<p style=\"text-align: justify;\">Das Renommee des K\u00fcnstlers erkl\u00e4rt sich, wenn die Bjoern Wiinblad Blumenvase Eva ins Visier ger\u00e4t. Schaut man dem liebevoll skizzierten Frauengesicht in die Augen, verliebt man sich sofort. Solo ist die ausgefallene Scandi-Deko bereits ein lebensbejahendes Statement. Der Eindruck verst\u00e4rkt sich im Duett mit frischen Blumen. Denn sie vollenden das k\u00fcnstlerische Frauenportr\u00e4t mit einer eigenwilligen Frisur, die bl\u00fcht und duftet.<\/p>\n","protected":false},"excerpt":{"rendered":"<p>Ordnungshelfer beleben das Flair, Wohnaccessoires \u00fcbernehmen das Catering und M\u00f6bel verf\u00fchren mit ihrem Look zum inspirierenden Gespr\u00e4ch. Bei der Scandi-Deko ist das Praktische einfach sch\u00f6n und das Sch\u00f6ne schlichtweg praktisch! Designm\u00f6bel, die das Dekorieren \u00fcbernehmen Das raffinierte Einrichtungsobjekt bereichert die Wohnwelt funktional und belebt die Atmosph\u00e4re. Es animiert zu einer Nutzung, legt sich aber nicht [&hellip;]<\/p>\n","protected":false},"author":4,"featured_media":15929,"comment_status":"closed","ping_status":"open","sticky":false,"template":"","format":"standard","meta":{"_et_pb_use_builder":"","_et_pb_old_content":"","_et_gb_content_width":"","inline_featured_image":false,"footnotes":""},"categories":[7],"tags":[1089,998,1677,1304,287,1223,342,334,66,206,288,1024,1725,505,767,441,1595,1723,846,1724,732,1660,1101,852],"class_list":["post-15898","post","type-post","status-publish","format-standard","has-post-thumbnail","hentry","category-accessoires-lifestyle","tag-aufbewahrungsbox","tag-bjrn-wiinblad","tag-bowl","tag-box","tag-by-lassen","tag-deko","tag-dekoration","tag-design","tag-designmoebel","tag-ferm-living","tag-kerzenhalter","tag-minimalistisch","tag-nordisch","tag-pflanzenbehaelter","tag-plant-box","tag-raumtrenner","tag-scandi-style","tag-scandi-deko","tag-schale","tag-skandinavien","tag-skandinavisch","tag-storefactory","tag-stuhl","tag-vase"],"_links":{"self":[{"href":"https:\/\/raum-blick.de\/magazin\/wp-json\/wp\/v2\/posts\/15898","targetHints":{"allow":["GET"]}}],"collection":[{"href":"https:\/\/raum-blick.de\/magazin\/wp-json\/wp\/v2\/posts"}],"about":[{"href":"https:\/\/raum-blick.de\/magazin\/wp-json\/wp\/v2\/types\/post"}],"author":[{"embeddable":true,"href":"https:\/\/raum-blick.de\/magazin\/wp-json\/wp\/v2\/users\/4"}],"replies":[{"embeddable":true,"href":"https:\/\/raum-blick.de\/magazin\/wp-json\/wp\/v2\/comments?post=15898"}],"version-history":[{"count":30,"href":"https:\/\/raum-blick.de\/magazin\/wp-json\/wp\/v2\/posts\/15898\/revisions"}],"predecessor-version":[{"id":20903,"href":"https:\/\/raum-blick.de\/magazin\/wp-json\/wp\/v2\/posts\/15898\/revisions\/20903"}],"wp:featuredmedia":[{"embeddable":true,"href":"https:\/\/raum-blick.de\/magazin\/wp-json\/wp\/v2\/media\/15929"}],"wp:attachment":[{"href":"https:\/\/raum-blick.de\/magazin\/wp-json\/wp\/v2\/media?parent=15898"}],"wp:term":[{"taxonomy":"category","embeddable":true,"href":"https:\/\/raum-blick.de\/magazin\/wp-json\/wp\/v2\/categories?post=15898"},{"taxonomy":"post_tag","embeddable":true,"href":"https:\/\/raum-blick.de\/magazin\/wp-json\/wp\/v2\/tags?post=15898"}],"curies":[{"name":"wp","href":"https:\/\/api.w.org\/{rel}","templated":true}]}}