{"id":15724,"date":"2022-04-04T11:40:17","date_gmt":"2022-04-04T09:40:17","guid":{"rendered":"https:\/\/www.raum-blick.de\/magazin\/?p=15724"},"modified":"2024-09-02T13:51:08","modified_gmt":"2024-09-02T11:51:08","slug":"babygeschenke-zur-geburt","status":"publish","type":"post","link":"https:\/\/raum-blick.de\/magazin\/babygeschenke-zur-geburt\/","title":{"rendered":"Hochwertige Babygeschenke zur Geburt"},"content":{"rendered":"<h2><span class=\"ez-toc-section\" id=\"%C2%AB_Liebe_und_Freude_stilvoll_zum_Ausdruck_bringen_%C2%BB\"><\/span>\u00ab Liebe und Freude stilvoll zum Ausdruck bringen \u00bb<span class=\"ez-toc-section-end\"><\/span><\/h2>\n<p style=\"text-align: justify;\"><strong>Kaum etwas bereitet so viel Spa\u00df, wie ein Neugeborenes zu begr\u00fc\u00dfen. Eltern, Verwandte und Freunde: Alle fiebern der ersten Begegnung entgegen und \u00fcberreichen Babygeschenke zur Geburt. Auch sie erobern die Herzen im Sturm, noch mehr, wenn sie liebenswert und sinnvoll sind.<\/strong><\/p>\n<h2><span class=\"ez-toc-section\" id=\"Geteilte_Vorfreude_Geschenkideen_fuer_die_Babyparty\"><\/span>Geteilte Vorfreude: Geschenkideen f\u00fcr die Babyparty<span class=\"ez-toc-section-end\"><\/span><\/h2>\n<p style=\"text-align: justify;\">Die Girlande im Wohnzimmer verk\u00fcndet &#8222;Hello Baby&#8220;. Vergn\u00fcgt empf\u00e4ngt die Gastgeberin ihre Freundinnen, die den kugelrunden Bauch bestaunen. An Gespr\u00e4chsstoff mangelt es nicht, weil die Vorbereitungen f\u00fcr einen neuen Lebensabschnitt auf Hochtouren laufen.<\/p><div id=\"ez-toc-container\" class=\"ez-toc-v2_0_82_2 counter-hierarchy ez-toc-counter ez-toc-grey ez-toc-container-direction\">\n<div class=\"ez-toc-title-container\">\n<p class=\"ez-toc-title\" style=\"cursor:inherit\">Was hier auf Sie wartet<\/p>\n<span class=\"ez-toc-title-toggle\"><a href=\"#\" class=\"ez-toc-pull-right ez-toc-btn ez-toc-btn-xs ez-toc-btn-default ez-toc-toggle\" aria-label=\"Toggle Table of Content\"><span class=\"ez-toc-js-icon-con\"><span class=\"\"><span class=\"eztoc-hide\" style=\"display:none;\">Toggle<\/span><span class=\"ez-toc-icon-toggle-span\"><svg style=\"fill: #999;color:#999\" xmlns=\"http:\/\/www.w3.org\/2000\/svg\" class=\"list-377408\" width=\"20px\" height=\"20px\" viewBox=\"0 0 24 24\" fill=\"none\"><path d=\"M6 6H4v2h2V6zm14 0H8v2h12V6zM4 11h2v2H4v-2zm16 0H8v2h12v-2zM4 16h2v2H4v-2zm16 0H8v2h12v-2z\" fill=\"currentColor\"><\/path><\/svg><svg style=\"fill: #999;color:#999\" class=\"arrow-unsorted-368013\" xmlns=\"http:\/\/www.w3.org\/2000\/svg\" width=\"10px\" height=\"10px\" viewBox=\"0 0 24 24\" version=\"1.2\" baseProfile=\"tiny\"><path d=\"M18.2 9.3l-6.2-6.3-6.2 6.3c-.2.2-.3.4-.3.7s.1.5.3.7c.2.2.4.3.7.3h11c.3 0 .5-.1.7-.3.2-.2.3-.5.3-.7s-.1-.5-.3-.7zM5.8 14.7l6.2 6.3 6.2-6.3c.2-.2.3-.5.3-.7s-.1-.5-.3-.7c-.2-.2-.4-.3-.7-.3h-11c-.3 0-.5.1-.7.3-.2.2-.3.5-.3.7s.1.5.3.7z\"\/><\/svg><\/span><\/span><\/span><\/a><\/span><\/div>\n<nav><ul class='ez-toc-list ez-toc-list-level-1 ' ><li class='ez-toc-page-1 ez-toc-heading-level-2'><a class=\"ez-toc-link ez-toc-heading-1\" href=\"https:\/\/raum-blick.de\/magazin\/babygeschenke-zur-geburt\/#%C2%AB_Liebe_und_Freude_stilvoll_zum_Ausdruck_bringen_%C2%BB\" >\u00ab Liebe und Freude stilvoll zum Ausdruck bringen \u00bb<\/a><\/li><li class='ez-toc-page-1 ez-toc-heading-level-2'><a class=\"ez-toc-link ez-toc-heading-2\" href=\"https:\/\/raum-blick.de\/magazin\/babygeschenke-zur-geburt\/#Geteilte_Vorfreude_Geschenkideen_fuer_die_Babyparty\" >Geteilte Vorfreude: Geschenkideen f\u00fcr die Babyparty<\/a><\/li><li class='ez-toc-page-1 ez-toc-heading-level-2'><a class=\"ez-toc-link ez-toc-heading-3\" href=\"https:\/\/raum-blick.de\/magazin\/babygeschenke-zur-geburt\/#Lieblingsstuecke_fuer_Newcomer\" >Lieblingsst\u00fccke f\u00fcr Newcomer<\/a><\/li><li class='ez-toc-page-1 ez-toc-heading-level-2'><a class=\"ez-toc-link ez-toc-heading-4\" href=\"https:\/\/raum-blick.de\/magazin\/babygeschenke-zur-geburt\/#Gemuetliches_fuer_die_Kuschelzeit\" >Gem\u00fctliches f\u00fcr die Kuschelzeit<\/a><\/li><li class='ez-toc-page-1 ez-toc-heading-level-2'><a class=\"ez-toc-link ez-toc-heading-5\" href=\"https:\/\/raum-blick.de\/magazin\/babygeschenke-zur-geburt\/#Wohnliche_Multitalente_die_Kids_und_Erwachsene_begeistern\" >Wohnliche Multitalente, die Kids und Erwachsene begeistern<\/a><\/li><li class='ez-toc-page-1 ez-toc-heading-level-2'><a class=\"ez-toc-link ez-toc-heading-6\" href=\"https:\/\/raum-blick.de\/magazin\/babygeschenke-zur-geburt\/#Bookmarks_fuer_den_ersten_Geburtstag\" >Bookmarks f\u00fcr den ersten Geburtstag<\/a><\/li><\/ul><\/nav><\/div>\n\n<p><a href=\"https:\/\/www.raum-blick.de\/ferm-living-mulltuecher-birne-3er-set\"><img loading=\"lazy\" decoding=\"async\" class=\"aligncenter wp-image-15778 size-full\" title=\"ferm LIVING \u2013 Mullt\u00fccher Birne 3er Set | aus 100 % GOTS-zertifizierter Bio-Baumwolle\" src=\"https:\/\/www.raum-blick.de\/magazin\/wp-content\/uploads\/2022\/05\/ferm-living-mulltuecher-birne-3er-set.jpg\" alt=\"ferm-living-mulltuecher-birne-3er-set\" width=\"700\" height=\"700\" srcset=\"https:\/\/raum-blick.de\/magazin\/wp-content\/uploads\/2022\/05\/ferm-living-mulltuecher-birne-3er-set.jpg 700w, https:\/\/raum-blick.de\/magazin\/wp-content\/uploads\/2022\/05\/ferm-living-mulltuecher-birne-3er-set-300x300.jpg 300w, https:\/\/raum-blick.de\/magazin\/wp-content\/uploads\/2022\/05\/ferm-living-mulltuecher-birne-3er-set-150x150.jpg 150w\" sizes=\"(max-width: 700px) 100vw, 700px\" \/><\/a><\/p>\n<p style=\"text-align: justify;\">Dabei assistieren die G\u00e4ste mit ihren \u00dcberraschungen. Die Grundausstattung ben\u00f6tigt ein Neugeborenes, sobald es das Licht der Welt erblickt. Deshalb werden viele Geschenke nicht zur Geburt, sondern einige Wochen vorher \u00fcberreicht. Die Gro\u00dfeltern und Paten \u00fcbernehmen meist vereinbarte Posten der Anschaffungsliste, die erstaunlich lang ist. Geh\u00f6rt man zum lockeren Freundeskreis, trifft die Finanzspritze ins Schwarze. Stilldecke, Spucktuch, Unterlage beim Windelwechsel:<\/p>\n<p><img loading=\"lazy\" decoding=\"async\" class=\"aligncenter wp-image-15781 size-full\" title=\"r\u00e4der - KIDS Erinnerungsbox Adventure Begins | Aufbewahrungsbox | Serie: KIDS\" src=\"https:\/\/www.raum-blick.de\/magazin\/wp-content\/uploads\/2022\/05\/raeder-design-erinnerungsbox-adventure-begins.jpg\" alt=\"raeder-design-erinnerungsbox-adventure-begins\" width=\"700\" height=\"560\" srcset=\"https:\/\/raum-blick.de\/magazin\/wp-content\/uploads\/2022\/05\/raeder-design-erinnerungsbox-adventure-begins.jpg 700w, https:\/\/raum-blick.de\/magazin\/wp-content\/uploads\/2022\/05\/raeder-design-erinnerungsbox-adventure-begins-300x240.jpg 300w\" sizes=\"(max-width: 700px) 100vw, 700px\" \/><\/p>\n<p style=\"text-align: justify;\">Unverzichtbar sind Mullt\u00fccher, <a href=\"https:\/\/www.raum-blick.de\/ferm-living\/\">die ferm LIVING<\/a> geschickt mit fruchtigen Prints und nat\u00fcrlichen Farben aufpeppt. Das stilvolle Design erleichtert die Weiterverwendung der Basics, die man nur wenige Monate in gro\u00dfer Zahl nutzt. Erste Eindr\u00fccke vermitteln Ultraschallfotos. An den Auftakt erinnert das Namensb\u00e4ndchen aus dem Krankenhaus. Das herzliche Willkommen der Familie zeigen die vielen Gl\u00fcckwunschkarten.<\/p>\n<p><img loading=\"lazy\" decoding=\"async\" class=\"aligncenter wp-image-15789\" title=\"r\u00e4der - KIDS T\u00e4schchen Elefant | Windeltasche | Design: r\u00e4der Design\" src=\"https:\/\/www.raum-blick.de\/magazin\/wp-content\/uploads\/2022\/05\/raeder-design-taeschchen-elefant.jpg\" alt=\"raeder-design-taeschchen-elefant\" width=\"600\" height=\"300\" srcset=\"https:\/\/raum-blick.de\/magazin\/wp-content\/uploads\/2022\/05\/raeder-design-taeschchen-elefant.jpg 700w, https:\/\/raum-blick.de\/magazin\/wp-content\/uploads\/2022\/05\/raeder-design-taeschchen-elefant-300x150.jpg 300w, https:\/\/raum-blick.de\/magazin\/wp-content\/uploads\/2022\/05\/raeder-design-taeschchen-elefant-660x330.jpg 660w\" sizes=\"(max-width: 600px) 100vw, 600px\" \/><\/p>\n<p style=\"text-align: justify;\">Bezaubernde Souvenirs f\u00fcllen bald die KIDS Erinnerungsbox von r\u00e4der Design. Zum Portfolio der deutschen Designmarke geh\u00f6rt auch ein praktisches Leinent\u00e4schchen mit Elefant und Bommel. Es b\u00fcndelt f\u00fcr den Babyservice unterwegs wichtige Utensilien von der Windel bis zur Babyrassel. Mulltuch, Souvenirkiste und Windeltasche: Die kleinen Babygeschenke sind genauso hilfreich wie die Euros, die sie charmant verpacken.<\/p>\n<h2><span class=\"ez-toc-section\" id=\"Lieblingsstuecke_fuer_Newcomer\"><\/span>Lieblingsst\u00fccke f\u00fcr Newcomer<span class=\"ez-toc-section-end\"><\/span><\/h2>\n<p style=\"text-align: justify;\">Bei der Babyparty wurde der Neuling schon reich bedacht, der jetzt endlich Besuch empf\u00e4ngt. Wer erstmals in seine s\u00fc\u00dfen Augen schaut, m\u00f6chte ihm pers\u00f6nlich Geschenke zur Geburt \u00fcberreichen. Der Platz im Bettchen ist so \u00fcberschaubar wie der Aktionsradius des Babys in den ersten Wochen.<\/p>\n<p><img loading=\"lazy\" decoding=\"async\" class=\"aligncenter wp-image-15771 size-full\" title=\"OYOY \u2013 Lama Babyrassel | Stofftier mit Rassel | Design: OYOY\" src=\"https:\/\/www.raum-blick.de\/magazin\/wp-content\/uploads\/2022\/05\/oyoy-babyrassel-lama.jpg\" alt=\"oyoy-babyrassel-lama\" width=\"700\" height=\"700\" srcset=\"https:\/\/raum-blick.de\/magazin\/wp-content\/uploads\/2022\/05\/oyoy-babyrassel-lama.jpg 700w, https:\/\/raum-blick.de\/magazin\/wp-content\/uploads\/2022\/05\/oyoy-babyrassel-lama-300x300.jpg 300w, https:\/\/raum-blick.de\/magazin\/wp-content\/uploads\/2022\/05\/oyoy-babyrassel-lama-150x150.jpg 150w\" sizes=\"(max-width: 700px) 100vw, 700px\" \/><\/p>\n<p style=\"text-align: justify;\">Praktisch sind deshalb Accessoires, die mehrfach Vergn\u00fcgen bereiten. Zum Erkunden mit den Augen, H\u00e4nden und Ohren animiert das kleine Lama von OyOy ein, das die Babyrassel mit dem Kuscheltier kombiniert. Wie einen Pinguin designte die skandinavische Marke den Bei\u00dfring aus Naturkautschuk. Gern greift der Nachwuchs danach und schult dabei seine Motorik.<\/p>\n<p><a href=\"https:\/\/www.raum-blick.de\/ferm-living-spieluhr\"><img loading=\"lazy\" decoding=\"async\" class=\"aligncenter wp-image-15774 size-full\" title=\"ferm Living \u2013 Spieluhr | verschiedene Ausf\u00fchrungen | Design: ferm Living\" src=\"https:\/\/www.raum-blick.de\/magazin\/wp-content\/uploads\/2022\/05\/ferm-living-spieluhr.jpg\" alt=\"ferm-living-spieluhr\" width=\"700\" height=\"700\" srcset=\"https:\/\/raum-blick.de\/magazin\/wp-content\/uploads\/2022\/05\/ferm-living-spieluhr.jpg 700w, https:\/\/raum-blick.de\/magazin\/wp-content\/uploads\/2022\/05\/ferm-living-spieluhr-300x300.jpg 300w, https:\/\/raum-blick.de\/magazin\/wp-content\/uploads\/2022\/05\/ferm-living-spieluhr-150x150.jpg 150w\" sizes=\"(max-width: 700px) 100vw, 700px\" \/><\/a><\/p>\n<p style=\"text-align: justify;\">Sobald das Zahnen beginnt, offenbart das <a href=\"https:\/\/www.raum-blick.de\/oyoy\/\">Spielzeug von OyOy Mini<\/a> seine zweite Funktion. Mehrere Babygeschenke vereint auch ferm LIVING zuckers\u00fc\u00df in einer Designidee: Der weiche Oktopus ist f\u00fcrs Kuscheln zu haben. Mit seinen baumelnden Beinen ist er so spannend wie ein Mobile. Zieht Mama an dem Ring, f\u00f6rdert die Spieluhr mit dem Wiegenlied von Brahms das Einschlafen.<\/p>\n<h2><span class=\"ez-toc-section\" id=\"Gemuetliches_fuer_die_Kuschelzeit\"><\/span>Gem\u00fctliches f\u00fcr die Kuschelzeit<span class=\"ez-toc-section-end\"><\/span><\/h2>\n<p style=\"text-align: justify;\">Z\u00fcgig entwickelt sich der Winzling. Das kostet viel Kraft, die er beim Schlafen und Stillen tankt. Dabei mag er es warm, bequem und kuschelig. Herzlich wirken Babygeschenke zur Geburt, die daf\u00fcr Verst\u00e4ndnis zeigen. Gro\u00df ist die Versuchung, niedliche Bettw\u00e4sche zu kaufen, der man widerstehen sollte. Diverse Konzepte konkurrieren f\u00fcr die Ausstattung der ersten Schlummeroase.<\/p>\n<p><img loading=\"lazy\" decoding=\"async\" class=\"aligncenter wp-image-15768 size-full\" title=\"Wollzeit \u2013 Die Kleine Babydecke | Kuscheldecke | Design: Wollzeit\" src=\"https:\/\/www.raum-blick.de\/magazin\/wp-content\/uploads\/2022\/05\/wollzeit-die-kleine-wolldecke.jpg\" alt=\"wollzeit-die-kleine-wolldecke\" width=\"700\" height=\"700\" srcset=\"https:\/\/raum-blick.de\/magazin\/wp-content\/uploads\/2022\/05\/wollzeit-die-kleine-wolldecke.jpg 700w, https:\/\/raum-blick.de\/magazin\/wp-content\/uploads\/2022\/05\/wollzeit-die-kleine-wolldecke-300x300.jpg 300w, https:\/\/raum-blick.de\/magazin\/wp-content\/uploads\/2022\/05\/wollzeit-die-kleine-wolldecke-150x150.jpg 150w\" sizes=\"(max-width: 700px) 100vw, 700px\" \/><\/p>\n<p style=\"text-align: justify;\">Es w\u00e4re schade, wenn die ausgesuchten Babygeschenke nicht dazu passen. Sinnvoller ist eine Kuscheldecke, die ebenfalls zur grundlegenden Babyausstattung geh\u00f6rt. Sie sorgt zu Hause und unterwegs f\u00fcrs Wohlbefinden. Die kleine Wolldecke von Wollzeit ist aus superfeinen Naturfasern gefertigt. Sie verw\u00f6hnt das Baby mit Streicheleinheiten, wenn Mama einen Schlummertrunk spendiert. Die Babydecke spendet auf dem Arm wohlige W\u00e4rme.<\/p>\n<p><img loading=\"lazy\" decoding=\"async\" class=\"aligncenter wp-image-15764 size-full\" title=\"pad \u2013 Lauser Decke | Babydecke | Design: pad home design\" src=\"https:\/\/www.raum-blick.de\/magazin\/wp-content\/uploads\/2022\/05\/pad-lauser-babydecke.jpg\" alt=\"pad-lauser-babydecke\" width=\"700\" height=\"700\" srcset=\"https:\/\/raum-blick.de\/magazin\/wp-content\/uploads\/2022\/05\/pad-lauser-babydecke.jpg 700w, https:\/\/raum-blick.de\/magazin\/wp-content\/uploads\/2022\/05\/pad-lauser-babydecke-300x300.jpg 300w, https:\/\/raum-blick.de\/magazin\/wp-content\/uploads\/2022\/05\/pad-lauser-babydecke-150x150.jpg 150w\" sizes=\"(max-width: 700px) 100vw, 700px\" \/><\/p>\n<p style=\"text-align: justify;\">Bayerischer wird die Schmusedecke f\u00fcrs Baby mit der Lauser Decke von pad. Ein originelles Geschenk f\u00fcr den angehenden Lausbua oder das zuk\u00fcnftige Lausderndl schm\u00fcckt sich mit Brezn, Wei\u00dfw\u00fcrsten und kleinen Dirndeln und ist dabei wunderbar kuschelig beim Stillen.<\/p>\n<p><img loading=\"lazy\" decoding=\"async\" class=\"aligncenter wp-image-15760 size-full\" title=\"ferm Living \u2013 Schildkr\u00f6ten Kissen | gesteppt | Design: ferm Living\" src=\"https:\/\/www.raum-blick.de\/magazin\/wp-content\/uploads\/2022\/05\/ferm-living-schildkroeten-kissen.jpg\" alt=\"ferm-living-schildkroeten-kissen\" width=\"700\" height=\"700\" srcset=\"https:\/\/raum-blick.de\/magazin\/wp-content\/uploads\/2022\/05\/ferm-living-schildkroeten-kissen.jpg 700w, https:\/\/raum-blick.de\/magazin\/wp-content\/uploads\/2022\/05\/ferm-living-schildkroeten-kissen-300x300.jpg 300w, https:\/\/raum-blick.de\/magazin\/wp-content\/uploads\/2022\/05\/ferm-living-schildkroeten-kissen-150x150.jpg 150w\" sizes=\"(max-width: 700px) 100vw, 700px\" \/><\/p>\n<p style=\"text-align: justify;\">Praktisch ist in dem Moment ein Polster, um das K\u00f6pfchen zu st\u00fctzen. Bei dem Gedanken ger\u00e4t die Schildkr\u00f6te von ferm LIVING ins Visier. Sie dekoriert das Zimmer wie ein Kuscheltier, eignet sich als Kissen und ist waschbar. Mama und Kind sind sich einig: So sehen tolle Babygeschenke zur Geburt aus.<\/p>\n<h2><span class=\"ez-toc-section\" id=\"Wohnliche_Multitalente_die_Kids_und_Erwachsene_begeistern\"><\/span>Wohnliche Multitalente, die Kids und Erwachsene begeistern<span class=\"ez-toc-section-end\"><\/span><\/h2>\n<p style=\"text-align: justify;\">Am laufenden Band treffen <a href=\"https:\/\/www.raum-blick.de\/kinder\/\">Kindergeschenke<\/a> ein. Die Eltern sind ger\u00fchrt, aber zugleich etwas melancholisch. Schon bald m\u00fcssen sie viele Dinge ausmustern, die ihre Freunde liebevoll ausgesucht haben. Denn so schnell wie der S\u00e4ugling heranw\u00e4chst, \u00e4ndern sich seine Grundbed\u00fcrfnisse. Applaus gibt es deshalb f\u00fcr hochwertige Babygeschenke, die das Leben begleiten.<\/p>\n<p><a href=\"https:\/\/www.raum-blick.de\/ferm-living-geflochtener-korb\"><img loading=\"lazy\" decoding=\"async\" class=\"aligncenter wp-image-15753 size-full\" title=\"ferm LIVING \u2013 Aufbewahrungskorb geflochten | in Apfel \/ Birnen Form | Design: ferm Living\" src=\"https:\/\/www.raum-blick.de\/magazin\/wp-content\/uploads\/2022\/05\/ferm-living-geflochtener-korb.jpg\" alt=\"ferm-living-geflochtener-korb\" width=\"700\" height=\"700\" srcset=\"https:\/\/raum-blick.de\/magazin\/wp-content\/uploads\/2022\/05\/ferm-living-geflochtener-korb.jpg 700w, https:\/\/raum-blick.de\/magazin\/wp-content\/uploads\/2022\/05\/ferm-living-geflochtener-korb-300x300.jpg 300w, https:\/\/raum-blick.de\/magazin\/wp-content\/uploads\/2022\/05\/ferm-living-geflochtener-korb-150x150.jpg 150w\" sizes=\"(max-width: 700px) 100vw, 700px\" \/><\/a><\/p>\n<p style=\"text-align: justify;\">Der <a href=\"https:\/\/www.raum-blick.de\/ferm-living-geflochtener-korb\">Aufbewahrungskorb von ferm LIVING<\/a> sieht aus wie eine Birne. Super lassen sich darin Wickelutensilien verstecken und sp\u00e4ter Bausteine verstauen. Die passende Steppdecke mit dem Birnenmuster ist dekorativ und w\u00e4rmt bei den Krabbelversuchen genauso wie beim Spielen.<\/p>\n<p><img loading=\"lazy\" decoding=\"async\" class=\"aligncenter wp-image-15747 size-full\" title=\"ferm LIVING \u2013 Steppdecke | mit Apfel- oder Birnenmuster | Design: ferm LIVING\" src=\"https:\/\/www.raum-blick.de\/magazin\/wp-content\/uploads\/2022\/05\/ferm-living-steppdecke.jpg\" alt=\"ferm-living-steppdecke\" width=\"700\" height=\"700\" srcset=\"https:\/\/raum-blick.de\/magazin\/wp-content\/uploads\/2022\/05\/ferm-living-steppdecke.jpg 700w, https:\/\/raum-blick.de\/magazin\/wp-content\/uploads\/2022\/05\/ferm-living-steppdecke-300x300.jpg 300w, https:\/\/raum-blick.de\/magazin\/wp-content\/uploads\/2022\/05\/ferm-living-steppdecke-150x150.jpg 150w\" sizes=\"(max-width: 700px) 100vw, 700px\" \/><\/p>\n<p style=\"text-align: justify;\">Papa wartet neben dem Bett, bis der Nachwuchs eingeschlafen ist. Dabei erfreut der <a href=\"https:\/\/www.raum-blick.de\/kindersitzsaecke\/\">Kindersitzsack<\/a> von OyOy oder Fatboy mit seinem Sitzkomfort, w\u00e4hrend der Regenbogenteppich den F\u00fc\u00dfen schmeichelt. Schneller als gedacht empf\u00e4ngt das Kleinkind die ersten Besucher und zeigt stolz die au\u00dfergew\u00f6hnlichen Accessoires.<\/p>\n<p><img loading=\"lazy\" decoding=\"async\" class=\"aligncenter wp-image-15755 size-full\" title=\"OYOY - Kinder-Sitzsack | Design: OYOY\" src=\"https:\/\/www.raum-blick.de\/magazin\/wp-content\/uploads\/2022\/05\/oyoy-kinder-sitzsack.jpg\" alt=\"oyoy-kinder-sitzsack\" width=\"700\" height=\"700\" srcset=\"https:\/\/raum-blick.de\/magazin\/wp-content\/uploads\/2022\/05\/oyoy-kinder-sitzsack.jpg 700w, https:\/\/raum-blick.de\/magazin\/wp-content\/uploads\/2022\/05\/oyoy-kinder-sitzsack-300x300.jpg 300w, https:\/\/raum-blick.de\/magazin\/wp-content\/uploads\/2022\/05\/oyoy-kinder-sitzsack-150x150.jpg 150w\" sizes=\"(max-width: 700px) 100vw, 700px\" \/><\/p>\n<p style=\"text-align: justify;\">Wenn sie zur coolen Jugendlounge nicht passen, bleiben die Babygeschenke trotzdem im Haus. Der Rattankorb erg\u00e4nzt den Stauraum im Schlafzimmer. Dort feiert auch die Krabbeldecke als Wanddekoration ihr Comeback, die wundervolle Erinnerungen weckt.<\/p>\n<p><img loading=\"lazy\" decoding=\"async\" class=\"aligncenter wp-image-15757 size-full\" title=\"OYOY \u2013 Regenbogen Spielteppich | Design: OYOY\" src=\"https:\/\/www.raum-blick.de\/magazin\/wp-content\/uploads\/2022\/05\/oyoy-rainbow-kinderteppich.jpg\" alt=\"oyoy-rainbow-kinderteppich\" width=\"700\" height=\"700\" srcset=\"https:\/\/raum-blick.de\/magazin\/wp-content\/uploads\/2022\/05\/oyoy-rainbow-kinderteppich.jpg 700w, https:\/\/raum-blick.de\/magazin\/wp-content\/uploads\/2022\/05\/oyoy-rainbow-kinderteppich-300x300.jpg 300w, https:\/\/raum-blick.de\/magazin\/wp-content\/uploads\/2022\/05\/oyoy-rainbow-kinderteppich-150x150.jpg 150w\" sizes=\"(max-width: 700px) 100vw, 700px\" \/><\/p>\n<p style=\"text-align: justify;\">Der OyOy Mini Teppich macht mit seinen Schokot\u00f6nen im Flur eine gute Figur. Gleiches gilt f\u00fcr den karamellfarbenen Sitzsack, der wie eine M\u00fctze aussieht. Gern nimmt man darauf Platz, um sich die Schuhe anzuziehen.<\/p>\n<h2><span class=\"ez-toc-section\" id=\"Bookmarks_fuer_den_ersten_Geburtstag\"><\/span>Bookmarks f\u00fcr den ersten Geburtstag<span class=\"ez-toc-section-end\"><\/span><\/h2>\n<p style=\"text-align: justify;\">Sucht man Geschenke zur Geburt, ist das Kinderbesteck noch nicht im Rennen. Es w\u00fcrde lange im Schrank ruhen, bevor es zum Einsatz kommt. Optimal ist hingegen die Babydecke, weil sie am ersten Lebenstag ein Neugeborenes genauso erfreut wie die Eltern.<\/p>\n<p><img loading=\"lazy\" decoding=\"async\" class=\"aligncenter wp-image-15743 size-full\" title=\"R\u00e4der Design \u2013 Teller Elefant | aus glasiertem Porzellan | Design: Blienert \/ \u00d6zkaya\" src=\"https:\/\/www.raum-blick.de\/magazin\/wp-content\/uploads\/2022\/05\/raeder-design-teller-elefant.jpg\" alt=\"raeder-design-teller-elefant\" width=\"700\" height=\"450\" srcset=\"https:\/\/raum-blick.de\/magazin\/wp-content\/uploads\/2022\/05\/raeder-design-teller-elefant.jpg 700w, https:\/\/raum-blick.de\/magazin\/wp-content\/uploads\/2022\/05\/raeder-design-teller-elefant-300x193.jpg 300w\" sizes=\"(max-width: 700px) 100vw, 700px\" \/><\/p>\n<p style=\"text-align: justify;\">Zw\u00f6lf Monate sp\u00e4ter wendet sich das Blatt. Jetzt haben andere Babygeschenke die Nase vorn. Das Kleine gesellt sich an den Tisch und erwartet einen appetitlichen Service. Lustig sieht der Elefanten-Teller von r\u00e4der Design aus.<\/p>\n<p><img loading=\"lazy\" decoding=\"async\" class=\"aligncenter wp-image-15732\" title=\"Carl Mertens Kinderbesteck Junior | 4-teilig\" src=\"https:\/\/www.raum-blick.de\/magazin\/wp-content\/uploads\/2022\/05\/carl-mertens-junior-kinderbesteck-4-teilig.jpg\" alt=\"carl-mertens-junior-kinderbesteck-4-teilig\" width=\"500\" height=\"500\" srcset=\"https:\/\/raum-blick.de\/magazin\/wp-content\/uploads\/2022\/05\/carl-mertens-junior-kinderbesteck-4-teilig.jpg 600w, https:\/\/raum-blick.de\/magazin\/wp-content\/uploads\/2022\/05\/carl-mertens-junior-kinderbesteck-4-teilig-300x300.jpg 300w, https:\/\/raum-blick.de\/magazin\/wp-content\/uploads\/2022\/05\/carl-mertens-junior-kinderbesteck-4-teilig-150x150.jpg 150w\" sizes=\"(max-width: 500px) 100vw, 500px\" \/><\/p>\n<p style=\"text-align: justify;\">Gewiss sind die darauf drapierten H\u00e4ppchen lecker. Wer sich gro\u00df f\u00fchlt, l\u00e4sst sich ungern f\u00fcttern. Das clever konzipierte Carl Mertens Kinderbesteck Junior liegt deshalb bereit. Alle Designelemente befl\u00fcgeln den Erfolg beim eigenst\u00e4ndigen Essen. Leuchtende Augen bescheren beim ersten Geburtstagsfest gro\u00dfe Babygeschenke.<\/p>\n<p><a href=\"https:\/\/www.raum-blick.de\/vitra-eames-elephant-klein\"><img loading=\"lazy\" decoding=\"async\" class=\"aligncenter wp-image-15729 size-full\" title=\"Vitra Eames Elephant klein | Spielzeug-Elefant | Design: Charles &amp; Ray Eames, 1945\" src=\"https:\/\/www.raum-blick.de\/magazin\/wp-content\/uploads\/2022\/05\/vitra-eames-elephant-klein.jpg\" alt=\"vitra-eames-elephant-klein\" width=\"700\" height=\"580\" srcset=\"https:\/\/raum-blick.de\/magazin\/wp-content\/uploads\/2022\/05\/vitra-eames-elephant-klein.jpg 700w, https:\/\/raum-blick.de\/magazin\/wp-content\/uploads\/2022\/05\/vitra-eames-elephant-klein-300x249.jpg 300w\" sizes=\"(max-width: 700px) 100vw, 700px\" \/><\/a><\/p>\n<p style=\"text-align: justify;\">Dazu passt der <a href=\"https:\/\/www.raum-blick.de\/vitra-eames-elephant-klein\">Eames Elephant von Vitra<\/a>. Der legend\u00e4re Allesk\u00f6nner brilliert als ausgefallene Dekoration, witziger Stuhl und abenteuerlustiger Spielgef\u00e4hrte. Seine skizzenhafte \u00c4sthetik ist kindgerecht, aber nicht kindisch. Das garantiert ihm \u00fcber viele Jahre hinweg einen Stammplatz in der Kinderlounge. Gut m\u00f6glich, dass er sogar die erste eigene Wohnung kennenlernt. Ein ber\u00fchmtes Designerduo entwarf 1945 das Kultobjekt, das in der jungen und erwachsenen Wohnwelt ein Statement ist.<\/p>\n","protected":false},"excerpt":{"rendered":"<p>\u00ab Liebe und Freude stilvoll zum Ausdruck bringen \u00bb Kaum etwas bereitet so viel Spa\u00df, wie ein Neugeborenes zu begr\u00fc\u00dfen. Eltern, Verwandte und Freunde: Alle fiebern der ersten Begegnung entgegen und \u00fcberreichen Babygeschenke zur Geburt. Auch sie erobern die Herzen im Sturm, noch mehr, wenn sie liebenswert und sinnvoll sind. Geteilte Vorfreude: Geschenkideen f\u00fcr die [&hellip;]<\/p>\n","protected":false},"author":4,"featured_media":15791,"comment_status":"closed","ping_status":"open","sticky":false,"template":"","format":"standard","meta":{"_et_pb_use_builder":"","_et_pb_old_content":"","_et_gb_content_width":"","inline_featured_image":false,"footnotes":""},"categories":[7],"tags":[1089,1312,1699,1708,1697,1700,1705,462,829,1702,206,1698,487,294,638,773,296,1636,1701,1202,825,985,1706,762,1206,1707,628,1709,1321,1703,444,520,1704,1634],"class_list":["post-15724","post","type-post","status-publish","format-standard","has-post-thumbnail","hentry","category-accessoires-lifestyle","tag-aufbewahrungsbox","tag-aufbewahrungskorb","tag-baby","tag-babydecke","tag-babygeschenke","tag-babyparty","tag-babyrassel","tag-carl-mertens","tag-decke","tag-erinnerungsbox","tag-ferm-living","tag-geburt","tag-geschenke","tag-geschenkideen","tag-kinder","tag-kinderbesteck","tag-kissen","tag-kuscheldecke","tag-mulltuecher","tag-oyoy","tag-pad","tag-raeder-design","tag-rassel","tag-sitzsack","tag-spielteppich","tag-spieluhr","tag-spielzeug","tag-steppdecke","tag-stofftier","tag-taeschchen","tag-teller","tag-vitra","tag-windeltasche","tag-wollzeit"],"_links":{"self":[{"href":"https:\/\/raum-blick.de\/magazin\/wp-json\/wp\/v2\/posts\/15724","targetHints":{"allow":["GET"]}}],"collection":[{"href":"https:\/\/raum-blick.de\/magazin\/wp-json\/wp\/v2\/posts"}],"about":[{"href":"https:\/\/raum-blick.de\/magazin\/wp-json\/wp\/v2\/types\/post"}],"author":[{"embeddable":true,"href":"https:\/\/raum-blick.de\/magazin\/wp-json\/wp\/v2\/users\/4"}],"replies":[{"embeddable":true,"href":"https:\/\/raum-blick.de\/magazin\/wp-json\/wp\/v2\/comments?post=15724"}],"version-history":[{"count":70,"href":"https:\/\/raum-blick.de\/magazin\/wp-json\/wp\/v2\/posts\/15724\/revisions"}],"predecessor-version":[{"id":20899,"href":"https:\/\/raum-blick.de\/magazin\/wp-json\/wp\/v2\/posts\/15724\/revisions\/20899"}],"wp:featuredmedia":[{"embeddable":true,"href":"https:\/\/raum-blick.de\/magazin\/wp-json\/wp\/v2\/media\/15791"}],"wp:attachment":[{"href":"https:\/\/raum-blick.de\/magazin\/wp-json\/wp\/v2\/media?parent=15724"}],"wp:term":[{"taxonomy":"category","embeddable":true,"href":"https:\/\/raum-blick.de\/magazin\/wp-json\/wp\/v2\/categories?post=15724"},{"taxonomy":"post_tag","embeddable":true,"href":"https:\/\/raum-blick.de\/magazin\/wp-json\/wp\/v2\/tags?post=15724"}],"curies":[{"name":"wp","href":"https:\/\/api.w.org\/{rel}","templated":true}]}}