{"id":15587,"date":"2022-03-24T13:19:31","date_gmt":"2022-03-24T12:19:31","guid":{"rendered":"https:\/\/www.raum-blick.de\/magazin\/?p=15587"},"modified":"2022-03-24T13:35:45","modified_gmt":"2022-03-24T12:35:45","slug":"vertical-garden","status":"publish","type":"post","link":"https:\/\/raum-blick.de\/magazin\/vertical-garden\/","title":{"rendered":"Vertical Garden"},"content":{"rendered":"<h2><span class=\"ez-toc-section\" id=\"%C2%AB_Mit_schicken_Pflanzgefaessen_zur_Plant_Wall_%C2%BB\"><\/span>\u00ab Mit schicken Pflanzgef\u00e4\u00dfen zur Plant Wall \u00bb<span class=\"ez-toc-section-end\"><\/span><\/h2>\n<p style=\"text-align: justify;\"><strong>Mehr Platz f\u00fcr Blumen, dynamische Eindr\u00fccke, Naturdekoration statt kahler Wand: Der Vertical Garden erf\u00fcllt verschiedenste W\u00fcnsche. Im Handumdrehen steht daf\u00fcr das Konzept, wenn man <\/strong><a href=\"https:\/\/www.raum-blick.de\/pflanzenzubehoer\/\"><strong>moderne Blument\u00f6pfe und Pflanztaschen<\/strong><\/a><strong> f\u00fcr sich entdeckt.<\/strong><\/p>\n<h2><span class=\"ez-toc-section\" id=\"Blitzschnell_realisiert_traumhaft_schoener_Wandgarten\"><\/span>Blitzschnell realisiert: traumhaft sch\u00f6ner Wandgarten<span class=\"ez-toc-section-end\"><\/span><\/h2>\n<p style=\"text-align: justify;\">Die Gl\u00fcckspilze in der obersten Etage freuen sich \u00fcber eine weitl\u00e4ufige Dachterrasse f\u00fcrs Urban Gardening. In Grenzen h\u00e4lt sich die Begeisterung der anderen Hausbewohner: Der kleine Balkon bietet kaum Spielraum f\u00fcr Pflanzen. Geschmackssache sind die grauen Betonw\u00e4nde, die ihn seitlich begrenzen. Ruckzuck lassen sich beide Mankos mit einer Plant Wall beheben. <a href=\"https:\/\/www.raum-blick.de\/vertiplants\/\">Verti Copenhagen<\/a> entwickelte ein pfiffiges System f\u00fcr die Wandbegr\u00fcnung.<\/p><div id=\"ez-toc-container\" class=\"ez-toc-v2_0_82_2 counter-hierarchy ez-toc-counter ez-toc-grey ez-toc-container-direction\">\n<div class=\"ez-toc-title-container\">\n<p class=\"ez-toc-title\" style=\"cursor:inherit\">Was hier auf Sie wartet<\/p>\n<span class=\"ez-toc-title-toggle\"><a href=\"#\" class=\"ez-toc-pull-right ez-toc-btn ez-toc-btn-xs ez-toc-btn-default ez-toc-toggle\" aria-label=\"Toggle Table of Content\"><span class=\"ez-toc-js-icon-con\"><span class=\"\"><span class=\"eztoc-hide\" style=\"display:none;\">Toggle<\/span><span class=\"ez-toc-icon-toggle-span\"><svg style=\"fill: #999;color:#999\" xmlns=\"http:\/\/www.w3.org\/2000\/svg\" class=\"list-377408\" width=\"20px\" height=\"20px\" viewBox=\"0 0 24 24\" fill=\"none\"><path d=\"M6 6H4v2h2V6zm14 0H8v2h12V6zM4 11h2v2H4v-2zm16 0H8v2h12v-2zM4 16h2v2H4v-2zm16 0H8v2h12v-2z\" fill=\"currentColor\"><\/path><\/svg><svg style=\"fill: #999;color:#999\" class=\"arrow-unsorted-368013\" xmlns=\"http:\/\/www.w3.org\/2000\/svg\" width=\"10px\" height=\"10px\" viewBox=\"0 0 24 24\" version=\"1.2\" baseProfile=\"tiny\"><path d=\"M18.2 9.3l-6.2-6.3-6.2 6.3c-.2.2-.3.4-.3.7s.1.5.3.7c.2.2.4.3.7.3h11c.3 0 .5-.1.7-.3.2-.2.3-.5.3-.7s-.1-.5-.3-.7zM5.8 14.7l6.2 6.3 6.2-6.3c.2-.2.3-.5.3-.7s-.1-.5-.3-.7c-.2-.2-.4-.3-.7-.3h-11c-.3 0-.5.1-.7.3-.2.2-.3.5-.3.7s.1.5.3.7z\"\/><\/svg><\/span><\/span><\/span><\/a><\/span><\/div>\n<nav><ul class='ez-toc-list ez-toc-list-level-1 ' ><li class='ez-toc-page-1 ez-toc-heading-level-2'><a class=\"ez-toc-link ez-toc-heading-1\" href=\"https:\/\/raum-blick.de\/magazin\/vertical-garden\/#%C2%AB_Mit_schicken_Pflanzgefaessen_zur_Plant_Wall_%C2%BB\" >\u00ab Mit schicken Pflanzgef\u00e4\u00dfen zur Plant Wall \u00bb<\/a><\/li><li class='ez-toc-page-1 ez-toc-heading-level-2'><a class=\"ez-toc-link ez-toc-heading-2\" href=\"https:\/\/raum-blick.de\/magazin\/vertical-garden\/#Blitzschnell_realisiert_traumhaft_schoener_Wandgarten\" >Blitzschnell realisiert: traumhaft sch\u00f6ner Wandgarten<\/a><\/li><li class='ez-toc-page-1 ez-toc-heading-level-2'><a class=\"ez-toc-link ez-toc-heading-3\" href=\"https:\/\/raum-blick.de\/magazin\/vertical-garden\/#Pflegeleichte_Pflanzkonzepte_%E2%80%93_die_Natur_assistiert\" >Pflegeleichte Pflanzkonzepte \u2013 die Natur assistiert!<\/a><\/li><li class='ez-toc-page-1 ez-toc-heading-level-2'><a class=\"ez-toc-link ez-toc-heading-4\" href=\"https:\/\/raum-blick.de\/magazin\/vertical-garden\/#Romantische_Sommerwiese_mitten_in_der_Stadt\" >Romantische Sommerwiese mitten in der Stadt<\/a><\/li><li class='ez-toc-page-1 ez-toc-heading-level-2'><a class=\"ez-toc-link ez-toc-heading-5\" href=\"https:\/\/raum-blick.de\/magazin\/vertical-garden\/#Unkonventioneller_Auftritt_fuer_bewaehrte_Schoenheiten\" >Unkonventioneller Auftritt f\u00fcr bew\u00e4hrte Sch\u00f6nheiten<\/a><\/li><li class='ez-toc-page-1 ez-toc-heading-level-2'><a class=\"ez-toc-link ez-toc-heading-6\" href=\"https:\/\/raum-blick.de\/magazin\/vertical-garden\/#Warum_kompliziert_wenn_es_einfach_geht_Plant_Wall_mit_Selbstversorgung\" >Warum kompliziert, wenn es einfach geht: Plant Wall mit Selbstversorgung<\/a><\/li><li class='ez-toc-page-1 ez-toc-heading-level-2'><a class=\"ez-toc-link ez-toc-heading-7\" href=\"https:\/\/raum-blick.de\/magazin\/vertical-garden\/#Vertical_Garden_%E2%80%93_Ideen_fuer_Naschkatzen_und_Blumenfans\" >Vertical Garden \u2013 Ideen f\u00fcr Naschkatzen und Blumenfans<\/a><\/li><\/ul><\/nav><\/div>\n\n<p><a href=\"https:\/\/www.raum-blick.de\/verti-copenhagen-vertiplants\"><img loading=\"lazy\" decoding=\"async\" class=\"aligncenter wp-image-15601 size-full\" title=\"Verti Copenhagen VertiPlants | Wandblumentopf | Design:Rikke &amp; Jens Raecke\" src=\"https:\/\/www.raum-blick.de\/magazin\/wp-content\/uploads\/2022\/04\/verti-copenhagen-vertiplants.jpg\" alt=\"verti-copenhagen-vertiplants vertical-garden\" width=\"800\" height=\"800\" srcset=\"https:\/\/raum-blick.de\/magazin\/wp-content\/uploads\/2022\/04\/verti-copenhagen-vertiplants.jpg 800w, https:\/\/raum-blick.de\/magazin\/wp-content\/uploads\/2022\/04\/verti-copenhagen-vertiplants-300x300.jpg 300w, https:\/\/raum-blick.de\/magazin\/wp-content\/uploads\/2022\/04\/verti-copenhagen-vertiplants-150x150.jpg 150w, https:\/\/raum-blick.de\/magazin\/wp-content\/uploads\/2022\/04\/verti-copenhagen-vertiplants-768x768.jpg 768w\" sizes=\"(max-width: 800px) 100vw, 800px\" \/><\/a><\/p>\n<p style=\"text-align: justify;\">Die frei kombinierbaren <a href=\"https:\/\/www.raum-blick.de\/verti-copenhagen-vertiplants\">VertiPlants<\/a> aus robustem Kunststoff wirken wie Kacheln mit Pflanztaschen. Locker verteilt, akkurat aufgereiht oder als gro\u00dffl\u00e4chiges Gesamtkunstwerk: Die quadratischen Wandt\u00f6pfe sind f\u00fcr individuelle Gestaltungsideen wie geschaffen. Perfekt sind die Ma\u00dfe der kleinen und gro\u00dfen VertiPlants aufeinander abgestimmt. Intuitiv ergibt sich ein Vertical Garden, der professionell geplant wirkt.<\/p>\n<h2><span class=\"ez-toc-section\" id=\"Pflegeleichte_Pflanzkonzepte_%E2%80%93_die_Natur_assistiert\"><\/span>Pflegeleichte Pflanzkonzepte \u2013 die Natur assistiert!<span class=\"ez-toc-section-end\"><\/span><\/h2>\n<p style=\"text-align: justify;\">Wenig Zeit, kaum Erfahrung, \u00fcberschaubares Interesse an Gartenarbeit: Die realistische Selbsteinsch\u00e4tzung spricht nicht gegen den Vertical Garden, sondern f\u00fcr eine taktisch kluge Bepflanzung. Manche Gew\u00e4chse siedeln sich naturgem\u00e4\u00df in Mauerritzen oder auf D\u00e4chern an. Sie sind anspruchslos, speichern meist Wasser in dicken Bl\u00e4ttern und bl\u00fchen attraktiv. Blaukissen, Mittagsblume, Hauswurz und Moos-Steinbrech: Sie sind allesamt ein Gl\u00fccksgriff f\u00fcr die Plant Wall mit urspr\u00fcnglichem Charme. Fehlt der gr\u00fcne Daumen, sind Kakteen enorm nachsichtig.<\/p>\n<p><a href=\"https:\/\/www.raum-blick.de\/verti-copenhagen-vertiplants-mini\"><img loading=\"lazy\" decoding=\"async\" class=\"aligncenter wp-image-15613 size-full\" title=\"VertiPlants Mini | Wandblumentopf | Design: Rikke + Jens Raecke\" src=\"https:\/\/www.raum-blick.de\/magazin\/wp-content\/uploads\/2022\/04\/verti-copenhagen-vertiplants-mini.jpg\" alt=\"verti-copenhagen-vertiplants-mini vertical-garden\" width=\"800\" height=\"600\" srcset=\"https:\/\/raum-blick.de\/magazin\/wp-content\/uploads\/2022\/04\/verti-copenhagen-vertiplants-mini.jpg 800w, https:\/\/raum-blick.de\/magazin\/wp-content\/uploads\/2022\/04\/verti-copenhagen-vertiplants-mini-300x225.jpg 300w, https:\/\/raum-blick.de\/magazin\/wp-content\/uploads\/2022\/04\/verti-copenhagen-vertiplants-mini-768x576.jpg 768w\" sizes=\"(max-width: 800px) 100vw, 800px\" \/><\/a><\/p>\n<p style=\"text-align: justify;\">Einige Exemplare stammen aus Regionen, in denen es extrem hei\u00df und bitterkalt wird. Dazu z\u00e4hlt die hochw\u00fcchsige Opuntia macrocentra mit scheibenf\u00f6rmigen Trieben im aparten Violett. Polsterartig breitet sich die Echinocereus triglochidiatus aus, die rote Bl\u00fcten hervorbringt. F\u00fcr kleine Pflanzgef\u00e4\u00dfe ist die Escobaria vivipara optimal, die im Sommer rosa bl\u00fcht. Rund ums Jahr beleben die winterfesten Kakteenarten den Au\u00dfenbereich, ohne etwas Nennenswertes zu erwarten.<\/p>\n<p><a href=\"https:\/\/www.raum-blick.de\/verti-copenhagen-kombinationen\"><img loading=\"lazy\" decoding=\"async\" class=\"aligncenter wp-image-15610 size-full\" title=\"Verti Copenhagen VertiPlants | Wandblumentopf | Design:Rikke &amp; Jens Raecke\" src=\"https:\/\/www.raum-blick.de\/magazin\/wp-content\/uploads\/2022\/04\/verti-copenhagen-kombinationen.jpg\" alt=\"verti-copenhagen-kombinationen\" width=\"720\" height=\"720\" srcset=\"https:\/\/raum-blick.de\/magazin\/wp-content\/uploads\/2022\/04\/verti-copenhagen-kombinationen.jpg 720w, https:\/\/raum-blick.de\/magazin\/wp-content\/uploads\/2022\/04\/verti-copenhagen-kombinationen-300x300.jpg 300w, https:\/\/raum-blick.de\/magazin\/wp-content\/uploads\/2022\/04\/verti-copenhagen-kombinationen-150x150.jpg 150w\" sizes=\"(max-width: 720px) 100vw, 720px\" \/><\/a><\/p>\n<p style=\"text-align: justify;\">Wer filigrane Ansichten mag, lieb\u00e4ugelt mit winterharten Gr\u00e4sern. Die Gr\u00fcnpflanzen sind facettenreicher, als man denkt. Das beweist der immergr\u00fcne Vertical Garden: Kompakt w\u00e4chst das B\u00e4renfellgras. Einen Deut h\u00f6her hebt sich die Bergsegge hervor. Mit roten Blattspitzen \u00fcberrascht das Japanische Blutgras. Bringt man bunte VertiPlants ins Spiel, verst\u00e4rken die Blument\u00f6pfe den lebhaften Aspekt.<\/p>\n<p><a href=\"https:\/\/www.raum-blick.de\/ferm-living-plant-box-small\"><img loading=\"lazy\" decoding=\"async\" class=\"aligncenter wp-image-15603 size-full\" title=\"ferm LIVING Plant Box small | Pflanzenbeh\u00e4lter \/ Aufbewahrungsbox | Design: ferm Living\" src=\"https:\/\/www.raum-blick.de\/magazin\/wp-content\/uploads\/2022\/04\/ferm-living-plant-box-small.jpg\" alt=\"ferm-living-plant-box-small\" width=\"800\" height=\"300\" srcset=\"https:\/\/raum-blick.de\/magazin\/wp-content\/uploads\/2022\/04\/ferm-living-plant-box-small.jpg 800w, https:\/\/raum-blick.de\/magazin\/wp-content\/uploads\/2022\/04\/ferm-living-plant-box-small-300x113.jpg 300w, https:\/\/raum-blick.de\/magazin\/wp-content\/uploads\/2022\/04\/ferm-living-plant-box-small-768x288.jpg 768w\" sizes=\"(max-width: 800px) 100vw, 800px\" \/><\/a><\/p>\n<p style=\"text-align: justify;\">Auf dem gro\u00dfen Balkon oder der Dachterrasse runden Pflanzk\u00e4sten mit Bartgras die Gestaltungsidee eindrucksvoll ab. Daf\u00fcr sorgen 1,50 Meter hohe Triebe, die in der Gruppe zum Windbrecher oder Sichtschutz avancieren.<\/p>\n<h2><span class=\"ez-toc-section\" id=\"Romantische_Sommerwiese_mitten_in_der_Stadt\"><\/span>Romantische Sommerwiese mitten in der Stadt<span class=\"ez-toc-section-end\"><\/span><\/h2>\n<p style=\"text-align: justify;\">Die klassischen Stellfl\u00e4chen werden f\u00fcrs Urban Gardening genutzt. Dort wachsen regionale Gem\u00fcsesorten heran, die den Speisezettel bereichern. Der Traum vom Bl\u00fctenmeer m\u00f6chte verwirklicht werden, obwohl der Balkon \u00fcbersichtlich ist. Beide Voraussetzungen sprechen f\u00fcr einen Vertical Garden, der kunterbunt bl\u00fcht. Gefragt sind Blument\u00f6pfe f\u00fcr die Wandmontage, die den Pflanzen das Rampenlicht \u00fcberlassen. Mit ihrem reduzierten Design \u00fcberzeugt die <a href=\"https:\/\/www.raum-blick.de\/ferm-living-wallbox\">Wallbox<\/a> aus pulverbeschichtetem Metall von <a href=\"https:\/\/www.raum-blick.de\/ferm-living\/\">ferm LIVING<\/a>. Sie beschr\u00e4nkt sich darauf, eine Pflanzm\u00f6glichkeit zu schaffen. Ganz nebenbei wirkt der Purismus schick.<\/p>\n<p><a href=\"https:\/\/www.raum-blick.de\/ferm-living-wallbox\"><img loading=\"lazy\" decoding=\"async\" class=\"aligncenter wp-image-15596 size-full\" title=\"ferm LIVING \u2013 Wallbox | Aufbewahrungbox \/ Pflanzgef\u00e4\u00df | Design: ferm LIVING\" src=\"https:\/\/www.raum-blick.de\/magazin\/wp-content\/uploads\/2022\/04\/ferm-living-wallbox.jpg\" alt=\"ferm-living-wallbox vertical-garden\" width=\"800\" height=\"800\" srcset=\"https:\/\/raum-blick.de\/magazin\/wp-content\/uploads\/2022\/04\/ferm-living-wallbox.jpg 800w, https:\/\/raum-blick.de\/magazin\/wp-content\/uploads\/2022\/04\/ferm-living-wallbox-300x300.jpg 300w, https:\/\/raum-blick.de\/magazin\/wp-content\/uploads\/2022\/04\/ferm-living-wallbox-150x150.jpg 150w, https:\/\/raum-blick.de\/magazin\/wp-content\/uploads\/2022\/04\/ferm-living-wallbox-768x768.jpg 768w\" sizes=\"(max-width: 800px) 100vw, 800px\" \/><\/a><\/p>\n<p style=\"text-align: justify;\">Wer mutig ist, g\u00f6nnt sich mitten in der City pure Naturidylle. Das gelingt mit einem Potpourri an Wildblumen. Im Fachhandel findet man spezielle Samenmischungen, die sich f\u00fcr Plant Walls und Balkonk\u00e4sten eignen. Nach der Aussaat sprie\u00dfen vom Fr\u00fchjahr bis zum Herbst verschiedenste Bl\u00fcmchen. Sie wecken Assoziationen mit einer urw\u00fcchsigen Wiese, die sich st\u00e4ndig ver\u00e4ndert.<\/p>\n<blockquote>\n<p style=\"text-align: justify;\">Es bleibt spannend, den Vertical Garden zu beobachten. Gewiss schauen Schmetterlinge und Bienen vorbei. Denn die naturnahe Pflanzidee ist insektenfreundlich.<\/p>\n<\/blockquote>\n<h2><span class=\"ez-toc-section\" id=\"Unkonventioneller_Auftritt_fuer_bewaehrte_Schoenheiten\"><\/span>Unkonventioneller Auftritt f\u00fcr bew\u00e4hrte Sch\u00f6nheiten<span class=\"ez-toc-section-end\"><\/span><\/h2>\n<p style=\"text-align: justify;\">Die Wandboxen von ferm LIVING verleihen der Plant Wall einen minimalistischen Touch, der im Trend liegt. Es ergibt sich ein toller Kontrast, wenn man Saisonklassiker einpflanzt. Sie verspr\u00fchen eine Prise Tradition und erinnern daran, wie man als Kind vergn\u00fcgt im Garten tobte. Schon die Urgro\u00dfmutter konnte der bezaubernden Bellis mit farbenfrohen Pompons nicht widerstehen.<\/p>\n<p><a href=\"https:\/\/www.raum-blick.de\/squarely-growsmall\"><img loading=\"lazy\" decoding=\"async\" class=\"aligncenter wp-image-15622 size-full\" title=\"SQUARELY \u2013 GrowSmall | mit innovativem Selbstbew\u00e4sserungssystem | Design: SQUARELY\" src=\"https:\/\/www.raum-blick.de\/magazin\/wp-content\/uploads\/2022\/04\/squarely-growsmall.jpg\" alt=\"squarely-growsmall\" width=\"800\" height=\"800\" srcset=\"https:\/\/raum-blick.de\/magazin\/wp-content\/uploads\/2022\/04\/squarely-growsmall.jpg 800w, https:\/\/raum-blick.de\/magazin\/wp-content\/uploads\/2022\/04\/squarely-growsmall-300x300.jpg 300w, https:\/\/raum-blick.de\/magazin\/wp-content\/uploads\/2022\/04\/squarely-growsmall-150x150.jpg 150w, https:\/\/raum-blick.de\/magazin\/wp-content\/uploads\/2022\/04\/squarely-growsmall-768x768.jpg 768w\" sizes=\"(max-width: 800px) 100vw, 800px\" \/><\/a><\/p>\n<p style=\"text-align: justify;\">Zwischen M\u00e4rz und Juni belebt die Fr\u00fchlingsblume den Vertical Garden. Ihr Soloauftritt in den Pflanzk\u00e4sten von ferm LIVING verdeutlicht, warum die kultivierten G\u00e4nsebl\u00fcmchen auch Tausendsch\u00f6n hei\u00dfen. Die florale Sommeranimation \u00fcbernimmt der Husarenknopf mit unz\u00e4hligen Bl\u00fctenk\u00f6rbchen. Wer die nat\u00fcrliche Wanddekoration bewundert, schlendert im Geiste durch ein Sonnenblumenfeld. Das ist der typischen Farbkombination aus strahlendem Gelb und dunklem Braun zu verdanken.<\/p>\n<p><a href=\"https:\/\/www.raum-blick.de\/squarely-grow-pflanzgefaess-zum-aufhaengen\"><img loading=\"lazy\" decoding=\"async\" class=\"aligncenter wp-image-15620 size-full\" title=\"SQUARELY \u2013 Grow Pflanzgef\u00e4\u00df zum Aufh\u00e4ngen | individuell zusammenstellbar | Design: SQUARELY\" src=\"https:\/\/www.raum-blick.de\/magazin\/wp-content\/uploads\/2022\/04\/squarely-grow-pflanzgefaess-zum-aufhaengen.jpg\" alt=\"squarely-grow-pflanzgefaess-zum-aufhaengen\" width=\"800\" height=\"800\" srcset=\"https:\/\/raum-blick.de\/magazin\/wp-content\/uploads\/2022\/04\/squarely-grow-pflanzgefaess-zum-aufhaengen.jpg 800w, https:\/\/raum-blick.de\/magazin\/wp-content\/uploads\/2022\/04\/squarely-grow-pflanzgefaess-zum-aufhaengen-300x300.jpg 300w, https:\/\/raum-blick.de\/magazin\/wp-content\/uploads\/2022\/04\/squarely-grow-pflanzgefaess-zum-aufhaengen-150x150.jpg 150w, https:\/\/raum-blick.de\/magazin\/wp-content\/uploads\/2022\/04\/squarely-grow-pflanzgefaess-zum-aufhaengen-768x768.jpg 768w\" sizes=\"(max-width: 800px) 100vw, 800px\" \/><\/a><\/p>\n<p style=\"text-align: justify;\">Erst im Herbst ist eine Abl\u00f6sung gefragt, wof\u00fcr sich traditionell die Schneeheide empfiehlt. Ihre nadelf\u00f6rmigen Bl\u00e4tter passen wunderbar zum Winterflair. Optimal ist die Hauptbl\u00fctezeit im Januar und Februar. Gerade jetzt freut man sich \u00fcber jeden Lichtblick im Garten.<\/p>\n<h2><span class=\"ez-toc-section\" id=\"Warum_kompliziert_wenn_es_einfach_geht_Plant_Wall_mit_Selbstversorgung\"><\/span>Warum kompliziert, wenn es einfach geht: Plant Wall mit Selbstversorgung<span class=\"ez-toc-section-end\"><\/span><\/h2>\n<p style=\"text-align: justify;\">Ein Loch am Boden erm\u00f6glicht bei Blument\u00f6pfen, dass \u00fcbersch\u00fcssiges Wasser ablaufen kann. Das w\u00e4re bei der Wandgestaltung meist problematisch. Pflanzgef\u00e4\u00dfe f\u00fcr diesen Zweck sind deshalb komplett geschlossen. Das f\u00fchrt schnell zu Staun\u00e4sse, die nur wenige Pflanzen vertragen. Mit speziellem Substraten wie Kakteenerde kann man das Problem mindern. Hilfreich ist auch eine Granulatschicht, die \u00fcberfl\u00fcssiges Wasser unterhalb der eingef\u00fcllten Erde speichert.<\/p>\n<p><a href=\"https:\/\/www.raum-blick.de\/squarely-growon\"><img loading=\"lazy\" decoding=\"async\" class=\"aligncenter wp-image-15616 size-full\" title=\"SQUARELY \u2013 GrowOn | mit innovativem Selbstbew\u00e4sserungssystem | Design: SQUARELY\" src=\"https:\/\/www.raum-blick.de\/magazin\/wp-content\/uploads\/2022\/04\/squarely-growon.jpg\" alt=\"squarely-growon\" width=\"800\" height=\"800\" srcset=\"https:\/\/raum-blick.de\/magazin\/wp-content\/uploads\/2022\/04\/squarely-growon.jpg 800w, https:\/\/raum-blick.de\/magazin\/wp-content\/uploads\/2022\/04\/squarely-growon-300x300.jpg 300w, https:\/\/raum-blick.de\/magazin\/wp-content\/uploads\/2022\/04\/squarely-growon-150x150.jpg 150w, https:\/\/raum-blick.de\/magazin\/wp-content\/uploads\/2022\/04\/squarely-growon-768x768.jpg 768w\" sizes=\"(max-width: 800px) 100vw, 800px\" \/><\/a><\/p>\n<p style=\"text-align: justify;\">Derartige Bedenken schafft <a href=\"https:\/\/www.raum-blick.de\/squarely\/\">SQUARELY<\/a> aus der Welt. Die skandinavische Marke hat Pflanzk\u00fcbel und Wandt\u00f6pfe mit integriertem Bew\u00e4sserungssystem entwickelt. Das praktische Konzept hat einige Vorteile: Der Vertical Garden versorgt sich vor\u00fcbergehend selbst, falls man keine Zeit f\u00fcrs Gie\u00dfen hat. Gebannt ist die Gefahr, dass sich die N\u00e4sse im Topf staut. Insgesamt verringert sich der Pflegeaufwand. So bleibt mehr Raum f\u00fcr Kreativit\u00e4t.<\/p>\n<h2><span class=\"ez-toc-section\" id=\"Vertical_Garden_%E2%80%93_Ideen_fuer_Naschkatzen_und_Blumenfans\"><\/span>Vertical Garden \u2013 Ideen f\u00fcr Naschkatzen und Blumenfans<span class=\"ez-toc-section-end\"><\/span><\/h2>\n<p style=\"text-align: justify;\">Mit dem <a href=\"https:\/\/www.raum-blick.de\/squarely-growon-wall\">GrowOn Wall Design<\/a> aus ge\u00f6ltem Massivholz verweist SQUARELY direkt auf die Natur. Das passt fantastisch zum mediterranen Bauerngarten. Der gro\u00dfbl\u00e4ttrige Mangold bereichert bald ein Pasta-Gericht. Die Balkontomaten und das Basilikum fusionieren f\u00fcr den frischen Salat. Thymian und Rosmarin haben beim Grillen ihre Sternstunde. F\u00fcr Farbtupfer und Duft sorgt der Lavendel. Der Blick auf die Plant Wall stimuliert die Urlaubsgef\u00fchle genauso wie den Appetit.<\/p>\n<p><a href=\"https:\/\/www.raum-blick.de\/squarely-growon-wall\"><img loading=\"lazy\" decoding=\"async\" class=\"aligncenter wp-image-15591 size-full\" title=\"SQUARELY \u2013 GrowOn Wall | mit innovativem Selbstbew\u00e4sserungssystem | Design: SQUARELY\" src=\"https:\/\/www.raum-blick.de\/magazin\/wp-content\/uploads\/2022\/04\/squarely-growon-wall.jpg\" alt=\"squarely-growon-wall vertical-garden\" width=\"800\" height=\"800\" srcset=\"https:\/\/raum-blick.de\/magazin\/wp-content\/uploads\/2022\/04\/squarely-growon-wall.jpg 800w, https:\/\/raum-blick.de\/magazin\/wp-content\/uploads\/2022\/04\/squarely-growon-wall-300x300.jpg 300w, https:\/\/raum-blick.de\/magazin\/wp-content\/uploads\/2022\/04\/squarely-growon-wall-150x150.jpg 150w, https:\/\/raum-blick.de\/magazin\/wp-content\/uploads\/2022\/04\/squarely-growon-wall-768x768.jpg 768w\" sizes=\"(max-width: 800px) 100vw, 800px\" \/><\/a><\/p>\n<p style=\"text-align: justify;\">Wer von einer idyllischen Landpartie tr\u00e4umt, best\u00fcckt die Pflanzgef\u00e4\u00dfe von SQUARELY mit deutschen Klassikern: M\u00e4nnertreu verw\u00f6hnt das Auge mit einem blauen Bl\u00fctenteppich. Die orangen Tagetes sind ans Herz gewachsen, weil man sie selbst vorgezogen hat. Das Eisenkraut beweist von Mai bis Oktober, warum es so beliebt ist. Gelb, violett, wei\u00df und rot: Die Dolden beleben den Vertical Garden mit einer beeindruckenden Farbvielfalt, ohne viel Pflege zu erwarten.<\/p>\n","protected":false},"excerpt":{"rendered":"<p>\u00ab Mit schicken Pflanzgef\u00e4\u00dfen zur Plant Wall \u00bb Mehr Platz f\u00fcr Blumen, dynamische Eindr\u00fccke, Naturdekoration statt kahler Wand: Der Vertical Garden erf\u00fcllt verschiedenste W\u00fcnsche. Im Handumdrehen steht daf\u00fcr das Konzept, wenn man moderne Blument\u00f6pfe und Pflanztaschen f\u00fcr sich entdeckt. Blitzschnell realisiert: traumhaft sch\u00f6ner Wandgarten Die Gl\u00fcckspilze in der obersten Etage freuen sich \u00fcber eine weitl\u00e4ufige [&hellip;]<\/p>\n","protected":false},"author":4,"featured_media":15624,"comment_status":"closed","ping_status":"open","sticky":false,"template":"","format":"standard","meta":{"_et_pb_use_builder":"","_et_pb_old_content":"","_et_gb_content_width":"","inline_featured_image":false,"footnotes":""},"categories":[8],"tags":[1089,206,503,505,1685,1498,52,767,1683,1640,1639,1687,808,1682,807,1686,810,1684],"class_list":["post-15587","post","type-post","status-publish","format-standard","has-post-thumbnail","hentry","category-features","tag-aufbewahrungsbox","tag-ferm-living","tag-pflanzen","tag-pflanzenbehaelter","tag-pflanzenzubehoer","tag-pflanzgefaess","tag-pflanzgefaesse","tag-plant-box","tag-plant-wall","tag-selbstbewaesserungssystem","tag-squarely","tag-urban-gardening","tag-verti-copenhagen","tag-vertical-garden","tag-vertiplants","tag-wallbox","tag-wandblumentopf","tag-wandgarten"],"_links":{"self":[{"href":"https:\/\/raum-blick.de\/magazin\/wp-json\/wp\/v2\/posts\/15587","targetHints":{"allow":["GET"]}}],"collection":[{"href":"https:\/\/raum-blick.de\/magazin\/wp-json\/wp\/v2\/posts"}],"about":[{"href":"https:\/\/raum-blick.de\/magazin\/wp-json\/wp\/v2\/types\/post"}],"author":[{"embeddable":true,"href":"https:\/\/raum-blick.de\/magazin\/wp-json\/wp\/v2\/users\/4"}],"replies":[{"embeddable":true,"href":"https:\/\/raum-blick.de\/magazin\/wp-json\/wp\/v2\/comments?post=15587"}],"version-history":[{"count":29,"href":"https:\/\/raum-blick.de\/magazin\/wp-json\/wp\/v2\/posts\/15587\/revisions"}],"predecessor-version":[{"id":15626,"href":"https:\/\/raum-blick.de\/magazin\/wp-json\/wp\/v2\/posts\/15587\/revisions\/15626"}],"wp:featuredmedia":[{"embeddable":true,"href":"https:\/\/raum-blick.de\/magazin\/wp-json\/wp\/v2\/media\/15624"}],"wp:attachment":[{"href":"https:\/\/raum-blick.de\/magazin\/wp-json\/wp\/v2\/media?parent=15587"}],"wp:term":[{"taxonomy":"category","embeddable":true,"href":"https:\/\/raum-blick.de\/magazin\/wp-json\/wp\/v2\/categories?post=15587"},{"taxonomy":"post_tag","embeddable":true,"href":"https:\/\/raum-blick.de\/magazin\/wp-json\/wp\/v2\/tags?post=15587"}],"curies":[{"name":"wp","href":"https:\/\/api.w.org\/{rel}","templated":true}]}}