{"id":15439,"date":"2022-03-17T10:00:06","date_gmt":"2022-03-17T09:00:06","guid":{"rendered":"https:\/\/www.raum-blick.de\/magazin\/?p=15439"},"modified":"2024-08-28T10:22:49","modified_gmt":"2024-08-28T08:22:49","slug":"einrichten-im-japandi-style","status":"publish","type":"post","link":"https:\/\/raum-blick.de\/magazin\/einrichten-im-japandi-style\/","title":{"rendered":"Einrichten im Japandi-Style"},"content":{"rendered":"<h2><span class=\"ez-toc-section\" id=\"%C2%AB_Hygge_pur_dank_neuem_Wohntrend_%C2%BB\"><\/span>\u00ab Hygge pur dank neuem Wohntrend \u00bb<span class=\"ez-toc-section-end\"><\/span><\/h2>\n<p style=\"text-align: justify;\"><strong>Der ferne Osten trifft den hohen Norden. So l\u00e4sst sich der Japandi-Style wohl am besten beschreiben. Die Einrichtung wird zum Treffen der Kulturen und vereint zwei Stilrichtungen in sich, die zun\u00e4chst kontr\u00e4r zueinander erscheinen und doch auf wunderbare Weise miteinander harmonieren. Entdecken Sie, was Wohnvielfalt bedeutet und erfahren Sie mehr dar\u00fcber, was es mit der skandinavisch-japanischen Fusion auf sich hat.<\/strong><\/p>\n<h2><span class=\"ez-toc-section\" id=\"Natuerlicher_Purismus_ohne_Perfektion\"><\/span>Nat\u00fcrlicher Purismus ohne Perfektion<span class=\"ez-toc-section-end\"><\/span><\/h2>\n<p style=\"text-align: justify;\">M\u00f6bel im Scandi-Style und japanische Einrichtungsideen haben viele Gemeinsamkeiten: Sie sind puristisch aus Naturmaterialien gestaltet und auf das Praktische ausgerichtet. Der Eichentisch Hven von <a href=\"https:\/\/www.raum-blick.de\/skagerak\/\">Skagerak<\/a> etwa ist so ein Beispiel, das beide Designkulturen vortrefflich gerecht. Der Tisch fokussiert sich un\u00fcbersehbar auf das Wesentliche.<\/p><div id=\"ez-toc-container\" class=\"ez-toc-v2_0_82_2 counter-hierarchy ez-toc-counter ez-toc-grey ez-toc-container-direction\">\n<div class=\"ez-toc-title-container\">\n<p class=\"ez-toc-title\" style=\"cursor:inherit\">Was hier auf Sie wartet<\/p>\n<span class=\"ez-toc-title-toggle\"><a href=\"#\" class=\"ez-toc-pull-right ez-toc-btn ez-toc-btn-xs ez-toc-btn-default ez-toc-toggle\" aria-label=\"Toggle Table of Content\"><span class=\"ez-toc-js-icon-con\"><span class=\"\"><span class=\"eztoc-hide\" style=\"display:none;\">Toggle<\/span><span class=\"ez-toc-icon-toggle-span\"><svg style=\"fill: #999;color:#999\" xmlns=\"http:\/\/www.w3.org\/2000\/svg\" class=\"list-377408\" width=\"20px\" height=\"20px\" viewBox=\"0 0 24 24\" fill=\"none\"><path d=\"M6 6H4v2h2V6zm14 0H8v2h12V6zM4 11h2v2H4v-2zm16 0H8v2h12v-2zM4 16h2v2H4v-2zm16 0H8v2h12v-2z\" fill=\"currentColor\"><\/path><\/svg><svg style=\"fill: #999;color:#999\" class=\"arrow-unsorted-368013\" xmlns=\"http:\/\/www.w3.org\/2000\/svg\" width=\"10px\" height=\"10px\" viewBox=\"0 0 24 24\" version=\"1.2\" baseProfile=\"tiny\"><path d=\"M18.2 9.3l-6.2-6.3-6.2 6.3c-.2.2-.3.4-.3.7s.1.5.3.7c.2.2.4.3.7.3h11c.3 0 .5-.1.7-.3.2-.2.3-.5.3-.7s-.1-.5-.3-.7zM5.8 14.7l6.2 6.3 6.2-6.3c.2-.2.3-.5.3-.7s-.1-.5-.3-.7c-.2-.2-.4-.3-.7-.3h-11c-.3 0-.5.1-.7.3-.2.2-.3.5-.3.7s.1.5.3.7z\"\/><\/svg><\/span><\/span><\/span><\/a><\/span><\/div>\n<nav><ul class='ez-toc-list ez-toc-list-level-1 ' ><li class='ez-toc-page-1 ez-toc-heading-level-2'><a class=\"ez-toc-link ez-toc-heading-1\" href=\"https:\/\/raum-blick.de\/magazin\/einrichten-im-japandi-style\/#%C2%AB_Hygge_pur_dank_neuem_Wohntrend_%C2%BB\" >\u00ab Hygge pur dank neuem Wohntrend \u00bb<\/a><\/li><li class='ez-toc-page-1 ez-toc-heading-level-2'><a class=\"ez-toc-link ez-toc-heading-2\" href=\"https:\/\/raum-blick.de\/magazin\/einrichten-im-japandi-style\/#Natuerlicher_Purismus_ohne_Perfektion\" >Nat\u00fcrlicher Purismus ohne Perfektion<\/a><\/li><li class='ez-toc-page-1 ez-toc-heading-level-2'><a class=\"ez-toc-link ez-toc-heading-3\" href=\"https:\/\/raum-blick.de\/magazin\/einrichten-im-japandi-style\/#Bewusste_Schlichtheit_als_Inspirationsquelle\" >Bewusste Schlichtheit als Inspirationsquelle<\/a><\/li><li class='ez-toc-page-1 ez-toc-heading-level-2'><a class=\"ez-toc-link ez-toc-heading-4\" href=\"https:\/\/raum-blick.de\/magazin\/einrichten-im-japandi-style\/#Pure_Ruheoase_fuer_den_Seelenfrieden\" >Pure Ruheoase f\u00fcr den Seelenfrieden<\/a><\/li><li class='ez-toc-page-1 ez-toc-heading-level-2'><a class=\"ez-toc-link ez-toc-heading-5\" href=\"https:\/\/raum-blick.de\/magazin\/einrichten-im-japandi-style\/#Zwei_Einrichtungskulturen_im_Einklang\" >Zwei Einrichtungskulturen im Einklang<\/a><\/li><li class='ez-toc-page-1 ez-toc-heading-level-2'><a class=\"ez-toc-link ez-toc-heading-6\" href=\"https:\/\/raum-blick.de\/magazin\/einrichten-im-japandi-style\/#Luftige_Lichtblicke_mit_Funktion_Lampen_im_asiatischen_Stil\" >Luftige Lichtblicke mit Funktion: Lampen im asiatischen Stil<\/a><\/li><li class='ez-toc-page-1 ez-toc-heading-level-2'><a class=\"ez-toc-link ez-toc-heading-7\" href=\"https:\/\/raum-blick.de\/magazin\/einrichten-im-japandi-style\/#Japandi_Deko_pointiert_und_praktisch\" >Japandi Deko: pointiert und praktisch<\/a><\/li><\/ul><\/nav><\/div>\n\n<p><a href=\"https:\/\/www.raum-blick.de\/skagerak-hven-tisch-260\"><img loading=\"lazy\" decoding=\"async\" class=\"aligncenter wp-image-15512 size-full\" title=\"Skagerak \u2013 Hven Tisch 260 | Tisch aus Eichenholz | Design: Anton Bj\u00f6rsing\" src=\"https:\/\/www.raum-blick.de\/magazin\/wp-content\/uploads\/2022\/04\/skagerak-hven-tisch-260.jpg\" alt=\"skagerak-hven-tisch-260 einrichten-im-japandi-style\" width=\"700\" height=\"700\" srcset=\"https:\/\/raum-blick.de\/magazin\/wp-content\/uploads\/2022\/04\/skagerak-hven-tisch-260.jpg 700w, https:\/\/raum-blick.de\/magazin\/wp-content\/uploads\/2022\/04\/skagerak-hven-tisch-260-300x300.jpg 300w, https:\/\/raum-blick.de\/magazin\/wp-content\/uploads\/2022\/04\/skagerak-hven-tisch-260-150x150.jpg 150w\" sizes=\"(max-width: 700px) 100vw, 700px\" \/><\/a><\/p>\n<p style=\"text-align: justify;\">Rundungen und leicht schr\u00e4ge Tischbeine nehmen seiner Geradlinigkeit die Sch\u00e4rfe. Das ist f\u00fcr den asiatischen Aspekt bedeutend. Mit harten Kanten w\u00fcrde der Minimalismus zu perfekt f\u00fcr eine Kultur erscheinen, die das Unvollkommene liebt. Helle Naturt\u00f6ne sind charakteristisch f\u00fcr M\u00f6bel im skandinavischen Design.<\/p>\n<p><a href=\"https:\/\/www.raum-blick.de\/menu-co-dining-chair\"><img loading=\"lazy\" decoding=\"async\" class=\"aligncenter wp-image-15509 size-full\" title=\"menu \u2013 Co Dining Chair | multifunktional &amp; zeitlos | Design: Norm Architects and Els Van Hoorebeeck\" src=\"https:\/\/www.raum-blick.de\/magazin\/wp-content\/uploads\/2022\/04\/menu-co-dining-chair.jpg\" alt=\"menu-co-dining-chair\" width=\"700\" height=\"660\" srcset=\"https:\/\/raum-blick.de\/magazin\/wp-content\/uploads\/2022\/04\/menu-co-dining-chair.jpg 700w, https:\/\/raum-blick.de\/magazin\/wp-content\/uploads\/2022\/04\/menu-co-dining-chair-300x283.jpg 300w\" sizes=\"(max-width: 700px) 100vw, 700px\" \/><\/a><\/p>\n<p style=\"text-align: justify;\">Wer diese T\u00f6ne im Japandi-Style betonen m\u00f6chte, erg\u00e4nzt die passenden Sitzgelegenheiten aus der Kollektion Hven. Der CO Chair von menu gesellt sich in braunen und schwarzen Ausf\u00fchrungen hinzu, wenn mehr Einfl\u00fcsse aus Japan willkommen sind. Dort mag man dunklere Nuancen.<\/p>\n<h2><span class=\"ez-toc-section\" id=\"Bewusste_Schlichtheit_als_Inspirationsquelle\"><\/span>Bewusste Schlichtheit als Inspirationsquelle<span class=\"ez-toc-section-end\"><\/span><\/h2>\n<p style=\"text-align: justify;\">Es ist der Lauf der Dinge, dass nichts vollkommen oder f\u00fcr immer ist. Das spricht daf\u00fcr, jeden Moment und allt\u00e4gliche Kleinigkeiten zu w\u00fcrdigen. Mankos relativieren die Freude nicht. Im Gegenteil: Sie verleihen den Erlebnissen und Gegenst\u00e4nden eine authentische Sch\u00f6nheit. Die achtsame Lebensphilosophie hei\u00dft Wabi Sabi und finden sich in den Gestaltungsideen von Japandi wieder.<\/p>\n<p><a href=\"https:\/\/www.raum-blick.de\/cane-line-climb-leiter\"><img loading=\"lazy\" decoding=\"async\" class=\"aligncenter wp-image-15498 size-full\" title=\"Cane-Line \u2013 Climb Leiter aus Naturrattan\" src=\"https:\/\/www.raum-blick.de\/magazin\/wp-content\/uploads\/2022\/04\/cane-line-climb-leiter.jpg\" alt=\"cane-line-climb-leiter einrichten-im-japandi-style\" width=\"700\" height=\"700\" srcset=\"https:\/\/raum-blick.de\/magazin\/wp-content\/uploads\/2022\/04\/cane-line-climb-leiter.jpg 700w, https:\/\/raum-blick.de\/magazin\/wp-content\/uploads\/2022\/04\/cane-line-climb-leiter-300x300.jpg 300w, https:\/\/raum-blick.de\/magazin\/wp-content\/uploads\/2022\/04\/cane-line-climb-leiter-150x150.jpg 150w\" sizes=\"(max-width: 700px) 100vw, 700px\" \/><\/a><\/p>\n<p style=\"text-align: justify;\">L\u00e4ssig lehnt im Bad eine Leiter an der Wand. Sie dient als Ablage f\u00fcr Handt\u00fccher, die im Umlauf sind. Wer ein frisches Exemplar w\u00fcnscht, wird im Korb daneben f\u00fcndig. Grob geflochtenes Rattan pr\u00e4gt die Wohnaccessoires Climb und Carry Me von <a href=\"https:\/\/www.raum-blick.de\/cane-line\/\">Cane-line<\/a>. Die \u00c4sthetik wirkt so ungek\u00fcnstelt und simpel wie die Einrichtungsl\u00f6sung im Japandi-Style.<\/p>\n<p><a href=\"https:\/\/www.raum-blick.de\/cane-line-carry-me-korb\"><img loading=\"lazy\" decoding=\"async\" class=\"aligncenter wp-image-15504 size-full\" title=\"Cane-line \u2013 Carry Me Korb aus Naturrattan | Design: Cane-line\" src=\"https:\/\/www.raum-blick.de\/magazin\/wp-content\/uploads\/2022\/04\/cane-line-carry-me-korb.jpg\" alt=\"cane-line-carry-me-korb\" width=\"700\" height=\"700\" srcset=\"https:\/\/raum-blick.de\/magazin\/wp-content\/uploads\/2022\/04\/cane-line-carry-me-korb.jpg 700w, https:\/\/raum-blick.de\/magazin\/wp-content\/uploads\/2022\/04\/cane-line-carry-me-korb-300x300.jpg 300w, https:\/\/raum-blick.de\/magazin\/wp-content\/uploads\/2022\/04\/cane-line-carry-me-korb-150x150.jpg 150w\" sizes=\"(max-width: 700px) 100vw, 700px\" \/><\/a><\/p>\n<p style=\"text-align: justify;\">Mut zur Einfachheit beweist auch die Flureinrichtung: An einer Holzstange baumeln Kleiderb\u00fcgel, die mit einem Lederband befestigt sind. Darunter bietet sich eine schn\u00f6rkellose Holzbank als Sitzfl\u00e4che und Ablage an.<\/p>\n<p><a href=\"https:\/\/www.raum-blick.de\/detail\/index\/sArticle\/227\"><img loading=\"lazy\" decoding=\"async\" class=\"aligncenter wp-image-15506 size-full\" title=\"Skagerak Georg 2 Kleiderb\u00fcgel | Design: Christina Liljenberg Halstr\u00f8m\" src=\"https:\/\/www.raum-blick.de\/magazin\/wp-content\/uploads\/2022\/04\/Skagerak-Georg-2-Kleiderbuegel.jpg\" alt=\"Skagerak Georg 2 Kleiderbuegel einrichten-im-japandi-style\" width=\"700\" height=\"300\" srcset=\"https:\/\/raum-blick.de\/magazin\/wp-content\/uploads\/2022\/04\/Skagerak-Georg-2-Kleiderbuegel.jpg 700w, https:\/\/raum-blick.de\/magazin\/wp-content\/uploads\/2022\/04\/Skagerak-Georg-2-Kleiderbuegel-300x129.jpg 300w\" sizes=\"(max-width: 700px) 100vw, 700px\" \/><\/a><\/p>\n<p style=\"text-align: justify;\">Mehr ben\u00f6tigt die Kollektion Georg von Skagerak nicht, um eine inspirierend schlichte Garderobe zu zaubern.<\/p>\n<h2><span class=\"ez-toc-section\" id=\"Pure_Ruheoase_fuer_den_Seelenfrieden\"><\/span>Pure Ruheoase f\u00fcr den Seelenfrieden<span class=\"ez-toc-section-end\"><\/span><\/h2>\n<p style=\"text-align: justify;\">Leere und Stille dominieren den Raum. Das Flair wirkt im ersten Moment karg, offenbart aber gleich darauf seine harmonisierenden Facetten. Sie balsamieren im pulsierenden Digitalzeitalter die Seele. Geschickt betont man bei Japandi die Wabi Sabi Philosophie, wenn es mehr Freifl\u00e4chen als Einrichtungsobjekte gibt.<\/p>\n<p><a href=\"https:\/\/www.raum-blick.de\/by-lassen-frame-42-regalsystem\"><img loading=\"lazy\" decoding=\"async\" class=\"aligncenter wp-image-15493 size-full\" title=\"by Lassen - Frame 42 | Regalsystem\" src=\"https:\/\/www.raum-blick.de\/magazin\/wp-content\/uploads\/2022\/04\/by-lassen-frame-42-regalsystem.jpg\" alt=\"by-lassen-frame-42-regalsystem\" width=\"700\" height=\"700\" srcset=\"https:\/\/raum-blick.de\/magazin\/wp-content\/uploads\/2022\/04\/by-lassen-frame-42-regalsystem.jpg 700w, https:\/\/raum-blick.de\/magazin\/wp-content\/uploads\/2022\/04\/by-lassen-frame-42-regalsystem-300x300.jpg 300w, https:\/\/raum-blick.de\/magazin\/wp-content\/uploads\/2022\/04\/by-lassen-frame-42-regalsystem-150x150.jpg 150w\" sizes=\"(max-width: 700px) 100vw, 700px\" \/><\/a><\/p>\n<p style=\"text-align: justify;\">Das M\u00f6belsystem Frame von <a href=\"https:\/\/www.raum-blick.de\/by-lassen\/\">by Lassen<\/a> basiert auf Boxen, die man frei kombinieren kann. Es eignet sich durchaus f\u00fcr klassische Einrichtungsideen mit stattlich dimensionierten Regalw\u00e4nden. Im Japandi-Style stehen nur einige K\u00e4sten locker verteilt auf dem Boden.<\/p>\n<p><a href=\"https:\/\/www.raum-blick.de\/by-lassen-frame-35-regalsystem\"><img loading=\"lazy\" decoding=\"async\" class=\"aligncenter wp-image-15491 size-full\" title=\"by Lassen - Frame 35 | Regalsystem\" src=\"https:\/\/www.raum-blick.de\/magazin\/wp-content\/uploads\/2022\/04\/by-lassen-frame-35-regalsystem.jpg\" alt=\"by-lassen-frame-35-regalsystem einrichten-im-japandi-style\" width=\"700\" height=\"700\" srcset=\"https:\/\/raum-blick.de\/magazin\/wp-content\/uploads\/2022\/04\/by-lassen-frame-35-regalsystem.jpg 700w, https:\/\/raum-blick.de\/magazin\/wp-content\/uploads\/2022\/04\/by-lassen-frame-35-regalsystem-300x300.jpg 300w, https:\/\/raum-blick.de\/magazin\/wp-content\/uploads\/2022\/04\/by-lassen-frame-35-regalsystem-150x150.jpg 150w\" sizes=\"(max-width: 700px) 100vw, 700px\" \/><\/a><\/p>\n<p style=\"text-align: justify;\">B\u00fccher, Zeitschriften oder Kopfh\u00f6rer: Sie beherbergen alles, was man f\u00fcr entspannte Stunden ben\u00f6tigt. Daf\u00fcr bietet sich direkt daneben ein komfortabler Klappstuhl an. Verbringt man die Verschnaufpause allein, reicht er vollkommen. Die Bodenkissen im Umfeld gesellen sich hinzu, wenn G\u00e4ste eintreffen.<\/p>\n<p><a href=\"https:\/\/www.raum-blick.de\/cane-line-area-hocker\"><img loading=\"lazy\" decoding=\"async\" class=\"aligncenter wp-image-15488 size-full\" title=\"Cane-Line \u2013 Area Hocker aus Teakholz | Design: Hee &amp; Gudmundur\" src=\"https:\/\/www.raum-blick.de\/magazin\/wp-content\/uploads\/2022\/04\/cane-line-area-hocker.jpg\" alt=\"cane-line-area-hocker\" width=\"700\" height=\"700\" srcset=\"https:\/\/raum-blick.de\/magazin\/wp-content\/uploads\/2022\/04\/cane-line-area-hocker.jpg 700w, https:\/\/raum-blick.de\/magazin\/wp-content\/uploads\/2022\/04\/cane-line-area-hocker-300x300.jpg 300w, https:\/\/raum-blick.de\/magazin\/wp-content\/uploads\/2022\/04\/cane-line-area-hocker-150x150.jpg 150w\" sizes=\"(max-width: 700px) 100vw, 700px\" \/><\/a><\/p>\n<p style=\"text-align: justify;\">Passend zum Japandi Lifestyle wird den Freunden ein duftender Jasmintee serviert. Auf der Suche nach einer Abstellfl\u00e4che f\u00fcrs Hei\u00dfgetr\u00e4nk ger\u00e4t der Area von Cane-line ins Visier. Spontan wird der Hocker w\u00e4hrend der Teepause zum Beistelltisch.<\/p>\n<h2><span class=\"ez-toc-section\" id=\"Zwei_Einrichtungskulturen_im_Einklang\"><\/span>Zwei Einrichtungskulturen im Einklang<span class=\"ez-toc-section-end\"><\/span><\/h2>\n<p style=\"text-align: justify;\">Vereint sich der Scandi-Style mit Japans Wohndesign, ist pure Lebensqualit\u00e4t die Quintessenz. Das beweist <a href=\"https:\/\/www.raum-blick.de\/umage\/\">Umage<\/a> mit dem Sofa Lounge Around.<\/p>\n<p><img loading=\"lazy\" decoding=\"async\" class=\"aligncenter wp-image-15485 size-full\" title=\"UMAGE \u2013 Lounge Around 1.5 Sitzer | minimalistisches Sofa | Design: Soren Ravn Christensen\" src=\"https:\/\/www.raum-blick.de\/magazin\/wp-content\/uploads\/2022\/04\/umage-lounge-around-1-5-sofa.jpg\" alt=\"umage-lounge-around-1-5-sofa einrichten-im-japandi-style\" width=\"700\" height=\"700\" srcset=\"https:\/\/raum-blick.de\/magazin\/wp-content\/uploads\/2022\/04\/umage-lounge-around-1-5-sofa.jpg 700w, https:\/\/raum-blick.de\/magazin\/wp-content\/uploads\/2022\/04\/umage-lounge-around-1-5-sofa-300x300.jpg 300w, https:\/\/raum-blick.de\/magazin\/wp-content\/uploads\/2022\/04\/umage-lounge-around-1-5-sofa-150x150.jpg 150w\" sizes=\"(max-width: 700px) 100vw, 700px\" \/><\/p>\n<p style=\"text-align: justify;\">Typisch asiatisch wirkt das Zusammenspiel aus hellem Naturholz und strukturierten Polsterbez\u00fcgen in Dunkelgrau. An ein Futon erinnert die reduzierte Formgebung, die beim Liegen und Sitzen \u00fcberzeugt.<\/p>\n<p><img loading=\"lazy\" decoding=\"async\" class=\"aligncenter wp-image-15482 size-full\" title=\"UMAGE \u2013 Lounge Around | Multifunktionales 3-er Sofa | Design: Soren Ravn Christensen\" src=\"https:\/\/www.raum-blick.de\/magazin\/wp-content\/uploads\/2022\/04\/umage-lounge-around-3-sitzer-sofa.jpg\" alt=\"umage-lounge-around-3-sitzer-sofa\" width=\"700\" height=\"700\" srcset=\"https:\/\/raum-blick.de\/magazin\/wp-content\/uploads\/2022\/04\/umage-lounge-around-3-sitzer-sofa.jpg 700w, https:\/\/raum-blick.de\/magazin\/wp-content\/uploads\/2022\/04\/umage-lounge-around-3-sitzer-sofa-300x300.jpg 300w, https:\/\/raum-blick.de\/magazin\/wp-content\/uploads\/2022\/04\/umage-lounge-around-3-sitzer-sofa-150x150.jpg 150w\" sizes=\"(max-width: 700px) 100vw, 700px\" \/><\/p>\n<p style=\"text-align: justify;\">Stimmungsvolle Beleuchtung, Couchtisch und Aufbewahrungstasche f\u00fcr den Lesestoff: Der massive Sofarand wird geschickt genutzt, um alle W\u00fcnsche mit einem M\u00f6belst\u00fcck zu beantworten. Die pfiffigen Ideen sind der skandinavischen Designkultur zu verdanken. Im Land der aufgehenden Sonne liebt man niedrige M\u00f6bel, organische Formen und dunklere Naturt\u00f6ne.<\/p>\n<p><img loading=\"lazy\" decoding=\"async\" class=\"aligncenter wp-image-15480 size-full\" title=\"UMAGE \u2013 Round Table | der passende Tisch zum Sofa Lounge Around | Design: Soren Ravn Christensen\" src=\"https:\/\/www.raum-blick.de\/magazin\/wp-content\/uploads\/2022\/04\/umage-round-table-fuer-lounge-around.jpg\" alt=\"umage-round-table-fuer-lounge-around einrichten-im-japandi-style\" width=\"700\" height=\"700\" srcset=\"https:\/\/raum-blick.de\/magazin\/wp-content\/uploads\/2022\/04\/umage-round-table-fuer-lounge-around.jpg 700w, https:\/\/raum-blick.de\/magazin\/wp-content\/uploads\/2022\/04\/umage-round-table-fuer-lounge-around-300x300.jpg 300w, https:\/\/raum-blick.de\/magazin\/wp-content\/uploads\/2022\/04\/umage-round-table-fuer-lounge-around-150x150.jpg 150w\" sizes=\"(max-width: 700px) 100vw, 700px\" \/><\/p>\n<p style=\"text-align: justify;\">In Skandinavien sorgen Einrichtungsobjekte mit verschiedenen H\u00f6hen f\u00fcrs dynamische Ambiente. Klare Linien, graziles Design und helle Farben pr\u00e4gen dort die moderne Einrichtung.<\/p>\n<p><img loading=\"lazy\" decoding=\"async\" class=\"aligncenter wp-image-15473 size-full\" title=\"UMAGE \u2013 Audacious TV-Bank | das TV-M\u00f6bel mit Rollt\u00fcren | Design: Jonas S\u00f8ndergaard\" src=\"https:\/\/www.raum-blick.de\/magazin\/wp-content\/uploads\/2022\/04\/umage-audacious-tv-bank.jpg\" alt=\"umage-audacious-tv-bank\" width=\"700\" height=\"300\" srcset=\"https:\/\/raum-blick.de\/magazin\/wp-content\/uploads\/2022\/04\/umage-audacious-tv-bank.jpg 700w, https:\/\/raum-blick.de\/magazin\/wp-content\/uploads\/2022\/04\/umage-audacious-tv-bank-300x129.jpg 300w\" sizes=\"(max-width: 700px) 100vw, 700px\" \/><\/p>\n<p style=\"text-align: justify;\">Beide Vorlieben bereichern das Wohnkonzept, wenn man die Kollektionen von Umage kombiniert. Dunkelgraue Rollt\u00fcren kaschieren die verstauten Dinge in der TV-Bank Audacious. Sie ist nierenf\u00f6rmig und niedrig ausgef\u00fchrt.<\/p>\n<p><a href=\"https:\/\/www.raum-blick.de\/umage-stories-regal\"><img loading=\"lazy\" decoding=\"async\" class=\"aligncenter wp-image-15475 size-full\" title=\"UMAGE \u2013 Stories Standregal | Regal mit vier Einlegeb\u00f6den | Design: S\u00f8ren Ravn Christensen\" src=\"https:\/\/www.raum-blick.de\/magazin\/wp-content\/uploads\/2022\/04\/umage-stories-regal.jpg\" alt=\"umage-stories-regal einrichten-im-japandi-style\" width=\"700\" height=\"700\" srcset=\"https:\/\/raum-blick.de\/magazin\/wp-content\/uploads\/2022\/04\/umage-stories-regal.jpg 700w, https:\/\/raum-blick.de\/magazin\/wp-content\/uploads\/2022\/04\/umage-stories-regal-300x300.jpg 300w, https:\/\/raum-blick.de\/magazin\/wp-content\/uploads\/2022\/04\/umage-stories-regal-150x150.jpg 150w\" sizes=\"(max-width: 700px) 100vw, 700px\" \/><\/a><\/p>\n<p style=\"text-align: justify;\">So ergibt sich ein spannender Kontrast zum luftigen Standregal Stories. Es ist nur mit wenigen Objekten best\u00fcckt, um dem Japandi Wohntrend gerecht zu werden.<\/p>\n<h2><span class=\"ez-toc-section\" id=\"Luftige_Lichtblicke_mit_Funktion_Lampen_im_asiatischen_Stil\"><\/span>Luftige Lichtblicke mit Funktion: Lampen im asiatischen Stil<span class=\"ez-toc-section-end\"><\/span><\/h2>\n<p style=\"text-align: justify;\">Schneegl\u00f6ckchen signalisieren, dass der Winter endet und der Fr\u00fchling beginnt. Schon bald sind auch die zarten Bl\u00fcmchen verbl\u00fcht und werden genauso wie die angek\u00fcndigte Jahreszeit zur Vergangenheit.<\/p>\n<p><img loading=\"lazy\" decoding=\"async\" class=\"aligncenter wp-image-15466 size-full\" title=\"Le Klint Snowdrop Stehleuchte | Design: Harrit-S\u00f8rensen + Samson\" src=\"https:\/\/www.raum-blick.de\/magazin\/wp-content\/uploads\/2022\/04\/le-klint-snowdrop-stehleuchte.jpg\" alt=\"le-klint-snowdrop-stehleuchte\" width=\"700\" height=\"700\" srcset=\"https:\/\/raum-blick.de\/magazin\/wp-content\/uploads\/2022\/04\/le-klint-snowdrop-stehleuchte.jpg 700w, https:\/\/raum-blick.de\/magazin\/wp-content\/uploads\/2022\/04\/le-klint-snowdrop-stehleuchte-300x300.jpg 300w, https:\/\/raum-blick.de\/magazin\/wp-content\/uploads\/2022\/04\/le-klint-snowdrop-stehleuchte-150x150.jpg 150w\" sizes=\"(max-width: 700px) 100vw, 700px\" \/><\/p>\n<p style=\"text-align: justify;\">So erinnert die floral gestaltete Snowdrop von <a href=\"https:\/\/www.raum-blick.de\/le-klint\/\">Le Klint<\/a> an die Wabi Sabi Weisheiten und den Ursprung des Japandi-Styles. Die Stehleuchte schm\u00fcckt dezent das Wohnzimmer, spendet aber vor allem das ben\u00f6tigte Stimmungslicht oder Leselicht.<\/p>\n<p><a href=\"https:\/\/www.raum-blick.de\/vitra-akari-1a-tischleuchte\"><img loading=\"lazy\" decoding=\"async\" class=\"aligncenter wp-image-15468 size-full\" title=\"Vitra Akari 1A | Tischleuchte | Design: Isamu Noguchi, 1951\" src=\"https:\/\/www.raum-blick.de\/magazin\/wp-content\/uploads\/2022\/04\/vitra-akari-1a-tischleuchte.jpg\" alt=\"vitra-akari-1a-tischleuchte\" width=\"700\" height=\"630\" srcset=\"https:\/\/raum-blick.de\/magazin\/wp-content\/uploads\/2022\/04\/vitra-akari-1a-tischleuchte.jpg 700w, https:\/\/raum-blick.de\/magazin\/wp-content\/uploads\/2022\/04\/vitra-akari-1a-tischleuchte-300x270.jpg 300w\" sizes=\"(max-width: 700px) 100vw, 700px\" \/><\/a><\/p>\n<p style=\"text-align: justify;\">Der kunstvolle Umgang mit Shoji-Papier ist eine japanische Handwerkstradition. Schon in den 1950er-Jahren lie\u00df sich Isamu Noguchi davon inspirieren, als er f\u00fcr <a href=\"https:\/\/www.raum-blick.de\/vitra\/\">Vitra<\/a> die Leuchtenkollektion Akari entwarf. Die Designklassiker sind f\u00fcr Gestaltungsideen im Japandi-Style geschaffen.<\/p>\n<p><img loading=\"lazy\" decoding=\"async\" class=\"aligncenter wp-image-15464 size-full\" title=\"Le Klint \u2013 Lamella H\u00e4ngelampe | Pendelleuchte | Design: Takagi &amp; Homstvedt\" src=\"https:\/\/www.raum-blick.de\/magazin\/wp-content\/uploads\/2022\/04\/le-klint-lamella-pendelleuchte.jpg\" alt=\"le-klint-lamella-pendelleuchte einrichten-im-japandi-style\" width=\"700\" height=\"700\" srcset=\"https:\/\/raum-blick.de\/magazin\/wp-content\/uploads\/2022\/04\/le-klint-lamella-pendelleuchte.jpg 700w, https:\/\/raum-blick.de\/magazin\/wp-content\/uploads\/2022\/04\/le-klint-lamella-pendelleuchte-300x300.jpg 300w, https:\/\/raum-blick.de\/magazin\/wp-content\/uploads\/2022\/04\/le-klint-lamella-pendelleuchte-150x150.jpg 150w\" sizes=\"(max-width: 700px) 100vw, 700px\" \/><\/p>\n<p style=\"text-align: justify;\">Gleiches gilt f\u00fcr die Pendelleuchten Lamella von Le Klint. Sie verstehen sich als moderne Interpretation von Papierlaternen, die auf einfachste Art ein behagliches Ambiente erzeugen.<\/p>\n<h2><span class=\"ez-toc-section\" id=\"Japandi_Deko_pointiert_und_praktisch\"><\/span>Japandi Deko: pointiert und praktisch<span class=\"ez-toc-section-end\"><\/span><\/h2>\n<p style=\"text-align: justify;\">Mit Accessoires geht man in der klassischen Hygge-Wohnwelt gro\u00dfz\u00fcgig um. Japandi verfolgt die gegenteilige Strategie: Der Stil nutzt die \u00fcblichen Stellfl\u00e4chen auf Kommoden und Tischen kaum. Nur punktuell erg\u00e4nzen Gegenst\u00e4nde die M\u00f6bel.<\/p>\n<p><img loading=\"lazy\" decoding=\"async\" class=\"aligncenter wp-image-15452 size-full\" title=\"OYOY \u2013 Boo Basket | verschieden einsetzbar\" src=\"https:\/\/www.raum-blick.de\/magazin\/wp-content\/uploads\/2022\/04\/oyoy-boo-basket.jpg\" alt=\"oyoy-boo-basket\" width=\"700\" height=\"700\" srcset=\"https:\/\/raum-blick.de\/magazin\/wp-content\/uploads\/2022\/04\/oyoy-boo-basket.jpg 700w, https:\/\/raum-blick.de\/magazin\/wp-content\/uploads\/2022\/04\/oyoy-boo-basket-300x300.jpg 300w, https:\/\/raum-blick.de\/magazin\/wp-content\/uploads\/2022\/04\/oyoy-boo-basket-150x150.jpg 150w\" sizes=\"(max-width: 700px) 100vw, 700px\" \/><\/p>\n<p style=\"text-align: justify;\">Sie haben einen praktischen Mehrwert oder sind daf\u00fcr gedacht, einen nat\u00fcrlichen Akzent zu integrieren. Wandaccessoire, Transporthilfe oder Schale f\u00fcr die saisonale Deko: Die Aufgabe des Korbs Boo von <a href=\"https:\/\/www.raum-blick.de\/oyoy\/\">OyOy<\/a> \u00e4ndert sich. Gleich bleibt, dass sein Flechtwerk aus Seegras schlichtweg sch\u00f6n ist. Aufregende Muster bleiben bei dem Wohnstil au\u00dfen vor.<\/p>\n<p><img loading=\"lazy\" decoding=\"async\" class=\"aligncenter wp-image-15454 size-full\" title=\"OYOY \u2013 Toppu Schale mit Streifenmuster\" src=\"https:\/\/www.raum-blick.de\/magazin\/wp-content\/uploads\/2022\/04\/oyoy-toppu-schale.jpg\" alt=\"oyoy-toppu-schale einrichten-im-japandi-style\" width=\"700\" height=\"700\" srcset=\"https:\/\/raum-blick.de\/magazin\/wp-content\/uploads\/2022\/04\/oyoy-toppu-schale.jpg 700w, https:\/\/raum-blick.de\/magazin\/wp-content\/uploads\/2022\/04\/oyoy-toppu-schale-300x300.jpg 300w, https:\/\/raum-blick.de\/magazin\/wp-content\/uploads\/2022\/04\/oyoy-toppu-schale-150x150.jpg 150w\" sizes=\"(max-width: 700px) 100vw, 700px\" \/><\/p>\n<p style=\"text-align: justify;\">Ausnahmen best\u00e4tigen die Regel: Die OyOy Schale Toppu verweist peppig darauf, dass Keramikarbeiten in Japan beliebt sind. Heute pr\u00e4sentiert sie appetitlich die S\u00fc\u00dfigkeiten, morgen dient sie als Kerzenst\u00e4nder. Vereinzelt beleben Gr\u00fcnpflanzen den Raum im Japandi-Style ebenso wie im klassischen Scandi-Style.<\/p>\n<p><img loading=\"lazy\" decoding=\"async\" class=\"aligncenter wp-image-15450 size-full\" title=\"menu Troll Vase | Glasvase | Design: Anderssen + Voll\" src=\"https:\/\/www.raum-blick.de\/magazin\/wp-content\/uploads\/2022\/04\/menu-troll-vase.jpg\" alt=\"menu-troll-vase\" width=\"700\" height=\"700\" srcset=\"https:\/\/raum-blick.de\/magazin\/wp-content\/uploads\/2022\/04\/menu-troll-vase.jpg 700w, https:\/\/raum-blick.de\/magazin\/wp-content\/uploads\/2022\/04\/menu-troll-vase-300x300.jpg 300w, https:\/\/raum-blick.de\/magazin\/wp-content\/uploads\/2022\/04\/menu-troll-vase-150x150.jpg 150w\" sizes=\"(max-width: 700px) 100vw, 700px\" \/><\/p>\n<p style=\"text-align: justify;\">Opulente Blumenstr\u00e4u\u00dfe passen dazu weniger. Stilsicher wirken hingegen florale Ideen, die minimalistisch akzentuiert sind und mit den M\u00f6beln harmonieren. Fabelhaft kommen sie in der menu Glasvase Troll zur Geltung. Ihre zur\u00fcckhaltende Sch\u00f6nheit \u00fcberl\u00e4sst einzelnen Blumen oder Zweigen die B\u00fchne.<\/p>\n<p><a href=\"https:\/\/www.raum-blick.de\/by-lassen-kubus-bowl-centerpiece\"><img loading=\"lazy\" decoding=\"async\" class=\"aligncenter wp-image-15456 size-full\" title=\"by Lassen \u2013 Kubus Bowl Centerpiece\" src=\"https:\/\/www.raum-blick.de\/magazin\/wp-content\/uploads\/2022\/04\/by-lassen-kubus-bowl-centerpiece.jpg\" alt=\"by-lassen-kubus-bowl-centerpiece\" width=\"700\" height=\"700\" srcset=\"https:\/\/raum-blick.de\/magazin\/wp-content\/uploads\/2022\/04\/by-lassen-kubus-bowl-centerpiece.jpg 700w, https:\/\/raum-blick.de\/magazin\/wp-content\/uploads\/2022\/04\/by-lassen-kubus-bowl-centerpiece-300x300.jpg 300w, https:\/\/raum-blick.de\/magazin\/wp-content\/uploads\/2022\/04\/by-lassen-kubus-bowl-centerpiece-150x150.jpg 150w\" sizes=\"(max-width: 700px) 100vw, 700px\" \/><\/a><\/p>\n<p style=\"text-align: justify;\">Bereits in den 1960er-Jahren entstand der Entwurf f\u00fcr die Kubus Bowl von by Lassen. Der Klassiker des skandinavischen Designs eignet sich f\u00fcr Saisondeko im Stil von Ikibana. So nennt man eine floristische Kunst, die typisch japanisch ist.<\/p>\n","protected":false},"excerpt":{"rendered":"<p>\u00ab Hygge pur dank neuem Wohntrend \u00bb Der ferne Osten trifft den hohen Norden. So l\u00e4sst sich der Japandi-Style wohl am besten beschreiben. Die Einrichtung wird zum Treffen der Kulturen und vereint zwei Stilrichtungen in sich, die zun\u00e4chst kontr\u00e4r zueinander erscheinen und doch auf wunderbare Weise miteinander harmonieren. Entdecken Sie, was Wohnvielfalt bedeutet und erfahren [&hellip;]<\/p>\n","protected":false},"author":4,"featured_media":15514,"comment_status":"closed","ping_status":"open","sticky":false,"template":"","format":"standard","meta":{"_et_pb_use_builder":"","_et_pb_old_content":"","_et_gb_content_width":"","inline_featured_image":false,"footnotes":""},"categories":[1],"tags":[1677,287,790,821,1223,1352,953,1676,1675,158,1288,1669,1668,383,1127,280,523,1671,93,1202,1236,911,1490,846,19,1350,1674,1185,1101,1079,910,1672,1673,935,852,520,1670],"class_list":["post-15439","post","type-post","status-publish","format-standard","has-post-thumbnail","hentry","category-drinnen","tag-bowl","tag-by-lassen","tag-cane-line","tag-chair","tag-deko","tag-einrichten","tag-einrichtung","tag-glasvase","tag-haengelampe","tag-hocker","tag-hygge","tag-japandi","tag-japandi-style","tag-kleiderbuegel","tag-korb","tag-lampen","tag-le-klint","tag-leiter","tag-menu","tag-oyoy","tag-pendelleuchte","tag-regal","tag-regalsystem","tag-schale","tag-skagerak","tag-sofa","tag-standregal","tag-stehleuchte","tag-stuhl","tag-tisch","tag-tischleuchte","tag-tv-bank","tag-tv-moebel","tag-umage","tag-vase","tag-vitra","tag-wohntrends"],"_links":{"self":[{"href":"https:\/\/raum-blick.de\/magazin\/wp-json\/wp\/v2\/posts\/15439","targetHints":{"allow":["GET"]}}],"collection":[{"href":"https:\/\/raum-blick.de\/magazin\/wp-json\/wp\/v2\/posts"}],"about":[{"href":"https:\/\/raum-blick.de\/magazin\/wp-json\/wp\/v2\/types\/post"}],"author":[{"embeddable":true,"href":"https:\/\/raum-blick.de\/magazin\/wp-json\/wp\/v2\/users\/4"}],"replies":[{"embeddable":true,"href":"https:\/\/raum-blick.de\/magazin\/wp-json\/wp\/v2\/comments?post=15439"}],"version-history":[{"count":60,"href":"https:\/\/raum-blick.de\/magazin\/wp-json\/wp\/v2\/posts\/15439\/revisions"}],"predecessor-version":[{"id":20719,"href":"https:\/\/raum-blick.de\/magazin\/wp-json\/wp\/v2\/posts\/15439\/revisions\/20719"}],"wp:featuredmedia":[{"embeddable":true,"href":"https:\/\/raum-blick.de\/magazin\/wp-json\/wp\/v2\/media\/15514"}],"wp:attachment":[{"href":"https:\/\/raum-blick.de\/magazin\/wp-json\/wp\/v2\/media?parent=15439"}],"wp:term":[{"taxonomy":"category","embeddable":true,"href":"https:\/\/raum-blick.de\/magazin\/wp-json\/wp\/v2\/categories?post=15439"},{"taxonomy":"post_tag","embeddable":true,"href":"https:\/\/raum-blick.de\/magazin\/wp-json\/wp\/v2\/tags?post=15439"}],"curies":[{"name":"wp","href":"https:\/\/api.w.org\/{rel}","templated":true}]}}