{"id":15260,"date":"2022-03-02T09:20:00","date_gmt":"2022-03-02T08:20:00","guid":{"rendered":"https:\/\/www.raum-blick.de\/magazin\/?p=15260"},"modified":"2022-03-02T15:10:31","modified_gmt":"2022-03-02T14:10:31","slug":"terrassenmoebel-wetterfest-modern","status":"publish","type":"post","link":"https:\/\/raum-blick.de\/magazin\/terrassenmoebel-wetterfest-modern\/","title":{"rendered":"Terrassenm\u00f6bel: wetterfest und modern in den Fr\u00fchling"},"content":{"rendered":"<p style=\"text-align: justify;\"><strong>Heute Sonne, morgen Regen: Das Klima ist hierzulande flatterhaft. Wer nicht st\u00e4ndig zusammenr\u00e4umen m\u00f6chte, bevorzugt <\/strong><a href=\"\/outdoor-moebel\/\"><strong>wetterfeste Gartenm\u00f6bel<\/strong><\/a><strong>. Sie sind inzwischen zweckm\u00e4\u00dfig, ohne dass man es sieht. Im Gegenteil: Sie befl\u00fcgeln mit ihrem ausgefallenen Design das Flair auf der Terrasse.<\/strong><\/p>\n<h2><span class=\"ez-toc-section\" id=\"Willkommen_im_privaten_Gastgarten\"><\/span>Willkommen im privaten Gastgarten!<span class=\"ez-toc-section-end\"><\/span><\/h2>\n<p style=\"text-align: justify;\">Wer es ruhig mag, packt bei den ersten Sonnenstrahlen den <a href=\"\/liegen-liegestuehle\/\">Liegestuhl<\/a> aus. Nichts ist wohltuender, als ein Nickerchen im Freien. Gesellige Typen reagieren anders. Die Gartenm\u00f6bel werden sofort entstaubt. Osterbrunch, Maifeuer, Grillfest und Dinner unter Sternen: All das steht auf dem Programm und l\u00e4sst sich dieses Jahr im Handumdrehen organisieren. Denn die Terrassenm\u00f6bel sind f\u00fcr den gastfreundlichen Lifestyle geschaffen. Das neue Lieblingsst\u00fcck ist ein Tisch von <a href=\"https:\/\/www.raum-blick.de\/fermob\/\">Fermob<\/a>, der <a href=\"\/fermob-ribambelle-xl-149\/299-x-100-cm\">Ribambelle<\/a> hei\u00dft.<\/p><div id=\"ez-toc-container\" class=\"ez-toc-v2_0_82_2 counter-hierarchy ez-toc-counter ez-toc-grey ez-toc-container-direction\">\n<div class=\"ez-toc-title-container\">\n<p class=\"ez-toc-title\" style=\"cursor:inherit\">Was hier auf Sie wartet<\/p>\n<span class=\"ez-toc-title-toggle\"><a href=\"#\" class=\"ez-toc-pull-right ez-toc-btn ez-toc-btn-xs ez-toc-btn-default ez-toc-toggle\" aria-label=\"Toggle Table of Content\"><span class=\"ez-toc-js-icon-con\"><span class=\"\"><span class=\"eztoc-hide\" style=\"display:none;\">Toggle<\/span><span class=\"ez-toc-icon-toggle-span\"><svg style=\"fill: #999;color:#999\" xmlns=\"http:\/\/www.w3.org\/2000\/svg\" class=\"list-377408\" width=\"20px\" height=\"20px\" viewBox=\"0 0 24 24\" fill=\"none\"><path d=\"M6 6H4v2h2V6zm14 0H8v2h12V6zM4 11h2v2H4v-2zm16 0H8v2h12v-2zM4 16h2v2H4v-2zm16 0H8v2h12v-2z\" fill=\"currentColor\"><\/path><\/svg><svg style=\"fill: #999;color:#999\" class=\"arrow-unsorted-368013\" xmlns=\"http:\/\/www.w3.org\/2000\/svg\" width=\"10px\" height=\"10px\" viewBox=\"0 0 24 24\" version=\"1.2\" baseProfile=\"tiny\"><path d=\"M18.2 9.3l-6.2-6.3-6.2 6.3c-.2.2-.3.4-.3.7s.1.5.3.7c.2.2.4.3.7.3h11c.3 0 .5-.1.7-.3.2-.2.3-.5.3-.7s-.1-.5-.3-.7zM5.8 14.7l6.2 6.3 6.2-6.3c.2-.2.3-.5.3-.7s-.1-.5-.3-.7c-.2-.2-.4-.3-.7-.3h-11c-.3 0-.5.1-.7.3-.2.2-.3.5-.3.7s.1.5.3.7z\"\/><\/svg><\/span><\/span><\/span><\/a><\/span><\/div>\n<nav><ul class='ez-toc-list ez-toc-list-level-1 ' ><li class='ez-toc-page-1 ez-toc-heading-level-2'><a class=\"ez-toc-link ez-toc-heading-1\" href=\"https:\/\/raum-blick.de\/magazin\/terrassenmoebel-wetterfest-modern\/#Willkommen_im_privaten_Gastgarten\" >Willkommen im privaten Gastgarten!<\/a><\/li><li class='ez-toc-page-1 ez-toc-heading-level-2'><a class=\"ez-toc-link ez-toc-heading-2\" href=\"https:\/\/raum-blick.de\/magazin\/terrassenmoebel-wetterfest-modern\/#Outdoorlounge_gefaellig_Eins_zwei_drei_%E2%80%93_fertig\" >Outdoorlounge gef\u00e4llig? Eins, zwei, drei \u2013 fertig!<\/a><\/li><li class='ez-toc-page-1 ez-toc-heading-level-2'><a class=\"ez-toc-link ez-toc-heading-3\" href=\"https:\/\/raum-blick.de\/magazin\/terrassenmoebel-wetterfest-modern\/#Design-Terrassenmoebel_graziler_Kunststoff_oder_rustikales_Edelholz\" >Design-Terrassenm\u00f6bel: graziler Kunststoff oder rustikales Edelholz<\/a><\/li><li class='ez-toc-page-1 ez-toc-heading-level-2'><a class=\"ez-toc-link ez-toc-heading-4\" href=\"https:\/\/raum-blick.de\/magazin\/terrassenmoebel-wetterfest-modern\/#Dynamische_Terrassenmoebel_fuer_den_genussvollen_Lifestyle\" >Dynamische Terrassenm\u00f6bel f\u00fcr den genussvollen Lifestyle<\/a><\/li><\/ul><\/nav><\/div>\n\n<p><a href=\"\/fermob-ribambelle-xl-149\/299-x-100-cm\"><img loading=\"lazy\" decoding=\"async\" class=\"aligncenter wp-image-15323 size-full\" title=\"Fermob \u2013 Ribambelle XL Tisch ausziehbar | mit 3 Einlegeplatten | Design: Studio Fermob\" src=\"https:\/\/www.raum-blick.de\/magazin\/wp-content\/uploads\/2022\/04\/fermob-ribambelle-xl-149-299-x-100-cm.jpg\" alt=\"fermob-ribambelle-xl-149-299-x-100-cm terrassenmoebel-wetterfest-modern\" width=\"700\" height=\"700\" srcset=\"https:\/\/raum-blick.de\/magazin\/wp-content\/uploads\/2022\/04\/fermob-ribambelle-xl-149-299-x-100-cm.jpg 700w, https:\/\/raum-blick.de\/magazin\/wp-content\/uploads\/2022\/04\/fermob-ribambelle-xl-149-299-x-100-cm-300x300.jpg 300w, https:\/\/raum-blick.de\/magazin\/wp-content\/uploads\/2022\/04\/fermob-ribambelle-xl-149-299-x-100-cm-150x150.jpg 150w\" sizes=\"(max-width: 700px) 100vw, 700px\" \/><\/a><\/p>\n<p style=\"text-align: justify;\">Der Name verr\u00e4t, worum es bei der Gartenm\u00f6bel-Kollektion geht: Sind Franzosen von der gro\u00dfen Menge an Personen verbl\u00fcfft, f\u00e4llt genau dieses Wort. \u00dcber fast drei Meter erstreckt sich der Gigant f\u00fcr die Gartenlounge. Bequem k\u00f6nnen 14 G\u00e4ste daran tafeln. Dank Teleskopsystem mit Kugellagersystem l\u00e4sst sich die Tischl\u00e4nge flink ver\u00e4ndern. Dann passen die Ma\u00dfe zu den famili\u00e4ren Momenten auf der Terrasse. Die Serie Bistro erinnert an die klassische Ausstattung franz\u00f6sischer Caf\u00e9s. Assoziationen mit Pariser Parks weckt die Linie Luxembourg.<\/p>\n<p><a href=\"\/fermob-luxembourg-gartenstuhl\"><img loading=\"lazy\" decoding=\"async\" class=\"aligncenter wp-image-15325 size-full\" title=\"Fermob \u2013 Luxembourg Gartenstuhl | Stapelbarer Outdoorstuhl | Design: Fr\u00e9d\u00e9ric Sofia\" src=\"https:\/\/www.raum-blick.de\/magazin\/wp-content\/uploads\/2022\/04\/fermob-luxembourg-gartenstuhl.jpg\" alt=\"fermob-luxembourg-gartenstuhl terrassenmoebel-wetterfest-modern\" width=\"700\" height=\"700\" srcset=\"https:\/\/raum-blick.de\/magazin\/wp-content\/uploads\/2022\/04\/fermob-luxembourg-gartenstuhl.jpg 700w, https:\/\/raum-blick.de\/magazin\/wp-content\/uploads\/2022\/04\/fermob-luxembourg-gartenstuhl-300x300.jpg 300w, https:\/\/raum-blick.de\/magazin\/wp-content\/uploads\/2022\/04\/fermob-luxembourg-gartenstuhl-150x150.jpg 150w\" sizes=\"(max-width: 700px) 100vw, 700px\" \/><\/a><\/p>\n<p style=\"text-align: justify;\">Den typischen Stil der Sechzigerjahre greift Fermob ebenfalls auf. Die Marke bevorzugt hochwertiges Aluminium, das f\u00fcr verschiedenste Umwelteinfl\u00fcsse gewappnet ist. Eine solide Pulverbeschichtung sorgt daf\u00fcr, dass die M\u00f6bel f\u00fcr die Terrasse noch langlebiger sind. Den Arbeitsgang nutzt der Hersteller, um die Terrassenm\u00f6bel in wundervollen Farben anzubieten. Es w\u00e4re schade, sich f\u00fcr ein Modell zu entscheiden. Eine bunte Mischung an St\u00fchlen versammelt sich deshalb um den neuen Lieblingstisch. Der Treffpunkt im Garten wirkt dadurch entz\u00fcckend leger.<\/p>\n<p><a href=\"\/fermob-balad-leuchtengestell-erdspiess\"><img loading=\"lazy\" decoding=\"async\" class=\"aligncenter wp-image-15329 size-full\" title=\"Fermob Balad Gestell gerade | f\u00fcr Balad LED Outdoor-Leuchte | Design: Tristan Lohner\" src=\"https:\/\/www.raum-blick.de\/magazin\/wp-content\/uploads\/2022\/04\/fermob-balad-leuchtengestell-erdspiess.jpg\" alt=\"fermob-balad-leuchtengestell-erdspiess\" width=\"700\" height=\"700\" srcset=\"https:\/\/raum-blick.de\/magazin\/wp-content\/uploads\/2022\/04\/fermob-balad-leuchtengestell-erdspiess.jpg 700w, https:\/\/raum-blick.de\/magazin\/wp-content\/uploads\/2022\/04\/fermob-balad-leuchtengestell-erdspiess-300x300.jpg 300w, https:\/\/raum-blick.de\/magazin\/wp-content\/uploads\/2022\/04\/fermob-balad-leuchtengestell-erdspiess-150x150.jpg 150w\" sizes=\"(max-width: 700px) 100vw, 700px\" \/><\/a><\/p>\n<p style=\"text-align: justify;\">Gelobt werden bei der Sommerparty nicht nur die M\u00f6bel, sondern auch die Deko-Ideen. Das provoziert ein innerliches Grinsen. Laternen, Sitzkissen, Tischsets und Untersetzer: Fermob hat an alle Accessoires gedacht, die man sich beim genussvollen Chillen mit Freunden auf der Terrasse w\u00fcnscht!<\/p>\n<h2><span class=\"ez-toc-section\" id=\"Outdoorlounge_gefaellig_Eins_zwei_drei_%E2%80%93_fertig\"><\/span>Outdoorlounge gef\u00e4llig? Eins, zwei, drei \u2013 fertig!<span class=\"ez-toc-section-end\"><\/span><\/h2>\n<p style=\"text-align: justify;\">Am verregneten Wochenende bietet es sich f\u00fcr den Mittagsschlaf an. Beim Videonachmittag verf\u00fchrt es dazu, die F\u00fc\u00dfe hochzulegen. Abends \u00fcberzeugt es die vergn\u00fcgte G\u00e4sterunde mit dem Sitzkomfort. Durch die bequeme Couch avanciert das Wohnzimmer zum Lieblingsort. Dieselbe Karriere steht der Terrasse bevor, wenn man ihr Loungem\u00f6bel g\u00f6nnt.<\/p>\n<p><a href=\"\/fatboy-paletti-seatcorner\"><img loading=\"lazy\" decoding=\"async\" class=\"aligncenter wp-image-15296 size-full\" title=\"Fatboy \u2013 Paletti Seatcorner | f\u00fcr eine gem\u00fctliche Lounge Ecke | Design: Fatboy\" src=\"https:\/\/www.raum-blick.de\/magazin\/wp-content\/uploads\/2022\/04\/fatboy-paletti-seatcorner.jpg\" alt=\"fatboy-paletti-seatcorner terrassenmoebel-wetterfest-modern\" width=\"700\" height=\"700\" srcset=\"https:\/\/raum-blick.de\/magazin\/wp-content\/uploads\/2022\/04\/fatboy-paletti-seatcorner.jpg 700w, https:\/\/raum-blick.de\/magazin\/wp-content\/uploads\/2022\/04\/fatboy-paletti-seatcorner-300x300.jpg 300w, https:\/\/raum-blick.de\/magazin\/wp-content\/uploads\/2022\/04\/fatboy-paletti-seatcorner-150x150.jpg 150w\" sizes=\"(max-width: 700px) 100vw, 700px\" \/><\/a><\/p>\n<p style=\"text-align: justify;\">Im Blitztempo ist mit der <a href=\"\/fatboy-paletti-sitz\">Fatboy Gartenm\u00f6bel-Kollektion Paletti<\/a> eine Au\u00dfengestaltung vollbracht, die schick und himmlisch bequem ist. Die Basis bildet der quadratische Grundrahmen aus einem Material, das robust und wetterfest ist. Polsterkissen gesellen sich beim Sitzmodul, Eckmodul und Hocker hinzu. Puristisch pr\u00e4sentiert sich der Sofatisch des pfiffigen M\u00f6bel-Programms.<\/p>\n<p><a href=\"\/fatboy-paletti-tisch\"><img loading=\"lazy\" decoding=\"async\" class=\"aligncenter wp-image-15312 size-full\" title=\"Fatboy \u2013 Paletti Tisch | f\u00fcr eine gem\u00fctliche Lounge Ecke | Design: Fatboy\" src=\"https:\/\/www.raum-blick.de\/magazin\/wp-content\/uploads\/2022\/04\/fatboy-paletti-tisch.jpg\" alt=\"fatboy-paletti-tisch\" width=\"700\" height=\"700\" srcset=\"https:\/\/raum-blick.de\/magazin\/wp-content\/uploads\/2022\/04\/fatboy-paletti-tisch.jpg 700w, https:\/\/raum-blick.de\/magazin\/wp-content\/uploads\/2022\/04\/fatboy-paletti-tisch-300x300.jpg 300w, https:\/\/raum-blick.de\/magazin\/wp-content\/uploads\/2022\/04\/fatboy-paletti-tisch-150x150.jpg 150w\" sizes=\"(max-width: 700px) 100vw, 700px\" \/><\/a><\/p>\n<p style=\"text-align: justify;\">Nach Belieben positioniert man die Komponenten. Schon l\u00e4dt das Sofa zum ersten Cocktailabend auf der Terrasse ein. Das individuelle Arrangement der Gartenm\u00f6bel ist nicht in Stein gemei\u00dfelt. Ruckzuck lassen sie sich anders drapieren.<\/p>\n<p><a href=\"\/fatboy-paletti-sitz\"><img loading=\"lazy\" decoding=\"async\" class=\"aligncenter wp-image-15314 size-full\" title=\"Fatboy \u2013 Paletti Sitz | f\u00fcr eine gem\u00fctliche Lounge Ecke | Design: Fatboy\" src=\"https:\/\/www.raum-blick.de\/magazin\/wp-content\/uploads\/2022\/04\/fatboy-paletti-sitz.jpg\" alt=\"fatboy-paletti-sitz terrassenmoebel-wetterfest-modern\" width=\"700\" height=\"700\" srcset=\"https:\/\/raum-blick.de\/magazin\/wp-content\/uploads\/2022\/04\/fatboy-paletti-sitz.jpg 700w, https:\/\/raum-blick.de\/magazin\/wp-content\/uploads\/2022\/04\/fatboy-paletti-sitz-300x300.jpg 300w, https:\/\/raum-blick.de\/magazin\/wp-content\/uploads\/2022\/04\/fatboy-paletti-sitz-150x150.jpg 150w\" sizes=\"(max-width: 700px) 100vw, 700px\" \/><\/a><\/p>\n<p style=\"text-align: justify;\">Der hei\u00dfe Samstag spricht f\u00fcr ein relaxtes Sonnenbad? Kein Thema! Wenige Handgriffe gen\u00fcgen, um zwei gem\u00fctliche Loungeliegen zu zaubern.<\/p>\n<p><a href=\"\/fatboy-paletti-hocker\"><img loading=\"lazy\" decoding=\"async\" class=\"aligncenter wp-image-15316 size-full\" title=\"Fatboy \u2013 Paletti Hocker | f\u00fcr eine gem\u00fctliche Lounge Ecke | Design: Fatboy\" src=\"https:\/\/www.raum-blick.de\/magazin\/wp-content\/uploads\/2022\/04\/fatboy-paletti-hocker.jpg\" alt=\"fatboy-paletti-hocker\" width=\"700\" height=\"400\" srcset=\"https:\/\/raum-blick.de\/magazin\/wp-content\/uploads\/2022\/04\/fatboy-paletti-hocker.jpg 700w, https:\/\/raum-blick.de\/magazin\/wp-content\/uploads\/2022\/04\/fatboy-paletti-hocker-300x171.jpg 300w\" sizes=\"(max-width: 700px) 100vw, 700px\" \/><\/a><\/p>\n<p style=\"text-align: justify;\">F\u00fcr die Polster w\u00e4hlte <a href=\"\/fatboy\/\">Fatboy<\/a> einen strapazierf\u00e4higen Stoff, der wasserfest und UV-best\u00e4ndig ist. Dennoch w\u00fcrden stetige Regenschauer die Sch\u00f6nheit des Bezugs mindern.<\/p>\n<p><a href=\"\/fatboy-paletti-schutzhuelle\"><img loading=\"lazy\" decoding=\"async\" class=\"aligncenter wp-image-15299\" title=\"Fatboy \u2013 Paletti Schutzh\u00fclle | passend f\u00fcr Paletti Loungem\u00f6bel | Design: Fatboy\" src=\"https:\/\/www.raum-blick.de\/magazin\/wp-content\/uploads\/2022\/04\/fatboy-paletti-schutzhuelle.jpg\" alt=\"fatboy-paletti-schutzhuelle\" width=\"450\" height=\"366\" srcset=\"https:\/\/raum-blick.de\/magazin\/wp-content\/uploads\/2022\/04\/fatboy-paletti-schutzhuelle.jpg 700w, https:\/\/raum-blick.de\/magazin\/wp-content\/uploads\/2022\/04\/fatboy-paletti-schutzhuelle-300x244.jpg 300w\" sizes=\"(max-width: 450px) 100vw, 450px\" \/><\/a><\/p>\n<p style=\"text-align: justify;\">Bei Schlechtwetter sorgen deshalb die Schutzh\u00fcllen daf\u00fcr, dass die gepolsterten Terrassenm\u00f6bel der Lounge wetterfest sind.<\/p>\n<p><a href=\"\/fatboy-flamtastique\"><img loading=\"lazy\" decoding=\"async\" class=\"aligncenter wp-image-15293 size-full\" title=\"Fatboy \u2013 Flamtastique | gro\u00dfe Outdoor Bioethanol-Feuerstelle | Design: Fatboy\" src=\"https:\/\/www.raum-blick.de\/magazin\/wp-content\/uploads\/2022\/04\/fatboy-flamtastique.jpg\" alt=\"fatboy-flamtastique\" width=\"700\" height=\"700\" srcset=\"https:\/\/raum-blick.de\/magazin\/wp-content\/uploads\/2022\/04\/fatboy-flamtastique.jpg 700w, https:\/\/raum-blick.de\/magazin\/wp-content\/uploads\/2022\/04\/fatboy-flamtastique-300x300.jpg 300w, https:\/\/raum-blick.de\/magazin\/wp-content\/uploads\/2022\/04\/fatboy-flamtastique-150x150.jpg 150w\" sizes=\"(max-width: 700px) 100vw, 700px\" \/><\/a><\/p>\n<p style=\"text-align: justify;\">Jetzt fehlt noch etwas f\u00fcr die Romantik, Dekoration und W\u00e4rme. Alle W\u00fcnsche auf einen Schlag erf\u00fcllt Fatboy mit <a href=\"\/fatboy-flamtastique\">Flamtastique<\/a>. Die unkonventionell designte Feuerstelle ist genauso wie die Terrassenm\u00f6bel wetterfest, stylish und gem\u00fctlich.<\/p>\n<h2><span class=\"ez-toc-section\" id=\"Design-Terrassenmoebel_graziler_Kunststoff_oder_rustikales_Edelholz\"><\/span>Design-Terrassenm\u00f6bel: graziler Kunststoff oder rustikales Edelholz<span class=\"ez-toc-section-end\"><\/span><\/h2>\n<p style=\"text-align: justify;\">Die Sitzgruppe bleibt immer drau\u00dfen. Es m\u00fcssen wetterfeste M\u00f6bel sein. Das steht im Widerspruch zu den hohen Designanspr\u00fcchen. Die Vermutung zielt daneben. <a href=\"\/kartell\/\">Kartell<\/a> pr\u00e4sentiert Gartenm\u00f6bel, die das Gegenteil beweisen. Philipp Starck vereinte drei Klassiker der Designgeschichte in einem Entwurf. Das fulminante Ergebnis sind die preisgekr\u00f6nten <a href=\"\/kartell-masters-sedia-stuhl\">Masters Sedia<\/a>.<\/p>\n<p><a href=\"\/kartell-masters-sedia-stuhl\"><img loading=\"lazy\" decoding=\"async\" class=\"aligncenter wp-image-15281 size-full\" title=\"Kartell Masters Sedia | Stuhl | Design: Philippe Starck, 2010\" src=\"https:\/\/www.raum-blick.de\/magazin\/wp-content\/uploads\/2022\/04\/kartell-masters-sedia-stuhl.jpg\" alt=\"kartell-masters-sedia-stuhl\" width=\"700\" height=\"700\" srcset=\"https:\/\/raum-blick.de\/magazin\/wp-content\/uploads\/2022\/04\/kartell-masters-sedia-stuhl.jpg 700w, https:\/\/raum-blick.de\/magazin\/wp-content\/uploads\/2022\/04\/kartell-masters-sedia-stuhl-300x300.jpg 300w, https:\/\/raum-blick.de\/magazin\/wp-content\/uploads\/2022\/04\/kartell-masters-sedia-stuhl-150x150.jpg 150w\" sizes=\"(max-width: 700px) 100vw, 700px\" \/><\/a><\/p>\n<p style=\"text-align: justify;\">Die St\u00fchle eignen sich als Terrassenm\u00f6bel, denn sie sind wetterfest und aus robustem Polyethylen gefertigt. G\u00e4ste bewundern zuerst die filigranen Sitzgelegenheiten mit der raffinierten Linienf\u00fchrung. Dann wird gelobt, wie wunderbar sie zum Tisch Glossy passen. Kartell imponiert bei dem Designobjekt mit einer Grazie, die f\u00fcr Terrassenm\u00f6bel aus Stahl und Feinsteinzeug ungew\u00f6hnlich ist.<\/p>\n<p><a href=\"\/kartell-glossy-outdoortisch\"><img loading=\"lazy\" decoding=\"async\" class=\"aligncenter wp-image-15284 size-full\" title=\"Kartell \u2013 Glossy Outdoortisch | mit filigranen Tischbeinen | Design: Antonio Citterio und Glen Oliver L\u00f6w\" src=\"https:\/\/www.raum-blick.de\/magazin\/wp-content\/uploads\/2022\/04\/kartell-glossy-outdoortisch.jpg\" alt=\"kartell-glossy-outdoortisch\" width=\"700\" height=\"700\" srcset=\"https:\/\/raum-blick.de\/magazin\/wp-content\/uploads\/2022\/04\/kartell-glossy-outdoortisch.jpg 700w, https:\/\/raum-blick.de\/magazin\/wp-content\/uploads\/2022\/04\/kartell-glossy-outdoortisch-300x300.jpg 300w, https:\/\/raum-blick.de\/magazin\/wp-content\/uploads\/2022\/04\/kartell-glossy-outdoortisch-150x150.jpg 150w\" sizes=\"(max-width: 700px) 100vw, 700px\" \/><\/a><\/p>\n<p style=\"text-align: justify;\">Mit dem umgekehrten Ansatz \u00fcberrascht <a href=\"\/jan-kurtz\/\">Jan Kurtz<\/a>: Aus Teak entwirft man meist Gartenm\u00f6bel, die edel wirken. Stattdessen inszeniert die Designmarke die rustikalen Facetten des hochwertigen Naturmaterials. Die Holzm\u00f6bel erhalten dadurch eine sympathische Ungezwungenheit.<\/p>\n<p><a href=\"\/jan-kurtz-fiji-outdoor-beistelltisch\/klapptisch\"><img loading=\"lazy\" decoding=\"async\" class=\"aligncenter wp-image-15286 size-full\" title=\"Jan Kurtz Fiji Klapp-und Beistelltisch | Design: Jan Kurtz\" src=\"https:\/\/www.raum-blick.de\/magazin\/wp-content\/uploads\/2022\/04\/jan-kurtz-fiji-outdoor-beistelltisch-klapptisch.jpg\" alt=\"jan-kurtz-fiji-outdoor-beistelltisch-klapptisch terrassenmoebel-wetterfest-modern\" width=\"700\" height=\"700\" srcset=\"https:\/\/raum-blick.de\/magazin\/wp-content\/uploads\/2022\/04\/jan-kurtz-fiji-outdoor-beistelltisch-klapptisch.jpg 700w, https:\/\/raum-blick.de\/magazin\/wp-content\/uploads\/2022\/04\/jan-kurtz-fiji-outdoor-beistelltisch-klapptisch-300x300.jpg 300w, https:\/\/raum-blick.de\/magazin\/wp-content\/uploads\/2022\/04\/jan-kurtz-fiji-outdoor-beistelltisch-klapptisch-150x150.jpg 150w\" sizes=\"(max-width: 700px) 100vw, 700px\" \/><\/a><\/p>\n<p style=\"text-align: justify;\">Gern nimmt man ihre Einladung an und relaxt spontan im Garten. Dort k\u00f6nnen die M\u00f6bel von Jan Kurtz immer bleiben, weil das Hartholz von Natur aus wetterfest ist. Lediglich die Kissen sollte man vor Regen sch\u00fctzen. Wer es praktisch mag, platziert daf\u00fcr eine wasserdichte Polsterbox auf der Terrasse.<\/p>\n<h2><span class=\"ez-toc-section\" id=\"Dynamische_Terrassenmoebel_fuer_den_genussvollen_Lifestyle\"><\/span>Dynamische Terrassenm\u00f6bel f\u00fcr den genussvollen Lifestyle<span class=\"ez-toc-section-end\"><\/span><\/h2>\n<p style=\"text-align: justify;\">Assoziationen wecken Emotionen: Der Cocktail schmeckt sogleich besser, wenn man erh\u00f6ht sitzt. Die Haltung erinnert an trendige Locations in der City oder am Strand. Niedrige Sitzgelegenheiten sind typisch f\u00fcr die Lounge und daf\u00fcr geschaffen, die Seele baumeln zu lassen.<\/p>\n<p><a href=\"\/fiam-aria-tresentisch\"><img loading=\"lazy\" decoding=\"async\" class=\"aligncenter wp-image-15272 size-full\" title=\"FIAM \u2013 Aria Tresentisch | der hochbeinige Outdoor-Tisch | Design: Francesco Favagrossa\" src=\"https:\/\/www.raum-blick.de\/magazin\/wp-content\/uploads\/2022\/04\/fiam-aria-tresentisch.jpg\" alt=\"fiam-aria-tresentisch terrassenmoebel-wetterfest-modern\" width=\"700\" height=\"700\" srcset=\"https:\/\/raum-blick.de\/magazin\/wp-content\/uploads\/2022\/04\/fiam-aria-tresentisch.jpg 700w, https:\/\/raum-blick.de\/magazin\/wp-content\/uploads\/2022\/04\/fiam-aria-tresentisch-300x300.jpg 300w, https:\/\/raum-blick.de\/magazin\/wp-content\/uploads\/2022\/04\/fiam-aria-tresentisch-150x150.jpg 150w\" sizes=\"(max-width: 700px) 100vw, 700px\" \/><\/a><\/p>\n<p style=\"text-align: justify;\">Wer daheim relaxen m\u00f6chte wie auf der Hotel-Terrasse, ber\u00fccksichtigt die emotionale Wirkung der Gartenm\u00f6bel. Aus dem Portfolio von <a href=\"\/fiam\/\">FIAM<\/a> stammt der Tresentisch Aria mit passenden Hockern. Serviert man den Freunden dort einen Drink, kommen Urlaubserlebnisse an der Beachbar in den Sinn.<\/p>\n<p><a href=\"\/fast-forest-lounge-sessel\"><img loading=\"lazy\" decoding=\"async\" class=\"aligncenter wp-image-15278 size-full\" title=\"fast \u2013 FOREST Lounge Sessel | f\u00fcr In- und Outdoor | Design: Robby Cantarutti &amp; Partners, 2018\" src=\"https:\/\/www.raum-blick.de\/magazin\/wp-content\/uploads\/2022\/04\/fast-forest-lounge-sessel.jpg\" alt=\"fast-forest-lounge-sessel terrassenmoebel-wetterfest-modern\" width=\"700\" height=\"700\" srcset=\"https:\/\/raum-blick.de\/magazin\/wp-content\/uploads\/2022\/04\/fast-forest-lounge-sessel.jpg 700w, https:\/\/raum-blick.de\/magazin\/wp-content\/uploads\/2022\/04\/fast-forest-lounge-sessel-300x300.jpg 300w, https:\/\/raum-blick.de\/magazin\/wp-content\/uploads\/2022\/04\/fast-forest-lounge-sessel-150x150.jpg 150w\" sizes=\"(max-width: 700px) 100vw, 700px\" \/><\/a><\/p>\n<p style=\"text-align: justify;\">Die hohen Terrassenm\u00f6bel von FIAM haben einen weiteren Pluspunkt: Der Blick auf den Garten l\u00e4sst sich aus der Perspektive noch mehr genie\u00dfen. Dabei ger\u00e4t ein Ensemble ins Visier, dass man sich f\u00fcr die sp\u00e4teren Stunden vormerkt. Zum Standort unter dem gro\u00dfen Apfelbaum passen die <a href=\"\/fast-forest-lounge-sessel\">Loungesessel Forest von fast<\/a> perfekt. Denn ihr Design gleicht einer Naturskizze mit \u00c4sten und Zweigen. Der niedrige Kaffeetisch Zebra von fast komplettiert stilbewusst die Gartenm\u00f6bel mitten im Gr\u00fcnen. Sie steuert man nach den vergn\u00fcgten Gespr\u00e4chen am Tresen an, um sich einen Schlummertrunk zu g\u00f6nnen.<\/p>\n<p><a href=\"\/fast-zebra-kaffeetisch\"><img loading=\"lazy\" decoding=\"async\" class=\"aligncenter wp-image-15275 size-full\" title=\"fast \u2013 Zebra Kaffeetisch | Dreifu\u00dftisch f\u00fcr In- und Outdoor | Design: Lievore Altherr\" src=\"https:\/\/www.raum-blick.de\/magazin\/wp-content\/uploads\/2022\/04\/fast-zebra-kaffeetisch.jpg\" alt=\"fast-zebra-kaffeetisch\" width=\"700\" height=\"700\" srcset=\"https:\/\/raum-blick.de\/magazin\/wp-content\/uploads\/2022\/04\/fast-zebra-kaffeetisch.jpg 700w, https:\/\/raum-blick.de\/magazin\/wp-content\/uploads\/2022\/04\/fast-zebra-kaffeetisch-300x300.jpg 300w, https:\/\/raum-blick.de\/magazin\/wp-content\/uploads\/2022\/04\/fast-zebra-kaffeetisch-150x150.jpg 150w\" sizes=\"(max-width: 700px) 100vw, 700px\" \/><\/a><\/p>\n<p style=\"text-align: justify;\">Dabei l\u00e4sst man die gelungene Cocktailparty Revue passieren und kommt zum Schluss: Ja, bei uns ist es einfach sch\u00f6n. Beide italienischen Hersteller setzen auf lackiertes Aluminium. Dadurch sind die Terrassenm\u00f6bel nicht nur wetterfest, sondern auch leicht. Es bereitet keine M\u00fche, nach der Party wieder die Standorte der Terrassenm\u00f6bel zu ver\u00e4ndern. Denn die Familie fr\u00fchst\u00fcckt im Alltag gerne unter dem Baum und entspannt abends lieber auf der Terrasse.<\/p>\n","protected":false},"excerpt":{"rendered":"<p>Heute Sonne, morgen Regen: Das Klima ist hierzulande flatterhaft. Wer nicht st\u00e4ndig zusammenr\u00e4umen m\u00f6chte, bevorzugt wetterfeste Gartenm\u00f6bel. Sie sind inzwischen zweckm\u00e4\u00dfig, ohne dass man es sieht. Im Gegenteil: Sie befl\u00fcgeln mit ihrem ausgefallenen Design das Flair auf der Terrasse. Willkommen im privaten Gastgarten! Wer es ruhig mag, packt bei den ersten Sonnenstrahlen den Liegestuhl aus. [&hellip;]<\/p>\n","protected":false},"author":4,"featured_media":15333,"comment_status":"closed","ping_status":"open","sticky":false,"template":"","format":"standard","meta":{"_et_pb_use_builder":"","_et_pb_old_content":"","_et_gb_content_width":"","inline_featured_image":false,"footnotes":""},"categories":[6],"tags":[615,334,705,40,621,714,1066,1516,33,345,1105,158,1051,1665,746,1063,806,43,1085,95,54,1078,663,57,658,1663,327,64,94,1062,55,1664,1662],"class_list":["post-15260","post","type-post","status-publish","format-standard","has-post-thumbnail","hentry","category-draussen","tag-beistelltisch","tag-design","tag-fast","tag-fatboy","tag-fermob","tag-feuerstelle","tag-fiam","tag-fruehling","tag-garten","tag-gartenmoebel","tag-gartenstuhl","tag-hocker","tag-jan-kurtz","tag-kaffeetisch","tag-kartell","tag-klapptisch","tag-laterne","tag-leuchten","tag-liegestuhl","tag-liegestuehle","tag-lounge","tag-loungemoebel","tag-modern","tag-outdoor","tag-outdoormoebel","tag-schutzhuelle","tag-sessel","tag-stuehle","tag-terrasse","tag-terrassenmoebel","tag-tische","tag-tresentisch","tag-wetterfest"],"_links":{"self":[{"href":"https:\/\/raum-blick.de\/magazin\/wp-json\/wp\/v2\/posts\/15260","targetHints":{"allow":["GET"]}}],"collection":[{"href":"https:\/\/raum-blick.de\/magazin\/wp-json\/wp\/v2\/posts"}],"about":[{"href":"https:\/\/raum-blick.de\/magazin\/wp-json\/wp\/v2\/types\/post"}],"author":[{"embeddable":true,"href":"https:\/\/raum-blick.de\/magazin\/wp-json\/wp\/v2\/users\/4"}],"replies":[{"embeddable":true,"href":"https:\/\/raum-blick.de\/magazin\/wp-json\/wp\/v2\/comments?post=15260"}],"version-history":[{"count":57,"href":"https:\/\/raum-blick.de\/magazin\/wp-json\/wp\/v2\/posts\/15260\/revisions"}],"predecessor-version":[{"id":15335,"href":"https:\/\/raum-blick.de\/magazin\/wp-json\/wp\/v2\/posts\/15260\/revisions\/15335"}],"wp:featuredmedia":[{"embeddable":true,"href":"https:\/\/raum-blick.de\/magazin\/wp-json\/wp\/v2\/media\/15333"}],"wp:attachment":[{"href":"https:\/\/raum-blick.de\/magazin\/wp-json\/wp\/v2\/media?parent=15260"}],"wp:term":[{"taxonomy":"category","embeddable":true,"href":"https:\/\/raum-blick.de\/magazin\/wp-json\/wp\/v2\/categories?post=15260"},{"taxonomy":"post_tag","embeddable":true,"href":"https:\/\/raum-blick.de\/magazin\/wp-json\/wp\/v2\/tags?post=15260"}],"curies":[{"name":"wp","href":"https:\/\/api.w.org\/{rel}","templated":true}]}}