{"id":15170,"date":"2022-02-24T14:03:29","date_gmt":"2022-02-24T13:03:29","guid":{"rendered":"https:\/\/www.raum-blick.de\/magazin\/?p=15170"},"modified":"2022-02-24T14:03:29","modified_gmt":"2022-02-24T13:03:29","slug":"wandgestaltung-mit-regalen","status":"publish","type":"post","link":"https:\/\/raum-blick.de\/magazin\/wandgestaltung-mit-regalen\/","title":{"rendered":"Wandgestaltung mit Regalen"},"content":{"rendered":"<h2><span class=\"ez-toc-section\" id=\"%C2%AB_Die_besten_Regalideen_fuer_kahle_Waende_%C2%BB\"><\/span>\u00ab Die besten Regalideen f\u00fcr kahle W\u00e4nde \u00bb<span class=\"ez-toc-section-end\"><\/span><\/h2>\n<p style=\"text-align: justify;\"><strong>Das <\/strong><a href=\"\/moebel\/\"><strong>Design der M\u00f6bel<\/strong><\/a><strong>, Heimtextilien und Wohnaccessoires sind perfekt aufeinander abgestimmt. Die Raumgestaltung wirkt trotzdem unvollst\u00e4ndig. Das Blatt wendet sich, sobald man mit dekorativen Regalideen die W\u00e4nde einbezieht. Ideen f\u00fcr die Wandgestaltung mit Regalen finden Sie in diesem Artikel.<\/strong><\/p>\n<h2><span class=\"ez-toc-section\" id=\"Maximaler_Minimalismus_als_Blickfang\"><\/span>Maximaler Minimalismus als Blickfang<span class=\"ez-toc-section-end\"><\/span><\/h2>\n<p style=\"text-align: justify;\">Hier fehlt f\u00fcrs Sideboard der Platz. Dort w\u00fcrde ein Schrank das Ambiente beschweren. Woanders passt die Kommode nicht zu den allt\u00e4glichen Gewohnheiten. Wenn M\u00f6bel nicht \u00fcberzeugen, haben Regalideen f\u00fcr die Einrichtungs- und Wandgestaltung ihre Sternstunde. <a href=\"\/string\/\">String<\/a> hat daf\u00fcr ein flexibles System in petto. Es ist egal, ob man den Flur, die K\u00fcche oder das Wohnzimmer einrichten m\u00f6chte: Das <a href=\"\/regale\/\">Regalsystem aus Skandinavien<\/a> serviert die ma\u00dfgeschneiderte L\u00f6sung.<\/p><div id=\"ez-toc-container\" class=\"ez-toc-v2_0_82_2 counter-hierarchy ez-toc-counter ez-toc-grey ez-toc-container-direction\">\n<div class=\"ez-toc-title-container\">\n<p class=\"ez-toc-title\" style=\"cursor:inherit\">Was hier auf Sie wartet<\/p>\n<span class=\"ez-toc-title-toggle\"><a href=\"#\" class=\"ez-toc-pull-right ez-toc-btn ez-toc-btn-xs ez-toc-btn-default ez-toc-toggle\" aria-label=\"Toggle Table of Content\"><span class=\"ez-toc-js-icon-con\"><span class=\"\"><span class=\"eztoc-hide\" style=\"display:none;\">Toggle<\/span><span class=\"ez-toc-icon-toggle-span\"><svg style=\"fill: #999;color:#999\" xmlns=\"http:\/\/www.w3.org\/2000\/svg\" class=\"list-377408\" width=\"20px\" height=\"20px\" viewBox=\"0 0 24 24\" fill=\"none\"><path d=\"M6 6H4v2h2V6zm14 0H8v2h12V6zM4 11h2v2H4v-2zm16 0H8v2h12v-2zM4 16h2v2H4v-2zm16 0H8v2h12v-2z\" fill=\"currentColor\"><\/path><\/svg><svg style=\"fill: #999;color:#999\" class=\"arrow-unsorted-368013\" xmlns=\"http:\/\/www.w3.org\/2000\/svg\" width=\"10px\" height=\"10px\" viewBox=\"0 0 24 24\" version=\"1.2\" baseProfile=\"tiny\"><path d=\"M18.2 9.3l-6.2-6.3-6.2 6.3c-.2.2-.3.4-.3.7s.1.5.3.7c.2.2.4.3.7.3h11c.3 0 .5-.1.7-.3.2-.2.3-.5.3-.7s-.1-.5-.3-.7zM5.8 14.7l6.2 6.3 6.2-6.3c.2-.2.3-.5.3-.7s-.1-.5-.3-.7c-.2-.2-.4-.3-.7-.3h-11c-.3 0-.5.1-.7.3-.2.2-.3.5-.3.7s.1.5.3.7z\"\/><\/svg><\/span><\/span><\/span><\/a><\/span><\/div>\n<nav><ul class='ez-toc-list ez-toc-list-level-1 ' ><li class='ez-toc-page-1 ez-toc-heading-level-2'><a class=\"ez-toc-link ez-toc-heading-1\" href=\"https:\/\/raum-blick.de\/magazin\/wandgestaltung-mit-regalen\/#%C2%AB_Die_besten_Regalideen_fuer_kahle_Waende_%C2%BB\" >\u00ab Die besten Regalideen f\u00fcr kahle W\u00e4nde \u00bb<\/a><\/li><li class='ez-toc-page-1 ez-toc-heading-level-2'><a class=\"ez-toc-link ez-toc-heading-2\" href=\"https:\/\/raum-blick.de\/magazin\/wandgestaltung-mit-regalen\/#Maximaler_Minimalismus_als_Blickfang\" >Maximaler Minimalismus als Blickfang<\/a><\/li><li class='ez-toc-page-1 ez-toc-heading-level-2'><a class=\"ez-toc-link ez-toc-heading-3\" href=\"https:\/\/raum-blick.de\/magazin\/wandgestaltung-mit-regalen\/#Regalklassiker_aus_Schweden_vielseitig_und_dekorativ\" >Regalklassiker aus Schweden: vielseitig und dekorativ<\/a><\/li><li class='ez-toc-page-1 ez-toc-heading-level-2'><a class=\"ez-toc-link ez-toc-heading-4\" href=\"https:\/\/raum-blick.de\/magazin\/wandgestaltung-mit-regalen\/#Paradeplaetze_aus_Holz_fuer_die_individuelle_Deko\" >Paradepl\u00e4tze aus Holz f\u00fcr die individuelle Deko<\/a><\/li><li class='ez-toc-page-1 ez-toc-heading-level-2'><a class=\"ez-toc-link ez-toc-heading-5\" href=\"https:\/\/raum-blick.de\/magazin\/wandgestaltung-mit-regalen\/#Verwandlungskuenstler_aus_Kopenhagen\" >Verwandlungsk\u00fcnstler aus Kopenhagen<\/a><\/li><li class='ez-toc-page-1 ez-toc-heading-level-2'><a class=\"ez-toc-link ez-toc-heading-6\" href=\"https:\/\/raum-blick.de\/magazin\/wandgestaltung-mit-regalen\/#Ausgefallene_Designobjekte_fuer_die_Wanddeko\" >Ausgefallene Designobjekte f\u00fcr die Wanddeko<\/a><\/li><\/ul><\/nav><\/div>\n\n<p><a href=\"\/string-regal-konfiguration-w1-arbeitszimmer\"><img loading=\"lazy\" decoding=\"async\" class=\"aligncenter wp-image-15173 size-full\" title=\"String \u2013 Regal mit Schreibtisch\" src=\"https:\/\/www.raum-blick.de\/magazin\/wp-content\/uploads\/2022\/02\/String-Regal-mit-Schreibtisch.jpg\" alt=\"String \u2013 Regal mit Schreibtisch\" width=\"620\" height=\"774\" srcset=\"https:\/\/raum-blick.de\/magazin\/wp-content\/uploads\/2022\/02\/String-Regal-mit-Schreibtisch.jpg 620w, https:\/\/raum-blick.de\/magazin\/wp-content\/uploads\/2022\/02\/String-Regal-mit-Schreibtisch-240x300.jpg 240w\" sizes=\"(max-width: 620px) 100vw, 620px\" \/><\/a><\/p>\n<p style=\"text-align: justify;\">Wer die Wohnung erreicht, m\u00f6chte die Kleidung ablegen. Das Bed\u00fcrfnis ist vorhersehbar. Der Architekt hatte es trotzdem nicht auf dem Schirm. Daf\u00fcr spricht der Eingangsbereich, der f\u00fcr g\u00e4ngige Garderoben zu klein ist. Zum Gl\u00fcck gen\u00fcgen zwei schwedische Regalideen, um das Einrichtungsproblem zu l\u00f6sen.<\/p>\n<p style=\"text-align: justify;\">Das obere String Element vereint die Hutablage mit einer Stange, die Kleiderb\u00fcgel und Haken anbietet. Praktische Ablagef\u00e4cher verbindet das Pendant darunter mit dem Stammplatz f\u00fcr die Schuhe. Fertig ist die vollwertige Flurgarderobe, die ganz nebenbei zur ansprechenden Wandgestaltung beitr\u00e4gt. Das formal reduzierte Design wirkt genauso erfrischend wie die pointierte Einfachheit: Zwei kompakte Regalideen bieten hier einen Komfort, den andernorts wuchtige Garderobenschr\u00e4nke vermissen lassen.<\/p>\n<p><a href=\"\/string-regal-konfiguration-f18-flur\"><img loading=\"lazy\" decoding=\"async\" class=\"aligncenter wp-image-15172 size-full\" title=\"String \u2013 Garderobenregal\" src=\"https:\/\/www.raum-blick.de\/magazin\/wp-content\/uploads\/2022\/02\/String-Garderobenregal.jpg\" alt=\"String \u2013 Garderobenregal\" width=\"620\" height=\"620\" srcset=\"https:\/\/raum-blick.de\/magazin\/wp-content\/uploads\/2022\/02\/String-Garderobenregal.jpg 620w, https:\/\/raum-blick.de\/magazin\/wp-content\/uploads\/2022\/02\/String-Garderobenregal-300x300.jpg 300w, https:\/\/raum-blick.de\/magazin\/wp-content\/uploads\/2022\/02\/String-Garderobenregal-150x150.jpg 150w\" sizes=\"(max-width: 620px) 100vw, 620px\" \/><\/a><\/p>\n<h2><span class=\"ez-toc-section\" id=\"Regalklassiker_aus_Schweden_vielseitig_und_dekorativ\"><\/span>Regalklassiker aus Schweden: vielseitig und dekorativ<span class=\"ez-toc-section-end\"><\/span><\/h2>\n<p style=\"text-align: justify;\">Ein Verlag suchte 1949 f\u00fcr die Buchaufbewahrung zu Hause zeitlos sch\u00f6ne Regalideen, die man unkompliziert montieren kann. Nisse Strinning und seine Frau Kajsa gewannen den ausgeschriebenen Wettbewerb mit dem legend\u00e4ren Wandregal String. Es gleicht einem stilistischen Statement, sich mit Design-Ikonen zu umgeben. So wertet das <a href=\"\/string-pocket-regal\">String Pocket Regal<\/a> allein durch seine Anwesenheit das Raumstyling auf.<\/p>\n<p style=\"text-align: justify;\">Danach entscheidet die Nutzung dar\u00fcber, wie die Wandgestaltung wirkt. F\u00fcllt man die F\u00e4cher komplett mit der Buchsammlung, steht der funktionale Charakter im Vordergrund. Das \u00e4ndert sich, wenn nur vereinzelt B\u00fccher und Accessoires kreativ drapiert werden. Die Regalideen werden dadurch zu Deko-Elementen, die dem Auge schmeicheln.<\/p>\n<p style=\"text-align: justify;\">Im Idealfall bereichert die Wandgestaltung mit Regalen das funktionale Raumkonzept, den Wohnkomfort und die Dekoration. Daf\u00fcr ist die K\u00fcchenkonfiguration von String ein gelungenes Exempel. Sie schafft zus\u00e4tzlichen Stauraum in der N\u00e4he des K\u00fcchentischs. Teller, Gl\u00e4ser, Besteck und Getr\u00e4nke: Beim Eindecken ist sofort alles zur Hand, was ben\u00f6tigt wird. Das Regal r\u00fcckt zudem das stilvolle Geschirr ins Rampenlicht. So avanciert es zum Blickfang, der das Flair auflockert.<\/p>\n<p><a href=\"\/string-pocket-regal\"><img loading=\"lazy\" decoding=\"async\" class=\"aligncenter wp-image-15171 size-full\" title=\"String Pocket\" src=\"https:\/\/www.raum-blick.de\/magazin\/wp-content\/uploads\/2022\/02\/String-Pocket.jpg\" alt=\"String Pocket\" width=\"620\" height=\"620\" srcset=\"https:\/\/raum-blick.de\/magazin\/wp-content\/uploads\/2022\/02\/String-Pocket.jpg 620w, https:\/\/raum-blick.de\/magazin\/wp-content\/uploads\/2022\/02\/String-Pocket-300x300.jpg 300w, https:\/\/raum-blick.de\/magazin\/wp-content\/uploads\/2022\/02\/String-Pocket-150x150.jpg 150w\" sizes=\"(max-width: 620px) 100vw, 620px\" \/><\/a><\/p>\n<h2><span class=\"ez-toc-section\" id=\"Paradeplaetze_aus_Holz_fuer_die_individuelle_Deko\"><\/span>Paradepl\u00e4tze aus Holz f\u00fcr die individuelle Deko<span class=\"ez-toc-section-end\"><\/span><\/h2>\n<p style=\"text-align: justify;\">Die wei\u00dfe Wandfarbe dominiert den Wohnraum. Dadurch erscheint die Wandgestaltung einen Hauch zu puristisch. Ein paar auflockernde Elemente sind ebenso willkommen wie behagliche Akzente. F\u00fcr die pers\u00f6nliche Note w\u00e4re es vorteilhaft, einige Lieblingsst\u00fccke in Szene zu setzen.<\/p>\n<p style=\"text-align: justify;\">Alle skizzierten W\u00fcnsche gehen in Erf\u00fcllung, wenn man die <a href=\"\/jan-kurtz\/\">Holzregale von Jan Kurtz<\/a> ins Spiel bringt. Betont reduziert ist die Formensprache des Wandregals Lilian. Die Aufmerksamkeit richtet sich dadurch auf das naturgegebene Charisma der massiven Eiche. Zum identischen Werkstoff und Purismus bekennen sich die leistenf\u00f6rmigen <a href=\"\/jan-kurtz-wandregal-ell\">Holzregale der Serie Ell<\/a>. Die stilistischen Parallelen verf\u00fchren zum kreativen Kombinieren bei der Wandgestaltung.<\/p>\n<p><a href=\"\/jan-kurtz-lilian-wandregal\"><img loading=\"lazy\" decoding=\"async\" class=\"aligncenter wp-image-15174 size-full\" title=\"Jan Kurtz \u2013 Lilian Regal\" src=\"https:\/\/www.raum-blick.de\/magazin\/wp-content\/uploads\/2022\/02\/Jan-Kurtz-Lilian-Regal.jpg\" alt=\"Jan Kurtz \u2013 Lilian Regal\" width=\"620\" height=\"620\" srcset=\"https:\/\/raum-blick.de\/magazin\/wp-content\/uploads\/2022\/02\/Jan-Kurtz-Lilian-Regal.jpg 620w, https:\/\/raum-blick.de\/magazin\/wp-content\/uploads\/2022\/02\/Jan-Kurtz-Lilian-Regal-300x300.jpg 300w, https:\/\/raum-blick.de\/magazin\/wp-content\/uploads\/2022\/02\/Jan-Kurtz-Lilian-Regal-150x150.jpg 150w\" sizes=\"(max-width: 620px) 100vw, 620px\" \/><\/a><\/p>\n<p style=\"text-align: justify;\">Einen kahlen Raumwinkel beleben die rechteckigen Regalideen von Jan Kurtz. Die passenden Holzleisten entdeckt man am Lesesessel. B\u00fchnenreif inszenieren sie die Lieblingsb\u00fccher. Neben dem Sofa tauchen die frei stehenden Cubus Regale auf. Die spontanen Bed\u00fcrfnisse bestimmen, ob sie als Hocker, Ablage oder Beistelltisch dienen. Dem aufmerksamen Gast f\u00e4llt sofort auf: Das Design der w\u00fcrfelf\u00f6rmigen Multitalente passt perfekt zur Wandgestaltung im Wohnzimmer mit Regalen.<\/p>\n<p><a href=\"\/jan-kurtz-wuerfel-cubus-eiche\"><img loading=\"lazy\" decoding=\"async\" class=\"aligncenter wp-image-15175 size-full\" title=\"Jan Kurtz \u2013 W\u00fcrfel Cubus Eiche\" src=\"https:\/\/www.raum-blick.de\/magazin\/wp-content\/uploads\/2022\/02\/Jan-Kurtz-Wuerfel-Cubus-Eiche.jpg\" alt=\"Jan Kurtz \u2013 W\u00fcrfel Cubus Eiche\" width=\"620\" height=\"620\" srcset=\"https:\/\/raum-blick.de\/magazin\/wp-content\/uploads\/2022\/02\/Jan-Kurtz-Wuerfel-Cubus-Eiche.jpg 620w, https:\/\/raum-blick.de\/magazin\/wp-content\/uploads\/2022\/02\/Jan-Kurtz-Wuerfel-Cubus-Eiche-300x300.jpg 300w, https:\/\/raum-blick.de\/magazin\/wp-content\/uploads\/2022\/02\/Jan-Kurtz-Wuerfel-Cubus-Eiche-150x150.jpg 150w\" sizes=\"(max-width: 620px) 100vw, 620px\" \/><\/a><\/p>\n<h2><span class=\"ez-toc-section\" id=\"Verwandlungskuenstler_aus_Kopenhagen\"><\/span>Verwandlungsk\u00fcnstler aus Kopenhagen<span class=\"ez-toc-section-end\"><\/span><\/h2>\n<p style=\"text-align: justify;\">W\u00e4re es nicht sch\u00f6n, wenn man sein eigenes Designregal entwerfen kann? Ger\u00e4t die Mini Stacked Kollektion von <a href=\"\/muuto\/\">Muuto<\/a> ins Visier, gibt es nur eine Antwort: Ja! Die skandinavische Marke bietet ein unkompliziertes M\u00f6belsystem, das Laien zu individuellen Regalideen inspiriert. Das Portfolio besteht aus K\u00e4sten in verschiedenen Gr\u00f6\u00dfen, Formen und Farben. Man kann sie einzeln montieren oder mit Clips verkn\u00fcpfen. So ergeben sich unz\u00e4hlige M\u00f6glichkeiten f\u00fcr einzigartige Kreationen.<\/p>\n<p style=\"text-align: justify;\">Zur lockeren Wandgestaltung mit Regalen werden zwei Paare gebildet. Vier weitere Exemplare gesellen sich hinzu, ohne sich auf eine direkte Verbindung einzulassen. Bewusst entschied man sich f\u00fcr ein Farbpotpourri. Die Regalidee wirkt dadurch dynamischer. Einige Jahre sp\u00e4ter steht eine Renovierung ins Haus. Das ist der ideale Zeitpunkt f\u00fcr eine Metamorphose. Die Komponenten von Muuto vereinen sich zu einem Holzregal, das unkonventionell geformt ist. Sofort wirkt die Wandgestaltung komplett anders, obwohl man nichts Neues angeschafft hat.<\/p>\n<p><a href=\"\/muuto-stacked-regalsystem-2.0\"><img loading=\"lazy\" decoding=\"async\" class=\"aligncenter wp-image-15177 size-full\" title=\"Muuto Stacked Regalsystem 2.0\" src=\"https:\/\/www.raum-blick.de\/magazin\/wp-content\/uploads\/2022\/02\/Muuto-Stacked-Regalsystem-2.0.jpg\" alt=\"Muuto Stacked Regalsystem 2.0\" width=\"620\" height=\"620\" srcset=\"https:\/\/raum-blick.de\/magazin\/wp-content\/uploads\/2022\/02\/Muuto-Stacked-Regalsystem-2.0.jpg 620w, https:\/\/raum-blick.de\/magazin\/wp-content\/uploads\/2022\/02\/Muuto-Stacked-Regalsystem-2.0-300x300.jpg 300w, https:\/\/raum-blick.de\/magazin\/wp-content\/uploads\/2022\/02\/Muuto-Stacked-Regalsystem-2.0-150x150.jpg 150w\" sizes=\"(max-width: 620px) 100vw, 620px\" \/><\/a><\/p>\n<h2><span class=\"ez-toc-section\" id=\"Ausgefallene_Designobjekte_fuer_die_Wanddeko\"><\/span>Ausgefallene Designobjekte f\u00fcr die Wanddeko<span class=\"ez-toc-section-end\"><\/span><\/h2>\n<p style=\"text-align: justify;\">Der Flurwand w\u00fcrden die Souvenirs aus dem Urlaub gut stehen. Sie setzen exotische Akzente und verdeutlichen die Reiselust der Familie. Die Erbst\u00fccke von Oma passen fabelhaft zur Wohnk\u00fcche. Dort wecken sie wundervolle Erinnerungen, wenn man sich eine Kaffeepause g\u00f6nnt. Wer Accessoires in die Wohnungseinrichtung einstreuen m\u00f6chte, freut sich \u00fcber die Kollektion Corniche von Vitra. Mit ihrer aparten Formgebung und hochgl\u00e4nzenden Oberfl\u00e4che sind die Regale sogar unbest\u00fcckt eine Augenweide. Wie Vorspr\u00fcnge einer Mauer laden die kleinen <a href=\"\/vitra\/\">Design-Wandboards von Vitra<\/a> dazu ein, liebensw\u00fcrdige Andenken effektvoll zu platzieren.<\/p>\n<p><a href=\"\/vitra-corniche\"><img loading=\"lazy\" decoding=\"async\" class=\"aligncenter wp-image-15178 size-full\" title=\"Vitra Corniche\" src=\"https:\/\/www.raum-blick.de\/magazin\/wp-content\/uploads\/2022\/02\/Vitra-Corniche.jpg\" alt=\"Vitra Corniche\" width=\"620\" height=\"620\" srcset=\"https:\/\/raum-blick.de\/magazin\/wp-content\/uploads\/2022\/02\/Vitra-Corniche.jpg 620w, https:\/\/raum-blick.de\/magazin\/wp-content\/uploads\/2022\/02\/Vitra-Corniche-300x300.jpg 300w, https:\/\/raum-blick.de\/magazin\/wp-content\/uploads\/2022\/02\/Vitra-Corniche-150x150.jpg 150w\" sizes=\"(max-width: 620px) 100vw, 620px\" \/><\/a><\/p>\n<p style=\"text-align: justify;\">Regalideen begeistern bei der Wandgestaltung, weil sie dekorativ und praktisch sind. Nat\u00fcrlich punkten auch andere Wohnaccessoires mit dem gelungenen Mix. Daf\u00fcr ist die Wanduhr Sunflower der bekannten Designmarke ein hervorragendes Beispiel. Mit ihrem stattlichen Durchmesser weckt sie sofort das Interesse. Kunstvoll wirkt das Arrangement aus Messing und Holz, das eine Sonnenblume skizziert. Die <a href=\"\/detail\/index\/sArticle\/64690\">Vitra Designuhr<\/a> aus der Feder von Georg Nelson schm\u00fcckt die Wand. Gern wirft man einen Blick darauf, um die Zeit abzulesen.<\/p>\n<p><img loading=\"lazy\" decoding=\"async\" class=\"aligncenter wp-image-15179 size-full\" title=\"Vitra \u2013 Asterisk Wanduhr\" src=\"https:\/\/www.raum-blick.de\/magazin\/wp-content\/uploads\/2022\/02\/Vitra-Asterisk-Wanduhr.jpg\" alt=\"Vitra \u2013 Asterisk Wanduhr\" width=\"620\" height=\"620\" srcset=\"https:\/\/raum-blick.de\/magazin\/wp-content\/uploads\/2022\/02\/Vitra-Asterisk-Wanduhr.jpg 620w, https:\/\/raum-blick.de\/magazin\/wp-content\/uploads\/2022\/02\/Vitra-Asterisk-Wanduhr-300x300.jpg 300w, https:\/\/raum-blick.de\/magazin\/wp-content\/uploads\/2022\/02\/Vitra-Asterisk-Wanduhr-150x150.jpg 150w\" sizes=\"(max-width: 620px) 100vw, 620px\" \/><\/p>\n","protected":false},"excerpt":{"rendered":"<p>\u00ab Die besten Regalideen f\u00fcr kahle W\u00e4nde \u00bb Das Design der M\u00f6bel, Heimtextilien und Wohnaccessoires sind perfekt aufeinander abgestimmt. Die Raumgestaltung wirkt trotzdem unvollst\u00e4ndig. Das Blatt wendet sich, sobald man mit dekorativen Regalideen die W\u00e4nde einbezieht. Ideen f\u00fcr die Wandgestaltung mit Regalen finden Sie in diesem Artikel. Maximaler Minimalismus als Blickfang Hier fehlt f\u00fcrs Sideboard [&hellip;]<\/p>\n","protected":false},"author":4,"featured_media":15180,"comment_status":"closed","ping_status":"open","sticky":false,"template":"","format":"standard","meta":{"_et_pb_use_builder":"","_et_pb_old_content":"","_et_gb_content_width":"","inline_featured_image":false,"footnotes":""},"categories":[1],"tags":[1654,911,168,912,1653,592,1652,913],"class_list":["post-15170","post","type-post","status-publish","format-standard","has-post-thumbnail","hentry","category-drinnen","tag-holzregal","tag-regal","tag-regale","tag-schuhregal","tag-stringregal","tag-wandgestaltung","tag-wandgestaltung-mit-regalen","tag-wandregal"],"_links":{"self":[{"href":"https:\/\/raum-blick.de\/magazin\/wp-json\/wp\/v2\/posts\/15170","targetHints":{"allow":["GET"]}}],"collection":[{"href":"https:\/\/raum-blick.de\/magazin\/wp-json\/wp\/v2\/posts"}],"about":[{"href":"https:\/\/raum-blick.de\/magazin\/wp-json\/wp\/v2\/types\/post"}],"author":[{"embeddable":true,"href":"https:\/\/raum-blick.de\/magazin\/wp-json\/wp\/v2\/users\/4"}],"replies":[{"embeddable":true,"href":"https:\/\/raum-blick.de\/magazin\/wp-json\/wp\/v2\/comments?post=15170"}],"version-history":[{"count":3,"href":"https:\/\/raum-blick.de\/magazin\/wp-json\/wp\/v2\/posts\/15170\/revisions"}],"predecessor-version":[{"id":15182,"href":"https:\/\/raum-blick.de\/magazin\/wp-json\/wp\/v2\/posts\/15170\/revisions\/15182"}],"wp:featuredmedia":[{"embeddable":true,"href":"https:\/\/raum-blick.de\/magazin\/wp-json\/wp\/v2\/media\/15180"}],"wp:attachment":[{"href":"https:\/\/raum-blick.de\/magazin\/wp-json\/wp\/v2\/media?parent=15170"}],"wp:term":[{"taxonomy":"category","embeddable":true,"href":"https:\/\/raum-blick.de\/magazin\/wp-json\/wp\/v2\/categories?post=15170"},{"taxonomy":"post_tag","embeddable":true,"href":"https:\/\/raum-blick.de\/magazin\/wp-json\/wp\/v2\/tags?post=15170"}],"curies":[{"name":"wp","href":"https:\/\/api.w.org\/{rel}","templated":true}]}}