{"id":15038,"date":"2022-02-23T11:17:37","date_gmt":"2022-02-23T10:17:37","guid":{"rendered":"https:\/\/www.raum-blick.de\/magazin\/?p=15038"},"modified":"2025-01-07T11:05:21","modified_gmt":"2025-01-07T10:05:21","slug":"minimalistische-garderobe-zusammenstellen","status":"publish","type":"post","link":"https:\/\/raum-blick.de\/magazin\/minimalistische-garderobe-zusammenstellen\/","title":{"rendered":"Minimalistische Garderobe zusammenstellen"},"content":{"rendered":"<h2><span class=\"ez-toc-section\" id=\"%C2%AB_Moderne_Hakengarderoben_nutzen_wenig_Platz_fuer_spannende_Eingangsbereiche_%C2%BB\"><\/span>\u00ab Moderne Hakengarderoben nutzen wenig Platz f\u00fcr spannende Eingangsbereiche \u00bb<span class=\"ez-toc-section-end\"><\/span><\/h2>\n<p style=\"text-align: justify;\"><strong>Der Flur erh\u00e4lt ein luftiges Flair. Beim ersten Schritt in die Wohnung seufzt man befreit auf: Wie sch\u00f6n ist das Zuhause. Wenn Sie eine <\/strong><a href=\"\/garderoben\/\"><strong>minimalistische Garderobe<\/strong><\/a><strong> zusammenstellen, bleibt zudem mehr Raum f\u00fcr individuelle Einrichtungsideen.<\/strong><\/p>\n<h2><span class=\"ez-toc-section\" id=\"Flureinrichtung_mit_literarischem_Mehrwert\"><\/span>Flureinrichtung mit literarischem Mehrwert<span class=\"ez-toc-section-end\"><\/span><\/h2>\n<p style=\"text-align: justify;\">Jacke, Tasche und M\u00fctze werden kurz an der Hakengarderobe platziert, um die Schuhe auszuziehen. Sobald man in die Pantoffeln geschl\u00fcpft ist, wechseln die Sachen zu ihren Stammpl\u00e4tzen in anderen Wohnr\u00e4umen. Die Gewohnheit beansprucht kaum Zeit, steigert aber die Lebensqualit\u00e4t. Der Flur wirkt einladend, weil keine Kleidung das Ambiente beschwert. Kommen G\u00e4ste, ist die minimalistische Garderobe komplett frei. Sie f\u00fchlen sich herzlich willkommen. Denn f\u00fcr ihre M\u00e4ntel gibt es reichlich Platz.<\/p><div id=\"ez-toc-container\" class=\"ez-toc-v2_0_82_2 counter-hierarchy ez-toc-counter ez-toc-grey ez-toc-container-direction\">\n<div class=\"ez-toc-title-container\">\n<p class=\"ez-toc-title\" style=\"cursor:inherit\">Was hier auf Sie wartet<\/p>\n<span class=\"ez-toc-title-toggle\"><a href=\"#\" class=\"ez-toc-pull-right ez-toc-btn ez-toc-btn-xs ez-toc-btn-default ez-toc-toggle\" aria-label=\"Toggle Table of Content\"><span class=\"ez-toc-js-icon-con\"><span class=\"\"><span class=\"eztoc-hide\" style=\"display:none;\">Toggle<\/span><span class=\"ez-toc-icon-toggle-span\"><svg style=\"fill: #999;color:#999\" xmlns=\"http:\/\/www.w3.org\/2000\/svg\" class=\"list-377408\" width=\"20px\" height=\"20px\" viewBox=\"0 0 24 24\" fill=\"none\"><path d=\"M6 6H4v2h2V6zm14 0H8v2h12V6zM4 11h2v2H4v-2zm16 0H8v2h12v-2zM4 16h2v2H4v-2zm16 0H8v2h12v-2z\" fill=\"currentColor\"><\/path><\/svg><svg style=\"fill: #999;color:#999\" class=\"arrow-unsorted-368013\" xmlns=\"http:\/\/www.w3.org\/2000\/svg\" width=\"10px\" height=\"10px\" viewBox=\"0 0 24 24\" version=\"1.2\" baseProfile=\"tiny\"><path d=\"M18.2 9.3l-6.2-6.3-6.2 6.3c-.2.2-.3.4-.3.7s.1.5.3.7c.2.2.4.3.7.3h11c.3 0 .5-.1.7-.3.2-.2.3-.5.3-.7s-.1-.5-.3-.7zM5.8 14.7l6.2 6.3 6.2-6.3c.2-.2.3-.5.3-.7s-.1-.5-.3-.7c-.2-.2-.4-.3-.7-.3h-11c-.3 0-.5.1-.7.3-.2.2-.3.5-.3.7s.1.5.3.7z\"\/><\/svg><\/span><\/span><\/span><\/a><\/span><\/div>\n<nav><ul class='ez-toc-list ez-toc-list-level-1 ' ><li class='ez-toc-page-1 ez-toc-heading-level-2'><a class=\"ez-toc-link ez-toc-heading-1\" href=\"https:\/\/raum-blick.de\/magazin\/minimalistische-garderobe-zusammenstellen\/#%C2%AB_Moderne_Hakengarderoben_nutzen_wenig_Platz_fuer_spannende_Eingangsbereiche_%C2%BB\" >\u00ab Moderne Hakengarderoben nutzen wenig Platz f\u00fcr spannende Eingangsbereiche \u00bb<\/a><\/li><li class='ez-toc-page-1 ez-toc-heading-level-2'><a class=\"ez-toc-link ez-toc-heading-2\" href=\"https:\/\/raum-blick.de\/magazin\/minimalistische-garderobe-zusammenstellen\/#Flureinrichtung_mit_literarischem_Mehrwert\" >Flureinrichtung mit literarischem Mehrwert<\/a><\/li><li class='ez-toc-page-1 ez-toc-heading-level-2'><a class=\"ez-toc-link ez-toc-heading-3\" href=\"https:\/\/raum-blick.de\/magazin\/minimalistische-garderobe-zusammenstellen\/#Daenischer_Minimalismus_der_spielerisch_zur_Ordnung_inspiriert\" >D\u00e4nischer Minimalismus, der spielerisch zur Ordnung inspiriert<\/a><\/li><li class='ez-toc-page-1 ez-toc-heading-level-2'><a class=\"ez-toc-link ez-toc-heading-4\" href=\"https:\/\/raum-blick.de\/magazin\/minimalistische-garderobe-zusammenstellen\/#Sympathisch_ungekuenstelt_und_behaglich\" >Sympathisch ungek\u00fcnstelt und behaglich<\/a><\/li><li class='ez-toc-page-1 ez-toc-heading-level-2'><a class=\"ez-toc-link ez-toc-heading-5\" href=\"https:\/\/raum-blick.de\/magazin\/minimalistische-garderobe-zusammenstellen\/#Pures_Design_als_Stilbekenntnis\" >Pures Design als Stilbekenntnis<\/a><\/li><li class='ez-toc-page-1 ez-toc-heading-level-2'><a class=\"ez-toc-link ez-toc-heading-6\" href=\"https:\/\/raum-blick.de\/magazin\/minimalistische-garderobe-zusammenstellen\/#Puristisches_Naturparadies_%E2%80%93_bin_ich_schon_drin_oder_immer_noch_draussen\" >Puristisches Naturparadies \u2013 bin ich schon drin oder immer noch drau\u00dfen?<\/a><\/li><\/ul><\/nav><\/div>\n\n<p><a href=\"\/muuto-the-dots-5er-set-wandhaken\"><img loading=\"lazy\" decoding=\"async\" class=\"aligncenter wp-image-15042 size-full\" title=\"Muuto The Dots | 5er Set | Design: Lars Torn\u00f8e\" src=\"https:\/\/www.raum-blick.de\/magazin\/wp-content\/uploads\/2022\/03\/muuto-the-dots-5er-set-wandhaken.jpg\" alt=\"muuto-the-dots-5er-set-wandhaken minimalistische-garderobe-zusammenstellen\" width=\"800\" height=\"800\" srcset=\"https:\/\/raum-blick.de\/magazin\/wp-content\/uploads\/2022\/03\/muuto-the-dots-5er-set-wandhaken.jpg 800w, https:\/\/raum-blick.de\/magazin\/wp-content\/uploads\/2022\/03\/muuto-the-dots-5er-set-wandhaken-300x300.jpg 300w, https:\/\/raum-blick.de\/magazin\/wp-content\/uploads\/2022\/03\/muuto-the-dots-5er-set-wandhaken-150x150.jpg 150w, https:\/\/raum-blick.de\/magazin\/wp-content\/uploads\/2022\/03\/muuto-the-dots-5er-set-wandhaken-768x768.jpg 768w\" sizes=\"(max-width: 800px) 100vw, 800px\" \/><\/a><\/p>\n<p style=\"text-align: justify;\">Lars Torn\u00f8e hat die <a href=\"\/muuto-the-dots-5er-set-wandhaken\">Muuto Kollektion Dots<\/a> f\u00fcr kreative L\u00f6sungen entwickelt, die nur aus Wandhaken bestehen. Die Wohnaccessoires in verschiedenen Gr\u00f6\u00dfen und Farben befl\u00fcgeln die Fantasie beim Arrangieren. Bezieht man die runden Haken in eine Wandbemalung ein, begeistert die Flurgestaltung sogar mit ihrem k\u00fcnstlerischen Touch. Kreativit\u00e4t ist auch gefragt, um Gedichte oder Romane zu schreiben. Es wirkt logisch, wenn sich die B\u00fcchersammlung hinzugesellt.<\/p>\n<p><a href=\"\/muuto-stacked-regalsystem-2.0\"><img loading=\"lazy\" decoding=\"async\" class=\"aligncenter wp-image-15045 size-full\" title=\"Muuto Stacked Regalsystem 2.0 | inkl. 2 passende Clips | Design: Julien De Smedt\" src=\"https:\/\/www.raum-blick.de\/magazin\/wp-content\/uploads\/2022\/03\/muuto-stacked-regalsystem-2-0.jpg\" alt=\"muuto-stacked-regalsystem-2-0\" width=\"800\" height=\"470\" srcset=\"https:\/\/raum-blick.de\/magazin\/wp-content\/uploads\/2022\/03\/muuto-stacked-regalsystem-2-0.jpg 800w, https:\/\/raum-blick.de\/magazin\/wp-content\/uploads\/2022\/03\/muuto-stacked-regalsystem-2-0-300x176.jpg 300w, https:\/\/raum-blick.de\/magazin\/wp-content\/uploads\/2022\/03\/muuto-stacked-regalsystem-2-0-768x451.jpg 768w\" sizes=\"(max-width: 800px) 100vw, 800px\" \/><\/a><\/p>\n<p style=\"text-align: justify;\">Minimalistisch und dynamisch ist das <a href=\"\/muuto-stacked-regalsystem-2.0\">Muuto Stacked Regalsystem<\/a> designt. In den offenen F\u00e4chern kommen die B\u00fccher zur Geltung. Wer m\u00f6chte, greift spontan zu und vers\u00fc\u00dft sich die Pause. Der Sessel neben dem Regal sorgt beim Schm\u00f6kern f\u00fcr Bequemlichkeit. Geschickt wurden geschlossenen Einheiten ins Regaldesign integriert. Sie \u00fcbernehmen die Aufgabe klassischer Flurm\u00f6bel. Denn darin befinden sich Accessoires f\u00fcr die Kleidung und Schuhe.<\/p>\n<h2><span class=\"ez-toc-section\" id=\"Daenischer_Minimalismus_der_spielerisch_zur_Ordnung_inspiriert\"><\/span>D\u00e4nischer Minimalismus, der spielerisch zur Ordnung inspiriert<span class=\"ez-toc-section-end\"><\/span><\/h2>\n<p style=\"text-align: justify;\">Alles wird nach der Ankunft immer sofort ins Zimmer gebracht. Nie entdeckt man Kleidung der Bewohner im Eingangsbereich. Wer Kinder hat, wei\u00df: Die Mission ist zum Scheitern verurteilt. Das steht aber dem Wunsch nicht entgegen, wenn man den Flur minimalistisch einrichten m\u00f6chte. Designer pr\u00e4sentieren Ideen, die platzsparend, alltagstauglich und schick sind. Die <a href=\"\/we-do-wood-scoreboard-garderobe-horizontal\">Holzgarderobe Scoreboard von We Do Wood<\/a> schmiegt sich eng an die Wand. Ein Exemplar ist horizontal angebracht und f\u00fcr die Kids unerreichbar. Im Alltag belebt das rechteckige Board mit seinem leicht verspielten Design lediglich die Raumdekoration. Treffen Besucher ein, freuen sie sich \u00fcber die Vielzahl freier Haken.<\/p>\n<p><a href=\"\/we-do-wood-scoreboard-garderobe-horizontal\"><img loading=\"lazy\" decoding=\"async\" class=\"aligncenter wp-image-15047 size-full\" title=\"We Do Wood \u2013 Scoreboard Garderobe horizontal | Garderobenleiste | Design: Sebastian Jorgensen\" src=\"https:\/\/www.raum-blick.de\/magazin\/wp-content\/uploads\/2022\/03\/we-do-wood-scoreboard-garderobe-horizontal.jpg\" alt=\"we-do-wood-scoreboard-garderobe-horizontal minimalistische-garderobe-zusammenstellen\" width=\"700\" height=\"180\" srcset=\"https:\/\/raum-blick.de\/magazin\/wp-content\/uploads\/2022\/03\/we-do-wood-scoreboard-garderobe-horizontal.jpg 700w, https:\/\/raum-blick.de\/magazin\/wp-content\/uploads\/2022\/03\/we-do-wood-scoreboard-garderobe-horizontal-300x77.jpg 300w\" sizes=\"(max-width: 700px) 100vw, 700px\" \/><\/a><\/p>\n<p style=\"text-align: justify;\">Daneben entdeckt man die vertikale Scoreboard-Variante. Es ergibt sich von selbst bei dieser Garderobe, an welcher H\u00f6he man sie anbringen sollte. Die l\u00e4ngliche Form sorgt daf\u00fcr, dass die Kleinen und Gro\u00dfen ihre Kleidung bequem aufh\u00e4ngen k\u00f6nnen. Niemand schreibt vor, dass man alle mitgelieferten St\u00e4bchen nutzen muss. Das bewegt zum cleveren Schachzug: F\u00fcr jedes Familienmitglied gibt es einen farbig markierten Haken, um die Lieblingsjacke zu platzieren. Das puristische Schuhregal darunter reicht exakt, damit jeder sein Lieblingspaar abstellen kann.<\/p>\n<p><a href=\"\/we-do-wood-field-desk-schreibtisch-eiche\"><img loading=\"lazy\" decoding=\"async\" class=\"aligncenter wp-image-15050 size-full\" title=\"We Do Wood \u2013 Field Desk Schreibtisch | aus Eichenholz | Design: Sebastian Jorgensen\" src=\"https:\/\/www.raum-blick.de\/magazin\/wp-content\/uploads\/2022\/03\/we-do-wood-field-desk-schreibtisch-eiche.jpg\" alt=\"we-do-wood-field-desk-schreibtisch-eiche\" width=\"800\" height=\"800\" srcset=\"https:\/\/raum-blick.de\/magazin\/wp-content\/uploads\/2022\/03\/we-do-wood-field-desk-schreibtisch-eiche.jpg 800w, https:\/\/raum-blick.de\/magazin\/wp-content\/uploads\/2022\/03\/we-do-wood-field-desk-schreibtisch-eiche-300x300.jpg 300w, https:\/\/raum-blick.de\/magazin\/wp-content\/uploads\/2022\/03\/we-do-wood-field-desk-schreibtisch-eiche-150x150.jpg 150w, https:\/\/raum-blick.de\/magazin\/wp-content\/uploads\/2022\/03\/we-do-wood-field-desk-schreibtisch-eiche-768x768.jpg 768w\" sizes=\"(max-width: 800px) 100vw, 800px\" \/><\/a><\/p>\n<p style=\"text-align: justify;\">Multifunktional vollendet der <a href=\"https:\/\/www.raum-blick.de\/we-do-wood-field-desk-schreibtisch-eiche\">Field Desk von We Do Wood<\/a> die Flurgestaltung. Gerne nutzt man beim Ankleiden die Tischfl\u00e4che und den Stuhl, der davor steht. Am Homeoffice-Tag wird der nostalgisch akzentuierte Schreibtisch zum Arbeitsplatz. Auf den Regalbrettern im Umfeld stehen nur wenige Dekoartikel, die das Flair auflockern. So bleibt viel Freifl\u00e4che, um am Arbeitstag vor\u00fcbergehend Dokumente abzulegen.<\/p>\n<h2><span class=\"ez-toc-section\" id=\"Sympathisch_ungekuenstelt_und_behaglich\"><\/span>Sympathisch ungek\u00fcnstelt und behaglich<span class=\"ez-toc-section-end\"><\/span><\/h2>\n<p style=\"text-align: justify;\">Einem Hauch von nichts gleicht die Flurgarderobe. Sie erf\u00fcllt trotzdem alle W\u00fcnsche. Herrlich ungezwungen wirkt dadurch der Empfang. Die Einrichtungsidee l\u00e4sst sich fabelhaft mit der Kollektion <a href=\"\/skagerak\/\">Georg von Skagerak<\/a> umsetzen.<\/p>\n<p><a href=\"\/skagerak-georg-kleiderbuegel\"><img loading=\"lazy\" decoding=\"async\" class=\"aligncenter wp-image-15092 size-full\" title=\"Skagerak Georg | Kleiderb\u00fcgel | Design: Christina L. Halstr\u00f8m\" src=\"https:\/\/www.raum-blick.de\/magazin\/wp-content\/uploads\/2022\/03\/skagerak-georg-kleiderbuegel.jpg\" alt=\"skagerak-georg-kleiderbuegel minimalistische-garderobe-zusammenstellen\" width=\"800\" height=\"400\" srcset=\"https:\/\/raum-blick.de\/magazin\/wp-content\/uploads\/2022\/03\/skagerak-georg-kleiderbuegel.jpg 800w, https:\/\/raum-blick.de\/magazin\/wp-content\/uploads\/2022\/03\/skagerak-georg-kleiderbuegel-300x150.jpg 300w, https:\/\/raum-blick.de\/magazin\/wp-content\/uploads\/2022\/03\/skagerak-georg-kleiderbuegel-768x384.jpg 768w, https:\/\/raum-blick.de\/magazin\/wp-content\/uploads\/2022\/03\/skagerak-georg-kleiderbuegel-660x330.jpg 660w\" sizes=\"(max-width: 800px) 100vw, 800px\" \/><\/a><\/p>\n<p style=\"text-align: justify;\">Auf einer Holzstange baumeln locker die B\u00fcgel, auf denen man die Kleidung ablegen kann. So bleibt sie bis zum n\u00e4chsten Einsatz in Form und trocknet, falls sie mit Regen konfrontiert wurde.<\/p>\n<p><a href=\"\/skagerak-georg-spiegel\"><img loading=\"lazy\" decoding=\"async\" class=\"aligncenter wp-image-15089 size-full\" title=\"Skagerak Georg | Spiegel | Design: Christina L. Halstr\u00f8m\" src=\"https:\/\/www.raum-blick.de\/magazin\/wp-content\/uploads\/2022\/03\/skagerak-georg-spiegel.jpg\" alt=\"skagerak-georg-spiegel\" width=\"800\" height=\"938\" srcset=\"https:\/\/raum-blick.de\/magazin\/wp-content\/uploads\/2022\/03\/skagerak-georg-spiegel.jpg 800w, https:\/\/raum-blick.de\/magazin\/wp-content\/uploads\/2022\/03\/skagerak-georg-spiegel-256x300.jpg 256w, https:\/\/raum-blick.de\/magazin\/wp-content\/uploads\/2022\/03\/skagerak-georg-spiegel-768x900.jpg 768w\" sizes=\"(max-width: 800px) 100vw, 800px\" \/><\/a><\/p>\n<p style=\"text-align: justify;\">Leger st\u00fctzt sich der Spiegel an der Flurwand ab, um beim Rausgehen einen Kontrollblick zu gestatten. Der passende Hocker ist praktisch, wenn man sich bequem die Schuhe anziehen oder etwas ablegen m\u00f6chte.<\/p>\n<p><a href=\"\/skagerak-georg-hocker\"><img loading=\"lazy\" decoding=\"async\" class=\"aligncenter wp-image-15094 size-full\" title=\"Skagerak Georg | Hocker | Design: Christina Liljenberg Halstr\u00f8m\" src=\"https:\/\/www.raum-blick.de\/magazin\/wp-content\/uploads\/2022\/03\/skagerak-georg-hocker.jpg\" alt=\"skagerak-georg-hocker\" width=\"800\" height=\"800\" srcset=\"https:\/\/raum-blick.de\/magazin\/wp-content\/uploads\/2022\/03\/skagerak-georg-hocker.jpg 800w, https:\/\/raum-blick.de\/magazin\/wp-content\/uploads\/2022\/03\/skagerak-georg-hocker-300x300.jpg 300w, https:\/\/raum-blick.de\/magazin\/wp-content\/uploads\/2022\/03\/skagerak-georg-hocker-150x150.jpg 150w, https:\/\/raum-blick.de\/magazin\/wp-content\/uploads\/2022\/03\/skagerak-georg-hocker-768x768.jpg 768w\" sizes=\"(max-width: 800px) 100vw, 800px\" \/><\/a><\/p>\n<p style=\"text-align: justify;\">Wer die minimalistische Garderobe entdeckt, freut sich auf das Kennenlernen der Gastgeber. Sie werfen gewiss alles in die Waagschale, damit man sich pudelwohl f\u00fchlt und den Moment genie\u00dft.<\/p>\n<p><a href=\"\/skagerak-georg-garderobe\"><img loading=\"lazy\" decoding=\"async\" class=\"aligncenter wp-image-15086 size-full\" title=\"Skagerak Georg | Garderoben Leiste | Design: Christina Liljenberg Halstr\u00f8m\" src=\"https:\/\/www.raum-blick.de\/magazin\/wp-content\/uploads\/2022\/03\/skagerak-georg-garderobe.jpg\" alt=\"skagerak-georg-garderobe minimalistische-garderobe-zusammenstellen\" width=\"800\" height=\"250\" srcset=\"https:\/\/raum-blick.de\/magazin\/wp-content\/uploads\/2022\/03\/skagerak-georg-garderobe.jpg 800w, https:\/\/raum-blick.de\/magazin\/wp-content\/uploads\/2022\/03\/skagerak-georg-garderobe-300x94.jpg 300w, https:\/\/raum-blick.de\/magazin\/wp-content\/uploads\/2022\/03\/skagerak-georg-garderobe-768x240.jpg 768w\" sizes=\"(max-width: 800px) 100vw, 800px\" \/><\/a><\/p>\n<p style=\"text-align: justify;\">Daf\u00fcr spricht der unaufgeregte Purismus, der gleichzeitig elegant erscheint. Das naturbelassene Eichenholz signalisiert moderne Gem\u00fctlichkeit. Sie verst\u00e4rkt sich, wenn man die G\u00e4ste mit einem imposanten Zimmerbaum empf\u00e4ngt. Daf\u00fcr bleibt gen\u00fcgend Stellfl\u00e4che, weil Skagerak die Flurm\u00f6bel bemerkenswert minimalistisch konzipierte.<\/p>\n<h2><span class=\"ez-toc-section\" id=\"Pures_Design_als_Stilbekenntnis\"><\/span>Pures Design als Stilbekenntnis<span class=\"ez-toc-section-end\"><\/span><\/h2>\n<p style=\"text-align: justify;\">Wer den Flur minimalistisch einrichten m\u00f6chte, ger\u00e4t bei der <a href=\"\/nichba-design\/\">Kollektion von NICHBA<\/a> ins Schw\u00e4rmen. Die skandinavische Marke verdeutlicht mit ihren Fluraccessoires, worum es bei dem Designstil geht.<\/p>\n<p><a href=\"\/nichba-hangsys-wandgarderobe\"><img loading=\"lazy\" decoding=\"async\" class=\"aligncenter wp-image-15106 size-full\" title=\"NICHBA \u2013 Hangsys Flurgarderobe | puristisch | Design: Nichlas B. Andersen\" src=\"https:\/\/www.raum-blick.de\/magazin\/wp-content\/uploads\/2022\/03\/nichba-hangsys-wandgarderobe.jpg\" alt=\"nichba-hangsys-wandgarderobe minimalistische-garderobe-zusammenstellen\" width=\"800\" height=\"800\" srcset=\"https:\/\/raum-blick.de\/magazin\/wp-content\/uploads\/2022\/03\/nichba-hangsys-wandgarderobe.jpg 800w, https:\/\/raum-blick.de\/magazin\/wp-content\/uploads\/2022\/03\/nichba-hangsys-wandgarderobe-300x300.jpg 300w, https:\/\/raum-blick.de\/magazin\/wp-content\/uploads\/2022\/03\/nichba-hangsys-wandgarderobe-150x150.jpg 150w, https:\/\/raum-blick.de\/magazin\/wp-content\/uploads\/2022\/03\/nichba-hangsys-wandgarderobe-768x768.jpg 768w\" sizes=\"(max-width: 800px) 100vw, 800px\" \/><\/a><\/p>\n<p style=\"text-align: justify;\">\u00c4sthetisch und materiell beschr\u00e4nkt sich die Wandgarderobe auf das absolut Wesentliche. Ihre magnetischen B\u00fcgel bieten sich f\u00fcr die Kleidung an. Die Haken nehmen Taschen und Schals entgegen.<\/p>\n<p><a href=\"\/nichba-schuhbox\"><img loading=\"lazy\" decoding=\"async\" class=\"aligncenter wp-image-15104 size-full\" title=\"NICHBA \u2013 Shoe box | puristisch &amp; besonders | Design: Nichlas B. Andersen\" src=\"https:\/\/www.raum-blick.de\/magazin\/wp-content\/uploads\/2022\/03\/nichba-schuhbox.jpg\" alt=\"nichba-schuhbox\" width=\"800\" height=\"800\" srcset=\"https:\/\/raum-blick.de\/magazin\/wp-content\/uploads\/2022\/03\/nichba-schuhbox.jpg 800w, https:\/\/raum-blick.de\/magazin\/wp-content\/uploads\/2022\/03\/nichba-schuhbox-300x300.jpg 300w, https:\/\/raum-blick.de\/magazin\/wp-content\/uploads\/2022\/03\/nichba-schuhbox-150x150.jpg 150w, https:\/\/raum-blick.de\/magazin\/wp-content\/uploads\/2022\/03\/nichba-schuhbox-768x768.jpg 768w\" sizes=\"(max-width: 800px) 100vw, 800px\" \/><\/a><\/p>\n<p style=\"text-align: justify;\">Die Schuhbox beweist, wie pfiffig und schick Ordnungshelfer sein k\u00f6nnen. Der schlicht eingerahmte Wandspiegel und zwei Hocker gesellen sich hinzu, fertig ist die Flurgarderobe!<\/p>\n<p><a href=\"\/nichba-spiegel\"><img loading=\"lazy\" decoding=\"async\" class=\"aligncenter wp-image-15097 size-full\" title=\"NICHBA \u2013 Mirror | puristisch &amp; schlicht | Design: Nichlas B. Andersen\" src=\"https:\/\/www.raum-blick.de\/magazin\/wp-content\/uploads\/2022\/03\/nichba-spiegel.jpg\" alt=\"nichba-spiegel\" width=\"800\" height=\"800\" srcset=\"https:\/\/raum-blick.de\/magazin\/wp-content\/uploads\/2022\/03\/nichba-spiegel.jpg 800w, https:\/\/raum-blick.de\/magazin\/wp-content\/uploads\/2022\/03\/nichba-spiegel-300x300.jpg 300w, https:\/\/raum-blick.de\/magazin\/wp-content\/uploads\/2022\/03\/nichba-spiegel-150x150.jpg 150w, https:\/\/raum-blick.de\/magazin\/wp-content\/uploads\/2022\/03\/nichba-spiegel-768x768.jpg 768w\" sizes=\"(max-width: 800px) 100vw, 800px\" \/><\/a><\/p>\n<p style=\"text-align: justify;\">Das Erfolgsgeheimnis von NICHBA ist die architektonische Reinheit. Sie verbl\u00fcfft genauso wie die filigrane Verarbeitung des Stahls. Der industriell akzentuierte Werkstoff erh\u00e4lt dadurch einen unerwartet edlen Akzent. So avanciert der Ort f\u00fcr die Kleidung zum stilistischen Statement.<\/p>\n<p><a href=\"\/nichba-hocker\"><img loading=\"lazy\" decoding=\"async\" class=\"aligncenter wp-image-15099 size-full\" title=\"NICHBA \u2013 Hocker | Alltagsgegenstand in modern | Design: Nichlas B. Andersen\" src=\"https:\/\/www.raum-blick.de\/magazin\/wp-content\/uploads\/2022\/03\/nichba-hocker.jpg\" alt=\"nichba-hocker minimalistische-garderobe-zusammenstellen\" width=\"800\" height=\"800\" srcset=\"https:\/\/raum-blick.de\/magazin\/wp-content\/uploads\/2022\/03\/nichba-hocker.jpg 800w, https:\/\/raum-blick.de\/magazin\/wp-content\/uploads\/2022\/03\/nichba-hocker-300x300.jpg 300w, https:\/\/raum-blick.de\/magazin\/wp-content\/uploads\/2022\/03\/nichba-hocker-150x150.jpg 150w, https:\/\/raum-blick.de\/magazin\/wp-content\/uploads\/2022\/03\/nichba-hocker-768x768.jpg 768w\" sizes=\"(max-width: 800px) 100vw, 800px\" \/><\/a><\/p>\n<p style=\"text-align: justify;\">Galant verst\u00e4rkt eine Wandfarbe in Betonoptik den schicken Minimalismus. Wer sich einen Kontrast f\u00fcr die formal reduzierte Garderobe w\u00fcnscht, erg\u00e4nzt eine opulente Designerlampe. Sie verkn\u00fcpft die einladende Lichtgestaltung mit dem individuellen Blickfang.<\/p>\n<h2><span class=\"ez-toc-section\" id=\"Puristisches_Naturparadies_%E2%80%93_bin_ich_schon_drin_oder_immer_noch_draussen\"><\/span>Puristisches Naturparadies \u2013 bin ich schon drin oder immer noch drau\u00dfen?<span class=\"ez-toc-section-end\"><\/span><\/h2>\n<p style=\"text-align: justify;\">Typisch f\u00fcr eine minimalistische Garderobe sind geradlinige Formen. Der Designansatz kann sich aber auch darauf beziehen, dass sich die Materialverarbeitung auf das Minimum beschr\u00e4nkt. Daf\u00fcr entscheidet sich Jan Kurtz bei der Holzgarderobe Fred, die Assoziationen mit einem Baum weckt.<\/p>\n<p><img loading=\"lazy\" decoding=\"async\" class=\"aligncenter wp-image-15077 size-full\" title=\"Jan Kurtz \u2013 Fred Kleiderst\u00e4nder | f\u00fcr den Au\u00dfenbereich geeignet\" src=\"https:\/\/www.raum-blick.de\/magazin\/wp-content\/uploads\/2022\/03\/jan-kurtz-fred-kleiderstaender.jpg\" alt=\"jan-kurtz-fred-kleiderstaender\" width=\"800\" height=\"800\" srcset=\"https:\/\/raum-blick.de\/magazin\/wp-content\/uploads\/2022\/03\/jan-kurtz-fred-kleiderstaender.jpg 800w, https:\/\/raum-blick.de\/magazin\/wp-content\/uploads\/2022\/03\/jan-kurtz-fred-kleiderstaender-300x300.jpg 300w, https:\/\/raum-blick.de\/magazin\/wp-content\/uploads\/2022\/03\/jan-kurtz-fred-kleiderstaender-150x150.jpg 150w, https:\/\/raum-blick.de\/magazin\/wp-content\/uploads\/2022\/03\/jan-kurtz-fred-kleiderstaender-768x768.jpg 768w\" sizes=\"(max-width: 800px) 100vw, 800px\" \/><\/p>\n<p style=\"text-align: justify;\">Wer daran seine Kleidung platziert, muss unwillk\u00fcrlich schmunzeln. Das positive Gef\u00fchl h\u00e4lt beim neugierigen Rundumblick an. Die skizzenhafte Tapete deutet Bambusgew\u00e4chse nur an. Trotzdem vermittelt sie den Eindruck, mitten in der Natur zu sein. Eine <a href=\"https:\/\/www.raum-blick.de\/relaxound\/\">Relaxound Soundbox<\/a> steuert \u00fcberraschend Vogelgezwitscher bei.<\/p>\n<p><a href=\"\/jan-kurtz-fred-hocker\"><img loading=\"lazy\" decoding=\"async\" class=\"aligncenter wp-image-15080 size-full\" title=\"Jan Kurtz \u2013 Fred Hocker | Outdoor-Hocker aus Teakholz\" src=\"https:\/\/www.raum-blick.de\/magazin\/wp-content\/uploads\/2022\/03\/jan-kurtz-fred-hocker.jpg\" alt=\"jan-kurtz-fred-hocker\" width=\"800\" height=\"800\" srcset=\"https:\/\/raum-blick.de\/magazin\/wp-content\/uploads\/2022\/03\/jan-kurtz-fred-hocker.jpg 800w, https:\/\/raum-blick.de\/magazin\/wp-content\/uploads\/2022\/03\/jan-kurtz-fred-hocker-300x300.jpg 300w, https:\/\/raum-blick.de\/magazin\/wp-content\/uploads\/2022\/03\/jan-kurtz-fred-hocker-150x150.jpg 150w, https:\/\/raum-blick.de\/magazin\/wp-content\/uploads\/2022\/03\/jan-kurtz-fred-hocker-768x768.jpg 768w\" sizes=\"(max-width: 800px) 100vw, 800px\" \/><\/a><\/p>\n<p style=\"text-align: justify;\">Die Holzhocker Fred sind genauso wie die Garderobe minimalistisch und urw\u00fcchsig. Sie passen perfekt zur unkonventionellen Einrichtungsidee. Als Ablagen werten die Schemel von Jan Kurtz den Flur funktional auf.<\/p>\n<p><a href=\"\/jan-kurtz-paris-hocker\"><img loading=\"lazy\" decoding=\"async\" class=\"aligncenter wp-image-15083 size-full\" title=\"Jan Kurtz Paris Hocker \" src=\"https:\/\/www.raum-blick.de\/magazin\/wp-content\/uploads\/2022\/03\/jan-kurtz-paris-hocker.jpg\" alt=\"jan-kurtz-paris-hocker\" width=\"800\" height=\"800\" srcset=\"https:\/\/raum-blick.de\/magazin\/wp-content\/uploads\/2022\/03\/jan-kurtz-paris-hocker.jpg 800w, https:\/\/raum-blick.de\/magazin\/wp-content\/uploads\/2022\/03\/jan-kurtz-paris-hocker-300x300.jpg 300w, https:\/\/raum-blick.de\/magazin\/wp-content\/uploads\/2022\/03\/jan-kurtz-paris-hocker-150x150.jpg 150w, https:\/\/raum-blick.de\/magazin\/wp-content\/uploads\/2022\/03\/jan-kurtz-paris-hocker-768x768.jpg 768w\" sizes=\"(max-width: 800px) 100vw, 800px\" \/><\/a><\/p>\n<p style=\"text-align: justify;\">Manchmal wird darauf ein Kaffee platziert. Denn direkt daneben \u00fcberrascht der klappbare Holzliegestuhl mit seiner Anwesenheit. An tr\u00fcben Tagen bietet er in der Wohnung einen R\u00fcckzugsort, der an Urlaub erinnert. Zeigt sich die Sonne, geht der Lieblingsplatz auf Reisen und l\u00e4dt zur entspannten Pause im Vorgarten ein.<\/p>\n","protected":false},"excerpt":{"rendered":"<p>\u00ab Moderne Hakengarderoben nutzen wenig Platz f\u00fcr spannende Eingangsbereiche \u00bb Der Flur erh\u00e4lt ein luftiges Flair. Beim ersten Schritt in die Wohnung seufzt man befreit auf: Wie sch\u00f6n ist das Zuhause. Wenn Sie eine minimalistische Garderobe zusammenstellen, bleibt zudem mehr Raum f\u00fcr individuelle Einrichtungsideen. Flureinrichtung mit literarischem Mehrwert Jacke, Tasche und M\u00fctze werden kurz an [&hellip;]<\/p>\n","protected":false},"author":4,"featured_media":15103,"comment_status":"closed","ping_status":"open","sticky":false,"template":"","format":"standard","meta":{"_et_pb_use_builder":"","_et_pb_old_content":"","_et_gb_content_width":"","inline_featured_image":false,"footnotes":""},"categories":[1],"tags":[334,1374,953,407,1649,1487,331,385,1648,158,56,1051,383,533,1025,1024,1529,663,239,1480,57,1490,914,1651,19,151,1650,560],"class_list":["post-15038","post","type-post","status-publish","format-standard","has-post-thumbnail","hentry","category-drinnen","tag-design","tag-eingangsbereich","tag-einrichtung","tag-flur","tag-flureinrichtung","tag-flurgarderobe","tag-garderobe","tag-garderobenleisten","tag-hakengarderoben","tag-hocker","tag-indoor","tag-jan-kurtz","tag-kleiderbuegel","tag-kleiderstaender","tag-minimalismus","tag-minimalistisch","tag-minimalistisch-einrichten","tag-modern","tag-muuto","tag-nichba","tag-outdoor","tag-regalsystem","tag-schreibtisch","tag-schuhbox","tag-skagerak","tag-spiegel","tag-the-dots","tag-we-do-wood"],"_links":{"self":[{"href":"https:\/\/raum-blick.de\/magazin\/wp-json\/wp\/v2\/posts\/15038","targetHints":{"allow":["GET"]}}],"collection":[{"href":"https:\/\/raum-blick.de\/magazin\/wp-json\/wp\/v2\/posts"}],"about":[{"href":"https:\/\/raum-blick.de\/magazin\/wp-json\/wp\/v2\/types\/post"}],"author":[{"embeddable":true,"href":"https:\/\/raum-blick.de\/magazin\/wp-json\/wp\/v2\/users\/4"}],"replies":[{"embeddable":true,"href":"https:\/\/raum-blick.de\/magazin\/wp-json\/wp\/v2\/comments?post=15038"}],"version-history":[{"count":31,"href":"https:\/\/raum-blick.de\/magazin\/wp-json\/wp\/v2\/posts\/15038\/revisions"}],"predecessor-version":[{"id":21288,"href":"https:\/\/raum-blick.de\/magazin\/wp-json\/wp\/v2\/posts\/15038\/revisions\/21288"}],"wp:featuredmedia":[{"embeddable":true,"href":"https:\/\/raum-blick.de\/magazin\/wp-json\/wp\/v2\/media\/15103"}],"wp:attachment":[{"href":"https:\/\/raum-blick.de\/magazin\/wp-json\/wp\/v2\/media?parent=15038"}],"wp:term":[{"taxonomy":"category","embeddable":true,"href":"https:\/\/raum-blick.de\/magazin\/wp-json\/wp\/v2\/categories?post=15038"},{"taxonomy":"post_tag","embeddable":true,"href":"https:\/\/raum-blick.de\/magazin\/wp-json\/wp\/v2\/tags?post=15038"}],"curies":[{"name":"wp","href":"https:\/\/api.w.org\/{rel}","templated":true}]}}