{"id":14894,"date":"2022-01-20T14:56:17","date_gmt":"2022-01-20T13:56:17","guid":{"rendered":"https:\/\/www.raum-blick.de\/magazin\/?p=14894"},"modified":"2024-09-16T11:37:42","modified_gmt":"2024-09-16T09:37:42","slug":"kuschelige-wollplaids","status":"publish","type":"post","link":"https:\/\/raum-blick.de\/magazin\/kuschelige-wollplaids\/","title":{"rendered":"Kuschelige Wollplaids"},"content":{"rendered":"<h2><span class=\"ez-toc-section\" id=\"%C2%AB_Die_besten_Freunde_im_Winter_%C2%BB\"><\/span>\u00ab Die besten Freunde im Winter \u00bb<span class=\"ez-toc-section-end\"><\/span><\/h2>\n<p style=\"text-align: justify;\"><strong>Nach einer gro\u00dfz\u00fcgigen Kostprobe des schroffen Winterwetters erreicht man fr\u00f6stelnd die Wohnung. Redlich verdient hat man sich die Kuschelstunde mit Hei\u00dfgetr\u00e4nk auf der Couch. Unverzichtbar sind dabei weiche <\/strong><a href=\"https:\/\/www.raum-blick.de\/decken\/\"><strong>Wolldecken und Plaids<\/strong><\/a><strong>, die exakt zu den individuellen Vorstellungen passen.<\/strong><\/p>\n<h2><span class=\"ez-toc-section\" id=\"Das_Format_%E2%80%93_eine_Frage_des_Geschmacks\"><\/span>Das Format \u2013 eine Frage des Geschmacks<span class=\"ez-toc-section-end\"><\/span><\/h2>\n<p style=\"text-align: justify;\">Schneeregen kr\u00f6nt die frostigen Temperaturen. Es w\u00e4re fast verr\u00fcckt, den Feierabend f\u00fcr Unternehmungen zu nutzen. Das spricht f\u00fcr eine ordentliche Portion Gem\u00fctlichkeit. Gen\u00fcsslich rekelt man sich auf dem Sofa. Dabei umh\u00fcllt die Wolldecke s\u00e4mtliche K\u00f6rperteile wie ein Kokon. W\u00e4re man zum Teilen bereit, w\u00fcrde sie problemlos einer zweiten Person intensive W\u00e4rme schenken.<\/p><div id=\"ez-toc-container\" class=\"ez-toc-v2_0_82_2 counter-hierarchy ez-toc-counter ez-toc-grey ez-toc-container-direction\">\n<div class=\"ez-toc-title-container\">\n<p class=\"ez-toc-title\" style=\"cursor:inherit\">Was hier auf Sie wartet<\/p>\n<span class=\"ez-toc-title-toggle\"><a href=\"#\" class=\"ez-toc-pull-right ez-toc-btn ez-toc-btn-xs ez-toc-btn-default ez-toc-toggle\" aria-label=\"Toggle Table of Content\"><span class=\"ez-toc-js-icon-con\"><span class=\"\"><span class=\"eztoc-hide\" style=\"display:none;\">Toggle<\/span><span class=\"ez-toc-icon-toggle-span\"><svg style=\"fill: #999;color:#999\" xmlns=\"http:\/\/www.w3.org\/2000\/svg\" class=\"list-377408\" width=\"20px\" height=\"20px\" viewBox=\"0 0 24 24\" fill=\"none\"><path d=\"M6 6H4v2h2V6zm14 0H8v2h12V6zM4 11h2v2H4v-2zm16 0H8v2h12v-2zM4 16h2v2H4v-2zm16 0H8v2h12v-2z\" fill=\"currentColor\"><\/path><\/svg><svg style=\"fill: #999;color:#999\" class=\"arrow-unsorted-368013\" xmlns=\"http:\/\/www.w3.org\/2000\/svg\" width=\"10px\" height=\"10px\" viewBox=\"0 0 24 24\" version=\"1.2\" baseProfile=\"tiny\"><path d=\"M18.2 9.3l-6.2-6.3-6.2 6.3c-.2.2-.3.4-.3.7s.1.5.3.7c.2.2.4.3.7.3h11c.3 0 .5-.1.7-.3.2-.2.3-.5.3-.7s-.1-.5-.3-.7zM5.8 14.7l6.2 6.3 6.2-6.3c.2-.2.3-.5.3-.7s-.1-.5-.3-.7c-.2-.2-.4-.3-.7-.3h-11c-.3 0-.5.1-.7.3-.2.2-.3.5-.3.7s.1.5.3.7z\"\/><\/svg><\/span><\/span><\/span><\/a><\/span><\/div>\n<nav><ul class='ez-toc-list ez-toc-list-level-1 ' ><li class='ez-toc-page-1 ez-toc-heading-level-2'><a class=\"ez-toc-link ez-toc-heading-1\" href=\"https:\/\/raum-blick.de\/magazin\/kuschelige-wollplaids\/#%C2%AB_Die_besten_Freunde_im_Winter_%C2%BB\" >\u00ab Die besten Freunde im Winter \u00bb<\/a><\/li><li class='ez-toc-page-1 ez-toc-heading-level-2'><a class=\"ez-toc-link ez-toc-heading-2\" href=\"https:\/\/raum-blick.de\/magazin\/kuschelige-wollplaids\/#Das_Format_%E2%80%93_eine_Frage_des_Geschmacks\" >Das Format \u2013 eine Frage des Geschmacks<\/a><\/li><li class='ez-toc-page-1 ez-toc-heading-level-2'><a class=\"ez-toc-link ez-toc-heading-3\" href=\"https:\/\/raum-blick.de\/magazin\/kuschelige-wollplaids\/#Wollplaids_%E2%80%93_Wohntextilien_zum_Wohlfuehlen_aus_Naturmaterialien\" >Wollplaids \u2013 Wohntextilien zum Wohlf\u00fchlen aus Naturmaterialien<\/a><\/li><li class='ez-toc-page-1 ez-toc-heading-level-2'><a class=\"ez-toc-link ez-toc-heading-4\" href=\"https:\/\/raum-blick.de\/magazin\/kuschelige-wollplaids\/#Kuschelaccessoires_aus_pflegeleichten_Materialien\" >Kuschelaccessoires aus pflegeleichten Materialien<\/a><\/li><li class='ez-toc-page-1 ez-toc-heading-level-2'><a class=\"ez-toc-link ez-toc-heading-5\" href=\"https:\/\/raum-blick.de\/magazin\/kuschelige-wollplaids\/#Winterliche_Wohnaccessoires_praktisch_und_dekorativ\" >Winterliche Wohnaccessoires: praktisch und dekorativ<\/a><\/li><\/ul><\/nav><\/div>\n\n<p><a href=\"https:\/\/www.raum-blick.de\/umage-a-conversation-piece-lounge-chair\"><img loading=\"lazy\" decoding=\"async\" class=\"aligncenter wp-image-14943 size-full\" title=\"UMAGE \u2013 A Conversation Piece Sessel | Bequemer Lesesessel | Design: Anders Klem\" src=\"https:\/\/www.raum-blick.de\/magazin\/wp-content\/uploads\/2022\/02\/umage-a-conversation-piece-lounge-chair.jpg\" alt=\"umage-a-conversation-piece-lounge-chair\" width=\"800\" height=\"800\" srcset=\"https:\/\/raum-blick.de\/magazin\/wp-content\/uploads\/2022\/02\/umage-a-conversation-piece-lounge-chair.jpg 800w, https:\/\/raum-blick.de\/magazin\/wp-content\/uploads\/2022\/02\/umage-a-conversation-piece-lounge-chair-300x300.jpg 300w, https:\/\/raum-blick.de\/magazin\/wp-content\/uploads\/2022\/02\/umage-a-conversation-piece-lounge-chair-150x150.jpg 150w, https:\/\/raum-blick.de\/magazin\/wp-content\/uploads\/2022\/02\/umage-a-conversation-piece-lounge-chair-768x768.jpg 768w\" sizes=\"(max-width: 800px) 100vw, 800px\" \/><\/a><\/p>\n<p style=\"text-align: justify;\">Die Wetterlage am Wochenende ist genauso unwirtlich. Gen\u00fcsslich wird im Lesesessel am Kakao genippt und geschm\u00f6kert. Der Blick aus dem Fenster bewegt zum Aufseufzen: wie sch\u00f6n, dass man ein behagliches Zuhause hat. Die Emotionen sch\u00fcren trotz wohltemperierter Wohnung die Lust auf ein kuscheliges Gef\u00fchl. Spontan legt man sich das Wollplaid auf den Scho\u00df und streicht beim Lesen vertr\u00e4umt mit der Hand dar\u00fcber. Die verwendeten Heimtextilien bei den skizzierten Wohlf\u00fchlmomenten sind \u00e4hnlich, erf\u00fcllen aber unterschiedliche W\u00fcnsche.<\/p>\n<p><img loading=\"lazy\" decoding=\"async\" class=\"aligncenter wp-image-14926 size-full\" title=\"ESSENZA \u2013 Isabelle Plaid | weicher \u00dcberwurf\" src=\"https:\/\/www.raum-blick.de\/magazin\/wp-content\/uploads\/2022\/02\/essenza-isabelle-plaid.jpg\" alt=\"essenza-isabelle-plaid\" width=\"800\" height=\"800\" srcset=\"https:\/\/raum-blick.de\/magazin\/wp-content\/uploads\/2022\/02\/essenza-isabelle-plaid.jpg 800w, https:\/\/raum-blick.de\/magazin\/wp-content\/uploads\/2022\/02\/essenza-isabelle-plaid-300x300.jpg 300w, https:\/\/raum-blick.de\/magazin\/wp-content\/uploads\/2022\/02\/essenza-isabelle-plaid-150x150.jpg 150w, https:\/\/raum-blick.de\/magazin\/wp-content\/uploads\/2022\/02\/essenza-isabelle-plaid-768x768.jpg 768w\" sizes=\"(max-width: 800px) 100vw, 800px\" \/><\/p>\n<p style=\"text-align: justify;\">Wollplaids werden auch als Schulterdecke bezeichnet, weil sie d\u00fcnn und leicht ausgef\u00fchrt sind. Die Ma\u00dfe sind meist so gew\u00e4hlt, dass die Kuscheldecke den K\u00f6rper eher teilweise als ganz bedeckt. Das floral gemusterte Accessoire <a href=\"https:\/\/www.raum-blick.de\/essenza\/\">Isabelle von Essenza<\/a> bekennt sich mit einer L\u00e4nge von 135 cm und Breite von 70 cm zu einem typischen Plaid-Format. Zu den beheizten Wohnr\u00e4umen in der Gegenwart passt die materielle Leichtigkeit wunderbar. Das partielle Einkuscheln ist aber Geschmackssache.<\/p>\n<p><img loading=\"lazy\" decoding=\"async\" class=\"aligncenter wp-image-14934 size-full\" title=\"Silkeborg Uldspinderi \u2013 Juliaca Wolldecke | 130x200 cm\" src=\"https:\/\/www.raum-blick.de\/magazin\/wp-content\/uploads\/2022\/02\/silkeborg-uldspinderi-juliaca-decke.jpg\" alt=\"silkeborg-uldspinderi-juliaca-decke\" width=\"800\" height=\"800\" srcset=\"https:\/\/raum-blick.de\/magazin\/wp-content\/uploads\/2022\/02\/silkeborg-uldspinderi-juliaca-decke.jpg 800w, https:\/\/raum-blick.de\/magazin\/wp-content\/uploads\/2022\/02\/silkeborg-uldspinderi-juliaca-decke-300x300.jpg 300w, https:\/\/raum-blick.de\/magazin\/wp-content\/uploads\/2022\/02\/silkeborg-uldspinderi-juliaca-decke-150x150.jpg 150w, https:\/\/raum-blick.de\/magazin\/wp-content\/uploads\/2022\/02\/silkeborg-uldspinderi-juliaca-decke-768x768.jpg 768w\" sizes=\"(max-width: 800px) 100vw, 800px\" \/><\/p>\n<p style=\"text-align: justify;\">Auf den Wunsch geht die <a href=\"https:\/\/www.raum-blick.de\/silkeborg\/\">Silkeborg Uldspinderi<\/a> ein. Sie entwirft feine Wollplaids mit Fransen, die in kleinformatigen und gro\u00dfz\u00fcgigen Versionen zu haben sind. Bei klassischen Wolldecken ist das Material dicker ausgef\u00fchrt und die Dimension \u00e4hnelt dem Oberbett. Ein Paradebeispiel daf\u00fcr ist die Derbe von Wollzeit, die 155 x 220 cm misst und auch f\u00fcr Campingausfl\u00fcge gewappnet ist.<\/p>\n<p><img loading=\"lazy\" decoding=\"async\" class=\"aligncenter wp-image-14930 size-full\" title=\"Wollzeit \u2013 Die Derbe Doubleface | Wohndecke\" src=\"https:\/\/www.raum-blick.de\/magazin\/wp-content\/uploads\/2022\/02\/wollzeit-die-derbe.jpg\" alt=\"wollzeit-die-derbe kuschelige-wollplaids\" width=\"800\" height=\"800\" srcset=\"https:\/\/raum-blick.de\/magazin\/wp-content\/uploads\/2022\/02\/wollzeit-die-derbe.jpg 800w, https:\/\/raum-blick.de\/magazin\/wp-content\/uploads\/2022\/02\/wollzeit-die-derbe-300x300.jpg 300w, https:\/\/raum-blick.de\/magazin\/wp-content\/uploads\/2022\/02\/wollzeit-die-derbe-150x150.jpg 150w, https:\/\/raum-blick.de\/magazin\/wp-content\/uploads\/2022\/02\/wollzeit-die-derbe-768x768.jpg 768w\" sizes=\"(max-width: 800px) 100vw, 800px\" \/><\/p>\n<p style=\"text-align: justify;\">Wollplaids oder Decken? Die Frage stellt sich f\u00fcr Genie\u00dfer nicht: Beide Wollaccessoires freuen sich \u00fcber einen Stammplatz im Wohnzimmer der Genie\u00dfer. Kuschelbedarf oder Nickerchen? Die Antwort entscheidet, wozu man spontan greift.<\/p>\n<h2><span class=\"ez-toc-section\" id=\"Wollplaids_%E2%80%93_Wohntextilien_zum_Wohlfuehlen_aus_Naturmaterialien\"><\/span>Wollplaids \u2013 Wohntextilien zum Wohlf\u00fchlen aus Naturmaterialien<span class=\"ez-toc-section-end\"><\/span><\/h2>\n<p style=\"text-align: justify;\">Traditionell wird keine Kuscheldecke aus Baumwolle hergestellt. Vorteilhaft ist bei dem Naturmaterial, dass es atmungsaktiv ist. Es hat aber nur bedingt w\u00e4rmende Eigenschaften. Zum Relaxen in der kalten Jahreszeit passt reine Wolle besser. Entsteht unter der Decke zu viel W\u00e4rme oder Feuchtigkeit, wird sie abtransportiert. Kommt feuchte oder kalte Luft von au\u00dfen, wird sie abgewiesen.<\/p>\n<p><img loading=\"lazy\" decoding=\"async\" class=\"aligncenter wp-image-14922 size-full\" title=\"Wollzeit \u2013 Das Plaid | Kuscheldecke\" src=\"https:\/\/www.raum-blick.de\/magazin\/wp-content\/uploads\/2022\/02\/wollzeit-das-plaid.jpg\" alt=\"wollzeit-das-plaid\" width=\"800\" height=\"800\" srcset=\"https:\/\/raum-blick.de\/magazin\/wp-content\/uploads\/2022\/02\/wollzeit-das-plaid.jpg 800w, https:\/\/raum-blick.de\/magazin\/wp-content\/uploads\/2022\/02\/wollzeit-das-plaid-300x300.jpg 300w, https:\/\/raum-blick.de\/magazin\/wp-content\/uploads\/2022\/02\/wollzeit-das-plaid-150x150.jpg 150w, https:\/\/raum-blick.de\/magazin\/wp-content\/uploads\/2022\/02\/wollzeit-das-plaid-768x768.jpg 768w\" sizes=\"(max-width: 800px) 100vw, 800px\" \/><\/p>\n<p style=\"text-align: justify;\">Mit diesem temperaturregulierenden Effekt begeistern alle Wollplaids und Wolldecken. Wie stark der w\u00e4rmende Charakter ausgepr\u00e4gt ist, l\u00e4sst sich bei der Herstellung trotzdem beeinflussen. Daf\u00fcr werfen erfahrenen Marke ihr umfangreiches Wissen rund um Wolle in die Waagschale. Nahe liegt der Gedanke, die St\u00e4rke des Gewebes zu ver\u00e4ndern. Den Ansatz w\u00e4hlt Wollzeit bei der Verarbeitung von reiner Schurwolle.<\/p>\n<p><a href=\"https:\/\/www.raum-blick.de\/silkeborg-uldspinderi-franja-wolldecke\"><img loading=\"lazy\" decoding=\"async\" class=\"aligncenter wp-image-14920 size-full\" title=\"Silkeborg Uldspinderi \u2013 Franja Wolldecke | 140x170 cm | Design: Margrethe Odgaard\" src=\"https:\/\/www.raum-blick.de\/magazin\/wp-content\/uploads\/2022\/02\/silkeborg-uldspinderi-franja-wolldecke.jpg\" alt=\"silkeborg-uldspinderi-franja-wolldecke kuschelige-wollplaids\" width=\"800\" height=\"620\" srcset=\"https:\/\/raum-blick.de\/magazin\/wp-content\/uploads\/2022\/02\/silkeborg-uldspinderi-franja-wolldecke.jpg 800w, https:\/\/raum-blick.de\/magazin\/wp-content\/uploads\/2022\/02\/silkeborg-uldspinderi-franja-wolldecke-300x233.jpg 300w, https:\/\/raum-blick.de\/magazin\/wp-content\/uploads\/2022\/02\/silkeborg-uldspinderi-franja-wolldecke-768x595.jpg 768w\" sizes=\"(max-width: 800px) 100vw, 800px\" \/><\/a><\/p>\n<p style=\"text-align: justify;\">Die Silkeborg Uldspinderi experimentiert versiert mit verschiedenen Naturfasern, um den Kuschelfaktor zu variieren. Bestehen die Wollplaids aus Alpaka, f\u00fchlen sie sich seidig an und \u00fcberzeugen im Sommer genauso wie im Winter. Denn das Naturhaar beschert der Kamelart in Regionen ein angenehmes K\u00f6rpergef\u00fchl, in denen es tags\u00fcber hei\u00df und nachts kalt ist.<\/p>\n<p><a href=\"https:\/\/www.raum-blick.de\/silkeborg-uldspinderi-twist-a-twill-decke\"><img loading=\"lazy\" decoding=\"async\" class=\"aligncenter wp-image-14918 size-full\" title=\"Silkeborg Uldspinderi \u2013 Twist a Twill Wolldecke | 130x190 cm | Design: Tina Ratzer\" src=\"https:\/\/www.raum-blick.de\/magazin\/wp-content\/uploads\/2022\/02\/silkeborg-uldspinderi-twist-a-twill-decke.jpg\" alt=\"silkeborg-uldspinderi-twist-a-twill-decke\" width=\"800\" height=\"800\" srcset=\"https:\/\/raum-blick.de\/magazin\/wp-content\/uploads\/2022\/02\/silkeborg-uldspinderi-twist-a-twill-decke.jpg 800w, https:\/\/raum-blick.de\/magazin\/wp-content\/uploads\/2022\/02\/silkeborg-uldspinderi-twist-a-twill-decke-300x300.jpg 300w, https:\/\/raum-blick.de\/magazin\/wp-content\/uploads\/2022\/02\/silkeborg-uldspinderi-twist-a-twill-decke-150x150.jpg 150w, https:\/\/raum-blick.de\/magazin\/wp-content\/uploads\/2022\/02\/silkeborg-uldspinderi-twist-a-twill-decke-768x768.jpg 768w\" sizes=\"(max-width: 800px) 100vw, 800px\" \/><\/a><\/p>\n<p style=\"text-align: justify;\">Die Wolle vom Merinoschaf ist wunderbar flauschig und spendet intensiv W\u00e4rme. Das gilt auch dann, wenn die Wintertage frostig und die Wollplaids d\u00fcnn ausgef\u00fchrt sind. Welche Wolldecke w\u00e4rmt am besten? Das h\u00e4ngt von den pers\u00f6nlichen Vorlieben genauso ab wie von der Verwendung. Klassische Schafwolle ist beispielsweise als Outdoor-Accessoire ideal:<\/p>\n<p><img loading=\"lazy\" decoding=\"async\" class=\"aligncenter wp-image-14938 size-full\" title=\"Silkeborg Uldspinderi \u2013 La Paz Wolldecke | 130x200 cm\" src=\"https:\/\/www.raum-blick.de\/magazin\/wp-content\/uploads\/2022\/02\/silkeborg-uldspinderi-la-paz-decke.jpg\" alt=\"silkeborg-uldspinderi-la-paz-decke kuschelige-wollplaids\" width=\"800\" height=\"800\" srcset=\"https:\/\/raum-blick.de\/magazin\/wp-content\/uploads\/2022\/02\/silkeborg-uldspinderi-la-paz-decke.jpg 800w, https:\/\/raum-blick.de\/magazin\/wp-content\/uploads\/2022\/02\/silkeborg-uldspinderi-la-paz-decke-300x300.jpg 300w, https:\/\/raum-blick.de\/magazin\/wp-content\/uploads\/2022\/02\/silkeborg-uldspinderi-la-paz-decke-150x150.jpg 150w, https:\/\/raum-blick.de\/magazin\/wp-content\/uploads\/2022\/02\/silkeborg-uldspinderi-la-paz-decke-768x768.jpg 768w\" sizes=\"(max-width: 800px) 100vw, 800px\" \/><\/p>\n<p style=\"text-align: justify;\">Der W\u00e4rmeeffekt ist ausgepr\u00e4gt und das Material strapazierf\u00e4hig. Wer gern kuschelt, aber schnell schwitzt, wird sich eher in weiche Wollplaid aus Babyalpaka verlieben.<\/p>\n<h2><span class=\"ez-toc-section\" id=\"Kuschelaccessoires_aus_pflegeleichten_Materialien\"><\/span>Kuschelaccessoires aus pflegeleichten Materialien<span class=\"ez-toc-section-end\"><\/span><\/h2>\n<p style=\"text-align: justify;\">Wolle wird ein selbstreinigender Effekt zugesprochen. Ger\u00fcche halten sich in den Naturfasern kaum. Falls doch, verfl\u00fcchtigen sie sich samt vieler Bakterien, wenn man die Heimtextilien bei Sonne und Wind drau\u00dfen l\u00fcftet. Eine chemische Reinigung ist deshalb nur gelegentlich notwendig.<\/p>\n<p><img loading=\"lazy\" decoding=\"async\" class=\"aligncenter wp-image-14908 size-full\" title=\"pad \u2013 DREAM CATCHER Decke | weiche und kuschelige Tagesdecke\" src=\"https:\/\/www.raum-blick.de\/magazin\/wp-content\/uploads\/2022\/02\/pad-dream-catcher-decke.jpg\" alt=\"pad-dream-catcher-decke\" width=\"800\" height=\"700\" srcset=\"https:\/\/raum-blick.de\/magazin\/wp-content\/uploads\/2022\/02\/pad-dream-catcher-decke.jpg 800w, https:\/\/raum-blick.de\/magazin\/wp-content\/uploads\/2022\/02\/pad-dream-catcher-decke-300x263.jpg 300w, https:\/\/raum-blick.de\/magazin\/wp-content\/uploads\/2022\/02\/pad-dream-catcher-decke-768x672.jpg 768w\" sizes=\"(max-width: 800px) 100vw, 800px\" \/><\/p>\n<p style=\"text-align: justify;\">Das Theoretische \u00fcberzeugt bekanntlich nicht immer in der Praxis. Es tropft aus dem Mund, w\u00e4hrend das Kleinkind die Milch schl\u00fcrft. Der Hund st\u00f6rt sich nach dem Spaziergang durch den Regen nicht daran, dass die Sofalandschaft f\u00fcr ihn tabu ist. Es gibt viele Gr\u00fcnde daf\u00fcr, sich waschmaschinentaugliche Decken aus Baumwolle zu w\u00fcnschen. Ein Herz f\u00fcrs Ausgefallene und Pflegeleichte zeigt <a href=\"https:\/\/www.raum-blick.de\/pad\/\">pad<\/a>.<\/p>\n<p><img loading=\"lazy\" decoding=\"async\" class=\"aligncenter wp-image-14913 size-full\" title=\"pad \u2013 SKIER Decke 150x200 cm | Wohndecke\" src=\"https:\/\/www.raum-blick.de\/magazin\/wp-content\/uploads\/2022\/02\/pad-skier-wohndecke.jpg\" alt=\"pad-skier-wohndecke\" width=\"800\" height=\"720\" srcset=\"https:\/\/raum-blick.de\/magazin\/wp-content\/uploads\/2022\/02\/pad-skier-wohndecke.jpg 800w, https:\/\/raum-blick.de\/magazin\/wp-content\/uploads\/2022\/02\/pad-skier-wohndecke-300x270.jpg 300w, https:\/\/raum-blick.de\/magazin\/wp-content\/uploads\/2022\/02\/pad-skier-wohndecke-768x691.jpg 768w\" sizes=\"(max-width: 800px) 100vw, 800px\" \/><\/p>\n<p style=\"text-align: justify;\">Die Marke begeistert mit einer immensen Vielfalt an Designideen f\u00fcr kleine und gro\u00dfe Kuschelfans. So findet sich f\u00fcr jeden das Lieblingsst\u00fcck, das die kalten Winterabende begleitet. Atmungsaktive Baumwolle pr\u00e4gt die Kollektionen. Synthetische Fasern werden f\u00fcr die flauschige Haptik beigemischt.<\/p>\n<p><img loading=\"lazy\" decoding=\"async\" class=\"aligncenter wp-image-14910 size-full\" title=\"ESSENZA \u2013 Shelley Plaid | weiche Tagesdecke\" src=\"https:\/\/www.raum-blick.de\/magazin\/wp-content\/uploads\/2022\/02\/essenza-shelley-plaid.jpg\" alt=\"essenza-shelley-plaid kuschelige-wollplaids\" width=\"800\" height=\"800\" srcset=\"https:\/\/raum-blick.de\/magazin\/wp-content\/uploads\/2022\/02\/essenza-shelley-plaid.jpg 800w, https:\/\/raum-blick.de\/magazin\/wp-content\/uploads\/2022\/02\/essenza-shelley-plaid-300x300.jpg 300w, https:\/\/raum-blick.de\/magazin\/wp-content\/uploads\/2022\/02\/essenza-shelley-plaid-150x150.jpg 150w, https:\/\/raum-blick.de\/magazin\/wp-content\/uploads\/2022\/02\/essenza-shelley-plaid-768x768.jpg 768w\" sizes=\"(max-width: 800px) 100vw, 800px\" \/><\/p>\n<p style=\"text-align: justify;\">Auch Kunstfasern k\u00f6nnen hochwertig sein und sich exklusiv anf\u00fchlen. Das beweist Essenza mit Plaids aus Samt und Teddyfell, die man unkompliziert in der Maschine waschen kann.<\/p>\n<h2><span class=\"ez-toc-section\" id=\"Winterliche_Wohnaccessoires_praktisch_und_dekorativ\"><\/span>Winterliche Wohnaccessoires: praktisch und dekorativ<span class=\"ez-toc-section-end\"><\/span><\/h2>\n<p style=\"text-align: justify;\">Der Duft des Wintertees umgarnt die Nase. Streicheleinheiten g\u00f6nnt die weiche Wolle der Haut. Das Auge w\u00fcrde sich beim sinnlichen Verw\u00f6hnprogramm vernachl\u00e4ssigt f\u00fchlen, wenn man auf das Design keinen Wert legt. Assoziationen mit urigem H\u00fcttenzauber werden entfacht, sobald der traditionelle Rohstoff im Vordergrund steht. Daf\u00fcr entscheidet sich Wollzeit bei den schn\u00f6rkellos gestalteten Decken in Naturt\u00f6nen, deren Rand gekettelt ist.<\/p>\n<p><img loading=\"lazy\" decoding=\"async\" class=\"aligncenter wp-image-14900 size-full\" title=\"Wollzeit \u2013 Die Halbe | Wolldecke in halber Gr\u00f6\u00dfe\" src=\"https:\/\/www.raum-blick.de\/magazin\/wp-content\/uploads\/2022\/02\/wollzeit-die-halbe-wolldecke.jpg\" alt=\"wollzeit-die-halbe-wolldecke kuschelige-wollplaids\" width=\"800\" height=\"800\" srcset=\"https:\/\/raum-blick.de\/magazin\/wp-content\/uploads\/2022\/02\/wollzeit-die-halbe-wolldecke.jpg 800w, https:\/\/raum-blick.de\/magazin\/wp-content\/uploads\/2022\/02\/wollzeit-die-halbe-wolldecke-300x300.jpg 300w, https:\/\/raum-blick.de\/magazin\/wp-content\/uploads\/2022\/02\/wollzeit-die-halbe-wolldecke-150x150.jpg 150w, https:\/\/raum-blick.de\/magazin\/wp-content\/uploads\/2022\/02\/wollzeit-die-halbe-wolldecke-768x768.jpg 768w\" sizes=\"(max-width: 800px) 100vw, 800px\" \/><\/p>\n<p style=\"text-align: justify;\">Grafische Muster mit einer Prise Tradition thematisiert die Silkeborg Uldspinderi bei den breit gef\u00e4cherten Kollektionen. Elegant und gem\u00fctlich wirkt beispielsweise ein Wollplaid mit Karomuster im Oxford-Stil. Der Hocker vor dem Tisch, das Zierkissen auf dem Sessel und die Plaids auf der Sofalehne: Beim Rundumblick f\u00e4llt sofort auf, dass alle Wohnaccessoires aufeinander abgestimmt sind.<\/p>\n<p><a href=\"https:\/\/www.raum-blick.de\/silkeborg-uldspinderi-plain-beat-decke\"><img loading=\"lazy\" decoding=\"async\" class=\"aligncenter wp-image-14903 size-full\" title=\"Silkeborg Uldspinderi \u2013 Plain Beat Wolldecke | 130x190 cm | Design: Tina Ratzer\" src=\"https:\/\/www.raum-blick.de\/magazin\/wp-content\/uploads\/2022\/02\/silkeborg-uldspinderi-plain-beat-decke.jpg\" alt=\"silkeborg-uldspinderi-plain-beat-decke\" width=\"800\" height=\"800\" srcset=\"https:\/\/raum-blick.de\/magazin\/wp-content\/uploads\/2022\/02\/silkeborg-uldspinderi-plain-beat-decke.jpg 800w, https:\/\/raum-blick.de\/magazin\/wp-content\/uploads\/2022\/02\/silkeborg-uldspinderi-plain-beat-decke-300x300.jpg 300w, https:\/\/raum-blick.de\/magazin\/wp-content\/uploads\/2022\/02\/silkeborg-uldspinderi-plain-beat-decke-150x150.jpg 150w, https:\/\/raum-blick.de\/magazin\/wp-content\/uploads\/2022\/02\/silkeborg-uldspinderi-plain-beat-decke-768x768.jpg 768w\" sizes=\"(max-width: 800px) 100vw, 800px\" \/><\/a><\/p>\n<p style=\"text-align: justify;\">Wohnlich wirken die Farbnuancen der Textilien. So erquickend wie der Fr\u00fchling ist das malerische Design mit unz\u00e4hligen Blumen. Wer nach derart stimmigen Ideen f\u00fcr die Wohndekoration sucht, wird bei Essenza f\u00fcndig.<\/p>\n","protected":false},"excerpt":{"rendered":"<p>\u00ab Die besten Freunde im Winter \u00bb Nach einer gro\u00dfz\u00fcgigen Kostprobe des schroffen Winterwetters erreicht man fr\u00f6stelnd die Wohnung. Redlich verdient hat man sich die Kuschelstunde mit Hei\u00dfgetr\u00e4nk auf der Couch. Unverzichtbar sind dabei weiche Wolldecken und Plaids, die exakt zu den individuellen Vorstellungen passen. Das Format \u2013 eine Frage des Geschmacks Schneeregen kr\u00f6nt die [&hellip;]<\/p>\n","protected":false},"author":4,"featured_media":14942,"comment_status":"closed","ping_status":"open","sticky":false,"template":"","format":"standard","meta":{"_et_pb_use_builder":"","_et_pb_old_content":"","_et_gb_content_width":"","inline_featured_image":false,"footnotes":""},"categories":[7],"tags":[1342,1609,1636,1635,825,1637,1625,1633,1285,1567,1626,1556,27,1224,429,1286,1341,1632,1634],"class_list":["post-14894","post","type-post","status-publish","format-standard","has-post-thumbnail","hentry","category-accessoires-lifestyle","tag-decken","tag-essenza","tag-kuscheldecke","tag-naturmaterial","tag-pad","tag-pflegeleicht","tag-plaid","tag-plaids","tag-silkeborg-uldspinderi","tag-tagesdecke","tag-ueberwurf","tag-winter","tag-wohnaccessoires","tag-wohndecke","tag-wohntextilien","tag-wolldecke","tag-wolle","tag-wollplaids","tag-wollzeit"],"_links":{"self":[{"href":"https:\/\/raum-blick.de\/magazin\/wp-json\/wp\/v2\/posts\/14894","targetHints":{"allow":["GET"]}}],"collection":[{"href":"https:\/\/raum-blick.de\/magazin\/wp-json\/wp\/v2\/posts"}],"about":[{"href":"https:\/\/raum-blick.de\/magazin\/wp-json\/wp\/v2\/types\/post"}],"author":[{"embeddable":true,"href":"https:\/\/raum-blick.de\/magazin\/wp-json\/wp\/v2\/users\/4"}],"replies":[{"embeddable":true,"href":"https:\/\/raum-blick.de\/magazin\/wp-json\/wp\/v2\/comments?post=14894"}],"version-history":[{"count":40,"href":"https:\/\/raum-blick.de\/magazin\/wp-json\/wp\/v2\/posts\/14894\/revisions"}],"predecessor-version":[{"id":21001,"href":"https:\/\/raum-blick.de\/magazin\/wp-json\/wp\/v2\/posts\/14894\/revisions\/21001"}],"wp:featuredmedia":[{"embeddable":true,"href":"https:\/\/raum-blick.de\/magazin\/wp-json\/wp\/v2\/media\/14942"}],"wp:attachment":[{"href":"https:\/\/raum-blick.de\/magazin\/wp-json\/wp\/v2\/media?parent=14894"}],"wp:term":[{"taxonomy":"category","embeddable":true,"href":"https:\/\/raum-blick.de\/magazin\/wp-json\/wp\/v2\/categories?post=14894"},{"taxonomy":"post_tag","embeddable":true,"href":"https:\/\/raum-blick.de\/magazin\/wp-json\/wp\/v2\/tags?post=14894"}],"curies":[{"name":"wp","href":"https:\/\/api.w.org\/{rel}","templated":true}]}}